{"id":128429,"date":"2025-03-18T14:56:04","date_gmt":"2025-03-18T13:56:04","guid":{"rendered":"https:\/\/www.immo-invest.ch\/zentralschweizer-wirtschaft-bleibt-zuversichtlich\/"},"modified":"2025-03-18T15:42:04","modified_gmt":"2025-03-18T14:42:04","slug":"zentralschweizer-wirtschaft-bleibt-zuversichtlich","status":"publish","type":"post","link":"https:\/\/www.immo-invest.ch\/fr\/zentralschweizer-wirtschaft-bleibt-zuversichtlich\/","title":{"rendered":"L&rsquo;\u00e9conomie de la Suisse centrale reste confiante"},"content":{"rendered":"<p class=\"wp-block-paragraph\">Le climat &eacute;conomique en Suisse centrale reste largement optimiste. Selon la derni&egrave;re &eacute;dition du &laquo;&nbsp;Finanzmonitor Zentralschweiz 2025&nbsp;&raquo;, une &eacute;tude annuelle de l&rsquo;Institut pour les services financiers de Zoug de la Haute &eacute;cole de Lucerne et de la Chambre de commerce et d&rsquo;industrie de Suisse centrale, pr&egrave;s de 65% des entreprises interrog&eacute;es estiment que leur situation &eacute;conomique est bonne. Cela montre une &eacute;volution globalement stable malgr&eacute; des attentes l&eacute;g&egrave;rement assombries par rapport &agrave; l&rsquo;ann&eacute;e pr&eacute;c&eacute;dente.<\/p>\n\n\n\n\n\n<p class=\"wp-block-paragraph\"><strong>Expansion et p&eacute;nurie de main-d&rsquo;&oelig;uvre qualifi&eacute;e en point de mire<br><\/strong>Environ 60% des entreprises pr&eacute;voient de s&rsquo;&eacute;tendre, ce qui indique une volont&eacute; de croissance continue. Parall&egrave;lement, la p&eacute;nurie de main-d&rsquo;&oelig;uvre qualifi&eacute;e reste un d&eacute;fi majeur pour l&rsquo;&eacute;conomie. Les entreprises sont de plus en plus confront&eacute;es &agrave; des difficult&eacute;s pour recruter des collaborateurs qualifi&eacute;s.<\/p>\n\n\n\n\n\n<p class=\"wp-block-paragraph\"><strong>Les incertitudes internationales affectent les entreprises orient&eacute;es vers l&rsquo;exportation<br><\/strong>Alors que les petites et moyennes entreprises enregistrent une situation commerciale stable, les grandes entreprises orient&eacute;es vers l&rsquo;exportation sont davantage touch&eacute;es par les d&eacute;veloppements mondiaux. Les incertitudes aux &Eacute;tats-Unis, en France et en Allemagne, en particulier, ont un impact sur la planification. De plus, les mesures protectionnistes de la nouvelle administration am&eacute;ricaine sont de plus en plus au c&oelig;ur des pr&eacute;occupations &eacute;conomiques.<\/p>\n\n\n\n\n\n<p class=\"wp-block-paragraph\"><strong>Les risques de change perdent de leur importance<br><\/strong>Par rapport &agrave; l&rsquo;ann&eacute;e derni&egrave;re, le franc suisse fort est moins souvent per&ccedil;u comme un probl&egrave;me. Malgr&eacute; une nouvelle appr&eacute;ciation attendue par rapport &agrave; l&rsquo;euro, les pr&eacute;occupations li&eacute;es aux fluctuations des taux de change semblent perdre de leur importance.<\/p>\n\n\n\n\n\n<p class=\"wp-block-paragraph\"><strong>Moins de volontariat, moins d&rsquo;efforts<br><\/strong>Un autre th&egrave;me du Moniteur financier est le reporting sur le d&eacute;veloppement durable. Le nombre d&rsquo;entreprises actives sur une base volontaire est en baisse, mais il appara&icirc;t que l&rsquo;effort r&eacute;el pour produire un rapport de durabilit&eacute; est moins important que ce que de nombreuses entreprises craignaient au d&eacute;part.<\/p>\n\n\n\n\n\n<p class=\"wp-block-paragraph\"><strong>Stabilit&eacute; avec des d&eacute;fis croissants<br><\/strong>L&rsquo;&eacute;conomie de la Suisse centrale reste optimiste, mais est confront&eacute;e &agrave; des d&eacute;fis structurels et internationaux. Les perspectives de croissance existent, mais des th&egrave;mes tels que la p&eacute;nurie de main-d&rsquo;&oelig;uvre qualifi&eacute;e, les incertitudes mondiales et les exigences r&eacute;glementaires influencent consid&eacute;rablement le d&eacute;veloppement futur.<\/p>\n\n","protected":false},"excerpt":{"rendered":"<p>Malgr\u00e9 les incertitudes mondiales, l&rsquo;\u00e9conomie de la Suisse centrale reste confiante. Selon le \u00ab\u00a0Finanzmonitor Zentralschweiz 2025\u00a0\u00bb, pr\u00e8s des deux tiers des entreprises estiment que leur situation est bonne. La p\u00e9nurie de main-d&rsquo;\u0153uvre qualifi\u00e9e et les tendances protectionnistes dans le commerce international constituent toutefois des d\u00e9fis.<\/p>\n","protected":false},"author":2,"featured_media":128385,"comment_status":"open","ping_status":"open","sticky":false,"template":"","format":"standard","meta":{"pmpro_default_level":"","inline_featured_image":false,"_monsterinsights_skip_tracking":false,"footnotes":""},"categories":[743,22357,22303,8453],"tags":[1818,8883,848,872,3931,2420,2746],"class_list":["post-128429","post","type-post","status-publish","format-standard","has-post-thumbnail","hentry","category-immonews-fr","category-industrie-du-batiment","category-suisse","category-region-zentralschweiz","tag-entwicklung-fr","tag-expansion-fr","tag-immobilien-fr","tag-immoinvest-fr","tag-immonews-fr","tag-wirtschaft-fr","tag-zentralschweiz-fr","pmpro-has-access"],"acf":{"bild_mit_ki_erstellt_worden":[],"lead":"Malgr\u00e9 les incertitudes mondiales, l'\u00e9conomie de la Suisse centrale reste confiante. Selon le \"Finanzmonitor Zentralschweiz 2025\", pr\u00e8s des deux tiers des entreprises estiment que leur situation est bonne. La p\u00e9nurie de main-d'\u0153uvre qualifi\u00e9e et les tendances protectionnistes dans le commerce international constituent toutefois des d\u00e9fis.","autor":"Quelle: luzern-business","ort":"","bildunterschrift":"","bild_im_grid":false,"gallerie":"","newsim":""},"aioseo_notices":[],"aioseo_head":"\n\t\t<!-- All in One SEO 5.0.0.1 - aioseo.com -->\n\t<meta name=\"description\" content=\"Malgr\u00e9 les incertitudes mondiales, l&#039;\u00e9conomie de la Suisse centrale reste confiante. Selon le &quot;Finanzmonitor Zentralschweiz 2025&quot;, pr\u00e8s des deux tiers des entreprises estiment que leur situation est bonne. La p\u00e9nurie de main-d&#039;\u0153uvre qualifi\u00e9e et les tendances protectionnistes dans le commerce international constituent toutefois des d\u00e9fis.\" \/>\n\t<meta name=\"robots\" content=\"max-image-preview:large\" \/>\n\t<meta name=\"author\" content=\"immovestuser\"\/>\n\t<meta name=\"google-site-verification\" content=\"fHJKvgWpZCR2zVBHWfkQeFXC11qieUSff0HGNYfuyLA\" \/>\n\t<link rel=\"canonical\" href=\"https:\/\/www.immo-invest.ch\/fr\/zentralschweizer-wirtschaft-bleibt-zuversichtlich\/\" \/>\n\t<meta name=\"generator\" content=\"All in One SEO (AIOSEO) 5.0.0.1\" \/>\n\t\t<meta property=\"og:locale\" content=\"fr_FR\" \/>\n\t\t<meta property=\"og:site_name\" content=\"immo!nvest - Die Plattform f\u00fcr Standorte und Immobilien - Die\u00a0Plattform f\u00fcr Standorte und Immobilien\" \/>\n\t\t<meta property=\"og:type\" content=\"article\" \/>\n\t\t<meta property=\"og:title\" content=\"L\u2019\u00e9conomie de la Suisse centrale reste confiante - immo!nvest - Die Plattform f\u00fcr Standorte und Immobilien\" \/>\n\t\t<meta property=\"og:description\" content=\"Malgr\u00e9 les incertitudes mondiales, l&#039;\u00e9conomie de la Suisse centrale reste confiante. Selon le &quot;Finanzmonitor Zentralschweiz 2025&quot;, pr\u00e8s des deux tiers des entreprises estiment que leur situation est bonne. La p\u00e9nurie de main-d&#039;\u0153uvre qualifi\u00e9e et les tendances protectionnistes dans le commerce international constituent toutefois des d\u00e9fis.\" \/>\n\t\t<meta property=\"og:url\" content=\"https:\/\/www.immo-invest.ch\/fr\/zentralschweizer-wirtschaft-bleibt-zuversichtlich\/\" \/>\n\t\t<meta property=\"og:image\" content=\"https:\/\/www.immo-invest.ch\/wp-content\/uploads\/2025\/03\/lucerne-3540529_1920.jpg\" \/>\n\t\t<meta property=\"og:image:secure_url\" content=\"https:\/\/www.immo-invest.ch\/wp-content\/uploads\/2025\/03\/lucerne-3540529_1920.jpg\" \/>\n\t\t<meta property=\"og:image:width\" content=\"1920\" \/>\n\t\t<meta property=\"og:image:height\" content=\"1076\" \/>\n\t\t<meta property=\"article:published_time\" content=\"2025-03-18T13:56:04+00:00\" \/>\n\t\t<meta property=\"article:modified_time\" content=\"2025-03-18T14:42:04+00:00\" \/>\n\t\t<meta property=\"article:publisher\" content=\"https:\/\/www.facebook.com\/people\/Immoinvest\/100077962920504\/\" \/>\n\t\t<meta name=\"twitter:card\" content=\"summary_large_image\" \/>\n\t\t<meta name=\"twitter:site\" content=\"@i\" \/>\n\t\t<meta name=\"twitter:title\" content=\"L\u2019\u00e9conomie de la Suisse centrale reste confiante - immo!nvest - Die Plattform f\u00fcr Standorte und Immobilien\" \/>\n\t\t<meta name=\"twitter:description\" content=\"Malgr\u00e9 les incertitudes mondiales, l&#039;\u00e9conomie de la Suisse centrale reste confiante. Selon le &quot;Finanzmonitor Zentralschweiz 2025&quot;, pr\u00e8s des deux tiers des entreprises estiment que leur situation est bonne. La p\u00e9nurie de main-d&#039;\u0153uvre qualifi\u00e9e et les tendances protectionnistes dans le commerce international constituent toutefois des d\u00e9fis.\" \/>\n\t\t<meta name=\"twitter:creator\" content=\"@i\" \/>\n\t\t<meta name=\"twitter:image\" content=\"https:\/\/www.immo-invest.ch\/wp-content\/uploads\/2025\/03\/lucerne-3540529_1920.jpg\" \/>\n\t\t<script type=\"application\/ld+json\" class=\"aioseo-schema\">\n\t\t\t{\"@context\":\"https:\\\/\\\/schema.org\",\"@graph\":[{\"@type\":\"BlogPosting\",\"@id\":\"https:\\\/\\\/www.immo-invest.ch\\\/fr\\\/zentralschweizer-wirtschaft-bleibt-zuversichtlich\\\/#blogposting\",\"name\":\"L\\u2019\\u00e9conomie de la Suisse centrale reste confiante - immo!nvest - Die Plattform f\\u00fcr Standorte und Immobilien\",\"headline\":\"L&rsquo;\\u00e9conomie de la Suisse centrale reste confiante\",\"author\":{\"@id\":\"https:\\\/\\\/www.immo-invest.ch\\\/fr\\\/author\\\/immovestuser\\\/#author\"},\"publisher\":{\"@id\":\"https:\\\/\\\/www.immo-invest.ch\\\/fr\\\/#organization\"},\"image\":{\"@type\":\"ImageObject\",\"url\":\"https:\\\/\\\/www.immo-invest.ch\\\/wp-content\\\/uploads\\\/2025\\\/03\\\/lucerne-3540529_1920.jpg\",\"width\":1920,\"height\":1076},\"datePublished\":\"2025-03-18T14:56:04+01:00\",\"dateModified\":\"2025-03-18T15:42:04+01:00\",\"inLanguage\":\"fr-FR\",\"mainEntityOfPage\":{\"@id\":\"https:\\\/\\\/www.immo-invest.ch\\\/fr\\\/zentralschweizer-wirtschaft-bleibt-zuversichtlich\\\/#webpage\"},\"isPartOf\":{\"@id\":\"https:\\\/\\\/www.immo-invest.ch\\\/fr\\\/zentralschweizer-wirtschaft-bleibt-zuversichtlich\\\/#webpage\"},\"articleSection\":\"immoNews, Industrie du b\\u00e2timent, Suisse, Zentralschweiz, Entwicklung, Expansion, immobilien, Immoinvest, immoNews, wirtschaft, Zentralschweiz, Facultatif\"},{\"@type\":\"BreadcrumbList\",\"@id\":\"https:\\\/\\\/www.immo-invest.ch\\\/fr\\\/zentralschweizer-wirtschaft-bleibt-zuversichtlich\\\/#breadcrumblist\",\"itemListElement\":[{\"@type\":\"ListItem\",\"@id\":\"https:\\\/\\\/www.immo-invest.ch\\\/fr\\\/#listItem\",\"position\":1,\"name\":\"Home\",\"item\":\"https:\\\/\\\/www.immo-invest.ch\\\/fr\\\/\",\"nextItem\":{\"@type\":\"ListItem\",\"@id\":\"https:\\\/\\\/www.immo-invest.ch\\\/fr\\\/categories\\\/regions\\\/#listItem\",\"name\":\"R\\u00e9gions\"}},{\"@type\":\"ListItem\",\"@id\":\"https:\\\/\\\/www.immo-invest.ch\\\/fr\\\/categories\\\/regions\\\/#listItem\",\"position\":2,\"name\":\"R\\u00e9gions\",\"item\":\"https:\\\/\\\/www.immo-invest.ch\\\/fr\\\/categories\\\/regions\\\/\",\"nextItem\":{\"@type\":\"ListItem\",\"@id\":\"https:\\\/\\\/www.immo-invest.ch\\\/fr\\\/categories\\\/regions\\\/suisse\\\/#listItem\",\"name\":\"Suisse\"},\"previousItem\":{\"@type\":\"ListItem\",\"@id\":\"https:\\\/\\\/www.immo-invest.ch\\\/fr\\\/#listItem\",\"name\":\"Home\"}},{\"@type\":\"ListItem\",\"@id\":\"https:\\\/\\\/www.immo-invest.ch\\\/fr\\\/categories\\\/regions\\\/suisse\\\/#listItem\",\"position\":3,\"name\":\"Suisse\",\"item\":\"https:\\\/\\\/www.immo-invest.ch\\\/fr\\\/categories\\\/regions\\\/suisse\\\/\",\"nextItem\":{\"@type\":\"ListItem\",\"@id\":\"https:\\\/\\\/www.immo-invest.ch\\\/fr\\\/categories\\\/regions\\\/suisse\\\/region-zentralschweiz\\\/#listItem\",\"name\":\"Zentralschweiz\"},\"previousItem\":{\"@type\":\"ListItem\",\"@id\":\"https:\\\/\\\/www.immo-invest.ch\\\/fr\\\/categories\\\/regions\\\/#listItem\",\"name\":\"R\\u00e9gions\"}},{\"@type\":\"ListItem\",\"@id\":\"https:\\\/\\\/www.immo-invest.ch\\\/fr\\\/categories\\\/regions\\\/suisse\\\/region-zentralschweiz\\\/#listItem\",\"position\":4,\"name\":\"Zentralschweiz\",\"item\":\"https:\\\/\\\/www.immo-invest.ch\\\/fr\\\/categories\\\/regions\\\/suisse\\\/region-zentralschweiz\\\/\",\"nextItem\":{\"@type\":\"ListItem\",\"@id\":\"https:\\\/\\\/www.immo-invest.ch\\\/fr\\\/zentralschweizer-wirtschaft-bleibt-zuversichtlich\\\/#listItem\",\"name\":\"L&rsquo;\\u00e9conomie de la Suisse centrale reste confiante\"},\"previousItem\":{\"@type\":\"ListItem\",\"@id\":\"https:\\\/\\\/www.immo-invest.ch\\\/fr\\\/categories\\\/regions\\\/suisse\\\/#listItem\",\"name\":\"Suisse\"}},{\"@type\":\"ListItem\",\"@id\":\"https:\\\/\\\/www.immo-invest.ch\\\/fr\\\/zentralschweizer-wirtschaft-bleibt-zuversichtlich\\\/#listItem\",\"position\":5,\"name\":\"L&rsquo;\\u00e9conomie de la Suisse centrale reste confiante\",\"previousItem\":{\"@type\":\"ListItem\",\"@id\":\"https:\\\/\\\/www.immo-invest.ch\\\/fr\\\/categories\\\/regions\\\/suisse\\\/region-zentralschweiz\\\/#listItem\",\"name\":\"Zentralschweiz\"}}]},{\"@type\":\"Organization\",\"@id\":\"https:\\\/\\\/www.immo-invest.ch\\\/fr\\\/#organization\",\"name\":\"immo!nvest - Die Plattform f\\u00fcr Standorte und Immobilien\",\"description\":\"Die\\u00a0Plattform f\\u00fcr Standorte und Immobilien\",\"url\":\"https:\\\/\\\/www.immo-invest.ch\\\/fr\\\/\",\"email\":\"admin@immomedia.ag\",\"telephone\":\"+41444420002\",\"logo\":{\"@type\":\"ImageObject\",\"url\":\"https:\\\/\\\/www.immo-invest.ch\\\/wp-content\\\/uploads\\\/2024\\\/09\\\/immoinvest_sm-scaled.jpg\",\"@id\":\"https:\\\/\\\/www.immo-invest.ch\\\/fr\\\/zentralschweizer-wirtschaft-bleibt-zuversichtlich\\\/#organizationLogo\",\"width\":2560,\"height\":1340},\"image\":{\"@id\":\"https:\\\/\\\/www.immo-invest.ch\\\/fr\\\/zentralschweizer-wirtschaft-bleibt-zuversichtlich\\\/#organizationLogo\"},\"sameAs\":[\"https:\\\/\\\/www.facebook.com\\\/people\\\/Immoinvest\\\/100077962920504\\\/\",\"https:\\\/\\\/x.com\\\/i\\\/flow\\\/login?redirect_after_login=immoinvest_ch\",\"https:\\\/\\\/www.instagram.com\\\/immoinvest_ch\\\/\",\"https:\\\/\\\/www.linkedin.com\\\/company\\\/immoinvest-swiss\"]},{\"@type\":\"Person\",\"@id\":\"https:\\\/\\\/www.immo-invest.ch\\\/fr\\\/author\\\/immovestuser\\\/#author\",\"url\":\"https:\\\/\\\/www.immo-invest.ch\\\/fr\\\/author\\\/immovestuser\\\/\",\"name\":\"immovestuser\",\"image\":{\"@type\":\"ImageObject\",\"@id\":\"https:\\\/\\\/www.immo-invest.ch\\\/fr\\\/zentralschweizer-wirtschaft-bleibt-zuversichtlich\\\/#authorImage\",\"url\":\"https:\\\/\\\/secure.gravatar.com\\\/avatar\\\/8e01f4d99f2eeea7a362ebb93305e1172a70e9293ba250f897a65c39f54cdd1e?s=96&d=mm&r=g\",\"width\":96,\"height\":96,\"caption\":\"immovestuser\"}},{\"@type\":\"WebPage\",\"@id\":\"https:\\\/\\\/www.immo-invest.ch\\\/fr\\\/zentralschweizer-wirtschaft-bleibt-zuversichtlich\\\/#webpage\",\"url\":\"https:\\\/\\\/www.immo-invest.ch\\\/fr\\\/zentralschweizer-wirtschaft-bleibt-zuversichtlich\\\/\",\"name\":\"L\\u2019\\u00e9conomie de la Suisse centrale reste confiante - immo!nvest - Die Plattform f\\u00fcr Standorte und Immobilien\",\"description\":\"Malgr\\u00e9 les incertitudes mondiales, l'\\u00e9conomie de la Suisse centrale reste confiante. Selon le \\\"Finanzmonitor Zentralschweiz 2025\\\", pr\\u00e8s des deux tiers des entreprises estiment que leur situation est bonne. La p\\u00e9nurie de main-d'\\u0153uvre qualifi\\u00e9e et les tendances protectionnistes dans le commerce international constituent toutefois des d\\u00e9fis.\",\"inLanguage\":\"fr-FR\",\"isPartOf\":{\"@id\":\"https:\\\/\\\/www.immo-invest.ch\\\/fr\\\/#website\"},\"breadcrumb\":{\"@id\":\"https:\\\/\\\/www.immo-invest.ch\\\/fr\\\/zentralschweizer-wirtschaft-bleibt-zuversichtlich\\\/#breadcrumblist\"},\"author\":{\"@id\":\"https:\\\/\\\/www.immo-invest.ch\\\/fr\\\/author\\\/immovestuser\\\/#author\"},\"creator\":{\"@id\":\"https:\\\/\\\/www.immo-invest.ch\\\/fr\\\/author\\\/immovestuser\\\/#author\"},\"image\":{\"@type\":\"ImageObject\",\"url\":\"https:\\\/\\\/www.immo-invest.ch\\\/wp-content\\\/uploads\\\/2025\\\/03\\\/lucerne-3540529_1920.jpg\",\"@id\":\"https:\\\/\\\/www.immo-invest.ch\\\/fr\\\/zentralschweizer-wirtschaft-bleibt-zuversichtlich\\\/#mainImage\",\"width\":1920,\"height\":1076},\"primaryImageOfPage\":{\"@id\":\"https:\\\/\\\/www.immo-invest.ch\\\/fr\\\/zentralschweizer-wirtschaft-bleibt-zuversichtlich\\\/#mainImage\"},\"datePublished\":\"2025-03-18T14:56:04+01:00\",\"dateModified\":\"2025-03-18T15:42:04+01:00\"},{\"@type\":\"WebSite\",\"@id\":\"https:\\\/\\\/www.immo-invest.ch\\\/fr\\\/#website\",\"url\":\"https:\\\/\\\/www.immo-invest.ch\\\/fr\\\/\",\"name\":\"immo!nvest - Die Plattform f\\u00fcr Standorte und Immobilien\",\"description\":\"Die\\u00a0Plattform f\\u00fcr Standorte und Immobilien\",\"inLanguage\":\"fr-FR\",\"publisher\":{\"@id\":\"https:\\\/\\\/www.immo-invest.ch\\\/fr\\\/#organization\"}}]}\n\t\t<\/script>\n\t\t<!-- All in One SEO -->\n\n","aioseo_head_json":{"title":"L\u2019\u00e9conomie de la Suisse centrale reste confiante - immo!nvest - Die Plattform f\u00fcr Standorte und Immobilien","description":"Malgr\u00e9 les incertitudes mondiales, l'\u00e9conomie de la Suisse centrale reste confiante. Selon le \"Finanzmonitor Zentralschweiz 2025\", pr\u00e8s des deux tiers des entreprises estiment que leur situation est bonne. La p\u00e9nurie de main-d'\u0153uvre qualifi\u00e9e et les tendances protectionnistes dans le commerce international constituent toutefois des d\u00e9fis.","canonical_url":"https:\/\/www.immo-invest.ch\/fr\/zentralschweizer-wirtschaft-bleibt-zuversichtlich\/","robots":"max-image-preview:large","keywords":"","webmasterTools":{"google-site-verification":"fHJKvgWpZCR2zVBHWfkQeFXC11qieUSff0HGNYfuyLA","miscellaneous":""},"schema":{"@context":"https:\/\/schema.org","@graph":[{"@type":"BlogPosting","@id":"https:\/\/www.immo-invest.ch\/fr\/zentralschweizer-wirtschaft-bleibt-zuversichtlich\/#blogposting","name":"L\u2019\u00e9conomie de la Suisse centrale reste confiante - immo!nvest - Die Plattform f\u00fcr Standorte und Immobilien","headline":"L&rsquo;\u00e9conomie de la Suisse centrale reste confiante","author":{"@id":"https:\/\/www.immo-invest.ch\/fr\/author\/immovestuser\/#author"},"publisher":{"@id":"https:\/\/www.immo-invest.ch\/fr\/#organization"},"image":{"@type":"ImageObject","url":"https:\/\/www.immo-invest.ch\/wp-content\/uploads\/2025\/03\/lucerne-3540529_1920.jpg","width":1920,"height":1076},"datePublished":"2025-03-18T14:56:04+01:00","dateModified":"2025-03-18T15:42:04+01:00","inLanguage":"fr-FR","mainEntityOfPage":{"@id":"https:\/\/www.immo-invest.ch\/fr\/zentralschweizer-wirtschaft-bleibt-zuversichtlich\/#webpage"},"isPartOf":{"@id":"https:\/\/www.immo-invest.ch\/fr\/zentralschweizer-wirtschaft-bleibt-zuversichtlich\/#webpage"},"articleSection":"immoNews, Industrie du b\u00e2timent, Suisse, Zentralschweiz, Entwicklung, Expansion, immobilien, Immoinvest, immoNews, wirtschaft, Zentralschweiz, Facultatif"},{"@type":"BreadcrumbList","@id":"https:\/\/www.immo-invest.ch\/fr\/zentralschweizer-wirtschaft-bleibt-zuversichtlich\/#breadcrumblist","itemListElement":[{"@type":"ListItem","@id":"https:\/\/www.immo-invest.ch\/fr\/#listItem","position":1,"name":"Home","item":"https:\/\/www.immo-invest.ch\/fr\/","nextItem":{"@type":"ListItem","@id":"https:\/\/www.immo-invest.ch\/fr\/categories\/regions\/#listItem","name":"R\u00e9gions"}},{"@type":"ListItem","@id":"https:\/\/www.immo-invest.ch\/fr\/categories\/regions\/#listItem","position":2,"name":"R\u00e9gions","item":"https:\/\/www.immo-invest.ch\/fr\/categories\/regions\/","nextItem":{"@type":"ListItem","@id":"https:\/\/www.immo-invest.ch\/fr\/categories\/regions\/suisse\/#listItem","name":"Suisse"},"previousItem":{"@type":"ListItem","@id":"https:\/\/www.immo-invest.ch\/fr\/#listItem","name":"Home"}},{"@type":"ListItem","@id":"https:\/\/www.immo-invest.ch\/fr\/categories\/regions\/suisse\/#listItem","position":3,"name":"Suisse","item":"https:\/\/www.immo-invest.ch\/fr\/categories\/regions\/suisse\/","nextItem":{"@type":"ListItem","@id":"https:\/\/www.immo-invest.ch\/fr\/categories\/regions\/suisse\/region-zentralschweiz\/#listItem","name":"Zentralschweiz"},"previousItem":{"@type":"ListItem","@id":"https:\/\/www.immo-invest.ch\/fr\/categories\/regions\/#listItem","name":"R\u00e9gions"}},{"@type":"ListItem","@id":"https:\/\/www.immo-invest.ch\/fr\/categories\/regions\/suisse\/region-zentralschweiz\/#listItem","position":4,"name":"Zentralschweiz","item":"https:\/\/www.immo-invest.ch\/fr\/categories\/regions\/suisse\/region-zentralschweiz\/","nextItem":{"@type":"ListItem","@id":"https:\/\/www.immo-invest.ch\/fr\/zentralschweizer-wirtschaft-bleibt-zuversichtlich\/#listItem","name":"L&rsquo;\u00e9conomie de la Suisse centrale reste confiante"},"previousItem":{"@type":"ListItem","@id":"https:\/\/www.immo-invest.ch\/fr\/categories\/regions\/suisse\/#listItem","name":"Suisse"}},{"@type":"ListItem","@id":"https:\/\/www.immo-invest.ch\/fr\/zentralschweizer-wirtschaft-bleibt-zuversichtlich\/#listItem","position":5,"name":"L&rsquo;\u00e9conomie de la Suisse centrale reste confiante","previousItem":{"@type":"ListItem","@id":"https:\/\/www.immo-invest.ch\/fr\/categories\/regions\/suisse\/region-zentralschweiz\/#listItem","name":"Zentralschweiz"}}]},{"@type":"Organization","@id":"https:\/\/www.immo-invest.ch\/fr\/#organization","name":"immo!nvest - Die Plattform f\u00fcr Standorte und Immobilien","description":"Die\u00a0Plattform f\u00fcr Standorte und Immobilien","url":"https:\/\/www.immo-invest.ch\/fr\/","email":"admin@immomedia.ag","telephone":"+41444420002","logo":{"@type":"ImageObject","url":"https:\/\/www.immo-invest.ch\/wp-content\/uploads\/2024\/09\/immoinvest_sm-scaled.jpg","@id":"https:\/\/www.immo-invest.ch\/fr\/zentralschweizer-wirtschaft-bleibt-zuversichtlich\/#organizationLogo","width":2560,"height":1340},"image":{"@id":"https:\/\/www.immo-invest.ch\/fr\/zentralschweizer-wirtschaft-bleibt-zuversichtlich\/#organizationLogo"},"sameAs":["https:\/\/www.facebook.com\/people\/Immoinvest\/100077962920504\/","https:\/\/x.com\/i\/flow\/login?redirect_after_login=immoinvest_ch","https:\/\/www.instagram.com\/immoinvest_ch\/","https:\/\/www.linkedin.com\/company\/immoinvest-swiss"]},{"@type":"Person","@id":"https:\/\/www.immo-invest.ch\/fr\/author\/immovestuser\/#author","url":"https:\/\/www.immo-invest.ch\/fr\/author\/immovestuser\/","name":"immovestuser","image":{"@type":"ImageObject","@id":"https:\/\/www.immo-invest.ch\/fr\/zentralschweizer-wirtschaft-bleibt-zuversichtlich\/#authorImage","url":"https:\/\/secure.gravatar.com\/avatar\/8e01f4d99f2eeea7a362ebb93305e1172a70e9293ba250f897a65c39f54cdd1e?s=96&d=mm&r=g","width":96,"height":96,"caption":"immovestuser"}},{"@type":"WebPage","@id":"https:\/\/www.immo-invest.ch\/fr\/zentralschweizer-wirtschaft-bleibt-zuversichtlich\/#webpage","url":"https:\/\/www.immo-invest.ch\/fr\/zentralschweizer-wirtschaft-bleibt-zuversichtlich\/","name":"L\u2019\u00e9conomie de la Suisse centrale reste confiante - immo!nvest - Die Plattform f\u00fcr Standorte und Immobilien","description":"Malgr\u00e9 les incertitudes mondiales, l'\u00e9conomie de la Suisse centrale reste confiante. Selon le \"Finanzmonitor Zentralschweiz 2025\", pr\u00e8s des deux tiers des entreprises estiment que leur situation est bonne. La p\u00e9nurie de main-d'\u0153uvre qualifi\u00e9e et les tendances protectionnistes dans le commerce international constituent toutefois des d\u00e9fis.","inLanguage":"fr-FR","isPartOf":{"@id":"https:\/\/www.immo-invest.ch\/fr\/#website"},"breadcrumb":{"@id":"https:\/\/www.immo-invest.ch\/fr\/zentralschweizer-wirtschaft-bleibt-zuversichtlich\/#breadcrumblist"},"author":{"@id":"https:\/\/www.immo-invest.ch\/fr\/author\/immovestuser\/#author"},"creator":{"@id":"https:\/\/www.immo-invest.ch\/fr\/author\/immovestuser\/#author"},"image":{"@type":"ImageObject","url":"https:\/\/www.immo-invest.ch\/wp-content\/uploads\/2025\/03\/lucerne-3540529_1920.jpg","@id":"https:\/\/www.immo-invest.ch\/fr\/zentralschweizer-wirtschaft-bleibt-zuversichtlich\/#mainImage","width":1920,"height":1076},"primaryImageOfPage":{"@id":"https:\/\/www.immo-invest.ch\/fr\/zentralschweizer-wirtschaft-bleibt-zuversichtlich\/#mainImage"},"datePublished":"2025-03-18T14:56:04+01:00","dateModified":"2025-03-18T15:42:04+01:00"},{"@type":"WebSite","@id":"https:\/\/www.immo-invest.ch\/fr\/#website","url":"https:\/\/www.immo-invest.ch\/fr\/","name":"immo!nvest - Die Plattform f\u00fcr Standorte und Immobilien","description":"Die\u00a0Plattform f\u00fcr Standorte und Immobilien","inLanguage":"fr-FR","publisher":{"@id":"https:\/\/www.immo-invest.ch\/fr\/#organization"}}]},"og:locale":"fr_FR","og:site_name":"immo!nvest - Die Plattform f\u00fcr Standorte und Immobilien - Die\u00a0Plattform f\u00fcr Standorte und Immobilien","og:type":"article","og:title":"L\u2019\u00e9conomie de la Suisse centrale reste confiante - immo!nvest - Die Plattform f\u00fcr Standorte und Immobilien","og:description":"Malgr\u00e9 les incertitudes mondiales, l'\u00e9conomie de la Suisse centrale reste confiante. Selon le &quot;Finanzmonitor Zentralschweiz 2025&quot;, pr\u00e8s des deux tiers des entreprises estiment que leur situation est bonne. La p\u00e9nurie de main-d'\u0153uvre qualifi\u00e9e et les tendances protectionnistes dans le commerce international constituent toutefois des d\u00e9fis.","og:url":"https:\/\/www.immo-invest.ch\/fr\/zentralschweizer-wirtschaft-bleibt-zuversichtlich\/","og:image":"https:\/\/www.immo-invest.ch\/wp-content\/uploads\/2025\/03\/lucerne-3540529_1920.jpg","og:image:secure_url":"https:\/\/www.immo-invest.ch\/wp-content\/uploads\/2025\/03\/lucerne-3540529_1920.jpg","og:image:width":1920,"og:image:height":1076,"article:published_time":"2025-03-18T13:56:04+00:00","article:modified_time":"2025-03-18T14:42:04+00:00","article:publisher":"https:\/\/www.facebook.com\/people\/Immoinvest\/100077962920504\/","twitter:card":"summary_large_image","twitter:site":"@i","twitter:title":"L\u2019\u00e9conomie de la Suisse centrale reste confiante - immo!nvest - Die Plattform f\u00fcr Standorte und Immobilien","twitter:description":"Malgr\u00e9 les incertitudes mondiales, l'\u00e9conomie de la Suisse centrale reste confiante. Selon le &quot;Finanzmonitor Zentralschweiz 2025&quot;, pr\u00e8s des deux tiers des entreprises estiment que leur situation est bonne. La p\u00e9nurie de main-d'\u0153uvre qualifi\u00e9e et les tendances protectionnistes dans le commerce international constituent toutefois des d\u00e9fis.","twitter:creator":"@i","twitter:image":"https:\/\/www.immo-invest.ch\/wp-content\/uploads\/2025\/03\/lucerne-3540529_1920.jpg"},"aioseo_meta_data":{"post_id":"128429","title":null,"description":null,"keywords":null,"keyphrases":{"focus":{"keyphrase":"","score":0,"analysis":{"keyphraseInTitle":{"score":0,"maxScore":9,"error":1}}},"additional":[]},"primary_term":null,"canonical_url":null,"og_title":null,"og_description":null,"og_object_type":"default","og_image_type":"default","og_image_url":null,"og_image_width":null,"og_image_height":null,"og_image_custom_url":null,"og_image_custom_fields":null,"og_video":"","og_custom_url":null,"og_article_section":null,"og_article_tags":null,"twitter_use_og":false,"twitter_card":"default","twitter_image_type":"default","twitter_image_url":null,"twitter_image_custom_url":null,"twitter_image_custom_fields":null,"twitter_title":null,"twitter_description":null,"schema":{"blockGraphs":[],"customGraphs":[],"default":{"data":{"Article":[],"Course":[],"Dataset":[],"FAQPage":[],"Movie":[],"Person":[],"Product":[],"ProductReview":[],"Car":[],"Recipe":[],"Service":[],"SoftwareApplication":[],"WebPage":[]},"graphName":"BlogPosting","isEnabled":true},"graphs":[]},"schema_type":"default","schema_type_options":null,"pillar_content":false,"robots_default":true,"robots_noindex":false,"robots_noarchive":false,"robots_nosnippet":false,"robots_nofollow":false,"robots_noimageindex":false,"robots_noodp":false,"robots_notranslate":false,"robots_max_snippet":"-1","robots_max_videopreview":"-1","robots_max_imagepreview":"large","priority":null,"frequency":"default","local_seo":null,"breadcrumb_settings":null,"limit_modified_date":false,"ai":null,"created":"2025-03-18 14:28:07","updated":"2025-10-24 18:00:14","seo_analyzer_scan_date":null,"focus_keyword":null,"additional_keywords":null,"truseo_locale":null},"aioseo_breadcrumb":"<div class=\"aioseo-breadcrumbs\"><span class=\"aioseo-breadcrumb\">\n\t\t\t<a href=\"https:\/\/www.immo-invest.ch\/fr\/\" title=\"Home\">Home<\/a>\n\t\t<\/span><span class=\"aioseo-breadcrumb-separator\">&raquo;<\/span><span class=\"aioseo-breadcrumb\">\n\t\t\t<a href=\"https:\/\/www.immo-invest.ch\/fr\/categories\/regions\/\" title=\"R\u00e9gions\">R\u00e9gions<\/a>\n\t\t<\/span><span class=\"aioseo-breadcrumb-separator\">&raquo;<\/span><span class=\"aioseo-breadcrumb\">\n\t\t\t<a href=\"https:\/\/www.immo-invest.ch\/fr\/categories\/regions\/suisse\/\" title=\"Suisse\">Suisse<\/a>\n\t\t<\/span><span class=\"aioseo-breadcrumb-separator\">&raquo;<\/span><span class=\"aioseo-breadcrumb\">\n\t\t\t<a href=\"https:\/\/www.immo-invest.ch\/fr\/categories\/regions\/suisse\/region-zentralschweiz\/\" title=\"Zentralschweiz\">Zentralschweiz<\/a>\n\t\t<\/span><span class=\"aioseo-breadcrumb-separator\">&raquo;<\/span><span class=\"aioseo-breadcrumb\">\n\t\t\tL\u2019\u00e9conomie de la Suisse centrale reste confiante\n\t\t<\/span><\/div>","aioseo_breadcrumb_json":[{"label":"Home","link":"https:\/\/www.immo-invest.ch\/fr\/"},{"label":"R\u00e9gions","link":"https:\/\/www.immo-invest.ch\/fr\/categories\/regions\/"},{"label":"Suisse","link":"https:\/\/www.immo-invest.ch\/fr\/categories\/regions\/suisse\/"},{"label":"Zentralschweiz","link":"https:\/\/www.immo-invest.ch\/fr\/categories\/regions\/suisse\/region-zentralschweiz\/"},{"label":"L&rsquo;\u00e9conomie de la Suisse centrale reste confiante","link":"https:\/\/www.immo-invest.ch\/fr\/zentralschweizer-wirtschaft-bleibt-zuversichtlich\/"}],"featured_image_src":"https:\/\/www.immo-invest.ch\/wp-content\/uploads\/2025\/03\/lucerne-3540529_1920-336x168.jpg","_links":{"self":[{"href":"https:\/\/www.immo-invest.ch\/fr\/wp-json\/wp\/v2\/posts\/128429","targetHints":{"allow":["GET"]}}],"collection":[{"href":"https:\/\/www.immo-invest.ch\/fr\/wp-json\/wp\/v2\/posts"}],"about":[{"href":"https:\/\/www.immo-invest.ch\/fr\/wp-json\/wp\/v2\/types\/post"}],"author":[{"embeddable":true,"href":"https:\/\/www.immo-invest.ch\/fr\/wp-json\/wp\/v2\/users\/2"}],"replies":[{"embeddable":true,"href":"https:\/\/www.immo-invest.ch\/fr\/wp-json\/wp\/v2\/comments?post=128429"}],"version-history":[{"count":0,"href":"https:\/\/www.immo-invest.ch\/fr\/wp-json\/wp\/v2\/posts\/128429\/revisions"}],"wp:featuredmedia":[{"embeddable":true,"href":"https:\/\/www.immo-invest.ch\/fr\/wp-json\/wp\/v2\/media\/128385"}],"wp:attachment":[{"href":"https:\/\/www.immo-invest.ch\/fr\/wp-json\/wp\/v2\/media?parent=128429"}],"wp:term":[{"taxonomy":"category","embeddable":true,"href":"https:\/\/www.immo-invest.ch\/fr\/wp-json\/wp\/v2\/categories?post=128429"},{"taxonomy":"post_tag","embeddable":true,"href":"https:\/\/www.immo-invest.ch\/fr\/wp-json\/wp\/v2\/tags?post=128429"}],"curies":[{"name":"wp","href":"https:\/\/api.w.org\/{rel}","templated":true}]}}