{"id":128422,"date":"2025-03-18T15:17:00","date_gmt":"2025-03-18T14:17:00","guid":{"rendered":"https:\/\/www.immo-invest.ch\/glarus-nord-mobilisiert-bauland-chancen-fuer-investoren-und-entwickler\/"},"modified":"2025-03-18T15:41:17","modified_gmt":"2025-03-18T14:41:17","slug":"glarus-nord-mobilisiert-bauland-chancen-fuer-investoren-und-entwickler","status":"publish","type":"post","link":"https:\/\/www.immo-invest.ch\/fr\/glarus-nord-mobilisiert-bauland-chancen-fuer-investoren-und-entwickler\/","title":{"rendered":"Glaris Nord mobilise des terrains \u00e0 b\u00e2tir &#8211; des opportunit\u00e9s pour les investisseurs et les d\u00e9veloppeurs"},"content":{"rendered":"<p class=\"wp-block-paragraph\">La commune de Glaris Nord a donn&eacute; le coup d&rsquo;envoi d&rsquo;une vaste mobilisation des terrains appartenant &agrave; la commune. L&rsquo;accent est mis sur les sites de Filzbach et d&rsquo;Oberurnen. Cette initiative fait suite aux nouvelles directives d&eacute;finies pour l&rsquo;attribution de terrains &agrave; b&acirc;tir et de biens immobiliers et souligne l&rsquo;engagement de la commune en faveur d&rsquo;un d&eacute;veloppement durable et adapt&eacute; aux besoins.<\/p>\n\n\n\n\n\n<p class=\"wp-block-paragraph\"><strong>Des surfaces attrayantes mises en vente<br><\/strong>Concr&egrave;tement, trois parcelles de terrain &agrave; b&acirc;tir situ&eacute;es en zone r&eacute;sidentielle seront mises en vente &agrave; Filzbach. A Oberurnen, la Schranerwiese, d&rsquo;une superficie de 5 084 m&sup2;, situ&eacute;e dans la zone d&rsquo;activit&eacute;s, est mise en droit de superficie. Ces terrains offrent de nombreuses possibilit&eacute;s pour des projets de construction de logements ainsi que pour des utilisations commerciales et int&eacute;ressent donc un large &eacute;ventail d&rsquo;investisseurs et de d&eacute;veloppeurs.<\/p>\n\n\n\n\n\n<p class=\"wp-block-paragraph\"><strong>Processus transparent et structur&eacute;<br><\/strong>La proc&eacute;dure d&rsquo;appel d&rsquo;offres est clairement d&eacute;finie et transparente. Les personnes int&eacute;ress&eacute;es trouveront tous les documents pertinents sur la page d&rsquo;accueil de la commune (www.glarus-nord.ch) ainsi que dans le journal officiel du canton de Glaris. Un formulaire d&rsquo;inscription est disponible pour les candidatures, ce qui garantit une &eacute;valuation juste et objective sur la base des crit&egrave;res d&rsquo;attribution d&eacute;finis.<br>La date limite d&rsquo;inscription est fix&eacute;e au 30 mai &agrave; 16h00.<\/p>\n\n\n\n\n\n<p class=\"wp-block-paragraph\"><strong>Un d&eacute;veloppement orient&eacute; vers l&rsquo;avenir en point de mire<br><\/strong>La mobilisation des surfaces de zones constructibles est un &eacute;l&eacute;ment central du nouveau plan d&rsquo;affectation de Glarus Nord. La commune met ainsi en &oelig;uvre de mani&egrave;re coh&eacute;rente les directives de la loi sur l&rsquo;am&eacute;nagement du territoire et cr&eacute;e les conditions d&rsquo;un d&eacute;veloppement ordonn&eacute; et orient&eacute; vers l&rsquo;avenir. La mise en adjudication continue de surfaces appartenant &agrave; la commune permet de contribuer de mani&egrave;re importante au renforcement du site et &agrave; la cr&eacute;ation d&rsquo;espaces de vie et de travail attrayants.<\/p>\n\n","protected":false},"excerpt":{"rendered":"<p>Glaris Nord donne un signal fort pour le d\u00e9veloppement r\u00e9gional.  La mise au concours de terrains appartenant \u00e0 la commune lib\u00e8re des potentiels attrayants pour les investisseurs et les d\u00e9veloppeurs. La commune va r\u00e9solument de l&rsquo;avant pour permettre la r\u00e9alisation de projets orient\u00e9s vers l&rsquo;avenir, en accord avec le nouveau plan d&rsquo;affectation et les directives f\u00e9d\u00e9rales en mati\u00e8re d&rsquo;am\u00e9nagement du territoire.<\/p>\n","protected":false},"author":2,"featured_media":128408,"comment_status":"open","ping_status":"open","sticky":false,"template":"","format":"standard","meta":{"pmpro_default_level":"","inline_featured_image":false,"_monsterinsights_skip_tracking":false,"footnotes":""},"categories":[45951,743,22357],"tags":[38677,2209,46012,49035,3481],"class_list":["post-128422","post","type-post","status-publish","format-standard","has-post-thumbnail","hentry","category-glarus-fr","category-immonews-fr","category-industrie-du-batiment","tag-bauland-fr","tag-bauwesen-fr","tag-entwickler-fr","tag-glarus-nord-fr","tag-liegenschaften-fr","pmpro-has-access"],"acf":{"bild_mit_ki_erstellt_worden":[],"lead":"Glaris Nord donne un signal fort pour le d\u00e9veloppement r\u00e9gional.  La mise au concours de terrains appartenant \u00e0 la commune lib\u00e8re des potentiels attrayants pour les investisseurs et les d\u00e9veloppeurs. La commune va r\u00e9solument de l'avant pour permettre la r\u00e9alisation de projets orient\u00e9s vers l'avenir, en accord avec le nouveau plan d'affectation et les directives f\u00e9d\u00e9rales en mati\u00e8re d'am\u00e9nagement du territoire.","autor":"Quelle: Glarus, Bild: glarus-nord","ort":"","bildunterschrift":"","bild_im_grid":false,"gallerie":"","newsim":""},"aioseo_notices":[],"aioseo_head":"\n\t\t<!-- All in One SEO 5.0.0.1 - aioseo.com -->\n\t<meta name=\"description\" content=\"Glaris Nord donne un signal fort pour le d\u00e9veloppement r\u00e9gional. La mise au concours de terrains appartenant \u00e0 la commune lib\u00e8re des potentiels attrayants pour les investisseurs et les d\u00e9veloppeurs. La commune va r\u00e9solument de l&#039;avant pour permettre la r\u00e9alisation de projets orient\u00e9s vers l&#039;avenir, en accord avec le nouveau plan d&#039;affectation et les directives f\u00e9d\u00e9rales en mati\u00e8re d&#039;am\u00e9nagement du territoire.\" \/>\n\t<meta name=\"robots\" content=\"max-image-preview:large\" \/>\n\t<meta name=\"author\" content=\"immovestuser\"\/>\n\t<meta name=\"google-site-verification\" content=\"fHJKvgWpZCR2zVBHWfkQeFXC11qieUSff0HGNYfuyLA\" \/>\n\t<link rel=\"canonical\" href=\"https:\/\/www.immo-invest.ch\/fr\/glarus-nord-mobilisiert-bauland-chancen-fuer-investoren-und-entwickler\/\" \/>\n\t<meta name=\"generator\" content=\"All in One SEO (AIOSEO) 5.0.0.1\" \/>\n\t\t<meta property=\"og:locale\" content=\"fr_FR\" \/>\n\t\t<meta property=\"og:site_name\" content=\"immo!nvest - Die Plattform f\u00fcr Standorte und Immobilien - Die\u00a0Plattform f\u00fcr Standorte und Immobilien\" \/>\n\t\t<meta property=\"og:type\" content=\"article\" \/>\n\t\t<meta property=\"og:title\" content=\"Glaris Nord mobilise des terrains \u00e0 b\u00e2tir \u2013 des opportunit\u00e9s pour les investisseurs et les d\u00e9veloppeurs - immo!nvest - Die Plattform f\u00fcr Standorte und Immobilien\" \/>\n\t\t<meta property=\"og:description\" content=\"Glaris Nord donne un signal fort pour le d\u00e9veloppement r\u00e9gional. La mise au concours de terrains appartenant \u00e0 la commune lib\u00e8re des potentiels attrayants pour les investisseurs et les d\u00e9veloppeurs. La commune va r\u00e9solument de l&#039;avant pour permettre la r\u00e9alisation de projets orient\u00e9s vers l&#039;avenir, en accord avec le nouveau plan d&#039;affectation et les directives f\u00e9d\u00e9rales en mati\u00e8re d&#039;am\u00e9nagement du territoire.\" \/>\n\t\t<meta property=\"og:url\" content=\"https:\/\/www.immo-invest.ch\/fr\/glarus-nord-mobilisiert-bauland-chancen-fuer-investoren-und-entwickler\/\" \/>\n\t\t<meta property=\"og:image\" content=\"https:\/\/www.immo-invest.ch\/wp-content\/uploads\/2025\/03\/headerpano_1x.jpg\" \/>\n\t\t<meta property=\"og:image:secure_url\" content=\"https:\/\/www.immo-invest.ch\/wp-content\/uploads\/2025\/03\/headerpano_1x.jpg\" \/>\n\t\t<meta property=\"og:image:width\" content=\"1600\" \/>\n\t\t<meta property=\"og:image:height\" content=\"527\" \/>\n\t\t<meta property=\"article:published_time\" content=\"2025-03-18T14:17:00+00:00\" \/>\n\t\t<meta property=\"article:modified_time\" content=\"2025-03-18T14:41:17+00:00\" \/>\n\t\t<meta property=\"article:publisher\" content=\"https:\/\/www.facebook.com\/people\/Immoinvest\/100077962920504\/\" \/>\n\t\t<meta name=\"twitter:card\" content=\"summary_large_image\" \/>\n\t\t<meta name=\"twitter:site\" content=\"@i\" \/>\n\t\t<meta name=\"twitter:title\" content=\"Glaris Nord mobilise des terrains \u00e0 b\u00e2tir \u2013 des opportunit\u00e9s pour les investisseurs et les d\u00e9veloppeurs - immo!nvest - Die Plattform f\u00fcr Standorte und Immobilien\" \/>\n\t\t<meta name=\"twitter:description\" content=\"Glaris Nord donne un signal fort pour le d\u00e9veloppement r\u00e9gional. La mise au concours de terrains appartenant \u00e0 la commune lib\u00e8re des potentiels attrayants pour les investisseurs et les d\u00e9veloppeurs. La commune va r\u00e9solument de l&#039;avant pour permettre la r\u00e9alisation de projets orient\u00e9s vers l&#039;avenir, en accord avec le nouveau plan d&#039;affectation et les directives f\u00e9d\u00e9rales en mati\u00e8re d&#039;am\u00e9nagement du territoire.\" \/>\n\t\t<meta name=\"twitter:creator\" content=\"@i\" \/>\n\t\t<meta name=\"twitter:image\" content=\"https:\/\/www.immo-invest.ch\/wp-content\/uploads\/2025\/03\/headerpano_1x.jpg\" \/>\n\t\t<script type=\"application\/ld+json\" class=\"aioseo-schema\">\n\t\t\t{\"@context\":\"https:\\\/\\\/schema.org\",\"@graph\":[{\"@type\":\"BlogPosting\",\"@id\":\"https:\\\/\\\/www.immo-invest.ch\\\/fr\\\/glarus-nord-mobilisiert-bauland-chancen-fuer-investoren-und-entwickler\\\/#blogposting\",\"name\":\"Glaris Nord mobilise des terrains \\u00e0 b\\u00e2tir \\u2013 des opportunit\\u00e9s pour les investisseurs et les d\\u00e9veloppeurs - immo!nvest - Die Plattform f\\u00fcr Standorte und Immobilien\",\"headline\":\"Glaris Nord mobilise des terrains \\u00e0 b\\u00e2tir &#8211; des opportunit\\u00e9s pour les investisseurs et les d\\u00e9veloppeurs\",\"author\":{\"@id\":\"https:\\\/\\\/www.immo-invest.ch\\\/fr\\\/author\\\/immovestuser\\\/#author\"},\"publisher\":{\"@id\":\"https:\\\/\\\/www.immo-invest.ch\\\/fr\\\/#organization\"},\"image\":{\"@type\":\"ImageObject\",\"url\":\"https:\\\/\\\/www.immo-invest.ch\\\/wp-content\\\/uploads\\\/2025\\\/03\\\/headerpano_1x.jpg\",\"width\":1600,\"height\":527,\"caption\":\"https:\\\/\\\/www.glarus-nord.ch\\\/\"},\"datePublished\":\"2025-03-18T15:17:00+01:00\",\"dateModified\":\"2025-03-18T15:41:17+01:00\",\"inLanguage\":\"fr-FR\",\"mainEntityOfPage\":{\"@id\":\"https:\\\/\\\/www.immo-invest.ch\\\/fr\\\/glarus-nord-mobilisiert-bauland-chancen-fuer-investoren-und-entwickler\\\/#webpage\"},\"isPartOf\":{\"@id\":\"https:\\\/\\\/www.immo-invest.ch\\\/fr\\\/glarus-nord-mobilisiert-bauland-chancen-fuer-investoren-und-entwickler\\\/#webpage\"},\"articleSection\":\"Glarus, immoNews, Industrie du b\\u00e2timent, Bauland, Bauwesen, Entwickler, Glarus Nord, Liegenschaften, Facultatif\"},{\"@type\":\"BreadcrumbList\",\"@id\":\"https:\\\/\\\/www.immo-invest.ch\\\/fr\\\/glarus-nord-mobilisiert-bauland-chancen-fuer-investoren-und-entwickler\\\/#breadcrumblist\",\"itemListElement\":[{\"@type\":\"ListItem\",\"@id\":\"https:\\\/\\\/www.immo-invest.ch\\\/fr\\\/#listItem\",\"position\":1,\"name\":\"Home\",\"item\":\"https:\\\/\\\/www.immo-invest.ch\\\/fr\\\/\",\"nextItem\":{\"@type\":\"ListItem\",\"@id\":\"https:\\\/\\\/www.immo-invest.ch\\\/fr\\\/categories\\\/regions\\\/#listItem\",\"name\":\"R\\u00e9gions\"}},{\"@type\":\"ListItem\",\"@id\":\"https:\\\/\\\/www.immo-invest.ch\\\/fr\\\/categories\\\/regions\\\/#listItem\",\"position\":2,\"name\":\"R\\u00e9gions\",\"item\":\"https:\\\/\\\/www.immo-invest.ch\\\/fr\\\/categories\\\/regions\\\/\",\"nextItem\":{\"@type\":\"ListItem\",\"@id\":\"https:\\\/\\\/www.immo-invest.ch\\\/fr\\\/categories\\\/regions\\\/suisse\\\/#listItem\",\"name\":\"Suisse\"},\"previousItem\":{\"@type\":\"ListItem\",\"@id\":\"https:\\\/\\\/www.immo-invest.ch\\\/fr\\\/#listItem\",\"name\":\"Home\"}},{\"@type\":\"ListItem\",\"@id\":\"https:\\\/\\\/www.immo-invest.ch\\\/fr\\\/categories\\\/regions\\\/suisse\\\/#listItem\",\"position\":3,\"name\":\"Suisse\",\"item\":\"https:\\\/\\\/www.immo-invest.ch\\\/fr\\\/categories\\\/regions\\\/suisse\\\/\",\"nextItem\":{\"@type\":\"ListItem\",\"@id\":\"https:\\\/\\\/www.immo-invest.ch\\\/fr\\\/categories\\\/regions\\\/suisse\\\/suisse-orientale\\\/#listItem\",\"name\":\"Suisse orientale\"},\"previousItem\":{\"@type\":\"ListItem\",\"@id\":\"https:\\\/\\\/www.immo-invest.ch\\\/fr\\\/categories\\\/regions\\\/#listItem\",\"name\":\"R\\u00e9gions\"}},{\"@type\":\"ListItem\",\"@id\":\"https:\\\/\\\/www.immo-invest.ch\\\/fr\\\/categories\\\/regions\\\/suisse\\\/suisse-orientale\\\/#listItem\",\"position\":4,\"name\":\"Suisse orientale\",\"item\":\"https:\\\/\\\/www.immo-invest.ch\\\/fr\\\/categories\\\/regions\\\/suisse\\\/suisse-orientale\\\/\",\"nextItem\":{\"@type\":\"ListItem\",\"@id\":\"https:\\\/\\\/www.immo-invest.ch\\\/fr\\\/categories\\\/regions\\\/suisse\\\/suisse-orientale\\\/glarus-fr\\\/#listItem\",\"name\":\"Glarus\"},\"previousItem\":{\"@type\":\"ListItem\",\"@id\":\"https:\\\/\\\/www.immo-invest.ch\\\/fr\\\/categories\\\/regions\\\/suisse\\\/#listItem\",\"name\":\"Suisse\"}},{\"@type\":\"ListItem\",\"@id\":\"https:\\\/\\\/www.immo-invest.ch\\\/fr\\\/categories\\\/regions\\\/suisse\\\/suisse-orientale\\\/glarus-fr\\\/#listItem\",\"position\":5,\"name\":\"Glarus\",\"item\":\"https:\\\/\\\/www.immo-invest.ch\\\/fr\\\/categories\\\/regions\\\/suisse\\\/suisse-orientale\\\/glarus-fr\\\/\",\"nextItem\":{\"@type\":\"ListItem\",\"@id\":\"https:\\\/\\\/www.immo-invest.ch\\\/fr\\\/glarus-nord-mobilisiert-bauland-chancen-fuer-investoren-und-entwickler\\\/#listItem\",\"name\":\"Glaris Nord mobilise des terrains \\u00e0 b\\u00e2tir &#8211; des opportunit\\u00e9s pour les investisseurs et les d\\u00e9veloppeurs\"},\"previousItem\":{\"@type\":\"ListItem\",\"@id\":\"https:\\\/\\\/www.immo-invest.ch\\\/fr\\\/categories\\\/regions\\\/suisse\\\/suisse-orientale\\\/#listItem\",\"name\":\"Suisse orientale\"}},{\"@type\":\"ListItem\",\"@id\":\"https:\\\/\\\/www.immo-invest.ch\\\/fr\\\/glarus-nord-mobilisiert-bauland-chancen-fuer-investoren-und-entwickler\\\/#listItem\",\"position\":6,\"name\":\"Glaris Nord mobilise des terrains \\u00e0 b\\u00e2tir &#8211; des opportunit\\u00e9s pour les investisseurs et les d\\u00e9veloppeurs\",\"previousItem\":{\"@type\":\"ListItem\",\"@id\":\"https:\\\/\\\/www.immo-invest.ch\\\/fr\\\/categories\\\/regions\\\/suisse\\\/suisse-orientale\\\/glarus-fr\\\/#listItem\",\"name\":\"Glarus\"}}]},{\"@type\":\"Organization\",\"@id\":\"https:\\\/\\\/www.immo-invest.ch\\\/fr\\\/#organization\",\"name\":\"immo!nvest - Die Plattform f\\u00fcr Standorte und Immobilien\",\"description\":\"Die\\u00a0Plattform f\\u00fcr Standorte und Immobilien\",\"url\":\"https:\\\/\\\/www.immo-invest.ch\\\/fr\\\/\",\"email\":\"admin@immomedia.ag\",\"telephone\":\"+41444420002\",\"logo\":{\"@type\":\"ImageObject\",\"url\":\"https:\\\/\\\/www.immo-invest.ch\\\/wp-content\\\/uploads\\\/2024\\\/09\\\/immoinvest_sm-scaled.jpg\",\"@id\":\"https:\\\/\\\/www.immo-invest.ch\\\/fr\\\/glarus-nord-mobilisiert-bauland-chancen-fuer-investoren-und-entwickler\\\/#organizationLogo\",\"width\":2560,\"height\":1340},\"image\":{\"@id\":\"https:\\\/\\\/www.immo-invest.ch\\\/fr\\\/glarus-nord-mobilisiert-bauland-chancen-fuer-investoren-und-entwickler\\\/#organizationLogo\"},\"sameAs\":[\"https:\\\/\\\/www.facebook.com\\\/people\\\/Immoinvest\\\/100077962920504\\\/\",\"https:\\\/\\\/x.com\\\/i\\\/flow\\\/login?redirect_after_login=immoinvest_ch\",\"https:\\\/\\\/www.instagram.com\\\/immoinvest_ch\\\/\",\"https:\\\/\\\/www.linkedin.com\\\/company\\\/immoinvest-swiss\"]},{\"@type\":\"Person\",\"@id\":\"https:\\\/\\\/www.immo-invest.ch\\\/fr\\\/author\\\/immovestuser\\\/#author\",\"url\":\"https:\\\/\\\/www.immo-invest.ch\\\/fr\\\/author\\\/immovestuser\\\/\",\"name\":\"immovestuser\",\"image\":{\"@type\":\"ImageObject\",\"@id\":\"https:\\\/\\\/www.immo-invest.ch\\\/fr\\\/glarus-nord-mobilisiert-bauland-chancen-fuer-investoren-und-entwickler\\\/#authorImage\",\"url\":\"https:\\\/\\\/secure.gravatar.com\\\/avatar\\\/8e01f4d99f2eeea7a362ebb93305e1172a70e9293ba250f897a65c39f54cdd1e?s=96&d=mm&r=g\",\"width\":96,\"height\":96,\"caption\":\"immovestuser\"}},{\"@type\":\"WebPage\",\"@id\":\"https:\\\/\\\/www.immo-invest.ch\\\/fr\\\/glarus-nord-mobilisiert-bauland-chancen-fuer-investoren-und-entwickler\\\/#webpage\",\"url\":\"https:\\\/\\\/www.immo-invest.ch\\\/fr\\\/glarus-nord-mobilisiert-bauland-chancen-fuer-investoren-und-entwickler\\\/\",\"name\":\"Glaris Nord mobilise des terrains \\u00e0 b\\u00e2tir \\u2013 des opportunit\\u00e9s pour les investisseurs et les d\\u00e9veloppeurs - immo!nvest - Die Plattform f\\u00fcr Standorte und Immobilien\",\"description\":\"Glaris Nord donne un signal fort pour le d\\u00e9veloppement r\\u00e9gional. La mise au concours de terrains appartenant \\u00e0 la commune lib\\u00e8re des potentiels attrayants pour les investisseurs et les d\\u00e9veloppeurs. La commune va r\\u00e9solument de l'avant pour permettre la r\\u00e9alisation de projets orient\\u00e9s vers l'avenir, en accord avec le nouveau plan d'affectation et les directives f\\u00e9d\\u00e9rales en mati\\u00e8re d'am\\u00e9nagement du territoire.\",\"inLanguage\":\"fr-FR\",\"isPartOf\":{\"@id\":\"https:\\\/\\\/www.immo-invest.ch\\\/fr\\\/#website\"},\"breadcrumb\":{\"@id\":\"https:\\\/\\\/www.immo-invest.ch\\\/fr\\\/glarus-nord-mobilisiert-bauland-chancen-fuer-investoren-und-entwickler\\\/#breadcrumblist\"},\"author\":{\"@id\":\"https:\\\/\\\/www.immo-invest.ch\\\/fr\\\/author\\\/immovestuser\\\/#author\"},\"creator\":{\"@id\":\"https:\\\/\\\/www.immo-invest.ch\\\/fr\\\/author\\\/immovestuser\\\/#author\"},\"image\":{\"@type\":\"ImageObject\",\"url\":\"https:\\\/\\\/www.immo-invest.ch\\\/wp-content\\\/uploads\\\/2025\\\/03\\\/headerpano_1x.jpg\",\"@id\":\"https:\\\/\\\/www.immo-invest.ch\\\/fr\\\/glarus-nord-mobilisiert-bauland-chancen-fuer-investoren-und-entwickler\\\/#mainImage\",\"width\":1600,\"height\":527,\"caption\":\"https:\\\/\\\/www.glarus-nord.ch\\\/\"},\"primaryImageOfPage\":{\"@id\":\"https:\\\/\\\/www.immo-invest.ch\\\/fr\\\/glarus-nord-mobilisiert-bauland-chancen-fuer-investoren-und-entwickler\\\/#mainImage\"},\"datePublished\":\"2025-03-18T15:17:00+01:00\",\"dateModified\":\"2025-03-18T15:41:17+01:00\"},{\"@type\":\"WebSite\",\"@id\":\"https:\\\/\\\/www.immo-invest.ch\\\/fr\\\/#website\",\"url\":\"https:\\\/\\\/www.immo-invest.ch\\\/fr\\\/\",\"name\":\"immo!nvest - Die Plattform f\\u00fcr Standorte und Immobilien\",\"description\":\"Die\\u00a0Plattform f\\u00fcr Standorte und Immobilien\",\"inLanguage\":\"fr-FR\",\"publisher\":{\"@id\":\"https:\\\/\\\/www.immo-invest.ch\\\/fr\\\/#organization\"}}]}\n\t\t<\/script>\n\t\t<!-- All in One SEO -->\n\n","aioseo_head_json":{"title":"Glaris Nord mobilise des terrains \u00e0 b\u00e2tir \u2013 des opportunit\u00e9s pour les investisseurs et les d\u00e9veloppeurs - immo!nvest - Die Plattform f\u00fcr Standorte und Immobilien","description":"Glaris Nord donne un signal fort pour le d\u00e9veloppement r\u00e9gional. La mise au concours de terrains appartenant \u00e0 la commune lib\u00e8re des potentiels attrayants pour les investisseurs et les d\u00e9veloppeurs. La commune va r\u00e9solument de l'avant pour permettre la r\u00e9alisation de projets orient\u00e9s vers l'avenir, en accord avec le nouveau plan d'affectation et les directives f\u00e9d\u00e9rales en mati\u00e8re d'am\u00e9nagement du territoire.","canonical_url":"https:\/\/www.immo-invest.ch\/fr\/glarus-nord-mobilisiert-bauland-chancen-fuer-investoren-und-entwickler\/","robots":"max-image-preview:large","keywords":"","webmasterTools":{"google-site-verification":"fHJKvgWpZCR2zVBHWfkQeFXC11qieUSff0HGNYfuyLA","miscellaneous":""},"schema":{"@context":"https:\/\/schema.org","@graph":[{"@type":"BlogPosting","@id":"https:\/\/www.immo-invest.ch\/fr\/glarus-nord-mobilisiert-bauland-chancen-fuer-investoren-und-entwickler\/#blogposting","name":"Glaris Nord mobilise des terrains \u00e0 b\u00e2tir \u2013 des opportunit\u00e9s pour les investisseurs et les d\u00e9veloppeurs - immo!nvest - Die Plattform f\u00fcr Standorte und Immobilien","headline":"Glaris Nord mobilise des terrains \u00e0 b\u00e2tir &#8211; des opportunit\u00e9s pour les investisseurs et les d\u00e9veloppeurs","author":{"@id":"https:\/\/www.immo-invest.ch\/fr\/author\/immovestuser\/#author"},"publisher":{"@id":"https:\/\/www.immo-invest.ch\/fr\/#organization"},"image":{"@type":"ImageObject","url":"https:\/\/www.immo-invest.ch\/wp-content\/uploads\/2025\/03\/headerpano_1x.jpg","width":1600,"height":527,"caption":"https:\/\/www.glarus-nord.ch\/"},"datePublished":"2025-03-18T15:17:00+01:00","dateModified":"2025-03-18T15:41:17+01:00","inLanguage":"fr-FR","mainEntityOfPage":{"@id":"https:\/\/www.immo-invest.ch\/fr\/glarus-nord-mobilisiert-bauland-chancen-fuer-investoren-und-entwickler\/#webpage"},"isPartOf":{"@id":"https:\/\/www.immo-invest.ch\/fr\/glarus-nord-mobilisiert-bauland-chancen-fuer-investoren-und-entwickler\/#webpage"},"articleSection":"Glarus, immoNews, Industrie du b\u00e2timent, Bauland, Bauwesen, Entwickler, Glarus Nord, Liegenschaften, Facultatif"},{"@type":"BreadcrumbList","@id":"https:\/\/www.immo-invest.ch\/fr\/glarus-nord-mobilisiert-bauland-chancen-fuer-investoren-und-entwickler\/#breadcrumblist","itemListElement":[{"@type":"ListItem","@id":"https:\/\/www.immo-invest.ch\/fr\/#listItem","position":1,"name":"Home","item":"https:\/\/www.immo-invest.ch\/fr\/","nextItem":{"@type":"ListItem","@id":"https:\/\/www.immo-invest.ch\/fr\/categories\/regions\/#listItem","name":"R\u00e9gions"}},{"@type":"ListItem","@id":"https:\/\/www.immo-invest.ch\/fr\/categories\/regions\/#listItem","position":2,"name":"R\u00e9gions","item":"https:\/\/www.immo-invest.ch\/fr\/categories\/regions\/","nextItem":{"@type":"ListItem","@id":"https:\/\/www.immo-invest.ch\/fr\/categories\/regions\/suisse\/#listItem","name":"Suisse"},"previousItem":{"@type":"ListItem","@id":"https:\/\/www.immo-invest.ch\/fr\/#listItem","name":"Home"}},{"@type":"ListItem","@id":"https:\/\/www.immo-invest.ch\/fr\/categories\/regions\/suisse\/#listItem","position":3,"name":"Suisse","item":"https:\/\/www.immo-invest.ch\/fr\/categories\/regions\/suisse\/","nextItem":{"@type":"ListItem","@id":"https:\/\/www.immo-invest.ch\/fr\/categories\/regions\/suisse\/suisse-orientale\/#listItem","name":"Suisse orientale"},"previousItem":{"@type":"ListItem","@id":"https:\/\/www.immo-invest.ch\/fr\/categories\/regions\/#listItem","name":"R\u00e9gions"}},{"@type":"ListItem","@id":"https:\/\/www.immo-invest.ch\/fr\/categories\/regions\/suisse\/suisse-orientale\/#listItem","position":4,"name":"Suisse orientale","item":"https:\/\/www.immo-invest.ch\/fr\/categories\/regions\/suisse\/suisse-orientale\/","nextItem":{"@type":"ListItem","@id":"https:\/\/www.immo-invest.ch\/fr\/categories\/regions\/suisse\/suisse-orientale\/glarus-fr\/#listItem","name":"Glarus"},"previousItem":{"@type":"ListItem","@id":"https:\/\/www.immo-invest.ch\/fr\/categories\/regions\/suisse\/#listItem","name":"Suisse"}},{"@type":"ListItem","@id":"https:\/\/www.immo-invest.ch\/fr\/categories\/regions\/suisse\/suisse-orientale\/glarus-fr\/#listItem","position":5,"name":"Glarus","item":"https:\/\/www.immo-invest.ch\/fr\/categories\/regions\/suisse\/suisse-orientale\/glarus-fr\/","nextItem":{"@type":"ListItem","@id":"https:\/\/www.immo-invest.ch\/fr\/glarus-nord-mobilisiert-bauland-chancen-fuer-investoren-und-entwickler\/#listItem","name":"Glaris Nord mobilise des terrains \u00e0 b\u00e2tir &#8211; des opportunit\u00e9s pour les investisseurs et les d\u00e9veloppeurs"},"previousItem":{"@type":"ListItem","@id":"https:\/\/www.immo-invest.ch\/fr\/categories\/regions\/suisse\/suisse-orientale\/#listItem","name":"Suisse orientale"}},{"@type":"ListItem","@id":"https:\/\/www.immo-invest.ch\/fr\/glarus-nord-mobilisiert-bauland-chancen-fuer-investoren-und-entwickler\/#listItem","position":6,"name":"Glaris Nord mobilise des terrains \u00e0 b\u00e2tir &#8211; des opportunit\u00e9s pour les investisseurs et les d\u00e9veloppeurs","previousItem":{"@type":"ListItem","@id":"https:\/\/www.immo-invest.ch\/fr\/categories\/regions\/suisse\/suisse-orientale\/glarus-fr\/#listItem","name":"Glarus"}}]},{"@type":"Organization","@id":"https:\/\/www.immo-invest.ch\/fr\/#organization","name":"immo!nvest - Die Plattform f\u00fcr Standorte und Immobilien","description":"Die\u00a0Plattform f\u00fcr Standorte und Immobilien","url":"https:\/\/www.immo-invest.ch\/fr\/","email":"admin@immomedia.ag","telephone":"+41444420002","logo":{"@type":"ImageObject","url":"https:\/\/www.immo-invest.ch\/wp-content\/uploads\/2024\/09\/immoinvest_sm-scaled.jpg","@id":"https:\/\/www.immo-invest.ch\/fr\/glarus-nord-mobilisiert-bauland-chancen-fuer-investoren-und-entwickler\/#organizationLogo","width":2560,"height":1340},"image":{"@id":"https:\/\/www.immo-invest.ch\/fr\/glarus-nord-mobilisiert-bauland-chancen-fuer-investoren-und-entwickler\/#organizationLogo"},"sameAs":["https:\/\/www.facebook.com\/people\/Immoinvest\/100077962920504\/","https:\/\/x.com\/i\/flow\/login?redirect_after_login=immoinvest_ch","https:\/\/www.instagram.com\/immoinvest_ch\/","https:\/\/www.linkedin.com\/company\/immoinvest-swiss"]},{"@type":"Person","@id":"https:\/\/www.immo-invest.ch\/fr\/author\/immovestuser\/#author","url":"https:\/\/www.immo-invest.ch\/fr\/author\/immovestuser\/","name":"immovestuser","image":{"@type":"ImageObject","@id":"https:\/\/www.immo-invest.ch\/fr\/glarus-nord-mobilisiert-bauland-chancen-fuer-investoren-und-entwickler\/#authorImage","url":"https:\/\/secure.gravatar.com\/avatar\/8e01f4d99f2eeea7a362ebb93305e1172a70e9293ba250f897a65c39f54cdd1e?s=96&d=mm&r=g","width":96,"height":96,"caption":"immovestuser"}},{"@type":"WebPage","@id":"https:\/\/www.immo-invest.ch\/fr\/glarus-nord-mobilisiert-bauland-chancen-fuer-investoren-und-entwickler\/#webpage","url":"https:\/\/www.immo-invest.ch\/fr\/glarus-nord-mobilisiert-bauland-chancen-fuer-investoren-und-entwickler\/","name":"Glaris Nord mobilise des terrains \u00e0 b\u00e2tir \u2013 des opportunit\u00e9s pour les investisseurs et les d\u00e9veloppeurs - immo!nvest - Die Plattform f\u00fcr Standorte und Immobilien","description":"Glaris Nord donne un signal fort pour le d\u00e9veloppement r\u00e9gional. La mise au concours de terrains appartenant \u00e0 la commune lib\u00e8re des potentiels attrayants pour les investisseurs et les d\u00e9veloppeurs. La commune va r\u00e9solument de l'avant pour permettre la r\u00e9alisation de projets orient\u00e9s vers l'avenir, en accord avec le nouveau plan d'affectation et les directives f\u00e9d\u00e9rales en mati\u00e8re d'am\u00e9nagement du territoire.","inLanguage":"fr-FR","isPartOf":{"@id":"https:\/\/www.immo-invest.ch\/fr\/#website"},"breadcrumb":{"@id":"https:\/\/www.immo-invest.ch\/fr\/glarus-nord-mobilisiert-bauland-chancen-fuer-investoren-und-entwickler\/#breadcrumblist"},"author":{"@id":"https:\/\/www.immo-invest.ch\/fr\/author\/immovestuser\/#author"},"creator":{"@id":"https:\/\/www.immo-invest.ch\/fr\/author\/immovestuser\/#author"},"image":{"@type":"ImageObject","url":"https:\/\/www.immo-invest.ch\/wp-content\/uploads\/2025\/03\/headerpano_1x.jpg","@id":"https:\/\/www.immo-invest.ch\/fr\/glarus-nord-mobilisiert-bauland-chancen-fuer-investoren-und-entwickler\/#mainImage","width":1600,"height":527,"caption":"https:\/\/www.glarus-nord.ch\/"},"primaryImageOfPage":{"@id":"https:\/\/www.immo-invest.ch\/fr\/glarus-nord-mobilisiert-bauland-chancen-fuer-investoren-und-entwickler\/#mainImage"},"datePublished":"2025-03-18T15:17:00+01:00","dateModified":"2025-03-18T15:41:17+01:00"},{"@type":"WebSite","@id":"https:\/\/www.immo-invest.ch\/fr\/#website","url":"https:\/\/www.immo-invest.ch\/fr\/","name":"immo!nvest - Die Plattform f\u00fcr Standorte und Immobilien","description":"Die\u00a0Plattform f\u00fcr Standorte und Immobilien","inLanguage":"fr-FR","publisher":{"@id":"https:\/\/www.immo-invest.ch\/fr\/#organization"}}]},"og:locale":"fr_FR","og:site_name":"immo!nvest - Die Plattform f\u00fcr Standorte und Immobilien - Die\u00a0Plattform f\u00fcr Standorte und Immobilien","og:type":"article","og:title":"Glaris Nord mobilise des terrains \u00e0 b\u00e2tir \u2013 des opportunit\u00e9s pour les investisseurs et les d\u00e9veloppeurs - immo!nvest - Die Plattform f\u00fcr Standorte und Immobilien","og:description":"Glaris Nord donne un signal fort pour le d\u00e9veloppement r\u00e9gional. La mise au concours de terrains appartenant \u00e0 la commune lib\u00e8re des potentiels attrayants pour les investisseurs et les d\u00e9veloppeurs. La commune va r\u00e9solument de l'avant pour permettre la r\u00e9alisation de projets orient\u00e9s vers l'avenir, en accord avec le nouveau plan d'affectation et les directives f\u00e9d\u00e9rales en mati\u00e8re d'am\u00e9nagement du territoire.","og:url":"https:\/\/www.immo-invest.ch\/fr\/glarus-nord-mobilisiert-bauland-chancen-fuer-investoren-und-entwickler\/","og:image":"https:\/\/www.immo-invest.ch\/wp-content\/uploads\/2025\/03\/headerpano_1x.jpg","og:image:secure_url":"https:\/\/www.immo-invest.ch\/wp-content\/uploads\/2025\/03\/headerpano_1x.jpg","og:image:width":1600,"og:image:height":527,"article:published_time":"2025-03-18T14:17:00+00:00","article:modified_time":"2025-03-18T14:41:17+00:00","article:publisher":"https:\/\/www.facebook.com\/people\/Immoinvest\/100077962920504\/","twitter:card":"summary_large_image","twitter:site":"@i","twitter:title":"Glaris Nord mobilise des terrains \u00e0 b\u00e2tir \u2013 des opportunit\u00e9s pour les investisseurs et les d\u00e9veloppeurs - immo!nvest - Die Plattform f\u00fcr Standorte und Immobilien","twitter:description":"Glaris Nord donne un signal fort pour le d\u00e9veloppement r\u00e9gional. La mise au concours de terrains appartenant \u00e0 la commune lib\u00e8re des potentiels attrayants pour les investisseurs et les d\u00e9veloppeurs. La commune va r\u00e9solument de l'avant pour permettre la r\u00e9alisation de projets orient\u00e9s vers l'avenir, en accord avec le nouveau plan d'affectation et les directives f\u00e9d\u00e9rales en mati\u00e8re d'am\u00e9nagement du territoire.","twitter:creator":"@i","twitter:image":"https:\/\/www.immo-invest.ch\/wp-content\/uploads\/2025\/03\/headerpano_1x.jpg"},"aioseo_meta_data":{"post_id":"128422","title":null,"description":null,"keywords":null,"keyphrases":{"focus":{"keyphrase":"","score":0,"analysis":{"keyphraseInTitle":{"score":0,"maxScore":9,"error":1}}},"additional":[]},"primary_term":null,"canonical_url":null,"og_title":null,"og_description":null,"og_object_type":"default","og_image_type":"default","og_image_url":null,"og_image_width":null,"og_image_height":null,"og_image_custom_url":null,"og_image_custom_fields":null,"og_video":"","og_custom_url":null,"og_article_section":null,"og_article_tags":null,"twitter_use_og":false,"twitter_card":"default","twitter_image_type":"default","twitter_image_url":null,"twitter_image_custom_url":null,"twitter_image_custom_fields":null,"twitter_title":null,"twitter_description":null,"schema":{"blockGraphs":[],"customGraphs":[],"default":{"data":{"Article":[],"Course":[],"Dataset":[],"FAQPage":[],"Movie":[],"Person":[],"Product":[],"ProductReview":[],"Car":[],"Recipe":[],"Service":[],"SoftwareApplication":[],"WebPage":[]},"graphName":"BlogPosting","isEnabled":true},"graphs":[]},"schema_type":"default","schema_type_options":null,"pillar_content":false,"robots_default":true,"robots_noindex":false,"robots_noarchive":false,"robots_nosnippet":false,"robots_nofollow":false,"robots_noimageindex":false,"robots_noodp":false,"robots_notranslate":false,"robots_max_snippet":"-1","robots_max_videopreview":"-1","robots_max_imagepreview":"large","priority":null,"frequency":"default","local_seo":null,"breadcrumb_settings":null,"limit_modified_date":false,"ai":null,"created":"2025-03-18 14:29:10","updated":"2025-10-24 17:59:14","seo_analyzer_scan_date":null,"focus_keyword":null,"additional_keywords":null,"truseo_locale":null},"aioseo_breadcrumb":"<div class=\"aioseo-breadcrumbs\"><span class=\"aioseo-breadcrumb\">\n\t\t\t<a href=\"https:\/\/www.immo-invest.ch\/fr\/\" title=\"Home\">Home<\/a>\n\t\t<\/span><span class=\"aioseo-breadcrumb-separator\">&raquo;<\/span><span class=\"aioseo-breadcrumb\">\n\t\t\t<a href=\"https:\/\/www.immo-invest.ch\/fr\/categories\/regions\/\" title=\"R\u00e9gions\">R\u00e9gions<\/a>\n\t\t<\/span><span class=\"aioseo-breadcrumb-separator\">&raquo;<\/span><span class=\"aioseo-breadcrumb\">\n\t\t\t<a href=\"https:\/\/www.immo-invest.ch\/fr\/categories\/regions\/suisse\/\" title=\"Suisse\">Suisse<\/a>\n\t\t<\/span><span class=\"aioseo-breadcrumb-separator\">&raquo;<\/span><span class=\"aioseo-breadcrumb\">\n\t\t\t<a href=\"https:\/\/www.immo-invest.ch\/fr\/categories\/regions\/suisse\/suisse-orientale\/\" title=\"Suisse orientale\">Suisse orientale<\/a>\n\t\t<\/span><span class=\"aioseo-breadcrumb-separator\">&raquo;<\/span><span class=\"aioseo-breadcrumb\">\n\t\t\t<a href=\"https:\/\/www.immo-invest.ch\/fr\/categories\/regions\/suisse\/suisse-orientale\/glarus-fr\/\" title=\"Glarus\">Glarus<\/a>\n\t\t<\/span><span class=\"aioseo-breadcrumb-separator\">&raquo;<\/span><span class=\"aioseo-breadcrumb\">\n\t\t\tGlaris Nord mobilise des terrains \u00e0 b\u00e2tir \u2013 des opportunit\u00e9s pour les investisseurs et les d\u00e9veloppeurs\n\t\t<\/span><\/div>","aioseo_breadcrumb_json":[{"label":"Home","link":"https:\/\/www.immo-invest.ch\/fr\/"},{"label":"R\u00e9gions","link":"https:\/\/www.immo-invest.ch\/fr\/categories\/regions\/"},{"label":"Suisse","link":"https:\/\/www.immo-invest.ch\/fr\/categories\/regions\/suisse\/"},{"label":"Suisse orientale","link":"https:\/\/www.immo-invest.ch\/fr\/categories\/regions\/suisse\/suisse-orientale\/"},{"label":"Glarus","link":"https:\/\/www.immo-invest.ch\/fr\/categories\/regions\/suisse\/suisse-orientale\/glarus-fr\/"},{"label":"Glaris Nord mobilise des terrains \u00e0 b\u00e2tir &#8211; des opportunit\u00e9s pour les investisseurs et les d\u00e9veloppeurs","link":"https:\/\/www.immo-invest.ch\/fr\/glarus-nord-mobilisiert-bauland-chancen-fuer-investoren-und-entwickler\/"}],"featured_image_src":"https:\/\/www.immo-invest.ch\/wp-content\/uploads\/2025\/03\/headerpano_1x-336x168.jpg","_links":{"self":[{"href":"https:\/\/www.immo-invest.ch\/fr\/wp-json\/wp\/v2\/posts\/128422","targetHints":{"allow":["GET"]}}],"collection":[{"href":"https:\/\/www.immo-invest.ch\/fr\/wp-json\/wp\/v2\/posts"}],"about":[{"href":"https:\/\/www.immo-invest.ch\/fr\/wp-json\/wp\/v2\/types\/post"}],"author":[{"embeddable":true,"href":"https:\/\/www.immo-invest.ch\/fr\/wp-json\/wp\/v2\/users\/2"}],"replies":[{"embeddable":true,"href":"https:\/\/www.immo-invest.ch\/fr\/wp-json\/wp\/v2\/comments?post=128422"}],"version-history":[{"count":0,"href":"https:\/\/www.immo-invest.ch\/fr\/wp-json\/wp\/v2\/posts\/128422\/revisions"}],"wp:featuredmedia":[{"embeddable":true,"href":"https:\/\/www.immo-invest.ch\/fr\/wp-json\/wp\/v2\/media\/128408"}],"wp:attachment":[{"href":"https:\/\/www.immo-invest.ch\/fr\/wp-json\/wp\/v2\/media?parent=128422"}],"wp:term":[{"taxonomy":"category","embeddable":true,"href":"https:\/\/www.immo-invest.ch\/fr\/wp-json\/wp\/v2\/categories?post=128422"},{"taxonomy":"post_tag","embeddable":true,"href":"https:\/\/www.immo-invest.ch\/fr\/wp-json\/wp\/v2\/tags?post=128422"}],"curies":[{"name":"wp","href":"https:\/\/api.w.org\/{rel}","templated":true}]}}