{"id":128069,"date":"2025-03-11T14:07:26","date_gmt":"2025-03-11T13:07:26","guid":{"rendered":"https:\/\/www.immo-invest.ch\/gemeinsam-wohnraum-schaffen-ihre-meinung-zaehlt\/"},"modified":"2025-03-11T17:00:52","modified_gmt":"2025-03-11T16:00:52","slug":"gemeinsam-wohnraum-schaffen-ihre-meinung-zaehlt","status":"publish","type":"post","link":"https:\/\/www.immo-invest.ch\/fr\/gemeinsam-wohnraum-schaffen-ihre-meinung-zaehlt\/","title":{"rendered":"Votre avis compte! \u2013 Cr\u00e9er des logements ensemble"},"content":{"rendered":"<p class=\"wp-block-paragraph\">L&rsquo;une des mesures &laquo;&nbsp;B 2.1&nbsp;&raquo; vise &agrave; am&eacute;liorer les connaissances sur la pr&eacute;valence et la nature des oppositions ainsi que sur leur impact sur le processus d&rsquo;autorisation des projets de construction. Afin de cr&eacute;er une base empirique sur la mani&egrave;re de r&eacute;duire les oppositions manifestement abusives et d&rsquo;acc&eacute;l&eacute;rer les proc&eacute;dures, l&rsquo;Office f&eacute;d&eacute;ral du d&eacute;veloppement territorial et l&rsquo;Office f&eacute;d&eacute;ral du logement ont charg&eacute; Dr Jo&euml;lle Zimmerli (Zimraum GmbH) et Dr Christian Br&uuml;tsch (Stratcraft GmbH) de mener l&rsquo;enqu&ecirc;te.<\/p>\n\n\n\n<p class=\"wp-block-paragraph\"><strong>Groupes cibles de l&rsquo;enqu&ecirc;te<\/strong><\/p>\n\n\n\n<ul class=\"wp-block-list\">\n<li>Les juristes qui conseillent les ma&icirc;tres d&rsquo;ouvrage ou qui travaillent dans un tribunal ou dans une autorit&eacute; de d&eacute;livrance de permis.<\/li>\n\n\n\n<li>Promoteurs, d&eacute;veloppeurs, architectes et planificateurs exp&eacute;riment&eacute;s dans les demandes informelles, les oppositions et les recours.<\/li>\n\n\n\n<li>Promoteurs, d&eacute;veloppeurs, architectes et planificateurs dispos&eacute;s &agrave; fournir des exemples de cas.<\/li>\n<\/ul>\n\n\n\n<p class=\"wp-block-paragraph\"><strong>Liens pour participer<\/strong><\/p>\n\n\n\n<p class=\"wp-block-paragraph\">Vous trouverez ici les liens vers l&rsquo;enqu&ecirc;te et les exemples de cas :<\/p>\n\n\n\n<p class=\"wp-block-paragraph\"><em>Enqu&ecirc;te<\/em>: <a href=\"https:\/\/zimraum.limequery.com\/267822?lang=de\"><strong>https:\/\/zimraum.limequery.com\/267822?lang=de<\/strong><\/a><br><em>Exemples de cas <\/em>: <a href=\"https:\/\/zimraum.limequery.com\/681486?lang=de\"><strong>https:\/\/zimraum.limequery.com\/681486?lang=de<\/strong><\/a><\/p>\n\n\n\n<p class=\"wp-block-paragraph\">Comptez environ 20 minutes pour remplir le questionnaire et environ 15 minutes par exemple. L&rsquo;enqu&ecirc;te et les &eacute;tudes de cas peuvent &ecirc;tre remplies de mani&egrave;re anonyme et sont ouvertes jusqu&rsquo;au 31 mars 2025.<\/p>\n\n\n\n<p class=\"wp-block-paragraph\"><strong>Votre soutien est n&eacute;cessaire<br><\/strong>Nous nous r&eacute;jouissons de votre participation et vous remercions d&rsquo;avance pour votre pr&eacute;cieux temps et votre engagement. Avec votre aide, nous cr&eacute;erons une base empirique pour des mesures visant &agrave; acc&eacute;l&eacute;rer les processus d&rsquo;autorisation et &agrave; g&eacute;rer les recours abusifs.<\/p>\n\n\n\n<p class=\"wp-block-paragraph\">Ensemble, nous pouvons ouvrir la voie &agrave; davantage de logements ! Merci beaucoup.<\/p>\n","protected":false},"excerpt":{"rendered":"<p>Sous la direction du conseiller f\u00e9d\u00e9ral Guy Parmelin, des repr\u00e9sentants des cantons, des villes et des communes ainsi que des secteurs de la construction et de l&rsquo;immobilier et de la soci\u00e9t\u00e9 civile se sont mis d&rsquo;accord sur plus de 30 mesures dans le plan d&rsquo;action contre la p\u00e9nurie de logements. L&rsquo;objectif est d&rsquo;augmenter l&rsquo;offre de logements et de cr\u00e9er davantage de logements de qualit\u00e9, \u00e0 des prix abordables et adapt\u00e9s aux besoins.<\/p>\n","protected":false},"author":2,"featured_media":128034,"comment_status":"open","ping_status":"open","sticky":false,"template":"","format":"standard","meta":{"pmpro_default_level":"","inline_featured_image":false,"_monsterinsights_skip_tracking":false,"footnotes":""},"categories":[9439,743,22357,8452,22438],"tags":[],"class_list":["post-128069","post","type-post","status-publish","format-standard","has-post-thumbnail","hentry","category-region-berne","category-immonews-fr","category-industrie-du-batiment","category-regions","category-trends-fr","pmpro-has-access"],"acf":{"bild_mit_ki_erstellt_worden":[],"lead":"Sous la direction du conseiller f\u00e9d\u00e9ral Guy Parmelin, des repr\u00e9sentants des cantons, des villes et des communes ainsi que des secteurs de la construction et de l'immobilier et de la soci\u00e9t\u00e9 civile se sont mis d'accord sur plus de 30 mesures dans le plan d'action contre la p\u00e9nurie de logements. L'objectif est d'augmenter l'offre de logements et de cr\u00e9er davantage de logements de qualit\u00e9, \u00e0 des prix abordables et adapt\u00e9s aux besoins.","autor":"Quelle: Zimraum","ort":"","bildunterschrift":"","bild_im_grid":false,"gallerie":"","newsim":"333"},"aioseo_notices":[],"aioseo_head":"\n\t\t<!-- All in One SEO 5.0.0.1 - aioseo.com -->\n\t<meta name=\"description\" content=\"Sous la direction du conseiller f\u00e9d\u00e9ral Guy Parmelin, des repr\u00e9sentants des cantons, des villes et des communes ainsi que des secteurs de la construction et de l&#039;immobilier et de la soci\u00e9t\u00e9 civile se sont mis d&#039;accord sur plus de 30 mesures dans le plan d&#039;action contre la p\u00e9nurie de logements. L&#039;objectif est d&#039;augmenter l&#039;offre de logements et de cr\u00e9er davantage de logements de qualit\u00e9, \u00e0 des prix abordables et adapt\u00e9s aux besoins.\" \/>\n\t<meta name=\"robots\" content=\"max-image-preview:large\" \/>\n\t<meta name=\"author\" content=\"immovestuser\"\/>\n\t<meta name=\"google-site-verification\" content=\"fHJKvgWpZCR2zVBHWfkQeFXC11qieUSff0HGNYfuyLA\" \/>\n\t<link rel=\"canonical\" href=\"https:\/\/www.immo-invest.ch\/fr\/gemeinsam-wohnraum-schaffen-ihre-meinung-zaehlt\/\" \/>\n\t<meta name=\"generator\" content=\"All in One SEO (AIOSEO) 5.0.0.1\" \/>\n\t\t<meta property=\"og:locale\" content=\"fr_FR\" \/>\n\t\t<meta property=\"og:site_name\" content=\"immo!nvest - Die Plattform f\u00fcr Standorte und Immobilien - Die\u00a0Plattform f\u00fcr Standorte und Immobilien\" \/>\n\t\t<meta property=\"og:type\" content=\"article\" \/>\n\t\t<meta property=\"og:title\" content=\"Votre avis compte! \u2013 Cr\u00e9er des logements ensemble - immo!nvest - Die Plattform f\u00fcr Standorte und Immobilien\" \/>\n\t\t<meta property=\"og:description\" content=\"Sous la direction du conseiller f\u00e9d\u00e9ral Guy Parmelin, des repr\u00e9sentants des cantons, des villes et des communes ainsi que des secteurs de la construction et de l&#039;immobilier et de la soci\u00e9t\u00e9 civile se sont mis d&#039;accord sur plus de 30 mesures dans le plan d&#039;action contre la p\u00e9nurie de logements. L&#039;objectif est d&#039;augmenter l&#039;offre de logements et de cr\u00e9er davantage de logements de qualit\u00e9, \u00e0 des prix abordables et adapt\u00e9s aux besoins.\" \/>\n\t\t<meta property=\"og:url\" content=\"https:\/\/www.immo-invest.ch\/fr\/gemeinsam-wohnraum-schaffen-ihre-meinung-zaehlt\/\" \/>\n\t\t<meta property=\"og:image\" content=\"https:\/\/www.immo-invest.ch\/wp-content\/uploads\/2025\/03\/olten-25-scaled.jpg\" \/>\n\t\t<meta property=\"og:image:secure_url\" content=\"https:\/\/www.immo-invest.ch\/wp-content\/uploads\/2025\/03\/olten-25-scaled.jpg\" \/>\n\t\t<meta property=\"og:image:width\" content=\"2560\" \/>\n\t\t<meta property=\"og:image:height\" content=\"1704\" \/>\n\t\t<meta property=\"article:published_time\" content=\"2025-03-11T13:07:26+00:00\" \/>\n\t\t<meta property=\"article:modified_time\" content=\"2025-03-11T16:00:52+00:00\" \/>\n\t\t<meta property=\"article:publisher\" content=\"https:\/\/www.facebook.com\/people\/Immoinvest\/100077962920504\/\" \/>\n\t\t<meta name=\"twitter:card\" content=\"summary_large_image\" \/>\n\t\t<meta name=\"twitter:site\" content=\"@i\" \/>\n\t\t<meta name=\"twitter:title\" content=\"Votre avis compte! \u2013 Cr\u00e9er des logements ensemble - immo!nvest - Die Plattform f\u00fcr Standorte und Immobilien\" \/>\n\t\t<meta name=\"twitter:description\" content=\"Sous la direction du conseiller f\u00e9d\u00e9ral Guy Parmelin, des repr\u00e9sentants des cantons, des villes et des communes ainsi que des secteurs de la construction et de l&#039;immobilier et de la soci\u00e9t\u00e9 civile se sont mis d&#039;accord sur plus de 30 mesures dans le plan d&#039;action contre la p\u00e9nurie de logements. L&#039;objectif est d&#039;augmenter l&#039;offre de logements et de cr\u00e9er davantage de logements de qualit\u00e9, \u00e0 des prix abordables et adapt\u00e9s aux besoins.\" \/>\n\t\t<meta name=\"twitter:creator\" content=\"@i\" \/>\n\t\t<meta name=\"twitter:image\" content=\"https:\/\/www.immo-invest.ch\/wp-content\/uploads\/2025\/03\/olten-25-scaled.jpg\" \/>\n\t\t<script type=\"application\/ld+json\" class=\"aioseo-schema\">\n\t\t\t{\"@context\":\"https:\\\/\\\/schema.org\",\"@graph\":[{\"@type\":\"BlogPosting\",\"@id\":\"https:\\\/\\\/www.immo-invest.ch\\\/fr\\\/gemeinsam-wohnraum-schaffen-ihre-meinung-zaehlt\\\/#blogposting\",\"name\":\"Votre avis compte! \\u2013 Cr\\u00e9er des logements ensemble - immo!nvest - Die Plattform f\\u00fcr Standorte und Immobilien\",\"headline\":\"Votre avis compte! \\u2013 Cr\\u00e9er des logements ensemble\",\"author\":{\"@id\":\"https:\\\/\\\/www.immo-invest.ch\\\/fr\\\/author\\\/immovestuser\\\/#author\"},\"publisher\":{\"@id\":\"https:\\\/\\\/www.immo-invest.ch\\\/fr\\\/#organization\"},\"image\":{\"@type\":\"ImageObject\",\"url\":\"https:\\\/\\\/www.immo-invest.ch\\\/wp-content\\\/uploads\\\/2025\\\/03\\\/olten-25-scaled.jpg\",\"width\":2560,\"height\":1704,\"caption\":\"Quelle: Zimraum\"},\"datePublished\":\"2025-03-11T14:07:26+01:00\",\"dateModified\":\"2025-03-11T17:00:52+01:00\",\"inLanguage\":\"fr-FR\",\"mainEntityOfPage\":{\"@id\":\"https:\\\/\\\/www.immo-invest.ch\\\/fr\\\/gemeinsam-wohnraum-schaffen-ihre-meinung-zaehlt\\\/#webpage\"},\"isPartOf\":{\"@id\":\"https:\\\/\\\/www.immo-invest.ch\\\/fr\\\/gemeinsam-wohnraum-schaffen-ihre-meinung-zaehlt\\\/#webpage\"},\"articleSection\":\"Berne, immoNews, Industrie du b\\u00e2timent, R\\u00e9gions, Trends, Facultatif\"},{\"@type\":\"BreadcrumbList\",\"@id\":\"https:\\\/\\\/www.immo-invest.ch\\\/fr\\\/gemeinsam-wohnraum-schaffen-ihre-meinung-zaehlt\\\/#breadcrumblist\",\"itemListElement\":[{\"@type\":\"ListItem\",\"@id\":\"https:\\\/\\\/www.immo-invest.ch\\\/fr\\\/#listItem\",\"position\":1,\"name\":\"Home\",\"item\":\"https:\\\/\\\/www.immo-invest.ch\\\/fr\\\/\",\"nextItem\":{\"@type\":\"ListItem\",\"@id\":\"https:\\\/\\\/www.immo-invest.ch\\\/fr\\\/categories\\\/regions\\\/#listItem\",\"name\":\"R\\u00e9gions\"}},{\"@type\":\"ListItem\",\"@id\":\"https:\\\/\\\/www.immo-invest.ch\\\/fr\\\/categories\\\/regions\\\/#listItem\",\"position\":2,\"name\":\"R\\u00e9gions\",\"item\":\"https:\\\/\\\/www.immo-invest.ch\\\/fr\\\/categories\\\/regions\\\/\",\"nextItem\":{\"@type\":\"ListItem\",\"@id\":\"https:\\\/\\\/www.immo-invest.ch\\\/fr\\\/categories\\\/regions\\\/suisse\\\/#listItem\",\"name\":\"Suisse\"},\"previousItem\":{\"@type\":\"ListItem\",\"@id\":\"https:\\\/\\\/www.immo-invest.ch\\\/fr\\\/#listItem\",\"name\":\"Home\"}},{\"@type\":\"ListItem\",\"@id\":\"https:\\\/\\\/www.immo-invest.ch\\\/fr\\\/categories\\\/regions\\\/suisse\\\/#listItem\",\"position\":3,\"name\":\"Suisse\",\"item\":\"https:\\\/\\\/www.immo-invest.ch\\\/fr\\\/categories\\\/regions\\\/suisse\\\/\",\"nextItem\":{\"@type\":\"ListItem\",\"@id\":\"https:\\\/\\\/www.immo-invest.ch\\\/fr\\\/categories\\\/regions\\\/suisse\\\/espace-mittelland\\\/#listItem\",\"name\":\"Espace Mittelland\"},\"previousItem\":{\"@type\":\"ListItem\",\"@id\":\"https:\\\/\\\/www.immo-invest.ch\\\/fr\\\/categories\\\/regions\\\/#listItem\",\"name\":\"R\\u00e9gions\"}},{\"@type\":\"ListItem\",\"@id\":\"https:\\\/\\\/www.immo-invest.ch\\\/fr\\\/categories\\\/regions\\\/suisse\\\/espace-mittelland\\\/#listItem\",\"position\":4,\"name\":\"Espace Mittelland\",\"item\":\"https:\\\/\\\/www.immo-invest.ch\\\/fr\\\/categories\\\/regions\\\/suisse\\\/espace-mittelland\\\/\",\"nextItem\":{\"@type\":\"ListItem\",\"@id\":\"https:\\\/\\\/www.immo-invest.ch\\\/fr\\\/categories\\\/regions\\\/suisse\\\/espace-mittelland\\\/region-berne\\\/#listItem\",\"name\":\"Berne\"},\"previousItem\":{\"@type\":\"ListItem\",\"@id\":\"https:\\\/\\\/www.immo-invest.ch\\\/fr\\\/categories\\\/regions\\\/suisse\\\/#listItem\",\"name\":\"Suisse\"}},{\"@type\":\"ListItem\",\"@id\":\"https:\\\/\\\/www.immo-invest.ch\\\/fr\\\/categories\\\/regions\\\/suisse\\\/espace-mittelland\\\/region-berne\\\/#listItem\",\"position\":5,\"name\":\"Berne\",\"item\":\"https:\\\/\\\/www.immo-invest.ch\\\/fr\\\/categories\\\/regions\\\/suisse\\\/espace-mittelland\\\/region-berne\\\/\",\"nextItem\":{\"@type\":\"ListItem\",\"@id\":\"https:\\\/\\\/www.immo-invest.ch\\\/fr\\\/gemeinsam-wohnraum-schaffen-ihre-meinung-zaehlt\\\/#listItem\",\"name\":\"Votre avis compte! \\u2013 Cr\\u00e9er des logements ensemble\"},\"previousItem\":{\"@type\":\"ListItem\",\"@id\":\"https:\\\/\\\/www.immo-invest.ch\\\/fr\\\/categories\\\/regions\\\/suisse\\\/espace-mittelland\\\/#listItem\",\"name\":\"Espace Mittelland\"}},{\"@type\":\"ListItem\",\"@id\":\"https:\\\/\\\/www.immo-invest.ch\\\/fr\\\/gemeinsam-wohnraum-schaffen-ihre-meinung-zaehlt\\\/#listItem\",\"position\":6,\"name\":\"Votre avis compte! \\u2013 Cr\\u00e9er des logements ensemble\",\"previousItem\":{\"@type\":\"ListItem\",\"@id\":\"https:\\\/\\\/www.immo-invest.ch\\\/fr\\\/categories\\\/regions\\\/suisse\\\/espace-mittelland\\\/region-berne\\\/#listItem\",\"name\":\"Berne\"}}]},{\"@type\":\"Organization\",\"@id\":\"https:\\\/\\\/www.immo-invest.ch\\\/fr\\\/#organization\",\"name\":\"immo!nvest - Die Plattform f\\u00fcr Standorte und Immobilien\",\"description\":\"Die\\u00a0Plattform f\\u00fcr Standorte und Immobilien\",\"url\":\"https:\\\/\\\/www.immo-invest.ch\\\/fr\\\/\",\"email\":\"admin@immomedia.ag\",\"telephone\":\"+41444420002\",\"logo\":{\"@type\":\"ImageObject\",\"url\":\"https:\\\/\\\/www.immo-invest.ch\\\/wp-content\\\/uploads\\\/2024\\\/09\\\/immoinvest_sm-scaled.jpg\",\"@id\":\"https:\\\/\\\/www.immo-invest.ch\\\/fr\\\/gemeinsam-wohnraum-schaffen-ihre-meinung-zaehlt\\\/#organizationLogo\",\"width\":2560,\"height\":1340},\"image\":{\"@id\":\"https:\\\/\\\/www.immo-invest.ch\\\/fr\\\/gemeinsam-wohnraum-schaffen-ihre-meinung-zaehlt\\\/#organizationLogo\"},\"sameAs\":[\"https:\\\/\\\/www.facebook.com\\\/people\\\/Immoinvest\\\/100077962920504\\\/\",\"https:\\\/\\\/x.com\\\/i\\\/flow\\\/login?redirect_after_login=immoinvest_ch\",\"https:\\\/\\\/www.instagram.com\\\/immoinvest_ch\\\/\",\"https:\\\/\\\/www.linkedin.com\\\/company\\\/immoinvest-swiss\"]},{\"@type\":\"Person\",\"@id\":\"https:\\\/\\\/www.immo-invest.ch\\\/fr\\\/author\\\/immovestuser\\\/#author\",\"url\":\"https:\\\/\\\/www.immo-invest.ch\\\/fr\\\/author\\\/immovestuser\\\/\",\"name\":\"immovestuser\",\"image\":{\"@type\":\"ImageObject\",\"@id\":\"https:\\\/\\\/www.immo-invest.ch\\\/fr\\\/gemeinsam-wohnraum-schaffen-ihre-meinung-zaehlt\\\/#authorImage\",\"url\":\"https:\\\/\\\/secure.gravatar.com\\\/avatar\\\/8e01f4d99f2eeea7a362ebb93305e1172a70e9293ba250f897a65c39f54cdd1e?s=96&d=mm&r=g\",\"width\":96,\"height\":96,\"caption\":\"immovestuser\"}},{\"@type\":\"WebPage\",\"@id\":\"https:\\\/\\\/www.immo-invest.ch\\\/fr\\\/gemeinsam-wohnraum-schaffen-ihre-meinung-zaehlt\\\/#webpage\",\"url\":\"https:\\\/\\\/www.immo-invest.ch\\\/fr\\\/gemeinsam-wohnraum-schaffen-ihre-meinung-zaehlt\\\/\",\"name\":\"Votre avis compte! \\u2013 Cr\\u00e9er des logements ensemble - immo!nvest - Die Plattform f\\u00fcr Standorte und Immobilien\",\"description\":\"Sous la direction du conseiller f\\u00e9d\\u00e9ral Guy Parmelin, des repr\\u00e9sentants des cantons, des villes et des communes ainsi que des secteurs de la construction et de l'immobilier et de la soci\\u00e9t\\u00e9 civile se sont mis d'accord sur plus de 30 mesures dans le plan d'action contre la p\\u00e9nurie de logements. L'objectif est d'augmenter l'offre de logements et de cr\\u00e9er davantage de logements de qualit\\u00e9, \\u00e0 des prix abordables et adapt\\u00e9s aux besoins.\",\"inLanguage\":\"fr-FR\",\"isPartOf\":{\"@id\":\"https:\\\/\\\/www.immo-invest.ch\\\/fr\\\/#website\"},\"breadcrumb\":{\"@id\":\"https:\\\/\\\/www.immo-invest.ch\\\/fr\\\/gemeinsam-wohnraum-schaffen-ihre-meinung-zaehlt\\\/#breadcrumblist\"},\"author\":{\"@id\":\"https:\\\/\\\/www.immo-invest.ch\\\/fr\\\/author\\\/immovestuser\\\/#author\"},\"creator\":{\"@id\":\"https:\\\/\\\/www.immo-invest.ch\\\/fr\\\/author\\\/immovestuser\\\/#author\"},\"image\":{\"@type\":\"ImageObject\",\"url\":\"https:\\\/\\\/www.immo-invest.ch\\\/wp-content\\\/uploads\\\/2025\\\/03\\\/olten-25-scaled.jpg\",\"@id\":\"https:\\\/\\\/www.immo-invest.ch\\\/fr\\\/gemeinsam-wohnraum-schaffen-ihre-meinung-zaehlt\\\/#mainImage\",\"width\":2560,\"height\":1704,\"caption\":\"Quelle: Zimraum\"},\"primaryImageOfPage\":{\"@id\":\"https:\\\/\\\/www.immo-invest.ch\\\/fr\\\/gemeinsam-wohnraum-schaffen-ihre-meinung-zaehlt\\\/#mainImage\"},\"datePublished\":\"2025-03-11T14:07:26+01:00\",\"dateModified\":\"2025-03-11T17:00:52+01:00\"},{\"@type\":\"WebSite\",\"@id\":\"https:\\\/\\\/www.immo-invest.ch\\\/fr\\\/#website\",\"url\":\"https:\\\/\\\/www.immo-invest.ch\\\/fr\\\/\",\"name\":\"immo!nvest - Die Plattform f\\u00fcr Standorte und Immobilien\",\"description\":\"Die\\u00a0Plattform f\\u00fcr Standorte und Immobilien\",\"inLanguage\":\"fr-FR\",\"publisher\":{\"@id\":\"https:\\\/\\\/www.immo-invest.ch\\\/fr\\\/#organization\"}}]}\n\t\t<\/script>\n\t\t<!-- All in One SEO -->\n\n","aioseo_head_json":{"title":"Votre avis compte! \u2013 Cr\u00e9er des logements ensemble - immo!nvest - Die Plattform f\u00fcr Standorte und Immobilien","description":"Sous la direction du conseiller f\u00e9d\u00e9ral Guy Parmelin, des repr\u00e9sentants des cantons, des villes et des communes ainsi que des secteurs de la construction et de l'immobilier et de la soci\u00e9t\u00e9 civile se sont mis d'accord sur plus de 30 mesures dans le plan d'action contre la p\u00e9nurie de logements. L'objectif est d'augmenter l'offre de logements et de cr\u00e9er davantage de logements de qualit\u00e9, \u00e0 des prix abordables et adapt\u00e9s aux besoins.","canonical_url":"https:\/\/www.immo-invest.ch\/fr\/gemeinsam-wohnraum-schaffen-ihre-meinung-zaehlt\/","robots":"max-image-preview:large","keywords":"","webmasterTools":{"google-site-verification":"fHJKvgWpZCR2zVBHWfkQeFXC11qieUSff0HGNYfuyLA","miscellaneous":""},"schema":{"@context":"https:\/\/schema.org","@graph":[{"@type":"BlogPosting","@id":"https:\/\/www.immo-invest.ch\/fr\/gemeinsam-wohnraum-schaffen-ihre-meinung-zaehlt\/#blogposting","name":"Votre avis compte! \u2013 Cr\u00e9er des logements ensemble - immo!nvest - Die Plattform f\u00fcr Standorte und Immobilien","headline":"Votre avis compte! \u2013 Cr\u00e9er des logements ensemble","author":{"@id":"https:\/\/www.immo-invest.ch\/fr\/author\/immovestuser\/#author"},"publisher":{"@id":"https:\/\/www.immo-invest.ch\/fr\/#organization"},"image":{"@type":"ImageObject","url":"https:\/\/www.immo-invest.ch\/wp-content\/uploads\/2025\/03\/olten-25-scaled.jpg","width":2560,"height":1704,"caption":"Quelle: Zimraum"},"datePublished":"2025-03-11T14:07:26+01:00","dateModified":"2025-03-11T17:00:52+01:00","inLanguage":"fr-FR","mainEntityOfPage":{"@id":"https:\/\/www.immo-invest.ch\/fr\/gemeinsam-wohnraum-schaffen-ihre-meinung-zaehlt\/#webpage"},"isPartOf":{"@id":"https:\/\/www.immo-invest.ch\/fr\/gemeinsam-wohnraum-schaffen-ihre-meinung-zaehlt\/#webpage"},"articleSection":"Berne, immoNews, Industrie du b\u00e2timent, R\u00e9gions, Trends, Facultatif"},{"@type":"BreadcrumbList","@id":"https:\/\/www.immo-invest.ch\/fr\/gemeinsam-wohnraum-schaffen-ihre-meinung-zaehlt\/#breadcrumblist","itemListElement":[{"@type":"ListItem","@id":"https:\/\/www.immo-invest.ch\/fr\/#listItem","position":1,"name":"Home","item":"https:\/\/www.immo-invest.ch\/fr\/","nextItem":{"@type":"ListItem","@id":"https:\/\/www.immo-invest.ch\/fr\/categories\/regions\/#listItem","name":"R\u00e9gions"}},{"@type":"ListItem","@id":"https:\/\/www.immo-invest.ch\/fr\/categories\/regions\/#listItem","position":2,"name":"R\u00e9gions","item":"https:\/\/www.immo-invest.ch\/fr\/categories\/regions\/","nextItem":{"@type":"ListItem","@id":"https:\/\/www.immo-invest.ch\/fr\/categories\/regions\/suisse\/#listItem","name":"Suisse"},"previousItem":{"@type":"ListItem","@id":"https:\/\/www.immo-invest.ch\/fr\/#listItem","name":"Home"}},{"@type":"ListItem","@id":"https:\/\/www.immo-invest.ch\/fr\/categories\/regions\/suisse\/#listItem","position":3,"name":"Suisse","item":"https:\/\/www.immo-invest.ch\/fr\/categories\/regions\/suisse\/","nextItem":{"@type":"ListItem","@id":"https:\/\/www.immo-invest.ch\/fr\/categories\/regions\/suisse\/espace-mittelland\/#listItem","name":"Espace Mittelland"},"previousItem":{"@type":"ListItem","@id":"https:\/\/www.immo-invest.ch\/fr\/categories\/regions\/#listItem","name":"R\u00e9gions"}},{"@type":"ListItem","@id":"https:\/\/www.immo-invest.ch\/fr\/categories\/regions\/suisse\/espace-mittelland\/#listItem","position":4,"name":"Espace Mittelland","item":"https:\/\/www.immo-invest.ch\/fr\/categories\/regions\/suisse\/espace-mittelland\/","nextItem":{"@type":"ListItem","@id":"https:\/\/www.immo-invest.ch\/fr\/categories\/regions\/suisse\/espace-mittelland\/region-berne\/#listItem","name":"Berne"},"previousItem":{"@type":"ListItem","@id":"https:\/\/www.immo-invest.ch\/fr\/categories\/regions\/suisse\/#listItem","name":"Suisse"}},{"@type":"ListItem","@id":"https:\/\/www.immo-invest.ch\/fr\/categories\/regions\/suisse\/espace-mittelland\/region-berne\/#listItem","position":5,"name":"Berne","item":"https:\/\/www.immo-invest.ch\/fr\/categories\/regions\/suisse\/espace-mittelland\/region-berne\/","nextItem":{"@type":"ListItem","@id":"https:\/\/www.immo-invest.ch\/fr\/gemeinsam-wohnraum-schaffen-ihre-meinung-zaehlt\/#listItem","name":"Votre avis compte! \u2013 Cr\u00e9er des logements ensemble"},"previousItem":{"@type":"ListItem","@id":"https:\/\/www.immo-invest.ch\/fr\/categories\/regions\/suisse\/espace-mittelland\/#listItem","name":"Espace Mittelland"}},{"@type":"ListItem","@id":"https:\/\/www.immo-invest.ch\/fr\/gemeinsam-wohnraum-schaffen-ihre-meinung-zaehlt\/#listItem","position":6,"name":"Votre avis compte! \u2013 Cr\u00e9er des logements ensemble","previousItem":{"@type":"ListItem","@id":"https:\/\/www.immo-invest.ch\/fr\/categories\/regions\/suisse\/espace-mittelland\/region-berne\/#listItem","name":"Berne"}}]},{"@type":"Organization","@id":"https:\/\/www.immo-invest.ch\/fr\/#organization","name":"immo!nvest - Die Plattform f\u00fcr Standorte und Immobilien","description":"Die\u00a0Plattform f\u00fcr Standorte und Immobilien","url":"https:\/\/www.immo-invest.ch\/fr\/","email":"admin@immomedia.ag","telephone":"+41444420002","logo":{"@type":"ImageObject","url":"https:\/\/www.immo-invest.ch\/wp-content\/uploads\/2024\/09\/immoinvest_sm-scaled.jpg","@id":"https:\/\/www.immo-invest.ch\/fr\/gemeinsam-wohnraum-schaffen-ihre-meinung-zaehlt\/#organizationLogo","width":2560,"height":1340},"image":{"@id":"https:\/\/www.immo-invest.ch\/fr\/gemeinsam-wohnraum-schaffen-ihre-meinung-zaehlt\/#organizationLogo"},"sameAs":["https:\/\/www.facebook.com\/people\/Immoinvest\/100077962920504\/","https:\/\/x.com\/i\/flow\/login?redirect_after_login=immoinvest_ch","https:\/\/www.instagram.com\/immoinvest_ch\/","https:\/\/www.linkedin.com\/company\/immoinvest-swiss"]},{"@type":"Person","@id":"https:\/\/www.immo-invest.ch\/fr\/author\/immovestuser\/#author","url":"https:\/\/www.immo-invest.ch\/fr\/author\/immovestuser\/","name":"immovestuser","image":{"@type":"ImageObject","@id":"https:\/\/www.immo-invest.ch\/fr\/gemeinsam-wohnraum-schaffen-ihre-meinung-zaehlt\/#authorImage","url":"https:\/\/secure.gravatar.com\/avatar\/8e01f4d99f2eeea7a362ebb93305e1172a70e9293ba250f897a65c39f54cdd1e?s=96&d=mm&r=g","width":96,"height":96,"caption":"immovestuser"}},{"@type":"WebPage","@id":"https:\/\/www.immo-invest.ch\/fr\/gemeinsam-wohnraum-schaffen-ihre-meinung-zaehlt\/#webpage","url":"https:\/\/www.immo-invest.ch\/fr\/gemeinsam-wohnraum-schaffen-ihre-meinung-zaehlt\/","name":"Votre avis compte! \u2013 Cr\u00e9er des logements ensemble - immo!nvest - Die Plattform f\u00fcr Standorte und Immobilien","description":"Sous la direction du conseiller f\u00e9d\u00e9ral Guy Parmelin, des repr\u00e9sentants des cantons, des villes et des communes ainsi que des secteurs de la construction et de l'immobilier et de la soci\u00e9t\u00e9 civile se sont mis d'accord sur plus de 30 mesures dans le plan d'action contre la p\u00e9nurie de logements. L'objectif est d'augmenter l'offre de logements et de cr\u00e9er davantage de logements de qualit\u00e9, \u00e0 des prix abordables et adapt\u00e9s aux besoins.","inLanguage":"fr-FR","isPartOf":{"@id":"https:\/\/www.immo-invest.ch\/fr\/#website"},"breadcrumb":{"@id":"https:\/\/www.immo-invest.ch\/fr\/gemeinsam-wohnraum-schaffen-ihre-meinung-zaehlt\/#breadcrumblist"},"author":{"@id":"https:\/\/www.immo-invest.ch\/fr\/author\/immovestuser\/#author"},"creator":{"@id":"https:\/\/www.immo-invest.ch\/fr\/author\/immovestuser\/#author"},"image":{"@type":"ImageObject","url":"https:\/\/www.immo-invest.ch\/wp-content\/uploads\/2025\/03\/olten-25-scaled.jpg","@id":"https:\/\/www.immo-invest.ch\/fr\/gemeinsam-wohnraum-schaffen-ihre-meinung-zaehlt\/#mainImage","width":2560,"height":1704,"caption":"Quelle: Zimraum"},"primaryImageOfPage":{"@id":"https:\/\/www.immo-invest.ch\/fr\/gemeinsam-wohnraum-schaffen-ihre-meinung-zaehlt\/#mainImage"},"datePublished":"2025-03-11T14:07:26+01:00","dateModified":"2025-03-11T17:00:52+01:00"},{"@type":"WebSite","@id":"https:\/\/www.immo-invest.ch\/fr\/#website","url":"https:\/\/www.immo-invest.ch\/fr\/","name":"immo!nvest - Die Plattform f\u00fcr Standorte und Immobilien","description":"Die\u00a0Plattform f\u00fcr Standorte und Immobilien","inLanguage":"fr-FR","publisher":{"@id":"https:\/\/www.immo-invest.ch\/fr\/#organization"}}]},"og:locale":"fr_FR","og:site_name":"immo!nvest - Die Plattform f\u00fcr Standorte und Immobilien - Die\u00a0Plattform f\u00fcr Standorte und Immobilien","og:type":"article","og:title":"Votre avis compte! \u2013 Cr\u00e9er des logements ensemble - immo!nvest - Die Plattform f\u00fcr Standorte und Immobilien","og:description":"Sous la direction du conseiller f\u00e9d\u00e9ral Guy Parmelin, des repr\u00e9sentants des cantons, des villes et des communes ainsi que des secteurs de la construction et de l'immobilier et de la soci\u00e9t\u00e9 civile se sont mis d'accord sur plus de 30 mesures dans le plan d'action contre la p\u00e9nurie de logements. L'objectif est d'augmenter l'offre de logements et de cr\u00e9er davantage de logements de qualit\u00e9, \u00e0 des prix abordables et adapt\u00e9s aux besoins.","og:url":"https:\/\/www.immo-invest.ch\/fr\/gemeinsam-wohnraum-schaffen-ihre-meinung-zaehlt\/","og:image":"https:\/\/www.immo-invest.ch\/wp-content\/uploads\/2025\/03\/olten-25-scaled.jpg","og:image:secure_url":"https:\/\/www.immo-invest.ch\/wp-content\/uploads\/2025\/03\/olten-25-scaled.jpg","og:image:width":2560,"og:image:height":1704,"article:published_time":"2025-03-11T13:07:26+00:00","article:modified_time":"2025-03-11T16:00:52+00:00","article:publisher":"https:\/\/www.facebook.com\/people\/Immoinvest\/100077962920504\/","twitter:card":"summary_large_image","twitter:site":"@i","twitter:title":"Votre avis compte! \u2013 Cr\u00e9er des logements ensemble - immo!nvest - Die Plattform f\u00fcr Standorte und Immobilien","twitter:description":"Sous la direction du conseiller f\u00e9d\u00e9ral Guy Parmelin, des repr\u00e9sentants des cantons, des villes et des communes ainsi que des secteurs de la construction et de l'immobilier et de la soci\u00e9t\u00e9 civile se sont mis d'accord sur plus de 30 mesures dans le plan d'action contre la p\u00e9nurie de logements. L'objectif est d'augmenter l'offre de logements et de cr\u00e9er davantage de logements de qualit\u00e9, \u00e0 des prix abordables et adapt\u00e9s aux besoins.","twitter:creator":"@i","twitter:image":"https:\/\/www.immo-invest.ch\/wp-content\/uploads\/2025\/03\/olten-25-scaled.jpg"},"aioseo_meta_data":{"post_id":"128069","title":null,"description":null,"keywords":null,"keyphrases":{"focus":{"keyphrase":"","score":0,"analysis":{"keyphraseInTitle":{"score":0,"maxScore":9,"error":1}}},"additional":[]},"primary_term":null,"canonical_url":null,"og_title":null,"og_description":null,"og_object_type":"default","og_image_type":"default","og_image_url":null,"og_image_width":null,"og_image_height":null,"og_image_custom_url":null,"og_image_custom_fields":null,"og_video":"","og_custom_url":null,"og_article_section":null,"og_article_tags":null,"twitter_use_og":false,"twitter_card":"default","twitter_image_type":"default","twitter_image_url":null,"twitter_image_custom_url":null,"twitter_image_custom_fields":null,"twitter_title":null,"twitter_description":null,"schema":{"blockGraphs":[],"customGraphs":[],"default":{"data":{"Article":[],"Course":[],"Dataset":[],"FAQPage":[],"Movie":[],"Person":[],"Product":[],"ProductReview":[],"Car":[],"Recipe":[],"Service":[],"SoftwareApplication":[],"WebPage":[]},"graphName":"BlogPosting","isEnabled":true},"graphs":[]},"schema_type":"default","schema_type_options":null,"pillar_content":false,"robots_default":true,"robots_noindex":false,"robots_noarchive":false,"robots_nosnippet":false,"robots_nofollow":false,"robots_noimageindex":false,"robots_noodp":false,"robots_notranslate":false,"robots_max_snippet":"-1","robots_max_videopreview":"-1","robots_max_imagepreview":"large","priority":null,"frequency":"default","local_seo":null,"breadcrumb_settings":null,"limit_modified_date":false,"ai":null,"created":"2025-03-11 13:18:56","updated":"2025-10-24 17:49:23","seo_analyzer_scan_date":null,"focus_keyword":null,"additional_keywords":null,"truseo_locale":null},"aioseo_breadcrumb":"<div class=\"aioseo-breadcrumbs\"><span class=\"aioseo-breadcrumb\">\n\t\t\t<a href=\"https:\/\/www.immo-invest.ch\/fr\/\" title=\"Home\">Home<\/a>\n\t\t<\/span><span class=\"aioseo-breadcrumb-separator\">&raquo;<\/span><span class=\"aioseo-breadcrumb\">\n\t\t\t<a href=\"https:\/\/www.immo-invest.ch\/fr\/categories\/regions\/\" title=\"R\u00e9gions\">R\u00e9gions<\/a>\n\t\t<\/span><span class=\"aioseo-breadcrumb-separator\">&raquo;<\/span><span class=\"aioseo-breadcrumb\">\n\t\t\t<a href=\"https:\/\/www.immo-invest.ch\/fr\/categories\/regions\/suisse\/\" title=\"Suisse\">Suisse<\/a>\n\t\t<\/span><span class=\"aioseo-breadcrumb-separator\">&raquo;<\/span><span class=\"aioseo-breadcrumb\">\n\t\t\t<a href=\"https:\/\/www.immo-invest.ch\/fr\/categories\/regions\/suisse\/espace-mittelland\/\" title=\"Espace Mittelland\">Espace Mittelland<\/a>\n\t\t<\/span><span class=\"aioseo-breadcrumb-separator\">&raquo;<\/span><span class=\"aioseo-breadcrumb\">\n\t\t\t<a href=\"https:\/\/www.immo-invest.ch\/fr\/categories\/regions\/suisse\/espace-mittelland\/region-berne\/\" title=\"Berne\">Berne<\/a>\n\t\t<\/span><span class=\"aioseo-breadcrumb-separator\">&raquo;<\/span><span class=\"aioseo-breadcrumb\">\n\t\t\tVotre avis compte! \u2013 Cr\u00e9er des logements ensemble\n\t\t<\/span><\/div>","aioseo_breadcrumb_json":[{"label":"Home","link":"https:\/\/www.immo-invest.ch\/fr\/"},{"label":"R\u00e9gions","link":"https:\/\/www.immo-invest.ch\/fr\/categories\/regions\/"},{"label":"Suisse","link":"https:\/\/www.immo-invest.ch\/fr\/categories\/regions\/suisse\/"},{"label":"Espace Mittelland","link":"https:\/\/www.immo-invest.ch\/fr\/categories\/regions\/suisse\/espace-mittelland\/"},{"label":"Berne","link":"https:\/\/www.immo-invest.ch\/fr\/categories\/regions\/suisse\/espace-mittelland\/region-berne\/"},{"label":"Votre avis compte! \u2013 Cr\u00e9er des logements ensemble","link":"https:\/\/www.immo-invest.ch\/fr\/gemeinsam-wohnraum-schaffen-ihre-meinung-zaehlt\/"}],"featured_image_src":"https:\/\/www.immo-invest.ch\/wp-content\/uploads\/2025\/03\/olten-25-336x168.jpg","_links":{"self":[{"href":"https:\/\/www.immo-invest.ch\/fr\/wp-json\/wp\/v2\/posts\/128069","targetHints":{"allow":["GET"]}}],"collection":[{"href":"https:\/\/www.immo-invest.ch\/fr\/wp-json\/wp\/v2\/posts"}],"about":[{"href":"https:\/\/www.immo-invest.ch\/fr\/wp-json\/wp\/v2\/types\/post"}],"author":[{"embeddable":true,"href":"https:\/\/www.immo-invest.ch\/fr\/wp-json\/wp\/v2\/users\/2"}],"replies":[{"embeddable":true,"href":"https:\/\/www.immo-invest.ch\/fr\/wp-json\/wp\/v2\/comments?post=128069"}],"version-history":[{"count":0,"href":"https:\/\/www.immo-invest.ch\/fr\/wp-json\/wp\/v2\/posts\/128069\/revisions"}],"wp:featuredmedia":[{"embeddable":true,"href":"https:\/\/www.immo-invest.ch\/fr\/wp-json\/wp\/v2\/media\/128034"}],"wp:attachment":[{"href":"https:\/\/www.immo-invest.ch\/fr\/wp-json\/wp\/v2\/media?parent=128069"}],"wp:term":[{"taxonomy":"category","embeddable":true,"href":"https:\/\/www.immo-invest.ch\/fr\/wp-json\/wp\/v2\/categories?post=128069"},{"taxonomy":"post_tag","embeddable":true,"href":"https:\/\/www.immo-invest.ch\/fr\/wp-json\/wp\/v2\/tags?post=128069"}],"curies":[{"name":"wp","href":"https:\/\/api.w.org\/{rel}","templated":true}]}}