{"id":127950,"date":"2025-03-13T12:27:00","date_gmt":"2025-03-13T11:27:00","guid":{"rendered":"https:\/\/www.immo-invest.ch\/?p=127950"},"modified":"2025-03-11T09:42:01","modified_gmt":"2025-03-11T08:42:01","slug":"kanton-luzern-plant-investitonen-in-lebens-und-wirtschaftsstandort","status":"publish","type":"post","link":"https:\/\/www.immo-invest.ch\/fr\/kanton-luzern-plant-investitonen-in-lebens-und-wirtschaftsstandort\/","title":{"rendered":"Le canton de Lucerne pr\u00e9voit d&rsquo;investir dans le cadre de vie et l&rsquo;\u00e9conomie"},"content":{"rendered":"<p class=\"bodytext\">Le <a href=\"https:\/\/www.lu.ch\/\" target=\"_blank\" rel=\"noopener\">canton de Lucerne<\/a> pr&eacute;voit une offensive d&rsquo;investissement pour promouvoir son site. En raison de l&rsquo;&eacute;volution de la fiscalit&eacute; internationale, comme l&rsquo;imposition minimale de l&rsquo;OCDE, le canton &laquo;&nbsp;perd son avantage concurrentiel de faible imposition des b&eacute;n&eacute;fices des entreprises pour les grandes entreprises internationales&nbsp;&raquo;, explique la <a href=\"https:\/\/www.lu.ch\/verwaltung\/staatskanzlei\" target=\"_blank\" rel=\"noopener\">chancellerie d&rsquo;&Eacute;tat<\/a> cantonale dans un <a href=\"https:\/\/news.lu.ch\/html_mail.jsp?id=0&amp;email=news.lu.ch&amp;mailref=000kowq0000ti00000000000004wi4tp\" target=\"_blank\" rel=\"noopener\">communiqu&eacute;<\/a>. Concr&egrave;tement, on craint que les entreprises concern&eacute;es ne se d&eacute;localisent ou ne limitent leurs investissements dans le canton. Le Conseil d&rsquo;&Eacute;tat veut y rem&eacute;dier en investissant de mani&egrave;re cibl&eacute;e dans le lieu de vie et le site &eacute;conomique.<\/p>\n<p class=\"bodytext\">Un projet mis en consultation par le <a href=\"https:\/\/www.lu.ch\/regierung\" target=\"_blank\" rel=\"noopener\">Conseil d&rsquo;&Eacute;tat<\/a> le 10 mars pr&eacute;voit d&rsquo;investir 300 millions de francs par an &agrave; partir de 2026 dans un vaste ensemble de mesures. &laquo;&nbsp;Le canton de Lucerne se porte bien, nous avons ainsi la possibilit&eacute; d&rsquo;investir dans notre espace de vie et notre espace &eacute;conomique et de rester attractifs &agrave; long terme&nbsp;&raquo;, d&eacute;clare Fabian Peter, chef du d&eacute;partement cantonal des constructions, de l&rsquo;environnement et de l&rsquo;&eacute;conomie, cit&eacute; dans le communiqu&eacute;. &laquo;&nbsp;C&rsquo;est l&rsquo;objectif de ce projet de loi&nbsp;&raquo;<\/p>\n<p class=\"bodytext\">Deux tiers des fonds sont destin&eacute;s &agrave; renforcer la place &eacute;conomique. L&rsquo;accent est mis sur la promotion de l&rsquo;<span class=\"glossaryLink\" aria-describedby=\"tt\" data-cmtooltip=\"&lt;div class=glossaryItemTitle&gt;Innovation&lt;\/div&gt;&lt;div class=glossaryItemBody&gt;Innovation in der heutigen Immobilienwelt bedeutet vor allem Digitalisierung von Prozessen. Zum Beispiel das Eliminieren von Tausenden von Excel-Bl&auml;ttern f&uuml;r Portfolio- und Asset-Manager oder das Erstellen einer Anwendung (App) f&uuml;r alle Formalit&auml;ten rund um die Beziehung zwischen Immobilieneigent&uuml;mern, - verwaltung und -mietern.&lt;\/div&gt;\" data-mobile-support=\"0\" data-gt-translate-attributes='[{\"attribute\":\"data-cmtooltip\", \"format\":\"html\"}]' tabindex=\"0\" role=\"link\">innovation<\/span> ainsi que sur l&rsquo;am&eacute;lioration des conditions-cadres en mati&egrave;re de num&eacute;risation, de disponibilit&eacute; des surfaces &eacute;conomiques et d&rsquo;administration orient&eacute;e vers le client. Sur les 100 millions de francs restants en faveur de la population lucernoise, la part du lion, soit 70 millions de francs, est pr&eacute;vue pour une baisse du coefficient fiscal pour les personnes physiques.<\/p>\n","protected":false},"excerpt":{"rendered":"<p>Le canton de Lucerne part du principe que l&rsquo;imposition minimale de l&rsquo;OCDE va d\u00e9t\u00e9riorer l&rsquo;attractivit\u00e9 de sa place \u00e9conomique. Il veut y rem\u00e9dier en investissant 300 millions de francs par an \u00e0 partir de 2026. Les investissements doivent \u00eatre cibl\u00e9s sur le lieu de vie et le site \u00e9conomique.<\/p>\n","protected":false},"author":2,"featured_media":111460,"comment_status":"open","ping_status":"open","sticky":false,"template":"","format":"standard","meta":{"pmpro_default_level":"","inline_featured_image":false,"_monsterinsights_skip_tracking":false,"footnotes":""},"categories":[9430,743,22357,9437],"tags":[872,3931,2002,5512,52059,1597],"class_list":["post-127950","post","type-post","status-publish","format-standard","has-post-thumbnail","hentry","category-business-fr","category-immonews-fr","category-industrie-du-batiment","category-region-lucerne","tag-immoinvest-fr","tag-immonews-fr","tag-news-fr","tag-standortentwicklung-fr","tag-steuerreform-fr","tag-wirtschaftsfoerderung-fr","pmpro-has-access"],"acf":{"bild_mit_ki_erstellt_worden":[],"lead":"Le canton de Lucerne part du principe que l'imposition minimale de l'OCDE va d\u00e9t\u00e9riorer l'attractivit\u00e9 de sa place \u00e9conomique. Il veut y rem\u00e9dier en investissant 300 millions de francs par an \u00e0 partir de 2026. Les investissements doivent \u00eatre cibl\u00e9s sur le lieu de vie et le site \u00e9conomique.","autor":"ce\/hs","ort":"Luzern ","bildunterschrift":"","bild_im_grid":false,"gallerie":"","newsim":""},"aioseo_notices":[],"aioseo_head":"\n\t\t<!-- All in One SEO 5.0.0.1 - aioseo.com -->\n\t<meta name=\"description\" content=\"Le canton de Lucerne part du principe que l&#039;imposition minimale de l&#039;OCDE va d\u00e9t\u00e9riorer l&#039;attractivit\u00e9 de sa place \u00e9conomique. Il veut y rem\u00e9dier en investissant 300 millions de francs par an \u00e0 partir de 2026. Les investissements doivent \u00eatre cibl\u00e9s sur le lieu de vie et le site \u00e9conomique.\" \/>\n\t<meta name=\"robots\" content=\"max-image-preview:large\" \/>\n\t<meta name=\"author\" content=\"immovestuser\"\/>\n\t<meta name=\"google-site-verification\" content=\"fHJKvgWpZCR2zVBHWfkQeFXC11qieUSff0HGNYfuyLA\" \/>\n\t<link rel=\"canonical\" href=\"https:\/\/www.immo-invest.ch\/fr\/kanton-luzern-plant-investitonen-in-lebens-und-wirtschaftsstandort\/\" \/>\n\t<meta name=\"generator\" content=\"All in One SEO (AIOSEO) 5.0.0.1\" \/>\n\t\t<meta property=\"og:locale\" content=\"fr_FR\" \/>\n\t\t<meta property=\"og:site_name\" content=\"immo!nvest - Die Plattform f\u00fcr Standorte und Immobilien - Die\u00a0Plattform f\u00fcr Standorte und Immobilien\" \/>\n\t\t<meta property=\"og:type\" content=\"article\" \/>\n\t\t<meta property=\"og:title\" content=\"Le canton de Lucerne pr\u00e9voit d\u2019investir dans le cadre de vie et l\u2019\u00e9conomie - immo!nvest - Die Plattform f\u00fcr Standorte und Immobilien\" \/>\n\t\t<meta property=\"og:description\" content=\"Le canton de Lucerne part du principe que l&#039;imposition minimale de l&#039;OCDE va d\u00e9t\u00e9riorer l&#039;attractivit\u00e9 de sa place \u00e9conomique. Il veut y rem\u00e9dier en investissant 300 millions de francs par an \u00e0 partir de 2026. Les investissements doivent \u00eatre cibl\u00e9s sur le lieu de vie et le site \u00e9conomique.\" \/>\n\t\t<meta property=\"og:url\" content=\"https:\/\/www.immo-invest.ch\/fr\/kanton-luzern-plant-investitonen-in-lebens-und-wirtschaftsstandort\/\" \/>\n\t\t<meta property=\"og:image\" content=\"https:\/\/www.immo-invest.ch\/wp-content\/uploads\/2024\/08\/unsplash_luzern-scaled.jpg\" \/>\n\t\t<meta property=\"og:image:secure_url\" content=\"https:\/\/www.immo-invest.ch\/wp-content\/uploads\/2024\/08\/unsplash_luzern-scaled.jpg\" \/>\n\t\t<meta property=\"og:image:width\" content=\"2560\" \/>\n\t\t<meta property=\"og:image:height\" content=\"1707\" \/>\n\t\t<meta property=\"article:published_time\" content=\"2025-03-13T11:27:00+00:00\" \/>\n\t\t<meta property=\"article:modified_time\" content=\"2025-03-11T08:42:01+00:00\" \/>\n\t\t<meta property=\"article:publisher\" content=\"https:\/\/www.facebook.com\/people\/Immoinvest\/100077962920504\/\" \/>\n\t\t<meta name=\"twitter:card\" content=\"summary_large_image\" \/>\n\t\t<meta name=\"twitter:site\" content=\"@i\" \/>\n\t\t<meta name=\"twitter:title\" content=\"Le canton de Lucerne pr\u00e9voit d\u2019investir dans le cadre de vie et l\u2019\u00e9conomie - immo!nvest - Die Plattform f\u00fcr Standorte und Immobilien\" \/>\n\t\t<meta name=\"twitter:description\" content=\"Le canton de Lucerne part du principe que l&#039;imposition minimale de l&#039;OCDE va d\u00e9t\u00e9riorer l&#039;attractivit\u00e9 de sa place \u00e9conomique. Il veut y rem\u00e9dier en investissant 300 millions de francs par an \u00e0 partir de 2026. Les investissements doivent \u00eatre cibl\u00e9s sur le lieu de vie et le site \u00e9conomique.\" \/>\n\t\t<meta name=\"twitter:creator\" content=\"@i\" \/>\n\t\t<meta name=\"twitter:image\" content=\"https:\/\/www.immo-invest.ch\/wp-content\/uploads\/2024\/08\/unsplash_luzern-scaled.jpg\" \/>\n\t\t<script type=\"application\/ld+json\" class=\"aioseo-schema\">\n\t\t\t{\"@context\":\"https:\\\/\\\/schema.org\",\"@graph\":[{\"@type\":\"BlogPosting\",\"@id\":\"https:\\\/\\\/www.immo-invest.ch\\\/fr\\\/kanton-luzern-plant-investitonen-in-lebens-und-wirtschaftsstandort\\\/#blogposting\",\"name\":\"Le canton de Lucerne pr\\u00e9voit d\\u2019investir dans le cadre de vie et l\\u2019\\u00e9conomie - immo!nvest - Die Plattform f\\u00fcr Standorte und Immobilien\",\"headline\":\"Le canton de Lucerne pr\\u00e9voit d&rsquo;investir dans le cadre de vie et l&rsquo;\\u00e9conomie\",\"author\":{\"@id\":\"https:\\\/\\\/www.immo-invest.ch\\\/fr\\\/author\\\/immovestuser\\\/#author\"},\"publisher\":{\"@id\":\"https:\\\/\\\/www.immo-invest.ch\\\/fr\\\/#organization\"},\"image\":{\"@type\":\"ImageObject\",\"url\":\"https:\\\/\\\/www.immo-invest.ch\\\/wp-content\\\/uploads\\\/2024\\\/08\\\/unsplash_luzern-scaled.jpg\",\"width\":2560,\"height\":1707},\"datePublished\":\"2025-03-13T12:27:00+01:00\",\"dateModified\":\"2025-03-11T09:42:01+01:00\",\"inLanguage\":\"fr-FR\",\"mainEntityOfPage\":{\"@id\":\"https:\\\/\\\/www.immo-invest.ch\\\/fr\\\/kanton-luzern-plant-investitonen-in-lebens-und-wirtschaftsstandort\\\/#webpage\"},\"isPartOf\":{\"@id\":\"https:\\\/\\\/www.immo-invest.ch\\\/fr\\\/kanton-luzern-plant-investitonen-in-lebens-und-wirtschaftsstandort\\\/#webpage\"},\"articleSection\":\"Business, immoNews, Industrie du b\\u00e2timent, Lucerne, Immoinvest, immoNews, News, Standortentwicklung, Steuerreform, Wirtschaftsf\\u00f6rderung, Facultatif\"},{\"@type\":\"BreadcrumbList\",\"@id\":\"https:\\\/\\\/www.immo-invest.ch\\\/fr\\\/kanton-luzern-plant-investitonen-in-lebens-und-wirtschaftsstandort\\\/#breadcrumblist\",\"itemListElement\":[{\"@type\":\"ListItem\",\"@id\":\"https:\\\/\\\/www.immo-invest.ch\\\/fr\\\/#listItem\",\"position\":1,\"name\":\"Home\",\"item\":\"https:\\\/\\\/www.immo-invest.ch\\\/fr\\\/\",\"nextItem\":{\"@type\":\"ListItem\",\"@id\":\"https:\\\/\\\/www.immo-invest.ch\\\/fr\\\/categories\\\/regions\\\/#listItem\",\"name\":\"R\\u00e9gions\"}},{\"@type\":\"ListItem\",\"@id\":\"https:\\\/\\\/www.immo-invest.ch\\\/fr\\\/categories\\\/regions\\\/#listItem\",\"position\":2,\"name\":\"R\\u00e9gions\",\"item\":\"https:\\\/\\\/www.immo-invest.ch\\\/fr\\\/categories\\\/regions\\\/\",\"nextItem\":{\"@type\":\"ListItem\",\"@id\":\"https:\\\/\\\/www.immo-invest.ch\\\/fr\\\/categories\\\/regions\\\/suisse\\\/#listItem\",\"name\":\"Suisse\"},\"previousItem\":{\"@type\":\"ListItem\",\"@id\":\"https:\\\/\\\/www.immo-invest.ch\\\/fr\\\/#listItem\",\"name\":\"Home\"}},{\"@type\":\"ListItem\",\"@id\":\"https:\\\/\\\/www.immo-invest.ch\\\/fr\\\/categories\\\/regions\\\/suisse\\\/#listItem\",\"position\":3,\"name\":\"Suisse\",\"item\":\"https:\\\/\\\/www.immo-invest.ch\\\/fr\\\/categories\\\/regions\\\/suisse\\\/\",\"nextItem\":{\"@type\":\"ListItem\",\"@id\":\"https:\\\/\\\/www.immo-invest.ch\\\/fr\\\/categories\\\/regions\\\/suisse\\\/region-zentralschweiz\\\/#listItem\",\"name\":\"Zentralschweiz\"},\"previousItem\":{\"@type\":\"ListItem\",\"@id\":\"https:\\\/\\\/www.immo-invest.ch\\\/fr\\\/categories\\\/regions\\\/#listItem\",\"name\":\"R\\u00e9gions\"}},{\"@type\":\"ListItem\",\"@id\":\"https:\\\/\\\/www.immo-invest.ch\\\/fr\\\/categories\\\/regions\\\/suisse\\\/region-zentralschweiz\\\/#listItem\",\"position\":4,\"name\":\"Zentralschweiz\",\"item\":\"https:\\\/\\\/www.immo-invest.ch\\\/fr\\\/categories\\\/regions\\\/suisse\\\/region-zentralschweiz\\\/\",\"nextItem\":{\"@type\":\"ListItem\",\"@id\":\"https:\\\/\\\/www.immo-invest.ch\\\/fr\\\/categories\\\/regions\\\/suisse\\\/region-zentralschweiz\\\/region-lucerne\\\/#listItem\",\"name\":\"Lucerne\"},\"previousItem\":{\"@type\":\"ListItem\",\"@id\":\"https:\\\/\\\/www.immo-invest.ch\\\/fr\\\/categories\\\/regions\\\/suisse\\\/#listItem\",\"name\":\"Suisse\"}},{\"@type\":\"ListItem\",\"@id\":\"https:\\\/\\\/www.immo-invest.ch\\\/fr\\\/categories\\\/regions\\\/suisse\\\/region-zentralschweiz\\\/region-lucerne\\\/#listItem\",\"position\":5,\"name\":\"Lucerne\",\"item\":\"https:\\\/\\\/www.immo-invest.ch\\\/fr\\\/categories\\\/regions\\\/suisse\\\/region-zentralschweiz\\\/region-lucerne\\\/\",\"nextItem\":{\"@type\":\"ListItem\",\"@id\":\"https:\\\/\\\/www.immo-invest.ch\\\/fr\\\/kanton-luzern-plant-investitonen-in-lebens-und-wirtschaftsstandort\\\/#listItem\",\"name\":\"Le canton de Lucerne pr\\u00e9voit d&rsquo;investir dans le cadre de vie et l&rsquo;\\u00e9conomie\"},\"previousItem\":{\"@type\":\"ListItem\",\"@id\":\"https:\\\/\\\/www.immo-invest.ch\\\/fr\\\/categories\\\/regions\\\/suisse\\\/region-zentralschweiz\\\/#listItem\",\"name\":\"Zentralschweiz\"}},{\"@type\":\"ListItem\",\"@id\":\"https:\\\/\\\/www.immo-invest.ch\\\/fr\\\/kanton-luzern-plant-investitonen-in-lebens-und-wirtschaftsstandort\\\/#listItem\",\"position\":6,\"name\":\"Le canton de Lucerne pr\\u00e9voit d&rsquo;investir dans le cadre de vie et l&rsquo;\\u00e9conomie\",\"previousItem\":{\"@type\":\"ListItem\",\"@id\":\"https:\\\/\\\/www.immo-invest.ch\\\/fr\\\/categories\\\/regions\\\/suisse\\\/region-zentralschweiz\\\/region-lucerne\\\/#listItem\",\"name\":\"Lucerne\"}}]},{\"@type\":\"Organization\",\"@id\":\"https:\\\/\\\/www.immo-invest.ch\\\/fr\\\/#organization\",\"name\":\"immo!nvest - Die Plattform f\\u00fcr Standorte und Immobilien\",\"description\":\"Die\\u00a0Plattform f\\u00fcr Standorte und Immobilien\",\"url\":\"https:\\\/\\\/www.immo-invest.ch\\\/fr\\\/\",\"email\":\"admin@immomedia.ag\",\"telephone\":\"+41444420002\",\"logo\":{\"@type\":\"ImageObject\",\"url\":\"https:\\\/\\\/www.immo-invest.ch\\\/wp-content\\\/uploads\\\/2024\\\/09\\\/immoinvest_sm-scaled.jpg\",\"@id\":\"https:\\\/\\\/www.immo-invest.ch\\\/fr\\\/kanton-luzern-plant-investitonen-in-lebens-und-wirtschaftsstandort\\\/#organizationLogo\",\"width\":2560,\"height\":1340},\"image\":{\"@id\":\"https:\\\/\\\/www.immo-invest.ch\\\/fr\\\/kanton-luzern-plant-investitonen-in-lebens-und-wirtschaftsstandort\\\/#organizationLogo\"},\"sameAs\":[\"https:\\\/\\\/www.facebook.com\\\/people\\\/Immoinvest\\\/100077962920504\\\/\",\"https:\\\/\\\/x.com\\\/i\\\/flow\\\/login?redirect_after_login=immoinvest_ch\",\"https:\\\/\\\/www.instagram.com\\\/immoinvest_ch\\\/\",\"https:\\\/\\\/www.linkedin.com\\\/company\\\/immoinvest-swiss\"]},{\"@type\":\"Person\",\"@id\":\"https:\\\/\\\/www.immo-invest.ch\\\/fr\\\/author\\\/immovestuser\\\/#author\",\"url\":\"https:\\\/\\\/www.immo-invest.ch\\\/fr\\\/author\\\/immovestuser\\\/\",\"name\":\"immovestuser\",\"image\":{\"@type\":\"ImageObject\",\"@id\":\"https:\\\/\\\/www.immo-invest.ch\\\/fr\\\/kanton-luzern-plant-investitonen-in-lebens-und-wirtschaftsstandort\\\/#authorImage\",\"url\":\"https:\\\/\\\/secure.gravatar.com\\\/avatar\\\/8e01f4d99f2eeea7a362ebb93305e1172a70e9293ba250f897a65c39f54cdd1e?s=96&d=mm&r=g\",\"width\":96,\"height\":96,\"caption\":\"immovestuser\"}},{\"@type\":\"WebPage\",\"@id\":\"https:\\\/\\\/www.immo-invest.ch\\\/fr\\\/kanton-luzern-plant-investitonen-in-lebens-und-wirtschaftsstandort\\\/#webpage\",\"url\":\"https:\\\/\\\/www.immo-invest.ch\\\/fr\\\/kanton-luzern-plant-investitonen-in-lebens-und-wirtschaftsstandort\\\/\",\"name\":\"Le canton de Lucerne pr\\u00e9voit d\\u2019investir dans le cadre de vie et l\\u2019\\u00e9conomie - immo!nvest - Die Plattform f\\u00fcr Standorte und Immobilien\",\"description\":\"Le canton de Lucerne part du principe que l'imposition minimale de l'OCDE va d\\u00e9t\\u00e9riorer l'attractivit\\u00e9 de sa place \\u00e9conomique. Il veut y rem\\u00e9dier en investissant 300 millions de francs par an \\u00e0 partir de 2026. Les investissements doivent \\u00eatre cibl\\u00e9s sur le lieu de vie et le site \\u00e9conomique.\",\"inLanguage\":\"fr-FR\",\"isPartOf\":{\"@id\":\"https:\\\/\\\/www.immo-invest.ch\\\/fr\\\/#website\"},\"breadcrumb\":{\"@id\":\"https:\\\/\\\/www.immo-invest.ch\\\/fr\\\/kanton-luzern-plant-investitonen-in-lebens-und-wirtschaftsstandort\\\/#breadcrumblist\"},\"author\":{\"@id\":\"https:\\\/\\\/www.immo-invest.ch\\\/fr\\\/author\\\/immovestuser\\\/#author\"},\"creator\":{\"@id\":\"https:\\\/\\\/www.immo-invest.ch\\\/fr\\\/author\\\/immovestuser\\\/#author\"},\"image\":{\"@type\":\"ImageObject\",\"url\":\"https:\\\/\\\/www.immo-invest.ch\\\/wp-content\\\/uploads\\\/2024\\\/08\\\/unsplash_luzern-scaled.jpg\",\"@id\":\"https:\\\/\\\/www.immo-invest.ch\\\/fr\\\/kanton-luzern-plant-investitonen-in-lebens-und-wirtschaftsstandort\\\/#mainImage\",\"width\":2560,\"height\":1707},\"primaryImageOfPage\":{\"@id\":\"https:\\\/\\\/www.immo-invest.ch\\\/fr\\\/kanton-luzern-plant-investitonen-in-lebens-und-wirtschaftsstandort\\\/#mainImage\"},\"datePublished\":\"2025-03-13T12:27:00+01:00\",\"dateModified\":\"2025-03-11T09:42:01+01:00\"},{\"@type\":\"WebSite\",\"@id\":\"https:\\\/\\\/www.immo-invest.ch\\\/fr\\\/#website\",\"url\":\"https:\\\/\\\/www.immo-invest.ch\\\/fr\\\/\",\"name\":\"immo!nvest - Die Plattform f\\u00fcr Standorte und Immobilien\",\"description\":\"Die\\u00a0Plattform f\\u00fcr Standorte und Immobilien\",\"inLanguage\":\"fr-FR\",\"publisher\":{\"@id\":\"https:\\\/\\\/www.immo-invest.ch\\\/fr\\\/#organization\"}}]}\n\t\t<\/script>\n\t\t<!-- All in One SEO -->\n\n","aioseo_head_json":{"title":"Le canton de Lucerne pr\u00e9voit d\u2019investir dans le cadre de vie et l\u2019\u00e9conomie - immo!nvest - Die Plattform f\u00fcr Standorte und Immobilien","description":"Le canton de Lucerne part du principe que l'imposition minimale de l'OCDE va d\u00e9t\u00e9riorer l'attractivit\u00e9 de sa place \u00e9conomique. Il veut y rem\u00e9dier en investissant 300 millions de francs par an \u00e0 partir de 2026. Les investissements doivent \u00eatre cibl\u00e9s sur le lieu de vie et le site \u00e9conomique.","canonical_url":"https:\/\/www.immo-invest.ch\/fr\/kanton-luzern-plant-investitonen-in-lebens-und-wirtschaftsstandort\/","robots":"max-image-preview:large","keywords":"","webmasterTools":{"google-site-verification":"fHJKvgWpZCR2zVBHWfkQeFXC11qieUSff0HGNYfuyLA","miscellaneous":""},"schema":{"@context":"https:\/\/schema.org","@graph":[{"@type":"BlogPosting","@id":"https:\/\/www.immo-invest.ch\/fr\/kanton-luzern-plant-investitonen-in-lebens-und-wirtschaftsstandort\/#blogposting","name":"Le canton de Lucerne pr\u00e9voit d\u2019investir dans le cadre de vie et l\u2019\u00e9conomie - immo!nvest - Die Plattform f\u00fcr Standorte und Immobilien","headline":"Le canton de Lucerne pr\u00e9voit d&rsquo;investir dans le cadre de vie et l&rsquo;\u00e9conomie","author":{"@id":"https:\/\/www.immo-invest.ch\/fr\/author\/immovestuser\/#author"},"publisher":{"@id":"https:\/\/www.immo-invest.ch\/fr\/#organization"},"image":{"@type":"ImageObject","url":"https:\/\/www.immo-invest.ch\/wp-content\/uploads\/2024\/08\/unsplash_luzern-scaled.jpg","width":2560,"height":1707},"datePublished":"2025-03-13T12:27:00+01:00","dateModified":"2025-03-11T09:42:01+01:00","inLanguage":"fr-FR","mainEntityOfPage":{"@id":"https:\/\/www.immo-invest.ch\/fr\/kanton-luzern-plant-investitonen-in-lebens-und-wirtschaftsstandort\/#webpage"},"isPartOf":{"@id":"https:\/\/www.immo-invest.ch\/fr\/kanton-luzern-plant-investitonen-in-lebens-und-wirtschaftsstandort\/#webpage"},"articleSection":"Business, immoNews, Industrie du b\u00e2timent, Lucerne, Immoinvest, immoNews, News, Standortentwicklung, Steuerreform, Wirtschaftsf\u00f6rderung, Facultatif"},{"@type":"BreadcrumbList","@id":"https:\/\/www.immo-invest.ch\/fr\/kanton-luzern-plant-investitonen-in-lebens-und-wirtschaftsstandort\/#breadcrumblist","itemListElement":[{"@type":"ListItem","@id":"https:\/\/www.immo-invest.ch\/fr\/#listItem","position":1,"name":"Home","item":"https:\/\/www.immo-invest.ch\/fr\/","nextItem":{"@type":"ListItem","@id":"https:\/\/www.immo-invest.ch\/fr\/categories\/regions\/#listItem","name":"R\u00e9gions"}},{"@type":"ListItem","@id":"https:\/\/www.immo-invest.ch\/fr\/categories\/regions\/#listItem","position":2,"name":"R\u00e9gions","item":"https:\/\/www.immo-invest.ch\/fr\/categories\/regions\/","nextItem":{"@type":"ListItem","@id":"https:\/\/www.immo-invest.ch\/fr\/categories\/regions\/suisse\/#listItem","name":"Suisse"},"previousItem":{"@type":"ListItem","@id":"https:\/\/www.immo-invest.ch\/fr\/#listItem","name":"Home"}},{"@type":"ListItem","@id":"https:\/\/www.immo-invest.ch\/fr\/categories\/regions\/suisse\/#listItem","position":3,"name":"Suisse","item":"https:\/\/www.immo-invest.ch\/fr\/categories\/regions\/suisse\/","nextItem":{"@type":"ListItem","@id":"https:\/\/www.immo-invest.ch\/fr\/categories\/regions\/suisse\/region-zentralschweiz\/#listItem","name":"Zentralschweiz"},"previousItem":{"@type":"ListItem","@id":"https:\/\/www.immo-invest.ch\/fr\/categories\/regions\/#listItem","name":"R\u00e9gions"}},{"@type":"ListItem","@id":"https:\/\/www.immo-invest.ch\/fr\/categories\/regions\/suisse\/region-zentralschweiz\/#listItem","position":4,"name":"Zentralschweiz","item":"https:\/\/www.immo-invest.ch\/fr\/categories\/regions\/suisse\/region-zentralschweiz\/","nextItem":{"@type":"ListItem","@id":"https:\/\/www.immo-invest.ch\/fr\/categories\/regions\/suisse\/region-zentralschweiz\/region-lucerne\/#listItem","name":"Lucerne"},"previousItem":{"@type":"ListItem","@id":"https:\/\/www.immo-invest.ch\/fr\/categories\/regions\/suisse\/#listItem","name":"Suisse"}},{"@type":"ListItem","@id":"https:\/\/www.immo-invest.ch\/fr\/categories\/regions\/suisse\/region-zentralschweiz\/region-lucerne\/#listItem","position":5,"name":"Lucerne","item":"https:\/\/www.immo-invest.ch\/fr\/categories\/regions\/suisse\/region-zentralschweiz\/region-lucerne\/","nextItem":{"@type":"ListItem","@id":"https:\/\/www.immo-invest.ch\/fr\/kanton-luzern-plant-investitonen-in-lebens-und-wirtschaftsstandort\/#listItem","name":"Le canton de Lucerne pr\u00e9voit d&rsquo;investir dans le cadre de vie et l&rsquo;\u00e9conomie"},"previousItem":{"@type":"ListItem","@id":"https:\/\/www.immo-invest.ch\/fr\/categories\/regions\/suisse\/region-zentralschweiz\/#listItem","name":"Zentralschweiz"}},{"@type":"ListItem","@id":"https:\/\/www.immo-invest.ch\/fr\/kanton-luzern-plant-investitonen-in-lebens-und-wirtschaftsstandort\/#listItem","position":6,"name":"Le canton de Lucerne pr\u00e9voit d&rsquo;investir dans le cadre de vie et l&rsquo;\u00e9conomie","previousItem":{"@type":"ListItem","@id":"https:\/\/www.immo-invest.ch\/fr\/categories\/regions\/suisse\/region-zentralschweiz\/region-lucerne\/#listItem","name":"Lucerne"}}]},{"@type":"Organization","@id":"https:\/\/www.immo-invest.ch\/fr\/#organization","name":"immo!nvest - Die Plattform f\u00fcr Standorte und Immobilien","description":"Die\u00a0Plattform f\u00fcr Standorte und Immobilien","url":"https:\/\/www.immo-invest.ch\/fr\/","email":"admin@immomedia.ag","telephone":"+41444420002","logo":{"@type":"ImageObject","url":"https:\/\/www.immo-invest.ch\/wp-content\/uploads\/2024\/09\/immoinvest_sm-scaled.jpg","@id":"https:\/\/www.immo-invest.ch\/fr\/kanton-luzern-plant-investitonen-in-lebens-und-wirtschaftsstandort\/#organizationLogo","width":2560,"height":1340},"image":{"@id":"https:\/\/www.immo-invest.ch\/fr\/kanton-luzern-plant-investitonen-in-lebens-und-wirtschaftsstandort\/#organizationLogo"},"sameAs":["https:\/\/www.facebook.com\/people\/Immoinvest\/100077962920504\/","https:\/\/x.com\/i\/flow\/login?redirect_after_login=immoinvest_ch","https:\/\/www.instagram.com\/immoinvest_ch\/","https:\/\/www.linkedin.com\/company\/immoinvest-swiss"]},{"@type":"Person","@id":"https:\/\/www.immo-invest.ch\/fr\/author\/immovestuser\/#author","url":"https:\/\/www.immo-invest.ch\/fr\/author\/immovestuser\/","name":"immovestuser","image":{"@type":"ImageObject","@id":"https:\/\/www.immo-invest.ch\/fr\/kanton-luzern-plant-investitonen-in-lebens-und-wirtschaftsstandort\/#authorImage","url":"https:\/\/secure.gravatar.com\/avatar\/8e01f4d99f2eeea7a362ebb93305e1172a70e9293ba250f897a65c39f54cdd1e?s=96&d=mm&r=g","width":96,"height":96,"caption":"immovestuser"}},{"@type":"WebPage","@id":"https:\/\/www.immo-invest.ch\/fr\/kanton-luzern-plant-investitonen-in-lebens-und-wirtschaftsstandort\/#webpage","url":"https:\/\/www.immo-invest.ch\/fr\/kanton-luzern-plant-investitonen-in-lebens-und-wirtschaftsstandort\/","name":"Le canton de Lucerne pr\u00e9voit d\u2019investir dans le cadre de vie et l\u2019\u00e9conomie - immo!nvest - Die Plattform f\u00fcr Standorte und Immobilien","description":"Le canton de Lucerne part du principe que l'imposition minimale de l'OCDE va d\u00e9t\u00e9riorer l'attractivit\u00e9 de sa place \u00e9conomique. Il veut y rem\u00e9dier en investissant 300 millions de francs par an \u00e0 partir de 2026. Les investissements doivent \u00eatre cibl\u00e9s sur le lieu de vie et le site \u00e9conomique.","inLanguage":"fr-FR","isPartOf":{"@id":"https:\/\/www.immo-invest.ch\/fr\/#website"},"breadcrumb":{"@id":"https:\/\/www.immo-invest.ch\/fr\/kanton-luzern-plant-investitonen-in-lebens-und-wirtschaftsstandort\/#breadcrumblist"},"author":{"@id":"https:\/\/www.immo-invest.ch\/fr\/author\/immovestuser\/#author"},"creator":{"@id":"https:\/\/www.immo-invest.ch\/fr\/author\/immovestuser\/#author"},"image":{"@type":"ImageObject","url":"https:\/\/www.immo-invest.ch\/wp-content\/uploads\/2024\/08\/unsplash_luzern-scaled.jpg","@id":"https:\/\/www.immo-invest.ch\/fr\/kanton-luzern-plant-investitonen-in-lebens-und-wirtschaftsstandort\/#mainImage","width":2560,"height":1707},"primaryImageOfPage":{"@id":"https:\/\/www.immo-invest.ch\/fr\/kanton-luzern-plant-investitonen-in-lebens-und-wirtschaftsstandort\/#mainImage"},"datePublished":"2025-03-13T12:27:00+01:00","dateModified":"2025-03-11T09:42:01+01:00"},{"@type":"WebSite","@id":"https:\/\/www.immo-invest.ch\/fr\/#website","url":"https:\/\/www.immo-invest.ch\/fr\/","name":"immo!nvest - Die Plattform f\u00fcr Standorte und Immobilien","description":"Die\u00a0Plattform f\u00fcr Standorte und Immobilien","inLanguage":"fr-FR","publisher":{"@id":"https:\/\/www.immo-invest.ch\/fr\/#organization"}}]},"og:locale":"fr_FR","og:site_name":"immo!nvest - Die Plattform f\u00fcr Standorte und Immobilien - Die\u00a0Plattform f\u00fcr Standorte und Immobilien","og:type":"article","og:title":"Le canton de Lucerne pr\u00e9voit d\u2019investir dans le cadre de vie et l\u2019\u00e9conomie - immo!nvest - Die Plattform f\u00fcr Standorte und Immobilien","og:description":"Le canton de Lucerne part du principe que l'imposition minimale de l'OCDE va d\u00e9t\u00e9riorer l'attractivit\u00e9 de sa place \u00e9conomique. Il veut y rem\u00e9dier en investissant 300 millions de francs par an \u00e0 partir de 2026. Les investissements doivent \u00eatre cibl\u00e9s sur le lieu de vie et le site \u00e9conomique.","og:url":"https:\/\/www.immo-invest.ch\/fr\/kanton-luzern-plant-investitonen-in-lebens-und-wirtschaftsstandort\/","og:image":"https:\/\/www.immo-invest.ch\/wp-content\/uploads\/2024\/08\/unsplash_luzern-scaled.jpg","og:image:secure_url":"https:\/\/www.immo-invest.ch\/wp-content\/uploads\/2024\/08\/unsplash_luzern-scaled.jpg","og:image:width":2560,"og:image:height":1707,"article:published_time":"2025-03-13T11:27:00+00:00","article:modified_time":"2025-03-11T08:42:01+00:00","article:publisher":"https:\/\/www.facebook.com\/people\/Immoinvest\/100077962920504\/","twitter:card":"summary_large_image","twitter:site":"@i","twitter:title":"Le canton de Lucerne pr\u00e9voit d\u2019investir dans le cadre de vie et l\u2019\u00e9conomie - immo!nvest - Die Plattform f\u00fcr Standorte und Immobilien","twitter:description":"Le canton de Lucerne part du principe que l'imposition minimale de l'OCDE va d\u00e9t\u00e9riorer l'attractivit\u00e9 de sa place \u00e9conomique. Il veut y rem\u00e9dier en investissant 300 millions de francs par an \u00e0 partir de 2026. Les investissements doivent \u00eatre cibl\u00e9s sur le lieu de vie et le site \u00e9conomique.","twitter:creator":"@i","twitter:image":"https:\/\/www.immo-invest.ch\/wp-content\/uploads\/2024\/08\/unsplash_luzern-scaled.jpg"},"aioseo_meta_data":{"post_id":"127950","title":null,"description":null,"keywords":null,"keyphrases":{"focus":{"keyphrase":"","score":0,"analysis":{"keyphraseInTitle":{"score":0,"maxScore":9,"error":1}}},"additional":[]},"primary_term":null,"canonical_url":null,"og_title":null,"og_description":null,"og_object_type":"default","og_image_type":"default","og_image_url":null,"og_image_width":null,"og_image_height":null,"og_image_custom_url":null,"og_image_custom_fields":null,"og_video":"","og_custom_url":null,"og_article_section":null,"og_article_tags":null,"twitter_use_og":false,"twitter_card":"default","twitter_image_type":"default","twitter_image_url":null,"twitter_image_custom_url":null,"twitter_image_custom_fields":null,"twitter_title":null,"twitter_description":null,"schema":{"blockGraphs":[],"customGraphs":[],"default":{"data":{"Article":[],"Course":[],"Dataset":[],"FAQPage":[],"Movie":[],"Person":[],"Product":[],"ProductReview":[],"Car":[],"Recipe":[],"Service":[],"SoftwareApplication":[],"WebPage":[]},"graphName":"BlogPosting","isEnabled":true},"graphs":[]},"schema_type":"default","schema_type_options":null,"pillar_content":false,"robots_default":true,"robots_noindex":false,"robots_noarchive":false,"robots_nosnippet":false,"robots_nofollow":false,"robots_noimageindex":false,"robots_noodp":false,"robots_notranslate":false,"robots_max_snippet":"-1","robots_max_videopreview":"-1","robots_max_imagepreview":"large","priority":null,"frequency":"default","local_seo":null,"breadcrumb_settings":null,"limit_modified_date":false,"ai":null,"created":"2025-03-11 08:40:06","updated":"2025-10-24 17:43:14","seo_analyzer_scan_date":null,"focus_keyword":null,"additional_keywords":null,"truseo_locale":null},"aioseo_breadcrumb":"<div class=\"aioseo-breadcrumbs\"><span class=\"aioseo-breadcrumb\">\n\t\t\t<a href=\"https:\/\/www.immo-invest.ch\/fr\/\" title=\"Home\">Home<\/a>\n\t\t<\/span><span class=\"aioseo-breadcrumb-separator\">&raquo;<\/span><span class=\"aioseo-breadcrumb\">\n\t\t\t<a href=\"https:\/\/www.immo-invest.ch\/fr\/categories\/regions\/\" title=\"R\u00e9gions\">R\u00e9gions<\/a>\n\t\t<\/span><span class=\"aioseo-breadcrumb-separator\">&raquo;<\/span><span class=\"aioseo-breadcrumb\">\n\t\t\t<a href=\"https:\/\/www.immo-invest.ch\/fr\/categories\/regions\/suisse\/\" title=\"Suisse\">Suisse<\/a>\n\t\t<\/span><span class=\"aioseo-breadcrumb-separator\">&raquo;<\/span><span class=\"aioseo-breadcrumb\">\n\t\t\t<a href=\"https:\/\/www.immo-invest.ch\/fr\/categories\/regions\/suisse\/region-zentralschweiz\/\" title=\"Zentralschweiz\">Zentralschweiz<\/a>\n\t\t<\/span><span class=\"aioseo-breadcrumb-separator\">&raquo;<\/span><span class=\"aioseo-breadcrumb\">\n\t\t\t<a href=\"https:\/\/www.immo-invest.ch\/fr\/categories\/regions\/suisse\/region-zentralschweiz\/region-lucerne\/\" title=\"Lucerne\">Lucerne<\/a>\n\t\t<\/span><span class=\"aioseo-breadcrumb-separator\">&raquo;<\/span><span class=\"aioseo-breadcrumb\">\n\t\t\tLe canton de Lucerne pr\u00e9voit d\u2019investir dans le cadre de vie et l\u2019\u00e9conomie\n\t\t<\/span><\/div>","aioseo_breadcrumb_json":[{"label":"Home","link":"https:\/\/www.immo-invest.ch\/fr\/"},{"label":"R\u00e9gions","link":"https:\/\/www.immo-invest.ch\/fr\/categories\/regions\/"},{"label":"Suisse","link":"https:\/\/www.immo-invest.ch\/fr\/categories\/regions\/suisse\/"},{"label":"Zentralschweiz","link":"https:\/\/www.immo-invest.ch\/fr\/categories\/regions\/suisse\/region-zentralschweiz\/"},{"label":"Lucerne","link":"https:\/\/www.immo-invest.ch\/fr\/categories\/regions\/suisse\/region-zentralschweiz\/region-lucerne\/"},{"label":"Le canton de Lucerne pr\u00e9voit d&rsquo;investir dans le cadre de vie et l&rsquo;\u00e9conomie","link":"https:\/\/www.immo-invest.ch\/fr\/kanton-luzern-plant-investitonen-in-lebens-und-wirtschaftsstandort\/"}],"featured_image_src":"https:\/\/www.immo-invest.ch\/wp-content\/uploads\/2024\/08\/unsplash_luzern-336x168.jpg","_links":{"self":[{"href":"https:\/\/www.immo-invest.ch\/fr\/wp-json\/wp\/v2\/posts\/127950","targetHints":{"allow":["GET"]}}],"collection":[{"href":"https:\/\/www.immo-invest.ch\/fr\/wp-json\/wp\/v2\/posts"}],"about":[{"href":"https:\/\/www.immo-invest.ch\/fr\/wp-json\/wp\/v2\/types\/post"}],"author":[{"embeddable":true,"href":"https:\/\/www.immo-invest.ch\/fr\/wp-json\/wp\/v2\/users\/2"}],"replies":[{"embeddable":true,"href":"https:\/\/www.immo-invest.ch\/fr\/wp-json\/wp\/v2\/comments?post=127950"}],"version-history":[{"count":0,"href":"https:\/\/www.immo-invest.ch\/fr\/wp-json\/wp\/v2\/posts\/127950\/revisions"}],"wp:featuredmedia":[{"embeddable":true,"href":"https:\/\/www.immo-invest.ch\/fr\/wp-json\/wp\/v2\/media\/111460"}],"wp:attachment":[{"href":"https:\/\/www.immo-invest.ch\/fr\/wp-json\/wp\/v2\/media?parent=127950"}],"wp:term":[{"taxonomy":"category","embeddable":true,"href":"https:\/\/www.immo-invest.ch\/fr\/wp-json\/wp\/v2\/categories?post=127950"},{"taxonomy":"post_tag","embeddable":true,"href":"https:\/\/www.immo-invest.ch\/fr\/wp-json\/wp\/v2\/tags?post=127950"}],"curies":[{"name":"wp","href":"https:\/\/api.w.org\/{rel}","templated":true}]}}