{"id":127873,"date":"2025-03-12T09:58:00","date_gmt":"2025-03-12T08:58:00","guid":{"rendered":"https:\/\/www.immo-invest.ch\/?p=127873"},"modified":"2025-03-10T10:29:33","modified_gmt":"2025-03-10T09:29:33","slug":"interessengemeinschaft-schlieren-nord-ost-zur-arealentwicklung-gegruendet","status":"publish","type":"post","link":"https:\/\/www.immo-invest.ch\/fr\/interessengemeinschaft-schlieren-nord-ost-zur-arealentwicklung-gegruendet\/","title":{"rendered":"Cr\u00e9ation d&rsquo;une communaut\u00e9 d&rsquo;int\u00e9r\u00eats Schlieren Nord Est pour le d\u00e9veloppement de la zone"},"content":{"rendered":"<p class=\"bodytext\">L&rsquo;association d&rsquo;int&eacute;r&ecirc;t (IG) Schlieren Nord Est a &eacute;t&eacute; cr&eacute;&eacute;e. Selon le <a href=\"https:\/\/m.schlieren.ch\/index.php?ref=search&amp;refid=4712294&amp;apid=392510954\" target=\"_blank\" rel=\"noopener\">communiqu&eacute;<\/a> de <a href=\"https:\/\/m.schlieren.ch\/index.php?ref=search&amp;refid=4712294&amp;apid=392510954\" target=\"_blank\" rel=\"noopener\">presse<\/a> de la <a href=\"https:\/\/www.schlieren.ch\/\" target=\"_blank\" rel=\"noopener\">ville de Schlieren<\/a>, l&rsquo;objectif de l&rsquo;association est de participer activement au d&eacute;veloppement de la zone. La zone d&rsquo;habitation, d&rsquo;industrie, de commerce et d&rsquo;<span class=\"glossaryLink\" aria-describedby=\"tt\" data-cmtooltip=\"&lt;div class=glossaryItemTitle&gt;Innovation&lt;\/div&gt;&lt;div class=glossaryItemBody&gt;Innovation in der heutigen Immobilienwelt bedeutet vor allem Digitalisierung von Prozessen. Zum Beispiel das Eliminieren von Tausenden von Excel-Bl&auml;ttern f&uuml;r Portfolio- und Asset-Manager oder das Erstellen einer Anwendung (App) f&uuml;r alle Formalit&auml;ten rund um die Beziehung zwischen Immobilieneigent&uuml;mern, - verwaltung und -mietern.&lt;\/div&gt;\" data-mobile-support=\"0\" data-gt-translate-attributes='[{\"attribute\":\"data-cmtooltip\", \"format\":\"html\"}]' tabindex=\"0\" role=\"link\">innovation<\/span> de la R&uuml;ti-\/Ifangstrasse &agrave; Schlieren est consid&eacute;r&eacute;e comme l&rsquo;une des plus grandes zones de d&eacute;veloppement de la ville, avec le Wagiareal et le Rietpark. La nouvelle communaut&eacute; d&rsquo;int&eacute;r&ecirc;ts a l&rsquo;intention de regrouper les int&eacute;r&ecirc;ts des propri&eacute;taires et de clarifier suffisamment t&ocirc;t la planification de la zone avec la ville de Schlieren ainsi que la future prolongation en partenariat des contrats de droit de superficie avec la ville de Zurich, ajoute le communiqu&eacute;.<\/p>\n<p class=\"bodytext\">&laquo;&nbsp;Depuis un quart de si&egrave;cle, j&rsquo;ai entretenu de tr&egrave;s bons contacts avec la ville de Zurich, qui se sont toutefois endormis &ndash; comme beaucoup d&rsquo;autres choses &ndash; pendant et apr&egrave;s Corona. Mais comme la ville de Zurich poss&egrave;de plus de 200 000 m&egrave;tres carr&eacute;s de terrain &agrave; b&acirc;tir sur le territoire de Schlieren, j&rsquo;aimerais faire rena&icirc;tre ces contacts au cours des 14 prochains mois&nbsp;&raquo;, d&eacute;clare Albert Schweizer, le promoteur de la ville de Schlieren. L&rsquo;objectif est de prolonger de 30 ans les contrats de droit de superficie qui courent jusqu&rsquo;en 2040 environ, afin de cr&eacute;er une s&eacute;curit&eacute; de planification pour les g&eacute;n&eacute;rations futures. Il y aurait la possibilit&eacute; d&rsquo;implanter d&rsquo;autres entreprises et de cr&eacute;er de nouveaux emplois.<\/p>\n<p class=\"bodytext\">Selon le communiqu&eacute; de la ville, l&rsquo;adh&eacute;sion pr&eacute;vue &agrave; la soci&eacute;t&eacute; r&eacute;gionale de promotion &eacute;conomique <a href=\"https:\/\/www.limmatstadt.ch\/\" target=\"_blank\" rel=\"noopener\">Limmatstadt AG<\/a> devrait permettre de d&eacute;velopper le r&eacute;seau r&eacute;gional. Des manifestations communes sont &eacute;galement pr&eacute;vues avec d&rsquo;autres sites de Schlieren et de la vall&eacute;e de la Limmat, comme Silbern, Niderfeld &agrave; Dietikon et Kreuz&auml;cker &agrave; Spreitenbach.<\/p>\n<p class=\"bodytext\">Selon le communiqu&eacute;, les preneurs de droits de superficie et les propri&eacute;taires immobiliers se sont rencontr&eacute;s le mercredi 5 mars au Centre d&rsquo;<span class=\"glossaryLink\" aria-describedby=\"tt\" data-cmtooltip=\"&lt;div class=glossaryItemTitle&gt;Innovation&lt;\/div&gt;&lt;div class=glossaryItemBody&gt;Innovation in der heutigen Immobilienwelt bedeutet vor allem Digitalisierung von Prozessen. Zum Beispiel das Eliminieren von Tausenden von Excel-Bl&auml;ttern f&uuml;r Portfolio- und Asset-Manager oder das Erstellen einer Anwendung (App) f&uuml;r alle Formalit&auml;ten rund um die Beziehung zwischen Immobilieneigent&uuml;mern, - verwaltung und -mietern.&lt;\/div&gt;\" data-mobile-support=\"0\" data-gt-translate-attributes='[{\"attribute\":\"data-cmtooltip\", \"format\":\"html\"}]' tabindex=\"0\" role=\"link\">innovation<\/span> et de jeunes entrepreneurs<a href=\"https:\/\/www.ijz-schlieren.ch\/\" target=\"_blank\" rel=\"noopener\">(IJZ<\/a>) de Schlieren pour fonder la communaut&eacute; d&rsquo;int&eacute;r&ecirc;ts. Dans le cadre de cette cr&eacute;ation, des repr&eacute;sentants de l&rsquo;Office des ponts et chauss&eacute;es du canton de Zurich et de l&rsquo;entreprise &eacute;nerg&eacute;tique <a href=\"https:\/\/www.ewz.ch\/de\/private.html\" target=\"_blank\" rel=\"noopener\">ewz<\/a> ont pr&eacute;sent&eacute; les plans de la piste cyclable et de la sous-station de chauffage urbain dans la partie est du site.<\/p>\n","protected":false},"excerpt":{"rendered":"<p>Des titulaires de droits de construction et des propri\u00e9taires de biens immobiliers ont fond\u00e9 IG Schlieren Nord Ost. L&rsquo;association veut participer activement au d\u00e9veloppement de la zone et regrouper les int\u00e9r\u00eats des propri\u00e9taires.<\/p>\n","protected":false},"author":2,"featured_media":27541,"comment_status":"open","ping_status":"open","sticky":false,"template":"","format":"standard","meta":{"pmpro_default_level":"","inline_featured_image":false,"_monsterinsights_skip_tracking":false,"footnotes":""},"categories":[22696,743,22357,39686],"tags":[1242,52164,872,3931,1343],"class_list":["post-127873","post","type-post","status-publish","format-standard","has-post-thumbnail","hentry","category-entreprise","category-immonews-fr","category-industrie-du-batiment","category-standorte-fr","tag-arealentwicklung-fr","tag-baurechtsvertraege-fr","tag-immoinvest-fr","tag-immonews-fr","tag-standortfoerderung-fr","pmpro-has-access"],"acf":{"bild_mit_ki_erstellt_worden":[],"lead":"Des titulaires de droits de construction et des propri\u00e9taires de biens immobiliers ont fond\u00e9 IG Schlieren Nord Ost. L'association veut participer activement au d\u00e9veloppement de la zone et regrouper les int\u00e9r\u00eats des propri\u00e9taires.","autor":"ce\/gba\u00a0","ort":"Schlieren ZH","bildunterschrift":"","bild_im_grid":false,"gallerie":"","newsim":""},"aioseo_notices":[],"aioseo_head":"\n\t\t<!-- All in One SEO 5.0.0.1 - aioseo.com -->\n\t<meta name=\"description\" content=\"Des titulaires de droits de construction et des propri\u00e9taires de biens immobiliers ont fond\u00e9 IG Schlieren Nord Ost. L&#039;association veut participer activement au d\u00e9veloppement de la zone et regrouper les int\u00e9r\u00eats des propri\u00e9taires.\" \/>\n\t<meta name=\"robots\" content=\"max-image-preview:large\" \/>\n\t<meta name=\"author\" content=\"immovestuser\"\/>\n\t<meta name=\"google-site-verification\" content=\"fHJKvgWpZCR2zVBHWfkQeFXC11qieUSff0HGNYfuyLA\" \/>\n\t<link rel=\"canonical\" href=\"https:\/\/www.immo-invest.ch\/fr\/interessengemeinschaft-schlieren-nord-ost-zur-arealentwicklung-gegruendet\/\" \/>\n\t<meta name=\"generator\" content=\"All in One SEO (AIOSEO) 5.0.0.1\" \/>\n\t\t<meta property=\"og:locale\" content=\"fr_FR\" \/>\n\t\t<meta property=\"og:site_name\" content=\"immo!nvest - Die Plattform f\u00fcr Standorte und Immobilien - Die\u00a0Plattform f\u00fcr Standorte und Immobilien\" \/>\n\t\t<meta property=\"og:type\" content=\"article\" \/>\n\t\t<meta property=\"og:title\" content=\"Cr\u00e9ation d\u2019une communaut\u00e9 d\u2019int\u00e9r\u00eats Schlieren Nord Est pour le d\u00e9veloppement de la zone - immo!nvest - Die Plattform f\u00fcr Standorte und Immobilien\" \/>\n\t\t<meta property=\"og:description\" content=\"Des titulaires de droits de construction et des propri\u00e9taires de biens immobiliers ont fond\u00e9 IG Schlieren Nord Ost. L&#039;association veut participer activement au d\u00e9veloppement de la zone et regrouper les int\u00e9r\u00eats des propri\u00e9taires.\" \/>\n\t\t<meta property=\"og:url\" content=\"https:\/\/www.immo-invest.ch\/fr\/interessengemeinschaft-schlieren-nord-ost-zur-arealentwicklung-gegruendet\/\" \/>\n\t\t<meta property=\"og:image\" content=\"https:\/\/www.immo-invest.ch\/wp-content\/uploads\/2021\/11\/schlieren-1.jpg\" \/>\n\t\t<meta property=\"og:image:secure_url\" content=\"https:\/\/www.immo-invest.ch\/wp-content\/uploads\/2021\/11\/schlieren-1.jpg\" \/>\n\t\t<meta property=\"og:image:width\" content=\"1032\" \/>\n\t\t<meta property=\"og:image:height\" content=\"540\" \/>\n\t\t<meta property=\"article:published_time\" content=\"2025-03-12T08:58:00+00:00\" \/>\n\t\t<meta property=\"article:modified_time\" content=\"2025-03-10T09:29:33+00:00\" \/>\n\t\t<meta property=\"article:publisher\" content=\"https:\/\/www.facebook.com\/people\/Immoinvest\/100077962920504\/\" \/>\n\t\t<meta name=\"twitter:card\" content=\"summary_large_image\" \/>\n\t\t<meta name=\"twitter:site\" content=\"@i\" \/>\n\t\t<meta name=\"twitter:title\" content=\"Cr\u00e9ation d\u2019une communaut\u00e9 d\u2019int\u00e9r\u00eats Schlieren Nord Est pour le d\u00e9veloppement de la zone - immo!nvest - Die Plattform f\u00fcr Standorte und Immobilien\" \/>\n\t\t<meta name=\"twitter:description\" content=\"Des titulaires de droits de construction et des propri\u00e9taires de biens immobiliers ont fond\u00e9 IG Schlieren Nord Ost. L&#039;association veut participer activement au d\u00e9veloppement de la zone et regrouper les int\u00e9r\u00eats des propri\u00e9taires.\" \/>\n\t\t<meta name=\"twitter:creator\" content=\"@i\" \/>\n\t\t<meta name=\"twitter:image\" content=\"https:\/\/www.immo-invest.ch\/wp-content\/uploads\/2021\/11\/schlieren-1.jpg\" \/>\n\t\t<script type=\"application\/ld+json\" class=\"aioseo-schema\">\n\t\t\t{\"@context\":\"https:\\\/\\\/schema.org\",\"@graph\":[{\"@type\":\"BlogPosting\",\"@id\":\"https:\\\/\\\/www.immo-invest.ch\\\/fr\\\/interessengemeinschaft-schlieren-nord-ost-zur-arealentwicklung-gegruendet\\\/#blogposting\",\"name\":\"Cr\\u00e9ation d\\u2019une communaut\\u00e9 d\\u2019int\\u00e9r\\u00eats Schlieren Nord Est pour le d\\u00e9veloppement de la zone - immo!nvest - Die Plattform f\\u00fcr Standorte und Immobilien\",\"headline\":\"Cr\\u00e9ation d&rsquo;une communaut\\u00e9 d&rsquo;int\\u00e9r\\u00eats Schlieren Nord Est pour le d\\u00e9veloppement de la zone\",\"author\":{\"@id\":\"https:\\\/\\\/www.immo-invest.ch\\\/fr\\\/author\\\/immovestuser\\\/#author\"},\"publisher\":{\"@id\":\"https:\\\/\\\/www.immo-invest.ch\\\/fr\\\/#organization\"},\"image\":{\"@type\":\"ImageObject\",\"url\":\"https:\\\/\\\/www.immo-invest.ch\\\/wp-content\\\/uploads\\\/2021\\\/11\\\/schlieren-1.jpg\",\"width\":1032,\"height\":540},\"datePublished\":\"2025-03-12T09:58:00+01:00\",\"dateModified\":\"2025-03-10T10:29:33+01:00\",\"inLanguage\":\"fr-FR\",\"mainEntityOfPage\":{\"@id\":\"https:\\\/\\\/www.immo-invest.ch\\\/fr\\\/interessengemeinschaft-schlieren-nord-ost-zur-arealentwicklung-gegruendet\\\/#webpage\"},\"isPartOf\":{\"@id\":\"https:\\\/\\\/www.immo-invest.ch\\\/fr\\\/interessengemeinschaft-schlieren-nord-ost-zur-arealentwicklung-gegruendet\\\/#webpage\"},\"articleSection\":\"Entreprise, immoNews, Industrie du b\\u00e2timent, Standorte, Arealentwicklung, Baurechtsvertr\\u00e4ge, Immoinvest, immoNews, Standortf\\u00f6rderung, Facultatif\"},{\"@type\":\"BreadcrumbList\",\"@id\":\"https:\\\/\\\/www.immo-invest.ch\\\/fr\\\/interessengemeinschaft-schlieren-nord-ost-zur-arealentwicklung-gegruendet\\\/#breadcrumblist\",\"itemListElement\":[{\"@type\":\"ListItem\",\"@id\":\"https:\\\/\\\/www.immo-invest.ch\\\/fr\\\/#listItem\",\"position\":1,\"name\":\"Home\",\"item\":\"https:\\\/\\\/www.immo-invest.ch\\\/fr\\\/\",\"nextItem\":{\"@type\":\"ListItem\",\"@id\":\"https:\\\/\\\/www.immo-invest.ch\\\/fr\\\/categories\\\/trends-fr\\\/#listItem\",\"name\":\"Trends\"}},{\"@type\":\"ListItem\",\"@id\":\"https:\\\/\\\/www.immo-invest.ch\\\/fr\\\/categories\\\/trends-fr\\\/#listItem\",\"position\":2,\"name\":\"Trends\",\"item\":\"https:\\\/\\\/www.immo-invest.ch\\\/fr\\\/categories\\\/trends-fr\\\/\",\"nextItem\":{\"@type\":\"ListItem\",\"@id\":\"https:\\\/\\\/www.immo-invest.ch\\\/fr\\\/categories\\\/trends-fr\\\/industrie-du-batiment\\\/#listItem\",\"name\":\"Industrie du b\\u00e2timent\"},\"previousItem\":{\"@type\":\"ListItem\",\"@id\":\"https:\\\/\\\/www.immo-invest.ch\\\/fr\\\/#listItem\",\"name\":\"Home\"}},{\"@type\":\"ListItem\",\"@id\":\"https:\\\/\\\/www.immo-invest.ch\\\/fr\\\/categories\\\/trends-fr\\\/industrie-du-batiment\\\/#listItem\",\"position\":3,\"name\":\"Industrie du b\\u00e2timent\",\"item\":\"https:\\\/\\\/www.immo-invest.ch\\\/fr\\\/categories\\\/trends-fr\\\/industrie-du-batiment\\\/\",\"nextItem\":{\"@type\":\"ListItem\",\"@id\":\"https:\\\/\\\/www.immo-invest.ch\\\/fr\\\/interessengemeinschaft-schlieren-nord-ost-zur-arealentwicklung-gegruendet\\\/#listItem\",\"name\":\"Cr\\u00e9ation d&rsquo;une communaut\\u00e9 d&rsquo;int\\u00e9r\\u00eats Schlieren Nord Est pour le d\\u00e9veloppement de la zone\"},\"previousItem\":{\"@type\":\"ListItem\",\"@id\":\"https:\\\/\\\/www.immo-invest.ch\\\/fr\\\/categories\\\/trends-fr\\\/#listItem\",\"name\":\"Trends\"}},{\"@type\":\"ListItem\",\"@id\":\"https:\\\/\\\/www.immo-invest.ch\\\/fr\\\/interessengemeinschaft-schlieren-nord-ost-zur-arealentwicklung-gegruendet\\\/#listItem\",\"position\":4,\"name\":\"Cr\\u00e9ation d&rsquo;une communaut\\u00e9 d&rsquo;int\\u00e9r\\u00eats Schlieren Nord Est pour le d\\u00e9veloppement de la zone\",\"previousItem\":{\"@type\":\"ListItem\",\"@id\":\"https:\\\/\\\/www.immo-invest.ch\\\/fr\\\/categories\\\/trends-fr\\\/industrie-du-batiment\\\/#listItem\",\"name\":\"Industrie du b\\u00e2timent\"}}]},{\"@type\":\"Organization\",\"@id\":\"https:\\\/\\\/www.immo-invest.ch\\\/fr\\\/#organization\",\"name\":\"immo!nvest - Die Plattform f\\u00fcr Standorte und Immobilien\",\"description\":\"Die\\u00a0Plattform f\\u00fcr Standorte und Immobilien\",\"url\":\"https:\\\/\\\/www.immo-invest.ch\\\/fr\\\/\",\"email\":\"admin@immomedia.ag\",\"telephone\":\"+41444420002\",\"logo\":{\"@type\":\"ImageObject\",\"url\":\"https:\\\/\\\/www.immo-invest.ch\\\/wp-content\\\/uploads\\\/2024\\\/09\\\/immoinvest_sm-scaled.jpg\",\"@id\":\"https:\\\/\\\/www.immo-invest.ch\\\/fr\\\/interessengemeinschaft-schlieren-nord-ost-zur-arealentwicklung-gegruendet\\\/#organizationLogo\",\"width\":2560,\"height\":1340},\"image\":{\"@id\":\"https:\\\/\\\/www.immo-invest.ch\\\/fr\\\/interessengemeinschaft-schlieren-nord-ost-zur-arealentwicklung-gegruendet\\\/#organizationLogo\"},\"sameAs\":[\"https:\\\/\\\/www.facebook.com\\\/people\\\/Immoinvest\\\/100077962920504\\\/\",\"https:\\\/\\\/x.com\\\/i\\\/flow\\\/login?redirect_after_login=immoinvest_ch\",\"https:\\\/\\\/www.instagram.com\\\/immoinvest_ch\\\/\",\"https:\\\/\\\/www.linkedin.com\\\/company\\\/immoinvest-swiss\"]},{\"@type\":\"Person\",\"@id\":\"https:\\\/\\\/www.immo-invest.ch\\\/fr\\\/author\\\/immovestuser\\\/#author\",\"url\":\"https:\\\/\\\/www.immo-invest.ch\\\/fr\\\/author\\\/immovestuser\\\/\",\"name\":\"immovestuser\",\"image\":{\"@type\":\"ImageObject\",\"@id\":\"https:\\\/\\\/www.immo-invest.ch\\\/fr\\\/interessengemeinschaft-schlieren-nord-ost-zur-arealentwicklung-gegruendet\\\/#authorImage\",\"url\":\"https:\\\/\\\/secure.gravatar.com\\\/avatar\\\/8e01f4d99f2eeea7a362ebb93305e1172a70e9293ba250f897a65c39f54cdd1e?s=96&d=mm&r=g\",\"width\":96,\"height\":96,\"caption\":\"immovestuser\"}},{\"@type\":\"WebPage\",\"@id\":\"https:\\\/\\\/www.immo-invest.ch\\\/fr\\\/interessengemeinschaft-schlieren-nord-ost-zur-arealentwicklung-gegruendet\\\/#webpage\",\"url\":\"https:\\\/\\\/www.immo-invest.ch\\\/fr\\\/interessengemeinschaft-schlieren-nord-ost-zur-arealentwicklung-gegruendet\\\/\",\"name\":\"Cr\\u00e9ation d\\u2019une communaut\\u00e9 d\\u2019int\\u00e9r\\u00eats Schlieren Nord Est pour le d\\u00e9veloppement de la zone - immo!nvest - Die Plattform f\\u00fcr Standorte und Immobilien\",\"description\":\"Des titulaires de droits de construction et des propri\\u00e9taires de biens immobiliers ont fond\\u00e9 IG Schlieren Nord Ost. L'association veut participer activement au d\\u00e9veloppement de la zone et regrouper les int\\u00e9r\\u00eats des propri\\u00e9taires.\",\"inLanguage\":\"fr-FR\",\"isPartOf\":{\"@id\":\"https:\\\/\\\/www.immo-invest.ch\\\/fr\\\/#website\"},\"breadcrumb\":{\"@id\":\"https:\\\/\\\/www.immo-invest.ch\\\/fr\\\/interessengemeinschaft-schlieren-nord-ost-zur-arealentwicklung-gegruendet\\\/#breadcrumblist\"},\"author\":{\"@id\":\"https:\\\/\\\/www.immo-invest.ch\\\/fr\\\/author\\\/immovestuser\\\/#author\"},\"creator\":{\"@id\":\"https:\\\/\\\/www.immo-invest.ch\\\/fr\\\/author\\\/immovestuser\\\/#author\"},\"image\":{\"@type\":\"ImageObject\",\"url\":\"https:\\\/\\\/www.immo-invest.ch\\\/wp-content\\\/uploads\\\/2021\\\/11\\\/schlieren-1.jpg\",\"@id\":\"https:\\\/\\\/www.immo-invest.ch\\\/fr\\\/interessengemeinschaft-schlieren-nord-ost-zur-arealentwicklung-gegruendet\\\/#mainImage\",\"width\":1032,\"height\":540},\"primaryImageOfPage\":{\"@id\":\"https:\\\/\\\/www.immo-invest.ch\\\/fr\\\/interessengemeinschaft-schlieren-nord-ost-zur-arealentwicklung-gegruendet\\\/#mainImage\"},\"datePublished\":\"2025-03-12T09:58:00+01:00\",\"dateModified\":\"2025-03-10T10:29:33+01:00\"},{\"@type\":\"WebSite\",\"@id\":\"https:\\\/\\\/www.immo-invest.ch\\\/fr\\\/#website\",\"url\":\"https:\\\/\\\/www.immo-invest.ch\\\/fr\\\/\",\"name\":\"immo!nvest - Die Plattform f\\u00fcr Standorte und Immobilien\",\"description\":\"Die\\u00a0Plattform f\\u00fcr Standorte und Immobilien\",\"inLanguage\":\"fr-FR\",\"publisher\":{\"@id\":\"https:\\\/\\\/www.immo-invest.ch\\\/fr\\\/#organization\"}}]}\n\t\t<\/script>\n\t\t<!-- All in One SEO -->\n\n","aioseo_head_json":{"title":"Cr\u00e9ation d\u2019une communaut\u00e9 d\u2019int\u00e9r\u00eats Schlieren Nord Est pour le d\u00e9veloppement de la zone - immo!nvest - Die Plattform f\u00fcr Standorte und Immobilien","description":"Des titulaires de droits de construction et des propri\u00e9taires de biens immobiliers ont fond\u00e9 IG Schlieren Nord Ost. L'association veut participer activement au d\u00e9veloppement de la zone et regrouper les int\u00e9r\u00eats des propri\u00e9taires.","canonical_url":"https:\/\/www.immo-invest.ch\/fr\/interessengemeinschaft-schlieren-nord-ost-zur-arealentwicklung-gegruendet\/","robots":"max-image-preview:large","keywords":"","webmasterTools":{"google-site-verification":"fHJKvgWpZCR2zVBHWfkQeFXC11qieUSff0HGNYfuyLA","miscellaneous":""},"schema":{"@context":"https:\/\/schema.org","@graph":[{"@type":"BlogPosting","@id":"https:\/\/www.immo-invest.ch\/fr\/interessengemeinschaft-schlieren-nord-ost-zur-arealentwicklung-gegruendet\/#blogposting","name":"Cr\u00e9ation d\u2019une communaut\u00e9 d\u2019int\u00e9r\u00eats Schlieren Nord Est pour le d\u00e9veloppement de la zone - immo!nvest - Die Plattform f\u00fcr Standorte und Immobilien","headline":"Cr\u00e9ation d&rsquo;une communaut\u00e9 d&rsquo;int\u00e9r\u00eats Schlieren Nord Est pour le d\u00e9veloppement de la zone","author":{"@id":"https:\/\/www.immo-invest.ch\/fr\/author\/immovestuser\/#author"},"publisher":{"@id":"https:\/\/www.immo-invest.ch\/fr\/#organization"},"image":{"@type":"ImageObject","url":"https:\/\/www.immo-invest.ch\/wp-content\/uploads\/2021\/11\/schlieren-1.jpg","width":1032,"height":540},"datePublished":"2025-03-12T09:58:00+01:00","dateModified":"2025-03-10T10:29:33+01:00","inLanguage":"fr-FR","mainEntityOfPage":{"@id":"https:\/\/www.immo-invest.ch\/fr\/interessengemeinschaft-schlieren-nord-ost-zur-arealentwicklung-gegruendet\/#webpage"},"isPartOf":{"@id":"https:\/\/www.immo-invest.ch\/fr\/interessengemeinschaft-schlieren-nord-ost-zur-arealentwicklung-gegruendet\/#webpage"},"articleSection":"Entreprise, immoNews, Industrie du b\u00e2timent, Standorte, Arealentwicklung, Baurechtsvertr\u00e4ge, Immoinvest, immoNews, Standortf\u00f6rderung, Facultatif"},{"@type":"BreadcrumbList","@id":"https:\/\/www.immo-invest.ch\/fr\/interessengemeinschaft-schlieren-nord-ost-zur-arealentwicklung-gegruendet\/#breadcrumblist","itemListElement":[{"@type":"ListItem","@id":"https:\/\/www.immo-invest.ch\/fr\/#listItem","position":1,"name":"Home","item":"https:\/\/www.immo-invest.ch\/fr\/","nextItem":{"@type":"ListItem","@id":"https:\/\/www.immo-invest.ch\/fr\/categories\/trends-fr\/#listItem","name":"Trends"}},{"@type":"ListItem","@id":"https:\/\/www.immo-invest.ch\/fr\/categories\/trends-fr\/#listItem","position":2,"name":"Trends","item":"https:\/\/www.immo-invest.ch\/fr\/categories\/trends-fr\/","nextItem":{"@type":"ListItem","@id":"https:\/\/www.immo-invest.ch\/fr\/categories\/trends-fr\/industrie-du-batiment\/#listItem","name":"Industrie du b\u00e2timent"},"previousItem":{"@type":"ListItem","@id":"https:\/\/www.immo-invest.ch\/fr\/#listItem","name":"Home"}},{"@type":"ListItem","@id":"https:\/\/www.immo-invest.ch\/fr\/categories\/trends-fr\/industrie-du-batiment\/#listItem","position":3,"name":"Industrie du b\u00e2timent","item":"https:\/\/www.immo-invest.ch\/fr\/categories\/trends-fr\/industrie-du-batiment\/","nextItem":{"@type":"ListItem","@id":"https:\/\/www.immo-invest.ch\/fr\/interessengemeinschaft-schlieren-nord-ost-zur-arealentwicklung-gegruendet\/#listItem","name":"Cr\u00e9ation d&rsquo;une communaut\u00e9 d&rsquo;int\u00e9r\u00eats Schlieren Nord Est pour le d\u00e9veloppement de la zone"},"previousItem":{"@type":"ListItem","@id":"https:\/\/www.immo-invest.ch\/fr\/categories\/trends-fr\/#listItem","name":"Trends"}},{"@type":"ListItem","@id":"https:\/\/www.immo-invest.ch\/fr\/interessengemeinschaft-schlieren-nord-ost-zur-arealentwicklung-gegruendet\/#listItem","position":4,"name":"Cr\u00e9ation d&rsquo;une communaut\u00e9 d&rsquo;int\u00e9r\u00eats Schlieren Nord Est pour le d\u00e9veloppement de la zone","previousItem":{"@type":"ListItem","@id":"https:\/\/www.immo-invest.ch\/fr\/categories\/trends-fr\/industrie-du-batiment\/#listItem","name":"Industrie du b\u00e2timent"}}]},{"@type":"Organization","@id":"https:\/\/www.immo-invest.ch\/fr\/#organization","name":"immo!nvest - Die Plattform f\u00fcr Standorte und Immobilien","description":"Die\u00a0Plattform f\u00fcr Standorte und Immobilien","url":"https:\/\/www.immo-invest.ch\/fr\/","email":"admin@immomedia.ag","telephone":"+41444420002","logo":{"@type":"ImageObject","url":"https:\/\/www.immo-invest.ch\/wp-content\/uploads\/2024\/09\/immoinvest_sm-scaled.jpg","@id":"https:\/\/www.immo-invest.ch\/fr\/interessengemeinschaft-schlieren-nord-ost-zur-arealentwicklung-gegruendet\/#organizationLogo","width":2560,"height":1340},"image":{"@id":"https:\/\/www.immo-invest.ch\/fr\/interessengemeinschaft-schlieren-nord-ost-zur-arealentwicklung-gegruendet\/#organizationLogo"},"sameAs":["https:\/\/www.facebook.com\/people\/Immoinvest\/100077962920504\/","https:\/\/x.com\/i\/flow\/login?redirect_after_login=immoinvest_ch","https:\/\/www.instagram.com\/immoinvest_ch\/","https:\/\/www.linkedin.com\/company\/immoinvest-swiss"]},{"@type":"Person","@id":"https:\/\/www.immo-invest.ch\/fr\/author\/immovestuser\/#author","url":"https:\/\/www.immo-invest.ch\/fr\/author\/immovestuser\/","name":"immovestuser","image":{"@type":"ImageObject","@id":"https:\/\/www.immo-invest.ch\/fr\/interessengemeinschaft-schlieren-nord-ost-zur-arealentwicklung-gegruendet\/#authorImage","url":"https:\/\/secure.gravatar.com\/avatar\/8e01f4d99f2eeea7a362ebb93305e1172a70e9293ba250f897a65c39f54cdd1e?s=96&d=mm&r=g","width":96,"height":96,"caption":"immovestuser"}},{"@type":"WebPage","@id":"https:\/\/www.immo-invest.ch\/fr\/interessengemeinschaft-schlieren-nord-ost-zur-arealentwicklung-gegruendet\/#webpage","url":"https:\/\/www.immo-invest.ch\/fr\/interessengemeinschaft-schlieren-nord-ost-zur-arealentwicklung-gegruendet\/","name":"Cr\u00e9ation d\u2019une communaut\u00e9 d\u2019int\u00e9r\u00eats Schlieren Nord Est pour le d\u00e9veloppement de la zone - immo!nvest - Die Plattform f\u00fcr Standorte und Immobilien","description":"Des titulaires de droits de construction et des propri\u00e9taires de biens immobiliers ont fond\u00e9 IG Schlieren Nord Ost. L'association veut participer activement au d\u00e9veloppement de la zone et regrouper les int\u00e9r\u00eats des propri\u00e9taires.","inLanguage":"fr-FR","isPartOf":{"@id":"https:\/\/www.immo-invest.ch\/fr\/#website"},"breadcrumb":{"@id":"https:\/\/www.immo-invest.ch\/fr\/interessengemeinschaft-schlieren-nord-ost-zur-arealentwicklung-gegruendet\/#breadcrumblist"},"author":{"@id":"https:\/\/www.immo-invest.ch\/fr\/author\/immovestuser\/#author"},"creator":{"@id":"https:\/\/www.immo-invest.ch\/fr\/author\/immovestuser\/#author"},"image":{"@type":"ImageObject","url":"https:\/\/www.immo-invest.ch\/wp-content\/uploads\/2021\/11\/schlieren-1.jpg","@id":"https:\/\/www.immo-invest.ch\/fr\/interessengemeinschaft-schlieren-nord-ost-zur-arealentwicklung-gegruendet\/#mainImage","width":1032,"height":540},"primaryImageOfPage":{"@id":"https:\/\/www.immo-invest.ch\/fr\/interessengemeinschaft-schlieren-nord-ost-zur-arealentwicklung-gegruendet\/#mainImage"},"datePublished":"2025-03-12T09:58:00+01:00","dateModified":"2025-03-10T10:29:33+01:00"},{"@type":"WebSite","@id":"https:\/\/www.immo-invest.ch\/fr\/#website","url":"https:\/\/www.immo-invest.ch\/fr\/","name":"immo!nvest - Die Plattform f\u00fcr Standorte und Immobilien","description":"Die\u00a0Plattform f\u00fcr Standorte und Immobilien","inLanguage":"fr-FR","publisher":{"@id":"https:\/\/www.immo-invest.ch\/fr\/#organization"}}]},"og:locale":"fr_FR","og:site_name":"immo!nvest - Die Plattform f\u00fcr Standorte und Immobilien - Die\u00a0Plattform f\u00fcr Standorte und Immobilien","og:type":"article","og:title":"Cr\u00e9ation d\u2019une communaut\u00e9 d\u2019int\u00e9r\u00eats Schlieren Nord Est pour le d\u00e9veloppement de la zone - immo!nvest - Die Plattform f\u00fcr Standorte und Immobilien","og:description":"Des titulaires de droits de construction et des propri\u00e9taires de biens immobiliers ont fond\u00e9 IG Schlieren Nord Ost. L'association veut participer activement au d\u00e9veloppement de la zone et regrouper les int\u00e9r\u00eats des propri\u00e9taires.","og:url":"https:\/\/www.immo-invest.ch\/fr\/interessengemeinschaft-schlieren-nord-ost-zur-arealentwicklung-gegruendet\/","og:image":"https:\/\/www.immo-invest.ch\/wp-content\/uploads\/2021\/11\/schlieren-1.jpg","og:image:secure_url":"https:\/\/www.immo-invest.ch\/wp-content\/uploads\/2021\/11\/schlieren-1.jpg","og:image:width":1032,"og:image:height":540,"article:published_time":"2025-03-12T08:58:00+00:00","article:modified_time":"2025-03-10T09:29:33+00:00","article:publisher":"https:\/\/www.facebook.com\/people\/Immoinvest\/100077962920504\/","twitter:card":"summary_large_image","twitter:site":"@i","twitter:title":"Cr\u00e9ation d\u2019une communaut\u00e9 d\u2019int\u00e9r\u00eats Schlieren Nord Est pour le d\u00e9veloppement de la zone - immo!nvest - Die Plattform f\u00fcr Standorte und Immobilien","twitter:description":"Des titulaires de droits de construction et des propri\u00e9taires de biens immobiliers ont fond\u00e9 IG Schlieren Nord Ost. L'association veut participer activement au d\u00e9veloppement de la zone et regrouper les int\u00e9r\u00eats des propri\u00e9taires.","twitter:creator":"@i","twitter:image":"https:\/\/www.immo-invest.ch\/wp-content\/uploads\/2021\/11\/schlieren-1.jpg"},"aioseo_meta_data":{"post_id":"127873","title":null,"description":null,"keywords":null,"keyphrases":{"focus":{"keyphrase":"","score":0,"analysis":{"keyphraseInTitle":{"score":0,"maxScore":9,"error":1}}},"additional":[]},"primary_term":null,"canonical_url":null,"og_title":null,"og_description":null,"og_object_type":"default","og_image_type":"default","og_image_url":null,"og_image_width":null,"og_image_height":null,"og_image_custom_url":null,"og_image_custom_fields":null,"og_video":"","og_custom_url":null,"og_article_section":null,"og_article_tags":null,"twitter_use_og":false,"twitter_card":"default","twitter_image_type":"default","twitter_image_url":null,"twitter_image_custom_url":null,"twitter_image_custom_fields":null,"twitter_title":null,"twitter_description":null,"schema":{"blockGraphs":[],"customGraphs":[],"default":{"data":{"Article":[],"Course":[],"Dataset":[],"FAQPage":[],"Movie":[],"Person":[],"Product":[],"ProductReview":[],"Car":[],"Recipe":[],"Service":[],"SoftwareApplication":[],"WebPage":[]},"graphName":"BlogPosting","isEnabled":true},"graphs":[]},"schema_type":"default","schema_type_options":null,"pillar_content":false,"robots_default":true,"robots_noindex":false,"robots_noarchive":false,"robots_nosnippet":false,"robots_nofollow":false,"robots_noimageindex":false,"robots_noodp":false,"robots_notranslate":false,"robots_max_snippet":"-1","robots_max_videopreview":"-1","robots_max_imagepreview":"large","priority":null,"frequency":"default","local_seo":null,"breadcrumb_settings":null,"limit_modified_date":false,"ai":null,"created":"2025-03-10 09:29:35","updated":"2025-10-24 17:42:13","seo_analyzer_scan_date":null,"focus_keyword":null,"additional_keywords":null,"truseo_locale":null},"aioseo_breadcrumb":"<div class=\"aioseo-breadcrumbs\"><span class=\"aioseo-breadcrumb\">\n\t\t\t<a href=\"https:\/\/www.immo-invest.ch\/fr\/\" title=\"Home\">Home<\/a>\n\t\t<\/span><span class=\"aioseo-breadcrumb-separator\">&raquo;<\/span><span class=\"aioseo-breadcrumb\">\n\t\t\t<a href=\"https:\/\/www.immo-invest.ch\/fr\/categories\/trends-fr\/\" title=\"Trends\">Trends<\/a>\n\t\t<\/span><span class=\"aioseo-breadcrumb-separator\">&raquo;<\/span><span class=\"aioseo-breadcrumb\">\n\t\t\t<a href=\"https:\/\/www.immo-invest.ch\/fr\/categories\/trends-fr\/industrie-du-batiment\/\" title=\"Industrie du b\u00e2timent\">Industrie du b\u00e2timent<\/a>\n\t\t<\/span><span class=\"aioseo-breadcrumb-separator\">&raquo;<\/span><span class=\"aioseo-breadcrumb\">\n\t\t\tCr\u00e9ation d\u2019une communaut\u00e9 d\u2019int\u00e9r\u00eats Schlieren Nord Est pour le d\u00e9veloppement de la zone\n\t\t<\/span><\/div>","aioseo_breadcrumb_json":[{"label":"Home","link":"https:\/\/www.immo-invest.ch\/fr\/"},{"label":"Trends","link":"https:\/\/www.immo-invest.ch\/fr\/categories\/trends-fr\/"},{"label":"Industrie du b\u00e2timent","link":"https:\/\/www.immo-invest.ch\/fr\/categories\/trends-fr\/industrie-du-batiment\/"},{"label":"Cr\u00e9ation d&rsquo;une communaut\u00e9 d&rsquo;int\u00e9r\u00eats Schlieren Nord Est pour le d\u00e9veloppement de la zone","link":"https:\/\/www.immo-invest.ch\/fr\/interessengemeinschaft-schlieren-nord-ost-zur-arealentwicklung-gegruendet\/"}],"featured_image_src":"https:\/\/www.immo-invest.ch\/wp-content\/uploads\/2021\/11\/schlieren-1-150x150.jpg","_links":{"self":[{"href":"https:\/\/www.immo-invest.ch\/fr\/wp-json\/wp\/v2\/posts\/127873","targetHints":{"allow":["GET"]}}],"collection":[{"href":"https:\/\/www.immo-invest.ch\/fr\/wp-json\/wp\/v2\/posts"}],"about":[{"href":"https:\/\/www.immo-invest.ch\/fr\/wp-json\/wp\/v2\/types\/post"}],"author":[{"embeddable":true,"href":"https:\/\/www.immo-invest.ch\/fr\/wp-json\/wp\/v2\/users\/2"}],"replies":[{"embeddable":true,"href":"https:\/\/www.immo-invest.ch\/fr\/wp-json\/wp\/v2\/comments?post=127873"}],"version-history":[{"count":0,"href":"https:\/\/www.immo-invest.ch\/fr\/wp-json\/wp\/v2\/posts\/127873\/revisions"}],"wp:featuredmedia":[{"embeddable":true,"href":"https:\/\/www.immo-invest.ch\/fr\/wp-json\/wp\/v2\/media\/27541"}],"wp:attachment":[{"href":"https:\/\/www.immo-invest.ch\/fr\/wp-json\/wp\/v2\/media?parent=127873"}],"wp:term":[{"taxonomy":"category","embeddable":true,"href":"https:\/\/www.immo-invest.ch\/fr\/wp-json\/wp\/v2\/categories?post=127873"},{"taxonomy":"post_tag","embeddable":true,"href":"https:\/\/www.immo-invest.ch\/fr\/wp-json\/wp\/v2\/tags?post=127873"}],"curies":[{"name":"wp","href":"https:\/\/api.w.org\/{rel}","templated":true}]}}