{"id":127766,"date":"2025-03-07T11:56:41","date_gmt":"2025-03-07T10:56:41","guid":{"rendered":"https:\/\/www.immo-invest.ch\/neuer-investor-fuer-fenster-und-tuerenhersteller\/"},"modified":"2025-03-07T12:10:09","modified_gmt":"2025-03-07T11:10:09","slug":"neuer-investor-fuer-fenster-und-tuerenhersteller","status":"publish","type":"post","link":"https:\/\/www.immo-invest.ch\/fr\/neuer-investor-fuer-fenster-und-tuerenhersteller\/","title":{"rendered":"Un nouvel investisseur pour le fabricant de portes et fen\u00eatres"},"content":{"rendered":"<p class=\"bodytext\"><a href=\"https:\/\/www.nuavo.com\/de\" target=\"_blank\" rel=\"noopener\">Nuavo Holdings AG<\/a> a r&eacute;alis&eacute; son premier investissement avec des entrepreneurs suisses en rachetant la <a href=\"https:\/\/domofen.ch\/home\" target=\"_blank\" rel=\"noopener\">soci&eacute;t&eacute; Domofen SA<\/a>, bas&eacute;e &agrave; Courgenay. Fond&eacute;e par Claude Beynon en 1999, l&rsquo;entreprise fabrique des fen&ecirc;tres et des portes en PVC et est dirig&eacute;e depuis 2018 par son fils Fabrice. Selon un <a href=\"https:\/\/www.nuavo.com\/de\/post\/nuavo-und-domofen-spannen-zusammen-um-wachstum-und-innovation-weiter-zu-f%C3%B6rdern\" target=\"_blank\" rel=\"noopener\">communiqu&eacute;<\/a> de Nuavo, c&rsquo;est sous l&rsquo;&eacute;gide de ce dernier que Domofen s&rsquo;est consid&eacute;rablement d&eacute;velopp&eacute;e au cours des cinq derni&egrave;res ann&eacute;es, investissant dans de nouvelles installations de production et des &eacute;quipements de pointe.<\/p>\n<p class=\"bodytext\">Avec ce partenariat, Fabrice Beynon entend d&eacute;velopper l&rsquo;h&eacute;ritage familial : &laquo;&nbsp;Le choix de Nuavo comme partenaire &eacute;tait une d&eacute;cision naturelle&nbsp;&raquo;, a-t-il &eacute;t&eacute; cit&eacute;. &laquo;&nbsp;Outre leur engagement financier, leur esprit d&rsquo;entreprise et leur approche pratique font d&rsquo;eux le partenaire id&eacute;al pour Domofen. Ils respectent notre h&eacute;ritage, notre &eacute;quipe et notre vision de l&rsquo;avenir, et je suis impatient de travailler avec eux&nbsp;&raquo; En tant que coactionnaire et membre important de l&rsquo;&eacute;quipe de direction, Fabrice Beynon continuera &agrave; participer activement &agrave; la gestion quotidienne de la soci&eacute;t&eacute;.<\/p>\n<p class=\"bodytext\">&laquo;&nbsp;Domofen est exactement le type d&rsquo;entreprise pour lequel nous avons cr&eacute;&eacute; Nuavo&nbsp;&raquo;, a d&eacute;clar&eacute; le cofondateur Philipp Ries. &laquo;&nbsp;Nous voyons en Domofen une entreprise solide avec un potentiel incroyable et notre objectif est de travailler avec l&rsquo;&eacute;quipe pour cr&eacute;er de nouvelles opportunit&eacute;s tout en pr&eacute;servant l&rsquo;identit&eacute; unique de l&rsquo;entreprise&nbsp;&raquo;<\/p>\n<p class=\"bodytext\">L&rsquo;&eacute;quipe de trois fondateurs de Nuavo comprend &eacute;galement Raphael Gindrat, fondateur et ex-CEO de Bestmile. La plateforme de la start-up pour l&rsquo;orchestration de flottes de v&eacute;hicules autonomes a &eacute;t&eacute; <a href=\"https:\/\/press.zf.com\/press\/de\/releases\/release_32320.html\" target=\"_blank\" rel=\"noopener\">rachet&eacute;e<\/a> par le groupe technologique <a href=\"https:\/\/www.zf.com\/mobile\/de\/homepage\/homepage.html\" target=\"_blank\" rel=\"noopener\">ZF<\/a> en 2021. Comme le souligne d&eacute;sormais Gindrat dans un <a href=\"https:\/\/www.linkedin.com\/posts\/rgindrat_big-news-nuavo-has-just-completed-its-activity-7300057151765463041--cjR\/\" target=\"_blank\" rel=\"noopener\">message<\/a> distinct, Domofen poursuivra ses activit&eacute;s &laquo;&nbsp;avec la m&ecirc;me &eacute;quipe, les m&ecirc;mes valeurs et la m&ecirc;me excellence&nbsp;&raquo;. Et il souligne : &laquo;&nbsp;Chez Nuavo, nous faisons les choses diff&eacute;remment. Nous ne sommes pas seulement des investisseurs &ndash; nous sommes des entrepreneurs qui investissent dans des entrepreneurs&nbsp;&raquo;<\/p>\n","protected":false},"excerpt":{"rendered":"<p>Nuavo devient actionnaire majoritaire du fabricant jurassien de portes et fen\u00eatres Domofen. Il s&rsquo;agit du premier investissement de l&rsquo;entreprise, qui fournit capital et expertise en partenariat avec un groupe d&rsquo;entrepreneurs suisses renomm\u00e9s.<\/p>\n","protected":false},"author":2,"featured_media":15902,"comment_status":"open","ping_status":"open","sticky":false,"template":"","format":"standard","meta":{"pmpro_default_level":"","inline_featured_image":false,"_monsterinsights_skip_tracking":false,"footnotes":""},"categories":[22696,743,22357,49371],"tags":[],"class_list":["post-127766","post","type-post","status-publish","format-standard","has-post-thumbnail","hentry","category-entreprise","category-immonews-fr","category-industrie-du-batiment","category-jura-fr","pmpro-has-access"],"acf":{"bild_mit_ki_erstellt_worden":[],"lead":"Nuavo devient actionnaire majoritaire du fabricant jurassien de portes et fen\u00eatres Domofen. Il s'agit du premier investissement de l'entreprise, qui fournit capital et expertise en partenariat avec un groupe d'entrepreneurs suisses renomm\u00e9s.","autor":"ce\/mm","ort":"Zug\/Courgenay JU ","bildunterschrift":"","bild_im_grid":false,"gallerie":"","newsim":""},"aioseo_notices":[],"aioseo_head":"\n\t\t<!-- All in One SEO 5.0.1.1 - aioseo.com -->\n\t<meta name=\"description\" content=\"Nuavo devient actionnaire majoritaire du fabricant jurassien de portes et fen\u00eatres Domofen. Il s&#039;agit du premier investissement de l&#039;entreprise, qui fournit capital et expertise en partenariat avec un groupe d&#039;entrepreneurs suisses renomm\u00e9s.\" \/>\n\t<meta name=\"robots\" content=\"max-image-preview:large\" \/>\n\t<meta name=\"author\" content=\"immovestuser\"\/>\n\t<meta name=\"google-site-verification\" content=\"fHJKvgWpZCR2zVBHWfkQeFXC11qieUSff0HGNYfuyLA\" \/>\n\t<link rel=\"canonical\" href=\"https:\/\/www.immo-invest.ch\/fr\/neuer-investor-fuer-fenster-und-tuerenhersteller\/\" \/>\n\t<meta name=\"generator\" content=\"All in One SEO (AIOSEO) 5.0.1.1\" \/>\n\t\t<meta property=\"og:locale\" content=\"fr_FR\" \/>\n\t\t<meta property=\"og:site_name\" content=\"immo!nvest - Die Plattform f\u00fcr Standorte und Immobilien - Die\u00a0Plattform f\u00fcr Standorte und Immobilien\" \/>\n\t\t<meta property=\"og:type\" content=\"article\" \/>\n\t\t<meta property=\"og:title\" content=\"Un nouvel investisseur pour le fabricant de portes et fen\u00eatres - immo!nvest - Die Plattform f\u00fcr Standorte und Immobilien\" \/>\n\t\t<meta property=\"og:description\" content=\"Nuavo devient actionnaire majoritaire du fabricant jurassien de portes et fen\u00eatres Domofen. Il s&#039;agit du premier investissement de l&#039;entreprise, qui fournit capital et expertise en partenariat avec un groupe d&#039;entrepreneurs suisses renomm\u00e9s.\" \/>\n\t\t<meta property=\"og:url\" content=\"https:\/\/www.immo-invest.ch\/fr\/neuer-investor-fuer-fenster-und-tuerenhersteller\/\" \/>\n\t\t<meta property=\"og:image\" content=\"https:\/\/www.immo-invest.ch\/wp-content\/uploads\/2021\/03\/fenster-1.jpg\" \/>\n\t\t<meta property=\"og:image:secure_url\" content=\"https:\/\/www.immo-invest.ch\/wp-content\/uploads\/2021\/03\/fenster-1.jpg\" \/>\n\t\t<meta property=\"og:image:width\" content=\"1200\" \/>\n\t\t<meta property=\"og:image:height\" content=\"628\" \/>\n\t\t<meta property=\"article:published_time\" content=\"2025-03-07T10:56:41+00:00\" \/>\n\t\t<meta property=\"article:modified_time\" content=\"2025-03-07T11:10:09+00:00\" \/>\n\t\t<meta property=\"article:publisher\" content=\"https:\/\/www.facebook.com\/people\/Immoinvest\/100077962920504\/\" \/>\n\t\t<meta name=\"twitter:card\" content=\"summary_large_image\" \/>\n\t\t<meta name=\"twitter:site\" content=\"@i\" \/>\n\t\t<meta name=\"twitter:title\" content=\"Un nouvel investisseur pour le fabricant de portes et fen\u00eatres - immo!nvest - Die Plattform f\u00fcr Standorte und Immobilien\" \/>\n\t\t<meta name=\"twitter:description\" content=\"Nuavo devient actionnaire majoritaire du fabricant jurassien de portes et fen\u00eatres Domofen. Il s&#039;agit du premier investissement de l&#039;entreprise, qui fournit capital et expertise en partenariat avec un groupe d&#039;entrepreneurs suisses renomm\u00e9s.\" \/>\n\t\t<meta name=\"twitter:creator\" content=\"@i\" \/>\n\t\t<meta name=\"twitter:image\" content=\"https:\/\/www.immo-invest.ch\/wp-content\/uploads\/2021\/03\/fenster-1.jpg\" \/>\n\t\t<script type=\"application\/ld+json\" class=\"aioseo-schema\">\n\t\t\t{\"@context\":\"https:\\\/\\\/schema.org\",\"@graph\":[{\"@type\":\"BlogPosting\",\"@id\":\"https:\\\/\\\/www.immo-invest.ch\\\/fr\\\/neuer-investor-fuer-fenster-und-tuerenhersteller\\\/#blogposting\",\"name\":\"Un nouvel investisseur pour le fabricant de portes et fen\\u00eatres - immo!nvest - Die Plattform f\\u00fcr Standorte und Immobilien\",\"headline\":\"Un nouvel investisseur pour le fabricant de portes et fen\\u00eatres\",\"author\":{\"@id\":\"https:\\\/\\\/www.immo-invest.ch\\\/fr\\\/author\\\/immovestuser\\\/#author\"},\"publisher\":{\"@id\":\"https:\\\/\\\/www.immo-invest.ch\\\/fr\\\/#organization\"},\"image\":{\"@type\":\"ImageObject\",\"url\":\"https:\\\/\\\/www.immo-invest.ch\\\/wp-content\\\/uploads\\\/2021\\\/03\\\/fenster-1.jpg\",\"width\":1200,\"height\":628},\"datePublished\":\"2025-03-07T11:56:41+01:00\",\"dateModified\":\"2025-03-07T12:10:09+01:00\",\"inLanguage\":\"fr-FR\",\"mainEntityOfPage\":{\"@id\":\"https:\\\/\\\/www.immo-invest.ch\\\/fr\\\/neuer-investor-fuer-fenster-und-tuerenhersteller\\\/#webpage\"},\"isPartOf\":{\"@id\":\"https:\\\/\\\/www.immo-invest.ch\\\/fr\\\/neuer-investor-fuer-fenster-und-tuerenhersteller\\\/#webpage\"},\"articleSection\":\"Entreprise, immoNews, Industrie du b\\u00e2timent, Jura, Facultatif\"},{\"@type\":\"BreadcrumbList\",\"@id\":\"https:\\\/\\\/www.immo-invest.ch\\\/fr\\\/neuer-investor-fuer-fenster-und-tuerenhersteller\\\/#breadcrumblist\",\"itemListElement\":[{\"@type\":\"ListItem\",\"@id\":\"https:\\\/\\\/www.immo-invest.ch\\\/fr\\\/#listItem\",\"position\":1,\"name\":\"Home\",\"item\":\"https:\\\/\\\/www.immo-invest.ch\\\/fr\\\/\",\"nextItem\":{\"@type\":\"ListItem\",\"@id\":\"https:\\\/\\\/www.immo-invest.ch\\\/fr\\\/categories\\\/regions\\\/#listItem\",\"name\":\"R\\u00e9gions\"}},{\"@type\":\"ListItem\",\"@id\":\"https:\\\/\\\/www.immo-invest.ch\\\/fr\\\/categories\\\/regions\\\/#listItem\",\"position\":2,\"name\":\"R\\u00e9gions\",\"item\":\"https:\\\/\\\/www.immo-invest.ch\\\/fr\\\/categories\\\/regions\\\/\",\"nextItem\":{\"@type\":\"ListItem\",\"@id\":\"https:\\\/\\\/www.immo-invest.ch\\\/fr\\\/categories\\\/regions\\\/suisse\\\/#listItem\",\"name\":\"Suisse\"},\"previousItem\":{\"@type\":\"ListItem\",\"@id\":\"https:\\\/\\\/www.immo-invest.ch\\\/fr\\\/#listItem\",\"name\":\"Home\"}},{\"@type\":\"ListItem\",\"@id\":\"https:\\\/\\\/www.immo-invest.ch\\\/fr\\\/categories\\\/regions\\\/suisse\\\/#listItem\",\"position\":3,\"name\":\"Suisse\",\"item\":\"https:\\\/\\\/www.immo-invest.ch\\\/fr\\\/categories\\\/regions\\\/suisse\\\/\",\"nextItem\":{\"@type\":\"ListItem\",\"@id\":\"https:\\\/\\\/www.immo-invest.ch\\\/fr\\\/categories\\\/regions\\\/suisse\\\/espace-mittelland\\\/#listItem\",\"name\":\"Espace Mittelland\"},\"previousItem\":{\"@type\":\"ListItem\",\"@id\":\"https:\\\/\\\/www.immo-invest.ch\\\/fr\\\/categories\\\/regions\\\/#listItem\",\"name\":\"R\\u00e9gions\"}},{\"@type\":\"ListItem\",\"@id\":\"https:\\\/\\\/www.immo-invest.ch\\\/fr\\\/categories\\\/regions\\\/suisse\\\/espace-mittelland\\\/#listItem\",\"position\":4,\"name\":\"Espace Mittelland\",\"item\":\"https:\\\/\\\/www.immo-invest.ch\\\/fr\\\/categories\\\/regions\\\/suisse\\\/espace-mittelland\\\/\",\"nextItem\":{\"@type\":\"ListItem\",\"@id\":\"https:\\\/\\\/www.immo-invest.ch\\\/fr\\\/categories\\\/regions\\\/suisse\\\/espace-mittelland\\\/jura-fr\\\/#listItem\",\"name\":\"Jura\"},\"previousItem\":{\"@type\":\"ListItem\",\"@id\":\"https:\\\/\\\/www.immo-invest.ch\\\/fr\\\/categories\\\/regions\\\/suisse\\\/#listItem\",\"name\":\"Suisse\"}},{\"@type\":\"ListItem\",\"@id\":\"https:\\\/\\\/www.immo-invest.ch\\\/fr\\\/categories\\\/regions\\\/suisse\\\/espace-mittelland\\\/jura-fr\\\/#listItem\",\"position\":5,\"name\":\"Jura\",\"item\":\"https:\\\/\\\/www.immo-invest.ch\\\/fr\\\/categories\\\/regions\\\/suisse\\\/espace-mittelland\\\/jura-fr\\\/\",\"nextItem\":{\"@type\":\"ListItem\",\"@id\":\"https:\\\/\\\/www.immo-invest.ch\\\/fr\\\/neuer-investor-fuer-fenster-und-tuerenhersteller\\\/#listItem\",\"name\":\"Un nouvel investisseur pour le fabricant de portes et fen\\u00eatres\"},\"previousItem\":{\"@type\":\"ListItem\",\"@id\":\"https:\\\/\\\/www.immo-invest.ch\\\/fr\\\/categories\\\/regions\\\/suisse\\\/espace-mittelland\\\/#listItem\",\"name\":\"Espace Mittelland\"}},{\"@type\":\"ListItem\",\"@id\":\"https:\\\/\\\/www.immo-invest.ch\\\/fr\\\/neuer-investor-fuer-fenster-und-tuerenhersteller\\\/#listItem\",\"position\":6,\"name\":\"Un nouvel investisseur pour le fabricant de portes et fen\\u00eatres\",\"previousItem\":{\"@type\":\"ListItem\",\"@id\":\"https:\\\/\\\/www.immo-invest.ch\\\/fr\\\/categories\\\/regions\\\/suisse\\\/espace-mittelland\\\/jura-fr\\\/#listItem\",\"name\":\"Jura\"}}]},{\"@type\":\"Organization\",\"@id\":\"https:\\\/\\\/www.immo-invest.ch\\\/fr\\\/#organization\",\"name\":\"immo!nvest - Die Plattform f\\u00fcr Standorte und Immobilien\",\"description\":\"Die\\u00a0Plattform f\\u00fcr Standorte und Immobilien\",\"url\":\"https:\\\/\\\/www.immo-invest.ch\\\/fr\\\/\",\"email\":\"admin@immomedia.ag\",\"telephone\":\"+41444420002\",\"logo\":{\"@type\":\"ImageObject\",\"url\":\"https:\\\/\\\/www.immo-invest.ch\\\/wp-content\\\/uploads\\\/2024\\\/09\\\/immoinvest_sm-scaled.jpg\",\"@id\":\"https:\\\/\\\/www.immo-invest.ch\\\/fr\\\/neuer-investor-fuer-fenster-und-tuerenhersteller\\\/#organizationLogo\",\"width\":2560,\"height\":1340},\"image\":{\"@id\":\"https:\\\/\\\/www.immo-invest.ch\\\/fr\\\/neuer-investor-fuer-fenster-und-tuerenhersteller\\\/#organizationLogo\"},\"sameAs\":[\"https:\\\/\\\/www.facebook.com\\\/people\\\/Immoinvest\\\/100077962920504\\\/\",\"https:\\\/\\\/x.com\\\/i\\\/flow\\\/login?redirect_after_login=immoinvest_ch\",\"https:\\\/\\\/www.instagram.com\\\/immoinvest_ch\\\/\",\"https:\\\/\\\/www.linkedin.com\\\/company\\\/immoinvest-swiss\"]},{\"@type\":\"Person\",\"@id\":\"https:\\\/\\\/www.immo-invest.ch\\\/fr\\\/author\\\/immovestuser\\\/#author\",\"url\":\"https:\\\/\\\/www.immo-invest.ch\\\/fr\\\/author\\\/immovestuser\\\/\",\"name\":\"immovestuser\",\"image\":{\"@type\":\"ImageObject\",\"@id\":\"https:\\\/\\\/www.immo-invest.ch\\\/fr\\\/neuer-investor-fuer-fenster-und-tuerenhersteller\\\/#authorImage\",\"url\":\"https:\\\/\\\/secure.gravatar.com\\\/avatar\\\/8e01f4d99f2eeea7a362ebb93305e1172a70e9293ba250f897a65c39f54cdd1e?s=96&d=mm&r=g\",\"width\":96,\"height\":96,\"caption\":\"immovestuser\"}},{\"@type\":\"WebPage\",\"@id\":\"https:\\\/\\\/www.immo-invest.ch\\\/fr\\\/neuer-investor-fuer-fenster-und-tuerenhersteller\\\/#webpage\",\"url\":\"https:\\\/\\\/www.immo-invest.ch\\\/fr\\\/neuer-investor-fuer-fenster-und-tuerenhersteller\\\/\",\"name\":\"Un nouvel investisseur pour le fabricant de portes et fen\\u00eatres - immo!nvest - Die Plattform f\\u00fcr Standorte und Immobilien\",\"description\":\"Nuavo devient actionnaire majoritaire du fabricant jurassien de portes et fen\\u00eatres Domofen. Il s'agit du premier investissement de l'entreprise, qui fournit capital et expertise en partenariat avec un groupe d'entrepreneurs suisses renomm\\u00e9s.\",\"inLanguage\":\"fr-FR\",\"isPartOf\":{\"@id\":\"https:\\\/\\\/www.immo-invest.ch\\\/fr\\\/#website\"},\"breadcrumb\":{\"@id\":\"https:\\\/\\\/www.immo-invest.ch\\\/fr\\\/neuer-investor-fuer-fenster-und-tuerenhersteller\\\/#breadcrumblist\"},\"author\":{\"@id\":\"https:\\\/\\\/www.immo-invest.ch\\\/fr\\\/author\\\/immovestuser\\\/#author\"},\"creator\":{\"@id\":\"https:\\\/\\\/www.immo-invest.ch\\\/fr\\\/author\\\/immovestuser\\\/#author\"},\"image\":{\"@type\":\"ImageObject\",\"url\":\"https:\\\/\\\/www.immo-invest.ch\\\/wp-content\\\/uploads\\\/2021\\\/03\\\/fenster-1.jpg\",\"@id\":\"https:\\\/\\\/www.immo-invest.ch\\\/fr\\\/neuer-investor-fuer-fenster-und-tuerenhersteller\\\/#mainImage\",\"width\":1200,\"height\":628},\"primaryImageOfPage\":{\"@id\":\"https:\\\/\\\/www.immo-invest.ch\\\/fr\\\/neuer-investor-fuer-fenster-und-tuerenhersteller\\\/#mainImage\"},\"datePublished\":\"2025-03-07T11:56:41+01:00\",\"dateModified\":\"2025-03-07T12:10:09+01:00\"},{\"@type\":\"WebSite\",\"@id\":\"https:\\\/\\\/www.immo-invest.ch\\\/fr\\\/#website\",\"url\":\"https:\\\/\\\/www.immo-invest.ch\\\/fr\\\/\",\"name\":\"immo!nvest - Die Plattform f\\u00fcr Standorte und Immobilien\",\"description\":\"Die\\u00a0Plattform f\\u00fcr Standorte und Immobilien\",\"inLanguage\":\"fr-FR\",\"publisher\":{\"@id\":\"https:\\\/\\\/www.immo-invest.ch\\\/fr\\\/#organization\"}}]}\n\t\t<\/script>\n\t\t<!-- All in One SEO -->\n\n","aioseo_head_json":{"title":"Un nouvel investisseur pour le fabricant de portes et fen\u00eatres - immo!nvest - Die Plattform f\u00fcr Standorte und Immobilien","description":"Nuavo devient actionnaire majoritaire du fabricant jurassien de portes et fen\u00eatres Domofen. Il s'agit du premier investissement de l'entreprise, qui fournit capital et expertise en partenariat avec un groupe d'entrepreneurs suisses renomm\u00e9s.","canonical_url":"https:\/\/www.immo-invest.ch\/fr\/neuer-investor-fuer-fenster-und-tuerenhersteller\/","robots":"max-image-preview:large","keywords":"","webmasterTools":{"google-site-verification":"fHJKvgWpZCR2zVBHWfkQeFXC11qieUSff0HGNYfuyLA","miscellaneous":""},"schema":{"@context":"https:\/\/schema.org","@graph":[{"@type":"BlogPosting","@id":"https:\/\/www.immo-invest.ch\/fr\/neuer-investor-fuer-fenster-und-tuerenhersteller\/#blogposting","name":"Un nouvel investisseur pour le fabricant de portes et fen\u00eatres - immo!nvest - Die Plattform f\u00fcr Standorte und Immobilien","headline":"Un nouvel investisseur pour le fabricant de portes et fen\u00eatres","author":{"@id":"https:\/\/www.immo-invest.ch\/fr\/author\/immovestuser\/#author"},"publisher":{"@id":"https:\/\/www.immo-invest.ch\/fr\/#organization"},"image":{"@type":"ImageObject","url":"https:\/\/www.immo-invest.ch\/wp-content\/uploads\/2021\/03\/fenster-1.jpg","width":1200,"height":628},"datePublished":"2025-03-07T11:56:41+01:00","dateModified":"2025-03-07T12:10:09+01:00","inLanguage":"fr-FR","mainEntityOfPage":{"@id":"https:\/\/www.immo-invest.ch\/fr\/neuer-investor-fuer-fenster-und-tuerenhersteller\/#webpage"},"isPartOf":{"@id":"https:\/\/www.immo-invest.ch\/fr\/neuer-investor-fuer-fenster-und-tuerenhersteller\/#webpage"},"articleSection":"Entreprise, immoNews, Industrie du b\u00e2timent, Jura, Facultatif"},{"@type":"BreadcrumbList","@id":"https:\/\/www.immo-invest.ch\/fr\/neuer-investor-fuer-fenster-und-tuerenhersteller\/#breadcrumblist","itemListElement":[{"@type":"ListItem","@id":"https:\/\/www.immo-invest.ch\/fr\/#listItem","position":1,"name":"Home","item":"https:\/\/www.immo-invest.ch\/fr\/","nextItem":{"@type":"ListItem","@id":"https:\/\/www.immo-invest.ch\/fr\/categories\/regions\/#listItem","name":"R\u00e9gions"}},{"@type":"ListItem","@id":"https:\/\/www.immo-invest.ch\/fr\/categories\/regions\/#listItem","position":2,"name":"R\u00e9gions","item":"https:\/\/www.immo-invest.ch\/fr\/categories\/regions\/","nextItem":{"@type":"ListItem","@id":"https:\/\/www.immo-invest.ch\/fr\/categories\/regions\/suisse\/#listItem","name":"Suisse"},"previousItem":{"@type":"ListItem","@id":"https:\/\/www.immo-invest.ch\/fr\/#listItem","name":"Home"}},{"@type":"ListItem","@id":"https:\/\/www.immo-invest.ch\/fr\/categories\/regions\/suisse\/#listItem","position":3,"name":"Suisse","item":"https:\/\/www.immo-invest.ch\/fr\/categories\/regions\/suisse\/","nextItem":{"@type":"ListItem","@id":"https:\/\/www.immo-invest.ch\/fr\/categories\/regions\/suisse\/espace-mittelland\/#listItem","name":"Espace Mittelland"},"previousItem":{"@type":"ListItem","@id":"https:\/\/www.immo-invest.ch\/fr\/categories\/regions\/#listItem","name":"R\u00e9gions"}},{"@type":"ListItem","@id":"https:\/\/www.immo-invest.ch\/fr\/categories\/regions\/suisse\/espace-mittelland\/#listItem","position":4,"name":"Espace Mittelland","item":"https:\/\/www.immo-invest.ch\/fr\/categories\/regions\/suisse\/espace-mittelland\/","nextItem":{"@type":"ListItem","@id":"https:\/\/www.immo-invest.ch\/fr\/categories\/regions\/suisse\/espace-mittelland\/jura-fr\/#listItem","name":"Jura"},"previousItem":{"@type":"ListItem","@id":"https:\/\/www.immo-invest.ch\/fr\/categories\/regions\/suisse\/#listItem","name":"Suisse"}},{"@type":"ListItem","@id":"https:\/\/www.immo-invest.ch\/fr\/categories\/regions\/suisse\/espace-mittelland\/jura-fr\/#listItem","position":5,"name":"Jura","item":"https:\/\/www.immo-invest.ch\/fr\/categories\/regions\/suisse\/espace-mittelland\/jura-fr\/","nextItem":{"@type":"ListItem","@id":"https:\/\/www.immo-invest.ch\/fr\/neuer-investor-fuer-fenster-und-tuerenhersteller\/#listItem","name":"Un nouvel investisseur pour le fabricant de portes et fen\u00eatres"},"previousItem":{"@type":"ListItem","@id":"https:\/\/www.immo-invest.ch\/fr\/categories\/regions\/suisse\/espace-mittelland\/#listItem","name":"Espace Mittelland"}},{"@type":"ListItem","@id":"https:\/\/www.immo-invest.ch\/fr\/neuer-investor-fuer-fenster-und-tuerenhersteller\/#listItem","position":6,"name":"Un nouvel investisseur pour le fabricant de portes et fen\u00eatres","previousItem":{"@type":"ListItem","@id":"https:\/\/www.immo-invest.ch\/fr\/categories\/regions\/suisse\/espace-mittelland\/jura-fr\/#listItem","name":"Jura"}}]},{"@type":"Organization","@id":"https:\/\/www.immo-invest.ch\/fr\/#organization","name":"immo!nvest - Die Plattform f\u00fcr Standorte und Immobilien","description":"Die\u00a0Plattform f\u00fcr Standorte und Immobilien","url":"https:\/\/www.immo-invest.ch\/fr\/","email":"admin@immomedia.ag","telephone":"+41444420002","logo":{"@type":"ImageObject","url":"https:\/\/www.immo-invest.ch\/wp-content\/uploads\/2024\/09\/immoinvest_sm-scaled.jpg","@id":"https:\/\/www.immo-invest.ch\/fr\/neuer-investor-fuer-fenster-und-tuerenhersteller\/#organizationLogo","width":2560,"height":1340},"image":{"@id":"https:\/\/www.immo-invest.ch\/fr\/neuer-investor-fuer-fenster-und-tuerenhersteller\/#organizationLogo"},"sameAs":["https:\/\/www.facebook.com\/people\/Immoinvest\/100077962920504\/","https:\/\/x.com\/i\/flow\/login?redirect_after_login=immoinvest_ch","https:\/\/www.instagram.com\/immoinvest_ch\/","https:\/\/www.linkedin.com\/company\/immoinvest-swiss"]},{"@type":"Person","@id":"https:\/\/www.immo-invest.ch\/fr\/author\/immovestuser\/#author","url":"https:\/\/www.immo-invest.ch\/fr\/author\/immovestuser\/","name":"immovestuser","image":{"@type":"ImageObject","@id":"https:\/\/www.immo-invest.ch\/fr\/neuer-investor-fuer-fenster-und-tuerenhersteller\/#authorImage","url":"https:\/\/secure.gravatar.com\/avatar\/8e01f4d99f2eeea7a362ebb93305e1172a70e9293ba250f897a65c39f54cdd1e?s=96&d=mm&r=g","width":96,"height":96,"caption":"immovestuser"}},{"@type":"WebPage","@id":"https:\/\/www.immo-invest.ch\/fr\/neuer-investor-fuer-fenster-und-tuerenhersteller\/#webpage","url":"https:\/\/www.immo-invest.ch\/fr\/neuer-investor-fuer-fenster-und-tuerenhersteller\/","name":"Un nouvel investisseur pour le fabricant de portes et fen\u00eatres - immo!nvest - Die Plattform f\u00fcr Standorte und Immobilien","description":"Nuavo devient actionnaire majoritaire du fabricant jurassien de portes et fen\u00eatres Domofen. Il s'agit du premier investissement de l'entreprise, qui fournit capital et expertise en partenariat avec un groupe d'entrepreneurs suisses renomm\u00e9s.","inLanguage":"fr-FR","isPartOf":{"@id":"https:\/\/www.immo-invest.ch\/fr\/#website"},"breadcrumb":{"@id":"https:\/\/www.immo-invest.ch\/fr\/neuer-investor-fuer-fenster-und-tuerenhersteller\/#breadcrumblist"},"author":{"@id":"https:\/\/www.immo-invest.ch\/fr\/author\/immovestuser\/#author"},"creator":{"@id":"https:\/\/www.immo-invest.ch\/fr\/author\/immovestuser\/#author"},"image":{"@type":"ImageObject","url":"https:\/\/www.immo-invest.ch\/wp-content\/uploads\/2021\/03\/fenster-1.jpg","@id":"https:\/\/www.immo-invest.ch\/fr\/neuer-investor-fuer-fenster-und-tuerenhersteller\/#mainImage","width":1200,"height":628},"primaryImageOfPage":{"@id":"https:\/\/www.immo-invest.ch\/fr\/neuer-investor-fuer-fenster-und-tuerenhersteller\/#mainImage"},"datePublished":"2025-03-07T11:56:41+01:00","dateModified":"2025-03-07T12:10:09+01:00"},{"@type":"WebSite","@id":"https:\/\/www.immo-invest.ch\/fr\/#website","url":"https:\/\/www.immo-invest.ch\/fr\/","name":"immo!nvest - Die Plattform f\u00fcr Standorte und Immobilien","description":"Die\u00a0Plattform f\u00fcr Standorte und Immobilien","inLanguage":"fr-FR","publisher":{"@id":"https:\/\/www.immo-invest.ch\/fr\/#organization"}}]},"og:locale":"fr_FR","og:site_name":"immo!nvest - Die Plattform f\u00fcr Standorte und Immobilien - Die\u00a0Plattform f\u00fcr Standorte und Immobilien","og:type":"article","og:title":"Un nouvel investisseur pour le fabricant de portes et fen\u00eatres - immo!nvest - Die Plattform f\u00fcr Standorte und Immobilien","og:description":"Nuavo devient actionnaire majoritaire du fabricant jurassien de portes et fen\u00eatres Domofen. Il s'agit du premier investissement de l'entreprise, qui fournit capital et expertise en partenariat avec un groupe d'entrepreneurs suisses renomm\u00e9s.","og:url":"https:\/\/www.immo-invest.ch\/fr\/neuer-investor-fuer-fenster-und-tuerenhersteller\/","og:image":"https:\/\/www.immo-invest.ch\/wp-content\/uploads\/2021\/03\/fenster-1.jpg","og:image:secure_url":"https:\/\/www.immo-invest.ch\/wp-content\/uploads\/2021\/03\/fenster-1.jpg","og:image:width":1200,"og:image:height":628,"article:published_time":"2025-03-07T10:56:41+00:00","article:modified_time":"2025-03-07T11:10:09+00:00","article:publisher":"https:\/\/www.facebook.com\/people\/Immoinvest\/100077962920504\/","twitter:card":"summary_large_image","twitter:site":"@i","twitter:title":"Un nouvel investisseur pour le fabricant de portes et fen\u00eatres - immo!nvest - Die Plattform f\u00fcr Standorte und Immobilien","twitter:description":"Nuavo devient actionnaire majoritaire du fabricant jurassien de portes et fen\u00eatres Domofen. Il s'agit du premier investissement de l'entreprise, qui fournit capital et expertise en partenariat avec un groupe d'entrepreneurs suisses renomm\u00e9s.","twitter:creator":"@i","twitter:image":"https:\/\/www.immo-invest.ch\/wp-content\/uploads\/2021\/03\/fenster-1.jpg"},"aioseo_meta_data":{"post_id":"127766","title":null,"description":null,"keywords":null,"keyphrases":{"focus":{"keyphrase":"","score":0,"analysis":{"keyphraseInTitle":{"score":0,"maxScore":9,"error":1}}},"additional":[]},"primary_term":null,"canonical_url":null,"og_title":null,"og_description":null,"og_object_type":"default","og_image_type":"default","og_image_url":null,"og_image_width":null,"og_image_height":null,"og_image_custom_url":null,"og_image_custom_fields":null,"og_video":"","og_custom_url":null,"og_article_section":null,"og_article_tags":null,"twitter_use_og":false,"twitter_card":"default","twitter_image_type":"default","twitter_image_url":null,"twitter_image_custom_url":null,"twitter_image_custom_fields":null,"twitter_title":null,"twitter_description":null,"schema":{"blockGraphs":[],"customGraphs":[],"default":{"data":{"Article":[],"Course":[],"Dataset":[],"FAQPage":[],"Movie":[],"Person":[],"Product":[],"ProductReview":[],"Car":[],"Recipe":[],"Service":[],"SoftwareApplication":[],"WebPage":[]},"graphName":"BlogPosting","isEnabled":true},"graphs":[]},"schema_type":"default","schema_type_options":null,"pillar_content":false,"robots_default":true,"robots_noindex":false,"robots_noarchive":false,"robots_nosnippet":false,"robots_nofollow":false,"robots_noimageindex":false,"robots_noodp":false,"robots_notranslate":false,"robots_max_snippet":"-1","robots_max_videopreview":"-1","robots_max_imagepreview":"large","priority":null,"frequency":"default","local_seo":null,"breadcrumb_settings":null,"limit_modified_date":false,"ai":null,"created":"2025-03-07 11:04:35","updated":"2025-10-24 17:40:14","seo_analyzer_scan_date":null,"focus_keyword":null,"additional_keywords":null,"truseo_locale":null},"aioseo_breadcrumb":"<div class=\"aioseo-breadcrumbs\"><span class=\"aioseo-breadcrumb\">\n\t\t\t<a href=\"https:\/\/www.immo-invest.ch\/fr\/\" title=\"Home\">Home<\/a>\n\t\t<\/span><span class=\"aioseo-breadcrumb-separator\">&raquo;<\/span><span class=\"aioseo-breadcrumb\">\n\t\t\t<a href=\"https:\/\/www.immo-invest.ch\/fr\/categories\/regions\/\" title=\"R\u00e9gions\">R\u00e9gions<\/a>\n\t\t<\/span><span class=\"aioseo-breadcrumb-separator\">&raquo;<\/span><span class=\"aioseo-breadcrumb\">\n\t\t\t<a href=\"https:\/\/www.immo-invest.ch\/fr\/categories\/regions\/suisse\/\" title=\"Suisse\">Suisse<\/a>\n\t\t<\/span><span class=\"aioseo-breadcrumb-separator\">&raquo;<\/span><span class=\"aioseo-breadcrumb\">\n\t\t\t<a href=\"https:\/\/www.immo-invest.ch\/fr\/categories\/regions\/suisse\/espace-mittelland\/\" title=\"Espace Mittelland\">Espace Mittelland<\/a>\n\t\t<\/span><span class=\"aioseo-breadcrumb-separator\">&raquo;<\/span><span class=\"aioseo-breadcrumb\">\n\t\t\t<a href=\"https:\/\/www.immo-invest.ch\/fr\/categories\/regions\/suisse\/espace-mittelland\/jura-fr\/\" title=\"Jura\">Jura<\/a>\n\t\t<\/span><span class=\"aioseo-breadcrumb-separator\">&raquo;<\/span><span class=\"aioseo-breadcrumb\">\n\t\t\tUn nouvel investisseur pour le fabricant de portes et fen\u00eatres\n\t\t<\/span><\/div>","aioseo_breadcrumb_json":[{"label":"Home","link":"https:\/\/www.immo-invest.ch\/fr\/"},{"label":"R\u00e9gions","link":"https:\/\/www.immo-invest.ch\/fr\/categories\/regions\/"},{"label":"Suisse","link":"https:\/\/www.immo-invest.ch\/fr\/categories\/regions\/suisse\/"},{"label":"Espace Mittelland","link":"https:\/\/www.immo-invest.ch\/fr\/categories\/regions\/suisse\/espace-mittelland\/"},{"label":"Jura","link":"https:\/\/www.immo-invest.ch\/fr\/categories\/regions\/suisse\/espace-mittelland\/jura-fr\/"},{"label":"Un nouvel investisseur pour le fabricant de portes et fen\u00eatres","link":"https:\/\/www.immo-invest.ch\/fr\/neuer-investor-fuer-fenster-und-tuerenhersteller\/"}],"featured_image_src":"https:\/\/www.immo-invest.ch\/wp-content\/uploads\/2021\/03\/fenster-1-150x150.jpg","_links":{"self":[{"href":"https:\/\/www.immo-invest.ch\/fr\/wp-json\/wp\/v2\/posts\/127766","targetHints":{"allow":["GET"]}}],"collection":[{"href":"https:\/\/www.immo-invest.ch\/fr\/wp-json\/wp\/v2\/posts"}],"about":[{"href":"https:\/\/www.immo-invest.ch\/fr\/wp-json\/wp\/v2\/types\/post"}],"author":[{"embeddable":true,"href":"https:\/\/www.immo-invest.ch\/fr\/wp-json\/wp\/v2\/users\/2"}],"replies":[{"embeddable":true,"href":"https:\/\/www.immo-invest.ch\/fr\/wp-json\/wp\/v2\/comments?post=127766"}],"version-history":[{"count":0,"href":"https:\/\/www.immo-invest.ch\/fr\/wp-json\/wp\/v2\/posts\/127766\/revisions"}],"wp:featuredmedia":[{"embeddable":true,"href":"https:\/\/www.immo-invest.ch\/fr\/wp-json\/wp\/v2\/media\/15902"}],"wp:attachment":[{"href":"https:\/\/www.immo-invest.ch\/fr\/wp-json\/wp\/v2\/media?parent=127766"}],"wp:term":[{"taxonomy":"category","embeddable":true,"href":"https:\/\/www.immo-invest.ch\/fr\/wp-json\/wp\/v2\/categories?post=127766"},{"taxonomy":"post_tag","embeddable":true,"href":"https:\/\/www.immo-invest.ch\/fr\/wp-json\/wp\/v2\/tags?post=127766"}],"curies":[{"name":"wp","href":"https:\/\/api.w.org\/{rel}","templated":true}]}}