{"id":127243,"date":"2025-02-28T16:44:58","date_gmt":"2025-02-28T15:44:58","guid":{"rendered":"https:\/\/www.immo-invest.ch\/?p=127243"},"modified":"2025-02-28T09:57:47","modified_gmt":"2025-02-28T08:57:47","slug":"flughafenregion-zuerich-gibt-sich-fachbeirat-fuer-nachhaltigkeit","status":"publish","type":"post","link":"https:\/\/www.immo-invest.ch\/fr\/flughafenregion-zuerich-gibt-sich-fachbeirat-fuer-nachhaltigkeit\/","title":{"rendered":"La r\u00e9gion a\u00e9roportuaire de Zurich se dote d&rsquo;un comit\u00e9 consultatif sur le d\u00e9veloppement durable"},"content":{"rendered":"<p class=\"bodytext\">La <a href=\"https:\/\/www.flughafenregion.ch\/\" target=\"_blank\" rel=\"noopener\">FRZ Flughafenregion Z&uuml;rich<\/a> renforce son engagement en faveur du d&eacute;veloppement durable. Elle a cr&eacute;&eacute; le 6 f&eacute;vrier un comit&eacute; consultatif sur la durabilit&eacute;, informe le r&eacute;seau &eacute;conomique dans un <a href=\"https:\/\/www.flughafenregion.ch\/news\/frz-flughafenregion-zurich-grundet-nachhaltigkeits-fachbeirat\" target=\"_blank\" rel=\"noopener\">communiqu&eacute;<\/a> correspondant. &laquo;&nbsp;La durabilit&eacute; n&rsquo;est pas une tendance, mais un facteur de r&eacute;ussite d&eacute;cisif pour les entreprises et la soci&eacute;t&eacute;&nbsp;&raquo;, peut-on y lire pour expliquer les raisons de cette d&eacute;cision.<\/p>\n<p class=\"bodytext\">Le nouveau comit&eacute; consultatif doit faire office de &laquo;&nbsp;centre de comp&eacute;tence de premier plan&nbsp;&raquo; pour les innovations durables dans la r&eacute;gion. Concr&egrave;tement, il a pour objectif d&rsquo;aider les entreprises, les villes et les communes &agrave; mettre en place des mod&egrave;les commerciaux durables. Il s&rsquo;agit de promouvoir les meilleures pratiques et de mettre en relation les acteurs &eacute;conomiques, scientifiques et politiques.<\/p>\n<p class=\"bodytext\">L&rsquo;attribution du FRZ Excellence Award fera &eacute;galement partie des t&acirc;ches du nouveau comit&eacute; consultatif. Ce prix r&eacute;compense chaque ann&eacute;e les performances exceptionnelles en mati&egrave;re d&rsquo;&eacute;cologie, de responsabilit&eacute; sociale et d&rsquo;<span class=\"glossaryLink\" aria-describedby=\"tt\" data-cmtooltip=\"&lt;div class=glossaryItemTitle&gt;Innovation&lt;\/div&gt;&lt;div class=glossaryItemBody&gt;Innovation in der heutigen Immobilienwelt bedeutet vor allem Digitalisierung von Prozessen. Zum Beispiel das Eliminieren von Tausenden von Excel-Bl&auml;ttern f&uuml;r Portfolio- und Asset-Manager oder das Erstellen einer Anwendung (App) f&uuml;r alle Formalit&auml;ten rund um die Beziehung zwischen Immobilieneigent&uuml;mern, - verwaltung und -mietern.&lt;\/div&gt;\" data-mobile-support=\"0\" data-gt-translate-attributes='[{\"attribute\":\"data-cmtooltip\", \"format\":\"html\"}]' tabindex=\"0\" role=\"link\">innovation<\/span> des entreprises membres de la FRZ Flughafenregion Z&uuml;rich.<\/p>\n<p class=\"bodytext\">Le comit&eacute; consultatif sur la durabilit&eacute; comprend notamment Mario Angst de l&rsquo;<a href=\"https:\/\/www.uzh.ch\/\" target=\"_blank\" rel=\"noopener\">universit&eacute; de Zurich<\/a>, Willi G&auml;rtner de <a href=\"https:\/\/www.planzer.ch\/de\/\" target=\"_blank\" rel=\"noopener\">Planzer<\/a>, Thomas Meier du <a href=\"https:\/\/www.safetycenter.ch\/\" target=\"_blank\" rel=\"noopener\">Swiss Safety Center<\/a> et l&rsquo;ancienne directrice g&eacute;n&eacute;rale de la <a href=\"https:\/\/www.greaterzuricharea.com\/de\" target=\"_blank\" rel=\"noopener\">Greater Zurich Area<\/a>, Sonja Wollkopf. Au total, le comit&eacute; consultatif compte quatre femmes et neuf hommes issus du monde des affaires, de la science et de la politique. La FRZ Flughafenregion Z&uuml;rich tient &agrave; disposition la liste compl&egrave;te des membres, y compris un lien vers leur profil <span class=\"glossaryLink\" aria-describedby=\"tt\" data-cmtooltip=\"&lt;div class=glossaryItemTitle&gt;LinkedIn&lt;\/div&gt;&lt;div class=glossaryItemBody&gt;Social-Media-Plattform f&uuml;r Fach- und F&uuml;hrungskr&auml;fte&lt;\/div&gt;\" data-mobile-support=\"0\" data-gt-translate-attributes='[{\"attribute\":\"data-cmtooltip\", \"format\":\"html\"}]' tabindex=\"0\" role=\"link\">LinkedIn<\/span>, dans le communiqu&eacute;.<\/p>\n","protected":false},"excerpt":{"rendered":"<p>Le 6 f\u00e9vrier, la FRZ Flughafenregion Z\u00fcrich a cr\u00e9\u00e9 un comit\u00e9 consultatif sur la durabilit\u00e9. Il a pour mission d&rsquo;aider les entreprises, les villes et les communes de la r\u00e9gion \u00e0 mettre en place des mod\u00e8les commerciaux durables.<\/p>\n","protected":false},"author":2,"featured_media":70583,"comment_status":"open","ping_status":"open","sticky":false,"template":"","format":"standard","meta":{"pmpro_default_level":"","inline_featured_image":false,"_monsterinsights_skip_tracking":false,"footnotes":""},"categories":[22699,22696,743,22703],"tags":[872,3931,2175,2056,2002,2420,880],"class_list":["post-127243","post","type-post","status-publish","format-standard","has-post-thumbnail","hentry","category-durabilite","category-entreprise","category-immonews-fr","category-mobilite","tag-immoinvest-fr","tag-immonews-fr","tag-innovation-fr","tag-nachhaltigkeit-fr","tag-news-fr","tag-wirtschaft-fr","tag-zuerich-fr","pmpro-has-access"],"acf":{"bild_mit_ki_erstellt_worden":[],"lead":"Le 6 f\u00e9vrier, la FRZ Flughafenregion Z\u00fcrich a cr\u00e9\u00e9 un comit\u00e9 consultatif sur la durabilit\u00e9. Il a pour mission d'aider les entreprises, les villes et les communes de la r\u00e9gion \u00e0 mettre en place des mod\u00e8les commerciaux durables.","autor":"ce\/hs","ort":"Glattbrugg ZH","bildunterschrift":"","bild_im_grid":false,"gallerie":"","newsim":""},"aioseo_notices":[],"aioseo_head":"\n\t\t<!-- All in One SEO 5.0.1.1 - aioseo.com -->\n\t<meta name=\"description\" content=\"Le 6 f\u00e9vrier, la FRZ Flughafenregion Z\u00fcrich a cr\u00e9\u00e9 un comit\u00e9 consultatif sur la durabilit\u00e9. Il a pour mission d&#039;aider les entreprises, les villes et les communes de la r\u00e9gion \u00e0 mettre en place des mod\u00e8les commerciaux durables.\" \/>\n\t<meta name=\"robots\" content=\"max-image-preview:large\" \/>\n\t<meta name=\"author\" content=\"immovestuser\"\/>\n\t<meta name=\"google-site-verification\" content=\"fHJKvgWpZCR2zVBHWfkQeFXC11qieUSff0HGNYfuyLA\" \/>\n\t<link rel=\"canonical\" href=\"https:\/\/www.immo-invest.ch\/fr\/flughafenregion-zuerich-gibt-sich-fachbeirat-fuer-nachhaltigkeit\/\" \/>\n\t<meta name=\"generator\" content=\"All in One SEO (AIOSEO) 5.0.1.1\" \/>\n\t\t<meta property=\"og:locale\" content=\"fr_FR\" \/>\n\t\t<meta property=\"og:site_name\" content=\"immo!nvest - Die Plattform f\u00fcr Standorte und Immobilien - Die\u00a0Plattform f\u00fcr Standorte und Immobilien\" \/>\n\t\t<meta property=\"og:type\" content=\"article\" \/>\n\t\t<meta property=\"og:title\" content=\"La r\u00e9gion a\u00e9roportuaire de Zurich se dote d\u2019un comit\u00e9 consultatif sur le d\u00e9veloppement durable - immo!nvest - Die Plattform f\u00fcr Standorte und Immobilien\" \/>\n\t\t<meta property=\"og:description\" content=\"Le 6 f\u00e9vrier, la FRZ Flughafenregion Z\u00fcrich a cr\u00e9\u00e9 un comit\u00e9 consultatif sur la durabilit\u00e9. Il a pour mission d&#039;aider les entreprises, les villes et les communes de la r\u00e9gion \u00e0 mettre en place des mod\u00e8les commerciaux durables.\" \/>\n\t\t<meta property=\"og:url\" content=\"https:\/\/www.immo-invest.ch\/fr\/flughafenregion-zuerich-gibt-sich-fachbeirat-fuer-nachhaltigkeit\/\" \/>\n\t\t<meta property=\"og:image\" content=\"https:\/\/www.immo-invest.ch\/wp-content\/uploads\/2023\/12\/Flughafen_Zuerich-scaled.jpg\" \/>\n\t\t<meta property=\"og:image:secure_url\" content=\"https:\/\/www.immo-invest.ch\/wp-content\/uploads\/2023\/12\/Flughafen_Zuerich-scaled.jpg\" \/>\n\t\t<meta property=\"og:image:width\" content=\"2560\" \/>\n\t\t<meta property=\"og:image:height\" content=\"1437\" \/>\n\t\t<meta property=\"article:published_time\" content=\"2025-02-28T15:44:58+00:00\" \/>\n\t\t<meta property=\"article:modified_time\" content=\"2025-02-28T08:57:47+00:00\" \/>\n\t\t<meta property=\"article:publisher\" content=\"https:\/\/www.facebook.com\/people\/Immoinvest\/100077962920504\/\" \/>\n\t\t<meta name=\"twitter:card\" content=\"summary_large_image\" \/>\n\t\t<meta name=\"twitter:site\" content=\"@i\" \/>\n\t\t<meta name=\"twitter:title\" content=\"La r\u00e9gion a\u00e9roportuaire de Zurich se dote d\u2019un comit\u00e9 consultatif sur le d\u00e9veloppement durable - immo!nvest - Die Plattform f\u00fcr Standorte und Immobilien\" \/>\n\t\t<meta name=\"twitter:description\" content=\"Le 6 f\u00e9vrier, la FRZ Flughafenregion Z\u00fcrich a cr\u00e9\u00e9 un comit\u00e9 consultatif sur la durabilit\u00e9. Il a pour mission d&#039;aider les entreprises, les villes et les communes de la r\u00e9gion \u00e0 mettre en place des mod\u00e8les commerciaux durables.\" \/>\n\t\t<meta name=\"twitter:creator\" content=\"@i\" \/>\n\t\t<meta name=\"twitter:image\" content=\"https:\/\/www.immo-invest.ch\/wp-content\/uploads\/2023\/12\/Flughafen_Zuerich-scaled.jpg\" \/>\n\t\t<script type=\"application\/ld+json\" class=\"aioseo-schema\">\n\t\t\t{\"@context\":\"https:\\\/\\\/schema.org\",\"@graph\":[{\"@type\":\"BlogPosting\",\"@id\":\"https:\\\/\\\/www.immo-invest.ch\\\/fr\\\/flughafenregion-zuerich-gibt-sich-fachbeirat-fuer-nachhaltigkeit\\\/#blogposting\",\"name\":\"La r\\u00e9gion a\\u00e9roportuaire de Zurich se dote d\\u2019un comit\\u00e9 consultatif sur le d\\u00e9veloppement durable - immo!nvest - Die Plattform f\\u00fcr Standorte und Immobilien\",\"headline\":\"La r\\u00e9gion a\\u00e9roportuaire de Zurich se dote d&rsquo;un comit\\u00e9 consultatif sur le d\\u00e9veloppement durable\",\"author\":{\"@id\":\"https:\\\/\\\/www.immo-invest.ch\\\/fr\\\/author\\\/immovestuser\\\/#author\"},\"publisher\":{\"@id\":\"https:\\\/\\\/www.immo-invest.ch\\\/fr\\\/#organization\"},\"image\":{\"@type\":\"ImageObject\",\"url\":\"https:\\\/\\\/www.immo-invest.ch\\\/wp-content\\\/uploads\\\/2023\\\/12\\\/Flughafen_Zuerich-scaled.jpg\",\"width\":2560,\"height\":1437},\"datePublished\":\"2025-02-28T16:44:58+01:00\",\"dateModified\":\"2025-02-28T09:57:47+01:00\",\"inLanguage\":\"fr-FR\",\"mainEntityOfPage\":{\"@id\":\"https:\\\/\\\/www.immo-invest.ch\\\/fr\\\/flughafenregion-zuerich-gibt-sich-fachbeirat-fuer-nachhaltigkeit\\\/#webpage\"},\"isPartOf\":{\"@id\":\"https:\\\/\\\/www.immo-invest.ch\\\/fr\\\/flughafenregion-zuerich-gibt-sich-fachbeirat-fuer-nachhaltigkeit\\\/#webpage\"},\"articleSection\":\"Durabilit\\u00e9, Entreprise, immoNews, Mobilit\\u00e9, Immoinvest, immoNews, Innovation, Nachhaltigkeit, News, wirtschaft, Z\\u00fcrich, Facultatif\"},{\"@type\":\"BreadcrumbList\",\"@id\":\"https:\\\/\\\/www.immo-invest.ch\\\/fr\\\/flughafenregion-zuerich-gibt-sich-fachbeirat-fuer-nachhaltigkeit\\\/#breadcrumblist\",\"itemListElement\":[{\"@type\":\"ListItem\",\"@id\":\"https:\\\/\\\/www.immo-invest.ch\\\/fr\\\/#listItem\",\"position\":1,\"name\":\"Home\",\"item\":\"https:\\\/\\\/www.immo-invest.ch\\\/fr\\\/\",\"nextItem\":{\"@type\":\"ListItem\",\"@id\":\"https:\\\/\\\/www.immo-invest.ch\\\/fr\\\/categories\\\/trends-fr\\\/#listItem\",\"name\":\"Trends\"}},{\"@type\":\"ListItem\",\"@id\":\"https:\\\/\\\/www.immo-invest.ch\\\/fr\\\/categories\\\/trends-fr\\\/#listItem\",\"position\":2,\"name\":\"Trends\",\"item\":\"https:\\\/\\\/www.immo-invest.ch\\\/fr\\\/categories\\\/trends-fr\\\/\",\"nextItem\":{\"@type\":\"ListItem\",\"@id\":\"https:\\\/\\\/www.immo-invest.ch\\\/fr\\\/categories\\\/trends-fr\\\/entreprise\\\/#listItem\",\"name\":\"Entreprise\"},\"previousItem\":{\"@type\":\"ListItem\",\"@id\":\"https:\\\/\\\/www.immo-invest.ch\\\/fr\\\/#listItem\",\"name\":\"Home\"}},{\"@type\":\"ListItem\",\"@id\":\"https:\\\/\\\/www.immo-invest.ch\\\/fr\\\/categories\\\/trends-fr\\\/entreprise\\\/#listItem\",\"position\":3,\"name\":\"Entreprise\",\"item\":\"https:\\\/\\\/www.immo-invest.ch\\\/fr\\\/categories\\\/trends-fr\\\/entreprise\\\/\",\"nextItem\":{\"@type\":\"ListItem\",\"@id\":\"https:\\\/\\\/www.immo-invest.ch\\\/fr\\\/flughafenregion-zuerich-gibt-sich-fachbeirat-fuer-nachhaltigkeit\\\/#listItem\",\"name\":\"La r\\u00e9gion a\\u00e9roportuaire de Zurich se dote d&rsquo;un comit\\u00e9 consultatif sur le d\\u00e9veloppement durable\"},\"previousItem\":{\"@type\":\"ListItem\",\"@id\":\"https:\\\/\\\/www.immo-invest.ch\\\/fr\\\/categories\\\/trends-fr\\\/#listItem\",\"name\":\"Trends\"}},{\"@type\":\"ListItem\",\"@id\":\"https:\\\/\\\/www.immo-invest.ch\\\/fr\\\/flughafenregion-zuerich-gibt-sich-fachbeirat-fuer-nachhaltigkeit\\\/#listItem\",\"position\":4,\"name\":\"La r\\u00e9gion a\\u00e9roportuaire de Zurich se dote d&rsquo;un comit\\u00e9 consultatif sur le d\\u00e9veloppement durable\",\"previousItem\":{\"@type\":\"ListItem\",\"@id\":\"https:\\\/\\\/www.immo-invest.ch\\\/fr\\\/categories\\\/trends-fr\\\/entreprise\\\/#listItem\",\"name\":\"Entreprise\"}}]},{\"@type\":\"Organization\",\"@id\":\"https:\\\/\\\/www.immo-invest.ch\\\/fr\\\/#organization\",\"name\":\"immo!nvest - Die Plattform f\\u00fcr Standorte und Immobilien\",\"description\":\"Die\\u00a0Plattform f\\u00fcr Standorte und Immobilien\",\"url\":\"https:\\\/\\\/www.immo-invest.ch\\\/fr\\\/\",\"email\":\"admin@immomedia.ag\",\"telephone\":\"+41444420002\",\"logo\":{\"@type\":\"ImageObject\",\"url\":\"https:\\\/\\\/www.immo-invest.ch\\\/wp-content\\\/uploads\\\/2024\\\/09\\\/immoinvest_sm-scaled.jpg\",\"@id\":\"https:\\\/\\\/www.immo-invest.ch\\\/fr\\\/flughafenregion-zuerich-gibt-sich-fachbeirat-fuer-nachhaltigkeit\\\/#organizationLogo\",\"width\":2560,\"height\":1340},\"image\":{\"@id\":\"https:\\\/\\\/www.immo-invest.ch\\\/fr\\\/flughafenregion-zuerich-gibt-sich-fachbeirat-fuer-nachhaltigkeit\\\/#organizationLogo\"},\"sameAs\":[\"https:\\\/\\\/www.facebook.com\\\/people\\\/Immoinvest\\\/100077962920504\\\/\",\"https:\\\/\\\/x.com\\\/i\\\/flow\\\/login?redirect_after_login=immoinvest_ch\",\"https:\\\/\\\/www.instagram.com\\\/immoinvest_ch\\\/\",\"https:\\\/\\\/www.linkedin.com\\\/company\\\/immoinvest-swiss\"]},{\"@type\":\"Person\",\"@id\":\"https:\\\/\\\/www.immo-invest.ch\\\/fr\\\/author\\\/immovestuser\\\/#author\",\"url\":\"https:\\\/\\\/www.immo-invest.ch\\\/fr\\\/author\\\/immovestuser\\\/\",\"name\":\"immovestuser\",\"image\":{\"@type\":\"ImageObject\",\"@id\":\"https:\\\/\\\/www.immo-invest.ch\\\/fr\\\/flughafenregion-zuerich-gibt-sich-fachbeirat-fuer-nachhaltigkeit\\\/#authorImage\",\"url\":\"https:\\\/\\\/secure.gravatar.com\\\/avatar\\\/8e01f4d99f2eeea7a362ebb93305e1172a70e9293ba250f897a65c39f54cdd1e?s=96&d=mm&r=g\",\"width\":96,\"height\":96,\"caption\":\"immovestuser\"}},{\"@type\":\"WebPage\",\"@id\":\"https:\\\/\\\/www.immo-invest.ch\\\/fr\\\/flughafenregion-zuerich-gibt-sich-fachbeirat-fuer-nachhaltigkeit\\\/#webpage\",\"url\":\"https:\\\/\\\/www.immo-invest.ch\\\/fr\\\/flughafenregion-zuerich-gibt-sich-fachbeirat-fuer-nachhaltigkeit\\\/\",\"name\":\"La r\\u00e9gion a\\u00e9roportuaire de Zurich se dote d\\u2019un comit\\u00e9 consultatif sur le d\\u00e9veloppement durable - immo!nvest - Die Plattform f\\u00fcr Standorte und Immobilien\",\"description\":\"Le 6 f\\u00e9vrier, la FRZ Flughafenregion Z\\u00fcrich a cr\\u00e9\\u00e9 un comit\\u00e9 consultatif sur la durabilit\\u00e9. Il a pour mission d'aider les entreprises, les villes et les communes de la r\\u00e9gion \\u00e0 mettre en place des mod\\u00e8les commerciaux durables.\",\"inLanguage\":\"fr-FR\",\"isPartOf\":{\"@id\":\"https:\\\/\\\/www.immo-invest.ch\\\/fr\\\/#website\"},\"breadcrumb\":{\"@id\":\"https:\\\/\\\/www.immo-invest.ch\\\/fr\\\/flughafenregion-zuerich-gibt-sich-fachbeirat-fuer-nachhaltigkeit\\\/#breadcrumblist\"},\"author\":{\"@id\":\"https:\\\/\\\/www.immo-invest.ch\\\/fr\\\/author\\\/immovestuser\\\/#author\"},\"creator\":{\"@id\":\"https:\\\/\\\/www.immo-invest.ch\\\/fr\\\/author\\\/immovestuser\\\/#author\"},\"image\":{\"@type\":\"ImageObject\",\"url\":\"https:\\\/\\\/www.immo-invest.ch\\\/wp-content\\\/uploads\\\/2023\\\/12\\\/Flughafen_Zuerich-scaled.jpg\",\"@id\":\"https:\\\/\\\/www.immo-invest.ch\\\/fr\\\/flughafenregion-zuerich-gibt-sich-fachbeirat-fuer-nachhaltigkeit\\\/#mainImage\",\"width\":2560,\"height\":1437},\"primaryImageOfPage\":{\"@id\":\"https:\\\/\\\/www.immo-invest.ch\\\/fr\\\/flughafenregion-zuerich-gibt-sich-fachbeirat-fuer-nachhaltigkeit\\\/#mainImage\"},\"datePublished\":\"2025-02-28T16:44:58+01:00\",\"dateModified\":\"2025-02-28T09:57:47+01:00\"},{\"@type\":\"WebSite\",\"@id\":\"https:\\\/\\\/www.immo-invest.ch\\\/fr\\\/#website\",\"url\":\"https:\\\/\\\/www.immo-invest.ch\\\/fr\\\/\",\"name\":\"immo!nvest - Die Plattform f\\u00fcr Standorte und Immobilien\",\"description\":\"Die\\u00a0Plattform f\\u00fcr Standorte und Immobilien\",\"inLanguage\":\"fr-FR\",\"publisher\":{\"@id\":\"https:\\\/\\\/www.immo-invest.ch\\\/fr\\\/#organization\"}}]}\n\t\t<\/script>\n\t\t<!-- All in One SEO -->\n\n","aioseo_head_json":{"title":"La r\u00e9gion a\u00e9roportuaire de Zurich se dote d\u2019un comit\u00e9 consultatif sur le d\u00e9veloppement durable - immo!nvest - Die Plattform f\u00fcr Standorte und Immobilien","description":"Le 6 f\u00e9vrier, la FRZ Flughafenregion Z\u00fcrich a cr\u00e9\u00e9 un comit\u00e9 consultatif sur la durabilit\u00e9. Il a pour mission d'aider les entreprises, les villes et les communes de la r\u00e9gion \u00e0 mettre en place des mod\u00e8les commerciaux durables.","canonical_url":"https:\/\/www.immo-invest.ch\/fr\/flughafenregion-zuerich-gibt-sich-fachbeirat-fuer-nachhaltigkeit\/","robots":"max-image-preview:large","keywords":"","webmasterTools":{"google-site-verification":"fHJKvgWpZCR2zVBHWfkQeFXC11qieUSff0HGNYfuyLA","miscellaneous":""},"schema":{"@context":"https:\/\/schema.org","@graph":[{"@type":"BlogPosting","@id":"https:\/\/www.immo-invest.ch\/fr\/flughafenregion-zuerich-gibt-sich-fachbeirat-fuer-nachhaltigkeit\/#blogposting","name":"La r\u00e9gion a\u00e9roportuaire de Zurich se dote d\u2019un comit\u00e9 consultatif sur le d\u00e9veloppement durable - immo!nvest - Die Plattform f\u00fcr Standorte und Immobilien","headline":"La r\u00e9gion a\u00e9roportuaire de Zurich se dote d&rsquo;un comit\u00e9 consultatif sur le d\u00e9veloppement durable","author":{"@id":"https:\/\/www.immo-invest.ch\/fr\/author\/immovestuser\/#author"},"publisher":{"@id":"https:\/\/www.immo-invest.ch\/fr\/#organization"},"image":{"@type":"ImageObject","url":"https:\/\/www.immo-invest.ch\/wp-content\/uploads\/2023\/12\/Flughafen_Zuerich-scaled.jpg","width":2560,"height":1437},"datePublished":"2025-02-28T16:44:58+01:00","dateModified":"2025-02-28T09:57:47+01:00","inLanguage":"fr-FR","mainEntityOfPage":{"@id":"https:\/\/www.immo-invest.ch\/fr\/flughafenregion-zuerich-gibt-sich-fachbeirat-fuer-nachhaltigkeit\/#webpage"},"isPartOf":{"@id":"https:\/\/www.immo-invest.ch\/fr\/flughafenregion-zuerich-gibt-sich-fachbeirat-fuer-nachhaltigkeit\/#webpage"},"articleSection":"Durabilit\u00e9, Entreprise, immoNews, Mobilit\u00e9, Immoinvest, immoNews, Innovation, Nachhaltigkeit, News, wirtschaft, Z\u00fcrich, Facultatif"},{"@type":"BreadcrumbList","@id":"https:\/\/www.immo-invest.ch\/fr\/flughafenregion-zuerich-gibt-sich-fachbeirat-fuer-nachhaltigkeit\/#breadcrumblist","itemListElement":[{"@type":"ListItem","@id":"https:\/\/www.immo-invest.ch\/fr\/#listItem","position":1,"name":"Home","item":"https:\/\/www.immo-invest.ch\/fr\/","nextItem":{"@type":"ListItem","@id":"https:\/\/www.immo-invest.ch\/fr\/categories\/trends-fr\/#listItem","name":"Trends"}},{"@type":"ListItem","@id":"https:\/\/www.immo-invest.ch\/fr\/categories\/trends-fr\/#listItem","position":2,"name":"Trends","item":"https:\/\/www.immo-invest.ch\/fr\/categories\/trends-fr\/","nextItem":{"@type":"ListItem","@id":"https:\/\/www.immo-invest.ch\/fr\/categories\/trends-fr\/entreprise\/#listItem","name":"Entreprise"},"previousItem":{"@type":"ListItem","@id":"https:\/\/www.immo-invest.ch\/fr\/#listItem","name":"Home"}},{"@type":"ListItem","@id":"https:\/\/www.immo-invest.ch\/fr\/categories\/trends-fr\/entreprise\/#listItem","position":3,"name":"Entreprise","item":"https:\/\/www.immo-invest.ch\/fr\/categories\/trends-fr\/entreprise\/","nextItem":{"@type":"ListItem","@id":"https:\/\/www.immo-invest.ch\/fr\/flughafenregion-zuerich-gibt-sich-fachbeirat-fuer-nachhaltigkeit\/#listItem","name":"La r\u00e9gion a\u00e9roportuaire de Zurich se dote d&rsquo;un comit\u00e9 consultatif sur le d\u00e9veloppement durable"},"previousItem":{"@type":"ListItem","@id":"https:\/\/www.immo-invest.ch\/fr\/categories\/trends-fr\/#listItem","name":"Trends"}},{"@type":"ListItem","@id":"https:\/\/www.immo-invest.ch\/fr\/flughafenregion-zuerich-gibt-sich-fachbeirat-fuer-nachhaltigkeit\/#listItem","position":4,"name":"La r\u00e9gion a\u00e9roportuaire de Zurich se dote d&rsquo;un comit\u00e9 consultatif sur le d\u00e9veloppement durable","previousItem":{"@type":"ListItem","@id":"https:\/\/www.immo-invest.ch\/fr\/categories\/trends-fr\/entreprise\/#listItem","name":"Entreprise"}}]},{"@type":"Organization","@id":"https:\/\/www.immo-invest.ch\/fr\/#organization","name":"immo!nvest - Die Plattform f\u00fcr Standorte und Immobilien","description":"Die\u00a0Plattform f\u00fcr Standorte und Immobilien","url":"https:\/\/www.immo-invest.ch\/fr\/","email":"admin@immomedia.ag","telephone":"+41444420002","logo":{"@type":"ImageObject","url":"https:\/\/www.immo-invest.ch\/wp-content\/uploads\/2024\/09\/immoinvest_sm-scaled.jpg","@id":"https:\/\/www.immo-invest.ch\/fr\/flughafenregion-zuerich-gibt-sich-fachbeirat-fuer-nachhaltigkeit\/#organizationLogo","width":2560,"height":1340},"image":{"@id":"https:\/\/www.immo-invest.ch\/fr\/flughafenregion-zuerich-gibt-sich-fachbeirat-fuer-nachhaltigkeit\/#organizationLogo"},"sameAs":["https:\/\/www.facebook.com\/people\/Immoinvest\/100077962920504\/","https:\/\/x.com\/i\/flow\/login?redirect_after_login=immoinvest_ch","https:\/\/www.instagram.com\/immoinvest_ch\/","https:\/\/www.linkedin.com\/company\/immoinvest-swiss"]},{"@type":"Person","@id":"https:\/\/www.immo-invest.ch\/fr\/author\/immovestuser\/#author","url":"https:\/\/www.immo-invest.ch\/fr\/author\/immovestuser\/","name":"immovestuser","image":{"@type":"ImageObject","@id":"https:\/\/www.immo-invest.ch\/fr\/flughafenregion-zuerich-gibt-sich-fachbeirat-fuer-nachhaltigkeit\/#authorImage","url":"https:\/\/secure.gravatar.com\/avatar\/8e01f4d99f2eeea7a362ebb93305e1172a70e9293ba250f897a65c39f54cdd1e?s=96&d=mm&r=g","width":96,"height":96,"caption":"immovestuser"}},{"@type":"WebPage","@id":"https:\/\/www.immo-invest.ch\/fr\/flughafenregion-zuerich-gibt-sich-fachbeirat-fuer-nachhaltigkeit\/#webpage","url":"https:\/\/www.immo-invest.ch\/fr\/flughafenregion-zuerich-gibt-sich-fachbeirat-fuer-nachhaltigkeit\/","name":"La r\u00e9gion a\u00e9roportuaire de Zurich se dote d\u2019un comit\u00e9 consultatif sur le d\u00e9veloppement durable - immo!nvest - Die Plattform f\u00fcr Standorte und Immobilien","description":"Le 6 f\u00e9vrier, la FRZ Flughafenregion Z\u00fcrich a cr\u00e9\u00e9 un comit\u00e9 consultatif sur la durabilit\u00e9. Il a pour mission d'aider les entreprises, les villes et les communes de la r\u00e9gion \u00e0 mettre en place des mod\u00e8les commerciaux durables.","inLanguage":"fr-FR","isPartOf":{"@id":"https:\/\/www.immo-invest.ch\/fr\/#website"},"breadcrumb":{"@id":"https:\/\/www.immo-invest.ch\/fr\/flughafenregion-zuerich-gibt-sich-fachbeirat-fuer-nachhaltigkeit\/#breadcrumblist"},"author":{"@id":"https:\/\/www.immo-invest.ch\/fr\/author\/immovestuser\/#author"},"creator":{"@id":"https:\/\/www.immo-invest.ch\/fr\/author\/immovestuser\/#author"},"image":{"@type":"ImageObject","url":"https:\/\/www.immo-invest.ch\/wp-content\/uploads\/2023\/12\/Flughafen_Zuerich-scaled.jpg","@id":"https:\/\/www.immo-invest.ch\/fr\/flughafenregion-zuerich-gibt-sich-fachbeirat-fuer-nachhaltigkeit\/#mainImage","width":2560,"height":1437},"primaryImageOfPage":{"@id":"https:\/\/www.immo-invest.ch\/fr\/flughafenregion-zuerich-gibt-sich-fachbeirat-fuer-nachhaltigkeit\/#mainImage"},"datePublished":"2025-02-28T16:44:58+01:00","dateModified":"2025-02-28T09:57:47+01:00"},{"@type":"WebSite","@id":"https:\/\/www.immo-invest.ch\/fr\/#website","url":"https:\/\/www.immo-invest.ch\/fr\/","name":"immo!nvest - Die Plattform f\u00fcr Standorte und Immobilien","description":"Die\u00a0Plattform f\u00fcr Standorte und Immobilien","inLanguage":"fr-FR","publisher":{"@id":"https:\/\/www.immo-invest.ch\/fr\/#organization"}}]},"og:locale":"fr_FR","og:site_name":"immo!nvest - Die Plattform f\u00fcr Standorte und Immobilien - Die\u00a0Plattform f\u00fcr Standorte und Immobilien","og:type":"article","og:title":"La r\u00e9gion a\u00e9roportuaire de Zurich se dote d\u2019un comit\u00e9 consultatif sur le d\u00e9veloppement durable - immo!nvest - Die Plattform f\u00fcr Standorte und Immobilien","og:description":"Le 6 f\u00e9vrier, la FRZ Flughafenregion Z\u00fcrich a cr\u00e9\u00e9 un comit\u00e9 consultatif sur la durabilit\u00e9. Il a pour mission d'aider les entreprises, les villes et les communes de la r\u00e9gion \u00e0 mettre en place des mod\u00e8les commerciaux durables.","og:url":"https:\/\/www.immo-invest.ch\/fr\/flughafenregion-zuerich-gibt-sich-fachbeirat-fuer-nachhaltigkeit\/","og:image":"https:\/\/www.immo-invest.ch\/wp-content\/uploads\/2023\/12\/Flughafen_Zuerich-scaled.jpg","og:image:secure_url":"https:\/\/www.immo-invest.ch\/wp-content\/uploads\/2023\/12\/Flughafen_Zuerich-scaled.jpg","og:image:width":2560,"og:image:height":1437,"article:published_time":"2025-02-28T15:44:58+00:00","article:modified_time":"2025-02-28T08:57:47+00:00","article:publisher":"https:\/\/www.facebook.com\/people\/Immoinvest\/100077962920504\/","twitter:card":"summary_large_image","twitter:site":"@i","twitter:title":"La r\u00e9gion a\u00e9roportuaire de Zurich se dote d\u2019un comit\u00e9 consultatif sur le d\u00e9veloppement durable - immo!nvest - Die Plattform f\u00fcr Standorte und Immobilien","twitter:description":"Le 6 f\u00e9vrier, la FRZ Flughafenregion Z\u00fcrich a cr\u00e9\u00e9 un comit\u00e9 consultatif sur la durabilit\u00e9. Il a pour mission d'aider les entreprises, les villes et les communes de la r\u00e9gion \u00e0 mettre en place des mod\u00e8les commerciaux durables.","twitter:creator":"@i","twitter:image":"https:\/\/www.immo-invest.ch\/wp-content\/uploads\/2023\/12\/Flughafen_Zuerich-scaled.jpg"},"aioseo_meta_data":{"post_id":"127243","title":null,"description":null,"keywords":null,"keyphrases":{"focus":{"keyphrase":"","score":0,"analysis":{"keyphraseInTitle":{"score":0,"maxScore":9,"error":1}}},"additional":[]},"primary_term":null,"canonical_url":null,"og_title":null,"og_description":null,"og_object_type":"default","og_image_type":"default","og_image_url":null,"og_image_width":null,"og_image_height":null,"og_image_custom_url":null,"og_image_custom_fields":null,"og_video":"","og_custom_url":null,"og_article_section":null,"og_article_tags":null,"twitter_use_og":false,"twitter_card":"default","twitter_image_type":"default","twitter_image_url":null,"twitter_image_custom_url":null,"twitter_image_custom_fields":null,"twitter_title":null,"twitter_description":null,"schema":{"blockGraphs":[],"customGraphs":[],"default":{"data":{"Article":[],"Course":[],"Dataset":[],"FAQPage":[],"Movie":[],"Person":[],"Product":[],"ProductReview":[],"Car":[],"Recipe":[],"Service":[],"SoftwareApplication":[],"WebPage":[]},"graphName":"BlogPosting","isEnabled":true},"graphs":[]},"schema_type":"default","schema_type_options":null,"pillar_content":false,"robots_default":true,"robots_noindex":false,"robots_noarchive":false,"robots_nosnippet":false,"robots_nofollow":false,"robots_noimageindex":false,"robots_noodp":false,"robots_notranslate":false,"robots_max_snippet":"-1","robots_max_videopreview":"-1","robots_max_imagepreview":"large","priority":null,"frequency":"default","local_seo":null,"breadcrumb_settings":null,"limit_modified_date":false,"ai":null,"created":"2025-02-28 08:57:47","updated":"2025-10-24 17:25:13","seo_analyzer_scan_date":null,"focus_keyword":null,"additional_keywords":null,"truseo_locale":null},"aioseo_breadcrumb":"<div class=\"aioseo-breadcrumbs\"><span class=\"aioseo-breadcrumb\">\n\t\t\t<a href=\"https:\/\/www.immo-invest.ch\/fr\/\" title=\"Home\">Home<\/a>\n\t\t<\/span><span class=\"aioseo-breadcrumb-separator\">&raquo;<\/span><span class=\"aioseo-breadcrumb\">\n\t\t\t<a href=\"https:\/\/www.immo-invest.ch\/fr\/categories\/trends-fr\/\" title=\"Trends\">Trends<\/a>\n\t\t<\/span><span class=\"aioseo-breadcrumb-separator\">&raquo;<\/span><span class=\"aioseo-breadcrumb\">\n\t\t\t<a href=\"https:\/\/www.immo-invest.ch\/fr\/categories\/trends-fr\/entreprise\/\" title=\"Entreprise\">Entreprise<\/a>\n\t\t<\/span><span class=\"aioseo-breadcrumb-separator\">&raquo;<\/span><span class=\"aioseo-breadcrumb\">\n\t\t\tLa r\u00e9gion a\u00e9roportuaire de Zurich se dote d\u2019un comit\u00e9 consultatif sur le d\u00e9veloppement durable\n\t\t<\/span><\/div>","aioseo_breadcrumb_json":[{"label":"Home","link":"https:\/\/www.immo-invest.ch\/fr\/"},{"label":"Trends","link":"https:\/\/www.immo-invest.ch\/fr\/categories\/trends-fr\/"},{"label":"Entreprise","link":"https:\/\/www.immo-invest.ch\/fr\/categories\/trends-fr\/entreprise\/"},{"label":"La r\u00e9gion a\u00e9roportuaire de Zurich se dote d&rsquo;un comit\u00e9 consultatif sur le d\u00e9veloppement durable","link":"https:\/\/www.immo-invest.ch\/fr\/flughafenregion-zuerich-gibt-sich-fachbeirat-fuer-nachhaltigkeit\/"}],"featured_image_src":"https:\/\/www.immo-invest.ch\/wp-content\/uploads\/2023\/12\/Flughafen_Zuerich-336x168.jpg","_links":{"self":[{"href":"https:\/\/www.immo-invest.ch\/fr\/wp-json\/wp\/v2\/posts\/127243","targetHints":{"allow":["GET"]}}],"collection":[{"href":"https:\/\/www.immo-invest.ch\/fr\/wp-json\/wp\/v2\/posts"}],"about":[{"href":"https:\/\/www.immo-invest.ch\/fr\/wp-json\/wp\/v2\/types\/post"}],"author":[{"embeddable":true,"href":"https:\/\/www.immo-invest.ch\/fr\/wp-json\/wp\/v2\/users\/2"}],"replies":[{"embeddable":true,"href":"https:\/\/www.immo-invest.ch\/fr\/wp-json\/wp\/v2\/comments?post=127243"}],"version-history":[{"count":0,"href":"https:\/\/www.immo-invest.ch\/fr\/wp-json\/wp\/v2\/posts\/127243\/revisions"}],"wp:featuredmedia":[{"embeddable":true,"href":"https:\/\/www.immo-invest.ch\/fr\/wp-json\/wp\/v2\/media\/70583"}],"wp:attachment":[{"href":"https:\/\/www.immo-invest.ch\/fr\/wp-json\/wp\/v2\/media?parent=127243"}],"wp:term":[{"taxonomy":"category","embeddable":true,"href":"https:\/\/www.immo-invest.ch\/fr\/wp-json\/wp\/v2\/categories?post=127243"},{"taxonomy":"post_tag","embeddable":true,"href":"https:\/\/www.immo-invest.ch\/fr\/wp-json\/wp\/v2\/tags?post=127243"}],"curies":[{"name":"wp","href":"https:\/\/api.w.org\/{rel}","templated":true}]}}