{"id":127240,"date":"2025-02-28T14:45:03","date_gmt":"2025-02-28T13:45:03","guid":{"rendered":"https:\/\/www.immo-invest.ch\/?p=127240"},"modified":"2025-02-28T09:58:27","modified_gmt":"2025-02-28T08:58:27","slug":"quartier-westspitz-in-dietikon-geht-in-die-planungsphase","status":"publish","type":"post","link":"https:\/\/www.immo-invest.ch\/fr\/quartier-westspitz-in-dietikon-geht-in-die-planungsphase\/","title":{"rendered":"Le quartier Westspitz de Dietikon passe \u00e0 la phase de planification"},"content":{"rendered":"<p class=\"bodytext\">Selon un <a href=\"https:\/\/www.dietikon.ch\/aktuellesinformationen\/2374138\" target=\"_blank\" rel=\"noopener\">communiqu&eacute;<\/a> de la ville de Dietikon, l&rsquo;assureur b&acirc;lois <a href=\"https:\/\/www.baloise.com\/de\/home.html\" target=\"_blank\" rel=\"noopener\">Baloise<\/a> a termin&eacute; le mandat d&rsquo;&eacute;tude pour le d&eacute;veloppement urbain du site de Dreispitz &agrave; <a href=\"https:\/\/www.dietikon.ch\/\" target=\"_blank\" rel=\"noopener\">Dietikon<\/a>. Le <span class=\"glossaryLink\" aria-describedby=\"tt\" data-cmtooltip=\"&lt;div class=glossaryItemTitle&gt;Quartier&lt;\/div&gt;&lt;div class=glossaryItemBody&gt;Amtliches, historisches, soziales oder stadtplanerisches Stadtviertel&lt;\/div&gt;\" data-mobile-support=\"0\" data-gt-translate-attributes='[{\"attribute\":\"data-cmtooltip\", \"format\":\"html\"}]' tabindex=\"0\" role=\"link\">quartier<\/span> Westspitz doit y voir le jour. Le processus de plan d&rsquo;am&eacute;nagement d&eacute;butera &agrave; l&rsquo;&eacute;t&eacute; 2025 et se poursuivra jusqu&rsquo;&agrave; fin 2027. La suite du calendrier pr&eacute;voit la proc&eacute;dure de permis de construire et la conception du projet en 2028\/2029. La phase de construction devrait durer de 2030 &agrave; 2032, avant l&rsquo;ach&egrave;vement et l&rsquo;emm&eacute;nagement pr&eacute;vus pour 2032\/2033.<\/p>\n<p class=\"bodytext\">Selon le communiqu&eacute;, un jury ind&eacute;pendant a recommand&eacute; &agrave; l&rsquo;unanimit&eacute; le consortium Penzel Valier &agrave; Zurich et ROBERTNEUN, bas&eacute; &agrave; Berlin, pour la r&eacute;alisation du projet. Le jury avait &eacute;t&eacute; d&eacute;sign&eacute; par la Baloise, propri&eacute;taire et b&eacute;n&eacute;ficiaire du droit de superficie du site. Le projet, baptis&eacute; Westspitz Dietikon, r&eacute;pond aux exigences de la ville de Dietikon en mati&egrave;re d&rsquo;urbanisme, soutient sa strat&eacute;gie de d&eacute;veloppement et donne une nouvelle impulsion &agrave; un <span class=\"glossaryLink\" aria-describedby=\"tt\" data-cmtooltip=\"&lt;div class=glossaryItemTitle&gt;Quartier&lt;\/div&gt;&lt;div class=glossaryItemBody&gt;Amtliches, historisches, soziales oder stadtplanerisches Stadtviertel&lt;\/div&gt;\" data-mobile-support=\"0\" data-gt-translate-attributes='[{\"attribute\":\"data-cmtooltip\", \"format\":\"html\"}]' tabindex=\"0\" role=\"link\">quartier<\/span> urbain et durable, ajoute le communiqu&eacute;.<\/p>\n<p class=\"bodytext\"><a href=\"http:\/\/www.westspitz-dietikon.ch\/\" target=\"_blank\" rel=\"noopener\">Westspitz Dietikon<\/a> se situe &agrave; l&rsquo;intersection de la Badenerstrasse et de l&rsquo;&Uuml;berlandstrasse. Dans les ann&eacute;es &agrave; venir, Westspitz doit devenir un lieu vivant, mixte et bien connect&eacute;. Le <span class=\"glossaryLink\" aria-describedby=\"tt\" data-cmtooltip=\"&lt;div class=glossaryItemTitle&gt;Quartier&lt;\/div&gt;&lt;div class=glossaryItemBody&gt;Amtliches, historisches, soziales oder stadtplanerisches Stadtviertel&lt;\/div&gt;\" data-mobile-support=\"0\" data-gt-translate-attributes='[{\"attribute\":\"data-cmtooltip\", \"format\":\"html\"}]' tabindex=\"0\" role=\"link\">quartier<\/span> est compos&eacute; &agrave; 80-90% de surfaces r&eacute;sidentielles. Il est pr&eacute;vu de construire des unit&eacute;s d&rsquo;habitation compactes pour les petits m&eacute;nages et des appartements plus grands pour les familles, ainsi que des espaces communs et des espaces ext&eacute;rieurs prot&eacute;g&eacute;s du bruit. Les rez-de-chauss&eacute;e le long de la Badenerstrasse seront anim&eacute;s par de petites surfaces commerciales qui r&eacute;pondront aux besoins des habitants et des quartiers environnants, ajoute le communiqu&eacute;.<\/p>\n","protected":false},"excerpt":{"rendered":"<p>Le contrat d&rsquo;\u00e9tude pour le d\u00e9veloppement urbain du site de Dreispitz \u00e0 Dietikon a \u00e9t\u00e9 conclu par la Baloise. Le consortium Penzel Valier et ROBERTNEUN est recommand\u00e9 pour la r\u00e9alisation du quartier Westspitz.<\/p>\n","protected":false},"author":2,"featured_media":52648,"comment_status":"open","ping_status":"open","sticky":false,"template":"","format":"standard","meta":{"pmpro_default_level":"","inline_featured_image":false,"_monsterinsights_skip_tracking":false,"footnotes":""},"categories":[743,22357,9824,739],"tags":[977,872,3931,2002,4101,11995,19187],"class_list":["post-127240","post","type-post","status-publish","format-standard","has-post-thumbnail","hentry","category-immonews-fr","category-industrie-du-batiment","category-nouvelle-construction","category-projects","tag-dietikon-fr","tag-immoinvest-fr","tag-immonews-fr","tag-news-fr","tag-quartierentwicklung-fr","tag-stadtplanung-fr","tag-wohnraum-fr","pmpro-has-access"],"acf":{"bild_mit_ki_erstellt_worden":[],"lead":"Le contrat d'\u00e9tude pour le d\u00e9veloppement urbain du site de Dreispitz \u00e0 Dietikon a \u00e9t\u00e9 conclu par la Baloise. Le consortium Penzel Valier et ROBERTNEUN est recommand\u00e9 pour la r\u00e9alisation du quartier Westspitz.","autor":"ce\/gba\u00a0","ort":"Dietikon ZH ","bildunterschrift":"","bild_im_grid":false,"gallerie":"","newsim":""},"aioseo_notices":[],"aioseo_head":"\n\t\t<!-- All in One SEO 5.0.1.1 - aioseo.com -->\n\t<meta name=\"description\" content=\"Le contrat d&#039;\u00e9tude pour le d\u00e9veloppement urbain du site de Dreispitz \u00e0 Dietikon a \u00e9t\u00e9 conclu par la Baloise. Le consortium Penzel Valier et ROBERTNEUN est recommand\u00e9 pour la r\u00e9alisation du quartier Westspitz.\" \/>\n\t<meta name=\"robots\" content=\"max-image-preview:large\" \/>\n\t<meta name=\"author\" content=\"immovestuser\"\/>\n\t<meta name=\"google-site-verification\" content=\"fHJKvgWpZCR2zVBHWfkQeFXC11qieUSff0HGNYfuyLA\" \/>\n\t<link rel=\"canonical\" href=\"https:\/\/www.immo-invest.ch\/fr\/quartier-westspitz-in-dietikon-geht-in-die-planungsphase\/\" \/>\n\t<meta name=\"generator\" content=\"All in One SEO (AIOSEO) 5.0.1.1\" \/>\n\t\t<meta property=\"og:locale\" content=\"fr_FR\" \/>\n\t\t<meta property=\"og:site_name\" content=\"immo!nvest - Die Plattform f\u00fcr Standorte und Immobilien - Die\u00a0Plattform f\u00fcr Standorte und Immobilien\" \/>\n\t\t<meta property=\"og:type\" content=\"article\" \/>\n\t\t<meta property=\"og:title\" content=\"Le quartier Westspitz de Dietikon passe \u00e0 la phase de planification - immo!nvest - Die Plattform f\u00fcr Standorte und Immobilien\" \/>\n\t\t<meta property=\"og:description\" content=\"Le contrat d&#039;\u00e9tude pour le d\u00e9veloppement urbain du site de Dreispitz \u00e0 Dietikon a \u00e9t\u00e9 conclu par la Baloise. Le consortium Penzel Valier et ROBERTNEUN est recommand\u00e9 pour la r\u00e9alisation du quartier Westspitz.\" \/>\n\t\t<meta property=\"og:url\" content=\"https:\/\/www.immo-invest.ch\/fr\/quartier-westspitz-in-dietikon-geht-in-die-planungsphase\/\" \/>\n\t\t<meta property=\"og:image\" content=\"https:\/\/www.immo-invest.ch\/wp-content\/uploads\/2023\/04\/Planung_freepik_1-scaled.jpg\" \/>\n\t\t<meta property=\"og:image:secure_url\" content=\"https:\/\/www.immo-invest.ch\/wp-content\/uploads\/2023\/04\/Planung_freepik_1-scaled.jpg\" \/>\n\t\t<meta property=\"og:image:width\" content=\"2560\" \/>\n\t\t<meta property=\"og:image:height\" content=\"1709\" \/>\n\t\t<meta property=\"article:published_time\" content=\"2025-02-28T13:45:03+00:00\" \/>\n\t\t<meta property=\"article:modified_time\" content=\"2025-02-28T08:58:27+00:00\" \/>\n\t\t<meta property=\"article:publisher\" content=\"https:\/\/www.facebook.com\/people\/Immoinvest\/100077962920504\/\" \/>\n\t\t<meta name=\"twitter:card\" content=\"summary_large_image\" \/>\n\t\t<meta name=\"twitter:site\" content=\"@i\" \/>\n\t\t<meta name=\"twitter:title\" content=\"Le quartier Westspitz de Dietikon passe \u00e0 la phase de planification - immo!nvest - Die Plattform f\u00fcr Standorte und Immobilien\" \/>\n\t\t<meta name=\"twitter:description\" content=\"Le contrat d&#039;\u00e9tude pour le d\u00e9veloppement urbain du site de Dreispitz \u00e0 Dietikon a \u00e9t\u00e9 conclu par la Baloise. Le consortium Penzel Valier et ROBERTNEUN est recommand\u00e9 pour la r\u00e9alisation du quartier Westspitz.\" \/>\n\t\t<meta name=\"twitter:creator\" content=\"@i\" \/>\n\t\t<meta name=\"twitter:image\" content=\"https:\/\/www.immo-invest.ch\/wp-content\/uploads\/2023\/04\/Planung_freepik_1-scaled.jpg\" \/>\n\t\t<script type=\"application\/ld+json\" class=\"aioseo-schema\">\n\t\t\t{\"@context\":\"https:\\\/\\\/schema.org\",\"@graph\":[{\"@type\":\"BlogPosting\",\"@id\":\"https:\\\/\\\/www.immo-invest.ch\\\/fr\\\/quartier-westspitz-in-dietikon-geht-in-die-planungsphase\\\/#blogposting\",\"name\":\"Le quartier Westspitz de Dietikon passe \\u00e0 la phase de planification - immo!nvest - Die Plattform f\\u00fcr Standorte und Immobilien\",\"headline\":\"Le quartier Westspitz de Dietikon passe \\u00e0 la phase de planification\",\"author\":{\"@id\":\"https:\\\/\\\/www.immo-invest.ch\\\/fr\\\/author\\\/immovestuser\\\/#author\"},\"publisher\":{\"@id\":\"https:\\\/\\\/www.immo-invest.ch\\\/fr\\\/#organization\"},\"image\":{\"@type\":\"ImageObject\",\"url\":\"https:\\\/\\\/www.immo-invest.ch\\\/wp-content\\\/uploads\\\/2023\\\/04\\\/Planung_freepik_1-scaled.jpg\",\"width\":2560,\"height\":1709},\"datePublished\":\"2025-02-28T14:45:03+01:00\",\"dateModified\":\"2025-02-28T09:58:27+01:00\",\"inLanguage\":\"fr-FR\",\"mainEntityOfPage\":{\"@id\":\"https:\\\/\\\/www.immo-invest.ch\\\/fr\\\/quartier-westspitz-in-dietikon-geht-in-die-planungsphase\\\/#webpage\"},\"isPartOf\":{\"@id\":\"https:\\\/\\\/www.immo-invest.ch\\\/fr\\\/quartier-westspitz-in-dietikon-geht-in-die-planungsphase\\\/#webpage\"},\"articleSection\":\"immoNews, Industrie du b\\u00e2timent, Nouvelle construction, Projects, Dietikon, Immoinvest, immoNews, News, Quartierentwicklung, Stadtplanung, Wohnraum, Facultatif\"},{\"@type\":\"BreadcrumbList\",\"@id\":\"https:\\\/\\\/www.immo-invest.ch\\\/fr\\\/quartier-westspitz-in-dietikon-geht-in-die-planungsphase\\\/#breadcrumblist\",\"itemListElement\":[{\"@type\":\"ListItem\",\"@id\":\"https:\\\/\\\/www.immo-invest.ch\\\/fr\\\/#listItem\",\"position\":1,\"name\":\"Home\",\"item\":\"https:\\\/\\\/www.immo-invest.ch\\\/fr\\\/\",\"nextItem\":{\"@type\":\"ListItem\",\"@id\":\"https:\\\/\\\/www.immo-invest.ch\\\/fr\\\/categories\\\/projects\\\/#listItem\",\"name\":\"Projects\"}},{\"@type\":\"ListItem\",\"@id\":\"https:\\\/\\\/www.immo-invest.ch\\\/fr\\\/categories\\\/projects\\\/#listItem\",\"position\":2,\"name\":\"Projects\",\"item\":\"https:\\\/\\\/www.immo-invest.ch\\\/fr\\\/categories\\\/projects\\\/\",\"nextItem\":{\"@type\":\"ListItem\",\"@id\":\"https:\\\/\\\/www.immo-invest.ch\\\/fr\\\/categories\\\/projects\\\/nouvelle-construction\\\/#listItem\",\"name\":\"Nouvelle construction\"},\"previousItem\":{\"@type\":\"ListItem\",\"@id\":\"https:\\\/\\\/www.immo-invest.ch\\\/fr\\\/#listItem\",\"name\":\"Home\"}},{\"@type\":\"ListItem\",\"@id\":\"https:\\\/\\\/www.immo-invest.ch\\\/fr\\\/categories\\\/projects\\\/nouvelle-construction\\\/#listItem\",\"position\":3,\"name\":\"Nouvelle construction\",\"item\":\"https:\\\/\\\/www.immo-invest.ch\\\/fr\\\/categories\\\/projects\\\/nouvelle-construction\\\/\",\"nextItem\":{\"@type\":\"ListItem\",\"@id\":\"https:\\\/\\\/www.immo-invest.ch\\\/fr\\\/quartier-westspitz-in-dietikon-geht-in-die-planungsphase\\\/#listItem\",\"name\":\"Le quartier Westspitz de Dietikon passe \\u00e0 la phase de planification\"},\"previousItem\":{\"@type\":\"ListItem\",\"@id\":\"https:\\\/\\\/www.immo-invest.ch\\\/fr\\\/categories\\\/projects\\\/#listItem\",\"name\":\"Projects\"}},{\"@type\":\"ListItem\",\"@id\":\"https:\\\/\\\/www.immo-invest.ch\\\/fr\\\/quartier-westspitz-in-dietikon-geht-in-die-planungsphase\\\/#listItem\",\"position\":4,\"name\":\"Le quartier Westspitz de Dietikon passe \\u00e0 la phase de planification\",\"previousItem\":{\"@type\":\"ListItem\",\"@id\":\"https:\\\/\\\/www.immo-invest.ch\\\/fr\\\/categories\\\/projects\\\/nouvelle-construction\\\/#listItem\",\"name\":\"Nouvelle construction\"}}]},{\"@type\":\"Organization\",\"@id\":\"https:\\\/\\\/www.immo-invest.ch\\\/fr\\\/#organization\",\"name\":\"immo!nvest - Die Plattform f\\u00fcr Standorte und Immobilien\",\"description\":\"Die\\u00a0Plattform f\\u00fcr Standorte und Immobilien\",\"url\":\"https:\\\/\\\/www.immo-invest.ch\\\/fr\\\/\",\"email\":\"admin@immomedia.ag\",\"telephone\":\"+41444420002\",\"logo\":{\"@type\":\"ImageObject\",\"url\":\"https:\\\/\\\/www.immo-invest.ch\\\/wp-content\\\/uploads\\\/2024\\\/09\\\/immoinvest_sm-scaled.jpg\",\"@id\":\"https:\\\/\\\/www.immo-invest.ch\\\/fr\\\/quartier-westspitz-in-dietikon-geht-in-die-planungsphase\\\/#organizationLogo\",\"width\":2560,\"height\":1340},\"image\":{\"@id\":\"https:\\\/\\\/www.immo-invest.ch\\\/fr\\\/quartier-westspitz-in-dietikon-geht-in-die-planungsphase\\\/#organizationLogo\"},\"sameAs\":[\"https:\\\/\\\/www.facebook.com\\\/people\\\/Immoinvest\\\/100077962920504\\\/\",\"https:\\\/\\\/x.com\\\/i\\\/flow\\\/login?redirect_after_login=immoinvest_ch\",\"https:\\\/\\\/www.instagram.com\\\/immoinvest_ch\\\/\",\"https:\\\/\\\/www.linkedin.com\\\/company\\\/immoinvest-swiss\"]},{\"@type\":\"Person\",\"@id\":\"https:\\\/\\\/www.immo-invest.ch\\\/fr\\\/author\\\/immovestuser\\\/#author\",\"url\":\"https:\\\/\\\/www.immo-invest.ch\\\/fr\\\/author\\\/immovestuser\\\/\",\"name\":\"immovestuser\",\"image\":{\"@type\":\"ImageObject\",\"@id\":\"https:\\\/\\\/www.immo-invest.ch\\\/fr\\\/quartier-westspitz-in-dietikon-geht-in-die-planungsphase\\\/#authorImage\",\"url\":\"https:\\\/\\\/secure.gravatar.com\\\/avatar\\\/8e01f4d99f2eeea7a362ebb93305e1172a70e9293ba250f897a65c39f54cdd1e?s=96&d=mm&r=g\",\"width\":96,\"height\":96,\"caption\":\"immovestuser\"}},{\"@type\":\"WebPage\",\"@id\":\"https:\\\/\\\/www.immo-invest.ch\\\/fr\\\/quartier-westspitz-in-dietikon-geht-in-die-planungsphase\\\/#webpage\",\"url\":\"https:\\\/\\\/www.immo-invest.ch\\\/fr\\\/quartier-westspitz-in-dietikon-geht-in-die-planungsphase\\\/\",\"name\":\"Le quartier Westspitz de Dietikon passe \\u00e0 la phase de planification - immo!nvest - Die Plattform f\\u00fcr Standorte und Immobilien\",\"description\":\"Le contrat d'\\u00e9tude pour le d\\u00e9veloppement urbain du site de Dreispitz \\u00e0 Dietikon a \\u00e9t\\u00e9 conclu par la Baloise. Le consortium Penzel Valier et ROBERTNEUN est recommand\\u00e9 pour la r\\u00e9alisation du quartier Westspitz.\",\"inLanguage\":\"fr-FR\",\"isPartOf\":{\"@id\":\"https:\\\/\\\/www.immo-invest.ch\\\/fr\\\/#website\"},\"breadcrumb\":{\"@id\":\"https:\\\/\\\/www.immo-invest.ch\\\/fr\\\/quartier-westspitz-in-dietikon-geht-in-die-planungsphase\\\/#breadcrumblist\"},\"author\":{\"@id\":\"https:\\\/\\\/www.immo-invest.ch\\\/fr\\\/author\\\/immovestuser\\\/#author\"},\"creator\":{\"@id\":\"https:\\\/\\\/www.immo-invest.ch\\\/fr\\\/author\\\/immovestuser\\\/#author\"},\"image\":{\"@type\":\"ImageObject\",\"url\":\"https:\\\/\\\/www.immo-invest.ch\\\/wp-content\\\/uploads\\\/2023\\\/04\\\/Planung_freepik_1-scaled.jpg\",\"@id\":\"https:\\\/\\\/www.immo-invest.ch\\\/fr\\\/quartier-westspitz-in-dietikon-geht-in-die-planungsphase\\\/#mainImage\",\"width\":2560,\"height\":1709},\"primaryImageOfPage\":{\"@id\":\"https:\\\/\\\/www.immo-invest.ch\\\/fr\\\/quartier-westspitz-in-dietikon-geht-in-die-planungsphase\\\/#mainImage\"},\"datePublished\":\"2025-02-28T14:45:03+01:00\",\"dateModified\":\"2025-02-28T09:58:27+01:00\"},{\"@type\":\"WebSite\",\"@id\":\"https:\\\/\\\/www.immo-invest.ch\\\/fr\\\/#website\",\"url\":\"https:\\\/\\\/www.immo-invest.ch\\\/fr\\\/\",\"name\":\"immo!nvest - Die Plattform f\\u00fcr Standorte und Immobilien\",\"description\":\"Die\\u00a0Plattform f\\u00fcr Standorte und Immobilien\",\"inLanguage\":\"fr-FR\",\"publisher\":{\"@id\":\"https:\\\/\\\/www.immo-invest.ch\\\/fr\\\/#organization\"}}]}\n\t\t<\/script>\n\t\t<!-- All in One SEO -->\n\n","aioseo_head_json":{"title":"Le quartier Westspitz de Dietikon passe \u00e0 la phase de planification - immo!nvest - Die Plattform f\u00fcr Standorte und Immobilien","description":"Le contrat d'\u00e9tude pour le d\u00e9veloppement urbain du site de Dreispitz \u00e0 Dietikon a \u00e9t\u00e9 conclu par la Baloise. Le consortium Penzel Valier et ROBERTNEUN est recommand\u00e9 pour la r\u00e9alisation du quartier Westspitz.","canonical_url":"https:\/\/www.immo-invest.ch\/fr\/quartier-westspitz-in-dietikon-geht-in-die-planungsphase\/","robots":"max-image-preview:large","keywords":"","webmasterTools":{"google-site-verification":"fHJKvgWpZCR2zVBHWfkQeFXC11qieUSff0HGNYfuyLA","miscellaneous":""},"schema":{"@context":"https:\/\/schema.org","@graph":[{"@type":"BlogPosting","@id":"https:\/\/www.immo-invest.ch\/fr\/quartier-westspitz-in-dietikon-geht-in-die-planungsphase\/#blogposting","name":"Le quartier Westspitz de Dietikon passe \u00e0 la phase de planification - immo!nvest - Die Plattform f\u00fcr Standorte und Immobilien","headline":"Le quartier Westspitz de Dietikon passe \u00e0 la phase de planification","author":{"@id":"https:\/\/www.immo-invest.ch\/fr\/author\/immovestuser\/#author"},"publisher":{"@id":"https:\/\/www.immo-invest.ch\/fr\/#organization"},"image":{"@type":"ImageObject","url":"https:\/\/www.immo-invest.ch\/wp-content\/uploads\/2023\/04\/Planung_freepik_1-scaled.jpg","width":2560,"height":1709},"datePublished":"2025-02-28T14:45:03+01:00","dateModified":"2025-02-28T09:58:27+01:00","inLanguage":"fr-FR","mainEntityOfPage":{"@id":"https:\/\/www.immo-invest.ch\/fr\/quartier-westspitz-in-dietikon-geht-in-die-planungsphase\/#webpage"},"isPartOf":{"@id":"https:\/\/www.immo-invest.ch\/fr\/quartier-westspitz-in-dietikon-geht-in-die-planungsphase\/#webpage"},"articleSection":"immoNews, Industrie du b\u00e2timent, Nouvelle construction, Projects, Dietikon, Immoinvest, immoNews, News, Quartierentwicklung, Stadtplanung, Wohnraum, Facultatif"},{"@type":"BreadcrumbList","@id":"https:\/\/www.immo-invest.ch\/fr\/quartier-westspitz-in-dietikon-geht-in-die-planungsphase\/#breadcrumblist","itemListElement":[{"@type":"ListItem","@id":"https:\/\/www.immo-invest.ch\/fr\/#listItem","position":1,"name":"Home","item":"https:\/\/www.immo-invest.ch\/fr\/","nextItem":{"@type":"ListItem","@id":"https:\/\/www.immo-invest.ch\/fr\/categories\/projects\/#listItem","name":"Projects"}},{"@type":"ListItem","@id":"https:\/\/www.immo-invest.ch\/fr\/categories\/projects\/#listItem","position":2,"name":"Projects","item":"https:\/\/www.immo-invest.ch\/fr\/categories\/projects\/","nextItem":{"@type":"ListItem","@id":"https:\/\/www.immo-invest.ch\/fr\/categories\/projects\/nouvelle-construction\/#listItem","name":"Nouvelle construction"},"previousItem":{"@type":"ListItem","@id":"https:\/\/www.immo-invest.ch\/fr\/#listItem","name":"Home"}},{"@type":"ListItem","@id":"https:\/\/www.immo-invest.ch\/fr\/categories\/projects\/nouvelle-construction\/#listItem","position":3,"name":"Nouvelle construction","item":"https:\/\/www.immo-invest.ch\/fr\/categories\/projects\/nouvelle-construction\/","nextItem":{"@type":"ListItem","@id":"https:\/\/www.immo-invest.ch\/fr\/quartier-westspitz-in-dietikon-geht-in-die-planungsphase\/#listItem","name":"Le quartier Westspitz de Dietikon passe \u00e0 la phase de planification"},"previousItem":{"@type":"ListItem","@id":"https:\/\/www.immo-invest.ch\/fr\/categories\/projects\/#listItem","name":"Projects"}},{"@type":"ListItem","@id":"https:\/\/www.immo-invest.ch\/fr\/quartier-westspitz-in-dietikon-geht-in-die-planungsphase\/#listItem","position":4,"name":"Le quartier Westspitz de Dietikon passe \u00e0 la phase de planification","previousItem":{"@type":"ListItem","@id":"https:\/\/www.immo-invest.ch\/fr\/categories\/projects\/nouvelle-construction\/#listItem","name":"Nouvelle construction"}}]},{"@type":"Organization","@id":"https:\/\/www.immo-invest.ch\/fr\/#organization","name":"immo!nvest - Die Plattform f\u00fcr Standorte und Immobilien","description":"Die\u00a0Plattform f\u00fcr Standorte und Immobilien","url":"https:\/\/www.immo-invest.ch\/fr\/","email":"admin@immomedia.ag","telephone":"+41444420002","logo":{"@type":"ImageObject","url":"https:\/\/www.immo-invest.ch\/wp-content\/uploads\/2024\/09\/immoinvest_sm-scaled.jpg","@id":"https:\/\/www.immo-invest.ch\/fr\/quartier-westspitz-in-dietikon-geht-in-die-planungsphase\/#organizationLogo","width":2560,"height":1340},"image":{"@id":"https:\/\/www.immo-invest.ch\/fr\/quartier-westspitz-in-dietikon-geht-in-die-planungsphase\/#organizationLogo"},"sameAs":["https:\/\/www.facebook.com\/people\/Immoinvest\/100077962920504\/","https:\/\/x.com\/i\/flow\/login?redirect_after_login=immoinvest_ch","https:\/\/www.instagram.com\/immoinvest_ch\/","https:\/\/www.linkedin.com\/company\/immoinvest-swiss"]},{"@type":"Person","@id":"https:\/\/www.immo-invest.ch\/fr\/author\/immovestuser\/#author","url":"https:\/\/www.immo-invest.ch\/fr\/author\/immovestuser\/","name":"immovestuser","image":{"@type":"ImageObject","@id":"https:\/\/www.immo-invest.ch\/fr\/quartier-westspitz-in-dietikon-geht-in-die-planungsphase\/#authorImage","url":"https:\/\/secure.gravatar.com\/avatar\/8e01f4d99f2eeea7a362ebb93305e1172a70e9293ba250f897a65c39f54cdd1e?s=96&d=mm&r=g","width":96,"height":96,"caption":"immovestuser"}},{"@type":"WebPage","@id":"https:\/\/www.immo-invest.ch\/fr\/quartier-westspitz-in-dietikon-geht-in-die-planungsphase\/#webpage","url":"https:\/\/www.immo-invest.ch\/fr\/quartier-westspitz-in-dietikon-geht-in-die-planungsphase\/","name":"Le quartier Westspitz de Dietikon passe \u00e0 la phase de planification - immo!nvest - Die Plattform f\u00fcr Standorte und Immobilien","description":"Le contrat d'\u00e9tude pour le d\u00e9veloppement urbain du site de Dreispitz \u00e0 Dietikon a \u00e9t\u00e9 conclu par la Baloise. Le consortium Penzel Valier et ROBERTNEUN est recommand\u00e9 pour la r\u00e9alisation du quartier Westspitz.","inLanguage":"fr-FR","isPartOf":{"@id":"https:\/\/www.immo-invest.ch\/fr\/#website"},"breadcrumb":{"@id":"https:\/\/www.immo-invest.ch\/fr\/quartier-westspitz-in-dietikon-geht-in-die-planungsphase\/#breadcrumblist"},"author":{"@id":"https:\/\/www.immo-invest.ch\/fr\/author\/immovestuser\/#author"},"creator":{"@id":"https:\/\/www.immo-invest.ch\/fr\/author\/immovestuser\/#author"},"image":{"@type":"ImageObject","url":"https:\/\/www.immo-invest.ch\/wp-content\/uploads\/2023\/04\/Planung_freepik_1-scaled.jpg","@id":"https:\/\/www.immo-invest.ch\/fr\/quartier-westspitz-in-dietikon-geht-in-die-planungsphase\/#mainImage","width":2560,"height":1709},"primaryImageOfPage":{"@id":"https:\/\/www.immo-invest.ch\/fr\/quartier-westspitz-in-dietikon-geht-in-die-planungsphase\/#mainImage"},"datePublished":"2025-02-28T14:45:03+01:00","dateModified":"2025-02-28T09:58:27+01:00"},{"@type":"WebSite","@id":"https:\/\/www.immo-invest.ch\/fr\/#website","url":"https:\/\/www.immo-invest.ch\/fr\/","name":"immo!nvest - Die Plattform f\u00fcr Standorte und Immobilien","description":"Die\u00a0Plattform f\u00fcr Standorte und Immobilien","inLanguage":"fr-FR","publisher":{"@id":"https:\/\/www.immo-invest.ch\/fr\/#organization"}}]},"og:locale":"fr_FR","og:site_name":"immo!nvest - Die Plattform f\u00fcr Standorte und Immobilien - Die\u00a0Plattform f\u00fcr Standorte und Immobilien","og:type":"article","og:title":"Le quartier Westspitz de Dietikon passe \u00e0 la phase de planification - immo!nvest - Die Plattform f\u00fcr Standorte und Immobilien","og:description":"Le contrat d'\u00e9tude pour le d\u00e9veloppement urbain du site de Dreispitz \u00e0 Dietikon a \u00e9t\u00e9 conclu par la Baloise. Le consortium Penzel Valier et ROBERTNEUN est recommand\u00e9 pour la r\u00e9alisation du quartier Westspitz.","og:url":"https:\/\/www.immo-invest.ch\/fr\/quartier-westspitz-in-dietikon-geht-in-die-planungsphase\/","og:image":"https:\/\/www.immo-invest.ch\/wp-content\/uploads\/2023\/04\/Planung_freepik_1-scaled.jpg","og:image:secure_url":"https:\/\/www.immo-invest.ch\/wp-content\/uploads\/2023\/04\/Planung_freepik_1-scaled.jpg","og:image:width":2560,"og:image:height":1709,"article:published_time":"2025-02-28T13:45:03+00:00","article:modified_time":"2025-02-28T08:58:27+00:00","article:publisher":"https:\/\/www.facebook.com\/people\/Immoinvest\/100077962920504\/","twitter:card":"summary_large_image","twitter:site":"@i","twitter:title":"Le quartier Westspitz de Dietikon passe \u00e0 la phase de planification - immo!nvest - Die Plattform f\u00fcr Standorte und Immobilien","twitter:description":"Le contrat d'\u00e9tude pour le d\u00e9veloppement urbain du site de Dreispitz \u00e0 Dietikon a \u00e9t\u00e9 conclu par la Baloise. Le consortium Penzel Valier et ROBERTNEUN est recommand\u00e9 pour la r\u00e9alisation du quartier Westspitz.","twitter:creator":"@i","twitter:image":"https:\/\/www.immo-invest.ch\/wp-content\/uploads\/2023\/04\/Planung_freepik_1-scaled.jpg"},"aioseo_meta_data":{"post_id":"127240","title":null,"description":null,"keywords":null,"keyphrases":{"focus":{"keyphrase":"","score":0,"analysis":{"keyphraseInTitle":{"score":0,"maxScore":9,"error":1}}},"additional":[]},"primary_term":null,"canonical_url":null,"og_title":null,"og_description":null,"og_object_type":"default","og_image_type":"default","og_image_url":null,"og_image_width":null,"og_image_height":null,"og_image_custom_url":null,"og_image_custom_fields":null,"og_video":"","og_custom_url":null,"og_article_section":null,"og_article_tags":null,"twitter_use_og":false,"twitter_card":"default","twitter_image_type":"default","twitter_image_url":null,"twitter_image_custom_url":null,"twitter_image_custom_fields":null,"twitter_title":null,"twitter_description":null,"schema":{"blockGraphs":[],"customGraphs":[],"default":{"data":{"Article":[],"Course":[],"Dataset":[],"FAQPage":[],"Movie":[],"Person":[],"Product":[],"ProductReview":[],"Car":[],"Recipe":[],"Service":[],"SoftwareApplication":[],"WebPage":[]},"graphName":"BlogPosting","isEnabled":true},"graphs":[]},"schema_type":"default","schema_type_options":null,"pillar_content":false,"robots_default":true,"robots_noindex":false,"robots_noarchive":false,"robots_nosnippet":false,"robots_nofollow":false,"robots_noimageindex":false,"robots_noodp":false,"robots_notranslate":false,"robots_max_snippet":"-1","robots_max_videopreview":"-1","robots_max_imagepreview":"large","priority":null,"frequency":"default","local_seo":null,"breadcrumb_settings":null,"limit_modified_date":false,"ai":null,"created":"2025-02-28 08:09:52","updated":"2025-10-24 17:25:13","seo_analyzer_scan_date":null,"focus_keyword":null,"additional_keywords":null,"truseo_locale":null},"aioseo_breadcrumb":"<div class=\"aioseo-breadcrumbs\"><span class=\"aioseo-breadcrumb\">\n\t\t\t<a href=\"https:\/\/www.immo-invest.ch\/fr\/\" title=\"Home\">Home<\/a>\n\t\t<\/span><span class=\"aioseo-breadcrumb-separator\">&raquo;<\/span><span class=\"aioseo-breadcrumb\">\n\t\t\t<a href=\"https:\/\/www.immo-invest.ch\/fr\/categories\/projects\/\" title=\"Projects\">Projects<\/a>\n\t\t<\/span><span class=\"aioseo-breadcrumb-separator\">&raquo;<\/span><span class=\"aioseo-breadcrumb\">\n\t\t\t<a href=\"https:\/\/www.immo-invest.ch\/fr\/categories\/projects\/nouvelle-construction\/\" title=\"Nouvelle construction\">Nouvelle construction<\/a>\n\t\t<\/span><span class=\"aioseo-breadcrumb-separator\">&raquo;<\/span><span class=\"aioseo-breadcrumb\">\n\t\t\tLe quartier Westspitz de Dietikon passe \u00e0 la phase de planification\n\t\t<\/span><\/div>","aioseo_breadcrumb_json":[{"label":"Home","link":"https:\/\/www.immo-invest.ch\/fr\/"},{"label":"Projects","link":"https:\/\/www.immo-invest.ch\/fr\/categories\/projects\/"},{"label":"Nouvelle construction","link":"https:\/\/www.immo-invest.ch\/fr\/categories\/projects\/nouvelle-construction\/"},{"label":"Le quartier Westspitz de Dietikon passe \u00e0 la phase de planification","link":"https:\/\/www.immo-invest.ch\/fr\/quartier-westspitz-in-dietikon-geht-in-die-planungsphase\/"}],"featured_image_src":"https:\/\/www.immo-invest.ch\/wp-content\/uploads\/2023\/04\/Planung_freepik_1-336x168.jpg","_links":{"self":[{"href":"https:\/\/www.immo-invest.ch\/fr\/wp-json\/wp\/v2\/posts\/127240","targetHints":{"allow":["GET"]}}],"collection":[{"href":"https:\/\/www.immo-invest.ch\/fr\/wp-json\/wp\/v2\/posts"}],"about":[{"href":"https:\/\/www.immo-invest.ch\/fr\/wp-json\/wp\/v2\/types\/post"}],"author":[{"embeddable":true,"href":"https:\/\/www.immo-invest.ch\/fr\/wp-json\/wp\/v2\/users\/2"}],"replies":[{"embeddable":true,"href":"https:\/\/www.immo-invest.ch\/fr\/wp-json\/wp\/v2\/comments?post=127240"}],"version-history":[{"count":0,"href":"https:\/\/www.immo-invest.ch\/fr\/wp-json\/wp\/v2\/posts\/127240\/revisions"}],"wp:featuredmedia":[{"embeddable":true,"href":"https:\/\/www.immo-invest.ch\/fr\/wp-json\/wp\/v2\/media\/52648"}],"wp:attachment":[{"href":"https:\/\/www.immo-invest.ch\/fr\/wp-json\/wp\/v2\/media?parent=127240"}],"wp:term":[{"taxonomy":"category","embeddable":true,"href":"https:\/\/www.immo-invest.ch\/fr\/wp-json\/wp\/v2\/categories?post=127240"},{"taxonomy":"post_tag","embeddable":true,"href":"https:\/\/www.immo-invest.ch\/fr\/wp-json\/wp\/v2\/tags?post=127240"}],"curies":[{"name":"wp","href":"https:\/\/api.w.org\/{rel}","templated":true}]}}