{"id":127171,"date":"2025-02-27T16:44:00","date_gmt":"2025-02-27T15:44:00","guid":{"rendered":"https:\/\/www.immo-invest.ch\/?p=127171"},"modified":"2025-02-27T14:17:13","modified_gmt":"2025-02-27T13:17:13","slug":"sonnenschutz-fuer-historische-architektur-in-spanien","status":"publish","type":"post","link":"https:\/\/www.immo-invest.ch\/fr\/sonnenschutz-fuer-historische-architektur-in-spanien\/","title":{"rendered":"Protection solaire pour l&rsquo;architecture historique en Espagne"},"content":{"rendered":"<p class=\"bodytext\">Le fabricant de protections solaires <a href=\"https:\/\/www.griesser.ch\/de\/home\" target=\"_blank\" rel=\"noopener\">Griesser<\/a>, bas&eacute; &agrave; Aadorf, participe &agrave; la reconstruction et &agrave; la transformation de l&rsquo;ancien couvent de San Agust&iacute;n, class&eacute; monument historique, &agrave; Badajoz, dans le sud-ouest de l&rsquo;Espagne. Celui-ci sera transform&eacute; en une &eacute;cole d&rsquo;arts appliqu&eacute;s. Comme l&rsquo;indique un <a href=\"https:\/\/www.presseportal.ch\/de\/pm\/100082361\/100928980\" target=\"_blank\" rel=\"noopener\">communiqu&eacute;<\/a>, le b&acirc;timent aux lignes droites offre de bonnes conditions pour un &eacute;tablissement d&rsquo;enseignement. Dans le pass&eacute;, l&rsquo;ancien couvent a d&eacute;j&agrave; &eacute;t&eacute; utilis&eacute; comme caserne, tribunal ou &eacute;cole.<\/p>\n<p class=\"bodytext\">Dans le cadre de la transformation actuelle, les clo&icirc;tres seront &eacute;galement int&eacute;gr&eacute;s &agrave; l&rsquo;&eacute;cole. Leurs arcades seront largement vitr&eacute;es et n&eacute;cessiteront une protection solaire. Griesser fournit &agrave; cet effet son syst&egrave;me Solomatic 80. Les stores &agrave; lamelles sur mesure offrent d&rsquo;une part un bon ombrage et permettent d&rsquo;autre part un bon apport de lumi&egrave;re naturelle. Tant le design classique des lamelles que leur couleur RAL 7022, un ton gris proche de l&rsquo;anthracite, s&rsquo;int&egrave;grent dans l&rsquo;<span class=\"glossaryLink\"  aria-describedby=\"tt\"  data-cmtooltip=\"&lt;div class=glossaryItemTitle&gt;Image&lt;\/div&gt;&lt;div class=glossaryItemBody&gt;Individuelles Vorstellungsbild, das Dritte von einer Marke, einem Produkt oder einer Unternehmung haben. Aus Marketingsicht wird zwischen einem gegenw&auml;rtigen (Ist-Image) und einem anzustrebenden Image (Soll-Image) unterschieden&lt;\/div&gt;\"  data-mobile-support=\"0\"  data-gt-translate-attributes='[{\"attribute\":\"data-cmtooltip\", \"format\":\"html\"}]' tabindex='0' role='link'>image<\/span> historique du b&acirc;timent.<\/p>\n<p class=\"bodytext\">De plus, l&rsquo;entr&eacute;e de la lumi&egrave;re du jour est contr&ocirc;l&eacute;e de mani&egrave;re automatis&eacute;e. L'&nbsp;&raquo;atmosph&egrave;re harmonieuse&nbsp;&raquo; qui en r&eacute;sulte doit permettre d&rsquo;augmenter &laquo;&nbsp;la capacit&eacute; de concentration et le bien-&ecirc;tre des &eacute;tudiants&nbsp;&raquo;.<\/p>\n","protected":false},"excerpt":{"rendered":"<p>Le couvent historique de San Agust\u00edn \u00e0 Badajoz, en Espagne, est en train d&rsquo;\u00eatre transform\u00e9 en \u00e9cole d&rsquo;arts appliqu\u00e9s. A cette occasion, Griesser a \u00e9t\u00e9 charg\u00e9 d&rsquo;\u00e9quiper les vitrages des arcades du clo\u00eetre d&rsquo;une protection solaire.<\/p>\n","protected":false},"author":2,"featured_media":127148,"comment_status":"open","ping_status":"open","sticky":false,"template":"","format":"standard","meta":{"pmpro_default_level":"","inline_featured_image":false,"_monsterinsights_skip_tracking":false,"footnotes":""},"categories":[22699,22353,743,9652],"tags":[832,52100,44207,872,3931,2002,1157,3530,1204],"class_list":["post-127171","post","type-post","status-publish","format-standard","has-post-thumbnail","hentry","category-durabilite","category-international-fr","category-immonews-fr","category-renovation","tag-architektur-fr","tag-bildungseinrichtung-fr","tag-denkmalpflege-fr","tag-immoinvest-fr","tag-immonews-fr","tag-news-fr","tag-sanierung-fr","tag-sonnenschutz-fr","tag-umbau-fr","pmpro-has-access"],"acf":{"bild_mit_ki_erstellt_worden":[],"lead":"Le couvent historique de San Agust\u00edn \u00e0 Badajoz, en Espagne, est en train d'\u00eatre transform\u00e9 en \u00e9cole d'arts appliqu\u00e9s. A cette occasion, Griesser a \u00e9t\u00e9 charg\u00e9 d'\u00e9quiper les vitrages des arcades du clo\u00eetre d'une protection solaire.","autor":"ce\/ww, Bildquelle: Griesser","ort":"Aadorf TG\/Badajoz","bildunterschrift":"","bild_im_grid":false,"gallerie":"","newsim":""},"aioseo_notices":[],"aioseo_head":"\n\t\t<!-- All in One SEO 5.0.1.1 - aioseo.com -->\n\t<meta name=\"description\" content=\"Le couvent historique de San Agust\u00edn \u00e0 Badajoz, en Espagne, est en train d&#039;\u00eatre transform\u00e9 en \u00e9cole d&#039;arts appliqu\u00e9s. A cette occasion, Griesser a \u00e9t\u00e9 charg\u00e9 d&#039;\u00e9quiper les vitrages des arcades du clo\u00eetre d&#039;une protection solaire.\" \/>\n\t<meta name=\"robots\" content=\"max-image-preview:large\" \/>\n\t<meta name=\"author\" content=\"immovestuser\"\/>\n\t<meta name=\"google-site-verification\" content=\"fHJKvgWpZCR2zVBHWfkQeFXC11qieUSff0HGNYfuyLA\" \/>\n\t<link rel=\"canonical\" href=\"https:\/\/www.immo-invest.ch\/fr\/sonnenschutz-fuer-historische-architektur-in-spanien\/\" \/>\n\t<meta name=\"generator\" content=\"All in One SEO (AIOSEO) 5.0.1.1\" \/>\n\t\t<meta property=\"og:locale\" content=\"fr_FR\" \/>\n\t\t<meta property=\"og:site_name\" content=\"immo!nvest - Die Plattform f\u00fcr Standorte und Immobilien - Die\u00a0Plattform f\u00fcr Standorte und Immobilien\" \/>\n\t\t<meta property=\"og:type\" content=\"article\" \/>\n\t\t<meta property=\"og:title\" content=\"Protection solaire pour l\u2019architecture historique en Espagne - immo!nvest - Die Plattform f\u00fcr Standorte und Immobilien\" \/>\n\t\t<meta property=\"og:description\" content=\"Le couvent historique de San Agust\u00edn \u00e0 Badajoz, en Espagne, est en train d&#039;\u00eatre transform\u00e9 en \u00e9cole d&#039;arts appliqu\u00e9s. A cette occasion, Griesser a \u00e9t\u00e9 charg\u00e9 d&#039;\u00e9quiper les vitrages des arcades du clo\u00eetre d&#039;une protection solaire.\" \/>\n\t\t<meta property=\"og:url\" content=\"https:\/\/www.immo-invest.ch\/fr\/sonnenschutz-fuer-historische-architektur-in-spanien\/\" \/>\n\t\t<meta property=\"og:image\" content=\"https:\/\/www.immo-invest.ch\/wp-content\/uploads\/2025\/02\/7728-1200x720-1.jpg\" \/>\n\t\t<meta property=\"og:image:secure_url\" content=\"https:\/\/www.immo-invest.ch\/wp-content\/uploads\/2025\/02\/7728-1200x720-1.jpg\" \/>\n\t\t<meta property=\"og:image:width\" content=\"1200\" \/>\n\t\t<meta property=\"og:image:height\" content=\"720\" \/>\n\t\t<meta property=\"article:published_time\" content=\"2025-02-27T15:44:00+00:00\" \/>\n\t\t<meta property=\"article:modified_time\" content=\"2025-02-27T13:17:13+00:00\" \/>\n\t\t<meta property=\"article:publisher\" content=\"https:\/\/www.facebook.com\/people\/Immoinvest\/100077962920504\/\" \/>\n\t\t<meta name=\"twitter:card\" content=\"summary_large_image\" \/>\n\t\t<meta name=\"twitter:site\" content=\"@i\" \/>\n\t\t<meta name=\"twitter:title\" content=\"Protection solaire pour l\u2019architecture historique en Espagne - immo!nvest - Die Plattform f\u00fcr Standorte und Immobilien\" \/>\n\t\t<meta name=\"twitter:description\" content=\"Le couvent historique de San Agust\u00edn \u00e0 Badajoz, en Espagne, est en train d&#039;\u00eatre transform\u00e9 en \u00e9cole d&#039;arts appliqu\u00e9s. A cette occasion, Griesser a \u00e9t\u00e9 charg\u00e9 d&#039;\u00e9quiper les vitrages des arcades du clo\u00eetre d&#039;une protection solaire.\" \/>\n\t\t<meta name=\"twitter:creator\" content=\"@i\" \/>\n\t\t<meta name=\"twitter:image\" content=\"https:\/\/www.immo-invest.ch\/wp-content\/uploads\/2025\/02\/7728-1200x720-1.jpg\" \/>\n\t\t<script type=\"application\/ld+json\" class=\"aioseo-schema\">\n\t\t\t{\"@context\":\"https:\\\/\\\/schema.org\",\"@graph\":[{\"@type\":\"BlogPosting\",\"@id\":\"https:\\\/\\\/www.immo-invest.ch\\\/fr\\\/sonnenschutz-fuer-historische-architektur-in-spanien\\\/#blogposting\",\"name\":\"Protection solaire pour l\\u2019architecture historique en Espagne - immo!nvest - Die Plattform f\\u00fcr Standorte und Immobilien\",\"headline\":\"Protection solaire pour l&rsquo;architecture historique en Espagne\",\"author\":{\"@id\":\"https:\\\/\\\/www.immo-invest.ch\\\/fr\\\/author\\\/immovestuser\\\/#author\"},\"publisher\":{\"@id\":\"https:\\\/\\\/www.immo-invest.ch\\\/fr\\\/#organization\"},\"image\":{\"@type\":\"ImageObject\",\"url\":\"https:\\\/\\\/www.immo-invest.ch\\\/wp-content\\\/uploads\\\/2025\\\/02\\\/7728-1200x720-1.jpg\",\"width\":1200,\"height\":720,\"caption\":\"https:\\\/\\\/www.griesser.ch\\\/de\\\/referenzen\\\/kloster-san-agustn-spanien-badajoz-spanien\\\/55\"},\"datePublished\":\"2025-02-27T16:44:00+01:00\",\"dateModified\":\"2025-02-27T14:17:13+01:00\",\"inLanguage\":\"fr-FR\",\"mainEntityOfPage\":{\"@id\":\"https:\\\/\\\/www.immo-invest.ch\\\/fr\\\/sonnenschutz-fuer-historische-architektur-in-spanien\\\/#webpage\"},\"isPartOf\":{\"@id\":\"https:\\\/\\\/www.immo-invest.ch\\\/fr\\\/sonnenschutz-fuer-historische-architektur-in-spanien\\\/#webpage\"},\"articleSection\":\"Durabilit\\u00e9, Global, immoNews, R\\u00e9novation, Architektur, Bildungseinrichtung, Denkmalpflege, Immoinvest, immoNews, News, Sanierung, Sonnenschutz, Umbau, Facultatif\"},{\"@type\":\"BreadcrumbList\",\"@id\":\"https:\\\/\\\/www.immo-invest.ch\\\/fr\\\/sonnenschutz-fuer-historische-architektur-in-spanien\\\/#breadcrumblist\",\"itemListElement\":[{\"@type\":\"ListItem\",\"@id\":\"https:\\\/\\\/www.immo-invest.ch\\\/fr\\\/#listItem\",\"position\":1,\"name\":\"Home\",\"item\":\"https:\\\/\\\/www.immo-invest.ch\\\/fr\\\/\",\"nextItem\":{\"@type\":\"ListItem\",\"@id\":\"https:\\\/\\\/www.immo-invest.ch\\\/fr\\\/categories\\\/regions\\\/#listItem\",\"name\":\"R\\u00e9gions\"}},{\"@type\":\"ListItem\",\"@id\":\"https:\\\/\\\/www.immo-invest.ch\\\/fr\\\/categories\\\/regions\\\/#listItem\",\"position\":2,\"name\":\"R\\u00e9gions\",\"item\":\"https:\\\/\\\/www.immo-invest.ch\\\/fr\\\/categories\\\/regions\\\/\",\"nextItem\":{\"@type\":\"ListItem\",\"@id\":\"https:\\\/\\\/www.immo-invest.ch\\\/fr\\\/categories\\\/regions\\\/international\\\/#listItem\",\"name\":\"International\"},\"previousItem\":{\"@type\":\"ListItem\",\"@id\":\"https:\\\/\\\/www.immo-invest.ch\\\/fr\\\/#listItem\",\"name\":\"Home\"}},{\"@type\":\"ListItem\",\"@id\":\"https:\\\/\\\/www.immo-invest.ch\\\/fr\\\/categories\\\/regions\\\/international\\\/#listItem\",\"position\":3,\"name\":\"International\",\"item\":\"https:\\\/\\\/www.immo-invest.ch\\\/fr\\\/categories\\\/regions\\\/international\\\/\",\"nextItem\":{\"@type\":\"ListItem\",\"@id\":\"https:\\\/\\\/www.immo-invest.ch\\\/fr\\\/categories\\\/regions\\\/international\\\/international-fr\\\/#listItem\",\"name\":\"Global\"},\"previousItem\":{\"@type\":\"ListItem\",\"@id\":\"https:\\\/\\\/www.immo-invest.ch\\\/fr\\\/categories\\\/regions\\\/#listItem\",\"name\":\"R\\u00e9gions\"}},{\"@type\":\"ListItem\",\"@id\":\"https:\\\/\\\/www.immo-invest.ch\\\/fr\\\/categories\\\/regions\\\/international\\\/international-fr\\\/#listItem\",\"position\":4,\"name\":\"Global\",\"item\":\"https:\\\/\\\/www.immo-invest.ch\\\/fr\\\/categories\\\/regions\\\/international\\\/international-fr\\\/\",\"nextItem\":{\"@type\":\"ListItem\",\"@id\":\"https:\\\/\\\/www.immo-invest.ch\\\/fr\\\/sonnenschutz-fuer-historische-architektur-in-spanien\\\/#listItem\",\"name\":\"Protection solaire pour l&rsquo;architecture historique en Espagne\"},\"previousItem\":{\"@type\":\"ListItem\",\"@id\":\"https:\\\/\\\/www.immo-invest.ch\\\/fr\\\/categories\\\/regions\\\/international\\\/#listItem\",\"name\":\"International\"}},{\"@type\":\"ListItem\",\"@id\":\"https:\\\/\\\/www.immo-invest.ch\\\/fr\\\/sonnenschutz-fuer-historische-architektur-in-spanien\\\/#listItem\",\"position\":5,\"name\":\"Protection solaire pour l&rsquo;architecture historique en Espagne\",\"previousItem\":{\"@type\":\"ListItem\",\"@id\":\"https:\\\/\\\/www.immo-invest.ch\\\/fr\\\/categories\\\/regions\\\/international\\\/international-fr\\\/#listItem\",\"name\":\"Global\"}}]},{\"@type\":\"Organization\",\"@id\":\"https:\\\/\\\/www.immo-invest.ch\\\/fr\\\/#organization\",\"name\":\"immo!nvest - Die Plattform f\\u00fcr Standorte und Immobilien\",\"description\":\"Die\\u00a0Plattform f\\u00fcr Standorte und Immobilien\",\"url\":\"https:\\\/\\\/www.immo-invest.ch\\\/fr\\\/\",\"email\":\"admin@immomedia.ag\",\"telephone\":\"+41444420002\",\"logo\":{\"@type\":\"ImageObject\",\"url\":\"https:\\\/\\\/www.immo-invest.ch\\\/wp-content\\\/uploads\\\/2024\\\/09\\\/immoinvest_sm-scaled.jpg\",\"@id\":\"https:\\\/\\\/www.immo-invest.ch\\\/fr\\\/sonnenschutz-fuer-historische-architektur-in-spanien\\\/#organizationLogo\",\"width\":2560,\"height\":1340},\"image\":{\"@id\":\"https:\\\/\\\/www.immo-invest.ch\\\/fr\\\/sonnenschutz-fuer-historische-architektur-in-spanien\\\/#organizationLogo\"},\"sameAs\":[\"https:\\\/\\\/www.facebook.com\\\/people\\\/Immoinvest\\\/100077962920504\\\/\",\"https:\\\/\\\/x.com\\\/i\\\/flow\\\/login?redirect_after_login=immoinvest_ch\",\"https:\\\/\\\/www.instagram.com\\\/immoinvest_ch\\\/\",\"https:\\\/\\\/www.linkedin.com\\\/company\\\/immoinvest-swiss\"]},{\"@type\":\"Person\",\"@id\":\"https:\\\/\\\/www.immo-invest.ch\\\/fr\\\/author\\\/immovestuser\\\/#author\",\"url\":\"https:\\\/\\\/www.immo-invest.ch\\\/fr\\\/author\\\/immovestuser\\\/\",\"name\":\"immovestuser\",\"image\":{\"@type\":\"ImageObject\",\"@id\":\"https:\\\/\\\/www.immo-invest.ch\\\/fr\\\/sonnenschutz-fuer-historische-architektur-in-spanien\\\/#authorImage\",\"url\":\"https:\\\/\\\/secure.gravatar.com\\\/avatar\\\/8e01f4d99f2eeea7a362ebb93305e1172a70e9293ba250f897a65c39f54cdd1e?s=96&d=mm&r=g\",\"width\":96,\"height\":96,\"caption\":\"immovestuser\"}},{\"@type\":\"WebPage\",\"@id\":\"https:\\\/\\\/www.immo-invest.ch\\\/fr\\\/sonnenschutz-fuer-historische-architektur-in-spanien\\\/#webpage\",\"url\":\"https:\\\/\\\/www.immo-invest.ch\\\/fr\\\/sonnenschutz-fuer-historische-architektur-in-spanien\\\/\",\"name\":\"Protection solaire pour l\\u2019architecture historique en Espagne - immo!nvest - Die Plattform f\\u00fcr Standorte und Immobilien\",\"description\":\"Le couvent historique de San Agust\\u00edn \\u00e0 Badajoz, en Espagne, est en train d'\\u00eatre transform\\u00e9 en \\u00e9cole d'arts appliqu\\u00e9s. A cette occasion, Griesser a \\u00e9t\\u00e9 charg\\u00e9 d'\\u00e9quiper les vitrages des arcades du clo\\u00eetre d'une protection solaire.\",\"inLanguage\":\"fr-FR\",\"isPartOf\":{\"@id\":\"https:\\\/\\\/www.immo-invest.ch\\\/fr\\\/#website\"},\"breadcrumb\":{\"@id\":\"https:\\\/\\\/www.immo-invest.ch\\\/fr\\\/sonnenschutz-fuer-historische-architektur-in-spanien\\\/#breadcrumblist\"},\"author\":{\"@id\":\"https:\\\/\\\/www.immo-invest.ch\\\/fr\\\/author\\\/immovestuser\\\/#author\"},\"creator\":{\"@id\":\"https:\\\/\\\/www.immo-invest.ch\\\/fr\\\/author\\\/immovestuser\\\/#author\"},\"image\":{\"@type\":\"ImageObject\",\"url\":\"https:\\\/\\\/www.immo-invest.ch\\\/wp-content\\\/uploads\\\/2025\\\/02\\\/7728-1200x720-1.jpg\",\"@id\":\"https:\\\/\\\/www.immo-invest.ch\\\/fr\\\/sonnenschutz-fuer-historische-architektur-in-spanien\\\/#mainImage\",\"width\":1200,\"height\":720,\"caption\":\"https:\\\/\\\/www.griesser.ch\\\/de\\\/referenzen\\\/kloster-san-agustn-spanien-badajoz-spanien\\\/55\"},\"primaryImageOfPage\":{\"@id\":\"https:\\\/\\\/www.immo-invest.ch\\\/fr\\\/sonnenschutz-fuer-historische-architektur-in-spanien\\\/#mainImage\"},\"datePublished\":\"2025-02-27T16:44:00+01:00\",\"dateModified\":\"2025-02-27T14:17:13+01:00\"},{\"@type\":\"WebSite\",\"@id\":\"https:\\\/\\\/www.immo-invest.ch\\\/fr\\\/#website\",\"url\":\"https:\\\/\\\/www.immo-invest.ch\\\/fr\\\/\",\"name\":\"immo!nvest - Die Plattform f\\u00fcr Standorte und Immobilien\",\"description\":\"Die\\u00a0Plattform f\\u00fcr Standorte und Immobilien\",\"inLanguage\":\"fr-FR\",\"publisher\":{\"@id\":\"https:\\\/\\\/www.immo-invest.ch\\\/fr\\\/#organization\"}}]}\n\t\t<\/script>\n\t\t<!-- All in One SEO -->\n\n","aioseo_head_json":{"title":"Protection solaire pour l\u2019architecture historique en Espagne - immo!nvest - Die Plattform f\u00fcr Standorte und Immobilien","description":"Le couvent historique de San Agust\u00edn \u00e0 Badajoz, en Espagne, est en train d'\u00eatre transform\u00e9 en \u00e9cole d'arts appliqu\u00e9s. A cette occasion, Griesser a \u00e9t\u00e9 charg\u00e9 d'\u00e9quiper les vitrages des arcades du clo\u00eetre d'une protection solaire.","canonical_url":"https:\/\/www.immo-invest.ch\/fr\/sonnenschutz-fuer-historische-architektur-in-spanien\/","robots":"max-image-preview:large","keywords":"","webmasterTools":{"google-site-verification":"fHJKvgWpZCR2zVBHWfkQeFXC11qieUSff0HGNYfuyLA","miscellaneous":""},"schema":{"@context":"https:\/\/schema.org","@graph":[{"@type":"BlogPosting","@id":"https:\/\/www.immo-invest.ch\/fr\/sonnenschutz-fuer-historische-architektur-in-spanien\/#blogposting","name":"Protection solaire pour l\u2019architecture historique en Espagne - immo!nvest - Die Plattform f\u00fcr Standorte und Immobilien","headline":"Protection solaire pour l&rsquo;architecture historique en Espagne","author":{"@id":"https:\/\/www.immo-invest.ch\/fr\/author\/immovestuser\/#author"},"publisher":{"@id":"https:\/\/www.immo-invest.ch\/fr\/#organization"},"image":{"@type":"ImageObject","url":"https:\/\/www.immo-invest.ch\/wp-content\/uploads\/2025\/02\/7728-1200x720-1.jpg","width":1200,"height":720,"caption":"https:\/\/www.griesser.ch\/de\/referenzen\/kloster-san-agustn-spanien-badajoz-spanien\/55"},"datePublished":"2025-02-27T16:44:00+01:00","dateModified":"2025-02-27T14:17:13+01:00","inLanguage":"fr-FR","mainEntityOfPage":{"@id":"https:\/\/www.immo-invest.ch\/fr\/sonnenschutz-fuer-historische-architektur-in-spanien\/#webpage"},"isPartOf":{"@id":"https:\/\/www.immo-invest.ch\/fr\/sonnenschutz-fuer-historische-architektur-in-spanien\/#webpage"},"articleSection":"Durabilit\u00e9, Global, immoNews, R\u00e9novation, Architektur, Bildungseinrichtung, Denkmalpflege, Immoinvest, immoNews, News, Sanierung, Sonnenschutz, Umbau, Facultatif"},{"@type":"BreadcrumbList","@id":"https:\/\/www.immo-invest.ch\/fr\/sonnenschutz-fuer-historische-architektur-in-spanien\/#breadcrumblist","itemListElement":[{"@type":"ListItem","@id":"https:\/\/www.immo-invest.ch\/fr\/#listItem","position":1,"name":"Home","item":"https:\/\/www.immo-invest.ch\/fr\/","nextItem":{"@type":"ListItem","@id":"https:\/\/www.immo-invest.ch\/fr\/categories\/regions\/#listItem","name":"R\u00e9gions"}},{"@type":"ListItem","@id":"https:\/\/www.immo-invest.ch\/fr\/categories\/regions\/#listItem","position":2,"name":"R\u00e9gions","item":"https:\/\/www.immo-invest.ch\/fr\/categories\/regions\/","nextItem":{"@type":"ListItem","@id":"https:\/\/www.immo-invest.ch\/fr\/categories\/regions\/international\/#listItem","name":"International"},"previousItem":{"@type":"ListItem","@id":"https:\/\/www.immo-invest.ch\/fr\/#listItem","name":"Home"}},{"@type":"ListItem","@id":"https:\/\/www.immo-invest.ch\/fr\/categories\/regions\/international\/#listItem","position":3,"name":"International","item":"https:\/\/www.immo-invest.ch\/fr\/categories\/regions\/international\/","nextItem":{"@type":"ListItem","@id":"https:\/\/www.immo-invest.ch\/fr\/categories\/regions\/international\/international-fr\/#listItem","name":"Global"},"previousItem":{"@type":"ListItem","@id":"https:\/\/www.immo-invest.ch\/fr\/categories\/regions\/#listItem","name":"R\u00e9gions"}},{"@type":"ListItem","@id":"https:\/\/www.immo-invest.ch\/fr\/categories\/regions\/international\/international-fr\/#listItem","position":4,"name":"Global","item":"https:\/\/www.immo-invest.ch\/fr\/categories\/regions\/international\/international-fr\/","nextItem":{"@type":"ListItem","@id":"https:\/\/www.immo-invest.ch\/fr\/sonnenschutz-fuer-historische-architektur-in-spanien\/#listItem","name":"Protection solaire pour l&rsquo;architecture historique en Espagne"},"previousItem":{"@type":"ListItem","@id":"https:\/\/www.immo-invest.ch\/fr\/categories\/regions\/international\/#listItem","name":"International"}},{"@type":"ListItem","@id":"https:\/\/www.immo-invest.ch\/fr\/sonnenschutz-fuer-historische-architektur-in-spanien\/#listItem","position":5,"name":"Protection solaire pour l&rsquo;architecture historique en Espagne","previousItem":{"@type":"ListItem","@id":"https:\/\/www.immo-invest.ch\/fr\/categories\/regions\/international\/international-fr\/#listItem","name":"Global"}}]},{"@type":"Organization","@id":"https:\/\/www.immo-invest.ch\/fr\/#organization","name":"immo!nvest - Die Plattform f\u00fcr Standorte und Immobilien","description":"Die\u00a0Plattform f\u00fcr Standorte und Immobilien","url":"https:\/\/www.immo-invest.ch\/fr\/","email":"admin@immomedia.ag","telephone":"+41444420002","logo":{"@type":"ImageObject","url":"https:\/\/www.immo-invest.ch\/wp-content\/uploads\/2024\/09\/immoinvest_sm-scaled.jpg","@id":"https:\/\/www.immo-invest.ch\/fr\/sonnenschutz-fuer-historische-architektur-in-spanien\/#organizationLogo","width":2560,"height":1340},"image":{"@id":"https:\/\/www.immo-invest.ch\/fr\/sonnenschutz-fuer-historische-architektur-in-spanien\/#organizationLogo"},"sameAs":["https:\/\/www.facebook.com\/people\/Immoinvest\/100077962920504\/","https:\/\/x.com\/i\/flow\/login?redirect_after_login=immoinvest_ch","https:\/\/www.instagram.com\/immoinvest_ch\/","https:\/\/www.linkedin.com\/company\/immoinvest-swiss"]},{"@type":"Person","@id":"https:\/\/www.immo-invest.ch\/fr\/author\/immovestuser\/#author","url":"https:\/\/www.immo-invest.ch\/fr\/author\/immovestuser\/","name":"immovestuser","image":{"@type":"ImageObject","@id":"https:\/\/www.immo-invest.ch\/fr\/sonnenschutz-fuer-historische-architektur-in-spanien\/#authorImage","url":"https:\/\/secure.gravatar.com\/avatar\/8e01f4d99f2eeea7a362ebb93305e1172a70e9293ba250f897a65c39f54cdd1e?s=96&d=mm&r=g","width":96,"height":96,"caption":"immovestuser"}},{"@type":"WebPage","@id":"https:\/\/www.immo-invest.ch\/fr\/sonnenschutz-fuer-historische-architektur-in-spanien\/#webpage","url":"https:\/\/www.immo-invest.ch\/fr\/sonnenschutz-fuer-historische-architektur-in-spanien\/","name":"Protection solaire pour l\u2019architecture historique en Espagne - immo!nvest - Die Plattform f\u00fcr Standorte und Immobilien","description":"Le couvent historique de San Agust\u00edn \u00e0 Badajoz, en Espagne, est en train d'\u00eatre transform\u00e9 en \u00e9cole d'arts appliqu\u00e9s. A cette occasion, Griesser a \u00e9t\u00e9 charg\u00e9 d'\u00e9quiper les vitrages des arcades du clo\u00eetre d'une protection solaire.","inLanguage":"fr-FR","isPartOf":{"@id":"https:\/\/www.immo-invest.ch\/fr\/#website"},"breadcrumb":{"@id":"https:\/\/www.immo-invest.ch\/fr\/sonnenschutz-fuer-historische-architektur-in-spanien\/#breadcrumblist"},"author":{"@id":"https:\/\/www.immo-invest.ch\/fr\/author\/immovestuser\/#author"},"creator":{"@id":"https:\/\/www.immo-invest.ch\/fr\/author\/immovestuser\/#author"},"image":{"@type":"ImageObject","url":"https:\/\/www.immo-invest.ch\/wp-content\/uploads\/2025\/02\/7728-1200x720-1.jpg","@id":"https:\/\/www.immo-invest.ch\/fr\/sonnenschutz-fuer-historische-architektur-in-spanien\/#mainImage","width":1200,"height":720,"caption":"https:\/\/www.griesser.ch\/de\/referenzen\/kloster-san-agustn-spanien-badajoz-spanien\/55"},"primaryImageOfPage":{"@id":"https:\/\/www.immo-invest.ch\/fr\/sonnenschutz-fuer-historische-architektur-in-spanien\/#mainImage"},"datePublished":"2025-02-27T16:44:00+01:00","dateModified":"2025-02-27T14:17:13+01:00"},{"@type":"WebSite","@id":"https:\/\/www.immo-invest.ch\/fr\/#website","url":"https:\/\/www.immo-invest.ch\/fr\/","name":"immo!nvest - Die Plattform f\u00fcr Standorte und Immobilien","description":"Die\u00a0Plattform f\u00fcr Standorte und Immobilien","inLanguage":"fr-FR","publisher":{"@id":"https:\/\/www.immo-invest.ch\/fr\/#organization"}}]},"og:locale":"fr_FR","og:site_name":"immo!nvest - Die Plattform f\u00fcr Standorte und Immobilien - Die\u00a0Plattform f\u00fcr Standorte und Immobilien","og:type":"article","og:title":"Protection solaire pour l\u2019architecture historique en Espagne - immo!nvest - Die Plattform f\u00fcr Standorte und Immobilien","og:description":"Le couvent historique de San Agust\u00edn \u00e0 Badajoz, en Espagne, est en train d'\u00eatre transform\u00e9 en \u00e9cole d'arts appliqu\u00e9s. A cette occasion, Griesser a \u00e9t\u00e9 charg\u00e9 d'\u00e9quiper les vitrages des arcades du clo\u00eetre d'une protection solaire.","og:url":"https:\/\/www.immo-invest.ch\/fr\/sonnenschutz-fuer-historische-architektur-in-spanien\/","og:image":"https:\/\/www.immo-invest.ch\/wp-content\/uploads\/2025\/02\/7728-1200x720-1.jpg","og:image:secure_url":"https:\/\/www.immo-invest.ch\/wp-content\/uploads\/2025\/02\/7728-1200x720-1.jpg","og:image:width":1200,"og:image:height":720,"article:published_time":"2025-02-27T15:44:00+00:00","article:modified_time":"2025-02-27T13:17:13+00:00","article:publisher":"https:\/\/www.facebook.com\/people\/Immoinvest\/100077962920504\/","twitter:card":"summary_large_image","twitter:site":"@i","twitter:title":"Protection solaire pour l\u2019architecture historique en Espagne - immo!nvest - Die Plattform f\u00fcr Standorte und Immobilien","twitter:description":"Le couvent historique de San Agust\u00edn \u00e0 Badajoz, en Espagne, est en train d'\u00eatre transform\u00e9 en \u00e9cole d'arts appliqu\u00e9s. A cette occasion, Griesser a \u00e9t\u00e9 charg\u00e9 d'\u00e9quiper les vitrages des arcades du clo\u00eetre d'une protection solaire.","twitter:creator":"@i","twitter:image":"https:\/\/www.immo-invest.ch\/wp-content\/uploads\/2025\/02\/7728-1200x720-1.jpg"},"aioseo_meta_data":{"post_id":"127171","title":null,"description":null,"keywords":null,"keyphrases":{"focus":{"keyphrase":"","score":0,"analysis":{"keyphraseInTitle":{"score":0,"maxScore":9,"error":1}}},"additional":[]},"primary_term":null,"canonical_url":null,"og_title":null,"og_description":null,"og_object_type":"default","og_image_type":"default","og_image_url":null,"og_image_width":null,"og_image_height":null,"og_image_custom_url":null,"og_image_custom_fields":null,"og_video":"","og_custom_url":null,"og_article_section":null,"og_article_tags":null,"twitter_use_og":false,"twitter_card":"default","twitter_image_type":"default","twitter_image_url":null,"twitter_image_custom_url":null,"twitter_image_custom_fields":null,"twitter_title":null,"twitter_description":null,"schema":{"blockGraphs":[],"customGraphs":[],"default":{"data":{"Article":[],"Course":[],"Dataset":[],"FAQPage":[],"Movie":[],"Person":[],"Product":[],"ProductReview":[],"Car":[],"Recipe":[],"Service":[],"SoftwareApplication":[],"WebPage":[]},"graphName":"BlogPosting","isEnabled":true},"graphs":[]},"schema_type":"default","schema_type_options":null,"pillar_content":false,"robots_default":true,"robots_noindex":false,"robots_noarchive":false,"robots_nosnippet":false,"robots_nofollow":false,"robots_noimageindex":false,"robots_noodp":false,"robots_notranslate":false,"robots_max_snippet":"-1","robots_max_videopreview":"-1","robots_max_imagepreview":"large","priority":null,"frequency":"default","local_seo":null,"breadcrumb_settings":null,"limit_modified_date":false,"ai":null,"created":"2025-02-27 13:17:14","updated":"2025-10-24 17:24:17","seo_analyzer_scan_date":null,"focus_keyword":null,"additional_keywords":null,"truseo_locale":null},"aioseo_breadcrumb":"<div class=\"aioseo-breadcrumbs\"><span class=\"aioseo-breadcrumb\">\n\t\t\t<a href=\"https:\/\/www.immo-invest.ch\/fr\/\" title=\"Home\">Home<\/a>\n\t\t<\/span><span class=\"aioseo-breadcrumb-separator\">&raquo;<\/span><span class=\"aioseo-breadcrumb\">\n\t\t\t<a href=\"https:\/\/www.immo-invest.ch\/fr\/categories\/regions\/\" title=\"R\u00e9gions\">R\u00e9gions<\/a>\n\t\t<\/span><span class=\"aioseo-breadcrumb-separator\">&raquo;<\/span><span class=\"aioseo-breadcrumb\">\n\t\t\t<a href=\"https:\/\/www.immo-invest.ch\/fr\/categories\/regions\/international\/\" title=\"International\">International<\/a>\n\t\t<\/span><span class=\"aioseo-breadcrumb-separator\">&raquo;<\/span><span class=\"aioseo-breadcrumb\">\n\t\t\t<a href=\"https:\/\/www.immo-invest.ch\/fr\/categories\/regions\/international\/international-fr\/\" title=\"Global\">Global<\/a>\n\t\t<\/span><span class=\"aioseo-breadcrumb-separator\">&raquo;<\/span><span class=\"aioseo-breadcrumb\">\n\t\t\tProtection solaire pour l\u2019architecture historique en Espagne\n\t\t<\/span><\/div>","aioseo_breadcrumb_json":[{"label":"Home","link":"https:\/\/www.immo-invest.ch\/fr\/"},{"label":"R\u00e9gions","link":"https:\/\/www.immo-invest.ch\/fr\/categories\/regions\/"},{"label":"International","link":"https:\/\/www.immo-invest.ch\/fr\/categories\/regions\/international\/"},{"label":"Global","link":"https:\/\/www.immo-invest.ch\/fr\/categories\/regions\/international\/international-fr\/"},{"label":"Protection solaire pour l&rsquo;architecture historique en Espagne","link":"https:\/\/www.immo-invest.ch\/fr\/sonnenschutz-fuer-historische-architektur-in-spanien\/"}],"featured_image_src":"https:\/\/www.immo-invest.ch\/wp-content\/uploads\/2025\/02\/7728-1200x720-1-336x168.jpg","_links":{"self":[{"href":"https:\/\/www.immo-invest.ch\/fr\/wp-json\/wp\/v2\/posts\/127171","targetHints":{"allow":["GET"]}}],"collection":[{"href":"https:\/\/www.immo-invest.ch\/fr\/wp-json\/wp\/v2\/posts"}],"about":[{"href":"https:\/\/www.immo-invest.ch\/fr\/wp-json\/wp\/v2\/types\/post"}],"author":[{"embeddable":true,"href":"https:\/\/www.immo-invest.ch\/fr\/wp-json\/wp\/v2\/users\/2"}],"replies":[{"embeddable":true,"href":"https:\/\/www.immo-invest.ch\/fr\/wp-json\/wp\/v2\/comments?post=127171"}],"version-history":[{"count":0,"href":"https:\/\/www.immo-invest.ch\/fr\/wp-json\/wp\/v2\/posts\/127171\/revisions"}],"wp:featuredmedia":[{"embeddable":true,"href":"https:\/\/www.immo-invest.ch\/fr\/wp-json\/wp\/v2\/media\/127148"}],"wp:attachment":[{"href":"https:\/\/www.immo-invest.ch\/fr\/wp-json\/wp\/v2\/media?parent=127171"}],"wp:term":[{"taxonomy":"category","embeddable":true,"href":"https:\/\/www.immo-invest.ch\/fr\/wp-json\/wp\/v2\/categories?post=127171"},{"taxonomy":"post_tag","embeddable":true,"href":"https:\/\/www.immo-invest.ch\/fr\/wp-json\/wp\/v2\/tags?post=127171"}],"curies":[{"name":"wp","href":"https:\/\/api.w.org\/{rel}","templated":true}]}}