{"id":126782,"date":"2025-02-19T12:50:14","date_gmt":"2025-02-19T11:50:14","guid":{"rendered":"https:\/\/www.immo-invest.ch\/projektierungskredit-fuer-luzerner-theater-abgelehnt\/"},"modified":"2025-02-19T13:00:42","modified_gmt":"2025-02-19T12:00:42","slug":"projektierungskredit-fuer-luzerner-theater-abgelehnt","status":"publish","type":"post","link":"https:\/\/www.immo-invest.ch\/fr\/projektierungskredit-fuer-luzerner-theater-abgelehnt\/","title":{"rendered":"Rejet du cr\u00e9dit d&rsquo;\u00e9tude pour le th\u00e9\u00e2tre de Lucerne"},"content":{"rendered":"<p class=\"wp-block-paragraph\">Avec 15&rsquo;033 voix contre 10&rsquo;914, le cr&eacute;dit d&rsquo;&eacute;tude pour le futur th&eacute;&acirc;tre de Lucerne a &eacute;t&eacute; clairement rejet&eacute; le 9 f&eacute;vrier 2025. La participation au vote a &eacute;t&eacute; de 49,67%. Ce r&eacute;sultat signifie la fin du projet &laquo;&nbsp;&uuml;berall&nbsp;&raquo; du cabinet d&rsquo;architectes Ilg Santer, qui &eacute;tait pr&eacute;vu comme nouvelle sc&egrave;ne pour le th&eacute;&acirc;tre musical, parl&eacute; et dans&eacute;.<\/p>\n\n\n\n\n\n<p class=\"wp-block-paragraph\"><strong>Le conseil municipal se dit d&eacute;&ccedil;u<br><\/strong>Le conseil municipal prend acte de ce vote avec beaucoup de regret. Avec cette d&eacute;cision, le d&eacute;veloppement pr&eacute;vu du th&eacute;&acirc;tre de Lucerne ne pourra pas &ecirc;tre mis en &oelig;uvre. Le maire Beat Z&uuml;sli souligne : &laquo;&nbsp;Nous avons toujours dit qu&rsquo;il n&rsquo;y aurait pas de plan B. La suite des &eacute;v&eacute;nements est totalement ouverte. Ce r&eacute;sultat est une grande d&eacute;ception pour la culture lucernoise&nbsp;&raquo;<\/p>\n\n\n\n\n\n<p class=\"wp-block-paragraph\">L&rsquo;emplacement et le volume de construction du th&eacute;&acirc;tre pr&eacute;vu ont notamment fait l&rsquo;objet de critiques r&eacute;currentes dans le d&eacute;bat public. N&eacute;anmoins, il est encore trop t&ocirc;t pour tirer des conclusions d&eacute;finitives. Le conseil municipal entend &eacute;valuer soigneusement les r&eacute;sultats de la votation en collaboration avec les organisations partenaires impliqu&eacute;es.<\/p>\n\n\n\n\n\n<p class=\"wp-block-paragraph\"><strong>Cons&eacute;quences pour la politique culturelle<br><\/strong>Le rejet du cr&eacute;dit place la ville de Lucerne devant de nouveaux d&eacute;fis. Les planifications ant&eacute;rieures sont stopp&eacute;es et l&rsquo;avenir du th&eacute;&acirc;tre de Lucerne reste incertain. N&eacute;anmoins, le conseil municipal souligne l&rsquo;importance d&rsquo;une approche constructive de ce vote : &laquo;&nbsp;Il est maintenant de notre devoir commun en tant que communaut&eacute; urbaine de trouver une nouvelle solution pour la culture th&eacute;&acirc;trale &agrave; Lucerne&nbsp;&raquo;<\/p>\n\n\n\n\n\n<p class=\"wp-block-paragraph\">Malgr&eacute; la d&eacute;faite, le conseil municipal remercie tous ceux qui se sont engag&eacute;s dans le projet. Les partenariats existants doivent continuer &agrave; &ecirc;tre entretenus et les cons&eacute;quences du r&eacute;sultat de la votation sur la politique culturelle doivent &ecirc;tre soigneusement examin&eacute;es.<\/p>\n\n","protected":false},"excerpt":{"rendered":"<p>Les \u00e9lecteurs de la ville de Lucerne ont rejet\u00e9 \u00e0 57,94% le cr\u00e9dit d&rsquo;\u00e9tude de 13,8 millions de francs pour un nouveau th\u00e9\u00e2tre \u00e0 Lucerne. Le processus de planification soigneusement pr\u00e9par\u00e9 trouve ainsi une fin abrupte. Le conseil municipal se dit d\u00e9\u00e7u et souhaite analyser les causes de ce rejet.<\/p>\n","protected":false},"author":57,"featured_media":127051,"comment_status":"open","ping_status":"open","sticky":false,"template":"","format":"standard","meta":{"pmpro_default_level":"","inline_featured_image":false,"_monsterinsights_skip_tracking":false,"footnotes":""},"categories":[9430,22357,9437],"tags":[3489,3122,872,3931,52035,1086,2002,52036],"class_list":["post-126782","post","type-post","status-publish","format-standard","has-post-thumbnail","hentry","category-business-fr","category-industrie-du-batiment","category-region-lucerne","tag-abstimmung-fr","tag-bauprojekt-fr","tag-immoinvest-fr","tag-immonews-fr","tag-kulturpolitik-fr","tag-luzern-fr","tag-news-fr","tag-theaterbau-fr","pmpro-has-access"],"acf":{"bild_mit_ki_erstellt_worden":[],"lead":"Les \u00e9lecteurs de la ville de Lucerne ont rejet\u00e9 \u00e0 57,94% le cr\u00e9dit d'\u00e9tude de 13,8 millions de francs pour un nouveau th\u00e9\u00e2tre \u00e0 Lucerne. Le processus de planification soigneusement pr\u00e9par\u00e9 trouve ainsi une fin abrupte. Le conseil municipal se dit d\u00e9\u00e7u et souhaite analyser les causes de ce rejet.","autor":"Quelle: Luzern","ort":"Luzern","bildunterschrift":"","bild_im_grid":false,"gallerie":"","newsim":""},"aioseo_notices":[],"aioseo_head":"\n\t\t<!-- All in One SEO 5.0.0.1 - aioseo.com -->\n\t<meta name=\"description\" content=\"Les \u00e9lecteurs de la ville de Lucerne ont rejet\u00e9 \u00e0 57,94% le cr\u00e9dit d&#039;\u00e9tude de 13,8 millions de francs pour un nouveau th\u00e9\u00e2tre \u00e0 Lucerne. Le processus de planification soigneusement pr\u00e9par\u00e9 trouve ainsi une fin abrupte. Le conseil municipal se dit d\u00e9\u00e7u et souhaite analyser les causes de ce rejet.\" \/>\n\t<meta name=\"robots\" content=\"max-image-preview:large\" \/>\n\t<meta name=\"author\" content=\"immoinv_redakteur\"\/>\n\t<meta name=\"google-site-verification\" content=\"fHJKvgWpZCR2zVBHWfkQeFXC11qieUSff0HGNYfuyLA\" \/>\n\t<link rel=\"canonical\" href=\"https:\/\/www.immo-invest.ch\/fr\/projektierungskredit-fuer-luzerner-theater-abgelehnt\/\" \/>\n\t<meta name=\"generator\" content=\"All in One SEO (AIOSEO) 5.0.0.1\" \/>\n\t\t<meta property=\"og:locale\" content=\"fr_FR\" \/>\n\t\t<meta property=\"og:site_name\" content=\"immo!nvest - Die Plattform f\u00fcr Standorte und Immobilien - Die\u00a0Plattform f\u00fcr Standorte und Immobilien\" \/>\n\t\t<meta property=\"og:type\" content=\"article\" \/>\n\t\t<meta property=\"og:title\" content=\"Rejet du cr\u00e9dit d\u2019\u00e9tude pour le th\u00e9\u00e2tre de Lucerne - immo!nvest - Die Plattform f\u00fcr Standorte und Immobilien\" \/>\n\t\t<meta property=\"og:description\" content=\"Les \u00e9lecteurs de la ville de Lucerne ont rejet\u00e9 \u00e0 57,94% le cr\u00e9dit d&#039;\u00e9tude de 13,8 millions de francs pour un nouveau th\u00e9\u00e2tre \u00e0 Lucerne. Le processus de planification soigneusement pr\u00e9par\u00e9 trouve ainsi une fin abrupte. Le conseil municipal se dit d\u00e9\u00e7u et souhaite analyser les causes de ce rejet.\" \/>\n\t\t<meta property=\"og:url\" content=\"https:\/\/www.immo-invest.ch\/fr\/projektierungskredit-fuer-luzerner-theater-abgelehnt\/\" \/>\n\t\t<meta property=\"og:image\" content=\"https:\/\/www.immo-invest.ch\/wp-content\/uploads\/2025\/02\/041-fo-bild-6-1-e1740473418965.jpg\" \/>\n\t\t<meta property=\"og:image:secure_url\" content=\"https:\/\/www.immo-invest.ch\/wp-content\/uploads\/2025\/02\/041-fo-bild-6-1-e1740473418965.jpg\" \/>\n\t\t<meta property=\"og:image:width\" content=\"960\" \/>\n\t\t<meta property=\"og:image:height\" content=\"800\" \/>\n\t\t<meta property=\"article:published_time\" content=\"2025-02-19T11:50:14+00:00\" \/>\n\t\t<meta property=\"article:modified_time\" content=\"2025-02-19T12:00:42+00:00\" \/>\n\t\t<meta property=\"article:publisher\" content=\"https:\/\/www.facebook.com\/people\/Immoinvest\/100077962920504\/\" \/>\n\t\t<meta name=\"twitter:card\" content=\"summary_large_image\" \/>\n\t\t<meta name=\"twitter:site\" content=\"@i\" \/>\n\t\t<meta name=\"twitter:title\" content=\"Rejet du cr\u00e9dit d\u2019\u00e9tude pour le th\u00e9\u00e2tre de Lucerne - immo!nvest - Die Plattform f\u00fcr Standorte und Immobilien\" \/>\n\t\t<meta name=\"twitter:description\" content=\"Les \u00e9lecteurs de la ville de Lucerne ont rejet\u00e9 \u00e0 57,94% le cr\u00e9dit d&#039;\u00e9tude de 13,8 millions de francs pour un nouveau th\u00e9\u00e2tre \u00e0 Lucerne. Le processus de planification soigneusement pr\u00e9par\u00e9 trouve ainsi une fin abrupte. Le conseil municipal se dit d\u00e9\u00e7u et souhaite analyser les causes de ce rejet.\" \/>\n\t\t<meta name=\"twitter:creator\" content=\"@i\" \/>\n\t\t<meta name=\"twitter:image\" content=\"https:\/\/www.immo-invest.ch\/wp-content\/uploads\/2025\/02\/041-fo-bild-6-1-e1740473418965.jpg\" \/>\n\t\t<script type=\"application\/ld+json\" class=\"aioseo-schema\">\n\t\t\t{\"@context\":\"https:\\\/\\\/schema.org\",\"@graph\":[{\"@type\":\"BlogPosting\",\"@id\":\"https:\\\/\\\/www.immo-invest.ch\\\/fr\\\/projektierungskredit-fuer-luzerner-theater-abgelehnt\\\/#blogposting\",\"name\":\"Rejet du cr\\u00e9dit d\\u2019\\u00e9tude pour le th\\u00e9\\u00e2tre de Lucerne - immo!nvest - Die Plattform f\\u00fcr Standorte und Immobilien\",\"headline\":\"Rejet du cr\\u00e9dit d&rsquo;\\u00e9tude pour le th\\u00e9\\u00e2tre de Lucerne\",\"author\":{\"@id\":\"https:\\\/\\\/www.immo-invest.ch\\\/fr\\\/author\\\/immoinv_redakteur\\\/#author\"},\"publisher\":{\"@id\":\"https:\\\/\\\/www.immo-invest.ch\\\/fr\\\/#organization\"},\"image\":{\"@type\":\"ImageObject\",\"url\":\"https:\\\/\\\/www.immo-invest.ch\\\/wp-content\\\/uploads\\\/2025\\\/02\\\/041-fo-bild-6-1-e1740473418965.jpg\",\"width\":960,\"height\":800},\"datePublished\":\"2025-02-19T12:50:14+01:00\",\"dateModified\":\"2025-02-19T13:00:42+01:00\",\"inLanguage\":\"fr-FR\",\"mainEntityOfPage\":{\"@id\":\"https:\\\/\\\/www.immo-invest.ch\\\/fr\\\/projektierungskredit-fuer-luzerner-theater-abgelehnt\\\/#webpage\"},\"isPartOf\":{\"@id\":\"https:\\\/\\\/www.immo-invest.ch\\\/fr\\\/projektierungskredit-fuer-luzerner-theater-abgelehnt\\\/#webpage\"},\"articleSection\":\"Business, Industrie du b\\u00e2timent, Lucerne, Abstimmung, Bauprojekt, Immoinvest, immoNews, Kulturpolitik, Luzern, News, Theaterbau, Facultatif\"},{\"@type\":\"BreadcrumbList\",\"@id\":\"https:\\\/\\\/www.immo-invest.ch\\\/fr\\\/projektierungskredit-fuer-luzerner-theater-abgelehnt\\\/#breadcrumblist\",\"itemListElement\":[{\"@type\":\"ListItem\",\"@id\":\"https:\\\/\\\/www.immo-invest.ch\\\/fr\\\/#listItem\",\"position\":1,\"name\":\"Home\",\"item\":\"https:\\\/\\\/www.immo-invest.ch\\\/fr\\\/\",\"nextItem\":{\"@type\":\"ListItem\",\"@id\":\"https:\\\/\\\/www.immo-invest.ch\\\/fr\\\/categories\\\/regions\\\/#listItem\",\"name\":\"R\\u00e9gions\"}},{\"@type\":\"ListItem\",\"@id\":\"https:\\\/\\\/www.immo-invest.ch\\\/fr\\\/categories\\\/regions\\\/#listItem\",\"position\":2,\"name\":\"R\\u00e9gions\",\"item\":\"https:\\\/\\\/www.immo-invest.ch\\\/fr\\\/categories\\\/regions\\\/\",\"nextItem\":{\"@type\":\"ListItem\",\"@id\":\"https:\\\/\\\/www.immo-invest.ch\\\/fr\\\/categories\\\/regions\\\/suisse\\\/#listItem\",\"name\":\"Suisse\"},\"previousItem\":{\"@type\":\"ListItem\",\"@id\":\"https:\\\/\\\/www.immo-invest.ch\\\/fr\\\/#listItem\",\"name\":\"Home\"}},{\"@type\":\"ListItem\",\"@id\":\"https:\\\/\\\/www.immo-invest.ch\\\/fr\\\/categories\\\/regions\\\/suisse\\\/#listItem\",\"position\":3,\"name\":\"Suisse\",\"item\":\"https:\\\/\\\/www.immo-invest.ch\\\/fr\\\/categories\\\/regions\\\/suisse\\\/\",\"nextItem\":{\"@type\":\"ListItem\",\"@id\":\"https:\\\/\\\/www.immo-invest.ch\\\/fr\\\/categories\\\/regions\\\/suisse\\\/region-zentralschweiz\\\/#listItem\",\"name\":\"Zentralschweiz\"},\"previousItem\":{\"@type\":\"ListItem\",\"@id\":\"https:\\\/\\\/www.immo-invest.ch\\\/fr\\\/categories\\\/regions\\\/#listItem\",\"name\":\"R\\u00e9gions\"}},{\"@type\":\"ListItem\",\"@id\":\"https:\\\/\\\/www.immo-invest.ch\\\/fr\\\/categories\\\/regions\\\/suisse\\\/region-zentralschweiz\\\/#listItem\",\"position\":4,\"name\":\"Zentralschweiz\",\"item\":\"https:\\\/\\\/www.immo-invest.ch\\\/fr\\\/categories\\\/regions\\\/suisse\\\/region-zentralschweiz\\\/\",\"nextItem\":{\"@type\":\"ListItem\",\"@id\":\"https:\\\/\\\/www.immo-invest.ch\\\/fr\\\/categories\\\/regions\\\/suisse\\\/region-zentralschweiz\\\/region-lucerne\\\/#listItem\",\"name\":\"Lucerne\"},\"previousItem\":{\"@type\":\"ListItem\",\"@id\":\"https:\\\/\\\/www.immo-invest.ch\\\/fr\\\/categories\\\/regions\\\/suisse\\\/#listItem\",\"name\":\"Suisse\"}},{\"@type\":\"ListItem\",\"@id\":\"https:\\\/\\\/www.immo-invest.ch\\\/fr\\\/categories\\\/regions\\\/suisse\\\/region-zentralschweiz\\\/region-lucerne\\\/#listItem\",\"position\":5,\"name\":\"Lucerne\",\"item\":\"https:\\\/\\\/www.immo-invest.ch\\\/fr\\\/categories\\\/regions\\\/suisse\\\/region-zentralschweiz\\\/region-lucerne\\\/\",\"nextItem\":{\"@type\":\"ListItem\",\"@id\":\"https:\\\/\\\/www.immo-invest.ch\\\/fr\\\/projektierungskredit-fuer-luzerner-theater-abgelehnt\\\/#listItem\",\"name\":\"Rejet du cr\\u00e9dit d&rsquo;\\u00e9tude pour le th\\u00e9\\u00e2tre de Lucerne\"},\"previousItem\":{\"@type\":\"ListItem\",\"@id\":\"https:\\\/\\\/www.immo-invest.ch\\\/fr\\\/categories\\\/regions\\\/suisse\\\/region-zentralschweiz\\\/#listItem\",\"name\":\"Zentralschweiz\"}},{\"@type\":\"ListItem\",\"@id\":\"https:\\\/\\\/www.immo-invest.ch\\\/fr\\\/projektierungskredit-fuer-luzerner-theater-abgelehnt\\\/#listItem\",\"position\":6,\"name\":\"Rejet du cr\\u00e9dit d&rsquo;\\u00e9tude pour le th\\u00e9\\u00e2tre de Lucerne\",\"previousItem\":{\"@type\":\"ListItem\",\"@id\":\"https:\\\/\\\/www.immo-invest.ch\\\/fr\\\/categories\\\/regions\\\/suisse\\\/region-zentralschweiz\\\/region-lucerne\\\/#listItem\",\"name\":\"Lucerne\"}}]},{\"@type\":\"Organization\",\"@id\":\"https:\\\/\\\/www.immo-invest.ch\\\/fr\\\/#organization\",\"name\":\"immo!nvest - Die Plattform f\\u00fcr Standorte und Immobilien\",\"description\":\"Die\\u00a0Plattform f\\u00fcr Standorte und Immobilien\",\"url\":\"https:\\\/\\\/www.immo-invest.ch\\\/fr\\\/\",\"email\":\"admin@immomedia.ag\",\"telephone\":\"+41444420002\",\"logo\":{\"@type\":\"ImageObject\",\"url\":\"https:\\\/\\\/www.immo-invest.ch\\\/wp-content\\\/uploads\\\/2024\\\/09\\\/immoinvest_sm-scaled.jpg\",\"@id\":\"https:\\\/\\\/www.immo-invest.ch\\\/fr\\\/projektierungskredit-fuer-luzerner-theater-abgelehnt\\\/#organizationLogo\",\"width\":2560,\"height\":1340},\"image\":{\"@id\":\"https:\\\/\\\/www.immo-invest.ch\\\/fr\\\/projektierungskredit-fuer-luzerner-theater-abgelehnt\\\/#organizationLogo\"},\"sameAs\":[\"https:\\\/\\\/www.facebook.com\\\/people\\\/Immoinvest\\\/100077962920504\\\/\",\"https:\\\/\\\/x.com\\\/i\\\/flow\\\/login?redirect_after_login=immoinvest_ch\",\"https:\\\/\\\/www.instagram.com\\\/immoinvest_ch\\\/\",\"https:\\\/\\\/www.linkedin.com\\\/company\\\/immoinvest-swiss\"]},{\"@type\":\"Person\",\"@id\":\"https:\\\/\\\/www.immo-invest.ch\\\/fr\\\/author\\\/immoinv_redakteur\\\/#author\",\"url\":\"https:\\\/\\\/www.immo-invest.ch\\\/fr\\\/author\\\/immoinv_redakteur\\\/\",\"name\":\"immoinv_redakteur\",\"image\":{\"@type\":\"ImageObject\",\"@id\":\"https:\\\/\\\/www.immo-invest.ch\\\/fr\\\/projektierungskredit-fuer-luzerner-theater-abgelehnt\\\/#authorImage\",\"url\":\"https:\\\/\\\/secure.gravatar.com\\\/avatar\\\/c880e25d853edfb649661cf7cf8a7571fd0af3883a77197f45a3f15520d284a3?s=96&d=mm&r=g\",\"width\":96,\"height\":96,\"caption\":\"immoinv_redakteur\"}},{\"@type\":\"WebPage\",\"@id\":\"https:\\\/\\\/www.immo-invest.ch\\\/fr\\\/projektierungskredit-fuer-luzerner-theater-abgelehnt\\\/#webpage\",\"url\":\"https:\\\/\\\/www.immo-invest.ch\\\/fr\\\/projektierungskredit-fuer-luzerner-theater-abgelehnt\\\/\",\"name\":\"Rejet du cr\\u00e9dit d\\u2019\\u00e9tude pour le th\\u00e9\\u00e2tre de Lucerne - immo!nvest - Die Plattform f\\u00fcr Standorte und Immobilien\",\"description\":\"Les \\u00e9lecteurs de la ville de Lucerne ont rejet\\u00e9 \\u00e0 57,94% le cr\\u00e9dit d'\\u00e9tude de 13,8 millions de francs pour un nouveau th\\u00e9\\u00e2tre \\u00e0 Lucerne. Le processus de planification soigneusement pr\\u00e9par\\u00e9 trouve ainsi une fin abrupte. Le conseil municipal se dit d\\u00e9\\u00e7u et souhaite analyser les causes de ce rejet.\",\"inLanguage\":\"fr-FR\",\"isPartOf\":{\"@id\":\"https:\\\/\\\/www.immo-invest.ch\\\/fr\\\/#website\"},\"breadcrumb\":{\"@id\":\"https:\\\/\\\/www.immo-invest.ch\\\/fr\\\/projektierungskredit-fuer-luzerner-theater-abgelehnt\\\/#breadcrumblist\"},\"author\":{\"@id\":\"https:\\\/\\\/www.immo-invest.ch\\\/fr\\\/author\\\/immoinv_redakteur\\\/#author\"},\"creator\":{\"@id\":\"https:\\\/\\\/www.immo-invest.ch\\\/fr\\\/author\\\/immoinv_redakteur\\\/#author\"},\"image\":{\"@type\":\"ImageObject\",\"url\":\"https:\\\/\\\/www.immo-invest.ch\\\/wp-content\\\/uploads\\\/2025\\\/02\\\/041-fo-bild-6-1-e1740473418965.jpg\",\"@id\":\"https:\\\/\\\/www.immo-invest.ch\\\/fr\\\/projektierungskredit-fuer-luzerner-theater-abgelehnt\\\/#mainImage\",\"width\":960,\"height\":800},\"primaryImageOfPage\":{\"@id\":\"https:\\\/\\\/www.immo-invest.ch\\\/fr\\\/projektierungskredit-fuer-luzerner-theater-abgelehnt\\\/#mainImage\"},\"datePublished\":\"2025-02-19T12:50:14+01:00\",\"dateModified\":\"2025-02-19T13:00:42+01:00\"},{\"@type\":\"WebSite\",\"@id\":\"https:\\\/\\\/www.immo-invest.ch\\\/fr\\\/#website\",\"url\":\"https:\\\/\\\/www.immo-invest.ch\\\/fr\\\/\",\"name\":\"immo!nvest - Die Plattform f\\u00fcr Standorte und Immobilien\",\"description\":\"Die\\u00a0Plattform f\\u00fcr Standorte und Immobilien\",\"inLanguage\":\"fr-FR\",\"publisher\":{\"@id\":\"https:\\\/\\\/www.immo-invest.ch\\\/fr\\\/#organization\"}}]}\n\t\t<\/script>\n\t\t<!-- All in One SEO -->\n\n","aioseo_head_json":{"title":"Rejet du cr\u00e9dit d\u2019\u00e9tude pour le th\u00e9\u00e2tre de Lucerne - immo!nvest - Die Plattform f\u00fcr Standorte und Immobilien","description":"Les \u00e9lecteurs de la ville de Lucerne ont rejet\u00e9 \u00e0 57,94% le cr\u00e9dit d'\u00e9tude de 13,8 millions de francs pour un nouveau th\u00e9\u00e2tre \u00e0 Lucerne. Le processus de planification soigneusement pr\u00e9par\u00e9 trouve ainsi une fin abrupte. Le conseil municipal se dit d\u00e9\u00e7u et souhaite analyser les causes de ce rejet.","canonical_url":"https:\/\/www.immo-invest.ch\/fr\/projektierungskredit-fuer-luzerner-theater-abgelehnt\/","robots":"max-image-preview:large","keywords":"","webmasterTools":{"google-site-verification":"fHJKvgWpZCR2zVBHWfkQeFXC11qieUSff0HGNYfuyLA","miscellaneous":""},"schema":{"@context":"https:\/\/schema.org","@graph":[{"@type":"BlogPosting","@id":"https:\/\/www.immo-invest.ch\/fr\/projektierungskredit-fuer-luzerner-theater-abgelehnt\/#blogposting","name":"Rejet du cr\u00e9dit d\u2019\u00e9tude pour le th\u00e9\u00e2tre de Lucerne - immo!nvest - Die Plattform f\u00fcr Standorte und Immobilien","headline":"Rejet du cr\u00e9dit d&rsquo;\u00e9tude pour le th\u00e9\u00e2tre de Lucerne","author":{"@id":"https:\/\/www.immo-invest.ch\/fr\/author\/immoinv_redakteur\/#author"},"publisher":{"@id":"https:\/\/www.immo-invest.ch\/fr\/#organization"},"image":{"@type":"ImageObject","url":"https:\/\/www.immo-invest.ch\/wp-content\/uploads\/2025\/02\/041-fo-bild-6-1-e1740473418965.jpg","width":960,"height":800},"datePublished":"2025-02-19T12:50:14+01:00","dateModified":"2025-02-19T13:00:42+01:00","inLanguage":"fr-FR","mainEntityOfPage":{"@id":"https:\/\/www.immo-invest.ch\/fr\/projektierungskredit-fuer-luzerner-theater-abgelehnt\/#webpage"},"isPartOf":{"@id":"https:\/\/www.immo-invest.ch\/fr\/projektierungskredit-fuer-luzerner-theater-abgelehnt\/#webpage"},"articleSection":"Business, Industrie du b\u00e2timent, Lucerne, Abstimmung, Bauprojekt, Immoinvest, immoNews, Kulturpolitik, Luzern, News, Theaterbau, Facultatif"},{"@type":"BreadcrumbList","@id":"https:\/\/www.immo-invest.ch\/fr\/projektierungskredit-fuer-luzerner-theater-abgelehnt\/#breadcrumblist","itemListElement":[{"@type":"ListItem","@id":"https:\/\/www.immo-invest.ch\/fr\/#listItem","position":1,"name":"Home","item":"https:\/\/www.immo-invest.ch\/fr\/","nextItem":{"@type":"ListItem","@id":"https:\/\/www.immo-invest.ch\/fr\/categories\/regions\/#listItem","name":"R\u00e9gions"}},{"@type":"ListItem","@id":"https:\/\/www.immo-invest.ch\/fr\/categories\/regions\/#listItem","position":2,"name":"R\u00e9gions","item":"https:\/\/www.immo-invest.ch\/fr\/categories\/regions\/","nextItem":{"@type":"ListItem","@id":"https:\/\/www.immo-invest.ch\/fr\/categories\/regions\/suisse\/#listItem","name":"Suisse"},"previousItem":{"@type":"ListItem","@id":"https:\/\/www.immo-invest.ch\/fr\/#listItem","name":"Home"}},{"@type":"ListItem","@id":"https:\/\/www.immo-invest.ch\/fr\/categories\/regions\/suisse\/#listItem","position":3,"name":"Suisse","item":"https:\/\/www.immo-invest.ch\/fr\/categories\/regions\/suisse\/","nextItem":{"@type":"ListItem","@id":"https:\/\/www.immo-invest.ch\/fr\/categories\/regions\/suisse\/region-zentralschweiz\/#listItem","name":"Zentralschweiz"},"previousItem":{"@type":"ListItem","@id":"https:\/\/www.immo-invest.ch\/fr\/categories\/regions\/#listItem","name":"R\u00e9gions"}},{"@type":"ListItem","@id":"https:\/\/www.immo-invest.ch\/fr\/categories\/regions\/suisse\/region-zentralschweiz\/#listItem","position":4,"name":"Zentralschweiz","item":"https:\/\/www.immo-invest.ch\/fr\/categories\/regions\/suisse\/region-zentralschweiz\/","nextItem":{"@type":"ListItem","@id":"https:\/\/www.immo-invest.ch\/fr\/categories\/regions\/suisse\/region-zentralschweiz\/region-lucerne\/#listItem","name":"Lucerne"},"previousItem":{"@type":"ListItem","@id":"https:\/\/www.immo-invest.ch\/fr\/categories\/regions\/suisse\/#listItem","name":"Suisse"}},{"@type":"ListItem","@id":"https:\/\/www.immo-invest.ch\/fr\/categories\/regions\/suisse\/region-zentralschweiz\/region-lucerne\/#listItem","position":5,"name":"Lucerne","item":"https:\/\/www.immo-invest.ch\/fr\/categories\/regions\/suisse\/region-zentralschweiz\/region-lucerne\/","nextItem":{"@type":"ListItem","@id":"https:\/\/www.immo-invest.ch\/fr\/projektierungskredit-fuer-luzerner-theater-abgelehnt\/#listItem","name":"Rejet du cr\u00e9dit d&rsquo;\u00e9tude pour le th\u00e9\u00e2tre de Lucerne"},"previousItem":{"@type":"ListItem","@id":"https:\/\/www.immo-invest.ch\/fr\/categories\/regions\/suisse\/region-zentralschweiz\/#listItem","name":"Zentralschweiz"}},{"@type":"ListItem","@id":"https:\/\/www.immo-invest.ch\/fr\/projektierungskredit-fuer-luzerner-theater-abgelehnt\/#listItem","position":6,"name":"Rejet du cr\u00e9dit d&rsquo;\u00e9tude pour le th\u00e9\u00e2tre de Lucerne","previousItem":{"@type":"ListItem","@id":"https:\/\/www.immo-invest.ch\/fr\/categories\/regions\/suisse\/region-zentralschweiz\/region-lucerne\/#listItem","name":"Lucerne"}}]},{"@type":"Organization","@id":"https:\/\/www.immo-invest.ch\/fr\/#organization","name":"immo!nvest - Die Plattform f\u00fcr Standorte und Immobilien","description":"Die\u00a0Plattform f\u00fcr Standorte und Immobilien","url":"https:\/\/www.immo-invest.ch\/fr\/","email":"admin@immomedia.ag","telephone":"+41444420002","logo":{"@type":"ImageObject","url":"https:\/\/www.immo-invest.ch\/wp-content\/uploads\/2024\/09\/immoinvest_sm-scaled.jpg","@id":"https:\/\/www.immo-invest.ch\/fr\/projektierungskredit-fuer-luzerner-theater-abgelehnt\/#organizationLogo","width":2560,"height":1340},"image":{"@id":"https:\/\/www.immo-invest.ch\/fr\/projektierungskredit-fuer-luzerner-theater-abgelehnt\/#organizationLogo"},"sameAs":["https:\/\/www.facebook.com\/people\/Immoinvest\/100077962920504\/","https:\/\/x.com\/i\/flow\/login?redirect_after_login=immoinvest_ch","https:\/\/www.instagram.com\/immoinvest_ch\/","https:\/\/www.linkedin.com\/company\/immoinvest-swiss"]},{"@type":"Person","@id":"https:\/\/www.immo-invest.ch\/fr\/author\/immoinv_redakteur\/#author","url":"https:\/\/www.immo-invest.ch\/fr\/author\/immoinv_redakteur\/","name":"immoinv_redakteur","image":{"@type":"ImageObject","@id":"https:\/\/www.immo-invest.ch\/fr\/projektierungskredit-fuer-luzerner-theater-abgelehnt\/#authorImage","url":"https:\/\/secure.gravatar.com\/avatar\/c880e25d853edfb649661cf7cf8a7571fd0af3883a77197f45a3f15520d284a3?s=96&d=mm&r=g","width":96,"height":96,"caption":"immoinv_redakteur"}},{"@type":"WebPage","@id":"https:\/\/www.immo-invest.ch\/fr\/projektierungskredit-fuer-luzerner-theater-abgelehnt\/#webpage","url":"https:\/\/www.immo-invest.ch\/fr\/projektierungskredit-fuer-luzerner-theater-abgelehnt\/","name":"Rejet du cr\u00e9dit d\u2019\u00e9tude pour le th\u00e9\u00e2tre de Lucerne - immo!nvest - Die Plattform f\u00fcr Standorte und Immobilien","description":"Les \u00e9lecteurs de la ville de Lucerne ont rejet\u00e9 \u00e0 57,94% le cr\u00e9dit d'\u00e9tude de 13,8 millions de francs pour un nouveau th\u00e9\u00e2tre \u00e0 Lucerne. Le processus de planification soigneusement pr\u00e9par\u00e9 trouve ainsi une fin abrupte. Le conseil municipal se dit d\u00e9\u00e7u et souhaite analyser les causes de ce rejet.","inLanguage":"fr-FR","isPartOf":{"@id":"https:\/\/www.immo-invest.ch\/fr\/#website"},"breadcrumb":{"@id":"https:\/\/www.immo-invest.ch\/fr\/projektierungskredit-fuer-luzerner-theater-abgelehnt\/#breadcrumblist"},"author":{"@id":"https:\/\/www.immo-invest.ch\/fr\/author\/immoinv_redakteur\/#author"},"creator":{"@id":"https:\/\/www.immo-invest.ch\/fr\/author\/immoinv_redakteur\/#author"},"image":{"@type":"ImageObject","url":"https:\/\/www.immo-invest.ch\/wp-content\/uploads\/2025\/02\/041-fo-bild-6-1-e1740473418965.jpg","@id":"https:\/\/www.immo-invest.ch\/fr\/projektierungskredit-fuer-luzerner-theater-abgelehnt\/#mainImage","width":960,"height":800},"primaryImageOfPage":{"@id":"https:\/\/www.immo-invest.ch\/fr\/projektierungskredit-fuer-luzerner-theater-abgelehnt\/#mainImage"},"datePublished":"2025-02-19T12:50:14+01:00","dateModified":"2025-02-19T13:00:42+01:00"},{"@type":"WebSite","@id":"https:\/\/www.immo-invest.ch\/fr\/#website","url":"https:\/\/www.immo-invest.ch\/fr\/","name":"immo!nvest - Die Plattform f\u00fcr Standorte und Immobilien","description":"Die\u00a0Plattform f\u00fcr Standorte und Immobilien","inLanguage":"fr-FR","publisher":{"@id":"https:\/\/www.immo-invest.ch\/fr\/#organization"}}]},"og:locale":"fr_FR","og:site_name":"immo!nvest - Die Plattform f\u00fcr Standorte und Immobilien - Die\u00a0Plattform f\u00fcr Standorte und Immobilien","og:type":"article","og:title":"Rejet du cr\u00e9dit d\u2019\u00e9tude pour le th\u00e9\u00e2tre de Lucerne - immo!nvest - Die Plattform f\u00fcr Standorte und Immobilien","og:description":"Les \u00e9lecteurs de la ville de Lucerne ont rejet\u00e9 \u00e0 57,94% le cr\u00e9dit d'\u00e9tude de 13,8 millions de francs pour un nouveau th\u00e9\u00e2tre \u00e0 Lucerne. Le processus de planification soigneusement pr\u00e9par\u00e9 trouve ainsi une fin abrupte. Le conseil municipal se dit d\u00e9\u00e7u et souhaite analyser les causes de ce rejet.","og:url":"https:\/\/www.immo-invest.ch\/fr\/projektierungskredit-fuer-luzerner-theater-abgelehnt\/","og:image":"https:\/\/www.immo-invest.ch\/wp-content\/uploads\/2025\/02\/041-fo-bild-6-1-e1740473418965.jpg","og:image:secure_url":"https:\/\/www.immo-invest.ch\/wp-content\/uploads\/2025\/02\/041-fo-bild-6-1-e1740473418965.jpg","og:image:width":960,"og:image:height":800,"article:published_time":"2025-02-19T11:50:14+00:00","article:modified_time":"2025-02-19T12:00:42+00:00","article:publisher":"https:\/\/www.facebook.com\/people\/Immoinvest\/100077962920504\/","twitter:card":"summary_large_image","twitter:site":"@i","twitter:title":"Rejet du cr\u00e9dit d\u2019\u00e9tude pour le th\u00e9\u00e2tre de Lucerne - immo!nvest - Die Plattform f\u00fcr Standorte und Immobilien","twitter:description":"Les \u00e9lecteurs de la ville de Lucerne ont rejet\u00e9 \u00e0 57,94% le cr\u00e9dit d'\u00e9tude de 13,8 millions de francs pour un nouveau th\u00e9\u00e2tre \u00e0 Lucerne. Le processus de planification soigneusement pr\u00e9par\u00e9 trouve ainsi une fin abrupte. Le conseil municipal se dit d\u00e9\u00e7u et souhaite analyser les causes de ce rejet.","twitter:creator":"@i","twitter:image":"https:\/\/www.immo-invest.ch\/wp-content\/uploads\/2025\/02\/041-fo-bild-6-1-e1740473418965.jpg"},"aioseo_meta_data":{"post_id":"126782","title":null,"description":null,"keywords":null,"keyphrases":{"focus":{"keyphrase":"","score":0,"analysis":{"keyphraseInTitle":{"score":0,"maxScore":9,"error":1}}},"additional":[]},"primary_term":null,"canonical_url":null,"og_title":null,"og_description":null,"og_object_type":"default","og_image_type":"default","og_image_url":null,"og_image_width":null,"og_image_height":null,"og_image_custom_url":null,"og_image_custom_fields":null,"og_video":"","og_custom_url":null,"og_article_section":null,"og_article_tags":null,"twitter_use_og":false,"twitter_card":"default","twitter_image_type":"default","twitter_image_url":null,"twitter_image_custom_url":null,"twitter_image_custom_fields":null,"twitter_title":null,"twitter_description":null,"schema":{"blockGraphs":[],"customGraphs":[],"default":{"data":{"Article":[],"Course":[],"Dataset":[],"FAQPage":[],"Movie":[],"Person":[],"Product":[],"ProductReview":[],"Car":[],"Recipe":[],"Service":[],"SoftwareApplication":[],"WebPage":[]},"graphName":"BlogPosting","isEnabled":true},"graphs":[]},"schema_type":"default","schema_type_options":null,"pillar_content":false,"robots_default":true,"robots_noindex":false,"robots_noarchive":false,"robots_nosnippet":false,"robots_nofollow":false,"robots_noimageindex":false,"robots_noodp":false,"robots_notranslate":false,"robots_max_snippet":"-1","robots_max_videopreview":"-1","robots_max_imagepreview":"large","priority":null,"frequency":"default","local_seo":null,"breadcrumb_settings":null,"limit_modified_date":false,"ai":null,"created":"2025-02-19 11:59:06","updated":"2025-10-24 17:07:13","seo_analyzer_scan_date":null,"focus_keyword":null,"additional_keywords":null,"truseo_locale":null},"aioseo_breadcrumb":"<div class=\"aioseo-breadcrumbs\"><span class=\"aioseo-breadcrumb\">\n\t\t\t<a href=\"https:\/\/www.immo-invest.ch\/fr\/\" title=\"Home\">Home<\/a>\n\t\t<\/span><span class=\"aioseo-breadcrumb-separator\">&raquo;<\/span><span class=\"aioseo-breadcrumb\">\n\t\t\t<a href=\"https:\/\/www.immo-invest.ch\/fr\/categories\/regions\/\" title=\"R\u00e9gions\">R\u00e9gions<\/a>\n\t\t<\/span><span class=\"aioseo-breadcrumb-separator\">&raquo;<\/span><span class=\"aioseo-breadcrumb\">\n\t\t\t<a href=\"https:\/\/www.immo-invest.ch\/fr\/categories\/regions\/suisse\/\" title=\"Suisse\">Suisse<\/a>\n\t\t<\/span><span class=\"aioseo-breadcrumb-separator\">&raquo;<\/span><span class=\"aioseo-breadcrumb\">\n\t\t\t<a href=\"https:\/\/www.immo-invest.ch\/fr\/categories\/regions\/suisse\/region-zentralschweiz\/\" title=\"Zentralschweiz\">Zentralschweiz<\/a>\n\t\t<\/span><span class=\"aioseo-breadcrumb-separator\">&raquo;<\/span><span class=\"aioseo-breadcrumb\">\n\t\t\t<a href=\"https:\/\/www.immo-invest.ch\/fr\/categories\/regions\/suisse\/region-zentralschweiz\/region-lucerne\/\" title=\"Lucerne\">Lucerne<\/a>\n\t\t<\/span><span class=\"aioseo-breadcrumb-separator\">&raquo;<\/span><span class=\"aioseo-breadcrumb\">\n\t\t\tRejet du cr\u00e9dit d\u2019\u00e9tude pour le th\u00e9\u00e2tre de Lucerne\n\t\t<\/span><\/div>","aioseo_breadcrumb_json":[{"label":"Home","link":"https:\/\/www.immo-invest.ch\/fr\/"},{"label":"R\u00e9gions","link":"https:\/\/www.immo-invest.ch\/fr\/categories\/regions\/"},{"label":"Suisse","link":"https:\/\/www.immo-invest.ch\/fr\/categories\/regions\/suisse\/"},{"label":"Zentralschweiz","link":"https:\/\/www.immo-invest.ch\/fr\/categories\/regions\/suisse\/region-zentralschweiz\/"},{"label":"Lucerne","link":"https:\/\/www.immo-invest.ch\/fr\/categories\/regions\/suisse\/region-zentralschweiz\/region-lucerne\/"},{"label":"Rejet du cr\u00e9dit d&rsquo;\u00e9tude pour le th\u00e9\u00e2tre de Lucerne","link":"https:\/\/www.immo-invest.ch\/fr\/projektierungskredit-fuer-luzerner-theater-abgelehnt\/"}],"featured_image_src":"https:\/\/www.immo-invest.ch\/wp-content\/uploads\/2025\/02\/041-fo-bild-6-1-336x168.jpg","_links":{"self":[{"href":"https:\/\/www.immo-invest.ch\/fr\/wp-json\/wp\/v2\/posts\/126782","targetHints":{"allow":["GET"]}}],"collection":[{"href":"https:\/\/www.immo-invest.ch\/fr\/wp-json\/wp\/v2\/posts"}],"about":[{"href":"https:\/\/www.immo-invest.ch\/fr\/wp-json\/wp\/v2\/types\/post"}],"author":[{"embeddable":true,"href":"https:\/\/www.immo-invest.ch\/fr\/wp-json\/wp\/v2\/users\/57"}],"replies":[{"embeddable":true,"href":"https:\/\/www.immo-invest.ch\/fr\/wp-json\/wp\/v2\/comments?post=126782"}],"version-history":[{"count":0,"href":"https:\/\/www.immo-invest.ch\/fr\/wp-json\/wp\/v2\/posts\/126782\/revisions"}],"wp:featuredmedia":[{"embeddable":true,"href":"https:\/\/www.immo-invest.ch\/fr\/wp-json\/wp\/v2\/media\/127051"}],"wp:attachment":[{"href":"https:\/\/www.immo-invest.ch\/fr\/wp-json\/wp\/v2\/media?parent=126782"}],"wp:term":[{"taxonomy":"category","embeddable":true,"href":"https:\/\/www.immo-invest.ch\/fr\/wp-json\/wp\/v2\/categories?post=126782"},{"taxonomy":"post_tag","embeddable":true,"href":"https:\/\/www.immo-invest.ch\/fr\/wp-json\/wp\/v2\/tags?post=126782"}],"curies":[{"name":"wp","href":"https:\/\/api.w.org\/{rel}","templated":true}]}}