{"id":126492,"date":"2025-02-18T09:49:46","date_gmt":"2025-02-18T08:49:46","guid":{"rendered":"https:\/\/www.immo-invest.ch\/baselbieter-foerderung-bis-2030-soll-weitergehen\/"},"modified":"2025-02-18T11:34:48","modified_gmt":"2025-02-18T10:34:48","slug":"baselbieter-foerderung-bis-2030-soll-weitergehen","status":"publish","type":"post","link":"https:\/\/www.immo-invest.ch\/fr\/baselbieter-foerderung-bis-2030-soll-weitergehen\/","title":{"rendered":"La promotion de B\u00e2le-Campagne jusqu&rsquo;en 2030 doit se poursuivre"},"content":{"rendered":"<p class=\"wp-block-paragraph\">Le paquet &eacute;nerg&eacute;tique de B&acirc;le-Campagne s&rsquo;est r&eacute;v&eacute;l&eacute; &ecirc;tre un instrument efficace pour soutenir les r&eacute;novations &eacute;nerg&eacute;tiques et le d&eacute;veloppement des &eacute;nergies renouvelables. L&rsquo;autorisation de d&eacute;pense accord&eacute;e jusqu&rsquo;&agrave; pr&eacute;sent expire fin 2025. Le Conseil d&rsquo;Etat demande donc au Landrat de prolonger le programme pour les ann&eacute;es 2026 &agrave; 2030 avec un volume d&rsquo;aide de 51,25 millions de francs.<\/p>\n\n\n\n\n\n<p class=\"wp-block-paragraph\">L&rsquo;organisation future des mesures d&rsquo;encouragement s&rsquo;appuie sur le rapport de planification &eacute;nerg&eacute;tique 2022 et comprend, outre la poursuite de programmes &eacute;prouv&eacute;s, de nouvelles incitations. Il s&rsquo;agit notamment de l&rsquo;optimisation de l&rsquo;exploitation &eacute;nerg&eacute;tique des b&acirc;timents d&rsquo;habitation, des contributions d&rsquo;encouragement pour le remplacement 1:1 des anciens syst&egrave;mes de chauffage, de la r&eacute;g&eacute;n&eacute;ration des sondes g&eacute;othermiques, des bonus pour les r&eacute;novations combin&eacute;es des toits et des fa&ccedil;ades avec du photovolta&iuml;que ainsi que de la promotion de l&rsquo;infrastructure de recharge dans les b&acirc;timents &agrave; plusieurs logements. Les communes doivent &eacute;galement &ecirc;tre soutenues dans leur d&eacute;marche de certification en tant que Cit&eacute; de l&rsquo;&eacute;nergie.<\/p>\n\n\n\n\n\n<p class=\"wp-block-paragraph\"><strong>Impulsions positives pour l&rsquo;&eacute;conomie et la protection du climat<br><\/strong>Le paquet &eacute;nerg&eacute;tique a enregistr&eacute; une forte demande ces derni&egrave;res ann&eacute;es, notamment apr&egrave;s l&rsquo;ann&eacute;e record de 2022. Les mesures d&rsquo;encouragement donnent des impulsions &eacute;conomiques dont profitent surtout les petites et moyennes entreprises.<\/p>\n\n\n\n\n\n<p class=\"wp-block-paragraph\">Une comparaison intercantonale montre que le paquet &eacute;nerg&eacute;tique de B&acirc;le-Campagne a un impact sup&eacute;rieur &agrave; la moyenne et qu&rsquo;il apporte une contribution essentielle &agrave; la politique &eacute;nerg&eacute;tique et climatique du canton. A mi-parcours, le Conseil d&rsquo;Etat fera rapport au Landrat sur l&rsquo;utilisation des fonds et l&rsquo;impact CO&#8322; du programme.<\/p>\n\n\n\n\n\n<p class=\"wp-block-paragraph\">Avec la prolongation pr&eacute;vue, le paquet &eacute;nerg&eacute;tique de B&acirc;le-Campagne restera un instrument cl&eacute; pour la protection du climat et le d&eacute;veloppement durable dans le canton de B&acirc;le-Campagne.<\/p>\n\n","protected":false},"excerpt":{"rendered":"<p>Le Conseil d&rsquo;Etat du canton de B\u00e2le-Campagne pr\u00e9voit de prolonger jusqu&rsquo;en 2030 le paquet \u00e9nerg\u00e9tique de B\u00e2le-Campagne, qui conna\u00eet un grand succ\u00e8s. Avec une nouvelle autorisation de d\u00e9penses de 51,25 millions de francs, le programme de promotion des r\u00e9novations \u00e9nerg\u00e9tiques et des \u00e9nergies renouvelables doit \u00eatre poursuivi et d\u00e9velopp\u00e9. En plus des mesures qui ont fait leurs preuves, de nouvelles incitations cibl\u00e9es sont pr\u00e9vues pour renforcer encore la protection du climat et l&rsquo;\u00e9conomie r\u00e9gionale.<\/p>\n","protected":false},"author":2,"featured_media":126432,"comment_status":"open","ping_status":"open","sticky":false,"template":"","format":"standard","meta":{"pmpro_default_level":"","inline_featured_image":false,"_monsterinsights_skip_tracking":false,"footnotes":""},"categories":[9438,22699,8747,743],"tags":[1228,40239,52017,872,3931,1822,2002,4005],"class_list":["post-126492","post","type-post","status-publish","format-standard","has-post-thumbnail","hentry","category-region-bale","category-durabilite","category-energie","category-immonews-fr","tag-basel-landschaft-fr","tag-erneuerbare-energien-fr","tag-foerderprogramme-fr","tag-immoinvest-fr","tag-immonews-fr","tag-klimaschutz-fr","tag-news-fr","tag-sanierungen-fr","pmpro-has-access"],"acf":{"bild_mit_ki_erstellt_worden":[],"lead":"Le Conseil d'Etat du canton de B\u00e2le-Campagne pr\u00e9voit de prolonger jusqu'en 2030 le paquet \u00e9nerg\u00e9tique de B\u00e2le-Campagne, qui conna\u00eet un grand succ\u00e8s. Avec une nouvelle autorisation de d\u00e9penses de 51,25 millions de francs, le programme de promotion des r\u00e9novations \u00e9nerg\u00e9tiques et des \u00e9nergies renouvelables doit \u00eatre poursuivi et d\u00e9velopp\u00e9. En plus des mesures qui ont fait leurs preuves, de nouvelles incitations cibl\u00e9es sont pr\u00e9vues pour renforcer encore la protection du climat et l'\u00e9conomie r\u00e9gionale.","autor":"Quelle: Baselland","ort":"","bildunterschrift":"","bild_im_grid":false,"gallerie":"","newsim":""},"aioseo_notices":[],"aioseo_head":"\n\t\t<!-- All in One SEO 5.0.1.1 - aioseo.com -->\n\t<meta name=\"description\" content=\"Le Conseil d&#039;Etat du canton de B\u00e2le-Campagne pr\u00e9voit de prolonger jusqu&#039;en 2030 le paquet \u00e9nerg\u00e9tique de B\u00e2le-Campagne, qui conna\u00eet un grand succ\u00e8s. Avec une nouvelle autorisation de d\u00e9penses de 51,25 millions de francs, le programme de promotion des r\u00e9novations \u00e9nerg\u00e9tiques et des \u00e9nergies renouvelables doit \u00eatre poursuivi et d\u00e9velopp\u00e9. En plus des mesures qui ont fait leurs preuves, de nouvelles incitations cibl\u00e9es sont pr\u00e9vues pour renforcer encore la protection du climat et l&#039;\u00e9conomie r\u00e9gionale.\" \/>\n\t<meta name=\"robots\" content=\"max-image-preview:large\" \/>\n\t<meta name=\"author\" content=\"immovestuser\"\/>\n\t<meta name=\"google-site-verification\" content=\"fHJKvgWpZCR2zVBHWfkQeFXC11qieUSff0HGNYfuyLA\" \/>\n\t<link rel=\"canonical\" href=\"https:\/\/www.immo-invest.ch\/fr\/baselbieter-foerderung-bis-2030-soll-weitergehen\/\" \/>\n\t<meta name=\"generator\" content=\"All in One SEO (AIOSEO) 5.0.1.1\" \/>\n\t\t<meta property=\"og:locale\" content=\"fr_FR\" \/>\n\t\t<meta property=\"og:site_name\" content=\"immo!nvest - Die Plattform f\u00fcr Standorte und Immobilien - Die\u00a0Plattform f\u00fcr Standorte und Immobilien\" \/>\n\t\t<meta property=\"og:type\" content=\"article\" \/>\n\t\t<meta property=\"og:title\" content=\"La promotion de B\u00e2le-Campagne jusqu\u2019en 2030 doit se poursuivre - immo!nvest - Die Plattform f\u00fcr Standorte und Immobilien\" \/>\n\t\t<meta property=\"og:description\" content=\"Le Conseil d&#039;Etat du canton de B\u00e2le-Campagne pr\u00e9voit de prolonger jusqu&#039;en 2030 le paquet \u00e9nerg\u00e9tique de B\u00e2le-Campagne, qui conna\u00eet un grand succ\u00e8s. Avec une nouvelle autorisation de d\u00e9penses de 51,25 millions de francs, le programme de promotion des r\u00e9novations \u00e9nerg\u00e9tiques et des \u00e9nergies renouvelables doit \u00eatre poursuivi et d\u00e9velopp\u00e9. En plus des mesures qui ont fait leurs preuves, de nouvelles incitations cibl\u00e9es sont pr\u00e9vues pour renforcer encore la protection du climat et l&#039;\u00e9conomie r\u00e9gionale.\" \/>\n\t\t<meta property=\"og:url\" content=\"https:\/\/www.immo-invest.ch\/fr\/baselbieter-foerderung-bis-2030-soll-weitergehen\/\" \/>\n\t\t<meta property=\"og:image\" content=\"https:\/\/www.immo-invest.ch\/wp-content\/uploads\/2025\/02\/Basel_Hafenstadt-scaled-1.png\" \/>\n\t\t<meta property=\"og:image:secure_url\" content=\"https:\/\/www.immo-invest.ch\/wp-content\/uploads\/2025\/02\/Basel_Hafenstadt-scaled-1.png\" \/>\n\t\t<meta property=\"og:image:width\" content=\"2560\" \/>\n\t\t<meta property=\"og:image:height\" content=\"1280\" \/>\n\t\t<meta property=\"article:published_time\" content=\"2025-02-18T08:49:46+00:00\" \/>\n\t\t<meta property=\"article:modified_time\" content=\"2025-02-18T10:34:48+00:00\" \/>\n\t\t<meta property=\"article:publisher\" content=\"https:\/\/www.facebook.com\/people\/Immoinvest\/100077962920504\/\" \/>\n\t\t<meta name=\"twitter:card\" content=\"summary_large_image\" \/>\n\t\t<meta name=\"twitter:site\" content=\"@i\" \/>\n\t\t<meta name=\"twitter:title\" content=\"La promotion de B\u00e2le-Campagne jusqu\u2019en 2030 doit se poursuivre - immo!nvest - Die Plattform f\u00fcr Standorte und Immobilien\" \/>\n\t\t<meta name=\"twitter:description\" content=\"Le Conseil d&#039;Etat du canton de B\u00e2le-Campagne pr\u00e9voit de prolonger jusqu&#039;en 2030 le paquet \u00e9nerg\u00e9tique de B\u00e2le-Campagne, qui conna\u00eet un grand succ\u00e8s. Avec une nouvelle autorisation de d\u00e9penses de 51,25 millions de francs, le programme de promotion des r\u00e9novations \u00e9nerg\u00e9tiques et des \u00e9nergies renouvelables doit \u00eatre poursuivi et d\u00e9velopp\u00e9. En plus des mesures qui ont fait leurs preuves, de nouvelles incitations cibl\u00e9es sont pr\u00e9vues pour renforcer encore la protection du climat et l&#039;\u00e9conomie r\u00e9gionale.\" \/>\n\t\t<meta name=\"twitter:creator\" content=\"@i\" \/>\n\t\t<meta name=\"twitter:image\" content=\"https:\/\/www.immo-invest.ch\/wp-content\/uploads\/2025\/02\/Basel_Hafenstadt-scaled-1.png\" \/>\n\t\t<script type=\"application\/ld+json\" class=\"aioseo-schema\">\n\t\t\t{\"@context\":\"https:\\\/\\\/schema.org\",\"@graph\":[{\"@type\":\"BlogPosting\",\"@id\":\"https:\\\/\\\/www.immo-invest.ch\\\/fr\\\/baselbieter-foerderung-bis-2030-soll-weitergehen\\\/#blogposting\",\"name\":\"La promotion de B\\u00e2le-Campagne jusqu\\u2019en 2030 doit se poursuivre - immo!nvest - Die Plattform f\\u00fcr Standorte und Immobilien\",\"headline\":\"La promotion de B\\u00e2le-Campagne jusqu&rsquo;en 2030 doit se poursuivre\",\"author\":{\"@id\":\"https:\\\/\\\/www.immo-invest.ch\\\/fr\\\/author\\\/immovestuser\\\/#author\"},\"publisher\":{\"@id\":\"https:\\\/\\\/www.immo-invest.ch\\\/fr\\\/#organization\"},\"image\":{\"@type\":\"ImageObject\",\"url\":\"https:\\\/\\\/www.immo-invest.ch\\\/wp-content\\\/uploads\\\/2025\\\/02\\\/Basel_Hafenstadt-scaled-1.png\",\"width\":2560,\"height\":1280},\"datePublished\":\"2025-02-18T09:49:46+01:00\",\"dateModified\":\"2025-02-18T11:34:48+01:00\",\"inLanguage\":\"fr-FR\",\"mainEntityOfPage\":{\"@id\":\"https:\\\/\\\/www.immo-invest.ch\\\/fr\\\/baselbieter-foerderung-bis-2030-soll-weitergehen\\\/#webpage\"},\"isPartOf\":{\"@id\":\"https:\\\/\\\/www.immo-invest.ch\\\/fr\\\/baselbieter-foerderung-bis-2030-soll-weitergehen\\\/#webpage\"},\"articleSection\":\"B\\u00e2le, Durabilit\\u00e9, \\u00c9nergie, immoNews, Basel-Landschaft, Erneuerbare Energien, F\\u00f6rderprogramme, Immoinvest, immoNews, klimaschutz, News, Sanierungen, Facultatif\"},{\"@type\":\"BreadcrumbList\",\"@id\":\"https:\\\/\\\/www.immo-invest.ch\\\/fr\\\/baselbieter-foerderung-bis-2030-soll-weitergehen\\\/#breadcrumblist\",\"itemListElement\":[{\"@type\":\"ListItem\",\"@id\":\"https:\\\/\\\/www.immo-invest.ch\\\/fr\\\/#listItem\",\"position\":1,\"name\":\"Home\",\"item\":\"https:\\\/\\\/www.immo-invest.ch\\\/fr\\\/\",\"nextItem\":{\"@type\":\"ListItem\",\"@id\":\"https:\\\/\\\/www.immo-invest.ch\\\/fr\\\/categories\\\/regions\\\/#listItem\",\"name\":\"R\\u00e9gions\"}},{\"@type\":\"ListItem\",\"@id\":\"https:\\\/\\\/www.immo-invest.ch\\\/fr\\\/categories\\\/regions\\\/#listItem\",\"position\":2,\"name\":\"R\\u00e9gions\",\"item\":\"https:\\\/\\\/www.immo-invest.ch\\\/fr\\\/categories\\\/regions\\\/\",\"nextItem\":{\"@type\":\"ListItem\",\"@id\":\"https:\\\/\\\/www.immo-invest.ch\\\/fr\\\/categories\\\/regions\\\/suisse\\\/#listItem\",\"name\":\"Suisse\"},\"previousItem\":{\"@type\":\"ListItem\",\"@id\":\"https:\\\/\\\/www.immo-invest.ch\\\/fr\\\/#listItem\",\"name\":\"Home\"}},{\"@type\":\"ListItem\",\"@id\":\"https:\\\/\\\/www.immo-invest.ch\\\/fr\\\/categories\\\/regions\\\/suisse\\\/#listItem\",\"position\":3,\"name\":\"Suisse\",\"item\":\"https:\\\/\\\/www.immo-invest.ch\\\/fr\\\/categories\\\/regions\\\/suisse\\\/\",\"nextItem\":{\"@type\":\"ListItem\",\"@id\":\"https:\\\/\\\/www.immo-invest.ch\\\/fr\\\/categories\\\/regions\\\/suisse\\\/suisse-du-nord-ouest\\\/#listItem\",\"name\":\"Suisse du Nord-Ouest\"},\"previousItem\":{\"@type\":\"ListItem\",\"@id\":\"https:\\\/\\\/www.immo-invest.ch\\\/fr\\\/categories\\\/regions\\\/#listItem\",\"name\":\"R\\u00e9gions\"}},{\"@type\":\"ListItem\",\"@id\":\"https:\\\/\\\/www.immo-invest.ch\\\/fr\\\/categories\\\/regions\\\/suisse\\\/suisse-du-nord-ouest\\\/#listItem\",\"position\":4,\"name\":\"Suisse du Nord-Ouest\",\"item\":\"https:\\\/\\\/www.immo-invest.ch\\\/fr\\\/categories\\\/regions\\\/suisse\\\/suisse-du-nord-ouest\\\/\",\"nextItem\":{\"@type\":\"ListItem\",\"@id\":\"https:\\\/\\\/www.immo-invest.ch\\\/fr\\\/categories\\\/regions\\\/suisse\\\/suisse-du-nord-ouest\\\/region-bale\\\/#listItem\",\"name\":\"B\\u00e2le\"},\"previousItem\":{\"@type\":\"ListItem\",\"@id\":\"https:\\\/\\\/www.immo-invest.ch\\\/fr\\\/categories\\\/regions\\\/suisse\\\/#listItem\",\"name\":\"Suisse\"}},{\"@type\":\"ListItem\",\"@id\":\"https:\\\/\\\/www.immo-invest.ch\\\/fr\\\/categories\\\/regions\\\/suisse\\\/suisse-du-nord-ouest\\\/region-bale\\\/#listItem\",\"position\":5,\"name\":\"B\\u00e2le\",\"item\":\"https:\\\/\\\/www.immo-invest.ch\\\/fr\\\/categories\\\/regions\\\/suisse\\\/suisse-du-nord-ouest\\\/region-bale\\\/\",\"nextItem\":{\"@type\":\"ListItem\",\"@id\":\"https:\\\/\\\/www.immo-invest.ch\\\/fr\\\/baselbieter-foerderung-bis-2030-soll-weitergehen\\\/#listItem\",\"name\":\"La promotion de B\\u00e2le-Campagne jusqu&rsquo;en 2030 doit se poursuivre\"},\"previousItem\":{\"@type\":\"ListItem\",\"@id\":\"https:\\\/\\\/www.immo-invest.ch\\\/fr\\\/categories\\\/regions\\\/suisse\\\/suisse-du-nord-ouest\\\/#listItem\",\"name\":\"Suisse du Nord-Ouest\"}},{\"@type\":\"ListItem\",\"@id\":\"https:\\\/\\\/www.immo-invest.ch\\\/fr\\\/baselbieter-foerderung-bis-2030-soll-weitergehen\\\/#listItem\",\"position\":6,\"name\":\"La promotion de B\\u00e2le-Campagne jusqu&rsquo;en 2030 doit se poursuivre\",\"previousItem\":{\"@type\":\"ListItem\",\"@id\":\"https:\\\/\\\/www.immo-invest.ch\\\/fr\\\/categories\\\/regions\\\/suisse\\\/suisse-du-nord-ouest\\\/region-bale\\\/#listItem\",\"name\":\"B\\u00e2le\"}}]},{\"@type\":\"Organization\",\"@id\":\"https:\\\/\\\/www.immo-invest.ch\\\/fr\\\/#organization\",\"name\":\"immo!nvest - Die Plattform f\\u00fcr Standorte und Immobilien\",\"description\":\"Die\\u00a0Plattform f\\u00fcr Standorte und Immobilien\",\"url\":\"https:\\\/\\\/www.immo-invest.ch\\\/fr\\\/\",\"email\":\"admin@immomedia.ag\",\"telephone\":\"+41444420002\",\"logo\":{\"@type\":\"ImageObject\",\"url\":\"https:\\\/\\\/www.immo-invest.ch\\\/wp-content\\\/uploads\\\/2024\\\/09\\\/immoinvest_sm-scaled.jpg\",\"@id\":\"https:\\\/\\\/www.immo-invest.ch\\\/fr\\\/baselbieter-foerderung-bis-2030-soll-weitergehen\\\/#organizationLogo\",\"width\":2560,\"height\":1340},\"image\":{\"@id\":\"https:\\\/\\\/www.immo-invest.ch\\\/fr\\\/baselbieter-foerderung-bis-2030-soll-weitergehen\\\/#organizationLogo\"},\"sameAs\":[\"https:\\\/\\\/www.facebook.com\\\/people\\\/Immoinvest\\\/100077962920504\\\/\",\"https:\\\/\\\/x.com\\\/i\\\/flow\\\/login?redirect_after_login=immoinvest_ch\",\"https:\\\/\\\/www.instagram.com\\\/immoinvest_ch\\\/\",\"https:\\\/\\\/www.linkedin.com\\\/company\\\/immoinvest-swiss\"]},{\"@type\":\"Person\",\"@id\":\"https:\\\/\\\/www.immo-invest.ch\\\/fr\\\/author\\\/immovestuser\\\/#author\",\"url\":\"https:\\\/\\\/www.immo-invest.ch\\\/fr\\\/author\\\/immovestuser\\\/\",\"name\":\"immovestuser\",\"image\":{\"@type\":\"ImageObject\",\"@id\":\"https:\\\/\\\/www.immo-invest.ch\\\/fr\\\/baselbieter-foerderung-bis-2030-soll-weitergehen\\\/#authorImage\",\"url\":\"https:\\\/\\\/secure.gravatar.com\\\/avatar\\\/8e01f4d99f2eeea7a362ebb93305e1172a70e9293ba250f897a65c39f54cdd1e?s=96&d=mm&r=g\",\"width\":96,\"height\":96,\"caption\":\"immovestuser\"}},{\"@type\":\"WebPage\",\"@id\":\"https:\\\/\\\/www.immo-invest.ch\\\/fr\\\/baselbieter-foerderung-bis-2030-soll-weitergehen\\\/#webpage\",\"url\":\"https:\\\/\\\/www.immo-invest.ch\\\/fr\\\/baselbieter-foerderung-bis-2030-soll-weitergehen\\\/\",\"name\":\"La promotion de B\\u00e2le-Campagne jusqu\\u2019en 2030 doit se poursuivre - immo!nvest - Die Plattform f\\u00fcr Standorte und Immobilien\",\"description\":\"Le Conseil d'Etat du canton de B\\u00e2le-Campagne pr\\u00e9voit de prolonger jusqu'en 2030 le paquet \\u00e9nerg\\u00e9tique de B\\u00e2le-Campagne, qui conna\\u00eet un grand succ\\u00e8s. Avec une nouvelle autorisation de d\\u00e9penses de 51,25 millions de francs, le programme de promotion des r\\u00e9novations \\u00e9nerg\\u00e9tiques et des \\u00e9nergies renouvelables doit \\u00eatre poursuivi et d\\u00e9velopp\\u00e9. En plus des mesures qui ont fait leurs preuves, de nouvelles incitations cibl\\u00e9es sont pr\\u00e9vues pour renforcer encore la protection du climat et l'\\u00e9conomie r\\u00e9gionale.\",\"inLanguage\":\"fr-FR\",\"isPartOf\":{\"@id\":\"https:\\\/\\\/www.immo-invest.ch\\\/fr\\\/#website\"},\"breadcrumb\":{\"@id\":\"https:\\\/\\\/www.immo-invest.ch\\\/fr\\\/baselbieter-foerderung-bis-2030-soll-weitergehen\\\/#breadcrumblist\"},\"author\":{\"@id\":\"https:\\\/\\\/www.immo-invest.ch\\\/fr\\\/author\\\/immovestuser\\\/#author\"},\"creator\":{\"@id\":\"https:\\\/\\\/www.immo-invest.ch\\\/fr\\\/author\\\/immovestuser\\\/#author\"},\"image\":{\"@type\":\"ImageObject\",\"url\":\"https:\\\/\\\/www.immo-invest.ch\\\/wp-content\\\/uploads\\\/2025\\\/02\\\/Basel_Hafenstadt-scaled-1.png\",\"@id\":\"https:\\\/\\\/www.immo-invest.ch\\\/fr\\\/baselbieter-foerderung-bis-2030-soll-weitergehen\\\/#mainImage\",\"width\":2560,\"height\":1280},\"primaryImageOfPage\":{\"@id\":\"https:\\\/\\\/www.immo-invest.ch\\\/fr\\\/baselbieter-foerderung-bis-2030-soll-weitergehen\\\/#mainImage\"},\"datePublished\":\"2025-02-18T09:49:46+01:00\",\"dateModified\":\"2025-02-18T11:34:48+01:00\"},{\"@type\":\"WebSite\",\"@id\":\"https:\\\/\\\/www.immo-invest.ch\\\/fr\\\/#website\",\"url\":\"https:\\\/\\\/www.immo-invest.ch\\\/fr\\\/\",\"name\":\"immo!nvest - Die Plattform f\\u00fcr Standorte und Immobilien\",\"description\":\"Die\\u00a0Plattform f\\u00fcr Standorte und Immobilien\",\"inLanguage\":\"fr-FR\",\"publisher\":{\"@id\":\"https:\\\/\\\/www.immo-invest.ch\\\/fr\\\/#organization\"}}]}\n\t\t<\/script>\n\t\t<!-- All in One SEO -->\n\n","aioseo_head_json":{"title":"La promotion de B\u00e2le-Campagne jusqu\u2019en 2030 doit se poursuivre - immo!nvest - Die Plattform f\u00fcr Standorte und Immobilien","description":"Le Conseil d'Etat du canton de B\u00e2le-Campagne pr\u00e9voit de prolonger jusqu'en 2030 le paquet \u00e9nerg\u00e9tique de B\u00e2le-Campagne, qui conna\u00eet un grand succ\u00e8s. Avec une nouvelle autorisation de d\u00e9penses de 51,25 millions de francs, le programme de promotion des r\u00e9novations \u00e9nerg\u00e9tiques et des \u00e9nergies renouvelables doit \u00eatre poursuivi et d\u00e9velopp\u00e9. En plus des mesures qui ont fait leurs preuves, de nouvelles incitations cibl\u00e9es sont pr\u00e9vues pour renforcer encore la protection du climat et l'\u00e9conomie r\u00e9gionale.","canonical_url":"https:\/\/www.immo-invest.ch\/fr\/baselbieter-foerderung-bis-2030-soll-weitergehen\/","robots":"max-image-preview:large","keywords":"","webmasterTools":{"google-site-verification":"fHJKvgWpZCR2zVBHWfkQeFXC11qieUSff0HGNYfuyLA","miscellaneous":""},"schema":{"@context":"https:\/\/schema.org","@graph":[{"@type":"BlogPosting","@id":"https:\/\/www.immo-invest.ch\/fr\/baselbieter-foerderung-bis-2030-soll-weitergehen\/#blogposting","name":"La promotion de B\u00e2le-Campagne jusqu\u2019en 2030 doit se poursuivre - immo!nvest - Die Plattform f\u00fcr Standorte und Immobilien","headline":"La promotion de B\u00e2le-Campagne jusqu&rsquo;en 2030 doit se poursuivre","author":{"@id":"https:\/\/www.immo-invest.ch\/fr\/author\/immovestuser\/#author"},"publisher":{"@id":"https:\/\/www.immo-invest.ch\/fr\/#organization"},"image":{"@type":"ImageObject","url":"https:\/\/www.immo-invest.ch\/wp-content\/uploads\/2025\/02\/Basel_Hafenstadt-scaled-1.png","width":2560,"height":1280},"datePublished":"2025-02-18T09:49:46+01:00","dateModified":"2025-02-18T11:34:48+01:00","inLanguage":"fr-FR","mainEntityOfPage":{"@id":"https:\/\/www.immo-invest.ch\/fr\/baselbieter-foerderung-bis-2030-soll-weitergehen\/#webpage"},"isPartOf":{"@id":"https:\/\/www.immo-invest.ch\/fr\/baselbieter-foerderung-bis-2030-soll-weitergehen\/#webpage"},"articleSection":"B\u00e2le, Durabilit\u00e9, \u00c9nergie, immoNews, Basel-Landschaft, Erneuerbare Energien, F\u00f6rderprogramme, Immoinvest, immoNews, klimaschutz, News, Sanierungen, Facultatif"},{"@type":"BreadcrumbList","@id":"https:\/\/www.immo-invest.ch\/fr\/baselbieter-foerderung-bis-2030-soll-weitergehen\/#breadcrumblist","itemListElement":[{"@type":"ListItem","@id":"https:\/\/www.immo-invest.ch\/fr\/#listItem","position":1,"name":"Home","item":"https:\/\/www.immo-invest.ch\/fr\/","nextItem":{"@type":"ListItem","@id":"https:\/\/www.immo-invest.ch\/fr\/categories\/regions\/#listItem","name":"R\u00e9gions"}},{"@type":"ListItem","@id":"https:\/\/www.immo-invest.ch\/fr\/categories\/regions\/#listItem","position":2,"name":"R\u00e9gions","item":"https:\/\/www.immo-invest.ch\/fr\/categories\/regions\/","nextItem":{"@type":"ListItem","@id":"https:\/\/www.immo-invest.ch\/fr\/categories\/regions\/suisse\/#listItem","name":"Suisse"},"previousItem":{"@type":"ListItem","@id":"https:\/\/www.immo-invest.ch\/fr\/#listItem","name":"Home"}},{"@type":"ListItem","@id":"https:\/\/www.immo-invest.ch\/fr\/categories\/regions\/suisse\/#listItem","position":3,"name":"Suisse","item":"https:\/\/www.immo-invest.ch\/fr\/categories\/regions\/suisse\/","nextItem":{"@type":"ListItem","@id":"https:\/\/www.immo-invest.ch\/fr\/categories\/regions\/suisse\/suisse-du-nord-ouest\/#listItem","name":"Suisse du Nord-Ouest"},"previousItem":{"@type":"ListItem","@id":"https:\/\/www.immo-invest.ch\/fr\/categories\/regions\/#listItem","name":"R\u00e9gions"}},{"@type":"ListItem","@id":"https:\/\/www.immo-invest.ch\/fr\/categories\/regions\/suisse\/suisse-du-nord-ouest\/#listItem","position":4,"name":"Suisse du Nord-Ouest","item":"https:\/\/www.immo-invest.ch\/fr\/categories\/regions\/suisse\/suisse-du-nord-ouest\/","nextItem":{"@type":"ListItem","@id":"https:\/\/www.immo-invest.ch\/fr\/categories\/regions\/suisse\/suisse-du-nord-ouest\/region-bale\/#listItem","name":"B\u00e2le"},"previousItem":{"@type":"ListItem","@id":"https:\/\/www.immo-invest.ch\/fr\/categories\/regions\/suisse\/#listItem","name":"Suisse"}},{"@type":"ListItem","@id":"https:\/\/www.immo-invest.ch\/fr\/categories\/regions\/suisse\/suisse-du-nord-ouest\/region-bale\/#listItem","position":5,"name":"B\u00e2le","item":"https:\/\/www.immo-invest.ch\/fr\/categories\/regions\/suisse\/suisse-du-nord-ouest\/region-bale\/","nextItem":{"@type":"ListItem","@id":"https:\/\/www.immo-invest.ch\/fr\/baselbieter-foerderung-bis-2030-soll-weitergehen\/#listItem","name":"La promotion de B\u00e2le-Campagne jusqu&rsquo;en 2030 doit se poursuivre"},"previousItem":{"@type":"ListItem","@id":"https:\/\/www.immo-invest.ch\/fr\/categories\/regions\/suisse\/suisse-du-nord-ouest\/#listItem","name":"Suisse du Nord-Ouest"}},{"@type":"ListItem","@id":"https:\/\/www.immo-invest.ch\/fr\/baselbieter-foerderung-bis-2030-soll-weitergehen\/#listItem","position":6,"name":"La promotion de B\u00e2le-Campagne jusqu&rsquo;en 2030 doit se poursuivre","previousItem":{"@type":"ListItem","@id":"https:\/\/www.immo-invest.ch\/fr\/categories\/regions\/suisse\/suisse-du-nord-ouest\/region-bale\/#listItem","name":"B\u00e2le"}}]},{"@type":"Organization","@id":"https:\/\/www.immo-invest.ch\/fr\/#organization","name":"immo!nvest - Die Plattform f\u00fcr Standorte und Immobilien","description":"Die\u00a0Plattform f\u00fcr Standorte und Immobilien","url":"https:\/\/www.immo-invest.ch\/fr\/","email":"admin@immomedia.ag","telephone":"+41444420002","logo":{"@type":"ImageObject","url":"https:\/\/www.immo-invest.ch\/wp-content\/uploads\/2024\/09\/immoinvest_sm-scaled.jpg","@id":"https:\/\/www.immo-invest.ch\/fr\/baselbieter-foerderung-bis-2030-soll-weitergehen\/#organizationLogo","width":2560,"height":1340},"image":{"@id":"https:\/\/www.immo-invest.ch\/fr\/baselbieter-foerderung-bis-2030-soll-weitergehen\/#organizationLogo"},"sameAs":["https:\/\/www.facebook.com\/people\/Immoinvest\/100077962920504\/","https:\/\/x.com\/i\/flow\/login?redirect_after_login=immoinvest_ch","https:\/\/www.instagram.com\/immoinvest_ch\/","https:\/\/www.linkedin.com\/company\/immoinvest-swiss"]},{"@type":"Person","@id":"https:\/\/www.immo-invest.ch\/fr\/author\/immovestuser\/#author","url":"https:\/\/www.immo-invest.ch\/fr\/author\/immovestuser\/","name":"immovestuser","image":{"@type":"ImageObject","@id":"https:\/\/www.immo-invest.ch\/fr\/baselbieter-foerderung-bis-2030-soll-weitergehen\/#authorImage","url":"https:\/\/secure.gravatar.com\/avatar\/8e01f4d99f2eeea7a362ebb93305e1172a70e9293ba250f897a65c39f54cdd1e?s=96&d=mm&r=g","width":96,"height":96,"caption":"immovestuser"}},{"@type":"WebPage","@id":"https:\/\/www.immo-invest.ch\/fr\/baselbieter-foerderung-bis-2030-soll-weitergehen\/#webpage","url":"https:\/\/www.immo-invest.ch\/fr\/baselbieter-foerderung-bis-2030-soll-weitergehen\/","name":"La promotion de B\u00e2le-Campagne jusqu\u2019en 2030 doit se poursuivre - immo!nvest - Die Plattform f\u00fcr Standorte und Immobilien","description":"Le Conseil d'Etat du canton de B\u00e2le-Campagne pr\u00e9voit de prolonger jusqu'en 2030 le paquet \u00e9nerg\u00e9tique de B\u00e2le-Campagne, qui conna\u00eet un grand succ\u00e8s. Avec une nouvelle autorisation de d\u00e9penses de 51,25 millions de francs, le programme de promotion des r\u00e9novations \u00e9nerg\u00e9tiques et des \u00e9nergies renouvelables doit \u00eatre poursuivi et d\u00e9velopp\u00e9. En plus des mesures qui ont fait leurs preuves, de nouvelles incitations cibl\u00e9es sont pr\u00e9vues pour renforcer encore la protection du climat et l'\u00e9conomie r\u00e9gionale.","inLanguage":"fr-FR","isPartOf":{"@id":"https:\/\/www.immo-invest.ch\/fr\/#website"},"breadcrumb":{"@id":"https:\/\/www.immo-invest.ch\/fr\/baselbieter-foerderung-bis-2030-soll-weitergehen\/#breadcrumblist"},"author":{"@id":"https:\/\/www.immo-invest.ch\/fr\/author\/immovestuser\/#author"},"creator":{"@id":"https:\/\/www.immo-invest.ch\/fr\/author\/immovestuser\/#author"},"image":{"@type":"ImageObject","url":"https:\/\/www.immo-invest.ch\/wp-content\/uploads\/2025\/02\/Basel_Hafenstadt-scaled-1.png","@id":"https:\/\/www.immo-invest.ch\/fr\/baselbieter-foerderung-bis-2030-soll-weitergehen\/#mainImage","width":2560,"height":1280},"primaryImageOfPage":{"@id":"https:\/\/www.immo-invest.ch\/fr\/baselbieter-foerderung-bis-2030-soll-weitergehen\/#mainImage"},"datePublished":"2025-02-18T09:49:46+01:00","dateModified":"2025-02-18T11:34:48+01:00"},{"@type":"WebSite","@id":"https:\/\/www.immo-invest.ch\/fr\/#website","url":"https:\/\/www.immo-invest.ch\/fr\/","name":"immo!nvest - Die Plattform f\u00fcr Standorte und Immobilien","description":"Die\u00a0Plattform f\u00fcr Standorte und Immobilien","inLanguage":"fr-FR","publisher":{"@id":"https:\/\/www.immo-invest.ch\/fr\/#organization"}}]},"og:locale":"fr_FR","og:site_name":"immo!nvest - Die Plattform f\u00fcr Standorte und Immobilien - Die\u00a0Plattform f\u00fcr Standorte und Immobilien","og:type":"article","og:title":"La promotion de B\u00e2le-Campagne jusqu\u2019en 2030 doit se poursuivre - immo!nvest - Die Plattform f\u00fcr Standorte und Immobilien","og:description":"Le Conseil d'Etat du canton de B\u00e2le-Campagne pr\u00e9voit de prolonger jusqu'en 2030 le paquet \u00e9nerg\u00e9tique de B\u00e2le-Campagne, qui conna\u00eet un grand succ\u00e8s. Avec une nouvelle autorisation de d\u00e9penses de 51,25 millions de francs, le programme de promotion des r\u00e9novations \u00e9nerg\u00e9tiques et des \u00e9nergies renouvelables doit \u00eatre poursuivi et d\u00e9velopp\u00e9. En plus des mesures qui ont fait leurs preuves, de nouvelles incitations cibl\u00e9es sont pr\u00e9vues pour renforcer encore la protection du climat et l'\u00e9conomie r\u00e9gionale.","og:url":"https:\/\/www.immo-invest.ch\/fr\/baselbieter-foerderung-bis-2030-soll-weitergehen\/","og:image":"https:\/\/www.immo-invest.ch\/wp-content\/uploads\/2025\/02\/Basel_Hafenstadt-scaled-1.png","og:image:secure_url":"https:\/\/www.immo-invest.ch\/wp-content\/uploads\/2025\/02\/Basel_Hafenstadt-scaled-1.png","og:image:width":2560,"og:image:height":1280,"article:published_time":"2025-02-18T08:49:46+00:00","article:modified_time":"2025-02-18T10:34:48+00:00","article:publisher":"https:\/\/www.facebook.com\/people\/Immoinvest\/100077962920504\/","twitter:card":"summary_large_image","twitter:site":"@i","twitter:title":"La promotion de B\u00e2le-Campagne jusqu\u2019en 2030 doit se poursuivre - immo!nvest - Die Plattform f\u00fcr Standorte und Immobilien","twitter:description":"Le Conseil d'Etat du canton de B\u00e2le-Campagne pr\u00e9voit de prolonger jusqu'en 2030 le paquet \u00e9nerg\u00e9tique de B\u00e2le-Campagne, qui conna\u00eet un grand succ\u00e8s. Avec une nouvelle autorisation de d\u00e9penses de 51,25 millions de francs, le programme de promotion des r\u00e9novations \u00e9nerg\u00e9tiques et des \u00e9nergies renouvelables doit \u00eatre poursuivi et d\u00e9velopp\u00e9. En plus des mesures qui ont fait leurs preuves, de nouvelles incitations cibl\u00e9es sont pr\u00e9vues pour renforcer encore la protection du climat et l'\u00e9conomie r\u00e9gionale.","twitter:creator":"@i","twitter:image":"https:\/\/www.immo-invest.ch\/wp-content\/uploads\/2025\/02\/Basel_Hafenstadt-scaled-1.png"},"aioseo_meta_data":{"post_id":"126492","title":null,"description":null,"keywords":null,"keyphrases":{"focus":{"keyphrase":"","score":0,"analysis":{"keyphraseInTitle":{"score":0,"maxScore":9,"error":1}}},"additional":[]},"primary_term":null,"canonical_url":null,"og_title":null,"og_description":null,"og_object_type":"default","og_image_type":"default","og_image_url":null,"og_image_width":null,"og_image_height":null,"og_image_custom_url":null,"og_image_custom_fields":null,"og_video":"","og_custom_url":null,"og_article_section":null,"og_article_tags":null,"twitter_use_og":false,"twitter_card":"default","twitter_image_type":"default","twitter_image_url":null,"twitter_image_custom_url":null,"twitter_image_custom_fields":null,"twitter_title":null,"twitter_description":null,"schema":{"blockGraphs":[],"customGraphs":[],"default":{"data":{"Article":[],"Course":[],"Dataset":[],"FAQPage":[],"Movie":[],"Person":[],"Product":[],"ProductReview":[],"Car":[],"Recipe":[],"Service":[],"SoftwareApplication":[],"WebPage":[]},"graphName":"BlogPosting","isEnabled":true},"graphs":[]},"schema_type":"default","schema_type_options":null,"pillar_content":false,"robots_default":true,"robots_noindex":false,"robots_noarchive":false,"robots_nosnippet":false,"robots_nofollow":false,"robots_noimageindex":false,"robots_noodp":false,"robots_notranslate":false,"robots_max_snippet":"-1","robots_max_videopreview":"-1","robots_max_imagepreview":"large","priority":null,"frequency":"default","local_seo":null,"breadcrumb_settings":null,"limit_modified_date":false,"ai":null,"created":"2025-02-18 10:17:13","updated":"2025-10-24 17:03:15","seo_analyzer_scan_date":null,"focus_keyword":null,"additional_keywords":null,"truseo_locale":null},"aioseo_breadcrumb":"<div class=\"aioseo-breadcrumbs\"><span class=\"aioseo-breadcrumb\">\n\t\t\t<a href=\"https:\/\/www.immo-invest.ch\/fr\/\" title=\"Home\">Home<\/a>\n\t\t<\/span><span class=\"aioseo-breadcrumb-separator\">&raquo;<\/span><span class=\"aioseo-breadcrumb\">\n\t\t\t<a href=\"https:\/\/www.immo-invest.ch\/fr\/categories\/regions\/\" title=\"R\u00e9gions\">R\u00e9gions<\/a>\n\t\t<\/span><span class=\"aioseo-breadcrumb-separator\">&raquo;<\/span><span class=\"aioseo-breadcrumb\">\n\t\t\t<a href=\"https:\/\/www.immo-invest.ch\/fr\/categories\/regions\/suisse\/\" title=\"Suisse\">Suisse<\/a>\n\t\t<\/span><span class=\"aioseo-breadcrumb-separator\">&raquo;<\/span><span class=\"aioseo-breadcrumb\">\n\t\t\t<a href=\"https:\/\/www.immo-invest.ch\/fr\/categories\/regions\/suisse\/suisse-du-nord-ouest\/\" title=\"Suisse du Nord-Ouest\">Suisse du Nord-Ouest<\/a>\n\t\t<\/span><span class=\"aioseo-breadcrumb-separator\">&raquo;<\/span><span class=\"aioseo-breadcrumb\">\n\t\t\t<a href=\"https:\/\/www.immo-invest.ch\/fr\/categories\/regions\/suisse\/suisse-du-nord-ouest\/region-bale\/\" title=\"B\u00e2le\">B\u00e2le<\/a>\n\t\t<\/span><span class=\"aioseo-breadcrumb-separator\">&raquo;<\/span><span class=\"aioseo-breadcrumb\">\n\t\t\tLa promotion de B\u00e2le-Campagne jusqu\u2019en 2030 doit se poursuivre\n\t\t<\/span><\/div>","aioseo_breadcrumb_json":[{"label":"Home","link":"https:\/\/www.immo-invest.ch\/fr\/"},{"label":"R\u00e9gions","link":"https:\/\/www.immo-invest.ch\/fr\/categories\/regions\/"},{"label":"Suisse","link":"https:\/\/www.immo-invest.ch\/fr\/categories\/regions\/suisse\/"},{"label":"Suisse du Nord-Ouest","link":"https:\/\/www.immo-invest.ch\/fr\/categories\/regions\/suisse\/suisse-du-nord-ouest\/"},{"label":"B\u00e2le","link":"https:\/\/www.immo-invest.ch\/fr\/categories\/regions\/suisse\/suisse-du-nord-ouest\/region-bale\/"},{"label":"La promotion de B\u00e2le-Campagne jusqu&rsquo;en 2030 doit se poursuivre","link":"https:\/\/www.immo-invest.ch\/fr\/baselbieter-foerderung-bis-2030-soll-weitergehen\/"}],"featured_image_src":"https:\/\/www.immo-invest.ch\/wp-content\/uploads\/2025\/02\/Basel_Hafenstadt-scaled-1-336x168.png","_links":{"self":[{"href":"https:\/\/www.immo-invest.ch\/fr\/wp-json\/wp\/v2\/posts\/126492","targetHints":{"allow":["GET"]}}],"collection":[{"href":"https:\/\/www.immo-invest.ch\/fr\/wp-json\/wp\/v2\/posts"}],"about":[{"href":"https:\/\/www.immo-invest.ch\/fr\/wp-json\/wp\/v2\/types\/post"}],"author":[{"embeddable":true,"href":"https:\/\/www.immo-invest.ch\/fr\/wp-json\/wp\/v2\/users\/2"}],"replies":[{"embeddable":true,"href":"https:\/\/www.immo-invest.ch\/fr\/wp-json\/wp\/v2\/comments?post=126492"}],"version-history":[{"count":0,"href":"https:\/\/www.immo-invest.ch\/fr\/wp-json\/wp\/v2\/posts\/126492\/revisions"}],"wp:featuredmedia":[{"embeddable":true,"href":"https:\/\/www.immo-invest.ch\/fr\/wp-json\/wp\/v2\/media\/126432"}],"wp:attachment":[{"href":"https:\/\/www.immo-invest.ch\/fr\/wp-json\/wp\/v2\/media?parent=126492"}],"wp:term":[{"taxonomy":"category","embeddable":true,"href":"https:\/\/www.immo-invest.ch\/fr\/wp-json\/wp\/v2\/categories?post=126492"},{"taxonomy":"post_tag","embeddable":true,"href":"https:\/\/www.immo-invest.ch\/fr\/wp-json\/wp\/v2\/tags?post=126492"}],"curies":[{"name":"wp","href":"https:\/\/api.w.org\/{rel}","templated":true}]}}