{"id":126073,"date":"2025-02-17T16:29:00","date_gmt":"2025-02-17T15:29:00","guid":{"rendered":"https:\/\/www.immo-invest.ch\/?p=126073"},"modified":"2025-02-11T11:48:51","modified_gmt":"2025-02-11T10:48:51","slug":"saane-wasser-soll-freiburg-heizen","status":"publish","type":"post","link":"https:\/\/www.immo-invest.ch\/fr\/saane-wasser-soll-freiburg-heizen\/","title":{"rendered":"L&rsquo;eau de la Sarine pour chauffer Fribourg"},"content":{"rendered":"<p class=\"bodytext\">D&rsquo;ici 2027 au plus tard, l&rsquo;eau de la Sarine couvrira 10% des besoins en chaleur du Grand Fribourg, annonce <a href=\"https:\/\/www.groupe-e.ch\/de\" target=\"_blank\" rel=\"noopener\">Groupe E<\/a> dans un <a href=\"https:\/\/www.groupe-e.ch\/de\/ueber-groupe-e\/medien\/pressemitteilungen\/placad-energiewende\" target=\"_blank\" rel=\"noopener\">communiqu&eacute;<\/a>. Le fournisseur d&rsquo;&eacute;nergie de Granges-Paccot pr&eacute;voit de construire une infrastructure en trois parties pour produire environ 60 gigawattheures d&rsquo;&eacute;nergie thermique renouvelable par an. Cette quantit&eacute; est suffisante pour couvrir les besoins d&rsquo;environ 7500 foyers.<\/p>\n<p class=\"bodytext\">Le projet PLACAD pr&eacute;voit l&rsquo;extension de la centrale de chauffage existante sur l&rsquo;ancien site Ritter. A l&rsquo;avenir, trois pompes &agrave; chaleur eau-eau y fonctionneront. Elles seront assist&eacute;es par deux chaudi&egrave;res &agrave; gaz en hiver ou en cas d&rsquo;urgence.<\/p>\n<p class=\"bodytext\">La station de pompage correspondante est pr&eacute;vue dans le b&acirc;timent du barrage de Magere Au. La liaison entre la centrale de chauffage et la station de pompage est assur&eacute;e par deux conduites parall&egrave;les de 1,2 kilom&egrave;tre chacune. Elles traversent la for&ecirc;t de P&eacute;rolles, passent sous les courts de tennis du Coll&egrave;ge Sainte-Croix et traversent la Sarine.<\/p>\n<p class=\"bodytext\">Le trac&eacute; de la ligne suivra en partie les chemins existants, mais les impacts environnementaux seront compens&eacute;s, explique Groupe E. Il est notamment pr&eacute;vu d&rsquo;ajouter un &icirc;lot de vieux bois &agrave; la r&eacute;serve naturelle du lac de P&eacute;rolles. Groupe E informera en ligne des &eacute;ventuels impacts sur les activit&eacute;s de loisirs de la for&ecirc;t de P&eacute;rolles. Le site Internet correspondant permet en outre de suivre l&rsquo;<a href=\"https:\/\/www.cad-fribourg.ch\/de\" target=\"_blank\" rel=\"noopener\">&eacute;volution<\/a> du projet.<\/p>\n","protected":false},"excerpt":{"rendered":"<p>Groupe E veut utiliser l&rsquo;eau de la Sarine pour produire de la chaleur renouvelable pour l&rsquo;agglom\u00e9ration de Fribourg. Le projet PLACAD pr\u00e9voit l&rsquo;extension d&rsquo;une centrale de chauffage d\u00e9j\u00e0 existante, une station de pompage et deux conduites parall\u00e8les de 1,2 km.<\/p>\n","protected":false},"author":2,"featured_media":126061,"comment_status":"open","ping_status":"open","sticky":false,"template":"","format":"standard","meta":{"pmpro_default_level":"","inline_featured_image":false,"_monsterinsights_skip_tracking":false,"footnotes":""},"categories":[22699,8747,49707,743],"tags":[4542,3606,872,3931,2056,2002,7566,51938],"class_list":["post-126073","post","type-post","status-publish","format-standard","has-post-thumbnail","hentry","category-durabilite","category-energie","category-freiburg-fr","category-immonews-fr","tag-erneuerbare-energie-fr","tag-freiburg-fr","tag-immoinvest-fr","tag-immonews-fr","tag-nachhaltigkeit-fr","tag-news-fr","tag-waermeversorgung-fr","tag-wasser-waermepumpen-fr","pmpro-has-access"],"acf":{"bild_mit_ki_erstellt_worden":[],"lead":"Groupe E veut utiliser l'eau de la Sarine pour produire de la chaleur renouvelable pour l'agglom\u00e9ration de Fribourg. Le projet PLACAD pr\u00e9voit l'extension d'une centrale de chauffage d\u00e9j\u00e0 existante, une station de pompage et deux conduites parall\u00e8les de 1,2 km.","autor":"ce\/hs","ort":"Granges-Paccot FR","bildunterschrift":"","bild_im_grid":false,"gallerie":"","newsim":""},"aioseo_notices":[],"aioseo_head":"\n\t\t<!-- All in One SEO 5.0.0.1 - aioseo.com -->\n\t<meta name=\"description\" content=\"Groupe E veut utiliser l&#039;eau de la Sarine pour produire de la chaleur renouvelable pour l&#039;agglom\u00e9ration de Fribourg. Le projet PLACAD pr\u00e9voit l&#039;extension d&#039;une centrale de chauffage d\u00e9j\u00e0 existante, une station de pompage et deux conduites parall\u00e8les de 1,2 km.\" \/>\n\t<meta name=\"robots\" content=\"max-image-preview:large\" \/>\n\t<meta name=\"author\" content=\"immovestuser\"\/>\n\t<meta name=\"google-site-verification\" content=\"fHJKvgWpZCR2zVBHWfkQeFXC11qieUSff0HGNYfuyLA\" \/>\n\t<link rel=\"canonical\" href=\"https:\/\/www.immo-invest.ch\/fr\/saane-wasser-soll-freiburg-heizen\/\" \/>\n\t<meta name=\"generator\" content=\"All in One SEO (AIOSEO) 5.0.0.1\" \/>\n\t\t<meta property=\"og:locale\" content=\"fr_FR\" \/>\n\t\t<meta property=\"og:site_name\" content=\"immo!nvest - Die Plattform f\u00fcr Standorte und Immobilien - Die\u00a0Plattform f\u00fcr Standorte und Immobilien\" \/>\n\t\t<meta property=\"og:type\" content=\"article\" \/>\n\t\t<meta property=\"og:title\" content=\"L\u2019eau de la Sarine pour chauffer Fribourg - immo!nvest - Die Plattform f\u00fcr Standorte und Immobilien\" \/>\n\t\t<meta property=\"og:description\" content=\"Groupe E veut utiliser l&#039;eau de la Sarine pour produire de la chaleur renouvelable pour l&#039;agglom\u00e9ration de Fribourg. Le projet PLACAD pr\u00e9voit l&#039;extension d&#039;une centrale de chauffage d\u00e9j\u00e0 existante, une station de pompage et deux conduites parall\u00e8les de 1,2 km.\" \/>\n\t\t<meta property=\"og:url\" content=\"https:\/\/www.immo-invest.ch\/fr\/saane-wasser-soll-freiburg-heizen\/\" \/>\n\t\t<meta property=\"og:image\" content=\"https:\/\/www.immo-invest.ch\/wp-content\/uploads\/2025\/02\/Freiburg_Saane_Fluss-scaled.jpg\" \/>\n\t\t<meta property=\"og:image:secure_url\" content=\"https:\/\/www.immo-invest.ch\/wp-content\/uploads\/2025\/02\/Freiburg_Saane_Fluss-scaled.jpg\" \/>\n\t\t<meta property=\"og:image:width\" content=\"2560\" \/>\n\t\t<meta property=\"og:image:height\" content=\"1707\" \/>\n\t\t<meta property=\"article:published_time\" content=\"2025-02-17T15:29:00+00:00\" \/>\n\t\t<meta property=\"article:modified_time\" content=\"2025-02-11T10:48:51+00:00\" \/>\n\t\t<meta property=\"article:publisher\" content=\"https:\/\/www.facebook.com\/people\/Immoinvest\/100077962920504\/\" \/>\n\t\t<meta name=\"twitter:card\" content=\"summary_large_image\" \/>\n\t\t<meta name=\"twitter:site\" content=\"@i\" \/>\n\t\t<meta name=\"twitter:title\" content=\"L\u2019eau de la Sarine pour chauffer Fribourg - immo!nvest - Die Plattform f\u00fcr Standorte und Immobilien\" \/>\n\t\t<meta name=\"twitter:description\" content=\"Groupe E veut utiliser l&#039;eau de la Sarine pour produire de la chaleur renouvelable pour l&#039;agglom\u00e9ration de Fribourg. Le projet PLACAD pr\u00e9voit l&#039;extension d&#039;une centrale de chauffage d\u00e9j\u00e0 existante, une station de pompage et deux conduites parall\u00e8les de 1,2 km.\" \/>\n\t\t<meta name=\"twitter:creator\" content=\"@i\" \/>\n\t\t<meta name=\"twitter:image\" content=\"https:\/\/www.immo-invest.ch\/wp-content\/uploads\/2025\/02\/Freiburg_Saane_Fluss-scaled.jpg\" \/>\n\t\t<script type=\"application\/ld+json\" class=\"aioseo-schema\">\n\t\t\t{\"@context\":\"https:\\\/\\\/schema.org\",\"@graph\":[{\"@type\":\"BlogPosting\",\"@id\":\"https:\\\/\\\/www.immo-invest.ch\\\/fr\\\/saane-wasser-soll-freiburg-heizen\\\/#blogposting\",\"name\":\"L\\u2019eau de la Sarine pour chauffer Fribourg - immo!nvest - Die Plattform f\\u00fcr Standorte und Immobilien\",\"headline\":\"L&rsquo;eau de la Sarine pour chauffer Fribourg\",\"author\":{\"@id\":\"https:\\\/\\\/www.immo-invest.ch\\\/fr\\\/author\\\/immovestuser\\\/#author\"},\"publisher\":{\"@id\":\"https:\\\/\\\/www.immo-invest.ch\\\/fr\\\/#organization\"},\"image\":{\"@type\":\"ImageObject\",\"url\":\"https:\\\/\\\/www.immo-invest.ch\\\/wp-content\\\/uploads\\\/2025\\\/02\\\/Freiburg_Saane_Fluss-scaled.jpg\",\"width\":2560,\"height\":1707},\"datePublished\":\"2025-02-17T16:29:00+01:00\",\"dateModified\":\"2025-02-11T11:48:51+01:00\",\"inLanguage\":\"fr-FR\",\"mainEntityOfPage\":{\"@id\":\"https:\\\/\\\/www.immo-invest.ch\\\/fr\\\/saane-wasser-soll-freiburg-heizen\\\/#webpage\"},\"isPartOf\":{\"@id\":\"https:\\\/\\\/www.immo-invest.ch\\\/fr\\\/saane-wasser-soll-freiburg-heizen\\\/#webpage\"},\"articleSection\":\"Durabilit\\u00e9, \\u00c9nergie, Freiburg, immoNews, erneuerbare Energie, Freiburg, Immoinvest, immoNews, Nachhaltigkeit, News, W\\u00e4rmeversorgung, Wasser-W\\u00e4rmepumpen, Facultatif\"},{\"@type\":\"BreadcrumbList\",\"@id\":\"https:\\\/\\\/www.immo-invest.ch\\\/fr\\\/saane-wasser-soll-freiburg-heizen\\\/#breadcrumblist\",\"itemListElement\":[{\"@type\":\"ListItem\",\"@id\":\"https:\\\/\\\/www.immo-invest.ch\\\/fr\\\/#listItem\",\"position\":1,\"name\":\"Home\",\"item\":\"https:\\\/\\\/www.immo-invest.ch\\\/fr\\\/\",\"nextItem\":{\"@type\":\"ListItem\",\"@id\":\"https:\\\/\\\/www.immo-invest.ch\\\/fr\\\/categories\\\/regions\\\/#listItem\",\"name\":\"R\\u00e9gions\"}},{\"@type\":\"ListItem\",\"@id\":\"https:\\\/\\\/www.immo-invest.ch\\\/fr\\\/categories\\\/regions\\\/#listItem\",\"position\":2,\"name\":\"R\\u00e9gions\",\"item\":\"https:\\\/\\\/www.immo-invest.ch\\\/fr\\\/categories\\\/regions\\\/\",\"nextItem\":{\"@type\":\"ListItem\",\"@id\":\"https:\\\/\\\/www.immo-invest.ch\\\/fr\\\/categories\\\/regions\\\/suisse\\\/#listItem\",\"name\":\"Suisse\"},\"previousItem\":{\"@type\":\"ListItem\",\"@id\":\"https:\\\/\\\/www.immo-invest.ch\\\/fr\\\/#listItem\",\"name\":\"Home\"}},{\"@type\":\"ListItem\",\"@id\":\"https:\\\/\\\/www.immo-invest.ch\\\/fr\\\/categories\\\/regions\\\/suisse\\\/#listItem\",\"position\":3,\"name\":\"Suisse\",\"item\":\"https:\\\/\\\/www.immo-invest.ch\\\/fr\\\/categories\\\/regions\\\/suisse\\\/\",\"nextItem\":{\"@type\":\"ListItem\",\"@id\":\"https:\\\/\\\/www.immo-invest.ch\\\/fr\\\/categories\\\/regions\\\/suisse\\\/espace-mittelland\\\/#listItem\",\"name\":\"Espace Mittelland\"},\"previousItem\":{\"@type\":\"ListItem\",\"@id\":\"https:\\\/\\\/www.immo-invest.ch\\\/fr\\\/categories\\\/regions\\\/#listItem\",\"name\":\"R\\u00e9gions\"}},{\"@type\":\"ListItem\",\"@id\":\"https:\\\/\\\/www.immo-invest.ch\\\/fr\\\/categories\\\/regions\\\/suisse\\\/espace-mittelland\\\/#listItem\",\"position\":4,\"name\":\"Espace Mittelland\",\"item\":\"https:\\\/\\\/www.immo-invest.ch\\\/fr\\\/categories\\\/regions\\\/suisse\\\/espace-mittelland\\\/\",\"nextItem\":{\"@type\":\"ListItem\",\"@id\":\"https:\\\/\\\/www.immo-invest.ch\\\/fr\\\/categories\\\/regions\\\/suisse\\\/espace-mittelland\\\/freiburg-fr\\\/#listItem\",\"name\":\"Freiburg\"},\"previousItem\":{\"@type\":\"ListItem\",\"@id\":\"https:\\\/\\\/www.immo-invest.ch\\\/fr\\\/categories\\\/regions\\\/suisse\\\/#listItem\",\"name\":\"Suisse\"}},{\"@type\":\"ListItem\",\"@id\":\"https:\\\/\\\/www.immo-invest.ch\\\/fr\\\/categories\\\/regions\\\/suisse\\\/espace-mittelland\\\/freiburg-fr\\\/#listItem\",\"position\":5,\"name\":\"Freiburg\",\"item\":\"https:\\\/\\\/www.immo-invest.ch\\\/fr\\\/categories\\\/regions\\\/suisse\\\/espace-mittelland\\\/freiburg-fr\\\/\",\"nextItem\":{\"@type\":\"ListItem\",\"@id\":\"https:\\\/\\\/www.immo-invest.ch\\\/fr\\\/saane-wasser-soll-freiburg-heizen\\\/#listItem\",\"name\":\"L&rsquo;eau de la Sarine pour chauffer Fribourg\"},\"previousItem\":{\"@type\":\"ListItem\",\"@id\":\"https:\\\/\\\/www.immo-invest.ch\\\/fr\\\/categories\\\/regions\\\/suisse\\\/espace-mittelland\\\/#listItem\",\"name\":\"Espace Mittelland\"}},{\"@type\":\"ListItem\",\"@id\":\"https:\\\/\\\/www.immo-invest.ch\\\/fr\\\/saane-wasser-soll-freiburg-heizen\\\/#listItem\",\"position\":6,\"name\":\"L&rsquo;eau de la Sarine pour chauffer Fribourg\",\"previousItem\":{\"@type\":\"ListItem\",\"@id\":\"https:\\\/\\\/www.immo-invest.ch\\\/fr\\\/categories\\\/regions\\\/suisse\\\/espace-mittelland\\\/freiburg-fr\\\/#listItem\",\"name\":\"Freiburg\"}}]},{\"@type\":\"Organization\",\"@id\":\"https:\\\/\\\/www.immo-invest.ch\\\/fr\\\/#organization\",\"name\":\"immo!nvest - Die Plattform f\\u00fcr Standorte und Immobilien\",\"description\":\"Die\\u00a0Plattform f\\u00fcr Standorte und Immobilien\",\"url\":\"https:\\\/\\\/www.immo-invest.ch\\\/fr\\\/\",\"email\":\"admin@immomedia.ag\",\"telephone\":\"+41444420002\",\"logo\":{\"@type\":\"ImageObject\",\"url\":\"https:\\\/\\\/www.immo-invest.ch\\\/wp-content\\\/uploads\\\/2024\\\/09\\\/immoinvest_sm-scaled.jpg\",\"@id\":\"https:\\\/\\\/www.immo-invest.ch\\\/fr\\\/saane-wasser-soll-freiburg-heizen\\\/#organizationLogo\",\"width\":2560,\"height\":1340},\"image\":{\"@id\":\"https:\\\/\\\/www.immo-invest.ch\\\/fr\\\/saane-wasser-soll-freiburg-heizen\\\/#organizationLogo\"},\"sameAs\":[\"https:\\\/\\\/www.facebook.com\\\/people\\\/Immoinvest\\\/100077962920504\\\/\",\"https:\\\/\\\/x.com\\\/i\\\/flow\\\/login?redirect_after_login=immoinvest_ch\",\"https:\\\/\\\/www.instagram.com\\\/immoinvest_ch\\\/\",\"https:\\\/\\\/www.linkedin.com\\\/company\\\/immoinvest-swiss\"]},{\"@type\":\"Person\",\"@id\":\"https:\\\/\\\/www.immo-invest.ch\\\/fr\\\/author\\\/immovestuser\\\/#author\",\"url\":\"https:\\\/\\\/www.immo-invest.ch\\\/fr\\\/author\\\/immovestuser\\\/\",\"name\":\"immovestuser\",\"image\":{\"@type\":\"ImageObject\",\"@id\":\"https:\\\/\\\/www.immo-invest.ch\\\/fr\\\/saane-wasser-soll-freiburg-heizen\\\/#authorImage\",\"url\":\"https:\\\/\\\/secure.gravatar.com\\\/avatar\\\/8e01f4d99f2eeea7a362ebb93305e1172a70e9293ba250f897a65c39f54cdd1e?s=96&d=mm&r=g\",\"width\":96,\"height\":96,\"caption\":\"immovestuser\"}},{\"@type\":\"WebPage\",\"@id\":\"https:\\\/\\\/www.immo-invest.ch\\\/fr\\\/saane-wasser-soll-freiburg-heizen\\\/#webpage\",\"url\":\"https:\\\/\\\/www.immo-invest.ch\\\/fr\\\/saane-wasser-soll-freiburg-heizen\\\/\",\"name\":\"L\\u2019eau de la Sarine pour chauffer Fribourg - immo!nvest - Die Plattform f\\u00fcr Standorte und Immobilien\",\"description\":\"Groupe E veut utiliser l'eau de la Sarine pour produire de la chaleur renouvelable pour l'agglom\\u00e9ration de Fribourg. Le projet PLACAD pr\\u00e9voit l'extension d'une centrale de chauffage d\\u00e9j\\u00e0 existante, une station de pompage et deux conduites parall\\u00e8les de 1,2 km.\",\"inLanguage\":\"fr-FR\",\"isPartOf\":{\"@id\":\"https:\\\/\\\/www.immo-invest.ch\\\/fr\\\/#website\"},\"breadcrumb\":{\"@id\":\"https:\\\/\\\/www.immo-invest.ch\\\/fr\\\/saane-wasser-soll-freiburg-heizen\\\/#breadcrumblist\"},\"author\":{\"@id\":\"https:\\\/\\\/www.immo-invest.ch\\\/fr\\\/author\\\/immovestuser\\\/#author\"},\"creator\":{\"@id\":\"https:\\\/\\\/www.immo-invest.ch\\\/fr\\\/author\\\/immovestuser\\\/#author\"},\"image\":{\"@type\":\"ImageObject\",\"url\":\"https:\\\/\\\/www.immo-invest.ch\\\/wp-content\\\/uploads\\\/2025\\\/02\\\/Freiburg_Saane_Fluss-scaled.jpg\",\"@id\":\"https:\\\/\\\/www.immo-invest.ch\\\/fr\\\/saane-wasser-soll-freiburg-heizen\\\/#mainImage\",\"width\":2560,\"height\":1707},\"primaryImageOfPage\":{\"@id\":\"https:\\\/\\\/www.immo-invest.ch\\\/fr\\\/saane-wasser-soll-freiburg-heizen\\\/#mainImage\"},\"datePublished\":\"2025-02-17T16:29:00+01:00\",\"dateModified\":\"2025-02-11T11:48:51+01:00\"},{\"@type\":\"WebSite\",\"@id\":\"https:\\\/\\\/www.immo-invest.ch\\\/fr\\\/#website\",\"url\":\"https:\\\/\\\/www.immo-invest.ch\\\/fr\\\/\",\"name\":\"immo!nvest - Die Plattform f\\u00fcr Standorte und Immobilien\",\"description\":\"Die\\u00a0Plattform f\\u00fcr Standorte und Immobilien\",\"inLanguage\":\"fr-FR\",\"publisher\":{\"@id\":\"https:\\\/\\\/www.immo-invest.ch\\\/fr\\\/#organization\"}}]}\n\t\t<\/script>\n\t\t<!-- All in One SEO -->\n\n","aioseo_head_json":{"title":"L\u2019eau de la Sarine pour chauffer Fribourg - immo!nvest - Die Plattform f\u00fcr Standorte und Immobilien","description":"Groupe E veut utiliser l'eau de la Sarine pour produire de la chaleur renouvelable pour l'agglom\u00e9ration de Fribourg. Le projet PLACAD pr\u00e9voit l'extension d'une centrale de chauffage d\u00e9j\u00e0 existante, une station de pompage et deux conduites parall\u00e8les de 1,2 km.","canonical_url":"https:\/\/www.immo-invest.ch\/fr\/saane-wasser-soll-freiburg-heizen\/","robots":"max-image-preview:large","keywords":"","webmasterTools":{"google-site-verification":"fHJKvgWpZCR2zVBHWfkQeFXC11qieUSff0HGNYfuyLA","miscellaneous":""},"schema":{"@context":"https:\/\/schema.org","@graph":[{"@type":"BlogPosting","@id":"https:\/\/www.immo-invest.ch\/fr\/saane-wasser-soll-freiburg-heizen\/#blogposting","name":"L\u2019eau de la Sarine pour chauffer Fribourg - immo!nvest - Die Plattform f\u00fcr Standorte und Immobilien","headline":"L&rsquo;eau de la Sarine pour chauffer Fribourg","author":{"@id":"https:\/\/www.immo-invest.ch\/fr\/author\/immovestuser\/#author"},"publisher":{"@id":"https:\/\/www.immo-invest.ch\/fr\/#organization"},"image":{"@type":"ImageObject","url":"https:\/\/www.immo-invest.ch\/wp-content\/uploads\/2025\/02\/Freiburg_Saane_Fluss-scaled.jpg","width":2560,"height":1707},"datePublished":"2025-02-17T16:29:00+01:00","dateModified":"2025-02-11T11:48:51+01:00","inLanguage":"fr-FR","mainEntityOfPage":{"@id":"https:\/\/www.immo-invest.ch\/fr\/saane-wasser-soll-freiburg-heizen\/#webpage"},"isPartOf":{"@id":"https:\/\/www.immo-invest.ch\/fr\/saane-wasser-soll-freiburg-heizen\/#webpage"},"articleSection":"Durabilit\u00e9, \u00c9nergie, Freiburg, immoNews, erneuerbare Energie, Freiburg, Immoinvest, immoNews, Nachhaltigkeit, News, W\u00e4rmeversorgung, Wasser-W\u00e4rmepumpen, Facultatif"},{"@type":"BreadcrumbList","@id":"https:\/\/www.immo-invest.ch\/fr\/saane-wasser-soll-freiburg-heizen\/#breadcrumblist","itemListElement":[{"@type":"ListItem","@id":"https:\/\/www.immo-invest.ch\/fr\/#listItem","position":1,"name":"Home","item":"https:\/\/www.immo-invest.ch\/fr\/","nextItem":{"@type":"ListItem","@id":"https:\/\/www.immo-invest.ch\/fr\/categories\/regions\/#listItem","name":"R\u00e9gions"}},{"@type":"ListItem","@id":"https:\/\/www.immo-invest.ch\/fr\/categories\/regions\/#listItem","position":2,"name":"R\u00e9gions","item":"https:\/\/www.immo-invest.ch\/fr\/categories\/regions\/","nextItem":{"@type":"ListItem","@id":"https:\/\/www.immo-invest.ch\/fr\/categories\/regions\/suisse\/#listItem","name":"Suisse"},"previousItem":{"@type":"ListItem","@id":"https:\/\/www.immo-invest.ch\/fr\/#listItem","name":"Home"}},{"@type":"ListItem","@id":"https:\/\/www.immo-invest.ch\/fr\/categories\/regions\/suisse\/#listItem","position":3,"name":"Suisse","item":"https:\/\/www.immo-invest.ch\/fr\/categories\/regions\/suisse\/","nextItem":{"@type":"ListItem","@id":"https:\/\/www.immo-invest.ch\/fr\/categories\/regions\/suisse\/espace-mittelland\/#listItem","name":"Espace Mittelland"},"previousItem":{"@type":"ListItem","@id":"https:\/\/www.immo-invest.ch\/fr\/categories\/regions\/#listItem","name":"R\u00e9gions"}},{"@type":"ListItem","@id":"https:\/\/www.immo-invest.ch\/fr\/categories\/regions\/suisse\/espace-mittelland\/#listItem","position":4,"name":"Espace Mittelland","item":"https:\/\/www.immo-invest.ch\/fr\/categories\/regions\/suisse\/espace-mittelland\/","nextItem":{"@type":"ListItem","@id":"https:\/\/www.immo-invest.ch\/fr\/categories\/regions\/suisse\/espace-mittelland\/freiburg-fr\/#listItem","name":"Freiburg"},"previousItem":{"@type":"ListItem","@id":"https:\/\/www.immo-invest.ch\/fr\/categories\/regions\/suisse\/#listItem","name":"Suisse"}},{"@type":"ListItem","@id":"https:\/\/www.immo-invest.ch\/fr\/categories\/regions\/suisse\/espace-mittelland\/freiburg-fr\/#listItem","position":5,"name":"Freiburg","item":"https:\/\/www.immo-invest.ch\/fr\/categories\/regions\/suisse\/espace-mittelland\/freiburg-fr\/","nextItem":{"@type":"ListItem","@id":"https:\/\/www.immo-invest.ch\/fr\/saane-wasser-soll-freiburg-heizen\/#listItem","name":"L&rsquo;eau de la Sarine pour chauffer Fribourg"},"previousItem":{"@type":"ListItem","@id":"https:\/\/www.immo-invest.ch\/fr\/categories\/regions\/suisse\/espace-mittelland\/#listItem","name":"Espace Mittelland"}},{"@type":"ListItem","@id":"https:\/\/www.immo-invest.ch\/fr\/saane-wasser-soll-freiburg-heizen\/#listItem","position":6,"name":"L&rsquo;eau de la Sarine pour chauffer Fribourg","previousItem":{"@type":"ListItem","@id":"https:\/\/www.immo-invest.ch\/fr\/categories\/regions\/suisse\/espace-mittelland\/freiburg-fr\/#listItem","name":"Freiburg"}}]},{"@type":"Organization","@id":"https:\/\/www.immo-invest.ch\/fr\/#organization","name":"immo!nvest - Die Plattform f\u00fcr Standorte und Immobilien","description":"Die\u00a0Plattform f\u00fcr Standorte und Immobilien","url":"https:\/\/www.immo-invest.ch\/fr\/","email":"admin@immomedia.ag","telephone":"+41444420002","logo":{"@type":"ImageObject","url":"https:\/\/www.immo-invest.ch\/wp-content\/uploads\/2024\/09\/immoinvest_sm-scaled.jpg","@id":"https:\/\/www.immo-invest.ch\/fr\/saane-wasser-soll-freiburg-heizen\/#organizationLogo","width":2560,"height":1340},"image":{"@id":"https:\/\/www.immo-invest.ch\/fr\/saane-wasser-soll-freiburg-heizen\/#organizationLogo"},"sameAs":["https:\/\/www.facebook.com\/people\/Immoinvest\/100077962920504\/","https:\/\/x.com\/i\/flow\/login?redirect_after_login=immoinvest_ch","https:\/\/www.instagram.com\/immoinvest_ch\/","https:\/\/www.linkedin.com\/company\/immoinvest-swiss"]},{"@type":"Person","@id":"https:\/\/www.immo-invest.ch\/fr\/author\/immovestuser\/#author","url":"https:\/\/www.immo-invest.ch\/fr\/author\/immovestuser\/","name":"immovestuser","image":{"@type":"ImageObject","@id":"https:\/\/www.immo-invest.ch\/fr\/saane-wasser-soll-freiburg-heizen\/#authorImage","url":"https:\/\/secure.gravatar.com\/avatar\/8e01f4d99f2eeea7a362ebb93305e1172a70e9293ba250f897a65c39f54cdd1e?s=96&d=mm&r=g","width":96,"height":96,"caption":"immovestuser"}},{"@type":"WebPage","@id":"https:\/\/www.immo-invest.ch\/fr\/saane-wasser-soll-freiburg-heizen\/#webpage","url":"https:\/\/www.immo-invest.ch\/fr\/saane-wasser-soll-freiburg-heizen\/","name":"L\u2019eau de la Sarine pour chauffer Fribourg - immo!nvest - Die Plattform f\u00fcr Standorte und Immobilien","description":"Groupe E veut utiliser l'eau de la Sarine pour produire de la chaleur renouvelable pour l'agglom\u00e9ration de Fribourg. Le projet PLACAD pr\u00e9voit l'extension d'une centrale de chauffage d\u00e9j\u00e0 existante, une station de pompage et deux conduites parall\u00e8les de 1,2 km.","inLanguage":"fr-FR","isPartOf":{"@id":"https:\/\/www.immo-invest.ch\/fr\/#website"},"breadcrumb":{"@id":"https:\/\/www.immo-invest.ch\/fr\/saane-wasser-soll-freiburg-heizen\/#breadcrumblist"},"author":{"@id":"https:\/\/www.immo-invest.ch\/fr\/author\/immovestuser\/#author"},"creator":{"@id":"https:\/\/www.immo-invest.ch\/fr\/author\/immovestuser\/#author"},"image":{"@type":"ImageObject","url":"https:\/\/www.immo-invest.ch\/wp-content\/uploads\/2025\/02\/Freiburg_Saane_Fluss-scaled.jpg","@id":"https:\/\/www.immo-invest.ch\/fr\/saane-wasser-soll-freiburg-heizen\/#mainImage","width":2560,"height":1707},"primaryImageOfPage":{"@id":"https:\/\/www.immo-invest.ch\/fr\/saane-wasser-soll-freiburg-heizen\/#mainImage"},"datePublished":"2025-02-17T16:29:00+01:00","dateModified":"2025-02-11T11:48:51+01:00"},{"@type":"WebSite","@id":"https:\/\/www.immo-invest.ch\/fr\/#website","url":"https:\/\/www.immo-invest.ch\/fr\/","name":"immo!nvest - Die Plattform f\u00fcr Standorte und Immobilien","description":"Die\u00a0Plattform f\u00fcr Standorte und Immobilien","inLanguage":"fr-FR","publisher":{"@id":"https:\/\/www.immo-invest.ch\/fr\/#organization"}}]},"og:locale":"fr_FR","og:site_name":"immo!nvest - Die Plattform f\u00fcr Standorte und Immobilien - Die\u00a0Plattform f\u00fcr Standorte und Immobilien","og:type":"article","og:title":"L\u2019eau de la Sarine pour chauffer Fribourg - immo!nvest - Die Plattform f\u00fcr Standorte und Immobilien","og:description":"Groupe E veut utiliser l'eau de la Sarine pour produire de la chaleur renouvelable pour l'agglom\u00e9ration de Fribourg. Le projet PLACAD pr\u00e9voit l'extension d'une centrale de chauffage d\u00e9j\u00e0 existante, une station de pompage et deux conduites parall\u00e8les de 1,2 km.","og:url":"https:\/\/www.immo-invest.ch\/fr\/saane-wasser-soll-freiburg-heizen\/","og:image":"https:\/\/www.immo-invest.ch\/wp-content\/uploads\/2025\/02\/Freiburg_Saane_Fluss-scaled.jpg","og:image:secure_url":"https:\/\/www.immo-invest.ch\/wp-content\/uploads\/2025\/02\/Freiburg_Saane_Fluss-scaled.jpg","og:image:width":2560,"og:image:height":1707,"article:published_time":"2025-02-17T15:29:00+00:00","article:modified_time":"2025-02-11T10:48:51+00:00","article:publisher":"https:\/\/www.facebook.com\/people\/Immoinvest\/100077962920504\/","twitter:card":"summary_large_image","twitter:site":"@i","twitter:title":"L\u2019eau de la Sarine pour chauffer Fribourg - immo!nvest - Die Plattform f\u00fcr Standorte und Immobilien","twitter:description":"Groupe E veut utiliser l'eau de la Sarine pour produire de la chaleur renouvelable pour l'agglom\u00e9ration de Fribourg. Le projet PLACAD pr\u00e9voit l'extension d'une centrale de chauffage d\u00e9j\u00e0 existante, une station de pompage et deux conduites parall\u00e8les de 1,2 km.","twitter:creator":"@i","twitter:image":"https:\/\/www.immo-invest.ch\/wp-content\/uploads\/2025\/02\/Freiburg_Saane_Fluss-scaled.jpg"},"aioseo_meta_data":{"post_id":"126073","title":null,"description":null,"keywords":null,"keyphrases":{"focus":{"keyphrase":"","score":0,"analysis":{"keyphraseInTitle":{"score":0,"maxScore":9,"error":1}}},"additional":[]},"primary_term":null,"canonical_url":null,"og_title":null,"og_description":null,"og_object_type":"default","og_image_type":"default","og_image_url":null,"og_image_width":null,"og_image_height":null,"og_image_custom_url":null,"og_image_custom_fields":null,"og_video":"","og_custom_url":null,"og_article_section":null,"og_article_tags":null,"twitter_use_og":false,"twitter_card":"default","twitter_image_type":"default","twitter_image_url":null,"twitter_image_custom_url":null,"twitter_image_custom_fields":null,"twitter_title":null,"twitter_description":null,"schema":{"blockGraphs":[],"customGraphs":[],"default":{"data":{"Article":[],"Course":[],"Dataset":[],"FAQPage":[],"Movie":[],"Person":[],"Product":[],"ProductReview":[],"Car":[],"Recipe":[],"Service":[],"SoftwareApplication":[],"WebPage":[]},"graphName":"BlogPosting","isEnabled":true},"graphs":[]},"schema_type":"default","schema_type_options":null,"pillar_content":false,"robots_default":true,"robots_noindex":false,"robots_noarchive":false,"robots_nosnippet":false,"robots_nofollow":false,"robots_noimageindex":false,"robots_noodp":false,"robots_notranslate":false,"robots_max_snippet":"-1","robots_max_videopreview":"-1","robots_max_imagepreview":"large","priority":null,"frequency":"default","local_seo":null,"breadcrumb_settings":null,"limit_modified_date":false,"ai":null,"created":"2025-02-11 10:48:52","updated":"2025-10-24 16:49:13","seo_analyzer_scan_date":null,"focus_keyword":null,"additional_keywords":null,"truseo_locale":null},"aioseo_breadcrumb":"<div class=\"aioseo-breadcrumbs\"><span class=\"aioseo-breadcrumb\">\n\t\t\t<a href=\"https:\/\/www.immo-invest.ch\/fr\/\" title=\"Home\">Home<\/a>\n\t\t<\/span><span class=\"aioseo-breadcrumb-separator\">&raquo;<\/span><span class=\"aioseo-breadcrumb\">\n\t\t\t<a href=\"https:\/\/www.immo-invest.ch\/fr\/categories\/regions\/\" title=\"R\u00e9gions\">R\u00e9gions<\/a>\n\t\t<\/span><span class=\"aioseo-breadcrumb-separator\">&raquo;<\/span><span class=\"aioseo-breadcrumb\">\n\t\t\t<a href=\"https:\/\/www.immo-invest.ch\/fr\/categories\/regions\/suisse\/\" title=\"Suisse\">Suisse<\/a>\n\t\t<\/span><span class=\"aioseo-breadcrumb-separator\">&raquo;<\/span><span class=\"aioseo-breadcrumb\">\n\t\t\t<a href=\"https:\/\/www.immo-invest.ch\/fr\/categories\/regions\/suisse\/espace-mittelland\/\" title=\"Espace Mittelland\">Espace Mittelland<\/a>\n\t\t<\/span><span class=\"aioseo-breadcrumb-separator\">&raquo;<\/span><span class=\"aioseo-breadcrumb\">\n\t\t\t<a href=\"https:\/\/www.immo-invest.ch\/fr\/categories\/regions\/suisse\/espace-mittelland\/freiburg-fr\/\" title=\"Freiburg\">Freiburg<\/a>\n\t\t<\/span><span class=\"aioseo-breadcrumb-separator\">&raquo;<\/span><span class=\"aioseo-breadcrumb\">\n\t\t\tL\u2019eau de la Sarine pour chauffer Fribourg\n\t\t<\/span><\/div>","aioseo_breadcrumb_json":[{"label":"Home","link":"https:\/\/www.immo-invest.ch\/fr\/"},{"label":"R\u00e9gions","link":"https:\/\/www.immo-invest.ch\/fr\/categories\/regions\/"},{"label":"Suisse","link":"https:\/\/www.immo-invest.ch\/fr\/categories\/regions\/suisse\/"},{"label":"Espace Mittelland","link":"https:\/\/www.immo-invest.ch\/fr\/categories\/regions\/suisse\/espace-mittelland\/"},{"label":"Freiburg","link":"https:\/\/www.immo-invest.ch\/fr\/categories\/regions\/suisse\/espace-mittelland\/freiburg-fr\/"},{"label":"L&rsquo;eau de la Sarine pour chauffer Fribourg","link":"https:\/\/www.immo-invest.ch\/fr\/saane-wasser-soll-freiburg-heizen\/"}],"featured_image_src":"https:\/\/www.immo-invest.ch\/wp-content\/uploads\/2025\/02\/Freiburg_Saane_Fluss-336x168.jpg","_links":{"self":[{"href":"https:\/\/www.immo-invest.ch\/fr\/wp-json\/wp\/v2\/posts\/126073","targetHints":{"allow":["GET"]}}],"collection":[{"href":"https:\/\/www.immo-invest.ch\/fr\/wp-json\/wp\/v2\/posts"}],"about":[{"href":"https:\/\/www.immo-invest.ch\/fr\/wp-json\/wp\/v2\/types\/post"}],"author":[{"embeddable":true,"href":"https:\/\/www.immo-invest.ch\/fr\/wp-json\/wp\/v2\/users\/2"}],"replies":[{"embeddable":true,"href":"https:\/\/www.immo-invest.ch\/fr\/wp-json\/wp\/v2\/comments?post=126073"}],"version-history":[{"count":0,"href":"https:\/\/www.immo-invest.ch\/fr\/wp-json\/wp\/v2\/posts\/126073\/revisions"}],"wp:featuredmedia":[{"embeddable":true,"href":"https:\/\/www.immo-invest.ch\/fr\/wp-json\/wp\/v2\/media\/126061"}],"wp:attachment":[{"href":"https:\/\/www.immo-invest.ch\/fr\/wp-json\/wp\/v2\/media?parent=126073"}],"wp:term":[{"taxonomy":"category","embeddable":true,"href":"https:\/\/www.immo-invest.ch\/fr\/wp-json\/wp\/v2\/categories?post=126073"},{"taxonomy":"post_tag","embeddable":true,"href":"https:\/\/www.immo-invest.ch\/fr\/wp-json\/wp\/v2\/tags?post=126073"}],"curies":[{"name":"wp","href":"https:\/\/api.w.org\/{rel}","templated":true}]}}