{"id":126070,"date":"2025-02-17T12:29:21","date_gmt":"2025-02-17T11:29:21","guid":{"rendered":"https:\/\/www.immo-invest.ch\/?p=126070"},"modified":"2025-02-11T11:48:42","modified_gmt":"2025-02-11T10:48:42","slug":"neuer-energieverbund-soll-netto-null-ziel-der-stadt-waedenswil-unterstuetzen","status":"publish","type":"post","link":"https:\/\/www.immo-invest.ch\/fr\/neuer-energieverbund-soll-netto-null-ziel-der-stadt-waedenswil-unterstuetzen\/","title":{"rendered":"Un nouveau r\u00e9seau \u00e9nerg\u00e9tique pour soutenir l&rsquo;objectif \u00ab\u00a0z\u00e9ro net\u00a0\u00bb de la ville de W\u00e4denswil"},"content":{"rendered":"<p class=\"bodytext\">Energie 360&deg; et la ville de W&auml;denswil veulent contribuer &agrave; l&rsquo;objectif z&eacute;ro net de la ville en cr&eacute;ant un <a href=\"https:\/\/www.energieverbund-waedenswil.ch\/de\/verbund\/waedenswil\/\" target=\"_blank\" rel=\"noopener\">r&eacute;seau &eacute;nerg&eacute;tique<\/a>. Concr&egrave;tement, il est pr&eacute;vu d&rsquo;utiliser l&rsquo;eau du lac de Zurich pour produire de la chaleur renouvelable, informe le fournisseur d&rsquo;&eacute;nergie zurichois dans un <a href=\"https:\/\/www.energie360.ch\/de\/unternehmen\/medieninformationen\/stimmbevoelkerung-will-energieverbund-in-waedenswil\/\" target=\"_blank\" rel=\"noopener\">communiqu&eacute;<\/a>. Pour ce faire, les deux partenaires veulent cr&eacute;er la soci&eacute;t&eacute; Energieverbund W&auml;denswil AG, dans laquelle la <a href=\"https:\/\/www.waedenswil.ch\/\" target=\"_blank\" rel=\"noopener\">ville de W&auml;denswil<\/a> d&eacute;tient une participation de 51% et <a href=\"https:\/\/www.energie360.ch\/de\/\" target=\"_blank\" rel=\"noopener\">Energie 360&deg;<\/a> de 49%.<\/p>\n<p class=\"bodytext\">Le 9 f&eacute;vrier, les &eacute;lecteurs de W&auml;denswil ont donn&eacute; leur feu vert &agrave; 66,04% aux projets de cr&eacute;ation de l&rsquo;association &eacute;nerg&eacute;tique, pr&eacute;cise le communiqu&eacute;. &laquo;&nbsp;La ville de W&auml;denswil investit dans l&rsquo;avenir&nbsp;&raquo;, y est cit&eacute; le maire Philipp Kutter. &laquo;&nbsp;Un approvisionnement en &eacute;nergie propre profite &agrave; tous et r&eacute;duit notre d&eacute;pendance aux &eacute;nergies fossiles&nbsp;&raquo;<\/p>\n<p class=\"bodytext\">Les plans comprennent deux centrales &eacute;nerg&eacute;tiques souterraines dans la nouvelle zone Gessner et pr&egrave;s du parking de Rietlau. La deuxi&egrave;me centrale &eacute;nerg&eacute;tique utilisera &eacute;galement les rejets thermiques exc&eacute;dentaires de la station d&rsquo;&eacute;puration des eaux us&eacute;es de Rietlau. En outre, Energie 360&deg; veut int&eacute;grer son r&eacute;seau de chaleur d&rsquo;Untermosen, exploit&eacute; depuis 2011 &agrave; W&auml;denswil, dans le nouveau r&eacute;seau.<\/p>\n<p class=\"bodytext\">&laquo;&nbsp;Utiliser l&rsquo;&eacute;nergie disponible localement dans le lac de Zurich pour l&rsquo;approvisionnement en &eacute;nergie est &agrave; la fois &eacute;cologique et &eacute;conomique&nbsp;&raquo;, estime le CEO d&rsquo;Energie 360&deg;, J&ouml;rg Wild. Si tout se d&eacute;roule comme pr&eacute;vu, les premiers clients pourront obtenir de la chaleur renouvelable &agrave; partir de l&rsquo;interconnexion d&egrave;s 2026. A terme, l&rsquo;interconnexion devrait permettre d&rsquo;&eacute;viter des &eacute;missions annuelles de l&rsquo;ordre de 15 000 tonnes de CO2.<\/p>\n","protected":false},"excerpt":{"rendered":"<p>Energie 360\u00b0 et la ville de W\u00e4denswil veulent utiliser l&rsquo;\u00e9nergie du lac de Zurich pour produire de la chaleur renouvelable pour W\u00e4denswil. Ils cr\u00e9ent \u00e0 cet effet la soci\u00e9t\u00e9 Energieverbund W\u00e4denswil AG. Les \u00e9lecteurs de W\u00e4denswil ont approuv\u00e9 ce projet.<\/p>\n","protected":false},"author":2,"featured_media":112958,"comment_status":"open","ping_status":"open","sticky":false,"template":"","format":"standard","meta":{"pmpro_default_level":"","inline_featured_image":false,"_monsterinsights_skip_tracking":false,"footnotes":""},"categories":[22699,8747,743,8452],"tags":[2103,51935,872,3931,2056,2002,28625,4528],"class_list":["post-126070","post","type-post","status-publish","format-standard","has-post-thumbnail","hentry","category-durabilite","category-energie","category-immonews-fr","category-regions","tag-energieverbund-fr","tag-erneuerbare-waerme-fr","tag-immoinvest-fr","tag-immonews-fr","tag-nachhaltigkeit-fr","tag-news-fr","tag-seewassernutzung-fr","tag-waedenswil-fr","pmpro-has-access"],"acf":{"bild_mit_ki_erstellt_worden":[],"lead":"Energie 360\u00b0 et la ville de W\u00e4denswil veulent utiliser l'\u00e9nergie du lac de Zurich pour produire de la chaleur renouvelable pour W\u00e4denswil. Ils cr\u00e9ent \u00e0 cet effet la soci\u00e9t\u00e9 Energieverbund W\u00e4denswil AG. Les \u00e9lecteurs de W\u00e4denswil ont approuv\u00e9 ce projet.","autor":"ce\/hs","ort":"Z\u00fcrich\/W\u00e4denswil ZH","bildunterschrift":"","bild_im_grid":false,"gallerie":"","newsim":""},"aioseo_notices":[],"aioseo_head":"\n\t\t<!-- All in One SEO 5.0.1.1 - aioseo.com -->\n\t<meta name=\"description\" content=\"Energie 360\u00b0 et la ville de W\u00e4denswil veulent utiliser l&#039;\u00e9nergie du lac de Zurich pour produire de la chaleur renouvelable pour W\u00e4denswil. Ils cr\u00e9ent \u00e0 cet effet la soci\u00e9t\u00e9 Energieverbund W\u00e4denswil AG. Les \u00e9lecteurs de W\u00e4denswil ont approuv\u00e9 ce projet.\" \/>\n\t<meta name=\"robots\" content=\"max-image-preview:large\" \/>\n\t<meta name=\"author\" content=\"immovestuser\"\/>\n\t<meta name=\"google-site-verification\" content=\"fHJKvgWpZCR2zVBHWfkQeFXC11qieUSff0HGNYfuyLA\" \/>\n\t<link rel=\"canonical\" href=\"https:\/\/www.immo-invest.ch\/fr\/neuer-energieverbund-soll-netto-null-ziel-der-stadt-waedenswil-unterstuetzen\/\" \/>\n\t<meta name=\"generator\" content=\"All in One SEO (AIOSEO) 5.0.1.1\" \/>\n\t\t<meta property=\"og:locale\" content=\"fr_FR\" \/>\n\t\t<meta property=\"og:site_name\" content=\"immo!nvest - Die Plattform f\u00fcr Standorte und Immobilien - Die\u00a0Plattform f\u00fcr Standorte und Immobilien\" \/>\n\t\t<meta property=\"og:type\" content=\"article\" \/>\n\t\t<meta property=\"og:title\" content=\"Un nouveau r\u00e9seau \u00e9nerg\u00e9tique pour soutenir l\u2019objectif \u00ab z\u00e9ro net \u00bb de la ville de W\u00e4denswil - immo!nvest - Die Plattform f\u00fcr Standorte und Immobilien\" \/>\n\t\t<meta property=\"og:description\" content=\"Energie 360\u00b0 et la ville de W\u00e4denswil veulent utiliser l&#039;\u00e9nergie du lac de Zurich pour produire de la chaleur renouvelable pour W\u00e4denswil. Ils cr\u00e9ent \u00e0 cet effet la soci\u00e9t\u00e9 Energieverbund W\u00e4denswil AG. Les \u00e9lecteurs de W\u00e4denswil ont approuv\u00e9 ce projet.\" \/>\n\t\t<meta property=\"og:url\" content=\"https:\/\/www.immo-invest.ch\/fr\/neuer-energieverbund-soll-netto-null-ziel-der-stadt-waedenswil-unterstuetzen\/\" \/>\n\t\t<meta property=\"og:image\" content=\"https:\/\/www.immo-invest.ch\/wp-content\/uploads\/2024\/09\/zuerichsee_see-scaled.jpg\" \/>\n\t\t<meta property=\"og:image:secure_url\" content=\"https:\/\/www.immo-invest.ch\/wp-content\/uploads\/2024\/09\/zuerichsee_see-scaled.jpg\" \/>\n\t\t<meta property=\"og:image:width\" content=\"2560\" \/>\n\t\t<meta property=\"og:image:height\" content=\"1440\" \/>\n\t\t<meta property=\"article:published_time\" content=\"2025-02-17T11:29:21+00:00\" \/>\n\t\t<meta property=\"article:modified_time\" content=\"2025-02-11T10:48:42+00:00\" \/>\n\t\t<meta property=\"article:publisher\" content=\"https:\/\/www.facebook.com\/people\/Immoinvest\/100077962920504\/\" \/>\n\t\t<meta name=\"twitter:card\" content=\"summary_large_image\" \/>\n\t\t<meta name=\"twitter:site\" content=\"@i\" \/>\n\t\t<meta name=\"twitter:title\" content=\"Un nouveau r\u00e9seau \u00e9nerg\u00e9tique pour soutenir l\u2019objectif \u00ab z\u00e9ro net \u00bb de la ville de W\u00e4denswil - immo!nvest - Die Plattform f\u00fcr Standorte und Immobilien\" \/>\n\t\t<meta name=\"twitter:description\" content=\"Energie 360\u00b0 et la ville de W\u00e4denswil veulent utiliser l&#039;\u00e9nergie du lac de Zurich pour produire de la chaleur renouvelable pour W\u00e4denswil. Ils cr\u00e9ent \u00e0 cet effet la soci\u00e9t\u00e9 Energieverbund W\u00e4denswil AG. Les \u00e9lecteurs de W\u00e4denswil ont approuv\u00e9 ce projet.\" \/>\n\t\t<meta name=\"twitter:creator\" content=\"@i\" \/>\n\t\t<meta name=\"twitter:image\" content=\"https:\/\/www.immo-invest.ch\/wp-content\/uploads\/2024\/09\/zuerichsee_see-scaled.jpg\" \/>\n\t\t<script type=\"application\/ld+json\" class=\"aioseo-schema\">\n\t\t\t{\"@context\":\"https:\\\/\\\/schema.org\",\"@graph\":[{\"@type\":\"BlogPosting\",\"@id\":\"https:\\\/\\\/www.immo-invest.ch\\\/fr\\\/neuer-energieverbund-soll-netto-null-ziel-der-stadt-waedenswil-unterstuetzen\\\/#blogposting\",\"name\":\"Un nouveau r\\u00e9seau \\u00e9nerg\\u00e9tique pour soutenir l\\u2019objectif \\u00ab z\\u00e9ro net \\u00bb de la ville de W\\u00e4denswil - immo!nvest - Die Plattform f\\u00fcr Standorte und Immobilien\",\"headline\":\"Un nouveau r\\u00e9seau \\u00e9nerg\\u00e9tique pour soutenir l&rsquo;objectif \\u00ab\\u00a0z\\u00e9ro net\\u00a0\\u00bb de la ville de W\\u00e4denswil\",\"author\":{\"@id\":\"https:\\\/\\\/www.immo-invest.ch\\\/fr\\\/author\\\/immovestuser\\\/#author\"},\"publisher\":{\"@id\":\"https:\\\/\\\/www.immo-invest.ch\\\/fr\\\/#organization\"},\"image\":{\"@type\":\"ImageObject\",\"url\":\"https:\\\/\\\/www.immo-invest.ch\\\/wp-content\\\/uploads\\\/2024\\\/09\\\/zuerichsee_see-scaled.jpg\",\"width\":2560,\"height\":1440},\"datePublished\":\"2025-02-17T12:29:21+01:00\",\"dateModified\":\"2025-02-11T11:48:42+01:00\",\"inLanguage\":\"fr-FR\",\"mainEntityOfPage\":{\"@id\":\"https:\\\/\\\/www.immo-invest.ch\\\/fr\\\/neuer-energieverbund-soll-netto-null-ziel-der-stadt-waedenswil-unterstuetzen\\\/#webpage\"},\"isPartOf\":{\"@id\":\"https:\\\/\\\/www.immo-invest.ch\\\/fr\\\/neuer-energieverbund-soll-netto-null-ziel-der-stadt-waedenswil-unterstuetzen\\\/#webpage\"},\"articleSection\":\"Durabilit\\u00e9, \\u00c9nergie, immoNews, R\\u00e9gions, Energieverbund, erneuerbare W\\u00e4rme, Immoinvest, immoNews, Nachhaltigkeit, News, Seewassernutzung, W\\u00e4denswil, Facultatif\"},{\"@type\":\"BreadcrumbList\",\"@id\":\"https:\\\/\\\/www.immo-invest.ch\\\/fr\\\/neuer-energieverbund-soll-netto-null-ziel-der-stadt-waedenswil-unterstuetzen\\\/#breadcrumblist\",\"itemListElement\":[{\"@type\":\"ListItem\",\"@id\":\"https:\\\/\\\/www.immo-invest.ch\\\/fr\\\/#listItem\",\"position\":1,\"name\":\"Home\",\"item\":\"https:\\\/\\\/www.immo-invest.ch\\\/fr\\\/\",\"nextItem\":{\"@type\":\"ListItem\",\"@id\":\"https:\\\/\\\/www.immo-invest.ch\\\/fr\\\/categories\\\/trends-fr\\\/#listItem\",\"name\":\"Trends\"}},{\"@type\":\"ListItem\",\"@id\":\"https:\\\/\\\/www.immo-invest.ch\\\/fr\\\/categories\\\/trends-fr\\\/#listItem\",\"position\":2,\"name\":\"Trends\",\"item\":\"https:\\\/\\\/www.immo-invest.ch\\\/fr\\\/categories\\\/trends-fr\\\/\",\"nextItem\":{\"@type\":\"ListItem\",\"@id\":\"https:\\\/\\\/www.immo-invest.ch\\\/fr\\\/categories\\\/trends-fr\\\/durabilite\\\/#listItem\",\"name\":\"Durabilit\\u00e9\"},\"previousItem\":{\"@type\":\"ListItem\",\"@id\":\"https:\\\/\\\/www.immo-invest.ch\\\/fr\\\/#listItem\",\"name\":\"Home\"}},{\"@type\":\"ListItem\",\"@id\":\"https:\\\/\\\/www.immo-invest.ch\\\/fr\\\/categories\\\/trends-fr\\\/durabilite\\\/#listItem\",\"position\":3,\"name\":\"Durabilit\\u00e9\",\"item\":\"https:\\\/\\\/www.immo-invest.ch\\\/fr\\\/categories\\\/trends-fr\\\/durabilite\\\/\",\"nextItem\":{\"@type\":\"ListItem\",\"@id\":\"https:\\\/\\\/www.immo-invest.ch\\\/fr\\\/neuer-energieverbund-soll-netto-null-ziel-der-stadt-waedenswil-unterstuetzen\\\/#listItem\",\"name\":\"Un nouveau r\\u00e9seau \\u00e9nerg\\u00e9tique pour soutenir l&rsquo;objectif \\u00ab\\u00a0z\\u00e9ro net\\u00a0\\u00bb de la ville de W\\u00e4denswil\"},\"previousItem\":{\"@type\":\"ListItem\",\"@id\":\"https:\\\/\\\/www.immo-invest.ch\\\/fr\\\/categories\\\/trends-fr\\\/#listItem\",\"name\":\"Trends\"}},{\"@type\":\"ListItem\",\"@id\":\"https:\\\/\\\/www.immo-invest.ch\\\/fr\\\/neuer-energieverbund-soll-netto-null-ziel-der-stadt-waedenswil-unterstuetzen\\\/#listItem\",\"position\":4,\"name\":\"Un nouveau r\\u00e9seau \\u00e9nerg\\u00e9tique pour soutenir l&rsquo;objectif \\u00ab\\u00a0z\\u00e9ro net\\u00a0\\u00bb de la ville de W\\u00e4denswil\",\"previousItem\":{\"@type\":\"ListItem\",\"@id\":\"https:\\\/\\\/www.immo-invest.ch\\\/fr\\\/categories\\\/trends-fr\\\/durabilite\\\/#listItem\",\"name\":\"Durabilit\\u00e9\"}}]},{\"@type\":\"Organization\",\"@id\":\"https:\\\/\\\/www.immo-invest.ch\\\/fr\\\/#organization\",\"name\":\"immo!nvest - Die Plattform f\\u00fcr Standorte und Immobilien\",\"description\":\"Die\\u00a0Plattform f\\u00fcr Standorte und Immobilien\",\"url\":\"https:\\\/\\\/www.immo-invest.ch\\\/fr\\\/\",\"email\":\"admin@immomedia.ag\",\"telephone\":\"+41444420002\",\"logo\":{\"@type\":\"ImageObject\",\"url\":\"https:\\\/\\\/www.immo-invest.ch\\\/wp-content\\\/uploads\\\/2024\\\/09\\\/immoinvest_sm-scaled.jpg\",\"@id\":\"https:\\\/\\\/www.immo-invest.ch\\\/fr\\\/neuer-energieverbund-soll-netto-null-ziel-der-stadt-waedenswil-unterstuetzen\\\/#organizationLogo\",\"width\":2560,\"height\":1340},\"image\":{\"@id\":\"https:\\\/\\\/www.immo-invest.ch\\\/fr\\\/neuer-energieverbund-soll-netto-null-ziel-der-stadt-waedenswil-unterstuetzen\\\/#organizationLogo\"},\"sameAs\":[\"https:\\\/\\\/www.facebook.com\\\/people\\\/Immoinvest\\\/100077962920504\\\/\",\"https:\\\/\\\/x.com\\\/i\\\/flow\\\/login?redirect_after_login=immoinvest_ch\",\"https:\\\/\\\/www.instagram.com\\\/immoinvest_ch\\\/\",\"https:\\\/\\\/www.linkedin.com\\\/company\\\/immoinvest-swiss\"]},{\"@type\":\"Person\",\"@id\":\"https:\\\/\\\/www.immo-invest.ch\\\/fr\\\/author\\\/immovestuser\\\/#author\",\"url\":\"https:\\\/\\\/www.immo-invest.ch\\\/fr\\\/author\\\/immovestuser\\\/\",\"name\":\"immovestuser\",\"image\":{\"@type\":\"ImageObject\",\"@id\":\"https:\\\/\\\/www.immo-invest.ch\\\/fr\\\/neuer-energieverbund-soll-netto-null-ziel-der-stadt-waedenswil-unterstuetzen\\\/#authorImage\",\"url\":\"https:\\\/\\\/secure.gravatar.com\\\/avatar\\\/8e01f4d99f2eeea7a362ebb93305e1172a70e9293ba250f897a65c39f54cdd1e?s=96&d=mm&r=g\",\"width\":96,\"height\":96,\"caption\":\"immovestuser\"}},{\"@type\":\"WebPage\",\"@id\":\"https:\\\/\\\/www.immo-invest.ch\\\/fr\\\/neuer-energieverbund-soll-netto-null-ziel-der-stadt-waedenswil-unterstuetzen\\\/#webpage\",\"url\":\"https:\\\/\\\/www.immo-invest.ch\\\/fr\\\/neuer-energieverbund-soll-netto-null-ziel-der-stadt-waedenswil-unterstuetzen\\\/\",\"name\":\"Un nouveau r\\u00e9seau \\u00e9nerg\\u00e9tique pour soutenir l\\u2019objectif \\u00ab z\\u00e9ro net \\u00bb de la ville de W\\u00e4denswil - immo!nvest - Die Plattform f\\u00fcr Standorte und Immobilien\",\"description\":\"Energie 360\\u00b0 et la ville de W\\u00e4denswil veulent utiliser l'\\u00e9nergie du lac de Zurich pour produire de la chaleur renouvelable pour W\\u00e4denswil. Ils cr\\u00e9ent \\u00e0 cet effet la soci\\u00e9t\\u00e9 Energieverbund W\\u00e4denswil AG. Les \\u00e9lecteurs de W\\u00e4denswil ont approuv\\u00e9 ce projet.\",\"inLanguage\":\"fr-FR\",\"isPartOf\":{\"@id\":\"https:\\\/\\\/www.immo-invest.ch\\\/fr\\\/#website\"},\"breadcrumb\":{\"@id\":\"https:\\\/\\\/www.immo-invest.ch\\\/fr\\\/neuer-energieverbund-soll-netto-null-ziel-der-stadt-waedenswil-unterstuetzen\\\/#breadcrumblist\"},\"author\":{\"@id\":\"https:\\\/\\\/www.immo-invest.ch\\\/fr\\\/author\\\/immovestuser\\\/#author\"},\"creator\":{\"@id\":\"https:\\\/\\\/www.immo-invest.ch\\\/fr\\\/author\\\/immovestuser\\\/#author\"},\"image\":{\"@type\":\"ImageObject\",\"url\":\"https:\\\/\\\/www.immo-invest.ch\\\/wp-content\\\/uploads\\\/2024\\\/09\\\/zuerichsee_see-scaled.jpg\",\"@id\":\"https:\\\/\\\/www.immo-invest.ch\\\/fr\\\/neuer-energieverbund-soll-netto-null-ziel-der-stadt-waedenswil-unterstuetzen\\\/#mainImage\",\"width\":2560,\"height\":1440},\"primaryImageOfPage\":{\"@id\":\"https:\\\/\\\/www.immo-invest.ch\\\/fr\\\/neuer-energieverbund-soll-netto-null-ziel-der-stadt-waedenswil-unterstuetzen\\\/#mainImage\"},\"datePublished\":\"2025-02-17T12:29:21+01:00\",\"dateModified\":\"2025-02-11T11:48:42+01:00\"},{\"@type\":\"WebSite\",\"@id\":\"https:\\\/\\\/www.immo-invest.ch\\\/fr\\\/#website\",\"url\":\"https:\\\/\\\/www.immo-invest.ch\\\/fr\\\/\",\"name\":\"immo!nvest - Die Plattform f\\u00fcr Standorte und Immobilien\",\"description\":\"Die\\u00a0Plattform f\\u00fcr Standorte und Immobilien\",\"inLanguage\":\"fr-FR\",\"publisher\":{\"@id\":\"https:\\\/\\\/www.immo-invest.ch\\\/fr\\\/#organization\"}}]}\n\t\t<\/script>\n\t\t<!-- All in One SEO -->\n\n","aioseo_head_json":{"title":"Un nouveau r\u00e9seau \u00e9nerg\u00e9tique pour soutenir l\u2019objectif \u00ab z\u00e9ro net \u00bb de la ville de W\u00e4denswil - immo!nvest - Die Plattform f\u00fcr Standorte und Immobilien","description":"Energie 360\u00b0 et la ville de W\u00e4denswil veulent utiliser l'\u00e9nergie du lac de Zurich pour produire de la chaleur renouvelable pour W\u00e4denswil. Ils cr\u00e9ent \u00e0 cet effet la soci\u00e9t\u00e9 Energieverbund W\u00e4denswil AG. Les \u00e9lecteurs de W\u00e4denswil ont approuv\u00e9 ce projet.","canonical_url":"https:\/\/www.immo-invest.ch\/fr\/neuer-energieverbund-soll-netto-null-ziel-der-stadt-waedenswil-unterstuetzen\/","robots":"max-image-preview:large","keywords":"","webmasterTools":{"google-site-verification":"fHJKvgWpZCR2zVBHWfkQeFXC11qieUSff0HGNYfuyLA","miscellaneous":""},"schema":{"@context":"https:\/\/schema.org","@graph":[{"@type":"BlogPosting","@id":"https:\/\/www.immo-invest.ch\/fr\/neuer-energieverbund-soll-netto-null-ziel-der-stadt-waedenswil-unterstuetzen\/#blogposting","name":"Un nouveau r\u00e9seau \u00e9nerg\u00e9tique pour soutenir l\u2019objectif \u00ab z\u00e9ro net \u00bb de la ville de W\u00e4denswil - immo!nvest - Die Plattform f\u00fcr Standorte und Immobilien","headline":"Un nouveau r\u00e9seau \u00e9nerg\u00e9tique pour soutenir l&rsquo;objectif \u00ab\u00a0z\u00e9ro net\u00a0\u00bb de la ville de W\u00e4denswil","author":{"@id":"https:\/\/www.immo-invest.ch\/fr\/author\/immovestuser\/#author"},"publisher":{"@id":"https:\/\/www.immo-invest.ch\/fr\/#organization"},"image":{"@type":"ImageObject","url":"https:\/\/www.immo-invest.ch\/wp-content\/uploads\/2024\/09\/zuerichsee_see-scaled.jpg","width":2560,"height":1440},"datePublished":"2025-02-17T12:29:21+01:00","dateModified":"2025-02-11T11:48:42+01:00","inLanguage":"fr-FR","mainEntityOfPage":{"@id":"https:\/\/www.immo-invest.ch\/fr\/neuer-energieverbund-soll-netto-null-ziel-der-stadt-waedenswil-unterstuetzen\/#webpage"},"isPartOf":{"@id":"https:\/\/www.immo-invest.ch\/fr\/neuer-energieverbund-soll-netto-null-ziel-der-stadt-waedenswil-unterstuetzen\/#webpage"},"articleSection":"Durabilit\u00e9, \u00c9nergie, immoNews, R\u00e9gions, Energieverbund, erneuerbare W\u00e4rme, Immoinvest, immoNews, Nachhaltigkeit, News, Seewassernutzung, W\u00e4denswil, Facultatif"},{"@type":"BreadcrumbList","@id":"https:\/\/www.immo-invest.ch\/fr\/neuer-energieverbund-soll-netto-null-ziel-der-stadt-waedenswil-unterstuetzen\/#breadcrumblist","itemListElement":[{"@type":"ListItem","@id":"https:\/\/www.immo-invest.ch\/fr\/#listItem","position":1,"name":"Home","item":"https:\/\/www.immo-invest.ch\/fr\/","nextItem":{"@type":"ListItem","@id":"https:\/\/www.immo-invest.ch\/fr\/categories\/trends-fr\/#listItem","name":"Trends"}},{"@type":"ListItem","@id":"https:\/\/www.immo-invest.ch\/fr\/categories\/trends-fr\/#listItem","position":2,"name":"Trends","item":"https:\/\/www.immo-invest.ch\/fr\/categories\/trends-fr\/","nextItem":{"@type":"ListItem","@id":"https:\/\/www.immo-invest.ch\/fr\/categories\/trends-fr\/durabilite\/#listItem","name":"Durabilit\u00e9"},"previousItem":{"@type":"ListItem","@id":"https:\/\/www.immo-invest.ch\/fr\/#listItem","name":"Home"}},{"@type":"ListItem","@id":"https:\/\/www.immo-invest.ch\/fr\/categories\/trends-fr\/durabilite\/#listItem","position":3,"name":"Durabilit\u00e9","item":"https:\/\/www.immo-invest.ch\/fr\/categories\/trends-fr\/durabilite\/","nextItem":{"@type":"ListItem","@id":"https:\/\/www.immo-invest.ch\/fr\/neuer-energieverbund-soll-netto-null-ziel-der-stadt-waedenswil-unterstuetzen\/#listItem","name":"Un nouveau r\u00e9seau \u00e9nerg\u00e9tique pour soutenir l&rsquo;objectif \u00ab\u00a0z\u00e9ro net\u00a0\u00bb de la ville de W\u00e4denswil"},"previousItem":{"@type":"ListItem","@id":"https:\/\/www.immo-invest.ch\/fr\/categories\/trends-fr\/#listItem","name":"Trends"}},{"@type":"ListItem","@id":"https:\/\/www.immo-invest.ch\/fr\/neuer-energieverbund-soll-netto-null-ziel-der-stadt-waedenswil-unterstuetzen\/#listItem","position":4,"name":"Un nouveau r\u00e9seau \u00e9nerg\u00e9tique pour soutenir l&rsquo;objectif \u00ab\u00a0z\u00e9ro net\u00a0\u00bb de la ville de W\u00e4denswil","previousItem":{"@type":"ListItem","@id":"https:\/\/www.immo-invest.ch\/fr\/categories\/trends-fr\/durabilite\/#listItem","name":"Durabilit\u00e9"}}]},{"@type":"Organization","@id":"https:\/\/www.immo-invest.ch\/fr\/#organization","name":"immo!nvest - Die Plattform f\u00fcr Standorte und Immobilien","description":"Die\u00a0Plattform f\u00fcr Standorte und Immobilien","url":"https:\/\/www.immo-invest.ch\/fr\/","email":"admin@immomedia.ag","telephone":"+41444420002","logo":{"@type":"ImageObject","url":"https:\/\/www.immo-invest.ch\/wp-content\/uploads\/2024\/09\/immoinvest_sm-scaled.jpg","@id":"https:\/\/www.immo-invest.ch\/fr\/neuer-energieverbund-soll-netto-null-ziel-der-stadt-waedenswil-unterstuetzen\/#organizationLogo","width":2560,"height":1340},"image":{"@id":"https:\/\/www.immo-invest.ch\/fr\/neuer-energieverbund-soll-netto-null-ziel-der-stadt-waedenswil-unterstuetzen\/#organizationLogo"},"sameAs":["https:\/\/www.facebook.com\/people\/Immoinvest\/100077962920504\/","https:\/\/x.com\/i\/flow\/login?redirect_after_login=immoinvest_ch","https:\/\/www.instagram.com\/immoinvest_ch\/","https:\/\/www.linkedin.com\/company\/immoinvest-swiss"]},{"@type":"Person","@id":"https:\/\/www.immo-invest.ch\/fr\/author\/immovestuser\/#author","url":"https:\/\/www.immo-invest.ch\/fr\/author\/immovestuser\/","name":"immovestuser","image":{"@type":"ImageObject","@id":"https:\/\/www.immo-invest.ch\/fr\/neuer-energieverbund-soll-netto-null-ziel-der-stadt-waedenswil-unterstuetzen\/#authorImage","url":"https:\/\/secure.gravatar.com\/avatar\/8e01f4d99f2eeea7a362ebb93305e1172a70e9293ba250f897a65c39f54cdd1e?s=96&d=mm&r=g","width":96,"height":96,"caption":"immovestuser"}},{"@type":"WebPage","@id":"https:\/\/www.immo-invest.ch\/fr\/neuer-energieverbund-soll-netto-null-ziel-der-stadt-waedenswil-unterstuetzen\/#webpage","url":"https:\/\/www.immo-invest.ch\/fr\/neuer-energieverbund-soll-netto-null-ziel-der-stadt-waedenswil-unterstuetzen\/","name":"Un nouveau r\u00e9seau \u00e9nerg\u00e9tique pour soutenir l\u2019objectif \u00ab z\u00e9ro net \u00bb de la ville de W\u00e4denswil - immo!nvest - Die Plattform f\u00fcr Standorte und Immobilien","description":"Energie 360\u00b0 et la ville de W\u00e4denswil veulent utiliser l'\u00e9nergie du lac de Zurich pour produire de la chaleur renouvelable pour W\u00e4denswil. Ils cr\u00e9ent \u00e0 cet effet la soci\u00e9t\u00e9 Energieverbund W\u00e4denswil AG. Les \u00e9lecteurs de W\u00e4denswil ont approuv\u00e9 ce projet.","inLanguage":"fr-FR","isPartOf":{"@id":"https:\/\/www.immo-invest.ch\/fr\/#website"},"breadcrumb":{"@id":"https:\/\/www.immo-invest.ch\/fr\/neuer-energieverbund-soll-netto-null-ziel-der-stadt-waedenswil-unterstuetzen\/#breadcrumblist"},"author":{"@id":"https:\/\/www.immo-invest.ch\/fr\/author\/immovestuser\/#author"},"creator":{"@id":"https:\/\/www.immo-invest.ch\/fr\/author\/immovestuser\/#author"},"image":{"@type":"ImageObject","url":"https:\/\/www.immo-invest.ch\/wp-content\/uploads\/2024\/09\/zuerichsee_see-scaled.jpg","@id":"https:\/\/www.immo-invest.ch\/fr\/neuer-energieverbund-soll-netto-null-ziel-der-stadt-waedenswil-unterstuetzen\/#mainImage","width":2560,"height":1440},"primaryImageOfPage":{"@id":"https:\/\/www.immo-invest.ch\/fr\/neuer-energieverbund-soll-netto-null-ziel-der-stadt-waedenswil-unterstuetzen\/#mainImage"},"datePublished":"2025-02-17T12:29:21+01:00","dateModified":"2025-02-11T11:48:42+01:00"},{"@type":"WebSite","@id":"https:\/\/www.immo-invest.ch\/fr\/#website","url":"https:\/\/www.immo-invest.ch\/fr\/","name":"immo!nvest - Die Plattform f\u00fcr Standorte und Immobilien","description":"Die\u00a0Plattform f\u00fcr Standorte und Immobilien","inLanguage":"fr-FR","publisher":{"@id":"https:\/\/www.immo-invest.ch\/fr\/#organization"}}]},"og:locale":"fr_FR","og:site_name":"immo!nvest - Die Plattform f\u00fcr Standorte und Immobilien - Die\u00a0Plattform f\u00fcr Standorte und Immobilien","og:type":"article","og:title":"Un nouveau r\u00e9seau \u00e9nerg\u00e9tique pour soutenir l\u2019objectif \u00ab z\u00e9ro net \u00bb de la ville de W\u00e4denswil - immo!nvest - Die Plattform f\u00fcr Standorte und Immobilien","og:description":"Energie 360\u00b0 et la ville de W\u00e4denswil veulent utiliser l'\u00e9nergie du lac de Zurich pour produire de la chaleur renouvelable pour W\u00e4denswil. Ils cr\u00e9ent \u00e0 cet effet la soci\u00e9t\u00e9 Energieverbund W\u00e4denswil AG. Les \u00e9lecteurs de W\u00e4denswil ont approuv\u00e9 ce projet.","og:url":"https:\/\/www.immo-invest.ch\/fr\/neuer-energieverbund-soll-netto-null-ziel-der-stadt-waedenswil-unterstuetzen\/","og:image":"https:\/\/www.immo-invest.ch\/wp-content\/uploads\/2024\/09\/zuerichsee_see-scaled.jpg","og:image:secure_url":"https:\/\/www.immo-invest.ch\/wp-content\/uploads\/2024\/09\/zuerichsee_see-scaled.jpg","og:image:width":2560,"og:image:height":1440,"article:published_time":"2025-02-17T11:29:21+00:00","article:modified_time":"2025-02-11T10:48:42+00:00","article:publisher":"https:\/\/www.facebook.com\/people\/Immoinvest\/100077962920504\/","twitter:card":"summary_large_image","twitter:site":"@i","twitter:title":"Un nouveau r\u00e9seau \u00e9nerg\u00e9tique pour soutenir l\u2019objectif \u00ab z\u00e9ro net \u00bb de la ville de W\u00e4denswil - immo!nvest - Die Plattform f\u00fcr Standorte und Immobilien","twitter:description":"Energie 360\u00b0 et la ville de W\u00e4denswil veulent utiliser l'\u00e9nergie du lac de Zurich pour produire de la chaleur renouvelable pour W\u00e4denswil. Ils cr\u00e9ent \u00e0 cet effet la soci\u00e9t\u00e9 Energieverbund W\u00e4denswil AG. Les \u00e9lecteurs de W\u00e4denswil ont approuv\u00e9 ce projet.","twitter:creator":"@i","twitter:image":"https:\/\/www.immo-invest.ch\/wp-content\/uploads\/2024\/09\/zuerichsee_see-scaled.jpg"},"aioseo_meta_data":{"post_id":"126070","title":null,"description":null,"keywords":null,"keyphrases":{"focus":{"keyphrase":"","score":0,"analysis":{"keyphraseInTitle":{"score":0,"maxScore":9,"error":1}}},"additional":[]},"primary_term":null,"canonical_url":null,"og_title":null,"og_description":null,"og_object_type":"default","og_image_type":"default","og_image_url":null,"og_image_width":null,"og_image_height":null,"og_image_custom_url":null,"og_image_custom_fields":null,"og_video":"","og_custom_url":null,"og_article_section":null,"og_article_tags":null,"twitter_use_og":false,"twitter_card":"default","twitter_image_type":"default","twitter_image_url":null,"twitter_image_custom_url":null,"twitter_image_custom_fields":null,"twitter_title":null,"twitter_description":null,"schema":{"blockGraphs":[],"customGraphs":[],"default":{"data":{"Article":[],"Course":[],"Dataset":[],"FAQPage":[],"Movie":[],"Person":[],"Product":[],"ProductReview":[],"Car":[],"Recipe":[],"Service":[],"SoftwareApplication":[],"WebPage":[]},"graphName":"BlogPosting","isEnabled":true},"graphs":[]},"schema_type":"default","schema_type_options":null,"pillar_content":false,"robots_default":true,"robots_noindex":false,"robots_noarchive":false,"robots_nosnippet":false,"robots_nofollow":false,"robots_noimageindex":false,"robots_noodp":false,"robots_notranslate":false,"robots_max_snippet":"-1","robots_max_videopreview":"-1","robots_max_imagepreview":"large","priority":null,"frequency":"default","local_seo":null,"breadcrumb_settings":null,"limit_modified_date":false,"ai":null,"created":"2025-02-11 10:44:47","updated":"2025-10-24 16:48:16","seo_analyzer_scan_date":null,"focus_keyword":null,"additional_keywords":null,"truseo_locale":null},"aioseo_breadcrumb":"<div class=\"aioseo-breadcrumbs\"><span class=\"aioseo-breadcrumb\">\n\t\t\t<a href=\"https:\/\/www.immo-invest.ch\/fr\/\" title=\"Home\">Home<\/a>\n\t\t<\/span><span class=\"aioseo-breadcrumb-separator\">&raquo;<\/span><span class=\"aioseo-breadcrumb\">\n\t\t\t<a href=\"https:\/\/www.immo-invest.ch\/fr\/categories\/trends-fr\/\" title=\"Trends\">Trends<\/a>\n\t\t<\/span><span class=\"aioseo-breadcrumb-separator\">&raquo;<\/span><span class=\"aioseo-breadcrumb\">\n\t\t\t<a href=\"https:\/\/www.immo-invest.ch\/fr\/categories\/trends-fr\/durabilite\/\" title=\"Durabilit\u00e9\">Durabilit\u00e9<\/a>\n\t\t<\/span><span class=\"aioseo-breadcrumb-separator\">&raquo;<\/span><span class=\"aioseo-breadcrumb\">\n\t\t\tUn nouveau r\u00e9seau \u00e9nerg\u00e9tique pour soutenir l\u2019objectif \u00ab z\u00e9ro net \u00bb de la ville de W\u00e4denswil\n\t\t<\/span><\/div>","aioseo_breadcrumb_json":[{"label":"Home","link":"https:\/\/www.immo-invest.ch\/fr\/"},{"label":"Trends","link":"https:\/\/www.immo-invest.ch\/fr\/categories\/trends-fr\/"},{"label":"Durabilit\u00e9","link":"https:\/\/www.immo-invest.ch\/fr\/categories\/trends-fr\/durabilite\/"},{"label":"Un nouveau r\u00e9seau \u00e9nerg\u00e9tique pour soutenir l&rsquo;objectif \u00ab\u00a0z\u00e9ro net\u00a0\u00bb de la ville de W\u00e4denswil","link":"https:\/\/www.immo-invest.ch\/fr\/neuer-energieverbund-soll-netto-null-ziel-der-stadt-waedenswil-unterstuetzen\/"}],"featured_image_src":"https:\/\/www.immo-invest.ch\/wp-content\/uploads\/2024\/09\/zuerichsee_see-336x168.jpg","_links":{"self":[{"href":"https:\/\/www.immo-invest.ch\/fr\/wp-json\/wp\/v2\/posts\/126070","targetHints":{"allow":["GET"]}}],"collection":[{"href":"https:\/\/www.immo-invest.ch\/fr\/wp-json\/wp\/v2\/posts"}],"about":[{"href":"https:\/\/www.immo-invest.ch\/fr\/wp-json\/wp\/v2\/types\/post"}],"author":[{"embeddable":true,"href":"https:\/\/www.immo-invest.ch\/fr\/wp-json\/wp\/v2\/users\/2"}],"replies":[{"embeddable":true,"href":"https:\/\/www.immo-invest.ch\/fr\/wp-json\/wp\/v2\/comments?post=126070"}],"version-history":[{"count":0,"href":"https:\/\/www.immo-invest.ch\/fr\/wp-json\/wp\/v2\/posts\/126070\/revisions"}],"wp:featuredmedia":[{"embeddable":true,"href":"https:\/\/www.immo-invest.ch\/fr\/wp-json\/wp\/v2\/media\/112958"}],"wp:attachment":[{"href":"https:\/\/www.immo-invest.ch\/fr\/wp-json\/wp\/v2\/media?parent=126070"}],"wp:term":[{"taxonomy":"category","embeddable":true,"href":"https:\/\/www.immo-invest.ch\/fr\/wp-json\/wp\/v2\/categories?post=126070"},{"taxonomy":"post_tag","embeddable":true,"href":"https:\/\/www.immo-invest.ch\/fr\/wp-json\/wp\/v2\/tags?post=126070"}],"curies":[{"name":"wp","href":"https:\/\/api.w.org\/{rel}","templated":true}]}}