{"id":125932,"date":"2025-02-13T16:30:00","date_gmt":"2025-02-13T15:30:00","guid":{"rendered":"https:\/\/www.immo-invest.ch\/?p=125932"},"modified":"2025-02-11T10:20:36","modified_gmt":"2025-02-11T09:20:36","slug":"arbeiten-am-erweiterungsbau-der-kantonsschule-baden-beginnen","status":"publish","type":"post","link":"https:\/\/www.immo-invest.ch\/fr\/arbeiten-am-erweiterungsbau-der-kantonsschule-baden-beginnen\/","title":{"rendered":"Les travaux d&rsquo;agrandissement de l&rsquo;\u00e9cole cantonale de Baden commencent"},"content":{"rendered":"<p class=\"bodytext\">Les pr&eacute;paratifs pour l&rsquo;extension de l&rsquo;<a href=\"https:\/\/www.kanti-baden.ch\/\" target=\"_blank\" rel=\"noopener\">&eacute;cole cantonale de Baden<\/a> ont commenc&eacute; par des travaux de nettoyage sur le site. Selon le <a href=\"https:\/\/www.ag.ch\/de\/aktuell\/medien\/medienmitteilungen?mm=vorbereitungsarbeiten-fuer-den-erweiterungsbau-der-kantonsschule-baden-beginnen-im-februar-7cedcb94-33a2-414b-b870-d4bb3283827d_de\" target=\"_blank\" rel=\"noopener\">communiqu&eacute; de presse<\/a> du <a href=\"https:\/\/www.ag.ch\/\" target=\"_blank\" rel=\"noopener\">canton d&rsquo;Argovie<\/a>, ces travaux pr&eacute;paratoires seront effectu&eacute;s pendant les vacances sportives du 3 au 14 f&eacute;vrier. Pour ce faire, des surfaces arbustives seront enlev&eacute;es et des arbres abattus dans le secteur de la Sch&ouml;naustrasse &agrave; Baden. Ces travaux doivent &ecirc;tre effectu&eacute;s avant le d&eacute;but des travaux de construction de l&rsquo;extension en juillet 2025.<\/p>\n<p class=\"bodytext\">Ce d&eacute;marrage pr&eacute;coce est n&eacute;cessaire car l&rsquo;abattage des arbres doit &ecirc;tre effectu&eacute; en dehors de la p&eacute;riode de reproduction des oiseaux, qui s&rsquo;&eacute;tend de d&eacute;but mars &agrave; fin septembre. De nouveaux arbres seront plant&eacute;s sur l&rsquo;ensemble du site apr&egrave;s l&rsquo;ach&egrave;vement de l&rsquo;extension. La biodiversit&eacute; sera ainsi mieux prise en compte sur le site de l&rsquo;&eacute;cole cantonale de Baden, pr&eacute;cise le communiqu&eacute;.<\/p>\n<p class=\"bodytext\">Le permis de construire pour l&rsquo;extension de l&rsquo;&eacute;cole cantonale est valable depuis fin octobre 2024. L&rsquo;extension comprendra une aile suppl&eacute;mentaire pour les math&eacute;matiques, l&rsquo;informatique, les sciences naturelles et la technique (MINT) et une aile pour le sport, y compris une double salle de sport.<\/p>\n<p class=\"bodytext\">En outre, les installations ext&eacute;rieures et les terrains de sport seront r&eacute;am&eacute;nag&eacute;s. L&rsquo;extension pr&eacute;vue repr&eacute;sente l&rsquo;am&eacute;nagement final du site sur la base de la planification scolaire actuelle, pr&eacute;cise le communiqu&eacute; du canton.<\/p>\n","protected":false},"excerpt":{"rendered":"<p>Les travaux d&rsquo;extension de l&rsquo;\u00e9cole cantonale de Baden commencent par des travaux pr\u00e9paratoires tels que le d\u00e9broussaillage et l&rsquo;abattage d&rsquo;arbres. Ils dureront jusqu&rsquo;au 14 f\u00e9vrier. Le d\u00e9but effectif des travaux est pr\u00e9vu pour l&rsquo;\u00e9t\u00e9.<\/p>\n","protected":false},"author":2,"featured_media":6870,"comment_status":"open","ping_status":"open","sticky":false,"template":"","format":"standard","meta":{"pmpro_default_level":"","inline_featured_image":false,"_monsterinsights_skip_tracking":false,"footnotes":""},"categories":[47467,743,22357,9824],"tags":[6781,872,3931,17652,11068,51923,2002],"class_list":["post-125932","post","type-post","status-publish","format-standard","has-post-thumbnail","hentry","category-baden-fr","category-immonews-fr","category-industrie-du-batiment","category-nouvelle-construction","tag-erweiterungsbau-fr","tag-immoinvest-fr","tag-immonews-fr","tag-informatik-fr","tag-kantonsschule-fr","tag-mathematik-fr","tag-news-fr","pmpro-has-access"],"acf":{"bild_mit_ki_erstellt_worden":[],"lead":"Les travaux d'extension de l'\u00e9cole cantonale de Baden commencent par des travaux pr\u00e9paratoires tels que le d\u00e9broussaillage et l'abattage d'arbres. Ils dureront jusqu'au 14 f\u00e9vrier. Le d\u00e9but effectif des travaux est pr\u00e9vu pour l'\u00e9t\u00e9.","autor":"ce\/gba\u00a0","ort":"Baden AG","bildunterschrift":"","bild_im_grid":false,"gallerie":"","newsim":""},"aioseo_notices":[],"aioseo_head":"\n\t\t<!-- All in One SEO 5.0.0.1 - aioseo.com -->\n\t<meta name=\"description\" content=\"Les travaux d&#039;extension de l&#039;\u00e9cole cantonale de Baden commencent par des travaux pr\u00e9paratoires tels que le d\u00e9broussaillage et l&#039;abattage d&#039;arbres. Ils dureront jusqu&#039;au 14 f\u00e9vrier. Le d\u00e9but effectif des travaux est pr\u00e9vu pour l&#039;\u00e9t\u00e9.\" \/>\n\t<meta name=\"robots\" content=\"max-image-preview:large\" \/>\n\t<meta name=\"author\" content=\"immovestuser\"\/>\n\t<meta name=\"google-site-verification\" content=\"fHJKvgWpZCR2zVBHWfkQeFXC11qieUSff0HGNYfuyLA\" \/>\n\t<link rel=\"canonical\" href=\"https:\/\/www.immo-invest.ch\/fr\/arbeiten-am-erweiterungsbau-der-kantonsschule-baden-beginnen\/\" \/>\n\t<meta name=\"generator\" content=\"All in One SEO (AIOSEO) 5.0.0.1\" \/>\n\t\t<meta property=\"og:locale\" content=\"fr_FR\" \/>\n\t\t<meta property=\"og:site_name\" content=\"immo!nvest - Die Plattform f\u00fcr Standorte und Immobilien - Die\u00a0Plattform f\u00fcr Standorte und Immobilien\" \/>\n\t\t<meta property=\"og:type\" content=\"article\" \/>\n\t\t<meta property=\"og:title\" content=\"Les travaux d\u2019agrandissement de l\u2019\u00e9cole cantonale de Baden commencent - immo!nvest - Die Plattform f\u00fcr Standorte und Immobilien\" \/>\n\t\t<meta property=\"og:description\" content=\"Les travaux d&#039;extension de l&#039;\u00e9cole cantonale de Baden commencent par des travaux pr\u00e9paratoires tels que le d\u00e9broussaillage et l&#039;abattage d&#039;arbres. Ils dureront jusqu&#039;au 14 f\u00e9vrier. Le d\u00e9but effectif des travaux est pr\u00e9vu pour l&#039;\u00e9t\u00e9.\" \/>\n\t\t<meta property=\"og:url\" content=\"https:\/\/www.immo-invest.ch\/fr\/arbeiten-am-erweiterungsbau-der-kantonsschule-baden-beginnen\/\" \/>\n\t\t<meta property=\"og:image\" content=\"https:\/\/www.immo-invest.ch\/wp-content\/uploads\/2020\/06\/bauen_5-1.png\" \/>\n\t\t<meta property=\"og:image:secure_url\" content=\"https:\/\/www.immo-invest.ch\/wp-content\/uploads\/2020\/06\/bauen_5-1.png\" \/>\n\t\t<meta property=\"og:image:width\" content=\"1200\" \/>\n\t\t<meta property=\"og:image:height\" content=\"628\" \/>\n\t\t<meta property=\"article:published_time\" content=\"2025-02-13T15:30:00+00:00\" \/>\n\t\t<meta property=\"article:modified_time\" content=\"2025-02-11T09:20:36+00:00\" \/>\n\t\t<meta property=\"article:publisher\" content=\"https:\/\/www.facebook.com\/people\/Immoinvest\/100077962920504\/\" \/>\n\t\t<meta name=\"twitter:card\" content=\"summary_large_image\" \/>\n\t\t<meta name=\"twitter:site\" content=\"@i\" \/>\n\t\t<meta name=\"twitter:title\" content=\"Les travaux d\u2019agrandissement de l\u2019\u00e9cole cantonale de Baden commencent - immo!nvest - Die Plattform f\u00fcr Standorte und Immobilien\" \/>\n\t\t<meta name=\"twitter:description\" content=\"Les travaux d&#039;extension de l&#039;\u00e9cole cantonale de Baden commencent par des travaux pr\u00e9paratoires tels que le d\u00e9broussaillage et l&#039;abattage d&#039;arbres. Ils dureront jusqu&#039;au 14 f\u00e9vrier. Le d\u00e9but effectif des travaux est pr\u00e9vu pour l&#039;\u00e9t\u00e9.\" \/>\n\t\t<meta name=\"twitter:creator\" content=\"@i\" \/>\n\t\t<meta name=\"twitter:image\" content=\"https:\/\/www.immo-invest.ch\/wp-content\/uploads\/2020\/06\/bauen_5-1.png\" \/>\n\t\t<script type=\"application\/ld+json\" class=\"aioseo-schema\">\n\t\t\t{\"@context\":\"https:\\\/\\\/schema.org\",\"@graph\":[{\"@type\":\"BlogPosting\",\"@id\":\"https:\\\/\\\/www.immo-invest.ch\\\/fr\\\/arbeiten-am-erweiterungsbau-der-kantonsschule-baden-beginnen\\\/#blogposting\",\"name\":\"Les travaux d\\u2019agrandissement de l\\u2019\\u00e9cole cantonale de Baden commencent - immo!nvest - Die Plattform f\\u00fcr Standorte und Immobilien\",\"headline\":\"Les travaux d&rsquo;agrandissement de l&rsquo;\\u00e9cole cantonale de Baden commencent\",\"author\":{\"@id\":\"https:\\\/\\\/www.immo-invest.ch\\\/fr\\\/author\\\/immovestuser\\\/#author\"},\"publisher\":{\"@id\":\"https:\\\/\\\/www.immo-invest.ch\\\/fr\\\/#organization\"},\"image\":{\"@type\":\"ImageObject\",\"url\":\"https:\\\/\\\/www.immo-invest.ch\\\/wp-content\\\/uploads\\\/2020\\\/06\\\/bauen_5-1.png\",\"width\":1200,\"height\":628},\"datePublished\":\"2025-02-13T16:30:00+01:00\",\"dateModified\":\"2025-02-11T10:20:36+01:00\",\"inLanguage\":\"fr-FR\",\"mainEntityOfPage\":{\"@id\":\"https:\\\/\\\/www.immo-invest.ch\\\/fr\\\/arbeiten-am-erweiterungsbau-der-kantonsschule-baden-beginnen\\\/#webpage\"},\"isPartOf\":{\"@id\":\"https:\\\/\\\/www.immo-invest.ch\\\/fr\\\/arbeiten-am-erweiterungsbau-der-kantonsschule-baden-beginnen\\\/#webpage\"},\"articleSection\":\"Baden, immoNews, Industrie du b\\u00e2timent, Nouvelle construction, Erweiterungsbau, Immoinvest, immoNews, Informatik, Kantonsschule, Mathematik, News, Facultatif\"},{\"@type\":\"BreadcrumbList\",\"@id\":\"https:\\\/\\\/www.immo-invest.ch\\\/fr\\\/arbeiten-am-erweiterungsbau-der-kantonsschule-baden-beginnen\\\/#breadcrumblist\",\"itemListElement\":[{\"@type\":\"ListItem\",\"@id\":\"https:\\\/\\\/www.immo-invest.ch\\\/fr\\\/#listItem\",\"position\":1,\"name\":\"Home\",\"item\":\"https:\\\/\\\/www.immo-invest.ch\\\/fr\\\/\",\"nextItem\":{\"@type\":\"ListItem\",\"@id\":\"https:\\\/\\\/www.immo-invest.ch\\\/fr\\\/categories\\\/regions\\\/#listItem\",\"name\":\"R\\u00e9gions\"}},{\"@type\":\"ListItem\",\"@id\":\"https:\\\/\\\/www.immo-invest.ch\\\/fr\\\/categories\\\/regions\\\/#listItem\",\"position\":2,\"name\":\"R\\u00e9gions\",\"item\":\"https:\\\/\\\/www.immo-invest.ch\\\/fr\\\/categories\\\/regions\\\/\",\"nextItem\":{\"@type\":\"ListItem\",\"@id\":\"https:\\\/\\\/www.immo-invest.ch\\\/fr\\\/categories\\\/regions\\\/suisse\\\/#listItem\",\"name\":\"Suisse\"},\"previousItem\":{\"@type\":\"ListItem\",\"@id\":\"https:\\\/\\\/www.immo-invest.ch\\\/fr\\\/#listItem\",\"name\":\"Home\"}},{\"@type\":\"ListItem\",\"@id\":\"https:\\\/\\\/www.immo-invest.ch\\\/fr\\\/categories\\\/regions\\\/suisse\\\/#listItem\",\"position\":3,\"name\":\"Suisse\",\"item\":\"https:\\\/\\\/www.immo-invest.ch\\\/fr\\\/categories\\\/regions\\\/suisse\\\/\",\"nextItem\":{\"@type\":\"ListItem\",\"@id\":\"https:\\\/\\\/www.immo-invest.ch\\\/fr\\\/categories\\\/regions\\\/suisse\\\/suisse-du-nord-ouest\\\/#listItem\",\"name\":\"Suisse du Nord-Ouest\"},\"previousItem\":{\"@type\":\"ListItem\",\"@id\":\"https:\\\/\\\/www.immo-invest.ch\\\/fr\\\/categories\\\/regions\\\/#listItem\",\"name\":\"R\\u00e9gions\"}},{\"@type\":\"ListItem\",\"@id\":\"https:\\\/\\\/www.immo-invest.ch\\\/fr\\\/categories\\\/regions\\\/suisse\\\/suisse-du-nord-ouest\\\/#listItem\",\"position\":4,\"name\":\"Suisse du Nord-Ouest\",\"item\":\"https:\\\/\\\/www.immo-invest.ch\\\/fr\\\/categories\\\/regions\\\/suisse\\\/suisse-du-nord-ouest\\\/\",\"nextItem\":{\"@type\":\"ListItem\",\"@id\":\"https:\\\/\\\/www.immo-invest.ch\\\/fr\\\/categories\\\/regions\\\/suisse\\\/suisse-du-nord-ouest\\\/region-aarau\\\/#listItem\",\"name\":\"Aargau\"},\"previousItem\":{\"@type\":\"ListItem\",\"@id\":\"https:\\\/\\\/www.immo-invest.ch\\\/fr\\\/categories\\\/regions\\\/suisse\\\/#listItem\",\"name\":\"Suisse\"}},{\"@type\":\"ListItem\",\"@id\":\"https:\\\/\\\/www.immo-invest.ch\\\/fr\\\/categories\\\/regions\\\/suisse\\\/suisse-du-nord-ouest\\\/region-aarau\\\/#listItem\",\"position\":5,\"name\":\"Aargau\",\"item\":\"https:\\\/\\\/www.immo-invest.ch\\\/fr\\\/categories\\\/regions\\\/suisse\\\/suisse-du-nord-ouest\\\/region-aarau\\\/\",\"nextItem\":{\"@type\":\"ListItem\",\"@id\":\"https:\\\/\\\/www.immo-invest.ch\\\/fr\\\/categories\\\/regions\\\/suisse\\\/suisse-du-nord-ouest\\\/region-aarau\\\/baden-fr\\\/#listItem\",\"name\":\"Baden\"},\"previousItem\":{\"@type\":\"ListItem\",\"@id\":\"https:\\\/\\\/www.immo-invest.ch\\\/fr\\\/categories\\\/regions\\\/suisse\\\/suisse-du-nord-ouest\\\/#listItem\",\"name\":\"Suisse du Nord-Ouest\"}},{\"@type\":\"ListItem\",\"@id\":\"https:\\\/\\\/www.immo-invest.ch\\\/fr\\\/categories\\\/regions\\\/suisse\\\/suisse-du-nord-ouest\\\/region-aarau\\\/baden-fr\\\/#listItem\",\"position\":6,\"name\":\"Baden\",\"item\":\"https:\\\/\\\/www.immo-invest.ch\\\/fr\\\/categories\\\/regions\\\/suisse\\\/suisse-du-nord-ouest\\\/region-aarau\\\/baden-fr\\\/\",\"nextItem\":{\"@type\":\"ListItem\",\"@id\":\"https:\\\/\\\/www.immo-invest.ch\\\/fr\\\/arbeiten-am-erweiterungsbau-der-kantonsschule-baden-beginnen\\\/#listItem\",\"name\":\"Les travaux d&rsquo;agrandissement de l&rsquo;\\u00e9cole cantonale de Baden commencent\"},\"previousItem\":{\"@type\":\"ListItem\",\"@id\":\"https:\\\/\\\/www.immo-invest.ch\\\/fr\\\/categories\\\/regions\\\/suisse\\\/suisse-du-nord-ouest\\\/region-aarau\\\/#listItem\",\"name\":\"Aargau\"}},{\"@type\":\"ListItem\",\"@id\":\"https:\\\/\\\/www.immo-invest.ch\\\/fr\\\/arbeiten-am-erweiterungsbau-der-kantonsschule-baden-beginnen\\\/#listItem\",\"position\":7,\"name\":\"Les travaux d&rsquo;agrandissement de l&rsquo;\\u00e9cole cantonale de Baden commencent\",\"previousItem\":{\"@type\":\"ListItem\",\"@id\":\"https:\\\/\\\/www.immo-invest.ch\\\/fr\\\/categories\\\/regions\\\/suisse\\\/suisse-du-nord-ouest\\\/region-aarau\\\/baden-fr\\\/#listItem\",\"name\":\"Baden\"}}]},{\"@type\":\"Organization\",\"@id\":\"https:\\\/\\\/www.immo-invest.ch\\\/fr\\\/#organization\",\"name\":\"immo!nvest - Die Plattform f\\u00fcr Standorte und Immobilien\",\"description\":\"Die\\u00a0Plattform f\\u00fcr Standorte und Immobilien\",\"url\":\"https:\\\/\\\/www.immo-invest.ch\\\/fr\\\/\",\"email\":\"admin@immomedia.ag\",\"telephone\":\"+41444420002\",\"logo\":{\"@type\":\"ImageObject\",\"url\":\"https:\\\/\\\/www.immo-invest.ch\\\/wp-content\\\/uploads\\\/2024\\\/09\\\/immoinvest_sm-scaled.jpg\",\"@id\":\"https:\\\/\\\/www.immo-invest.ch\\\/fr\\\/arbeiten-am-erweiterungsbau-der-kantonsschule-baden-beginnen\\\/#organizationLogo\",\"width\":2560,\"height\":1340},\"image\":{\"@id\":\"https:\\\/\\\/www.immo-invest.ch\\\/fr\\\/arbeiten-am-erweiterungsbau-der-kantonsschule-baden-beginnen\\\/#organizationLogo\"},\"sameAs\":[\"https:\\\/\\\/www.facebook.com\\\/people\\\/Immoinvest\\\/100077962920504\\\/\",\"https:\\\/\\\/x.com\\\/i\\\/flow\\\/login?redirect_after_login=immoinvest_ch\",\"https:\\\/\\\/www.instagram.com\\\/immoinvest_ch\\\/\",\"https:\\\/\\\/www.linkedin.com\\\/company\\\/immoinvest-swiss\"]},{\"@type\":\"Person\",\"@id\":\"https:\\\/\\\/www.immo-invest.ch\\\/fr\\\/author\\\/immovestuser\\\/#author\",\"url\":\"https:\\\/\\\/www.immo-invest.ch\\\/fr\\\/author\\\/immovestuser\\\/\",\"name\":\"immovestuser\",\"image\":{\"@type\":\"ImageObject\",\"@id\":\"https:\\\/\\\/www.immo-invest.ch\\\/fr\\\/arbeiten-am-erweiterungsbau-der-kantonsschule-baden-beginnen\\\/#authorImage\",\"url\":\"https:\\\/\\\/secure.gravatar.com\\\/avatar\\\/8e01f4d99f2eeea7a362ebb93305e1172a70e9293ba250f897a65c39f54cdd1e?s=96&d=mm&r=g\",\"width\":96,\"height\":96,\"caption\":\"immovestuser\"}},{\"@type\":\"WebPage\",\"@id\":\"https:\\\/\\\/www.immo-invest.ch\\\/fr\\\/arbeiten-am-erweiterungsbau-der-kantonsschule-baden-beginnen\\\/#webpage\",\"url\":\"https:\\\/\\\/www.immo-invest.ch\\\/fr\\\/arbeiten-am-erweiterungsbau-der-kantonsschule-baden-beginnen\\\/\",\"name\":\"Les travaux d\\u2019agrandissement de l\\u2019\\u00e9cole cantonale de Baden commencent - immo!nvest - Die Plattform f\\u00fcr Standorte und Immobilien\",\"description\":\"Les travaux d'extension de l'\\u00e9cole cantonale de Baden commencent par des travaux pr\\u00e9paratoires tels que le d\\u00e9broussaillage et l'abattage d'arbres. Ils dureront jusqu'au 14 f\\u00e9vrier. Le d\\u00e9but effectif des travaux est pr\\u00e9vu pour l'\\u00e9t\\u00e9.\",\"inLanguage\":\"fr-FR\",\"isPartOf\":{\"@id\":\"https:\\\/\\\/www.immo-invest.ch\\\/fr\\\/#website\"},\"breadcrumb\":{\"@id\":\"https:\\\/\\\/www.immo-invest.ch\\\/fr\\\/arbeiten-am-erweiterungsbau-der-kantonsschule-baden-beginnen\\\/#breadcrumblist\"},\"author\":{\"@id\":\"https:\\\/\\\/www.immo-invest.ch\\\/fr\\\/author\\\/immovestuser\\\/#author\"},\"creator\":{\"@id\":\"https:\\\/\\\/www.immo-invest.ch\\\/fr\\\/author\\\/immovestuser\\\/#author\"},\"image\":{\"@type\":\"ImageObject\",\"url\":\"https:\\\/\\\/www.immo-invest.ch\\\/wp-content\\\/uploads\\\/2020\\\/06\\\/bauen_5-1.png\",\"@id\":\"https:\\\/\\\/www.immo-invest.ch\\\/fr\\\/arbeiten-am-erweiterungsbau-der-kantonsschule-baden-beginnen\\\/#mainImage\",\"width\":1200,\"height\":628},\"primaryImageOfPage\":{\"@id\":\"https:\\\/\\\/www.immo-invest.ch\\\/fr\\\/arbeiten-am-erweiterungsbau-der-kantonsschule-baden-beginnen\\\/#mainImage\"},\"datePublished\":\"2025-02-13T16:30:00+01:00\",\"dateModified\":\"2025-02-11T10:20:36+01:00\"},{\"@type\":\"WebSite\",\"@id\":\"https:\\\/\\\/www.immo-invest.ch\\\/fr\\\/#website\",\"url\":\"https:\\\/\\\/www.immo-invest.ch\\\/fr\\\/\",\"name\":\"immo!nvest - Die Plattform f\\u00fcr Standorte und Immobilien\",\"description\":\"Die\\u00a0Plattform f\\u00fcr Standorte und Immobilien\",\"inLanguage\":\"fr-FR\",\"publisher\":{\"@id\":\"https:\\\/\\\/www.immo-invest.ch\\\/fr\\\/#organization\"}}]}\n\t\t<\/script>\n\t\t<!-- All in One SEO -->\n\n","aioseo_head_json":{"title":"Les travaux d\u2019agrandissement de l\u2019\u00e9cole cantonale de Baden commencent - immo!nvest - Die Plattform f\u00fcr Standorte und Immobilien","description":"Les travaux d'extension de l'\u00e9cole cantonale de Baden commencent par des travaux pr\u00e9paratoires tels que le d\u00e9broussaillage et l'abattage d'arbres. Ils dureront jusqu'au 14 f\u00e9vrier. Le d\u00e9but effectif des travaux est pr\u00e9vu pour l'\u00e9t\u00e9.","canonical_url":"https:\/\/www.immo-invest.ch\/fr\/arbeiten-am-erweiterungsbau-der-kantonsschule-baden-beginnen\/","robots":"max-image-preview:large","keywords":"","webmasterTools":{"google-site-verification":"fHJKvgWpZCR2zVBHWfkQeFXC11qieUSff0HGNYfuyLA","miscellaneous":""},"schema":{"@context":"https:\/\/schema.org","@graph":[{"@type":"BlogPosting","@id":"https:\/\/www.immo-invest.ch\/fr\/arbeiten-am-erweiterungsbau-der-kantonsschule-baden-beginnen\/#blogposting","name":"Les travaux d\u2019agrandissement de l\u2019\u00e9cole cantonale de Baden commencent - immo!nvest - Die Plattform f\u00fcr Standorte und Immobilien","headline":"Les travaux d&rsquo;agrandissement de l&rsquo;\u00e9cole cantonale de Baden commencent","author":{"@id":"https:\/\/www.immo-invest.ch\/fr\/author\/immovestuser\/#author"},"publisher":{"@id":"https:\/\/www.immo-invest.ch\/fr\/#organization"},"image":{"@type":"ImageObject","url":"https:\/\/www.immo-invest.ch\/wp-content\/uploads\/2020\/06\/bauen_5-1.png","width":1200,"height":628},"datePublished":"2025-02-13T16:30:00+01:00","dateModified":"2025-02-11T10:20:36+01:00","inLanguage":"fr-FR","mainEntityOfPage":{"@id":"https:\/\/www.immo-invest.ch\/fr\/arbeiten-am-erweiterungsbau-der-kantonsschule-baden-beginnen\/#webpage"},"isPartOf":{"@id":"https:\/\/www.immo-invest.ch\/fr\/arbeiten-am-erweiterungsbau-der-kantonsschule-baden-beginnen\/#webpage"},"articleSection":"Baden, immoNews, Industrie du b\u00e2timent, Nouvelle construction, Erweiterungsbau, Immoinvest, immoNews, Informatik, Kantonsschule, Mathematik, News, Facultatif"},{"@type":"BreadcrumbList","@id":"https:\/\/www.immo-invest.ch\/fr\/arbeiten-am-erweiterungsbau-der-kantonsschule-baden-beginnen\/#breadcrumblist","itemListElement":[{"@type":"ListItem","@id":"https:\/\/www.immo-invest.ch\/fr\/#listItem","position":1,"name":"Home","item":"https:\/\/www.immo-invest.ch\/fr\/","nextItem":{"@type":"ListItem","@id":"https:\/\/www.immo-invest.ch\/fr\/categories\/regions\/#listItem","name":"R\u00e9gions"}},{"@type":"ListItem","@id":"https:\/\/www.immo-invest.ch\/fr\/categories\/regions\/#listItem","position":2,"name":"R\u00e9gions","item":"https:\/\/www.immo-invest.ch\/fr\/categories\/regions\/","nextItem":{"@type":"ListItem","@id":"https:\/\/www.immo-invest.ch\/fr\/categories\/regions\/suisse\/#listItem","name":"Suisse"},"previousItem":{"@type":"ListItem","@id":"https:\/\/www.immo-invest.ch\/fr\/#listItem","name":"Home"}},{"@type":"ListItem","@id":"https:\/\/www.immo-invest.ch\/fr\/categories\/regions\/suisse\/#listItem","position":3,"name":"Suisse","item":"https:\/\/www.immo-invest.ch\/fr\/categories\/regions\/suisse\/","nextItem":{"@type":"ListItem","@id":"https:\/\/www.immo-invest.ch\/fr\/categories\/regions\/suisse\/suisse-du-nord-ouest\/#listItem","name":"Suisse du Nord-Ouest"},"previousItem":{"@type":"ListItem","@id":"https:\/\/www.immo-invest.ch\/fr\/categories\/regions\/#listItem","name":"R\u00e9gions"}},{"@type":"ListItem","@id":"https:\/\/www.immo-invest.ch\/fr\/categories\/regions\/suisse\/suisse-du-nord-ouest\/#listItem","position":4,"name":"Suisse du Nord-Ouest","item":"https:\/\/www.immo-invest.ch\/fr\/categories\/regions\/suisse\/suisse-du-nord-ouest\/","nextItem":{"@type":"ListItem","@id":"https:\/\/www.immo-invest.ch\/fr\/categories\/regions\/suisse\/suisse-du-nord-ouest\/region-aarau\/#listItem","name":"Aargau"},"previousItem":{"@type":"ListItem","@id":"https:\/\/www.immo-invest.ch\/fr\/categories\/regions\/suisse\/#listItem","name":"Suisse"}},{"@type":"ListItem","@id":"https:\/\/www.immo-invest.ch\/fr\/categories\/regions\/suisse\/suisse-du-nord-ouest\/region-aarau\/#listItem","position":5,"name":"Aargau","item":"https:\/\/www.immo-invest.ch\/fr\/categories\/regions\/suisse\/suisse-du-nord-ouest\/region-aarau\/","nextItem":{"@type":"ListItem","@id":"https:\/\/www.immo-invest.ch\/fr\/categories\/regions\/suisse\/suisse-du-nord-ouest\/region-aarau\/baden-fr\/#listItem","name":"Baden"},"previousItem":{"@type":"ListItem","@id":"https:\/\/www.immo-invest.ch\/fr\/categories\/regions\/suisse\/suisse-du-nord-ouest\/#listItem","name":"Suisse du Nord-Ouest"}},{"@type":"ListItem","@id":"https:\/\/www.immo-invest.ch\/fr\/categories\/regions\/suisse\/suisse-du-nord-ouest\/region-aarau\/baden-fr\/#listItem","position":6,"name":"Baden","item":"https:\/\/www.immo-invest.ch\/fr\/categories\/regions\/suisse\/suisse-du-nord-ouest\/region-aarau\/baden-fr\/","nextItem":{"@type":"ListItem","@id":"https:\/\/www.immo-invest.ch\/fr\/arbeiten-am-erweiterungsbau-der-kantonsschule-baden-beginnen\/#listItem","name":"Les travaux d&rsquo;agrandissement de l&rsquo;\u00e9cole cantonale de Baden commencent"},"previousItem":{"@type":"ListItem","@id":"https:\/\/www.immo-invest.ch\/fr\/categories\/regions\/suisse\/suisse-du-nord-ouest\/region-aarau\/#listItem","name":"Aargau"}},{"@type":"ListItem","@id":"https:\/\/www.immo-invest.ch\/fr\/arbeiten-am-erweiterungsbau-der-kantonsschule-baden-beginnen\/#listItem","position":7,"name":"Les travaux d&rsquo;agrandissement de l&rsquo;\u00e9cole cantonale de Baden commencent","previousItem":{"@type":"ListItem","@id":"https:\/\/www.immo-invest.ch\/fr\/categories\/regions\/suisse\/suisse-du-nord-ouest\/region-aarau\/baden-fr\/#listItem","name":"Baden"}}]},{"@type":"Organization","@id":"https:\/\/www.immo-invest.ch\/fr\/#organization","name":"immo!nvest - Die Plattform f\u00fcr Standorte und Immobilien","description":"Die\u00a0Plattform f\u00fcr Standorte und Immobilien","url":"https:\/\/www.immo-invest.ch\/fr\/","email":"admin@immomedia.ag","telephone":"+41444420002","logo":{"@type":"ImageObject","url":"https:\/\/www.immo-invest.ch\/wp-content\/uploads\/2024\/09\/immoinvest_sm-scaled.jpg","@id":"https:\/\/www.immo-invest.ch\/fr\/arbeiten-am-erweiterungsbau-der-kantonsschule-baden-beginnen\/#organizationLogo","width":2560,"height":1340},"image":{"@id":"https:\/\/www.immo-invest.ch\/fr\/arbeiten-am-erweiterungsbau-der-kantonsschule-baden-beginnen\/#organizationLogo"},"sameAs":["https:\/\/www.facebook.com\/people\/Immoinvest\/100077962920504\/","https:\/\/x.com\/i\/flow\/login?redirect_after_login=immoinvest_ch","https:\/\/www.instagram.com\/immoinvest_ch\/","https:\/\/www.linkedin.com\/company\/immoinvest-swiss"]},{"@type":"Person","@id":"https:\/\/www.immo-invest.ch\/fr\/author\/immovestuser\/#author","url":"https:\/\/www.immo-invest.ch\/fr\/author\/immovestuser\/","name":"immovestuser","image":{"@type":"ImageObject","@id":"https:\/\/www.immo-invest.ch\/fr\/arbeiten-am-erweiterungsbau-der-kantonsschule-baden-beginnen\/#authorImage","url":"https:\/\/secure.gravatar.com\/avatar\/8e01f4d99f2eeea7a362ebb93305e1172a70e9293ba250f897a65c39f54cdd1e?s=96&d=mm&r=g","width":96,"height":96,"caption":"immovestuser"}},{"@type":"WebPage","@id":"https:\/\/www.immo-invest.ch\/fr\/arbeiten-am-erweiterungsbau-der-kantonsschule-baden-beginnen\/#webpage","url":"https:\/\/www.immo-invest.ch\/fr\/arbeiten-am-erweiterungsbau-der-kantonsschule-baden-beginnen\/","name":"Les travaux d\u2019agrandissement de l\u2019\u00e9cole cantonale de Baden commencent - immo!nvest - Die Plattform f\u00fcr Standorte und Immobilien","description":"Les travaux d'extension de l'\u00e9cole cantonale de Baden commencent par des travaux pr\u00e9paratoires tels que le d\u00e9broussaillage et l'abattage d'arbres. Ils dureront jusqu'au 14 f\u00e9vrier. Le d\u00e9but effectif des travaux est pr\u00e9vu pour l'\u00e9t\u00e9.","inLanguage":"fr-FR","isPartOf":{"@id":"https:\/\/www.immo-invest.ch\/fr\/#website"},"breadcrumb":{"@id":"https:\/\/www.immo-invest.ch\/fr\/arbeiten-am-erweiterungsbau-der-kantonsschule-baden-beginnen\/#breadcrumblist"},"author":{"@id":"https:\/\/www.immo-invest.ch\/fr\/author\/immovestuser\/#author"},"creator":{"@id":"https:\/\/www.immo-invest.ch\/fr\/author\/immovestuser\/#author"},"image":{"@type":"ImageObject","url":"https:\/\/www.immo-invest.ch\/wp-content\/uploads\/2020\/06\/bauen_5-1.png","@id":"https:\/\/www.immo-invest.ch\/fr\/arbeiten-am-erweiterungsbau-der-kantonsschule-baden-beginnen\/#mainImage","width":1200,"height":628},"primaryImageOfPage":{"@id":"https:\/\/www.immo-invest.ch\/fr\/arbeiten-am-erweiterungsbau-der-kantonsschule-baden-beginnen\/#mainImage"},"datePublished":"2025-02-13T16:30:00+01:00","dateModified":"2025-02-11T10:20:36+01:00"},{"@type":"WebSite","@id":"https:\/\/www.immo-invest.ch\/fr\/#website","url":"https:\/\/www.immo-invest.ch\/fr\/","name":"immo!nvest - Die Plattform f\u00fcr Standorte und Immobilien","description":"Die\u00a0Plattform f\u00fcr Standorte und Immobilien","inLanguage":"fr-FR","publisher":{"@id":"https:\/\/www.immo-invest.ch\/fr\/#organization"}}]},"og:locale":"fr_FR","og:site_name":"immo!nvest - Die Plattform f\u00fcr Standorte und Immobilien - Die\u00a0Plattform f\u00fcr Standorte und Immobilien","og:type":"article","og:title":"Les travaux d\u2019agrandissement de l\u2019\u00e9cole cantonale de Baden commencent - immo!nvest - Die Plattform f\u00fcr Standorte und Immobilien","og:description":"Les travaux d'extension de l'\u00e9cole cantonale de Baden commencent par des travaux pr\u00e9paratoires tels que le d\u00e9broussaillage et l'abattage d'arbres. Ils dureront jusqu'au 14 f\u00e9vrier. Le d\u00e9but effectif des travaux est pr\u00e9vu pour l'\u00e9t\u00e9.","og:url":"https:\/\/www.immo-invest.ch\/fr\/arbeiten-am-erweiterungsbau-der-kantonsschule-baden-beginnen\/","og:image":"https:\/\/www.immo-invest.ch\/wp-content\/uploads\/2020\/06\/bauen_5-1.png","og:image:secure_url":"https:\/\/www.immo-invest.ch\/wp-content\/uploads\/2020\/06\/bauen_5-1.png","og:image:width":1200,"og:image:height":628,"article:published_time":"2025-02-13T15:30:00+00:00","article:modified_time":"2025-02-11T09:20:36+00:00","article:publisher":"https:\/\/www.facebook.com\/people\/Immoinvest\/100077962920504\/","twitter:card":"summary_large_image","twitter:site":"@i","twitter:title":"Les travaux d\u2019agrandissement de l\u2019\u00e9cole cantonale de Baden commencent - immo!nvest - Die Plattform f\u00fcr Standorte und Immobilien","twitter:description":"Les travaux d'extension de l'\u00e9cole cantonale de Baden commencent par des travaux pr\u00e9paratoires tels que le d\u00e9broussaillage et l'abattage d'arbres. Ils dureront jusqu'au 14 f\u00e9vrier. Le d\u00e9but effectif des travaux est pr\u00e9vu pour l'\u00e9t\u00e9.","twitter:creator":"@i","twitter:image":"https:\/\/www.immo-invest.ch\/wp-content\/uploads\/2020\/06\/bauen_5-1.png"},"aioseo_meta_data":{"post_id":"125932","title":null,"description":null,"keywords":null,"keyphrases":{"focus":{"keyphrase":"","score":0,"analysis":{"keyphraseInTitle":{"score":0,"maxScore":9,"error":1}}},"additional":[]},"primary_term":null,"canonical_url":null,"og_title":null,"og_description":null,"og_object_type":"default","og_image_type":"default","og_image_url":null,"og_image_width":null,"og_image_height":null,"og_image_custom_url":null,"og_image_custom_fields":null,"og_video":"","og_custom_url":null,"og_article_section":null,"og_article_tags":null,"twitter_use_og":false,"twitter_card":"default","twitter_image_type":"default","twitter_image_url":null,"twitter_image_custom_url":null,"twitter_image_custom_fields":null,"twitter_title":null,"twitter_description":null,"schema":{"blockGraphs":[],"customGraphs":[],"default":{"data":{"Article":[],"Course":[],"Dataset":[],"FAQPage":[],"Movie":[],"Person":[],"Product":[],"ProductReview":[],"Car":[],"Recipe":[],"Service":[],"SoftwareApplication":[],"WebPage":[]},"graphName":"BlogPosting","isEnabled":true},"graphs":[]},"schema_type":"default","schema_type_options":null,"pillar_content":false,"robots_default":true,"robots_noindex":false,"robots_noarchive":false,"robots_nosnippet":false,"robots_nofollow":false,"robots_noimageindex":false,"robots_noodp":false,"robots_notranslate":false,"robots_max_snippet":"-1","robots_max_videopreview":"-1","robots_max_imagepreview":"large","priority":null,"frequency":"default","local_seo":null,"breadcrumb_settings":null,"limit_modified_date":false,"ai":null,"created":"2025-02-11 09:20:39","updated":"2025-10-24 16:46:13","seo_analyzer_scan_date":null,"focus_keyword":null,"additional_keywords":null,"truseo_locale":null},"aioseo_breadcrumb":"<div class=\"aioseo-breadcrumbs\"><span class=\"aioseo-breadcrumb\">\n\t\t\t<a href=\"https:\/\/www.immo-invest.ch\/fr\/\" title=\"Home\">Home<\/a>\n\t\t<\/span><span class=\"aioseo-breadcrumb-separator\">&raquo;<\/span><span class=\"aioseo-breadcrumb\">\n\t\t\t<a href=\"https:\/\/www.immo-invest.ch\/fr\/categories\/regions\/\" title=\"R\u00e9gions\">R\u00e9gions<\/a>\n\t\t<\/span><span class=\"aioseo-breadcrumb-separator\">&raquo;<\/span><span class=\"aioseo-breadcrumb\">\n\t\t\t<a href=\"https:\/\/www.immo-invest.ch\/fr\/categories\/regions\/suisse\/\" title=\"Suisse\">Suisse<\/a>\n\t\t<\/span><span class=\"aioseo-breadcrumb-separator\">&raquo;<\/span><span class=\"aioseo-breadcrumb\">\n\t\t\t<a href=\"https:\/\/www.immo-invest.ch\/fr\/categories\/regions\/suisse\/suisse-du-nord-ouest\/\" title=\"Suisse du Nord-Ouest\">Suisse du Nord-Ouest<\/a>\n\t\t<\/span><span class=\"aioseo-breadcrumb-separator\">&raquo;<\/span><span class=\"aioseo-breadcrumb\">\n\t\t\t<a href=\"https:\/\/www.immo-invest.ch\/fr\/categories\/regions\/suisse\/suisse-du-nord-ouest\/region-aarau\/\" title=\"Aargau\">Aargau<\/a>\n\t\t<\/span><span class=\"aioseo-breadcrumb-separator\">&raquo;<\/span><span class=\"aioseo-breadcrumb\">\n\t\t\t<a href=\"https:\/\/www.immo-invest.ch\/fr\/categories\/regions\/suisse\/suisse-du-nord-ouest\/region-aarau\/baden-fr\/\" title=\"Baden\">Baden<\/a>\n\t\t<\/span><span class=\"aioseo-breadcrumb-separator\">&raquo;<\/span><span class=\"aioseo-breadcrumb\">\n\t\t\tLes travaux d\u2019agrandissement de l\u2019\u00e9cole cantonale de Baden commencent\n\t\t<\/span><\/div>","aioseo_breadcrumb_json":[{"label":"Home","link":"https:\/\/www.immo-invest.ch\/fr\/"},{"label":"R\u00e9gions","link":"https:\/\/www.immo-invest.ch\/fr\/categories\/regions\/"},{"label":"Suisse","link":"https:\/\/www.immo-invest.ch\/fr\/categories\/regions\/suisse\/"},{"label":"Suisse du Nord-Ouest","link":"https:\/\/www.immo-invest.ch\/fr\/categories\/regions\/suisse\/suisse-du-nord-ouest\/"},{"label":"Aargau","link":"https:\/\/www.immo-invest.ch\/fr\/categories\/regions\/suisse\/suisse-du-nord-ouest\/region-aarau\/"},{"label":"Baden","link":"https:\/\/www.immo-invest.ch\/fr\/categories\/regions\/suisse\/suisse-du-nord-ouest\/region-aarau\/baden-fr\/"},{"label":"Les travaux d&rsquo;agrandissement de l&rsquo;\u00e9cole cantonale de Baden commencent","link":"https:\/\/www.immo-invest.ch\/fr\/arbeiten-am-erweiterungsbau-der-kantonsschule-baden-beginnen\/"}],"featured_image_src":"https:\/\/www.immo-invest.ch\/wp-content\/uploads\/2020\/06\/bauen_5-1-150x150.png","_links":{"self":[{"href":"https:\/\/www.immo-invest.ch\/fr\/wp-json\/wp\/v2\/posts\/125932","targetHints":{"allow":["GET"]}}],"collection":[{"href":"https:\/\/www.immo-invest.ch\/fr\/wp-json\/wp\/v2\/posts"}],"about":[{"href":"https:\/\/www.immo-invest.ch\/fr\/wp-json\/wp\/v2\/types\/post"}],"author":[{"embeddable":true,"href":"https:\/\/www.immo-invest.ch\/fr\/wp-json\/wp\/v2\/users\/2"}],"replies":[{"embeddable":true,"href":"https:\/\/www.immo-invest.ch\/fr\/wp-json\/wp\/v2\/comments?post=125932"}],"version-history":[{"count":0,"href":"https:\/\/www.immo-invest.ch\/fr\/wp-json\/wp\/v2\/posts\/125932\/revisions"}],"wp:featuredmedia":[{"embeddable":true,"href":"https:\/\/www.immo-invest.ch\/fr\/wp-json\/wp\/v2\/media\/6870"}],"wp:attachment":[{"href":"https:\/\/www.immo-invest.ch\/fr\/wp-json\/wp\/v2\/media?parent=125932"}],"wp:term":[{"taxonomy":"category","embeddable":true,"href":"https:\/\/www.immo-invest.ch\/fr\/wp-json\/wp\/v2\/categories?post=125932"},{"taxonomy":"post_tag","embeddable":true,"href":"https:\/\/www.immo-invest.ch\/fr\/wp-json\/wp\/v2\/tags?post=125932"}],"curies":[{"name":"wp","href":"https:\/\/api.w.org\/{rel}","templated":true}]}}