{"id":125857,"date":"2025-02-10T14:29:49","date_gmt":"2025-02-10T13:29:49","guid":{"rendered":"https:\/\/www.immo-invest.ch\/?p=125857"},"modified":"2025-02-10T08:56:30","modified_gmt":"2025-02-10T07:56:30","slug":"basel-investiert-in-nachhaltige-waermeinfrastruktur","status":"publish","type":"post","link":"https:\/\/www.immo-invest.ch\/fr\/basel-investiert-in-nachhaltige-waermeinfrastruktur\/","title":{"rendered":"B\u00e2le investit dans une infrastructure thermique durable"},"content":{"rendered":"<p class=\"bodytext\"><a href=\"https:\/\/www.iwb.ch\/\" target=\"_blank\" rel=\"noopener\">IWB<\/a> et le <a href=\"https:\/\/www.bs.ch\/bvd\" target=\"_blank\" rel=\"noopener\">d&eacute;partement de la construction et des transports<\/a> du canton <a href=\"https:\/\/www.bs.ch\/\" target=\"_blank\" rel=\"noopener\">de B&acirc;le-Ville<\/a> s&rsquo;attaquent &agrave; la construction d&rsquo;une nouvelle conduite de chauffage urbain dans le <span class=\"glossaryLink\" aria-describedby=\"tt\" data-cmtooltip=\"&lt;div class=glossaryItemTitle&gt;Quartier&lt;\/div&gt;&lt;div class=glossaryItemBody&gt;Amtliches, historisches, soziales oder stadtplanerisches Stadtviertel&lt;\/div&gt;\" data-mobile-support=\"0\" data-gt-translate-attributes='[{\"attribute\":\"data-cmtooltip\", \"format\":\"html\"}]' tabindex=\"0\" role=\"link\">quartier<\/span> de Bachletten. Les travaux de construction doivent d&eacute;buter le 3 f&eacute;vrier, informent les deux partenaires dans un <a href=\"https:\/\/www.iwb.ch\/ueber-uns\/newsroom\/medienmitteilungen\/artikel~_Fernw%C3%A4rme-und-mehr-Gr%C3%BCn-f%C3%BCr-die-Therwilerstrasse-und-die-Paulusgasse~\" target=\"_blank\" rel=\"noopener\">communiqu&eacute;<\/a> commun. Les travaux sont divis&eacute;s en cinq &eacute;tapes qui vont de la Paulusgasse &agrave; la R&uuml;timeyerplatz en passant par la Arnold-B&ouml;cklin-Strasse et la Therwilerstrasse.<\/p>\n<p class=\"bodytext\">Dans le cadre de la mise en place de la nouvelle conduite de chaleur, le canton pr&eacute;voit &eacute;galement de renouveler les conduites d&rsquo;&eacute;lectricit&eacute; et d&rsquo;eau des rues concern&eacute;es. En outre, il est pr&eacute;vu de &laquo;&nbsp;v&eacute;g&eacute;taliser et de d&eacute;senclaver partiellement la surface des rues&nbsp;&raquo;, indique le communiqu&eacute;. Pour ce faire, des arbres seront plant&eacute;s dans de petites cuvettes et les places de stationnement seront am&eacute;nag&eacute;es avec des pav&eacute;s de jointoiement en gazon, afin que l&rsquo;eau puisse s&rsquo;infiltrer dans le sous-sol. Le r&eacute;am&eacute;nagement de la surface d&eacute;pend toutefois encore actuellement de l&rsquo;issue des oppositions en suspens.<\/p>\n<p class=\"bodytext\">D&rsquo;ici 2031, IWB devrait &eacute;galement installer des conduites de chauffage &agrave; distance et renouveler les canalisations dans d&rsquo;autres rues du <span class=\"glossaryLink\" aria-describedby=\"tt\" data-cmtooltip=\"&lt;div class=glossaryItemTitle&gt;Quartier&lt;\/div&gt;&lt;div class=glossaryItemBody&gt;Amtliches, historisches, soziales oder stadtplanerisches Stadtviertel&lt;\/div&gt;\" data-mobile-support=\"0\" data-gt-translate-attributes='[{\"attribute\":\"data-cmtooltip\", \"format\":\"html\"}]' tabindex=\"0\" role=\"link\">quartier<\/span> de Bachletten. Les travaux devraient commencer au quatri&egrave;me trimestre de cette ann&eacute;e dans le p&eacute;rim&egrave;tre de la Kluserstrasse, de la Marschalkenstrasse et du Bernerring.<\/p>\n","protected":false},"excerpt":{"rendered":"<p>IWB et le canton de B\u00e2le-Ville veulent commencer d\u00e9but f\u00e9vrier la construction d&rsquo;une nouvelle conduite de chauffage urbain dans le quartier de Bachletten. A cette occasion, la Therwilerstrasse et la Paulusgasse devraient \u00eatre v\u00e9g\u00e9talis\u00e9es et d\u00e9simperm\u00e9abilis\u00e9es. Le r\u00e9am\u00e9nagement de la surface est encore soumis \u00e0 des oppositions.<\/p>\n","protected":false},"author":2,"featured_media":125809,"comment_status":"open","ping_status":"open","sticky":false,"template":"","format":"standard","meta":{"pmpro_default_level":"","inline_featured_image":false,"_monsterinsights_skip_tracking":false,"footnotes":""},"categories":[22699,8747,22696,743],"tags":[3122,28621,872,3931,3155,2002],"class_list":["post-125857","post","type-post","status-publish","format-standard","has-post-thumbnail","hentry","category-durabilite","category-energie","category-entreprise","category-immonews-fr","tag-bauprojekt-fr","tag-fernwaermeleitung-fr","tag-immoinvest-fr","tag-immonews-fr","tag-infrastruktur-fr","tag-news-fr","pmpro-has-access"],"acf":{"bild_mit_ki_erstellt_worden":[],"lead":"IWB et le canton de B\u00e2le-Ville veulent commencer d\u00e9but f\u00e9vrier la construction d'une nouvelle conduite de chauffage urbain dans le quartier de Bachletten. A cette occasion, la Therwilerstrasse et la Paulusgasse devraient \u00eatre v\u00e9g\u00e9talis\u00e9es et d\u00e9simperm\u00e9abilis\u00e9es. Le r\u00e9am\u00e9nagement de la surface est encore soumis \u00e0 des oppositions.","autor":"ce\/hs","ort":"Basel ","bildunterschrift":"","bild_im_grid":false,"gallerie":"","newsim":""},"aioseo_notices":[],"aioseo_head":"\n\t\t<!-- All in One SEO 5.0.1.1 - aioseo.com -->\n\t<meta name=\"description\" content=\"IWB et le canton de B\u00e2le-Ville veulent commencer d\u00e9but f\u00e9vrier la construction d&#039;une nouvelle conduite de chauffage urbain dans le quartier de Bachletten. A cette occasion, la Therwilerstrasse et la Paulusgasse devraient \u00eatre v\u00e9g\u00e9talis\u00e9es et d\u00e9simperm\u00e9abilis\u00e9es. Le r\u00e9am\u00e9nagement de la surface est encore soumis \u00e0 des oppositions.\" \/>\n\t<meta name=\"robots\" content=\"max-image-preview:large\" \/>\n\t<meta name=\"author\" content=\"immovestuser\"\/>\n\t<meta name=\"google-site-verification\" content=\"fHJKvgWpZCR2zVBHWfkQeFXC11qieUSff0HGNYfuyLA\" \/>\n\t<link rel=\"canonical\" href=\"https:\/\/www.immo-invest.ch\/fr\/basel-investiert-in-nachhaltige-waermeinfrastruktur\/\" \/>\n\t<meta name=\"generator\" content=\"All in One SEO (AIOSEO) 5.0.1.1\" \/>\n\t\t<meta property=\"og:locale\" content=\"fr_FR\" \/>\n\t\t<meta property=\"og:site_name\" content=\"immo!nvest - Die Plattform f\u00fcr Standorte und Immobilien - Die\u00a0Plattform f\u00fcr Standorte und Immobilien\" \/>\n\t\t<meta property=\"og:type\" content=\"article\" \/>\n\t\t<meta property=\"og:title\" content=\"B\u00e2le investit dans une infrastructure thermique durable - immo!nvest - Die Plattform f\u00fcr Standorte und Immobilien\" \/>\n\t\t<meta property=\"og:description\" content=\"IWB et le canton de B\u00e2le-Ville veulent commencer d\u00e9but f\u00e9vrier la construction d&#039;une nouvelle conduite de chauffage urbain dans le quartier de Bachletten. A cette occasion, la Therwilerstrasse et la Paulusgasse devraient \u00eatre v\u00e9g\u00e9talis\u00e9es et d\u00e9simperm\u00e9abilis\u00e9es. Le r\u00e9am\u00e9nagement de la surface est encore soumis \u00e0 des oppositions.\" \/>\n\t\t<meta property=\"og:url\" content=\"https:\/\/www.immo-invest.ch\/fr\/basel-investiert-in-nachhaltige-waermeinfrastruktur\/\" \/>\n\t\t<meta property=\"og:image\" content=\"https:\/\/www.immo-invest.ch\/wp-content\/uploads\/2025\/02\/Fernwaermeleitung_Energie_Waerme_Unsplash-scaled.jpg\" \/>\n\t\t<meta property=\"og:image:secure_url\" content=\"https:\/\/www.immo-invest.ch\/wp-content\/uploads\/2025\/02\/Fernwaermeleitung_Energie_Waerme_Unsplash-scaled.jpg\" \/>\n\t\t<meta property=\"og:image:width\" content=\"2560\" \/>\n\t\t<meta property=\"og:image:height\" content=\"1707\" \/>\n\t\t<meta property=\"article:published_time\" content=\"2025-02-10T13:29:49+00:00\" \/>\n\t\t<meta property=\"article:modified_time\" content=\"2025-02-10T07:56:30+00:00\" \/>\n\t\t<meta property=\"article:publisher\" content=\"https:\/\/www.facebook.com\/people\/Immoinvest\/100077962920504\/\" \/>\n\t\t<meta name=\"twitter:card\" content=\"summary_large_image\" \/>\n\t\t<meta name=\"twitter:site\" content=\"@i\" \/>\n\t\t<meta name=\"twitter:title\" content=\"B\u00e2le investit dans une infrastructure thermique durable - immo!nvest - Die Plattform f\u00fcr Standorte und Immobilien\" \/>\n\t\t<meta name=\"twitter:description\" content=\"IWB et le canton de B\u00e2le-Ville veulent commencer d\u00e9but f\u00e9vrier la construction d&#039;une nouvelle conduite de chauffage urbain dans le quartier de Bachletten. A cette occasion, la Therwilerstrasse et la Paulusgasse devraient \u00eatre v\u00e9g\u00e9talis\u00e9es et d\u00e9simperm\u00e9abilis\u00e9es. Le r\u00e9am\u00e9nagement de la surface est encore soumis \u00e0 des oppositions.\" \/>\n\t\t<meta name=\"twitter:creator\" content=\"@i\" \/>\n\t\t<meta name=\"twitter:image\" content=\"https:\/\/www.immo-invest.ch\/wp-content\/uploads\/2025\/02\/Fernwaermeleitung_Energie_Waerme_Unsplash-scaled.jpg\" \/>\n\t\t<script type=\"application\/ld+json\" class=\"aioseo-schema\">\n\t\t\t{\"@context\":\"https:\\\/\\\/schema.org\",\"@graph\":[{\"@type\":\"BlogPosting\",\"@id\":\"https:\\\/\\\/www.immo-invest.ch\\\/fr\\\/basel-investiert-in-nachhaltige-waermeinfrastruktur\\\/#blogposting\",\"name\":\"B\\u00e2le investit dans une infrastructure thermique durable - immo!nvest - Die Plattform f\\u00fcr Standorte und Immobilien\",\"headline\":\"B\\u00e2le investit dans une infrastructure thermique durable\",\"author\":{\"@id\":\"https:\\\/\\\/www.immo-invest.ch\\\/fr\\\/author\\\/immovestuser\\\/#author\"},\"publisher\":{\"@id\":\"https:\\\/\\\/www.immo-invest.ch\\\/fr\\\/#organization\"},\"image\":{\"@type\":\"ImageObject\",\"url\":\"https:\\\/\\\/www.immo-invest.ch\\\/wp-content\\\/uploads\\\/2025\\\/02\\\/Fernwaermeleitung_Energie_Waerme_Unsplash-scaled.jpg\",\"width\":2560,\"height\":1707},\"datePublished\":\"2025-02-10T14:29:49+01:00\",\"dateModified\":\"2025-02-10T08:56:30+01:00\",\"inLanguage\":\"fr-FR\",\"mainEntityOfPage\":{\"@id\":\"https:\\\/\\\/www.immo-invest.ch\\\/fr\\\/basel-investiert-in-nachhaltige-waermeinfrastruktur\\\/#webpage\"},\"isPartOf\":{\"@id\":\"https:\\\/\\\/www.immo-invest.ch\\\/fr\\\/basel-investiert-in-nachhaltige-waermeinfrastruktur\\\/#webpage\"},\"articleSection\":\"Durabilit\\u00e9, \\u00c9nergie, Entreprise, immoNews, Bauprojekt, Fernw\\u00e4rmeleitung, Immoinvest, immoNews, Infrastruktur, News, Facultatif\"},{\"@type\":\"BreadcrumbList\",\"@id\":\"https:\\\/\\\/www.immo-invest.ch\\\/fr\\\/basel-investiert-in-nachhaltige-waermeinfrastruktur\\\/#breadcrumblist\",\"itemListElement\":[{\"@type\":\"ListItem\",\"@id\":\"https:\\\/\\\/www.immo-invest.ch\\\/fr\\\/#listItem\",\"position\":1,\"name\":\"Home\",\"item\":\"https:\\\/\\\/www.immo-invest.ch\\\/fr\\\/\",\"nextItem\":{\"@type\":\"ListItem\",\"@id\":\"https:\\\/\\\/www.immo-invest.ch\\\/fr\\\/categories\\\/trends-fr\\\/#listItem\",\"name\":\"Trends\"}},{\"@type\":\"ListItem\",\"@id\":\"https:\\\/\\\/www.immo-invest.ch\\\/fr\\\/categories\\\/trends-fr\\\/#listItem\",\"position\":2,\"name\":\"Trends\",\"item\":\"https:\\\/\\\/www.immo-invest.ch\\\/fr\\\/categories\\\/trends-fr\\\/\",\"nextItem\":{\"@type\":\"ListItem\",\"@id\":\"https:\\\/\\\/www.immo-invest.ch\\\/fr\\\/categories\\\/trends-fr\\\/entreprise\\\/#listItem\",\"name\":\"Entreprise\"},\"previousItem\":{\"@type\":\"ListItem\",\"@id\":\"https:\\\/\\\/www.immo-invest.ch\\\/fr\\\/#listItem\",\"name\":\"Home\"}},{\"@type\":\"ListItem\",\"@id\":\"https:\\\/\\\/www.immo-invest.ch\\\/fr\\\/categories\\\/trends-fr\\\/entreprise\\\/#listItem\",\"position\":3,\"name\":\"Entreprise\",\"item\":\"https:\\\/\\\/www.immo-invest.ch\\\/fr\\\/categories\\\/trends-fr\\\/entreprise\\\/\",\"nextItem\":{\"@type\":\"ListItem\",\"@id\":\"https:\\\/\\\/www.immo-invest.ch\\\/fr\\\/basel-investiert-in-nachhaltige-waermeinfrastruktur\\\/#listItem\",\"name\":\"B\\u00e2le investit dans une infrastructure thermique durable\"},\"previousItem\":{\"@type\":\"ListItem\",\"@id\":\"https:\\\/\\\/www.immo-invest.ch\\\/fr\\\/categories\\\/trends-fr\\\/#listItem\",\"name\":\"Trends\"}},{\"@type\":\"ListItem\",\"@id\":\"https:\\\/\\\/www.immo-invest.ch\\\/fr\\\/basel-investiert-in-nachhaltige-waermeinfrastruktur\\\/#listItem\",\"position\":4,\"name\":\"B\\u00e2le investit dans une infrastructure thermique durable\",\"previousItem\":{\"@type\":\"ListItem\",\"@id\":\"https:\\\/\\\/www.immo-invest.ch\\\/fr\\\/categories\\\/trends-fr\\\/entreprise\\\/#listItem\",\"name\":\"Entreprise\"}}]},{\"@type\":\"Organization\",\"@id\":\"https:\\\/\\\/www.immo-invest.ch\\\/fr\\\/#organization\",\"name\":\"immo!nvest - Die Plattform f\\u00fcr Standorte und Immobilien\",\"description\":\"Die\\u00a0Plattform f\\u00fcr Standorte und Immobilien\",\"url\":\"https:\\\/\\\/www.immo-invest.ch\\\/fr\\\/\",\"email\":\"admin@immomedia.ag\",\"telephone\":\"+41444420002\",\"logo\":{\"@type\":\"ImageObject\",\"url\":\"https:\\\/\\\/www.immo-invest.ch\\\/wp-content\\\/uploads\\\/2024\\\/09\\\/immoinvest_sm-scaled.jpg\",\"@id\":\"https:\\\/\\\/www.immo-invest.ch\\\/fr\\\/basel-investiert-in-nachhaltige-waermeinfrastruktur\\\/#organizationLogo\",\"width\":2560,\"height\":1340},\"image\":{\"@id\":\"https:\\\/\\\/www.immo-invest.ch\\\/fr\\\/basel-investiert-in-nachhaltige-waermeinfrastruktur\\\/#organizationLogo\"},\"sameAs\":[\"https:\\\/\\\/www.facebook.com\\\/people\\\/Immoinvest\\\/100077962920504\\\/\",\"https:\\\/\\\/x.com\\\/i\\\/flow\\\/login?redirect_after_login=immoinvest_ch\",\"https:\\\/\\\/www.instagram.com\\\/immoinvest_ch\\\/\",\"https:\\\/\\\/www.linkedin.com\\\/company\\\/immoinvest-swiss\"]},{\"@type\":\"Person\",\"@id\":\"https:\\\/\\\/www.immo-invest.ch\\\/fr\\\/author\\\/immovestuser\\\/#author\",\"url\":\"https:\\\/\\\/www.immo-invest.ch\\\/fr\\\/author\\\/immovestuser\\\/\",\"name\":\"immovestuser\",\"image\":{\"@type\":\"ImageObject\",\"@id\":\"https:\\\/\\\/www.immo-invest.ch\\\/fr\\\/basel-investiert-in-nachhaltige-waermeinfrastruktur\\\/#authorImage\",\"url\":\"https:\\\/\\\/secure.gravatar.com\\\/avatar\\\/8e01f4d99f2eeea7a362ebb93305e1172a70e9293ba250f897a65c39f54cdd1e?s=96&d=mm&r=g\",\"width\":96,\"height\":96,\"caption\":\"immovestuser\"}},{\"@type\":\"WebPage\",\"@id\":\"https:\\\/\\\/www.immo-invest.ch\\\/fr\\\/basel-investiert-in-nachhaltige-waermeinfrastruktur\\\/#webpage\",\"url\":\"https:\\\/\\\/www.immo-invest.ch\\\/fr\\\/basel-investiert-in-nachhaltige-waermeinfrastruktur\\\/\",\"name\":\"B\\u00e2le investit dans une infrastructure thermique durable - immo!nvest - Die Plattform f\\u00fcr Standorte und Immobilien\",\"description\":\"IWB et le canton de B\\u00e2le-Ville veulent commencer d\\u00e9but f\\u00e9vrier la construction d'une nouvelle conduite de chauffage urbain dans le quartier de Bachletten. A cette occasion, la Therwilerstrasse et la Paulusgasse devraient \\u00eatre v\\u00e9g\\u00e9talis\\u00e9es et d\\u00e9simperm\\u00e9abilis\\u00e9es. Le r\\u00e9am\\u00e9nagement de la surface est encore soumis \\u00e0 des oppositions.\",\"inLanguage\":\"fr-FR\",\"isPartOf\":{\"@id\":\"https:\\\/\\\/www.immo-invest.ch\\\/fr\\\/#website\"},\"breadcrumb\":{\"@id\":\"https:\\\/\\\/www.immo-invest.ch\\\/fr\\\/basel-investiert-in-nachhaltige-waermeinfrastruktur\\\/#breadcrumblist\"},\"author\":{\"@id\":\"https:\\\/\\\/www.immo-invest.ch\\\/fr\\\/author\\\/immovestuser\\\/#author\"},\"creator\":{\"@id\":\"https:\\\/\\\/www.immo-invest.ch\\\/fr\\\/author\\\/immovestuser\\\/#author\"},\"image\":{\"@type\":\"ImageObject\",\"url\":\"https:\\\/\\\/www.immo-invest.ch\\\/wp-content\\\/uploads\\\/2025\\\/02\\\/Fernwaermeleitung_Energie_Waerme_Unsplash-scaled.jpg\",\"@id\":\"https:\\\/\\\/www.immo-invest.ch\\\/fr\\\/basel-investiert-in-nachhaltige-waermeinfrastruktur\\\/#mainImage\",\"width\":2560,\"height\":1707},\"primaryImageOfPage\":{\"@id\":\"https:\\\/\\\/www.immo-invest.ch\\\/fr\\\/basel-investiert-in-nachhaltige-waermeinfrastruktur\\\/#mainImage\"},\"datePublished\":\"2025-02-10T14:29:49+01:00\",\"dateModified\":\"2025-02-10T08:56:30+01:00\"},{\"@type\":\"WebSite\",\"@id\":\"https:\\\/\\\/www.immo-invest.ch\\\/fr\\\/#website\",\"url\":\"https:\\\/\\\/www.immo-invest.ch\\\/fr\\\/\",\"name\":\"immo!nvest - Die Plattform f\\u00fcr Standorte und Immobilien\",\"description\":\"Die\\u00a0Plattform f\\u00fcr Standorte und Immobilien\",\"inLanguage\":\"fr-FR\",\"publisher\":{\"@id\":\"https:\\\/\\\/www.immo-invest.ch\\\/fr\\\/#organization\"}}]}\n\t\t<\/script>\n\t\t<!-- All in One SEO -->\n\n","aioseo_head_json":{"title":"B\u00e2le investit dans une infrastructure thermique durable - immo!nvest - Die Plattform f\u00fcr Standorte und Immobilien","description":"IWB et le canton de B\u00e2le-Ville veulent commencer d\u00e9but f\u00e9vrier la construction d'une nouvelle conduite de chauffage urbain dans le quartier de Bachletten. A cette occasion, la Therwilerstrasse et la Paulusgasse devraient \u00eatre v\u00e9g\u00e9talis\u00e9es et d\u00e9simperm\u00e9abilis\u00e9es. Le r\u00e9am\u00e9nagement de la surface est encore soumis \u00e0 des oppositions.","canonical_url":"https:\/\/www.immo-invest.ch\/fr\/basel-investiert-in-nachhaltige-waermeinfrastruktur\/","robots":"max-image-preview:large","keywords":"","webmasterTools":{"google-site-verification":"fHJKvgWpZCR2zVBHWfkQeFXC11qieUSff0HGNYfuyLA","miscellaneous":""},"schema":{"@context":"https:\/\/schema.org","@graph":[{"@type":"BlogPosting","@id":"https:\/\/www.immo-invest.ch\/fr\/basel-investiert-in-nachhaltige-waermeinfrastruktur\/#blogposting","name":"B\u00e2le investit dans une infrastructure thermique durable - immo!nvest - Die Plattform f\u00fcr Standorte und Immobilien","headline":"B\u00e2le investit dans une infrastructure thermique durable","author":{"@id":"https:\/\/www.immo-invest.ch\/fr\/author\/immovestuser\/#author"},"publisher":{"@id":"https:\/\/www.immo-invest.ch\/fr\/#organization"},"image":{"@type":"ImageObject","url":"https:\/\/www.immo-invest.ch\/wp-content\/uploads\/2025\/02\/Fernwaermeleitung_Energie_Waerme_Unsplash-scaled.jpg","width":2560,"height":1707},"datePublished":"2025-02-10T14:29:49+01:00","dateModified":"2025-02-10T08:56:30+01:00","inLanguage":"fr-FR","mainEntityOfPage":{"@id":"https:\/\/www.immo-invest.ch\/fr\/basel-investiert-in-nachhaltige-waermeinfrastruktur\/#webpage"},"isPartOf":{"@id":"https:\/\/www.immo-invest.ch\/fr\/basel-investiert-in-nachhaltige-waermeinfrastruktur\/#webpage"},"articleSection":"Durabilit\u00e9, \u00c9nergie, Entreprise, immoNews, Bauprojekt, Fernw\u00e4rmeleitung, Immoinvest, immoNews, Infrastruktur, News, Facultatif"},{"@type":"BreadcrumbList","@id":"https:\/\/www.immo-invest.ch\/fr\/basel-investiert-in-nachhaltige-waermeinfrastruktur\/#breadcrumblist","itemListElement":[{"@type":"ListItem","@id":"https:\/\/www.immo-invest.ch\/fr\/#listItem","position":1,"name":"Home","item":"https:\/\/www.immo-invest.ch\/fr\/","nextItem":{"@type":"ListItem","@id":"https:\/\/www.immo-invest.ch\/fr\/categories\/trends-fr\/#listItem","name":"Trends"}},{"@type":"ListItem","@id":"https:\/\/www.immo-invest.ch\/fr\/categories\/trends-fr\/#listItem","position":2,"name":"Trends","item":"https:\/\/www.immo-invest.ch\/fr\/categories\/trends-fr\/","nextItem":{"@type":"ListItem","@id":"https:\/\/www.immo-invest.ch\/fr\/categories\/trends-fr\/entreprise\/#listItem","name":"Entreprise"},"previousItem":{"@type":"ListItem","@id":"https:\/\/www.immo-invest.ch\/fr\/#listItem","name":"Home"}},{"@type":"ListItem","@id":"https:\/\/www.immo-invest.ch\/fr\/categories\/trends-fr\/entreprise\/#listItem","position":3,"name":"Entreprise","item":"https:\/\/www.immo-invest.ch\/fr\/categories\/trends-fr\/entreprise\/","nextItem":{"@type":"ListItem","@id":"https:\/\/www.immo-invest.ch\/fr\/basel-investiert-in-nachhaltige-waermeinfrastruktur\/#listItem","name":"B\u00e2le investit dans une infrastructure thermique durable"},"previousItem":{"@type":"ListItem","@id":"https:\/\/www.immo-invest.ch\/fr\/categories\/trends-fr\/#listItem","name":"Trends"}},{"@type":"ListItem","@id":"https:\/\/www.immo-invest.ch\/fr\/basel-investiert-in-nachhaltige-waermeinfrastruktur\/#listItem","position":4,"name":"B\u00e2le investit dans une infrastructure thermique durable","previousItem":{"@type":"ListItem","@id":"https:\/\/www.immo-invest.ch\/fr\/categories\/trends-fr\/entreprise\/#listItem","name":"Entreprise"}}]},{"@type":"Organization","@id":"https:\/\/www.immo-invest.ch\/fr\/#organization","name":"immo!nvest - Die Plattform f\u00fcr Standorte und Immobilien","description":"Die\u00a0Plattform f\u00fcr Standorte und Immobilien","url":"https:\/\/www.immo-invest.ch\/fr\/","email":"admin@immomedia.ag","telephone":"+41444420002","logo":{"@type":"ImageObject","url":"https:\/\/www.immo-invest.ch\/wp-content\/uploads\/2024\/09\/immoinvest_sm-scaled.jpg","@id":"https:\/\/www.immo-invest.ch\/fr\/basel-investiert-in-nachhaltige-waermeinfrastruktur\/#organizationLogo","width":2560,"height":1340},"image":{"@id":"https:\/\/www.immo-invest.ch\/fr\/basel-investiert-in-nachhaltige-waermeinfrastruktur\/#organizationLogo"},"sameAs":["https:\/\/www.facebook.com\/people\/Immoinvest\/100077962920504\/","https:\/\/x.com\/i\/flow\/login?redirect_after_login=immoinvest_ch","https:\/\/www.instagram.com\/immoinvest_ch\/","https:\/\/www.linkedin.com\/company\/immoinvest-swiss"]},{"@type":"Person","@id":"https:\/\/www.immo-invest.ch\/fr\/author\/immovestuser\/#author","url":"https:\/\/www.immo-invest.ch\/fr\/author\/immovestuser\/","name":"immovestuser","image":{"@type":"ImageObject","@id":"https:\/\/www.immo-invest.ch\/fr\/basel-investiert-in-nachhaltige-waermeinfrastruktur\/#authorImage","url":"https:\/\/secure.gravatar.com\/avatar\/8e01f4d99f2eeea7a362ebb93305e1172a70e9293ba250f897a65c39f54cdd1e?s=96&d=mm&r=g","width":96,"height":96,"caption":"immovestuser"}},{"@type":"WebPage","@id":"https:\/\/www.immo-invest.ch\/fr\/basel-investiert-in-nachhaltige-waermeinfrastruktur\/#webpage","url":"https:\/\/www.immo-invest.ch\/fr\/basel-investiert-in-nachhaltige-waermeinfrastruktur\/","name":"B\u00e2le investit dans une infrastructure thermique durable - immo!nvest - Die Plattform f\u00fcr Standorte und Immobilien","description":"IWB et le canton de B\u00e2le-Ville veulent commencer d\u00e9but f\u00e9vrier la construction d'une nouvelle conduite de chauffage urbain dans le quartier de Bachletten. A cette occasion, la Therwilerstrasse et la Paulusgasse devraient \u00eatre v\u00e9g\u00e9talis\u00e9es et d\u00e9simperm\u00e9abilis\u00e9es. Le r\u00e9am\u00e9nagement de la surface est encore soumis \u00e0 des oppositions.","inLanguage":"fr-FR","isPartOf":{"@id":"https:\/\/www.immo-invest.ch\/fr\/#website"},"breadcrumb":{"@id":"https:\/\/www.immo-invest.ch\/fr\/basel-investiert-in-nachhaltige-waermeinfrastruktur\/#breadcrumblist"},"author":{"@id":"https:\/\/www.immo-invest.ch\/fr\/author\/immovestuser\/#author"},"creator":{"@id":"https:\/\/www.immo-invest.ch\/fr\/author\/immovestuser\/#author"},"image":{"@type":"ImageObject","url":"https:\/\/www.immo-invest.ch\/wp-content\/uploads\/2025\/02\/Fernwaermeleitung_Energie_Waerme_Unsplash-scaled.jpg","@id":"https:\/\/www.immo-invest.ch\/fr\/basel-investiert-in-nachhaltige-waermeinfrastruktur\/#mainImage","width":2560,"height":1707},"primaryImageOfPage":{"@id":"https:\/\/www.immo-invest.ch\/fr\/basel-investiert-in-nachhaltige-waermeinfrastruktur\/#mainImage"},"datePublished":"2025-02-10T14:29:49+01:00","dateModified":"2025-02-10T08:56:30+01:00"},{"@type":"WebSite","@id":"https:\/\/www.immo-invest.ch\/fr\/#website","url":"https:\/\/www.immo-invest.ch\/fr\/","name":"immo!nvest - Die Plattform f\u00fcr Standorte und Immobilien","description":"Die\u00a0Plattform f\u00fcr Standorte und Immobilien","inLanguage":"fr-FR","publisher":{"@id":"https:\/\/www.immo-invest.ch\/fr\/#organization"}}]},"og:locale":"fr_FR","og:site_name":"immo!nvest - Die Plattform f\u00fcr Standorte und Immobilien - Die\u00a0Plattform f\u00fcr Standorte und Immobilien","og:type":"article","og:title":"B\u00e2le investit dans une infrastructure thermique durable - immo!nvest - Die Plattform f\u00fcr Standorte und Immobilien","og:description":"IWB et le canton de B\u00e2le-Ville veulent commencer d\u00e9but f\u00e9vrier la construction d'une nouvelle conduite de chauffage urbain dans le quartier de Bachletten. A cette occasion, la Therwilerstrasse et la Paulusgasse devraient \u00eatre v\u00e9g\u00e9talis\u00e9es et d\u00e9simperm\u00e9abilis\u00e9es. Le r\u00e9am\u00e9nagement de la surface est encore soumis \u00e0 des oppositions.","og:url":"https:\/\/www.immo-invest.ch\/fr\/basel-investiert-in-nachhaltige-waermeinfrastruktur\/","og:image":"https:\/\/www.immo-invest.ch\/wp-content\/uploads\/2025\/02\/Fernwaermeleitung_Energie_Waerme_Unsplash-scaled.jpg","og:image:secure_url":"https:\/\/www.immo-invest.ch\/wp-content\/uploads\/2025\/02\/Fernwaermeleitung_Energie_Waerme_Unsplash-scaled.jpg","og:image:width":2560,"og:image:height":1707,"article:published_time":"2025-02-10T13:29:49+00:00","article:modified_time":"2025-02-10T07:56:30+00:00","article:publisher":"https:\/\/www.facebook.com\/people\/Immoinvest\/100077962920504\/","twitter:card":"summary_large_image","twitter:site":"@i","twitter:title":"B\u00e2le investit dans une infrastructure thermique durable - immo!nvest - Die Plattform f\u00fcr Standorte und Immobilien","twitter:description":"IWB et le canton de B\u00e2le-Ville veulent commencer d\u00e9but f\u00e9vrier la construction d'une nouvelle conduite de chauffage urbain dans le quartier de Bachletten. A cette occasion, la Therwilerstrasse et la Paulusgasse devraient \u00eatre v\u00e9g\u00e9talis\u00e9es et d\u00e9simperm\u00e9abilis\u00e9es. Le r\u00e9am\u00e9nagement de la surface est encore soumis \u00e0 des oppositions.","twitter:creator":"@i","twitter:image":"https:\/\/www.immo-invest.ch\/wp-content\/uploads\/2025\/02\/Fernwaermeleitung_Energie_Waerme_Unsplash-scaled.jpg"},"aioseo_meta_data":{"post_id":"125857","title":null,"description":null,"keywords":null,"keyphrases":{"focus":{"keyphrase":"","score":0,"analysis":{"keyphraseInTitle":{"score":0,"maxScore":9,"error":1}}},"additional":[]},"primary_term":null,"canonical_url":null,"og_title":null,"og_description":null,"og_object_type":"default","og_image_type":"default","og_image_url":null,"og_image_width":null,"og_image_height":null,"og_image_custom_url":null,"og_image_custom_fields":null,"og_video":"","og_custom_url":null,"og_article_section":null,"og_article_tags":null,"twitter_use_og":false,"twitter_card":"default","twitter_image_type":"default","twitter_image_url":null,"twitter_image_custom_url":null,"twitter_image_custom_fields":null,"twitter_title":null,"twitter_description":null,"schema":{"blockGraphs":[],"customGraphs":[],"default":{"data":{"Article":[],"Course":[],"Dataset":[],"FAQPage":[],"Movie":[],"Person":[],"Product":[],"ProductReview":[],"Car":[],"Recipe":[],"Service":[],"SoftwareApplication":[],"WebPage":[]},"graphName":"BlogPosting","isEnabled":true},"graphs":[]},"schema_type":"default","schema_type_options":null,"pillar_content":false,"robots_default":true,"robots_noindex":false,"robots_noarchive":false,"robots_nosnippet":false,"robots_nofollow":false,"robots_noimageindex":false,"robots_noodp":false,"robots_notranslate":false,"robots_max_snippet":"-1","robots_max_videopreview":"-1","robots_max_imagepreview":"large","priority":null,"frequency":"default","local_seo":null,"breadcrumb_settings":null,"limit_modified_date":false,"ai":null,"created":"2025-02-10 07:52:51","updated":"2025-10-24 16:45:15","seo_analyzer_scan_date":null,"focus_keyword":null,"additional_keywords":null,"truseo_locale":null},"aioseo_breadcrumb":"<div class=\"aioseo-breadcrumbs\"><span class=\"aioseo-breadcrumb\">\n\t\t\t<a href=\"https:\/\/www.immo-invest.ch\/fr\/\" title=\"Home\">Home<\/a>\n\t\t<\/span><span class=\"aioseo-breadcrumb-separator\">&raquo;<\/span><span class=\"aioseo-breadcrumb\">\n\t\t\t<a href=\"https:\/\/www.immo-invest.ch\/fr\/categories\/trends-fr\/\" title=\"Trends\">Trends<\/a>\n\t\t<\/span><span class=\"aioseo-breadcrumb-separator\">&raquo;<\/span><span class=\"aioseo-breadcrumb\">\n\t\t\t<a href=\"https:\/\/www.immo-invest.ch\/fr\/categories\/trends-fr\/entreprise\/\" title=\"Entreprise\">Entreprise<\/a>\n\t\t<\/span><span class=\"aioseo-breadcrumb-separator\">&raquo;<\/span><span class=\"aioseo-breadcrumb\">\n\t\t\tB\u00e2le investit dans une infrastructure thermique durable\n\t\t<\/span><\/div>","aioseo_breadcrumb_json":[{"label":"Home","link":"https:\/\/www.immo-invest.ch\/fr\/"},{"label":"Trends","link":"https:\/\/www.immo-invest.ch\/fr\/categories\/trends-fr\/"},{"label":"Entreprise","link":"https:\/\/www.immo-invest.ch\/fr\/categories\/trends-fr\/entreprise\/"},{"label":"B\u00e2le investit dans une infrastructure thermique durable","link":"https:\/\/www.immo-invest.ch\/fr\/basel-investiert-in-nachhaltige-waermeinfrastruktur\/"}],"featured_image_src":"https:\/\/www.immo-invest.ch\/wp-content\/uploads\/2025\/02\/Fernwaermeleitung_Energie_Waerme_Unsplash-336x168.jpg","_links":{"self":[{"href":"https:\/\/www.immo-invest.ch\/fr\/wp-json\/wp\/v2\/posts\/125857","targetHints":{"allow":["GET"]}}],"collection":[{"href":"https:\/\/www.immo-invest.ch\/fr\/wp-json\/wp\/v2\/posts"}],"about":[{"href":"https:\/\/www.immo-invest.ch\/fr\/wp-json\/wp\/v2\/types\/post"}],"author":[{"embeddable":true,"href":"https:\/\/www.immo-invest.ch\/fr\/wp-json\/wp\/v2\/users\/2"}],"replies":[{"embeddable":true,"href":"https:\/\/www.immo-invest.ch\/fr\/wp-json\/wp\/v2\/comments?post=125857"}],"version-history":[{"count":0,"href":"https:\/\/www.immo-invest.ch\/fr\/wp-json\/wp\/v2\/posts\/125857\/revisions"}],"wp:featuredmedia":[{"embeddable":true,"href":"https:\/\/www.immo-invest.ch\/fr\/wp-json\/wp\/v2\/media\/125809"}],"wp:attachment":[{"href":"https:\/\/www.immo-invest.ch\/fr\/wp-json\/wp\/v2\/media?parent=125857"}],"wp:term":[{"taxonomy":"category","embeddable":true,"href":"https:\/\/www.immo-invest.ch\/fr\/wp-json\/wp\/v2\/categories?post=125857"},{"taxonomy":"post_tag","embeddable":true,"href":"https:\/\/www.immo-invest.ch\/fr\/wp-json\/wp\/v2\/tags?post=125857"}],"curies":[{"name":"wp","href":"https:\/\/api.w.org\/{rel}","templated":true}]}}