{"id":125728,"date":"2025-02-07T16:44:08","date_gmt":"2025-02-07T15:44:08","guid":{"rendered":"https:\/\/www.immo-invest.ch\/?p=125728"},"modified":"2025-02-07T11:08:49","modified_gmt":"2025-02-07T10:08:49","slug":"photovoltaikanlage-auf-dem-kybunpark-stadiondach-wird-vergroessert","status":"publish","type":"post","link":"https:\/\/www.immo-invest.ch\/fr\/photovoltaikanlage-auf-dem-kybunpark-stadiondach-wird-vergroessert\/","title":{"rendered":"L&rsquo;installation photovolta\u00efque sur le toit du stade kybunpark va \u00eatre agrandie"},"content":{"rendered":"<p class=\"bodytext\"><a href=\"http:\/\/www.sgsw.ch\" target=\"_blank\" rel=\"noopener\">Galler Stadtwerke<\/a> (SGSW) a &eacute;tendu son installation photovolta&iuml;que sur le toit du stade de football <a href=\"http:\/\/www.fcsg.ch\/home\/kybunpark\/uebersicht\" target=\"_blank\" rel=\"noopener\">kybunpark<\/a>, domicile du <a href=\"http:\/\/www.fcsg.ch\" target=\"_blank\" rel=\"noopener\">FC Gallen 1879<\/a>, comme l&rsquo;indique un <a href=\"https:\/\/www.sgsw.ch\/news\/sgsw_news\/2025\/01\/groesste-solaranlage-der-stadt-st-gallen-produziert-auf-dem-kybu.html\" target=\"_blank\" rel=\"noopener\">communiqu&eacute; de presse<\/a>. Une grande partie de l&rsquo;&eacute;nergie solaire produite localement &ndash; environ 440 000 kilowattheures &ndash; est utilis&eacute;e pour les &eacute;v&eacute;nements organis&eacute;s dans le stade. L&rsquo;inauguration symbolique de l&rsquo;installation a eu lieu lors du match &agrave; domicile du FC Saint-Gall 1879 contre le FC Lausanne-Sport le 26 janvier.<\/p>\n<p class=\"bodytext\">Le toit est d&eacute;sormais enti&egrave;rement recouvert de panneaux solaires. La capacit&eacute; suppl&eacute;mentaire de 572 kilowatts de puissance de pointe permet d&rsquo;augmenter la quantit&eacute; d&rsquo;&eacute;lectricit&eacute; de 560&rsquo;000 kilowattheures. La puissance totale de l&rsquo;installation est d&eacute;sormais de 1 205 kilowatts en p&eacute;riode de pointe, ce qui porte la production annuelle d&rsquo;&eacute;lectricit&eacute; &agrave; plus d&rsquo;un million de kilowattheures. Cela permettrait &agrave; 288 foyers de quatre personnes de couvrir leurs besoins annuels en &eacute;lectricit&eacute;.<\/p>\n<p class=\"bodytext\">Gr&acirc;ce &agrave; cette augmentation de capacit&eacute; r&eacute;alis&eacute;e conjointement entre septembre 2024 et janvier 2025 par SGSW, <a href=\"http:\/\/www.stadion-stgallen.ch\" target=\"_blank\" rel=\"noopener\">Stadion St.Gallen AG<\/a> et <a href=\"http:\/\/www.fcsg.ch\/events\/events---feiern\" target=\"_blank\" rel=\"noopener\">FC St.Gallen <span class=\"glossaryLink\"  aria-describedby=\"tt\"  data-cmtooltip=\"&lt;div class=glossaryItemTitle&gt;Event&lt;\/div&gt;&lt;div class=glossaryItemBody&gt;Erlebnisorientierte Veranstaltung zwecks Inszenierung von Produkten, Unternehmen oder Dienstleistungen&lt;\/div&gt;\"  data-mobile-support=\"0\"  data-gt-translate-attributes='[{\"attribute\":\"data-cmtooltip\", \"format\":\"html\"}]' tabindex='0' role='link'>Event<\/span> AG<\/a>, l&rsquo;installation conserve son statut de &laquo;&nbsp;plus grande installation solaire sur un toit&nbsp;&raquo; dans la zone urbaine. Lors de sa mise en service en 2015, l&rsquo;ancienne installation photovolta&iuml;que &eacute;tait consid&eacute;r&eacute;e comme la plus grande avec une puissance de pointe de 633 kilowatts et une production de 520 000 kilowattheures par an.<\/p>\n","protected":false},"excerpt":{"rendered":"<p>Les services municipaux de Saint-Gall ont agrandi leur installation photovolta\u00efque sur le toit du stade kybunpark. \u00c0 partir de f\u00e9vrier 2025, plus d&rsquo;un million de kilowattheures d&rsquo;\u00e9lectricit\u00e9 solaire devraient \u00eatre produits chaque ann\u00e9e, soit l&rsquo;\u00e9quivalent de la consommation annuelle de 288 foyers de quatre personnes.<\/p>\n","protected":false},"author":2,"featured_media":5333,"comment_status":"open","ping_status":"open","sticky":false,"template":"","format":"standard","meta":{"pmpro_default_level":"","inline_featured_image":false,"_monsterinsights_skip_tracking":false,"footnotes":""},"categories":[22699,8747,743,9442],"tags":[872,3931,873,2363,51886],"class_list":["post-125728","post","type-post","status-publish","format-standard","has-post-thumbnail","hentry","category-durabilite","category-energie","category-immonews-fr","category-region-saint-gall","tag-immoinvest-fr","tag-immonews-fr","tag-photovoltaik-fr","tag-solarstrom-fr","tag-stadion-fr","pmpro-has-access"],"acf":{"bild_mit_ki_erstellt_worden":[],"lead":"Les services municipaux de Saint-Gall ont agrandi leur installation photovolta\u00efque sur le toit du stade kybunpark. \u00c0 partir de f\u00e9vrier 2025, plus d'un million de kilowattheures d'\u00e9lectricit\u00e9 solaire devraient \u00eatre produits chaque ann\u00e9e, soit l'\u00e9quivalent de la consommation annuelle de 288 foyers de quatre personnes.","autor":"ce\/heg","ort":"St.Gallen","bildunterschrift":"","bild_im_grid":false,"gallerie":"","newsim":""},"aioseo_notices":[],"aioseo_head":"\n\t\t<!-- All in One SEO 5.0.0.1 - aioseo.com -->\n\t<meta name=\"description\" content=\"Les services municipaux de Saint-Gall ont agrandi leur installation photovolta\u00efque sur le toit du stade kybunpark. \u00c0 partir de f\u00e9vrier 2025, plus d&#039;un million de kilowattheures d&#039;\u00e9lectricit\u00e9 solaire devraient \u00eatre produits chaque ann\u00e9e, soit l&#039;\u00e9quivalent de la consommation annuelle de 288 foyers de quatre personnes.\" \/>\n\t<meta name=\"robots\" content=\"max-image-preview:large\" \/>\n\t<meta name=\"author\" content=\"immovestuser\"\/>\n\t<meta name=\"google-site-verification\" content=\"fHJKvgWpZCR2zVBHWfkQeFXC11qieUSff0HGNYfuyLA\" \/>\n\t<link rel=\"canonical\" href=\"https:\/\/www.immo-invest.ch\/fr\/photovoltaikanlage-auf-dem-kybunpark-stadiondach-wird-vergroessert\/\" \/>\n\t<meta name=\"generator\" content=\"All in One SEO (AIOSEO) 5.0.0.1\" \/>\n\t\t<meta property=\"og:locale\" content=\"fr_FR\" \/>\n\t\t<meta property=\"og:site_name\" content=\"immo!nvest - Die Plattform f\u00fcr Standorte und Immobilien - Die\u00a0Plattform f\u00fcr Standorte und Immobilien\" \/>\n\t\t<meta property=\"og:type\" content=\"article\" \/>\n\t\t<meta property=\"og:title\" content=\"L\u2019installation photovolta\u00efque sur le toit du stade kybunpark va \u00eatre agrandie - immo!nvest - Die Plattform f\u00fcr Standorte und Immobilien\" \/>\n\t\t<meta property=\"og:description\" content=\"Les services municipaux de Saint-Gall ont agrandi leur installation photovolta\u00efque sur le toit du stade kybunpark. \u00c0 partir de f\u00e9vrier 2025, plus d&#039;un million de kilowattheures d&#039;\u00e9lectricit\u00e9 solaire devraient \u00eatre produits chaque ann\u00e9e, soit l&#039;\u00e9quivalent de la consommation annuelle de 288 foyers de quatre personnes.\" \/>\n\t\t<meta property=\"og:url\" content=\"https:\/\/www.immo-invest.ch\/fr\/photovoltaikanlage-auf-dem-kybunpark-stadiondach-wird-vergroessert\/\" \/>\n\t\t<meta property=\"og:image\" content=\"https:\/\/www.immo-invest.ch\/wp-content\/uploads\/2020\/05\/photovoltaic-2799982_1920.jpg\" \/>\n\t\t<meta property=\"og:image:secure_url\" content=\"https:\/\/www.immo-invest.ch\/wp-content\/uploads\/2020\/05\/photovoltaic-2799982_1920.jpg\" \/>\n\t\t<meta property=\"og:image:width\" content=\"1920\" \/>\n\t\t<meta property=\"og:image:height\" content=\"1280\" \/>\n\t\t<meta property=\"article:published_time\" content=\"2025-02-07T15:44:08+00:00\" \/>\n\t\t<meta property=\"article:modified_time\" content=\"2025-02-07T10:08:49+00:00\" \/>\n\t\t<meta property=\"article:publisher\" content=\"https:\/\/www.facebook.com\/people\/Immoinvest\/100077962920504\/\" \/>\n\t\t<meta name=\"twitter:card\" content=\"summary_large_image\" \/>\n\t\t<meta name=\"twitter:site\" content=\"@i\" \/>\n\t\t<meta name=\"twitter:title\" content=\"L\u2019installation photovolta\u00efque sur le toit du stade kybunpark va \u00eatre agrandie - immo!nvest - Die Plattform f\u00fcr Standorte und Immobilien\" \/>\n\t\t<meta name=\"twitter:description\" content=\"Les services municipaux de Saint-Gall ont agrandi leur installation photovolta\u00efque sur le toit du stade kybunpark. \u00c0 partir de f\u00e9vrier 2025, plus d&#039;un million de kilowattheures d&#039;\u00e9lectricit\u00e9 solaire devraient \u00eatre produits chaque ann\u00e9e, soit l&#039;\u00e9quivalent de la consommation annuelle de 288 foyers de quatre personnes.\" \/>\n\t\t<meta name=\"twitter:creator\" content=\"@i\" \/>\n\t\t<meta name=\"twitter:image\" content=\"https:\/\/www.immo-invest.ch\/wp-content\/uploads\/2020\/05\/photovoltaic-2799982_1920.jpg\" \/>\n\t\t<script type=\"application\/ld+json\" class=\"aioseo-schema\">\n\t\t\t{\"@context\":\"https:\\\/\\\/schema.org\",\"@graph\":[{\"@type\":\"BlogPosting\",\"@id\":\"https:\\\/\\\/www.immo-invest.ch\\\/fr\\\/photovoltaikanlage-auf-dem-kybunpark-stadiondach-wird-vergroessert\\\/#blogposting\",\"name\":\"L\\u2019installation photovolta\\u00efque sur le toit du stade kybunpark va \\u00eatre agrandie - immo!nvest - Die Plattform f\\u00fcr Standorte und Immobilien\",\"headline\":\"L&rsquo;installation photovolta\\u00efque sur le toit du stade kybunpark va \\u00eatre agrandie\",\"author\":{\"@id\":\"https:\\\/\\\/www.immo-invest.ch\\\/fr\\\/author\\\/immovestuser\\\/#author\"},\"publisher\":{\"@id\":\"https:\\\/\\\/www.immo-invest.ch\\\/fr\\\/#organization\"},\"image\":{\"@type\":\"ImageObject\",\"url\":\"https:\\\/\\\/www.immo-invest.ch\\\/wp-content\\\/uploads\\\/2020\\\/05\\\/photovoltaic-2799982_1920.jpg\",\"width\":1920,\"height\":1280},\"datePublished\":\"2025-02-07T16:44:08+01:00\",\"dateModified\":\"2025-02-07T11:08:49+01:00\",\"inLanguage\":\"fr-FR\",\"mainEntityOfPage\":{\"@id\":\"https:\\\/\\\/www.immo-invest.ch\\\/fr\\\/photovoltaikanlage-auf-dem-kybunpark-stadiondach-wird-vergroessert\\\/#webpage\"},\"isPartOf\":{\"@id\":\"https:\\\/\\\/www.immo-invest.ch\\\/fr\\\/photovoltaikanlage-auf-dem-kybunpark-stadiondach-wird-vergroessert\\\/#webpage\"},\"articleSection\":\"Durabilit\\u00e9, \\u00c9nergie, immoNews, Saint-Gall, Immoinvest, immoNews, Photovoltaik, Solarstrom, Stadion, Facultatif\"},{\"@type\":\"BreadcrumbList\",\"@id\":\"https:\\\/\\\/www.immo-invest.ch\\\/fr\\\/photovoltaikanlage-auf-dem-kybunpark-stadiondach-wird-vergroessert\\\/#breadcrumblist\",\"itemListElement\":[{\"@type\":\"ListItem\",\"@id\":\"https:\\\/\\\/www.immo-invest.ch\\\/fr\\\/#listItem\",\"position\":1,\"name\":\"Home\",\"item\":\"https:\\\/\\\/www.immo-invest.ch\\\/fr\\\/\",\"nextItem\":{\"@type\":\"ListItem\",\"@id\":\"https:\\\/\\\/www.immo-invest.ch\\\/fr\\\/categories\\\/regions\\\/#listItem\",\"name\":\"R\\u00e9gions\"}},{\"@type\":\"ListItem\",\"@id\":\"https:\\\/\\\/www.immo-invest.ch\\\/fr\\\/categories\\\/regions\\\/#listItem\",\"position\":2,\"name\":\"R\\u00e9gions\",\"item\":\"https:\\\/\\\/www.immo-invest.ch\\\/fr\\\/categories\\\/regions\\\/\",\"nextItem\":{\"@type\":\"ListItem\",\"@id\":\"https:\\\/\\\/www.immo-invest.ch\\\/fr\\\/categories\\\/regions\\\/suisse\\\/#listItem\",\"name\":\"Suisse\"},\"previousItem\":{\"@type\":\"ListItem\",\"@id\":\"https:\\\/\\\/www.immo-invest.ch\\\/fr\\\/#listItem\",\"name\":\"Home\"}},{\"@type\":\"ListItem\",\"@id\":\"https:\\\/\\\/www.immo-invest.ch\\\/fr\\\/categories\\\/regions\\\/suisse\\\/#listItem\",\"position\":3,\"name\":\"Suisse\",\"item\":\"https:\\\/\\\/www.immo-invest.ch\\\/fr\\\/categories\\\/regions\\\/suisse\\\/\",\"nextItem\":{\"@type\":\"ListItem\",\"@id\":\"https:\\\/\\\/www.immo-invest.ch\\\/fr\\\/categories\\\/regions\\\/suisse\\\/suisse-orientale\\\/#listItem\",\"name\":\"Suisse orientale\"},\"previousItem\":{\"@type\":\"ListItem\",\"@id\":\"https:\\\/\\\/www.immo-invest.ch\\\/fr\\\/categories\\\/regions\\\/#listItem\",\"name\":\"R\\u00e9gions\"}},{\"@type\":\"ListItem\",\"@id\":\"https:\\\/\\\/www.immo-invest.ch\\\/fr\\\/categories\\\/regions\\\/suisse\\\/suisse-orientale\\\/#listItem\",\"position\":4,\"name\":\"Suisse orientale\",\"item\":\"https:\\\/\\\/www.immo-invest.ch\\\/fr\\\/categories\\\/regions\\\/suisse\\\/suisse-orientale\\\/\",\"nextItem\":{\"@type\":\"ListItem\",\"@id\":\"https:\\\/\\\/www.immo-invest.ch\\\/fr\\\/categories\\\/regions\\\/suisse\\\/suisse-orientale\\\/region-saint-gall\\\/#listItem\",\"name\":\"Saint-Gall\"},\"previousItem\":{\"@type\":\"ListItem\",\"@id\":\"https:\\\/\\\/www.immo-invest.ch\\\/fr\\\/categories\\\/regions\\\/suisse\\\/#listItem\",\"name\":\"Suisse\"}},{\"@type\":\"ListItem\",\"@id\":\"https:\\\/\\\/www.immo-invest.ch\\\/fr\\\/categories\\\/regions\\\/suisse\\\/suisse-orientale\\\/region-saint-gall\\\/#listItem\",\"position\":5,\"name\":\"Saint-Gall\",\"item\":\"https:\\\/\\\/www.immo-invest.ch\\\/fr\\\/categories\\\/regions\\\/suisse\\\/suisse-orientale\\\/region-saint-gall\\\/\",\"nextItem\":{\"@type\":\"ListItem\",\"@id\":\"https:\\\/\\\/www.immo-invest.ch\\\/fr\\\/photovoltaikanlage-auf-dem-kybunpark-stadiondach-wird-vergroessert\\\/#listItem\",\"name\":\"L&rsquo;installation photovolta\\u00efque sur le toit du stade kybunpark va \\u00eatre agrandie\"},\"previousItem\":{\"@type\":\"ListItem\",\"@id\":\"https:\\\/\\\/www.immo-invest.ch\\\/fr\\\/categories\\\/regions\\\/suisse\\\/suisse-orientale\\\/#listItem\",\"name\":\"Suisse orientale\"}},{\"@type\":\"ListItem\",\"@id\":\"https:\\\/\\\/www.immo-invest.ch\\\/fr\\\/photovoltaikanlage-auf-dem-kybunpark-stadiondach-wird-vergroessert\\\/#listItem\",\"position\":6,\"name\":\"L&rsquo;installation photovolta\\u00efque sur le toit du stade kybunpark va \\u00eatre agrandie\",\"previousItem\":{\"@type\":\"ListItem\",\"@id\":\"https:\\\/\\\/www.immo-invest.ch\\\/fr\\\/categories\\\/regions\\\/suisse\\\/suisse-orientale\\\/region-saint-gall\\\/#listItem\",\"name\":\"Saint-Gall\"}}]},{\"@type\":\"Organization\",\"@id\":\"https:\\\/\\\/www.immo-invest.ch\\\/fr\\\/#organization\",\"name\":\"immo!nvest - Die Plattform f\\u00fcr Standorte und Immobilien\",\"description\":\"Die\\u00a0Plattform f\\u00fcr Standorte und Immobilien\",\"url\":\"https:\\\/\\\/www.immo-invest.ch\\\/fr\\\/\",\"email\":\"admin@immomedia.ag\",\"telephone\":\"+41444420002\",\"logo\":{\"@type\":\"ImageObject\",\"url\":\"https:\\\/\\\/www.immo-invest.ch\\\/wp-content\\\/uploads\\\/2024\\\/09\\\/immoinvest_sm-scaled.jpg\",\"@id\":\"https:\\\/\\\/www.immo-invest.ch\\\/fr\\\/photovoltaikanlage-auf-dem-kybunpark-stadiondach-wird-vergroessert\\\/#organizationLogo\",\"width\":2560,\"height\":1340},\"image\":{\"@id\":\"https:\\\/\\\/www.immo-invest.ch\\\/fr\\\/photovoltaikanlage-auf-dem-kybunpark-stadiondach-wird-vergroessert\\\/#organizationLogo\"},\"sameAs\":[\"https:\\\/\\\/www.facebook.com\\\/people\\\/Immoinvest\\\/100077962920504\\\/\",\"https:\\\/\\\/x.com\\\/i\\\/flow\\\/login?redirect_after_login=immoinvest_ch\",\"https:\\\/\\\/www.instagram.com\\\/immoinvest_ch\\\/\",\"https:\\\/\\\/www.linkedin.com\\\/company\\\/immoinvest-swiss\"]},{\"@type\":\"Person\",\"@id\":\"https:\\\/\\\/www.immo-invest.ch\\\/fr\\\/author\\\/immovestuser\\\/#author\",\"url\":\"https:\\\/\\\/www.immo-invest.ch\\\/fr\\\/author\\\/immovestuser\\\/\",\"name\":\"immovestuser\",\"image\":{\"@type\":\"ImageObject\",\"@id\":\"https:\\\/\\\/www.immo-invest.ch\\\/fr\\\/photovoltaikanlage-auf-dem-kybunpark-stadiondach-wird-vergroessert\\\/#authorImage\",\"url\":\"https:\\\/\\\/secure.gravatar.com\\\/avatar\\\/8e01f4d99f2eeea7a362ebb93305e1172a70e9293ba250f897a65c39f54cdd1e?s=96&d=mm&r=g\",\"width\":96,\"height\":96,\"caption\":\"immovestuser\"}},{\"@type\":\"WebPage\",\"@id\":\"https:\\\/\\\/www.immo-invest.ch\\\/fr\\\/photovoltaikanlage-auf-dem-kybunpark-stadiondach-wird-vergroessert\\\/#webpage\",\"url\":\"https:\\\/\\\/www.immo-invest.ch\\\/fr\\\/photovoltaikanlage-auf-dem-kybunpark-stadiondach-wird-vergroessert\\\/\",\"name\":\"L\\u2019installation photovolta\\u00efque sur le toit du stade kybunpark va \\u00eatre agrandie - immo!nvest - Die Plattform f\\u00fcr Standorte und Immobilien\",\"description\":\"Les services municipaux de Saint-Gall ont agrandi leur installation photovolta\\u00efque sur le toit du stade kybunpark. \\u00c0 partir de f\\u00e9vrier 2025, plus d'un million de kilowattheures d'\\u00e9lectricit\\u00e9 solaire devraient \\u00eatre produits chaque ann\\u00e9e, soit l'\\u00e9quivalent de la consommation annuelle de 288 foyers de quatre personnes.\",\"inLanguage\":\"fr-FR\",\"isPartOf\":{\"@id\":\"https:\\\/\\\/www.immo-invest.ch\\\/fr\\\/#website\"},\"breadcrumb\":{\"@id\":\"https:\\\/\\\/www.immo-invest.ch\\\/fr\\\/photovoltaikanlage-auf-dem-kybunpark-stadiondach-wird-vergroessert\\\/#breadcrumblist\"},\"author\":{\"@id\":\"https:\\\/\\\/www.immo-invest.ch\\\/fr\\\/author\\\/immovestuser\\\/#author\"},\"creator\":{\"@id\":\"https:\\\/\\\/www.immo-invest.ch\\\/fr\\\/author\\\/immovestuser\\\/#author\"},\"image\":{\"@type\":\"ImageObject\",\"url\":\"https:\\\/\\\/www.immo-invest.ch\\\/wp-content\\\/uploads\\\/2020\\\/05\\\/photovoltaic-2799982_1920.jpg\",\"@id\":\"https:\\\/\\\/www.immo-invest.ch\\\/fr\\\/photovoltaikanlage-auf-dem-kybunpark-stadiondach-wird-vergroessert\\\/#mainImage\",\"width\":1920,\"height\":1280},\"primaryImageOfPage\":{\"@id\":\"https:\\\/\\\/www.immo-invest.ch\\\/fr\\\/photovoltaikanlage-auf-dem-kybunpark-stadiondach-wird-vergroessert\\\/#mainImage\"},\"datePublished\":\"2025-02-07T16:44:08+01:00\",\"dateModified\":\"2025-02-07T11:08:49+01:00\"},{\"@type\":\"WebSite\",\"@id\":\"https:\\\/\\\/www.immo-invest.ch\\\/fr\\\/#website\",\"url\":\"https:\\\/\\\/www.immo-invest.ch\\\/fr\\\/\",\"name\":\"immo!nvest - Die Plattform f\\u00fcr Standorte und Immobilien\",\"description\":\"Die\\u00a0Plattform f\\u00fcr Standorte und Immobilien\",\"inLanguage\":\"fr-FR\",\"publisher\":{\"@id\":\"https:\\\/\\\/www.immo-invest.ch\\\/fr\\\/#organization\"}}]}\n\t\t<\/script>\n\t\t<!-- All in One SEO -->\n\n","aioseo_head_json":{"title":"L\u2019installation photovolta\u00efque sur le toit du stade kybunpark va \u00eatre agrandie - immo!nvest - Die Plattform f\u00fcr Standorte und Immobilien","description":"Les services municipaux de Saint-Gall ont agrandi leur installation photovolta\u00efque sur le toit du stade kybunpark. \u00c0 partir de f\u00e9vrier 2025, plus d'un million de kilowattheures d'\u00e9lectricit\u00e9 solaire devraient \u00eatre produits chaque ann\u00e9e, soit l'\u00e9quivalent de la consommation annuelle de 288 foyers de quatre personnes.","canonical_url":"https:\/\/www.immo-invest.ch\/fr\/photovoltaikanlage-auf-dem-kybunpark-stadiondach-wird-vergroessert\/","robots":"max-image-preview:large","keywords":"","webmasterTools":{"google-site-verification":"fHJKvgWpZCR2zVBHWfkQeFXC11qieUSff0HGNYfuyLA","miscellaneous":""},"schema":{"@context":"https:\/\/schema.org","@graph":[{"@type":"BlogPosting","@id":"https:\/\/www.immo-invest.ch\/fr\/photovoltaikanlage-auf-dem-kybunpark-stadiondach-wird-vergroessert\/#blogposting","name":"L\u2019installation photovolta\u00efque sur le toit du stade kybunpark va \u00eatre agrandie - immo!nvest - Die Plattform f\u00fcr Standorte und Immobilien","headline":"L&rsquo;installation photovolta\u00efque sur le toit du stade kybunpark va \u00eatre agrandie","author":{"@id":"https:\/\/www.immo-invest.ch\/fr\/author\/immovestuser\/#author"},"publisher":{"@id":"https:\/\/www.immo-invest.ch\/fr\/#organization"},"image":{"@type":"ImageObject","url":"https:\/\/www.immo-invest.ch\/wp-content\/uploads\/2020\/05\/photovoltaic-2799982_1920.jpg","width":1920,"height":1280},"datePublished":"2025-02-07T16:44:08+01:00","dateModified":"2025-02-07T11:08:49+01:00","inLanguage":"fr-FR","mainEntityOfPage":{"@id":"https:\/\/www.immo-invest.ch\/fr\/photovoltaikanlage-auf-dem-kybunpark-stadiondach-wird-vergroessert\/#webpage"},"isPartOf":{"@id":"https:\/\/www.immo-invest.ch\/fr\/photovoltaikanlage-auf-dem-kybunpark-stadiondach-wird-vergroessert\/#webpage"},"articleSection":"Durabilit\u00e9, \u00c9nergie, immoNews, Saint-Gall, Immoinvest, immoNews, Photovoltaik, Solarstrom, Stadion, Facultatif"},{"@type":"BreadcrumbList","@id":"https:\/\/www.immo-invest.ch\/fr\/photovoltaikanlage-auf-dem-kybunpark-stadiondach-wird-vergroessert\/#breadcrumblist","itemListElement":[{"@type":"ListItem","@id":"https:\/\/www.immo-invest.ch\/fr\/#listItem","position":1,"name":"Home","item":"https:\/\/www.immo-invest.ch\/fr\/","nextItem":{"@type":"ListItem","@id":"https:\/\/www.immo-invest.ch\/fr\/categories\/regions\/#listItem","name":"R\u00e9gions"}},{"@type":"ListItem","@id":"https:\/\/www.immo-invest.ch\/fr\/categories\/regions\/#listItem","position":2,"name":"R\u00e9gions","item":"https:\/\/www.immo-invest.ch\/fr\/categories\/regions\/","nextItem":{"@type":"ListItem","@id":"https:\/\/www.immo-invest.ch\/fr\/categories\/regions\/suisse\/#listItem","name":"Suisse"},"previousItem":{"@type":"ListItem","@id":"https:\/\/www.immo-invest.ch\/fr\/#listItem","name":"Home"}},{"@type":"ListItem","@id":"https:\/\/www.immo-invest.ch\/fr\/categories\/regions\/suisse\/#listItem","position":3,"name":"Suisse","item":"https:\/\/www.immo-invest.ch\/fr\/categories\/regions\/suisse\/","nextItem":{"@type":"ListItem","@id":"https:\/\/www.immo-invest.ch\/fr\/categories\/regions\/suisse\/suisse-orientale\/#listItem","name":"Suisse orientale"},"previousItem":{"@type":"ListItem","@id":"https:\/\/www.immo-invest.ch\/fr\/categories\/regions\/#listItem","name":"R\u00e9gions"}},{"@type":"ListItem","@id":"https:\/\/www.immo-invest.ch\/fr\/categories\/regions\/suisse\/suisse-orientale\/#listItem","position":4,"name":"Suisse orientale","item":"https:\/\/www.immo-invest.ch\/fr\/categories\/regions\/suisse\/suisse-orientale\/","nextItem":{"@type":"ListItem","@id":"https:\/\/www.immo-invest.ch\/fr\/categories\/regions\/suisse\/suisse-orientale\/region-saint-gall\/#listItem","name":"Saint-Gall"},"previousItem":{"@type":"ListItem","@id":"https:\/\/www.immo-invest.ch\/fr\/categories\/regions\/suisse\/#listItem","name":"Suisse"}},{"@type":"ListItem","@id":"https:\/\/www.immo-invest.ch\/fr\/categories\/regions\/suisse\/suisse-orientale\/region-saint-gall\/#listItem","position":5,"name":"Saint-Gall","item":"https:\/\/www.immo-invest.ch\/fr\/categories\/regions\/suisse\/suisse-orientale\/region-saint-gall\/","nextItem":{"@type":"ListItem","@id":"https:\/\/www.immo-invest.ch\/fr\/photovoltaikanlage-auf-dem-kybunpark-stadiondach-wird-vergroessert\/#listItem","name":"L&rsquo;installation photovolta\u00efque sur le toit du stade kybunpark va \u00eatre agrandie"},"previousItem":{"@type":"ListItem","@id":"https:\/\/www.immo-invest.ch\/fr\/categories\/regions\/suisse\/suisse-orientale\/#listItem","name":"Suisse orientale"}},{"@type":"ListItem","@id":"https:\/\/www.immo-invest.ch\/fr\/photovoltaikanlage-auf-dem-kybunpark-stadiondach-wird-vergroessert\/#listItem","position":6,"name":"L&rsquo;installation photovolta\u00efque sur le toit du stade kybunpark va \u00eatre agrandie","previousItem":{"@type":"ListItem","@id":"https:\/\/www.immo-invest.ch\/fr\/categories\/regions\/suisse\/suisse-orientale\/region-saint-gall\/#listItem","name":"Saint-Gall"}}]},{"@type":"Organization","@id":"https:\/\/www.immo-invest.ch\/fr\/#organization","name":"immo!nvest - Die Plattform f\u00fcr Standorte und Immobilien","description":"Die\u00a0Plattform f\u00fcr Standorte und Immobilien","url":"https:\/\/www.immo-invest.ch\/fr\/","email":"admin@immomedia.ag","telephone":"+41444420002","logo":{"@type":"ImageObject","url":"https:\/\/www.immo-invest.ch\/wp-content\/uploads\/2024\/09\/immoinvest_sm-scaled.jpg","@id":"https:\/\/www.immo-invest.ch\/fr\/photovoltaikanlage-auf-dem-kybunpark-stadiondach-wird-vergroessert\/#organizationLogo","width":2560,"height":1340},"image":{"@id":"https:\/\/www.immo-invest.ch\/fr\/photovoltaikanlage-auf-dem-kybunpark-stadiondach-wird-vergroessert\/#organizationLogo"},"sameAs":["https:\/\/www.facebook.com\/people\/Immoinvest\/100077962920504\/","https:\/\/x.com\/i\/flow\/login?redirect_after_login=immoinvest_ch","https:\/\/www.instagram.com\/immoinvest_ch\/","https:\/\/www.linkedin.com\/company\/immoinvest-swiss"]},{"@type":"Person","@id":"https:\/\/www.immo-invest.ch\/fr\/author\/immovestuser\/#author","url":"https:\/\/www.immo-invest.ch\/fr\/author\/immovestuser\/","name":"immovestuser","image":{"@type":"ImageObject","@id":"https:\/\/www.immo-invest.ch\/fr\/photovoltaikanlage-auf-dem-kybunpark-stadiondach-wird-vergroessert\/#authorImage","url":"https:\/\/secure.gravatar.com\/avatar\/8e01f4d99f2eeea7a362ebb93305e1172a70e9293ba250f897a65c39f54cdd1e?s=96&d=mm&r=g","width":96,"height":96,"caption":"immovestuser"}},{"@type":"WebPage","@id":"https:\/\/www.immo-invest.ch\/fr\/photovoltaikanlage-auf-dem-kybunpark-stadiondach-wird-vergroessert\/#webpage","url":"https:\/\/www.immo-invest.ch\/fr\/photovoltaikanlage-auf-dem-kybunpark-stadiondach-wird-vergroessert\/","name":"L\u2019installation photovolta\u00efque sur le toit du stade kybunpark va \u00eatre agrandie - immo!nvest - Die Plattform f\u00fcr Standorte und Immobilien","description":"Les services municipaux de Saint-Gall ont agrandi leur installation photovolta\u00efque sur le toit du stade kybunpark. \u00c0 partir de f\u00e9vrier 2025, plus d'un million de kilowattheures d'\u00e9lectricit\u00e9 solaire devraient \u00eatre produits chaque ann\u00e9e, soit l'\u00e9quivalent de la consommation annuelle de 288 foyers de quatre personnes.","inLanguage":"fr-FR","isPartOf":{"@id":"https:\/\/www.immo-invest.ch\/fr\/#website"},"breadcrumb":{"@id":"https:\/\/www.immo-invest.ch\/fr\/photovoltaikanlage-auf-dem-kybunpark-stadiondach-wird-vergroessert\/#breadcrumblist"},"author":{"@id":"https:\/\/www.immo-invest.ch\/fr\/author\/immovestuser\/#author"},"creator":{"@id":"https:\/\/www.immo-invest.ch\/fr\/author\/immovestuser\/#author"},"image":{"@type":"ImageObject","url":"https:\/\/www.immo-invest.ch\/wp-content\/uploads\/2020\/05\/photovoltaic-2799982_1920.jpg","@id":"https:\/\/www.immo-invest.ch\/fr\/photovoltaikanlage-auf-dem-kybunpark-stadiondach-wird-vergroessert\/#mainImage","width":1920,"height":1280},"primaryImageOfPage":{"@id":"https:\/\/www.immo-invest.ch\/fr\/photovoltaikanlage-auf-dem-kybunpark-stadiondach-wird-vergroessert\/#mainImage"},"datePublished":"2025-02-07T16:44:08+01:00","dateModified":"2025-02-07T11:08:49+01:00"},{"@type":"WebSite","@id":"https:\/\/www.immo-invest.ch\/fr\/#website","url":"https:\/\/www.immo-invest.ch\/fr\/","name":"immo!nvest - Die Plattform f\u00fcr Standorte und Immobilien","description":"Die\u00a0Plattform f\u00fcr Standorte und Immobilien","inLanguage":"fr-FR","publisher":{"@id":"https:\/\/www.immo-invest.ch\/fr\/#organization"}}]},"og:locale":"fr_FR","og:site_name":"immo!nvest - Die Plattform f\u00fcr Standorte und Immobilien - Die\u00a0Plattform f\u00fcr Standorte und Immobilien","og:type":"article","og:title":"L\u2019installation photovolta\u00efque sur le toit du stade kybunpark va \u00eatre agrandie - immo!nvest - Die Plattform f\u00fcr Standorte und Immobilien","og:description":"Les services municipaux de Saint-Gall ont agrandi leur installation photovolta\u00efque sur le toit du stade kybunpark. \u00c0 partir de f\u00e9vrier 2025, plus d'un million de kilowattheures d'\u00e9lectricit\u00e9 solaire devraient \u00eatre produits chaque ann\u00e9e, soit l'\u00e9quivalent de la consommation annuelle de 288 foyers de quatre personnes.","og:url":"https:\/\/www.immo-invest.ch\/fr\/photovoltaikanlage-auf-dem-kybunpark-stadiondach-wird-vergroessert\/","og:image":"https:\/\/www.immo-invest.ch\/wp-content\/uploads\/2020\/05\/photovoltaic-2799982_1920.jpg","og:image:secure_url":"https:\/\/www.immo-invest.ch\/wp-content\/uploads\/2020\/05\/photovoltaic-2799982_1920.jpg","og:image:width":1920,"og:image:height":1280,"article:published_time":"2025-02-07T15:44:08+00:00","article:modified_time":"2025-02-07T10:08:49+00:00","article:publisher":"https:\/\/www.facebook.com\/people\/Immoinvest\/100077962920504\/","twitter:card":"summary_large_image","twitter:site":"@i","twitter:title":"L\u2019installation photovolta\u00efque sur le toit du stade kybunpark va \u00eatre agrandie - immo!nvest - Die Plattform f\u00fcr Standorte und Immobilien","twitter:description":"Les services municipaux de Saint-Gall ont agrandi leur installation photovolta\u00efque sur le toit du stade kybunpark. \u00c0 partir de f\u00e9vrier 2025, plus d'un million de kilowattheures d'\u00e9lectricit\u00e9 solaire devraient \u00eatre produits chaque ann\u00e9e, soit l'\u00e9quivalent de la consommation annuelle de 288 foyers de quatre personnes.","twitter:creator":"@i","twitter:image":"https:\/\/www.immo-invest.ch\/wp-content\/uploads\/2020\/05\/photovoltaic-2799982_1920.jpg"},"aioseo_meta_data":{"post_id":"125728","title":null,"description":null,"keywords":null,"keyphrases":{"focus":{"keyphrase":"","score":0,"analysis":{"keyphraseInTitle":{"score":0,"maxScore":9,"error":1}}},"additional":[]},"primary_term":null,"canonical_url":null,"og_title":null,"og_description":null,"og_object_type":"default","og_image_type":"default","og_image_url":null,"og_image_width":null,"og_image_height":null,"og_image_custom_url":null,"og_image_custom_fields":null,"og_video":"","og_custom_url":null,"og_article_section":null,"og_article_tags":null,"twitter_use_og":false,"twitter_card":"default","twitter_image_type":"default","twitter_image_url":null,"twitter_image_custom_url":null,"twitter_image_custom_fields":null,"twitter_title":null,"twitter_description":null,"schema":{"blockGraphs":[],"customGraphs":[],"default":{"data":{"Article":[],"Course":[],"Dataset":[],"FAQPage":[],"Movie":[],"Person":[],"Product":[],"ProductReview":[],"Car":[],"Recipe":[],"Service":[],"SoftwareApplication":[],"WebPage":[]},"graphName":"BlogPosting","isEnabled":true},"graphs":[]},"schema_type":"default","schema_type_options":null,"pillar_content":false,"robots_default":true,"robots_noindex":false,"robots_noarchive":false,"robots_nosnippet":false,"robots_nofollow":false,"robots_noimageindex":false,"robots_noodp":false,"robots_notranslate":false,"robots_max_snippet":"-1","robots_max_videopreview":"-1","robots_max_imagepreview":"large","priority":null,"frequency":"default","local_seo":null,"breadcrumb_settings":null,"limit_modified_date":false,"ai":null,"created":"2025-02-07 08:57:59","updated":"2025-10-24 16:42:15","seo_analyzer_scan_date":null,"focus_keyword":null,"additional_keywords":null,"truseo_locale":null},"aioseo_breadcrumb":"<div class=\"aioseo-breadcrumbs\"><span class=\"aioseo-breadcrumb\">\n\t\t\t<a href=\"https:\/\/www.immo-invest.ch\/fr\/\" title=\"Home\">Home<\/a>\n\t\t<\/span><span class=\"aioseo-breadcrumb-separator\">&raquo;<\/span><span class=\"aioseo-breadcrumb\">\n\t\t\t<a href=\"https:\/\/www.immo-invest.ch\/fr\/categories\/regions\/\" title=\"R\u00e9gions\">R\u00e9gions<\/a>\n\t\t<\/span><span class=\"aioseo-breadcrumb-separator\">&raquo;<\/span><span class=\"aioseo-breadcrumb\">\n\t\t\t<a href=\"https:\/\/www.immo-invest.ch\/fr\/categories\/regions\/suisse\/\" title=\"Suisse\">Suisse<\/a>\n\t\t<\/span><span class=\"aioseo-breadcrumb-separator\">&raquo;<\/span><span class=\"aioseo-breadcrumb\">\n\t\t\t<a href=\"https:\/\/www.immo-invest.ch\/fr\/categories\/regions\/suisse\/suisse-orientale\/\" title=\"Suisse orientale\">Suisse orientale<\/a>\n\t\t<\/span><span class=\"aioseo-breadcrumb-separator\">&raquo;<\/span><span class=\"aioseo-breadcrumb\">\n\t\t\t<a href=\"https:\/\/www.immo-invest.ch\/fr\/categories\/regions\/suisse\/suisse-orientale\/region-saint-gall\/\" title=\"Saint-Gall\">Saint-Gall<\/a>\n\t\t<\/span><span class=\"aioseo-breadcrumb-separator\">&raquo;<\/span><span class=\"aioseo-breadcrumb\">\n\t\t\tL\u2019installation photovolta\u00efque sur le toit du stade kybunpark va \u00eatre agrandie\n\t\t<\/span><\/div>","aioseo_breadcrumb_json":[{"label":"Home","link":"https:\/\/www.immo-invest.ch\/fr\/"},{"label":"R\u00e9gions","link":"https:\/\/www.immo-invest.ch\/fr\/categories\/regions\/"},{"label":"Suisse","link":"https:\/\/www.immo-invest.ch\/fr\/categories\/regions\/suisse\/"},{"label":"Suisse orientale","link":"https:\/\/www.immo-invest.ch\/fr\/categories\/regions\/suisse\/suisse-orientale\/"},{"label":"Saint-Gall","link":"https:\/\/www.immo-invest.ch\/fr\/categories\/regions\/suisse\/suisse-orientale\/region-saint-gall\/"},{"label":"L&rsquo;installation photovolta\u00efque sur le toit du stade kybunpark va \u00eatre agrandie","link":"https:\/\/www.immo-invest.ch\/fr\/photovoltaikanlage-auf-dem-kybunpark-stadiondach-wird-vergroessert\/"}],"featured_image_src":"https:\/\/www.immo-invest.ch\/wp-content\/uploads\/2020\/05\/photovoltaic-2799982_1920-150x150.jpg","_links":{"self":[{"href":"https:\/\/www.immo-invest.ch\/fr\/wp-json\/wp\/v2\/posts\/125728","targetHints":{"allow":["GET"]}}],"collection":[{"href":"https:\/\/www.immo-invest.ch\/fr\/wp-json\/wp\/v2\/posts"}],"about":[{"href":"https:\/\/www.immo-invest.ch\/fr\/wp-json\/wp\/v2\/types\/post"}],"author":[{"embeddable":true,"href":"https:\/\/www.immo-invest.ch\/fr\/wp-json\/wp\/v2\/users\/2"}],"replies":[{"embeddable":true,"href":"https:\/\/www.immo-invest.ch\/fr\/wp-json\/wp\/v2\/comments?post=125728"}],"version-history":[{"count":0,"href":"https:\/\/www.immo-invest.ch\/fr\/wp-json\/wp\/v2\/posts\/125728\/revisions"}],"wp:featuredmedia":[{"embeddable":true,"href":"https:\/\/www.immo-invest.ch\/fr\/wp-json\/wp\/v2\/media\/5333"}],"wp:attachment":[{"href":"https:\/\/www.immo-invest.ch\/fr\/wp-json\/wp\/v2\/media?parent=125728"}],"wp:term":[{"taxonomy":"category","embeddable":true,"href":"https:\/\/www.immo-invest.ch\/fr\/wp-json\/wp\/v2\/categories?post=125728"},{"taxonomy":"post_tag","embeddable":true,"href":"https:\/\/www.immo-invest.ch\/fr\/wp-json\/wp\/v2\/tags?post=125728"}],"curies":[{"name":"wp","href":"https:\/\/api.w.org\/{rel}","templated":true}]}}