{"id":125023,"date":"2025-01-30T16:39:04","date_gmt":"2025-01-30T15:39:04","guid":{"rendered":"https:\/\/www.immo-invest.ch\/neuer-standard-bei-jva-bostadel\/"},"modified":"2025-01-30T16:49:30","modified_gmt":"2025-01-30T15:49:30","slug":"neuer-standard-bei-jva-bostadel","status":"publish","type":"post","link":"https:\/\/www.immo-invest.ch\/fr\/neuer-standard-bei-jva-bostadel\/","title":{"rendered":"Nouveau standard pour JVA Bostadel"},"content":{"rendered":"<p class=\"wp-block-paragraph\">Construit entre 1972 et 1977, le centre p&eacute;nitentiaire de Bostadel pr&eacute;sente, apr&egrave;s des d&eacute;cennies, des signes &eacute;vidents d&rsquo;usure. Des adaptations architecturales visant &agrave; am&eacute;liorer la r&eacute;sistance aux s&eacute;ismes, la protection contre les incendies et l&rsquo;efficacit&eacute; &eacute;nerg&eacute;tique sont n&eacute;cessaires de toute urgence pour garantir la s&eacute;curit&eacute; des d&eacute;tenus et du personnel. Le vaste projet de r&eacute;novation comprend &agrave; la fois la modernisation des installations techniques du b&acirc;timent et la construction d&rsquo;une nouvelle division sp&eacute;ciale qui servira de b&acirc;timent provisoire pendant la phase de construction.<\/p>\n\n\n\n\n\n<p class=\"wp-block-paragraph\"><strong>R&eacute;habilitation sous exploitation<\/strong><br>Un aspect central de ce projet est la r&eacute;novation sans interruption de l&rsquo;activit&eacute;. La nouvelle construction permet une solution de repli temporaire pendant la r&eacute;novation et s&rsquo;adresse en particulier aux besoins des d&eacute;tenus &acirc;g&eacute;s et des d&eacute;tenus &agrave; long terme. Cette approche a &eacute;t&eacute; d&eacute;velopp&eacute;e en &eacute;troite collaboration avec le concordat p&eacute;nitentiaire du nord-ouest et de la Suisse centrale ainsi qu&rsquo;avec l&rsquo;Office f&eacute;d&eacute;ral de la justice afin de garantir le bon fonctionnement de l&rsquo;&eacute;tablissement p&eacute;nitentiaire.<\/p>\n\n\n\n\n\n<p class=\"wp-block-paragraph\"><strong><span class=\"glossaryLink\" aria-describedby=\"tt\" data-cmtooltip=\"&lt;div class=glossaryItemTitle&gt;Innovation&lt;\/div&gt;&lt;div class=glossaryItemBody&gt;Innovation in der heutigen Immobilienwelt bedeutet vor allem Digitalisierung von Prozessen. Zum Beispiel das Eliminieren von Tausenden von Excel-Bl&auml;ttern f&uuml;r Portfolio- und Asset-Manager oder das Erstellen einer Anwendung (App) f&uuml;r alle Formalit&auml;ten rund um die Beziehung zwischen Immobilieneigent&uuml;mern, - verwaltung und -mietern.&lt;\/div&gt;\" data-mobile-support=\"0\" data-gt-translate-attributes='[{\"attribute\":\"data-cmtooltip\", \"format\":\"html\"}]' tabindex=\"0\" role=\"link\">Innovation<\/span> architecturale<\/strong><br>Le projet gagnant d&rsquo;Eggenspieler Architekten AG et architecture am&eacute;nagement s.a. convainc par sa planification bien pens&eacute;e et son <span class=\"glossaryLink\" aria-describedby=\"tt\" data-cmtooltip=\"&lt;div class=glossaryItemTitle&gt;Innovation&lt;\/div&gt;&lt;div class=glossaryItemBody&gt;Innovation in der heutigen Immobilienwelt bedeutet vor allem Digitalisierung von Prozessen. Zum Beispiel das Eliminieren von Tausenden von Excel-Bl&auml;ttern f&uuml;r Portfolio- und Asset-Manager oder das Erstellen einer Anwendung (App) f&uuml;r alle Formalit&auml;ten rund um die Beziehung zwischen Immobilieneigent&uuml;mern, - verwaltung und -mietern.&lt;\/div&gt;\" data-mobile-support=\"0\" data-gt-translate-attributes='[{\"attribute\":\"data-cmtooltip\", \"format\":\"html\"}]' tabindex=\"0\" role=\"link\">innovation<\/span> architecturale. Le b&acirc;timent compl&eacute;mentaire cr&eacute;e des espaces ext&eacute;rieurs suppl&eacute;mentaires et assure un environnement agr&eacute;able gr&acirc;ce &agrave; un &eacute;clairage optimal des espaces int&eacute;rieurs. Une infrastructure p&eacute;nitentiaire moderne et durable est ainsi r&eacute;alis&eacute;e.<\/p>\n\n\n\n\n\n<p class=\"wp-block-paragraph\"><strong>Un projet efficace et durable<\/strong><br>Selon l&rsquo;estimation sommaire des co&ucirc;ts, le co&ucirc;t total s&rsquo;&eacute;l&egrave;ve &agrave; 66,6 millions de francs, soit 50,35 millions nets apr&egrave;s d&eacute;duction des contributions f&eacute;d&eacute;rales, le projet est con&ccedil;u de mani&egrave;re &eacute;conomique et durable. L&rsquo;implication des gouvernements cantonaux de Zoug et de B&acirc;le-Ville garantit le respect des normes et des exigences modernes.<\/p>\n\n\n\n\n\n<p class=\"wp-block-paragraph\"><strong>Des jalons pour l&rsquo;avenir<\/strong><br>Apr&egrave;s l&rsquo;approbation par les gouvernements cantonaux et la proc&eacute;dure &agrave; venir au sein des parlements cantonaux, le projet sera r&eacute;alis&eacute; par &eacute;tapes. L&rsquo;ach&egrave;vement de l&rsquo;extension est pr&eacute;vu pour 2028 et la r&eacute;novation compl&egrave;te pour 2031, pr&eacute;parant ainsi l&rsquo;&eacute;tablissement p&eacute;nitentiaire de Bostadel aux exigences des prochaines d&eacute;cennies.<\/p>\n\n","protected":false},"excerpt":{"rendered":"<p>L&rsquo;\u00e9tablissement p\u00e9nitentiaire de Bostadel \u00e0 Menzingen est sur le point d&rsquo;\u00eatre r\u00e9nov\u00e9 et agrandi. Ce projet est non seulement n\u00e9cessaire pour r\u00e9pondre aux exigences en mati\u00e8re de construction et d&rsquo;exploitation, mais il vise \u00e9galement \u00e0 am\u00e9liorer la qualit\u00e9 des conditions de d\u00e9tention pour les d\u00e9tenus \u00e2g\u00e9s et ceux plac\u00e9s en d\u00e9tention de longue dur\u00e9e. <\/p>\n","protected":false},"author":2,"featured_media":125017,"comment_status":"open","ping_status":"open","sticky":false,"template":"","format":"standard","meta":{"pmpro_default_level":"","inline_featured_image":false,"_monsterinsights_skip_tracking":false,"footnotes":""},"categories":[22699,22357,8736],"tags":[51808,872,3931,51131,2002,51809],"class_list":["post-125023","post","type-post","status-publish","format-standard","has-post-thumbnail","hentry","category-durabilite","category-industrie-du-batiment","category-region-zug","tag-gefaengnissanierung-fr","tag-immoinvest-fr","tag-immonews-fr","tag-nachhaltige-infrastruktur-fr","tag-news-fr","tag-sicherheitsstandard-fr","pmpro-has-access"],"acf":{"bild_mit_ki_erstellt_worden":[],"lead":"L'\u00e9tablissement p\u00e9nitentiaire de Bostadel \u00e0 Menzingen est sur le point d'\u00eatre r\u00e9nov\u00e9 et agrandi. Ce projet est non seulement n\u00e9cessaire pour r\u00e9pondre aux exigences en mati\u00e8re de construction et d'exploitation, mais il vise \u00e9galement \u00e0 am\u00e9liorer la qualit\u00e9 des conditions de d\u00e9tention pour les d\u00e9tenus \u00e2g\u00e9s et ceux plac\u00e9s en d\u00e9tention de longue dur\u00e9e. ","autor":"Quelle: immo!nvest Magazin Zug","ort":"","bildunterschrift":"","bild_im_grid":false,"gallerie":"","newsim":""},"aioseo_notices":[],"aioseo_head":"\n\t\t<!-- All in One SEO 5.0.0.1 - aioseo.com -->\n\t<meta name=\"description\" content=\"L&#039;\u00e9tablissement p\u00e9nitentiaire de Bostadel \u00e0 Menzingen est sur le point d&#039;\u00eatre r\u00e9nov\u00e9 et agrandi. Ce projet est non seulement n\u00e9cessaire pour r\u00e9pondre aux exigences en mati\u00e8re de construction et d&#039;exploitation, mais il vise \u00e9galement \u00e0 am\u00e9liorer la qualit\u00e9 des conditions de d\u00e9tention pour les d\u00e9tenus \u00e2g\u00e9s et ceux plac\u00e9s en d\u00e9tention de longue dur\u00e9e.\" \/>\n\t<meta name=\"robots\" content=\"max-image-preview:large\" \/>\n\t<meta name=\"author\" content=\"immovestuser\"\/>\n\t<meta name=\"google-site-verification\" content=\"fHJKvgWpZCR2zVBHWfkQeFXC11qieUSff0HGNYfuyLA\" \/>\n\t<link rel=\"canonical\" href=\"https:\/\/www.immo-invest.ch\/fr\/neuer-standard-bei-jva-bostadel\/\" \/>\n\t<meta name=\"generator\" content=\"All in One SEO (AIOSEO) 5.0.0.1\" \/>\n\t\t<meta property=\"og:locale\" content=\"fr_FR\" \/>\n\t\t<meta property=\"og:site_name\" content=\"immo!nvest - Die Plattform f\u00fcr Standorte und Immobilien - Die\u00a0Plattform f\u00fcr Standorte und Immobilien\" \/>\n\t\t<meta property=\"og:type\" content=\"article\" \/>\n\t\t<meta property=\"og:title\" content=\"Nouveau standard pour JVA Bostadel - immo!nvest - Die Plattform f\u00fcr Standorte und Immobilien\" \/>\n\t\t<meta property=\"og:description\" content=\"L&#039;\u00e9tablissement p\u00e9nitentiaire de Bostadel \u00e0 Menzingen est sur le point d&#039;\u00eatre r\u00e9nov\u00e9 et agrandi. Ce projet est non seulement n\u00e9cessaire pour r\u00e9pondre aux exigences en mati\u00e8re de construction et d&#039;exploitation, mais il vise \u00e9galement \u00e0 am\u00e9liorer la qualit\u00e9 des conditions de d\u00e9tention pour les d\u00e9tenus \u00e2g\u00e9s et ceux plac\u00e9s en d\u00e9tention de longue dur\u00e9e.\" \/>\n\t\t<meta property=\"og:url\" content=\"https:\/\/www.immo-invest.ch\/fr\/neuer-standard-bei-jva-bostadel\/\" \/>\n\t\t<meta property=\"og:image\" content=\"https:\/\/www.immo-invest.ch\/wp-content\/uploads\/2025\/01\/01-JVA-Bostadel-Aussenbereich-Spezialabteilung-1-scaled.jpg\" \/>\n\t\t<meta property=\"og:image:secure_url\" content=\"https:\/\/www.immo-invest.ch\/wp-content\/uploads\/2025\/01\/01-JVA-Bostadel-Aussenbereich-Spezialabteilung-1-scaled.jpg\" \/>\n\t\t<meta property=\"og:image:width\" content=\"2560\" \/>\n\t\t<meta property=\"og:image:height\" content=\"1603\" \/>\n\t\t<meta property=\"article:published_time\" content=\"2025-01-30T15:39:04+00:00\" \/>\n\t\t<meta property=\"article:modified_time\" content=\"2025-01-30T15:49:30+00:00\" \/>\n\t\t<meta property=\"article:publisher\" content=\"https:\/\/www.facebook.com\/people\/Immoinvest\/100077962920504\/\" \/>\n\t\t<meta name=\"twitter:card\" content=\"summary_large_image\" \/>\n\t\t<meta name=\"twitter:site\" content=\"@i\" \/>\n\t\t<meta name=\"twitter:title\" content=\"Nouveau standard pour JVA Bostadel - immo!nvest - Die Plattform f\u00fcr Standorte und Immobilien\" \/>\n\t\t<meta name=\"twitter:description\" content=\"L&#039;\u00e9tablissement p\u00e9nitentiaire de Bostadel \u00e0 Menzingen est sur le point d&#039;\u00eatre r\u00e9nov\u00e9 et agrandi. Ce projet est non seulement n\u00e9cessaire pour r\u00e9pondre aux exigences en mati\u00e8re de construction et d&#039;exploitation, mais il vise \u00e9galement \u00e0 am\u00e9liorer la qualit\u00e9 des conditions de d\u00e9tention pour les d\u00e9tenus \u00e2g\u00e9s et ceux plac\u00e9s en d\u00e9tention de longue dur\u00e9e.\" \/>\n\t\t<meta name=\"twitter:creator\" content=\"@i\" \/>\n\t\t<meta name=\"twitter:image\" content=\"https:\/\/www.immo-invest.ch\/wp-content\/uploads\/2025\/01\/01-JVA-Bostadel-Aussenbereich-Spezialabteilung-1-scaled.jpg\" \/>\n\t\t<script type=\"application\/ld+json\" class=\"aioseo-schema\">\n\t\t\t{\"@context\":\"https:\\\/\\\/schema.org\",\"@graph\":[{\"@type\":\"BlogPosting\",\"@id\":\"https:\\\/\\\/www.immo-invest.ch\\\/fr\\\/neuer-standard-bei-jva-bostadel\\\/#blogposting\",\"name\":\"Nouveau standard pour JVA Bostadel - immo!nvest - Die Plattform f\\u00fcr Standorte und Immobilien\",\"headline\":\"Nouveau standard pour JVA Bostadel\",\"author\":{\"@id\":\"https:\\\/\\\/www.immo-invest.ch\\\/fr\\\/author\\\/immovestuser\\\/#author\"},\"publisher\":{\"@id\":\"https:\\\/\\\/www.immo-invest.ch\\\/fr\\\/#organization\"},\"image\":{\"@type\":\"ImageObject\",\"url\":\"https:\\\/\\\/www.immo-invest.ch\\\/wp-content\\\/uploads\\\/2025\\\/01\\\/01-JVA-Bostadel-Aussenbereich-Spezialabteilung-1-scaled.jpg\",\"width\":2560,\"height\":1603},\"datePublished\":\"2025-01-30T16:39:04+01:00\",\"dateModified\":\"2025-01-30T16:49:30+01:00\",\"inLanguage\":\"fr-FR\",\"mainEntityOfPage\":{\"@id\":\"https:\\\/\\\/www.immo-invest.ch\\\/fr\\\/neuer-standard-bei-jva-bostadel\\\/#webpage\"},\"isPartOf\":{\"@id\":\"https:\\\/\\\/www.immo-invest.ch\\\/fr\\\/neuer-standard-bei-jva-bostadel\\\/#webpage\"},\"articleSection\":\"Durabilit\\u00e9, Industrie du b\\u00e2timent, Zug, Gef\\u00e4ngnissanierung, Immoinvest, immoNews, nachhaltige Infrastruktur, News, Sicherheitsstandard, Facultatif\"},{\"@type\":\"BreadcrumbList\",\"@id\":\"https:\\\/\\\/www.immo-invest.ch\\\/fr\\\/neuer-standard-bei-jva-bostadel\\\/#breadcrumblist\",\"itemListElement\":[{\"@type\":\"ListItem\",\"@id\":\"https:\\\/\\\/www.immo-invest.ch\\\/fr\\\/#listItem\",\"position\":1,\"name\":\"Home\",\"item\":\"https:\\\/\\\/www.immo-invest.ch\\\/fr\\\/\",\"nextItem\":{\"@type\":\"ListItem\",\"@id\":\"https:\\\/\\\/www.immo-invest.ch\\\/fr\\\/categories\\\/regions\\\/#listItem\",\"name\":\"R\\u00e9gions\"}},{\"@type\":\"ListItem\",\"@id\":\"https:\\\/\\\/www.immo-invest.ch\\\/fr\\\/categories\\\/regions\\\/#listItem\",\"position\":2,\"name\":\"R\\u00e9gions\",\"item\":\"https:\\\/\\\/www.immo-invest.ch\\\/fr\\\/categories\\\/regions\\\/\",\"nextItem\":{\"@type\":\"ListItem\",\"@id\":\"https:\\\/\\\/www.immo-invest.ch\\\/fr\\\/categories\\\/regions\\\/suisse\\\/#listItem\",\"name\":\"Suisse\"},\"previousItem\":{\"@type\":\"ListItem\",\"@id\":\"https:\\\/\\\/www.immo-invest.ch\\\/fr\\\/#listItem\",\"name\":\"Home\"}},{\"@type\":\"ListItem\",\"@id\":\"https:\\\/\\\/www.immo-invest.ch\\\/fr\\\/categories\\\/regions\\\/suisse\\\/#listItem\",\"position\":3,\"name\":\"Suisse\",\"item\":\"https:\\\/\\\/www.immo-invest.ch\\\/fr\\\/categories\\\/regions\\\/suisse\\\/\",\"nextItem\":{\"@type\":\"ListItem\",\"@id\":\"https:\\\/\\\/www.immo-invest.ch\\\/fr\\\/categories\\\/regions\\\/suisse\\\/region-zentralschweiz\\\/#listItem\",\"name\":\"Zentralschweiz\"},\"previousItem\":{\"@type\":\"ListItem\",\"@id\":\"https:\\\/\\\/www.immo-invest.ch\\\/fr\\\/categories\\\/regions\\\/#listItem\",\"name\":\"R\\u00e9gions\"}},{\"@type\":\"ListItem\",\"@id\":\"https:\\\/\\\/www.immo-invest.ch\\\/fr\\\/categories\\\/regions\\\/suisse\\\/region-zentralschweiz\\\/#listItem\",\"position\":4,\"name\":\"Zentralschweiz\",\"item\":\"https:\\\/\\\/www.immo-invest.ch\\\/fr\\\/categories\\\/regions\\\/suisse\\\/region-zentralschweiz\\\/\",\"nextItem\":{\"@type\":\"ListItem\",\"@id\":\"https:\\\/\\\/www.immo-invest.ch\\\/fr\\\/categories\\\/regions\\\/suisse\\\/region-zentralschweiz\\\/region-zug\\\/#listItem\",\"name\":\"Zug\"},\"previousItem\":{\"@type\":\"ListItem\",\"@id\":\"https:\\\/\\\/www.immo-invest.ch\\\/fr\\\/categories\\\/regions\\\/suisse\\\/#listItem\",\"name\":\"Suisse\"}},{\"@type\":\"ListItem\",\"@id\":\"https:\\\/\\\/www.immo-invest.ch\\\/fr\\\/categories\\\/regions\\\/suisse\\\/region-zentralschweiz\\\/region-zug\\\/#listItem\",\"position\":5,\"name\":\"Zug\",\"item\":\"https:\\\/\\\/www.immo-invest.ch\\\/fr\\\/categories\\\/regions\\\/suisse\\\/region-zentralschweiz\\\/region-zug\\\/\",\"nextItem\":{\"@type\":\"ListItem\",\"@id\":\"https:\\\/\\\/www.immo-invest.ch\\\/fr\\\/neuer-standard-bei-jva-bostadel\\\/#listItem\",\"name\":\"Nouveau standard pour JVA Bostadel\"},\"previousItem\":{\"@type\":\"ListItem\",\"@id\":\"https:\\\/\\\/www.immo-invest.ch\\\/fr\\\/categories\\\/regions\\\/suisse\\\/region-zentralschweiz\\\/#listItem\",\"name\":\"Zentralschweiz\"}},{\"@type\":\"ListItem\",\"@id\":\"https:\\\/\\\/www.immo-invest.ch\\\/fr\\\/neuer-standard-bei-jva-bostadel\\\/#listItem\",\"position\":6,\"name\":\"Nouveau standard pour JVA Bostadel\",\"previousItem\":{\"@type\":\"ListItem\",\"@id\":\"https:\\\/\\\/www.immo-invest.ch\\\/fr\\\/categories\\\/regions\\\/suisse\\\/region-zentralschweiz\\\/region-zug\\\/#listItem\",\"name\":\"Zug\"}}]},{\"@type\":\"Organization\",\"@id\":\"https:\\\/\\\/www.immo-invest.ch\\\/fr\\\/#organization\",\"name\":\"immo!nvest - Die Plattform f\\u00fcr Standorte und Immobilien\",\"description\":\"Die\\u00a0Plattform f\\u00fcr Standorte und Immobilien\",\"url\":\"https:\\\/\\\/www.immo-invest.ch\\\/fr\\\/\",\"email\":\"admin@immomedia.ag\",\"telephone\":\"+41444420002\",\"logo\":{\"@type\":\"ImageObject\",\"url\":\"https:\\\/\\\/www.immo-invest.ch\\\/wp-content\\\/uploads\\\/2024\\\/09\\\/immoinvest_sm-scaled.jpg\",\"@id\":\"https:\\\/\\\/www.immo-invest.ch\\\/fr\\\/neuer-standard-bei-jva-bostadel\\\/#organizationLogo\",\"width\":2560,\"height\":1340},\"image\":{\"@id\":\"https:\\\/\\\/www.immo-invest.ch\\\/fr\\\/neuer-standard-bei-jva-bostadel\\\/#organizationLogo\"},\"sameAs\":[\"https:\\\/\\\/www.facebook.com\\\/people\\\/Immoinvest\\\/100077962920504\\\/\",\"https:\\\/\\\/x.com\\\/i\\\/flow\\\/login?redirect_after_login=immoinvest_ch\",\"https:\\\/\\\/www.instagram.com\\\/immoinvest_ch\\\/\",\"https:\\\/\\\/www.linkedin.com\\\/company\\\/immoinvest-swiss\"]},{\"@type\":\"Person\",\"@id\":\"https:\\\/\\\/www.immo-invest.ch\\\/fr\\\/author\\\/immovestuser\\\/#author\",\"url\":\"https:\\\/\\\/www.immo-invest.ch\\\/fr\\\/author\\\/immovestuser\\\/\",\"name\":\"immovestuser\",\"image\":{\"@type\":\"ImageObject\",\"@id\":\"https:\\\/\\\/www.immo-invest.ch\\\/fr\\\/neuer-standard-bei-jva-bostadel\\\/#authorImage\",\"url\":\"https:\\\/\\\/secure.gravatar.com\\\/avatar\\\/8e01f4d99f2eeea7a362ebb93305e1172a70e9293ba250f897a65c39f54cdd1e?s=96&d=mm&r=g\",\"width\":96,\"height\":96,\"caption\":\"immovestuser\"}},{\"@type\":\"WebPage\",\"@id\":\"https:\\\/\\\/www.immo-invest.ch\\\/fr\\\/neuer-standard-bei-jva-bostadel\\\/#webpage\",\"url\":\"https:\\\/\\\/www.immo-invest.ch\\\/fr\\\/neuer-standard-bei-jva-bostadel\\\/\",\"name\":\"Nouveau standard pour JVA Bostadel - immo!nvest - Die Plattform f\\u00fcr Standorte und Immobilien\",\"description\":\"L'\\u00e9tablissement p\\u00e9nitentiaire de Bostadel \\u00e0 Menzingen est sur le point d'\\u00eatre r\\u00e9nov\\u00e9 et agrandi. Ce projet est non seulement n\\u00e9cessaire pour r\\u00e9pondre aux exigences en mati\\u00e8re de construction et d'exploitation, mais il vise \\u00e9galement \\u00e0 am\\u00e9liorer la qualit\\u00e9 des conditions de d\\u00e9tention pour les d\\u00e9tenus \\u00e2g\\u00e9s et ceux plac\\u00e9s en d\\u00e9tention de longue dur\\u00e9e.\",\"inLanguage\":\"fr-FR\",\"isPartOf\":{\"@id\":\"https:\\\/\\\/www.immo-invest.ch\\\/fr\\\/#website\"},\"breadcrumb\":{\"@id\":\"https:\\\/\\\/www.immo-invest.ch\\\/fr\\\/neuer-standard-bei-jva-bostadel\\\/#breadcrumblist\"},\"author\":{\"@id\":\"https:\\\/\\\/www.immo-invest.ch\\\/fr\\\/author\\\/immovestuser\\\/#author\"},\"creator\":{\"@id\":\"https:\\\/\\\/www.immo-invest.ch\\\/fr\\\/author\\\/immovestuser\\\/#author\"},\"image\":{\"@type\":\"ImageObject\",\"url\":\"https:\\\/\\\/www.immo-invest.ch\\\/wp-content\\\/uploads\\\/2025\\\/01\\\/01-JVA-Bostadel-Aussenbereich-Spezialabteilung-1-scaled.jpg\",\"@id\":\"https:\\\/\\\/www.immo-invest.ch\\\/fr\\\/neuer-standard-bei-jva-bostadel\\\/#mainImage\",\"width\":2560,\"height\":1603},\"primaryImageOfPage\":{\"@id\":\"https:\\\/\\\/www.immo-invest.ch\\\/fr\\\/neuer-standard-bei-jva-bostadel\\\/#mainImage\"},\"datePublished\":\"2025-01-30T16:39:04+01:00\",\"dateModified\":\"2025-01-30T16:49:30+01:00\"},{\"@type\":\"WebSite\",\"@id\":\"https:\\\/\\\/www.immo-invest.ch\\\/fr\\\/#website\",\"url\":\"https:\\\/\\\/www.immo-invest.ch\\\/fr\\\/\",\"name\":\"immo!nvest - Die Plattform f\\u00fcr Standorte und Immobilien\",\"description\":\"Die\\u00a0Plattform f\\u00fcr Standorte und Immobilien\",\"inLanguage\":\"fr-FR\",\"publisher\":{\"@id\":\"https:\\\/\\\/www.immo-invest.ch\\\/fr\\\/#organization\"}}]}\n\t\t<\/script>\n\t\t<!-- All in One SEO -->\n\n","aioseo_head_json":{"title":"Nouveau standard pour JVA Bostadel - immo!nvest - Die Plattform f\u00fcr Standorte und Immobilien","description":"L'\u00e9tablissement p\u00e9nitentiaire de Bostadel \u00e0 Menzingen est sur le point d'\u00eatre r\u00e9nov\u00e9 et agrandi. Ce projet est non seulement n\u00e9cessaire pour r\u00e9pondre aux exigences en mati\u00e8re de construction et d'exploitation, mais il vise \u00e9galement \u00e0 am\u00e9liorer la qualit\u00e9 des conditions de d\u00e9tention pour les d\u00e9tenus \u00e2g\u00e9s et ceux plac\u00e9s en d\u00e9tention de longue dur\u00e9e.","canonical_url":"https:\/\/www.immo-invest.ch\/fr\/neuer-standard-bei-jva-bostadel\/","robots":"max-image-preview:large","keywords":"","webmasterTools":{"google-site-verification":"fHJKvgWpZCR2zVBHWfkQeFXC11qieUSff0HGNYfuyLA","miscellaneous":""},"schema":{"@context":"https:\/\/schema.org","@graph":[{"@type":"BlogPosting","@id":"https:\/\/www.immo-invest.ch\/fr\/neuer-standard-bei-jva-bostadel\/#blogposting","name":"Nouveau standard pour JVA Bostadel - immo!nvest - Die Plattform f\u00fcr Standorte und Immobilien","headline":"Nouveau standard pour JVA Bostadel","author":{"@id":"https:\/\/www.immo-invest.ch\/fr\/author\/immovestuser\/#author"},"publisher":{"@id":"https:\/\/www.immo-invest.ch\/fr\/#organization"},"image":{"@type":"ImageObject","url":"https:\/\/www.immo-invest.ch\/wp-content\/uploads\/2025\/01\/01-JVA-Bostadel-Aussenbereich-Spezialabteilung-1-scaled.jpg","width":2560,"height":1603},"datePublished":"2025-01-30T16:39:04+01:00","dateModified":"2025-01-30T16:49:30+01:00","inLanguage":"fr-FR","mainEntityOfPage":{"@id":"https:\/\/www.immo-invest.ch\/fr\/neuer-standard-bei-jva-bostadel\/#webpage"},"isPartOf":{"@id":"https:\/\/www.immo-invest.ch\/fr\/neuer-standard-bei-jva-bostadel\/#webpage"},"articleSection":"Durabilit\u00e9, Industrie du b\u00e2timent, Zug, Gef\u00e4ngnissanierung, Immoinvest, immoNews, nachhaltige Infrastruktur, News, Sicherheitsstandard, Facultatif"},{"@type":"BreadcrumbList","@id":"https:\/\/www.immo-invest.ch\/fr\/neuer-standard-bei-jva-bostadel\/#breadcrumblist","itemListElement":[{"@type":"ListItem","@id":"https:\/\/www.immo-invest.ch\/fr\/#listItem","position":1,"name":"Home","item":"https:\/\/www.immo-invest.ch\/fr\/","nextItem":{"@type":"ListItem","@id":"https:\/\/www.immo-invest.ch\/fr\/categories\/regions\/#listItem","name":"R\u00e9gions"}},{"@type":"ListItem","@id":"https:\/\/www.immo-invest.ch\/fr\/categories\/regions\/#listItem","position":2,"name":"R\u00e9gions","item":"https:\/\/www.immo-invest.ch\/fr\/categories\/regions\/","nextItem":{"@type":"ListItem","@id":"https:\/\/www.immo-invest.ch\/fr\/categories\/regions\/suisse\/#listItem","name":"Suisse"},"previousItem":{"@type":"ListItem","@id":"https:\/\/www.immo-invest.ch\/fr\/#listItem","name":"Home"}},{"@type":"ListItem","@id":"https:\/\/www.immo-invest.ch\/fr\/categories\/regions\/suisse\/#listItem","position":3,"name":"Suisse","item":"https:\/\/www.immo-invest.ch\/fr\/categories\/regions\/suisse\/","nextItem":{"@type":"ListItem","@id":"https:\/\/www.immo-invest.ch\/fr\/categories\/regions\/suisse\/region-zentralschweiz\/#listItem","name":"Zentralschweiz"},"previousItem":{"@type":"ListItem","@id":"https:\/\/www.immo-invest.ch\/fr\/categories\/regions\/#listItem","name":"R\u00e9gions"}},{"@type":"ListItem","@id":"https:\/\/www.immo-invest.ch\/fr\/categories\/regions\/suisse\/region-zentralschweiz\/#listItem","position":4,"name":"Zentralschweiz","item":"https:\/\/www.immo-invest.ch\/fr\/categories\/regions\/suisse\/region-zentralschweiz\/","nextItem":{"@type":"ListItem","@id":"https:\/\/www.immo-invest.ch\/fr\/categories\/regions\/suisse\/region-zentralschweiz\/region-zug\/#listItem","name":"Zug"},"previousItem":{"@type":"ListItem","@id":"https:\/\/www.immo-invest.ch\/fr\/categories\/regions\/suisse\/#listItem","name":"Suisse"}},{"@type":"ListItem","@id":"https:\/\/www.immo-invest.ch\/fr\/categories\/regions\/suisse\/region-zentralschweiz\/region-zug\/#listItem","position":5,"name":"Zug","item":"https:\/\/www.immo-invest.ch\/fr\/categories\/regions\/suisse\/region-zentralschweiz\/region-zug\/","nextItem":{"@type":"ListItem","@id":"https:\/\/www.immo-invest.ch\/fr\/neuer-standard-bei-jva-bostadel\/#listItem","name":"Nouveau standard pour JVA Bostadel"},"previousItem":{"@type":"ListItem","@id":"https:\/\/www.immo-invest.ch\/fr\/categories\/regions\/suisse\/region-zentralschweiz\/#listItem","name":"Zentralschweiz"}},{"@type":"ListItem","@id":"https:\/\/www.immo-invest.ch\/fr\/neuer-standard-bei-jva-bostadel\/#listItem","position":6,"name":"Nouveau standard pour JVA Bostadel","previousItem":{"@type":"ListItem","@id":"https:\/\/www.immo-invest.ch\/fr\/categories\/regions\/suisse\/region-zentralschweiz\/region-zug\/#listItem","name":"Zug"}}]},{"@type":"Organization","@id":"https:\/\/www.immo-invest.ch\/fr\/#organization","name":"immo!nvest - Die Plattform f\u00fcr Standorte und Immobilien","description":"Die\u00a0Plattform f\u00fcr Standorte und Immobilien","url":"https:\/\/www.immo-invest.ch\/fr\/","email":"admin@immomedia.ag","telephone":"+41444420002","logo":{"@type":"ImageObject","url":"https:\/\/www.immo-invest.ch\/wp-content\/uploads\/2024\/09\/immoinvest_sm-scaled.jpg","@id":"https:\/\/www.immo-invest.ch\/fr\/neuer-standard-bei-jva-bostadel\/#organizationLogo","width":2560,"height":1340},"image":{"@id":"https:\/\/www.immo-invest.ch\/fr\/neuer-standard-bei-jva-bostadel\/#organizationLogo"},"sameAs":["https:\/\/www.facebook.com\/people\/Immoinvest\/100077962920504\/","https:\/\/x.com\/i\/flow\/login?redirect_after_login=immoinvest_ch","https:\/\/www.instagram.com\/immoinvest_ch\/","https:\/\/www.linkedin.com\/company\/immoinvest-swiss"]},{"@type":"Person","@id":"https:\/\/www.immo-invest.ch\/fr\/author\/immovestuser\/#author","url":"https:\/\/www.immo-invest.ch\/fr\/author\/immovestuser\/","name":"immovestuser","image":{"@type":"ImageObject","@id":"https:\/\/www.immo-invest.ch\/fr\/neuer-standard-bei-jva-bostadel\/#authorImage","url":"https:\/\/secure.gravatar.com\/avatar\/8e01f4d99f2eeea7a362ebb93305e1172a70e9293ba250f897a65c39f54cdd1e?s=96&d=mm&r=g","width":96,"height":96,"caption":"immovestuser"}},{"@type":"WebPage","@id":"https:\/\/www.immo-invest.ch\/fr\/neuer-standard-bei-jva-bostadel\/#webpage","url":"https:\/\/www.immo-invest.ch\/fr\/neuer-standard-bei-jva-bostadel\/","name":"Nouveau standard pour JVA Bostadel - immo!nvest - Die Plattform f\u00fcr Standorte und Immobilien","description":"L'\u00e9tablissement p\u00e9nitentiaire de Bostadel \u00e0 Menzingen est sur le point d'\u00eatre r\u00e9nov\u00e9 et agrandi. Ce projet est non seulement n\u00e9cessaire pour r\u00e9pondre aux exigences en mati\u00e8re de construction et d'exploitation, mais il vise \u00e9galement \u00e0 am\u00e9liorer la qualit\u00e9 des conditions de d\u00e9tention pour les d\u00e9tenus \u00e2g\u00e9s et ceux plac\u00e9s en d\u00e9tention de longue dur\u00e9e.","inLanguage":"fr-FR","isPartOf":{"@id":"https:\/\/www.immo-invest.ch\/fr\/#website"},"breadcrumb":{"@id":"https:\/\/www.immo-invest.ch\/fr\/neuer-standard-bei-jva-bostadel\/#breadcrumblist"},"author":{"@id":"https:\/\/www.immo-invest.ch\/fr\/author\/immovestuser\/#author"},"creator":{"@id":"https:\/\/www.immo-invest.ch\/fr\/author\/immovestuser\/#author"},"image":{"@type":"ImageObject","url":"https:\/\/www.immo-invest.ch\/wp-content\/uploads\/2025\/01\/01-JVA-Bostadel-Aussenbereich-Spezialabteilung-1-scaled.jpg","@id":"https:\/\/www.immo-invest.ch\/fr\/neuer-standard-bei-jva-bostadel\/#mainImage","width":2560,"height":1603},"primaryImageOfPage":{"@id":"https:\/\/www.immo-invest.ch\/fr\/neuer-standard-bei-jva-bostadel\/#mainImage"},"datePublished":"2025-01-30T16:39:04+01:00","dateModified":"2025-01-30T16:49:30+01:00"},{"@type":"WebSite","@id":"https:\/\/www.immo-invest.ch\/fr\/#website","url":"https:\/\/www.immo-invest.ch\/fr\/","name":"immo!nvest - Die Plattform f\u00fcr Standorte und Immobilien","description":"Die\u00a0Plattform f\u00fcr Standorte und Immobilien","inLanguage":"fr-FR","publisher":{"@id":"https:\/\/www.immo-invest.ch\/fr\/#organization"}}]},"og:locale":"fr_FR","og:site_name":"immo!nvest - Die Plattform f\u00fcr Standorte und Immobilien - Die\u00a0Plattform f\u00fcr Standorte und Immobilien","og:type":"article","og:title":"Nouveau standard pour JVA Bostadel - immo!nvest - Die Plattform f\u00fcr Standorte und Immobilien","og:description":"L'\u00e9tablissement p\u00e9nitentiaire de Bostadel \u00e0 Menzingen est sur le point d'\u00eatre r\u00e9nov\u00e9 et agrandi. Ce projet est non seulement n\u00e9cessaire pour r\u00e9pondre aux exigences en mati\u00e8re de construction et d'exploitation, mais il vise \u00e9galement \u00e0 am\u00e9liorer la qualit\u00e9 des conditions de d\u00e9tention pour les d\u00e9tenus \u00e2g\u00e9s et ceux plac\u00e9s en d\u00e9tention de longue dur\u00e9e.","og:url":"https:\/\/www.immo-invest.ch\/fr\/neuer-standard-bei-jva-bostadel\/","og:image":"https:\/\/www.immo-invest.ch\/wp-content\/uploads\/2025\/01\/01-JVA-Bostadel-Aussenbereich-Spezialabteilung-1-scaled.jpg","og:image:secure_url":"https:\/\/www.immo-invest.ch\/wp-content\/uploads\/2025\/01\/01-JVA-Bostadel-Aussenbereich-Spezialabteilung-1-scaled.jpg","og:image:width":2560,"og:image:height":1603,"article:published_time":"2025-01-30T15:39:04+00:00","article:modified_time":"2025-01-30T15:49:30+00:00","article:publisher":"https:\/\/www.facebook.com\/people\/Immoinvest\/100077962920504\/","twitter:card":"summary_large_image","twitter:site":"@i","twitter:title":"Nouveau standard pour JVA Bostadel - immo!nvest - Die Plattform f\u00fcr Standorte und Immobilien","twitter:description":"L'\u00e9tablissement p\u00e9nitentiaire de Bostadel \u00e0 Menzingen est sur le point d'\u00eatre r\u00e9nov\u00e9 et agrandi. Ce projet est non seulement n\u00e9cessaire pour r\u00e9pondre aux exigences en mati\u00e8re de construction et d'exploitation, mais il vise \u00e9galement \u00e0 am\u00e9liorer la qualit\u00e9 des conditions de d\u00e9tention pour les d\u00e9tenus \u00e2g\u00e9s et ceux plac\u00e9s en d\u00e9tention de longue dur\u00e9e.","twitter:creator":"@i","twitter:image":"https:\/\/www.immo-invest.ch\/wp-content\/uploads\/2025\/01\/01-JVA-Bostadel-Aussenbereich-Spezialabteilung-1-scaled.jpg"},"aioseo_meta_data":{"post_id":"125023","title":null,"description":null,"keywords":null,"keyphrases":{"focus":{"keyphrase":"","score":0,"analysis":{"keyphraseInTitle":{"score":0,"maxScore":9,"error":1}}},"additional":[]},"primary_term":null,"canonical_url":null,"og_title":null,"og_description":null,"og_object_type":"default","og_image_type":"default","og_image_url":null,"og_image_width":null,"og_image_height":null,"og_image_custom_url":null,"og_image_custom_fields":null,"og_video":"","og_custom_url":null,"og_article_section":null,"og_article_tags":null,"twitter_use_og":false,"twitter_card":"default","twitter_image_type":"default","twitter_image_url":null,"twitter_image_custom_url":null,"twitter_image_custom_fields":null,"twitter_title":null,"twitter_description":null,"schema":{"blockGraphs":[],"customGraphs":[],"default":{"data":{"Article":[],"Course":[],"Dataset":[],"FAQPage":[],"Movie":[],"Person":[],"Product":[],"ProductReview":[],"Car":[],"Recipe":[],"Service":[],"SoftwareApplication":[],"WebPage":[]},"graphName":"BlogPosting","isEnabled":true},"graphs":[]},"schema_type":"default","schema_type_options":null,"pillar_content":false,"robots_default":true,"robots_noindex":false,"robots_noarchive":false,"robots_nosnippet":false,"robots_nofollow":false,"robots_noimageindex":false,"robots_noodp":false,"robots_notranslate":false,"robots_max_snippet":"-1","robots_max_videopreview":"-1","robots_max_imagepreview":"large","priority":null,"frequency":"default","local_seo":null,"breadcrumb_settings":null,"limit_modified_date":false,"ai":null,"created":"2025-01-30 15:41:56","updated":"2025-10-24 16:25:19","seo_analyzer_scan_date":null,"focus_keyword":null,"additional_keywords":null,"truseo_locale":null},"aioseo_breadcrumb":"<div class=\"aioseo-breadcrumbs\"><span class=\"aioseo-breadcrumb\">\n\t\t\t<a href=\"https:\/\/www.immo-invest.ch\/fr\/\" title=\"Home\">Home<\/a>\n\t\t<\/span><span class=\"aioseo-breadcrumb-separator\">&raquo;<\/span><span class=\"aioseo-breadcrumb\">\n\t\t\t<a href=\"https:\/\/www.immo-invest.ch\/fr\/categories\/regions\/\" title=\"R\u00e9gions\">R\u00e9gions<\/a>\n\t\t<\/span><span class=\"aioseo-breadcrumb-separator\">&raquo;<\/span><span class=\"aioseo-breadcrumb\">\n\t\t\t<a href=\"https:\/\/www.immo-invest.ch\/fr\/categories\/regions\/suisse\/\" title=\"Suisse\">Suisse<\/a>\n\t\t<\/span><span class=\"aioseo-breadcrumb-separator\">&raquo;<\/span><span class=\"aioseo-breadcrumb\">\n\t\t\t<a href=\"https:\/\/www.immo-invest.ch\/fr\/categories\/regions\/suisse\/region-zentralschweiz\/\" title=\"Zentralschweiz\">Zentralschweiz<\/a>\n\t\t<\/span><span class=\"aioseo-breadcrumb-separator\">&raquo;<\/span><span class=\"aioseo-breadcrumb\">\n\t\t\t<a href=\"https:\/\/www.immo-invest.ch\/fr\/categories\/regions\/suisse\/region-zentralschweiz\/region-zug\/\" title=\"Zug\">Zug<\/a>\n\t\t<\/span><span class=\"aioseo-breadcrumb-separator\">&raquo;<\/span><span class=\"aioseo-breadcrumb\">\n\t\t\tNouveau standard pour JVA Bostadel\n\t\t<\/span><\/div>","aioseo_breadcrumb_json":[{"label":"Home","link":"https:\/\/www.immo-invest.ch\/fr\/"},{"label":"R\u00e9gions","link":"https:\/\/www.immo-invest.ch\/fr\/categories\/regions\/"},{"label":"Suisse","link":"https:\/\/www.immo-invest.ch\/fr\/categories\/regions\/suisse\/"},{"label":"Zentralschweiz","link":"https:\/\/www.immo-invest.ch\/fr\/categories\/regions\/suisse\/region-zentralschweiz\/"},{"label":"Zug","link":"https:\/\/www.immo-invest.ch\/fr\/categories\/regions\/suisse\/region-zentralschweiz\/region-zug\/"},{"label":"Nouveau standard pour JVA Bostadel","link":"https:\/\/www.immo-invest.ch\/fr\/neuer-standard-bei-jva-bostadel\/"}],"featured_image_src":"https:\/\/www.immo-invest.ch\/wp-content\/uploads\/2025\/01\/01-JVA-Bostadel-Aussenbereich-Spezialabteilung-1-336x168.jpg","_links":{"self":[{"href":"https:\/\/www.immo-invest.ch\/fr\/wp-json\/wp\/v2\/posts\/125023","targetHints":{"allow":["GET"]}}],"collection":[{"href":"https:\/\/www.immo-invest.ch\/fr\/wp-json\/wp\/v2\/posts"}],"about":[{"href":"https:\/\/www.immo-invest.ch\/fr\/wp-json\/wp\/v2\/types\/post"}],"author":[{"embeddable":true,"href":"https:\/\/www.immo-invest.ch\/fr\/wp-json\/wp\/v2\/users\/2"}],"replies":[{"embeddable":true,"href":"https:\/\/www.immo-invest.ch\/fr\/wp-json\/wp\/v2\/comments?post=125023"}],"version-history":[{"count":0,"href":"https:\/\/www.immo-invest.ch\/fr\/wp-json\/wp\/v2\/posts\/125023\/revisions"}],"wp:featuredmedia":[{"embeddable":true,"href":"https:\/\/www.immo-invest.ch\/fr\/wp-json\/wp\/v2\/media\/125017"}],"wp:attachment":[{"href":"https:\/\/www.immo-invest.ch\/fr\/wp-json\/wp\/v2\/media?parent=125023"}],"wp:term":[{"taxonomy":"category","embeddable":true,"href":"https:\/\/www.immo-invest.ch\/fr\/wp-json\/wp\/v2\/categories?post=125023"},{"taxonomy":"post_tag","embeddable":true,"href":"https:\/\/www.immo-invest.ch\/fr\/wp-json\/wp\/v2\/tags?post=125023"}],"curies":[{"name":"wp","href":"https:\/\/api.w.org\/{rel}","templated":true}]}}