{"id":124305,"date":"2025-01-27T16:22:16","date_gmt":"2025-01-27T15:22:16","guid":{"rendered":"https:\/\/www.immo-invest.ch\/?p=124305"},"modified":"2025-01-27T11:48:38","modified_gmt":"2025-01-27T10:48:38","slug":"kraftwerk-in-saas-almagell-soll-mit-hoeherem-staudamm-allen-strom-im-winter-erzeugen","status":"publish","type":"post","link":"https:\/\/www.immo-invest.ch\/fr\/kraftwerk-in-saas-almagell-soll-mit-hoeherem-staudamm-allen-strom-im-winter-erzeugen\/","title":{"rendered":"La centrale \u00e9lectrique de Saas Almagell doit produire toute l&rsquo;\u00e9lectricit\u00e9 en hiver gr\u00e2ce \u00e0 un barrage plus haut"},"content":{"rendered":"<p class=\"bodytext\">Selon un <a href=\"https:\/\/www.axpo.com\/ch\/de\/newsroom\/medienmitteilungen\/2025\/staudamm-mattmark-erhoehung-um-zehn-meter-wird-geprueft.html\" target=\"_blank\" rel=\"noopener\">communiqu&eacute;<\/a>, <a href=\"https:\/\/www.kraftwerkemattmarkag.ch\/\" target=\"_blank\" rel=\"noopener\">Kraftwerke Mattmark AG<\/a> a fait &eacute;tudier la faisabilit&eacute; d&rsquo;un rehaussement de 3 et 10 m&egrave;tres de son barrage. Selon une &eacute;tude pr&eacute;liminaire, une sur&eacute;l&eacute;vation de 10 m&egrave;tres permettrait de transf&eacute;rer la totalit&eacute; de la production d&rsquo;&eacute;lectricit&eacute; actuelle de 60 gigawattheures en hiver. Le volume de retenue du lac augmente alors de 18 pour cent. Aucune nouvelle prise d&rsquo;eau ou conduite d&rsquo;alimentation n&rsquo;est n&eacute;cessaire.  L&rsquo;investissement s&rsquo;&eacute;l&egrave;ve &agrave; 83 millions de francs. Les travaux dureraient quatre ans.<\/p>\n<p class=\"bodytext\">Le coactionnaire <a href=\"https:\/\/www.axpo.com\" target=\"_blank\" rel=\"noopener\">Axpo<\/a> de Baden a r&eacute;alis&eacute; l&rsquo;&eacute;tude pr&eacute;liminaire pour le compte de l&rsquo;entreprise exploitante. Axpo &eacute;labore maintenant &eacute;galement l&rsquo;avant-projet technique et le rapport d&rsquo;impact sur l&rsquo;environnement. Parall&egrave;lement, des repr&eacute;sentants des parties prenantes de la population, de la protection de l&rsquo;environnement et du tourisme seront impliqu&eacute;s dans des groupes d&rsquo;accompagnement.<\/p>\n<p class=\"bodytext\">Outre Axpo, qui d&eacute;tient 38,88% des parts de la soci&eacute;t&eacute;, <a href=\"https:\/\/www.ckw.ch\/\" target=\"_blank\" rel=\"noopener\">CKW<\/a>, filiale d&rsquo;Axpo, en d&eacute;tient 27,78%, <a href=\"https:\/\/www.bkw.ch\/\" target=\"_blank\" rel=\"noopener\">FMB<\/a> et la ville de Sion 11,11% chacune, ainsi que <a href=\"https:\/\/www.ewl-luzern.ch\/\" target=\"_blank\" rel=\"noopener\">ewl<\/a> et la ville de Sierre 5,56% chacune. L&rsquo;exploitation compl&egrave;te de la centrale construite dans la vall&eacute;e de Saas &agrave; partir de 1958 a d&eacute;but&eacute; en 1969.<\/p>\n<p class=\"bodytext\">Actuellement, elle produit environ 33 gigawattheures d&rsquo;&eacute;lectricit&eacute; pendant le semestre d&rsquo;hiver et 28 gigawattheures pendant le semestre d&rsquo;&eacute;t&eacute;.<\/p>\n","protected":false},"excerpt":{"rendered":"<p>La soci\u00e9t\u00e9 Kraftwerke Mattmark AG \u00e9tudie la possibilit\u00e9 de rehausser le barrage de Mattmark de 10 m\u00e8tres. Cela permettrait d&rsquo;augmenter le volume du lac de retenue de 18% et de transf\u00e9rer enti\u00e8rement la production d&rsquo;environ 60 gigawattheures en hiver. L&rsquo;examen est effectu\u00e9 par l&rsquo;actionnaire Axpo.<\/p>\n","protected":false},"author":2,"featured_media":124274,"comment_status":"open","ping_status":"open","sticky":false,"template":"","format":"standard","meta":{"pmpro_default_level":"","inline_featured_image":false,"_monsterinsights_skip_tracking":false,"footnotes":""},"categories":[22699,8747,743,47889],"tags":[6797,6340,872,3931,2056,51648,3610,3591,41090],"class_list":["post-124305","post","type-post","status-publish","format-standard","has-post-thumbnail","hentry","category-durabilite","category-energie","category-immonews-fr","category-wallis-fr","tag-ausbau-fr","tag-energieversorgung-fr","tag-immoinvest-fr","tag-immonews-fr","tag-nachhaltigkeit-fr","tag-staudamm-fr","tag-wallis-fr","tag-wasserkraft-fr","tag-winterstrom-fr","pmpro-has-access"],"acf":{"bild_mit_ki_erstellt_worden":[],"lead":"La soci\u00e9t\u00e9 Kraftwerke Mattmark AG \u00e9tudie la possibilit\u00e9 de rehausser le barrage de Mattmark de 10 m\u00e8tres. Cela permettrait d'augmenter le volume du lac de retenue de 18% et de transf\u00e9rer enti\u00e8rement la production d'environ 60 gigawattheures en hiver. L'examen est effectu\u00e9 par l'actionnaire Axpo.","autor":"ce\/stk","ort":"Saas Grund VS ","bildunterschrift":"","bild_im_grid":false,"gallerie":"","newsim":""},"aioseo_notices":[],"aioseo_head":"\n\t\t<!-- All in One SEO 5.0.1.1 - aioseo.com -->\n\t<meta name=\"description\" content=\"La soci\u00e9t\u00e9 Kraftwerke Mattmark AG \u00e9tudie la possibilit\u00e9 de rehausser le barrage de Mattmark de 10 m\u00e8tres. Cela permettrait d&#039;augmenter le volume du lac de retenue de 18% et de transf\u00e9rer enti\u00e8rement la production d&#039;environ 60 gigawattheures en hiver. L&#039;examen est effectu\u00e9 par l&#039;actionnaire Axpo.\" \/>\n\t<meta name=\"robots\" content=\"max-image-preview:large\" \/>\n\t<meta name=\"author\" content=\"immovestuser\"\/>\n\t<meta name=\"google-site-verification\" content=\"fHJKvgWpZCR2zVBHWfkQeFXC11qieUSff0HGNYfuyLA\" \/>\n\t<link rel=\"canonical\" href=\"https:\/\/www.immo-invest.ch\/fr\/kraftwerk-in-saas-almagell-soll-mit-hoeherem-staudamm-allen-strom-im-winter-erzeugen\/\" \/>\n\t<meta name=\"generator\" content=\"All in One SEO (AIOSEO) 5.0.1.1\" \/>\n\t\t<meta property=\"og:locale\" content=\"fr_FR\" \/>\n\t\t<meta property=\"og:site_name\" content=\"immo!nvest - Die Plattform f\u00fcr Standorte und Immobilien - Die\u00a0Plattform f\u00fcr Standorte und Immobilien\" \/>\n\t\t<meta property=\"og:type\" content=\"article\" \/>\n\t\t<meta property=\"og:title\" content=\"La centrale \u00e9lectrique de Saas Almagell doit produire toute l\u2019\u00e9lectricit\u00e9 en hiver gr\u00e2ce \u00e0 un barrage plus haut - immo!nvest - Die Plattform f\u00fcr Standorte und Immobilien\" \/>\n\t\t<meta property=\"og:description\" content=\"La soci\u00e9t\u00e9 Kraftwerke Mattmark AG \u00e9tudie la possibilit\u00e9 de rehausser le barrage de Mattmark de 10 m\u00e8tres. Cela permettrait d&#039;augmenter le volume du lac de retenue de 18% et de transf\u00e9rer enti\u00e8rement la production d&#039;environ 60 gigawattheures en hiver. L&#039;examen est effectu\u00e9 par l&#039;actionnaire Axpo.\" \/>\n\t\t<meta property=\"og:url\" content=\"https:\/\/www.immo-invest.ch\/fr\/kraftwerk-in-saas-almagell-soll-mit-hoeherem-staudamm-allen-strom-im-winter-erzeugen\/\" \/>\n\t\t<meta property=\"og:image\" content=\"https:\/\/www.immo-invest.ch\/wp-content\/uploads\/2025\/01\/Staumauer-scaled.jpg\" \/>\n\t\t<meta property=\"og:image:secure_url\" content=\"https:\/\/www.immo-invest.ch\/wp-content\/uploads\/2025\/01\/Staumauer-scaled.jpg\" \/>\n\t\t<meta property=\"og:image:width\" content=\"2560\" \/>\n\t\t<meta property=\"og:image:height\" content=\"1707\" \/>\n\t\t<meta property=\"article:published_time\" content=\"2025-01-27T15:22:16+00:00\" \/>\n\t\t<meta property=\"article:modified_time\" content=\"2025-01-27T10:48:38+00:00\" \/>\n\t\t<meta property=\"article:publisher\" content=\"https:\/\/www.facebook.com\/people\/Immoinvest\/100077962920504\/\" \/>\n\t\t<meta name=\"twitter:card\" content=\"summary_large_image\" \/>\n\t\t<meta name=\"twitter:site\" content=\"@i\" \/>\n\t\t<meta name=\"twitter:title\" content=\"La centrale \u00e9lectrique de Saas Almagell doit produire toute l\u2019\u00e9lectricit\u00e9 en hiver gr\u00e2ce \u00e0 un barrage plus haut - immo!nvest - Die Plattform f\u00fcr Standorte und Immobilien\" \/>\n\t\t<meta name=\"twitter:description\" content=\"La soci\u00e9t\u00e9 Kraftwerke Mattmark AG \u00e9tudie la possibilit\u00e9 de rehausser le barrage de Mattmark de 10 m\u00e8tres. Cela permettrait d&#039;augmenter le volume du lac de retenue de 18% et de transf\u00e9rer enti\u00e8rement la production d&#039;environ 60 gigawattheures en hiver. L&#039;examen est effectu\u00e9 par l&#039;actionnaire Axpo.\" \/>\n\t\t<meta name=\"twitter:creator\" content=\"@i\" \/>\n\t\t<meta name=\"twitter:image\" content=\"https:\/\/www.immo-invest.ch\/wp-content\/uploads\/2025\/01\/Staumauer-scaled.jpg\" \/>\n\t\t<script type=\"application\/ld+json\" class=\"aioseo-schema\">\n\t\t\t{\"@context\":\"https:\\\/\\\/schema.org\",\"@graph\":[{\"@type\":\"BlogPosting\",\"@id\":\"https:\\\/\\\/www.immo-invest.ch\\\/fr\\\/kraftwerk-in-saas-almagell-soll-mit-hoeherem-staudamm-allen-strom-im-winter-erzeugen\\\/#blogposting\",\"name\":\"La centrale \\u00e9lectrique de Saas Almagell doit produire toute l\\u2019\\u00e9lectricit\\u00e9 en hiver gr\\u00e2ce \\u00e0 un barrage plus haut - immo!nvest - Die Plattform f\\u00fcr Standorte und Immobilien\",\"headline\":\"La centrale \\u00e9lectrique de Saas Almagell doit produire toute l&rsquo;\\u00e9lectricit\\u00e9 en hiver gr\\u00e2ce \\u00e0 un barrage plus haut\",\"author\":{\"@id\":\"https:\\\/\\\/www.immo-invest.ch\\\/fr\\\/author\\\/immovestuser\\\/#author\"},\"publisher\":{\"@id\":\"https:\\\/\\\/www.immo-invest.ch\\\/fr\\\/#organization\"},\"image\":{\"@type\":\"ImageObject\",\"url\":\"https:\\\/\\\/www.immo-invest.ch\\\/wp-content\\\/uploads\\\/2025\\\/01\\\/Staumauer-scaled.jpg\",\"width\":2560,\"height\":1707},\"datePublished\":\"2025-01-27T16:22:16+01:00\",\"dateModified\":\"2025-01-27T11:48:38+01:00\",\"inLanguage\":\"fr-FR\",\"mainEntityOfPage\":{\"@id\":\"https:\\\/\\\/www.immo-invest.ch\\\/fr\\\/kraftwerk-in-saas-almagell-soll-mit-hoeherem-staudamm-allen-strom-im-winter-erzeugen\\\/#webpage\"},\"isPartOf\":{\"@id\":\"https:\\\/\\\/www.immo-invest.ch\\\/fr\\\/kraftwerk-in-saas-almagell-soll-mit-hoeherem-staudamm-allen-strom-im-winter-erzeugen\\\/#webpage\"},\"articleSection\":\"Durabilit\\u00e9, \\u00c9nergie, immoNews, Wallis, Ausbau, Energieversorgung, Immoinvest, immoNews, Nachhaltigkeit, Staudamm, Wallis, Wasserkraft, Winterstrom, Facultatif\"},{\"@type\":\"BreadcrumbList\",\"@id\":\"https:\\\/\\\/www.immo-invest.ch\\\/fr\\\/kraftwerk-in-saas-almagell-soll-mit-hoeherem-staudamm-allen-strom-im-winter-erzeugen\\\/#breadcrumblist\",\"itemListElement\":[{\"@type\":\"ListItem\",\"@id\":\"https:\\\/\\\/www.immo-invest.ch\\\/fr\\\/#listItem\",\"position\":1,\"name\":\"Home\",\"item\":\"https:\\\/\\\/www.immo-invest.ch\\\/fr\\\/\",\"nextItem\":{\"@type\":\"ListItem\",\"@id\":\"https:\\\/\\\/www.immo-invest.ch\\\/fr\\\/categories\\\/regions\\\/#listItem\",\"name\":\"R\\u00e9gions\"}},{\"@type\":\"ListItem\",\"@id\":\"https:\\\/\\\/www.immo-invest.ch\\\/fr\\\/categories\\\/regions\\\/#listItem\",\"position\":2,\"name\":\"R\\u00e9gions\",\"item\":\"https:\\\/\\\/www.immo-invest.ch\\\/fr\\\/categories\\\/regions\\\/\",\"nextItem\":{\"@type\":\"ListItem\",\"@id\":\"https:\\\/\\\/www.immo-invest.ch\\\/fr\\\/categories\\\/regions\\\/suisse\\\/#listItem\",\"name\":\"Suisse\"},\"previousItem\":{\"@type\":\"ListItem\",\"@id\":\"https:\\\/\\\/www.immo-invest.ch\\\/fr\\\/#listItem\",\"name\":\"Home\"}},{\"@type\":\"ListItem\",\"@id\":\"https:\\\/\\\/www.immo-invest.ch\\\/fr\\\/categories\\\/regions\\\/suisse\\\/#listItem\",\"position\":3,\"name\":\"Suisse\",\"item\":\"https:\\\/\\\/www.immo-invest.ch\\\/fr\\\/categories\\\/regions\\\/suisse\\\/\",\"nextItem\":{\"@type\":\"ListItem\",\"@id\":\"https:\\\/\\\/www.immo-invest.ch\\\/fr\\\/categories\\\/regions\\\/suisse\\\/region-lemanique\\\/#listItem\",\"name\":\"R\\u00e9gion l\\u00e9manique\"},\"previousItem\":{\"@type\":\"ListItem\",\"@id\":\"https:\\\/\\\/www.immo-invest.ch\\\/fr\\\/categories\\\/regions\\\/#listItem\",\"name\":\"R\\u00e9gions\"}},{\"@type\":\"ListItem\",\"@id\":\"https:\\\/\\\/www.immo-invest.ch\\\/fr\\\/categories\\\/regions\\\/suisse\\\/region-lemanique\\\/#listItem\",\"position\":4,\"name\":\"R\\u00e9gion l\\u00e9manique\",\"item\":\"https:\\\/\\\/www.immo-invest.ch\\\/fr\\\/categories\\\/regions\\\/suisse\\\/region-lemanique\\\/\",\"nextItem\":{\"@type\":\"ListItem\",\"@id\":\"https:\\\/\\\/www.immo-invest.ch\\\/fr\\\/categories\\\/regions\\\/suisse\\\/region-lemanique\\\/wallis-fr\\\/#listItem\",\"name\":\"Wallis\"},\"previousItem\":{\"@type\":\"ListItem\",\"@id\":\"https:\\\/\\\/www.immo-invest.ch\\\/fr\\\/categories\\\/regions\\\/suisse\\\/#listItem\",\"name\":\"Suisse\"}},{\"@type\":\"ListItem\",\"@id\":\"https:\\\/\\\/www.immo-invest.ch\\\/fr\\\/categories\\\/regions\\\/suisse\\\/region-lemanique\\\/wallis-fr\\\/#listItem\",\"position\":5,\"name\":\"Wallis\",\"item\":\"https:\\\/\\\/www.immo-invest.ch\\\/fr\\\/categories\\\/regions\\\/suisse\\\/region-lemanique\\\/wallis-fr\\\/\",\"nextItem\":{\"@type\":\"ListItem\",\"@id\":\"https:\\\/\\\/www.immo-invest.ch\\\/fr\\\/kraftwerk-in-saas-almagell-soll-mit-hoeherem-staudamm-allen-strom-im-winter-erzeugen\\\/#listItem\",\"name\":\"La centrale \\u00e9lectrique de Saas Almagell doit produire toute l&rsquo;\\u00e9lectricit\\u00e9 en hiver gr\\u00e2ce \\u00e0 un barrage plus haut\"},\"previousItem\":{\"@type\":\"ListItem\",\"@id\":\"https:\\\/\\\/www.immo-invest.ch\\\/fr\\\/categories\\\/regions\\\/suisse\\\/region-lemanique\\\/#listItem\",\"name\":\"R\\u00e9gion l\\u00e9manique\"}},{\"@type\":\"ListItem\",\"@id\":\"https:\\\/\\\/www.immo-invest.ch\\\/fr\\\/kraftwerk-in-saas-almagell-soll-mit-hoeherem-staudamm-allen-strom-im-winter-erzeugen\\\/#listItem\",\"position\":6,\"name\":\"La centrale \\u00e9lectrique de Saas Almagell doit produire toute l&rsquo;\\u00e9lectricit\\u00e9 en hiver gr\\u00e2ce \\u00e0 un barrage plus haut\",\"previousItem\":{\"@type\":\"ListItem\",\"@id\":\"https:\\\/\\\/www.immo-invest.ch\\\/fr\\\/categories\\\/regions\\\/suisse\\\/region-lemanique\\\/wallis-fr\\\/#listItem\",\"name\":\"Wallis\"}}]},{\"@type\":\"Organization\",\"@id\":\"https:\\\/\\\/www.immo-invest.ch\\\/fr\\\/#organization\",\"name\":\"immo!nvest - Die Plattform f\\u00fcr Standorte und Immobilien\",\"description\":\"Die\\u00a0Plattform f\\u00fcr Standorte und Immobilien\",\"url\":\"https:\\\/\\\/www.immo-invest.ch\\\/fr\\\/\",\"email\":\"admin@immomedia.ag\",\"telephone\":\"+41444420002\",\"logo\":{\"@type\":\"ImageObject\",\"url\":\"https:\\\/\\\/www.immo-invest.ch\\\/wp-content\\\/uploads\\\/2024\\\/09\\\/immoinvest_sm-scaled.jpg\",\"@id\":\"https:\\\/\\\/www.immo-invest.ch\\\/fr\\\/kraftwerk-in-saas-almagell-soll-mit-hoeherem-staudamm-allen-strom-im-winter-erzeugen\\\/#organizationLogo\",\"width\":2560,\"height\":1340},\"image\":{\"@id\":\"https:\\\/\\\/www.immo-invest.ch\\\/fr\\\/kraftwerk-in-saas-almagell-soll-mit-hoeherem-staudamm-allen-strom-im-winter-erzeugen\\\/#organizationLogo\"},\"sameAs\":[\"https:\\\/\\\/www.facebook.com\\\/people\\\/Immoinvest\\\/100077962920504\\\/\",\"https:\\\/\\\/x.com\\\/i\\\/flow\\\/login?redirect_after_login=immoinvest_ch\",\"https:\\\/\\\/www.instagram.com\\\/immoinvest_ch\\\/\",\"https:\\\/\\\/www.linkedin.com\\\/company\\\/immoinvest-swiss\"]},{\"@type\":\"Person\",\"@id\":\"https:\\\/\\\/www.immo-invest.ch\\\/fr\\\/author\\\/immovestuser\\\/#author\",\"url\":\"https:\\\/\\\/www.immo-invest.ch\\\/fr\\\/author\\\/immovestuser\\\/\",\"name\":\"immovestuser\",\"image\":{\"@type\":\"ImageObject\",\"@id\":\"https:\\\/\\\/www.immo-invest.ch\\\/fr\\\/kraftwerk-in-saas-almagell-soll-mit-hoeherem-staudamm-allen-strom-im-winter-erzeugen\\\/#authorImage\",\"url\":\"https:\\\/\\\/secure.gravatar.com\\\/avatar\\\/8e01f4d99f2eeea7a362ebb93305e1172a70e9293ba250f897a65c39f54cdd1e?s=96&d=mm&r=g\",\"width\":96,\"height\":96,\"caption\":\"immovestuser\"}},{\"@type\":\"WebPage\",\"@id\":\"https:\\\/\\\/www.immo-invest.ch\\\/fr\\\/kraftwerk-in-saas-almagell-soll-mit-hoeherem-staudamm-allen-strom-im-winter-erzeugen\\\/#webpage\",\"url\":\"https:\\\/\\\/www.immo-invest.ch\\\/fr\\\/kraftwerk-in-saas-almagell-soll-mit-hoeherem-staudamm-allen-strom-im-winter-erzeugen\\\/\",\"name\":\"La centrale \\u00e9lectrique de Saas Almagell doit produire toute l\\u2019\\u00e9lectricit\\u00e9 en hiver gr\\u00e2ce \\u00e0 un barrage plus haut - immo!nvest - Die Plattform f\\u00fcr Standorte und Immobilien\",\"description\":\"La soci\\u00e9t\\u00e9 Kraftwerke Mattmark AG \\u00e9tudie la possibilit\\u00e9 de rehausser le barrage de Mattmark de 10 m\\u00e8tres. Cela permettrait d'augmenter le volume du lac de retenue de 18% et de transf\\u00e9rer enti\\u00e8rement la production d'environ 60 gigawattheures en hiver. L'examen est effectu\\u00e9 par l'actionnaire Axpo.\",\"inLanguage\":\"fr-FR\",\"isPartOf\":{\"@id\":\"https:\\\/\\\/www.immo-invest.ch\\\/fr\\\/#website\"},\"breadcrumb\":{\"@id\":\"https:\\\/\\\/www.immo-invest.ch\\\/fr\\\/kraftwerk-in-saas-almagell-soll-mit-hoeherem-staudamm-allen-strom-im-winter-erzeugen\\\/#breadcrumblist\"},\"author\":{\"@id\":\"https:\\\/\\\/www.immo-invest.ch\\\/fr\\\/author\\\/immovestuser\\\/#author\"},\"creator\":{\"@id\":\"https:\\\/\\\/www.immo-invest.ch\\\/fr\\\/author\\\/immovestuser\\\/#author\"},\"image\":{\"@type\":\"ImageObject\",\"url\":\"https:\\\/\\\/www.immo-invest.ch\\\/wp-content\\\/uploads\\\/2025\\\/01\\\/Staumauer-scaled.jpg\",\"@id\":\"https:\\\/\\\/www.immo-invest.ch\\\/fr\\\/kraftwerk-in-saas-almagell-soll-mit-hoeherem-staudamm-allen-strom-im-winter-erzeugen\\\/#mainImage\",\"width\":2560,\"height\":1707},\"primaryImageOfPage\":{\"@id\":\"https:\\\/\\\/www.immo-invest.ch\\\/fr\\\/kraftwerk-in-saas-almagell-soll-mit-hoeherem-staudamm-allen-strom-im-winter-erzeugen\\\/#mainImage\"},\"datePublished\":\"2025-01-27T16:22:16+01:00\",\"dateModified\":\"2025-01-27T11:48:38+01:00\"},{\"@type\":\"WebSite\",\"@id\":\"https:\\\/\\\/www.immo-invest.ch\\\/fr\\\/#website\",\"url\":\"https:\\\/\\\/www.immo-invest.ch\\\/fr\\\/\",\"name\":\"immo!nvest - Die Plattform f\\u00fcr Standorte und Immobilien\",\"description\":\"Die\\u00a0Plattform f\\u00fcr Standorte und Immobilien\",\"inLanguage\":\"fr-FR\",\"publisher\":{\"@id\":\"https:\\\/\\\/www.immo-invest.ch\\\/fr\\\/#organization\"}}]}\n\t\t<\/script>\n\t\t<!-- All in One SEO -->\n\n","aioseo_head_json":{"title":"La centrale \u00e9lectrique de Saas Almagell doit produire toute l\u2019\u00e9lectricit\u00e9 en hiver gr\u00e2ce \u00e0 un barrage plus haut - immo!nvest - Die Plattform f\u00fcr Standorte und Immobilien","description":"La soci\u00e9t\u00e9 Kraftwerke Mattmark AG \u00e9tudie la possibilit\u00e9 de rehausser le barrage de Mattmark de 10 m\u00e8tres. Cela permettrait d'augmenter le volume du lac de retenue de 18% et de transf\u00e9rer enti\u00e8rement la production d'environ 60 gigawattheures en hiver. L'examen est effectu\u00e9 par l'actionnaire Axpo.","canonical_url":"https:\/\/www.immo-invest.ch\/fr\/kraftwerk-in-saas-almagell-soll-mit-hoeherem-staudamm-allen-strom-im-winter-erzeugen\/","robots":"max-image-preview:large","keywords":"","webmasterTools":{"google-site-verification":"fHJKvgWpZCR2zVBHWfkQeFXC11qieUSff0HGNYfuyLA","miscellaneous":""},"schema":{"@context":"https:\/\/schema.org","@graph":[{"@type":"BlogPosting","@id":"https:\/\/www.immo-invest.ch\/fr\/kraftwerk-in-saas-almagell-soll-mit-hoeherem-staudamm-allen-strom-im-winter-erzeugen\/#blogposting","name":"La centrale \u00e9lectrique de Saas Almagell doit produire toute l\u2019\u00e9lectricit\u00e9 en hiver gr\u00e2ce \u00e0 un barrage plus haut - immo!nvest - Die Plattform f\u00fcr Standorte und Immobilien","headline":"La centrale \u00e9lectrique de Saas Almagell doit produire toute l&rsquo;\u00e9lectricit\u00e9 en hiver gr\u00e2ce \u00e0 un barrage plus haut","author":{"@id":"https:\/\/www.immo-invest.ch\/fr\/author\/immovestuser\/#author"},"publisher":{"@id":"https:\/\/www.immo-invest.ch\/fr\/#organization"},"image":{"@type":"ImageObject","url":"https:\/\/www.immo-invest.ch\/wp-content\/uploads\/2025\/01\/Staumauer-scaled.jpg","width":2560,"height":1707},"datePublished":"2025-01-27T16:22:16+01:00","dateModified":"2025-01-27T11:48:38+01:00","inLanguage":"fr-FR","mainEntityOfPage":{"@id":"https:\/\/www.immo-invest.ch\/fr\/kraftwerk-in-saas-almagell-soll-mit-hoeherem-staudamm-allen-strom-im-winter-erzeugen\/#webpage"},"isPartOf":{"@id":"https:\/\/www.immo-invest.ch\/fr\/kraftwerk-in-saas-almagell-soll-mit-hoeherem-staudamm-allen-strom-im-winter-erzeugen\/#webpage"},"articleSection":"Durabilit\u00e9, \u00c9nergie, immoNews, Wallis, Ausbau, Energieversorgung, Immoinvest, immoNews, Nachhaltigkeit, Staudamm, Wallis, Wasserkraft, Winterstrom, Facultatif"},{"@type":"BreadcrumbList","@id":"https:\/\/www.immo-invest.ch\/fr\/kraftwerk-in-saas-almagell-soll-mit-hoeherem-staudamm-allen-strom-im-winter-erzeugen\/#breadcrumblist","itemListElement":[{"@type":"ListItem","@id":"https:\/\/www.immo-invest.ch\/fr\/#listItem","position":1,"name":"Home","item":"https:\/\/www.immo-invest.ch\/fr\/","nextItem":{"@type":"ListItem","@id":"https:\/\/www.immo-invest.ch\/fr\/categories\/regions\/#listItem","name":"R\u00e9gions"}},{"@type":"ListItem","@id":"https:\/\/www.immo-invest.ch\/fr\/categories\/regions\/#listItem","position":2,"name":"R\u00e9gions","item":"https:\/\/www.immo-invest.ch\/fr\/categories\/regions\/","nextItem":{"@type":"ListItem","@id":"https:\/\/www.immo-invest.ch\/fr\/categories\/regions\/suisse\/#listItem","name":"Suisse"},"previousItem":{"@type":"ListItem","@id":"https:\/\/www.immo-invest.ch\/fr\/#listItem","name":"Home"}},{"@type":"ListItem","@id":"https:\/\/www.immo-invest.ch\/fr\/categories\/regions\/suisse\/#listItem","position":3,"name":"Suisse","item":"https:\/\/www.immo-invest.ch\/fr\/categories\/regions\/suisse\/","nextItem":{"@type":"ListItem","@id":"https:\/\/www.immo-invest.ch\/fr\/categories\/regions\/suisse\/region-lemanique\/#listItem","name":"R\u00e9gion l\u00e9manique"},"previousItem":{"@type":"ListItem","@id":"https:\/\/www.immo-invest.ch\/fr\/categories\/regions\/#listItem","name":"R\u00e9gions"}},{"@type":"ListItem","@id":"https:\/\/www.immo-invest.ch\/fr\/categories\/regions\/suisse\/region-lemanique\/#listItem","position":4,"name":"R\u00e9gion l\u00e9manique","item":"https:\/\/www.immo-invest.ch\/fr\/categories\/regions\/suisse\/region-lemanique\/","nextItem":{"@type":"ListItem","@id":"https:\/\/www.immo-invest.ch\/fr\/categories\/regions\/suisse\/region-lemanique\/wallis-fr\/#listItem","name":"Wallis"},"previousItem":{"@type":"ListItem","@id":"https:\/\/www.immo-invest.ch\/fr\/categories\/regions\/suisse\/#listItem","name":"Suisse"}},{"@type":"ListItem","@id":"https:\/\/www.immo-invest.ch\/fr\/categories\/regions\/suisse\/region-lemanique\/wallis-fr\/#listItem","position":5,"name":"Wallis","item":"https:\/\/www.immo-invest.ch\/fr\/categories\/regions\/suisse\/region-lemanique\/wallis-fr\/","nextItem":{"@type":"ListItem","@id":"https:\/\/www.immo-invest.ch\/fr\/kraftwerk-in-saas-almagell-soll-mit-hoeherem-staudamm-allen-strom-im-winter-erzeugen\/#listItem","name":"La centrale \u00e9lectrique de Saas Almagell doit produire toute l&rsquo;\u00e9lectricit\u00e9 en hiver gr\u00e2ce \u00e0 un barrage plus haut"},"previousItem":{"@type":"ListItem","@id":"https:\/\/www.immo-invest.ch\/fr\/categories\/regions\/suisse\/region-lemanique\/#listItem","name":"R\u00e9gion l\u00e9manique"}},{"@type":"ListItem","@id":"https:\/\/www.immo-invest.ch\/fr\/kraftwerk-in-saas-almagell-soll-mit-hoeherem-staudamm-allen-strom-im-winter-erzeugen\/#listItem","position":6,"name":"La centrale \u00e9lectrique de Saas Almagell doit produire toute l&rsquo;\u00e9lectricit\u00e9 en hiver gr\u00e2ce \u00e0 un barrage plus haut","previousItem":{"@type":"ListItem","@id":"https:\/\/www.immo-invest.ch\/fr\/categories\/regions\/suisse\/region-lemanique\/wallis-fr\/#listItem","name":"Wallis"}}]},{"@type":"Organization","@id":"https:\/\/www.immo-invest.ch\/fr\/#organization","name":"immo!nvest - Die Plattform f\u00fcr Standorte und Immobilien","description":"Die\u00a0Plattform f\u00fcr Standorte und Immobilien","url":"https:\/\/www.immo-invest.ch\/fr\/","email":"admin@immomedia.ag","telephone":"+41444420002","logo":{"@type":"ImageObject","url":"https:\/\/www.immo-invest.ch\/wp-content\/uploads\/2024\/09\/immoinvest_sm-scaled.jpg","@id":"https:\/\/www.immo-invest.ch\/fr\/kraftwerk-in-saas-almagell-soll-mit-hoeherem-staudamm-allen-strom-im-winter-erzeugen\/#organizationLogo","width":2560,"height":1340},"image":{"@id":"https:\/\/www.immo-invest.ch\/fr\/kraftwerk-in-saas-almagell-soll-mit-hoeherem-staudamm-allen-strom-im-winter-erzeugen\/#organizationLogo"},"sameAs":["https:\/\/www.facebook.com\/people\/Immoinvest\/100077962920504\/","https:\/\/x.com\/i\/flow\/login?redirect_after_login=immoinvest_ch","https:\/\/www.instagram.com\/immoinvest_ch\/","https:\/\/www.linkedin.com\/company\/immoinvest-swiss"]},{"@type":"Person","@id":"https:\/\/www.immo-invest.ch\/fr\/author\/immovestuser\/#author","url":"https:\/\/www.immo-invest.ch\/fr\/author\/immovestuser\/","name":"immovestuser","image":{"@type":"ImageObject","@id":"https:\/\/www.immo-invest.ch\/fr\/kraftwerk-in-saas-almagell-soll-mit-hoeherem-staudamm-allen-strom-im-winter-erzeugen\/#authorImage","url":"https:\/\/secure.gravatar.com\/avatar\/8e01f4d99f2eeea7a362ebb93305e1172a70e9293ba250f897a65c39f54cdd1e?s=96&d=mm&r=g","width":96,"height":96,"caption":"immovestuser"}},{"@type":"WebPage","@id":"https:\/\/www.immo-invest.ch\/fr\/kraftwerk-in-saas-almagell-soll-mit-hoeherem-staudamm-allen-strom-im-winter-erzeugen\/#webpage","url":"https:\/\/www.immo-invest.ch\/fr\/kraftwerk-in-saas-almagell-soll-mit-hoeherem-staudamm-allen-strom-im-winter-erzeugen\/","name":"La centrale \u00e9lectrique de Saas Almagell doit produire toute l\u2019\u00e9lectricit\u00e9 en hiver gr\u00e2ce \u00e0 un barrage plus haut - immo!nvest - Die Plattform f\u00fcr Standorte und Immobilien","description":"La soci\u00e9t\u00e9 Kraftwerke Mattmark AG \u00e9tudie la possibilit\u00e9 de rehausser le barrage de Mattmark de 10 m\u00e8tres. Cela permettrait d'augmenter le volume du lac de retenue de 18% et de transf\u00e9rer enti\u00e8rement la production d'environ 60 gigawattheures en hiver. L'examen est effectu\u00e9 par l'actionnaire Axpo.","inLanguage":"fr-FR","isPartOf":{"@id":"https:\/\/www.immo-invest.ch\/fr\/#website"},"breadcrumb":{"@id":"https:\/\/www.immo-invest.ch\/fr\/kraftwerk-in-saas-almagell-soll-mit-hoeherem-staudamm-allen-strom-im-winter-erzeugen\/#breadcrumblist"},"author":{"@id":"https:\/\/www.immo-invest.ch\/fr\/author\/immovestuser\/#author"},"creator":{"@id":"https:\/\/www.immo-invest.ch\/fr\/author\/immovestuser\/#author"},"image":{"@type":"ImageObject","url":"https:\/\/www.immo-invest.ch\/wp-content\/uploads\/2025\/01\/Staumauer-scaled.jpg","@id":"https:\/\/www.immo-invest.ch\/fr\/kraftwerk-in-saas-almagell-soll-mit-hoeherem-staudamm-allen-strom-im-winter-erzeugen\/#mainImage","width":2560,"height":1707},"primaryImageOfPage":{"@id":"https:\/\/www.immo-invest.ch\/fr\/kraftwerk-in-saas-almagell-soll-mit-hoeherem-staudamm-allen-strom-im-winter-erzeugen\/#mainImage"},"datePublished":"2025-01-27T16:22:16+01:00","dateModified":"2025-01-27T11:48:38+01:00"},{"@type":"WebSite","@id":"https:\/\/www.immo-invest.ch\/fr\/#website","url":"https:\/\/www.immo-invest.ch\/fr\/","name":"immo!nvest - Die Plattform f\u00fcr Standorte und Immobilien","description":"Die\u00a0Plattform f\u00fcr Standorte und Immobilien","inLanguage":"fr-FR","publisher":{"@id":"https:\/\/www.immo-invest.ch\/fr\/#organization"}}]},"og:locale":"fr_FR","og:site_name":"immo!nvest - Die Plattform f\u00fcr Standorte und Immobilien - Die\u00a0Plattform f\u00fcr Standorte und Immobilien","og:type":"article","og:title":"La centrale \u00e9lectrique de Saas Almagell doit produire toute l\u2019\u00e9lectricit\u00e9 en hiver gr\u00e2ce \u00e0 un barrage plus haut - immo!nvest - Die Plattform f\u00fcr Standorte und Immobilien","og:description":"La soci\u00e9t\u00e9 Kraftwerke Mattmark AG \u00e9tudie la possibilit\u00e9 de rehausser le barrage de Mattmark de 10 m\u00e8tres. Cela permettrait d'augmenter le volume du lac de retenue de 18% et de transf\u00e9rer enti\u00e8rement la production d'environ 60 gigawattheures en hiver. L'examen est effectu\u00e9 par l'actionnaire Axpo.","og:url":"https:\/\/www.immo-invest.ch\/fr\/kraftwerk-in-saas-almagell-soll-mit-hoeherem-staudamm-allen-strom-im-winter-erzeugen\/","og:image":"https:\/\/www.immo-invest.ch\/wp-content\/uploads\/2025\/01\/Staumauer-scaled.jpg","og:image:secure_url":"https:\/\/www.immo-invest.ch\/wp-content\/uploads\/2025\/01\/Staumauer-scaled.jpg","og:image:width":2560,"og:image:height":1707,"article:published_time":"2025-01-27T15:22:16+00:00","article:modified_time":"2025-01-27T10:48:38+00:00","article:publisher":"https:\/\/www.facebook.com\/people\/Immoinvest\/100077962920504\/","twitter:card":"summary_large_image","twitter:site":"@i","twitter:title":"La centrale \u00e9lectrique de Saas Almagell doit produire toute l\u2019\u00e9lectricit\u00e9 en hiver gr\u00e2ce \u00e0 un barrage plus haut - immo!nvest - Die Plattform f\u00fcr Standorte und Immobilien","twitter:description":"La soci\u00e9t\u00e9 Kraftwerke Mattmark AG \u00e9tudie la possibilit\u00e9 de rehausser le barrage de Mattmark de 10 m\u00e8tres. Cela permettrait d'augmenter le volume du lac de retenue de 18% et de transf\u00e9rer enti\u00e8rement la production d'environ 60 gigawattheures en hiver. L'examen est effectu\u00e9 par l'actionnaire Axpo.","twitter:creator":"@i","twitter:image":"https:\/\/www.immo-invest.ch\/wp-content\/uploads\/2025\/01\/Staumauer-scaled.jpg"},"aioseo_meta_data":{"post_id":"124305","title":null,"description":null,"keywords":null,"keyphrases":{"focus":{"keyphrase":"","score":0,"analysis":{"keyphraseInTitle":{"score":0,"maxScore":9,"error":1}}},"additional":[]},"primary_term":null,"canonical_url":null,"og_title":null,"og_description":null,"og_object_type":"default","og_image_type":"default","og_image_url":null,"og_image_width":null,"og_image_height":null,"og_image_custom_url":null,"og_image_custom_fields":null,"og_video":"","og_custom_url":null,"og_article_section":null,"og_article_tags":null,"twitter_use_og":false,"twitter_card":"default","twitter_image_type":"default","twitter_image_url":null,"twitter_image_custom_url":null,"twitter_image_custom_fields":null,"twitter_title":null,"twitter_description":null,"schema":{"blockGraphs":[],"customGraphs":[],"default":{"data":{"Article":[],"Course":[],"Dataset":[],"FAQPage":[],"Movie":[],"Person":[],"Product":[],"ProductReview":[],"Car":[],"Recipe":[],"Service":[],"SoftwareApplication":[],"WebPage":[]},"graphName":"BlogPosting","isEnabled":true},"graphs":[]},"schema_type":"default","schema_type_options":null,"pillar_content":false,"robots_default":true,"robots_noindex":false,"robots_noarchive":false,"robots_nosnippet":false,"robots_nofollow":false,"robots_noimageindex":false,"robots_noodp":false,"robots_notranslate":false,"robots_max_snippet":"-1","robots_max_videopreview":"-1","robots_max_imagepreview":"large","priority":null,"frequency":"default","local_seo":null,"breadcrumb_settings":null,"limit_modified_date":false,"ai":null,"created":"2025-01-27 10:47:15","updated":"2025-10-24 16:05:17","seo_analyzer_scan_date":null,"focus_keyword":null,"additional_keywords":null,"truseo_locale":null},"aioseo_breadcrumb":"<div class=\"aioseo-breadcrumbs\"><span class=\"aioseo-breadcrumb\">\n\t\t\t<a href=\"https:\/\/www.immo-invest.ch\/fr\/\" title=\"Home\">Home<\/a>\n\t\t<\/span><span class=\"aioseo-breadcrumb-separator\">&raquo;<\/span><span class=\"aioseo-breadcrumb\">\n\t\t\t<a href=\"https:\/\/www.immo-invest.ch\/fr\/categories\/regions\/\" title=\"R\u00e9gions\">R\u00e9gions<\/a>\n\t\t<\/span><span class=\"aioseo-breadcrumb-separator\">&raquo;<\/span><span class=\"aioseo-breadcrumb\">\n\t\t\t<a href=\"https:\/\/www.immo-invest.ch\/fr\/categories\/regions\/suisse\/\" title=\"Suisse\">Suisse<\/a>\n\t\t<\/span><span class=\"aioseo-breadcrumb-separator\">&raquo;<\/span><span class=\"aioseo-breadcrumb\">\n\t\t\t<a href=\"https:\/\/www.immo-invest.ch\/fr\/categories\/regions\/suisse\/region-lemanique\/\" title=\"R\u00e9gion l\u00e9manique\">R\u00e9gion l\u00e9manique<\/a>\n\t\t<\/span><span class=\"aioseo-breadcrumb-separator\">&raquo;<\/span><span class=\"aioseo-breadcrumb\">\n\t\t\t<a href=\"https:\/\/www.immo-invest.ch\/fr\/categories\/regions\/suisse\/region-lemanique\/wallis-fr\/\" title=\"Wallis\">Wallis<\/a>\n\t\t<\/span><span class=\"aioseo-breadcrumb-separator\">&raquo;<\/span><span class=\"aioseo-breadcrumb\">\n\t\t\tLa centrale \u00e9lectrique de Saas Almagell doit produire toute l\u2019\u00e9lectricit\u00e9 en hiver gr\u00e2ce \u00e0 un barrage plus haut\n\t\t<\/span><\/div>","aioseo_breadcrumb_json":[{"label":"Home","link":"https:\/\/www.immo-invest.ch\/fr\/"},{"label":"R\u00e9gions","link":"https:\/\/www.immo-invest.ch\/fr\/categories\/regions\/"},{"label":"Suisse","link":"https:\/\/www.immo-invest.ch\/fr\/categories\/regions\/suisse\/"},{"label":"R\u00e9gion l\u00e9manique","link":"https:\/\/www.immo-invest.ch\/fr\/categories\/regions\/suisse\/region-lemanique\/"},{"label":"Wallis","link":"https:\/\/www.immo-invest.ch\/fr\/categories\/regions\/suisse\/region-lemanique\/wallis-fr\/"},{"label":"La centrale \u00e9lectrique de Saas Almagell doit produire toute l&rsquo;\u00e9lectricit\u00e9 en hiver gr\u00e2ce \u00e0 un barrage plus haut","link":"https:\/\/www.immo-invest.ch\/fr\/kraftwerk-in-saas-almagell-soll-mit-hoeherem-staudamm-allen-strom-im-winter-erzeugen\/"}],"featured_image_src":"https:\/\/www.immo-invest.ch\/wp-content\/uploads\/2025\/01\/Staumauer-336x168.jpg","_links":{"self":[{"href":"https:\/\/www.immo-invest.ch\/fr\/wp-json\/wp\/v2\/posts\/124305","targetHints":{"allow":["GET"]}}],"collection":[{"href":"https:\/\/www.immo-invest.ch\/fr\/wp-json\/wp\/v2\/posts"}],"about":[{"href":"https:\/\/www.immo-invest.ch\/fr\/wp-json\/wp\/v2\/types\/post"}],"author":[{"embeddable":true,"href":"https:\/\/www.immo-invest.ch\/fr\/wp-json\/wp\/v2\/users\/2"}],"replies":[{"embeddable":true,"href":"https:\/\/www.immo-invest.ch\/fr\/wp-json\/wp\/v2\/comments?post=124305"}],"version-history":[{"count":0,"href":"https:\/\/www.immo-invest.ch\/fr\/wp-json\/wp\/v2\/posts\/124305\/revisions"}],"wp:featuredmedia":[{"embeddable":true,"href":"https:\/\/www.immo-invest.ch\/fr\/wp-json\/wp\/v2\/media\/124274"}],"wp:attachment":[{"href":"https:\/\/www.immo-invest.ch\/fr\/wp-json\/wp\/v2\/media?parent=124305"}],"wp:term":[{"taxonomy":"category","embeddable":true,"href":"https:\/\/www.immo-invest.ch\/fr\/wp-json\/wp\/v2\/categories?post=124305"},{"taxonomy":"post_tag","embeddable":true,"href":"https:\/\/www.immo-invest.ch\/fr\/wp-json\/wp\/v2\/tags?post=124305"}],"curies":[{"name":"wp","href":"https:\/\/api.w.org\/{rel}","templated":true}]}}