{"id":123902,"date":"2025-01-22T12:41:00","date_gmt":"2025-01-22T11:41:00","guid":{"rendered":"https:\/\/www.immo-invest.ch\/?p=123902"},"modified":"2025-01-17T12:26:53","modified_gmt":"2025-01-17T11:26:53","slug":"start-des-baues-der-waldstadt-im-pantli","status":"publish","type":"post","link":"https:\/\/www.immo-invest.ch\/fr\/start-des-baues-der-waldstadt-im-pantli\/","title":{"rendered":"D\u00e9but de la construction de la ville foresti\u00e8re Im Pantli"},"content":{"rendered":"<p class=\"bodytext\"><a href=\"https:\/\/www.halter.ch\/\" target=\"_blank\" rel=\"noopener\">Halter AG<\/a> a commenc&eacute; la construction de la Waldstadt Im Pantli. Le 10 janvier, le premier coup de pioche a &eacute;t&eacute; donn&eacute; pour le projet r&eacute;sidentiel dans la clairi&egrave;re Im Pantli &agrave; Schaffhouse, informe le promoteur immobilier de Schlierem dans un <a href=\"https:\/\/www.halter.ch\/de\/medien\/mitteilungen\/baustart-fuer-die-waldstadt-im-pantli\" target=\"_blank\" rel=\"noopener\">communiqu&eacute;<\/a>. Les 214 appartements en copropri&eacute;t&eacute; pr&eacute;vus dans la Waldstadt seront r&eacute;alis&eacute;s par Halter en collaboration avec la <a href=\"https:\/\/www.dost.org\/\" target=\"_blank\" rel=\"noopener\">soci&eacute;t&eacute; DOST <span class=\"glossaryLink\" aria-describedby=\"tt\" data-cmtooltip=\"&lt;div class=glossaryItemTitle&gt;Architektur&lt;\/div&gt;&lt;div class=glossaryItemBody&gt;Entwurf und Gestaltung von Bauwerken unter Ber&uuml;cksichtigung &auml;sthetischer, technischer, sozialer, wirtschaftlicher und &ouml;kologischer Belange. Im Unterschied zum &laquo;blossen&raquo; Bauen bem&uuml;ht sich Architektur um die Koordination vielf&auml;ltiger Werte, Anspr&uuml;che und Erfahrungen&lt;\/div&gt;\" data-mobile-support=\"0\" data-gt-translate-attributes='[{\"attribute\":\"data-cmtooltip\", \"format\":\"html\"}]' tabindex=\"0\" role=\"link\">Architektur<\/span> GmbH<\/a> de Schaffhouse.<\/p>\n<p class=\"bodytext\">&laquo;&nbsp;Le projet Waldstadt &agrave; Pantli apporte une contribution pr&eacute;cieuse au d&eacute;veloppement de la ville&nbsp;&raquo;, d&eacute;clare le maire Peter Neukomm, cit&eacute; dans le communiqu&eacute;, lors de son allocution au premier coup de pioche. &laquo;&nbsp;Le lotissement doit servir de mod&egrave;le pour les futurs projets de construction et renforcer Schaffhouse en tant que site pour un habitat durable et innovant&nbsp;&raquo; La Waldstadt est con&ccedil;ue comme un espace d&rsquo;habitation pour diff&eacute;rents mod&egrave;les de vie.<\/p>\n<p class=\"bodytext\">Concr&egrave;tement, le projet de logement entend s&rsquo;adresser aussi bien aux familles et aux couples qu&rsquo;aux c&eacute;libataires et aux navetteurs. Pour ce faire, une &eacute;cole maternelle et une cr&egrave;che sont notamment pr&eacute;vues. Des espaces libres et des installations communes doivent cr&eacute;er &laquo;&nbsp;les conditions id&eacute;ales pour une cohabitation harmonieuse&nbsp;&raquo;, selon le communiqu&eacute;.<\/p>\n<p class=\"bodytext\">La planification et la mise en &oelig;uvre s&rsquo;alignent sur les directives de la norme suisse de durabilit&eacute;. La dur&eacute;e des travaux pour la premi&egrave;re &eacute;tape a &eacute;t&eacute; estim&eacute;e &agrave; deux ans et demi. Les premiers appartements de 2,5 &agrave; 5,5 pi&egrave;ces devraient &ecirc;tre disponibles d&egrave;s l&rsquo;ann&eacute;e prochaine.<\/p>\n","protected":false},"excerpt":{"rendered":"<p>Halter AG a lanc\u00e9 la construction de Waldstadt dans la clairi\u00e8re Im Pantli \u00e0 Schaffhouse. En collaboration avec la soci\u00e9t\u00e9 schaffhousoise DOST Architektur GmbH, 214 appartements en copropri\u00e9t\u00e9 y seront construits.<\/p>\n","protected":false},"author":2,"featured_media":123875,"comment_status":"open","ping_status":"open","sticky":false,"template":"","format":"standard","meta":{"pmpro_default_level":"","inline_featured_image":false,"_monsterinsights_skip_tracking":false,"footnotes":""},"categories":[743,22357,9824,22336],"tags":[872,3931,4360,41020,2258,39703,34495],"class_list":["post-123902","post","type-post","status-publish","format-standard","has-post-thumbnail","hentry","category-immonews-fr","category-industrie-du-batiment","category-nouvelle-construction","category-schaffhouse","tag-immoinvest-fr","tag-immonews-fr","tag-nachhaltiges-bauen-fr","tag-quartierplanung-fr","tag-schaffhausen-fr","tag-stadtentwicklung-fr","tag-wohnprojekt-fr","pmpro-has-access"],"acf":{"bild_mit_ki_erstellt_worden":[],"lead":"Halter AG a lanc\u00e9 la construction de Waldstadt dans la clairi\u00e8re Im Pantli \u00e0 Schaffhouse. En collaboration avec la soci\u00e9t\u00e9 schaffhousoise DOST Architektur GmbH, 214 appartements en copropri\u00e9t\u00e9 y seront construits.","autor":"ce\/hs, Bild: https:\/\/waldstadt.ch\/","ort":"Schlieren ZH\/Schaffhausen","bildunterschrift":"","bild_im_grid":false,"gallerie":"","newsim":""},"aioseo_notices":[],"aioseo_head":"\n\t\t<!-- All in One SEO 5.0.0.1 - aioseo.com -->\n\t<meta name=\"description\" content=\"Halter AG a lanc\u00e9 la construction de Waldstadt dans la clairi\u00e8re Im Pantli \u00e0 Schaffhouse. En collaboration avec la soci\u00e9t\u00e9 schaffhousoise DOST Architektur GmbH, 214 appartements en copropri\u00e9t\u00e9 y seront construits.\" \/>\n\t<meta name=\"robots\" content=\"max-image-preview:large\" \/>\n\t<meta name=\"author\" content=\"immovestuser\"\/>\n\t<meta name=\"google-site-verification\" content=\"fHJKvgWpZCR2zVBHWfkQeFXC11qieUSff0HGNYfuyLA\" \/>\n\t<link rel=\"canonical\" href=\"https:\/\/www.immo-invest.ch\/fr\/start-des-baues-der-waldstadt-im-pantli\/\" \/>\n\t<meta name=\"generator\" content=\"All in One SEO (AIOSEO) 5.0.0.1\" \/>\n\t\t<meta property=\"og:locale\" content=\"fr_FR\" \/>\n\t\t<meta property=\"og:site_name\" content=\"immo!nvest - Die Plattform f\u00fcr Standorte und Immobilien - Die\u00a0Plattform f\u00fcr Standorte und Immobilien\" \/>\n\t\t<meta property=\"og:type\" content=\"article\" \/>\n\t\t<meta property=\"og:title\" content=\"D\u00e9but de la construction de la ville foresti\u00e8re Im Pantli - immo!nvest - Die Plattform f\u00fcr Standorte und Immobilien\" \/>\n\t\t<meta property=\"og:description\" content=\"Halter AG a lanc\u00e9 la construction de Waldstadt dans la clairi\u00e8re Im Pantli \u00e0 Schaffhouse. En collaboration avec la soci\u00e9t\u00e9 schaffhousoise DOST Architektur GmbH, 214 appartements en copropri\u00e9t\u00e9 y seront construits.\" \/>\n\t\t<meta property=\"og:url\" content=\"https:\/\/www.immo-invest.ch\/fr\/start-des-baues-der-waldstadt-im-pantli\/\" \/>\n\t\t<meta property=\"og:image\" content=\"https:\/\/www.immo-invest.ch\/wp-content\/uploads\/2025\/01\/113244_VP01_V03-scaled-1.jpg\" \/>\n\t\t<meta property=\"og:image:secure_url\" content=\"https:\/\/www.immo-invest.ch\/wp-content\/uploads\/2025\/01\/113244_VP01_V03-scaled-1.jpg\" \/>\n\t\t<meta property=\"og:image:width\" content=\"2560\" \/>\n\t\t<meta property=\"og:image:height\" content=\"1700\" \/>\n\t\t<meta property=\"article:published_time\" content=\"2025-01-22T11:41:00+00:00\" \/>\n\t\t<meta property=\"article:modified_time\" content=\"2025-01-17T11:26:53+00:00\" \/>\n\t\t<meta property=\"article:publisher\" content=\"https:\/\/www.facebook.com\/people\/Immoinvest\/100077962920504\/\" \/>\n\t\t<meta name=\"twitter:card\" content=\"summary_large_image\" \/>\n\t\t<meta name=\"twitter:site\" content=\"@i\" \/>\n\t\t<meta name=\"twitter:title\" content=\"D\u00e9but de la construction de la ville foresti\u00e8re Im Pantli - immo!nvest - Die Plattform f\u00fcr Standorte und Immobilien\" \/>\n\t\t<meta name=\"twitter:description\" content=\"Halter AG a lanc\u00e9 la construction de Waldstadt dans la clairi\u00e8re Im Pantli \u00e0 Schaffhouse. En collaboration avec la soci\u00e9t\u00e9 schaffhousoise DOST Architektur GmbH, 214 appartements en copropri\u00e9t\u00e9 y seront construits.\" \/>\n\t\t<meta name=\"twitter:creator\" content=\"@i\" \/>\n\t\t<meta name=\"twitter:image\" content=\"https:\/\/www.immo-invest.ch\/wp-content\/uploads\/2025\/01\/113244_VP01_V03-scaled-1.jpg\" \/>\n\t\t<script type=\"application\/ld+json\" class=\"aioseo-schema\">\n\t\t\t{\"@context\":\"https:\\\/\\\/schema.org\",\"@graph\":[{\"@type\":\"BlogPosting\",\"@id\":\"https:\\\/\\\/www.immo-invest.ch\\\/fr\\\/start-des-baues-der-waldstadt-im-pantli\\\/#blogposting\",\"name\":\"D\\u00e9but de la construction de la ville foresti\\u00e8re Im Pantli - immo!nvest - Die Plattform f\\u00fcr Standorte und Immobilien\",\"headline\":\"D\\u00e9but de la construction de la ville foresti\\u00e8re Im Pantli\",\"author\":{\"@id\":\"https:\\\/\\\/www.immo-invest.ch\\\/fr\\\/author\\\/immovestuser\\\/#author\"},\"publisher\":{\"@id\":\"https:\\\/\\\/www.immo-invest.ch\\\/fr\\\/#organization\"},\"image\":{\"@type\":\"ImageObject\",\"url\":\"https:\\\/\\\/www.immo-invest.ch\\\/wp-content\\\/uploads\\\/2025\\\/01\\\/113244_VP01_V03-scaled-1.jpg\",\"width\":2560,\"height\":1700,\"caption\":\"https:\\\/\\\/waldstadt.ch\\\/\"},\"datePublished\":\"2025-01-22T12:41:00+01:00\",\"dateModified\":\"2025-01-17T12:26:53+01:00\",\"inLanguage\":\"fr-FR\",\"mainEntityOfPage\":{\"@id\":\"https:\\\/\\\/www.immo-invest.ch\\\/fr\\\/start-des-baues-der-waldstadt-im-pantli\\\/#webpage\"},\"isPartOf\":{\"@id\":\"https:\\\/\\\/www.immo-invest.ch\\\/fr\\\/start-des-baues-der-waldstadt-im-pantli\\\/#webpage\"},\"articleSection\":\"immoNews, Industrie du b\\u00e2timent, Nouvelle construction, Schaffhouse, Immoinvest, immoNews, nachhaltiges Bauen, Quartierplanung, schaffhausen, Stadtentwicklung, Wohnprojekt, Facultatif\"},{\"@type\":\"BreadcrumbList\",\"@id\":\"https:\\\/\\\/www.immo-invest.ch\\\/fr\\\/start-des-baues-der-waldstadt-im-pantli\\\/#breadcrumblist\",\"itemListElement\":[{\"@type\":\"ListItem\",\"@id\":\"https:\\\/\\\/www.immo-invest.ch\\\/fr\\\/#listItem\",\"position\":1,\"name\":\"Home\",\"item\":\"https:\\\/\\\/www.immo-invest.ch\\\/fr\\\/\",\"nextItem\":{\"@type\":\"ListItem\",\"@id\":\"https:\\\/\\\/www.immo-invest.ch\\\/fr\\\/categories\\\/regions\\\/#listItem\",\"name\":\"R\\u00e9gions\"}},{\"@type\":\"ListItem\",\"@id\":\"https:\\\/\\\/www.immo-invest.ch\\\/fr\\\/categories\\\/regions\\\/#listItem\",\"position\":2,\"name\":\"R\\u00e9gions\",\"item\":\"https:\\\/\\\/www.immo-invest.ch\\\/fr\\\/categories\\\/regions\\\/\",\"nextItem\":{\"@type\":\"ListItem\",\"@id\":\"https:\\\/\\\/www.immo-invest.ch\\\/fr\\\/categories\\\/regions\\\/suisse\\\/#listItem\",\"name\":\"Suisse\"},\"previousItem\":{\"@type\":\"ListItem\",\"@id\":\"https:\\\/\\\/www.immo-invest.ch\\\/fr\\\/#listItem\",\"name\":\"Home\"}},{\"@type\":\"ListItem\",\"@id\":\"https:\\\/\\\/www.immo-invest.ch\\\/fr\\\/categories\\\/regions\\\/suisse\\\/#listItem\",\"position\":3,\"name\":\"Suisse\",\"item\":\"https:\\\/\\\/www.immo-invest.ch\\\/fr\\\/categories\\\/regions\\\/suisse\\\/\",\"nextItem\":{\"@type\":\"ListItem\",\"@id\":\"https:\\\/\\\/www.immo-invest.ch\\\/fr\\\/categories\\\/regions\\\/suisse\\\/suisse-orientale\\\/#listItem\",\"name\":\"Suisse orientale\"},\"previousItem\":{\"@type\":\"ListItem\",\"@id\":\"https:\\\/\\\/www.immo-invest.ch\\\/fr\\\/categories\\\/regions\\\/#listItem\",\"name\":\"R\\u00e9gions\"}},{\"@type\":\"ListItem\",\"@id\":\"https:\\\/\\\/www.immo-invest.ch\\\/fr\\\/categories\\\/regions\\\/suisse\\\/suisse-orientale\\\/#listItem\",\"position\":4,\"name\":\"Suisse orientale\",\"item\":\"https:\\\/\\\/www.immo-invest.ch\\\/fr\\\/categories\\\/regions\\\/suisse\\\/suisse-orientale\\\/\",\"nextItem\":{\"@type\":\"ListItem\",\"@id\":\"https:\\\/\\\/www.immo-invest.ch\\\/fr\\\/categories\\\/regions\\\/suisse\\\/suisse-orientale\\\/schaffhouse\\\/#listItem\",\"name\":\"Schaffhouse\"},\"previousItem\":{\"@type\":\"ListItem\",\"@id\":\"https:\\\/\\\/www.immo-invest.ch\\\/fr\\\/categories\\\/regions\\\/suisse\\\/#listItem\",\"name\":\"Suisse\"}},{\"@type\":\"ListItem\",\"@id\":\"https:\\\/\\\/www.immo-invest.ch\\\/fr\\\/categories\\\/regions\\\/suisse\\\/suisse-orientale\\\/schaffhouse\\\/#listItem\",\"position\":5,\"name\":\"Schaffhouse\",\"item\":\"https:\\\/\\\/www.immo-invest.ch\\\/fr\\\/categories\\\/regions\\\/suisse\\\/suisse-orientale\\\/schaffhouse\\\/\",\"nextItem\":{\"@type\":\"ListItem\",\"@id\":\"https:\\\/\\\/www.immo-invest.ch\\\/fr\\\/start-des-baues-der-waldstadt-im-pantli\\\/#listItem\",\"name\":\"D\\u00e9but de la construction de la ville foresti\\u00e8re Im Pantli\"},\"previousItem\":{\"@type\":\"ListItem\",\"@id\":\"https:\\\/\\\/www.immo-invest.ch\\\/fr\\\/categories\\\/regions\\\/suisse\\\/suisse-orientale\\\/#listItem\",\"name\":\"Suisse orientale\"}},{\"@type\":\"ListItem\",\"@id\":\"https:\\\/\\\/www.immo-invest.ch\\\/fr\\\/start-des-baues-der-waldstadt-im-pantli\\\/#listItem\",\"position\":6,\"name\":\"D\\u00e9but de la construction de la ville foresti\\u00e8re Im Pantli\",\"previousItem\":{\"@type\":\"ListItem\",\"@id\":\"https:\\\/\\\/www.immo-invest.ch\\\/fr\\\/categories\\\/regions\\\/suisse\\\/suisse-orientale\\\/schaffhouse\\\/#listItem\",\"name\":\"Schaffhouse\"}}]},{\"@type\":\"Organization\",\"@id\":\"https:\\\/\\\/www.immo-invest.ch\\\/fr\\\/#organization\",\"name\":\"immo!nvest - Die Plattform f\\u00fcr Standorte und Immobilien\",\"description\":\"Die\\u00a0Plattform f\\u00fcr Standorte und Immobilien\",\"url\":\"https:\\\/\\\/www.immo-invest.ch\\\/fr\\\/\",\"email\":\"admin@immomedia.ag\",\"telephone\":\"+41444420002\",\"logo\":{\"@type\":\"ImageObject\",\"url\":\"https:\\\/\\\/www.immo-invest.ch\\\/wp-content\\\/uploads\\\/2024\\\/09\\\/immoinvest_sm-scaled.jpg\",\"@id\":\"https:\\\/\\\/www.immo-invest.ch\\\/fr\\\/start-des-baues-der-waldstadt-im-pantli\\\/#organizationLogo\",\"width\":2560,\"height\":1340},\"image\":{\"@id\":\"https:\\\/\\\/www.immo-invest.ch\\\/fr\\\/start-des-baues-der-waldstadt-im-pantli\\\/#organizationLogo\"},\"sameAs\":[\"https:\\\/\\\/www.facebook.com\\\/people\\\/Immoinvest\\\/100077962920504\\\/\",\"https:\\\/\\\/x.com\\\/i\\\/flow\\\/login?redirect_after_login=immoinvest_ch\",\"https:\\\/\\\/www.instagram.com\\\/immoinvest_ch\\\/\",\"https:\\\/\\\/www.linkedin.com\\\/company\\\/immoinvest-swiss\"]},{\"@type\":\"Person\",\"@id\":\"https:\\\/\\\/www.immo-invest.ch\\\/fr\\\/author\\\/immovestuser\\\/#author\",\"url\":\"https:\\\/\\\/www.immo-invest.ch\\\/fr\\\/author\\\/immovestuser\\\/\",\"name\":\"immovestuser\",\"image\":{\"@type\":\"ImageObject\",\"@id\":\"https:\\\/\\\/www.immo-invest.ch\\\/fr\\\/start-des-baues-der-waldstadt-im-pantli\\\/#authorImage\",\"url\":\"https:\\\/\\\/secure.gravatar.com\\\/avatar\\\/8e01f4d99f2eeea7a362ebb93305e1172a70e9293ba250f897a65c39f54cdd1e?s=96&d=mm&r=g\",\"width\":96,\"height\":96,\"caption\":\"immovestuser\"}},{\"@type\":\"WebPage\",\"@id\":\"https:\\\/\\\/www.immo-invest.ch\\\/fr\\\/start-des-baues-der-waldstadt-im-pantli\\\/#webpage\",\"url\":\"https:\\\/\\\/www.immo-invest.ch\\\/fr\\\/start-des-baues-der-waldstadt-im-pantli\\\/\",\"name\":\"D\\u00e9but de la construction de la ville foresti\\u00e8re Im Pantli - immo!nvest - Die Plattform f\\u00fcr Standorte und Immobilien\",\"description\":\"Halter AG a lanc\\u00e9 la construction de Waldstadt dans la clairi\\u00e8re Im Pantli \\u00e0 Schaffhouse. En collaboration avec la soci\\u00e9t\\u00e9 schaffhousoise DOST Architektur GmbH, 214 appartements en copropri\\u00e9t\\u00e9 y seront construits.\",\"inLanguage\":\"fr-FR\",\"isPartOf\":{\"@id\":\"https:\\\/\\\/www.immo-invest.ch\\\/fr\\\/#website\"},\"breadcrumb\":{\"@id\":\"https:\\\/\\\/www.immo-invest.ch\\\/fr\\\/start-des-baues-der-waldstadt-im-pantli\\\/#breadcrumblist\"},\"author\":{\"@id\":\"https:\\\/\\\/www.immo-invest.ch\\\/fr\\\/author\\\/immovestuser\\\/#author\"},\"creator\":{\"@id\":\"https:\\\/\\\/www.immo-invest.ch\\\/fr\\\/author\\\/immovestuser\\\/#author\"},\"image\":{\"@type\":\"ImageObject\",\"url\":\"https:\\\/\\\/www.immo-invest.ch\\\/wp-content\\\/uploads\\\/2025\\\/01\\\/113244_VP01_V03-scaled-1.jpg\",\"@id\":\"https:\\\/\\\/www.immo-invest.ch\\\/fr\\\/start-des-baues-der-waldstadt-im-pantli\\\/#mainImage\",\"width\":2560,\"height\":1700,\"caption\":\"https:\\\/\\\/waldstadt.ch\\\/\"},\"primaryImageOfPage\":{\"@id\":\"https:\\\/\\\/www.immo-invest.ch\\\/fr\\\/start-des-baues-der-waldstadt-im-pantli\\\/#mainImage\"},\"datePublished\":\"2025-01-22T12:41:00+01:00\",\"dateModified\":\"2025-01-17T12:26:53+01:00\"},{\"@type\":\"WebSite\",\"@id\":\"https:\\\/\\\/www.immo-invest.ch\\\/fr\\\/#website\",\"url\":\"https:\\\/\\\/www.immo-invest.ch\\\/fr\\\/\",\"name\":\"immo!nvest - Die Plattform f\\u00fcr Standorte und Immobilien\",\"description\":\"Die\\u00a0Plattform f\\u00fcr Standorte und Immobilien\",\"inLanguage\":\"fr-FR\",\"publisher\":{\"@id\":\"https:\\\/\\\/www.immo-invest.ch\\\/fr\\\/#organization\"}}]}\n\t\t<\/script>\n\t\t<!-- All in One SEO -->\n\n","aioseo_head_json":{"title":"D\u00e9but de la construction de la ville foresti\u00e8re Im Pantli - immo!nvest - Die Plattform f\u00fcr Standorte und Immobilien","description":"Halter AG a lanc\u00e9 la construction de Waldstadt dans la clairi\u00e8re Im Pantli \u00e0 Schaffhouse. En collaboration avec la soci\u00e9t\u00e9 schaffhousoise DOST Architektur GmbH, 214 appartements en copropri\u00e9t\u00e9 y seront construits.","canonical_url":"https:\/\/www.immo-invest.ch\/fr\/start-des-baues-der-waldstadt-im-pantli\/","robots":"max-image-preview:large","keywords":"","webmasterTools":{"google-site-verification":"fHJKvgWpZCR2zVBHWfkQeFXC11qieUSff0HGNYfuyLA","miscellaneous":""},"schema":{"@context":"https:\/\/schema.org","@graph":[{"@type":"BlogPosting","@id":"https:\/\/www.immo-invest.ch\/fr\/start-des-baues-der-waldstadt-im-pantli\/#blogposting","name":"D\u00e9but de la construction de la ville foresti\u00e8re Im Pantli - immo!nvest - Die Plattform f\u00fcr Standorte und Immobilien","headline":"D\u00e9but de la construction de la ville foresti\u00e8re Im Pantli","author":{"@id":"https:\/\/www.immo-invest.ch\/fr\/author\/immovestuser\/#author"},"publisher":{"@id":"https:\/\/www.immo-invest.ch\/fr\/#organization"},"image":{"@type":"ImageObject","url":"https:\/\/www.immo-invest.ch\/wp-content\/uploads\/2025\/01\/113244_VP01_V03-scaled-1.jpg","width":2560,"height":1700,"caption":"https:\/\/waldstadt.ch\/"},"datePublished":"2025-01-22T12:41:00+01:00","dateModified":"2025-01-17T12:26:53+01:00","inLanguage":"fr-FR","mainEntityOfPage":{"@id":"https:\/\/www.immo-invest.ch\/fr\/start-des-baues-der-waldstadt-im-pantli\/#webpage"},"isPartOf":{"@id":"https:\/\/www.immo-invest.ch\/fr\/start-des-baues-der-waldstadt-im-pantli\/#webpage"},"articleSection":"immoNews, Industrie du b\u00e2timent, Nouvelle construction, Schaffhouse, Immoinvest, immoNews, nachhaltiges Bauen, Quartierplanung, schaffhausen, Stadtentwicklung, Wohnprojekt, Facultatif"},{"@type":"BreadcrumbList","@id":"https:\/\/www.immo-invest.ch\/fr\/start-des-baues-der-waldstadt-im-pantli\/#breadcrumblist","itemListElement":[{"@type":"ListItem","@id":"https:\/\/www.immo-invest.ch\/fr\/#listItem","position":1,"name":"Home","item":"https:\/\/www.immo-invest.ch\/fr\/","nextItem":{"@type":"ListItem","@id":"https:\/\/www.immo-invest.ch\/fr\/categories\/regions\/#listItem","name":"R\u00e9gions"}},{"@type":"ListItem","@id":"https:\/\/www.immo-invest.ch\/fr\/categories\/regions\/#listItem","position":2,"name":"R\u00e9gions","item":"https:\/\/www.immo-invest.ch\/fr\/categories\/regions\/","nextItem":{"@type":"ListItem","@id":"https:\/\/www.immo-invest.ch\/fr\/categories\/regions\/suisse\/#listItem","name":"Suisse"},"previousItem":{"@type":"ListItem","@id":"https:\/\/www.immo-invest.ch\/fr\/#listItem","name":"Home"}},{"@type":"ListItem","@id":"https:\/\/www.immo-invest.ch\/fr\/categories\/regions\/suisse\/#listItem","position":3,"name":"Suisse","item":"https:\/\/www.immo-invest.ch\/fr\/categories\/regions\/suisse\/","nextItem":{"@type":"ListItem","@id":"https:\/\/www.immo-invest.ch\/fr\/categories\/regions\/suisse\/suisse-orientale\/#listItem","name":"Suisse orientale"},"previousItem":{"@type":"ListItem","@id":"https:\/\/www.immo-invest.ch\/fr\/categories\/regions\/#listItem","name":"R\u00e9gions"}},{"@type":"ListItem","@id":"https:\/\/www.immo-invest.ch\/fr\/categories\/regions\/suisse\/suisse-orientale\/#listItem","position":4,"name":"Suisse orientale","item":"https:\/\/www.immo-invest.ch\/fr\/categories\/regions\/suisse\/suisse-orientale\/","nextItem":{"@type":"ListItem","@id":"https:\/\/www.immo-invest.ch\/fr\/categories\/regions\/suisse\/suisse-orientale\/schaffhouse\/#listItem","name":"Schaffhouse"},"previousItem":{"@type":"ListItem","@id":"https:\/\/www.immo-invest.ch\/fr\/categories\/regions\/suisse\/#listItem","name":"Suisse"}},{"@type":"ListItem","@id":"https:\/\/www.immo-invest.ch\/fr\/categories\/regions\/suisse\/suisse-orientale\/schaffhouse\/#listItem","position":5,"name":"Schaffhouse","item":"https:\/\/www.immo-invest.ch\/fr\/categories\/regions\/suisse\/suisse-orientale\/schaffhouse\/","nextItem":{"@type":"ListItem","@id":"https:\/\/www.immo-invest.ch\/fr\/start-des-baues-der-waldstadt-im-pantli\/#listItem","name":"D\u00e9but de la construction de la ville foresti\u00e8re Im Pantli"},"previousItem":{"@type":"ListItem","@id":"https:\/\/www.immo-invest.ch\/fr\/categories\/regions\/suisse\/suisse-orientale\/#listItem","name":"Suisse orientale"}},{"@type":"ListItem","@id":"https:\/\/www.immo-invest.ch\/fr\/start-des-baues-der-waldstadt-im-pantli\/#listItem","position":6,"name":"D\u00e9but de la construction de la ville foresti\u00e8re Im Pantli","previousItem":{"@type":"ListItem","@id":"https:\/\/www.immo-invest.ch\/fr\/categories\/regions\/suisse\/suisse-orientale\/schaffhouse\/#listItem","name":"Schaffhouse"}}]},{"@type":"Organization","@id":"https:\/\/www.immo-invest.ch\/fr\/#organization","name":"immo!nvest - Die Plattform f\u00fcr Standorte und Immobilien","description":"Die\u00a0Plattform f\u00fcr Standorte und Immobilien","url":"https:\/\/www.immo-invest.ch\/fr\/","email":"admin@immomedia.ag","telephone":"+41444420002","logo":{"@type":"ImageObject","url":"https:\/\/www.immo-invest.ch\/wp-content\/uploads\/2024\/09\/immoinvest_sm-scaled.jpg","@id":"https:\/\/www.immo-invest.ch\/fr\/start-des-baues-der-waldstadt-im-pantli\/#organizationLogo","width":2560,"height":1340},"image":{"@id":"https:\/\/www.immo-invest.ch\/fr\/start-des-baues-der-waldstadt-im-pantli\/#organizationLogo"},"sameAs":["https:\/\/www.facebook.com\/people\/Immoinvest\/100077962920504\/","https:\/\/x.com\/i\/flow\/login?redirect_after_login=immoinvest_ch","https:\/\/www.instagram.com\/immoinvest_ch\/","https:\/\/www.linkedin.com\/company\/immoinvest-swiss"]},{"@type":"Person","@id":"https:\/\/www.immo-invest.ch\/fr\/author\/immovestuser\/#author","url":"https:\/\/www.immo-invest.ch\/fr\/author\/immovestuser\/","name":"immovestuser","image":{"@type":"ImageObject","@id":"https:\/\/www.immo-invest.ch\/fr\/start-des-baues-der-waldstadt-im-pantli\/#authorImage","url":"https:\/\/secure.gravatar.com\/avatar\/8e01f4d99f2eeea7a362ebb93305e1172a70e9293ba250f897a65c39f54cdd1e?s=96&d=mm&r=g","width":96,"height":96,"caption":"immovestuser"}},{"@type":"WebPage","@id":"https:\/\/www.immo-invest.ch\/fr\/start-des-baues-der-waldstadt-im-pantli\/#webpage","url":"https:\/\/www.immo-invest.ch\/fr\/start-des-baues-der-waldstadt-im-pantli\/","name":"D\u00e9but de la construction de la ville foresti\u00e8re Im Pantli - immo!nvest - Die Plattform f\u00fcr Standorte und Immobilien","description":"Halter AG a lanc\u00e9 la construction de Waldstadt dans la clairi\u00e8re Im Pantli \u00e0 Schaffhouse. En collaboration avec la soci\u00e9t\u00e9 schaffhousoise DOST Architektur GmbH, 214 appartements en copropri\u00e9t\u00e9 y seront construits.","inLanguage":"fr-FR","isPartOf":{"@id":"https:\/\/www.immo-invest.ch\/fr\/#website"},"breadcrumb":{"@id":"https:\/\/www.immo-invest.ch\/fr\/start-des-baues-der-waldstadt-im-pantli\/#breadcrumblist"},"author":{"@id":"https:\/\/www.immo-invest.ch\/fr\/author\/immovestuser\/#author"},"creator":{"@id":"https:\/\/www.immo-invest.ch\/fr\/author\/immovestuser\/#author"},"image":{"@type":"ImageObject","url":"https:\/\/www.immo-invest.ch\/wp-content\/uploads\/2025\/01\/113244_VP01_V03-scaled-1.jpg","@id":"https:\/\/www.immo-invest.ch\/fr\/start-des-baues-der-waldstadt-im-pantli\/#mainImage","width":2560,"height":1700,"caption":"https:\/\/waldstadt.ch\/"},"primaryImageOfPage":{"@id":"https:\/\/www.immo-invest.ch\/fr\/start-des-baues-der-waldstadt-im-pantli\/#mainImage"},"datePublished":"2025-01-22T12:41:00+01:00","dateModified":"2025-01-17T12:26:53+01:00"},{"@type":"WebSite","@id":"https:\/\/www.immo-invest.ch\/fr\/#website","url":"https:\/\/www.immo-invest.ch\/fr\/","name":"immo!nvest - Die Plattform f\u00fcr Standorte und Immobilien","description":"Die\u00a0Plattform f\u00fcr Standorte und Immobilien","inLanguage":"fr-FR","publisher":{"@id":"https:\/\/www.immo-invest.ch\/fr\/#organization"}}]},"og:locale":"fr_FR","og:site_name":"immo!nvest - Die Plattform f\u00fcr Standorte und Immobilien - Die\u00a0Plattform f\u00fcr Standorte und Immobilien","og:type":"article","og:title":"D\u00e9but de la construction de la ville foresti\u00e8re Im Pantli - immo!nvest - Die Plattform f\u00fcr Standorte und Immobilien","og:description":"Halter AG a lanc\u00e9 la construction de Waldstadt dans la clairi\u00e8re Im Pantli \u00e0 Schaffhouse. En collaboration avec la soci\u00e9t\u00e9 schaffhousoise DOST Architektur GmbH, 214 appartements en copropri\u00e9t\u00e9 y seront construits.","og:url":"https:\/\/www.immo-invest.ch\/fr\/start-des-baues-der-waldstadt-im-pantli\/","og:image":"https:\/\/www.immo-invest.ch\/wp-content\/uploads\/2025\/01\/113244_VP01_V03-scaled-1.jpg","og:image:secure_url":"https:\/\/www.immo-invest.ch\/wp-content\/uploads\/2025\/01\/113244_VP01_V03-scaled-1.jpg","og:image:width":2560,"og:image:height":1700,"article:published_time":"2025-01-22T11:41:00+00:00","article:modified_time":"2025-01-17T11:26:53+00:00","article:publisher":"https:\/\/www.facebook.com\/people\/Immoinvest\/100077962920504\/","twitter:card":"summary_large_image","twitter:site":"@i","twitter:title":"D\u00e9but de la construction de la ville foresti\u00e8re Im Pantli - immo!nvest - Die Plattform f\u00fcr Standorte und Immobilien","twitter:description":"Halter AG a lanc\u00e9 la construction de Waldstadt dans la clairi\u00e8re Im Pantli \u00e0 Schaffhouse. En collaboration avec la soci\u00e9t\u00e9 schaffhousoise DOST Architektur GmbH, 214 appartements en copropri\u00e9t\u00e9 y seront construits.","twitter:creator":"@i","twitter:image":"https:\/\/www.immo-invest.ch\/wp-content\/uploads\/2025\/01\/113244_VP01_V03-scaled-1.jpg"},"aioseo_meta_data":{"post_id":"123902","title":null,"description":null,"keywords":null,"keyphrases":{"focus":{"keyphrase":"","score":0,"analysis":{"keyphraseInTitle":{"score":0,"maxScore":9,"error":1}}},"additional":[]},"primary_term":null,"canonical_url":null,"og_title":null,"og_description":null,"og_object_type":"default","og_image_type":"default","og_image_url":null,"og_image_width":null,"og_image_height":null,"og_image_custom_url":null,"og_image_custom_fields":null,"og_video":"","og_custom_url":null,"og_article_section":null,"og_article_tags":null,"twitter_use_og":false,"twitter_card":"default","twitter_image_type":"default","twitter_image_url":null,"twitter_image_custom_url":null,"twitter_image_custom_fields":null,"twitter_title":null,"twitter_description":null,"schema":{"blockGraphs":[],"customGraphs":[],"default":{"data":{"Article":[],"Course":[],"Dataset":[],"FAQPage":[],"Movie":[],"Person":[],"Product":[],"ProductReview":[],"Car":[],"Recipe":[],"Service":[],"SoftwareApplication":[],"WebPage":[]},"graphName":"BlogPosting","isEnabled":true},"graphs":[]},"schema_type":"default","schema_type_options":null,"pillar_content":false,"robots_default":true,"robots_noindex":false,"robots_noarchive":false,"robots_nosnippet":false,"robots_nofollow":false,"robots_noimageindex":false,"robots_noodp":false,"robots_notranslate":false,"robots_max_snippet":"-1","robots_max_videopreview":"-1","robots_max_imagepreview":"large","priority":null,"frequency":"default","local_seo":null,"breadcrumb_settings":null,"limit_modified_date":false,"ai":null,"created":"2025-01-17 11:26:54","updated":"2025-10-24 15:52:13","seo_analyzer_scan_date":null,"focus_keyword":null,"additional_keywords":null,"truseo_locale":null},"aioseo_breadcrumb":"<div class=\"aioseo-breadcrumbs\"><span class=\"aioseo-breadcrumb\">\n\t\t\t<a href=\"https:\/\/www.immo-invest.ch\/fr\/\" title=\"Home\">Home<\/a>\n\t\t<\/span><span class=\"aioseo-breadcrumb-separator\">&raquo;<\/span><span class=\"aioseo-breadcrumb\">\n\t\t\t<a href=\"https:\/\/www.immo-invest.ch\/fr\/categories\/regions\/\" title=\"R\u00e9gions\">R\u00e9gions<\/a>\n\t\t<\/span><span class=\"aioseo-breadcrumb-separator\">&raquo;<\/span><span class=\"aioseo-breadcrumb\">\n\t\t\t<a href=\"https:\/\/www.immo-invest.ch\/fr\/categories\/regions\/suisse\/\" title=\"Suisse\">Suisse<\/a>\n\t\t<\/span><span class=\"aioseo-breadcrumb-separator\">&raquo;<\/span><span class=\"aioseo-breadcrumb\">\n\t\t\t<a href=\"https:\/\/www.immo-invest.ch\/fr\/categories\/regions\/suisse\/suisse-orientale\/\" title=\"Suisse orientale\">Suisse orientale<\/a>\n\t\t<\/span><span class=\"aioseo-breadcrumb-separator\">&raquo;<\/span><span class=\"aioseo-breadcrumb\">\n\t\t\t<a href=\"https:\/\/www.immo-invest.ch\/fr\/categories\/regions\/suisse\/suisse-orientale\/schaffhouse\/\" title=\"Schaffhouse\">Schaffhouse<\/a>\n\t\t<\/span><span class=\"aioseo-breadcrumb-separator\">&raquo;<\/span><span class=\"aioseo-breadcrumb\">\n\t\t\tD\u00e9but de la construction de la ville foresti\u00e8re Im Pantli\n\t\t<\/span><\/div>","aioseo_breadcrumb_json":[{"label":"Home","link":"https:\/\/www.immo-invest.ch\/fr\/"},{"label":"R\u00e9gions","link":"https:\/\/www.immo-invest.ch\/fr\/categories\/regions\/"},{"label":"Suisse","link":"https:\/\/www.immo-invest.ch\/fr\/categories\/regions\/suisse\/"},{"label":"Suisse orientale","link":"https:\/\/www.immo-invest.ch\/fr\/categories\/regions\/suisse\/suisse-orientale\/"},{"label":"Schaffhouse","link":"https:\/\/www.immo-invest.ch\/fr\/categories\/regions\/suisse\/suisse-orientale\/schaffhouse\/"},{"label":"D\u00e9but de la construction de la ville foresti\u00e8re Im Pantli","link":"https:\/\/www.immo-invest.ch\/fr\/start-des-baues-der-waldstadt-im-pantli\/"}],"featured_image_src":"https:\/\/www.immo-invest.ch\/wp-content\/uploads\/2025\/01\/113244_VP01_V03-scaled-1-336x168.jpg","_links":{"self":[{"href":"https:\/\/www.immo-invest.ch\/fr\/wp-json\/wp\/v2\/posts\/123902","targetHints":{"allow":["GET"]}}],"collection":[{"href":"https:\/\/www.immo-invest.ch\/fr\/wp-json\/wp\/v2\/posts"}],"about":[{"href":"https:\/\/www.immo-invest.ch\/fr\/wp-json\/wp\/v2\/types\/post"}],"author":[{"embeddable":true,"href":"https:\/\/www.immo-invest.ch\/fr\/wp-json\/wp\/v2\/users\/2"}],"replies":[{"embeddable":true,"href":"https:\/\/www.immo-invest.ch\/fr\/wp-json\/wp\/v2\/comments?post=123902"}],"version-history":[{"count":0,"href":"https:\/\/www.immo-invest.ch\/fr\/wp-json\/wp\/v2\/posts\/123902\/revisions"}],"wp:featuredmedia":[{"embeddable":true,"href":"https:\/\/www.immo-invest.ch\/fr\/wp-json\/wp\/v2\/media\/123875"}],"wp:attachment":[{"href":"https:\/\/www.immo-invest.ch\/fr\/wp-json\/wp\/v2\/media?parent=123902"}],"wp:term":[{"taxonomy":"category","embeddable":true,"href":"https:\/\/www.immo-invest.ch\/fr\/wp-json\/wp\/v2\/categories?post=123902"},{"taxonomy":"post_tag","embeddable":true,"href":"https:\/\/www.immo-invest.ch\/fr\/wp-json\/wp\/v2\/tags?post=123902"}],"curies":[{"name":"wp","href":"https:\/\/api.w.org\/{rel}","templated":true}]}}