{"id":123771,"date":"2025-01-14T11:28:18","date_gmt":"2025-01-14T10:28:18","guid":{"rendered":"https:\/\/www.immo-invest.ch\/eine-erfolgsgeschichte-der-balkonkraftwerke-in-deutschland\/"},"modified":"2025-01-14T16:06:49","modified_gmt":"2025-01-14T15:06:49","slug":"eine-erfolgsgeschichte-der-balkonkraftwerke-in-deutschland","status":"publish","type":"post","link":"https:\/\/www.immo-invest.ch\/fr\/eine-erfolgsgeschichte-der-balkonkraftwerke-in-deutschland\/","title":{"rendered":"Une histoire \u00e0 succ\u00e8s de centrales \u00e9lectriques sur balcon en Allemagne"},"content":{"rendered":"<p class=\"wp-block-paragraph\">En 2024, l&rsquo;Allemagne a connu un doublement impressionnant des centrales &eacute;lectriques de balcon. Selon l&rsquo;Agence f&eacute;d&eacute;rale des r&eacute;seaux, plus de 780&rsquo;000 installations sont d&eacute;sormais enregistr&eacute;es, avec une puissance combin&eacute;e de pr&egrave;s de 0,7 gigawatt. Le chiffre record de l&rsquo;ann&eacute;e pr&eacute;c&eacute;dente de plus de 430&rsquo;000 nouveaux appareils, pourrait encore augmenter en raison d&rsquo;inscriptions tardives. Selon les pr&eacute;visions, la millioni&egrave;me centrale sur balcon pourrait &ecirc;tre install&eacute;e d&egrave;s le premier semestre 2025.<\/p>\n\n\n\n\n\n<p class=\"wp-block-paragraph\"><strong>La l&eacute;gislation et la technique encouragent le d&eacute;veloppement<br><\/strong>Le boom est largement soutenu par une am&eacute;lioration de la l&eacute;gislation. Depuis l&rsquo;automne 2023, les bailleurs et les propri&eacute;taires d&rsquo;appartements sont tenus d&rsquo;approuver syst&eacute;matiquement l&rsquo;installation de centrales &eacute;lectriques sur balcon. Parall&egrave;lement, la baisse des prix et l&rsquo;&eacute;largissement du choix de mod&egrave;les performants ont consid&eacute;rablement facilit&eacute; l&rsquo;acc&egrave;s &agrave; sa propre &eacute;nergie solaire. Il devient ainsi int&eacute;ressant pour un nombre croissant de personnes d&rsquo;apporter leur propre contribution &agrave; la transition &eacute;nerg&eacute;tique.<\/p>\n\n\n\n\n\n<p class=\"wp-block-paragraph\"><strong>Stabilit&eacute; malgr&eacute; les incertitudes politiques<br><\/strong>M&ecirc;me un &eacute;ventuel changement de gouvernement apr&egrave;s les &eacute;lections f&eacute;d&eacute;rales ne devrait pas stopper la tendance. Selon Carsten K&ouml;rnig, directeur g&eacute;n&eacute;ral de l&rsquo;association allemande de l&rsquo;industrie solaire, il existe un consensus entre tous les partis pour continuer &agrave; am&eacute;liorer les conditions g&eacute;n&eacute;rales des centrales &eacute;lectriques sur balcon. La d&eacute;bureaucratisation et la r&eacute;duction des co&ucirc;ts restent des objectifs essentiels pour permettre aux locataires et aux propri&eacute;taires d&rsquo;appartements de jouer un r&ocirc;le actif dans la transition &eacute;nerg&eacute;tique.<\/p>\n\n\n\n\n\n<p class=\"wp-block-paragraph\"><strong>L&rsquo;Allemagne, un mod&egrave;le international<br><\/strong>Avec plus de 780 000 installations, l&rsquo;Allemagne est le march&eacute; phare des centrales &eacute;lectriques sur balcon. Le mod&egrave;le allemand attire l&rsquo;attention internationale, car les normes r&eacute;glementaires et techniques y favorisent une utilisation s&ucirc;re. Cette r&eacute;ussite pourrait inspirer d&rsquo;autres pays pour cr&eacute;er leur propre cadre de transition &eacute;nerg&eacute;tique.<\/p>\n\n\n\n\n\n<p class=\"wp-block-paragraph\"><strong>Diff&eacute;rences r&eacute;gionales dans le d&eacute;veloppement<br><\/strong>Un coup d&rsquo;&oelig;il sur les L&auml;nder montre de grandes diff&eacute;rences dans la r&eacute;partition. La Rh&eacute;nanie-du-Nord-Westphalie est en t&ecirc;te avec 157 000 installations, suivie de la Bavi&egrave;re avec 119 000. La Basse-Saxe et le Bade-Wurtemberg enregistrent chacun environ 103 000 centrales au balcon. En bas de l&rsquo;&eacute;chelle, on trouve les villes-&Eacute;tats de Br&ecirc;me et de Hambourg, ainsi que la Sarre, avec moins de 10&rsquo;000 installations chacune.<\/p>\n\n","protected":false},"excerpt":{"rendered":"<p>Les centrales \u00e9lectriques sur balcon connaissent un boom sans pr\u00e9c\u00e9dent en Allemagne. en 2024, le nombre d&rsquo;installations a doubl\u00e9 pour atteindre plus de 780 000. De nouvelles lois, des prix en baisse et une forte demande continuent de faire progresser cette tendance durable. L&rsquo;Allemagne devient ainsi le pionnier de l&rsquo;utilisation des appareils solaires \u00e0 brancher.<\/p>\n","protected":false},"author":2,"featured_media":123701,"comment_status":"open","ping_status":"open","sticky":false,"template":"","format":"standard","meta":{"pmpro_default_level":"","inline_featured_image":false,"_monsterinsights_skip_tracking":false,"footnotes":""},"categories":[22699,8747,743,22438],"tags":[1846,51567],"class_list":["post-123771","post","type-post","status-publish","format-standard","has-post-thumbnail","hentry","category-durabilite","category-energie","category-immonews-fr","category-trends-fr","tag-mieter-fr","tag-wohnungseigentuemer-fr","pmpro-has-access"],"acf":{"bild_mit_ki_erstellt_worden":[],"lead":"Balkonkraftwerke boomen in Deutschland wie nie zuvor. 2024 hat sich die Zahl der Anlagen auf \u00fcber 780\u2019000 verdoppelt. Neue Gesetze, sinkende Preise und eine starke Nachfrage treiben diesen nachhaltigen Trend weiter voran. Deutschland wird damit zum Vorreiter in der Nutzung von Steckersolarger\u00e4ten.","autor":"Quelle: Ingenieur, Bild: Meyer Burger","ort":"","bildunterschrift":"","bild_im_grid":false,"gallerie":"","newsim":""},"aioseo_notices":[],"aioseo_head":"\n\t\t<!-- All in One SEO 5.0.1.1 - aioseo.com -->\n\t<meta name=\"description\" content=\"Les centrales \u00e9lectriques sur balcon connaissent un boom sans pr\u00e9c\u00e9dent en Allemagne. en 2024, le nombre d&#039;installations a doubl\u00e9 pour atteindre plus de 780 000. De nouvelles lois, des prix en baisse et une forte demande continuent de faire progresser cette tendance durable. L&#039;Allemagne devient ainsi le pionnier de l&#039;utilisation des appareils solaires \u00e0 brancher.\" \/>\n\t<meta name=\"robots\" content=\"max-image-preview:large\" \/>\n\t<meta name=\"author\" content=\"immovestuser\"\/>\n\t<meta name=\"google-site-verification\" content=\"fHJKvgWpZCR2zVBHWfkQeFXC11qieUSff0HGNYfuyLA\" \/>\n\t<link rel=\"canonical\" href=\"https:\/\/www.immo-invest.ch\/fr\/eine-erfolgsgeschichte-der-balkonkraftwerke-in-deutschland\/\" \/>\n\t<meta name=\"generator\" content=\"All in One SEO (AIOSEO) 5.0.1.1\" \/>\n\t\t<meta property=\"og:locale\" content=\"fr_FR\" \/>\n\t\t<meta property=\"og:site_name\" content=\"immo!nvest - Die Plattform f\u00fcr Standorte und Immobilien - Die\u00a0Plattform f\u00fcr Standorte und Immobilien\" \/>\n\t\t<meta property=\"og:type\" content=\"article\" \/>\n\t\t<meta property=\"og:title\" content=\"Une histoire \u00e0 succ\u00e8s de centrales \u00e9lectriques sur balcon en Allemagne - immo!nvest - Die Plattform f\u00fcr Standorte und Immobilien\" \/>\n\t\t<meta property=\"og:description\" content=\"Les centrales \u00e9lectriques sur balcon connaissent un boom sans pr\u00e9c\u00e9dent en Allemagne. en 2024, le nombre d&#039;installations a doubl\u00e9 pour atteindre plus de 780 000. De nouvelles lois, des prix en baisse et une forte demande continuent de faire progresser cette tendance durable. L&#039;Allemagne devient ainsi le pionnier de l&#039;utilisation des appareils solaires \u00e0 brancher.\" \/>\n\t\t<meta property=\"og:url\" content=\"https:\/\/www.immo-invest.ch\/fr\/eine-erfolgsgeschichte-der-balkonkraftwerke-in-deutschland\/\" \/>\n\t\t<meta property=\"og:image\" content=\"https:\/\/www.immo-invest.ch\/wp-content\/uploads\/2025\/01\/csm_Meyer-Burger-Solar-Balkonkraftwerk-user_3664a4252d.webp\" \/>\n\t\t<meta property=\"og:image:secure_url\" content=\"https:\/\/www.immo-invest.ch\/wp-content\/uploads\/2025\/01\/csm_Meyer-Burger-Solar-Balkonkraftwerk-user_3664a4252d.webp\" \/>\n\t\t<meta property=\"og:image:width\" content=\"2000\" \/>\n\t\t<meta property=\"og:image:height\" content=\"1125\" \/>\n\t\t<meta property=\"article:published_time\" content=\"2025-01-14T10:28:18+00:00\" \/>\n\t\t<meta property=\"article:modified_time\" content=\"2025-01-14T15:06:49+00:00\" \/>\n\t\t<meta property=\"article:publisher\" content=\"https:\/\/www.facebook.com\/people\/Immoinvest\/100077962920504\/\" \/>\n\t\t<meta name=\"twitter:card\" content=\"summary_large_image\" \/>\n\t\t<meta name=\"twitter:site\" content=\"@i\" \/>\n\t\t<meta name=\"twitter:title\" content=\"Une histoire \u00e0 succ\u00e8s de centrales \u00e9lectriques sur balcon en Allemagne - immo!nvest - Die Plattform f\u00fcr Standorte und Immobilien\" \/>\n\t\t<meta name=\"twitter:description\" content=\"Les centrales \u00e9lectriques sur balcon connaissent un boom sans pr\u00e9c\u00e9dent en Allemagne. en 2024, le nombre d&#039;installations a doubl\u00e9 pour atteindre plus de 780 000. De nouvelles lois, des prix en baisse et une forte demande continuent de faire progresser cette tendance durable. L&#039;Allemagne devient ainsi le pionnier de l&#039;utilisation des appareils solaires \u00e0 brancher.\" \/>\n\t\t<meta name=\"twitter:creator\" content=\"@i\" \/>\n\t\t<meta name=\"twitter:image\" content=\"https:\/\/www.immo-invest.ch\/wp-content\/uploads\/2025\/01\/csm_Meyer-Burger-Solar-Balkonkraftwerk-user_3664a4252d.webp\" \/>\n\t\t<script type=\"application\/ld+json\" class=\"aioseo-schema\">\n\t\t\t{\"@context\":\"https:\\\/\\\/schema.org\",\"@graph\":[{\"@type\":\"BlogPosting\",\"@id\":\"https:\\\/\\\/www.immo-invest.ch\\\/fr\\\/eine-erfolgsgeschichte-der-balkonkraftwerke-in-deutschland\\\/#blogposting\",\"name\":\"Une histoire \\u00e0 succ\\u00e8s de centrales \\u00e9lectriques sur balcon en Allemagne - immo!nvest - Die Plattform f\\u00fcr Standorte und Immobilien\",\"headline\":\"Une histoire \\u00e0 succ\\u00e8s de centrales \\u00e9lectriques sur balcon en Allemagne\",\"author\":{\"@id\":\"https:\\\/\\\/www.immo-invest.ch\\\/fr\\\/author\\\/immovestuser\\\/#author\"},\"publisher\":{\"@id\":\"https:\\\/\\\/www.immo-invest.ch\\\/fr\\\/#organization\"},\"image\":{\"@type\":\"ImageObject\",\"url\":\"https:\\\/\\\/www.immo-invest.ch\\\/wp-content\\\/uploads\\\/2025\\\/01\\\/csm_Meyer-Burger-Solar-Balkonkraftwerk-user_3664a4252d.webp\",\"width\":2000,\"height\":1125,\"caption\":\"https:\\\/\\\/www.meyerburger.com\\\/de\\\/solarprodukte-fuer-privat\\\/balkonkraftwerke\"},\"datePublished\":\"2025-01-14T11:28:18+01:00\",\"dateModified\":\"2025-01-14T16:06:49+01:00\",\"inLanguage\":\"fr-FR\",\"mainEntityOfPage\":{\"@id\":\"https:\\\/\\\/www.immo-invest.ch\\\/fr\\\/eine-erfolgsgeschichte-der-balkonkraftwerke-in-deutschland\\\/#webpage\"},\"isPartOf\":{\"@id\":\"https:\\\/\\\/www.immo-invest.ch\\\/fr\\\/eine-erfolgsgeschichte-der-balkonkraftwerke-in-deutschland\\\/#webpage\"},\"articleSection\":\"Durabilit\\u00e9, \\u00c9nergie, immoNews, Trends, Mieter, Wohnungseigent\\u00fcmer, Facultatif\"},{\"@type\":\"BreadcrumbList\",\"@id\":\"https:\\\/\\\/www.immo-invest.ch\\\/fr\\\/eine-erfolgsgeschichte-der-balkonkraftwerke-in-deutschland\\\/#breadcrumblist\",\"itemListElement\":[{\"@type\":\"ListItem\",\"@id\":\"https:\\\/\\\/www.immo-invest.ch\\\/fr\\\/#listItem\",\"position\":1,\"name\":\"Home\",\"item\":\"https:\\\/\\\/www.immo-invest.ch\\\/fr\\\/\",\"nextItem\":{\"@type\":\"ListItem\",\"@id\":\"https:\\\/\\\/www.immo-invest.ch\\\/fr\\\/categories\\\/trends-fr\\\/#listItem\",\"name\":\"Trends\"}},{\"@type\":\"ListItem\",\"@id\":\"https:\\\/\\\/www.immo-invest.ch\\\/fr\\\/categories\\\/trends-fr\\\/#listItem\",\"position\":2,\"name\":\"Trends\",\"item\":\"https:\\\/\\\/www.immo-invest.ch\\\/fr\\\/categories\\\/trends-fr\\\/\",\"nextItem\":{\"@type\":\"ListItem\",\"@id\":\"https:\\\/\\\/www.immo-invest.ch\\\/fr\\\/categories\\\/trends-fr\\\/durabilite\\\/#listItem\",\"name\":\"Durabilit\\u00e9\"},\"previousItem\":{\"@type\":\"ListItem\",\"@id\":\"https:\\\/\\\/www.immo-invest.ch\\\/fr\\\/#listItem\",\"name\":\"Home\"}},{\"@type\":\"ListItem\",\"@id\":\"https:\\\/\\\/www.immo-invest.ch\\\/fr\\\/categories\\\/trends-fr\\\/durabilite\\\/#listItem\",\"position\":3,\"name\":\"Durabilit\\u00e9\",\"item\":\"https:\\\/\\\/www.immo-invest.ch\\\/fr\\\/categories\\\/trends-fr\\\/durabilite\\\/\",\"nextItem\":{\"@type\":\"ListItem\",\"@id\":\"https:\\\/\\\/www.immo-invest.ch\\\/fr\\\/eine-erfolgsgeschichte-der-balkonkraftwerke-in-deutschland\\\/#listItem\",\"name\":\"Une histoire \\u00e0 succ\\u00e8s de centrales \\u00e9lectriques sur balcon en Allemagne\"},\"previousItem\":{\"@type\":\"ListItem\",\"@id\":\"https:\\\/\\\/www.immo-invest.ch\\\/fr\\\/categories\\\/trends-fr\\\/#listItem\",\"name\":\"Trends\"}},{\"@type\":\"ListItem\",\"@id\":\"https:\\\/\\\/www.immo-invest.ch\\\/fr\\\/eine-erfolgsgeschichte-der-balkonkraftwerke-in-deutschland\\\/#listItem\",\"position\":4,\"name\":\"Une histoire \\u00e0 succ\\u00e8s de centrales \\u00e9lectriques sur balcon en Allemagne\",\"previousItem\":{\"@type\":\"ListItem\",\"@id\":\"https:\\\/\\\/www.immo-invest.ch\\\/fr\\\/categories\\\/trends-fr\\\/durabilite\\\/#listItem\",\"name\":\"Durabilit\\u00e9\"}}]},{\"@type\":\"Organization\",\"@id\":\"https:\\\/\\\/www.immo-invest.ch\\\/fr\\\/#organization\",\"name\":\"immo!nvest - Die Plattform f\\u00fcr Standorte und Immobilien\",\"description\":\"Die\\u00a0Plattform f\\u00fcr Standorte und Immobilien\",\"url\":\"https:\\\/\\\/www.immo-invest.ch\\\/fr\\\/\",\"email\":\"admin@immomedia.ag\",\"telephone\":\"+41444420002\",\"logo\":{\"@type\":\"ImageObject\",\"url\":\"https:\\\/\\\/www.immo-invest.ch\\\/wp-content\\\/uploads\\\/2024\\\/09\\\/immoinvest_sm-scaled.jpg\",\"@id\":\"https:\\\/\\\/www.immo-invest.ch\\\/fr\\\/eine-erfolgsgeschichte-der-balkonkraftwerke-in-deutschland\\\/#organizationLogo\",\"width\":2560,\"height\":1340},\"image\":{\"@id\":\"https:\\\/\\\/www.immo-invest.ch\\\/fr\\\/eine-erfolgsgeschichte-der-balkonkraftwerke-in-deutschland\\\/#organizationLogo\"},\"sameAs\":[\"https:\\\/\\\/www.facebook.com\\\/people\\\/Immoinvest\\\/100077962920504\\\/\",\"https:\\\/\\\/x.com\\\/i\\\/flow\\\/login?redirect_after_login=immoinvest_ch\",\"https:\\\/\\\/www.instagram.com\\\/immoinvest_ch\\\/\",\"https:\\\/\\\/www.linkedin.com\\\/company\\\/immoinvest-swiss\"]},{\"@type\":\"Person\",\"@id\":\"https:\\\/\\\/www.immo-invest.ch\\\/fr\\\/author\\\/immovestuser\\\/#author\",\"url\":\"https:\\\/\\\/www.immo-invest.ch\\\/fr\\\/author\\\/immovestuser\\\/\",\"name\":\"immovestuser\",\"image\":{\"@type\":\"ImageObject\",\"@id\":\"https:\\\/\\\/www.immo-invest.ch\\\/fr\\\/eine-erfolgsgeschichte-der-balkonkraftwerke-in-deutschland\\\/#authorImage\",\"url\":\"https:\\\/\\\/secure.gravatar.com\\\/avatar\\\/8e01f4d99f2eeea7a362ebb93305e1172a70e9293ba250f897a65c39f54cdd1e?s=96&d=mm&r=g\",\"width\":96,\"height\":96,\"caption\":\"immovestuser\"}},{\"@type\":\"WebPage\",\"@id\":\"https:\\\/\\\/www.immo-invest.ch\\\/fr\\\/eine-erfolgsgeschichte-der-balkonkraftwerke-in-deutschland\\\/#webpage\",\"url\":\"https:\\\/\\\/www.immo-invest.ch\\\/fr\\\/eine-erfolgsgeschichte-der-balkonkraftwerke-in-deutschland\\\/\",\"name\":\"Une histoire \\u00e0 succ\\u00e8s de centrales \\u00e9lectriques sur balcon en Allemagne - immo!nvest - Die Plattform f\\u00fcr Standorte und Immobilien\",\"description\":\"Les centrales \\u00e9lectriques sur balcon connaissent un boom sans pr\\u00e9c\\u00e9dent en Allemagne. en 2024, le nombre d'installations a doubl\\u00e9 pour atteindre plus de 780 000. De nouvelles lois, des prix en baisse et une forte demande continuent de faire progresser cette tendance durable. L'Allemagne devient ainsi le pionnier de l'utilisation des appareils solaires \\u00e0 brancher.\",\"inLanguage\":\"fr-FR\",\"isPartOf\":{\"@id\":\"https:\\\/\\\/www.immo-invest.ch\\\/fr\\\/#website\"},\"breadcrumb\":{\"@id\":\"https:\\\/\\\/www.immo-invest.ch\\\/fr\\\/eine-erfolgsgeschichte-der-balkonkraftwerke-in-deutschland\\\/#breadcrumblist\"},\"author\":{\"@id\":\"https:\\\/\\\/www.immo-invest.ch\\\/fr\\\/author\\\/immovestuser\\\/#author\"},\"creator\":{\"@id\":\"https:\\\/\\\/www.immo-invest.ch\\\/fr\\\/author\\\/immovestuser\\\/#author\"},\"image\":{\"@type\":\"ImageObject\",\"url\":\"https:\\\/\\\/www.immo-invest.ch\\\/wp-content\\\/uploads\\\/2025\\\/01\\\/csm_Meyer-Burger-Solar-Balkonkraftwerk-user_3664a4252d.webp\",\"@id\":\"https:\\\/\\\/www.immo-invest.ch\\\/fr\\\/eine-erfolgsgeschichte-der-balkonkraftwerke-in-deutschland\\\/#mainImage\",\"width\":2000,\"height\":1125,\"caption\":\"https:\\\/\\\/www.meyerburger.com\\\/de\\\/solarprodukte-fuer-privat\\\/balkonkraftwerke\"},\"primaryImageOfPage\":{\"@id\":\"https:\\\/\\\/www.immo-invest.ch\\\/fr\\\/eine-erfolgsgeschichte-der-balkonkraftwerke-in-deutschland\\\/#mainImage\"},\"datePublished\":\"2025-01-14T11:28:18+01:00\",\"dateModified\":\"2025-01-14T16:06:49+01:00\"},{\"@type\":\"WebSite\",\"@id\":\"https:\\\/\\\/www.immo-invest.ch\\\/fr\\\/#website\",\"url\":\"https:\\\/\\\/www.immo-invest.ch\\\/fr\\\/\",\"name\":\"immo!nvest - Die Plattform f\\u00fcr Standorte und Immobilien\",\"description\":\"Die\\u00a0Plattform f\\u00fcr Standorte und Immobilien\",\"inLanguage\":\"fr-FR\",\"publisher\":{\"@id\":\"https:\\\/\\\/www.immo-invest.ch\\\/fr\\\/#organization\"}}]}\n\t\t<\/script>\n\t\t<!-- All in One SEO -->\n\n","aioseo_head_json":{"title":"Une histoire \u00e0 succ\u00e8s de centrales \u00e9lectriques sur balcon en Allemagne - immo!nvest - Die Plattform f\u00fcr Standorte und Immobilien","description":"Les centrales \u00e9lectriques sur balcon connaissent un boom sans pr\u00e9c\u00e9dent en Allemagne. en 2024, le nombre d'installations a doubl\u00e9 pour atteindre plus de 780 000. De nouvelles lois, des prix en baisse et une forte demande continuent de faire progresser cette tendance durable. L'Allemagne devient ainsi le pionnier de l'utilisation des appareils solaires \u00e0 brancher.","canonical_url":"https:\/\/www.immo-invest.ch\/fr\/eine-erfolgsgeschichte-der-balkonkraftwerke-in-deutschland\/","robots":"max-image-preview:large","keywords":"","webmasterTools":{"google-site-verification":"fHJKvgWpZCR2zVBHWfkQeFXC11qieUSff0HGNYfuyLA","miscellaneous":""},"schema":{"@context":"https:\/\/schema.org","@graph":[{"@type":"BlogPosting","@id":"https:\/\/www.immo-invest.ch\/fr\/eine-erfolgsgeschichte-der-balkonkraftwerke-in-deutschland\/#blogposting","name":"Une histoire \u00e0 succ\u00e8s de centrales \u00e9lectriques sur balcon en Allemagne - immo!nvest - Die Plattform f\u00fcr Standorte und Immobilien","headline":"Une histoire \u00e0 succ\u00e8s de centrales \u00e9lectriques sur balcon en Allemagne","author":{"@id":"https:\/\/www.immo-invest.ch\/fr\/author\/immovestuser\/#author"},"publisher":{"@id":"https:\/\/www.immo-invest.ch\/fr\/#organization"},"image":{"@type":"ImageObject","url":"https:\/\/www.immo-invest.ch\/wp-content\/uploads\/2025\/01\/csm_Meyer-Burger-Solar-Balkonkraftwerk-user_3664a4252d.webp","width":2000,"height":1125,"caption":"https:\/\/www.meyerburger.com\/de\/solarprodukte-fuer-privat\/balkonkraftwerke"},"datePublished":"2025-01-14T11:28:18+01:00","dateModified":"2025-01-14T16:06:49+01:00","inLanguage":"fr-FR","mainEntityOfPage":{"@id":"https:\/\/www.immo-invest.ch\/fr\/eine-erfolgsgeschichte-der-balkonkraftwerke-in-deutschland\/#webpage"},"isPartOf":{"@id":"https:\/\/www.immo-invest.ch\/fr\/eine-erfolgsgeschichte-der-balkonkraftwerke-in-deutschland\/#webpage"},"articleSection":"Durabilit\u00e9, \u00c9nergie, immoNews, Trends, Mieter, Wohnungseigent\u00fcmer, Facultatif"},{"@type":"BreadcrumbList","@id":"https:\/\/www.immo-invest.ch\/fr\/eine-erfolgsgeschichte-der-balkonkraftwerke-in-deutschland\/#breadcrumblist","itemListElement":[{"@type":"ListItem","@id":"https:\/\/www.immo-invest.ch\/fr\/#listItem","position":1,"name":"Home","item":"https:\/\/www.immo-invest.ch\/fr\/","nextItem":{"@type":"ListItem","@id":"https:\/\/www.immo-invest.ch\/fr\/categories\/trends-fr\/#listItem","name":"Trends"}},{"@type":"ListItem","@id":"https:\/\/www.immo-invest.ch\/fr\/categories\/trends-fr\/#listItem","position":2,"name":"Trends","item":"https:\/\/www.immo-invest.ch\/fr\/categories\/trends-fr\/","nextItem":{"@type":"ListItem","@id":"https:\/\/www.immo-invest.ch\/fr\/categories\/trends-fr\/durabilite\/#listItem","name":"Durabilit\u00e9"},"previousItem":{"@type":"ListItem","@id":"https:\/\/www.immo-invest.ch\/fr\/#listItem","name":"Home"}},{"@type":"ListItem","@id":"https:\/\/www.immo-invest.ch\/fr\/categories\/trends-fr\/durabilite\/#listItem","position":3,"name":"Durabilit\u00e9","item":"https:\/\/www.immo-invest.ch\/fr\/categories\/trends-fr\/durabilite\/","nextItem":{"@type":"ListItem","@id":"https:\/\/www.immo-invest.ch\/fr\/eine-erfolgsgeschichte-der-balkonkraftwerke-in-deutschland\/#listItem","name":"Une histoire \u00e0 succ\u00e8s de centrales \u00e9lectriques sur balcon en Allemagne"},"previousItem":{"@type":"ListItem","@id":"https:\/\/www.immo-invest.ch\/fr\/categories\/trends-fr\/#listItem","name":"Trends"}},{"@type":"ListItem","@id":"https:\/\/www.immo-invest.ch\/fr\/eine-erfolgsgeschichte-der-balkonkraftwerke-in-deutschland\/#listItem","position":4,"name":"Une histoire \u00e0 succ\u00e8s de centrales \u00e9lectriques sur balcon en Allemagne","previousItem":{"@type":"ListItem","@id":"https:\/\/www.immo-invest.ch\/fr\/categories\/trends-fr\/durabilite\/#listItem","name":"Durabilit\u00e9"}}]},{"@type":"Organization","@id":"https:\/\/www.immo-invest.ch\/fr\/#organization","name":"immo!nvest - Die Plattform f\u00fcr Standorte und Immobilien","description":"Die\u00a0Plattform f\u00fcr Standorte und Immobilien","url":"https:\/\/www.immo-invest.ch\/fr\/","email":"admin@immomedia.ag","telephone":"+41444420002","logo":{"@type":"ImageObject","url":"https:\/\/www.immo-invest.ch\/wp-content\/uploads\/2024\/09\/immoinvest_sm-scaled.jpg","@id":"https:\/\/www.immo-invest.ch\/fr\/eine-erfolgsgeschichte-der-balkonkraftwerke-in-deutschland\/#organizationLogo","width":2560,"height":1340},"image":{"@id":"https:\/\/www.immo-invest.ch\/fr\/eine-erfolgsgeschichte-der-balkonkraftwerke-in-deutschland\/#organizationLogo"},"sameAs":["https:\/\/www.facebook.com\/people\/Immoinvest\/100077962920504\/","https:\/\/x.com\/i\/flow\/login?redirect_after_login=immoinvest_ch","https:\/\/www.instagram.com\/immoinvest_ch\/","https:\/\/www.linkedin.com\/company\/immoinvest-swiss"]},{"@type":"Person","@id":"https:\/\/www.immo-invest.ch\/fr\/author\/immovestuser\/#author","url":"https:\/\/www.immo-invest.ch\/fr\/author\/immovestuser\/","name":"immovestuser","image":{"@type":"ImageObject","@id":"https:\/\/www.immo-invest.ch\/fr\/eine-erfolgsgeschichte-der-balkonkraftwerke-in-deutschland\/#authorImage","url":"https:\/\/secure.gravatar.com\/avatar\/8e01f4d99f2eeea7a362ebb93305e1172a70e9293ba250f897a65c39f54cdd1e?s=96&d=mm&r=g","width":96,"height":96,"caption":"immovestuser"}},{"@type":"WebPage","@id":"https:\/\/www.immo-invest.ch\/fr\/eine-erfolgsgeschichte-der-balkonkraftwerke-in-deutschland\/#webpage","url":"https:\/\/www.immo-invest.ch\/fr\/eine-erfolgsgeschichte-der-balkonkraftwerke-in-deutschland\/","name":"Une histoire \u00e0 succ\u00e8s de centrales \u00e9lectriques sur balcon en Allemagne - immo!nvest - Die Plattform f\u00fcr Standorte und Immobilien","description":"Les centrales \u00e9lectriques sur balcon connaissent un boom sans pr\u00e9c\u00e9dent en Allemagne. en 2024, le nombre d'installations a doubl\u00e9 pour atteindre plus de 780 000. De nouvelles lois, des prix en baisse et une forte demande continuent de faire progresser cette tendance durable. L'Allemagne devient ainsi le pionnier de l'utilisation des appareils solaires \u00e0 brancher.","inLanguage":"fr-FR","isPartOf":{"@id":"https:\/\/www.immo-invest.ch\/fr\/#website"},"breadcrumb":{"@id":"https:\/\/www.immo-invest.ch\/fr\/eine-erfolgsgeschichte-der-balkonkraftwerke-in-deutschland\/#breadcrumblist"},"author":{"@id":"https:\/\/www.immo-invest.ch\/fr\/author\/immovestuser\/#author"},"creator":{"@id":"https:\/\/www.immo-invest.ch\/fr\/author\/immovestuser\/#author"},"image":{"@type":"ImageObject","url":"https:\/\/www.immo-invest.ch\/wp-content\/uploads\/2025\/01\/csm_Meyer-Burger-Solar-Balkonkraftwerk-user_3664a4252d.webp","@id":"https:\/\/www.immo-invest.ch\/fr\/eine-erfolgsgeschichte-der-balkonkraftwerke-in-deutschland\/#mainImage","width":2000,"height":1125,"caption":"https:\/\/www.meyerburger.com\/de\/solarprodukte-fuer-privat\/balkonkraftwerke"},"primaryImageOfPage":{"@id":"https:\/\/www.immo-invest.ch\/fr\/eine-erfolgsgeschichte-der-balkonkraftwerke-in-deutschland\/#mainImage"},"datePublished":"2025-01-14T11:28:18+01:00","dateModified":"2025-01-14T16:06:49+01:00"},{"@type":"WebSite","@id":"https:\/\/www.immo-invest.ch\/fr\/#website","url":"https:\/\/www.immo-invest.ch\/fr\/","name":"immo!nvest - Die Plattform f\u00fcr Standorte und Immobilien","description":"Die\u00a0Plattform f\u00fcr Standorte und Immobilien","inLanguage":"fr-FR","publisher":{"@id":"https:\/\/www.immo-invest.ch\/fr\/#organization"}}]},"og:locale":"fr_FR","og:site_name":"immo!nvest - Die Plattform f\u00fcr Standorte und Immobilien - Die\u00a0Plattform f\u00fcr Standorte und Immobilien","og:type":"article","og:title":"Une histoire \u00e0 succ\u00e8s de centrales \u00e9lectriques sur balcon en Allemagne - immo!nvest - Die Plattform f\u00fcr Standorte und Immobilien","og:description":"Les centrales \u00e9lectriques sur balcon connaissent un boom sans pr\u00e9c\u00e9dent en Allemagne. en 2024, le nombre d'installations a doubl\u00e9 pour atteindre plus de 780 000. De nouvelles lois, des prix en baisse et une forte demande continuent de faire progresser cette tendance durable. L'Allemagne devient ainsi le pionnier de l'utilisation des appareils solaires \u00e0 brancher.","og:url":"https:\/\/www.immo-invest.ch\/fr\/eine-erfolgsgeschichte-der-balkonkraftwerke-in-deutschland\/","og:image":"https:\/\/www.immo-invest.ch\/wp-content\/uploads\/2025\/01\/csm_Meyer-Burger-Solar-Balkonkraftwerk-user_3664a4252d.webp","og:image:secure_url":"https:\/\/www.immo-invest.ch\/wp-content\/uploads\/2025\/01\/csm_Meyer-Burger-Solar-Balkonkraftwerk-user_3664a4252d.webp","og:image:width":2000,"og:image:height":1125,"article:published_time":"2025-01-14T10:28:18+00:00","article:modified_time":"2025-01-14T15:06:49+00:00","article:publisher":"https:\/\/www.facebook.com\/people\/Immoinvest\/100077962920504\/","twitter:card":"summary_large_image","twitter:site":"@i","twitter:title":"Une histoire \u00e0 succ\u00e8s de centrales \u00e9lectriques sur balcon en Allemagne - immo!nvest - Die Plattform f\u00fcr Standorte und Immobilien","twitter:description":"Les centrales \u00e9lectriques sur balcon connaissent un boom sans pr\u00e9c\u00e9dent en Allemagne. en 2024, le nombre d'installations a doubl\u00e9 pour atteindre plus de 780 000. De nouvelles lois, des prix en baisse et une forte demande continuent de faire progresser cette tendance durable. L'Allemagne devient ainsi le pionnier de l'utilisation des appareils solaires \u00e0 brancher.","twitter:creator":"@i","twitter:image":"https:\/\/www.immo-invest.ch\/wp-content\/uploads\/2025\/01\/csm_Meyer-Burger-Solar-Balkonkraftwerk-user_3664a4252d.webp"},"aioseo_meta_data":{"post_id":"123771","title":null,"description":null,"keywords":null,"keyphrases":null,"primary_term":null,"canonical_url":null,"og_title":null,"og_description":null,"og_object_type":"default","og_image_type":"default","og_image_url":null,"og_image_width":null,"og_image_height":null,"og_image_custom_url":null,"og_image_custom_fields":null,"og_video":null,"og_custom_url":null,"og_article_section":null,"og_article_tags":null,"twitter_use_og":false,"twitter_card":"default","twitter_image_type":"default","twitter_image_url":null,"twitter_image_custom_url":null,"twitter_image_custom_fields":null,"twitter_title":null,"twitter_description":null,"schema":{"blockGraphs":[],"customGraphs":[],"default":{"data":{"Article":[],"Course":[],"Dataset":[],"FAQPage":[],"Movie":[],"Person":[],"Product":[],"ProductReview":[],"Car":[],"Recipe":[],"Service":[],"SoftwareApplication":[],"WebPage":[]},"graphName":"","isEnabled":true},"graphs":[]},"schema_type":"default","schema_type_options":null,"pillar_content":false,"robots_default":true,"robots_noindex":false,"robots_noarchive":false,"robots_nosnippet":false,"robots_nofollow":false,"robots_noimageindex":false,"robots_noodp":false,"robots_notranslate":false,"robots_max_snippet":null,"robots_max_videopreview":null,"robots_max_imagepreview":"large","priority":null,"frequency":null,"local_seo":null,"breadcrumb_settings":null,"limit_modified_date":false,"ai":null,"created":"2025-01-14 14:51:36","updated":"2025-10-24 15:50:15","seo_analyzer_scan_date":null,"focus_keyword":null,"additional_keywords":null,"truseo_locale":null},"aioseo_breadcrumb":"<div class=\"aioseo-breadcrumbs\"><span class=\"aioseo-breadcrumb\">\n\t\t\t<a href=\"https:\/\/www.immo-invest.ch\/fr\/\" title=\"Home\">Home<\/a>\n\t\t<\/span><span class=\"aioseo-breadcrumb-separator\">&raquo;<\/span><span class=\"aioseo-breadcrumb\">\n\t\t\t<a href=\"https:\/\/www.immo-invest.ch\/fr\/categories\/trends-fr\/\" title=\"Trends\">Trends<\/a>\n\t\t<\/span><span class=\"aioseo-breadcrumb-separator\">&raquo;<\/span><span class=\"aioseo-breadcrumb\">\n\t\t\t<a href=\"https:\/\/www.immo-invest.ch\/fr\/categories\/trends-fr\/durabilite\/\" title=\"Durabilit\u00e9\">Durabilit\u00e9<\/a>\n\t\t<\/span><span class=\"aioseo-breadcrumb-separator\">&raquo;<\/span><span class=\"aioseo-breadcrumb\">\n\t\t\tUne histoire \u00e0 succ\u00e8s de centrales \u00e9lectriques sur balcon en Allemagne\n\t\t<\/span><\/div>","aioseo_breadcrumb_json":[{"label":"Home","link":"https:\/\/www.immo-invest.ch\/fr\/"},{"label":"Trends","link":"https:\/\/www.immo-invest.ch\/fr\/categories\/trends-fr\/"},{"label":"Durabilit\u00e9","link":"https:\/\/www.immo-invest.ch\/fr\/categories\/trends-fr\/durabilite\/"},{"label":"Une histoire \u00e0 succ\u00e8s de centrales \u00e9lectriques sur balcon en Allemagne","link":"https:\/\/www.immo-invest.ch\/fr\/eine-erfolgsgeschichte-der-balkonkraftwerke-in-deutschland\/"}],"featured_image_src":"https:\/\/www.immo-invest.ch\/wp-content\/uploads\/2025\/01\/csm_Meyer-Burger-Solar-Balkonkraftwerk-user_3664a4252d-336x168.webp","_links":{"self":[{"href":"https:\/\/www.immo-invest.ch\/fr\/wp-json\/wp\/v2\/posts\/123771","targetHints":{"allow":["GET"]}}],"collection":[{"href":"https:\/\/www.immo-invest.ch\/fr\/wp-json\/wp\/v2\/posts"}],"about":[{"href":"https:\/\/www.immo-invest.ch\/fr\/wp-json\/wp\/v2\/types\/post"}],"author":[{"embeddable":true,"href":"https:\/\/www.immo-invest.ch\/fr\/wp-json\/wp\/v2\/users\/2"}],"replies":[{"embeddable":true,"href":"https:\/\/www.immo-invest.ch\/fr\/wp-json\/wp\/v2\/comments?post=123771"}],"version-history":[{"count":0,"href":"https:\/\/www.immo-invest.ch\/fr\/wp-json\/wp\/v2\/posts\/123771\/revisions"}],"wp:featuredmedia":[{"embeddable":true,"href":"https:\/\/www.immo-invest.ch\/fr\/wp-json\/wp\/v2\/media\/123701"}],"wp:attachment":[{"href":"https:\/\/www.immo-invest.ch\/fr\/wp-json\/wp\/v2\/media?parent=123771"}],"wp:term":[{"taxonomy":"category","embeddable":true,"href":"https:\/\/www.immo-invest.ch\/fr\/wp-json\/wp\/v2\/categories?post=123771"},{"taxonomy":"post_tag","embeddable":true,"href":"https:\/\/www.immo-invest.ch\/fr\/wp-json\/wp\/v2\/tags?post=123771"}],"curies":[{"name":"wp","href":"https:\/\/api.w.org\/{rel}","templated":true}]}}