{"id":123417,"date":"2025-01-15T15:54:00","date_gmt":"2025-01-15T14:54:00","guid":{"rendered":"https:\/\/www.immo-invest.ch\/?p=123417"},"modified":"2025-01-13T15:16:06","modified_gmt":"2025-01-13T14:16:06","slug":"waermeabweisende-beschichtung-fuer-energieeffiziente-gebaeude","status":"publish","type":"post","link":"https:\/\/www.immo-invest.ch\/fr\/waermeabweisende-beschichtung-fuer-energieeffiziente-gebaeude\/","title":{"rendered":"Rev\u00eatement thermo-r\u00e9fl\u00e9chissant pour les b\u00e2timents \u00e0 haute efficacit\u00e9 \u00e9nerg\u00e9tique"},"content":{"rendered":"<p class=\"bodytext\">La soci&eacute;t&eacute; <a href=\"https:\/\/www.heiq.com\/\" target=\"_blank\" rel=\"noopener\">HeiQ<\/a>, bas&eacute;e &agrave; Schlieren et sp&eacute;cialis&eacute;e dans les technologies textiles et les synbiotiques, pr&eacute;sentera son rev&ecirc;tement thermo-isolant Xpectra au salon <a href=\"https:\/\/bau-muenchen.com\/de\/messe\/\" target=\"_blank\" rel=\"noopener\">BAU 2025<\/a>, qui se tiendra &agrave; Munich du 13 au 17 janvier. Selon un <a href=\"https:\/\/www.facebook.com\/HeiQMaterialsTextileInnovation\/\" target=\"_blank\" rel=\"noopener\">communiqu&eacute;<\/a>, ce rev&ecirc;tement transparent r&eacute;fl&eacute;chissant la chaleur pour les murs am&eacute;liore l&rsquo;efficacit&eacute; &eacute;nerg&eacute;tique dans les b&acirc;timents.<\/p>\n<p class=\"bodytext\">Le rev&ecirc;tement, propos&eacute; sous forme de solution &agrave; pulv&eacute;riser, am&eacute;liore le coefficient de transmission thermique jusqu&rsquo;&agrave; 25 pour cent, ajoute le communiqu&eacute;. La valeur U est le coefficient de transmission thermique et indique le flux de chaleur &agrave; travers un &eacute;l&eacute;ment de construction en fonction de la diff&eacute;rence de temp&eacute;rature entre le c&ocirc;t&eacute; chaud et le c&ocirc;t&eacute; froid.<\/p>\n<p class=\"bodytext\">Selon l&rsquo;entreprise de Schlierem, HeiQ Xpectra offre &agrave; l&rsquo;industrie du b&acirc;timent de grands avantages en mati&egrave;re de technique d&rsquo;<span class=\"glossaryLink\" aria-describedby=\"tt\" data-cmtooltip=\"&lt;div class=glossaryItemTitle&gt;Isolation&lt;\/div&gt;&lt;div class=glossaryItemBody&gt;Abdichtung zur Verhinderung des Durchgangs von Gas, Wasser, W&auml;rme, Elektrizit&auml;t etc., z.B. Ummantelung von Elektrokabeln oder Rohrleitungen, W&auml;rmeisolation&lt;\/div&gt;\" data-mobile-support=\"0\" data-gt-translate-attributes='[{\"attribute\":\"data-cmtooltip\", \"format\":\"html\"}]' tabindex=\"0\" role=\"link\">isolation<\/span> thermique. L&rsquo;objectif est d&rsquo;obtenir un excellent effet isolant gr&acirc;ce &agrave; un rev&ecirc;tement mural simple et &eacute;conomique. Cela permettra aux maisons d&rsquo;atteindre une consommation d&rsquo;&eacute;nergie r&eacute;duite qui r&eacute;pondra aux exigences strictes de la directive europ&eacute;enne sur la <span class=\"glossaryLink\" aria-describedby=\"tt\" data-cmtooltip=\"&lt;div class=glossaryItemTitle&gt;Performance&lt;\/div&gt;&lt;div class=glossaryItemBody&gt;Wertentwicklung eines Portfolios&lt;\/div&gt;\" data-mobile-support=\"0\" data-gt-translate-attributes='[{\"attribute\":\"data-cmtooltip\", \"format\":\"html\"}]' tabindex=\"0\" role=\"link\">performance<\/span> &eacute;nerg&eacute;tique des b&acirc;timents et contribuera &agrave; ce que les b&acirc;timents de l&rsquo;UE deviennent climatiquement neutres d&rsquo;ici 2050.<\/p>\n<p class=\"bodytext\">Outre les rev&ecirc;tements muraux, HeiQ Xpectra peut &eacute;galement &ecirc;tre utilis&eacute; pour le chauffage transparent, la gestion des signatures, l&rsquo;&eacute;lectronique imprim&eacute;e et plus encore. HeiQ Xpectra pourrait ainsi transformer de nombreux secteurs.<\/p>\n<p class=\"bodytext\">HeiQ est une &eacute;manation de l&rsquo;Ecole polytechnique<a href=\"https:\/\/ethz.ch\/de.html\" target=\"_blank\" rel=\"noopener\">f&eacute;d&eacute;rale<\/a> de Zurich<a href=\"https:\/\/ethz.ch\/de.html\" target=\"_blank\" rel=\"noopener\">(EPFZ<\/a>). Elle est bas&eacute;e au centre d&rsquo;<span class=\"glossaryLink\" aria-describedby=\"tt\" data-cmtooltip=\"&lt;div class=glossaryItemTitle&gt;Innovation&lt;\/div&gt;&lt;div class=glossaryItemBody&gt;Innovation in der heutigen Immobilienwelt bedeutet vor allem Digitalisierung von Prozessen. Zum Beispiel das Eliminieren von Tausenden von Excel-Bl&auml;ttern f&uuml;r Portfolio- und Asset-Manager oder das Erstellen einer Anwendung (App) f&uuml;r alle Formalit&auml;ten rund um die Beziehung zwischen Immobilieneigent&uuml;mern, - verwaltung und -mietern.&lt;\/div&gt;\" data-mobile-support=\"0\" data-gt-translate-attributes='[{\"attribute\":\"data-cmtooltip\", \"format\":\"html\"}]' tabindex=\"0\" role=\"link\">innovation<\/span> et de jeunes entrepreneurs <a href=\"http:\/\/www.ijz-schlieren.ch\/\" target=\"_blank\" rel=\"noopener\">IJZ<\/a> et est membre de <a href=\"https:\/\/www.start-smart-schlieren.ch\/\" target=\"_blank\" rel=\"noopener\">Start Smart Schlieren<\/a>.<\/p>\n","protected":false},"excerpt":{"rendered":"<p>HeiQ pr\u00e9sente son rev\u00eatement thermo-r\u00e9fl\u00e9chissant Xpectra au salon BAU 2025 \u00e0 Munich. Ce rev\u00eatement pour murs r\u00e9fl\u00e9chit la chaleur et vise ainsi \u00e0 am\u00e9liorer l&rsquo;efficacit\u00e9 \u00e9nerg\u00e9tique des b\u00e2timents.<\/p>\n","protected":false},"author":2,"featured_media":123338,"comment_status":"open","ping_status":"open","sticky":false,"template":"","format":"standard","meta":{"pmpro_default_level":"","inline_featured_image":false,"_monsterinsights_skip_tracking":false,"footnotes":""},"categories":[22699,8747,743,22357],"tags":[2053,51460,872,2656,50979,2002,51461],"class_list":["post-123417","post","type-post","status-publish","format-standard","has-post-thumbnail","hentry","category-durabilite","category-energie","category-immonews-fr","category-industrie-du-batiment","tag-energieeffizienz-fr","tag-eu-richtlinien-fr","tag-immoinvest-fr","tag-klimaneutral-fr","tag-nachhaltige-bauweise-fr","tag-news-fr","tag-waermedaemmende-beschichtung-fr","pmpro-has-access"],"acf":{"bild_mit_ki_erstellt_worden":[],"lead":"HeiQ pr\u00e9sente son rev\u00eatement thermo-r\u00e9fl\u00e9chissant Xpectra au salon BAU 2025 \u00e0 Munich. Ce rev\u00eatement pour murs r\u00e9fl\u00e9chit la chaleur et vise ainsi \u00e0 am\u00e9liorer l'efficacit\u00e9 \u00e9nerg\u00e9tique des b\u00e2timents.","autor":"ce\/gba\u00a0","ort":"Schlieren ZH ","bildunterschrift":"","bild_im_grid":false,"gallerie":"","newsim":""},"aioseo_notices":[],"aioseo_head":"\n\t\t<!-- All in One SEO 5.0.1.1 - aioseo.com -->\n\t<meta name=\"description\" content=\"HeiQ pr\u00e9sente son rev\u00eatement thermo-r\u00e9fl\u00e9chissant Xpectra au salon BAU 2025 \u00e0 Munich. Ce rev\u00eatement pour murs r\u00e9fl\u00e9chit la chaleur et vise ainsi \u00e0 am\u00e9liorer l&#039;efficacit\u00e9 \u00e9nerg\u00e9tique des b\u00e2timents.\" \/>\n\t<meta name=\"robots\" content=\"max-image-preview:large\" \/>\n\t<meta name=\"author\" content=\"immovestuser\"\/>\n\t<meta name=\"google-site-verification\" content=\"fHJKvgWpZCR2zVBHWfkQeFXC11qieUSff0HGNYfuyLA\" \/>\n\t<link rel=\"canonical\" href=\"https:\/\/www.immo-invest.ch\/fr\/waermeabweisende-beschichtung-fuer-energieeffiziente-gebaeude\/\" \/>\n\t<meta name=\"generator\" content=\"All in One SEO (AIOSEO) 5.0.1.1\" \/>\n\t\t<meta property=\"og:locale\" content=\"fr_FR\" \/>\n\t\t<meta property=\"og:site_name\" content=\"immo!nvest - Die Plattform f\u00fcr Standorte und Immobilien - Die\u00a0Plattform f\u00fcr Standorte und Immobilien\" \/>\n\t\t<meta property=\"og:type\" content=\"article\" \/>\n\t\t<meta property=\"og:title\" content=\"Rev\u00eatement thermo-r\u00e9fl\u00e9chissant pour les b\u00e2timents \u00e0 haute efficacit\u00e9 \u00e9nerg\u00e9tique - immo!nvest - Die Plattform f\u00fcr Standorte und Immobilien\" \/>\n\t\t<meta property=\"og:description\" content=\"HeiQ pr\u00e9sente son rev\u00eatement thermo-r\u00e9fl\u00e9chissant Xpectra au salon BAU 2025 \u00e0 Munich. Ce rev\u00eatement pour murs r\u00e9fl\u00e9chit la chaleur et vise ainsi \u00e0 am\u00e9liorer l&#039;efficacit\u00e9 \u00e9nerg\u00e9tique des b\u00e2timents.\" \/>\n\t\t<meta property=\"og:url\" content=\"https:\/\/www.immo-invest.ch\/fr\/waermeabweisende-beschichtung-fuer-energieeffiziente-gebaeude\/\" \/>\n\t\t<meta property=\"og:image\" content=\"https:\/\/www.immo-invest.ch\/wp-content\/uploads\/2025\/01\/banoviag_A_professional_and_futuristic_depiction_of_an_innovati_1d80f2d2-9c41-49cb-980a-c995f2d12b3c.webp\" \/>\n\t\t<meta property=\"og:image:secure_url\" content=\"https:\/\/www.immo-invest.ch\/wp-content\/uploads\/2025\/01\/banoviag_A_professional_and_futuristic_depiction_of_an_innovati_1d80f2d2-9c41-49cb-980a-c995f2d12b3c.webp\" \/>\n\t\t<meta property=\"og:image:width\" content=\"1350\" \/>\n\t\t<meta property=\"og:image:height\" content=\"675\" \/>\n\t\t<meta property=\"article:published_time\" content=\"2025-01-15T14:54:00+00:00\" \/>\n\t\t<meta property=\"article:modified_time\" content=\"2025-01-13T14:16:06+00:00\" \/>\n\t\t<meta property=\"article:publisher\" content=\"https:\/\/www.facebook.com\/people\/Immoinvest\/100077962920504\/\" \/>\n\t\t<meta name=\"twitter:card\" content=\"summary_large_image\" \/>\n\t\t<meta name=\"twitter:site\" content=\"@i\" \/>\n\t\t<meta name=\"twitter:title\" content=\"Rev\u00eatement thermo-r\u00e9fl\u00e9chissant pour les b\u00e2timents \u00e0 haute efficacit\u00e9 \u00e9nerg\u00e9tique - immo!nvest - Die Plattform f\u00fcr Standorte und Immobilien\" \/>\n\t\t<meta name=\"twitter:description\" content=\"HeiQ pr\u00e9sente son rev\u00eatement thermo-r\u00e9fl\u00e9chissant Xpectra au salon BAU 2025 \u00e0 Munich. Ce rev\u00eatement pour murs r\u00e9fl\u00e9chit la chaleur et vise ainsi \u00e0 am\u00e9liorer l&#039;efficacit\u00e9 \u00e9nerg\u00e9tique des b\u00e2timents.\" \/>\n\t\t<meta name=\"twitter:creator\" content=\"@i\" \/>\n\t\t<meta name=\"twitter:image\" content=\"https:\/\/www.immo-invest.ch\/wp-content\/uploads\/2025\/01\/banoviag_A_professional_and_futuristic_depiction_of_an_innovati_1d80f2d2-9c41-49cb-980a-c995f2d12b3c.webp\" \/>\n\t\t<script type=\"application\/ld+json\" class=\"aioseo-schema\">\n\t\t\t{\"@context\":\"https:\\\/\\\/schema.org\",\"@graph\":[{\"@type\":\"BlogPosting\",\"@id\":\"https:\\\/\\\/www.immo-invest.ch\\\/fr\\\/waermeabweisende-beschichtung-fuer-energieeffiziente-gebaeude\\\/#blogposting\",\"name\":\"Rev\\u00eatement thermo-r\\u00e9fl\\u00e9chissant pour les b\\u00e2timents \\u00e0 haute efficacit\\u00e9 \\u00e9nerg\\u00e9tique - immo!nvest - Die Plattform f\\u00fcr Standorte und Immobilien\",\"headline\":\"Rev\\u00eatement thermo-r\\u00e9fl\\u00e9chissant pour les b\\u00e2timents \\u00e0 haute efficacit\\u00e9 \\u00e9nerg\\u00e9tique\",\"author\":{\"@id\":\"https:\\\/\\\/www.immo-invest.ch\\\/fr\\\/author\\\/immovestuser\\\/#author\"},\"publisher\":{\"@id\":\"https:\\\/\\\/www.immo-invest.ch\\\/fr\\\/#organization\"},\"image\":{\"@type\":\"ImageObject\",\"url\":\"https:\\\/\\\/www.immo-invest.ch\\\/wp-content\\\/uploads\\\/2025\\\/01\\\/banoviag_A_professional_and_futuristic_depiction_of_an_innovati_1d80f2d2-9c41-49cb-980a-c995f2d12b3c.webp\",\"width\":1350,\"height\":675},\"datePublished\":\"2025-01-15T15:54:00+01:00\",\"dateModified\":\"2025-01-13T15:16:06+01:00\",\"inLanguage\":\"fr-FR\",\"mainEntityOfPage\":{\"@id\":\"https:\\\/\\\/www.immo-invest.ch\\\/fr\\\/waermeabweisende-beschichtung-fuer-energieeffiziente-gebaeude\\\/#webpage\"},\"isPartOf\":{\"@id\":\"https:\\\/\\\/www.immo-invest.ch\\\/fr\\\/waermeabweisende-beschichtung-fuer-energieeffiziente-gebaeude\\\/#webpage\"},\"articleSection\":\"Durabilit\\u00e9, \\u00c9nergie, immoNews, Industrie du b\\u00e2timent, Energieeffizienz, EU-Richtlinien, Immoinvest, klimaneutral, nachhaltige Bauweise, News, w\\u00e4rmed\\u00e4mmende Beschichtung, Facultatif\"},{\"@type\":\"BreadcrumbList\",\"@id\":\"https:\\\/\\\/www.immo-invest.ch\\\/fr\\\/waermeabweisende-beschichtung-fuer-energieeffiziente-gebaeude\\\/#breadcrumblist\",\"itemListElement\":[{\"@type\":\"ListItem\",\"@id\":\"https:\\\/\\\/www.immo-invest.ch\\\/fr\\\/#listItem\",\"position\":1,\"name\":\"Home\",\"item\":\"https:\\\/\\\/www.immo-invest.ch\\\/fr\\\/\",\"nextItem\":{\"@type\":\"ListItem\",\"@id\":\"https:\\\/\\\/www.immo-invest.ch\\\/fr\\\/categories\\\/trends-fr\\\/#listItem\",\"name\":\"Trends\"}},{\"@type\":\"ListItem\",\"@id\":\"https:\\\/\\\/www.immo-invest.ch\\\/fr\\\/categories\\\/trends-fr\\\/#listItem\",\"position\":2,\"name\":\"Trends\",\"item\":\"https:\\\/\\\/www.immo-invest.ch\\\/fr\\\/categories\\\/trends-fr\\\/\",\"nextItem\":{\"@type\":\"ListItem\",\"@id\":\"https:\\\/\\\/www.immo-invest.ch\\\/fr\\\/categories\\\/trends-fr\\\/industrie-du-batiment\\\/#listItem\",\"name\":\"Industrie du b\\u00e2timent\"},\"previousItem\":{\"@type\":\"ListItem\",\"@id\":\"https:\\\/\\\/www.immo-invest.ch\\\/fr\\\/#listItem\",\"name\":\"Home\"}},{\"@type\":\"ListItem\",\"@id\":\"https:\\\/\\\/www.immo-invest.ch\\\/fr\\\/categories\\\/trends-fr\\\/industrie-du-batiment\\\/#listItem\",\"position\":3,\"name\":\"Industrie du b\\u00e2timent\",\"item\":\"https:\\\/\\\/www.immo-invest.ch\\\/fr\\\/categories\\\/trends-fr\\\/industrie-du-batiment\\\/\",\"nextItem\":{\"@type\":\"ListItem\",\"@id\":\"https:\\\/\\\/www.immo-invest.ch\\\/fr\\\/waermeabweisende-beschichtung-fuer-energieeffiziente-gebaeude\\\/#listItem\",\"name\":\"Rev\\u00eatement thermo-r\\u00e9fl\\u00e9chissant pour les b\\u00e2timents \\u00e0 haute efficacit\\u00e9 \\u00e9nerg\\u00e9tique\"},\"previousItem\":{\"@type\":\"ListItem\",\"@id\":\"https:\\\/\\\/www.immo-invest.ch\\\/fr\\\/categories\\\/trends-fr\\\/#listItem\",\"name\":\"Trends\"}},{\"@type\":\"ListItem\",\"@id\":\"https:\\\/\\\/www.immo-invest.ch\\\/fr\\\/waermeabweisende-beschichtung-fuer-energieeffiziente-gebaeude\\\/#listItem\",\"position\":4,\"name\":\"Rev\\u00eatement thermo-r\\u00e9fl\\u00e9chissant pour les b\\u00e2timents \\u00e0 haute efficacit\\u00e9 \\u00e9nerg\\u00e9tique\",\"previousItem\":{\"@type\":\"ListItem\",\"@id\":\"https:\\\/\\\/www.immo-invest.ch\\\/fr\\\/categories\\\/trends-fr\\\/industrie-du-batiment\\\/#listItem\",\"name\":\"Industrie du b\\u00e2timent\"}}]},{\"@type\":\"Organization\",\"@id\":\"https:\\\/\\\/www.immo-invest.ch\\\/fr\\\/#organization\",\"name\":\"immo!nvest - Die Plattform f\\u00fcr Standorte und Immobilien\",\"description\":\"Die\\u00a0Plattform f\\u00fcr Standorte und Immobilien\",\"url\":\"https:\\\/\\\/www.immo-invest.ch\\\/fr\\\/\",\"email\":\"admin@immomedia.ag\",\"telephone\":\"+41444420002\",\"logo\":{\"@type\":\"ImageObject\",\"url\":\"https:\\\/\\\/www.immo-invest.ch\\\/wp-content\\\/uploads\\\/2024\\\/09\\\/immoinvest_sm-scaled.jpg\",\"@id\":\"https:\\\/\\\/www.immo-invest.ch\\\/fr\\\/waermeabweisende-beschichtung-fuer-energieeffiziente-gebaeude\\\/#organizationLogo\",\"width\":2560,\"height\":1340},\"image\":{\"@id\":\"https:\\\/\\\/www.immo-invest.ch\\\/fr\\\/waermeabweisende-beschichtung-fuer-energieeffiziente-gebaeude\\\/#organizationLogo\"},\"sameAs\":[\"https:\\\/\\\/www.facebook.com\\\/people\\\/Immoinvest\\\/100077962920504\\\/\",\"https:\\\/\\\/x.com\\\/i\\\/flow\\\/login?redirect_after_login=immoinvest_ch\",\"https:\\\/\\\/www.instagram.com\\\/immoinvest_ch\\\/\",\"https:\\\/\\\/www.linkedin.com\\\/company\\\/immoinvest-swiss\"]},{\"@type\":\"Person\",\"@id\":\"https:\\\/\\\/www.immo-invest.ch\\\/fr\\\/author\\\/immovestuser\\\/#author\",\"url\":\"https:\\\/\\\/www.immo-invest.ch\\\/fr\\\/author\\\/immovestuser\\\/\",\"name\":\"immovestuser\",\"image\":{\"@type\":\"ImageObject\",\"@id\":\"https:\\\/\\\/www.immo-invest.ch\\\/fr\\\/waermeabweisende-beschichtung-fuer-energieeffiziente-gebaeude\\\/#authorImage\",\"url\":\"https:\\\/\\\/secure.gravatar.com\\\/avatar\\\/8e01f4d99f2eeea7a362ebb93305e1172a70e9293ba250f897a65c39f54cdd1e?s=96&d=mm&r=g\",\"width\":96,\"height\":96,\"caption\":\"immovestuser\"}},{\"@type\":\"WebPage\",\"@id\":\"https:\\\/\\\/www.immo-invest.ch\\\/fr\\\/waermeabweisende-beschichtung-fuer-energieeffiziente-gebaeude\\\/#webpage\",\"url\":\"https:\\\/\\\/www.immo-invest.ch\\\/fr\\\/waermeabweisende-beschichtung-fuer-energieeffiziente-gebaeude\\\/\",\"name\":\"Rev\\u00eatement thermo-r\\u00e9fl\\u00e9chissant pour les b\\u00e2timents \\u00e0 haute efficacit\\u00e9 \\u00e9nerg\\u00e9tique - immo!nvest - Die Plattform f\\u00fcr Standorte und Immobilien\",\"description\":\"HeiQ pr\\u00e9sente son rev\\u00eatement thermo-r\\u00e9fl\\u00e9chissant Xpectra au salon BAU 2025 \\u00e0 Munich. Ce rev\\u00eatement pour murs r\\u00e9fl\\u00e9chit la chaleur et vise ainsi \\u00e0 am\\u00e9liorer l'efficacit\\u00e9 \\u00e9nerg\\u00e9tique des b\\u00e2timents.\",\"inLanguage\":\"fr-FR\",\"isPartOf\":{\"@id\":\"https:\\\/\\\/www.immo-invest.ch\\\/fr\\\/#website\"},\"breadcrumb\":{\"@id\":\"https:\\\/\\\/www.immo-invest.ch\\\/fr\\\/waermeabweisende-beschichtung-fuer-energieeffiziente-gebaeude\\\/#breadcrumblist\"},\"author\":{\"@id\":\"https:\\\/\\\/www.immo-invest.ch\\\/fr\\\/author\\\/immovestuser\\\/#author\"},\"creator\":{\"@id\":\"https:\\\/\\\/www.immo-invest.ch\\\/fr\\\/author\\\/immovestuser\\\/#author\"},\"image\":{\"@type\":\"ImageObject\",\"url\":\"https:\\\/\\\/www.immo-invest.ch\\\/wp-content\\\/uploads\\\/2025\\\/01\\\/banoviag_A_professional_and_futuristic_depiction_of_an_innovati_1d80f2d2-9c41-49cb-980a-c995f2d12b3c.webp\",\"@id\":\"https:\\\/\\\/www.immo-invest.ch\\\/fr\\\/waermeabweisende-beschichtung-fuer-energieeffiziente-gebaeude\\\/#mainImage\",\"width\":1350,\"height\":675},\"primaryImageOfPage\":{\"@id\":\"https:\\\/\\\/www.immo-invest.ch\\\/fr\\\/waermeabweisende-beschichtung-fuer-energieeffiziente-gebaeude\\\/#mainImage\"},\"datePublished\":\"2025-01-15T15:54:00+01:00\",\"dateModified\":\"2025-01-13T15:16:06+01:00\"},{\"@type\":\"WebSite\",\"@id\":\"https:\\\/\\\/www.immo-invest.ch\\\/fr\\\/#website\",\"url\":\"https:\\\/\\\/www.immo-invest.ch\\\/fr\\\/\",\"name\":\"immo!nvest - Die Plattform f\\u00fcr Standorte und Immobilien\",\"description\":\"Die\\u00a0Plattform f\\u00fcr Standorte und Immobilien\",\"inLanguage\":\"fr-FR\",\"publisher\":{\"@id\":\"https:\\\/\\\/www.immo-invest.ch\\\/fr\\\/#organization\"}}]}\n\t\t<\/script>\n\t\t<!-- All in One SEO -->\n\n","aioseo_head_json":{"title":"Rev\u00eatement thermo-r\u00e9fl\u00e9chissant pour les b\u00e2timents \u00e0 haute efficacit\u00e9 \u00e9nerg\u00e9tique - immo!nvest - Die Plattform f\u00fcr Standorte und Immobilien","description":"HeiQ pr\u00e9sente son rev\u00eatement thermo-r\u00e9fl\u00e9chissant Xpectra au salon BAU 2025 \u00e0 Munich. Ce rev\u00eatement pour murs r\u00e9fl\u00e9chit la chaleur et vise ainsi \u00e0 am\u00e9liorer l'efficacit\u00e9 \u00e9nerg\u00e9tique des b\u00e2timents.","canonical_url":"https:\/\/www.immo-invest.ch\/fr\/waermeabweisende-beschichtung-fuer-energieeffiziente-gebaeude\/","robots":"max-image-preview:large","keywords":"","webmasterTools":{"google-site-verification":"fHJKvgWpZCR2zVBHWfkQeFXC11qieUSff0HGNYfuyLA","miscellaneous":""},"schema":{"@context":"https:\/\/schema.org","@graph":[{"@type":"BlogPosting","@id":"https:\/\/www.immo-invest.ch\/fr\/waermeabweisende-beschichtung-fuer-energieeffiziente-gebaeude\/#blogposting","name":"Rev\u00eatement thermo-r\u00e9fl\u00e9chissant pour les b\u00e2timents \u00e0 haute efficacit\u00e9 \u00e9nerg\u00e9tique - immo!nvest - Die Plattform f\u00fcr Standorte und Immobilien","headline":"Rev\u00eatement thermo-r\u00e9fl\u00e9chissant pour les b\u00e2timents \u00e0 haute efficacit\u00e9 \u00e9nerg\u00e9tique","author":{"@id":"https:\/\/www.immo-invest.ch\/fr\/author\/immovestuser\/#author"},"publisher":{"@id":"https:\/\/www.immo-invest.ch\/fr\/#organization"},"image":{"@type":"ImageObject","url":"https:\/\/www.immo-invest.ch\/wp-content\/uploads\/2025\/01\/banoviag_A_professional_and_futuristic_depiction_of_an_innovati_1d80f2d2-9c41-49cb-980a-c995f2d12b3c.webp","width":1350,"height":675},"datePublished":"2025-01-15T15:54:00+01:00","dateModified":"2025-01-13T15:16:06+01:00","inLanguage":"fr-FR","mainEntityOfPage":{"@id":"https:\/\/www.immo-invest.ch\/fr\/waermeabweisende-beschichtung-fuer-energieeffiziente-gebaeude\/#webpage"},"isPartOf":{"@id":"https:\/\/www.immo-invest.ch\/fr\/waermeabweisende-beschichtung-fuer-energieeffiziente-gebaeude\/#webpage"},"articleSection":"Durabilit\u00e9, \u00c9nergie, immoNews, Industrie du b\u00e2timent, Energieeffizienz, EU-Richtlinien, Immoinvest, klimaneutral, nachhaltige Bauweise, News, w\u00e4rmed\u00e4mmende Beschichtung, Facultatif"},{"@type":"BreadcrumbList","@id":"https:\/\/www.immo-invest.ch\/fr\/waermeabweisende-beschichtung-fuer-energieeffiziente-gebaeude\/#breadcrumblist","itemListElement":[{"@type":"ListItem","@id":"https:\/\/www.immo-invest.ch\/fr\/#listItem","position":1,"name":"Home","item":"https:\/\/www.immo-invest.ch\/fr\/","nextItem":{"@type":"ListItem","@id":"https:\/\/www.immo-invest.ch\/fr\/categories\/trends-fr\/#listItem","name":"Trends"}},{"@type":"ListItem","@id":"https:\/\/www.immo-invest.ch\/fr\/categories\/trends-fr\/#listItem","position":2,"name":"Trends","item":"https:\/\/www.immo-invest.ch\/fr\/categories\/trends-fr\/","nextItem":{"@type":"ListItem","@id":"https:\/\/www.immo-invest.ch\/fr\/categories\/trends-fr\/industrie-du-batiment\/#listItem","name":"Industrie du b\u00e2timent"},"previousItem":{"@type":"ListItem","@id":"https:\/\/www.immo-invest.ch\/fr\/#listItem","name":"Home"}},{"@type":"ListItem","@id":"https:\/\/www.immo-invest.ch\/fr\/categories\/trends-fr\/industrie-du-batiment\/#listItem","position":3,"name":"Industrie du b\u00e2timent","item":"https:\/\/www.immo-invest.ch\/fr\/categories\/trends-fr\/industrie-du-batiment\/","nextItem":{"@type":"ListItem","@id":"https:\/\/www.immo-invest.ch\/fr\/waermeabweisende-beschichtung-fuer-energieeffiziente-gebaeude\/#listItem","name":"Rev\u00eatement thermo-r\u00e9fl\u00e9chissant pour les b\u00e2timents \u00e0 haute efficacit\u00e9 \u00e9nerg\u00e9tique"},"previousItem":{"@type":"ListItem","@id":"https:\/\/www.immo-invest.ch\/fr\/categories\/trends-fr\/#listItem","name":"Trends"}},{"@type":"ListItem","@id":"https:\/\/www.immo-invest.ch\/fr\/waermeabweisende-beschichtung-fuer-energieeffiziente-gebaeude\/#listItem","position":4,"name":"Rev\u00eatement thermo-r\u00e9fl\u00e9chissant pour les b\u00e2timents \u00e0 haute efficacit\u00e9 \u00e9nerg\u00e9tique","previousItem":{"@type":"ListItem","@id":"https:\/\/www.immo-invest.ch\/fr\/categories\/trends-fr\/industrie-du-batiment\/#listItem","name":"Industrie du b\u00e2timent"}}]},{"@type":"Organization","@id":"https:\/\/www.immo-invest.ch\/fr\/#organization","name":"immo!nvest - Die Plattform f\u00fcr Standorte und Immobilien","description":"Die\u00a0Plattform f\u00fcr Standorte und Immobilien","url":"https:\/\/www.immo-invest.ch\/fr\/","email":"admin@immomedia.ag","telephone":"+41444420002","logo":{"@type":"ImageObject","url":"https:\/\/www.immo-invest.ch\/wp-content\/uploads\/2024\/09\/immoinvest_sm-scaled.jpg","@id":"https:\/\/www.immo-invest.ch\/fr\/waermeabweisende-beschichtung-fuer-energieeffiziente-gebaeude\/#organizationLogo","width":2560,"height":1340},"image":{"@id":"https:\/\/www.immo-invest.ch\/fr\/waermeabweisende-beschichtung-fuer-energieeffiziente-gebaeude\/#organizationLogo"},"sameAs":["https:\/\/www.facebook.com\/people\/Immoinvest\/100077962920504\/","https:\/\/x.com\/i\/flow\/login?redirect_after_login=immoinvest_ch","https:\/\/www.instagram.com\/immoinvest_ch\/","https:\/\/www.linkedin.com\/company\/immoinvest-swiss"]},{"@type":"Person","@id":"https:\/\/www.immo-invest.ch\/fr\/author\/immovestuser\/#author","url":"https:\/\/www.immo-invest.ch\/fr\/author\/immovestuser\/","name":"immovestuser","image":{"@type":"ImageObject","@id":"https:\/\/www.immo-invest.ch\/fr\/waermeabweisende-beschichtung-fuer-energieeffiziente-gebaeude\/#authorImage","url":"https:\/\/secure.gravatar.com\/avatar\/8e01f4d99f2eeea7a362ebb93305e1172a70e9293ba250f897a65c39f54cdd1e?s=96&d=mm&r=g","width":96,"height":96,"caption":"immovestuser"}},{"@type":"WebPage","@id":"https:\/\/www.immo-invest.ch\/fr\/waermeabweisende-beschichtung-fuer-energieeffiziente-gebaeude\/#webpage","url":"https:\/\/www.immo-invest.ch\/fr\/waermeabweisende-beschichtung-fuer-energieeffiziente-gebaeude\/","name":"Rev\u00eatement thermo-r\u00e9fl\u00e9chissant pour les b\u00e2timents \u00e0 haute efficacit\u00e9 \u00e9nerg\u00e9tique - immo!nvest - Die Plattform f\u00fcr Standorte und Immobilien","description":"HeiQ pr\u00e9sente son rev\u00eatement thermo-r\u00e9fl\u00e9chissant Xpectra au salon BAU 2025 \u00e0 Munich. Ce rev\u00eatement pour murs r\u00e9fl\u00e9chit la chaleur et vise ainsi \u00e0 am\u00e9liorer l'efficacit\u00e9 \u00e9nerg\u00e9tique des b\u00e2timents.","inLanguage":"fr-FR","isPartOf":{"@id":"https:\/\/www.immo-invest.ch\/fr\/#website"},"breadcrumb":{"@id":"https:\/\/www.immo-invest.ch\/fr\/waermeabweisende-beschichtung-fuer-energieeffiziente-gebaeude\/#breadcrumblist"},"author":{"@id":"https:\/\/www.immo-invest.ch\/fr\/author\/immovestuser\/#author"},"creator":{"@id":"https:\/\/www.immo-invest.ch\/fr\/author\/immovestuser\/#author"},"image":{"@type":"ImageObject","url":"https:\/\/www.immo-invest.ch\/wp-content\/uploads\/2025\/01\/banoviag_A_professional_and_futuristic_depiction_of_an_innovati_1d80f2d2-9c41-49cb-980a-c995f2d12b3c.webp","@id":"https:\/\/www.immo-invest.ch\/fr\/waermeabweisende-beschichtung-fuer-energieeffiziente-gebaeude\/#mainImage","width":1350,"height":675},"primaryImageOfPage":{"@id":"https:\/\/www.immo-invest.ch\/fr\/waermeabweisende-beschichtung-fuer-energieeffiziente-gebaeude\/#mainImage"},"datePublished":"2025-01-15T15:54:00+01:00","dateModified":"2025-01-13T15:16:06+01:00"},{"@type":"WebSite","@id":"https:\/\/www.immo-invest.ch\/fr\/#website","url":"https:\/\/www.immo-invest.ch\/fr\/","name":"immo!nvest - Die Plattform f\u00fcr Standorte und Immobilien","description":"Die\u00a0Plattform f\u00fcr Standorte und Immobilien","inLanguage":"fr-FR","publisher":{"@id":"https:\/\/www.immo-invest.ch\/fr\/#organization"}}]},"og:locale":"fr_FR","og:site_name":"immo!nvest - Die Plattform f\u00fcr Standorte und Immobilien - Die\u00a0Plattform f\u00fcr Standorte und Immobilien","og:type":"article","og:title":"Rev\u00eatement thermo-r\u00e9fl\u00e9chissant pour les b\u00e2timents \u00e0 haute efficacit\u00e9 \u00e9nerg\u00e9tique - immo!nvest - Die Plattform f\u00fcr Standorte und Immobilien","og:description":"HeiQ pr\u00e9sente son rev\u00eatement thermo-r\u00e9fl\u00e9chissant Xpectra au salon BAU 2025 \u00e0 Munich. Ce rev\u00eatement pour murs r\u00e9fl\u00e9chit la chaleur et vise ainsi \u00e0 am\u00e9liorer l'efficacit\u00e9 \u00e9nerg\u00e9tique des b\u00e2timents.","og:url":"https:\/\/www.immo-invest.ch\/fr\/waermeabweisende-beschichtung-fuer-energieeffiziente-gebaeude\/","og:image":"https:\/\/www.immo-invest.ch\/wp-content\/uploads\/2025\/01\/banoviag_A_professional_and_futuristic_depiction_of_an_innovati_1d80f2d2-9c41-49cb-980a-c995f2d12b3c.webp","og:image:secure_url":"https:\/\/www.immo-invest.ch\/wp-content\/uploads\/2025\/01\/banoviag_A_professional_and_futuristic_depiction_of_an_innovati_1d80f2d2-9c41-49cb-980a-c995f2d12b3c.webp","og:image:width":1350,"og:image:height":675,"article:published_time":"2025-01-15T14:54:00+00:00","article:modified_time":"2025-01-13T14:16:06+00:00","article:publisher":"https:\/\/www.facebook.com\/people\/Immoinvest\/100077962920504\/","twitter:card":"summary_large_image","twitter:site":"@i","twitter:title":"Rev\u00eatement thermo-r\u00e9fl\u00e9chissant pour les b\u00e2timents \u00e0 haute efficacit\u00e9 \u00e9nerg\u00e9tique - immo!nvest - Die Plattform f\u00fcr Standorte und Immobilien","twitter:description":"HeiQ pr\u00e9sente son rev\u00eatement thermo-r\u00e9fl\u00e9chissant Xpectra au salon BAU 2025 \u00e0 Munich. Ce rev\u00eatement pour murs r\u00e9fl\u00e9chit la chaleur et vise ainsi \u00e0 am\u00e9liorer l'efficacit\u00e9 \u00e9nerg\u00e9tique des b\u00e2timents.","twitter:creator":"@i","twitter:image":"https:\/\/www.immo-invest.ch\/wp-content\/uploads\/2025\/01\/banoviag_A_professional_and_futuristic_depiction_of_an_innovati_1d80f2d2-9c41-49cb-980a-c995f2d12b3c.webp"},"aioseo_meta_data":{"post_id":"123417","title":null,"description":null,"keywords":null,"keyphrases":{"focus":{"keyphrase":"","score":0,"analysis":{"keyphraseInTitle":{"score":0,"maxScore":9,"error":1}}},"additional":[]},"primary_term":null,"canonical_url":null,"og_title":null,"og_description":null,"og_object_type":"default","og_image_type":"default","og_image_url":null,"og_image_width":null,"og_image_height":null,"og_image_custom_url":null,"og_image_custom_fields":null,"og_video":"","og_custom_url":null,"og_article_section":null,"og_article_tags":null,"twitter_use_og":false,"twitter_card":"default","twitter_image_type":"default","twitter_image_url":null,"twitter_image_custom_url":null,"twitter_image_custom_fields":null,"twitter_title":null,"twitter_description":null,"schema":{"blockGraphs":[],"customGraphs":[],"default":{"data":{"Article":[],"Course":[],"Dataset":[],"FAQPage":[],"Movie":[],"Person":[],"Product":[],"ProductReview":[],"Car":[],"Recipe":[],"Service":[],"SoftwareApplication":[],"WebPage":[]},"graphName":"BlogPosting","isEnabled":true},"graphs":[]},"schema_type":"default","schema_type_options":null,"pillar_content":false,"robots_default":true,"robots_noindex":false,"robots_noarchive":false,"robots_nosnippet":false,"robots_nofollow":false,"robots_noimageindex":false,"robots_noodp":false,"robots_notranslate":false,"robots_max_snippet":"-1","robots_max_videopreview":"-1","robots_max_imagepreview":"large","priority":null,"frequency":"default","local_seo":null,"breadcrumb_settings":null,"limit_modified_date":false,"ai":null,"created":"2025-01-13 14:16:07","updated":"2025-10-24 15:39:14","seo_analyzer_scan_date":null,"focus_keyword":null,"additional_keywords":null,"truseo_locale":null},"aioseo_breadcrumb":"<div class=\"aioseo-breadcrumbs\"><span class=\"aioseo-breadcrumb\">\n\t\t\t<a href=\"https:\/\/www.immo-invest.ch\/fr\/\" title=\"Home\">Home<\/a>\n\t\t<\/span><span class=\"aioseo-breadcrumb-separator\">&raquo;<\/span><span class=\"aioseo-breadcrumb\">\n\t\t\t<a href=\"https:\/\/www.immo-invest.ch\/fr\/categories\/trends-fr\/\" title=\"Trends\">Trends<\/a>\n\t\t<\/span><span class=\"aioseo-breadcrumb-separator\">&raquo;<\/span><span class=\"aioseo-breadcrumb\">\n\t\t\t<a href=\"https:\/\/www.immo-invest.ch\/fr\/categories\/trends-fr\/industrie-du-batiment\/\" title=\"Industrie du b\u00e2timent\">Industrie du b\u00e2timent<\/a>\n\t\t<\/span><span class=\"aioseo-breadcrumb-separator\">&raquo;<\/span><span class=\"aioseo-breadcrumb\">\n\t\t\tRev\u00eatement thermo-r\u00e9fl\u00e9chissant pour les b\u00e2timents \u00e0 haute efficacit\u00e9 \u00e9nerg\u00e9tique\n\t\t<\/span><\/div>","aioseo_breadcrumb_json":[{"label":"Home","link":"https:\/\/www.immo-invest.ch\/fr\/"},{"label":"Trends","link":"https:\/\/www.immo-invest.ch\/fr\/categories\/trends-fr\/"},{"label":"Industrie du b\u00e2timent","link":"https:\/\/www.immo-invest.ch\/fr\/categories\/trends-fr\/industrie-du-batiment\/"},{"label":"Rev\u00eatement thermo-r\u00e9fl\u00e9chissant pour les b\u00e2timents \u00e0 haute efficacit\u00e9 \u00e9nerg\u00e9tique","link":"https:\/\/www.immo-invest.ch\/fr\/waermeabweisende-beschichtung-fuer-energieeffiziente-gebaeude\/"}],"featured_image_src":"https:\/\/www.immo-invest.ch\/wp-content\/uploads\/2025\/01\/banoviag_A_professional_and_futuristic_depiction_of_an_innovati_1d80f2d2-9c41-49cb-980a-c995f2d12b3c-336x168.webp","_links":{"self":[{"href":"https:\/\/www.immo-invest.ch\/fr\/wp-json\/wp\/v2\/posts\/123417","targetHints":{"allow":["GET"]}}],"collection":[{"href":"https:\/\/www.immo-invest.ch\/fr\/wp-json\/wp\/v2\/posts"}],"about":[{"href":"https:\/\/www.immo-invest.ch\/fr\/wp-json\/wp\/v2\/types\/post"}],"author":[{"embeddable":true,"href":"https:\/\/www.immo-invest.ch\/fr\/wp-json\/wp\/v2\/users\/2"}],"replies":[{"embeddable":true,"href":"https:\/\/www.immo-invest.ch\/fr\/wp-json\/wp\/v2\/comments?post=123417"}],"version-history":[{"count":0,"href":"https:\/\/www.immo-invest.ch\/fr\/wp-json\/wp\/v2\/posts\/123417\/revisions"}],"wp:featuredmedia":[{"embeddable":true,"href":"https:\/\/www.immo-invest.ch\/fr\/wp-json\/wp\/v2\/media\/123338"}],"wp:attachment":[{"href":"https:\/\/www.immo-invest.ch\/fr\/wp-json\/wp\/v2\/media?parent=123417"}],"wp:term":[{"taxonomy":"category","embeddable":true,"href":"https:\/\/www.immo-invest.ch\/fr\/wp-json\/wp\/v2\/categories?post=123417"},{"taxonomy":"post_tag","embeddable":true,"href":"https:\/\/www.immo-invest.ch\/fr\/wp-json\/wp\/v2\/tags?post=123417"}],"curies":[{"name":"wp","href":"https:\/\/api.w.org\/{rel}","templated":true}]}}