{"id":122832,"date":"2025-01-10T08:20:08","date_gmt":"2025-01-10T07:20:08","guid":{"rendered":"https:\/\/www.immo-invest.ch\/?p=122832"},"modified":"2025-01-06T10:30:32","modified_gmt":"2025-01-06T09:30:32","slug":"planung-fuer-neues-energiezentrum-in-dietikon-schreitet-voran","status":"publish","type":"post","link":"https:\/\/www.immo-invest.ch\/fr\/planung-fuer-neues-energiezentrum-in-dietikon-schreitet-voran\/","title":{"rendered":"La planification du nouveau centre \u00e9nerg\u00e9tique de Dietikon progresse"},"content":{"rendered":"<p class=\"bodytext\"><a href=\"https:\/\/www.limeco.ch\/\" target=\"_blank\" rel=\"noopener\">Limeco<\/a>, l&rsquo;usine r&eacute;gionale de la vall&eacute;e de la Limmat dont le si&egrave;ge est &agrave; Dietikon, pr&eacute;sente six projets pour son nouveau centre &eacute;nerg&eacute;tique. Selon une annonce, une <a href=\"https:\/\/www.limeco.ch\/wp-content\/uploads\/Limeco_Architekturausstellung_Flyer_Oeffentlich.pdf\" target=\"_blank\" rel=\"noopener\">exposition<\/a> publique aura lieu &agrave; cet effet le week-end des 18 et 19 janvier de 14 &agrave; 17 heures au si&egrave;ge de Limeco &agrave; Dietikon. Elle sera &eacute;galement ouverte le samedi 1er f&eacute;vrier. Les &laquo;&nbsp;projets d&rsquo;avenir&nbsp;&raquo; pour la nouvelle usine de traitement des ordures m&eacute;nag&egrave;res (UTOM) et la station d&rsquo;&eacute;puration des eaux us&eacute;es (STEP) seront pr&eacute;sent&eacute;s.<\/p>\n<p class=\"bodytext\">Six &eacute;quipes issues des disciplines de l&rsquo;architecture, de l&rsquo;architecture paysag&egrave;re et du g&eacute;nie civil avaient d&eacute;velopp&eacute; des projets. Ceux-ci se basent sur les r&eacute;sultats de la planification test et sur les quelque 250 r&eacute;actions de la population. Un comit&eacute; a choisi le projet gagnant, qui sera charg&eacute; de la conception et de la r&eacute;alisation de la nouvelle UIOM et de la STEP, ajoute le communiqu&eacute;.<\/p>\n<p class=\"bodytext\">La station d&rsquo;&eacute;puration des eaux us&eacute;es et l&rsquo;usine de traitement des ordures m&eacute;nag&egrave;res de Limeco &agrave; Dietikon doivent &ecirc;tre agrandies ou r&eacute;nov&eacute;es d&rsquo;ici 2034 et, dans une deuxi&egrave;me &eacute;tape, d&rsquo;ici 2050. L&rsquo;UIOM et la STEP sont situ&eacute;es &agrave; proximit&eacute; l&rsquo;une de l&rsquo;autre &agrave; Dietikon et fonctionnent en r&eacute;seau. Cela garantit que la bonne quantit&eacute; de la bonne &eacute;nergie, de la bonne qualit&eacute;, soit disponible au bon moment et au bon endroit, explique Limeco &agrave; propos du <a href=\"https:\/\/www.limeco.ch\/news\/limeco-architekturausstellung\/\" target=\"_blank\" rel=\"noopener\">projet<\/a>.<\/p>\n","protected":false},"excerpt":{"rendered":"<p>Regiowerk Limeco vous invite \u00e0 une exposition fin janvier. Les r\u00e9sultats du concours pour le nouveau centre \u00e9nerg\u00e9tique de Dietikon seront pr\u00e9sent\u00e9s. Six projets seront pr\u00e9sent\u00e9s.<\/p>\n","protected":false},"author":2,"featured_media":34674,"comment_status":"open","ping_status":"open","sticky":false,"template":"","format":"standard","meta":{"pmpro_default_level":"","inline_featured_image":false,"_monsterinsights_skip_tracking":false,"footnotes":""},"categories":[22699,8747,743,22357],"tags":[],"class_list":["post-122832","post","type-post","status-publish","format-standard","has-post-thumbnail","hentry","category-durabilite","category-energie","category-immonews-fr","category-industrie-du-batiment","pmpro-has-access"],"acf":{"bild_mit_ki_erstellt_worden":[],"lead":"Regiowerk Limeco vous invite \u00e0 une exposition fin janvier. Les r\u00e9sultats du concours pour le nouveau centre \u00e9nerg\u00e9tique de Dietikon seront pr\u00e9sent\u00e9s. Six projets seront pr\u00e9sent\u00e9s.","autor":"ce\/gba\u00a0","ort":"Dietikon ZH ","bildunterschrift":"","bild_im_grid":false,"gallerie":"","newsim":""},"aioseo_notices":[],"aioseo_head":"\n\t\t<!-- All in One SEO 5.0.1.1 - aioseo.com -->\n\t<meta name=\"description\" content=\"Regiowerk Limeco vous invite \u00e0 une exposition fin janvier. Les r\u00e9sultats du concours pour le nouveau centre \u00e9nerg\u00e9tique de Dietikon seront pr\u00e9sent\u00e9s. Six projets seront pr\u00e9sent\u00e9s.\" \/>\n\t<meta name=\"robots\" content=\"max-image-preview:large\" \/>\n\t<meta name=\"author\" content=\"immovestuser\"\/>\n\t<meta name=\"google-site-verification\" content=\"fHJKvgWpZCR2zVBHWfkQeFXC11qieUSff0HGNYfuyLA\" \/>\n\t<link rel=\"canonical\" href=\"https:\/\/www.immo-invest.ch\/fr\/planung-fuer-neues-energiezentrum-in-dietikon-schreitet-voran\/\" \/>\n\t<meta name=\"generator\" content=\"All in One SEO (AIOSEO) 5.0.1.1\" \/>\n\t\t<meta property=\"og:locale\" content=\"fr_FR\" \/>\n\t\t<meta property=\"og:site_name\" content=\"immo!nvest - Die Plattform f\u00fcr Standorte und Immobilien - Die\u00a0Plattform f\u00fcr Standorte und Immobilien\" \/>\n\t\t<meta property=\"og:type\" content=\"article\" \/>\n\t\t<meta property=\"og:title\" content=\"La planification du nouveau centre \u00e9nerg\u00e9tique de Dietikon progresse - immo!nvest - Die Plattform f\u00fcr Standorte und Immobilien\" \/>\n\t\t<meta property=\"og:description\" content=\"Regiowerk Limeco vous invite \u00e0 une exposition fin janvier. Les r\u00e9sultats du concours pour le nouveau centre \u00e9nerg\u00e9tique de Dietikon seront pr\u00e9sent\u00e9s. Six projets seront pr\u00e9sent\u00e9s.\" \/>\n\t\t<meta property=\"og:url\" content=\"https:\/\/www.immo-invest.ch\/fr\/planung-fuer-neues-energiezentrum-in-dietikon-schreitet-voran\/\" \/>\n\t\t<meta property=\"og:image\" content=\"https:\/\/www.immo-invest.ch\/wp-content\/uploads\/2022\/03\/immoinvest_Geodaten_1.jpg\" \/>\n\t\t<meta property=\"og:image:secure_url\" content=\"https:\/\/www.immo-invest.ch\/wp-content\/uploads\/2022\/03\/immoinvest_Geodaten_1.jpg\" \/>\n\t\t<meta property=\"og:image:width\" content=\"1200\" \/>\n\t\t<meta property=\"og:image:height\" content=\"627\" \/>\n\t\t<meta property=\"article:published_time\" content=\"2025-01-10T07:20:08+00:00\" \/>\n\t\t<meta property=\"article:modified_time\" content=\"2025-01-06T09:30:32+00:00\" \/>\n\t\t<meta property=\"article:publisher\" content=\"https:\/\/www.facebook.com\/people\/Immoinvest\/100077962920504\/\" \/>\n\t\t<meta name=\"twitter:card\" content=\"summary_large_image\" \/>\n\t\t<meta name=\"twitter:site\" content=\"@i\" \/>\n\t\t<meta name=\"twitter:title\" content=\"La planification du nouveau centre \u00e9nerg\u00e9tique de Dietikon progresse - immo!nvest - Die Plattform f\u00fcr Standorte und Immobilien\" \/>\n\t\t<meta name=\"twitter:description\" content=\"Regiowerk Limeco vous invite \u00e0 une exposition fin janvier. Les r\u00e9sultats du concours pour le nouveau centre \u00e9nerg\u00e9tique de Dietikon seront pr\u00e9sent\u00e9s. Six projets seront pr\u00e9sent\u00e9s.\" \/>\n\t\t<meta name=\"twitter:creator\" content=\"@i\" \/>\n\t\t<meta name=\"twitter:image\" content=\"https:\/\/www.immo-invest.ch\/wp-content\/uploads\/2022\/03\/immoinvest_Geodaten_1.jpg\" \/>\n\t\t<script type=\"application\/ld+json\" class=\"aioseo-schema\">\n\t\t\t{\"@context\":\"https:\\\/\\\/schema.org\",\"@graph\":[{\"@type\":\"BlogPosting\",\"@id\":\"https:\\\/\\\/www.immo-invest.ch\\\/fr\\\/planung-fuer-neues-energiezentrum-in-dietikon-schreitet-voran\\\/#blogposting\",\"name\":\"La planification du nouveau centre \\u00e9nerg\\u00e9tique de Dietikon progresse - immo!nvest - Die Plattform f\\u00fcr Standorte und Immobilien\",\"headline\":\"La planification du nouveau centre \\u00e9nerg\\u00e9tique de Dietikon progresse\",\"author\":{\"@id\":\"https:\\\/\\\/www.immo-invest.ch\\\/fr\\\/author\\\/immovestuser\\\/#author\"},\"publisher\":{\"@id\":\"https:\\\/\\\/www.immo-invest.ch\\\/fr\\\/#organization\"},\"image\":{\"@type\":\"ImageObject\",\"url\":\"https:\\\/\\\/www.immo-invest.ch\\\/wp-content\\\/uploads\\\/2022\\\/03\\\/immoinvest_Geodaten_1.jpg\",\"width\":1200,\"height\":627},\"datePublished\":\"2025-01-10T08:20:08+01:00\",\"dateModified\":\"2025-01-06T10:30:32+01:00\",\"inLanguage\":\"fr-FR\",\"mainEntityOfPage\":{\"@id\":\"https:\\\/\\\/www.immo-invest.ch\\\/fr\\\/planung-fuer-neues-energiezentrum-in-dietikon-schreitet-voran\\\/#webpage\"},\"isPartOf\":{\"@id\":\"https:\\\/\\\/www.immo-invest.ch\\\/fr\\\/planung-fuer-neues-energiezentrum-in-dietikon-schreitet-voran\\\/#webpage\"},\"articleSection\":\"Durabilit\\u00e9, \\u00c9nergie, immoNews, Industrie du b\\u00e2timent, Facultatif\"},{\"@type\":\"BreadcrumbList\",\"@id\":\"https:\\\/\\\/www.immo-invest.ch\\\/fr\\\/planung-fuer-neues-energiezentrum-in-dietikon-schreitet-voran\\\/#breadcrumblist\",\"itemListElement\":[{\"@type\":\"ListItem\",\"@id\":\"https:\\\/\\\/www.immo-invest.ch\\\/fr\\\/#listItem\",\"position\":1,\"name\":\"Home\",\"item\":\"https:\\\/\\\/www.immo-invest.ch\\\/fr\\\/\",\"nextItem\":{\"@type\":\"ListItem\",\"@id\":\"https:\\\/\\\/www.immo-invest.ch\\\/fr\\\/categories\\\/trends-fr\\\/#listItem\",\"name\":\"Trends\"}},{\"@type\":\"ListItem\",\"@id\":\"https:\\\/\\\/www.immo-invest.ch\\\/fr\\\/categories\\\/trends-fr\\\/#listItem\",\"position\":2,\"name\":\"Trends\",\"item\":\"https:\\\/\\\/www.immo-invest.ch\\\/fr\\\/categories\\\/trends-fr\\\/\",\"nextItem\":{\"@type\":\"ListItem\",\"@id\":\"https:\\\/\\\/www.immo-invest.ch\\\/fr\\\/categories\\\/trends-fr\\\/industrie-du-batiment\\\/#listItem\",\"name\":\"Industrie du b\\u00e2timent\"},\"previousItem\":{\"@type\":\"ListItem\",\"@id\":\"https:\\\/\\\/www.immo-invest.ch\\\/fr\\\/#listItem\",\"name\":\"Home\"}},{\"@type\":\"ListItem\",\"@id\":\"https:\\\/\\\/www.immo-invest.ch\\\/fr\\\/categories\\\/trends-fr\\\/industrie-du-batiment\\\/#listItem\",\"position\":3,\"name\":\"Industrie du b\\u00e2timent\",\"item\":\"https:\\\/\\\/www.immo-invest.ch\\\/fr\\\/categories\\\/trends-fr\\\/industrie-du-batiment\\\/\",\"nextItem\":{\"@type\":\"ListItem\",\"@id\":\"https:\\\/\\\/www.immo-invest.ch\\\/fr\\\/planung-fuer-neues-energiezentrum-in-dietikon-schreitet-voran\\\/#listItem\",\"name\":\"La planification du nouveau centre \\u00e9nerg\\u00e9tique de Dietikon progresse\"},\"previousItem\":{\"@type\":\"ListItem\",\"@id\":\"https:\\\/\\\/www.immo-invest.ch\\\/fr\\\/categories\\\/trends-fr\\\/#listItem\",\"name\":\"Trends\"}},{\"@type\":\"ListItem\",\"@id\":\"https:\\\/\\\/www.immo-invest.ch\\\/fr\\\/planung-fuer-neues-energiezentrum-in-dietikon-schreitet-voran\\\/#listItem\",\"position\":4,\"name\":\"La planification du nouveau centre \\u00e9nerg\\u00e9tique de Dietikon progresse\",\"previousItem\":{\"@type\":\"ListItem\",\"@id\":\"https:\\\/\\\/www.immo-invest.ch\\\/fr\\\/categories\\\/trends-fr\\\/industrie-du-batiment\\\/#listItem\",\"name\":\"Industrie du b\\u00e2timent\"}}]},{\"@type\":\"Organization\",\"@id\":\"https:\\\/\\\/www.immo-invest.ch\\\/fr\\\/#organization\",\"name\":\"immo!nvest - Die Plattform f\\u00fcr Standorte und Immobilien\",\"description\":\"Die\\u00a0Plattform f\\u00fcr Standorte und Immobilien\",\"url\":\"https:\\\/\\\/www.immo-invest.ch\\\/fr\\\/\",\"email\":\"admin@immomedia.ag\",\"telephone\":\"+41444420002\",\"logo\":{\"@type\":\"ImageObject\",\"url\":\"https:\\\/\\\/www.immo-invest.ch\\\/wp-content\\\/uploads\\\/2024\\\/09\\\/immoinvest_sm-scaled.jpg\",\"@id\":\"https:\\\/\\\/www.immo-invest.ch\\\/fr\\\/planung-fuer-neues-energiezentrum-in-dietikon-schreitet-voran\\\/#organizationLogo\",\"width\":2560,\"height\":1340},\"image\":{\"@id\":\"https:\\\/\\\/www.immo-invest.ch\\\/fr\\\/planung-fuer-neues-energiezentrum-in-dietikon-schreitet-voran\\\/#organizationLogo\"},\"sameAs\":[\"https:\\\/\\\/www.facebook.com\\\/people\\\/Immoinvest\\\/100077962920504\\\/\",\"https:\\\/\\\/x.com\\\/i\\\/flow\\\/login?redirect_after_login=immoinvest_ch\",\"https:\\\/\\\/www.instagram.com\\\/immoinvest_ch\\\/\",\"https:\\\/\\\/www.linkedin.com\\\/company\\\/immoinvest-swiss\"]},{\"@type\":\"Person\",\"@id\":\"https:\\\/\\\/www.immo-invest.ch\\\/fr\\\/author\\\/immovestuser\\\/#author\",\"url\":\"https:\\\/\\\/www.immo-invest.ch\\\/fr\\\/author\\\/immovestuser\\\/\",\"name\":\"immovestuser\",\"image\":{\"@type\":\"ImageObject\",\"@id\":\"https:\\\/\\\/www.immo-invest.ch\\\/fr\\\/planung-fuer-neues-energiezentrum-in-dietikon-schreitet-voran\\\/#authorImage\",\"url\":\"https:\\\/\\\/secure.gravatar.com\\\/avatar\\\/8e01f4d99f2eeea7a362ebb93305e1172a70e9293ba250f897a65c39f54cdd1e?s=96&d=mm&r=g\",\"width\":96,\"height\":96,\"caption\":\"immovestuser\"}},{\"@type\":\"WebPage\",\"@id\":\"https:\\\/\\\/www.immo-invest.ch\\\/fr\\\/planung-fuer-neues-energiezentrum-in-dietikon-schreitet-voran\\\/#webpage\",\"url\":\"https:\\\/\\\/www.immo-invest.ch\\\/fr\\\/planung-fuer-neues-energiezentrum-in-dietikon-schreitet-voran\\\/\",\"name\":\"La planification du nouveau centre \\u00e9nerg\\u00e9tique de Dietikon progresse - immo!nvest - Die Plattform f\\u00fcr Standorte und Immobilien\",\"description\":\"Regiowerk Limeco vous invite \\u00e0 une exposition fin janvier. Les r\\u00e9sultats du concours pour le nouveau centre \\u00e9nerg\\u00e9tique de Dietikon seront pr\\u00e9sent\\u00e9s. Six projets seront pr\\u00e9sent\\u00e9s.\",\"inLanguage\":\"fr-FR\",\"isPartOf\":{\"@id\":\"https:\\\/\\\/www.immo-invest.ch\\\/fr\\\/#website\"},\"breadcrumb\":{\"@id\":\"https:\\\/\\\/www.immo-invest.ch\\\/fr\\\/planung-fuer-neues-energiezentrum-in-dietikon-schreitet-voran\\\/#breadcrumblist\"},\"author\":{\"@id\":\"https:\\\/\\\/www.immo-invest.ch\\\/fr\\\/author\\\/immovestuser\\\/#author\"},\"creator\":{\"@id\":\"https:\\\/\\\/www.immo-invest.ch\\\/fr\\\/author\\\/immovestuser\\\/#author\"},\"image\":{\"@type\":\"ImageObject\",\"url\":\"https:\\\/\\\/www.immo-invest.ch\\\/wp-content\\\/uploads\\\/2022\\\/03\\\/immoinvest_Geodaten_1.jpg\",\"@id\":\"https:\\\/\\\/www.immo-invest.ch\\\/fr\\\/planung-fuer-neues-energiezentrum-in-dietikon-schreitet-voran\\\/#mainImage\",\"width\":1200,\"height\":627},\"primaryImageOfPage\":{\"@id\":\"https:\\\/\\\/www.immo-invest.ch\\\/fr\\\/planung-fuer-neues-energiezentrum-in-dietikon-schreitet-voran\\\/#mainImage\"},\"datePublished\":\"2025-01-10T08:20:08+01:00\",\"dateModified\":\"2025-01-06T10:30:32+01:00\"},{\"@type\":\"WebSite\",\"@id\":\"https:\\\/\\\/www.immo-invest.ch\\\/fr\\\/#website\",\"url\":\"https:\\\/\\\/www.immo-invest.ch\\\/fr\\\/\",\"name\":\"immo!nvest - Die Plattform f\\u00fcr Standorte und Immobilien\",\"description\":\"Die\\u00a0Plattform f\\u00fcr Standorte und Immobilien\",\"inLanguage\":\"fr-FR\",\"publisher\":{\"@id\":\"https:\\\/\\\/www.immo-invest.ch\\\/fr\\\/#organization\"}}]}\n\t\t<\/script>\n\t\t<!-- All in One SEO -->\n\n","aioseo_head_json":{"title":"La planification du nouveau centre \u00e9nerg\u00e9tique de Dietikon progresse - immo!nvest - Die Plattform f\u00fcr Standorte und Immobilien","description":"Regiowerk Limeco vous invite \u00e0 une exposition fin janvier. Les r\u00e9sultats du concours pour le nouveau centre \u00e9nerg\u00e9tique de Dietikon seront pr\u00e9sent\u00e9s. Six projets seront pr\u00e9sent\u00e9s.","canonical_url":"https:\/\/www.immo-invest.ch\/fr\/planung-fuer-neues-energiezentrum-in-dietikon-schreitet-voran\/","robots":"max-image-preview:large","keywords":"","webmasterTools":{"google-site-verification":"fHJKvgWpZCR2zVBHWfkQeFXC11qieUSff0HGNYfuyLA","miscellaneous":""},"schema":{"@context":"https:\/\/schema.org","@graph":[{"@type":"BlogPosting","@id":"https:\/\/www.immo-invest.ch\/fr\/planung-fuer-neues-energiezentrum-in-dietikon-schreitet-voran\/#blogposting","name":"La planification du nouveau centre \u00e9nerg\u00e9tique de Dietikon progresse - immo!nvest - Die Plattform f\u00fcr Standorte und Immobilien","headline":"La planification du nouveau centre \u00e9nerg\u00e9tique de Dietikon progresse","author":{"@id":"https:\/\/www.immo-invest.ch\/fr\/author\/immovestuser\/#author"},"publisher":{"@id":"https:\/\/www.immo-invest.ch\/fr\/#organization"},"image":{"@type":"ImageObject","url":"https:\/\/www.immo-invest.ch\/wp-content\/uploads\/2022\/03\/immoinvest_Geodaten_1.jpg","width":1200,"height":627},"datePublished":"2025-01-10T08:20:08+01:00","dateModified":"2025-01-06T10:30:32+01:00","inLanguage":"fr-FR","mainEntityOfPage":{"@id":"https:\/\/www.immo-invest.ch\/fr\/planung-fuer-neues-energiezentrum-in-dietikon-schreitet-voran\/#webpage"},"isPartOf":{"@id":"https:\/\/www.immo-invest.ch\/fr\/planung-fuer-neues-energiezentrum-in-dietikon-schreitet-voran\/#webpage"},"articleSection":"Durabilit\u00e9, \u00c9nergie, immoNews, Industrie du b\u00e2timent, Facultatif"},{"@type":"BreadcrumbList","@id":"https:\/\/www.immo-invest.ch\/fr\/planung-fuer-neues-energiezentrum-in-dietikon-schreitet-voran\/#breadcrumblist","itemListElement":[{"@type":"ListItem","@id":"https:\/\/www.immo-invest.ch\/fr\/#listItem","position":1,"name":"Home","item":"https:\/\/www.immo-invest.ch\/fr\/","nextItem":{"@type":"ListItem","@id":"https:\/\/www.immo-invest.ch\/fr\/categories\/trends-fr\/#listItem","name":"Trends"}},{"@type":"ListItem","@id":"https:\/\/www.immo-invest.ch\/fr\/categories\/trends-fr\/#listItem","position":2,"name":"Trends","item":"https:\/\/www.immo-invest.ch\/fr\/categories\/trends-fr\/","nextItem":{"@type":"ListItem","@id":"https:\/\/www.immo-invest.ch\/fr\/categories\/trends-fr\/industrie-du-batiment\/#listItem","name":"Industrie du b\u00e2timent"},"previousItem":{"@type":"ListItem","@id":"https:\/\/www.immo-invest.ch\/fr\/#listItem","name":"Home"}},{"@type":"ListItem","@id":"https:\/\/www.immo-invest.ch\/fr\/categories\/trends-fr\/industrie-du-batiment\/#listItem","position":3,"name":"Industrie du b\u00e2timent","item":"https:\/\/www.immo-invest.ch\/fr\/categories\/trends-fr\/industrie-du-batiment\/","nextItem":{"@type":"ListItem","@id":"https:\/\/www.immo-invest.ch\/fr\/planung-fuer-neues-energiezentrum-in-dietikon-schreitet-voran\/#listItem","name":"La planification du nouveau centre \u00e9nerg\u00e9tique de Dietikon progresse"},"previousItem":{"@type":"ListItem","@id":"https:\/\/www.immo-invest.ch\/fr\/categories\/trends-fr\/#listItem","name":"Trends"}},{"@type":"ListItem","@id":"https:\/\/www.immo-invest.ch\/fr\/planung-fuer-neues-energiezentrum-in-dietikon-schreitet-voran\/#listItem","position":4,"name":"La planification du nouveau centre \u00e9nerg\u00e9tique de Dietikon progresse","previousItem":{"@type":"ListItem","@id":"https:\/\/www.immo-invest.ch\/fr\/categories\/trends-fr\/industrie-du-batiment\/#listItem","name":"Industrie du b\u00e2timent"}}]},{"@type":"Organization","@id":"https:\/\/www.immo-invest.ch\/fr\/#organization","name":"immo!nvest - Die Plattform f\u00fcr Standorte und Immobilien","description":"Die\u00a0Plattform f\u00fcr Standorte und Immobilien","url":"https:\/\/www.immo-invest.ch\/fr\/","email":"admin@immomedia.ag","telephone":"+41444420002","logo":{"@type":"ImageObject","url":"https:\/\/www.immo-invest.ch\/wp-content\/uploads\/2024\/09\/immoinvest_sm-scaled.jpg","@id":"https:\/\/www.immo-invest.ch\/fr\/planung-fuer-neues-energiezentrum-in-dietikon-schreitet-voran\/#organizationLogo","width":2560,"height":1340},"image":{"@id":"https:\/\/www.immo-invest.ch\/fr\/planung-fuer-neues-energiezentrum-in-dietikon-schreitet-voran\/#organizationLogo"},"sameAs":["https:\/\/www.facebook.com\/people\/Immoinvest\/100077962920504\/","https:\/\/x.com\/i\/flow\/login?redirect_after_login=immoinvest_ch","https:\/\/www.instagram.com\/immoinvest_ch\/","https:\/\/www.linkedin.com\/company\/immoinvest-swiss"]},{"@type":"Person","@id":"https:\/\/www.immo-invest.ch\/fr\/author\/immovestuser\/#author","url":"https:\/\/www.immo-invest.ch\/fr\/author\/immovestuser\/","name":"immovestuser","image":{"@type":"ImageObject","@id":"https:\/\/www.immo-invest.ch\/fr\/planung-fuer-neues-energiezentrum-in-dietikon-schreitet-voran\/#authorImage","url":"https:\/\/secure.gravatar.com\/avatar\/8e01f4d99f2eeea7a362ebb93305e1172a70e9293ba250f897a65c39f54cdd1e?s=96&d=mm&r=g","width":96,"height":96,"caption":"immovestuser"}},{"@type":"WebPage","@id":"https:\/\/www.immo-invest.ch\/fr\/planung-fuer-neues-energiezentrum-in-dietikon-schreitet-voran\/#webpage","url":"https:\/\/www.immo-invest.ch\/fr\/planung-fuer-neues-energiezentrum-in-dietikon-schreitet-voran\/","name":"La planification du nouveau centre \u00e9nerg\u00e9tique de Dietikon progresse - immo!nvest - Die Plattform f\u00fcr Standorte und Immobilien","description":"Regiowerk Limeco vous invite \u00e0 une exposition fin janvier. Les r\u00e9sultats du concours pour le nouveau centre \u00e9nerg\u00e9tique de Dietikon seront pr\u00e9sent\u00e9s. Six projets seront pr\u00e9sent\u00e9s.","inLanguage":"fr-FR","isPartOf":{"@id":"https:\/\/www.immo-invest.ch\/fr\/#website"},"breadcrumb":{"@id":"https:\/\/www.immo-invest.ch\/fr\/planung-fuer-neues-energiezentrum-in-dietikon-schreitet-voran\/#breadcrumblist"},"author":{"@id":"https:\/\/www.immo-invest.ch\/fr\/author\/immovestuser\/#author"},"creator":{"@id":"https:\/\/www.immo-invest.ch\/fr\/author\/immovestuser\/#author"},"image":{"@type":"ImageObject","url":"https:\/\/www.immo-invest.ch\/wp-content\/uploads\/2022\/03\/immoinvest_Geodaten_1.jpg","@id":"https:\/\/www.immo-invest.ch\/fr\/planung-fuer-neues-energiezentrum-in-dietikon-schreitet-voran\/#mainImage","width":1200,"height":627},"primaryImageOfPage":{"@id":"https:\/\/www.immo-invest.ch\/fr\/planung-fuer-neues-energiezentrum-in-dietikon-schreitet-voran\/#mainImage"},"datePublished":"2025-01-10T08:20:08+01:00","dateModified":"2025-01-06T10:30:32+01:00"},{"@type":"WebSite","@id":"https:\/\/www.immo-invest.ch\/fr\/#website","url":"https:\/\/www.immo-invest.ch\/fr\/","name":"immo!nvest - Die Plattform f\u00fcr Standorte und Immobilien","description":"Die\u00a0Plattform f\u00fcr Standorte und Immobilien","inLanguage":"fr-FR","publisher":{"@id":"https:\/\/www.immo-invest.ch\/fr\/#organization"}}]},"og:locale":"fr_FR","og:site_name":"immo!nvest - Die Plattform f\u00fcr Standorte und Immobilien - Die\u00a0Plattform f\u00fcr Standorte und Immobilien","og:type":"article","og:title":"La planification du nouveau centre \u00e9nerg\u00e9tique de Dietikon progresse - immo!nvest - Die Plattform f\u00fcr Standorte und Immobilien","og:description":"Regiowerk Limeco vous invite \u00e0 une exposition fin janvier. Les r\u00e9sultats du concours pour le nouveau centre \u00e9nerg\u00e9tique de Dietikon seront pr\u00e9sent\u00e9s. Six projets seront pr\u00e9sent\u00e9s.","og:url":"https:\/\/www.immo-invest.ch\/fr\/planung-fuer-neues-energiezentrum-in-dietikon-schreitet-voran\/","og:image":"https:\/\/www.immo-invest.ch\/wp-content\/uploads\/2022\/03\/immoinvest_Geodaten_1.jpg","og:image:secure_url":"https:\/\/www.immo-invest.ch\/wp-content\/uploads\/2022\/03\/immoinvest_Geodaten_1.jpg","og:image:width":1200,"og:image:height":627,"article:published_time":"2025-01-10T07:20:08+00:00","article:modified_time":"2025-01-06T09:30:32+00:00","article:publisher":"https:\/\/www.facebook.com\/people\/Immoinvest\/100077962920504\/","twitter:card":"summary_large_image","twitter:site":"@i","twitter:title":"La planification du nouveau centre \u00e9nerg\u00e9tique de Dietikon progresse - immo!nvest - Die Plattform f\u00fcr Standorte und Immobilien","twitter:description":"Regiowerk Limeco vous invite \u00e0 une exposition fin janvier. Les r\u00e9sultats du concours pour le nouveau centre \u00e9nerg\u00e9tique de Dietikon seront pr\u00e9sent\u00e9s. Six projets seront pr\u00e9sent\u00e9s.","twitter:creator":"@i","twitter:image":"https:\/\/www.immo-invest.ch\/wp-content\/uploads\/2022\/03\/immoinvest_Geodaten_1.jpg"},"aioseo_meta_data":{"post_id":"122832","title":null,"description":null,"keywords":null,"keyphrases":{"focus":{"keyphrase":"","score":0,"analysis":{"keyphraseInTitle":{"score":0,"maxScore":9,"error":1}}},"additional":[]},"primary_term":null,"canonical_url":null,"og_title":null,"og_description":null,"og_object_type":"default","og_image_type":"default","og_image_url":null,"og_image_width":null,"og_image_height":null,"og_image_custom_url":null,"og_image_custom_fields":null,"og_video":"","og_custom_url":null,"og_article_section":null,"og_article_tags":null,"twitter_use_og":false,"twitter_card":"default","twitter_image_type":"default","twitter_image_url":null,"twitter_image_custom_url":null,"twitter_image_custom_fields":null,"twitter_title":null,"twitter_description":null,"schema":{"blockGraphs":[],"customGraphs":[],"default":{"data":{"Article":[],"Course":[],"Dataset":[],"FAQPage":[],"Movie":[],"Person":[],"Product":[],"ProductReview":[],"Car":[],"Recipe":[],"Service":[],"SoftwareApplication":[],"WebPage":[]},"graphName":"BlogPosting","isEnabled":true},"graphs":[]},"schema_type":"default","schema_type_options":null,"pillar_content":false,"robots_default":true,"robots_noindex":false,"robots_noarchive":false,"robots_nosnippet":false,"robots_nofollow":false,"robots_noimageindex":false,"robots_noodp":false,"robots_notranslate":false,"robots_max_snippet":"-1","robots_max_videopreview":"-1","robots_max_imagepreview":"large","priority":null,"frequency":"default","local_seo":null,"breadcrumb_settings":null,"limit_modified_date":false,"ai":null,"created":"2025-01-06 09:30:32","updated":"2025-10-24 15:18:15","seo_analyzer_scan_date":null,"focus_keyword":null,"additional_keywords":null,"truseo_locale":null},"aioseo_breadcrumb":"<div class=\"aioseo-breadcrumbs\"><span class=\"aioseo-breadcrumb\">\n\t\t\t<a href=\"https:\/\/www.immo-invest.ch\/fr\/\" title=\"Home\">Home<\/a>\n\t\t<\/span><span class=\"aioseo-breadcrumb-separator\">&raquo;<\/span><span class=\"aioseo-breadcrumb\">\n\t\t\t<a href=\"https:\/\/www.immo-invest.ch\/fr\/categories\/trends-fr\/\" title=\"Trends\">Trends<\/a>\n\t\t<\/span><span class=\"aioseo-breadcrumb-separator\">&raquo;<\/span><span class=\"aioseo-breadcrumb\">\n\t\t\t<a href=\"https:\/\/www.immo-invest.ch\/fr\/categories\/trends-fr\/industrie-du-batiment\/\" title=\"Industrie du b\u00e2timent\">Industrie du b\u00e2timent<\/a>\n\t\t<\/span><span class=\"aioseo-breadcrumb-separator\">&raquo;<\/span><span class=\"aioseo-breadcrumb\">\n\t\t\tLa planification du nouveau centre \u00e9nerg\u00e9tique de Dietikon progresse\n\t\t<\/span><\/div>","aioseo_breadcrumb_json":[{"label":"Home","link":"https:\/\/www.immo-invest.ch\/fr\/"},{"label":"Trends","link":"https:\/\/www.immo-invest.ch\/fr\/categories\/trends-fr\/"},{"label":"Industrie du b\u00e2timent","link":"https:\/\/www.immo-invest.ch\/fr\/categories\/trends-fr\/industrie-du-batiment\/"},{"label":"La planification du nouveau centre \u00e9nerg\u00e9tique de Dietikon progresse","link":"https:\/\/www.immo-invest.ch\/fr\/planung-fuer-neues-energiezentrum-in-dietikon-schreitet-voran\/"}],"featured_image_src":"https:\/\/www.immo-invest.ch\/wp-content\/uploads\/2022\/03\/immoinvest_Geodaten_1-336x168.jpg","_links":{"self":[{"href":"https:\/\/www.immo-invest.ch\/fr\/wp-json\/wp\/v2\/posts\/122832","targetHints":{"allow":["GET"]}}],"collection":[{"href":"https:\/\/www.immo-invest.ch\/fr\/wp-json\/wp\/v2\/posts"}],"about":[{"href":"https:\/\/www.immo-invest.ch\/fr\/wp-json\/wp\/v2\/types\/post"}],"author":[{"embeddable":true,"href":"https:\/\/www.immo-invest.ch\/fr\/wp-json\/wp\/v2\/users\/2"}],"replies":[{"embeddable":true,"href":"https:\/\/www.immo-invest.ch\/fr\/wp-json\/wp\/v2\/comments?post=122832"}],"version-history":[{"count":0,"href":"https:\/\/www.immo-invest.ch\/fr\/wp-json\/wp\/v2\/posts\/122832\/revisions"}],"wp:featuredmedia":[{"embeddable":true,"href":"https:\/\/www.immo-invest.ch\/fr\/wp-json\/wp\/v2\/media\/34674"}],"wp:attachment":[{"href":"https:\/\/www.immo-invest.ch\/fr\/wp-json\/wp\/v2\/media?parent=122832"}],"wp:term":[{"taxonomy":"category","embeddable":true,"href":"https:\/\/www.immo-invest.ch\/fr\/wp-json\/wp\/v2\/categories?post=122832"},{"taxonomy":"post_tag","embeddable":true,"href":"https:\/\/www.immo-invest.ch\/fr\/wp-json\/wp\/v2\/tags?post=122832"}],"curies":[{"name":"wp","href":"https:\/\/api.w.org\/{rel}","templated":true}]}}