{"id":122510,"date":"2025-01-06T09:00:00","date_gmt":"2025-01-06T08:00:00","guid":{"rendered":"https:\/\/www.immo-invest.ch\/?p=122510"},"modified":"2024-12-19T16:39:08","modified_gmt":"2024-12-19T15:39:08","slug":"nachhaltige-bueroflaechen-fuer-globalen-hauptsitz-in-baden","status":"publish","type":"post","link":"https:\/\/www.immo-invest.ch\/fr\/nachhaltige-bueroflaechen-fuer-globalen-hauptsitz-in-baden\/","title":{"rendered":"Des bureaux durables pour le si\u00e8ge mondial \u00e0 Baden"},"content":{"rendered":"<p class=\"bodytext wp-block-paragraph\"><a href=\"https:\/\/www.colliers.com\/en-de\" target=\"_blank\" rel=\"noopener\">Colliers Switzerland<\/a> a lou&eacute; au groupe technologique <a href=\"https:\/\/www.harting.com\/\" target=\"_blank\" rel=\"noopener\">Harting<\/a> une surface de bureaux de 1530 m&egrave;tres carr&eacute;s au cinqui&egrave;me &eacute;tage du Konnex Baden. Selon le communiqu&eacute; de presse, le nouveau si&egrave;ge mondial du fournisseur de connectique industrielle doit y &ecirc;tre construit et entrer en service en octobre 2025.<\/p>\n\n\n\n\n\n<p class=\"bodytext wp-block-paragraph\">Harting a son si&egrave;ge social &agrave; Eskelkamp, en Rh&eacute;nanie-du-Nord-Westphalie, et son si&egrave;ge suisse &agrave; Volketswil ZH. La connectique Harting est utilis&eacute;e pour la transmission de donn&eacute;es et d&rsquo;&eacute;lectricit&eacute;, notamment dans les domaines du transport, de la mobilit&eacute; &eacute;lectrique, de la production d&rsquo;&eacute;nergie renouvelable, de l&rsquo;automatisation et de la construction m&eacute;canique, selon le communiqu&eacute;. Depuis le nouveau bureau central, des cadres sup&eacute;rieurs actifs au niveau suprar&eacute;gional prendront en charge la gestion globale de l&rsquo;entreprise. La d&eacute;cision de Harting d&rsquo;emm&eacute;nager dans le Konnex a &eacute;t&eacute; motiv&eacute;e, entre autres, par les normes &eacute;lev&eacute;es de durabilit&eacute; du Konnex.<\/p>\n\n\n\n\n\n<p class=\"bodytext wp-block-paragraph\">Le Konnex sera un concept innovant de ville dans la ville, avec une gamme de services et de commodit&eacute;s, y compris la restauration, les magasins de proximit&eacute;, le fitness, la garde d&rsquo;enfants et le co-working. Le b&acirc;timent Konnex est situ&eacute; en centre-ville, &agrave; cinq minutes &agrave; pied de la gare de Baden et &agrave; 20 minutes de Zurich.<\/p>\n\n\n\n\n\n<p class=\"bodytext wp-block-paragraph\">Colliers Switzerland, dont le si&egrave;ge est &agrave; Zollikon, op&eacute;rait auparavant sous le nom de SPGI Zurich AG. La soci&eacute;t&eacute; de gestion immobili&egrave;re est une filiale du <a href=\"https:\/\/www.intercitygroup.ch\/\" target=\"_blank\" rel=\"noopener\">groupe Intercity<\/a>.<\/p>\n\n","protected":false},"excerpt":{"rendered":"<p>La soci\u00e9t\u00e9 immobili\u00e8re Colliers Switzerland a lou\u00e9 une nouvelle grande surface dans le complexe immobilier Konnex au centre de Baden. Harting AG installe son nouveau si\u00e8ge mondial \u00e0 Baden.<\/p>\n","protected":false},"author":2,"featured_media":122505,"comment_status":"open","ping_status":"open","sticky":false,"template":"","format":"standard","meta":{"pmpro_default_level":"","inline_featured_image":false,"_monsterinsights_skip_tracking":false,"footnotes":""},"categories":[4897,22696,743,22357,39686,22438],"tags":[38482,3931,1988,39703],"class_list":["post-122510","post","type-post","status-publish","format-standard","has-post-thumbnail","hentry","category-region-aarau","category-entreprise","category-immonews-fr","category-industrie-du-batiment","category-standorte-fr","category-trends-fr","tag-arbeitswelt-fr","tag-immonews-fr","tag-news","tag-stadtentwicklung-fr","pmpro-has-access"],"acf":{"bild_mit_ki_erstellt_worden":[],"lead":"La soci\u00e9t\u00e9 immobili\u00e8re Colliers Switzerland a lou\u00e9 une nouvelle grande surface dans le complexe immobilier Konnex au centre de Baden. Harting AG installe son nouveau si\u00e8ge mondial \u00e0 Baden.","autor":"ce\/gba","ort":"Baden AG\/Zollikon ZH","bildunterschrift":"","bild_im_grid":false,"gallerie":"","newsim":""},"aioseo_notices":[],"aioseo_head":"\n\t\t<!-- All in One SEO 5.0.0.1 - aioseo.com -->\n\t<meta name=\"description\" content=\"La soci\u00e9t\u00e9 immobili\u00e8re Colliers Switzerland a lou\u00e9 une nouvelle grande surface dans le complexe immobilier Konnex au centre de Baden. Harting AG installe son nouveau si\u00e8ge mondial \u00e0 Baden.\" \/>\n\t<meta name=\"robots\" content=\"max-image-preview:large\" \/>\n\t<meta name=\"author\" content=\"immovestuser\"\/>\n\t<meta name=\"google-site-verification\" content=\"fHJKvgWpZCR2zVBHWfkQeFXC11qieUSff0HGNYfuyLA\" \/>\n\t<link rel=\"canonical\" href=\"https:\/\/www.immo-invest.ch\/fr\/nachhaltige-bueroflaechen-fuer-globalen-hauptsitz-in-baden\/\" \/>\n\t<meta name=\"generator\" content=\"All in One SEO (AIOSEO) 5.0.0.1\" \/>\n\t\t<meta property=\"og:locale\" content=\"fr_FR\" \/>\n\t\t<meta property=\"og:site_name\" content=\"immo!nvest - Die Plattform f\u00fcr Standorte und Immobilien - Die\u00a0Plattform f\u00fcr Standorte und Immobilien\" \/>\n\t\t<meta property=\"og:type\" content=\"article\" \/>\n\t\t<meta property=\"og:title\" content=\"Des bureaux durables pour le si\u00e8ge mondial \u00e0 Baden - immo!nvest - Die Plattform f\u00fcr Standorte und Immobilien\" \/>\n\t\t<meta property=\"og:description\" content=\"La soci\u00e9t\u00e9 immobili\u00e8re Colliers Switzerland a lou\u00e9 une nouvelle grande surface dans le complexe immobilier Konnex au centre de Baden. Harting AG installe son nouveau si\u00e8ge mondial \u00e0 Baden.\" \/>\n\t\t<meta property=\"og:url\" content=\"https:\/\/www.immo-invest.ch\/fr\/nachhaltige-bueroflaechen-fuer-globalen-hauptsitz-in-baden\/\" \/>\n\t\t<meta property=\"og:image\" content=\"https:\/\/www.immo-invest.ch\/wp-content\/uploads\/2024\/12\/immo-invest_standorte_aargau_bauwirtschaft_unternehmen_baden_buerovermietung.png\" \/>\n\t\t<meta property=\"og:image:secure_url\" content=\"https:\/\/www.immo-invest.ch\/wp-content\/uploads\/2024\/12\/immo-invest_standorte_aargau_bauwirtschaft_unternehmen_baden_buerovermietung.png\" \/>\n\t\t<meta property=\"og:image:width\" content=\"1536\" \/>\n\t\t<meta property=\"og:image:height\" content=\"768\" \/>\n\t\t<meta property=\"article:published_time\" content=\"2025-01-06T08:00:00+00:00\" \/>\n\t\t<meta property=\"article:modified_time\" content=\"2024-12-19T15:39:08+00:00\" \/>\n\t\t<meta property=\"article:publisher\" content=\"https:\/\/www.facebook.com\/people\/Immoinvest\/100077962920504\/\" \/>\n\t\t<meta name=\"twitter:card\" content=\"summary_large_image\" \/>\n\t\t<meta name=\"twitter:site\" content=\"@i\" \/>\n\t\t<meta name=\"twitter:title\" content=\"Des bureaux durables pour le si\u00e8ge mondial \u00e0 Baden - immo!nvest - Die Plattform f\u00fcr Standorte und Immobilien\" \/>\n\t\t<meta name=\"twitter:description\" content=\"La soci\u00e9t\u00e9 immobili\u00e8re Colliers Switzerland a lou\u00e9 une nouvelle grande surface dans le complexe immobilier Konnex au centre de Baden. Harting AG installe son nouveau si\u00e8ge mondial \u00e0 Baden.\" \/>\n\t\t<meta name=\"twitter:creator\" content=\"@i\" \/>\n\t\t<meta name=\"twitter:image\" content=\"https:\/\/www.immo-invest.ch\/wp-content\/uploads\/2024\/12\/immo-invest_standorte_aargau_bauwirtschaft_unternehmen_baden_buerovermietung.png\" \/>\n\t\t<script type=\"application\/ld+json\" class=\"aioseo-schema\">\n\t\t\t{\"@context\":\"https:\\\/\\\/schema.org\",\"@graph\":[{\"@type\":\"BlogPosting\",\"@id\":\"https:\\\/\\\/www.immo-invest.ch\\\/fr\\\/nachhaltige-bueroflaechen-fuer-globalen-hauptsitz-in-baden\\\/#blogposting\",\"name\":\"Des bureaux durables pour le si\\u00e8ge mondial \\u00e0 Baden - immo!nvest - Die Plattform f\\u00fcr Standorte und Immobilien\",\"headline\":\"Des bureaux durables pour le si\\u00e8ge mondial \\u00e0 Baden\",\"author\":{\"@id\":\"https:\\\/\\\/www.immo-invest.ch\\\/fr\\\/author\\\/immovestuser\\\/#author\"},\"publisher\":{\"@id\":\"https:\\\/\\\/www.immo-invest.ch\\\/fr\\\/#organization\"},\"image\":{\"@type\":\"ImageObject\",\"url\":\"https:\\\/\\\/www.immo-invest.ch\\\/wp-content\\\/uploads\\\/2024\\\/12\\\/immo-invest_standorte_aargau_bauwirtschaft_unternehmen_baden_buerovermietung.png\",\"width\":1536,\"height\":768},\"datePublished\":\"2025-01-06T09:00:00+01:00\",\"dateModified\":\"2024-12-19T16:39:08+01:00\",\"inLanguage\":\"fr-FR\",\"mainEntityOfPage\":{\"@id\":\"https:\\\/\\\/www.immo-invest.ch\\\/fr\\\/nachhaltige-bueroflaechen-fuer-globalen-hauptsitz-in-baden\\\/#webpage\"},\"isPartOf\":{\"@id\":\"https:\\\/\\\/www.immo-invest.ch\\\/fr\\\/nachhaltige-bueroflaechen-fuer-globalen-hauptsitz-in-baden\\\/#webpage\"},\"articleSection\":\"Aargau, Entreprise, immoNews, Industrie du b\\u00e2timent, Standorte, Trends, Arbeitswelt, immoNews, News, Stadtentwicklung, Facultatif\"},{\"@type\":\"BreadcrumbList\",\"@id\":\"https:\\\/\\\/www.immo-invest.ch\\\/fr\\\/nachhaltige-bueroflaechen-fuer-globalen-hauptsitz-in-baden\\\/#breadcrumblist\",\"itemListElement\":[{\"@type\":\"ListItem\",\"@id\":\"https:\\\/\\\/www.immo-invest.ch\\\/fr\\\/#listItem\",\"position\":1,\"name\":\"Home\",\"item\":\"https:\\\/\\\/www.immo-invest.ch\\\/fr\\\/\",\"nextItem\":{\"@type\":\"ListItem\",\"@id\":\"https:\\\/\\\/www.immo-invest.ch\\\/fr\\\/categories\\\/regions\\\/#listItem\",\"name\":\"R\\u00e9gions\"}},{\"@type\":\"ListItem\",\"@id\":\"https:\\\/\\\/www.immo-invest.ch\\\/fr\\\/categories\\\/regions\\\/#listItem\",\"position\":2,\"name\":\"R\\u00e9gions\",\"item\":\"https:\\\/\\\/www.immo-invest.ch\\\/fr\\\/categories\\\/regions\\\/\",\"nextItem\":{\"@type\":\"ListItem\",\"@id\":\"https:\\\/\\\/www.immo-invest.ch\\\/fr\\\/categories\\\/regions\\\/suisse\\\/#listItem\",\"name\":\"Suisse\"},\"previousItem\":{\"@type\":\"ListItem\",\"@id\":\"https:\\\/\\\/www.immo-invest.ch\\\/fr\\\/#listItem\",\"name\":\"Home\"}},{\"@type\":\"ListItem\",\"@id\":\"https:\\\/\\\/www.immo-invest.ch\\\/fr\\\/categories\\\/regions\\\/suisse\\\/#listItem\",\"position\":3,\"name\":\"Suisse\",\"item\":\"https:\\\/\\\/www.immo-invest.ch\\\/fr\\\/categories\\\/regions\\\/suisse\\\/\",\"nextItem\":{\"@type\":\"ListItem\",\"@id\":\"https:\\\/\\\/www.immo-invest.ch\\\/fr\\\/categories\\\/regions\\\/suisse\\\/suisse-du-nord-ouest\\\/#listItem\",\"name\":\"Suisse du Nord-Ouest\"},\"previousItem\":{\"@type\":\"ListItem\",\"@id\":\"https:\\\/\\\/www.immo-invest.ch\\\/fr\\\/categories\\\/regions\\\/#listItem\",\"name\":\"R\\u00e9gions\"}},{\"@type\":\"ListItem\",\"@id\":\"https:\\\/\\\/www.immo-invest.ch\\\/fr\\\/categories\\\/regions\\\/suisse\\\/suisse-du-nord-ouest\\\/#listItem\",\"position\":4,\"name\":\"Suisse du Nord-Ouest\",\"item\":\"https:\\\/\\\/www.immo-invest.ch\\\/fr\\\/categories\\\/regions\\\/suisse\\\/suisse-du-nord-ouest\\\/\",\"nextItem\":{\"@type\":\"ListItem\",\"@id\":\"https:\\\/\\\/www.immo-invest.ch\\\/fr\\\/categories\\\/regions\\\/suisse\\\/suisse-du-nord-ouest\\\/region-aarau\\\/#listItem\",\"name\":\"Aargau\"},\"previousItem\":{\"@type\":\"ListItem\",\"@id\":\"https:\\\/\\\/www.immo-invest.ch\\\/fr\\\/categories\\\/regions\\\/suisse\\\/#listItem\",\"name\":\"Suisse\"}},{\"@type\":\"ListItem\",\"@id\":\"https:\\\/\\\/www.immo-invest.ch\\\/fr\\\/categories\\\/regions\\\/suisse\\\/suisse-du-nord-ouest\\\/region-aarau\\\/#listItem\",\"position\":5,\"name\":\"Aargau\",\"item\":\"https:\\\/\\\/www.immo-invest.ch\\\/fr\\\/categories\\\/regions\\\/suisse\\\/suisse-du-nord-ouest\\\/region-aarau\\\/\",\"nextItem\":{\"@type\":\"ListItem\",\"@id\":\"https:\\\/\\\/www.immo-invest.ch\\\/fr\\\/nachhaltige-bueroflaechen-fuer-globalen-hauptsitz-in-baden\\\/#listItem\",\"name\":\"Des bureaux durables pour le si\\u00e8ge mondial \\u00e0 Baden\"},\"previousItem\":{\"@type\":\"ListItem\",\"@id\":\"https:\\\/\\\/www.immo-invest.ch\\\/fr\\\/categories\\\/regions\\\/suisse\\\/suisse-du-nord-ouest\\\/#listItem\",\"name\":\"Suisse du Nord-Ouest\"}},{\"@type\":\"ListItem\",\"@id\":\"https:\\\/\\\/www.immo-invest.ch\\\/fr\\\/nachhaltige-bueroflaechen-fuer-globalen-hauptsitz-in-baden\\\/#listItem\",\"position\":6,\"name\":\"Des bureaux durables pour le si\\u00e8ge mondial \\u00e0 Baden\",\"previousItem\":{\"@type\":\"ListItem\",\"@id\":\"https:\\\/\\\/www.immo-invest.ch\\\/fr\\\/categories\\\/regions\\\/suisse\\\/suisse-du-nord-ouest\\\/region-aarau\\\/#listItem\",\"name\":\"Aargau\"}}]},{\"@type\":\"Organization\",\"@id\":\"https:\\\/\\\/www.immo-invest.ch\\\/fr\\\/#organization\",\"name\":\"immo!nvest - Die Plattform f\\u00fcr Standorte und Immobilien\",\"description\":\"Die\\u00a0Plattform f\\u00fcr Standorte und Immobilien\",\"url\":\"https:\\\/\\\/www.immo-invest.ch\\\/fr\\\/\",\"email\":\"admin@immomedia.ag\",\"telephone\":\"+41444420002\",\"logo\":{\"@type\":\"ImageObject\",\"url\":\"https:\\\/\\\/www.immo-invest.ch\\\/wp-content\\\/uploads\\\/2024\\\/09\\\/immoinvest_sm-scaled.jpg\",\"@id\":\"https:\\\/\\\/www.immo-invest.ch\\\/fr\\\/nachhaltige-bueroflaechen-fuer-globalen-hauptsitz-in-baden\\\/#organizationLogo\",\"width\":2560,\"height\":1340},\"image\":{\"@id\":\"https:\\\/\\\/www.immo-invest.ch\\\/fr\\\/nachhaltige-bueroflaechen-fuer-globalen-hauptsitz-in-baden\\\/#organizationLogo\"},\"sameAs\":[\"https:\\\/\\\/www.facebook.com\\\/people\\\/Immoinvest\\\/100077962920504\\\/\",\"https:\\\/\\\/x.com\\\/i\\\/flow\\\/login?redirect_after_login=immoinvest_ch\",\"https:\\\/\\\/www.instagram.com\\\/immoinvest_ch\\\/\",\"https:\\\/\\\/www.linkedin.com\\\/company\\\/immoinvest-swiss\"]},{\"@type\":\"Person\",\"@id\":\"https:\\\/\\\/www.immo-invest.ch\\\/fr\\\/author\\\/immovestuser\\\/#author\",\"url\":\"https:\\\/\\\/www.immo-invest.ch\\\/fr\\\/author\\\/immovestuser\\\/\",\"name\":\"immovestuser\",\"image\":{\"@type\":\"ImageObject\",\"@id\":\"https:\\\/\\\/www.immo-invest.ch\\\/fr\\\/nachhaltige-bueroflaechen-fuer-globalen-hauptsitz-in-baden\\\/#authorImage\",\"url\":\"https:\\\/\\\/secure.gravatar.com\\\/avatar\\\/8e01f4d99f2eeea7a362ebb93305e1172a70e9293ba250f897a65c39f54cdd1e?s=96&d=mm&r=g\",\"width\":96,\"height\":96,\"caption\":\"immovestuser\"}},{\"@type\":\"WebPage\",\"@id\":\"https:\\\/\\\/www.immo-invest.ch\\\/fr\\\/nachhaltige-bueroflaechen-fuer-globalen-hauptsitz-in-baden\\\/#webpage\",\"url\":\"https:\\\/\\\/www.immo-invest.ch\\\/fr\\\/nachhaltige-bueroflaechen-fuer-globalen-hauptsitz-in-baden\\\/\",\"name\":\"Des bureaux durables pour le si\\u00e8ge mondial \\u00e0 Baden - immo!nvest - Die Plattform f\\u00fcr Standorte und Immobilien\",\"description\":\"La soci\\u00e9t\\u00e9 immobili\\u00e8re Colliers Switzerland a lou\\u00e9 une nouvelle grande surface dans le complexe immobilier Konnex au centre de Baden. Harting AG installe son nouveau si\\u00e8ge mondial \\u00e0 Baden.\",\"inLanguage\":\"fr-FR\",\"isPartOf\":{\"@id\":\"https:\\\/\\\/www.immo-invest.ch\\\/fr\\\/#website\"},\"breadcrumb\":{\"@id\":\"https:\\\/\\\/www.immo-invest.ch\\\/fr\\\/nachhaltige-bueroflaechen-fuer-globalen-hauptsitz-in-baden\\\/#breadcrumblist\"},\"author\":{\"@id\":\"https:\\\/\\\/www.immo-invest.ch\\\/fr\\\/author\\\/immovestuser\\\/#author\"},\"creator\":{\"@id\":\"https:\\\/\\\/www.immo-invest.ch\\\/fr\\\/author\\\/immovestuser\\\/#author\"},\"image\":{\"@type\":\"ImageObject\",\"url\":\"https:\\\/\\\/www.immo-invest.ch\\\/wp-content\\\/uploads\\\/2024\\\/12\\\/immo-invest_standorte_aargau_bauwirtschaft_unternehmen_baden_buerovermietung.png\",\"@id\":\"https:\\\/\\\/www.immo-invest.ch\\\/fr\\\/nachhaltige-bueroflaechen-fuer-globalen-hauptsitz-in-baden\\\/#mainImage\",\"width\":1536,\"height\":768},\"primaryImageOfPage\":{\"@id\":\"https:\\\/\\\/www.immo-invest.ch\\\/fr\\\/nachhaltige-bueroflaechen-fuer-globalen-hauptsitz-in-baden\\\/#mainImage\"},\"datePublished\":\"2025-01-06T09:00:00+01:00\",\"dateModified\":\"2024-12-19T16:39:08+01:00\"},{\"@type\":\"WebSite\",\"@id\":\"https:\\\/\\\/www.immo-invest.ch\\\/fr\\\/#website\",\"url\":\"https:\\\/\\\/www.immo-invest.ch\\\/fr\\\/\",\"name\":\"immo!nvest - Die Plattform f\\u00fcr Standorte und Immobilien\",\"description\":\"Die\\u00a0Plattform f\\u00fcr Standorte und Immobilien\",\"inLanguage\":\"fr-FR\",\"publisher\":{\"@id\":\"https:\\\/\\\/www.immo-invest.ch\\\/fr\\\/#organization\"}}]}\n\t\t<\/script>\n\t\t<!-- All in One SEO -->\n\n","aioseo_head_json":{"title":"Des bureaux durables pour le si\u00e8ge mondial \u00e0 Baden - immo!nvest - Die Plattform f\u00fcr Standorte und Immobilien","description":"La soci\u00e9t\u00e9 immobili\u00e8re Colliers Switzerland a lou\u00e9 une nouvelle grande surface dans le complexe immobilier Konnex au centre de Baden. Harting AG installe son nouveau si\u00e8ge mondial \u00e0 Baden.","canonical_url":"https:\/\/www.immo-invest.ch\/fr\/nachhaltige-bueroflaechen-fuer-globalen-hauptsitz-in-baden\/","robots":"max-image-preview:large","keywords":"","webmasterTools":{"google-site-verification":"fHJKvgWpZCR2zVBHWfkQeFXC11qieUSff0HGNYfuyLA","miscellaneous":""},"schema":{"@context":"https:\/\/schema.org","@graph":[{"@type":"BlogPosting","@id":"https:\/\/www.immo-invest.ch\/fr\/nachhaltige-bueroflaechen-fuer-globalen-hauptsitz-in-baden\/#blogposting","name":"Des bureaux durables pour le si\u00e8ge mondial \u00e0 Baden - immo!nvest - Die Plattform f\u00fcr Standorte und Immobilien","headline":"Des bureaux durables pour le si\u00e8ge mondial \u00e0 Baden","author":{"@id":"https:\/\/www.immo-invest.ch\/fr\/author\/immovestuser\/#author"},"publisher":{"@id":"https:\/\/www.immo-invest.ch\/fr\/#organization"},"image":{"@type":"ImageObject","url":"https:\/\/www.immo-invest.ch\/wp-content\/uploads\/2024\/12\/immo-invest_standorte_aargau_bauwirtschaft_unternehmen_baden_buerovermietung.png","width":1536,"height":768},"datePublished":"2025-01-06T09:00:00+01:00","dateModified":"2024-12-19T16:39:08+01:00","inLanguage":"fr-FR","mainEntityOfPage":{"@id":"https:\/\/www.immo-invest.ch\/fr\/nachhaltige-bueroflaechen-fuer-globalen-hauptsitz-in-baden\/#webpage"},"isPartOf":{"@id":"https:\/\/www.immo-invest.ch\/fr\/nachhaltige-bueroflaechen-fuer-globalen-hauptsitz-in-baden\/#webpage"},"articleSection":"Aargau, Entreprise, immoNews, Industrie du b\u00e2timent, Standorte, Trends, Arbeitswelt, immoNews, News, Stadtentwicklung, Facultatif"},{"@type":"BreadcrumbList","@id":"https:\/\/www.immo-invest.ch\/fr\/nachhaltige-bueroflaechen-fuer-globalen-hauptsitz-in-baden\/#breadcrumblist","itemListElement":[{"@type":"ListItem","@id":"https:\/\/www.immo-invest.ch\/fr\/#listItem","position":1,"name":"Home","item":"https:\/\/www.immo-invest.ch\/fr\/","nextItem":{"@type":"ListItem","@id":"https:\/\/www.immo-invest.ch\/fr\/categories\/regions\/#listItem","name":"R\u00e9gions"}},{"@type":"ListItem","@id":"https:\/\/www.immo-invest.ch\/fr\/categories\/regions\/#listItem","position":2,"name":"R\u00e9gions","item":"https:\/\/www.immo-invest.ch\/fr\/categories\/regions\/","nextItem":{"@type":"ListItem","@id":"https:\/\/www.immo-invest.ch\/fr\/categories\/regions\/suisse\/#listItem","name":"Suisse"},"previousItem":{"@type":"ListItem","@id":"https:\/\/www.immo-invest.ch\/fr\/#listItem","name":"Home"}},{"@type":"ListItem","@id":"https:\/\/www.immo-invest.ch\/fr\/categories\/regions\/suisse\/#listItem","position":3,"name":"Suisse","item":"https:\/\/www.immo-invest.ch\/fr\/categories\/regions\/suisse\/","nextItem":{"@type":"ListItem","@id":"https:\/\/www.immo-invest.ch\/fr\/categories\/regions\/suisse\/suisse-du-nord-ouest\/#listItem","name":"Suisse du Nord-Ouest"},"previousItem":{"@type":"ListItem","@id":"https:\/\/www.immo-invest.ch\/fr\/categories\/regions\/#listItem","name":"R\u00e9gions"}},{"@type":"ListItem","@id":"https:\/\/www.immo-invest.ch\/fr\/categories\/regions\/suisse\/suisse-du-nord-ouest\/#listItem","position":4,"name":"Suisse du Nord-Ouest","item":"https:\/\/www.immo-invest.ch\/fr\/categories\/regions\/suisse\/suisse-du-nord-ouest\/","nextItem":{"@type":"ListItem","@id":"https:\/\/www.immo-invest.ch\/fr\/categories\/regions\/suisse\/suisse-du-nord-ouest\/region-aarau\/#listItem","name":"Aargau"},"previousItem":{"@type":"ListItem","@id":"https:\/\/www.immo-invest.ch\/fr\/categories\/regions\/suisse\/#listItem","name":"Suisse"}},{"@type":"ListItem","@id":"https:\/\/www.immo-invest.ch\/fr\/categories\/regions\/suisse\/suisse-du-nord-ouest\/region-aarau\/#listItem","position":5,"name":"Aargau","item":"https:\/\/www.immo-invest.ch\/fr\/categories\/regions\/suisse\/suisse-du-nord-ouest\/region-aarau\/","nextItem":{"@type":"ListItem","@id":"https:\/\/www.immo-invest.ch\/fr\/nachhaltige-bueroflaechen-fuer-globalen-hauptsitz-in-baden\/#listItem","name":"Des bureaux durables pour le si\u00e8ge mondial \u00e0 Baden"},"previousItem":{"@type":"ListItem","@id":"https:\/\/www.immo-invest.ch\/fr\/categories\/regions\/suisse\/suisse-du-nord-ouest\/#listItem","name":"Suisse du Nord-Ouest"}},{"@type":"ListItem","@id":"https:\/\/www.immo-invest.ch\/fr\/nachhaltige-bueroflaechen-fuer-globalen-hauptsitz-in-baden\/#listItem","position":6,"name":"Des bureaux durables pour le si\u00e8ge mondial \u00e0 Baden","previousItem":{"@type":"ListItem","@id":"https:\/\/www.immo-invest.ch\/fr\/categories\/regions\/suisse\/suisse-du-nord-ouest\/region-aarau\/#listItem","name":"Aargau"}}]},{"@type":"Organization","@id":"https:\/\/www.immo-invest.ch\/fr\/#organization","name":"immo!nvest - Die Plattform f\u00fcr Standorte und Immobilien","description":"Die\u00a0Plattform f\u00fcr Standorte und Immobilien","url":"https:\/\/www.immo-invest.ch\/fr\/","email":"admin@immomedia.ag","telephone":"+41444420002","logo":{"@type":"ImageObject","url":"https:\/\/www.immo-invest.ch\/wp-content\/uploads\/2024\/09\/immoinvest_sm-scaled.jpg","@id":"https:\/\/www.immo-invest.ch\/fr\/nachhaltige-bueroflaechen-fuer-globalen-hauptsitz-in-baden\/#organizationLogo","width":2560,"height":1340},"image":{"@id":"https:\/\/www.immo-invest.ch\/fr\/nachhaltige-bueroflaechen-fuer-globalen-hauptsitz-in-baden\/#organizationLogo"},"sameAs":["https:\/\/www.facebook.com\/people\/Immoinvest\/100077962920504\/","https:\/\/x.com\/i\/flow\/login?redirect_after_login=immoinvest_ch","https:\/\/www.instagram.com\/immoinvest_ch\/","https:\/\/www.linkedin.com\/company\/immoinvest-swiss"]},{"@type":"Person","@id":"https:\/\/www.immo-invest.ch\/fr\/author\/immovestuser\/#author","url":"https:\/\/www.immo-invest.ch\/fr\/author\/immovestuser\/","name":"immovestuser","image":{"@type":"ImageObject","@id":"https:\/\/www.immo-invest.ch\/fr\/nachhaltige-bueroflaechen-fuer-globalen-hauptsitz-in-baden\/#authorImage","url":"https:\/\/secure.gravatar.com\/avatar\/8e01f4d99f2eeea7a362ebb93305e1172a70e9293ba250f897a65c39f54cdd1e?s=96&d=mm&r=g","width":96,"height":96,"caption":"immovestuser"}},{"@type":"WebPage","@id":"https:\/\/www.immo-invest.ch\/fr\/nachhaltige-bueroflaechen-fuer-globalen-hauptsitz-in-baden\/#webpage","url":"https:\/\/www.immo-invest.ch\/fr\/nachhaltige-bueroflaechen-fuer-globalen-hauptsitz-in-baden\/","name":"Des bureaux durables pour le si\u00e8ge mondial \u00e0 Baden - immo!nvest - Die Plattform f\u00fcr Standorte und Immobilien","description":"La soci\u00e9t\u00e9 immobili\u00e8re Colliers Switzerland a lou\u00e9 une nouvelle grande surface dans le complexe immobilier Konnex au centre de Baden. Harting AG installe son nouveau si\u00e8ge mondial \u00e0 Baden.","inLanguage":"fr-FR","isPartOf":{"@id":"https:\/\/www.immo-invest.ch\/fr\/#website"},"breadcrumb":{"@id":"https:\/\/www.immo-invest.ch\/fr\/nachhaltige-bueroflaechen-fuer-globalen-hauptsitz-in-baden\/#breadcrumblist"},"author":{"@id":"https:\/\/www.immo-invest.ch\/fr\/author\/immovestuser\/#author"},"creator":{"@id":"https:\/\/www.immo-invest.ch\/fr\/author\/immovestuser\/#author"},"image":{"@type":"ImageObject","url":"https:\/\/www.immo-invest.ch\/wp-content\/uploads\/2024\/12\/immo-invest_standorte_aargau_bauwirtschaft_unternehmen_baden_buerovermietung.png","@id":"https:\/\/www.immo-invest.ch\/fr\/nachhaltige-bueroflaechen-fuer-globalen-hauptsitz-in-baden\/#mainImage","width":1536,"height":768},"primaryImageOfPage":{"@id":"https:\/\/www.immo-invest.ch\/fr\/nachhaltige-bueroflaechen-fuer-globalen-hauptsitz-in-baden\/#mainImage"},"datePublished":"2025-01-06T09:00:00+01:00","dateModified":"2024-12-19T16:39:08+01:00"},{"@type":"WebSite","@id":"https:\/\/www.immo-invest.ch\/fr\/#website","url":"https:\/\/www.immo-invest.ch\/fr\/","name":"immo!nvest - Die Plattform f\u00fcr Standorte und Immobilien","description":"Die\u00a0Plattform f\u00fcr Standorte und Immobilien","inLanguage":"fr-FR","publisher":{"@id":"https:\/\/www.immo-invest.ch\/fr\/#organization"}}]},"og:locale":"fr_FR","og:site_name":"immo!nvest - Die Plattform f\u00fcr Standorte und Immobilien - Die\u00a0Plattform f\u00fcr Standorte und Immobilien","og:type":"article","og:title":"Des bureaux durables pour le si\u00e8ge mondial \u00e0 Baden - immo!nvest - Die Plattform f\u00fcr Standorte und Immobilien","og:description":"La soci\u00e9t\u00e9 immobili\u00e8re Colliers Switzerland a lou\u00e9 une nouvelle grande surface dans le complexe immobilier Konnex au centre de Baden. Harting AG installe son nouveau si\u00e8ge mondial \u00e0 Baden.","og:url":"https:\/\/www.immo-invest.ch\/fr\/nachhaltige-bueroflaechen-fuer-globalen-hauptsitz-in-baden\/","og:image":"https:\/\/www.immo-invest.ch\/wp-content\/uploads\/2024\/12\/immo-invest_standorte_aargau_bauwirtschaft_unternehmen_baden_buerovermietung.png","og:image:secure_url":"https:\/\/www.immo-invest.ch\/wp-content\/uploads\/2024\/12\/immo-invest_standorte_aargau_bauwirtschaft_unternehmen_baden_buerovermietung.png","og:image:width":1536,"og:image:height":768,"article:published_time":"2025-01-06T08:00:00+00:00","article:modified_time":"2024-12-19T15:39:08+00:00","article:publisher":"https:\/\/www.facebook.com\/people\/Immoinvest\/100077962920504\/","twitter:card":"summary_large_image","twitter:site":"@i","twitter:title":"Des bureaux durables pour le si\u00e8ge mondial \u00e0 Baden - immo!nvest - Die Plattform f\u00fcr Standorte und Immobilien","twitter:description":"La soci\u00e9t\u00e9 immobili\u00e8re Colliers Switzerland a lou\u00e9 une nouvelle grande surface dans le complexe immobilier Konnex au centre de Baden. Harting AG installe son nouveau si\u00e8ge mondial \u00e0 Baden.","twitter:creator":"@i","twitter:image":"https:\/\/www.immo-invest.ch\/wp-content\/uploads\/2024\/12\/immo-invest_standorte_aargau_bauwirtschaft_unternehmen_baden_buerovermietung.png"},"aioseo_meta_data":{"post_id":"122510","title":null,"description":null,"keywords":null,"keyphrases":{"focus":{"keyphrase":"","score":0,"analysis":{"keyphraseInTitle":{"score":0,"maxScore":9,"error":1}}},"additional":[]},"primary_term":null,"canonical_url":null,"og_title":null,"og_description":null,"og_object_type":"default","og_image_type":"default","og_image_url":null,"og_image_width":null,"og_image_height":null,"og_image_custom_url":null,"og_image_custom_fields":null,"og_video":"","og_custom_url":null,"og_article_section":null,"og_article_tags":null,"twitter_use_og":false,"twitter_card":"default","twitter_image_type":"default","twitter_image_url":null,"twitter_image_custom_url":null,"twitter_image_custom_fields":null,"twitter_title":null,"twitter_description":null,"schema":{"blockGraphs":[],"customGraphs":[],"default":{"data":{"Article":[],"Course":[],"Dataset":[],"FAQPage":[],"Movie":[],"Person":[],"Product":[],"ProductReview":[],"Car":[],"Recipe":[],"Service":[],"SoftwareApplication":[],"WebPage":[]},"graphName":"BlogPosting","isEnabled":true},"graphs":[]},"schema_type":"default","schema_type_options":null,"pillar_content":false,"robots_default":true,"robots_noindex":false,"robots_noarchive":false,"robots_nosnippet":false,"robots_nofollow":false,"robots_noimageindex":false,"robots_noodp":false,"robots_notranslate":false,"robots_max_snippet":"-1","robots_max_videopreview":"-1","robots_max_imagepreview":"large","priority":null,"frequency":"default","local_seo":null,"breadcrumb_settings":null,"limit_modified_date":false,"ai":null,"created":"2024-12-19 15:33:52","updated":"2025-10-24 15:03:16","seo_analyzer_scan_date":null,"focus_keyword":null,"additional_keywords":null,"truseo_locale":null},"aioseo_breadcrumb":"<div class=\"aioseo-breadcrumbs\"><span class=\"aioseo-breadcrumb\">\n\t\t\t<a href=\"https:\/\/www.immo-invest.ch\/fr\/\" title=\"Home\">Home<\/a>\n\t\t<\/span><span class=\"aioseo-breadcrumb-separator\">&raquo;<\/span><span class=\"aioseo-breadcrumb\">\n\t\t\t<a href=\"https:\/\/www.immo-invest.ch\/fr\/categories\/regions\/\" title=\"R\u00e9gions\">R\u00e9gions<\/a>\n\t\t<\/span><span class=\"aioseo-breadcrumb-separator\">&raquo;<\/span><span class=\"aioseo-breadcrumb\">\n\t\t\t<a href=\"https:\/\/www.immo-invest.ch\/fr\/categories\/regions\/suisse\/\" title=\"Suisse\">Suisse<\/a>\n\t\t<\/span><span class=\"aioseo-breadcrumb-separator\">&raquo;<\/span><span class=\"aioseo-breadcrumb\">\n\t\t\t<a href=\"https:\/\/www.immo-invest.ch\/fr\/categories\/regions\/suisse\/suisse-du-nord-ouest\/\" title=\"Suisse du Nord-Ouest\">Suisse du Nord-Ouest<\/a>\n\t\t<\/span><span class=\"aioseo-breadcrumb-separator\">&raquo;<\/span><span class=\"aioseo-breadcrumb\">\n\t\t\t<a href=\"https:\/\/www.immo-invest.ch\/fr\/categories\/regions\/suisse\/suisse-du-nord-ouest\/region-aarau\/\" title=\"Aargau\">Aargau<\/a>\n\t\t<\/span><span class=\"aioseo-breadcrumb-separator\">&raquo;<\/span><span class=\"aioseo-breadcrumb\">\n\t\t\tDes bureaux durables pour le si\u00e8ge mondial \u00e0 Baden\n\t\t<\/span><\/div>","aioseo_breadcrumb_json":[{"label":"Home","link":"https:\/\/www.immo-invest.ch\/fr\/"},{"label":"R\u00e9gions","link":"https:\/\/www.immo-invest.ch\/fr\/categories\/regions\/"},{"label":"Suisse","link":"https:\/\/www.immo-invest.ch\/fr\/categories\/regions\/suisse\/"},{"label":"Suisse du Nord-Ouest","link":"https:\/\/www.immo-invest.ch\/fr\/categories\/regions\/suisse\/suisse-du-nord-ouest\/"},{"label":"Aargau","link":"https:\/\/www.immo-invest.ch\/fr\/categories\/regions\/suisse\/suisse-du-nord-ouest\/region-aarau\/"},{"label":"Des bureaux durables pour le si\u00e8ge mondial \u00e0 Baden","link":"https:\/\/www.immo-invest.ch\/fr\/nachhaltige-bueroflaechen-fuer-globalen-hauptsitz-in-baden\/"}],"featured_image_src":"https:\/\/www.immo-invest.ch\/wp-content\/uploads\/2024\/12\/immo-invest_standorte_aargau_bauwirtschaft_unternehmen_baden_buerovermietung-336x168.png","_links":{"self":[{"href":"https:\/\/www.immo-invest.ch\/fr\/wp-json\/wp\/v2\/posts\/122510","targetHints":{"allow":["GET"]}}],"collection":[{"href":"https:\/\/www.immo-invest.ch\/fr\/wp-json\/wp\/v2\/posts"}],"about":[{"href":"https:\/\/www.immo-invest.ch\/fr\/wp-json\/wp\/v2\/types\/post"}],"author":[{"embeddable":true,"href":"https:\/\/www.immo-invest.ch\/fr\/wp-json\/wp\/v2\/users\/2"}],"replies":[{"embeddable":true,"href":"https:\/\/www.immo-invest.ch\/fr\/wp-json\/wp\/v2\/comments?post=122510"}],"version-history":[{"count":0,"href":"https:\/\/www.immo-invest.ch\/fr\/wp-json\/wp\/v2\/posts\/122510\/revisions"}],"wp:featuredmedia":[{"embeddable":true,"href":"https:\/\/www.immo-invest.ch\/fr\/wp-json\/wp\/v2\/media\/122505"}],"wp:attachment":[{"href":"https:\/\/www.immo-invest.ch\/fr\/wp-json\/wp\/v2\/media?parent=122510"}],"wp:term":[{"taxonomy":"category","embeddable":true,"href":"https:\/\/www.immo-invest.ch\/fr\/wp-json\/wp\/v2\/categories?post=122510"},{"taxonomy":"post_tag","embeddable":true,"href":"https:\/\/www.immo-invest.ch\/fr\/wp-json\/wp\/v2\/tags?post=122510"}],"curies":[{"name":"wp","href":"https:\/\/api.w.org\/{rel}","templated":true}]}}