{"id":122425,"date":"2024-12-30T10:00:00","date_gmt":"2024-12-30T09:00:00","guid":{"rendered":"https:\/\/www.immo-invest.ch\/?p=122425"},"modified":"2024-12-19T15:26:40","modified_gmt":"2024-12-19T14:26:40","slug":"neuer-ceo-uebernimmt-fuehrung-des-bauzulieferers-ab-januar-2025","status":"publish","type":"post","link":"https:\/\/www.immo-invest.ch\/fr\/neuer-ceo-uebernimmt-fuehrung-des-bauzulieferers-ab-januar-2025\/","title":{"rendered":"Le nouveau CEO prendra la t\u00eate du fournisseur de la construction \u00e0 partir de janvier 2025"},"content":{"rendered":"<p class=\"bodytext wp-block-paragraph\">A partir du 1er janvier, le <a href=\"https:\/\/www.arbonia.com\" target=\"_blank\" rel=\"noopener\">groupe Arbonia<\/a> sera &agrave; nouveau dirig&eacute; par un CEO qui n&rsquo;est pas &eacute;galement membre du conseil d&rsquo;administration. Comme le <a href=\"https:\/\/mailing-ircockpit.eqs.com\/crm-mailing\/5c439781-ea7c-11e8-902f-2c44fd856d8c\/2c8a3608-c428-46ce-8d4e-489228080ff7\/d38732b0-ca07-400e-aa52-6a2650cdb28c\/Arbonia_Claudius%20Moor%20wird%20neuer%20CEO%20der%20Arbonia_Medienmitteilung_20.11.2024.pdf?inline_display=1\" target=\"_blank\" rel=\"noopener\">communique<\/a> l&rsquo;entreprise, le conseil d&rsquo;administration a nomm&eacute; Claudius Moor au poste de CEO. Ce Suisse n&eacute; en 1983 travaille pour Arbonia depuis 2015, en tant que CEO de la division Portes depuis 2020. Auparavant, il a notamment &eacute;t&eacute; responsable de la strat&eacute;gie du groupe et du d&eacute;veloppement de l&rsquo;entreprise chez le fournisseur de b&acirc;timents dont le si&egrave;ge est &agrave; Arbon.<\/p>\n\n\n\n\n\n<p class=\"bodytext wp-block-paragraph\"><a href=\"https:\/\/www.arbonia.com\/de\/verwaltungsrat-und-konzernleitung\/alexander-von-witzleben\" target=\"_blank\" rel=\"noopener\">Alexander von Witzleben<\/a> restera pr&eacute;sident du conseil d&rsquo;administration &laquo;&nbsp;jusqu&rsquo;&agrave; nouvel ordre&nbsp;&raquo;. Cet Allemand n&eacute; en 1963 pr&eacute;side le conseil d&rsquo;administration depuis 2015, a &eacute;galement &eacute;t&eacute; d&eacute;l&eacute;gu&eacute; du conseil d&rsquo;administration et CEO ad interim jusqu&rsquo;en 2022 et pr&eacute;sident ex&eacute;cutif du conseil d&rsquo;administration depuis cette date.<\/p>\n\n\n\n\n\n<p class=\"bodytext wp-block-paragraph\">&laquo;&nbsp;Nous sommes tr&egrave;s heureux d&rsquo;accueillir Claudius Moor dans son nouveau r&ocirc;le de CEO d&rsquo;Arbonia&nbsp;&raquo;, a d&eacute;clar&eacute; Alexander von Witzleben, cit&eacute; dans le communiqu&eacute;. &laquo;&nbsp;Avec sa connaissance approfondie du secteur, son engagement et sa grande passion pour le business des portes, il a toutes les qualit&eacute;s requises pour conduire Arbonia vers un avenir positif&nbsp;&raquo;<\/p>\n\n","protected":false},"excerpt":{"rendered":"<p>Claudius Moor deviendra CEO du groupe Arbonia le 1er janvier. Il remplace ainsi Alexander von Witzleben, qui se concentre sur son r\u00f4le de pr\u00e9sident du conseil d&rsquo;administration. Moor est CEO de la division Portes d&rsquo;Arbonia depuis 2020.<\/p>\n","protected":false},"author":2,"featured_media":122420,"comment_status":"open","ping_status":"open","sticky":false,"template":"","format":"standard","meta":{"pmpro_default_level":"","inline_featured_image":false,"_monsterinsights_skip_tracking":false,"footnotes":""},"categories":[9430,22696,4464,743,22357,22303,22342],"tags":[2573,51266,19289,1610,872,3931,2002,874,7495],"class_list":["post-122425","post","type-post","status-publish","format-standard","has-post-thumbnail","hentry","category-business-fr","category-entreprise","category-gens","category-immonews-fr","category-industrie-du-batiment","category-suisse","category-thurgovie","tag-bauwirtschaft-fr","tag-bauzulieferer-fr","tag-fuehrungswechsel-fr","tag-geschaeftsleitung-fr","tag-immoinvest-fr","tag-immonews-fr","tag-news-fr","tag-schweiz-fr","tag-unternehmensfuehrung-fr","pmpro-has-access"],"acf":{"bild_mit_ki_erstellt_worden":[],"lead":"Claudius Moor deviendra CEO du groupe Arbonia le 1er janvier. Il remplace ainsi Alexander von Witzleben, qui se concentre sur son r\u00f4le de pr\u00e9sident du conseil d'administration. Moor est CEO de la division Portes d'Arbonia depuis 2020.","autor":"ce\/stk","ort":"Arbon TG","bildunterschrift":"","bild_im_grid":false,"gallerie":"","newsim":""},"aioseo_notices":[],"aioseo_head":"\n\t\t<!-- All in One SEO 5.0.0.1 - aioseo.com -->\n\t<meta name=\"description\" content=\"Claudius Moor deviendra CEO du groupe Arbonia le 1er janvier. Il remplace ainsi Alexander von Witzleben, qui se concentre sur son r\u00f4le de pr\u00e9sident du conseil d&#039;administration. Moor est CEO de la division Portes d&#039;Arbonia depuis 2020.\" \/>\n\t<meta name=\"robots\" content=\"max-image-preview:large\" \/>\n\t<meta name=\"author\" content=\"immovestuser\"\/>\n\t<meta name=\"google-site-verification\" content=\"fHJKvgWpZCR2zVBHWfkQeFXC11qieUSff0HGNYfuyLA\" \/>\n\t<link rel=\"canonical\" href=\"https:\/\/www.immo-invest.ch\/fr\/neuer-ceo-uebernimmt-fuehrung-des-bauzulieferers-ab-januar-2025\/\" \/>\n\t<meta name=\"generator\" content=\"All in One SEO (AIOSEO) 5.0.0.1\" \/>\n\t\t<meta property=\"og:locale\" content=\"fr_FR\" \/>\n\t\t<meta property=\"og:site_name\" content=\"immo!nvest - Die Plattform f\u00fcr Standorte und Immobilien - Die\u00a0Plattform f\u00fcr Standorte und Immobilien\" \/>\n\t\t<meta property=\"og:type\" content=\"article\" \/>\n\t\t<meta property=\"og:title\" content=\"Le nouveau CEO prendra la t\u00eate du fournisseur de la construction \u00e0 partir de janvier 2025 - immo!nvest - Die Plattform f\u00fcr Standorte und Immobilien\" \/>\n\t\t<meta property=\"og:description\" content=\"Claudius Moor deviendra CEO du groupe Arbonia le 1er janvier. Il remplace ainsi Alexander von Witzleben, qui se concentre sur son r\u00f4le de pr\u00e9sident du conseil d&#039;administration. Moor est CEO de la division Portes d&#039;Arbonia depuis 2020.\" \/>\n\t\t<meta property=\"og:url\" content=\"https:\/\/www.immo-invest.ch\/fr\/neuer-ceo-uebernimmt-fuehrung-des-bauzulieferers-ab-januar-2025\/\" \/>\n\t\t<meta property=\"og:image\" content=\"https:\/\/www.immo-invest.ch\/wp-content\/uploads\/2024\/12\/immo-invest_unternehmen_personen_bauwirtschaft_finanzen_fuehrungswechsel_bauzulieferer.png\" \/>\n\t\t<meta property=\"og:image:secure_url\" content=\"https:\/\/www.immo-invest.ch\/wp-content\/uploads\/2024\/12\/immo-invest_unternehmen_personen_bauwirtschaft_finanzen_fuehrungswechsel_bauzulieferer.png\" \/>\n\t\t<meta property=\"og:image:width\" content=\"1536\" \/>\n\t\t<meta property=\"og:image:height\" content=\"768\" \/>\n\t\t<meta property=\"article:published_time\" content=\"2024-12-30T09:00:00+00:00\" \/>\n\t\t<meta property=\"article:modified_time\" content=\"2024-12-19T14:26:40+00:00\" \/>\n\t\t<meta property=\"article:publisher\" content=\"https:\/\/www.facebook.com\/people\/Immoinvest\/100077962920504\/\" \/>\n\t\t<meta name=\"twitter:card\" content=\"summary_large_image\" \/>\n\t\t<meta name=\"twitter:site\" content=\"@i\" \/>\n\t\t<meta name=\"twitter:title\" content=\"Le nouveau CEO prendra la t\u00eate du fournisseur de la construction \u00e0 partir de janvier 2025 - immo!nvest - Die Plattform f\u00fcr Standorte und Immobilien\" \/>\n\t\t<meta name=\"twitter:description\" content=\"Claudius Moor deviendra CEO du groupe Arbonia le 1er janvier. Il remplace ainsi Alexander von Witzleben, qui se concentre sur son r\u00f4le de pr\u00e9sident du conseil d&#039;administration. Moor est CEO de la division Portes d&#039;Arbonia depuis 2020.\" \/>\n\t\t<meta name=\"twitter:creator\" content=\"@i\" \/>\n\t\t<meta name=\"twitter:image\" content=\"https:\/\/www.immo-invest.ch\/wp-content\/uploads\/2024\/12\/immo-invest_unternehmen_personen_bauwirtschaft_finanzen_fuehrungswechsel_bauzulieferer.png\" \/>\n\t\t<script type=\"application\/ld+json\" class=\"aioseo-schema\">\n\t\t\t{\"@context\":\"https:\\\/\\\/schema.org\",\"@graph\":[{\"@type\":\"BlogPosting\",\"@id\":\"https:\\\/\\\/www.immo-invest.ch\\\/fr\\\/neuer-ceo-uebernimmt-fuehrung-des-bauzulieferers-ab-januar-2025\\\/#blogposting\",\"name\":\"Le nouveau CEO prendra la t\\u00eate du fournisseur de la construction \\u00e0 partir de janvier 2025 - immo!nvest - Die Plattform f\\u00fcr Standorte und Immobilien\",\"headline\":\"Le nouveau CEO prendra la t\\u00eate du fournisseur de la construction \\u00e0 partir de janvier 2025\",\"author\":{\"@id\":\"https:\\\/\\\/www.immo-invest.ch\\\/fr\\\/author\\\/immovestuser\\\/#author\"},\"publisher\":{\"@id\":\"https:\\\/\\\/www.immo-invest.ch\\\/fr\\\/#organization\"},\"image\":{\"@type\":\"ImageObject\",\"url\":\"https:\\\/\\\/www.immo-invest.ch\\\/wp-content\\\/uploads\\\/2024\\\/12\\\/immo-invest_unternehmen_personen_bauwirtschaft_finanzen_fuehrungswechsel_bauzulieferer.png\",\"width\":1536,\"height\":768},\"datePublished\":\"2024-12-30T10:00:00+01:00\",\"dateModified\":\"2024-12-19T15:26:40+01:00\",\"inLanguage\":\"fr-FR\",\"mainEntityOfPage\":{\"@id\":\"https:\\\/\\\/www.immo-invest.ch\\\/fr\\\/neuer-ceo-uebernimmt-fuehrung-des-bauzulieferers-ab-januar-2025\\\/#webpage\"},\"isPartOf\":{\"@id\":\"https:\\\/\\\/www.immo-invest.ch\\\/fr\\\/neuer-ceo-uebernimmt-fuehrung-des-bauzulieferers-ab-januar-2025\\\/#webpage\"},\"articleSection\":\"Business, Entreprise, Gens, immoNews, Industrie du b\\u00e2timent, Suisse, Thurgovie, Bauwirtschaft, Bauzulieferer, F\\u00fchrungswechsel, Gesch\\u00e4ftsleitung, Immoinvest, immoNews, News, Schweiz, Unternehmensf\\u00fchrung, Facultatif\"},{\"@type\":\"BreadcrumbList\",\"@id\":\"https:\\\/\\\/www.immo-invest.ch\\\/fr\\\/neuer-ceo-uebernimmt-fuehrung-des-bauzulieferers-ab-januar-2025\\\/#breadcrumblist\",\"itemListElement\":[{\"@type\":\"ListItem\",\"@id\":\"https:\\\/\\\/www.immo-invest.ch\\\/fr\\\/#listItem\",\"position\":1,\"name\":\"Home\",\"item\":\"https:\\\/\\\/www.immo-invest.ch\\\/fr\\\/\",\"nextItem\":{\"@type\":\"ListItem\",\"@id\":\"https:\\\/\\\/www.immo-invest.ch\\\/fr\\\/categories\\\/regions\\\/#listItem\",\"name\":\"R\\u00e9gions\"}},{\"@type\":\"ListItem\",\"@id\":\"https:\\\/\\\/www.immo-invest.ch\\\/fr\\\/categories\\\/regions\\\/#listItem\",\"position\":2,\"name\":\"R\\u00e9gions\",\"item\":\"https:\\\/\\\/www.immo-invest.ch\\\/fr\\\/categories\\\/regions\\\/\",\"nextItem\":{\"@type\":\"ListItem\",\"@id\":\"https:\\\/\\\/www.immo-invest.ch\\\/fr\\\/categories\\\/regions\\\/suisse\\\/#listItem\",\"name\":\"Suisse\"},\"previousItem\":{\"@type\":\"ListItem\",\"@id\":\"https:\\\/\\\/www.immo-invest.ch\\\/fr\\\/#listItem\",\"name\":\"Home\"}},{\"@type\":\"ListItem\",\"@id\":\"https:\\\/\\\/www.immo-invest.ch\\\/fr\\\/categories\\\/regions\\\/suisse\\\/#listItem\",\"position\":3,\"name\":\"Suisse\",\"item\":\"https:\\\/\\\/www.immo-invest.ch\\\/fr\\\/categories\\\/regions\\\/suisse\\\/\",\"nextItem\":{\"@type\":\"ListItem\",\"@id\":\"https:\\\/\\\/www.immo-invest.ch\\\/fr\\\/categories\\\/regions\\\/suisse\\\/suisse-orientale\\\/#listItem\",\"name\":\"Suisse orientale\"},\"previousItem\":{\"@type\":\"ListItem\",\"@id\":\"https:\\\/\\\/www.immo-invest.ch\\\/fr\\\/categories\\\/regions\\\/#listItem\",\"name\":\"R\\u00e9gions\"}},{\"@type\":\"ListItem\",\"@id\":\"https:\\\/\\\/www.immo-invest.ch\\\/fr\\\/categories\\\/regions\\\/suisse\\\/suisse-orientale\\\/#listItem\",\"position\":4,\"name\":\"Suisse orientale\",\"item\":\"https:\\\/\\\/www.immo-invest.ch\\\/fr\\\/categories\\\/regions\\\/suisse\\\/suisse-orientale\\\/\",\"nextItem\":{\"@type\":\"ListItem\",\"@id\":\"https:\\\/\\\/www.immo-invest.ch\\\/fr\\\/categories\\\/regions\\\/suisse\\\/suisse-orientale\\\/thurgovie\\\/#listItem\",\"name\":\"Thurgovie\"},\"previousItem\":{\"@type\":\"ListItem\",\"@id\":\"https:\\\/\\\/www.immo-invest.ch\\\/fr\\\/categories\\\/regions\\\/suisse\\\/#listItem\",\"name\":\"Suisse\"}},{\"@type\":\"ListItem\",\"@id\":\"https:\\\/\\\/www.immo-invest.ch\\\/fr\\\/categories\\\/regions\\\/suisse\\\/suisse-orientale\\\/thurgovie\\\/#listItem\",\"position\":5,\"name\":\"Thurgovie\",\"item\":\"https:\\\/\\\/www.immo-invest.ch\\\/fr\\\/categories\\\/regions\\\/suisse\\\/suisse-orientale\\\/thurgovie\\\/\",\"nextItem\":{\"@type\":\"ListItem\",\"@id\":\"https:\\\/\\\/www.immo-invest.ch\\\/fr\\\/neuer-ceo-uebernimmt-fuehrung-des-bauzulieferers-ab-januar-2025\\\/#listItem\",\"name\":\"Le nouveau CEO prendra la t\\u00eate du fournisseur de la construction \\u00e0 partir de janvier 2025\"},\"previousItem\":{\"@type\":\"ListItem\",\"@id\":\"https:\\\/\\\/www.immo-invest.ch\\\/fr\\\/categories\\\/regions\\\/suisse\\\/suisse-orientale\\\/#listItem\",\"name\":\"Suisse orientale\"}},{\"@type\":\"ListItem\",\"@id\":\"https:\\\/\\\/www.immo-invest.ch\\\/fr\\\/neuer-ceo-uebernimmt-fuehrung-des-bauzulieferers-ab-januar-2025\\\/#listItem\",\"position\":6,\"name\":\"Le nouveau CEO prendra la t\\u00eate du fournisseur de la construction \\u00e0 partir de janvier 2025\",\"previousItem\":{\"@type\":\"ListItem\",\"@id\":\"https:\\\/\\\/www.immo-invest.ch\\\/fr\\\/categories\\\/regions\\\/suisse\\\/suisse-orientale\\\/thurgovie\\\/#listItem\",\"name\":\"Thurgovie\"}}]},{\"@type\":\"Organization\",\"@id\":\"https:\\\/\\\/www.immo-invest.ch\\\/fr\\\/#organization\",\"name\":\"immo!nvest - Die Plattform f\\u00fcr Standorte und Immobilien\",\"description\":\"Die\\u00a0Plattform f\\u00fcr Standorte und Immobilien\",\"url\":\"https:\\\/\\\/www.immo-invest.ch\\\/fr\\\/\",\"email\":\"admin@immomedia.ag\",\"telephone\":\"+41444420002\",\"logo\":{\"@type\":\"ImageObject\",\"url\":\"https:\\\/\\\/www.immo-invest.ch\\\/wp-content\\\/uploads\\\/2024\\\/09\\\/immoinvest_sm-scaled.jpg\",\"@id\":\"https:\\\/\\\/www.immo-invest.ch\\\/fr\\\/neuer-ceo-uebernimmt-fuehrung-des-bauzulieferers-ab-januar-2025\\\/#organizationLogo\",\"width\":2560,\"height\":1340},\"image\":{\"@id\":\"https:\\\/\\\/www.immo-invest.ch\\\/fr\\\/neuer-ceo-uebernimmt-fuehrung-des-bauzulieferers-ab-januar-2025\\\/#organizationLogo\"},\"sameAs\":[\"https:\\\/\\\/www.facebook.com\\\/people\\\/Immoinvest\\\/100077962920504\\\/\",\"https:\\\/\\\/x.com\\\/i\\\/flow\\\/login?redirect_after_login=immoinvest_ch\",\"https:\\\/\\\/www.instagram.com\\\/immoinvest_ch\\\/\",\"https:\\\/\\\/www.linkedin.com\\\/company\\\/immoinvest-swiss\"]},{\"@type\":\"Person\",\"@id\":\"https:\\\/\\\/www.immo-invest.ch\\\/fr\\\/author\\\/immovestuser\\\/#author\",\"url\":\"https:\\\/\\\/www.immo-invest.ch\\\/fr\\\/author\\\/immovestuser\\\/\",\"name\":\"immovestuser\",\"image\":{\"@type\":\"ImageObject\",\"@id\":\"https:\\\/\\\/www.immo-invest.ch\\\/fr\\\/neuer-ceo-uebernimmt-fuehrung-des-bauzulieferers-ab-januar-2025\\\/#authorImage\",\"url\":\"https:\\\/\\\/secure.gravatar.com\\\/avatar\\\/8e01f4d99f2eeea7a362ebb93305e1172a70e9293ba250f897a65c39f54cdd1e?s=96&d=mm&r=g\",\"width\":96,\"height\":96,\"caption\":\"immovestuser\"}},{\"@type\":\"WebPage\",\"@id\":\"https:\\\/\\\/www.immo-invest.ch\\\/fr\\\/neuer-ceo-uebernimmt-fuehrung-des-bauzulieferers-ab-januar-2025\\\/#webpage\",\"url\":\"https:\\\/\\\/www.immo-invest.ch\\\/fr\\\/neuer-ceo-uebernimmt-fuehrung-des-bauzulieferers-ab-januar-2025\\\/\",\"name\":\"Le nouveau CEO prendra la t\\u00eate du fournisseur de la construction \\u00e0 partir de janvier 2025 - immo!nvest - Die Plattform f\\u00fcr Standorte und Immobilien\",\"description\":\"Claudius Moor deviendra CEO du groupe Arbonia le 1er janvier. Il remplace ainsi Alexander von Witzleben, qui se concentre sur son r\\u00f4le de pr\\u00e9sident du conseil d'administration. Moor est CEO de la division Portes d'Arbonia depuis 2020.\",\"inLanguage\":\"fr-FR\",\"isPartOf\":{\"@id\":\"https:\\\/\\\/www.immo-invest.ch\\\/fr\\\/#website\"},\"breadcrumb\":{\"@id\":\"https:\\\/\\\/www.immo-invest.ch\\\/fr\\\/neuer-ceo-uebernimmt-fuehrung-des-bauzulieferers-ab-januar-2025\\\/#breadcrumblist\"},\"author\":{\"@id\":\"https:\\\/\\\/www.immo-invest.ch\\\/fr\\\/author\\\/immovestuser\\\/#author\"},\"creator\":{\"@id\":\"https:\\\/\\\/www.immo-invest.ch\\\/fr\\\/author\\\/immovestuser\\\/#author\"},\"image\":{\"@type\":\"ImageObject\",\"url\":\"https:\\\/\\\/www.immo-invest.ch\\\/wp-content\\\/uploads\\\/2024\\\/12\\\/immo-invest_unternehmen_personen_bauwirtschaft_finanzen_fuehrungswechsel_bauzulieferer.png\",\"@id\":\"https:\\\/\\\/www.immo-invest.ch\\\/fr\\\/neuer-ceo-uebernimmt-fuehrung-des-bauzulieferers-ab-januar-2025\\\/#mainImage\",\"width\":1536,\"height\":768},\"primaryImageOfPage\":{\"@id\":\"https:\\\/\\\/www.immo-invest.ch\\\/fr\\\/neuer-ceo-uebernimmt-fuehrung-des-bauzulieferers-ab-januar-2025\\\/#mainImage\"},\"datePublished\":\"2024-12-30T10:00:00+01:00\",\"dateModified\":\"2024-12-19T15:26:40+01:00\"},{\"@type\":\"WebSite\",\"@id\":\"https:\\\/\\\/www.immo-invest.ch\\\/fr\\\/#website\",\"url\":\"https:\\\/\\\/www.immo-invest.ch\\\/fr\\\/\",\"name\":\"immo!nvest - Die Plattform f\\u00fcr Standorte und Immobilien\",\"description\":\"Die\\u00a0Plattform f\\u00fcr Standorte und Immobilien\",\"inLanguage\":\"fr-FR\",\"publisher\":{\"@id\":\"https:\\\/\\\/www.immo-invest.ch\\\/fr\\\/#organization\"}}]}\n\t\t<\/script>\n\t\t<!-- All in One SEO -->\n\n","aioseo_head_json":{"title":"Le nouveau CEO prendra la t\u00eate du fournisseur de la construction \u00e0 partir de janvier 2025 - immo!nvest - Die Plattform f\u00fcr Standorte und Immobilien","description":"Claudius Moor deviendra CEO du groupe Arbonia le 1er janvier. Il remplace ainsi Alexander von Witzleben, qui se concentre sur son r\u00f4le de pr\u00e9sident du conseil d'administration. Moor est CEO de la division Portes d'Arbonia depuis 2020.","canonical_url":"https:\/\/www.immo-invest.ch\/fr\/neuer-ceo-uebernimmt-fuehrung-des-bauzulieferers-ab-januar-2025\/","robots":"max-image-preview:large","keywords":"","webmasterTools":{"google-site-verification":"fHJKvgWpZCR2zVBHWfkQeFXC11qieUSff0HGNYfuyLA","miscellaneous":""},"schema":{"@context":"https:\/\/schema.org","@graph":[{"@type":"BlogPosting","@id":"https:\/\/www.immo-invest.ch\/fr\/neuer-ceo-uebernimmt-fuehrung-des-bauzulieferers-ab-januar-2025\/#blogposting","name":"Le nouveau CEO prendra la t\u00eate du fournisseur de la construction \u00e0 partir de janvier 2025 - immo!nvest - Die Plattform f\u00fcr Standorte und Immobilien","headline":"Le nouveau CEO prendra la t\u00eate du fournisseur de la construction \u00e0 partir de janvier 2025","author":{"@id":"https:\/\/www.immo-invest.ch\/fr\/author\/immovestuser\/#author"},"publisher":{"@id":"https:\/\/www.immo-invest.ch\/fr\/#organization"},"image":{"@type":"ImageObject","url":"https:\/\/www.immo-invest.ch\/wp-content\/uploads\/2024\/12\/immo-invest_unternehmen_personen_bauwirtschaft_finanzen_fuehrungswechsel_bauzulieferer.png","width":1536,"height":768},"datePublished":"2024-12-30T10:00:00+01:00","dateModified":"2024-12-19T15:26:40+01:00","inLanguage":"fr-FR","mainEntityOfPage":{"@id":"https:\/\/www.immo-invest.ch\/fr\/neuer-ceo-uebernimmt-fuehrung-des-bauzulieferers-ab-januar-2025\/#webpage"},"isPartOf":{"@id":"https:\/\/www.immo-invest.ch\/fr\/neuer-ceo-uebernimmt-fuehrung-des-bauzulieferers-ab-januar-2025\/#webpage"},"articleSection":"Business, Entreprise, Gens, immoNews, Industrie du b\u00e2timent, Suisse, Thurgovie, Bauwirtschaft, Bauzulieferer, F\u00fchrungswechsel, Gesch\u00e4ftsleitung, Immoinvest, immoNews, News, Schweiz, Unternehmensf\u00fchrung, Facultatif"},{"@type":"BreadcrumbList","@id":"https:\/\/www.immo-invest.ch\/fr\/neuer-ceo-uebernimmt-fuehrung-des-bauzulieferers-ab-januar-2025\/#breadcrumblist","itemListElement":[{"@type":"ListItem","@id":"https:\/\/www.immo-invest.ch\/fr\/#listItem","position":1,"name":"Home","item":"https:\/\/www.immo-invest.ch\/fr\/","nextItem":{"@type":"ListItem","@id":"https:\/\/www.immo-invest.ch\/fr\/categories\/regions\/#listItem","name":"R\u00e9gions"}},{"@type":"ListItem","@id":"https:\/\/www.immo-invest.ch\/fr\/categories\/regions\/#listItem","position":2,"name":"R\u00e9gions","item":"https:\/\/www.immo-invest.ch\/fr\/categories\/regions\/","nextItem":{"@type":"ListItem","@id":"https:\/\/www.immo-invest.ch\/fr\/categories\/regions\/suisse\/#listItem","name":"Suisse"},"previousItem":{"@type":"ListItem","@id":"https:\/\/www.immo-invest.ch\/fr\/#listItem","name":"Home"}},{"@type":"ListItem","@id":"https:\/\/www.immo-invest.ch\/fr\/categories\/regions\/suisse\/#listItem","position":3,"name":"Suisse","item":"https:\/\/www.immo-invest.ch\/fr\/categories\/regions\/suisse\/","nextItem":{"@type":"ListItem","@id":"https:\/\/www.immo-invest.ch\/fr\/categories\/regions\/suisse\/suisse-orientale\/#listItem","name":"Suisse orientale"},"previousItem":{"@type":"ListItem","@id":"https:\/\/www.immo-invest.ch\/fr\/categories\/regions\/#listItem","name":"R\u00e9gions"}},{"@type":"ListItem","@id":"https:\/\/www.immo-invest.ch\/fr\/categories\/regions\/suisse\/suisse-orientale\/#listItem","position":4,"name":"Suisse orientale","item":"https:\/\/www.immo-invest.ch\/fr\/categories\/regions\/suisse\/suisse-orientale\/","nextItem":{"@type":"ListItem","@id":"https:\/\/www.immo-invest.ch\/fr\/categories\/regions\/suisse\/suisse-orientale\/thurgovie\/#listItem","name":"Thurgovie"},"previousItem":{"@type":"ListItem","@id":"https:\/\/www.immo-invest.ch\/fr\/categories\/regions\/suisse\/#listItem","name":"Suisse"}},{"@type":"ListItem","@id":"https:\/\/www.immo-invest.ch\/fr\/categories\/regions\/suisse\/suisse-orientale\/thurgovie\/#listItem","position":5,"name":"Thurgovie","item":"https:\/\/www.immo-invest.ch\/fr\/categories\/regions\/suisse\/suisse-orientale\/thurgovie\/","nextItem":{"@type":"ListItem","@id":"https:\/\/www.immo-invest.ch\/fr\/neuer-ceo-uebernimmt-fuehrung-des-bauzulieferers-ab-januar-2025\/#listItem","name":"Le nouveau CEO prendra la t\u00eate du fournisseur de la construction \u00e0 partir de janvier 2025"},"previousItem":{"@type":"ListItem","@id":"https:\/\/www.immo-invest.ch\/fr\/categories\/regions\/suisse\/suisse-orientale\/#listItem","name":"Suisse orientale"}},{"@type":"ListItem","@id":"https:\/\/www.immo-invest.ch\/fr\/neuer-ceo-uebernimmt-fuehrung-des-bauzulieferers-ab-januar-2025\/#listItem","position":6,"name":"Le nouveau CEO prendra la t\u00eate du fournisseur de la construction \u00e0 partir de janvier 2025","previousItem":{"@type":"ListItem","@id":"https:\/\/www.immo-invest.ch\/fr\/categories\/regions\/suisse\/suisse-orientale\/thurgovie\/#listItem","name":"Thurgovie"}}]},{"@type":"Organization","@id":"https:\/\/www.immo-invest.ch\/fr\/#organization","name":"immo!nvest - Die Plattform f\u00fcr Standorte und Immobilien","description":"Die\u00a0Plattform f\u00fcr Standorte und Immobilien","url":"https:\/\/www.immo-invest.ch\/fr\/","email":"admin@immomedia.ag","telephone":"+41444420002","logo":{"@type":"ImageObject","url":"https:\/\/www.immo-invest.ch\/wp-content\/uploads\/2024\/09\/immoinvest_sm-scaled.jpg","@id":"https:\/\/www.immo-invest.ch\/fr\/neuer-ceo-uebernimmt-fuehrung-des-bauzulieferers-ab-januar-2025\/#organizationLogo","width":2560,"height":1340},"image":{"@id":"https:\/\/www.immo-invest.ch\/fr\/neuer-ceo-uebernimmt-fuehrung-des-bauzulieferers-ab-januar-2025\/#organizationLogo"},"sameAs":["https:\/\/www.facebook.com\/people\/Immoinvest\/100077962920504\/","https:\/\/x.com\/i\/flow\/login?redirect_after_login=immoinvest_ch","https:\/\/www.instagram.com\/immoinvest_ch\/","https:\/\/www.linkedin.com\/company\/immoinvest-swiss"]},{"@type":"Person","@id":"https:\/\/www.immo-invest.ch\/fr\/author\/immovestuser\/#author","url":"https:\/\/www.immo-invest.ch\/fr\/author\/immovestuser\/","name":"immovestuser","image":{"@type":"ImageObject","@id":"https:\/\/www.immo-invest.ch\/fr\/neuer-ceo-uebernimmt-fuehrung-des-bauzulieferers-ab-januar-2025\/#authorImage","url":"https:\/\/secure.gravatar.com\/avatar\/8e01f4d99f2eeea7a362ebb93305e1172a70e9293ba250f897a65c39f54cdd1e?s=96&d=mm&r=g","width":96,"height":96,"caption":"immovestuser"}},{"@type":"WebPage","@id":"https:\/\/www.immo-invest.ch\/fr\/neuer-ceo-uebernimmt-fuehrung-des-bauzulieferers-ab-januar-2025\/#webpage","url":"https:\/\/www.immo-invest.ch\/fr\/neuer-ceo-uebernimmt-fuehrung-des-bauzulieferers-ab-januar-2025\/","name":"Le nouveau CEO prendra la t\u00eate du fournisseur de la construction \u00e0 partir de janvier 2025 - immo!nvest - Die Plattform f\u00fcr Standorte und Immobilien","description":"Claudius Moor deviendra CEO du groupe Arbonia le 1er janvier. Il remplace ainsi Alexander von Witzleben, qui se concentre sur son r\u00f4le de pr\u00e9sident du conseil d'administration. Moor est CEO de la division Portes d'Arbonia depuis 2020.","inLanguage":"fr-FR","isPartOf":{"@id":"https:\/\/www.immo-invest.ch\/fr\/#website"},"breadcrumb":{"@id":"https:\/\/www.immo-invest.ch\/fr\/neuer-ceo-uebernimmt-fuehrung-des-bauzulieferers-ab-januar-2025\/#breadcrumblist"},"author":{"@id":"https:\/\/www.immo-invest.ch\/fr\/author\/immovestuser\/#author"},"creator":{"@id":"https:\/\/www.immo-invest.ch\/fr\/author\/immovestuser\/#author"},"image":{"@type":"ImageObject","url":"https:\/\/www.immo-invest.ch\/wp-content\/uploads\/2024\/12\/immo-invest_unternehmen_personen_bauwirtschaft_finanzen_fuehrungswechsel_bauzulieferer.png","@id":"https:\/\/www.immo-invest.ch\/fr\/neuer-ceo-uebernimmt-fuehrung-des-bauzulieferers-ab-januar-2025\/#mainImage","width":1536,"height":768},"primaryImageOfPage":{"@id":"https:\/\/www.immo-invest.ch\/fr\/neuer-ceo-uebernimmt-fuehrung-des-bauzulieferers-ab-januar-2025\/#mainImage"},"datePublished":"2024-12-30T10:00:00+01:00","dateModified":"2024-12-19T15:26:40+01:00"},{"@type":"WebSite","@id":"https:\/\/www.immo-invest.ch\/fr\/#website","url":"https:\/\/www.immo-invest.ch\/fr\/","name":"immo!nvest - Die Plattform f\u00fcr Standorte und Immobilien","description":"Die\u00a0Plattform f\u00fcr Standorte und Immobilien","inLanguage":"fr-FR","publisher":{"@id":"https:\/\/www.immo-invest.ch\/fr\/#organization"}}]},"og:locale":"fr_FR","og:site_name":"immo!nvest - Die Plattform f\u00fcr Standorte und Immobilien - Die\u00a0Plattform f\u00fcr Standorte und Immobilien","og:type":"article","og:title":"Le nouveau CEO prendra la t\u00eate du fournisseur de la construction \u00e0 partir de janvier 2025 - immo!nvest - Die Plattform f\u00fcr Standorte und Immobilien","og:description":"Claudius Moor deviendra CEO du groupe Arbonia le 1er janvier. Il remplace ainsi Alexander von Witzleben, qui se concentre sur son r\u00f4le de pr\u00e9sident du conseil d'administration. Moor est CEO de la division Portes d'Arbonia depuis 2020.","og:url":"https:\/\/www.immo-invest.ch\/fr\/neuer-ceo-uebernimmt-fuehrung-des-bauzulieferers-ab-januar-2025\/","og:image":"https:\/\/www.immo-invest.ch\/wp-content\/uploads\/2024\/12\/immo-invest_unternehmen_personen_bauwirtschaft_finanzen_fuehrungswechsel_bauzulieferer.png","og:image:secure_url":"https:\/\/www.immo-invest.ch\/wp-content\/uploads\/2024\/12\/immo-invest_unternehmen_personen_bauwirtschaft_finanzen_fuehrungswechsel_bauzulieferer.png","og:image:width":1536,"og:image:height":768,"article:published_time":"2024-12-30T09:00:00+00:00","article:modified_time":"2024-12-19T14:26:40+00:00","article:publisher":"https:\/\/www.facebook.com\/people\/Immoinvest\/100077962920504\/","twitter:card":"summary_large_image","twitter:site":"@i","twitter:title":"Le nouveau CEO prendra la t\u00eate du fournisseur de la construction \u00e0 partir de janvier 2025 - immo!nvest - Die Plattform f\u00fcr Standorte und Immobilien","twitter:description":"Claudius Moor deviendra CEO du groupe Arbonia le 1er janvier. Il remplace ainsi Alexander von Witzleben, qui se concentre sur son r\u00f4le de pr\u00e9sident du conseil d'administration. Moor est CEO de la division Portes d'Arbonia depuis 2020.","twitter:creator":"@i","twitter:image":"https:\/\/www.immo-invest.ch\/wp-content\/uploads\/2024\/12\/immo-invest_unternehmen_personen_bauwirtschaft_finanzen_fuehrungswechsel_bauzulieferer.png"},"aioseo_meta_data":{"post_id":"122425","title":null,"description":null,"keywords":null,"keyphrases":{"focus":{"keyphrase":"","score":0,"analysis":{"keyphraseInTitle":{"score":0,"maxScore":9,"error":1}}},"additional":[]},"primary_term":null,"canonical_url":null,"og_title":null,"og_description":null,"og_object_type":"default","og_image_type":"default","og_image_url":null,"og_image_width":null,"og_image_height":null,"og_image_custom_url":null,"og_image_custom_fields":null,"og_video":"","og_custom_url":null,"og_article_section":null,"og_article_tags":null,"twitter_use_og":false,"twitter_card":"default","twitter_image_type":"default","twitter_image_url":null,"twitter_image_custom_url":null,"twitter_image_custom_fields":null,"twitter_title":null,"twitter_description":null,"schema":{"blockGraphs":[],"customGraphs":[],"default":{"data":{"Article":[],"Course":[],"Dataset":[],"FAQPage":[],"Movie":[],"Person":[],"Product":[],"ProductReview":[],"Car":[],"Recipe":[],"Service":[],"SoftwareApplication":[],"WebPage":[]},"graphName":"BlogPosting","isEnabled":true},"graphs":[]},"schema_type":"default","schema_type_options":null,"pillar_content":false,"robots_default":true,"robots_noindex":false,"robots_noarchive":false,"robots_nosnippet":false,"robots_nofollow":false,"robots_noimageindex":false,"robots_noodp":false,"robots_notranslate":false,"robots_max_snippet":"-1","robots_max_videopreview":"-1","robots_max_imagepreview":"large","priority":null,"frequency":"default","local_seo":null,"breadcrumb_settings":null,"limit_modified_date":false,"ai":null,"created":"2024-12-19 14:26:40","updated":"2025-10-24 15:00:16","seo_analyzer_scan_date":null,"focus_keyword":null,"additional_keywords":null,"truseo_locale":null},"aioseo_breadcrumb":"<div class=\"aioseo-breadcrumbs\"><span class=\"aioseo-breadcrumb\">\n\t\t\t<a href=\"https:\/\/www.immo-invest.ch\/fr\/\" title=\"Home\">Home<\/a>\n\t\t<\/span><span class=\"aioseo-breadcrumb-separator\">&raquo;<\/span><span class=\"aioseo-breadcrumb\">\n\t\t\t<a href=\"https:\/\/www.immo-invest.ch\/fr\/categories\/regions\/\" title=\"R\u00e9gions\">R\u00e9gions<\/a>\n\t\t<\/span><span class=\"aioseo-breadcrumb-separator\">&raquo;<\/span><span class=\"aioseo-breadcrumb\">\n\t\t\t<a href=\"https:\/\/www.immo-invest.ch\/fr\/categories\/regions\/suisse\/\" title=\"Suisse\">Suisse<\/a>\n\t\t<\/span><span class=\"aioseo-breadcrumb-separator\">&raquo;<\/span><span class=\"aioseo-breadcrumb\">\n\t\t\t<a href=\"https:\/\/www.immo-invest.ch\/fr\/categories\/regions\/suisse\/suisse-orientale\/\" title=\"Suisse orientale\">Suisse orientale<\/a>\n\t\t<\/span><span class=\"aioseo-breadcrumb-separator\">&raquo;<\/span><span class=\"aioseo-breadcrumb\">\n\t\t\t<a href=\"https:\/\/www.immo-invest.ch\/fr\/categories\/regions\/suisse\/suisse-orientale\/thurgovie\/\" title=\"Thurgovie\">Thurgovie<\/a>\n\t\t<\/span><span class=\"aioseo-breadcrumb-separator\">&raquo;<\/span><span class=\"aioseo-breadcrumb\">\n\t\t\tLe nouveau CEO prendra la t\u00eate du fournisseur de la construction \u00e0 partir de janvier 2025\n\t\t<\/span><\/div>","aioseo_breadcrumb_json":[{"label":"Home","link":"https:\/\/www.immo-invest.ch\/fr\/"},{"label":"R\u00e9gions","link":"https:\/\/www.immo-invest.ch\/fr\/categories\/regions\/"},{"label":"Suisse","link":"https:\/\/www.immo-invest.ch\/fr\/categories\/regions\/suisse\/"},{"label":"Suisse orientale","link":"https:\/\/www.immo-invest.ch\/fr\/categories\/regions\/suisse\/suisse-orientale\/"},{"label":"Thurgovie","link":"https:\/\/www.immo-invest.ch\/fr\/categories\/regions\/suisse\/suisse-orientale\/thurgovie\/"},{"label":"Le nouveau CEO prendra la t\u00eate du fournisseur de la construction \u00e0 partir de janvier 2025","link":"https:\/\/www.immo-invest.ch\/fr\/neuer-ceo-uebernimmt-fuehrung-des-bauzulieferers-ab-januar-2025\/"}],"featured_image_src":"https:\/\/www.immo-invest.ch\/wp-content\/uploads\/2024\/12\/immo-invest_unternehmen_personen_bauwirtschaft_finanzen_fuehrungswechsel_bauzulieferer-336x168.png","_links":{"self":[{"href":"https:\/\/www.immo-invest.ch\/fr\/wp-json\/wp\/v2\/posts\/122425","targetHints":{"allow":["GET"]}}],"collection":[{"href":"https:\/\/www.immo-invest.ch\/fr\/wp-json\/wp\/v2\/posts"}],"about":[{"href":"https:\/\/www.immo-invest.ch\/fr\/wp-json\/wp\/v2\/types\/post"}],"author":[{"embeddable":true,"href":"https:\/\/www.immo-invest.ch\/fr\/wp-json\/wp\/v2\/users\/2"}],"replies":[{"embeddable":true,"href":"https:\/\/www.immo-invest.ch\/fr\/wp-json\/wp\/v2\/comments?post=122425"}],"version-history":[{"count":0,"href":"https:\/\/www.immo-invest.ch\/fr\/wp-json\/wp\/v2\/posts\/122425\/revisions"}],"wp:featuredmedia":[{"embeddable":true,"href":"https:\/\/www.immo-invest.ch\/fr\/wp-json\/wp\/v2\/media\/122420"}],"wp:attachment":[{"href":"https:\/\/www.immo-invest.ch\/fr\/wp-json\/wp\/v2\/media?parent=122425"}],"wp:term":[{"taxonomy":"category","embeddable":true,"href":"https:\/\/www.immo-invest.ch\/fr\/wp-json\/wp\/v2\/categories?post=122425"},{"taxonomy":"post_tag","embeddable":true,"href":"https:\/\/www.immo-invest.ch\/fr\/wp-json\/wp\/v2\/tags?post=122425"}],"curies":[{"name":"wp","href":"https:\/\/api.w.org\/{rel}","templated":true}]}}