{"id":122338,"date":"2024-12-23T14:00:00","date_gmt":"2024-12-23T13:00:00","guid":{"rendered":"https:\/\/www.immo-invest.ch\/?p=122338"},"modified":"2024-12-19T11:50:34","modified_gmt":"2024-12-19T10:50:34","slug":"hybrides-kleinkraftwerk-foerdert-gruene-energie-in-graubuenden","status":"publish","type":"post","link":"https:\/\/www.immo-invest.ch\/fr\/hybrides-kleinkraftwerk-foerdert-gruene-energie-in-graubuenden\/","title":{"rendered":"Une petite centrale hybride promeut l&rsquo;\u00e9nergie verte dans les Grisons"},"content":{"rendered":"<p class=\"bodytext wp-block-paragraph\"><a href=\"https:\/\/newgreentec.com\/\" target=\"_blank\" rel=\"noopener\">NewGreenTec AG<\/a> a install&eacute; l&rsquo;une de ses <a href=\"https:\/\/solarimpulse.com\/solutions-explorer\/hybrid-small-wind-solar-mini-power-plants\" target=\"_blank\" rel=\"noopener\">microcentrales hybrides &eacute;oliennes et solaires<\/a> sur le toit du <a href=\"https:\/\/www.gr.ch\/DE\/institutionen\/verwaltung\/dvs\/lbbz\/Seiten\/welcome.aspx\" target=\"_blank\" rel=\"noopener\">Plantahof<\/a>. Elle contribuera &agrave; l&rsquo;approvisionnement en &eacute;lectricit&eacute; durable du centre de formation agricole du canton des Grisons et de la Suisse orientale. Comme l&rsquo;indique &eacute;galement la jeune entreprise, il doit en outre permettre aux &eacute;l&egrave;ves et aux enseignants de d&eacute;couvrir la technologie de premi&egrave;re main et d&rsquo;&eacute;largir leurs connaissances en mati&egrave;re d&rsquo;&eacute;nergies renouvelables.<\/p>\n\n\n\n\n\n<p class=\"bodytext wp-block-paragraph\">&laquo;&nbsp;Nous sommes enthousiastes &agrave; l&rsquo;id&eacute;e de promouvoir le d&eacute;veloppement durable de l&rsquo;agriculture dans les Grisons avec ce projet&nbsp;&raquo;, a d&eacute;clar&eacute; Frido Stutz, directeur de NewGreenTec AG, cit&eacute; dans un communiqu&eacute; de l&rsquo;entreprise. &laquo;&nbsp;L&rsquo;interaction entre l&rsquo;&eacute;nergie &eacute;olienne et l&rsquo;&eacute;nergie solaire est un pas en avant vers un approvisionnement en &eacute;lectricit&eacute; &eacute;cologique et stable tout au long de la journ&eacute;e et de l&rsquo;ann&eacute;e&nbsp;&raquo;<\/p>\n\n\n\n\n\n<p class=\"bodytext wp-block-paragraph\">En outre, NewGreenTec y voit &eacute;galement un symbole des potentiels d&rsquo;un avenir durable : &laquo;&nbsp;Avec la force du vent et du soleil, la vall&eacute;e du Rhin doit devenir un autre exemple d&rsquo;<span class=\"glossaryLink\" aria-describedby=\"tt\" data-cmtooltip=\"&lt;div class=glossaryItemTitle&gt;Innovation&lt;\/div&gt;&lt;div class=glossaryItemBody&gt;Innovation in der heutigen Immobilienwelt bedeutet vor allem Digitalisierung von Prozessen. Zum Beispiel das Eliminieren von Tausenden von Excel-Bl&auml;ttern f&uuml;r Portfolio- und Asset-Manager oder das Erstellen einer Anwendung (App) f&uuml;r alle Formalit&auml;ten rund um die Beziehung zwischen Immobilieneigent&uuml;mern, - verwaltung und -mietern.&lt;\/div&gt;\" data-mobile-support=\"0\" data-gt-translate-attributes='[{\"attribute\":\"data-cmtooltip\", \"format\":\"html\"}]' tabindex=\"0\" role=\"link\">innovation<\/span> r&eacute;ussie dans l&rsquo;approvisionnement en &eacute;nergie verte&nbsp;&raquo; La premi&egrave;re petite centrale de l&rsquo;entreprise, install&eacute;e sur un b&acirc;timent industriel, a &eacute;t&eacute; mise en service en janvier 2023.<\/p>\n\n\n\n\n\n<p class=\"bodytext wp-block-paragraph\">L&rsquo;appareil hybride combine des panneaux solaires, une petite &eacute;olienne et une technologie de stockage en un seul appareil et a &eacute;t&eacute; d&eacute;velopp&eacute; en collaboration avec des hautes &eacute;coles sp&eacute;cialis&eacute;es suisses. Les &eacute;oliennes, qui tournent autour d&rsquo;un axe vertical, sont ind&eacute;pendantes de la direction du vent et pratiquement silencieuses.<\/p>\n\n","protected":false},"excerpt":{"rendered":"<p>NewGreenTec a install\u00e9 une petite centrale hybride \u00e9olienne et solaire sur le toit du Plantahof \u00e0 Landquart. L&rsquo;objectif est de r\u00e9duire l&#8217;empreinte \u00e9cologique de ce centre de formation agricole et de cr\u00e9er un mod\u00e8le d&rsquo;approvisionnement \u00e9nerg\u00e9tique durable.<\/p>\n","protected":false},"author":2,"featured_media":122333,"comment_status":"open","ping_status":"open","sticky":false,"template":"","format":"standard","meta":{"pmpro_default_level":"","inline_featured_image":false,"_monsterinsights_skip_tracking":false,"footnotes":""},"categories":[22699,8747,22347,743,739,8452],"tags":[40239,872,3931,2056,2002,1087,2079,36425,2237,3418],"class_list":["post-122338","post","type-post","status-publish","format-standard","has-post-thumbnail","hentry","category-durabilite","category-energie","category-grisons","category-immonews-fr","category-projects","category-regions","tag-erneuerbare-energien-fr","tag-immoinvest-fr","tag-immonews-fr","tag-nachhaltigkeit-fr","tag-news-fr","tag-projekt-fr","tag-solarenergie-fr","tag-stromversorgung-fr","tag-technologie-fr","tag-windkraft-fr","pmpro-has-access"],"acf":{"bild_mit_ki_erstellt_worden":[],"lead":"NewGreenTec a install\u00e9 une petite centrale hybride \u00e9olienne et solaire sur le toit du Plantahof \u00e0 Landquart. L'objectif est de r\u00e9duire l'empreinte \u00e9cologique de ce centre de formation agricole et de cr\u00e9er un mod\u00e8le d'approvisionnement \u00e9nerg\u00e9tique durable.","autor":"ce\/mm","ort":"Kloten ZH\/Landquart GR","bildunterschrift":"","bild_im_grid":false,"gallerie":"","newsim":""},"aioseo_notices":[],"aioseo_head":"\n\t\t<!-- All in One SEO 5.0.0.1 - aioseo.com -->\n\t<meta name=\"description\" content=\"NewGreenTec a install\u00e9 une petite centrale hybride \u00e9olienne et solaire sur le toit du Plantahof \u00e0 Landquart. L&#039;objectif est de r\u00e9duire l&#039;empreinte \u00e9cologique de ce centre de formation agricole et de cr\u00e9er un mod\u00e8le d&#039;approvisionnement \u00e9nerg\u00e9tique durable.\" \/>\n\t<meta name=\"robots\" content=\"max-image-preview:large\" \/>\n\t<meta name=\"author\" content=\"immovestuser\"\/>\n\t<meta name=\"google-site-verification\" content=\"fHJKvgWpZCR2zVBHWfkQeFXC11qieUSff0HGNYfuyLA\" \/>\n\t<link rel=\"canonical\" href=\"https:\/\/www.immo-invest.ch\/fr\/hybrides-kleinkraftwerk-foerdert-gruene-energie-in-graubuenden\/\" \/>\n\t<meta name=\"generator\" content=\"All in One SEO (AIOSEO) 5.0.0.1\" \/>\n\t\t<meta property=\"og:locale\" content=\"fr_FR\" \/>\n\t\t<meta property=\"og:site_name\" content=\"immo!nvest - Die Plattform f\u00fcr Standorte und Immobilien - Die\u00a0Plattform f\u00fcr Standorte und Immobilien\" \/>\n\t\t<meta property=\"og:type\" content=\"article\" \/>\n\t\t<meta property=\"og:title\" content=\"Une petite centrale hybride promeut l\u2019\u00e9nergie verte dans les Grisons - immo!nvest - Die Plattform f\u00fcr Standorte und Immobilien\" \/>\n\t\t<meta property=\"og:description\" content=\"NewGreenTec a install\u00e9 une petite centrale hybride \u00e9olienne et solaire sur le toit du Plantahof \u00e0 Landquart. L&#039;objectif est de r\u00e9duire l&#039;empreinte \u00e9cologique de ce centre de formation agricole et de cr\u00e9er un mod\u00e8le d&#039;approvisionnement \u00e9nerg\u00e9tique durable.\" \/>\n\t\t<meta property=\"og:url\" content=\"https:\/\/www.immo-invest.ch\/fr\/hybrides-kleinkraftwerk-foerdert-gruene-energie-in-graubuenden\/\" \/>\n\t\t<meta property=\"og:image\" content=\"https:\/\/www.immo-invest.ch\/wp-content\/uploads\/2024\/12\/immo-invest_windkraft_solarenergie_stromversorgung_energie_nachhaltigkeit.png\" \/>\n\t\t<meta property=\"og:image:secure_url\" content=\"https:\/\/www.immo-invest.ch\/wp-content\/uploads\/2024\/12\/immo-invest_windkraft_solarenergie_stromversorgung_energie_nachhaltigkeit.png\" \/>\n\t\t<meta property=\"og:image:width\" content=\"1536\" \/>\n\t\t<meta property=\"og:image:height\" content=\"768\" \/>\n\t\t<meta property=\"article:published_time\" content=\"2024-12-23T13:00:00+00:00\" \/>\n\t\t<meta property=\"article:modified_time\" content=\"2024-12-19T10:50:34+00:00\" \/>\n\t\t<meta property=\"article:publisher\" content=\"https:\/\/www.facebook.com\/people\/Immoinvest\/100077962920504\/\" \/>\n\t\t<meta name=\"twitter:card\" content=\"summary_large_image\" \/>\n\t\t<meta name=\"twitter:site\" content=\"@i\" \/>\n\t\t<meta name=\"twitter:title\" content=\"Une petite centrale hybride promeut l\u2019\u00e9nergie verte dans les Grisons - immo!nvest - Die Plattform f\u00fcr Standorte und Immobilien\" \/>\n\t\t<meta name=\"twitter:description\" content=\"NewGreenTec a install\u00e9 une petite centrale hybride \u00e9olienne et solaire sur le toit du Plantahof \u00e0 Landquart. L&#039;objectif est de r\u00e9duire l&#039;empreinte \u00e9cologique de ce centre de formation agricole et de cr\u00e9er un mod\u00e8le d&#039;approvisionnement \u00e9nerg\u00e9tique durable.\" \/>\n\t\t<meta name=\"twitter:creator\" content=\"@i\" \/>\n\t\t<meta name=\"twitter:image\" content=\"https:\/\/www.immo-invest.ch\/wp-content\/uploads\/2024\/12\/immo-invest_windkraft_solarenergie_stromversorgung_energie_nachhaltigkeit.png\" \/>\n\t\t<script type=\"application\/ld+json\" class=\"aioseo-schema\">\n\t\t\t{\"@context\":\"https:\\\/\\\/schema.org\",\"@graph\":[{\"@type\":\"BlogPosting\",\"@id\":\"https:\\\/\\\/www.immo-invest.ch\\\/fr\\\/hybrides-kleinkraftwerk-foerdert-gruene-energie-in-graubuenden\\\/#blogposting\",\"name\":\"Une petite centrale hybride promeut l\\u2019\\u00e9nergie verte dans les Grisons - immo!nvest - Die Plattform f\\u00fcr Standorte und Immobilien\",\"headline\":\"Une petite centrale hybride promeut l&rsquo;\\u00e9nergie verte dans les Grisons\",\"author\":{\"@id\":\"https:\\\/\\\/www.immo-invest.ch\\\/fr\\\/author\\\/immovestuser\\\/#author\"},\"publisher\":{\"@id\":\"https:\\\/\\\/www.immo-invest.ch\\\/fr\\\/#organization\"},\"image\":{\"@type\":\"ImageObject\",\"url\":\"https:\\\/\\\/www.immo-invest.ch\\\/wp-content\\\/uploads\\\/2024\\\/12\\\/immo-invest_windkraft_solarenergie_stromversorgung_energie_nachhaltigkeit.png\",\"width\":1536,\"height\":768},\"datePublished\":\"2024-12-23T14:00:00+01:00\",\"dateModified\":\"2024-12-19T11:50:34+01:00\",\"inLanguage\":\"fr-FR\",\"mainEntityOfPage\":{\"@id\":\"https:\\\/\\\/www.immo-invest.ch\\\/fr\\\/hybrides-kleinkraftwerk-foerdert-gruene-energie-in-graubuenden\\\/#webpage\"},\"isPartOf\":{\"@id\":\"https:\\\/\\\/www.immo-invest.ch\\\/fr\\\/hybrides-kleinkraftwerk-foerdert-gruene-energie-in-graubuenden\\\/#webpage\"},\"articleSection\":\"Durabilit\\u00e9, \\u00c9nergie, Grisons, immoNews, Projects, R\\u00e9gions, Erneuerbare Energien, Immoinvest, immoNews, Nachhaltigkeit, News, Projekt, Solarenergie, Stromversorgung, Technologie, Windkraft, Facultatif\"},{\"@type\":\"BreadcrumbList\",\"@id\":\"https:\\\/\\\/www.immo-invest.ch\\\/fr\\\/hybrides-kleinkraftwerk-foerdert-gruene-energie-in-graubuenden\\\/#breadcrumblist\",\"itemListElement\":[{\"@type\":\"ListItem\",\"@id\":\"https:\\\/\\\/www.immo-invest.ch\\\/fr\\\/#listItem\",\"position\":1,\"name\":\"Home\",\"item\":\"https:\\\/\\\/www.immo-invest.ch\\\/fr\\\/\",\"nextItem\":{\"@type\":\"ListItem\",\"@id\":\"https:\\\/\\\/www.immo-invest.ch\\\/fr\\\/categories\\\/regions\\\/#listItem\",\"name\":\"R\\u00e9gions\"}},{\"@type\":\"ListItem\",\"@id\":\"https:\\\/\\\/www.immo-invest.ch\\\/fr\\\/categories\\\/regions\\\/#listItem\",\"position\":2,\"name\":\"R\\u00e9gions\",\"item\":\"https:\\\/\\\/www.immo-invest.ch\\\/fr\\\/categories\\\/regions\\\/\",\"nextItem\":{\"@type\":\"ListItem\",\"@id\":\"https:\\\/\\\/www.immo-invest.ch\\\/fr\\\/categories\\\/regions\\\/suisse\\\/#listItem\",\"name\":\"Suisse\"},\"previousItem\":{\"@type\":\"ListItem\",\"@id\":\"https:\\\/\\\/www.immo-invest.ch\\\/fr\\\/#listItem\",\"name\":\"Home\"}},{\"@type\":\"ListItem\",\"@id\":\"https:\\\/\\\/www.immo-invest.ch\\\/fr\\\/categories\\\/regions\\\/suisse\\\/#listItem\",\"position\":3,\"name\":\"Suisse\",\"item\":\"https:\\\/\\\/www.immo-invest.ch\\\/fr\\\/categories\\\/regions\\\/suisse\\\/\",\"nextItem\":{\"@type\":\"ListItem\",\"@id\":\"https:\\\/\\\/www.immo-invest.ch\\\/fr\\\/categories\\\/regions\\\/suisse\\\/suisse-orientale\\\/#listItem\",\"name\":\"Suisse orientale\"},\"previousItem\":{\"@type\":\"ListItem\",\"@id\":\"https:\\\/\\\/www.immo-invest.ch\\\/fr\\\/categories\\\/regions\\\/#listItem\",\"name\":\"R\\u00e9gions\"}},{\"@type\":\"ListItem\",\"@id\":\"https:\\\/\\\/www.immo-invest.ch\\\/fr\\\/categories\\\/regions\\\/suisse\\\/suisse-orientale\\\/#listItem\",\"position\":4,\"name\":\"Suisse orientale\",\"item\":\"https:\\\/\\\/www.immo-invest.ch\\\/fr\\\/categories\\\/regions\\\/suisse\\\/suisse-orientale\\\/\",\"nextItem\":{\"@type\":\"ListItem\",\"@id\":\"https:\\\/\\\/www.immo-invest.ch\\\/fr\\\/categories\\\/regions\\\/suisse\\\/suisse-orientale\\\/grisons\\\/#listItem\",\"name\":\"Grisons\"},\"previousItem\":{\"@type\":\"ListItem\",\"@id\":\"https:\\\/\\\/www.immo-invest.ch\\\/fr\\\/categories\\\/regions\\\/suisse\\\/#listItem\",\"name\":\"Suisse\"}},{\"@type\":\"ListItem\",\"@id\":\"https:\\\/\\\/www.immo-invest.ch\\\/fr\\\/categories\\\/regions\\\/suisse\\\/suisse-orientale\\\/grisons\\\/#listItem\",\"position\":5,\"name\":\"Grisons\",\"item\":\"https:\\\/\\\/www.immo-invest.ch\\\/fr\\\/categories\\\/regions\\\/suisse\\\/suisse-orientale\\\/grisons\\\/\",\"nextItem\":{\"@type\":\"ListItem\",\"@id\":\"https:\\\/\\\/www.immo-invest.ch\\\/fr\\\/hybrides-kleinkraftwerk-foerdert-gruene-energie-in-graubuenden\\\/#listItem\",\"name\":\"Une petite centrale hybride promeut l&rsquo;\\u00e9nergie verte dans les Grisons\"},\"previousItem\":{\"@type\":\"ListItem\",\"@id\":\"https:\\\/\\\/www.immo-invest.ch\\\/fr\\\/categories\\\/regions\\\/suisse\\\/suisse-orientale\\\/#listItem\",\"name\":\"Suisse orientale\"}},{\"@type\":\"ListItem\",\"@id\":\"https:\\\/\\\/www.immo-invest.ch\\\/fr\\\/hybrides-kleinkraftwerk-foerdert-gruene-energie-in-graubuenden\\\/#listItem\",\"position\":6,\"name\":\"Une petite centrale hybride promeut l&rsquo;\\u00e9nergie verte dans les Grisons\",\"previousItem\":{\"@type\":\"ListItem\",\"@id\":\"https:\\\/\\\/www.immo-invest.ch\\\/fr\\\/categories\\\/regions\\\/suisse\\\/suisse-orientale\\\/grisons\\\/#listItem\",\"name\":\"Grisons\"}}]},{\"@type\":\"Organization\",\"@id\":\"https:\\\/\\\/www.immo-invest.ch\\\/fr\\\/#organization\",\"name\":\"immo!nvest - Die Plattform f\\u00fcr Standorte und Immobilien\",\"description\":\"Die\\u00a0Plattform f\\u00fcr Standorte und Immobilien\",\"url\":\"https:\\\/\\\/www.immo-invest.ch\\\/fr\\\/\",\"email\":\"admin@immomedia.ag\",\"telephone\":\"+41444420002\",\"logo\":{\"@type\":\"ImageObject\",\"url\":\"https:\\\/\\\/www.immo-invest.ch\\\/wp-content\\\/uploads\\\/2024\\\/09\\\/immoinvest_sm-scaled.jpg\",\"@id\":\"https:\\\/\\\/www.immo-invest.ch\\\/fr\\\/hybrides-kleinkraftwerk-foerdert-gruene-energie-in-graubuenden\\\/#organizationLogo\",\"width\":2560,\"height\":1340},\"image\":{\"@id\":\"https:\\\/\\\/www.immo-invest.ch\\\/fr\\\/hybrides-kleinkraftwerk-foerdert-gruene-energie-in-graubuenden\\\/#organizationLogo\"},\"sameAs\":[\"https:\\\/\\\/www.facebook.com\\\/people\\\/Immoinvest\\\/100077962920504\\\/\",\"https:\\\/\\\/x.com\\\/i\\\/flow\\\/login?redirect_after_login=immoinvest_ch\",\"https:\\\/\\\/www.instagram.com\\\/immoinvest_ch\\\/\",\"https:\\\/\\\/www.linkedin.com\\\/company\\\/immoinvest-swiss\"]},{\"@type\":\"Person\",\"@id\":\"https:\\\/\\\/www.immo-invest.ch\\\/fr\\\/author\\\/immovestuser\\\/#author\",\"url\":\"https:\\\/\\\/www.immo-invest.ch\\\/fr\\\/author\\\/immovestuser\\\/\",\"name\":\"immovestuser\",\"image\":{\"@type\":\"ImageObject\",\"@id\":\"https:\\\/\\\/www.immo-invest.ch\\\/fr\\\/hybrides-kleinkraftwerk-foerdert-gruene-energie-in-graubuenden\\\/#authorImage\",\"url\":\"https:\\\/\\\/secure.gravatar.com\\\/avatar\\\/8e01f4d99f2eeea7a362ebb93305e1172a70e9293ba250f897a65c39f54cdd1e?s=96&d=mm&r=g\",\"width\":96,\"height\":96,\"caption\":\"immovestuser\"}},{\"@type\":\"WebPage\",\"@id\":\"https:\\\/\\\/www.immo-invest.ch\\\/fr\\\/hybrides-kleinkraftwerk-foerdert-gruene-energie-in-graubuenden\\\/#webpage\",\"url\":\"https:\\\/\\\/www.immo-invest.ch\\\/fr\\\/hybrides-kleinkraftwerk-foerdert-gruene-energie-in-graubuenden\\\/\",\"name\":\"Une petite centrale hybride promeut l\\u2019\\u00e9nergie verte dans les Grisons - immo!nvest - Die Plattform f\\u00fcr Standorte und Immobilien\",\"description\":\"NewGreenTec a install\\u00e9 une petite centrale hybride \\u00e9olienne et solaire sur le toit du Plantahof \\u00e0 Landquart. L'objectif est de r\\u00e9duire l'empreinte \\u00e9cologique de ce centre de formation agricole et de cr\\u00e9er un mod\\u00e8le d'approvisionnement \\u00e9nerg\\u00e9tique durable.\",\"inLanguage\":\"fr-FR\",\"isPartOf\":{\"@id\":\"https:\\\/\\\/www.immo-invest.ch\\\/fr\\\/#website\"},\"breadcrumb\":{\"@id\":\"https:\\\/\\\/www.immo-invest.ch\\\/fr\\\/hybrides-kleinkraftwerk-foerdert-gruene-energie-in-graubuenden\\\/#breadcrumblist\"},\"author\":{\"@id\":\"https:\\\/\\\/www.immo-invest.ch\\\/fr\\\/author\\\/immovestuser\\\/#author\"},\"creator\":{\"@id\":\"https:\\\/\\\/www.immo-invest.ch\\\/fr\\\/author\\\/immovestuser\\\/#author\"},\"image\":{\"@type\":\"ImageObject\",\"url\":\"https:\\\/\\\/www.immo-invest.ch\\\/wp-content\\\/uploads\\\/2024\\\/12\\\/immo-invest_windkraft_solarenergie_stromversorgung_energie_nachhaltigkeit.png\",\"@id\":\"https:\\\/\\\/www.immo-invest.ch\\\/fr\\\/hybrides-kleinkraftwerk-foerdert-gruene-energie-in-graubuenden\\\/#mainImage\",\"width\":1536,\"height\":768},\"primaryImageOfPage\":{\"@id\":\"https:\\\/\\\/www.immo-invest.ch\\\/fr\\\/hybrides-kleinkraftwerk-foerdert-gruene-energie-in-graubuenden\\\/#mainImage\"},\"datePublished\":\"2024-12-23T14:00:00+01:00\",\"dateModified\":\"2024-12-19T11:50:34+01:00\"},{\"@type\":\"WebSite\",\"@id\":\"https:\\\/\\\/www.immo-invest.ch\\\/fr\\\/#website\",\"url\":\"https:\\\/\\\/www.immo-invest.ch\\\/fr\\\/\",\"name\":\"immo!nvest - Die Plattform f\\u00fcr Standorte und Immobilien\",\"description\":\"Die\\u00a0Plattform f\\u00fcr Standorte und Immobilien\",\"inLanguage\":\"fr-FR\",\"publisher\":{\"@id\":\"https:\\\/\\\/www.immo-invest.ch\\\/fr\\\/#organization\"}}]}\n\t\t<\/script>\n\t\t<!-- All in One SEO -->\n\n","aioseo_head_json":{"title":"Une petite centrale hybride promeut l\u2019\u00e9nergie verte dans les Grisons - immo!nvest - Die Plattform f\u00fcr Standorte und Immobilien","description":"NewGreenTec a install\u00e9 une petite centrale hybride \u00e9olienne et solaire sur le toit du Plantahof \u00e0 Landquart. L'objectif est de r\u00e9duire l'empreinte \u00e9cologique de ce centre de formation agricole et de cr\u00e9er un mod\u00e8le d'approvisionnement \u00e9nerg\u00e9tique durable.","canonical_url":"https:\/\/www.immo-invest.ch\/fr\/hybrides-kleinkraftwerk-foerdert-gruene-energie-in-graubuenden\/","robots":"max-image-preview:large","keywords":"","webmasterTools":{"google-site-verification":"fHJKvgWpZCR2zVBHWfkQeFXC11qieUSff0HGNYfuyLA","miscellaneous":""},"schema":{"@context":"https:\/\/schema.org","@graph":[{"@type":"BlogPosting","@id":"https:\/\/www.immo-invest.ch\/fr\/hybrides-kleinkraftwerk-foerdert-gruene-energie-in-graubuenden\/#blogposting","name":"Une petite centrale hybride promeut l\u2019\u00e9nergie verte dans les Grisons - immo!nvest - Die Plattform f\u00fcr Standorte und Immobilien","headline":"Une petite centrale hybride promeut l&rsquo;\u00e9nergie verte dans les Grisons","author":{"@id":"https:\/\/www.immo-invest.ch\/fr\/author\/immovestuser\/#author"},"publisher":{"@id":"https:\/\/www.immo-invest.ch\/fr\/#organization"},"image":{"@type":"ImageObject","url":"https:\/\/www.immo-invest.ch\/wp-content\/uploads\/2024\/12\/immo-invest_windkraft_solarenergie_stromversorgung_energie_nachhaltigkeit.png","width":1536,"height":768},"datePublished":"2024-12-23T14:00:00+01:00","dateModified":"2024-12-19T11:50:34+01:00","inLanguage":"fr-FR","mainEntityOfPage":{"@id":"https:\/\/www.immo-invest.ch\/fr\/hybrides-kleinkraftwerk-foerdert-gruene-energie-in-graubuenden\/#webpage"},"isPartOf":{"@id":"https:\/\/www.immo-invest.ch\/fr\/hybrides-kleinkraftwerk-foerdert-gruene-energie-in-graubuenden\/#webpage"},"articleSection":"Durabilit\u00e9, \u00c9nergie, Grisons, immoNews, Projects, R\u00e9gions, Erneuerbare Energien, Immoinvest, immoNews, Nachhaltigkeit, News, Projekt, Solarenergie, Stromversorgung, Technologie, Windkraft, Facultatif"},{"@type":"BreadcrumbList","@id":"https:\/\/www.immo-invest.ch\/fr\/hybrides-kleinkraftwerk-foerdert-gruene-energie-in-graubuenden\/#breadcrumblist","itemListElement":[{"@type":"ListItem","@id":"https:\/\/www.immo-invest.ch\/fr\/#listItem","position":1,"name":"Home","item":"https:\/\/www.immo-invest.ch\/fr\/","nextItem":{"@type":"ListItem","@id":"https:\/\/www.immo-invest.ch\/fr\/categories\/regions\/#listItem","name":"R\u00e9gions"}},{"@type":"ListItem","@id":"https:\/\/www.immo-invest.ch\/fr\/categories\/regions\/#listItem","position":2,"name":"R\u00e9gions","item":"https:\/\/www.immo-invest.ch\/fr\/categories\/regions\/","nextItem":{"@type":"ListItem","@id":"https:\/\/www.immo-invest.ch\/fr\/categories\/regions\/suisse\/#listItem","name":"Suisse"},"previousItem":{"@type":"ListItem","@id":"https:\/\/www.immo-invest.ch\/fr\/#listItem","name":"Home"}},{"@type":"ListItem","@id":"https:\/\/www.immo-invest.ch\/fr\/categories\/regions\/suisse\/#listItem","position":3,"name":"Suisse","item":"https:\/\/www.immo-invest.ch\/fr\/categories\/regions\/suisse\/","nextItem":{"@type":"ListItem","@id":"https:\/\/www.immo-invest.ch\/fr\/categories\/regions\/suisse\/suisse-orientale\/#listItem","name":"Suisse orientale"},"previousItem":{"@type":"ListItem","@id":"https:\/\/www.immo-invest.ch\/fr\/categories\/regions\/#listItem","name":"R\u00e9gions"}},{"@type":"ListItem","@id":"https:\/\/www.immo-invest.ch\/fr\/categories\/regions\/suisse\/suisse-orientale\/#listItem","position":4,"name":"Suisse orientale","item":"https:\/\/www.immo-invest.ch\/fr\/categories\/regions\/suisse\/suisse-orientale\/","nextItem":{"@type":"ListItem","@id":"https:\/\/www.immo-invest.ch\/fr\/categories\/regions\/suisse\/suisse-orientale\/grisons\/#listItem","name":"Grisons"},"previousItem":{"@type":"ListItem","@id":"https:\/\/www.immo-invest.ch\/fr\/categories\/regions\/suisse\/#listItem","name":"Suisse"}},{"@type":"ListItem","@id":"https:\/\/www.immo-invest.ch\/fr\/categories\/regions\/suisse\/suisse-orientale\/grisons\/#listItem","position":5,"name":"Grisons","item":"https:\/\/www.immo-invest.ch\/fr\/categories\/regions\/suisse\/suisse-orientale\/grisons\/","nextItem":{"@type":"ListItem","@id":"https:\/\/www.immo-invest.ch\/fr\/hybrides-kleinkraftwerk-foerdert-gruene-energie-in-graubuenden\/#listItem","name":"Une petite centrale hybride promeut l&rsquo;\u00e9nergie verte dans les Grisons"},"previousItem":{"@type":"ListItem","@id":"https:\/\/www.immo-invest.ch\/fr\/categories\/regions\/suisse\/suisse-orientale\/#listItem","name":"Suisse orientale"}},{"@type":"ListItem","@id":"https:\/\/www.immo-invest.ch\/fr\/hybrides-kleinkraftwerk-foerdert-gruene-energie-in-graubuenden\/#listItem","position":6,"name":"Une petite centrale hybride promeut l&rsquo;\u00e9nergie verte dans les Grisons","previousItem":{"@type":"ListItem","@id":"https:\/\/www.immo-invest.ch\/fr\/categories\/regions\/suisse\/suisse-orientale\/grisons\/#listItem","name":"Grisons"}}]},{"@type":"Organization","@id":"https:\/\/www.immo-invest.ch\/fr\/#organization","name":"immo!nvest - Die Plattform f\u00fcr Standorte und Immobilien","description":"Die\u00a0Plattform f\u00fcr Standorte und Immobilien","url":"https:\/\/www.immo-invest.ch\/fr\/","email":"admin@immomedia.ag","telephone":"+41444420002","logo":{"@type":"ImageObject","url":"https:\/\/www.immo-invest.ch\/wp-content\/uploads\/2024\/09\/immoinvest_sm-scaled.jpg","@id":"https:\/\/www.immo-invest.ch\/fr\/hybrides-kleinkraftwerk-foerdert-gruene-energie-in-graubuenden\/#organizationLogo","width":2560,"height":1340},"image":{"@id":"https:\/\/www.immo-invest.ch\/fr\/hybrides-kleinkraftwerk-foerdert-gruene-energie-in-graubuenden\/#organizationLogo"},"sameAs":["https:\/\/www.facebook.com\/people\/Immoinvest\/100077962920504\/","https:\/\/x.com\/i\/flow\/login?redirect_after_login=immoinvest_ch","https:\/\/www.instagram.com\/immoinvest_ch\/","https:\/\/www.linkedin.com\/company\/immoinvest-swiss"]},{"@type":"Person","@id":"https:\/\/www.immo-invest.ch\/fr\/author\/immovestuser\/#author","url":"https:\/\/www.immo-invest.ch\/fr\/author\/immovestuser\/","name":"immovestuser","image":{"@type":"ImageObject","@id":"https:\/\/www.immo-invest.ch\/fr\/hybrides-kleinkraftwerk-foerdert-gruene-energie-in-graubuenden\/#authorImage","url":"https:\/\/secure.gravatar.com\/avatar\/8e01f4d99f2eeea7a362ebb93305e1172a70e9293ba250f897a65c39f54cdd1e?s=96&d=mm&r=g","width":96,"height":96,"caption":"immovestuser"}},{"@type":"WebPage","@id":"https:\/\/www.immo-invest.ch\/fr\/hybrides-kleinkraftwerk-foerdert-gruene-energie-in-graubuenden\/#webpage","url":"https:\/\/www.immo-invest.ch\/fr\/hybrides-kleinkraftwerk-foerdert-gruene-energie-in-graubuenden\/","name":"Une petite centrale hybride promeut l\u2019\u00e9nergie verte dans les Grisons - immo!nvest - Die Plattform f\u00fcr Standorte und Immobilien","description":"NewGreenTec a install\u00e9 une petite centrale hybride \u00e9olienne et solaire sur le toit du Plantahof \u00e0 Landquart. L'objectif est de r\u00e9duire l'empreinte \u00e9cologique de ce centre de formation agricole et de cr\u00e9er un mod\u00e8le d'approvisionnement \u00e9nerg\u00e9tique durable.","inLanguage":"fr-FR","isPartOf":{"@id":"https:\/\/www.immo-invest.ch\/fr\/#website"},"breadcrumb":{"@id":"https:\/\/www.immo-invest.ch\/fr\/hybrides-kleinkraftwerk-foerdert-gruene-energie-in-graubuenden\/#breadcrumblist"},"author":{"@id":"https:\/\/www.immo-invest.ch\/fr\/author\/immovestuser\/#author"},"creator":{"@id":"https:\/\/www.immo-invest.ch\/fr\/author\/immovestuser\/#author"},"image":{"@type":"ImageObject","url":"https:\/\/www.immo-invest.ch\/wp-content\/uploads\/2024\/12\/immo-invest_windkraft_solarenergie_stromversorgung_energie_nachhaltigkeit.png","@id":"https:\/\/www.immo-invest.ch\/fr\/hybrides-kleinkraftwerk-foerdert-gruene-energie-in-graubuenden\/#mainImage","width":1536,"height":768},"primaryImageOfPage":{"@id":"https:\/\/www.immo-invest.ch\/fr\/hybrides-kleinkraftwerk-foerdert-gruene-energie-in-graubuenden\/#mainImage"},"datePublished":"2024-12-23T14:00:00+01:00","dateModified":"2024-12-19T11:50:34+01:00"},{"@type":"WebSite","@id":"https:\/\/www.immo-invest.ch\/fr\/#website","url":"https:\/\/www.immo-invest.ch\/fr\/","name":"immo!nvest - Die Plattform f\u00fcr Standorte und Immobilien","description":"Die\u00a0Plattform f\u00fcr Standorte und Immobilien","inLanguage":"fr-FR","publisher":{"@id":"https:\/\/www.immo-invest.ch\/fr\/#organization"}}]},"og:locale":"fr_FR","og:site_name":"immo!nvest - Die Plattform f\u00fcr Standorte und Immobilien - Die\u00a0Plattform f\u00fcr Standorte und Immobilien","og:type":"article","og:title":"Une petite centrale hybride promeut l\u2019\u00e9nergie verte dans les Grisons - immo!nvest - Die Plattform f\u00fcr Standorte und Immobilien","og:description":"NewGreenTec a install\u00e9 une petite centrale hybride \u00e9olienne et solaire sur le toit du Plantahof \u00e0 Landquart. L'objectif est de r\u00e9duire l'empreinte \u00e9cologique de ce centre de formation agricole et de cr\u00e9er un mod\u00e8le d'approvisionnement \u00e9nerg\u00e9tique durable.","og:url":"https:\/\/www.immo-invest.ch\/fr\/hybrides-kleinkraftwerk-foerdert-gruene-energie-in-graubuenden\/","og:image":"https:\/\/www.immo-invest.ch\/wp-content\/uploads\/2024\/12\/immo-invest_windkraft_solarenergie_stromversorgung_energie_nachhaltigkeit.png","og:image:secure_url":"https:\/\/www.immo-invest.ch\/wp-content\/uploads\/2024\/12\/immo-invest_windkraft_solarenergie_stromversorgung_energie_nachhaltigkeit.png","og:image:width":1536,"og:image:height":768,"article:published_time":"2024-12-23T13:00:00+00:00","article:modified_time":"2024-12-19T10:50:34+00:00","article:publisher":"https:\/\/www.facebook.com\/people\/Immoinvest\/100077962920504\/","twitter:card":"summary_large_image","twitter:site":"@i","twitter:title":"Une petite centrale hybride promeut l\u2019\u00e9nergie verte dans les Grisons - immo!nvest - Die Plattform f\u00fcr Standorte und Immobilien","twitter:description":"NewGreenTec a install\u00e9 une petite centrale hybride \u00e9olienne et solaire sur le toit du Plantahof \u00e0 Landquart. L'objectif est de r\u00e9duire l'empreinte \u00e9cologique de ce centre de formation agricole et de cr\u00e9er un mod\u00e8le d'approvisionnement \u00e9nerg\u00e9tique durable.","twitter:creator":"@i","twitter:image":"https:\/\/www.immo-invest.ch\/wp-content\/uploads\/2024\/12\/immo-invest_windkraft_solarenergie_stromversorgung_energie_nachhaltigkeit.png"},"aioseo_meta_data":{"post_id":"122338","title":null,"description":null,"keywords":null,"keyphrases":{"focus":{"keyphrase":"","score":0,"analysis":{"keyphraseInTitle":{"score":0,"maxScore":9,"error":1}}},"additional":[]},"primary_term":null,"canonical_url":null,"og_title":null,"og_description":null,"og_object_type":"default","og_image_type":"default","og_image_url":null,"og_image_width":null,"og_image_height":null,"og_image_custom_url":null,"og_image_custom_fields":null,"og_video":"","og_custom_url":null,"og_article_section":null,"og_article_tags":null,"twitter_use_og":false,"twitter_card":"default","twitter_image_type":"default","twitter_image_url":null,"twitter_image_custom_url":null,"twitter_image_custom_fields":null,"twitter_title":null,"twitter_description":null,"schema":{"blockGraphs":[],"customGraphs":[],"default":{"data":{"Article":[],"Course":[],"Dataset":[],"FAQPage":[],"Movie":[],"Person":[],"Product":[],"ProductReview":[],"Car":[],"Recipe":[],"Service":[],"SoftwareApplication":[],"WebPage":[]},"graphName":"BlogPosting","isEnabled":true},"graphs":[]},"schema_type":"default","schema_type_options":null,"pillar_content":false,"robots_default":true,"robots_noindex":false,"robots_noarchive":false,"robots_nosnippet":false,"robots_nofollow":false,"robots_noimageindex":false,"robots_noodp":false,"robots_notranslate":false,"robots_max_snippet":"-1","robots_max_videopreview":"-1","robots_max_imagepreview":"large","priority":null,"frequency":"default","local_seo":null,"breadcrumb_settings":null,"limit_modified_date":false,"ai":null,"created":"2024-12-19 10:50:34","updated":"2025-10-24 14:56:19","seo_analyzer_scan_date":null,"focus_keyword":null,"additional_keywords":null,"truseo_locale":null},"aioseo_breadcrumb":"<div class=\"aioseo-breadcrumbs\"><span class=\"aioseo-breadcrumb\">\n\t\t\t<a href=\"https:\/\/www.immo-invest.ch\/fr\/\" title=\"Home\">Home<\/a>\n\t\t<\/span><span class=\"aioseo-breadcrumb-separator\">&raquo;<\/span><span class=\"aioseo-breadcrumb\">\n\t\t\t<a href=\"https:\/\/www.immo-invest.ch\/fr\/categories\/regions\/\" title=\"R\u00e9gions\">R\u00e9gions<\/a>\n\t\t<\/span><span class=\"aioseo-breadcrumb-separator\">&raquo;<\/span><span class=\"aioseo-breadcrumb\">\n\t\t\t<a href=\"https:\/\/www.immo-invest.ch\/fr\/categories\/regions\/suisse\/\" title=\"Suisse\">Suisse<\/a>\n\t\t<\/span><span class=\"aioseo-breadcrumb-separator\">&raquo;<\/span><span class=\"aioseo-breadcrumb\">\n\t\t\t<a href=\"https:\/\/www.immo-invest.ch\/fr\/categories\/regions\/suisse\/suisse-orientale\/\" title=\"Suisse orientale\">Suisse orientale<\/a>\n\t\t<\/span><span class=\"aioseo-breadcrumb-separator\">&raquo;<\/span><span class=\"aioseo-breadcrumb\">\n\t\t\t<a href=\"https:\/\/www.immo-invest.ch\/fr\/categories\/regions\/suisse\/suisse-orientale\/grisons\/\" title=\"Grisons\">Grisons<\/a>\n\t\t<\/span><span class=\"aioseo-breadcrumb-separator\">&raquo;<\/span><span class=\"aioseo-breadcrumb\">\n\t\t\tUne petite centrale hybride promeut l\u2019\u00e9nergie verte dans les Grisons\n\t\t<\/span><\/div>","aioseo_breadcrumb_json":[{"label":"Home","link":"https:\/\/www.immo-invest.ch\/fr\/"},{"label":"R\u00e9gions","link":"https:\/\/www.immo-invest.ch\/fr\/categories\/regions\/"},{"label":"Suisse","link":"https:\/\/www.immo-invest.ch\/fr\/categories\/regions\/suisse\/"},{"label":"Suisse orientale","link":"https:\/\/www.immo-invest.ch\/fr\/categories\/regions\/suisse\/suisse-orientale\/"},{"label":"Grisons","link":"https:\/\/www.immo-invest.ch\/fr\/categories\/regions\/suisse\/suisse-orientale\/grisons\/"},{"label":"Une petite centrale hybride promeut l&rsquo;\u00e9nergie verte dans les Grisons","link":"https:\/\/www.immo-invest.ch\/fr\/hybrides-kleinkraftwerk-foerdert-gruene-energie-in-graubuenden\/"}],"featured_image_src":"https:\/\/www.immo-invest.ch\/wp-content\/uploads\/2024\/12\/immo-invest_windkraft_solarenergie_stromversorgung_energie_nachhaltigkeit-336x168.png","_links":{"self":[{"href":"https:\/\/www.immo-invest.ch\/fr\/wp-json\/wp\/v2\/posts\/122338","targetHints":{"allow":["GET"]}}],"collection":[{"href":"https:\/\/www.immo-invest.ch\/fr\/wp-json\/wp\/v2\/posts"}],"about":[{"href":"https:\/\/www.immo-invest.ch\/fr\/wp-json\/wp\/v2\/types\/post"}],"author":[{"embeddable":true,"href":"https:\/\/www.immo-invest.ch\/fr\/wp-json\/wp\/v2\/users\/2"}],"replies":[{"embeddable":true,"href":"https:\/\/www.immo-invest.ch\/fr\/wp-json\/wp\/v2\/comments?post=122338"}],"version-history":[{"count":0,"href":"https:\/\/www.immo-invest.ch\/fr\/wp-json\/wp\/v2\/posts\/122338\/revisions"}],"wp:featuredmedia":[{"embeddable":true,"href":"https:\/\/www.immo-invest.ch\/fr\/wp-json\/wp\/v2\/media\/122333"}],"wp:attachment":[{"href":"https:\/\/www.immo-invest.ch\/fr\/wp-json\/wp\/v2\/media?parent=122338"}],"wp:term":[{"taxonomy":"category","embeddable":true,"href":"https:\/\/www.immo-invest.ch\/fr\/wp-json\/wp\/v2\/categories?post=122338"},{"taxonomy":"post_tag","embeddable":true,"href":"https:\/\/www.immo-invest.ch\/fr\/wp-json\/wp\/v2\/tags?post=122338"}],"curies":[{"name":"wp","href":"https:\/\/api.w.org\/{rel}","templated":true}]}}