{"id":121043,"date":"2024-12-06T10:00:00","date_gmt":"2024-12-06T09:00:00","guid":{"rendered":"https:\/\/www.immo-invest.ch\/?p=121043"},"modified":"2024-12-06T08:19:57","modified_gmt":"2024-12-06T07:19:57","slug":"baubeginn-fuer-alpine-solaranlage-in-klosters","status":"publish","type":"post","link":"https:\/\/www.immo-invest.ch\/fr\/baubeginn-fuer-alpine-solaranlage-in-klosters\/","title":{"rendered":"D\u00e9but de la construction d&rsquo;une centrale solaire alpine \u00e0 Klosters"},"content":{"rendered":"<p class=\"bodytext wp-block-paragraph\">La centrale solaire alpine Madrisa Solar peut &ecirc;tre construite. Selon un <a href=\"https:\/\/www.ekz.ch\/ekz\/de\/ueber-ekz\/medien\/medien\/medienmitteilungen\/Madrisa-Solar.html\" target=\"_blank\" rel=\"noopener\">communiqu&eacute;<\/a>, la soci&eacute;t&eacute; Madrisa Solar AG, ma&icirc;tre d&rsquo;ouvrage, a pris la d&eacute;cision de construire. L&rsquo;installation sera construite pr&egrave;s du t&eacute;l&eacute;ph&eacute;rique Klosters-Madrisa, &agrave; une altitude de 2000 m&egrave;tres au-dessus du niveau de la mer.<\/p>\n\n\n\n\n\n<p class=\"bodytext wp-block-paragraph\">L&rsquo;installation, orient&eacute;e vers le sud, disposera d&rsquo;une puissance de 12 m&eacute;gawatts et devrait produire 17 gigawattheures par an, suffisamment pour alimenter 3500 foyers. L&rsquo;&eacute;lectricit&eacute; sera achet&eacute;e par <a href=\"https:\/\/www.ekz.ch\" target=\"_blank\" rel=\"noopener\">EKZ<\/a>, dont le si&egrave;ge est &agrave; Dietikon ZH, et par les <a href=\"https:\/\/www.madrisa.ch\" target=\"_blank\" rel=\"noopener\">remont&eacute;es m&eacute;caniques de Klosters-Madrisa<\/a>. Outre le fournisseur d&rsquo;&eacute;nergie du canton de Zurich, le fournisseur d&rsquo;&eacute;nergie grison <a href=\"https:\/\/www.repower.com\/\" target=\"_blank\" rel=\"noopener\">Repower<\/a> et la commune de Klosters d&eacute;tiennent chacun un tiers des parts de Madrisa Solar AG.<\/p>\n\n\n\n\n\n<p class=\"bodytext wp-block-paragraph\">&laquo;&nbsp;Pour nous, Madrisa Solar est un engagement suppl&eacute;mentaire en faveur de la transition &eacute;nerg&eacute;tique&nbsp;&raquo;, d&eacute;clare Paul Sidler, responsable des &eacute;nergies renouvelables chez EKZ, cit&eacute; dans le communiqu&eacute;. &laquo;&nbsp;L&rsquo;installation solaire alpine, en tant que projet pionnier, renforcera &agrave; l&rsquo;avenir la s&eacute;curit&eacute; d&rsquo;approvisionnement en hiver&nbsp;&raquo;<\/p>\n\n\n\n\n\n<p class=\"bodytext wp-block-paragraph\">&laquo;&nbsp;Le site id&eacute;al, le soutien important de la commune de Klosters, le partenariat avec EKZ ainsi que la bonne collaboration avec les services cantonaux et les associations de protection de l&rsquo;environnement ont &eacute;t&eacute; d&eacute;terminants pour cette d&eacute;cision positive&nbsp;&raquo;, ajoute le CEO de Repower, Roland Leuenberger.<\/p>\n\n\n\n\n\n<p class=\"bodytext wp-block-paragraph\">Selon le pr&eacute;sident de la commune, Hansueli Roth, Klosters s&rsquo;inscrit dans la continuit&eacute; de son engagement actuel : &laquo;&nbsp;Klosters, en tant que cit&eacute; de l&rsquo;&eacute;nergie, veut, en plus de ses utilisations actuelles de la force hydraulique (depuis plus de 100 ans), contribuer au d&eacute;veloppement des &eacute;nergies renouvelables en participant &agrave; Madrisa Solar et assumer ainsi sa coresponsabilit&eacute; en tant que commune touristique avec une forte consommation d&rsquo;&eacute;nergie en hiver&nbsp;&raquo;<\/p>\n\n","protected":false},"excerpt":{"rendered":"<p>Madrisa Solar AG a donn\u00e9 le coup d&rsquo;envoi des travaux pr\u00e9paratoires de l&rsquo;installation solaire pr\u00e8s du t\u00e9l\u00e9ph\u00e9rique Klosters-Madrisa. L&rsquo;installation devrait produire 17 gigawattheures d&rsquo;\u00e9lectricit\u00e9 \u00e0 2000 m\u00e8tres au-dessus du niveau de la mer. Klosters, EKZ et Repower d\u00e9tiennent chacun un tiers des parts de l&rsquo;entreprise.<\/p>\n","protected":false},"author":2,"featured_media":121038,"comment_status":"open","ping_status":"open","sticky":false,"template":"","format":"standard","meta":{"pmpro_default_level":"","inline_featured_image":false,"_monsterinsights_skip_tracking":false,"footnotes":""},"categories":[8747,22347,743,8452],"tags":[4856,40239,2855,872,3931,50946,2002,1669],"class_list":["post-121043","post","type-post","status-publish","format-standard","has-post-thumbnail","hentry","category-energie","category-grisons","category-immonews-fr","category-regions","tag-energiewende-2-fr","tag-erneuerbare-energien-fr","tag-graubuenden-fr","tag-immoinvest-fr","tag-immonews-fr","tag-klosters-fr","tag-news-fr","tag-solaranlage-fr","pmpro-has-access"],"acf":{"bild_mit_ki_erstellt_worden":[],"lead":"Madrisa Solar AG a donn\u00e9 le coup d'envoi des travaux pr\u00e9paratoires de l'installation solaire pr\u00e8s du t\u00e9l\u00e9ph\u00e9rique Klosters-Madrisa. L'installation devrait produire 17 gigawattheures d'\u00e9lectricit\u00e9 \u00e0 2000 m\u00e8tres au-dessus du niveau de la mer. Klosters, EKZ et Repower d\u00e9tiennent chacun un tiers des parts de l'entreprise.","autor":"ce\/stk","ort":"Klosters GR","bildunterschrift":"","bild_im_grid":false,"gallerie":"","newsim":""},"aioseo_notices":[],"aioseo_head":"\n\t\t<!-- All in One SEO 5.0.0.1 - aioseo.com -->\n\t<meta name=\"description\" content=\"Madrisa Solar AG a donn\u00e9 le coup d&#039;envoi des travaux pr\u00e9paratoires de l&#039;installation solaire pr\u00e8s du t\u00e9l\u00e9ph\u00e9rique Klosters-Madrisa. L&#039;installation devrait produire 17 gigawattheures d&#039;\u00e9lectricit\u00e9 \u00e0 2000 m\u00e8tres au-dessus du niveau de la mer. Klosters, EKZ et Repower d\u00e9tiennent chacun un tiers des parts de l&#039;entreprise.\" \/>\n\t<meta name=\"robots\" content=\"max-image-preview:large\" \/>\n\t<meta name=\"author\" content=\"immovestuser\"\/>\n\t<meta name=\"google-site-verification\" content=\"fHJKvgWpZCR2zVBHWfkQeFXC11qieUSff0HGNYfuyLA\" \/>\n\t<link rel=\"canonical\" href=\"https:\/\/www.immo-invest.ch\/fr\/baubeginn-fuer-alpine-solaranlage-in-klosters\/\" \/>\n\t<meta name=\"generator\" content=\"All in One SEO (AIOSEO) 5.0.0.1\" \/>\n\t\t<meta property=\"og:locale\" content=\"fr_FR\" \/>\n\t\t<meta property=\"og:site_name\" content=\"immo!nvest - Die Plattform f\u00fcr Standorte und Immobilien - Die\u00a0Plattform f\u00fcr Standorte und Immobilien\" \/>\n\t\t<meta property=\"og:type\" content=\"article\" \/>\n\t\t<meta property=\"og:title\" content=\"D\u00e9but de la construction d\u2019une centrale solaire alpine \u00e0 Klosters - immo!nvest - Die Plattform f\u00fcr Standorte und Immobilien\" \/>\n\t\t<meta property=\"og:description\" content=\"Madrisa Solar AG a donn\u00e9 le coup d&#039;envoi des travaux pr\u00e9paratoires de l&#039;installation solaire pr\u00e8s du t\u00e9l\u00e9ph\u00e9rique Klosters-Madrisa. L&#039;installation devrait produire 17 gigawattheures d&#039;\u00e9lectricit\u00e9 \u00e0 2000 m\u00e8tres au-dessus du niveau de la mer. Klosters, EKZ et Repower d\u00e9tiennent chacun un tiers des parts de l&#039;entreprise.\" \/>\n\t\t<meta property=\"og:url\" content=\"https:\/\/www.immo-invest.ch\/fr\/baubeginn-fuer-alpine-solaranlage-in-klosters\/\" \/>\n\t\t<meta property=\"og:image\" content=\"https:\/\/www.immo-invest.ch\/wp-content\/uploads\/2024\/12\/immo-invest_energie_graubuenden_solaranlage.png\" \/>\n\t\t<meta property=\"og:image:secure_url\" content=\"https:\/\/www.immo-invest.ch\/wp-content\/uploads\/2024\/12\/immo-invest_energie_graubuenden_solaranlage.png\" \/>\n\t\t<meta property=\"og:image:width\" content=\"1536\" \/>\n\t\t<meta property=\"og:image:height\" content=\"768\" \/>\n\t\t<meta property=\"article:published_time\" content=\"2024-12-06T09:00:00+00:00\" \/>\n\t\t<meta property=\"article:modified_time\" content=\"2024-12-06T07:19:57+00:00\" \/>\n\t\t<meta property=\"article:publisher\" content=\"https:\/\/www.facebook.com\/people\/Immoinvest\/100077962920504\/\" \/>\n\t\t<meta name=\"twitter:card\" content=\"summary_large_image\" \/>\n\t\t<meta name=\"twitter:site\" content=\"@i\" \/>\n\t\t<meta name=\"twitter:title\" content=\"D\u00e9but de la construction d\u2019une centrale solaire alpine \u00e0 Klosters - immo!nvest - Die Plattform f\u00fcr Standorte und Immobilien\" \/>\n\t\t<meta name=\"twitter:description\" content=\"Madrisa Solar AG a donn\u00e9 le coup d&#039;envoi des travaux pr\u00e9paratoires de l&#039;installation solaire pr\u00e8s du t\u00e9l\u00e9ph\u00e9rique Klosters-Madrisa. L&#039;installation devrait produire 17 gigawattheures d&#039;\u00e9lectricit\u00e9 \u00e0 2000 m\u00e8tres au-dessus du niveau de la mer. Klosters, EKZ et Repower d\u00e9tiennent chacun un tiers des parts de l&#039;entreprise.\" \/>\n\t\t<meta name=\"twitter:creator\" content=\"@i\" \/>\n\t\t<meta name=\"twitter:image\" content=\"https:\/\/www.immo-invest.ch\/wp-content\/uploads\/2024\/12\/immo-invest_energie_graubuenden_solaranlage.png\" \/>\n\t\t<script type=\"application\/ld+json\" class=\"aioseo-schema\">\n\t\t\t{\"@context\":\"https:\\\/\\\/schema.org\",\"@graph\":[{\"@type\":\"BlogPosting\",\"@id\":\"https:\\\/\\\/www.immo-invest.ch\\\/fr\\\/baubeginn-fuer-alpine-solaranlage-in-klosters\\\/#blogposting\",\"name\":\"D\\u00e9but de la construction d\\u2019une centrale solaire alpine \\u00e0 Klosters - immo!nvest - Die Plattform f\\u00fcr Standorte und Immobilien\",\"headline\":\"D\\u00e9but de la construction d&rsquo;une centrale solaire alpine \\u00e0 Klosters\",\"author\":{\"@id\":\"https:\\\/\\\/www.immo-invest.ch\\\/fr\\\/author\\\/immovestuser\\\/#author\"},\"publisher\":{\"@id\":\"https:\\\/\\\/www.immo-invest.ch\\\/fr\\\/#organization\"},\"image\":{\"@type\":\"ImageObject\",\"url\":\"https:\\\/\\\/www.immo-invest.ch\\\/wp-content\\\/uploads\\\/2024\\\/12\\\/immo-invest_energie_graubuenden_solaranlage.png\",\"width\":1536,\"height\":768},\"datePublished\":\"2024-12-06T10:00:00+01:00\",\"dateModified\":\"2024-12-06T08:19:57+01:00\",\"inLanguage\":\"fr-FR\",\"mainEntityOfPage\":{\"@id\":\"https:\\\/\\\/www.immo-invest.ch\\\/fr\\\/baubeginn-fuer-alpine-solaranlage-in-klosters\\\/#webpage\"},\"isPartOf\":{\"@id\":\"https:\\\/\\\/www.immo-invest.ch\\\/fr\\\/baubeginn-fuer-alpine-solaranlage-in-klosters\\\/#webpage\"},\"articleSection\":\"\\u00c9nergie, Grisons, immoNews, R\\u00e9gions, energiewende, Erneuerbare Energien, Graub\\u00fcnden, Immoinvest, immoNews, Klosters, News, Solaranlage, Facultatif\"},{\"@type\":\"BreadcrumbList\",\"@id\":\"https:\\\/\\\/www.immo-invest.ch\\\/fr\\\/baubeginn-fuer-alpine-solaranlage-in-klosters\\\/#breadcrumblist\",\"itemListElement\":[{\"@type\":\"ListItem\",\"@id\":\"https:\\\/\\\/www.immo-invest.ch\\\/fr\\\/#listItem\",\"position\":1,\"name\":\"Home\",\"item\":\"https:\\\/\\\/www.immo-invest.ch\\\/fr\\\/\",\"nextItem\":{\"@type\":\"ListItem\",\"@id\":\"https:\\\/\\\/www.immo-invest.ch\\\/fr\\\/categories\\\/regions\\\/#listItem\",\"name\":\"R\\u00e9gions\"}},{\"@type\":\"ListItem\",\"@id\":\"https:\\\/\\\/www.immo-invest.ch\\\/fr\\\/categories\\\/regions\\\/#listItem\",\"position\":2,\"name\":\"R\\u00e9gions\",\"item\":\"https:\\\/\\\/www.immo-invest.ch\\\/fr\\\/categories\\\/regions\\\/\",\"nextItem\":{\"@type\":\"ListItem\",\"@id\":\"https:\\\/\\\/www.immo-invest.ch\\\/fr\\\/categories\\\/regions\\\/suisse\\\/#listItem\",\"name\":\"Suisse\"},\"previousItem\":{\"@type\":\"ListItem\",\"@id\":\"https:\\\/\\\/www.immo-invest.ch\\\/fr\\\/#listItem\",\"name\":\"Home\"}},{\"@type\":\"ListItem\",\"@id\":\"https:\\\/\\\/www.immo-invest.ch\\\/fr\\\/categories\\\/regions\\\/suisse\\\/#listItem\",\"position\":3,\"name\":\"Suisse\",\"item\":\"https:\\\/\\\/www.immo-invest.ch\\\/fr\\\/categories\\\/regions\\\/suisse\\\/\",\"nextItem\":{\"@type\":\"ListItem\",\"@id\":\"https:\\\/\\\/www.immo-invest.ch\\\/fr\\\/categories\\\/regions\\\/suisse\\\/suisse-orientale\\\/#listItem\",\"name\":\"Suisse orientale\"},\"previousItem\":{\"@type\":\"ListItem\",\"@id\":\"https:\\\/\\\/www.immo-invest.ch\\\/fr\\\/categories\\\/regions\\\/#listItem\",\"name\":\"R\\u00e9gions\"}},{\"@type\":\"ListItem\",\"@id\":\"https:\\\/\\\/www.immo-invest.ch\\\/fr\\\/categories\\\/regions\\\/suisse\\\/suisse-orientale\\\/#listItem\",\"position\":4,\"name\":\"Suisse orientale\",\"item\":\"https:\\\/\\\/www.immo-invest.ch\\\/fr\\\/categories\\\/regions\\\/suisse\\\/suisse-orientale\\\/\",\"nextItem\":{\"@type\":\"ListItem\",\"@id\":\"https:\\\/\\\/www.immo-invest.ch\\\/fr\\\/categories\\\/regions\\\/suisse\\\/suisse-orientale\\\/grisons\\\/#listItem\",\"name\":\"Grisons\"},\"previousItem\":{\"@type\":\"ListItem\",\"@id\":\"https:\\\/\\\/www.immo-invest.ch\\\/fr\\\/categories\\\/regions\\\/suisse\\\/#listItem\",\"name\":\"Suisse\"}},{\"@type\":\"ListItem\",\"@id\":\"https:\\\/\\\/www.immo-invest.ch\\\/fr\\\/categories\\\/regions\\\/suisse\\\/suisse-orientale\\\/grisons\\\/#listItem\",\"position\":5,\"name\":\"Grisons\",\"item\":\"https:\\\/\\\/www.immo-invest.ch\\\/fr\\\/categories\\\/regions\\\/suisse\\\/suisse-orientale\\\/grisons\\\/\",\"nextItem\":{\"@type\":\"ListItem\",\"@id\":\"https:\\\/\\\/www.immo-invest.ch\\\/fr\\\/baubeginn-fuer-alpine-solaranlage-in-klosters\\\/#listItem\",\"name\":\"D\\u00e9but de la construction d&rsquo;une centrale solaire alpine \\u00e0 Klosters\"},\"previousItem\":{\"@type\":\"ListItem\",\"@id\":\"https:\\\/\\\/www.immo-invest.ch\\\/fr\\\/categories\\\/regions\\\/suisse\\\/suisse-orientale\\\/#listItem\",\"name\":\"Suisse orientale\"}},{\"@type\":\"ListItem\",\"@id\":\"https:\\\/\\\/www.immo-invest.ch\\\/fr\\\/baubeginn-fuer-alpine-solaranlage-in-klosters\\\/#listItem\",\"position\":6,\"name\":\"D\\u00e9but de la construction d&rsquo;une centrale solaire alpine \\u00e0 Klosters\",\"previousItem\":{\"@type\":\"ListItem\",\"@id\":\"https:\\\/\\\/www.immo-invest.ch\\\/fr\\\/categories\\\/regions\\\/suisse\\\/suisse-orientale\\\/grisons\\\/#listItem\",\"name\":\"Grisons\"}}]},{\"@type\":\"Organization\",\"@id\":\"https:\\\/\\\/www.immo-invest.ch\\\/fr\\\/#organization\",\"name\":\"immo!nvest - Die Plattform f\\u00fcr Standorte und Immobilien\",\"description\":\"Die\\u00a0Plattform f\\u00fcr Standorte und Immobilien\",\"url\":\"https:\\\/\\\/www.immo-invest.ch\\\/fr\\\/\",\"email\":\"admin@immomedia.ag\",\"telephone\":\"+41444420002\",\"logo\":{\"@type\":\"ImageObject\",\"url\":\"https:\\\/\\\/www.immo-invest.ch\\\/wp-content\\\/uploads\\\/2024\\\/09\\\/immoinvest_sm-scaled.jpg\",\"@id\":\"https:\\\/\\\/www.immo-invest.ch\\\/fr\\\/baubeginn-fuer-alpine-solaranlage-in-klosters\\\/#organizationLogo\",\"width\":2560,\"height\":1340},\"image\":{\"@id\":\"https:\\\/\\\/www.immo-invest.ch\\\/fr\\\/baubeginn-fuer-alpine-solaranlage-in-klosters\\\/#organizationLogo\"},\"sameAs\":[\"https:\\\/\\\/www.facebook.com\\\/people\\\/Immoinvest\\\/100077962920504\\\/\",\"https:\\\/\\\/x.com\\\/i\\\/flow\\\/login?redirect_after_login=immoinvest_ch\",\"https:\\\/\\\/www.instagram.com\\\/immoinvest_ch\\\/\",\"https:\\\/\\\/www.linkedin.com\\\/company\\\/immoinvest-swiss\"]},{\"@type\":\"Person\",\"@id\":\"https:\\\/\\\/www.immo-invest.ch\\\/fr\\\/author\\\/immovestuser\\\/#author\",\"url\":\"https:\\\/\\\/www.immo-invest.ch\\\/fr\\\/author\\\/immovestuser\\\/\",\"name\":\"immovestuser\",\"image\":{\"@type\":\"ImageObject\",\"@id\":\"https:\\\/\\\/www.immo-invest.ch\\\/fr\\\/baubeginn-fuer-alpine-solaranlage-in-klosters\\\/#authorImage\",\"url\":\"https:\\\/\\\/secure.gravatar.com\\\/avatar\\\/8e01f4d99f2eeea7a362ebb93305e1172a70e9293ba250f897a65c39f54cdd1e?s=96&d=mm&r=g\",\"width\":96,\"height\":96,\"caption\":\"immovestuser\"}},{\"@type\":\"WebPage\",\"@id\":\"https:\\\/\\\/www.immo-invest.ch\\\/fr\\\/baubeginn-fuer-alpine-solaranlage-in-klosters\\\/#webpage\",\"url\":\"https:\\\/\\\/www.immo-invest.ch\\\/fr\\\/baubeginn-fuer-alpine-solaranlage-in-klosters\\\/\",\"name\":\"D\\u00e9but de la construction d\\u2019une centrale solaire alpine \\u00e0 Klosters - immo!nvest - Die Plattform f\\u00fcr Standorte und Immobilien\",\"description\":\"Madrisa Solar AG a donn\\u00e9 le coup d'envoi des travaux pr\\u00e9paratoires de l'installation solaire pr\\u00e8s du t\\u00e9l\\u00e9ph\\u00e9rique Klosters-Madrisa. L'installation devrait produire 17 gigawattheures d'\\u00e9lectricit\\u00e9 \\u00e0 2000 m\\u00e8tres au-dessus du niveau de la mer. Klosters, EKZ et Repower d\\u00e9tiennent chacun un tiers des parts de l'entreprise.\",\"inLanguage\":\"fr-FR\",\"isPartOf\":{\"@id\":\"https:\\\/\\\/www.immo-invest.ch\\\/fr\\\/#website\"},\"breadcrumb\":{\"@id\":\"https:\\\/\\\/www.immo-invest.ch\\\/fr\\\/baubeginn-fuer-alpine-solaranlage-in-klosters\\\/#breadcrumblist\"},\"author\":{\"@id\":\"https:\\\/\\\/www.immo-invest.ch\\\/fr\\\/author\\\/immovestuser\\\/#author\"},\"creator\":{\"@id\":\"https:\\\/\\\/www.immo-invest.ch\\\/fr\\\/author\\\/immovestuser\\\/#author\"},\"image\":{\"@type\":\"ImageObject\",\"url\":\"https:\\\/\\\/www.immo-invest.ch\\\/wp-content\\\/uploads\\\/2024\\\/12\\\/immo-invest_energie_graubuenden_solaranlage.png\",\"@id\":\"https:\\\/\\\/www.immo-invest.ch\\\/fr\\\/baubeginn-fuer-alpine-solaranlage-in-klosters\\\/#mainImage\",\"width\":1536,\"height\":768},\"primaryImageOfPage\":{\"@id\":\"https:\\\/\\\/www.immo-invest.ch\\\/fr\\\/baubeginn-fuer-alpine-solaranlage-in-klosters\\\/#mainImage\"},\"datePublished\":\"2024-12-06T10:00:00+01:00\",\"dateModified\":\"2024-12-06T08:19:57+01:00\"},{\"@type\":\"WebSite\",\"@id\":\"https:\\\/\\\/www.immo-invest.ch\\\/fr\\\/#website\",\"url\":\"https:\\\/\\\/www.immo-invest.ch\\\/fr\\\/\",\"name\":\"immo!nvest - Die Plattform f\\u00fcr Standorte und Immobilien\",\"description\":\"Die\\u00a0Plattform f\\u00fcr Standorte und Immobilien\",\"inLanguage\":\"fr-FR\",\"publisher\":{\"@id\":\"https:\\\/\\\/www.immo-invest.ch\\\/fr\\\/#organization\"}}]}\n\t\t<\/script>\n\t\t<!-- All in One SEO -->\n\n","aioseo_head_json":{"title":"D\u00e9but de la construction d\u2019une centrale solaire alpine \u00e0 Klosters - immo!nvest - Die Plattform f\u00fcr Standorte und Immobilien","description":"Madrisa Solar AG a donn\u00e9 le coup d'envoi des travaux pr\u00e9paratoires de l'installation solaire pr\u00e8s du t\u00e9l\u00e9ph\u00e9rique Klosters-Madrisa. L'installation devrait produire 17 gigawattheures d'\u00e9lectricit\u00e9 \u00e0 2000 m\u00e8tres au-dessus du niveau de la mer. Klosters, EKZ et Repower d\u00e9tiennent chacun un tiers des parts de l'entreprise.","canonical_url":"https:\/\/www.immo-invest.ch\/fr\/baubeginn-fuer-alpine-solaranlage-in-klosters\/","robots":"max-image-preview:large","keywords":"","webmasterTools":{"google-site-verification":"fHJKvgWpZCR2zVBHWfkQeFXC11qieUSff0HGNYfuyLA","miscellaneous":""},"schema":{"@context":"https:\/\/schema.org","@graph":[{"@type":"BlogPosting","@id":"https:\/\/www.immo-invest.ch\/fr\/baubeginn-fuer-alpine-solaranlage-in-klosters\/#blogposting","name":"D\u00e9but de la construction d\u2019une centrale solaire alpine \u00e0 Klosters - immo!nvest - Die Plattform f\u00fcr Standorte und Immobilien","headline":"D\u00e9but de la construction d&rsquo;une centrale solaire alpine \u00e0 Klosters","author":{"@id":"https:\/\/www.immo-invest.ch\/fr\/author\/immovestuser\/#author"},"publisher":{"@id":"https:\/\/www.immo-invest.ch\/fr\/#organization"},"image":{"@type":"ImageObject","url":"https:\/\/www.immo-invest.ch\/wp-content\/uploads\/2024\/12\/immo-invest_energie_graubuenden_solaranlage.png","width":1536,"height":768},"datePublished":"2024-12-06T10:00:00+01:00","dateModified":"2024-12-06T08:19:57+01:00","inLanguage":"fr-FR","mainEntityOfPage":{"@id":"https:\/\/www.immo-invest.ch\/fr\/baubeginn-fuer-alpine-solaranlage-in-klosters\/#webpage"},"isPartOf":{"@id":"https:\/\/www.immo-invest.ch\/fr\/baubeginn-fuer-alpine-solaranlage-in-klosters\/#webpage"},"articleSection":"\u00c9nergie, Grisons, immoNews, R\u00e9gions, energiewende, Erneuerbare Energien, Graub\u00fcnden, Immoinvest, immoNews, Klosters, News, Solaranlage, Facultatif"},{"@type":"BreadcrumbList","@id":"https:\/\/www.immo-invest.ch\/fr\/baubeginn-fuer-alpine-solaranlage-in-klosters\/#breadcrumblist","itemListElement":[{"@type":"ListItem","@id":"https:\/\/www.immo-invest.ch\/fr\/#listItem","position":1,"name":"Home","item":"https:\/\/www.immo-invest.ch\/fr\/","nextItem":{"@type":"ListItem","@id":"https:\/\/www.immo-invest.ch\/fr\/categories\/regions\/#listItem","name":"R\u00e9gions"}},{"@type":"ListItem","@id":"https:\/\/www.immo-invest.ch\/fr\/categories\/regions\/#listItem","position":2,"name":"R\u00e9gions","item":"https:\/\/www.immo-invest.ch\/fr\/categories\/regions\/","nextItem":{"@type":"ListItem","@id":"https:\/\/www.immo-invest.ch\/fr\/categories\/regions\/suisse\/#listItem","name":"Suisse"},"previousItem":{"@type":"ListItem","@id":"https:\/\/www.immo-invest.ch\/fr\/#listItem","name":"Home"}},{"@type":"ListItem","@id":"https:\/\/www.immo-invest.ch\/fr\/categories\/regions\/suisse\/#listItem","position":3,"name":"Suisse","item":"https:\/\/www.immo-invest.ch\/fr\/categories\/regions\/suisse\/","nextItem":{"@type":"ListItem","@id":"https:\/\/www.immo-invest.ch\/fr\/categories\/regions\/suisse\/suisse-orientale\/#listItem","name":"Suisse orientale"},"previousItem":{"@type":"ListItem","@id":"https:\/\/www.immo-invest.ch\/fr\/categories\/regions\/#listItem","name":"R\u00e9gions"}},{"@type":"ListItem","@id":"https:\/\/www.immo-invest.ch\/fr\/categories\/regions\/suisse\/suisse-orientale\/#listItem","position":4,"name":"Suisse orientale","item":"https:\/\/www.immo-invest.ch\/fr\/categories\/regions\/suisse\/suisse-orientale\/","nextItem":{"@type":"ListItem","@id":"https:\/\/www.immo-invest.ch\/fr\/categories\/regions\/suisse\/suisse-orientale\/grisons\/#listItem","name":"Grisons"},"previousItem":{"@type":"ListItem","@id":"https:\/\/www.immo-invest.ch\/fr\/categories\/regions\/suisse\/#listItem","name":"Suisse"}},{"@type":"ListItem","@id":"https:\/\/www.immo-invest.ch\/fr\/categories\/regions\/suisse\/suisse-orientale\/grisons\/#listItem","position":5,"name":"Grisons","item":"https:\/\/www.immo-invest.ch\/fr\/categories\/regions\/suisse\/suisse-orientale\/grisons\/","nextItem":{"@type":"ListItem","@id":"https:\/\/www.immo-invest.ch\/fr\/baubeginn-fuer-alpine-solaranlage-in-klosters\/#listItem","name":"D\u00e9but de la construction d&rsquo;une centrale solaire alpine \u00e0 Klosters"},"previousItem":{"@type":"ListItem","@id":"https:\/\/www.immo-invest.ch\/fr\/categories\/regions\/suisse\/suisse-orientale\/#listItem","name":"Suisse orientale"}},{"@type":"ListItem","@id":"https:\/\/www.immo-invest.ch\/fr\/baubeginn-fuer-alpine-solaranlage-in-klosters\/#listItem","position":6,"name":"D\u00e9but de la construction d&rsquo;une centrale solaire alpine \u00e0 Klosters","previousItem":{"@type":"ListItem","@id":"https:\/\/www.immo-invest.ch\/fr\/categories\/regions\/suisse\/suisse-orientale\/grisons\/#listItem","name":"Grisons"}}]},{"@type":"Organization","@id":"https:\/\/www.immo-invest.ch\/fr\/#organization","name":"immo!nvest - Die Plattform f\u00fcr Standorte und Immobilien","description":"Die\u00a0Plattform f\u00fcr Standorte und Immobilien","url":"https:\/\/www.immo-invest.ch\/fr\/","email":"admin@immomedia.ag","telephone":"+41444420002","logo":{"@type":"ImageObject","url":"https:\/\/www.immo-invest.ch\/wp-content\/uploads\/2024\/09\/immoinvest_sm-scaled.jpg","@id":"https:\/\/www.immo-invest.ch\/fr\/baubeginn-fuer-alpine-solaranlage-in-klosters\/#organizationLogo","width":2560,"height":1340},"image":{"@id":"https:\/\/www.immo-invest.ch\/fr\/baubeginn-fuer-alpine-solaranlage-in-klosters\/#organizationLogo"},"sameAs":["https:\/\/www.facebook.com\/people\/Immoinvest\/100077962920504\/","https:\/\/x.com\/i\/flow\/login?redirect_after_login=immoinvest_ch","https:\/\/www.instagram.com\/immoinvest_ch\/","https:\/\/www.linkedin.com\/company\/immoinvest-swiss"]},{"@type":"Person","@id":"https:\/\/www.immo-invest.ch\/fr\/author\/immovestuser\/#author","url":"https:\/\/www.immo-invest.ch\/fr\/author\/immovestuser\/","name":"immovestuser","image":{"@type":"ImageObject","@id":"https:\/\/www.immo-invest.ch\/fr\/baubeginn-fuer-alpine-solaranlage-in-klosters\/#authorImage","url":"https:\/\/secure.gravatar.com\/avatar\/8e01f4d99f2eeea7a362ebb93305e1172a70e9293ba250f897a65c39f54cdd1e?s=96&d=mm&r=g","width":96,"height":96,"caption":"immovestuser"}},{"@type":"WebPage","@id":"https:\/\/www.immo-invest.ch\/fr\/baubeginn-fuer-alpine-solaranlage-in-klosters\/#webpage","url":"https:\/\/www.immo-invest.ch\/fr\/baubeginn-fuer-alpine-solaranlage-in-klosters\/","name":"D\u00e9but de la construction d\u2019une centrale solaire alpine \u00e0 Klosters - immo!nvest - Die Plattform f\u00fcr Standorte und Immobilien","description":"Madrisa Solar AG a donn\u00e9 le coup d'envoi des travaux pr\u00e9paratoires de l'installation solaire pr\u00e8s du t\u00e9l\u00e9ph\u00e9rique Klosters-Madrisa. L'installation devrait produire 17 gigawattheures d'\u00e9lectricit\u00e9 \u00e0 2000 m\u00e8tres au-dessus du niveau de la mer. Klosters, EKZ et Repower d\u00e9tiennent chacun un tiers des parts de l'entreprise.","inLanguage":"fr-FR","isPartOf":{"@id":"https:\/\/www.immo-invest.ch\/fr\/#website"},"breadcrumb":{"@id":"https:\/\/www.immo-invest.ch\/fr\/baubeginn-fuer-alpine-solaranlage-in-klosters\/#breadcrumblist"},"author":{"@id":"https:\/\/www.immo-invest.ch\/fr\/author\/immovestuser\/#author"},"creator":{"@id":"https:\/\/www.immo-invest.ch\/fr\/author\/immovestuser\/#author"},"image":{"@type":"ImageObject","url":"https:\/\/www.immo-invest.ch\/wp-content\/uploads\/2024\/12\/immo-invest_energie_graubuenden_solaranlage.png","@id":"https:\/\/www.immo-invest.ch\/fr\/baubeginn-fuer-alpine-solaranlage-in-klosters\/#mainImage","width":1536,"height":768},"primaryImageOfPage":{"@id":"https:\/\/www.immo-invest.ch\/fr\/baubeginn-fuer-alpine-solaranlage-in-klosters\/#mainImage"},"datePublished":"2024-12-06T10:00:00+01:00","dateModified":"2024-12-06T08:19:57+01:00"},{"@type":"WebSite","@id":"https:\/\/www.immo-invest.ch\/fr\/#website","url":"https:\/\/www.immo-invest.ch\/fr\/","name":"immo!nvest - Die Plattform f\u00fcr Standorte und Immobilien","description":"Die\u00a0Plattform f\u00fcr Standorte und Immobilien","inLanguage":"fr-FR","publisher":{"@id":"https:\/\/www.immo-invest.ch\/fr\/#organization"}}]},"og:locale":"fr_FR","og:site_name":"immo!nvest - Die Plattform f\u00fcr Standorte und Immobilien - Die\u00a0Plattform f\u00fcr Standorte und Immobilien","og:type":"article","og:title":"D\u00e9but de la construction d\u2019une centrale solaire alpine \u00e0 Klosters - immo!nvest - Die Plattform f\u00fcr Standorte und Immobilien","og:description":"Madrisa Solar AG a donn\u00e9 le coup d'envoi des travaux pr\u00e9paratoires de l'installation solaire pr\u00e8s du t\u00e9l\u00e9ph\u00e9rique Klosters-Madrisa. L'installation devrait produire 17 gigawattheures d'\u00e9lectricit\u00e9 \u00e0 2000 m\u00e8tres au-dessus du niveau de la mer. Klosters, EKZ et Repower d\u00e9tiennent chacun un tiers des parts de l'entreprise.","og:url":"https:\/\/www.immo-invest.ch\/fr\/baubeginn-fuer-alpine-solaranlage-in-klosters\/","og:image":"https:\/\/www.immo-invest.ch\/wp-content\/uploads\/2024\/12\/immo-invest_energie_graubuenden_solaranlage.png","og:image:secure_url":"https:\/\/www.immo-invest.ch\/wp-content\/uploads\/2024\/12\/immo-invest_energie_graubuenden_solaranlage.png","og:image:width":1536,"og:image:height":768,"article:published_time":"2024-12-06T09:00:00+00:00","article:modified_time":"2024-12-06T07:19:57+00:00","article:publisher":"https:\/\/www.facebook.com\/people\/Immoinvest\/100077962920504\/","twitter:card":"summary_large_image","twitter:site":"@i","twitter:title":"D\u00e9but de la construction d\u2019une centrale solaire alpine \u00e0 Klosters - immo!nvest - Die Plattform f\u00fcr Standorte und Immobilien","twitter:description":"Madrisa Solar AG a donn\u00e9 le coup d'envoi des travaux pr\u00e9paratoires de l'installation solaire pr\u00e8s du t\u00e9l\u00e9ph\u00e9rique Klosters-Madrisa. L'installation devrait produire 17 gigawattheures d'\u00e9lectricit\u00e9 \u00e0 2000 m\u00e8tres au-dessus du niveau de la mer. Klosters, EKZ et Repower d\u00e9tiennent chacun un tiers des parts de l'entreprise.","twitter:creator":"@i","twitter:image":"https:\/\/www.immo-invest.ch\/wp-content\/uploads\/2024\/12\/immo-invest_energie_graubuenden_solaranlage.png"},"aioseo_meta_data":{"post_id":"121043","title":null,"description":null,"keywords":null,"keyphrases":{"focus":{"keyphrase":"","score":0,"analysis":{"keyphraseInTitle":{"score":0,"maxScore":9,"error":1}}},"additional":[]},"primary_term":null,"canonical_url":null,"og_title":null,"og_description":null,"og_object_type":"default","og_image_type":"default","og_image_url":null,"og_image_width":null,"og_image_height":null,"og_image_custom_url":null,"og_image_custom_fields":null,"og_video":"","og_custom_url":null,"og_article_section":null,"og_article_tags":null,"twitter_use_og":false,"twitter_card":"default","twitter_image_type":"default","twitter_image_url":null,"twitter_image_custom_url":null,"twitter_image_custom_fields":null,"twitter_title":null,"twitter_description":null,"schema":{"blockGraphs":[],"customGraphs":[],"default":{"data":{"Article":[],"Course":[],"Dataset":[],"FAQPage":[],"Movie":[],"Person":[],"Product":[],"ProductReview":[],"Car":[],"Recipe":[],"Service":[],"SoftwareApplication":[],"WebPage":[]},"graphName":"BlogPosting","isEnabled":true},"graphs":[]},"schema_type":"default","schema_type_options":null,"pillar_content":false,"robots_default":true,"robots_noindex":false,"robots_noarchive":false,"robots_nosnippet":false,"robots_nofollow":false,"robots_noimageindex":false,"robots_noodp":false,"robots_notranslate":false,"robots_max_snippet":"-1","robots_max_videopreview":"-1","robots_max_imagepreview":"large","priority":null,"frequency":"default","local_seo":null,"breadcrumb_settings":null,"limit_modified_date":false,"ai":null,"created":"2024-12-05 14:38:51","updated":"2025-10-24 13:59:07","seo_analyzer_scan_date":null,"focus_keyword":null,"additional_keywords":null,"truseo_locale":null},"aioseo_breadcrumb":"<div class=\"aioseo-breadcrumbs\"><span class=\"aioseo-breadcrumb\">\n\t\t\t<a href=\"https:\/\/www.immo-invest.ch\/fr\/\" title=\"Home\">Home<\/a>\n\t\t<\/span><span class=\"aioseo-breadcrumb-separator\">&raquo;<\/span><span class=\"aioseo-breadcrumb\">\n\t\t\t<a href=\"https:\/\/www.immo-invest.ch\/fr\/categories\/regions\/\" title=\"R\u00e9gions\">R\u00e9gions<\/a>\n\t\t<\/span><span class=\"aioseo-breadcrumb-separator\">&raquo;<\/span><span class=\"aioseo-breadcrumb\">\n\t\t\t<a href=\"https:\/\/www.immo-invest.ch\/fr\/categories\/regions\/suisse\/\" title=\"Suisse\">Suisse<\/a>\n\t\t<\/span><span class=\"aioseo-breadcrumb-separator\">&raquo;<\/span><span class=\"aioseo-breadcrumb\">\n\t\t\t<a href=\"https:\/\/www.immo-invest.ch\/fr\/categories\/regions\/suisse\/suisse-orientale\/\" title=\"Suisse orientale\">Suisse orientale<\/a>\n\t\t<\/span><span class=\"aioseo-breadcrumb-separator\">&raquo;<\/span><span class=\"aioseo-breadcrumb\">\n\t\t\t<a href=\"https:\/\/www.immo-invest.ch\/fr\/categories\/regions\/suisse\/suisse-orientale\/grisons\/\" title=\"Grisons\">Grisons<\/a>\n\t\t<\/span><span class=\"aioseo-breadcrumb-separator\">&raquo;<\/span><span class=\"aioseo-breadcrumb\">\n\t\t\tD\u00e9but de la construction d\u2019une centrale solaire alpine \u00e0 Klosters\n\t\t<\/span><\/div>","aioseo_breadcrumb_json":[{"label":"Home","link":"https:\/\/www.immo-invest.ch\/fr\/"},{"label":"R\u00e9gions","link":"https:\/\/www.immo-invest.ch\/fr\/categories\/regions\/"},{"label":"Suisse","link":"https:\/\/www.immo-invest.ch\/fr\/categories\/regions\/suisse\/"},{"label":"Suisse orientale","link":"https:\/\/www.immo-invest.ch\/fr\/categories\/regions\/suisse\/suisse-orientale\/"},{"label":"Grisons","link":"https:\/\/www.immo-invest.ch\/fr\/categories\/regions\/suisse\/suisse-orientale\/grisons\/"},{"label":"D\u00e9but de la construction d&rsquo;une centrale solaire alpine \u00e0 Klosters","link":"https:\/\/www.immo-invest.ch\/fr\/baubeginn-fuer-alpine-solaranlage-in-klosters\/"}],"featured_image_src":"https:\/\/www.immo-invest.ch\/wp-content\/uploads\/2024\/12\/immo-invest_energie_graubuenden_solaranlage-336x168.png","_links":{"self":[{"href":"https:\/\/www.immo-invest.ch\/fr\/wp-json\/wp\/v2\/posts\/121043","targetHints":{"allow":["GET"]}}],"collection":[{"href":"https:\/\/www.immo-invest.ch\/fr\/wp-json\/wp\/v2\/posts"}],"about":[{"href":"https:\/\/www.immo-invest.ch\/fr\/wp-json\/wp\/v2\/types\/post"}],"author":[{"embeddable":true,"href":"https:\/\/www.immo-invest.ch\/fr\/wp-json\/wp\/v2\/users\/2"}],"replies":[{"embeddable":true,"href":"https:\/\/www.immo-invest.ch\/fr\/wp-json\/wp\/v2\/comments?post=121043"}],"version-history":[{"count":0,"href":"https:\/\/www.immo-invest.ch\/fr\/wp-json\/wp\/v2\/posts\/121043\/revisions"}],"wp:featuredmedia":[{"embeddable":true,"href":"https:\/\/www.immo-invest.ch\/fr\/wp-json\/wp\/v2\/media\/121038"}],"wp:attachment":[{"href":"https:\/\/www.immo-invest.ch\/fr\/wp-json\/wp\/v2\/media?parent=121043"}],"wp:term":[{"taxonomy":"category","embeddable":true,"href":"https:\/\/www.immo-invest.ch\/fr\/wp-json\/wp\/v2\/categories?post=121043"},{"taxonomy":"post_tag","embeddable":true,"href":"https:\/\/www.immo-invest.ch\/fr\/wp-json\/wp\/v2\/tags?post=121043"}],"curies":[{"name":"wp","href":"https:\/\/api.w.org\/{rel}","templated":true}]}}