{"id":120944,"date":"2024-12-05T09:47:46","date_gmt":"2024-12-05T08:47:46","guid":{"rendered":"https:\/\/www.immo-invest.ch\/planung-fuer-neues-hochhaus-in-st-gallen-gestartet\/"},"modified":"2024-12-05T09:52:31","modified_gmt":"2024-12-05T08:52:31","slug":"planung-fuer-neues-hochhaus-in-st-gallen-gestartet","status":"publish","type":"post","link":"https:\/\/www.immo-invest.ch\/fr\/planung-fuer-neues-hochhaus-in-st-gallen-gestartet\/","title":{"rendered":"Lancement de la planification d&rsquo;un nouveau gratte-ciel \u00e0 Saint-Gall"},"content":{"rendered":"<p class=\"bodytext wp-block-paragraph\">Selon un <a href=\"https:\/\/www.halter.ch\/de\/medien\/mitteilungen\/projekt-bogenstrasse-in-st.gallen-fuer-sondernutzungsplanverfahren-freigegeben\" target=\"_blank\" rel=\"noopener\">communiqu&eacute;<\/a>, le promoteur immobilier <a href=\"https:\/\/www.halter.ch\/\" target=\"_blank\" rel=\"noopener\">Halter AG<\/a>, bas&eacute; &agrave; Schlierem, peut commencer la planification concr&egrave;te d&rsquo;un projet de construction avec immeuble de grande hauteur &agrave; la Bogenstrasse &agrave; St. Le site transform&eacute; doit offrir &agrave; l&rsquo;avenir un large m&eacute;lange d&rsquo;utilisations, comprenant des logements et des bureaux ainsi que des commerces et des restaurants, &agrave; proximit&eacute; imm&eacute;diate de la gare.<\/p>\n\n\n\n\n\n<p class=\"bodytext wp-block-paragraph\">Le conseil d&rsquo;experts en urbanisme et architecture de la ville de Saint-Gall a approuv&eacute; l&rsquo;&eacute;bauche de projet &eacute;labor&eacute;e par Halter AG en collaboration avec les architectes Herzog &amp; de Meuron et les architectes paysagistes Westpol en vue de sa transposition dans un plan d&rsquo;affectation sp&eacute;cial.<\/p>\n\n\n\n\n\n<p class=\"bodytext wp-block-paragraph\">Selon Halter AG, il existe d&eacute;sormais un projet indicatif pr&ecirc;t &agrave; &ecirc;tre mis en &oelig;uvre, qui servira de base pour les proc&eacute;dures parall&egrave;les &agrave; venir, telles que la proc&eacute;dure de plan d&rsquo;affectation sp&eacute;cial et la proc&eacute;dure de modification du plan de zone. Ces proc&eacute;dures devraient durer environ 18 mois.<\/p>\n\n\n\n\n\n<p class=\"bodytext wp-block-paragraph\">Dans la suite du projet, il s&rsquo;agira notamment de d&eacute;finir la conception d&eacute;taill&eacute;e des fa&ccedil;ades du nouvel immeuble d&rsquo;environ 80 appartements. Une fois les deux proc&eacute;dures entr&eacute;es en vigueur, une demande de permis de construire sera &eacute;labor&eacute;e et la proc&eacute;dure d&rsquo;autorisation de construire sera lanc&eacute;e. Si le projet se d&eacute;roule de mani&egrave;re optimale, la construction devrait d&eacute;buter en 2027.<\/p>\n\n","protected":false},"excerpt":{"rendered":"<p>Halter AG peut commencer \u00e0 planifier le projet de construction de la Bogenstrasse \u00e0 St. Le projet de nouvelle tour a \u00e9t\u00e9 valid\u00e9 pour le plan d&rsquo;affectation sp\u00e9cial.<\/p>\n","protected":false},"author":2,"featured_media":120937,"comment_status":"open","ping_status":"open","sticky":false,"template":"","format":"standard","meta":{"pmpro_default_level":"","inline_featured_image":false,"_monsterinsights_skip_tracking":false,"footnotes":""},"categories":[743,12476,739,12485,9442,12501],"tags":[2231,3931,5528],"class_list":["post-120944","post","type-post","status-publish","format-standard","has-post-thumbnail","hentry","category-immonews-fr","category-immonews","category-projects","category-projects-en","category-region-saint-gall","category-region-st-gallen-en","tag-hochhaus-fr","tag-immonews-fr","tag-st-gallen-3-fr","pmpro-has-access"],"acf":{"bild_mit_ki_erstellt_worden":[],"lead":"Halter AG peut commencer \u00e0 planifier le projet de construction de la Bogenstrasse \u00e0 St. Le projet de nouvelle tour a \u00e9t\u00e9 valid\u00e9 pour le plan d'affectation sp\u00e9cial.","autor":"ce\/gba","ort":"Schlieren ZH\/St.Gallen","bildunterschrift":"","bild_im_grid":false,"gallerie":"","newsim":""},"aioseo_notices":[],"aioseo_head":"\n\t\t<!-- All in One SEO 5.0.0.1 - aioseo.com -->\n\t<meta name=\"description\" content=\"Halter AG peut commencer \u00e0 planifier le projet de construction de la Bogenstrasse \u00e0 St. Le projet de nouvelle tour a \u00e9t\u00e9 valid\u00e9 pour le plan d&#039;affectation sp\u00e9cial.\" \/>\n\t<meta name=\"robots\" content=\"max-image-preview:large\" \/>\n\t<meta name=\"author\" content=\"immovestuser\"\/>\n\t<meta name=\"google-site-verification\" content=\"fHJKvgWpZCR2zVBHWfkQeFXC11qieUSff0HGNYfuyLA\" \/>\n\t<link rel=\"canonical\" href=\"https:\/\/www.immo-invest.ch\/fr\/planung-fuer-neues-hochhaus-in-st-gallen-gestartet\/\" \/>\n\t<meta name=\"generator\" content=\"All in One SEO (AIOSEO) 5.0.0.1\" \/>\n\t\t<meta property=\"og:locale\" content=\"fr_FR\" \/>\n\t\t<meta property=\"og:site_name\" content=\"immo!nvest - Die Plattform f\u00fcr Standorte und Immobilien - Die\u00a0Plattform f\u00fcr Standorte und Immobilien\" \/>\n\t\t<meta property=\"og:type\" content=\"article\" \/>\n\t\t<meta property=\"og:title\" content=\"Lancement de la planification d\u2019un nouveau gratte-ciel \u00e0 Saint-Gall - immo!nvest - Die Plattform f\u00fcr Standorte und Immobilien\" \/>\n\t\t<meta property=\"og:description\" content=\"Halter AG peut commencer \u00e0 planifier le projet de construction de la Bogenstrasse \u00e0 St. Le projet de nouvelle tour a \u00e9t\u00e9 valid\u00e9 pour le plan d&#039;affectation sp\u00e9cial.\" \/>\n\t\t<meta property=\"og:url\" content=\"https:\/\/www.immo-invest.ch\/fr\/planung-fuer-neues-hochhaus-in-st-gallen-gestartet\/\" \/>\n\t\t<meta property=\"og:image\" content=\"https:\/\/www.immo-invest.ch\/wp-content\/uploads\/2024\/12\/immo-invest_projekt_st-gallen.png\" \/>\n\t\t<meta property=\"og:image:secure_url\" content=\"https:\/\/www.immo-invest.ch\/wp-content\/uploads\/2024\/12\/immo-invest_projekt_st-gallen.png\" \/>\n\t\t<meta property=\"og:image:width\" content=\"1536\" \/>\n\t\t<meta property=\"og:image:height\" content=\"768\" \/>\n\t\t<meta property=\"article:published_time\" content=\"2024-12-05T08:47:46+00:00\" \/>\n\t\t<meta property=\"article:modified_time\" content=\"2024-12-05T08:52:31+00:00\" \/>\n\t\t<meta property=\"article:publisher\" content=\"https:\/\/www.facebook.com\/people\/Immoinvest\/100077962920504\/\" \/>\n\t\t<meta name=\"twitter:card\" content=\"summary_large_image\" \/>\n\t\t<meta name=\"twitter:site\" content=\"@i\" \/>\n\t\t<meta name=\"twitter:title\" content=\"Lancement de la planification d\u2019un nouveau gratte-ciel \u00e0 Saint-Gall - immo!nvest - Die Plattform f\u00fcr Standorte und Immobilien\" \/>\n\t\t<meta name=\"twitter:description\" content=\"Halter AG peut commencer \u00e0 planifier le projet de construction de la Bogenstrasse \u00e0 St. Le projet de nouvelle tour a \u00e9t\u00e9 valid\u00e9 pour le plan d&#039;affectation sp\u00e9cial.\" \/>\n\t\t<meta name=\"twitter:creator\" content=\"@i\" \/>\n\t\t<meta name=\"twitter:image\" content=\"https:\/\/www.immo-invest.ch\/wp-content\/uploads\/2024\/12\/immo-invest_projekt_st-gallen.png\" \/>\n\t\t<script type=\"application\/ld+json\" class=\"aioseo-schema\">\n\t\t\t{\"@context\":\"https:\\\/\\\/schema.org\",\"@graph\":[{\"@type\":\"BlogPosting\",\"@id\":\"https:\\\/\\\/www.immo-invest.ch\\\/fr\\\/planung-fuer-neues-hochhaus-in-st-gallen-gestartet\\\/#blogposting\",\"name\":\"Lancement de la planification d\\u2019un nouveau gratte-ciel \\u00e0 Saint-Gall - immo!nvest - Die Plattform f\\u00fcr Standorte und Immobilien\",\"headline\":\"Lancement de la planification d&rsquo;un nouveau gratte-ciel \\u00e0 Saint-Gall\",\"author\":{\"@id\":\"https:\\\/\\\/www.immo-invest.ch\\\/fr\\\/author\\\/immovestuser\\\/#author\"},\"publisher\":{\"@id\":\"https:\\\/\\\/www.immo-invest.ch\\\/fr\\\/#organization\"},\"image\":{\"@type\":\"ImageObject\",\"url\":\"https:\\\/\\\/www.immo-invest.ch\\\/wp-content\\\/uploads\\\/2024\\\/12\\\/immo-invest_projekt_st-gallen.png\",\"width\":1536,\"height\":768},\"datePublished\":\"2024-12-05T09:47:46+01:00\",\"dateModified\":\"2024-12-05T09:52:31+01:00\",\"inLanguage\":\"fr-FR\",\"mainEntityOfPage\":{\"@id\":\"https:\\\/\\\/www.immo-invest.ch\\\/fr\\\/planung-fuer-neues-hochhaus-in-st-gallen-gestartet\\\/#webpage\"},\"isPartOf\":{\"@id\":\"https:\\\/\\\/www.immo-invest.ch\\\/fr\\\/planung-fuer-neues-hochhaus-in-st-gallen-gestartet\\\/#webpage\"},\"articleSection\":\"immoNews, immoNews, Projects, Projects, Saint-Gall, St. Gallen, hochhaus, immoNews, St.Gallen, Facultatif\"},{\"@type\":\"BreadcrumbList\",\"@id\":\"https:\\\/\\\/www.immo-invest.ch\\\/fr\\\/planung-fuer-neues-hochhaus-in-st-gallen-gestartet\\\/#breadcrumblist\",\"itemListElement\":[{\"@type\":\"ListItem\",\"@id\":\"https:\\\/\\\/www.immo-invest.ch\\\/fr\\\/#listItem\",\"position\":1,\"name\":\"Home\",\"item\":\"https:\\\/\\\/www.immo-invest.ch\\\/fr\\\/\",\"nextItem\":{\"@type\":\"ListItem\",\"@id\":\"https:\\\/\\\/www.immo-invest.ch\\\/fr\\\/categories\\\/regions\\\/#listItem\",\"name\":\"R\\u00e9gions\"}},{\"@type\":\"ListItem\",\"@id\":\"https:\\\/\\\/www.immo-invest.ch\\\/fr\\\/categories\\\/regions\\\/#listItem\",\"position\":2,\"name\":\"R\\u00e9gions\",\"item\":\"https:\\\/\\\/www.immo-invest.ch\\\/fr\\\/categories\\\/regions\\\/\",\"nextItem\":{\"@type\":\"ListItem\",\"@id\":\"https:\\\/\\\/www.immo-invest.ch\\\/fr\\\/categories\\\/regions\\\/suisse\\\/#listItem\",\"name\":\"Suisse\"},\"previousItem\":{\"@type\":\"ListItem\",\"@id\":\"https:\\\/\\\/www.immo-invest.ch\\\/fr\\\/#listItem\",\"name\":\"Home\"}},{\"@type\":\"ListItem\",\"@id\":\"https:\\\/\\\/www.immo-invest.ch\\\/fr\\\/categories\\\/regions\\\/suisse\\\/#listItem\",\"position\":3,\"name\":\"Suisse\",\"item\":\"https:\\\/\\\/www.immo-invest.ch\\\/fr\\\/categories\\\/regions\\\/suisse\\\/\",\"nextItem\":{\"@type\":\"ListItem\",\"@id\":\"https:\\\/\\\/www.immo-invest.ch\\\/fr\\\/categories\\\/regions\\\/suisse\\\/suisse-orientale\\\/#listItem\",\"name\":\"Suisse orientale\"},\"previousItem\":{\"@type\":\"ListItem\",\"@id\":\"https:\\\/\\\/www.immo-invest.ch\\\/fr\\\/categories\\\/regions\\\/#listItem\",\"name\":\"R\\u00e9gions\"}},{\"@type\":\"ListItem\",\"@id\":\"https:\\\/\\\/www.immo-invest.ch\\\/fr\\\/categories\\\/regions\\\/suisse\\\/suisse-orientale\\\/#listItem\",\"position\":4,\"name\":\"Suisse orientale\",\"item\":\"https:\\\/\\\/www.immo-invest.ch\\\/fr\\\/categories\\\/regions\\\/suisse\\\/suisse-orientale\\\/\",\"nextItem\":{\"@type\":\"ListItem\",\"@id\":\"https:\\\/\\\/www.immo-invest.ch\\\/fr\\\/categories\\\/regions\\\/suisse\\\/suisse-orientale\\\/region-saint-gall\\\/#listItem\",\"name\":\"Saint-Gall\"},\"previousItem\":{\"@type\":\"ListItem\",\"@id\":\"https:\\\/\\\/www.immo-invest.ch\\\/fr\\\/categories\\\/regions\\\/suisse\\\/#listItem\",\"name\":\"Suisse\"}},{\"@type\":\"ListItem\",\"@id\":\"https:\\\/\\\/www.immo-invest.ch\\\/fr\\\/categories\\\/regions\\\/suisse\\\/suisse-orientale\\\/region-saint-gall\\\/#listItem\",\"position\":5,\"name\":\"Saint-Gall\",\"item\":\"https:\\\/\\\/www.immo-invest.ch\\\/fr\\\/categories\\\/regions\\\/suisse\\\/suisse-orientale\\\/region-saint-gall\\\/\",\"nextItem\":{\"@type\":\"ListItem\",\"@id\":\"https:\\\/\\\/www.immo-invest.ch\\\/fr\\\/planung-fuer-neues-hochhaus-in-st-gallen-gestartet\\\/#listItem\",\"name\":\"Lancement de la planification d&rsquo;un nouveau gratte-ciel \\u00e0 Saint-Gall\"},\"previousItem\":{\"@type\":\"ListItem\",\"@id\":\"https:\\\/\\\/www.immo-invest.ch\\\/fr\\\/categories\\\/regions\\\/suisse\\\/suisse-orientale\\\/#listItem\",\"name\":\"Suisse orientale\"}},{\"@type\":\"ListItem\",\"@id\":\"https:\\\/\\\/www.immo-invest.ch\\\/fr\\\/planung-fuer-neues-hochhaus-in-st-gallen-gestartet\\\/#listItem\",\"position\":6,\"name\":\"Lancement de la planification d&rsquo;un nouveau gratte-ciel \\u00e0 Saint-Gall\",\"previousItem\":{\"@type\":\"ListItem\",\"@id\":\"https:\\\/\\\/www.immo-invest.ch\\\/fr\\\/categories\\\/regions\\\/suisse\\\/suisse-orientale\\\/region-saint-gall\\\/#listItem\",\"name\":\"Saint-Gall\"}}]},{\"@type\":\"Organization\",\"@id\":\"https:\\\/\\\/www.immo-invest.ch\\\/fr\\\/#organization\",\"name\":\"immo!nvest - Die Plattform f\\u00fcr Standorte und Immobilien\",\"description\":\"Die\\u00a0Plattform f\\u00fcr Standorte und Immobilien\",\"url\":\"https:\\\/\\\/www.immo-invest.ch\\\/fr\\\/\",\"email\":\"admin@immomedia.ag\",\"telephone\":\"+41444420002\",\"logo\":{\"@type\":\"ImageObject\",\"url\":\"https:\\\/\\\/www.immo-invest.ch\\\/wp-content\\\/uploads\\\/2024\\\/09\\\/immoinvest_sm-scaled.jpg\",\"@id\":\"https:\\\/\\\/www.immo-invest.ch\\\/fr\\\/planung-fuer-neues-hochhaus-in-st-gallen-gestartet\\\/#organizationLogo\",\"width\":2560,\"height\":1340},\"image\":{\"@id\":\"https:\\\/\\\/www.immo-invest.ch\\\/fr\\\/planung-fuer-neues-hochhaus-in-st-gallen-gestartet\\\/#organizationLogo\"},\"sameAs\":[\"https:\\\/\\\/www.facebook.com\\\/people\\\/Immoinvest\\\/100077962920504\\\/\",\"https:\\\/\\\/x.com\\\/i\\\/flow\\\/login?redirect_after_login=immoinvest_ch\",\"https:\\\/\\\/www.instagram.com\\\/immoinvest_ch\\\/\",\"https:\\\/\\\/www.linkedin.com\\\/company\\\/immoinvest-swiss\"]},{\"@type\":\"Person\",\"@id\":\"https:\\\/\\\/www.immo-invest.ch\\\/fr\\\/author\\\/immovestuser\\\/#author\",\"url\":\"https:\\\/\\\/www.immo-invest.ch\\\/fr\\\/author\\\/immovestuser\\\/\",\"name\":\"immovestuser\",\"image\":{\"@type\":\"ImageObject\",\"@id\":\"https:\\\/\\\/www.immo-invest.ch\\\/fr\\\/planung-fuer-neues-hochhaus-in-st-gallen-gestartet\\\/#authorImage\",\"url\":\"https:\\\/\\\/secure.gravatar.com\\\/avatar\\\/8e01f4d99f2eeea7a362ebb93305e1172a70e9293ba250f897a65c39f54cdd1e?s=96&d=mm&r=g\",\"width\":96,\"height\":96,\"caption\":\"immovestuser\"}},{\"@type\":\"WebPage\",\"@id\":\"https:\\\/\\\/www.immo-invest.ch\\\/fr\\\/planung-fuer-neues-hochhaus-in-st-gallen-gestartet\\\/#webpage\",\"url\":\"https:\\\/\\\/www.immo-invest.ch\\\/fr\\\/planung-fuer-neues-hochhaus-in-st-gallen-gestartet\\\/\",\"name\":\"Lancement de la planification d\\u2019un nouveau gratte-ciel \\u00e0 Saint-Gall - immo!nvest - Die Plattform f\\u00fcr Standorte und Immobilien\",\"description\":\"Halter AG peut commencer \\u00e0 planifier le projet de construction de la Bogenstrasse \\u00e0 St. Le projet de nouvelle tour a \\u00e9t\\u00e9 valid\\u00e9 pour le plan d'affectation sp\\u00e9cial.\",\"inLanguage\":\"fr-FR\",\"isPartOf\":{\"@id\":\"https:\\\/\\\/www.immo-invest.ch\\\/fr\\\/#website\"},\"breadcrumb\":{\"@id\":\"https:\\\/\\\/www.immo-invest.ch\\\/fr\\\/planung-fuer-neues-hochhaus-in-st-gallen-gestartet\\\/#breadcrumblist\"},\"author\":{\"@id\":\"https:\\\/\\\/www.immo-invest.ch\\\/fr\\\/author\\\/immovestuser\\\/#author\"},\"creator\":{\"@id\":\"https:\\\/\\\/www.immo-invest.ch\\\/fr\\\/author\\\/immovestuser\\\/#author\"},\"image\":{\"@type\":\"ImageObject\",\"url\":\"https:\\\/\\\/www.immo-invest.ch\\\/wp-content\\\/uploads\\\/2024\\\/12\\\/immo-invest_projekt_st-gallen.png\",\"@id\":\"https:\\\/\\\/www.immo-invest.ch\\\/fr\\\/planung-fuer-neues-hochhaus-in-st-gallen-gestartet\\\/#mainImage\",\"width\":1536,\"height\":768},\"primaryImageOfPage\":{\"@id\":\"https:\\\/\\\/www.immo-invest.ch\\\/fr\\\/planung-fuer-neues-hochhaus-in-st-gallen-gestartet\\\/#mainImage\"},\"datePublished\":\"2024-12-05T09:47:46+01:00\",\"dateModified\":\"2024-12-05T09:52:31+01:00\"},{\"@type\":\"WebSite\",\"@id\":\"https:\\\/\\\/www.immo-invest.ch\\\/fr\\\/#website\",\"url\":\"https:\\\/\\\/www.immo-invest.ch\\\/fr\\\/\",\"name\":\"immo!nvest - Die Plattform f\\u00fcr Standorte und Immobilien\",\"description\":\"Die\\u00a0Plattform f\\u00fcr Standorte und Immobilien\",\"inLanguage\":\"fr-FR\",\"publisher\":{\"@id\":\"https:\\\/\\\/www.immo-invest.ch\\\/fr\\\/#organization\"}}]}\n\t\t<\/script>\n\t\t<!-- All in One SEO -->\n\n","aioseo_head_json":{"title":"Lancement de la planification d\u2019un nouveau gratte-ciel \u00e0 Saint-Gall - immo!nvest - Die Plattform f\u00fcr Standorte und Immobilien","description":"Halter AG peut commencer \u00e0 planifier le projet de construction de la Bogenstrasse \u00e0 St. Le projet de nouvelle tour a \u00e9t\u00e9 valid\u00e9 pour le plan d'affectation sp\u00e9cial.","canonical_url":"https:\/\/www.immo-invest.ch\/fr\/planung-fuer-neues-hochhaus-in-st-gallen-gestartet\/","robots":"max-image-preview:large","keywords":"","webmasterTools":{"google-site-verification":"fHJKvgWpZCR2zVBHWfkQeFXC11qieUSff0HGNYfuyLA","miscellaneous":""},"schema":{"@context":"https:\/\/schema.org","@graph":[{"@type":"BlogPosting","@id":"https:\/\/www.immo-invest.ch\/fr\/planung-fuer-neues-hochhaus-in-st-gallen-gestartet\/#blogposting","name":"Lancement de la planification d\u2019un nouveau gratte-ciel \u00e0 Saint-Gall - immo!nvest - Die Plattform f\u00fcr Standorte und Immobilien","headline":"Lancement de la planification d&rsquo;un nouveau gratte-ciel \u00e0 Saint-Gall","author":{"@id":"https:\/\/www.immo-invest.ch\/fr\/author\/immovestuser\/#author"},"publisher":{"@id":"https:\/\/www.immo-invest.ch\/fr\/#organization"},"image":{"@type":"ImageObject","url":"https:\/\/www.immo-invest.ch\/wp-content\/uploads\/2024\/12\/immo-invest_projekt_st-gallen.png","width":1536,"height":768},"datePublished":"2024-12-05T09:47:46+01:00","dateModified":"2024-12-05T09:52:31+01:00","inLanguage":"fr-FR","mainEntityOfPage":{"@id":"https:\/\/www.immo-invest.ch\/fr\/planung-fuer-neues-hochhaus-in-st-gallen-gestartet\/#webpage"},"isPartOf":{"@id":"https:\/\/www.immo-invest.ch\/fr\/planung-fuer-neues-hochhaus-in-st-gallen-gestartet\/#webpage"},"articleSection":"immoNews, immoNews, Projects, Projects, Saint-Gall, St. Gallen, hochhaus, immoNews, St.Gallen, Facultatif"},{"@type":"BreadcrumbList","@id":"https:\/\/www.immo-invest.ch\/fr\/planung-fuer-neues-hochhaus-in-st-gallen-gestartet\/#breadcrumblist","itemListElement":[{"@type":"ListItem","@id":"https:\/\/www.immo-invest.ch\/fr\/#listItem","position":1,"name":"Home","item":"https:\/\/www.immo-invest.ch\/fr\/","nextItem":{"@type":"ListItem","@id":"https:\/\/www.immo-invest.ch\/fr\/categories\/regions\/#listItem","name":"R\u00e9gions"}},{"@type":"ListItem","@id":"https:\/\/www.immo-invest.ch\/fr\/categories\/regions\/#listItem","position":2,"name":"R\u00e9gions","item":"https:\/\/www.immo-invest.ch\/fr\/categories\/regions\/","nextItem":{"@type":"ListItem","@id":"https:\/\/www.immo-invest.ch\/fr\/categories\/regions\/suisse\/#listItem","name":"Suisse"},"previousItem":{"@type":"ListItem","@id":"https:\/\/www.immo-invest.ch\/fr\/#listItem","name":"Home"}},{"@type":"ListItem","@id":"https:\/\/www.immo-invest.ch\/fr\/categories\/regions\/suisse\/#listItem","position":3,"name":"Suisse","item":"https:\/\/www.immo-invest.ch\/fr\/categories\/regions\/suisse\/","nextItem":{"@type":"ListItem","@id":"https:\/\/www.immo-invest.ch\/fr\/categories\/regions\/suisse\/suisse-orientale\/#listItem","name":"Suisse orientale"},"previousItem":{"@type":"ListItem","@id":"https:\/\/www.immo-invest.ch\/fr\/categories\/regions\/#listItem","name":"R\u00e9gions"}},{"@type":"ListItem","@id":"https:\/\/www.immo-invest.ch\/fr\/categories\/regions\/suisse\/suisse-orientale\/#listItem","position":4,"name":"Suisse orientale","item":"https:\/\/www.immo-invest.ch\/fr\/categories\/regions\/suisse\/suisse-orientale\/","nextItem":{"@type":"ListItem","@id":"https:\/\/www.immo-invest.ch\/fr\/categories\/regions\/suisse\/suisse-orientale\/region-saint-gall\/#listItem","name":"Saint-Gall"},"previousItem":{"@type":"ListItem","@id":"https:\/\/www.immo-invest.ch\/fr\/categories\/regions\/suisse\/#listItem","name":"Suisse"}},{"@type":"ListItem","@id":"https:\/\/www.immo-invest.ch\/fr\/categories\/regions\/suisse\/suisse-orientale\/region-saint-gall\/#listItem","position":5,"name":"Saint-Gall","item":"https:\/\/www.immo-invest.ch\/fr\/categories\/regions\/suisse\/suisse-orientale\/region-saint-gall\/","nextItem":{"@type":"ListItem","@id":"https:\/\/www.immo-invest.ch\/fr\/planung-fuer-neues-hochhaus-in-st-gallen-gestartet\/#listItem","name":"Lancement de la planification d&rsquo;un nouveau gratte-ciel \u00e0 Saint-Gall"},"previousItem":{"@type":"ListItem","@id":"https:\/\/www.immo-invest.ch\/fr\/categories\/regions\/suisse\/suisse-orientale\/#listItem","name":"Suisse orientale"}},{"@type":"ListItem","@id":"https:\/\/www.immo-invest.ch\/fr\/planung-fuer-neues-hochhaus-in-st-gallen-gestartet\/#listItem","position":6,"name":"Lancement de la planification d&rsquo;un nouveau gratte-ciel \u00e0 Saint-Gall","previousItem":{"@type":"ListItem","@id":"https:\/\/www.immo-invest.ch\/fr\/categories\/regions\/suisse\/suisse-orientale\/region-saint-gall\/#listItem","name":"Saint-Gall"}}]},{"@type":"Organization","@id":"https:\/\/www.immo-invest.ch\/fr\/#organization","name":"immo!nvest - Die Plattform f\u00fcr Standorte und Immobilien","description":"Die\u00a0Plattform f\u00fcr Standorte und Immobilien","url":"https:\/\/www.immo-invest.ch\/fr\/","email":"admin@immomedia.ag","telephone":"+41444420002","logo":{"@type":"ImageObject","url":"https:\/\/www.immo-invest.ch\/wp-content\/uploads\/2024\/09\/immoinvest_sm-scaled.jpg","@id":"https:\/\/www.immo-invest.ch\/fr\/planung-fuer-neues-hochhaus-in-st-gallen-gestartet\/#organizationLogo","width":2560,"height":1340},"image":{"@id":"https:\/\/www.immo-invest.ch\/fr\/planung-fuer-neues-hochhaus-in-st-gallen-gestartet\/#organizationLogo"},"sameAs":["https:\/\/www.facebook.com\/people\/Immoinvest\/100077962920504\/","https:\/\/x.com\/i\/flow\/login?redirect_after_login=immoinvest_ch","https:\/\/www.instagram.com\/immoinvest_ch\/","https:\/\/www.linkedin.com\/company\/immoinvest-swiss"]},{"@type":"Person","@id":"https:\/\/www.immo-invest.ch\/fr\/author\/immovestuser\/#author","url":"https:\/\/www.immo-invest.ch\/fr\/author\/immovestuser\/","name":"immovestuser","image":{"@type":"ImageObject","@id":"https:\/\/www.immo-invest.ch\/fr\/planung-fuer-neues-hochhaus-in-st-gallen-gestartet\/#authorImage","url":"https:\/\/secure.gravatar.com\/avatar\/8e01f4d99f2eeea7a362ebb93305e1172a70e9293ba250f897a65c39f54cdd1e?s=96&d=mm&r=g","width":96,"height":96,"caption":"immovestuser"}},{"@type":"WebPage","@id":"https:\/\/www.immo-invest.ch\/fr\/planung-fuer-neues-hochhaus-in-st-gallen-gestartet\/#webpage","url":"https:\/\/www.immo-invest.ch\/fr\/planung-fuer-neues-hochhaus-in-st-gallen-gestartet\/","name":"Lancement de la planification d\u2019un nouveau gratte-ciel \u00e0 Saint-Gall - immo!nvest - Die Plattform f\u00fcr Standorte und Immobilien","description":"Halter AG peut commencer \u00e0 planifier le projet de construction de la Bogenstrasse \u00e0 St. Le projet de nouvelle tour a \u00e9t\u00e9 valid\u00e9 pour le plan d'affectation sp\u00e9cial.","inLanguage":"fr-FR","isPartOf":{"@id":"https:\/\/www.immo-invest.ch\/fr\/#website"},"breadcrumb":{"@id":"https:\/\/www.immo-invest.ch\/fr\/planung-fuer-neues-hochhaus-in-st-gallen-gestartet\/#breadcrumblist"},"author":{"@id":"https:\/\/www.immo-invest.ch\/fr\/author\/immovestuser\/#author"},"creator":{"@id":"https:\/\/www.immo-invest.ch\/fr\/author\/immovestuser\/#author"},"image":{"@type":"ImageObject","url":"https:\/\/www.immo-invest.ch\/wp-content\/uploads\/2024\/12\/immo-invest_projekt_st-gallen.png","@id":"https:\/\/www.immo-invest.ch\/fr\/planung-fuer-neues-hochhaus-in-st-gallen-gestartet\/#mainImage","width":1536,"height":768},"primaryImageOfPage":{"@id":"https:\/\/www.immo-invest.ch\/fr\/planung-fuer-neues-hochhaus-in-st-gallen-gestartet\/#mainImage"},"datePublished":"2024-12-05T09:47:46+01:00","dateModified":"2024-12-05T09:52:31+01:00"},{"@type":"WebSite","@id":"https:\/\/www.immo-invest.ch\/fr\/#website","url":"https:\/\/www.immo-invest.ch\/fr\/","name":"immo!nvest - Die Plattform f\u00fcr Standorte und Immobilien","description":"Die\u00a0Plattform f\u00fcr Standorte und Immobilien","inLanguage":"fr-FR","publisher":{"@id":"https:\/\/www.immo-invest.ch\/fr\/#organization"}}]},"og:locale":"fr_FR","og:site_name":"immo!nvest - Die Plattform f\u00fcr Standorte und Immobilien - Die\u00a0Plattform f\u00fcr Standorte und Immobilien","og:type":"article","og:title":"Lancement de la planification d\u2019un nouveau gratte-ciel \u00e0 Saint-Gall - immo!nvest - Die Plattform f\u00fcr Standorte und Immobilien","og:description":"Halter AG peut commencer \u00e0 planifier le projet de construction de la Bogenstrasse \u00e0 St. Le projet de nouvelle tour a \u00e9t\u00e9 valid\u00e9 pour le plan d'affectation sp\u00e9cial.","og:url":"https:\/\/www.immo-invest.ch\/fr\/planung-fuer-neues-hochhaus-in-st-gallen-gestartet\/","og:image":"https:\/\/www.immo-invest.ch\/wp-content\/uploads\/2024\/12\/immo-invest_projekt_st-gallen.png","og:image:secure_url":"https:\/\/www.immo-invest.ch\/wp-content\/uploads\/2024\/12\/immo-invest_projekt_st-gallen.png","og:image:width":1536,"og:image:height":768,"article:published_time":"2024-12-05T08:47:46+00:00","article:modified_time":"2024-12-05T08:52:31+00:00","article:publisher":"https:\/\/www.facebook.com\/people\/Immoinvest\/100077962920504\/","twitter:card":"summary_large_image","twitter:site":"@i","twitter:title":"Lancement de la planification d\u2019un nouveau gratte-ciel \u00e0 Saint-Gall - immo!nvest - Die Plattform f\u00fcr Standorte und Immobilien","twitter:description":"Halter AG peut commencer \u00e0 planifier le projet de construction de la Bogenstrasse \u00e0 St. Le projet de nouvelle tour a \u00e9t\u00e9 valid\u00e9 pour le plan d'affectation sp\u00e9cial.","twitter:creator":"@i","twitter:image":"https:\/\/www.immo-invest.ch\/wp-content\/uploads\/2024\/12\/immo-invest_projekt_st-gallen.png"},"aioseo_meta_data":{"post_id":"120944","title":null,"description":null,"keywords":null,"keyphrases":{"focus":{"keyphrase":"","score":0,"analysis":{"keyphraseInTitle":{"score":0,"maxScore":9,"error":1}}},"additional":[]},"primary_term":null,"canonical_url":null,"og_title":null,"og_description":null,"og_object_type":"default","og_image_type":"default","og_image_url":null,"og_image_width":null,"og_image_height":null,"og_image_custom_url":null,"og_image_custom_fields":null,"og_video":"","og_custom_url":null,"og_article_section":null,"og_article_tags":null,"twitter_use_og":false,"twitter_card":"default","twitter_image_type":"default","twitter_image_url":null,"twitter_image_custom_url":null,"twitter_image_custom_fields":null,"twitter_title":null,"twitter_description":null,"schema":{"blockGraphs":[],"customGraphs":[],"default":{"data":{"Article":[],"Course":[],"Dataset":[],"FAQPage":[],"Movie":[],"Person":[],"Product":[],"ProductReview":[],"Car":[],"Recipe":[],"Service":[],"SoftwareApplication":[],"WebPage":[]},"graphName":"BlogPosting","isEnabled":true},"graphs":[]},"schema_type":"default","schema_type_options":null,"pillar_content":false,"robots_default":true,"robots_noindex":false,"robots_noarchive":false,"robots_nosnippet":false,"robots_nofollow":false,"robots_noimageindex":false,"robots_noodp":false,"robots_notranslate":false,"robots_max_snippet":"-1","robots_max_videopreview":"-1","robots_max_imagepreview":"large","priority":null,"frequency":"default","local_seo":null,"breadcrumb_settings":null,"limit_modified_date":false,"ai":null,"created":"2024-12-05 08:49:10","updated":"2025-10-24 13:56:13","seo_analyzer_scan_date":null,"focus_keyword":null,"additional_keywords":null,"truseo_locale":null},"aioseo_breadcrumb":"<div class=\"aioseo-breadcrumbs\"><span class=\"aioseo-breadcrumb\">\n\t\t\t<a href=\"https:\/\/www.immo-invest.ch\/fr\/\" title=\"Home\">Home<\/a>\n\t\t<\/span><span class=\"aioseo-breadcrumb-separator\">&raquo;<\/span><span class=\"aioseo-breadcrumb\">\n\t\t\t<a href=\"https:\/\/www.immo-invest.ch\/fr\/categories\/regions\/\" title=\"R\u00e9gions\">R\u00e9gions<\/a>\n\t\t<\/span><span class=\"aioseo-breadcrumb-separator\">&raquo;<\/span><span class=\"aioseo-breadcrumb\">\n\t\t\t<a href=\"https:\/\/www.immo-invest.ch\/fr\/categories\/regions\/suisse\/\" title=\"Suisse\">Suisse<\/a>\n\t\t<\/span><span class=\"aioseo-breadcrumb-separator\">&raquo;<\/span><span class=\"aioseo-breadcrumb\">\n\t\t\t<a href=\"https:\/\/www.immo-invest.ch\/fr\/categories\/regions\/suisse\/suisse-orientale\/\" title=\"Suisse orientale\">Suisse orientale<\/a>\n\t\t<\/span><span class=\"aioseo-breadcrumb-separator\">&raquo;<\/span><span class=\"aioseo-breadcrumb\">\n\t\t\t<a href=\"https:\/\/www.immo-invest.ch\/fr\/categories\/regions\/suisse\/suisse-orientale\/region-saint-gall\/\" title=\"Saint-Gall\">Saint-Gall<\/a>\n\t\t<\/span><span class=\"aioseo-breadcrumb-separator\">&raquo;<\/span><span class=\"aioseo-breadcrumb\">\n\t\t\tLancement de la planification d\u2019un nouveau gratte-ciel \u00e0 Saint-Gall\n\t\t<\/span><\/div>","aioseo_breadcrumb_json":[{"label":"Home","link":"https:\/\/www.immo-invest.ch\/fr\/"},{"label":"R\u00e9gions","link":"https:\/\/www.immo-invest.ch\/fr\/categories\/regions\/"},{"label":"Suisse","link":"https:\/\/www.immo-invest.ch\/fr\/categories\/regions\/suisse\/"},{"label":"Suisse orientale","link":"https:\/\/www.immo-invest.ch\/fr\/categories\/regions\/suisse\/suisse-orientale\/"},{"label":"Saint-Gall","link":"https:\/\/www.immo-invest.ch\/fr\/categories\/regions\/suisse\/suisse-orientale\/region-saint-gall\/"},{"label":"Lancement de la planification d&rsquo;un nouveau gratte-ciel \u00e0 Saint-Gall","link":"https:\/\/www.immo-invest.ch\/fr\/planung-fuer-neues-hochhaus-in-st-gallen-gestartet\/"}],"featured_image_src":"https:\/\/www.immo-invest.ch\/wp-content\/uploads\/2024\/12\/immo-invest_projekt_st-gallen-336x168.png","_links":{"self":[{"href":"https:\/\/www.immo-invest.ch\/fr\/wp-json\/wp\/v2\/posts\/120944","targetHints":{"allow":["GET"]}}],"collection":[{"href":"https:\/\/www.immo-invest.ch\/fr\/wp-json\/wp\/v2\/posts"}],"about":[{"href":"https:\/\/www.immo-invest.ch\/fr\/wp-json\/wp\/v2\/types\/post"}],"author":[{"embeddable":true,"href":"https:\/\/www.immo-invest.ch\/fr\/wp-json\/wp\/v2\/users\/2"}],"replies":[{"embeddable":true,"href":"https:\/\/www.immo-invest.ch\/fr\/wp-json\/wp\/v2\/comments?post=120944"}],"version-history":[{"count":0,"href":"https:\/\/www.immo-invest.ch\/fr\/wp-json\/wp\/v2\/posts\/120944\/revisions"}],"wp:featuredmedia":[{"embeddable":true,"href":"https:\/\/www.immo-invest.ch\/fr\/wp-json\/wp\/v2\/media\/120937"}],"wp:attachment":[{"href":"https:\/\/www.immo-invest.ch\/fr\/wp-json\/wp\/v2\/media?parent=120944"}],"wp:term":[{"taxonomy":"category","embeddable":true,"href":"https:\/\/www.immo-invest.ch\/fr\/wp-json\/wp\/v2\/categories?post=120944"},{"taxonomy":"post_tag","embeddable":true,"href":"https:\/\/www.immo-invest.ch\/fr\/wp-json\/wp\/v2\/tags?post=120944"}],"curies":[{"name":"wp","href":"https:\/\/api.w.org\/{rel}","templated":true}]}}