{"id":120850,"date":"2024-12-03T11:43:46","date_gmt":"2024-12-03T10:43:46","guid":{"rendered":"https:\/\/www.immo-invest.ch\/zukunftsperspektiven-beim-103-immotable-zug\/"},"modified":"2024-12-04T10:06:53","modified_gmt":"2024-12-04T09:06:53","slug":"zukunftsperspektiven-beim-103-immotable-zug","status":"publish","type":"post","link":"https:\/\/www.immo-invest.ch\/fr\/zukunftsperspektiven-beim-103-immotable-zug\/","title":{"rendered":"Perspectives d&rsquo;avenir lors de la 103e immoTable de Zoug"},"content":{"rendered":"<p class=\"wp-block-paragraph\">Le maire Andr&eacute; Wicki a ouvert la manifestation en portant un regard inspir&eacute; sur l&rsquo;avenir &eacute;conomique de la ville de Zoug. Sous le <span class=\"glossaryLink\" aria-describedby=\"tt\" data-cmtooltip=\"&lt;div class=glossaryItemTitle&gt;Slogan&lt;\/div&gt;&lt;div class=glossaryItemBody&gt;Kurze, pr&auml;gnante Zusammenfassung der zentralen Werbeaussage&lt;\/div&gt;\" data-mobile-support=\"0\" data-gt-translate-attributes='[{\"attribute\":\"data-cmtooltip\", \"format\":\"html\"}]' tabindex=\"0\" role=\"link\">slogan<\/span> &laquo;&nbsp;Zug bleibt Zug &ndash; lebenswert, vision&auml;r, pulsierend&nbsp;&raquo; (Zoug reste Zoug &ndash; agr&eacute;able &agrave; vivre, visionnaire, vibrant), il a soulign&eacute; les d&eacute;fis li&eacute;s &agrave; la croissance durable, au logement abordable et &agrave; la protection du climat. Ses visions soulignent l&rsquo;ambition de faire de Zoug un lieu de vie et d&rsquo;activit&eacute; &eacute;conomique innovant et attractif.<\/p>\n\n\n\n\n\n<p class=\"wp-block-paragraph\"><strong>Strat&eacute;gies durables et succ&egrave;s &eacute;conomique<br><\/strong>Beat Bachmann a pr&eacute;sent&eacute; la strat&eacute;gie &agrave; long terme &laquo;&nbsp;Spirit of Zug&nbsp;&raquo;, qui cr&eacute;e un &eacute;quilibre entre la croissance et la consommation de ressources. Gr&acirc;ce &agrave; des coop&eacute;rations r&eacute;gionales et &agrave; des conditions attractives pour les entreprises, la r&eacute;gion est renforc&eacute;e en tant que site &eacute;conomique de premier plan. Les plateformes d&rsquo;<span class=\"glossaryLink\" aria-describedby=\"tt\" data-cmtooltip=\"&lt;div class=glossaryItemTitle&gt;Innovation&lt;\/div&gt;&lt;div class=glossaryItemBody&gt;Innovation in der heutigen Immobilienwelt bedeutet vor allem Digitalisierung von Prozessen. Zum Beispiel das Eliminieren von Tausenden von Excel-Bl&auml;ttern f&uuml;r Portfolio- und Asset-Manager oder das Erstellen einer Anwendung (App) f&uuml;r alle Formalit&auml;ten rund um die Beziehung zwischen Immobilieneigent&uuml;mern, - verwaltung und -mietern.&lt;\/div&gt;\" data-mobile-support=\"0\" data-gt-translate-attributes='[{\"attribute\":\"data-cmtooltip\", \"format\":\"html\"}]' tabindex=\"0\" role=\"link\">innovation<\/span>, telles que la HSLU et le Tech <span class=\"glossaryLink\" aria-describedby=\"tt\" data-cmtooltip=\"&lt;div class=glossaryItemTitle&gt;Cluster&lt;\/div&gt;&lt;div class=glossaryItemBody&gt;Marketingbegriff f&uuml;r eine Nutzergruppe mit &auml;hnlichen Anforderungen an eine Immobilie. In der Standortf&ouml;rderung spricht man von Cluster, wenn Unternehmen aus der gleichen Branche vernetzt werden&lt;\/div&gt;\" data-mobile-support=\"0\" data-gt-translate-attributes='[{\"attribute\":\"data-cmtooltip\", \"format\":\"html\"}]' tabindex=\"0\" role=\"link\">Cluster<\/span> Zoug, encouragent les avanc&eacute;es technologiques dans des domaines tels que l&rsquo;&eacute;nergie, la mobilit&eacute; et la d&eacute;carbonisation.<\/p>\n\n\n\n\n\n<p class=\"wp-block-paragraph\"><strong>Des projets r&eacute;ussis pour un habitat et un commerce modernes<br><\/strong>Lukas Fehr a pr&eacute;sent&eacute; le projet &laquo;&nbsp;Papieri Cham&nbsp;&raquo;, qui a &eacute;t&eacute; prim&eacute;. Ce <span class=\"glossaryLink\" aria-describedby=\"tt\" data-cmtooltip=\"&lt;div class=glossaryItemTitle&gt;Quartier&lt;\/div&gt;&lt;div class=glossaryItemBody&gt;Amtliches, historisches, soziales oder stadtplanerisches Stadtviertel&lt;\/div&gt;\" data-mobile-support=\"0\" data-gt-translate-attributes='[{\"attribute\":\"data-cmtooltip\", \"format\":\"html\"}]' tabindex=\"0\" role=\"link\">quartier<\/span> allie substance historique et nouveaux b&acirc;timents modernes, architecture durable et espaces verts. Avec environ 1&rsquo;000 logements et 40&rsquo;000 m&egrave;tres carr&eacute;s de surfaces commerciales, le site Papieri &eacute;tablit de nouvelles r&eacute;f&eacute;rences en mati&egrave;re d&rsquo;habitat et de travail durables.<\/p>\n\n\n\n\n\n<p class=\"wp-block-paragraph\"><strong><span class=\"glossaryLink\" aria-describedby=\"tt\" data-cmtooltip=\"&lt;div class=glossaryItemTitle&gt;Innovation&lt;\/div&gt;&lt;div class=glossaryItemBody&gt;Innovation in der heutigen Immobilienwelt bedeutet vor allem Digitalisierung von Prozessen. Zum Beispiel das Eliminieren von Tausenden von Excel-Bl&auml;ttern f&uuml;r Portfolio- und Asset-Manager oder das Erstellen einer Anwendung (App) f&uuml;r alle Formalit&auml;ten rund um die Beziehung zwischen Immobilieneigent&uuml;mern, - verwaltung und -mietern.&lt;\/div&gt;\" data-mobile-support=\"0\" data-gt-translate-attributes='[{\"attribute\":\"data-cmtooltip\", \"format\":\"html\"}]' tabindex=\"0\" role=\"link\">Innovation<\/span> mat&eacute;rielle dans la construction en bois<br><\/strong>Pius Kneub&uuml;hler a &eacute;voqu&eacute; les avantages des constructions en planches empil&eacute;es, fabriqu&eacute;es avec du bois suisse et un minimum de colle. Cette technologie favorise l&rsquo;utilisation durable en cascade et combine une capacit&eacute; de charge &eacute;lev&eacute;e avec un excellent bilan CO&#8322;. L&rsquo;identit&eacute; des mat&eacute;riaux est ainsi au c&oelig;ur d&rsquo;une construction durable.<\/p>\n\n\n\n\n\n<p class=\"wp-block-paragraph\"><strong>Traitement de l&rsquo;eau et s&eacute;curit&eacute; des infrastructures<br><\/strong>Andr&eacute; Spathelf a cl&ocirc;tur&eacute; l&rsquo;&eacute;v&eacute;nement en comparant les leaders du march&eacute; suisse dans le domaine du traitement de l&rsquo;eau. Il a soulign&eacute; l&rsquo;importance d&rsquo;une approche proactive de la surveillance et de la maintenance des r&eacute;seaux d&rsquo;eau. Cette approche permet d&rsquo;assurer la qualit&eacute; et la durabilit&eacute; des infrastructures vitales.<\/p>\n\n\n\n\n\n<p class=\"wp-block-paragraph\">La 103e &eacute;dition d&rsquo;immoTable Zoug a une nouvelle fois prouv&eacute; l&rsquo;importance des &eacute;changes entre les entreprises, les scientifiques et les politiques pour la construction d&rsquo;un avenir durable. Des projets visionnaires, des innovations technologiques et des strat&eacute;gies &eacute;conomiques renforcent la position de Zoug en tant que r&eacute;gion leader en Suisse.<\/p>\n\n","protected":false},"excerpt":{"rendered":"<p>La 103e immoTable de Zoug a r\u00e9uni des leaders pour discuter de croissance \u00e9conomique, de d\u00e9veloppement urbain durable et de projets innovants. Des approches visionnaires et des solutions concr\u00e8tes ont mis en \u00e9vidence les multiples opportunit\u00e9s et d\u00e9fis qui caract\u00e9risent la r\u00e9gion de Zoug. <\/p>\n","protected":false},"author":2,"featured_media":120772,"comment_status":"open","ping_status":"open","sticky":false,"template":"","format":"standard","meta":{"pmpro_default_level":"","inline_featured_image":false,"_monsterinsights_skip_tracking":false,"footnotes":""},"categories":[22699,743,22357,747,8736],"tags":[835,848,3931,2056,2002,39703,23616,2658,933],"class_list":["post-120850","post","type-post","status-publish","format-standard","has-post-thumbnail","hentry","category-durabilite","category-immonews-fr","category-industrie-du-batiment","category-promo-fr","category-region-zug","tag-energie-fr","tag-immobilien-fr","tag-immonews-fr","tag-nachhaltigkeit-fr","tag-news-fr","tag-stadtentwicklung-fr","tag-vision-fr","tag-wachstum-fr","tag-zug-fr","pmpro-has-access"],"acf":{"bild_mit_ki_erstellt_worden":[],"lead":"La 103e immoTable de Zoug a r\u00e9uni des leaders pour discuter de croissance \u00e9conomique, de d\u00e9veloppement urbain durable et de projets innovants. Des approches visionnaires et des solutions concr\u00e8tes ont mis en \u00e9vidence les multiples opportunit\u00e9s et d\u00e9fis qui caract\u00e9risent la r\u00e9gion de Zoug. ","autor":"Quelle: immoMedia","ort":"","bildunterschrift":"","bild_im_grid":false,"gallerie":"","newsim":""},"aioseo_notices":[],"aioseo_head":"\n\t\t<!-- All in One SEO 5.0.1.1 - aioseo.com -->\n\t<meta name=\"description\" content=\"La 103e immoTable de Zoug a r\u00e9uni des leaders pour discuter de croissance \u00e9conomique, de d\u00e9veloppement urbain durable et de projets innovants. Des approches visionnaires et des solutions concr\u00e8tes ont mis en \u00e9vidence les multiples opportunit\u00e9s et d\u00e9fis qui caract\u00e9risent la r\u00e9gion de Zoug.\" \/>\n\t<meta name=\"robots\" content=\"max-image-preview:large\" \/>\n\t<meta name=\"author\" content=\"immovestuser\"\/>\n\t<meta name=\"google-site-verification\" content=\"fHJKvgWpZCR2zVBHWfkQeFXC11qieUSff0HGNYfuyLA\" \/>\n\t<link rel=\"canonical\" href=\"https:\/\/www.immo-invest.ch\/fr\/zukunftsperspektiven-beim-103-immotable-zug\/\" \/>\n\t<meta name=\"generator\" content=\"All in One SEO (AIOSEO) 5.0.1.1\" \/>\n\t\t<meta property=\"og:locale\" content=\"fr_FR\" \/>\n\t\t<meta property=\"og:site_name\" content=\"immo!nvest - Die Plattform f\u00fcr Standorte und Immobilien - Die\u00a0Plattform f\u00fcr Standorte und Immobilien\" \/>\n\t\t<meta property=\"og:type\" content=\"article\" \/>\n\t\t<meta property=\"og:title\" content=\"Perspectives d\u2019avenir lors de la 103e immoTable de Zoug - immo!nvest - Die Plattform f\u00fcr Standorte und Immobilien\" \/>\n\t\t<meta property=\"og:description\" content=\"La 103e immoTable de Zoug a r\u00e9uni des leaders pour discuter de croissance \u00e9conomique, de d\u00e9veloppement urbain durable et de projets innovants. Des approches visionnaires et des solutions concr\u00e8tes ont mis en \u00e9vidence les multiples opportunit\u00e9s et d\u00e9fis qui caract\u00e9risent la r\u00e9gion de Zoug.\" \/>\n\t\t<meta property=\"og:url\" content=\"https:\/\/www.immo-invest.ch\/fr\/zukunftsperspektiven-beim-103-immotable-zug\/\" \/>\n\t\t<meta property=\"og:image\" content=\"https:\/\/www.immo-invest.ch\/wp-content\/uploads\/2024\/12\/103_immoTable_Zug-25-e1733222474797.jpg\" \/>\n\t\t<meta property=\"og:image:secure_url\" content=\"https:\/\/www.immo-invest.ch\/wp-content\/uploads\/2024\/12\/103_immoTable_Zug-25-e1733222474797.jpg\" \/>\n\t\t<meta property=\"og:image:width\" content=\"1920\" \/>\n\t\t<meta property=\"og:image:height\" content=\"1280\" \/>\n\t\t<meta property=\"article:published_time\" content=\"2024-12-03T10:43:46+00:00\" \/>\n\t\t<meta property=\"article:modified_time\" content=\"2024-12-04T09:06:53+00:00\" \/>\n\t\t<meta property=\"article:publisher\" content=\"https:\/\/www.facebook.com\/people\/Immoinvest\/100077962920504\/\" \/>\n\t\t<meta name=\"twitter:card\" content=\"summary_large_image\" \/>\n\t\t<meta name=\"twitter:site\" content=\"@i\" \/>\n\t\t<meta name=\"twitter:title\" content=\"Perspectives d\u2019avenir lors de la 103e immoTable de Zoug - immo!nvest - Die Plattform f\u00fcr Standorte und Immobilien\" \/>\n\t\t<meta name=\"twitter:description\" content=\"La 103e immoTable de Zoug a r\u00e9uni des leaders pour discuter de croissance \u00e9conomique, de d\u00e9veloppement urbain durable et de projets innovants. Des approches visionnaires et des solutions concr\u00e8tes ont mis en \u00e9vidence les multiples opportunit\u00e9s et d\u00e9fis qui caract\u00e9risent la r\u00e9gion de Zoug.\" \/>\n\t\t<meta name=\"twitter:creator\" content=\"@i\" \/>\n\t\t<meta name=\"twitter:image\" content=\"https:\/\/www.immo-invest.ch\/wp-content\/uploads\/2024\/12\/103_immoTable_Zug-25-e1733222474797.jpg\" \/>\n\t\t<script type=\"application\/ld+json\" class=\"aioseo-schema\">\n\t\t\t{\"@context\":\"https:\\\/\\\/schema.org\",\"@graph\":[{\"@type\":\"BlogPosting\",\"@id\":\"https:\\\/\\\/www.immo-invest.ch\\\/fr\\\/zukunftsperspektiven-beim-103-immotable-zug\\\/#blogposting\",\"name\":\"Perspectives d\\u2019avenir lors de la 103e immoTable de Zoug - immo!nvest - Die Plattform f\\u00fcr Standorte und Immobilien\",\"headline\":\"Perspectives d&rsquo;avenir lors de la 103e immoTable de Zoug\",\"author\":{\"@id\":\"https:\\\/\\\/www.immo-invest.ch\\\/fr\\\/author\\\/immovestuser\\\/#author\"},\"publisher\":{\"@id\":\"https:\\\/\\\/www.immo-invest.ch\\\/fr\\\/#organization\"},\"image\":{\"@type\":\"ImageObject\",\"url\":\"https:\\\/\\\/www.immo-invest.ch\\\/wp-content\\\/uploads\\\/2024\\\/12\\\/103_immoTable_Zug-25-e1733222474797.jpg\",\"width\":1920,\"height\":1280},\"datePublished\":\"2024-12-03T11:43:46+01:00\",\"dateModified\":\"2024-12-04T10:06:53+01:00\",\"inLanguage\":\"fr-FR\",\"mainEntityOfPage\":{\"@id\":\"https:\\\/\\\/www.immo-invest.ch\\\/fr\\\/zukunftsperspektiven-beim-103-immotable-zug\\\/#webpage\"},\"isPartOf\":{\"@id\":\"https:\\\/\\\/www.immo-invest.ch\\\/fr\\\/zukunftsperspektiven-beim-103-immotable-zug\\\/#webpage\"},\"articleSection\":\"Durabilit\\u00e9, immoNews, Industrie du b\\u00e2timent, Promo, Zug, Energie, immobilien, immoNews, Nachhaltigkeit, News, Stadtentwicklung, Vision, Wachstum, Zug, Facultatif\"},{\"@type\":\"BreadcrumbList\",\"@id\":\"https:\\\/\\\/www.immo-invest.ch\\\/fr\\\/zukunftsperspektiven-beim-103-immotable-zug\\\/#breadcrumblist\",\"itemListElement\":[{\"@type\":\"ListItem\",\"@id\":\"https:\\\/\\\/www.immo-invest.ch\\\/fr\\\/#listItem\",\"position\":1,\"name\":\"Home\",\"item\":\"https:\\\/\\\/www.immo-invest.ch\\\/fr\\\/\",\"nextItem\":{\"@type\":\"ListItem\",\"@id\":\"https:\\\/\\\/www.immo-invest.ch\\\/fr\\\/categories\\\/regions\\\/#listItem\",\"name\":\"R\\u00e9gions\"}},{\"@type\":\"ListItem\",\"@id\":\"https:\\\/\\\/www.immo-invest.ch\\\/fr\\\/categories\\\/regions\\\/#listItem\",\"position\":2,\"name\":\"R\\u00e9gions\",\"item\":\"https:\\\/\\\/www.immo-invest.ch\\\/fr\\\/categories\\\/regions\\\/\",\"nextItem\":{\"@type\":\"ListItem\",\"@id\":\"https:\\\/\\\/www.immo-invest.ch\\\/fr\\\/categories\\\/regions\\\/suisse\\\/#listItem\",\"name\":\"Suisse\"},\"previousItem\":{\"@type\":\"ListItem\",\"@id\":\"https:\\\/\\\/www.immo-invest.ch\\\/fr\\\/#listItem\",\"name\":\"Home\"}},{\"@type\":\"ListItem\",\"@id\":\"https:\\\/\\\/www.immo-invest.ch\\\/fr\\\/categories\\\/regions\\\/suisse\\\/#listItem\",\"position\":3,\"name\":\"Suisse\",\"item\":\"https:\\\/\\\/www.immo-invest.ch\\\/fr\\\/categories\\\/regions\\\/suisse\\\/\",\"nextItem\":{\"@type\":\"ListItem\",\"@id\":\"https:\\\/\\\/www.immo-invest.ch\\\/fr\\\/categories\\\/regions\\\/suisse\\\/region-zentralschweiz\\\/#listItem\",\"name\":\"Zentralschweiz\"},\"previousItem\":{\"@type\":\"ListItem\",\"@id\":\"https:\\\/\\\/www.immo-invest.ch\\\/fr\\\/categories\\\/regions\\\/#listItem\",\"name\":\"R\\u00e9gions\"}},{\"@type\":\"ListItem\",\"@id\":\"https:\\\/\\\/www.immo-invest.ch\\\/fr\\\/categories\\\/regions\\\/suisse\\\/region-zentralschweiz\\\/#listItem\",\"position\":4,\"name\":\"Zentralschweiz\",\"item\":\"https:\\\/\\\/www.immo-invest.ch\\\/fr\\\/categories\\\/regions\\\/suisse\\\/region-zentralschweiz\\\/\",\"nextItem\":{\"@type\":\"ListItem\",\"@id\":\"https:\\\/\\\/www.immo-invest.ch\\\/fr\\\/categories\\\/regions\\\/suisse\\\/region-zentralschweiz\\\/region-zug\\\/#listItem\",\"name\":\"Zug\"},\"previousItem\":{\"@type\":\"ListItem\",\"@id\":\"https:\\\/\\\/www.immo-invest.ch\\\/fr\\\/categories\\\/regions\\\/suisse\\\/#listItem\",\"name\":\"Suisse\"}},{\"@type\":\"ListItem\",\"@id\":\"https:\\\/\\\/www.immo-invest.ch\\\/fr\\\/categories\\\/regions\\\/suisse\\\/region-zentralschweiz\\\/region-zug\\\/#listItem\",\"position\":5,\"name\":\"Zug\",\"item\":\"https:\\\/\\\/www.immo-invest.ch\\\/fr\\\/categories\\\/regions\\\/suisse\\\/region-zentralschweiz\\\/region-zug\\\/\",\"nextItem\":{\"@type\":\"ListItem\",\"@id\":\"https:\\\/\\\/www.immo-invest.ch\\\/fr\\\/zukunftsperspektiven-beim-103-immotable-zug\\\/#listItem\",\"name\":\"Perspectives d&rsquo;avenir lors de la 103e immoTable de Zoug\"},\"previousItem\":{\"@type\":\"ListItem\",\"@id\":\"https:\\\/\\\/www.immo-invest.ch\\\/fr\\\/categories\\\/regions\\\/suisse\\\/region-zentralschweiz\\\/#listItem\",\"name\":\"Zentralschweiz\"}},{\"@type\":\"ListItem\",\"@id\":\"https:\\\/\\\/www.immo-invest.ch\\\/fr\\\/zukunftsperspektiven-beim-103-immotable-zug\\\/#listItem\",\"position\":6,\"name\":\"Perspectives d&rsquo;avenir lors de la 103e immoTable de Zoug\",\"previousItem\":{\"@type\":\"ListItem\",\"@id\":\"https:\\\/\\\/www.immo-invest.ch\\\/fr\\\/categories\\\/regions\\\/suisse\\\/region-zentralschweiz\\\/region-zug\\\/#listItem\",\"name\":\"Zug\"}}]},{\"@type\":\"Organization\",\"@id\":\"https:\\\/\\\/www.immo-invest.ch\\\/fr\\\/#organization\",\"name\":\"immo!nvest - Die Plattform f\\u00fcr Standorte und Immobilien\",\"description\":\"Die\\u00a0Plattform f\\u00fcr Standorte und Immobilien\",\"url\":\"https:\\\/\\\/www.immo-invest.ch\\\/fr\\\/\",\"email\":\"admin@immomedia.ag\",\"telephone\":\"+41444420002\",\"logo\":{\"@type\":\"ImageObject\",\"url\":\"https:\\\/\\\/www.immo-invest.ch\\\/wp-content\\\/uploads\\\/2024\\\/09\\\/immoinvest_sm-scaled.jpg\",\"@id\":\"https:\\\/\\\/www.immo-invest.ch\\\/fr\\\/zukunftsperspektiven-beim-103-immotable-zug\\\/#organizationLogo\",\"width\":2560,\"height\":1340},\"image\":{\"@id\":\"https:\\\/\\\/www.immo-invest.ch\\\/fr\\\/zukunftsperspektiven-beim-103-immotable-zug\\\/#organizationLogo\"},\"sameAs\":[\"https:\\\/\\\/www.facebook.com\\\/people\\\/Immoinvest\\\/100077962920504\\\/\",\"https:\\\/\\\/x.com\\\/i\\\/flow\\\/login?redirect_after_login=immoinvest_ch\",\"https:\\\/\\\/www.instagram.com\\\/immoinvest_ch\\\/\",\"https:\\\/\\\/www.linkedin.com\\\/company\\\/immoinvest-swiss\"]},{\"@type\":\"Person\",\"@id\":\"https:\\\/\\\/www.immo-invest.ch\\\/fr\\\/author\\\/immovestuser\\\/#author\",\"url\":\"https:\\\/\\\/www.immo-invest.ch\\\/fr\\\/author\\\/immovestuser\\\/\",\"name\":\"immovestuser\",\"image\":{\"@type\":\"ImageObject\",\"@id\":\"https:\\\/\\\/www.immo-invest.ch\\\/fr\\\/zukunftsperspektiven-beim-103-immotable-zug\\\/#authorImage\",\"url\":\"https:\\\/\\\/secure.gravatar.com\\\/avatar\\\/8e01f4d99f2eeea7a362ebb93305e1172a70e9293ba250f897a65c39f54cdd1e?s=96&d=mm&r=g\",\"width\":96,\"height\":96,\"caption\":\"immovestuser\"}},{\"@type\":\"WebPage\",\"@id\":\"https:\\\/\\\/www.immo-invest.ch\\\/fr\\\/zukunftsperspektiven-beim-103-immotable-zug\\\/#webpage\",\"url\":\"https:\\\/\\\/www.immo-invest.ch\\\/fr\\\/zukunftsperspektiven-beim-103-immotable-zug\\\/\",\"name\":\"Perspectives d\\u2019avenir lors de la 103e immoTable de Zoug - immo!nvest - Die Plattform f\\u00fcr Standorte und Immobilien\",\"description\":\"La 103e immoTable de Zoug a r\\u00e9uni des leaders pour discuter de croissance \\u00e9conomique, de d\\u00e9veloppement urbain durable et de projets innovants. Des approches visionnaires et des solutions concr\\u00e8tes ont mis en \\u00e9vidence les multiples opportunit\\u00e9s et d\\u00e9fis qui caract\\u00e9risent la r\\u00e9gion de Zoug.\",\"inLanguage\":\"fr-FR\",\"isPartOf\":{\"@id\":\"https:\\\/\\\/www.immo-invest.ch\\\/fr\\\/#website\"},\"breadcrumb\":{\"@id\":\"https:\\\/\\\/www.immo-invest.ch\\\/fr\\\/zukunftsperspektiven-beim-103-immotable-zug\\\/#breadcrumblist\"},\"author\":{\"@id\":\"https:\\\/\\\/www.immo-invest.ch\\\/fr\\\/author\\\/immovestuser\\\/#author\"},\"creator\":{\"@id\":\"https:\\\/\\\/www.immo-invest.ch\\\/fr\\\/author\\\/immovestuser\\\/#author\"},\"image\":{\"@type\":\"ImageObject\",\"url\":\"https:\\\/\\\/www.immo-invest.ch\\\/wp-content\\\/uploads\\\/2024\\\/12\\\/103_immoTable_Zug-25-e1733222474797.jpg\",\"@id\":\"https:\\\/\\\/www.immo-invest.ch\\\/fr\\\/zukunftsperspektiven-beim-103-immotable-zug\\\/#mainImage\",\"width\":1920,\"height\":1280},\"primaryImageOfPage\":{\"@id\":\"https:\\\/\\\/www.immo-invest.ch\\\/fr\\\/zukunftsperspektiven-beim-103-immotable-zug\\\/#mainImage\"},\"datePublished\":\"2024-12-03T11:43:46+01:00\",\"dateModified\":\"2024-12-04T10:06:53+01:00\"},{\"@type\":\"WebSite\",\"@id\":\"https:\\\/\\\/www.immo-invest.ch\\\/fr\\\/#website\",\"url\":\"https:\\\/\\\/www.immo-invest.ch\\\/fr\\\/\",\"name\":\"immo!nvest - Die Plattform f\\u00fcr Standorte und Immobilien\",\"description\":\"Die\\u00a0Plattform f\\u00fcr Standorte und Immobilien\",\"inLanguage\":\"fr-FR\",\"publisher\":{\"@id\":\"https:\\\/\\\/www.immo-invest.ch\\\/fr\\\/#organization\"}}]}\n\t\t<\/script>\n\t\t<!-- All in One SEO -->\n\n","aioseo_head_json":{"title":"Perspectives d\u2019avenir lors de la 103e immoTable de Zoug - immo!nvest - Die Plattform f\u00fcr Standorte und Immobilien","description":"La 103e immoTable de Zoug a r\u00e9uni des leaders pour discuter de croissance \u00e9conomique, de d\u00e9veloppement urbain durable et de projets innovants. Des approches visionnaires et des solutions concr\u00e8tes ont mis en \u00e9vidence les multiples opportunit\u00e9s et d\u00e9fis qui caract\u00e9risent la r\u00e9gion de Zoug.","canonical_url":"https:\/\/www.immo-invest.ch\/fr\/zukunftsperspektiven-beim-103-immotable-zug\/","robots":"max-image-preview:large","keywords":"","webmasterTools":{"google-site-verification":"fHJKvgWpZCR2zVBHWfkQeFXC11qieUSff0HGNYfuyLA","miscellaneous":""},"schema":{"@context":"https:\/\/schema.org","@graph":[{"@type":"BlogPosting","@id":"https:\/\/www.immo-invest.ch\/fr\/zukunftsperspektiven-beim-103-immotable-zug\/#blogposting","name":"Perspectives d\u2019avenir lors de la 103e immoTable de Zoug - immo!nvest - Die Plattform f\u00fcr Standorte und Immobilien","headline":"Perspectives d&rsquo;avenir lors de la 103e immoTable de Zoug","author":{"@id":"https:\/\/www.immo-invest.ch\/fr\/author\/immovestuser\/#author"},"publisher":{"@id":"https:\/\/www.immo-invest.ch\/fr\/#organization"},"image":{"@type":"ImageObject","url":"https:\/\/www.immo-invest.ch\/wp-content\/uploads\/2024\/12\/103_immoTable_Zug-25-e1733222474797.jpg","width":1920,"height":1280},"datePublished":"2024-12-03T11:43:46+01:00","dateModified":"2024-12-04T10:06:53+01:00","inLanguage":"fr-FR","mainEntityOfPage":{"@id":"https:\/\/www.immo-invest.ch\/fr\/zukunftsperspektiven-beim-103-immotable-zug\/#webpage"},"isPartOf":{"@id":"https:\/\/www.immo-invest.ch\/fr\/zukunftsperspektiven-beim-103-immotable-zug\/#webpage"},"articleSection":"Durabilit\u00e9, immoNews, Industrie du b\u00e2timent, Promo, Zug, Energie, immobilien, immoNews, Nachhaltigkeit, News, Stadtentwicklung, Vision, Wachstum, Zug, Facultatif"},{"@type":"BreadcrumbList","@id":"https:\/\/www.immo-invest.ch\/fr\/zukunftsperspektiven-beim-103-immotable-zug\/#breadcrumblist","itemListElement":[{"@type":"ListItem","@id":"https:\/\/www.immo-invest.ch\/fr\/#listItem","position":1,"name":"Home","item":"https:\/\/www.immo-invest.ch\/fr\/","nextItem":{"@type":"ListItem","@id":"https:\/\/www.immo-invest.ch\/fr\/categories\/regions\/#listItem","name":"R\u00e9gions"}},{"@type":"ListItem","@id":"https:\/\/www.immo-invest.ch\/fr\/categories\/regions\/#listItem","position":2,"name":"R\u00e9gions","item":"https:\/\/www.immo-invest.ch\/fr\/categories\/regions\/","nextItem":{"@type":"ListItem","@id":"https:\/\/www.immo-invest.ch\/fr\/categories\/regions\/suisse\/#listItem","name":"Suisse"},"previousItem":{"@type":"ListItem","@id":"https:\/\/www.immo-invest.ch\/fr\/#listItem","name":"Home"}},{"@type":"ListItem","@id":"https:\/\/www.immo-invest.ch\/fr\/categories\/regions\/suisse\/#listItem","position":3,"name":"Suisse","item":"https:\/\/www.immo-invest.ch\/fr\/categories\/regions\/suisse\/","nextItem":{"@type":"ListItem","@id":"https:\/\/www.immo-invest.ch\/fr\/categories\/regions\/suisse\/region-zentralschweiz\/#listItem","name":"Zentralschweiz"},"previousItem":{"@type":"ListItem","@id":"https:\/\/www.immo-invest.ch\/fr\/categories\/regions\/#listItem","name":"R\u00e9gions"}},{"@type":"ListItem","@id":"https:\/\/www.immo-invest.ch\/fr\/categories\/regions\/suisse\/region-zentralschweiz\/#listItem","position":4,"name":"Zentralschweiz","item":"https:\/\/www.immo-invest.ch\/fr\/categories\/regions\/suisse\/region-zentralschweiz\/","nextItem":{"@type":"ListItem","@id":"https:\/\/www.immo-invest.ch\/fr\/categories\/regions\/suisse\/region-zentralschweiz\/region-zug\/#listItem","name":"Zug"},"previousItem":{"@type":"ListItem","@id":"https:\/\/www.immo-invest.ch\/fr\/categories\/regions\/suisse\/#listItem","name":"Suisse"}},{"@type":"ListItem","@id":"https:\/\/www.immo-invest.ch\/fr\/categories\/regions\/suisse\/region-zentralschweiz\/region-zug\/#listItem","position":5,"name":"Zug","item":"https:\/\/www.immo-invest.ch\/fr\/categories\/regions\/suisse\/region-zentralschweiz\/region-zug\/","nextItem":{"@type":"ListItem","@id":"https:\/\/www.immo-invest.ch\/fr\/zukunftsperspektiven-beim-103-immotable-zug\/#listItem","name":"Perspectives d&rsquo;avenir lors de la 103e immoTable de Zoug"},"previousItem":{"@type":"ListItem","@id":"https:\/\/www.immo-invest.ch\/fr\/categories\/regions\/suisse\/region-zentralschweiz\/#listItem","name":"Zentralschweiz"}},{"@type":"ListItem","@id":"https:\/\/www.immo-invest.ch\/fr\/zukunftsperspektiven-beim-103-immotable-zug\/#listItem","position":6,"name":"Perspectives d&rsquo;avenir lors de la 103e immoTable de Zoug","previousItem":{"@type":"ListItem","@id":"https:\/\/www.immo-invest.ch\/fr\/categories\/regions\/suisse\/region-zentralschweiz\/region-zug\/#listItem","name":"Zug"}}]},{"@type":"Organization","@id":"https:\/\/www.immo-invest.ch\/fr\/#organization","name":"immo!nvest - Die Plattform f\u00fcr Standorte und Immobilien","description":"Die\u00a0Plattform f\u00fcr Standorte und Immobilien","url":"https:\/\/www.immo-invest.ch\/fr\/","email":"admin@immomedia.ag","telephone":"+41444420002","logo":{"@type":"ImageObject","url":"https:\/\/www.immo-invest.ch\/wp-content\/uploads\/2024\/09\/immoinvest_sm-scaled.jpg","@id":"https:\/\/www.immo-invest.ch\/fr\/zukunftsperspektiven-beim-103-immotable-zug\/#organizationLogo","width":2560,"height":1340},"image":{"@id":"https:\/\/www.immo-invest.ch\/fr\/zukunftsperspektiven-beim-103-immotable-zug\/#organizationLogo"},"sameAs":["https:\/\/www.facebook.com\/people\/Immoinvest\/100077962920504\/","https:\/\/x.com\/i\/flow\/login?redirect_after_login=immoinvest_ch","https:\/\/www.instagram.com\/immoinvest_ch\/","https:\/\/www.linkedin.com\/company\/immoinvest-swiss"]},{"@type":"Person","@id":"https:\/\/www.immo-invest.ch\/fr\/author\/immovestuser\/#author","url":"https:\/\/www.immo-invest.ch\/fr\/author\/immovestuser\/","name":"immovestuser","image":{"@type":"ImageObject","@id":"https:\/\/www.immo-invest.ch\/fr\/zukunftsperspektiven-beim-103-immotable-zug\/#authorImage","url":"https:\/\/secure.gravatar.com\/avatar\/8e01f4d99f2eeea7a362ebb93305e1172a70e9293ba250f897a65c39f54cdd1e?s=96&d=mm&r=g","width":96,"height":96,"caption":"immovestuser"}},{"@type":"WebPage","@id":"https:\/\/www.immo-invest.ch\/fr\/zukunftsperspektiven-beim-103-immotable-zug\/#webpage","url":"https:\/\/www.immo-invest.ch\/fr\/zukunftsperspektiven-beim-103-immotable-zug\/","name":"Perspectives d\u2019avenir lors de la 103e immoTable de Zoug - immo!nvest - Die Plattform f\u00fcr Standorte und Immobilien","description":"La 103e immoTable de Zoug a r\u00e9uni des leaders pour discuter de croissance \u00e9conomique, de d\u00e9veloppement urbain durable et de projets innovants. Des approches visionnaires et des solutions concr\u00e8tes ont mis en \u00e9vidence les multiples opportunit\u00e9s et d\u00e9fis qui caract\u00e9risent la r\u00e9gion de Zoug.","inLanguage":"fr-FR","isPartOf":{"@id":"https:\/\/www.immo-invest.ch\/fr\/#website"},"breadcrumb":{"@id":"https:\/\/www.immo-invest.ch\/fr\/zukunftsperspektiven-beim-103-immotable-zug\/#breadcrumblist"},"author":{"@id":"https:\/\/www.immo-invest.ch\/fr\/author\/immovestuser\/#author"},"creator":{"@id":"https:\/\/www.immo-invest.ch\/fr\/author\/immovestuser\/#author"},"image":{"@type":"ImageObject","url":"https:\/\/www.immo-invest.ch\/wp-content\/uploads\/2024\/12\/103_immoTable_Zug-25-e1733222474797.jpg","@id":"https:\/\/www.immo-invest.ch\/fr\/zukunftsperspektiven-beim-103-immotable-zug\/#mainImage","width":1920,"height":1280},"primaryImageOfPage":{"@id":"https:\/\/www.immo-invest.ch\/fr\/zukunftsperspektiven-beim-103-immotable-zug\/#mainImage"},"datePublished":"2024-12-03T11:43:46+01:00","dateModified":"2024-12-04T10:06:53+01:00"},{"@type":"WebSite","@id":"https:\/\/www.immo-invest.ch\/fr\/#website","url":"https:\/\/www.immo-invest.ch\/fr\/","name":"immo!nvest - Die Plattform f\u00fcr Standorte und Immobilien","description":"Die\u00a0Plattform f\u00fcr Standorte und Immobilien","inLanguage":"fr-FR","publisher":{"@id":"https:\/\/www.immo-invest.ch\/fr\/#organization"}}]},"og:locale":"fr_FR","og:site_name":"immo!nvest - Die Plattform f\u00fcr Standorte und Immobilien - Die\u00a0Plattform f\u00fcr Standorte und Immobilien","og:type":"article","og:title":"Perspectives d\u2019avenir lors de la 103e immoTable de Zoug - immo!nvest - Die Plattform f\u00fcr Standorte und Immobilien","og:description":"La 103e immoTable de Zoug a r\u00e9uni des leaders pour discuter de croissance \u00e9conomique, de d\u00e9veloppement urbain durable et de projets innovants. Des approches visionnaires et des solutions concr\u00e8tes ont mis en \u00e9vidence les multiples opportunit\u00e9s et d\u00e9fis qui caract\u00e9risent la r\u00e9gion de Zoug.","og:url":"https:\/\/www.immo-invest.ch\/fr\/zukunftsperspektiven-beim-103-immotable-zug\/","og:image":"https:\/\/www.immo-invest.ch\/wp-content\/uploads\/2024\/12\/103_immoTable_Zug-25-e1733222474797.jpg","og:image:secure_url":"https:\/\/www.immo-invest.ch\/wp-content\/uploads\/2024\/12\/103_immoTable_Zug-25-e1733222474797.jpg","og:image:width":1920,"og:image:height":1280,"article:published_time":"2024-12-03T10:43:46+00:00","article:modified_time":"2024-12-04T09:06:53+00:00","article:publisher":"https:\/\/www.facebook.com\/people\/Immoinvest\/100077962920504\/","twitter:card":"summary_large_image","twitter:site":"@i","twitter:title":"Perspectives d\u2019avenir lors de la 103e immoTable de Zoug - immo!nvest - Die Plattform f\u00fcr Standorte und Immobilien","twitter:description":"La 103e immoTable de Zoug a r\u00e9uni des leaders pour discuter de croissance \u00e9conomique, de d\u00e9veloppement urbain durable et de projets innovants. Des approches visionnaires et des solutions concr\u00e8tes ont mis en \u00e9vidence les multiples opportunit\u00e9s et d\u00e9fis qui caract\u00e9risent la r\u00e9gion de Zoug.","twitter:creator":"@i","twitter:image":"https:\/\/www.immo-invest.ch\/wp-content\/uploads\/2024\/12\/103_immoTable_Zug-25-e1733222474797.jpg"},"aioseo_meta_data":{"post_id":"120850","title":null,"description":null,"keywords":null,"keyphrases":{"focus":{"keyphrase":"","score":0,"analysis":{"keyphraseInTitle":{"score":0,"maxScore":9,"error":1}}},"additional":[]},"primary_term":null,"canonical_url":null,"og_title":null,"og_description":null,"og_object_type":"default","og_image_type":"default","og_image_url":null,"og_image_width":null,"og_image_height":null,"og_image_custom_url":null,"og_image_custom_fields":null,"og_video":"","og_custom_url":null,"og_article_section":null,"og_article_tags":null,"twitter_use_og":false,"twitter_card":"default","twitter_image_type":"default","twitter_image_url":null,"twitter_image_custom_url":null,"twitter_image_custom_fields":null,"twitter_title":null,"twitter_description":null,"schema":{"blockGraphs":[],"customGraphs":[],"default":{"data":{"Article":[],"Course":[],"Dataset":[],"FAQPage":[],"Movie":[],"Person":[],"Product":[],"ProductReview":[],"Car":[],"Recipe":[],"Service":[],"SoftwareApplication":[],"WebPage":[]},"graphName":"BlogPosting","isEnabled":true},"graphs":[]},"schema_type":"default","schema_type_options":null,"pillar_content":false,"robots_default":true,"robots_noindex":false,"robots_noarchive":false,"robots_nosnippet":false,"robots_nofollow":false,"robots_noimageindex":false,"robots_noodp":false,"robots_notranslate":false,"robots_max_snippet":"-1","robots_max_videopreview":"-1","robots_max_imagepreview":"large","priority":null,"frequency":"default","local_seo":null,"breadcrumb_settings":null,"limit_modified_date":false,"ai":null,"created":"2024-12-04 08:25:11","updated":"2025-10-24 13:53:13","seo_analyzer_scan_date":null,"focus_keyword":null,"additional_keywords":null,"truseo_locale":null},"aioseo_breadcrumb":"<div class=\"aioseo-breadcrumbs\"><span class=\"aioseo-breadcrumb\">\n\t\t\t<a href=\"https:\/\/www.immo-invest.ch\/fr\/\" title=\"Home\">Home<\/a>\n\t\t<\/span><span class=\"aioseo-breadcrumb-separator\">&raquo;<\/span><span class=\"aioseo-breadcrumb\">\n\t\t\t<a href=\"https:\/\/www.immo-invest.ch\/fr\/categories\/regions\/\" title=\"R\u00e9gions\">R\u00e9gions<\/a>\n\t\t<\/span><span class=\"aioseo-breadcrumb-separator\">&raquo;<\/span><span class=\"aioseo-breadcrumb\">\n\t\t\t<a href=\"https:\/\/www.immo-invest.ch\/fr\/categories\/regions\/suisse\/\" title=\"Suisse\">Suisse<\/a>\n\t\t<\/span><span class=\"aioseo-breadcrumb-separator\">&raquo;<\/span><span class=\"aioseo-breadcrumb\">\n\t\t\t<a href=\"https:\/\/www.immo-invest.ch\/fr\/categories\/regions\/suisse\/region-zentralschweiz\/\" title=\"Zentralschweiz\">Zentralschweiz<\/a>\n\t\t<\/span><span class=\"aioseo-breadcrumb-separator\">&raquo;<\/span><span class=\"aioseo-breadcrumb\">\n\t\t\t<a href=\"https:\/\/www.immo-invest.ch\/fr\/categories\/regions\/suisse\/region-zentralschweiz\/region-zug\/\" title=\"Zug\">Zug<\/a>\n\t\t<\/span><span class=\"aioseo-breadcrumb-separator\">&raquo;<\/span><span class=\"aioseo-breadcrumb\">\n\t\t\tPerspectives d\u2019avenir lors de la 103e immoTable de Zoug\n\t\t<\/span><\/div>","aioseo_breadcrumb_json":[{"label":"Home","link":"https:\/\/www.immo-invest.ch\/fr\/"},{"label":"R\u00e9gions","link":"https:\/\/www.immo-invest.ch\/fr\/categories\/regions\/"},{"label":"Suisse","link":"https:\/\/www.immo-invest.ch\/fr\/categories\/regions\/suisse\/"},{"label":"Zentralschweiz","link":"https:\/\/www.immo-invest.ch\/fr\/categories\/regions\/suisse\/region-zentralschweiz\/"},{"label":"Zug","link":"https:\/\/www.immo-invest.ch\/fr\/categories\/regions\/suisse\/region-zentralschweiz\/region-zug\/"},{"label":"Perspectives d&rsquo;avenir lors de la 103e immoTable de Zoug","link":"https:\/\/www.immo-invest.ch\/fr\/zukunftsperspektiven-beim-103-immotable-zug\/"}],"featured_image_src":"https:\/\/www.immo-invest.ch\/wp-content\/uploads\/2024\/12\/103_immoTable_Zug-25-336x168.jpg","_links":{"self":[{"href":"https:\/\/www.immo-invest.ch\/fr\/wp-json\/wp\/v2\/posts\/120850","targetHints":{"allow":["GET"]}}],"collection":[{"href":"https:\/\/www.immo-invest.ch\/fr\/wp-json\/wp\/v2\/posts"}],"about":[{"href":"https:\/\/www.immo-invest.ch\/fr\/wp-json\/wp\/v2\/types\/post"}],"author":[{"embeddable":true,"href":"https:\/\/www.immo-invest.ch\/fr\/wp-json\/wp\/v2\/users\/2"}],"replies":[{"embeddable":true,"href":"https:\/\/www.immo-invest.ch\/fr\/wp-json\/wp\/v2\/comments?post=120850"}],"version-history":[{"count":0,"href":"https:\/\/www.immo-invest.ch\/fr\/wp-json\/wp\/v2\/posts\/120850\/revisions"}],"wp:featuredmedia":[{"embeddable":true,"href":"https:\/\/www.immo-invest.ch\/fr\/wp-json\/wp\/v2\/media\/120772"}],"wp:attachment":[{"href":"https:\/\/www.immo-invest.ch\/fr\/wp-json\/wp\/v2\/media?parent=120850"}],"wp:term":[{"taxonomy":"category","embeddable":true,"href":"https:\/\/www.immo-invest.ch\/fr\/wp-json\/wp\/v2\/categories?post=120850"},{"taxonomy":"post_tag","embeddable":true,"href":"https:\/\/www.immo-invest.ch\/fr\/wp-json\/wp\/v2\/tags?post=120850"}],"curies":[{"name":"wp","href":"https:\/\/api.w.org\/{rel}","templated":true}]}}