{"id":120702,"date":"2024-11-29T12:38:54","date_gmt":"2024-11-29T11:38:54","guid":{"rendered":"https:\/\/www.immo-invest.ch\/die-schulanlage-steig-wird-erweitert-und-modernisiert\/"},"modified":"2024-11-29T13:04:23","modified_gmt":"2024-11-29T12:04:23","slug":"die-schulanlage-steig-wird-erweitert-und-modernisiert","status":"publish","type":"post","link":"https:\/\/www.immo-invest.ch\/fr\/die-schulanlage-steig-wird-erweitert-und-modernisiert\/","title":{"rendered":"Le complexe scolaire Steig sera agrandi et modernis\u00e9"},"content":{"rendered":"<p class=\"wp-block-paragraph\">Le complexe scolaire Steig, la plus ancienne &eacute;cole primaire de Schaffhouse, est situ&eacute; dans le <span class=\"glossaryLink\" aria-describedby=\"tt\" data-cmtooltip=\"&lt;div class=glossaryItemTitle&gt;Quartier&lt;\/div&gt;&lt;div class=glossaryItemBody&gt;Amtliches, historisches, soziales oder stadtplanerisches Stadtviertel&lt;\/div&gt;\" data-mobile-support=\"0\" data-gt-translate-attributes='[{\"attribute\":\"data-cmtooltip\", \"format\":\"html\"}]' tabindex=\"0\" role=\"link\">quartier<\/span> nord-ouest de la ville, non loin de la vieille ville, et comprend plusieurs b&acirc;timents d&rsquo;&acirc;ges diff&eacute;rents. Le besoin de r&eacute;novation est consid&eacute;rable, car l&rsquo;infrastructure existante ne r&eacute;pond plus aux exigences modernes. Le gymnase, qui date de 1892, et la capacit&eacute; des locaux &agrave; accueillir le nombre croissant d&rsquo;&eacute;l&egrave;ves ne r&eacute;pondent plus aux besoins actuels.<\/p>\n\n\n\n\n\n<p class=\"wp-block-paragraph\">Pour r&eacute;pondre aux besoins futurs, la ville pr&eacute;voit de construire un nouveau b&acirc;timent sur le site existant. Celui-ci doit comprendre un nouveau gymnase simple, des salles de classe suppl&eacute;mentaires et des installations pour la garderie p&eacute;riscolaire. L&rsquo;extension fait partie d&rsquo;un concept de d&eacute;veloppement global pour les &eacute;coles primaires de la ville de Schaffhouse.<\/p>\n\n\n\n\n\n<p class=\"wp-block-paragraph\"><strong>Le projet gagnant et ses &eacute;l&eacute;ments<\/strong><br>Un concours de projets a d&eacute;sign&eacute; comme vainqueur le projet &laquo;&nbsp;cinque pi&nbsp;&raquo; du bureau d&rsquo;architectes Soppelsa Architekten GmbH et de Rosenmayr <span class=\"glossaryLink\" aria-describedby=\"tt\" data-cmtooltip=\"&lt;div class=glossaryItemTitle&gt;Landschaftsarchitektur&lt;\/div&gt;&lt;div class=glossaryItemBody&gt;Landschaftsarchitekten entwerfen und planen Frei-, Verkehrs- und Zwischen-r&auml;ume und leisten damit einen wesentlichen Beitrag zur Gestaltung von &ouml;ffentlichen und privaten Freir&auml;umen und zur Entwicklung der Landschaft&lt;\/div&gt;\" data-mobile-support=\"0\" data-gt-translate-attributes='[{\"attribute\":\"data-cmtooltip\", \"format\":\"html\"}]' tabindex=\"0\" role=\"link\">Landschaftsarchitektur<\/span> GmbH. Celui-ci divise habilement le programme demand&eacute; en cinq &eacute;l&eacute;ments qui, en tant qu&rsquo;ensemble, produisent une impression g&eacute;n&eacute;rale harmonieuse. Un nouveau b&acirc;timent de trois &eacute;tages avec un gymnase et des salles de classe constitue le c&oelig;ur du projet. L&rsquo;ancien observatoire est conserv&eacute; en tant qu&rsquo;objet ind&eacute;pendant.<\/p>\n\n\n\n\n\n<p class=\"wp-block-paragraph\">Le gymnase existant sera ramen&eacute; &agrave; sa structure historique afin de cr&eacute;er de l&rsquo;espace pour un nouveau pavillon destin&eacute; &agrave; la structure de jour et &agrave; la biblioth&egrave;que. Celui-ci deviendra le pivot central de l&rsquo;ensemble du complexe. Des r&eacute;affectations sont &eacute;galement pr&eacute;vues. La Trotte abritera d&eacute;sormais des locaux de stockage et des toilettes publiques au rez-de-chauss&eacute;e, ainsi que des salles de th&eacute;rapie &agrave; l&rsquo;&eacute;tage.<\/p>\n\n\n\n\n\n<p class=\"wp-block-paragraph\"><strong>R&eacute;am&eacute;nagement des espaces ext&eacute;rieurs<\/strong><br>Les b&acirc;timents ne seront pas les seuls &agrave; &ecirc;tre r&eacute;am&eacute;nag&eacute;s, les espaces ext&eacute;rieurs le seront &eacute;galement. Les qualit&eacute;s existantes seront d&eacute;velopp&eacute;es avec des interventions mod&eacute;r&eacute;es. L&rsquo;observatoire et le groupe d&rsquo;arbres de l&rsquo;aire de jeux seront conserv&eacute;s. Les aires de jeux et de sport seront r&eacute;am&eacute;nag&eacute;es afin de cr&eacute;er de l&rsquo;espace pour un terrain de jeu tous temps et un terrain en dur.<\/p>\n\n\n\n\n\n<p class=\"wp-block-paragraph\"><strong>Financement et approbation politique<\/strong><br>Le co&ucirc;t total du projet est estim&eacute; &agrave; 21,7 millions de francs. Cette somme comprend d&eacute;j&agrave; les co&ucirc;ts de planification approuv&eacute;s par le Grand Conseil de la ville. Apr&egrave;s les d&eacute;lib&eacute;rations du Grand Conseil de ville, le corps &eacute;lectoral se prononcera d&eacute;finitivement sur l&rsquo;extension du complexe scolaire Steig.<\/p>\n\n\n\n\n\n<p class=\"wp-block-paragraph\">Le projet &laquo;&nbsp;cinque pi&nbsp;&raquo; constitue une r&eacute;ponse d&rsquo;avenir aux exigences et aux d&eacute;fis croissants du secteur de l&rsquo;&eacute;ducation &agrave; Schaffhouse. Il allie modernit&eacute; et tradition dans une construction avanc&eacute;e et respectueuse des ressources, et cr&eacute;e des espaces d&rsquo;apprentissage et de vie vivants.<\/p>\n\n","protected":false},"excerpt":{"rendered":"<p>Le complexe scolaire Steig \u00e0 Schaffhouse est sur le point de faire l&rsquo;objet d&rsquo;une r\u00e9novation et d&rsquo;une extension compl\u00e8tes, pour lesquelles un cr\u00e9dit d&rsquo;investissement de 21,7 millions de francs a \u00e9t\u00e9 propos\u00e9. La population comp\u00e9tente a d\u00e9j\u00e0 donn\u00e9 son feu vert \u00e0 ce projet ambitieux. <\/p>\n","protected":false},"author":2,"featured_media":120652,"comment_status":"open","ping_status":"open","sticky":false,"template":"","format":"standard","meta":{"pmpro_default_level":"","inline_featured_image":false,"_monsterinsights_skip_tracking":false,"footnotes":""},"categories":[22357,9824,9652,22336],"tags":[3931,2225,2002,44413,2258,50865,46912],"class_list":["post-120702","post","type-post","status-publish","format-standard","has-post-thumbnail","hentry","category-industrie-du-batiment","category-nouvelle-construction","category-renovation","category-schaffhouse","tag-immonews-fr","tag-neubau-fr","tag-news-fr","tag-primarschule-fr","tag-schaffhausen-fr","tag-schulanlage-steig-fr","tag-schulerweiterung-fr","pmpro-has-access"],"acf":{"bild_mit_ki_erstellt_worden":[],"lead":"Le complexe scolaire Steig \u00e0 Schaffhouse est sur le point de faire l'objet d'une r\u00e9novation et d'une extension compl\u00e8tes, pour lesquelles un cr\u00e9dit d'investissement de 21,7 millions de francs a \u00e9t\u00e9 propos\u00e9. La population comp\u00e9tente a d\u00e9j\u00e0 donn\u00e9 son feu vert \u00e0 ce projet ambitieux. ","autor":"Quelle: Karin Ibach, Bild: zVg.","ort":"","bildunterschrift":"","bild_im_grid":false,"gallerie":"","newsim":""},"aioseo_notices":[],"aioseo_head":"\n\t\t<!-- All in One SEO 5.0.0.1 - aioseo.com -->\n\t<meta name=\"description\" content=\"Le complexe scolaire Steig \u00e0 Schaffhouse est sur le point de faire l&#039;objet d&#039;une r\u00e9novation et d&#039;une extension compl\u00e8tes, pour lesquelles un cr\u00e9dit d&#039;investissement de 21,7 millions de francs a \u00e9t\u00e9 propos\u00e9. La population comp\u00e9tente a d\u00e9j\u00e0 donn\u00e9 son feu vert \u00e0 ce projet ambitieux.\" \/>\n\t<meta name=\"robots\" content=\"max-image-preview:large\" \/>\n\t<meta name=\"author\" content=\"immovestuser\"\/>\n\t<meta name=\"google-site-verification\" content=\"fHJKvgWpZCR2zVBHWfkQeFXC11qieUSff0HGNYfuyLA\" \/>\n\t<link rel=\"canonical\" href=\"https:\/\/www.immo-invest.ch\/fr\/die-schulanlage-steig-wird-erweitert-und-modernisiert\/\" \/>\n\t<meta name=\"generator\" content=\"All in One SEO (AIOSEO) 5.0.0.1\" \/>\n\t\t<meta property=\"og:locale\" content=\"fr_FR\" \/>\n\t\t<meta property=\"og:site_name\" content=\"immo!nvest - Die Plattform f\u00fcr Standorte und Immobilien - Die\u00a0Plattform f\u00fcr Standorte und Immobilien\" \/>\n\t\t<meta property=\"og:type\" content=\"article\" \/>\n\t\t<meta property=\"og:title\" content=\"Le complexe scolaire Steig sera agrandi et modernis\u00e9 - immo!nvest - Die Plattform f\u00fcr Standorte und Immobilien\" \/>\n\t\t<meta property=\"og:description\" content=\"Le complexe scolaire Steig \u00e0 Schaffhouse est sur le point de faire l&#039;objet d&#039;une r\u00e9novation et d&#039;une extension compl\u00e8tes, pour lesquelles un cr\u00e9dit d&#039;investissement de 21,7 millions de francs a \u00e9t\u00e9 propos\u00e9. La population comp\u00e9tente a d\u00e9j\u00e0 donn\u00e9 son feu vert \u00e0 ce projet ambitieux.\" \/>\n\t\t<meta property=\"og:url\" content=\"https:\/\/www.immo-invest.ch\/fr\/die-schulanlage-steig-wird-erweitert-und-modernisiert\/\" \/>\n\t\t<meta property=\"og:image\" content=\"https:\/\/www.immo-invest.ch\/wp-content\/uploads\/2024\/11\/257819.jpg\" \/>\n\t\t<meta property=\"og:image:secure_url\" content=\"https:\/\/www.immo-invest.ch\/wp-content\/uploads\/2024\/11\/257819.jpg\" \/>\n\t\t<meta property=\"og:image:width\" content=\"1000\" \/>\n\t\t<meta property=\"og:image:height\" content=\"500\" \/>\n\t\t<meta property=\"article:published_time\" content=\"2024-11-29T11:38:54+00:00\" \/>\n\t\t<meta property=\"article:modified_time\" content=\"2024-11-29T12:04:23+00:00\" \/>\n\t\t<meta property=\"article:publisher\" content=\"https:\/\/www.facebook.com\/people\/Immoinvest\/100077962920504\/\" \/>\n\t\t<meta name=\"twitter:card\" content=\"summary_large_image\" \/>\n\t\t<meta name=\"twitter:site\" content=\"@i\" \/>\n\t\t<meta name=\"twitter:title\" content=\"Le complexe scolaire Steig sera agrandi et modernis\u00e9 - immo!nvest - Die Plattform f\u00fcr Standorte und Immobilien\" \/>\n\t\t<meta name=\"twitter:description\" content=\"Le complexe scolaire Steig \u00e0 Schaffhouse est sur le point de faire l&#039;objet d&#039;une r\u00e9novation et d&#039;une extension compl\u00e8tes, pour lesquelles un cr\u00e9dit d&#039;investissement de 21,7 millions de francs a \u00e9t\u00e9 propos\u00e9. La population comp\u00e9tente a d\u00e9j\u00e0 donn\u00e9 son feu vert \u00e0 ce projet ambitieux.\" \/>\n\t\t<meta name=\"twitter:creator\" content=\"@i\" \/>\n\t\t<meta name=\"twitter:image\" content=\"https:\/\/www.immo-invest.ch\/wp-content\/uploads\/2024\/11\/257819.jpg\" \/>\n\t\t<script type=\"application\/ld+json\" class=\"aioseo-schema\">\n\t\t\t{\"@context\":\"https:\\\/\\\/schema.org\",\"@graph\":[{\"@type\":\"BlogPosting\",\"@id\":\"https:\\\/\\\/www.immo-invest.ch\\\/fr\\\/die-schulanlage-steig-wird-erweitert-und-modernisiert\\\/#blogposting\",\"name\":\"Le complexe scolaire Steig sera agrandi et modernis\\u00e9 - immo!nvest - Die Plattform f\\u00fcr Standorte und Immobilien\",\"headline\":\"Le complexe scolaire Steig sera agrandi et modernis\\u00e9\",\"author\":{\"@id\":\"https:\\\/\\\/www.immo-invest.ch\\\/fr\\\/author\\\/immovestuser\\\/#author\"},\"publisher\":{\"@id\":\"https:\\\/\\\/www.immo-invest.ch\\\/fr\\\/#organization\"},\"image\":{\"@type\":\"ImageObject\",\"url\":\"https:\\\/\\\/www.immo-invest.ch\\\/wp-content\\\/uploads\\\/2024\\\/11\\\/257819.jpg\",\"width\":1000,\"height\":500},\"datePublished\":\"2024-11-29T12:38:54+01:00\",\"dateModified\":\"2024-11-29T13:04:23+01:00\",\"inLanguage\":\"fr-FR\",\"mainEntityOfPage\":{\"@id\":\"https:\\\/\\\/www.immo-invest.ch\\\/fr\\\/die-schulanlage-steig-wird-erweitert-und-modernisiert\\\/#webpage\"},\"isPartOf\":{\"@id\":\"https:\\\/\\\/www.immo-invest.ch\\\/fr\\\/die-schulanlage-steig-wird-erweitert-und-modernisiert\\\/#webpage\"},\"articleSection\":\"Industrie du b\\u00e2timent, Nouvelle construction, R\\u00e9novation, Schaffhouse, immoNews, Neubau, News, Primarschule, schaffhausen, Schulanlage Steig, Schulerweiterung, Facultatif\"},{\"@type\":\"BreadcrumbList\",\"@id\":\"https:\\\/\\\/www.immo-invest.ch\\\/fr\\\/die-schulanlage-steig-wird-erweitert-und-modernisiert\\\/#breadcrumblist\",\"itemListElement\":[{\"@type\":\"ListItem\",\"@id\":\"https:\\\/\\\/www.immo-invest.ch\\\/fr\\\/#listItem\",\"position\":1,\"name\":\"Home\",\"item\":\"https:\\\/\\\/www.immo-invest.ch\\\/fr\\\/\",\"nextItem\":{\"@type\":\"ListItem\",\"@id\":\"https:\\\/\\\/www.immo-invest.ch\\\/fr\\\/categories\\\/regions\\\/#listItem\",\"name\":\"R\\u00e9gions\"}},{\"@type\":\"ListItem\",\"@id\":\"https:\\\/\\\/www.immo-invest.ch\\\/fr\\\/categories\\\/regions\\\/#listItem\",\"position\":2,\"name\":\"R\\u00e9gions\",\"item\":\"https:\\\/\\\/www.immo-invest.ch\\\/fr\\\/categories\\\/regions\\\/\",\"nextItem\":{\"@type\":\"ListItem\",\"@id\":\"https:\\\/\\\/www.immo-invest.ch\\\/fr\\\/categories\\\/regions\\\/suisse\\\/#listItem\",\"name\":\"Suisse\"},\"previousItem\":{\"@type\":\"ListItem\",\"@id\":\"https:\\\/\\\/www.immo-invest.ch\\\/fr\\\/#listItem\",\"name\":\"Home\"}},{\"@type\":\"ListItem\",\"@id\":\"https:\\\/\\\/www.immo-invest.ch\\\/fr\\\/categories\\\/regions\\\/suisse\\\/#listItem\",\"position\":3,\"name\":\"Suisse\",\"item\":\"https:\\\/\\\/www.immo-invest.ch\\\/fr\\\/categories\\\/regions\\\/suisse\\\/\",\"nextItem\":{\"@type\":\"ListItem\",\"@id\":\"https:\\\/\\\/www.immo-invest.ch\\\/fr\\\/categories\\\/regions\\\/suisse\\\/suisse-orientale\\\/#listItem\",\"name\":\"Suisse orientale\"},\"previousItem\":{\"@type\":\"ListItem\",\"@id\":\"https:\\\/\\\/www.immo-invest.ch\\\/fr\\\/categories\\\/regions\\\/#listItem\",\"name\":\"R\\u00e9gions\"}},{\"@type\":\"ListItem\",\"@id\":\"https:\\\/\\\/www.immo-invest.ch\\\/fr\\\/categories\\\/regions\\\/suisse\\\/suisse-orientale\\\/#listItem\",\"position\":4,\"name\":\"Suisse orientale\",\"item\":\"https:\\\/\\\/www.immo-invest.ch\\\/fr\\\/categories\\\/regions\\\/suisse\\\/suisse-orientale\\\/\",\"nextItem\":{\"@type\":\"ListItem\",\"@id\":\"https:\\\/\\\/www.immo-invest.ch\\\/fr\\\/categories\\\/regions\\\/suisse\\\/suisse-orientale\\\/schaffhouse\\\/#listItem\",\"name\":\"Schaffhouse\"},\"previousItem\":{\"@type\":\"ListItem\",\"@id\":\"https:\\\/\\\/www.immo-invest.ch\\\/fr\\\/categories\\\/regions\\\/suisse\\\/#listItem\",\"name\":\"Suisse\"}},{\"@type\":\"ListItem\",\"@id\":\"https:\\\/\\\/www.immo-invest.ch\\\/fr\\\/categories\\\/regions\\\/suisse\\\/suisse-orientale\\\/schaffhouse\\\/#listItem\",\"position\":5,\"name\":\"Schaffhouse\",\"item\":\"https:\\\/\\\/www.immo-invest.ch\\\/fr\\\/categories\\\/regions\\\/suisse\\\/suisse-orientale\\\/schaffhouse\\\/\",\"nextItem\":{\"@type\":\"ListItem\",\"@id\":\"https:\\\/\\\/www.immo-invest.ch\\\/fr\\\/die-schulanlage-steig-wird-erweitert-und-modernisiert\\\/#listItem\",\"name\":\"Le complexe scolaire Steig sera agrandi et modernis\\u00e9\"},\"previousItem\":{\"@type\":\"ListItem\",\"@id\":\"https:\\\/\\\/www.immo-invest.ch\\\/fr\\\/categories\\\/regions\\\/suisse\\\/suisse-orientale\\\/#listItem\",\"name\":\"Suisse orientale\"}},{\"@type\":\"ListItem\",\"@id\":\"https:\\\/\\\/www.immo-invest.ch\\\/fr\\\/die-schulanlage-steig-wird-erweitert-und-modernisiert\\\/#listItem\",\"position\":6,\"name\":\"Le complexe scolaire Steig sera agrandi et modernis\\u00e9\",\"previousItem\":{\"@type\":\"ListItem\",\"@id\":\"https:\\\/\\\/www.immo-invest.ch\\\/fr\\\/categories\\\/regions\\\/suisse\\\/suisse-orientale\\\/schaffhouse\\\/#listItem\",\"name\":\"Schaffhouse\"}}]},{\"@type\":\"Organization\",\"@id\":\"https:\\\/\\\/www.immo-invest.ch\\\/fr\\\/#organization\",\"name\":\"immo!nvest - Die Plattform f\\u00fcr Standorte und Immobilien\",\"description\":\"Die\\u00a0Plattform f\\u00fcr Standorte und Immobilien\",\"url\":\"https:\\\/\\\/www.immo-invest.ch\\\/fr\\\/\",\"email\":\"admin@immomedia.ag\",\"telephone\":\"+41444420002\",\"logo\":{\"@type\":\"ImageObject\",\"url\":\"https:\\\/\\\/www.immo-invest.ch\\\/wp-content\\\/uploads\\\/2024\\\/09\\\/immoinvest_sm-scaled.jpg\",\"@id\":\"https:\\\/\\\/www.immo-invest.ch\\\/fr\\\/die-schulanlage-steig-wird-erweitert-und-modernisiert\\\/#organizationLogo\",\"width\":2560,\"height\":1340},\"image\":{\"@id\":\"https:\\\/\\\/www.immo-invest.ch\\\/fr\\\/die-schulanlage-steig-wird-erweitert-und-modernisiert\\\/#organizationLogo\"},\"sameAs\":[\"https:\\\/\\\/www.facebook.com\\\/people\\\/Immoinvest\\\/100077962920504\\\/\",\"https:\\\/\\\/x.com\\\/i\\\/flow\\\/login?redirect_after_login=immoinvest_ch\",\"https:\\\/\\\/www.instagram.com\\\/immoinvest_ch\\\/\",\"https:\\\/\\\/www.linkedin.com\\\/company\\\/immoinvest-swiss\"]},{\"@type\":\"Person\",\"@id\":\"https:\\\/\\\/www.immo-invest.ch\\\/fr\\\/author\\\/immovestuser\\\/#author\",\"url\":\"https:\\\/\\\/www.immo-invest.ch\\\/fr\\\/author\\\/immovestuser\\\/\",\"name\":\"immovestuser\",\"image\":{\"@type\":\"ImageObject\",\"@id\":\"https:\\\/\\\/www.immo-invest.ch\\\/fr\\\/die-schulanlage-steig-wird-erweitert-und-modernisiert\\\/#authorImage\",\"url\":\"https:\\\/\\\/secure.gravatar.com\\\/avatar\\\/8e01f4d99f2eeea7a362ebb93305e1172a70e9293ba250f897a65c39f54cdd1e?s=96&d=mm&r=g\",\"width\":96,\"height\":96,\"caption\":\"immovestuser\"}},{\"@type\":\"WebPage\",\"@id\":\"https:\\\/\\\/www.immo-invest.ch\\\/fr\\\/die-schulanlage-steig-wird-erweitert-und-modernisiert\\\/#webpage\",\"url\":\"https:\\\/\\\/www.immo-invest.ch\\\/fr\\\/die-schulanlage-steig-wird-erweitert-und-modernisiert\\\/\",\"name\":\"Le complexe scolaire Steig sera agrandi et modernis\\u00e9 - immo!nvest - Die Plattform f\\u00fcr Standorte und Immobilien\",\"description\":\"Le complexe scolaire Steig \\u00e0 Schaffhouse est sur le point de faire l'objet d'une r\\u00e9novation et d'une extension compl\\u00e8tes, pour lesquelles un cr\\u00e9dit d'investissement de 21,7 millions de francs a \\u00e9t\\u00e9 propos\\u00e9. La population comp\\u00e9tente a d\\u00e9j\\u00e0 donn\\u00e9 son feu vert \\u00e0 ce projet ambitieux.\",\"inLanguage\":\"fr-FR\",\"isPartOf\":{\"@id\":\"https:\\\/\\\/www.immo-invest.ch\\\/fr\\\/#website\"},\"breadcrumb\":{\"@id\":\"https:\\\/\\\/www.immo-invest.ch\\\/fr\\\/die-schulanlage-steig-wird-erweitert-und-modernisiert\\\/#breadcrumblist\"},\"author\":{\"@id\":\"https:\\\/\\\/www.immo-invest.ch\\\/fr\\\/author\\\/immovestuser\\\/#author\"},\"creator\":{\"@id\":\"https:\\\/\\\/www.immo-invest.ch\\\/fr\\\/author\\\/immovestuser\\\/#author\"},\"image\":{\"@type\":\"ImageObject\",\"url\":\"https:\\\/\\\/www.immo-invest.ch\\\/wp-content\\\/uploads\\\/2024\\\/11\\\/257819.jpg\",\"@id\":\"https:\\\/\\\/www.immo-invest.ch\\\/fr\\\/die-schulanlage-steig-wird-erweitert-und-modernisiert\\\/#mainImage\",\"width\":1000,\"height\":500},\"primaryImageOfPage\":{\"@id\":\"https:\\\/\\\/www.immo-invest.ch\\\/fr\\\/die-schulanlage-steig-wird-erweitert-und-modernisiert\\\/#mainImage\"},\"datePublished\":\"2024-11-29T12:38:54+01:00\",\"dateModified\":\"2024-11-29T13:04:23+01:00\"},{\"@type\":\"WebSite\",\"@id\":\"https:\\\/\\\/www.immo-invest.ch\\\/fr\\\/#website\",\"url\":\"https:\\\/\\\/www.immo-invest.ch\\\/fr\\\/\",\"name\":\"immo!nvest - Die Plattform f\\u00fcr Standorte und Immobilien\",\"description\":\"Die\\u00a0Plattform f\\u00fcr Standorte und Immobilien\",\"inLanguage\":\"fr-FR\",\"publisher\":{\"@id\":\"https:\\\/\\\/www.immo-invest.ch\\\/fr\\\/#organization\"}}]}\n\t\t<\/script>\n\t\t<!-- All in One SEO -->\n\n","aioseo_head_json":{"title":"Le complexe scolaire Steig sera agrandi et modernis\u00e9 - immo!nvest - Die Plattform f\u00fcr Standorte und Immobilien","description":"Le complexe scolaire Steig \u00e0 Schaffhouse est sur le point de faire l'objet d'une r\u00e9novation et d'une extension compl\u00e8tes, pour lesquelles un cr\u00e9dit d'investissement de 21,7 millions de francs a \u00e9t\u00e9 propos\u00e9. La population comp\u00e9tente a d\u00e9j\u00e0 donn\u00e9 son feu vert \u00e0 ce projet ambitieux.","canonical_url":"https:\/\/www.immo-invest.ch\/fr\/die-schulanlage-steig-wird-erweitert-und-modernisiert\/","robots":"max-image-preview:large","keywords":"","webmasterTools":{"google-site-verification":"fHJKvgWpZCR2zVBHWfkQeFXC11qieUSff0HGNYfuyLA","miscellaneous":""},"schema":{"@context":"https:\/\/schema.org","@graph":[{"@type":"BlogPosting","@id":"https:\/\/www.immo-invest.ch\/fr\/die-schulanlage-steig-wird-erweitert-und-modernisiert\/#blogposting","name":"Le complexe scolaire Steig sera agrandi et modernis\u00e9 - immo!nvest - Die Plattform f\u00fcr Standorte und Immobilien","headline":"Le complexe scolaire Steig sera agrandi et modernis\u00e9","author":{"@id":"https:\/\/www.immo-invest.ch\/fr\/author\/immovestuser\/#author"},"publisher":{"@id":"https:\/\/www.immo-invest.ch\/fr\/#organization"},"image":{"@type":"ImageObject","url":"https:\/\/www.immo-invest.ch\/wp-content\/uploads\/2024\/11\/257819.jpg","width":1000,"height":500},"datePublished":"2024-11-29T12:38:54+01:00","dateModified":"2024-11-29T13:04:23+01:00","inLanguage":"fr-FR","mainEntityOfPage":{"@id":"https:\/\/www.immo-invest.ch\/fr\/die-schulanlage-steig-wird-erweitert-und-modernisiert\/#webpage"},"isPartOf":{"@id":"https:\/\/www.immo-invest.ch\/fr\/die-schulanlage-steig-wird-erweitert-und-modernisiert\/#webpage"},"articleSection":"Industrie du b\u00e2timent, Nouvelle construction, R\u00e9novation, Schaffhouse, immoNews, Neubau, News, Primarschule, schaffhausen, Schulanlage Steig, Schulerweiterung, Facultatif"},{"@type":"BreadcrumbList","@id":"https:\/\/www.immo-invest.ch\/fr\/die-schulanlage-steig-wird-erweitert-und-modernisiert\/#breadcrumblist","itemListElement":[{"@type":"ListItem","@id":"https:\/\/www.immo-invest.ch\/fr\/#listItem","position":1,"name":"Home","item":"https:\/\/www.immo-invest.ch\/fr\/","nextItem":{"@type":"ListItem","@id":"https:\/\/www.immo-invest.ch\/fr\/categories\/regions\/#listItem","name":"R\u00e9gions"}},{"@type":"ListItem","@id":"https:\/\/www.immo-invest.ch\/fr\/categories\/regions\/#listItem","position":2,"name":"R\u00e9gions","item":"https:\/\/www.immo-invest.ch\/fr\/categories\/regions\/","nextItem":{"@type":"ListItem","@id":"https:\/\/www.immo-invest.ch\/fr\/categories\/regions\/suisse\/#listItem","name":"Suisse"},"previousItem":{"@type":"ListItem","@id":"https:\/\/www.immo-invest.ch\/fr\/#listItem","name":"Home"}},{"@type":"ListItem","@id":"https:\/\/www.immo-invest.ch\/fr\/categories\/regions\/suisse\/#listItem","position":3,"name":"Suisse","item":"https:\/\/www.immo-invest.ch\/fr\/categories\/regions\/suisse\/","nextItem":{"@type":"ListItem","@id":"https:\/\/www.immo-invest.ch\/fr\/categories\/regions\/suisse\/suisse-orientale\/#listItem","name":"Suisse orientale"},"previousItem":{"@type":"ListItem","@id":"https:\/\/www.immo-invest.ch\/fr\/categories\/regions\/#listItem","name":"R\u00e9gions"}},{"@type":"ListItem","@id":"https:\/\/www.immo-invest.ch\/fr\/categories\/regions\/suisse\/suisse-orientale\/#listItem","position":4,"name":"Suisse orientale","item":"https:\/\/www.immo-invest.ch\/fr\/categories\/regions\/suisse\/suisse-orientale\/","nextItem":{"@type":"ListItem","@id":"https:\/\/www.immo-invest.ch\/fr\/categories\/regions\/suisse\/suisse-orientale\/schaffhouse\/#listItem","name":"Schaffhouse"},"previousItem":{"@type":"ListItem","@id":"https:\/\/www.immo-invest.ch\/fr\/categories\/regions\/suisse\/#listItem","name":"Suisse"}},{"@type":"ListItem","@id":"https:\/\/www.immo-invest.ch\/fr\/categories\/regions\/suisse\/suisse-orientale\/schaffhouse\/#listItem","position":5,"name":"Schaffhouse","item":"https:\/\/www.immo-invest.ch\/fr\/categories\/regions\/suisse\/suisse-orientale\/schaffhouse\/","nextItem":{"@type":"ListItem","@id":"https:\/\/www.immo-invest.ch\/fr\/die-schulanlage-steig-wird-erweitert-und-modernisiert\/#listItem","name":"Le complexe scolaire Steig sera agrandi et modernis\u00e9"},"previousItem":{"@type":"ListItem","@id":"https:\/\/www.immo-invest.ch\/fr\/categories\/regions\/suisse\/suisse-orientale\/#listItem","name":"Suisse orientale"}},{"@type":"ListItem","@id":"https:\/\/www.immo-invest.ch\/fr\/die-schulanlage-steig-wird-erweitert-und-modernisiert\/#listItem","position":6,"name":"Le complexe scolaire Steig sera agrandi et modernis\u00e9","previousItem":{"@type":"ListItem","@id":"https:\/\/www.immo-invest.ch\/fr\/categories\/regions\/suisse\/suisse-orientale\/schaffhouse\/#listItem","name":"Schaffhouse"}}]},{"@type":"Organization","@id":"https:\/\/www.immo-invest.ch\/fr\/#organization","name":"immo!nvest - Die Plattform f\u00fcr Standorte und Immobilien","description":"Die\u00a0Plattform f\u00fcr Standorte und Immobilien","url":"https:\/\/www.immo-invest.ch\/fr\/","email":"admin@immomedia.ag","telephone":"+41444420002","logo":{"@type":"ImageObject","url":"https:\/\/www.immo-invest.ch\/wp-content\/uploads\/2024\/09\/immoinvest_sm-scaled.jpg","@id":"https:\/\/www.immo-invest.ch\/fr\/die-schulanlage-steig-wird-erweitert-und-modernisiert\/#organizationLogo","width":2560,"height":1340},"image":{"@id":"https:\/\/www.immo-invest.ch\/fr\/die-schulanlage-steig-wird-erweitert-und-modernisiert\/#organizationLogo"},"sameAs":["https:\/\/www.facebook.com\/people\/Immoinvest\/100077962920504\/","https:\/\/x.com\/i\/flow\/login?redirect_after_login=immoinvest_ch","https:\/\/www.instagram.com\/immoinvest_ch\/","https:\/\/www.linkedin.com\/company\/immoinvest-swiss"]},{"@type":"Person","@id":"https:\/\/www.immo-invest.ch\/fr\/author\/immovestuser\/#author","url":"https:\/\/www.immo-invest.ch\/fr\/author\/immovestuser\/","name":"immovestuser","image":{"@type":"ImageObject","@id":"https:\/\/www.immo-invest.ch\/fr\/die-schulanlage-steig-wird-erweitert-und-modernisiert\/#authorImage","url":"https:\/\/secure.gravatar.com\/avatar\/8e01f4d99f2eeea7a362ebb93305e1172a70e9293ba250f897a65c39f54cdd1e?s=96&d=mm&r=g","width":96,"height":96,"caption":"immovestuser"}},{"@type":"WebPage","@id":"https:\/\/www.immo-invest.ch\/fr\/die-schulanlage-steig-wird-erweitert-und-modernisiert\/#webpage","url":"https:\/\/www.immo-invest.ch\/fr\/die-schulanlage-steig-wird-erweitert-und-modernisiert\/","name":"Le complexe scolaire Steig sera agrandi et modernis\u00e9 - immo!nvest - Die Plattform f\u00fcr Standorte und Immobilien","description":"Le complexe scolaire Steig \u00e0 Schaffhouse est sur le point de faire l'objet d'une r\u00e9novation et d'une extension compl\u00e8tes, pour lesquelles un cr\u00e9dit d'investissement de 21,7 millions de francs a \u00e9t\u00e9 propos\u00e9. La population comp\u00e9tente a d\u00e9j\u00e0 donn\u00e9 son feu vert \u00e0 ce projet ambitieux.","inLanguage":"fr-FR","isPartOf":{"@id":"https:\/\/www.immo-invest.ch\/fr\/#website"},"breadcrumb":{"@id":"https:\/\/www.immo-invest.ch\/fr\/die-schulanlage-steig-wird-erweitert-und-modernisiert\/#breadcrumblist"},"author":{"@id":"https:\/\/www.immo-invest.ch\/fr\/author\/immovestuser\/#author"},"creator":{"@id":"https:\/\/www.immo-invest.ch\/fr\/author\/immovestuser\/#author"},"image":{"@type":"ImageObject","url":"https:\/\/www.immo-invest.ch\/wp-content\/uploads\/2024\/11\/257819.jpg","@id":"https:\/\/www.immo-invest.ch\/fr\/die-schulanlage-steig-wird-erweitert-und-modernisiert\/#mainImage","width":1000,"height":500},"primaryImageOfPage":{"@id":"https:\/\/www.immo-invest.ch\/fr\/die-schulanlage-steig-wird-erweitert-und-modernisiert\/#mainImage"},"datePublished":"2024-11-29T12:38:54+01:00","dateModified":"2024-11-29T13:04:23+01:00"},{"@type":"WebSite","@id":"https:\/\/www.immo-invest.ch\/fr\/#website","url":"https:\/\/www.immo-invest.ch\/fr\/","name":"immo!nvest - Die Plattform f\u00fcr Standorte und Immobilien","description":"Die\u00a0Plattform f\u00fcr Standorte und Immobilien","inLanguage":"fr-FR","publisher":{"@id":"https:\/\/www.immo-invest.ch\/fr\/#organization"}}]},"og:locale":"fr_FR","og:site_name":"immo!nvest - Die Plattform f\u00fcr Standorte und Immobilien - Die\u00a0Plattform f\u00fcr Standorte und Immobilien","og:type":"article","og:title":"Le complexe scolaire Steig sera agrandi et modernis\u00e9 - immo!nvest - Die Plattform f\u00fcr Standorte und Immobilien","og:description":"Le complexe scolaire Steig \u00e0 Schaffhouse est sur le point de faire l'objet d'une r\u00e9novation et d'une extension compl\u00e8tes, pour lesquelles un cr\u00e9dit d'investissement de 21,7 millions de francs a \u00e9t\u00e9 propos\u00e9. La population comp\u00e9tente a d\u00e9j\u00e0 donn\u00e9 son feu vert \u00e0 ce projet ambitieux.","og:url":"https:\/\/www.immo-invest.ch\/fr\/die-schulanlage-steig-wird-erweitert-und-modernisiert\/","og:image":"https:\/\/www.immo-invest.ch\/wp-content\/uploads\/2024\/11\/257819.jpg","og:image:secure_url":"https:\/\/www.immo-invest.ch\/wp-content\/uploads\/2024\/11\/257819.jpg","og:image:width":1000,"og:image:height":500,"article:published_time":"2024-11-29T11:38:54+00:00","article:modified_time":"2024-11-29T12:04:23+00:00","article:publisher":"https:\/\/www.facebook.com\/people\/Immoinvest\/100077962920504\/","twitter:card":"summary_large_image","twitter:site":"@i","twitter:title":"Le complexe scolaire Steig sera agrandi et modernis\u00e9 - immo!nvest - Die Plattform f\u00fcr Standorte und Immobilien","twitter:description":"Le complexe scolaire Steig \u00e0 Schaffhouse est sur le point de faire l'objet d'une r\u00e9novation et d'une extension compl\u00e8tes, pour lesquelles un cr\u00e9dit d'investissement de 21,7 millions de francs a \u00e9t\u00e9 propos\u00e9. La population comp\u00e9tente a d\u00e9j\u00e0 donn\u00e9 son feu vert \u00e0 ce projet ambitieux.","twitter:creator":"@i","twitter:image":"https:\/\/www.immo-invest.ch\/wp-content\/uploads\/2024\/11\/257819.jpg"},"aioseo_meta_data":{"post_id":"120702","title":null,"description":null,"keywords":null,"keyphrases":{"focus":{"keyphrase":"","score":0,"analysis":{"keyphraseInTitle":{"score":0,"maxScore":9,"error":1}}},"additional":[]},"primary_term":null,"canonical_url":null,"og_title":null,"og_description":null,"og_object_type":"default","og_image_type":"default","og_image_url":null,"og_image_width":null,"og_image_height":null,"og_image_custom_url":null,"og_image_custom_fields":null,"og_video":"","og_custom_url":null,"og_article_section":null,"og_article_tags":null,"twitter_use_og":false,"twitter_card":"default","twitter_image_type":"default","twitter_image_url":null,"twitter_image_custom_url":null,"twitter_image_custom_fields":null,"twitter_title":null,"twitter_description":null,"schema":{"blockGraphs":[],"customGraphs":[],"default":{"data":{"Article":[],"Course":[],"Dataset":[],"FAQPage":[],"Movie":[],"Person":[],"Product":[],"ProductReview":[],"Car":[],"Recipe":[],"Service":[],"SoftwareApplication":[],"WebPage":[]},"graphName":"BlogPosting","isEnabled":true},"graphs":[]},"schema_type":"default","schema_type_options":null,"pillar_content":false,"robots_default":true,"robots_noindex":false,"robots_noarchive":false,"robots_nosnippet":false,"robots_nofollow":false,"robots_noimageindex":false,"robots_noodp":false,"robots_notranslate":false,"robots_max_snippet":"-1","robots_max_videopreview":"-1","robots_max_imagepreview":"large","priority":null,"frequency":"default","local_seo":null,"breadcrumb_settings":null,"limit_modified_date":false,"ai":null,"created":"2024-11-29 11:51:15","updated":"2025-10-24 13:47:01","seo_analyzer_scan_date":null,"focus_keyword":null,"additional_keywords":null,"truseo_locale":null},"aioseo_breadcrumb":"<div class=\"aioseo-breadcrumbs\"><span class=\"aioseo-breadcrumb\">\n\t\t\t<a href=\"https:\/\/www.immo-invest.ch\/fr\/\" title=\"Home\">Home<\/a>\n\t\t<\/span><span class=\"aioseo-breadcrumb-separator\">&raquo;<\/span><span class=\"aioseo-breadcrumb\">\n\t\t\t<a href=\"https:\/\/www.immo-invest.ch\/fr\/categories\/regions\/\" title=\"R\u00e9gions\">R\u00e9gions<\/a>\n\t\t<\/span><span class=\"aioseo-breadcrumb-separator\">&raquo;<\/span><span class=\"aioseo-breadcrumb\">\n\t\t\t<a href=\"https:\/\/www.immo-invest.ch\/fr\/categories\/regions\/suisse\/\" title=\"Suisse\">Suisse<\/a>\n\t\t<\/span><span class=\"aioseo-breadcrumb-separator\">&raquo;<\/span><span class=\"aioseo-breadcrumb\">\n\t\t\t<a href=\"https:\/\/www.immo-invest.ch\/fr\/categories\/regions\/suisse\/suisse-orientale\/\" title=\"Suisse orientale\">Suisse orientale<\/a>\n\t\t<\/span><span class=\"aioseo-breadcrumb-separator\">&raquo;<\/span><span class=\"aioseo-breadcrumb\">\n\t\t\t<a href=\"https:\/\/www.immo-invest.ch\/fr\/categories\/regions\/suisse\/suisse-orientale\/schaffhouse\/\" title=\"Schaffhouse\">Schaffhouse<\/a>\n\t\t<\/span><span class=\"aioseo-breadcrumb-separator\">&raquo;<\/span><span class=\"aioseo-breadcrumb\">\n\t\t\tLe complexe scolaire Steig sera agrandi et modernis\u00e9\n\t\t<\/span><\/div>","aioseo_breadcrumb_json":[{"label":"Home","link":"https:\/\/www.immo-invest.ch\/fr\/"},{"label":"R\u00e9gions","link":"https:\/\/www.immo-invest.ch\/fr\/categories\/regions\/"},{"label":"Suisse","link":"https:\/\/www.immo-invest.ch\/fr\/categories\/regions\/suisse\/"},{"label":"Suisse orientale","link":"https:\/\/www.immo-invest.ch\/fr\/categories\/regions\/suisse\/suisse-orientale\/"},{"label":"Schaffhouse","link":"https:\/\/www.immo-invest.ch\/fr\/categories\/regions\/suisse\/suisse-orientale\/schaffhouse\/"},{"label":"Le complexe scolaire Steig sera agrandi et modernis\u00e9","link":"https:\/\/www.immo-invest.ch\/fr\/die-schulanlage-steig-wird-erweitert-und-modernisiert\/"}],"featured_image_src":"https:\/\/www.immo-invest.ch\/wp-content\/uploads\/2024\/11\/257819-336x168.jpg","_links":{"self":[{"href":"https:\/\/www.immo-invest.ch\/fr\/wp-json\/wp\/v2\/posts\/120702","targetHints":{"allow":["GET"]}}],"collection":[{"href":"https:\/\/www.immo-invest.ch\/fr\/wp-json\/wp\/v2\/posts"}],"about":[{"href":"https:\/\/www.immo-invest.ch\/fr\/wp-json\/wp\/v2\/types\/post"}],"author":[{"embeddable":true,"href":"https:\/\/www.immo-invest.ch\/fr\/wp-json\/wp\/v2\/users\/2"}],"replies":[{"embeddable":true,"href":"https:\/\/www.immo-invest.ch\/fr\/wp-json\/wp\/v2\/comments?post=120702"}],"version-history":[{"count":0,"href":"https:\/\/www.immo-invest.ch\/fr\/wp-json\/wp\/v2\/posts\/120702\/revisions"}],"wp:featuredmedia":[{"embeddable":true,"href":"https:\/\/www.immo-invest.ch\/fr\/wp-json\/wp\/v2\/media\/120652"}],"wp:attachment":[{"href":"https:\/\/www.immo-invest.ch\/fr\/wp-json\/wp\/v2\/media?parent=120702"}],"wp:term":[{"taxonomy":"category","embeddable":true,"href":"https:\/\/www.immo-invest.ch\/fr\/wp-json\/wp\/v2\/categories?post=120702"},{"taxonomy":"post_tag","embeddable":true,"href":"https:\/\/www.immo-invest.ch\/fr\/wp-json\/wp\/v2\/tags?post=120702"}],"curies":[{"name":"wp","href":"https:\/\/api.w.org\/{rel}","templated":true}]}}