{"id":120143,"date":"2024-11-25T12:15:36","date_gmt":"2024-11-25T11:15:36","guid":{"rendered":"https:\/\/www.immo-invest.ch\/62-treffen-des-ewr-im-europaeischen-wirtschaftsraums\/"},"modified":"2024-11-25T12:29:26","modified_gmt":"2024-11-25T11:29:26","slug":"62-treffen-des-ewr-im-europaeischen-wirtschaftsraums","status":"publish","type":"post","link":"https:\/\/www.immo-invest.ch\/fr\/62-treffen-des-ewr-im-europaeischen-wirtschaftsraums\/","title":{"rendered":"62. R\u00e9union de l&rsquo;EEE dans l&rsquo;Espace \u00e9conomique europ\u00e9en"},"content":{"rendered":"<p class=\"wp-block-paragraph\">Le Comit&eacute; parlementaire mixte de l&rsquo;EEE sert de plate-forme d&rsquo;&eacute;change entre les parlements des &Eacute;tats de l&rsquo;EEE\/AELE (Norv&egrave;ge, Islande et Liechtenstein) et de l&rsquo;UE. La Suisse, membre de l&rsquo;AELE mais pas de l&rsquo;EEE, joue un r&ocirc;le d&rsquo;observateur au sein de cet organe. Cela permet &agrave; la d&eacute;l&eacute;gation suisse de suivre les d&eacute;veloppements importants au sein de l&rsquo;EEE et de participer activement aux d&eacute;bats sur les questions de politique &eacute;trang&egrave;re et &eacute;conomique.<\/p>\n\n\n\n\n\n<p class=\"wp-block-paragraph\"><strong>Point fort des discussions<br><\/strong>Les d&eacute;veloppements actuels au sein de l&rsquo;Espace &eacute;conomique europ&eacute;en seront au centre de la rencontre. Il s&rsquo;agit notamment du fonctionnement de l&rsquo;accord EEE, de la s&eacute;curit&eacute; et de la comp&eacute;titivit&eacute; de l&rsquo;Europe, ainsi que des priorit&eacute;s en mati&egrave;re de subventions de l&rsquo;EEE et de la Norv&egrave;ge visant &agrave; r&eacute;duire les in&eacute;galit&eacute;s sociales et &eacute;conomiques. L&rsquo;accent sera &eacute;galement mis sur les relations entre la Suisse et l&rsquo;Union europ&eacute;enne, sur lesquelles la d&eacute;l&eacute;gation suisse informera le Comit&eacute;.<\/p>\n\n\n\n\n\n<p class=\"wp-block-paragraph\"><strong>D&eacute;l&eacute;gation suisse<br><\/strong>La d&eacute;l&eacute;gation AELE\/UE sera repr&eacute;sent&eacute;e par le conseiller national Thomas Aeschi (UDC, ZG) en tant que pr&eacute;sident, le conseiller aux &Eacute;tats Damian M&uuml;ller (PRD, LU) en tant que vice-pr&eacute;sident, ainsi que les conseillers nationaux Hans-Peter Portmann (PRD, ZH) et Nicolas Walder (Verts, GE).<\/p>\n\n\n\n\n\n<p class=\"wp-block-paragraph\"><strong>Importance pour la Suisse<br><\/strong>La participation au Comit&eacute; permet &agrave; la Suisse de se tenir inform&eacute;e des d&eacute;veloppements europ&eacute;ens et d&rsquo;entretenir des contacts importants. Dans les domaines de la comp&eacute;titivit&eacute; et de la coop&eacute;ration internationale en particulier, le r&ocirc;le d&rsquo;observateur offre un aper&ccedil;u pr&eacute;cieux de th&egrave;mes qui sont &eacute;galement d&rsquo;une importance capitale pour la Suisse.<\/p>\n\n\n\n\n\n<p class=\"wp-block-paragraph\">La r&eacute;union d&rsquo;Oslo renforce les liens entre la Suisse et les pays de l&rsquo;EEE ainsi que l&rsquo;UE. Le r&ocirc;le d&rsquo;observateur de la Suisse souligne l&rsquo;importance de l&rsquo;EEE pour la politique &eacute;trang&egrave;re et &eacute;conomique suisse et permet de participer &agrave; des d&eacute;bats pertinents.<\/p>\n\n","protected":false},"excerpt":{"rendered":"<p>Les 21 et 22 novembre 2024, la d\u00e9l\u00e9gation AELE-UE de la Suisse participera \u00e0 la 62e r\u00e9union du Comit\u00e9 parlementaire mixte de l&rsquo;Espace \u00e9conomique europ\u00e9en (EEE) \u00e0 Oslo. L&rsquo;accent sera mis sur la comp\u00e9titivit\u00e9 de l&rsquo;Europe, l&rsquo;accord sur l&rsquo;EEE et les relations entre la Suisse et l&rsquo;UE.<\/p>\n","protected":false},"author":2,"featured_media":120136,"comment_status":"open","ping_status":"open","sticky":false,"template":"","format":"standard","meta":{"pmpro_default_level":"","inline_featured_image":false,"_monsterinsights_skip_tracking":false,"footnotes":""},"categories":[9430,22353,22303],"tags":[31199,50750,872,3931,2002,874,2261],"class_list":["post-120143","post","type-post","status-publish","format-standard","has-post-thumbnail","hentry","category-business-fr","category-international-fr","category-suisse","tag-europaeische-union-fr","tag-ewr-fr","tag-immoinvest-fr","tag-immonews-fr","tag-news-fr","tag-schweiz-fr","tag-wirtschaftspolitik-fr","pmpro-has-access"],"acf":{"bild_mit_ki_erstellt_worden":[],"lead":"Les 21 et 22 novembre 2024, la d\u00e9l\u00e9gation AELE-UE de la Suisse participera \u00e0 la 62e r\u00e9union du Comit\u00e9 parlementaire mixte de l'Espace \u00e9conomique europ\u00e9en (EEE) \u00e0 Oslo. L'accent sera mis sur la comp\u00e9titivit\u00e9 de l'Europe, l'accord sur l'EEE et les relations entre la Suisse et l'UE.","autor":"Quelle: Parlament","ort":"","bildunterschrift":"","bild_im_grid":false,"gallerie":"","newsim":""},"aioseo_notices":[],"aioseo_head":"\n\t\t<!-- All in One SEO 5.0.1.1 - aioseo.com -->\n\t<meta name=\"description\" content=\"Les 21 et 22 novembre 2024, la d\u00e9l\u00e9gation AELE-UE de la Suisse participera \u00e0 la 62e r\u00e9union du Comit\u00e9 parlementaire mixte de l&#039;Espace \u00e9conomique europ\u00e9en (EEE) \u00e0 Oslo. L&#039;accent sera mis sur la comp\u00e9titivit\u00e9 de l&#039;Europe, l&#039;accord sur l&#039;EEE et les relations entre la Suisse et l&#039;UE.\" \/>\n\t<meta name=\"robots\" content=\"max-image-preview:large\" \/>\n\t<meta name=\"author\" content=\"immovestuser\"\/>\n\t<meta name=\"google-site-verification\" content=\"fHJKvgWpZCR2zVBHWfkQeFXC11qieUSff0HGNYfuyLA\" \/>\n\t<link rel=\"canonical\" href=\"https:\/\/www.immo-invest.ch\/fr\/62-treffen-des-ewr-im-europaeischen-wirtschaftsraums\/\" \/>\n\t<meta name=\"generator\" content=\"All in One SEO (AIOSEO) 5.0.1.1\" \/>\n\t\t<meta property=\"og:locale\" content=\"fr_FR\" \/>\n\t\t<meta property=\"og:site_name\" content=\"immo!nvest - Die Plattform f\u00fcr Standorte und Immobilien - Die\u00a0Plattform f\u00fcr Standorte und Immobilien\" \/>\n\t\t<meta property=\"og:type\" content=\"article\" \/>\n\t\t<meta property=\"og:title\" content=\"62. R\u00e9union de l\u2019EEE dans l\u2019Espace \u00e9conomique europ\u00e9en - immo!nvest - Die Plattform f\u00fcr Standorte und Immobilien\" \/>\n\t\t<meta property=\"og:description\" content=\"Les 21 et 22 novembre 2024, la d\u00e9l\u00e9gation AELE-UE de la Suisse participera \u00e0 la 62e r\u00e9union du Comit\u00e9 parlementaire mixte de l&#039;Espace \u00e9conomique europ\u00e9en (EEE) \u00e0 Oslo. L&#039;accent sera mis sur la comp\u00e9titivit\u00e9 de l&#039;Europe, l&#039;accord sur l&#039;EEE et les relations entre la Suisse et l&#039;UE.\" \/>\n\t\t<meta property=\"og:url\" content=\"https:\/\/www.immo-invest.ch\/fr\/62-treffen-des-ewr-im-europaeischen-wirtschaftsraums\/\" \/>\n\t\t<meta property=\"og:image\" content=\"https:\/\/www.immo-invest.ch\/wp-content\/uploads\/2024\/11\/Flag_2_1.png\" \/>\n\t\t<meta property=\"og:image:secure_url\" content=\"https:\/\/www.immo-invest.ch\/wp-content\/uploads\/2024\/11\/Flag_2_1.png\" \/>\n\t\t<meta property=\"og:image:width\" content=\"3629\" \/>\n\t\t<meta property=\"og:image:height\" content=\"1815\" \/>\n\t\t<meta property=\"article:published_time\" content=\"2024-11-25T11:15:36+00:00\" \/>\n\t\t<meta property=\"article:modified_time\" content=\"2024-11-25T11:29:26+00:00\" \/>\n\t\t<meta property=\"article:publisher\" content=\"https:\/\/www.facebook.com\/people\/Immoinvest\/100077962920504\/\" \/>\n\t\t<meta name=\"twitter:card\" content=\"summary_large_image\" \/>\n\t\t<meta name=\"twitter:site\" content=\"@i\" \/>\n\t\t<meta name=\"twitter:title\" content=\"62. R\u00e9union de l\u2019EEE dans l\u2019Espace \u00e9conomique europ\u00e9en - immo!nvest - Die Plattform f\u00fcr Standorte und Immobilien\" \/>\n\t\t<meta name=\"twitter:description\" content=\"Les 21 et 22 novembre 2024, la d\u00e9l\u00e9gation AELE-UE de la Suisse participera \u00e0 la 62e r\u00e9union du Comit\u00e9 parlementaire mixte de l&#039;Espace \u00e9conomique europ\u00e9en (EEE) \u00e0 Oslo. L&#039;accent sera mis sur la comp\u00e9titivit\u00e9 de l&#039;Europe, l&#039;accord sur l&#039;EEE et les relations entre la Suisse et l&#039;UE.\" \/>\n\t\t<meta name=\"twitter:creator\" content=\"@i\" \/>\n\t\t<meta name=\"twitter:image\" content=\"https:\/\/www.immo-invest.ch\/wp-content\/uploads\/2024\/11\/Flag_2_1.png\" \/>\n\t\t<script type=\"application\/ld+json\" class=\"aioseo-schema\">\n\t\t\t{\"@context\":\"https:\\\/\\\/schema.org\",\"@graph\":[{\"@type\":\"BlogPosting\",\"@id\":\"https:\\\/\\\/www.immo-invest.ch\\\/fr\\\/62-treffen-des-ewr-im-europaeischen-wirtschaftsraums\\\/#blogposting\",\"name\":\"62. R\\u00e9union de l\\u2019EEE dans l\\u2019Espace \\u00e9conomique europ\\u00e9en - immo!nvest - Die Plattform f\\u00fcr Standorte und Immobilien\",\"headline\":\"62. R\\u00e9union de l&rsquo;EEE dans l&rsquo;Espace \\u00e9conomique europ\\u00e9en\",\"author\":{\"@id\":\"https:\\\/\\\/www.immo-invest.ch\\\/fr\\\/author\\\/immovestuser\\\/#author\"},\"publisher\":{\"@id\":\"https:\\\/\\\/www.immo-invest.ch\\\/fr\\\/#organization\"},\"image\":{\"@type\":\"ImageObject\",\"url\":\"https:\\\/\\\/www.immo-invest.ch\\\/wp-content\\\/uploads\\\/2024\\\/11\\\/Flag_2_1.png\",\"width\":3629,\"height\":1815,\"caption\":\"EFTA_EU_Flagge\"},\"datePublished\":\"2024-11-25T12:15:36+01:00\",\"dateModified\":\"2024-11-25T12:29:26+01:00\",\"inLanguage\":\"fr-FR\",\"mainEntityOfPage\":{\"@id\":\"https:\\\/\\\/www.immo-invest.ch\\\/fr\\\/62-treffen-des-ewr-im-europaeischen-wirtschaftsraums\\\/#webpage\"},\"isPartOf\":{\"@id\":\"https:\\\/\\\/www.immo-invest.ch\\\/fr\\\/62-treffen-des-ewr-im-europaeischen-wirtschaftsraums\\\/#webpage\"},\"articleSection\":\"Business, Global, Suisse, Europ\\u00e4ische Union, EWR, Immoinvest, immoNews, News, Schweiz, Wirtschaftspolitik, Facultatif\"},{\"@type\":\"BreadcrumbList\",\"@id\":\"https:\\\/\\\/www.immo-invest.ch\\\/fr\\\/62-treffen-des-ewr-im-europaeischen-wirtschaftsraums\\\/#breadcrumblist\",\"itemListElement\":[{\"@type\":\"ListItem\",\"@id\":\"https:\\\/\\\/www.immo-invest.ch\\\/fr\\\/#listItem\",\"position\":1,\"name\":\"Home\",\"item\":\"https:\\\/\\\/www.immo-invest.ch\\\/fr\\\/\",\"nextItem\":{\"@type\":\"ListItem\",\"@id\":\"https:\\\/\\\/www.immo-invest.ch\\\/fr\\\/categories\\\/regions\\\/#listItem\",\"name\":\"R\\u00e9gions\"}},{\"@type\":\"ListItem\",\"@id\":\"https:\\\/\\\/www.immo-invest.ch\\\/fr\\\/categories\\\/regions\\\/#listItem\",\"position\":2,\"name\":\"R\\u00e9gions\",\"item\":\"https:\\\/\\\/www.immo-invest.ch\\\/fr\\\/categories\\\/regions\\\/\",\"nextItem\":{\"@type\":\"ListItem\",\"@id\":\"https:\\\/\\\/www.immo-invest.ch\\\/fr\\\/categories\\\/regions\\\/international\\\/#listItem\",\"name\":\"International\"},\"previousItem\":{\"@type\":\"ListItem\",\"@id\":\"https:\\\/\\\/www.immo-invest.ch\\\/fr\\\/#listItem\",\"name\":\"Home\"}},{\"@type\":\"ListItem\",\"@id\":\"https:\\\/\\\/www.immo-invest.ch\\\/fr\\\/categories\\\/regions\\\/international\\\/#listItem\",\"position\":3,\"name\":\"International\",\"item\":\"https:\\\/\\\/www.immo-invest.ch\\\/fr\\\/categories\\\/regions\\\/international\\\/\",\"nextItem\":{\"@type\":\"ListItem\",\"@id\":\"https:\\\/\\\/www.immo-invest.ch\\\/fr\\\/categories\\\/regions\\\/international\\\/international-fr\\\/#listItem\",\"name\":\"Global\"},\"previousItem\":{\"@type\":\"ListItem\",\"@id\":\"https:\\\/\\\/www.immo-invest.ch\\\/fr\\\/categories\\\/regions\\\/#listItem\",\"name\":\"R\\u00e9gions\"}},{\"@type\":\"ListItem\",\"@id\":\"https:\\\/\\\/www.immo-invest.ch\\\/fr\\\/categories\\\/regions\\\/international\\\/international-fr\\\/#listItem\",\"position\":4,\"name\":\"Global\",\"item\":\"https:\\\/\\\/www.immo-invest.ch\\\/fr\\\/categories\\\/regions\\\/international\\\/international-fr\\\/\",\"nextItem\":{\"@type\":\"ListItem\",\"@id\":\"https:\\\/\\\/www.immo-invest.ch\\\/fr\\\/62-treffen-des-ewr-im-europaeischen-wirtschaftsraums\\\/#listItem\",\"name\":\"62. R\\u00e9union de l&rsquo;EEE dans l&rsquo;Espace \\u00e9conomique europ\\u00e9en\"},\"previousItem\":{\"@type\":\"ListItem\",\"@id\":\"https:\\\/\\\/www.immo-invest.ch\\\/fr\\\/categories\\\/regions\\\/international\\\/#listItem\",\"name\":\"International\"}},{\"@type\":\"ListItem\",\"@id\":\"https:\\\/\\\/www.immo-invest.ch\\\/fr\\\/62-treffen-des-ewr-im-europaeischen-wirtschaftsraums\\\/#listItem\",\"position\":5,\"name\":\"62. R\\u00e9union de l&rsquo;EEE dans l&rsquo;Espace \\u00e9conomique europ\\u00e9en\",\"previousItem\":{\"@type\":\"ListItem\",\"@id\":\"https:\\\/\\\/www.immo-invest.ch\\\/fr\\\/categories\\\/regions\\\/international\\\/international-fr\\\/#listItem\",\"name\":\"Global\"}}]},{\"@type\":\"Organization\",\"@id\":\"https:\\\/\\\/www.immo-invest.ch\\\/fr\\\/#organization\",\"name\":\"immo!nvest - Die Plattform f\\u00fcr Standorte und Immobilien\",\"description\":\"Die\\u00a0Plattform f\\u00fcr Standorte und Immobilien\",\"url\":\"https:\\\/\\\/www.immo-invest.ch\\\/fr\\\/\",\"email\":\"admin@immomedia.ag\",\"telephone\":\"+41444420002\",\"logo\":{\"@type\":\"ImageObject\",\"url\":\"https:\\\/\\\/www.immo-invest.ch\\\/wp-content\\\/uploads\\\/2024\\\/09\\\/immoinvest_sm-scaled.jpg\",\"@id\":\"https:\\\/\\\/www.immo-invest.ch\\\/fr\\\/62-treffen-des-ewr-im-europaeischen-wirtschaftsraums\\\/#organizationLogo\",\"width\":2560,\"height\":1340},\"image\":{\"@id\":\"https:\\\/\\\/www.immo-invest.ch\\\/fr\\\/62-treffen-des-ewr-im-europaeischen-wirtschaftsraums\\\/#organizationLogo\"},\"sameAs\":[\"https:\\\/\\\/www.facebook.com\\\/people\\\/Immoinvest\\\/100077962920504\\\/\",\"https:\\\/\\\/x.com\\\/i\\\/flow\\\/login?redirect_after_login=immoinvest_ch\",\"https:\\\/\\\/www.instagram.com\\\/immoinvest_ch\\\/\",\"https:\\\/\\\/www.linkedin.com\\\/company\\\/immoinvest-swiss\"]},{\"@type\":\"Person\",\"@id\":\"https:\\\/\\\/www.immo-invest.ch\\\/fr\\\/author\\\/immovestuser\\\/#author\",\"url\":\"https:\\\/\\\/www.immo-invest.ch\\\/fr\\\/author\\\/immovestuser\\\/\",\"name\":\"immovestuser\",\"image\":{\"@type\":\"ImageObject\",\"@id\":\"https:\\\/\\\/www.immo-invest.ch\\\/fr\\\/62-treffen-des-ewr-im-europaeischen-wirtschaftsraums\\\/#authorImage\",\"url\":\"https:\\\/\\\/secure.gravatar.com\\\/avatar\\\/8e01f4d99f2eeea7a362ebb93305e1172a70e9293ba250f897a65c39f54cdd1e?s=96&d=mm&r=g\",\"width\":96,\"height\":96,\"caption\":\"immovestuser\"}},{\"@type\":\"WebPage\",\"@id\":\"https:\\\/\\\/www.immo-invest.ch\\\/fr\\\/62-treffen-des-ewr-im-europaeischen-wirtschaftsraums\\\/#webpage\",\"url\":\"https:\\\/\\\/www.immo-invest.ch\\\/fr\\\/62-treffen-des-ewr-im-europaeischen-wirtschaftsraums\\\/\",\"name\":\"62. R\\u00e9union de l\\u2019EEE dans l\\u2019Espace \\u00e9conomique europ\\u00e9en - immo!nvest - Die Plattform f\\u00fcr Standorte und Immobilien\",\"description\":\"Les 21 et 22 novembre 2024, la d\\u00e9l\\u00e9gation AELE-UE de la Suisse participera \\u00e0 la 62e r\\u00e9union du Comit\\u00e9 parlementaire mixte de l'Espace \\u00e9conomique europ\\u00e9en (EEE) \\u00e0 Oslo. L'accent sera mis sur la comp\\u00e9titivit\\u00e9 de l'Europe, l'accord sur l'EEE et les relations entre la Suisse et l'UE.\",\"inLanguage\":\"fr-FR\",\"isPartOf\":{\"@id\":\"https:\\\/\\\/www.immo-invest.ch\\\/fr\\\/#website\"},\"breadcrumb\":{\"@id\":\"https:\\\/\\\/www.immo-invest.ch\\\/fr\\\/62-treffen-des-ewr-im-europaeischen-wirtschaftsraums\\\/#breadcrumblist\"},\"author\":{\"@id\":\"https:\\\/\\\/www.immo-invest.ch\\\/fr\\\/author\\\/immovestuser\\\/#author\"},\"creator\":{\"@id\":\"https:\\\/\\\/www.immo-invest.ch\\\/fr\\\/author\\\/immovestuser\\\/#author\"},\"image\":{\"@type\":\"ImageObject\",\"url\":\"https:\\\/\\\/www.immo-invest.ch\\\/wp-content\\\/uploads\\\/2024\\\/11\\\/Flag_2_1.png\",\"@id\":\"https:\\\/\\\/www.immo-invest.ch\\\/fr\\\/62-treffen-des-ewr-im-europaeischen-wirtschaftsraums\\\/#mainImage\",\"width\":3629,\"height\":1815,\"caption\":\"EFTA_EU_Flagge\"},\"primaryImageOfPage\":{\"@id\":\"https:\\\/\\\/www.immo-invest.ch\\\/fr\\\/62-treffen-des-ewr-im-europaeischen-wirtschaftsraums\\\/#mainImage\"},\"datePublished\":\"2024-11-25T12:15:36+01:00\",\"dateModified\":\"2024-11-25T12:29:26+01:00\"},{\"@type\":\"WebSite\",\"@id\":\"https:\\\/\\\/www.immo-invest.ch\\\/fr\\\/#website\",\"url\":\"https:\\\/\\\/www.immo-invest.ch\\\/fr\\\/\",\"name\":\"immo!nvest - Die Plattform f\\u00fcr Standorte und Immobilien\",\"description\":\"Die\\u00a0Plattform f\\u00fcr Standorte und Immobilien\",\"inLanguage\":\"fr-FR\",\"publisher\":{\"@id\":\"https:\\\/\\\/www.immo-invest.ch\\\/fr\\\/#organization\"}}]}\n\t\t<\/script>\n\t\t<!-- All in One SEO -->\n\n","aioseo_head_json":{"title":"62. R\u00e9union de l\u2019EEE dans l\u2019Espace \u00e9conomique europ\u00e9en - immo!nvest - Die Plattform f\u00fcr Standorte und Immobilien","description":"Les 21 et 22 novembre 2024, la d\u00e9l\u00e9gation AELE-UE de la Suisse participera \u00e0 la 62e r\u00e9union du Comit\u00e9 parlementaire mixte de l'Espace \u00e9conomique europ\u00e9en (EEE) \u00e0 Oslo. L'accent sera mis sur la comp\u00e9titivit\u00e9 de l'Europe, l'accord sur l'EEE et les relations entre la Suisse et l'UE.","canonical_url":"https:\/\/www.immo-invest.ch\/fr\/62-treffen-des-ewr-im-europaeischen-wirtschaftsraums\/","robots":"max-image-preview:large","keywords":"","webmasterTools":{"google-site-verification":"fHJKvgWpZCR2zVBHWfkQeFXC11qieUSff0HGNYfuyLA","miscellaneous":""},"schema":{"@context":"https:\/\/schema.org","@graph":[{"@type":"BlogPosting","@id":"https:\/\/www.immo-invest.ch\/fr\/62-treffen-des-ewr-im-europaeischen-wirtschaftsraums\/#blogposting","name":"62. R\u00e9union de l\u2019EEE dans l\u2019Espace \u00e9conomique europ\u00e9en - immo!nvest - Die Plattform f\u00fcr Standorte und Immobilien","headline":"62. R\u00e9union de l&rsquo;EEE dans l&rsquo;Espace \u00e9conomique europ\u00e9en","author":{"@id":"https:\/\/www.immo-invest.ch\/fr\/author\/immovestuser\/#author"},"publisher":{"@id":"https:\/\/www.immo-invest.ch\/fr\/#organization"},"image":{"@type":"ImageObject","url":"https:\/\/www.immo-invest.ch\/wp-content\/uploads\/2024\/11\/Flag_2_1.png","width":3629,"height":1815,"caption":"EFTA_EU_Flagge"},"datePublished":"2024-11-25T12:15:36+01:00","dateModified":"2024-11-25T12:29:26+01:00","inLanguage":"fr-FR","mainEntityOfPage":{"@id":"https:\/\/www.immo-invest.ch\/fr\/62-treffen-des-ewr-im-europaeischen-wirtschaftsraums\/#webpage"},"isPartOf":{"@id":"https:\/\/www.immo-invest.ch\/fr\/62-treffen-des-ewr-im-europaeischen-wirtschaftsraums\/#webpage"},"articleSection":"Business, Global, Suisse, Europ\u00e4ische Union, EWR, Immoinvest, immoNews, News, Schweiz, Wirtschaftspolitik, Facultatif"},{"@type":"BreadcrumbList","@id":"https:\/\/www.immo-invest.ch\/fr\/62-treffen-des-ewr-im-europaeischen-wirtschaftsraums\/#breadcrumblist","itemListElement":[{"@type":"ListItem","@id":"https:\/\/www.immo-invest.ch\/fr\/#listItem","position":1,"name":"Home","item":"https:\/\/www.immo-invest.ch\/fr\/","nextItem":{"@type":"ListItem","@id":"https:\/\/www.immo-invest.ch\/fr\/categories\/regions\/#listItem","name":"R\u00e9gions"}},{"@type":"ListItem","@id":"https:\/\/www.immo-invest.ch\/fr\/categories\/regions\/#listItem","position":2,"name":"R\u00e9gions","item":"https:\/\/www.immo-invest.ch\/fr\/categories\/regions\/","nextItem":{"@type":"ListItem","@id":"https:\/\/www.immo-invest.ch\/fr\/categories\/regions\/international\/#listItem","name":"International"},"previousItem":{"@type":"ListItem","@id":"https:\/\/www.immo-invest.ch\/fr\/#listItem","name":"Home"}},{"@type":"ListItem","@id":"https:\/\/www.immo-invest.ch\/fr\/categories\/regions\/international\/#listItem","position":3,"name":"International","item":"https:\/\/www.immo-invest.ch\/fr\/categories\/regions\/international\/","nextItem":{"@type":"ListItem","@id":"https:\/\/www.immo-invest.ch\/fr\/categories\/regions\/international\/international-fr\/#listItem","name":"Global"},"previousItem":{"@type":"ListItem","@id":"https:\/\/www.immo-invest.ch\/fr\/categories\/regions\/#listItem","name":"R\u00e9gions"}},{"@type":"ListItem","@id":"https:\/\/www.immo-invest.ch\/fr\/categories\/regions\/international\/international-fr\/#listItem","position":4,"name":"Global","item":"https:\/\/www.immo-invest.ch\/fr\/categories\/regions\/international\/international-fr\/","nextItem":{"@type":"ListItem","@id":"https:\/\/www.immo-invest.ch\/fr\/62-treffen-des-ewr-im-europaeischen-wirtschaftsraums\/#listItem","name":"62. R\u00e9union de l&rsquo;EEE dans l&rsquo;Espace \u00e9conomique europ\u00e9en"},"previousItem":{"@type":"ListItem","@id":"https:\/\/www.immo-invest.ch\/fr\/categories\/regions\/international\/#listItem","name":"International"}},{"@type":"ListItem","@id":"https:\/\/www.immo-invest.ch\/fr\/62-treffen-des-ewr-im-europaeischen-wirtschaftsraums\/#listItem","position":5,"name":"62. R\u00e9union de l&rsquo;EEE dans l&rsquo;Espace \u00e9conomique europ\u00e9en","previousItem":{"@type":"ListItem","@id":"https:\/\/www.immo-invest.ch\/fr\/categories\/regions\/international\/international-fr\/#listItem","name":"Global"}}]},{"@type":"Organization","@id":"https:\/\/www.immo-invest.ch\/fr\/#organization","name":"immo!nvest - Die Plattform f\u00fcr Standorte und Immobilien","description":"Die\u00a0Plattform f\u00fcr Standorte und Immobilien","url":"https:\/\/www.immo-invest.ch\/fr\/","email":"admin@immomedia.ag","telephone":"+41444420002","logo":{"@type":"ImageObject","url":"https:\/\/www.immo-invest.ch\/wp-content\/uploads\/2024\/09\/immoinvest_sm-scaled.jpg","@id":"https:\/\/www.immo-invest.ch\/fr\/62-treffen-des-ewr-im-europaeischen-wirtschaftsraums\/#organizationLogo","width":2560,"height":1340},"image":{"@id":"https:\/\/www.immo-invest.ch\/fr\/62-treffen-des-ewr-im-europaeischen-wirtschaftsraums\/#organizationLogo"},"sameAs":["https:\/\/www.facebook.com\/people\/Immoinvest\/100077962920504\/","https:\/\/x.com\/i\/flow\/login?redirect_after_login=immoinvest_ch","https:\/\/www.instagram.com\/immoinvest_ch\/","https:\/\/www.linkedin.com\/company\/immoinvest-swiss"]},{"@type":"Person","@id":"https:\/\/www.immo-invest.ch\/fr\/author\/immovestuser\/#author","url":"https:\/\/www.immo-invest.ch\/fr\/author\/immovestuser\/","name":"immovestuser","image":{"@type":"ImageObject","@id":"https:\/\/www.immo-invest.ch\/fr\/62-treffen-des-ewr-im-europaeischen-wirtschaftsraums\/#authorImage","url":"https:\/\/secure.gravatar.com\/avatar\/8e01f4d99f2eeea7a362ebb93305e1172a70e9293ba250f897a65c39f54cdd1e?s=96&d=mm&r=g","width":96,"height":96,"caption":"immovestuser"}},{"@type":"WebPage","@id":"https:\/\/www.immo-invest.ch\/fr\/62-treffen-des-ewr-im-europaeischen-wirtschaftsraums\/#webpage","url":"https:\/\/www.immo-invest.ch\/fr\/62-treffen-des-ewr-im-europaeischen-wirtschaftsraums\/","name":"62. R\u00e9union de l\u2019EEE dans l\u2019Espace \u00e9conomique europ\u00e9en - immo!nvest - Die Plattform f\u00fcr Standorte und Immobilien","description":"Les 21 et 22 novembre 2024, la d\u00e9l\u00e9gation AELE-UE de la Suisse participera \u00e0 la 62e r\u00e9union du Comit\u00e9 parlementaire mixte de l'Espace \u00e9conomique europ\u00e9en (EEE) \u00e0 Oslo. L'accent sera mis sur la comp\u00e9titivit\u00e9 de l'Europe, l'accord sur l'EEE et les relations entre la Suisse et l'UE.","inLanguage":"fr-FR","isPartOf":{"@id":"https:\/\/www.immo-invest.ch\/fr\/#website"},"breadcrumb":{"@id":"https:\/\/www.immo-invest.ch\/fr\/62-treffen-des-ewr-im-europaeischen-wirtschaftsraums\/#breadcrumblist"},"author":{"@id":"https:\/\/www.immo-invest.ch\/fr\/author\/immovestuser\/#author"},"creator":{"@id":"https:\/\/www.immo-invest.ch\/fr\/author\/immovestuser\/#author"},"image":{"@type":"ImageObject","url":"https:\/\/www.immo-invest.ch\/wp-content\/uploads\/2024\/11\/Flag_2_1.png","@id":"https:\/\/www.immo-invest.ch\/fr\/62-treffen-des-ewr-im-europaeischen-wirtschaftsraums\/#mainImage","width":3629,"height":1815,"caption":"EFTA_EU_Flagge"},"primaryImageOfPage":{"@id":"https:\/\/www.immo-invest.ch\/fr\/62-treffen-des-ewr-im-europaeischen-wirtschaftsraums\/#mainImage"},"datePublished":"2024-11-25T12:15:36+01:00","dateModified":"2024-11-25T12:29:26+01:00"},{"@type":"WebSite","@id":"https:\/\/www.immo-invest.ch\/fr\/#website","url":"https:\/\/www.immo-invest.ch\/fr\/","name":"immo!nvest - Die Plattform f\u00fcr Standorte und Immobilien","description":"Die\u00a0Plattform f\u00fcr Standorte und Immobilien","inLanguage":"fr-FR","publisher":{"@id":"https:\/\/www.immo-invest.ch\/fr\/#organization"}}]},"og:locale":"fr_FR","og:site_name":"immo!nvest - Die Plattform f\u00fcr Standorte und Immobilien - Die\u00a0Plattform f\u00fcr Standorte und Immobilien","og:type":"article","og:title":"62. R\u00e9union de l\u2019EEE dans l\u2019Espace \u00e9conomique europ\u00e9en - immo!nvest - Die Plattform f\u00fcr Standorte und Immobilien","og:description":"Les 21 et 22 novembre 2024, la d\u00e9l\u00e9gation AELE-UE de la Suisse participera \u00e0 la 62e r\u00e9union du Comit\u00e9 parlementaire mixte de l'Espace \u00e9conomique europ\u00e9en (EEE) \u00e0 Oslo. L'accent sera mis sur la comp\u00e9titivit\u00e9 de l'Europe, l'accord sur l'EEE et les relations entre la Suisse et l'UE.","og:url":"https:\/\/www.immo-invest.ch\/fr\/62-treffen-des-ewr-im-europaeischen-wirtschaftsraums\/","og:image":"https:\/\/www.immo-invest.ch\/wp-content\/uploads\/2024\/11\/Flag_2_1.png","og:image:secure_url":"https:\/\/www.immo-invest.ch\/wp-content\/uploads\/2024\/11\/Flag_2_1.png","og:image:width":3629,"og:image:height":1815,"article:published_time":"2024-11-25T11:15:36+00:00","article:modified_time":"2024-11-25T11:29:26+00:00","article:publisher":"https:\/\/www.facebook.com\/people\/Immoinvest\/100077962920504\/","twitter:card":"summary_large_image","twitter:site":"@i","twitter:title":"62. R\u00e9union de l\u2019EEE dans l\u2019Espace \u00e9conomique europ\u00e9en - immo!nvest - Die Plattform f\u00fcr Standorte und Immobilien","twitter:description":"Les 21 et 22 novembre 2024, la d\u00e9l\u00e9gation AELE-UE de la Suisse participera \u00e0 la 62e r\u00e9union du Comit\u00e9 parlementaire mixte de l'Espace \u00e9conomique europ\u00e9en (EEE) \u00e0 Oslo. L'accent sera mis sur la comp\u00e9titivit\u00e9 de l'Europe, l'accord sur l'EEE et les relations entre la Suisse et l'UE.","twitter:creator":"@i","twitter:image":"https:\/\/www.immo-invest.ch\/wp-content\/uploads\/2024\/11\/Flag_2_1.png"},"aioseo_meta_data":{"post_id":"120143","title":null,"description":null,"keywords":null,"keyphrases":{"focus":{"keyphrase":"","score":0,"analysis":{"keyphraseInTitle":{"score":0,"maxScore":9,"error":1}}},"additional":[]},"primary_term":null,"canonical_url":null,"og_title":null,"og_description":null,"og_object_type":"default","og_image_type":"default","og_image_url":null,"og_image_width":null,"og_image_height":null,"og_image_custom_url":null,"og_image_custom_fields":null,"og_video":"","og_custom_url":null,"og_article_section":null,"og_article_tags":null,"twitter_use_og":false,"twitter_card":"default","twitter_image_type":"default","twitter_image_url":null,"twitter_image_custom_url":null,"twitter_image_custom_fields":null,"twitter_title":null,"twitter_description":null,"schema":{"blockGraphs":[],"customGraphs":[],"default":{"data":{"Article":[],"Course":[],"Dataset":[],"FAQPage":[],"Movie":[],"Person":[],"Product":[],"ProductReview":[],"Car":[],"Recipe":[],"Service":[],"SoftwareApplication":[],"WebPage":[]},"graphName":"BlogPosting","isEnabled":true},"graphs":[]},"schema_type":"default","schema_type_options":null,"pillar_content":false,"robots_default":true,"robots_noindex":false,"robots_noarchive":false,"robots_nosnippet":false,"robots_nofollow":false,"robots_noimageindex":false,"robots_noodp":false,"robots_notranslate":false,"robots_max_snippet":"-1","robots_max_videopreview":"-1","robots_max_imagepreview":"large","priority":null,"frequency":"default","local_seo":null,"breadcrumb_settings":null,"limit_modified_date":false,"ai":null,"created":"2024-11-25 11:29:28","updated":"2025-10-24 13:19:55","seo_analyzer_scan_date":null,"focus_keyword":null,"additional_keywords":null,"truseo_locale":null},"aioseo_breadcrumb":"<div class=\"aioseo-breadcrumbs\"><span class=\"aioseo-breadcrumb\">\n\t\t\t<a href=\"https:\/\/www.immo-invest.ch\/fr\/\" title=\"Home\">Home<\/a>\n\t\t<\/span><span class=\"aioseo-breadcrumb-separator\">&raquo;<\/span><span class=\"aioseo-breadcrumb\">\n\t\t\t<a href=\"https:\/\/www.immo-invest.ch\/fr\/categories\/regions\/\" title=\"R\u00e9gions\">R\u00e9gions<\/a>\n\t\t<\/span><span class=\"aioseo-breadcrumb-separator\">&raquo;<\/span><span class=\"aioseo-breadcrumb\">\n\t\t\t<a href=\"https:\/\/www.immo-invest.ch\/fr\/categories\/regions\/international\/\" title=\"International\">International<\/a>\n\t\t<\/span><span class=\"aioseo-breadcrumb-separator\">&raquo;<\/span><span class=\"aioseo-breadcrumb\">\n\t\t\t<a href=\"https:\/\/www.immo-invest.ch\/fr\/categories\/regions\/international\/international-fr\/\" title=\"Global\">Global<\/a>\n\t\t<\/span><span class=\"aioseo-breadcrumb-separator\">&raquo;<\/span><span class=\"aioseo-breadcrumb\">\n\t\t\t62. R\u00e9union de l\u2019EEE dans l\u2019Espace \u00e9conomique europ\u00e9en\n\t\t<\/span><\/div>","aioseo_breadcrumb_json":[{"label":"Home","link":"https:\/\/www.immo-invest.ch\/fr\/"},{"label":"R\u00e9gions","link":"https:\/\/www.immo-invest.ch\/fr\/categories\/regions\/"},{"label":"International","link":"https:\/\/www.immo-invest.ch\/fr\/categories\/regions\/international\/"},{"label":"Global","link":"https:\/\/www.immo-invest.ch\/fr\/categories\/regions\/international\/international-fr\/"},{"label":"62. R\u00e9union de l&rsquo;EEE dans l&rsquo;Espace \u00e9conomique europ\u00e9en","link":"https:\/\/www.immo-invest.ch\/fr\/62-treffen-des-ewr-im-europaeischen-wirtschaftsraums\/"}],"featured_image_src":"https:\/\/www.immo-invest.ch\/wp-content\/uploads\/2024\/11\/Flag_2_1-336x168.png","_links":{"self":[{"href":"https:\/\/www.immo-invest.ch\/fr\/wp-json\/wp\/v2\/posts\/120143","targetHints":{"allow":["GET"]}}],"collection":[{"href":"https:\/\/www.immo-invest.ch\/fr\/wp-json\/wp\/v2\/posts"}],"about":[{"href":"https:\/\/www.immo-invest.ch\/fr\/wp-json\/wp\/v2\/types\/post"}],"author":[{"embeddable":true,"href":"https:\/\/www.immo-invest.ch\/fr\/wp-json\/wp\/v2\/users\/2"}],"replies":[{"embeddable":true,"href":"https:\/\/www.immo-invest.ch\/fr\/wp-json\/wp\/v2\/comments?post=120143"}],"version-history":[{"count":0,"href":"https:\/\/www.immo-invest.ch\/fr\/wp-json\/wp\/v2\/posts\/120143\/revisions"}],"wp:featuredmedia":[{"embeddable":true,"href":"https:\/\/www.immo-invest.ch\/fr\/wp-json\/wp\/v2\/media\/120136"}],"wp:attachment":[{"href":"https:\/\/www.immo-invest.ch\/fr\/wp-json\/wp\/v2\/media?parent=120143"}],"wp:term":[{"taxonomy":"category","embeddable":true,"href":"https:\/\/www.immo-invest.ch\/fr\/wp-json\/wp\/v2\/categories?post=120143"},{"taxonomy":"post_tag","embeddable":true,"href":"https:\/\/www.immo-invest.ch\/fr\/wp-json\/wp\/v2\/tags?post=120143"}],"curies":[{"name":"wp","href":"https:\/\/api.w.org\/{rel}","templated":true}]}}