{"id":120028,"date":"2024-11-22T15:05:12","date_gmt":"2024-11-22T14:05:12","guid":{"rendered":"https:\/\/www.immo-invest.ch\/gesamtverkehrskonzept-2040-fuer-raum-baden\/"},"modified":"2024-11-22T15:41:45","modified_gmt":"2024-11-22T14:41:45","slug":"gesamtverkehrskonzept-2040-fuer-raum-baden","status":"publish","type":"post","link":"https:\/\/www.immo-invest.ch\/fr\/gesamtverkehrskonzept-2040-fuer-raum-baden\/","title":{"rendered":"Concept global de transport 2040 pour la r\u00e9gion de Baden"},"content":{"rendered":"<p class=\"wp-block-paragraph\">Apr&egrave;s un processus de planification et de participation intensif de 2022 &agrave; 2024, la d&eacute;l&eacute;gation des autorit&eacute;s a adopt&eacute; un concept global de transport qui vise &agrave; am&eacute;liorer durablement la mobilit&eacute; dans la r&eacute;gion de Baden. L&rsquo;&eacute;ventail de mesures &agrave; l&rsquo;horizon 2040 pr&eacute;voit notamment le d&eacute;veloppement des transports publics avec une pr&eacute;f&eacute;rence pour les bus et des carrefours optimis&eacute;s.<\/p>\n\n\n\n\n\n<p class=\"wp-block-paragraph\">Pour les pi&eacute;tons et les cyclistes, le r&eacute;seau cyclable sera &eacute;tendu et des places de stationnement suppl&eacute;mentaires pour les v&eacute;los seront cr&eacute;&eacute;es. Dans le domaine du r&eacute;seau routier, des mesures &agrave; court terme sont pr&eacute;vues &agrave; la t&ecirc;te de pont Est ainsi que des am&eacute;liorations le long de la Bruggerstrasse &agrave; Baden. Parall&egrave;lement, la revalorisation des travers&eacute;es de villes et le renforcement des quartiers en tant que &laquo;&nbsp;ville des courtes distances&nbsp;&raquo; doivent favoriser l&rsquo;espace urbain et l&rsquo;espace libre. En outre, une gestion cibl&eacute;e de la mobilit&eacute; doit permettre aux communes et au canton de mieux g&eacute;rer la demande de transport. Des options &agrave; long terme pour l&rsquo;apr&egrave;s 2040 ont &eacute;galement &eacute;t&eacute; prises en compte.<\/p>\n\n\n\n\n\n<p class=\"wp-block-paragraph\">Outre les mesures &agrave; court terme, des options pour l&rsquo;apr&egrave;s 2040 ont &eacute;galement &eacute;t&eacute; discut&eacute;es. Il s&rsquo;agit notamment de la s&eacute;curisation du trac&eacute; d&rsquo;importants corridors de transport public et de mesures possibles pour la t&ecirc;te de pont Est.<\/p>\n\n\n\n\n\n<p class=\"wp-block-paragraph\"><strong>D&eacute;lestage du centre comme composante centrale<br><\/strong>La variante &laquo;&nbsp;ZEL lang &laquo;&nbsp;, une option de d&eacute;lestage routier avec contournement d&rsquo;Untersiggenthal, a &eacute;galement &eacute;t&eacute; d&eacute;cid&eacute;e comme option &agrave; long terme. La mise en &oelig;uvre de cette variante sera examin&eacute;e d&egrave;s que l&rsquo;&eacute;valuation de l&rsquo;impact des premi&egrave;res mesures en aura montr&eacute; la n&eacute;cessit&eacute;.<\/p>\n\n\n\n\n\n<p class=\"wp-block-paragraph\"><strong>Participation et large consensus<br><\/strong>Le concept a &eacute;t&eacute; &eacute;labor&eacute; dans le cadre d&rsquo;un processus participatif, comprenant notamment des conf&eacute;rences sur la mobilit&eacute;, des participations en ligne et des r&eacute;unions de groupes de suivi. La large implication des communes, des experts et de la population a permis d&rsquo;aboutir &agrave; un ensemble de mesures consensuelles qui doivent maintenant &ecirc;tre mises en &oelig;uvre progressivement.<\/p>\n\n\n\n\n\n<p class=\"wp-block-paragraph\">Avec le concept global de transport 2040 adopt&eacute;, la r&eacute;gion de Baden pose les bases d&rsquo;un d&eacute;veloppement de la mobilit&eacute; durable et orient&eacute; vers l&rsquo;avenir. Les mesures coordonn&eacute;es favorisent les transports publics, la mobilit&eacute; douce et la qualit&eacute; de vie de la population et offrent une perspective claire pour les prochaines d&eacute;cennies.<\/p>\n\n","protected":false},"excerpt":{"rendered":"<p>Le 1er novembre 2024, la d\u00e9l\u00e9gation des autorit\u00e9s du concept global de transport (GVK) de la r\u00e9gion de Baden a adopt\u00e9 \u00e0 l&rsquo;unanimit\u00e9 l&rsquo;\u00e9ventail de mesures 2040. Ce concept global comprend une cinquantaine de mesures individuelles coordonn\u00e9es visant \u00e0 optimiser le train, le bus, le r\u00e9seau routier ainsi que les d\u00e9placements \u00e0 pied et \u00e0 v\u00e9lo.<\/p>\n","protected":false},"author":2,"featured_media":120001,"comment_status":"open","ping_status":"open","sticky":false,"template":"","format":"standard","meta":{"pmpro_default_level":"","inline_featured_image":false,"_monsterinsights_skip_tracking":false,"footnotes":""},"categories":[47467,22699,22703],"tags":[6919,872,3931,50727,2410,2056,2002,50730,50731],"class_list":["post-120028","post","type-post","status-publish","format-standard","has-post-thumbnail","hentry","category-baden-fr","category-durabilite","category-mobilite","tag-gesamtverkehrskonzept-fr","tag-immoinvest-fr","tag-immonews-fr","tag-langsamverkehr-fr","tag-mobilitaet-fr","tag-nachhaltigkeit-fr","tag-news-fr","tag-oeffentlicher-verkehr-2-fr","tag-verkehrsentlastung-fr","pmpro-has-access"],"acf":{"bild_mit_ki_erstellt_worden":[],"lead":"Le 1er novembre 2024, la d\u00e9l\u00e9gation des autorit\u00e9s du concept global de transport (GVK) de la r\u00e9gion de Baden a adopt\u00e9 \u00e0 l'unanimit\u00e9 l'\u00e9ventail de mesures 2040. Ce concept global comprend une cinquantaine de mesures individuelles coordonn\u00e9es visant \u00e0 optimiser le train, le bus, le r\u00e9seau routier ainsi que les d\u00e9placements \u00e0 pied et \u00e0 v\u00e9lo.","autor":"Quelle: ag.ch","ort":"","bildunterschrift":"","bild_im_grid":false,"gallerie":"","newsim":""},"aioseo_notices":[],"aioseo_head":"\n\t\t<!-- All in One SEO 5.0.0.1 - aioseo.com -->\n\t<meta name=\"description\" content=\"Le 1er novembre 2024, la d\u00e9l\u00e9gation des autorit\u00e9s du concept global de transport (GVK) de la r\u00e9gion de Baden a adopt\u00e9 \u00e0 l&#039;unanimit\u00e9 l&#039;\u00e9ventail de mesures 2040. Ce concept global comprend une cinquantaine de mesures individuelles coordonn\u00e9es visant \u00e0 optimiser le train, le bus, le r\u00e9seau routier ainsi que les d\u00e9placements \u00e0 pied et \u00e0 v\u00e9lo.\" \/>\n\t<meta name=\"robots\" content=\"max-image-preview:large\" \/>\n\t<meta name=\"author\" content=\"immovestuser\"\/>\n\t<meta name=\"google-site-verification\" content=\"fHJKvgWpZCR2zVBHWfkQeFXC11qieUSff0HGNYfuyLA\" \/>\n\t<link rel=\"canonical\" href=\"https:\/\/www.immo-invest.ch\/fr\/gesamtverkehrskonzept-2040-fuer-raum-baden\/\" \/>\n\t<meta name=\"generator\" content=\"All in One SEO (AIOSEO) 5.0.0.1\" \/>\n\t\t<meta property=\"og:locale\" content=\"fr_FR\" \/>\n\t\t<meta property=\"og:site_name\" content=\"immo!nvest - Die Plattform f\u00fcr Standorte und Immobilien - Die\u00a0Plattform f\u00fcr Standorte und Immobilien\" \/>\n\t\t<meta property=\"og:type\" content=\"article\" \/>\n\t\t<meta property=\"og:title\" content=\"Concept global de transport 2040 pour la r\u00e9gion de Baden - immo!nvest - Die Plattform f\u00fcr Standorte und Immobilien\" \/>\n\t\t<meta property=\"og:description\" content=\"Le 1er novembre 2024, la d\u00e9l\u00e9gation des autorit\u00e9s du concept global de transport (GVK) de la r\u00e9gion de Baden a adopt\u00e9 \u00e0 l&#039;unanimit\u00e9 l&#039;\u00e9ventail de mesures 2040. Ce concept global comprend une cinquantaine de mesures individuelles coordonn\u00e9es visant \u00e0 optimiser le train, le bus, le r\u00e9seau routier ainsi que les d\u00e9placements \u00e0 pied et \u00e0 v\u00e9lo.\" \/>\n\t\t<meta property=\"og:url\" content=\"https:\/\/www.immo-invest.ch\/fr\/gesamtverkehrskonzept-2040-fuer-raum-baden\/\" \/>\n\t\t<meta property=\"og:image\" content=\"https:\/\/www.immo-invest.ch\/wp-content\/uploads\/2024\/11\/20241101_BDel_flach_1731917996865_jpg_1280x450_de.jpg\" \/>\n\t\t<meta property=\"og:image:secure_url\" content=\"https:\/\/www.immo-invest.ch\/wp-content\/uploads\/2024\/11\/20241101_BDel_flach_1731917996865_jpg_1280x450_de.jpg\" \/>\n\t\t<meta property=\"og:image:width\" content=\"1280\" \/>\n\t\t<meta property=\"og:image:height\" content=\"450\" \/>\n\t\t<meta property=\"article:published_time\" content=\"2024-11-22T14:05:12+00:00\" \/>\n\t\t<meta property=\"article:modified_time\" content=\"2024-11-22T14:41:45+00:00\" \/>\n\t\t<meta property=\"article:publisher\" content=\"https:\/\/www.facebook.com\/people\/Immoinvest\/100077962920504\/\" \/>\n\t\t<meta name=\"twitter:card\" content=\"summary_large_image\" \/>\n\t\t<meta name=\"twitter:site\" content=\"@i\" \/>\n\t\t<meta name=\"twitter:title\" content=\"Concept global de transport 2040 pour la r\u00e9gion de Baden - immo!nvest - Die Plattform f\u00fcr Standorte und Immobilien\" \/>\n\t\t<meta name=\"twitter:description\" content=\"Le 1er novembre 2024, la d\u00e9l\u00e9gation des autorit\u00e9s du concept global de transport (GVK) de la r\u00e9gion de Baden a adopt\u00e9 \u00e0 l&#039;unanimit\u00e9 l&#039;\u00e9ventail de mesures 2040. Ce concept global comprend une cinquantaine de mesures individuelles coordonn\u00e9es visant \u00e0 optimiser le train, le bus, le r\u00e9seau routier ainsi que les d\u00e9placements \u00e0 pied et \u00e0 v\u00e9lo.\" \/>\n\t\t<meta name=\"twitter:creator\" content=\"@i\" \/>\n\t\t<meta name=\"twitter:image\" content=\"https:\/\/www.immo-invest.ch\/wp-content\/uploads\/2024\/11\/20241101_BDel_flach_1731917996865_jpg_1280x450_de.jpg\" \/>\n\t\t<script type=\"application\/ld+json\" class=\"aioseo-schema\">\n\t\t\t{\"@context\":\"https:\\\/\\\/schema.org\",\"@graph\":[{\"@type\":\"BlogPosting\",\"@id\":\"https:\\\/\\\/www.immo-invest.ch\\\/fr\\\/gesamtverkehrskonzept-2040-fuer-raum-baden\\\/#blogposting\",\"name\":\"Concept global de transport 2040 pour la r\\u00e9gion de Baden - immo!nvest - Die Plattform f\\u00fcr Standorte und Immobilien\",\"headline\":\"Concept global de transport 2040 pour la r\\u00e9gion de Baden\",\"author\":{\"@id\":\"https:\\\/\\\/www.immo-invest.ch\\\/fr\\\/author\\\/immovestuser\\\/#author\"},\"publisher\":{\"@id\":\"https:\\\/\\\/www.immo-invest.ch\\\/fr\\\/#organization\"},\"image\":{\"@type\":\"ImageObject\",\"url\":\"https:\\\/\\\/www.immo-invest.ch\\\/wp-content\\\/uploads\\\/2024\\\/11\\\/20241101_BDel_flach_1731917996865_jpg_1280x450_de.jpg\",\"width\":1280,\"height\":450,\"caption\":\"https:\\\/\\\/www.ag.ch\\\/de\\\/verwaltung\\\/bvu\\\/mobilitaet-verkehr\\\/mobilitaet\\\/gesamtverkehrsplanung\\\/gesamtverkehrskonzept-region-ostaargau\\\/teilprojekt-gesamtverkehrskonzept-raum-baden-und-umgebung?dc=7c91a0d2-217f-4eae-970f-c83f7e5ff8c3_de\"},\"datePublished\":\"2024-11-22T15:05:12+01:00\",\"dateModified\":\"2024-11-22T15:41:45+01:00\",\"inLanguage\":\"fr-FR\",\"mainEntityOfPage\":{\"@id\":\"https:\\\/\\\/www.immo-invest.ch\\\/fr\\\/gesamtverkehrskonzept-2040-fuer-raum-baden\\\/#webpage\"},\"isPartOf\":{\"@id\":\"https:\\\/\\\/www.immo-invest.ch\\\/fr\\\/gesamtverkehrskonzept-2040-fuer-raum-baden\\\/#webpage\"},\"articleSection\":\"Baden, Durabilit\\u00e9, Mobilit\\u00e9, Gesamtverkehrskonzept, Immoinvest, immoNews, Langsamverkehr, Mobilit\\u00e4t, Nachhaltigkeit, News, \\u00f6ffentlicher Verkehr, Verkehrsentlastung, Facultatif\"},{\"@type\":\"BreadcrumbList\",\"@id\":\"https:\\\/\\\/www.immo-invest.ch\\\/fr\\\/gesamtverkehrskonzept-2040-fuer-raum-baden\\\/#breadcrumblist\",\"itemListElement\":[{\"@type\":\"ListItem\",\"@id\":\"https:\\\/\\\/www.immo-invest.ch\\\/fr\\\/#listItem\",\"position\":1,\"name\":\"Home\",\"item\":\"https:\\\/\\\/www.immo-invest.ch\\\/fr\\\/\",\"nextItem\":{\"@type\":\"ListItem\",\"@id\":\"https:\\\/\\\/www.immo-invest.ch\\\/fr\\\/categories\\\/regions\\\/#listItem\",\"name\":\"R\\u00e9gions\"}},{\"@type\":\"ListItem\",\"@id\":\"https:\\\/\\\/www.immo-invest.ch\\\/fr\\\/categories\\\/regions\\\/#listItem\",\"position\":2,\"name\":\"R\\u00e9gions\",\"item\":\"https:\\\/\\\/www.immo-invest.ch\\\/fr\\\/categories\\\/regions\\\/\",\"nextItem\":{\"@type\":\"ListItem\",\"@id\":\"https:\\\/\\\/www.immo-invest.ch\\\/fr\\\/categories\\\/regions\\\/suisse\\\/#listItem\",\"name\":\"Suisse\"},\"previousItem\":{\"@type\":\"ListItem\",\"@id\":\"https:\\\/\\\/www.immo-invest.ch\\\/fr\\\/#listItem\",\"name\":\"Home\"}},{\"@type\":\"ListItem\",\"@id\":\"https:\\\/\\\/www.immo-invest.ch\\\/fr\\\/categories\\\/regions\\\/suisse\\\/#listItem\",\"position\":3,\"name\":\"Suisse\",\"item\":\"https:\\\/\\\/www.immo-invest.ch\\\/fr\\\/categories\\\/regions\\\/suisse\\\/\",\"nextItem\":{\"@type\":\"ListItem\",\"@id\":\"https:\\\/\\\/www.immo-invest.ch\\\/fr\\\/categories\\\/regions\\\/suisse\\\/suisse-du-nord-ouest\\\/#listItem\",\"name\":\"Suisse du Nord-Ouest\"},\"previousItem\":{\"@type\":\"ListItem\",\"@id\":\"https:\\\/\\\/www.immo-invest.ch\\\/fr\\\/categories\\\/regions\\\/#listItem\",\"name\":\"R\\u00e9gions\"}},{\"@type\":\"ListItem\",\"@id\":\"https:\\\/\\\/www.immo-invest.ch\\\/fr\\\/categories\\\/regions\\\/suisse\\\/suisse-du-nord-ouest\\\/#listItem\",\"position\":4,\"name\":\"Suisse du Nord-Ouest\",\"item\":\"https:\\\/\\\/www.immo-invest.ch\\\/fr\\\/categories\\\/regions\\\/suisse\\\/suisse-du-nord-ouest\\\/\",\"nextItem\":{\"@type\":\"ListItem\",\"@id\":\"https:\\\/\\\/www.immo-invest.ch\\\/fr\\\/categories\\\/regions\\\/suisse\\\/suisse-du-nord-ouest\\\/region-aarau\\\/#listItem\",\"name\":\"Aargau\"},\"previousItem\":{\"@type\":\"ListItem\",\"@id\":\"https:\\\/\\\/www.immo-invest.ch\\\/fr\\\/categories\\\/regions\\\/suisse\\\/#listItem\",\"name\":\"Suisse\"}},{\"@type\":\"ListItem\",\"@id\":\"https:\\\/\\\/www.immo-invest.ch\\\/fr\\\/categories\\\/regions\\\/suisse\\\/suisse-du-nord-ouest\\\/region-aarau\\\/#listItem\",\"position\":5,\"name\":\"Aargau\",\"item\":\"https:\\\/\\\/www.immo-invest.ch\\\/fr\\\/categories\\\/regions\\\/suisse\\\/suisse-du-nord-ouest\\\/region-aarau\\\/\",\"nextItem\":{\"@type\":\"ListItem\",\"@id\":\"https:\\\/\\\/www.immo-invest.ch\\\/fr\\\/categories\\\/regions\\\/suisse\\\/suisse-du-nord-ouest\\\/region-aarau\\\/baden-fr\\\/#listItem\",\"name\":\"Baden\"},\"previousItem\":{\"@type\":\"ListItem\",\"@id\":\"https:\\\/\\\/www.immo-invest.ch\\\/fr\\\/categories\\\/regions\\\/suisse\\\/suisse-du-nord-ouest\\\/#listItem\",\"name\":\"Suisse du Nord-Ouest\"}},{\"@type\":\"ListItem\",\"@id\":\"https:\\\/\\\/www.immo-invest.ch\\\/fr\\\/categories\\\/regions\\\/suisse\\\/suisse-du-nord-ouest\\\/region-aarau\\\/baden-fr\\\/#listItem\",\"position\":6,\"name\":\"Baden\",\"item\":\"https:\\\/\\\/www.immo-invest.ch\\\/fr\\\/categories\\\/regions\\\/suisse\\\/suisse-du-nord-ouest\\\/region-aarau\\\/baden-fr\\\/\",\"nextItem\":{\"@type\":\"ListItem\",\"@id\":\"https:\\\/\\\/www.immo-invest.ch\\\/fr\\\/gesamtverkehrskonzept-2040-fuer-raum-baden\\\/#listItem\",\"name\":\"Concept global de transport 2040 pour la r\\u00e9gion de Baden\"},\"previousItem\":{\"@type\":\"ListItem\",\"@id\":\"https:\\\/\\\/www.immo-invest.ch\\\/fr\\\/categories\\\/regions\\\/suisse\\\/suisse-du-nord-ouest\\\/region-aarau\\\/#listItem\",\"name\":\"Aargau\"}},{\"@type\":\"ListItem\",\"@id\":\"https:\\\/\\\/www.immo-invest.ch\\\/fr\\\/gesamtverkehrskonzept-2040-fuer-raum-baden\\\/#listItem\",\"position\":7,\"name\":\"Concept global de transport 2040 pour la r\\u00e9gion de Baden\",\"previousItem\":{\"@type\":\"ListItem\",\"@id\":\"https:\\\/\\\/www.immo-invest.ch\\\/fr\\\/categories\\\/regions\\\/suisse\\\/suisse-du-nord-ouest\\\/region-aarau\\\/baden-fr\\\/#listItem\",\"name\":\"Baden\"}}]},{\"@type\":\"Organization\",\"@id\":\"https:\\\/\\\/www.immo-invest.ch\\\/fr\\\/#organization\",\"name\":\"immo!nvest - Die Plattform f\\u00fcr Standorte und Immobilien\",\"description\":\"Die\\u00a0Plattform f\\u00fcr Standorte und Immobilien\",\"url\":\"https:\\\/\\\/www.immo-invest.ch\\\/fr\\\/\",\"email\":\"admin@immomedia.ag\",\"telephone\":\"+41444420002\",\"logo\":{\"@type\":\"ImageObject\",\"url\":\"https:\\\/\\\/www.immo-invest.ch\\\/wp-content\\\/uploads\\\/2024\\\/09\\\/immoinvest_sm-scaled.jpg\",\"@id\":\"https:\\\/\\\/www.immo-invest.ch\\\/fr\\\/gesamtverkehrskonzept-2040-fuer-raum-baden\\\/#organizationLogo\",\"width\":2560,\"height\":1340},\"image\":{\"@id\":\"https:\\\/\\\/www.immo-invest.ch\\\/fr\\\/gesamtverkehrskonzept-2040-fuer-raum-baden\\\/#organizationLogo\"},\"sameAs\":[\"https:\\\/\\\/www.facebook.com\\\/people\\\/Immoinvest\\\/100077962920504\\\/\",\"https:\\\/\\\/x.com\\\/i\\\/flow\\\/login?redirect_after_login=immoinvest_ch\",\"https:\\\/\\\/www.instagram.com\\\/immoinvest_ch\\\/\",\"https:\\\/\\\/www.linkedin.com\\\/company\\\/immoinvest-swiss\"]},{\"@type\":\"Person\",\"@id\":\"https:\\\/\\\/www.immo-invest.ch\\\/fr\\\/author\\\/immovestuser\\\/#author\",\"url\":\"https:\\\/\\\/www.immo-invest.ch\\\/fr\\\/author\\\/immovestuser\\\/\",\"name\":\"immovestuser\",\"image\":{\"@type\":\"ImageObject\",\"@id\":\"https:\\\/\\\/www.immo-invest.ch\\\/fr\\\/gesamtverkehrskonzept-2040-fuer-raum-baden\\\/#authorImage\",\"url\":\"https:\\\/\\\/secure.gravatar.com\\\/avatar\\\/8e01f4d99f2eeea7a362ebb93305e1172a70e9293ba250f897a65c39f54cdd1e?s=96&d=mm&r=g\",\"width\":96,\"height\":96,\"caption\":\"immovestuser\"}},{\"@type\":\"WebPage\",\"@id\":\"https:\\\/\\\/www.immo-invest.ch\\\/fr\\\/gesamtverkehrskonzept-2040-fuer-raum-baden\\\/#webpage\",\"url\":\"https:\\\/\\\/www.immo-invest.ch\\\/fr\\\/gesamtverkehrskonzept-2040-fuer-raum-baden\\\/\",\"name\":\"Concept global de transport 2040 pour la r\\u00e9gion de Baden - immo!nvest - Die Plattform f\\u00fcr Standorte und Immobilien\",\"description\":\"Le 1er novembre 2024, la d\\u00e9l\\u00e9gation des autorit\\u00e9s du concept global de transport (GVK) de la r\\u00e9gion de Baden a adopt\\u00e9 \\u00e0 l'unanimit\\u00e9 l'\\u00e9ventail de mesures 2040. Ce concept global comprend une cinquantaine de mesures individuelles coordonn\\u00e9es visant \\u00e0 optimiser le train, le bus, le r\\u00e9seau routier ainsi que les d\\u00e9placements \\u00e0 pied et \\u00e0 v\\u00e9lo.\",\"inLanguage\":\"fr-FR\",\"isPartOf\":{\"@id\":\"https:\\\/\\\/www.immo-invest.ch\\\/fr\\\/#website\"},\"breadcrumb\":{\"@id\":\"https:\\\/\\\/www.immo-invest.ch\\\/fr\\\/gesamtverkehrskonzept-2040-fuer-raum-baden\\\/#breadcrumblist\"},\"author\":{\"@id\":\"https:\\\/\\\/www.immo-invest.ch\\\/fr\\\/author\\\/immovestuser\\\/#author\"},\"creator\":{\"@id\":\"https:\\\/\\\/www.immo-invest.ch\\\/fr\\\/author\\\/immovestuser\\\/#author\"},\"image\":{\"@type\":\"ImageObject\",\"url\":\"https:\\\/\\\/www.immo-invest.ch\\\/wp-content\\\/uploads\\\/2024\\\/11\\\/20241101_BDel_flach_1731917996865_jpg_1280x450_de.jpg\",\"@id\":\"https:\\\/\\\/www.immo-invest.ch\\\/fr\\\/gesamtverkehrskonzept-2040-fuer-raum-baden\\\/#mainImage\",\"width\":1280,\"height\":450,\"caption\":\"https:\\\/\\\/www.ag.ch\\\/de\\\/verwaltung\\\/bvu\\\/mobilitaet-verkehr\\\/mobilitaet\\\/gesamtverkehrsplanung\\\/gesamtverkehrskonzept-region-ostaargau\\\/teilprojekt-gesamtverkehrskonzept-raum-baden-und-umgebung?dc=7c91a0d2-217f-4eae-970f-c83f7e5ff8c3_de\"},\"primaryImageOfPage\":{\"@id\":\"https:\\\/\\\/www.immo-invest.ch\\\/fr\\\/gesamtverkehrskonzept-2040-fuer-raum-baden\\\/#mainImage\"},\"datePublished\":\"2024-11-22T15:05:12+01:00\",\"dateModified\":\"2024-11-22T15:41:45+01:00\"},{\"@type\":\"WebSite\",\"@id\":\"https:\\\/\\\/www.immo-invest.ch\\\/fr\\\/#website\",\"url\":\"https:\\\/\\\/www.immo-invest.ch\\\/fr\\\/\",\"name\":\"immo!nvest - Die Plattform f\\u00fcr Standorte und Immobilien\",\"description\":\"Die\\u00a0Plattform f\\u00fcr Standorte und Immobilien\",\"inLanguage\":\"fr-FR\",\"publisher\":{\"@id\":\"https:\\\/\\\/www.immo-invest.ch\\\/fr\\\/#organization\"}}]}\n\t\t<\/script>\n\t\t<!-- All in One SEO -->\n\n","aioseo_head_json":{"title":"Concept global de transport 2040 pour la r\u00e9gion de Baden - immo!nvest - Die Plattform f\u00fcr Standorte und Immobilien","description":"Le 1er novembre 2024, la d\u00e9l\u00e9gation des autorit\u00e9s du concept global de transport (GVK) de la r\u00e9gion de Baden a adopt\u00e9 \u00e0 l'unanimit\u00e9 l'\u00e9ventail de mesures 2040. Ce concept global comprend une cinquantaine de mesures individuelles coordonn\u00e9es visant \u00e0 optimiser le train, le bus, le r\u00e9seau routier ainsi que les d\u00e9placements \u00e0 pied et \u00e0 v\u00e9lo.","canonical_url":"https:\/\/www.immo-invest.ch\/fr\/gesamtverkehrskonzept-2040-fuer-raum-baden\/","robots":"max-image-preview:large","keywords":"","webmasterTools":{"google-site-verification":"fHJKvgWpZCR2zVBHWfkQeFXC11qieUSff0HGNYfuyLA","miscellaneous":""},"schema":{"@context":"https:\/\/schema.org","@graph":[{"@type":"BlogPosting","@id":"https:\/\/www.immo-invest.ch\/fr\/gesamtverkehrskonzept-2040-fuer-raum-baden\/#blogposting","name":"Concept global de transport 2040 pour la r\u00e9gion de Baden - immo!nvest - Die Plattform f\u00fcr Standorte und Immobilien","headline":"Concept global de transport 2040 pour la r\u00e9gion de Baden","author":{"@id":"https:\/\/www.immo-invest.ch\/fr\/author\/immovestuser\/#author"},"publisher":{"@id":"https:\/\/www.immo-invest.ch\/fr\/#organization"},"image":{"@type":"ImageObject","url":"https:\/\/www.immo-invest.ch\/wp-content\/uploads\/2024\/11\/20241101_BDel_flach_1731917996865_jpg_1280x450_de.jpg","width":1280,"height":450,"caption":"https:\/\/www.ag.ch\/de\/verwaltung\/bvu\/mobilitaet-verkehr\/mobilitaet\/gesamtverkehrsplanung\/gesamtverkehrskonzept-region-ostaargau\/teilprojekt-gesamtverkehrskonzept-raum-baden-und-umgebung?dc=7c91a0d2-217f-4eae-970f-c83f7e5ff8c3_de"},"datePublished":"2024-11-22T15:05:12+01:00","dateModified":"2024-11-22T15:41:45+01:00","inLanguage":"fr-FR","mainEntityOfPage":{"@id":"https:\/\/www.immo-invest.ch\/fr\/gesamtverkehrskonzept-2040-fuer-raum-baden\/#webpage"},"isPartOf":{"@id":"https:\/\/www.immo-invest.ch\/fr\/gesamtverkehrskonzept-2040-fuer-raum-baden\/#webpage"},"articleSection":"Baden, Durabilit\u00e9, Mobilit\u00e9, Gesamtverkehrskonzept, Immoinvest, immoNews, Langsamverkehr, Mobilit\u00e4t, Nachhaltigkeit, News, \u00f6ffentlicher Verkehr, Verkehrsentlastung, Facultatif"},{"@type":"BreadcrumbList","@id":"https:\/\/www.immo-invest.ch\/fr\/gesamtverkehrskonzept-2040-fuer-raum-baden\/#breadcrumblist","itemListElement":[{"@type":"ListItem","@id":"https:\/\/www.immo-invest.ch\/fr\/#listItem","position":1,"name":"Home","item":"https:\/\/www.immo-invest.ch\/fr\/","nextItem":{"@type":"ListItem","@id":"https:\/\/www.immo-invest.ch\/fr\/categories\/regions\/#listItem","name":"R\u00e9gions"}},{"@type":"ListItem","@id":"https:\/\/www.immo-invest.ch\/fr\/categories\/regions\/#listItem","position":2,"name":"R\u00e9gions","item":"https:\/\/www.immo-invest.ch\/fr\/categories\/regions\/","nextItem":{"@type":"ListItem","@id":"https:\/\/www.immo-invest.ch\/fr\/categories\/regions\/suisse\/#listItem","name":"Suisse"},"previousItem":{"@type":"ListItem","@id":"https:\/\/www.immo-invest.ch\/fr\/#listItem","name":"Home"}},{"@type":"ListItem","@id":"https:\/\/www.immo-invest.ch\/fr\/categories\/regions\/suisse\/#listItem","position":3,"name":"Suisse","item":"https:\/\/www.immo-invest.ch\/fr\/categories\/regions\/suisse\/","nextItem":{"@type":"ListItem","@id":"https:\/\/www.immo-invest.ch\/fr\/categories\/regions\/suisse\/suisse-du-nord-ouest\/#listItem","name":"Suisse du Nord-Ouest"},"previousItem":{"@type":"ListItem","@id":"https:\/\/www.immo-invest.ch\/fr\/categories\/regions\/#listItem","name":"R\u00e9gions"}},{"@type":"ListItem","@id":"https:\/\/www.immo-invest.ch\/fr\/categories\/regions\/suisse\/suisse-du-nord-ouest\/#listItem","position":4,"name":"Suisse du Nord-Ouest","item":"https:\/\/www.immo-invest.ch\/fr\/categories\/regions\/suisse\/suisse-du-nord-ouest\/","nextItem":{"@type":"ListItem","@id":"https:\/\/www.immo-invest.ch\/fr\/categories\/regions\/suisse\/suisse-du-nord-ouest\/region-aarau\/#listItem","name":"Aargau"},"previousItem":{"@type":"ListItem","@id":"https:\/\/www.immo-invest.ch\/fr\/categories\/regions\/suisse\/#listItem","name":"Suisse"}},{"@type":"ListItem","@id":"https:\/\/www.immo-invest.ch\/fr\/categories\/regions\/suisse\/suisse-du-nord-ouest\/region-aarau\/#listItem","position":5,"name":"Aargau","item":"https:\/\/www.immo-invest.ch\/fr\/categories\/regions\/suisse\/suisse-du-nord-ouest\/region-aarau\/","nextItem":{"@type":"ListItem","@id":"https:\/\/www.immo-invest.ch\/fr\/categories\/regions\/suisse\/suisse-du-nord-ouest\/region-aarau\/baden-fr\/#listItem","name":"Baden"},"previousItem":{"@type":"ListItem","@id":"https:\/\/www.immo-invest.ch\/fr\/categories\/regions\/suisse\/suisse-du-nord-ouest\/#listItem","name":"Suisse du Nord-Ouest"}},{"@type":"ListItem","@id":"https:\/\/www.immo-invest.ch\/fr\/categories\/regions\/suisse\/suisse-du-nord-ouest\/region-aarau\/baden-fr\/#listItem","position":6,"name":"Baden","item":"https:\/\/www.immo-invest.ch\/fr\/categories\/regions\/suisse\/suisse-du-nord-ouest\/region-aarau\/baden-fr\/","nextItem":{"@type":"ListItem","@id":"https:\/\/www.immo-invest.ch\/fr\/gesamtverkehrskonzept-2040-fuer-raum-baden\/#listItem","name":"Concept global de transport 2040 pour la r\u00e9gion de Baden"},"previousItem":{"@type":"ListItem","@id":"https:\/\/www.immo-invest.ch\/fr\/categories\/regions\/suisse\/suisse-du-nord-ouest\/region-aarau\/#listItem","name":"Aargau"}},{"@type":"ListItem","@id":"https:\/\/www.immo-invest.ch\/fr\/gesamtverkehrskonzept-2040-fuer-raum-baden\/#listItem","position":7,"name":"Concept global de transport 2040 pour la r\u00e9gion de Baden","previousItem":{"@type":"ListItem","@id":"https:\/\/www.immo-invest.ch\/fr\/categories\/regions\/suisse\/suisse-du-nord-ouest\/region-aarau\/baden-fr\/#listItem","name":"Baden"}}]},{"@type":"Organization","@id":"https:\/\/www.immo-invest.ch\/fr\/#organization","name":"immo!nvest - Die Plattform f\u00fcr Standorte und Immobilien","description":"Die\u00a0Plattform f\u00fcr Standorte und Immobilien","url":"https:\/\/www.immo-invest.ch\/fr\/","email":"admin@immomedia.ag","telephone":"+41444420002","logo":{"@type":"ImageObject","url":"https:\/\/www.immo-invest.ch\/wp-content\/uploads\/2024\/09\/immoinvest_sm-scaled.jpg","@id":"https:\/\/www.immo-invest.ch\/fr\/gesamtverkehrskonzept-2040-fuer-raum-baden\/#organizationLogo","width":2560,"height":1340},"image":{"@id":"https:\/\/www.immo-invest.ch\/fr\/gesamtverkehrskonzept-2040-fuer-raum-baden\/#organizationLogo"},"sameAs":["https:\/\/www.facebook.com\/people\/Immoinvest\/100077962920504\/","https:\/\/x.com\/i\/flow\/login?redirect_after_login=immoinvest_ch","https:\/\/www.instagram.com\/immoinvest_ch\/","https:\/\/www.linkedin.com\/company\/immoinvest-swiss"]},{"@type":"Person","@id":"https:\/\/www.immo-invest.ch\/fr\/author\/immovestuser\/#author","url":"https:\/\/www.immo-invest.ch\/fr\/author\/immovestuser\/","name":"immovestuser","image":{"@type":"ImageObject","@id":"https:\/\/www.immo-invest.ch\/fr\/gesamtverkehrskonzept-2040-fuer-raum-baden\/#authorImage","url":"https:\/\/secure.gravatar.com\/avatar\/8e01f4d99f2eeea7a362ebb93305e1172a70e9293ba250f897a65c39f54cdd1e?s=96&d=mm&r=g","width":96,"height":96,"caption":"immovestuser"}},{"@type":"WebPage","@id":"https:\/\/www.immo-invest.ch\/fr\/gesamtverkehrskonzept-2040-fuer-raum-baden\/#webpage","url":"https:\/\/www.immo-invest.ch\/fr\/gesamtverkehrskonzept-2040-fuer-raum-baden\/","name":"Concept global de transport 2040 pour la r\u00e9gion de Baden - immo!nvest - Die Plattform f\u00fcr Standorte und Immobilien","description":"Le 1er novembre 2024, la d\u00e9l\u00e9gation des autorit\u00e9s du concept global de transport (GVK) de la r\u00e9gion de Baden a adopt\u00e9 \u00e0 l'unanimit\u00e9 l'\u00e9ventail de mesures 2040. Ce concept global comprend une cinquantaine de mesures individuelles coordonn\u00e9es visant \u00e0 optimiser le train, le bus, le r\u00e9seau routier ainsi que les d\u00e9placements \u00e0 pied et \u00e0 v\u00e9lo.","inLanguage":"fr-FR","isPartOf":{"@id":"https:\/\/www.immo-invest.ch\/fr\/#website"},"breadcrumb":{"@id":"https:\/\/www.immo-invest.ch\/fr\/gesamtverkehrskonzept-2040-fuer-raum-baden\/#breadcrumblist"},"author":{"@id":"https:\/\/www.immo-invest.ch\/fr\/author\/immovestuser\/#author"},"creator":{"@id":"https:\/\/www.immo-invest.ch\/fr\/author\/immovestuser\/#author"},"image":{"@type":"ImageObject","url":"https:\/\/www.immo-invest.ch\/wp-content\/uploads\/2024\/11\/20241101_BDel_flach_1731917996865_jpg_1280x450_de.jpg","@id":"https:\/\/www.immo-invest.ch\/fr\/gesamtverkehrskonzept-2040-fuer-raum-baden\/#mainImage","width":1280,"height":450,"caption":"https:\/\/www.ag.ch\/de\/verwaltung\/bvu\/mobilitaet-verkehr\/mobilitaet\/gesamtverkehrsplanung\/gesamtverkehrskonzept-region-ostaargau\/teilprojekt-gesamtverkehrskonzept-raum-baden-und-umgebung?dc=7c91a0d2-217f-4eae-970f-c83f7e5ff8c3_de"},"primaryImageOfPage":{"@id":"https:\/\/www.immo-invest.ch\/fr\/gesamtverkehrskonzept-2040-fuer-raum-baden\/#mainImage"},"datePublished":"2024-11-22T15:05:12+01:00","dateModified":"2024-11-22T15:41:45+01:00"},{"@type":"WebSite","@id":"https:\/\/www.immo-invest.ch\/fr\/#website","url":"https:\/\/www.immo-invest.ch\/fr\/","name":"immo!nvest - Die Plattform f\u00fcr Standorte und Immobilien","description":"Die\u00a0Plattform f\u00fcr Standorte und Immobilien","inLanguage":"fr-FR","publisher":{"@id":"https:\/\/www.immo-invest.ch\/fr\/#organization"}}]},"og:locale":"fr_FR","og:site_name":"immo!nvest - Die Plattform f\u00fcr Standorte und Immobilien - Die\u00a0Plattform f\u00fcr Standorte und Immobilien","og:type":"article","og:title":"Concept global de transport 2040 pour la r\u00e9gion de Baden - immo!nvest - Die Plattform f\u00fcr Standorte und Immobilien","og:description":"Le 1er novembre 2024, la d\u00e9l\u00e9gation des autorit\u00e9s du concept global de transport (GVK) de la r\u00e9gion de Baden a adopt\u00e9 \u00e0 l'unanimit\u00e9 l'\u00e9ventail de mesures 2040. Ce concept global comprend une cinquantaine de mesures individuelles coordonn\u00e9es visant \u00e0 optimiser le train, le bus, le r\u00e9seau routier ainsi que les d\u00e9placements \u00e0 pied et \u00e0 v\u00e9lo.","og:url":"https:\/\/www.immo-invest.ch\/fr\/gesamtverkehrskonzept-2040-fuer-raum-baden\/","og:image":"https:\/\/www.immo-invest.ch\/wp-content\/uploads\/2024\/11\/20241101_BDel_flach_1731917996865_jpg_1280x450_de.jpg","og:image:secure_url":"https:\/\/www.immo-invest.ch\/wp-content\/uploads\/2024\/11\/20241101_BDel_flach_1731917996865_jpg_1280x450_de.jpg","og:image:width":1280,"og:image:height":450,"article:published_time":"2024-11-22T14:05:12+00:00","article:modified_time":"2024-11-22T14:41:45+00:00","article:publisher":"https:\/\/www.facebook.com\/people\/Immoinvest\/100077962920504\/","twitter:card":"summary_large_image","twitter:site":"@i","twitter:title":"Concept global de transport 2040 pour la r\u00e9gion de Baden - immo!nvest - Die Plattform f\u00fcr Standorte und Immobilien","twitter:description":"Le 1er novembre 2024, la d\u00e9l\u00e9gation des autorit\u00e9s du concept global de transport (GVK) de la r\u00e9gion de Baden a adopt\u00e9 \u00e0 l'unanimit\u00e9 l'\u00e9ventail de mesures 2040. Ce concept global comprend une cinquantaine de mesures individuelles coordonn\u00e9es visant \u00e0 optimiser le train, le bus, le r\u00e9seau routier ainsi que les d\u00e9placements \u00e0 pied et \u00e0 v\u00e9lo.","twitter:creator":"@i","twitter:image":"https:\/\/www.immo-invest.ch\/wp-content\/uploads\/2024\/11\/20241101_BDel_flach_1731917996865_jpg_1280x450_de.jpg"},"aioseo_meta_data":{"post_id":"120028","title":null,"description":null,"keywords":null,"keyphrases":{"focus":{"keyphrase":"","score":0,"analysis":{"keyphraseInTitle":{"score":0,"maxScore":9,"error":1}}},"additional":[]},"primary_term":null,"canonical_url":null,"og_title":null,"og_description":null,"og_object_type":"default","og_image_type":"default","og_image_url":null,"og_image_width":null,"og_image_height":null,"og_image_custom_url":null,"og_image_custom_fields":null,"og_video":"","og_custom_url":null,"og_article_section":null,"og_article_tags":null,"twitter_use_og":false,"twitter_card":"default","twitter_image_type":"default","twitter_image_url":null,"twitter_image_custom_url":null,"twitter_image_custom_fields":null,"twitter_title":null,"twitter_description":null,"schema":{"blockGraphs":[],"customGraphs":[],"default":{"data":{"Article":[],"Course":[],"Dataset":[],"FAQPage":[],"Movie":[],"Person":[],"Product":[],"ProductReview":[],"Car":[],"Recipe":[],"Service":[],"SoftwareApplication":[],"WebPage":[]},"graphName":"BlogPosting","isEnabled":true},"graphs":[]},"schema_type":"default","schema_type_options":null,"pillar_content":false,"robots_default":true,"robots_noindex":false,"robots_noarchive":false,"robots_nosnippet":false,"robots_nofollow":false,"robots_noimageindex":false,"robots_noodp":false,"robots_notranslate":false,"robots_max_snippet":"-1","robots_max_videopreview":"-1","robots_max_imagepreview":"large","priority":null,"frequency":"default","local_seo":null,"breadcrumb_settings":null,"limit_modified_date":false,"ai":null,"created":"2024-11-22 14:38:08","updated":"2025-10-24 13:17:53","seo_analyzer_scan_date":null,"focus_keyword":null,"additional_keywords":null,"truseo_locale":null},"aioseo_breadcrumb":"<div class=\"aioseo-breadcrumbs\"><span class=\"aioseo-breadcrumb\">\n\t\t\t<a href=\"https:\/\/www.immo-invest.ch\/fr\/\" title=\"Home\">Home<\/a>\n\t\t<\/span><span class=\"aioseo-breadcrumb-separator\">&raquo;<\/span><span class=\"aioseo-breadcrumb\">\n\t\t\t<a href=\"https:\/\/www.immo-invest.ch\/fr\/categories\/regions\/\" title=\"R\u00e9gions\">R\u00e9gions<\/a>\n\t\t<\/span><span class=\"aioseo-breadcrumb-separator\">&raquo;<\/span><span class=\"aioseo-breadcrumb\">\n\t\t\t<a href=\"https:\/\/www.immo-invest.ch\/fr\/categories\/regions\/suisse\/\" title=\"Suisse\">Suisse<\/a>\n\t\t<\/span><span class=\"aioseo-breadcrumb-separator\">&raquo;<\/span><span class=\"aioseo-breadcrumb\">\n\t\t\t<a href=\"https:\/\/www.immo-invest.ch\/fr\/categories\/regions\/suisse\/suisse-du-nord-ouest\/\" title=\"Suisse du Nord-Ouest\">Suisse du Nord-Ouest<\/a>\n\t\t<\/span><span class=\"aioseo-breadcrumb-separator\">&raquo;<\/span><span class=\"aioseo-breadcrumb\">\n\t\t\t<a href=\"https:\/\/www.immo-invest.ch\/fr\/categories\/regions\/suisse\/suisse-du-nord-ouest\/region-aarau\/\" title=\"Aargau\">Aargau<\/a>\n\t\t<\/span><span class=\"aioseo-breadcrumb-separator\">&raquo;<\/span><span class=\"aioseo-breadcrumb\">\n\t\t\t<a href=\"https:\/\/www.immo-invest.ch\/fr\/categories\/regions\/suisse\/suisse-du-nord-ouest\/region-aarau\/baden-fr\/\" title=\"Baden\">Baden<\/a>\n\t\t<\/span><span class=\"aioseo-breadcrumb-separator\">&raquo;<\/span><span class=\"aioseo-breadcrumb\">\n\t\t\tConcept global de transport 2040 pour la r\u00e9gion de Baden\n\t\t<\/span><\/div>","aioseo_breadcrumb_json":[{"label":"Home","link":"https:\/\/www.immo-invest.ch\/fr\/"},{"label":"R\u00e9gions","link":"https:\/\/www.immo-invest.ch\/fr\/categories\/regions\/"},{"label":"Suisse","link":"https:\/\/www.immo-invest.ch\/fr\/categories\/regions\/suisse\/"},{"label":"Suisse du Nord-Ouest","link":"https:\/\/www.immo-invest.ch\/fr\/categories\/regions\/suisse\/suisse-du-nord-ouest\/"},{"label":"Aargau","link":"https:\/\/www.immo-invest.ch\/fr\/categories\/regions\/suisse\/suisse-du-nord-ouest\/region-aarau\/"},{"label":"Baden","link":"https:\/\/www.immo-invest.ch\/fr\/categories\/regions\/suisse\/suisse-du-nord-ouest\/region-aarau\/baden-fr\/"},{"label":"Concept global de transport 2040 pour la r\u00e9gion de Baden","link":"https:\/\/www.immo-invest.ch\/fr\/gesamtverkehrskonzept-2040-fuer-raum-baden\/"}],"featured_image_src":"https:\/\/www.immo-invest.ch\/wp-content\/uploads\/2024\/11\/20241101_BDel_flach_1731917996865_jpg_1280x450_de-336x168.jpg","_links":{"self":[{"href":"https:\/\/www.immo-invest.ch\/fr\/wp-json\/wp\/v2\/posts\/120028","targetHints":{"allow":["GET"]}}],"collection":[{"href":"https:\/\/www.immo-invest.ch\/fr\/wp-json\/wp\/v2\/posts"}],"about":[{"href":"https:\/\/www.immo-invest.ch\/fr\/wp-json\/wp\/v2\/types\/post"}],"author":[{"embeddable":true,"href":"https:\/\/www.immo-invest.ch\/fr\/wp-json\/wp\/v2\/users\/2"}],"replies":[{"embeddable":true,"href":"https:\/\/www.immo-invest.ch\/fr\/wp-json\/wp\/v2\/comments?post=120028"}],"version-history":[{"count":0,"href":"https:\/\/www.immo-invest.ch\/fr\/wp-json\/wp\/v2\/posts\/120028\/revisions"}],"wp:featuredmedia":[{"embeddable":true,"href":"https:\/\/www.immo-invest.ch\/fr\/wp-json\/wp\/v2\/media\/120001"}],"wp:attachment":[{"href":"https:\/\/www.immo-invest.ch\/fr\/wp-json\/wp\/v2\/media?parent=120028"}],"wp:term":[{"taxonomy":"category","embeddable":true,"href":"https:\/\/www.immo-invest.ch\/fr\/wp-json\/wp\/v2\/categories?post=120028"},{"taxonomy":"post_tag","embeddable":true,"href":"https:\/\/www.immo-invest.ch\/fr\/wp-json\/wp\/v2\/tags?post=120028"}],"curies":[{"name":"wp","href":"https:\/\/api.w.org\/{rel}","templated":true}]}}