{"id":119832,"date":"2024-11-20T17:32:24","date_gmt":"2024-11-20T16:32:24","guid":{"rendered":"https:\/\/www.immo-invest.ch\/?p=119832"},"modified":"2024-11-20T09:35:14","modified_gmt":"2024-11-20T08:35:14","slug":"uebernahme-staerkt-kompetenzen-in-gebaeudetechnik","status":"publish","type":"post","link":"https:\/\/www.immo-invest.ch\/fr\/uebernahme-staerkt-kompetenzen-in-gebaeudetechnik\/","title":{"rendered":"L&rsquo;acquisition renforce les comp\u00e9tences en ing\u00e9nierie du b\u00e2timent"},"content":{"rendered":"<p class=\"bodytext\">Le <a href=\"https:\/\/haelg.ch\/\" target=\"_blank\" rel=\"noopener\">groupe H&auml;lg<\/a>, bas&eacute; dans la r&eacute;gion du lac de Constance &agrave; Saint-Gall, reprend la <a href=\"https:\/\/www.oberhaensliag.ch\/\" target=\"_blank\" rel=\"noopener\">soci&eacute;t&eacute; Oberh&auml;nsli AG Geb&auml;udetechnik<\/a> de B&uuml;tschwil, sp&eacute;cialis&eacute;e dans la planification et l&rsquo;ex&eacute;cution de travaux de construction. Comme il ressort d&rsquo;un <a href=\"https:\/\/haelg.ch\/wp-content\/uploads\/2024\/11\/MM_HaelgCo.AG_uebernimmt_Oberhaensli_AG_DE.pdf\" target=\"_blank\" rel=\"noopener\">communiqu&eacute;<\/a>, l&rsquo;entreprise saint-galloise entend ainsi renforcer ses positions sur le march&eacute; du Toggenburg. Outre la conqu&ecirc;te de nouveaux march&eacute;s, H&auml;lg &amp; Co. AG veut &eacute;largir ses comp&eacute;tences dans le domaine de la climatisation et de la ventilation gr&acirc;ce &agrave; un &eacute;change de personnel qualifi&eacute;.<\/p>\n<p class=\"bodytext\">Les propri&eacute;taires actuels d&rsquo;Oberh&auml;nsli AG, Marianne et Peter Oberh&auml;nsli, continueront &agrave; diriger leur entreprise sous le nom actuel jusqu&rsquo;&agrave; la transmission compl&egrave;te le 1er janvier 2026. H&auml;lg exploitera B&uuml;tschwil comme site suppl&eacute;mentaire. H&auml;lg Group reprendra les 28 employ&eacute;s, dont six apprentis, et continuera &agrave; les employer.<\/p>\n<p class=\"bodytext\">&laquo;&nbsp;Nous sommes heureux d&rsquo;avoir trouv&eacute; avec H&auml;lg Group une solution de succession solide et orient&eacute;e vers l&rsquo;avenir&nbsp;&raquo;, ont d&eacute;clar&eacute; Marianne et Peter Oberh&auml;nsli, cit&eacute;s dans le communiqu&eacute;. &laquo;&nbsp;Nous appr&eacute;cions tout particuli&egrave;rement le fait que nos valeurs et celles du H&auml;lg Group co&iuml;ncident dans une large mesure, ce qui nous donne la certitude que notre entreprise continuera &agrave; &ecirc;tre g&eacute;r&eacute;e dans les meilleures conditions. Nous sommes confiants dans le fait que nos collaborateurs auront des possibilit&eacute;s de d&eacute;veloppement optimales et continueront &agrave; travailler dans un environnement qui valorise leur engagement et leur d&eacute;vouement&nbsp;&raquo;<\/p>\n","protected":false},"excerpt":{"rendered":"<p>Le groupe H\u00e4lg reprend Oberh\u00e4nsli AG Geb\u00e4udetechnik et renforce ainsi sa pr\u00e9sence dans le Toggenburg. Cette reprise assure le maintien de tous les emplois et favorise la collaboration dans le domaine de la climatisation et de la ventilation.<\/p>\n","protected":false},"author":2,"featured_media":119827,"comment_status":"open","ping_status":"open","sticky":false,"template":"","format":"standard","meta":{"pmpro_default_level":"","inline_featured_image":false,"_monsterinsights_skip_tracking":false,"footnotes":""},"categories":[22696,743,22357,9442],"tags":[3576,872,3931,50666,2002,18790],"class_list":["post-119832","post","type-post","status-publish","format-standard","has-post-thumbnail","hentry","category-entreprise","category-immonews-fr","category-industrie-du-batiment","category-region-saint-gall","tag-gebaeudetechnik-fr","tag-immoinvest-fr","tag-immonews-fr","tag-marktuebernahme-fr","tag-news-fr","tag-toggenburg-fr","pmpro-has-access"],"acf":{"bild_mit_ki_erstellt_worden":[],"lead":"Le groupe H\u00e4lg reprend Oberh\u00e4nsli AG Geb\u00e4udetechnik et renforce ainsi sa pr\u00e9sence dans le Toggenburg. Cette reprise assure le maintien de tous les emplois et favorise la collaboration dans le domaine de la climatisation et de la ventilation.","autor":"ce\/ww","ort":"St.Gallen","bildunterschrift":"","bild_im_grid":false,"gallerie":"","newsim":""},"aioseo_notices":[],"aioseo_head":"\n\t\t<!-- All in One SEO 5.0.0.1 - aioseo.com -->\n\t<meta name=\"description\" content=\"Le groupe H\u00e4lg reprend Oberh\u00e4nsli AG Geb\u00e4udetechnik et renforce ainsi sa pr\u00e9sence dans le Toggenburg. Cette reprise assure le maintien de tous les emplois et favorise la collaboration dans le domaine de la climatisation et de la ventilation.\" \/>\n\t<meta name=\"robots\" content=\"max-image-preview:large\" \/>\n\t<meta name=\"author\" content=\"immovestuser\"\/>\n\t<meta name=\"google-site-verification\" content=\"fHJKvgWpZCR2zVBHWfkQeFXC11qieUSff0HGNYfuyLA\" \/>\n\t<link rel=\"canonical\" href=\"https:\/\/www.immo-invest.ch\/fr\/uebernahme-staerkt-kompetenzen-in-gebaeudetechnik\/\" \/>\n\t<meta name=\"generator\" content=\"All in One SEO (AIOSEO) 5.0.0.1\" \/>\n\t\t<meta property=\"og:locale\" content=\"fr_FR\" \/>\n\t\t<meta property=\"og:site_name\" content=\"immo!nvest - Die Plattform f\u00fcr Standorte und Immobilien - Die\u00a0Plattform f\u00fcr Standorte und Immobilien\" \/>\n\t\t<meta property=\"og:type\" content=\"article\" \/>\n\t\t<meta property=\"og:title\" content=\"L\u2019acquisition renforce les comp\u00e9tences en ing\u00e9nierie du b\u00e2timent - immo!nvest - Die Plattform f\u00fcr Standorte und Immobilien\" \/>\n\t\t<meta property=\"og:description\" content=\"Le groupe H\u00e4lg reprend Oberh\u00e4nsli AG Geb\u00e4udetechnik et renforce ainsi sa pr\u00e9sence dans le Toggenburg. Cette reprise assure le maintien de tous les emplois et favorise la collaboration dans le domaine de la climatisation et de la ventilation.\" \/>\n\t\t<meta property=\"og:url\" content=\"https:\/\/www.immo-invest.ch\/fr\/uebernahme-staerkt-kompetenzen-in-gebaeudetechnik\/\" \/>\n\t\t<meta property=\"og:image\" content=\"https:\/\/www.immo-invest.ch\/wp-content\/uploads\/2024\/11\/Unbenannt-10.png\" \/>\n\t\t<meta property=\"og:image:secure_url\" content=\"https:\/\/www.immo-invest.ch\/wp-content\/uploads\/2024\/11\/Unbenannt-10.png\" \/>\n\t\t<meta property=\"og:image:width\" content=\"1792\" \/>\n\t\t<meta property=\"og:image:height\" content=\"1024\" \/>\n\t\t<meta property=\"article:published_time\" content=\"2024-11-20T16:32:24+00:00\" \/>\n\t\t<meta property=\"article:modified_time\" content=\"2024-11-20T08:35:14+00:00\" \/>\n\t\t<meta property=\"article:publisher\" content=\"https:\/\/www.facebook.com\/people\/Immoinvest\/100077962920504\/\" \/>\n\t\t<meta name=\"twitter:card\" content=\"summary_large_image\" \/>\n\t\t<meta name=\"twitter:site\" content=\"@i\" \/>\n\t\t<meta name=\"twitter:title\" content=\"L\u2019acquisition renforce les comp\u00e9tences en ing\u00e9nierie du b\u00e2timent - immo!nvest - Die Plattform f\u00fcr Standorte und Immobilien\" \/>\n\t\t<meta name=\"twitter:description\" content=\"Le groupe H\u00e4lg reprend Oberh\u00e4nsli AG Geb\u00e4udetechnik et renforce ainsi sa pr\u00e9sence dans le Toggenburg. Cette reprise assure le maintien de tous les emplois et favorise la collaboration dans le domaine de la climatisation et de la ventilation.\" \/>\n\t\t<meta name=\"twitter:creator\" content=\"@i\" \/>\n\t\t<meta name=\"twitter:image\" content=\"https:\/\/www.immo-invest.ch\/wp-content\/uploads\/2024\/11\/Unbenannt-10.png\" \/>\n\t\t<script type=\"application\/ld+json\" class=\"aioseo-schema\">\n\t\t\t{\"@context\":\"https:\\\/\\\/schema.org\",\"@graph\":[{\"@type\":\"BlogPosting\",\"@id\":\"https:\\\/\\\/www.immo-invest.ch\\\/fr\\\/uebernahme-staerkt-kompetenzen-in-gebaeudetechnik\\\/#blogposting\",\"name\":\"L\\u2019acquisition renforce les comp\\u00e9tences en ing\\u00e9nierie du b\\u00e2timent - immo!nvest - Die Plattform f\\u00fcr Standorte und Immobilien\",\"headline\":\"L&rsquo;acquisition renforce les comp\\u00e9tences en ing\\u00e9nierie du b\\u00e2timent\",\"author\":{\"@id\":\"https:\\\/\\\/www.immo-invest.ch\\\/fr\\\/author\\\/immovestuser\\\/#author\"},\"publisher\":{\"@id\":\"https:\\\/\\\/www.immo-invest.ch\\\/fr\\\/#organization\"},\"image\":{\"@type\":\"ImageObject\",\"url\":\"https:\\\/\\\/www.immo-invest.ch\\\/wp-content\\\/uploads\\\/2024\\\/11\\\/Unbenannt-10.png\",\"width\":1792,\"height\":1024},\"datePublished\":\"2024-11-20T17:32:24+01:00\",\"dateModified\":\"2024-11-20T09:35:14+01:00\",\"inLanguage\":\"fr-FR\",\"mainEntityOfPage\":{\"@id\":\"https:\\\/\\\/www.immo-invest.ch\\\/fr\\\/uebernahme-staerkt-kompetenzen-in-gebaeudetechnik\\\/#webpage\"},\"isPartOf\":{\"@id\":\"https:\\\/\\\/www.immo-invest.ch\\\/fr\\\/uebernahme-staerkt-kompetenzen-in-gebaeudetechnik\\\/#webpage\"},\"articleSection\":\"Entreprise, immoNews, Industrie du b\\u00e2timent, Saint-Gall, Geb\\u00e4udetechnik, Immoinvest, immoNews, Markt\\u00fcbernahme, News, Toggenburg, Facultatif\"},{\"@type\":\"BreadcrumbList\",\"@id\":\"https:\\\/\\\/www.immo-invest.ch\\\/fr\\\/uebernahme-staerkt-kompetenzen-in-gebaeudetechnik\\\/#breadcrumblist\",\"itemListElement\":[{\"@type\":\"ListItem\",\"@id\":\"https:\\\/\\\/www.immo-invest.ch\\\/fr\\\/#listItem\",\"position\":1,\"name\":\"Home\",\"item\":\"https:\\\/\\\/www.immo-invest.ch\\\/fr\\\/\",\"nextItem\":{\"@type\":\"ListItem\",\"@id\":\"https:\\\/\\\/www.immo-invest.ch\\\/fr\\\/categories\\\/regions\\\/#listItem\",\"name\":\"R\\u00e9gions\"}},{\"@type\":\"ListItem\",\"@id\":\"https:\\\/\\\/www.immo-invest.ch\\\/fr\\\/categories\\\/regions\\\/#listItem\",\"position\":2,\"name\":\"R\\u00e9gions\",\"item\":\"https:\\\/\\\/www.immo-invest.ch\\\/fr\\\/categories\\\/regions\\\/\",\"nextItem\":{\"@type\":\"ListItem\",\"@id\":\"https:\\\/\\\/www.immo-invest.ch\\\/fr\\\/categories\\\/regions\\\/suisse\\\/#listItem\",\"name\":\"Suisse\"},\"previousItem\":{\"@type\":\"ListItem\",\"@id\":\"https:\\\/\\\/www.immo-invest.ch\\\/fr\\\/#listItem\",\"name\":\"Home\"}},{\"@type\":\"ListItem\",\"@id\":\"https:\\\/\\\/www.immo-invest.ch\\\/fr\\\/categories\\\/regions\\\/suisse\\\/#listItem\",\"position\":3,\"name\":\"Suisse\",\"item\":\"https:\\\/\\\/www.immo-invest.ch\\\/fr\\\/categories\\\/regions\\\/suisse\\\/\",\"nextItem\":{\"@type\":\"ListItem\",\"@id\":\"https:\\\/\\\/www.immo-invest.ch\\\/fr\\\/categories\\\/regions\\\/suisse\\\/suisse-orientale\\\/#listItem\",\"name\":\"Suisse orientale\"},\"previousItem\":{\"@type\":\"ListItem\",\"@id\":\"https:\\\/\\\/www.immo-invest.ch\\\/fr\\\/categories\\\/regions\\\/#listItem\",\"name\":\"R\\u00e9gions\"}},{\"@type\":\"ListItem\",\"@id\":\"https:\\\/\\\/www.immo-invest.ch\\\/fr\\\/categories\\\/regions\\\/suisse\\\/suisse-orientale\\\/#listItem\",\"position\":4,\"name\":\"Suisse orientale\",\"item\":\"https:\\\/\\\/www.immo-invest.ch\\\/fr\\\/categories\\\/regions\\\/suisse\\\/suisse-orientale\\\/\",\"nextItem\":{\"@type\":\"ListItem\",\"@id\":\"https:\\\/\\\/www.immo-invest.ch\\\/fr\\\/categories\\\/regions\\\/suisse\\\/suisse-orientale\\\/region-saint-gall\\\/#listItem\",\"name\":\"Saint-Gall\"},\"previousItem\":{\"@type\":\"ListItem\",\"@id\":\"https:\\\/\\\/www.immo-invest.ch\\\/fr\\\/categories\\\/regions\\\/suisse\\\/#listItem\",\"name\":\"Suisse\"}},{\"@type\":\"ListItem\",\"@id\":\"https:\\\/\\\/www.immo-invest.ch\\\/fr\\\/categories\\\/regions\\\/suisse\\\/suisse-orientale\\\/region-saint-gall\\\/#listItem\",\"position\":5,\"name\":\"Saint-Gall\",\"item\":\"https:\\\/\\\/www.immo-invest.ch\\\/fr\\\/categories\\\/regions\\\/suisse\\\/suisse-orientale\\\/region-saint-gall\\\/\",\"nextItem\":{\"@type\":\"ListItem\",\"@id\":\"https:\\\/\\\/www.immo-invest.ch\\\/fr\\\/uebernahme-staerkt-kompetenzen-in-gebaeudetechnik\\\/#listItem\",\"name\":\"L&rsquo;acquisition renforce les comp\\u00e9tences en ing\\u00e9nierie du b\\u00e2timent\"},\"previousItem\":{\"@type\":\"ListItem\",\"@id\":\"https:\\\/\\\/www.immo-invest.ch\\\/fr\\\/categories\\\/regions\\\/suisse\\\/suisse-orientale\\\/#listItem\",\"name\":\"Suisse orientale\"}},{\"@type\":\"ListItem\",\"@id\":\"https:\\\/\\\/www.immo-invest.ch\\\/fr\\\/uebernahme-staerkt-kompetenzen-in-gebaeudetechnik\\\/#listItem\",\"position\":6,\"name\":\"L&rsquo;acquisition renforce les comp\\u00e9tences en ing\\u00e9nierie du b\\u00e2timent\",\"previousItem\":{\"@type\":\"ListItem\",\"@id\":\"https:\\\/\\\/www.immo-invest.ch\\\/fr\\\/categories\\\/regions\\\/suisse\\\/suisse-orientale\\\/region-saint-gall\\\/#listItem\",\"name\":\"Saint-Gall\"}}]},{\"@type\":\"Organization\",\"@id\":\"https:\\\/\\\/www.immo-invest.ch\\\/fr\\\/#organization\",\"name\":\"immo!nvest - Die Plattform f\\u00fcr Standorte und Immobilien\",\"description\":\"Die\\u00a0Plattform f\\u00fcr Standorte und Immobilien\",\"url\":\"https:\\\/\\\/www.immo-invest.ch\\\/fr\\\/\",\"email\":\"admin@immomedia.ag\",\"telephone\":\"+41444420002\",\"logo\":{\"@type\":\"ImageObject\",\"url\":\"https:\\\/\\\/www.immo-invest.ch\\\/wp-content\\\/uploads\\\/2024\\\/09\\\/immoinvest_sm-scaled.jpg\",\"@id\":\"https:\\\/\\\/www.immo-invest.ch\\\/fr\\\/uebernahme-staerkt-kompetenzen-in-gebaeudetechnik\\\/#organizationLogo\",\"width\":2560,\"height\":1340},\"image\":{\"@id\":\"https:\\\/\\\/www.immo-invest.ch\\\/fr\\\/uebernahme-staerkt-kompetenzen-in-gebaeudetechnik\\\/#organizationLogo\"},\"sameAs\":[\"https:\\\/\\\/www.facebook.com\\\/people\\\/Immoinvest\\\/100077962920504\\\/\",\"https:\\\/\\\/x.com\\\/i\\\/flow\\\/login?redirect_after_login=immoinvest_ch\",\"https:\\\/\\\/www.instagram.com\\\/immoinvest_ch\\\/\",\"https:\\\/\\\/www.linkedin.com\\\/company\\\/immoinvest-swiss\"]},{\"@type\":\"Person\",\"@id\":\"https:\\\/\\\/www.immo-invest.ch\\\/fr\\\/author\\\/immovestuser\\\/#author\",\"url\":\"https:\\\/\\\/www.immo-invest.ch\\\/fr\\\/author\\\/immovestuser\\\/\",\"name\":\"immovestuser\",\"image\":{\"@type\":\"ImageObject\",\"@id\":\"https:\\\/\\\/www.immo-invest.ch\\\/fr\\\/uebernahme-staerkt-kompetenzen-in-gebaeudetechnik\\\/#authorImage\",\"url\":\"https:\\\/\\\/secure.gravatar.com\\\/avatar\\\/8e01f4d99f2eeea7a362ebb93305e1172a70e9293ba250f897a65c39f54cdd1e?s=96&d=mm&r=g\",\"width\":96,\"height\":96,\"caption\":\"immovestuser\"}},{\"@type\":\"WebPage\",\"@id\":\"https:\\\/\\\/www.immo-invest.ch\\\/fr\\\/uebernahme-staerkt-kompetenzen-in-gebaeudetechnik\\\/#webpage\",\"url\":\"https:\\\/\\\/www.immo-invest.ch\\\/fr\\\/uebernahme-staerkt-kompetenzen-in-gebaeudetechnik\\\/\",\"name\":\"L\\u2019acquisition renforce les comp\\u00e9tences en ing\\u00e9nierie du b\\u00e2timent - immo!nvest - Die Plattform f\\u00fcr Standorte und Immobilien\",\"description\":\"Le groupe H\\u00e4lg reprend Oberh\\u00e4nsli AG Geb\\u00e4udetechnik et renforce ainsi sa pr\\u00e9sence dans le Toggenburg. Cette reprise assure le maintien de tous les emplois et favorise la collaboration dans le domaine de la climatisation et de la ventilation.\",\"inLanguage\":\"fr-FR\",\"isPartOf\":{\"@id\":\"https:\\\/\\\/www.immo-invest.ch\\\/fr\\\/#website\"},\"breadcrumb\":{\"@id\":\"https:\\\/\\\/www.immo-invest.ch\\\/fr\\\/uebernahme-staerkt-kompetenzen-in-gebaeudetechnik\\\/#breadcrumblist\"},\"author\":{\"@id\":\"https:\\\/\\\/www.immo-invest.ch\\\/fr\\\/author\\\/immovestuser\\\/#author\"},\"creator\":{\"@id\":\"https:\\\/\\\/www.immo-invest.ch\\\/fr\\\/author\\\/immovestuser\\\/#author\"},\"image\":{\"@type\":\"ImageObject\",\"url\":\"https:\\\/\\\/www.immo-invest.ch\\\/wp-content\\\/uploads\\\/2024\\\/11\\\/Unbenannt-10.png\",\"@id\":\"https:\\\/\\\/www.immo-invest.ch\\\/fr\\\/uebernahme-staerkt-kompetenzen-in-gebaeudetechnik\\\/#mainImage\",\"width\":1792,\"height\":1024},\"primaryImageOfPage\":{\"@id\":\"https:\\\/\\\/www.immo-invest.ch\\\/fr\\\/uebernahme-staerkt-kompetenzen-in-gebaeudetechnik\\\/#mainImage\"},\"datePublished\":\"2024-11-20T17:32:24+01:00\",\"dateModified\":\"2024-11-20T09:35:14+01:00\"},{\"@type\":\"WebSite\",\"@id\":\"https:\\\/\\\/www.immo-invest.ch\\\/fr\\\/#website\",\"url\":\"https:\\\/\\\/www.immo-invest.ch\\\/fr\\\/\",\"name\":\"immo!nvest - Die Plattform f\\u00fcr Standorte und Immobilien\",\"description\":\"Die\\u00a0Plattform f\\u00fcr Standorte und Immobilien\",\"inLanguage\":\"fr-FR\",\"publisher\":{\"@id\":\"https:\\\/\\\/www.immo-invest.ch\\\/fr\\\/#organization\"}}]}\n\t\t<\/script>\n\t\t<!-- All in One SEO -->\n\n","aioseo_head_json":{"title":"L\u2019acquisition renforce les comp\u00e9tences en ing\u00e9nierie du b\u00e2timent - immo!nvest - Die Plattform f\u00fcr Standorte und Immobilien","description":"Le groupe H\u00e4lg reprend Oberh\u00e4nsli AG Geb\u00e4udetechnik et renforce ainsi sa pr\u00e9sence dans le Toggenburg. Cette reprise assure le maintien de tous les emplois et favorise la collaboration dans le domaine de la climatisation et de la ventilation.","canonical_url":"https:\/\/www.immo-invest.ch\/fr\/uebernahme-staerkt-kompetenzen-in-gebaeudetechnik\/","robots":"max-image-preview:large","keywords":"","webmasterTools":{"google-site-verification":"fHJKvgWpZCR2zVBHWfkQeFXC11qieUSff0HGNYfuyLA","miscellaneous":""},"schema":{"@context":"https:\/\/schema.org","@graph":[{"@type":"BlogPosting","@id":"https:\/\/www.immo-invest.ch\/fr\/uebernahme-staerkt-kompetenzen-in-gebaeudetechnik\/#blogposting","name":"L\u2019acquisition renforce les comp\u00e9tences en ing\u00e9nierie du b\u00e2timent - immo!nvest - Die Plattform f\u00fcr Standorte und Immobilien","headline":"L&rsquo;acquisition renforce les comp\u00e9tences en ing\u00e9nierie du b\u00e2timent","author":{"@id":"https:\/\/www.immo-invest.ch\/fr\/author\/immovestuser\/#author"},"publisher":{"@id":"https:\/\/www.immo-invest.ch\/fr\/#organization"},"image":{"@type":"ImageObject","url":"https:\/\/www.immo-invest.ch\/wp-content\/uploads\/2024\/11\/Unbenannt-10.png","width":1792,"height":1024},"datePublished":"2024-11-20T17:32:24+01:00","dateModified":"2024-11-20T09:35:14+01:00","inLanguage":"fr-FR","mainEntityOfPage":{"@id":"https:\/\/www.immo-invest.ch\/fr\/uebernahme-staerkt-kompetenzen-in-gebaeudetechnik\/#webpage"},"isPartOf":{"@id":"https:\/\/www.immo-invest.ch\/fr\/uebernahme-staerkt-kompetenzen-in-gebaeudetechnik\/#webpage"},"articleSection":"Entreprise, immoNews, Industrie du b\u00e2timent, Saint-Gall, Geb\u00e4udetechnik, Immoinvest, immoNews, Markt\u00fcbernahme, News, Toggenburg, Facultatif"},{"@type":"BreadcrumbList","@id":"https:\/\/www.immo-invest.ch\/fr\/uebernahme-staerkt-kompetenzen-in-gebaeudetechnik\/#breadcrumblist","itemListElement":[{"@type":"ListItem","@id":"https:\/\/www.immo-invest.ch\/fr\/#listItem","position":1,"name":"Home","item":"https:\/\/www.immo-invest.ch\/fr\/","nextItem":{"@type":"ListItem","@id":"https:\/\/www.immo-invest.ch\/fr\/categories\/regions\/#listItem","name":"R\u00e9gions"}},{"@type":"ListItem","@id":"https:\/\/www.immo-invest.ch\/fr\/categories\/regions\/#listItem","position":2,"name":"R\u00e9gions","item":"https:\/\/www.immo-invest.ch\/fr\/categories\/regions\/","nextItem":{"@type":"ListItem","@id":"https:\/\/www.immo-invest.ch\/fr\/categories\/regions\/suisse\/#listItem","name":"Suisse"},"previousItem":{"@type":"ListItem","@id":"https:\/\/www.immo-invest.ch\/fr\/#listItem","name":"Home"}},{"@type":"ListItem","@id":"https:\/\/www.immo-invest.ch\/fr\/categories\/regions\/suisse\/#listItem","position":3,"name":"Suisse","item":"https:\/\/www.immo-invest.ch\/fr\/categories\/regions\/suisse\/","nextItem":{"@type":"ListItem","@id":"https:\/\/www.immo-invest.ch\/fr\/categories\/regions\/suisse\/suisse-orientale\/#listItem","name":"Suisse orientale"},"previousItem":{"@type":"ListItem","@id":"https:\/\/www.immo-invest.ch\/fr\/categories\/regions\/#listItem","name":"R\u00e9gions"}},{"@type":"ListItem","@id":"https:\/\/www.immo-invest.ch\/fr\/categories\/regions\/suisse\/suisse-orientale\/#listItem","position":4,"name":"Suisse orientale","item":"https:\/\/www.immo-invest.ch\/fr\/categories\/regions\/suisse\/suisse-orientale\/","nextItem":{"@type":"ListItem","@id":"https:\/\/www.immo-invest.ch\/fr\/categories\/regions\/suisse\/suisse-orientale\/region-saint-gall\/#listItem","name":"Saint-Gall"},"previousItem":{"@type":"ListItem","@id":"https:\/\/www.immo-invest.ch\/fr\/categories\/regions\/suisse\/#listItem","name":"Suisse"}},{"@type":"ListItem","@id":"https:\/\/www.immo-invest.ch\/fr\/categories\/regions\/suisse\/suisse-orientale\/region-saint-gall\/#listItem","position":5,"name":"Saint-Gall","item":"https:\/\/www.immo-invest.ch\/fr\/categories\/regions\/suisse\/suisse-orientale\/region-saint-gall\/","nextItem":{"@type":"ListItem","@id":"https:\/\/www.immo-invest.ch\/fr\/uebernahme-staerkt-kompetenzen-in-gebaeudetechnik\/#listItem","name":"L&rsquo;acquisition renforce les comp\u00e9tences en ing\u00e9nierie du b\u00e2timent"},"previousItem":{"@type":"ListItem","@id":"https:\/\/www.immo-invest.ch\/fr\/categories\/regions\/suisse\/suisse-orientale\/#listItem","name":"Suisse orientale"}},{"@type":"ListItem","@id":"https:\/\/www.immo-invest.ch\/fr\/uebernahme-staerkt-kompetenzen-in-gebaeudetechnik\/#listItem","position":6,"name":"L&rsquo;acquisition renforce les comp\u00e9tences en ing\u00e9nierie du b\u00e2timent","previousItem":{"@type":"ListItem","@id":"https:\/\/www.immo-invest.ch\/fr\/categories\/regions\/suisse\/suisse-orientale\/region-saint-gall\/#listItem","name":"Saint-Gall"}}]},{"@type":"Organization","@id":"https:\/\/www.immo-invest.ch\/fr\/#organization","name":"immo!nvest - Die Plattform f\u00fcr Standorte und Immobilien","description":"Die\u00a0Plattform f\u00fcr Standorte und Immobilien","url":"https:\/\/www.immo-invest.ch\/fr\/","email":"admin@immomedia.ag","telephone":"+41444420002","logo":{"@type":"ImageObject","url":"https:\/\/www.immo-invest.ch\/wp-content\/uploads\/2024\/09\/immoinvest_sm-scaled.jpg","@id":"https:\/\/www.immo-invest.ch\/fr\/uebernahme-staerkt-kompetenzen-in-gebaeudetechnik\/#organizationLogo","width":2560,"height":1340},"image":{"@id":"https:\/\/www.immo-invest.ch\/fr\/uebernahme-staerkt-kompetenzen-in-gebaeudetechnik\/#organizationLogo"},"sameAs":["https:\/\/www.facebook.com\/people\/Immoinvest\/100077962920504\/","https:\/\/x.com\/i\/flow\/login?redirect_after_login=immoinvest_ch","https:\/\/www.instagram.com\/immoinvest_ch\/","https:\/\/www.linkedin.com\/company\/immoinvest-swiss"]},{"@type":"Person","@id":"https:\/\/www.immo-invest.ch\/fr\/author\/immovestuser\/#author","url":"https:\/\/www.immo-invest.ch\/fr\/author\/immovestuser\/","name":"immovestuser","image":{"@type":"ImageObject","@id":"https:\/\/www.immo-invest.ch\/fr\/uebernahme-staerkt-kompetenzen-in-gebaeudetechnik\/#authorImage","url":"https:\/\/secure.gravatar.com\/avatar\/8e01f4d99f2eeea7a362ebb93305e1172a70e9293ba250f897a65c39f54cdd1e?s=96&d=mm&r=g","width":96,"height":96,"caption":"immovestuser"}},{"@type":"WebPage","@id":"https:\/\/www.immo-invest.ch\/fr\/uebernahme-staerkt-kompetenzen-in-gebaeudetechnik\/#webpage","url":"https:\/\/www.immo-invest.ch\/fr\/uebernahme-staerkt-kompetenzen-in-gebaeudetechnik\/","name":"L\u2019acquisition renforce les comp\u00e9tences en ing\u00e9nierie du b\u00e2timent - immo!nvest - Die Plattform f\u00fcr Standorte und Immobilien","description":"Le groupe H\u00e4lg reprend Oberh\u00e4nsli AG Geb\u00e4udetechnik et renforce ainsi sa pr\u00e9sence dans le Toggenburg. Cette reprise assure le maintien de tous les emplois et favorise la collaboration dans le domaine de la climatisation et de la ventilation.","inLanguage":"fr-FR","isPartOf":{"@id":"https:\/\/www.immo-invest.ch\/fr\/#website"},"breadcrumb":{"@id":"https:\/\/www.immo-invest.ch\/fr\/uebernahme-staerkt-kompetenzen-in-gebaeudetechnik\/#breadcrumblist"},"author":{"@id":"https:\/\/www.immo-invest.ch\/fr\/author\/immovestuser\/#author"},"creator":{"@id":"https:\/\/www.immo-invest.ch\/fr\/author\/immovestuser\/#author"},"image":{"@type":"ImageObject","url":"https:\/\/www.immo-invest.ch\/wp-content\/uploads\/2024\/11\/Unbenannt-10.png","@id":"https:\/\/www.immo-invest.ch\/fr\/uebernahme-staerkt-kompetenzen-in-gebaeudetechnik\/#mainImage","width":1792,"height":1024},"primaryImageOfPage":{"@id":"https:\/\/www.immo-invest.ch\/fr\/uebernahme-staerkt-kompetenzen-in-gebaeudetechnik\/#mainImage"},"datePublished":"2024-11-20T17:32:24+01:00","dateModified":"2024-11-20T09:35:14+01:00"},{"@type":"WebSite","@id":"https:\/\/www.immo-invest.ch\/fr\/#website","url":"https:\/\/www.immo-invest.ch\/fr\/","name":"immo!nvest - Die Plattform f\u00fcr Standorte und Immobilien","description":"Die\u00a0Plattform f\u00fcr Standorte und Immobilien","inLanguage":"fr-FR","publisher":{"@id":"https:\/\/www.immo-invest.ch\/fr\/#organization"}}]},"og:locale":"fr_FR","og:site_name":"immo!nvest - Die Plattform f\u00fcr Standorte und Immobilien - Die\u00a0Plattform f\u00fcr Standorte und Immobilien","og:type":"article","og:title":"L\u2019acquisition renforce les comp\u00e9tences en ing\u00e9nierie du b\u00e2timent - immo!nvest - Die Plattform f\u00fcr Standorte und Immobilien","og:description":"Le groupe H\u00e4lg reprend Oberh\u00e4nsli AG Geb\u00e4udetechnik et renforce ainsi sa pr\u00e9sence dans le Toggenburg. Cette reprise assure le maintien de tous les emplois et favorise la collaboration dans le domaine de la climatisation et de la ventilation.","og:url":"https:\/\/www.immo-invest.ch\/fr\/uebernahme-staerkt-kompetenzen-in-gebaeudetechnik\/","og:image":"https:\/\/www.immo-invest.ch\/wp-content\/uploads\/2024\/11\/Unbenannt-10.png","og:image:secure_url":"https:\/\/www.immo-invest.ch\/wp-content\/uploads\/2024\/11\/Unbenannt-10.png","og:image:width":1792,"og:image:height":1024,"article:published_time":"2024-11-20T16:32:24+00:00","article:modified_time":"2024-11-20T08:35:14+00:00","article:publisher":"https:\/\/www.facebook.com\/people\/Immoinvest\/100077962920504\/","twitter:card":"summary_large_image","twitter:site":"@i","twitter:title":"L\u2019acquisition renforce les comp\u00e9tences en ing\u00e9nierie du b\u00e2timent - immo!nvest - Die Plattform f\u00fcr Standorte und Immobilien","twitter:description":"Le groupe H\u00e4lg reprend Oberh\u00e4nsli AG Geb\u00e4udetechnik et renforce ainsi sa pr\u00e9sence dans le Toggenburg. Cette reprise assure le maintien de tous les emplois et favorise la collaboration dans le domaine de la climatisation et de la ventilation.","twitter:creator":"@i","twitter:image":"https:\/\/www.immo-invest.ch\/wp-content\/uploads\/2024\/11\/Unbenannt-10.png"},"aioseo_meta_data":{"post_id":"119832","title":null,"description":null,"keywords":null,"keyphrases":{"focus":{"keyphrase":"","score":0,"analysis":{"keyphraseInTitle":{"score":0,"maxScore":9,"error":1}}},"additional":[]},"primary_term":null,"canonical_url":null,"og_title":null,"og_description":null,"og_object_type":"default","og_image_type":"default","og_image_url":null,"og_image_width":null,"og_image_height":null,"og_image_custom_url":null,"og_image_custom_fields":null,"og_video":"","og_custom_url":null,"og_article_section":null,"og_article_tags":null,"twitter_use_og":false,"twitter_card":"default","twitter_image_type":"default","twitter_image_url":null,"twitter_image_custom_url":null,"twitter_image_custom_fields":null,"twitter_title":null,"twitter_description":null,"schema":{"blockGraphs":[],"customGraphs":[],"default":{"data":{"Article":[],"Course":[],"Dataset":[],"FAQPage":[],"Movie":[],"Person":[],"Product":[],"ProductReview":[],"Car":[],"Recipe":[],"Service":[],"SoftwareApplication":[],"WebPage":[]},"graphName":"BlogPosting","isEnabled":true},"graphs":[]},"schema_type":"default","schema_type_options":null,"pillar_content":false,"robots_default":true,"robots_noindex":false,"robots_noarchive":false,"robots_nosnippet":false,"robots_nofollow":false,"robots_noimageindex":false,"robots_noodp":false,"robots_notranslate":false,"robots_max_snippet":"-1","robots_max_videopreview":"-1","robots_max_imagepreview":"large","priority":null,"frequency":"default","local_seo":null,"breadcrumb_settings":null,"limit_modified_date":false,"ai":null,"created":"2024-11-20 08:35:14","updated":"2025-10-24 13:07:47","seo_analyzer_scan_date":null,"focus_keyword":null,"additional_keywords":null,"truseo_locale":null},"aioseo_breadcrumb":"<div class=\"aioseo-breadcrumbs\"><span class=\"aioseo-breadcrumb\">\n\t\t\t<a href=\"https:\/\/www.immo-invest.ch\/fr\/\" title=\"Home\">Home<\/a>\n\t\t<\/span><span class=\"aioseo-breadcrumb-separator\">&raquo;<\/span><span class=\"aioseo-breadcrumb\">\n\t\t\t<a href=\"https:\/\/www.immo-invest.ch\/fr\/categories\/regions\/\" title=\"R\u00e9gions\">R\u00e9gions<\/a>\n\t\t<\/span><span class=\"aioseo-breadcrumb-separator\">&raquo;<\/span><span class=\"aioseo-breadcrumb\">\n\t\t\t<a href=\"https:\/\/www.immo-invest.ch\/fr\/categories\/regions\/suisse\/\" title=\"Suisse\">Suisse<\/a>\n\t\t<\/span><span class=\"aioseo-breadcrumb-separator\">&raquo;<\/span><span class=\"aioseo-breadcrumb\">\n\t\t\t<a href=\"https:\/\/www.immo-invest.ch\/fr\/categories\/regions\/suisse\/suisse-orientale\/\" title=\"Suisse orientale\">Suisse orientale<\/a>\n\t\t<\/span><span class=\"aioseo-breadcrumb-separator\">&raquo;<\/span><span class=\"aioseo-breadcrumb\">\n\t\t\t<a href=\"https:\/\/www.immo-invest.ch\/fr\/categories\/regions\/suisse\/suisse-orientale\/region-saint-gall\/\" title=\"Saint-Gall\">Saint-Gall<\/a>\n\t\t<\/span><span class=\"aioseo-breadcrumb-separator\">&raquo;<\/span><span class=\"aioseo-breadcrumb\">\n\t\t\tL\u2019acquisition renforce les comp\u00e9tences en ing\u00e9nierie du b\u00e2timent\n\t\t<\/span><\/div>","aioseo_breadcrumb_json":[{"label":"Home","link":"https:\/\/www.immo-invest.ch\/fr\/"},{"label":"R\u00e9gions","link":"https:\/\/www.immo-invest.ch\/fr\/categories\/regions\/"},{"label":"Suisse","link":"https:\/\/www.immo-invest.ch\/fr\/categories\/regions\/suisse\/"},{"label":"Suisse orientale","link":"https:\/\/www.immo-invest.ch\/fr\/categories\/regions\/suisse\/suisse-orientale\/"},{"label":"Saint-Gall","link":"https:\/\/www.immo-invest.ch\/fr\/categories\/regions\/suisse\/suisse-orientale\/region-saint-gall\/"},{"label":"L&rsquo;acquisition renforce les comp\u00e9tences en ing\u00e9nierie du b\u00e2timent","link":"https:\/\/www.immo-invest.ch\/fr\/uebernahme-staerkt-kompetenzen-in-gebaeudetechnik\/"}],"featured_image_src":"https:\/\/www.immo-invest.ch\/wp-content\/uploads\/2024\/11\/Unbenannt-10-336x168.png","_links":{"self":[{"href":"https:\/\/www.immo-invest.ch\/fr\/wp-json\/wp\/v2\/posts\/119832","targetHints":{"allow":["GET"]}}],"collection":[{"href":"https:\/\/www.immo-invest.ch\/fr\/wp-json\/wp\/v2\/posts"}],"about":[{"href":"https:\/\/www.immo-invest.ch\/fr\/wp-json\/wp\/v2\/types\/post"}],"author":[{"embeddable":true,"href":"https:\/\/www.immo-invest.ch\/fr\/wp-json\/wp\/v2\/users\/2"}],"replies":[{"embeddable":true,"href":"https:\/\/www.immo-invest.ch\/fr\/wp-json\/wp\/v2\/comments?post=119832"}],"version-history":[{"count":0,"href":"https:\/\/www.immo-invest.ch\/fr\/wp-json\/wp\/v2\/posts\/119832\/revisions"}],"wp:featuredmedia":[{"embeddable":true,"href":"https:\/\/www.immo-invest.ch\/fr\/wp-json\/wp\/v2\/media\/119827"}],"wp:attachment":[{"href":"https:\/\/www.immo-invest.ch\/fr\/wp-json\/wp\/v2\/media?parent=119832"}],"wp:term":[{"taxonomy":"category","embeddable":true,"href":"https:\/\/www.immo-invest.ch\/fr\/wp-json\/wp\/v2\/categories?post=119832"},{"taxonomy":"post_tag","embeddable":true,"href":"https:\/\/www.immo-invest.ch\/fr\/wp-json\/wp\/v2\/tags?post=119832"}],"curies":[{"name":"wp","href":"https:\/\/api.w.org\/{rel}","templated":true}]}}