{"id":119699,"date":"2024-11-19T16:03:18","date_gmt":"2024-11-19T15:03:18","guid":{"rendered":"https:\/\/www.immo-invest.ch\/zukunft-fuer-das-ahv-areal-in-schwyz\/"},"modified":"2024-11-19T17:58:13","modified_gmt":"2024-11-19T16:58:13","slug":"zukunft-fuer-das-ahv-areal-in-schwyz","status":"publish","type":"post","link":"https:\/\/www.immo-invest.ch\/fr\/zukunft-fuer-das-ahv-areal-in-schwyz\/","title":{"rendered":"Un avenir pour le site AVS de Schwyz"},"content":{"rendered":"<p class=\"wp-block-paragraph\">Le d&eacute;m&eacute;nagement de l&rsquo;administration cantonale dans le nouveau centre administratif et de s&eacute;curit&eacute; de Kaltbach ouvre de nouvelles possibilit&eacute;s pour la r&eacute;utilisation du site administratif actuel. Le canton de Schwyz souligne sa responsabilit&eacute; de ne pas laisser le site lib&eacute;r&eacute; &agrave; lui-m&ecirc;me, mais d&rsquo;&eacute;tablir, en collaboration avec la commune de Schwyz, une utilisation &agrave; valeur ajout&eacute;e et favorisant le centre. Dans le cadre d&rsquo;un appel d&rsquo;offres pour investisseurs, le droit de construction doit &ecirc;tre attribu&eacute; &agrave; un investisseur priv&eacute; afin de faire avancer le d&eacute;veloppement.<\/p>\n\n\n\n\n\n<p class=\"wp-block-paragraph\"><strong>Enseignements tir&eacute;s de la proc&eacute;dure d&rsquo;&eacute;tude<br><\/strong>D&egrave;s 2022\/23, le service cantonal des b&acirc;timents a men&eacute; une proc&eacute;dure d&rsquo;&eacute;tude pour analyser les possibilit&eacute;s d&rsquo;utilisation du site. Cette &eacute;tude a mis en &eacute;vidence la forte attractivit&eacute; du site pour les projets du secteur priv&eacute;. Les premiers concepts d&rsquo;am&eacute;nagement ont montr&eacute; que des utilisations commerciales, combin&eacute;es &agrave; des &eacute;l&eacute;ments de promotion du centre tels que des espaces culturels ou des espaces verts, pourraient enrichir le village sur le plan urbanistique.<\/p>\n\n\n\n\n\n<p class=\"wp-block-paragraph\"><strong>Feuille de route jusqu&rsquo;&agrave; la mise en &oelig;uvre<br><\/strong>Les prochaines &eacute;tapes pr&eacute;voient l&rsquo;&eacute;laboration d&rsquo;une r&eacute;vision partielle du plan d&rsquo;occupation des sols communal, qui devrait &ecirc;tre achev&eacute;e d&rsquo;ici 2025. Les &eacute;tapes suivantes de la proc&eacute;dure, y compris un r&eacute;f&eacute;rendum dans la commune de Schwyz, devraient durer jusqu&rsquo;en 2027. Le d&eacute;lai pr&eacute;vu jusqu&rsquo;&agrave; la mise en &oelig;uvre architecturale d&rsquo;un projet de remplacement s&rsquo;&eacute;tend jusqu&rsquo;en 2029, apr&egrave;s le d&eacute;m&eacute;nagement de l&rsquo;administration cantonale.<\/p>\n\n\n\n\n\n<p class=\"wp-block-paragraph\"><strong>Un aper&ccedil;u de la feuille de route<\/strong><\/p>\n\n\n\n\n\n<p class=\"wp-block-paragraph\">D&rsquo;ici le 2e trimestre 2025 : &eacute;laboration de la r&eacute;vision du plan partiel d&rsquo;affectation<\/p>\n\n\n\n\n\n<p class=\"wp-block-paragraph\">D&rsquo;ici le 1er trimestre 2026 : Participation et examen pr&eacute;liminaire cantonal<\/p>\n\n\n\n\n\n<p class=\"wp-block-paragraph\">Jusqu&rsquo;au 4e trimestre 2026 : Mise &agrave; l&rsquo;enqu&ecirc;te publique et n&eacute;gociations sur les oppositions<\/p>\n\n\n\n\n\n<p class=\"wp-block-paragraph\">D&rsquo;ici le 3e trimestre 2027 : votation populaire dans la commune de Schwyz<\/p>\n\n\n\n\n\n<p class=\"wp-block-paragraph\">A partir de 2029 : r&eacute;alisation de la construction<\/p>\n\n\n\n\n\n<p class=\"wp-block-paragraph\"><strong>Durabilit&eacute; et cr&eacute;ation de valeur<br><\/strong>L&rsquo;<span class=\"glossaryLink\"  aria-describedby=\"tt\"  data-cmtooltip=\"&lt;div class=glossaryItemTitle&gt;Image&lt;\/div&gt;&lt;div class=glossaryItemBody&gt;Individuelles Vorstellungsbild, das Dritte von einer Marke, einem Produkt oder einer Unternehmung haben. Aus Marketingsicht wird zwischen einem gegenw&auml;rtigen (Ist-Image) und einem anzustrebenden Image (Soll-Image) unterschieden&lt;\/div&gt;\"  data-mobile-support=\"0\"  data-gt-translate-attributes='[{\"attribute\":\"data-cmtooltip\", \"format\":\"html\"}]' tabindex='0' role='link'>image<\/span> cible pour le site de la Bahnhofstrasse 15 comprend en priorit&eacute; des utilisations commerciales, compl&eacute;t&eacute;es par des zones accessibles au public. Des espaces verts et des installations culturelles pourraient en outre animer le <span class=\"glossaryLink\" aria-describedby=\"tt\" data-cmtooltip=\"&lt;div class=glossaryItemTitle&gt;Quartier&lt;\/div&gt;&lt;div class=glossaryItemBody&gt;Amtliches, historisches, soziales oder stadtplanerisches Stadtviertel&lt;\/div&gt;\" data-mobile-support=\"0\" data-gt-translate-attributes='[{\"attribute\":\"data-cmtooltip\", \"format\":\"html\"}]' tabindex=\"0\" role=\"link\">quartier<\/span> et contribuer &agrave; l&rsquo;attractivit&eacute; du site. Le canton et la commune de Schwyz voient dans ce projet une opportunit&eacute; de renforcer le caract&egrave;re urbain et de contribuer &agrave; long terme au d&eacute;veloppement &eacute;conomique et social du centre.<\/p>\n\n\n\n\n\n<p class=\"wp-block-paragraph\">La r&eacute;utilisation de l&rsquo;ancien b&acirc;timent de l&rsquo;AVS est une &eacute;tape importante pour l&rsquo;avenir du centre du village de Schwyz. Gr&acirc;ce &agrave; une planification strat&eacute;gique et &agrave; des &eacute;tapes clairement d&eacute;finies, le canton et la commune travaillent &agrave; la cr&eacute;ation d&rsquo;un <span class=\"glossaryLink\" aria-describedby=\"tt\" data-cmtooltip=\"&lt;div class=glossaryItemTitle&gt;Quartier&lt;\/div&gt;&lt;div class=glossaryItemBody&gt;Amtliches, historisches, soziales oder stadtplanerisches Stadtviertel&lt;\/div&gt;\" data-mobile-support=\"0\" data-gt-translate-attributes='[{\"attribute\":\"data-cmtooltip\", \"format\":\"html\"}]' tabindex=\"0\" role=\"link\">quartier<\/span> durable et &agrave; forte valeur ajout&eacute;e. L&rsquo;appel d&rsquo;offres aux investisseurs et la r&eacute;vision du plan de zonage partiel constituent des &eacute;l&eacute;ments cl&eacute;s sur la voie d&rsquo;un <span class=\"glossaryLink\" aria-describedby=\"tt\" data-cmtooltip=\"&lt;div class=glossaryItemTitle&gt;Quartier&lt;\/div&gt;&lt;div class=glossaryItemBody&gt;Amtliches, historisches, soziales oder stadtplanerisches Stadtviertel&lt;\/div&gt;\" data-mobile-support=\"0\" data-gt-translate-attributes='[{\"attribute\":\"data-cmtooltip\", \"format\":\"html\"}]' tabindex=\"0\" role=\"link\">quartier<\/span> vivant et &eacute;conomiquement attractif.<\/p>\n\n","protected":false},"excerpt":{"rendered":"<p>Apr\u00e8s le succ\u00e8s de la d\u00e9cision concernant le centre administratif et de s\u00e9curit\u00e9 de Kaltbach, le canton et la commune de Schwyz se concentrent sur l&rsquo;avenir du site administratif actuel de la Bahnhofstrasse 15. L&rsquo;objectif est de trouver une nouvelle affectation favorisant le centre et int\u00e9grant le site de mani\u00e8re optimale dans le paysage local. Un appel d&rsquo;offres pour investisseurs doit permettre de trouver des partenaires priv\u00e9s pour le d\u00e9veloppement, qui cr\u00e9eront des plus-values tant \u00e9conomiques que sociales.<\/p>\n","protected":false},"author":2,"featured_media":119637,"comment_status":"open","ping_status":"open","sticky":false,"template":"","format":"standard","meta":{"pmpro_default_level":"","inline_featured_image":false,"_monsterinsights_skip_tracking":false,"footnotes":""},"categories":[22699,743,22357,22339],"tags":[2573,872,3931,2056,50600,2002,4101,3264,36259],"class_list":["post-119699","post","type-post","status-publish","format-standard","has-post-thumbnail","hentry","category-durabilite","category-immonews-fr","category-industrie-du-batiment","category-schwyz-fr","tag-bauwirtschaft-fr","tag-immoinvest-fr","tag-immonews-fr","tag-nachhaltigkeit-fr","tag-nachnutzung-fr","tag-news-fr","tag-quartierentwicklung-fr","tag-schwyz-fr","tag-verwaltungszentrum-fr","pmpro-has-access"],"acf":{"bild_mit_ki_erstellt_worden":[],"lead":"Apr\u00e8s le succ\u00e8s de la d\u00e9cision concernant le centre administratif et de s\u00e9curit\u00e9 de Kaltbach, le canton et la commune de Schwyz se concentrent sur l'avenir du site administratif actuel de la Bahnhofstrasse 15. L'objectif est de trouver une nouvelle affectation favorisant le centre et int\u00e9grant le site de mani\u00e8re optimale dans le paysage local. Un appel d'offres pour investisseurs doit permettre de trouver des partenaires priv\u00e9s pour le d\u00e9veloppement, qui cr\u00e9eront des plus-values tant \u00e9conomiques que sociales.","autor":"Quelle: Schwyz","ort":"","bildunterschrift":"","bild_im_grid":false,"gallerie":"","newsim":""},"aioseo_notices":[],"aioseo_head":"\n\t\t<!-- All in One SEO 5.0.0.1 - aioseo.com -->\n\t<meta name=\"description\" content=\"Apr\u00e8s le succ\u00e8s de la d\u00e9cision concernant le centre administratif et de s\u00e9curit\u00e9 de Kaltbach, le canton et la commune de Schwyz se concentrent sur l&#039;avenir du site administratif actuel de la Bahnhofstrasse 15. L&#039;objectif est de trouver une nouvelle affectation favorisant le centre et int\u00e9grant le site de mani\u00e8re optimale dans le paysage local. Un appel d&#039;offres pour investisseurs doit permettre de trouver des partenaires priv\u00e9s pour le d\u00e9veloppement, qui cr\u00e9eront des plus-values tant \u00e9conomiques que sociales.\" \/>\n\t<meta name=\"robots\" content=\"max-image-preview:large\" \/>\n\t<meta name=\"author\" content=\"immovestuser\"\/>\n\t<meta name=\"google-site-verification\" content=\"fHJKvgWpZCR2zVBHWfkQeFXC11qieUSff0HGNYfuyLA\" \/>\n\t<link rel=\"canonical\" href=\"https:\/\/www.immo-invest.ch\/fr\/zukunft-fuer-das-ahv-areal-in-schwyz\/\" \/>\n\t<meta name=\"generator\" content=\"All in One SEO (AIOSEO) 5.0.0.1\" \/>\n\t\t<meta property=\"og:locale\" content=\"fr_FR\" \/>\n\t\t<meta property=\"og:site_name\" content=\"immo!nvest - Die Plattform f\u00fcr Standorte und Immobilien - Die\u00a0Plattform f\u00fcr Standorte und Immobilien\" \/>\n\t\t<meta property=\"og:type\" content=\"article\" \/>\n\t\t<meta property=\"og:title\" content=\"Un avenir pour le site AVS de Schwyz - immo!nvest - Die Plattform f\u00fcr Standorte und Immobilien\" \/>\n\t\t<meta property=\"og:description\" content=\"Apr\u00e8s le succ\u00e8s de la d\u00e9cision concernant le centre administratif et de s\u00e9curit\u00e9 de Kaltbach, le canton et la commune de Schwyz se concentrent sur l&#039;avenir du site administratif actuel de la Bahnhofstrasse 15. L&#039;objectif est de trouver une nouvelle affectation favorisant le centre et int\u00e9grant le site de mani\u00e8re optimale dans le paysage local. Un appel d&#039;offres pour investisseurs doit permettre de trouver des partenaires priv\u00e9s pour le d\u00e9veloppement, qui cr\u00e9eront des plus-values tant \u00e9conomiques que sociales.\" \/>\n\t\t<meta property=\"og:url\" content=\"https:\/\/www.immo-invest.ch\/fr\/zukunft-fuer-das-ahv-areal-in-schwyz\/\" \/>\n\t\t<meta property=\"og:image\" content=\"https:\/\/www.immo-invest.ch\/wp-content\/uploads\/2024\/11\/2024-11-19-15_39_15-banoviag_Write_AHV_IV__AVS_AI_ee98f470-2fe7-47e4-b566-49ee73b74bcc.png-1350\u00d7675.png\" \/>\n\t\t<meta property=\"og:image:secure_url\" content=\"https:\/\/www.immo-invest.ch\/wp-content\/uploads\/2024\/11\/2024-11-19-15_39_15-banoviag_Write_AHV_IV__AVS_AI_ee98f470-2fe7-47e4-b566-49ee73b74bcc.png-1350\u00d7675.png\" \/>\n\t\t<meta property=\"og:image:width\" content=\"1685\" \/>\n\t\t<meta property=\"og:image:height\" content=\"838\" \/>\n\t\t<meta property=\"article:published_time\" content=\"2024-11-19T15:03:18+00:00\" \/>\n\t\t<meta property=\"article:modified_time\" content=\"2024-11-19T16:58:13+00:00\" \/>\n\t\t<meta property=\"article:publisher\" content=\"https:\/\/www.facebook.com\/people\/Immoinvest\/100077962920504\/\" \/>\n\t\t<meta name=\"twitter:card\" content=\"summary_large_image\" \/>\n\t\t<meta name=\"twitter:site\" content=\"@i\" \/>\n\t\t<meta name=\"twitter:title\" content=\"Un avenir pour le site AVS de Schwyz - immo!nvest - Die Plattform f\u00fcr Standorte und Immobilien\" \/>\n\t\t<meta name=\"twitter:description\" content=\"Apr\u00e8s le succ\u00e8s de la d\u00e9cision concernant le centre administratif et de s\u00e9curit\u00e9 de Kaltbach, le canton et la commune de Schwyz se concentrent sur l&#039;avenir du site administratif actuel de la Bahnhofstrasse 15. L&#039;objectif est de trouver une nouvelle affectation favorisant le centre et int\u00e9grant le site de mani\u00e8re optimale dans le paysage local. Un appel d&#039;offres pour investisseurs doit permettre de trouver des partenaires priv\u00e9s pour le d\u00e9veloppement, qui cr\u00e9eront des plus-values tant \u00e9conomiques que sociales.\" \/>\n\t\t<meta name=\"twitter:creator\" content=\"@i\" \/>\n\t\t<meta name=\"twitter:image\" content=\"https:\/\/www.immo-invest.ch\/wp-content\/uploads\/2024\/11\/2024-11-19-15_39_15-banoviag_Write_AHV_IV__AVS_AI_ee98f470-2fe7-47e4-b566-49ee73b74bcc.png-1350\u00d7675.png\" \/>\n\t\t<script type=\"application\/ld+json\" class=\"aioseo-schema\">\n\t\t\t{\"@context\":\"https:\\\/\\\/schema.org\",\"@graph\":[{\"@type\":\"BlogPosting\",\"@id\":\"https:\\\/\\\/www.immo-invest.ch\\\/fr\\\/zukunft-fuer-das-ahv-areal-in-schwyz\\\/#blogposting\",\"name\":\"Un avenir pour le site AVS de Schwyz - immo!nvest - Die Plattform f\\u00fcr Standorte und Immobilien\",\"headline\":\"Un avenir pour le site AVS de Schwyz\",\"author\":{\"@id\":\"https:\\\/\\\/www.immo-invest.ch\\\/fr\\\/author\\\/immovestuser\\\/#author\"},\"publisher\":{\"@id\":\"https:\\\/\\\/www.immo-invest.ch\\\/fr\\\/#organization\"},\"image\":{\"@type\":\"ImageObject\",\"url\":\"https:\\\/\\\/www.immo-invest.ch\\\/wp-content\\\/uploads\\\/2024\\\/11\\\/2024-11-19-15_39_15-banoviag_Write_AHV_IV__AVS_AI_ee98f470-2fe7-47e4-b566-49ee73b74bcc.png-1350\\u00d7675.png\",\"width\":1685,\"height\":838},\"datePublished\":\"2024-11-19T16:03:18+01:00\",\"dateModified\":\"2024-11-19T17:58:13+01:00\",\"inLanguage\":\"fr-FR\",\"mainEntityOfPage\":{\"@id\":\"https:\\\/\\\/www.immo-invest.ch\\\/fr\\\/zukunft-fuer-das-ahv-areal-in-schwyz\\\/#webpage\"},\"isPartOf\":{\"@id\":\"https:\\\/\\\/www.immo-invest.ch\\\/fr\\\/zukunft-fuer-das-ahv-areal-in-schwyz\\\/#webpage\"},\"articleSection\":\"Durabilit\\u00e9, immoNews, Industrie du b\\u00e2timent, Schwyz, Bauwirtschaft, Immoinvest, immoNews, Nachhaltigkeit, Nachnutzung, News, Quartierentwicklung, Schwyz, Verwaltungszentrum, Facultatif\"},{\"@type\":\"BreadcrumbList\",\"@id\":\"https:\\\/\\\/www.immo-invest.ch\\\/fr\\\/zukunft-fuer-das-ahv-areal-in-schwyz\\\/#breadcrumblist\",\"itemListElement\":[{\"@type\":\"ListItem\",\"@id\":\"https:\\\/\\\/www.immo-invest.ch\\\/fr\\\/#listItem\",\"position\":1,\"name\":\"Home\",\"item\":\"https:\\\/\\\/www.immo-invest.ch\\\/fr\\\/\",\"nextItem\":{\"@type\":\"ListItem\",\"@id\":\"https:\\\/\\\/www.immo-invest.ch\\\/fr\\\/categories\\\/regions\\\/#listItem\",\"name\":\"R\\u00e9gions\"}},{\"@type\":\"ListItem\",\"@id\":\"https:\\\/\\\/www.immo-invest.ch\\\/fr\\\/categories\\\/regions\\\/#listItem\",\"position\":2,\"name\":\"R\\u00e9gions\",\"item\":\"https:\\\/\\\/www.immo-invest.ch\\\/fr\\\/categories\\\/regions\\\/\",\"nextItem\":{\"@type\":\"ListItem\",\"@id\":\"https:\\\/\\\/www.immo-invest.ch\\\/fr\\\/categories\\\/regions\\\/suisse\\\/#listItem\",\"name\":\"Suisse\"},\"previousItem\":{\"@type\":\"ListItem\",\"@id\":\"https:\\\/\\\/www.immo-invest.ch\\\/fr\\\/#listItem\",\"name\":\"Home\"}},{\"@type\":\"ListItem\",\"@id\":\"https:\\\/\\\/www.immo-invest.ch\\\/fr\\\/categories\\\/regions\\\/suisse\\\/#listItem\",\"position\":3,\"name\":\"Suisse\",\"item\":\"https:\\\/\\\/www.immo-invest.ch\\\/fr\\\/categories\\\/regions\\\/suisse\\\/\",\"nextItem\":{\"@type\":\"ListItem\",\"@id\":\"https:\\\/\\\/www.immo-invest.ch\\\/fr\\\/categories\\\/regions\\\/suisse\\\/region-zentralschweiz\\\/#listItem\",\"name\":\"Zentralschweiz\"},\"previousItem\":{\"@type\":\"ListItem\",\"@id\":\"https:\\\/\\\/www.immo-invest.ch\\\/fr\\\/categories\\\/regions\\\/#listItem\",\"name\":\"R\\u00e9gions\"}},{\"@type\":\"ListItem\",\"@id\":\"https:\\\/\\\/www.immo-invest.ch\\\/fr\\\/categories\\\/regions\\\/suisse\\\/region-zentralschweiz\\\/#listItem\",\"position\":4,\"name\":\"Zentralschweiz\",\"item\":\"https:\\\/\\\/www.immo-invest.ch\\\/fr\\\/categories\\\/regions\\\/suisse\\\/region-zentralschweiz\\\/\",\"nextItem\":{\"@type\":\"ListItem\",\"@id\":\"https:\\\/\\\/www.immo-invest.ch\\\/fr\\\/categories\\\/regions\\\/suisse\\\/region-zentralschweiz\\\/schwyz-fr\\\/#listItem\",\"name\":\"Schwyz\"},\"previousItem\":{\"@type\":\"ListItem\",\"@id\":\"https:\\\/\\\/www.immo-invest.ch\\\/fr\\\/categories\\\/regions\\\/suisse\\\/#listItem\",\"name\":\"Suisse\"}},{\"@type\":\"ListItem\",\"@id\":\"https:\\\/\\\/www.immo-invest.ch\\\/fr\\\/categories\\\/regions\\\/suisse\\\/region-zentralschweiz\\\/schwyz-fr\\\/#listItem\",\"position\":5,\"name\":\"Schwyz\",\"item\":\"https:\\\/\\\/www.immo-invest.ch\\\/fr\\\/categories\\\/regions\\\/suisse\\\/region-zentralschweiz\\\/schwyz-fr\\\/\",\"nextItem\":{\"@type\":\"ListItem\",\"@id\":\"https:\\\/\\\/www.immo-invest.ch\\\/fr\\\/zukunft-fuer-das-ahv-areal-in-schwyz\\\/#listItem\",\"name\":\"Un avenir pour le site AVS de Schwyz\"},\"previousItem\":{\"@type\":\"ListItem\",\"@id\":\"https:\\\/\\\/www.immo-invest.ch\\\/fr\\\/categories\\\/regions\\\/suisse\\\/region-zentralschweiz\\\/#listItem\",\"name\":\"Zentralschweiz\"}},{\"@type\":\"ListItem\",\"@id\":\"https:\\\/\\\/www.immo-invest.ch\\\/fr\\\/zukunft-fuer-das-ahv-areal-in-schwyz\\\/#listItem\",\"position\":6,\"name\":\"Un avenir pour le site AVS de Schwyz\",\"previousItem\":{\"@type\":\"ListItem\",\"@id\":\"https:\\\/\\\/www.immo-invest.ch\\\/fr\\\/categories\\\/regions\\\/suisse\\\/region-zentralschweiz\\\/schwyz-fr\\\/#listItem\",\"name\":\"Schwyz\"}}]},{\"@type\":\"Organization\",\"@id\":\"https:\\\/\\\/www.immo-invest.ch\\\/fr\\\/#organization\",\"name\":\"immo!nvest - Die Plattform f\\u00fcr Standorte und Immobilien\",\"description\":\"Die\\u00a0Plattform f\\u00fcr Standorte und Immobilien\",\"url\":\"https:\\\/\\\/www.immo-invest.ch\\\/fr\\\/\",\"email\":\"admin@immomedia.ag\",\"telephone\":\"+41444420002\",\"logo\":{\"@type\":\"ImageObject\",\"url\":\"https:\\\/\\\/www.immo-invest.ch\\\/wp-content\\\/uploads\\\/2024\\\/09\\\/immoinvest_sm-scaled.jpg\",\"@id\":\"https:\\\/\\\/www.immo-invest.ch\\\/fr\\\/zukunft-fuer-das-ahv-areal-in-schwyz\\\/#organizationLogo\",\"width\":2560,\"height\":1340},\"image\":{\"@id\":\"https:\\\/\\\/www.immo-invest.ch\\\/fr\\\/zukunft-fuer-das-ahv-areal-in-schwyz\\\/#organizationLogo\"},\"sameAs\":[\"https:\\\/\\\/www.facebook.com\\\/people\\\/Immoinvest\\\/100077962920504\\\/\",\"https:\\\/\\\/x.com\\\/i\\\/flow\\\/login?redirect_after_login=immoinvest_ch\",\"https:\\\/\\\/www.instagram.com\\\/immoinvest_ch\\\/\",\"https:\\\/\\\/www.linkedin.com\\\/company\\\/immoinvest-swiss\"]},{\"@type\":\"Person\",\"@id\":\"https:\\\/\\\/www.immo-invest.ch\\\/fr\\\/author\\\/immovestuser\\\/#author\",\"url\":\"https:\\\/\\\/www.immo-invest.ch\\\/fr\\\/author\\\/immovestuser\\\/\",\"name\":\"immovestuser\",\"image\":{\"@type\":\"ImageObject\",\"@id\":\"https:\\\/\\\/www.immo-invest.ch\\\/fr\\\/zukunft-fuer-das-ahv-areal-in-schwyz\\\/#authorImage\",\"url\":\"https:\\\/\\\/secure.gravatar.com\\\/avatar\\\/8e01f4d99f2eeea7a362ebb93305e1172a70e9293ba250f897a65c39f54cdd1e?s=96&d=mm&r=g\",\"width\":96,\"height\":96,\"caption\":\"immovestuser\"}},{\"@type\":\"WebPage\",\"@id\":\"https:\\\/\\\/www.immo-invest.ch\\\/fr\\\/zukunft-fuer-das-ahv-areal-in-schwyz\\\/#webpage\",\"url\":\"https:\\\/\\\/www.immo-invest.ch\\\/fr\\\/zukunft-fuer-das-ahv-areal-in-schwyz\\\/\",\"name\":\"Un avenir pour le site AVS de Schwyz - immo!nvest - Die Plattform f\\u00fcr Standorte und Immobilien\",\"description\":\"Apr\\u00e8s le succ\\u00e8s de la d\\u00e9cision concernant le centre administratif et de s\\u00e9curit\\u00e9 de Kaltbach, le canton et la commune de Schwyz se concentrent sur l'avenir du site administratif actuel de la Bahnhofstrasse 15. L'objectif est de trouver une nouvelle affectation favorisant le centre et int\\u00e9grant le site de mani\\u00e8re optimale dans le paysage local. Un appel d'offres pour investisseurs doit permettre de trouver des partenaires priv\\u00e9s pour le d\\u00e9veloppement, qui cr\\u00e9eront des plus-values tant \\u00e9conomiques que sociales.\",\"inLanguage\":\"fr-FR\",\"isPartOf\":{\"@id\":\"https:\\\/\\\/www.immo-invest.ch\\\/fr\\\/#website\"},\"breadcrumb\":{\"@id\":\"https:\\\/\\\/www.immo-invest.ch\\\/fr\\\/zukunft-fuer-das-ahv-areal-in-schwyz\\\/#breadcrumblist\"},\"author\":{\"@id\":\"https:\\\/\\\/www.immo-invest.ch\\\/fr\\\/author\\\/immovestuser\\\/#author\"},\"creator\":{\"@id\":\"https:\\\/\\\/www.immo-invest.ch\\\/fr\\\/author\\\/immovestuser\\\/#author\"},\"image\":{\"@type\":\"ImageObject\",\"url\":\"https:\\\/\\\/www.immo-invest.ch\\\/wp-content\\\/uploads\\\/2024\\\/11\\\/2024-11-19-15_39_15-banoviag_Write_AHV_IV__AVS_AI_ee98f470-2fe7-47e4-b566-49ee73b74bcc.png-1350\\u00d7675.png\",\"@id\":\"https:\\\/\\\/www.immo-invest.ch\\\/fr\\\/zukunft-fuer-das-ahv-areal-in-schwyz\\\/#mainImage\",\"width\":1685,\"height\":838},\"primaryImageOfPage\":{\"@id\":\"https:\\\/\\\/www.immo-invest.ch\\\/fr\\\/zukunft-fuer-das-ahv-areal-in-schwyz\\\/#mainImage\"},\"datePublished\":\"2024-11-19T16:03:18+01:00\",\"dateModified\":\"2024-11-19T17:58:13+01:00\"},{\"@type\":\"WebSite\",\"@id\":\"https:\\\/\\\/www.immo-invest.ch\\\/fr\\\/#website\",\"url\":\"https:\\\/\\\/www.immo-invest.ch\\\/fr\\\/\",\"name\":\"immo!nvest - Die Plattform f\\u00fcr Standorte und Immobilien\",\"description\":\"Die\\u00a0Plattform f\\u00fcr Standorte und Immobilien\",\"inLanguage\":\"fr-FR\",\"publisher\":{\"@id\":\"https:\\\/\\\/www.immo-invest.ch\\\/fr\\\/#organization\"}}]}\n\t\t<\/script>\n\t\t<!-- All in One SEO -->\n\n","aioseo_head_json":{"title":"Un avenir pour le site AVS de Schwyz - immo!nvest - Die Plattform f\u00fcr Standorte und Immobilien","description":"Apr\u00e8s le succ\u00e8s de la d\u00e9cision concernant le centre administratif et de s\u00e9curit\u00e9 de Kaltbach, le canton et la commune de Schwyz se concentrent sur l'avenir du site administratif actuel de la Bahnhofstrasse 15. L'objectif est de trouver une nouvelle affectation favorisant le centre et int\u00e9grant le site de mani\u00e8re optimale dans le paysage local. Un appel d'offres pour investisseurs doit permettre de trouver des partenaires priv\u00e9s pour le d\u00e9veloppement, qui cr\u00e9eront des plus-values tant \u00e9conomiques que sociales.","canonical_url":"https:\/\/www.immo-invest.ch\/fr\/zukunft-fuer-das-ahv-areal-in-schwyz\/","robots":"max-image-preview:large","keywords":"","webmasterTools":{"google-site-verification":"fHJKvgWpZCR2zVBHWfkQeFXC11qieUSff0HGNYfuyLA","miscellaneous":""},"schema":{"@context":"https:\/\/schema.org","@graph":[{"@type":"BlogPosting","@id":"https:\/\/www.immo-invest.ch\/fr\/zukunft-fuer-das-ahv-areal-in-schwyz\/#blogposting","name":"Un avenir pour le site AVS de Schwyz - immo!nvest - Die Plattform f\u00fcr Standorte und Immobilien","headline":"Un avenir pour le site AVS de Schwyz","author":{"@id":"https:\/\/www.immo-invest.ch\/fr\/author\/immovestuser\/#author"},"publisher":{"@id":"https:\/\/www.immo-invest.ch\/fr\/#organization"},"image":{"@type":"ImageObject","url":"https:\/\/www.immo-invest.ch\/wp-content\/uploads\/2024\/11\/2024-11-19-15_39_15-banoviag_Write_AHV_IV__AVS_AI_ee98f470-2fe7-47e4-b566-49ee73b74bcc.png-1350\u00d7675.png","width":1685,"height":838},"datePublished":"2024-11-19T16:03:18+01:00","dateModified":"2024-11-19T17:58:13+01:00","inLanguage":"fr-FR","mainEntityOfPage":{"@id":"https:\/\/www.immo-invest.ch\/fr\/zukunft-fuer-das-ahv-areal-in-schwyz\/#webpage"},"isPartOf":{"@id":"https:\/\/www.immo-invest.ch\/fr\/zukunft-fuer-das-ahv-areal-in-schwyz\/#webpage"},"articleSection":"Durabilit\u00e9, immoNews, Industrie du b\u00e2timent, Schwyz, Bauwirtschaft, Immoinvest, immoNews, Nachhaltigkeit, Nachnutzung, News, Quartierentwicklung, Schwyz, Verwaltungszentrum, Facultatif"},{"@type":"BreadcrumbList","@id":"https:\/\/www.immo-invest.ch\/fr\/zukunft-fuer-das-ahv-areal-in-schwyz\/#breadcrumblist","itemListElement":[{"@type":"ListItem","@id":"https:\/\/www.immo-invest.ch\/fr\/#listItem","position":1,"name":"Home","item":"https:\/\/www.immo-invest.ch\/fr\/","nextItem":{"@type":"ListItem","@id":"https:\/\/www.immo-invest.ch\/fr\/categories\/regions\/#listItem","name":"R\u00e9gions"}},{"@type":"ListItem","@id":"https:\/\/www.immo-invest.ch\/fr\/categories\/regions\/#listItem","position":2,"name":"R\u00e9gions","item":"https:\/\/www.immo-invest.ch\/fr\/categories\/regions\/","nextItem":{"@type":"ListItem","@id":"https:\/\/www.immo-invest.ch\/fr\/categories\/regions\/suisse\/#listItem","name":"Suisse"},"previousItem":{"@type":"ListItem","@id":"https:\/\/www.immo-invest.ch\/fr\/#listItem","name":"Home"}},{"@type":"ListItem","@id":"https:\/\/www.immo-invest.ch\/fr\/categories\/regions\/suisse\/#listItem","position":3,"name":"Suisse","item":"https:\/\/www.immo-invest.ch\/fr\/categories\/regions\/suisse\/","nextItem":{"@type":"ListItem","@id":"https:\/\/www.immo-invest.ch\/fr\/categories\/regions\/suisse\/region-zentralschweiz\/#listItem","name":"Zentralschweiz"},"previousItem":{"@type":"ListItem","@id":"https:\/\/www.immo-invest.ch\/fr\/categories\/regions\/#listItem","name":"R\u00e9gions"}},{"@type":"ListItem","@id":"https:\/\/www.immo-invest.ch\/fr\/categories\/regions\/suisse\/region-zentralschweiz\/#listItem","position":4,"name":"Zentralschweiz","item":"https:\/\/www.immo-invest.ch\/fr\/categories\/regions\/suisse\/region-zentralschweiz\/","nextItem":{"@type":"ListItem","@id":"https:\/\/www.immo-invest.ch\/fr\/categories\/regions\/suisse\/region-zentralschweiz\/schwyz-fr\/#listItem","name":"Schwyz"},"previousItem":{"@type":"ListItem","@id":"https:\/\/www.immo-invest.ch\/fr\/categories\/regions\/suisse\/#listItem","name":"Suisse"}},{"@type":"ListItem","@id":"https:\/\/www.immo-invest.ch\/fr\/categories\/regions\/suisse\/region-zentralschweiz\/schwyz-fr\/#listItem","position":5,"name":"Schwyz","item":"https:\/\/www.immo-invest.ch\/fr\/categories\/regions\/suisse\/region-zentralschweiz\/schwyz-fr\/","nextItem":{"@type":"ListItem","@id":"https:\/\/www.immo-invest.ch\/fr\/zukunft-fuer-das-ahv-areal-in-schwyz\/#listItem","name":"Un avenir pour le site AVS de Schwyz"},"previousItem":{"@type":"ListItem","@id":"https:\/\/www.immo-invest.ch\/fr\/categories\/regions\/suisse\/region-zentralschweiz\/#listItem","name":"Zentralschweiz"}},{"@type":"ListItem","@id":"https:\/\/www.immo-invest.ch\/fr\/zukunft-fuer-das-ahv-areal-in-schwyz\/#listItem","position":6,"name":"Un avenir pour le site AVS de Schwyz","previousItem":{"@type":"ListItem","@id":"https:\/\/www.immo-invest.ch\/fr\/categories\/regions\/suisse\/region-zentralschweiz\/schwyz-fr\/#listItem","name":"Schwyz"}}]},{"@type":"Organization","@id":"https:\/\/www.immo-invest.ch\/fr\/#organization","name":"immo!nvest - Die Plattform f\u00fcr Standorte und Immobilien","description":"Die\u00a0Plattform f\u00fcr Standorte und Immobilien","url":"https:\/\/www.immo-invest.ch\/fr\/","email":"admin@immomedia.ag","telephone":"+41444420002","logo":{"@type":"ImageObject","url":"https:\/\/www.immo-invest.ch\/wp-content\/uploads\/2024\/09\/immoinvest_sm-scaled.jpg","@id":"https:\/\/www.immo-invest.ch\/fr\/zukunft-fuer-das-ahv-areal-in-schwyz\/#organizationLogo","width":2560,"height":1340},"image":{"@id":"https:\/\/www.immo-invest.ch\/fr\/zukunft-fuer-das-ahv-areal-in-schwyz\/#organizationLogo"},"sameAs":["https:\/\/www.facebook.com\/people\/Immoinvest\/100077962920504\/","https:\/\/x.com\/i\/flow\/login?redirect_after_login=immoinvest_ch","https:\/\/www.instagram.com\/immoinvest_ch\/","https:\/\/www.linkedin.com\/company\/immoinvest-swiss"]},{"@type":"Person","@id":"https:\/\/www.immo-invest.ch\/fr\/author\/immovestuser\/#author","url":"https:\/\/www.immo-invest.ch\/fr\/author\/immovestuser\/","name":"immovestuser","image":{"@type":"ImageObject","@id":"https:\/\/www.immo-invest.ch\/fr\/zukunft-fuer-das-ahv-areal-in-schwyz\/#authorImage","url":"https:\/\/secure.gravatar.com\/avatar\/8e01f4d99f2eeea7a362ebb93305e1172a70e9293ba250f897a65c39f54cdd1e?s=96&d=mm&r=g","width":96,"height":96,"caption":"immovestuser"}},{"@type":"WebPage","@id":"https:\/\/www.immo-invest.ch\/fr\/zukunft-fuer-das-ahv-areal-in-schwyz\/#webpage","url":"https:\/\/www.immo-invest.ch\/fr\/zukunft-fuer-das-ahv-areal-in-schwyz\/","name":"Un avenir pour le site AVS de Schwyz - immo!nvest - Die Plattform f\u00fcr Standorte und Immobilien","description":"Apr\u00e8s le succ\u00e8s de la d\u00e9cision concernant le centre administratif et de s\u00e9curit\u00e9 de Kaltbach, le canton et la commune de Schwyz se concentrent sur l'avenir du site administratif actuel de la Bahnhofstrasse 15. L'objectif est de trouver une nouvelle affectation favorisant le centre et int\u00e9grant le site de mani\u00e8re optimale dans le paysage local. Un appel d'offres pour investisseurs doit permettre de trouver des partenaires priv\u00e9s pour le d\u00e9veloppement, qui cr\u00e9eront des plus-values tant \u00e9conomiques que sociales.","inLanguage":"fr-FR","isPartOf":{"@id":"https:\/\/www.immo-invest.ch\/fr\/#website"},"breadcrumb":{"@id":"https:\/\/www.immo-invest.ch\/fr\/zukunft-fuer-das-ahv-areal-in-schwyz\/#breadcrumblist"},"author":{"@id":"https:\/\/www.immo-invest.ch\/fr\/author\/immovestuser\/#author"},"creator":{"@id":"https:\/\/www.immo-invest.ch\/fr\/author\/immovestuser\/#author"},"image":{"@type":"ImageObject","url":"https:\/\/www.immo-invest.ch\/wp-content\/uploads\/2024\/11\/2024-11-19-15_39_15-banoviag_Write_AHV_IV__AVS_AI_ee98f470-2fe7-47e4-b566-49ee73b74bcc.png-1350\u00d7675.png","@id":"https:\/\/www.immo-invest.ch\/fr\/zukunft-fuer-das-ahv-areal-in-schwyz\/#mainImage","width":1685,"height":838},"primaryImageOfPage":{"@id":"https:\/\/www.immo-invest.ch\/fr\/zukunft-fuer-das-ahv-areal-in-schwyz\/#mainImage"},"datePublished":"2024-11-19T16:03:18+01:00","dateModified":"2024-11-19T17:58:13+01:00"},{"@type":"WebSite","@id":"https:\/\/www.immo-invest.ch\/fr\/#website","url":"https:\/\/www.immo-invest.ch\/fr\/","name":"immo!nvest - Die Plattform f\u00fcr Standorte und Immobilien","description":"Die\u00a0Plattform f\u00fcr Standorte und Immobilien","inLanguage":"fr-FR","publisher":{"@id":"https:\/\/www.immo-invest.ch\/fr\/#organization"}}]},"og:locale":"fr_FR","og:site_name":"immo!nvest - Die Plattform f\u00fcr Standorte und Immobilien - Die\u00a0Plattform f\u00fcr Standorte und Immobilien","og:type":"article","og:title":"Un avenir pour le site AVS de Schwyz - immo!nvest - Die Plattform f\u00fcr Standorte und Immobilien","og:description":"Apr\u00e8s le succ\u00e8s de la d\u00e9cision concernant le centre administratif et de s\u00e9curit\u00e9 de Kaltbach, le canton et la commune de Schwyz se concentrent sur l'avenir du site administratif actuel de la Bahnhofstrasse 15. L'objectif est de trouver une nouvelle affectation favorisant le centre et int\u00e9grant le site de mani\u00e8re optimale dans le paysage local. Un appel d'offres pour investisseurs doit permettre de trouver des partenaires priv\u00e9s pour le d\u00e9veloppement, qui cr\u00e9eront des plus-values tant \u00e9conomiques que sociales.","og:url":"https:\/\/www.immo-invest.ch\/fr\/zukunft-fuer-das-ahv-areal-in-schwyz\/","og:image":"https:\/\/www.immo-invest.ch\/wp-content\/uploads\/2024\/11\/2024-11-19-15_39_15-banoviag_Write_AHV_IV__AVS_AI_ee98f470-2fe7-47e4-b566-49ee73b74bcc.png-1350\u00d7675.png","og:image:secure_url":"https:\/\/www.immo-invest.ch\/wp-content\/uploads\/2024\/11\/2024-11-19-15_39_15-banoviag_Write_AHV_IV__AVS_AI_ee98f470-2fe7-47e4-b566-49ee73b74bcc.png-1350\u00d7675.png","og:image:width":1685,"og:image:height":838,"article:published_time":"2024-11-19T15:03:18+00:00","article:modified_time":"2024-11-19T16:58:13+00:00","article:publisher":"https:\/\/www.facebook.com\/people\/Immoinvest\/100077962920504\/","twitter:card":"summary_large_image","twitter:site":"@i","twitter:title":"Un avenir pour le site AVS de Schwyz - immo!nvest - Die Plattform f\u00fcr Standorte und Immobilien","twitter:description":"Apr\u00e8s le succ\u00e8s de la d\u00e9cision concernant le centre administratif et de s\u00e9curit\u00e9 de Kaltbach, le canton et la commune de Schwyz se concentrent sur l'avenir du site administratif actuel de la Bahnhofstrasse 15. L'objectif est de trouver une nouvelle affectation favorisant le centre et int\u00e9grant le site de mani\u00e8re optimale dans le paysage local. Un appel d'offres pour investisseurs doit permettre de trouver des partenaires priv\u00e9s pour le d\u00e9veloppement, qui cr\u00e9eront des plus-values tant \u00e9conomiques que sociales.","twitter:creator":"@i","twitter:image":"https:\/\/www.immo-invest.ch\/wp-content\/uploads\/2024\/11\/2024-11-19-15_39_15-banoviag_Write_AHV_IV__AVS_AI_ee98f470-2fe7-47e4-b566-49ee73b74bcc.png-1350\u00d7675.png"},"aioseo_meta_data":{"post_id":"119699","title":null,"description":null,"keywords":null,"keyphrases":{"focus":{"keyphrase":"","score":0,"analysis":{"keyphraseInTitle":{"score":0,"maxScore":9,"error":1}}},"additional":[]},"primary_term":null,"canonical_url":null,"og_title":null,"og_description":null,"og_object_type":"default","og_image_type":"default","og_image_url":null,"og_image_width":null,"og_image_height":null,"og_image_custom_url":null,"og_image_custom_fields":null,"og_video":"","og_custom_url":null,"og_article_section":null,"og_article_tags":null,"twitter_use_og":false,"twitter_card":"default","twitter_image_type":"default","twitter_image_url":null,"twitter_image_custom_url":null,"twitter_image_custom_fields":null,"twitter_title":null,"twitter_description":null,"schema":{"blockGraphs":[],"customGraphs":[],"default":{"data":{"Article":[],"Course":[],"Dataset":[],"FAQPage":[],"Movie":[],"Person":[],"Product":[],"ProductReview":[],"Car":[],"Recipe":[],"Service":[],"SoftwareApplication":[],"WebPage":[]},"graphName":"BlogPosting","isEnabled":true},"graphs":[]},"schema_type":"default","schema_type_options":null,"pillar_content":false,"robots_default":true,"robots_noindex":false,"robots_noarchive":false,"robots_nosnippet":false,"robots_nofollow":false,"robots_noimageindex":false,"robots_noodp":false,"robots_notranslate":false,"robots_max_snippet":"-1","robots_max_videopreview":"-1","robots_max_imagepreview":"large","priority":null,"frequency":"default","local_seo":null,"breadcrumb_settings":null,"limit_modified_date":false,"ai":null,"created":"2024-11-19 16:37:41","updated":"2025-10-24 13:03:15","seo_analyzer_scan_date":null,"focus_keyword":null,"additional_keywords":null,"truseo_locale":null},"aioseo_breadcrumb":"<div class=\"aioseo-breadcrumbs\"><span class=\"aioseo-breadcrumb\">\n\t\t\t<a href=\"https:\/\/www.immo-invest.ch\/fr\/\" title=\"Home\">Home<\/a>\n\t\t<\/span><span class=\"aioseo-breadcrumb-separator\">&raquo;<\/span><span class=\"aioseo-breadcrumb\">\n\t\t\t<a href=\"https:\/\/www.immo-invest.ch\/fr\/categories\/regions\/\" title=\"R\u00e9gions\">R\u00e9gions<\/a>\n\t\t<\/span><span class=\"aioseo-breadcrumb-separator\">&raquo;<\/span><span class=\"aioseo-breadcrumb\">\n\t\t\t<a href=\"https:\/\/www.immo-invest.ch\/fr\/categories\/regions\/suisse\/\" title=\"Suisse\">Suisse<\/a>\n\t\t<\/span><span class=\"aioseo-breadcrumb-separator\">&raquo;<\/span><span class=\"aioseo-breadcrumb\">\n\t\t\t<a href=\"https:\/\/www.immo-invest.ch\/fr\/categories\/regions\/suisse\/region-zentralschweiz\/\" title=\"Zentralschweiz\">Zentralschweiz<\/a>\n\t\t<\/span><span class=\"aioseo-breadcrumb-separator\">&raquo;<\/span><span class=\"aioseo-breadcrumb\">\n\t\t\t<a href=\"https:\/\/www.immo-invest.ch\/fr\/categories\/regions\/suisse\/region-zentralschweiz\/schwyz-fr\/\" title=\"Schwyz\">Schwyz<\/a>\n\t\t<\/span><span class=\"aioseo-breadcrumb-separator\">&raquo;<\/span><span class=\"aioseo-breadcrumb\">\n\t\t\tUn avenir pour le site AVS de Schwyz\n\t\t<\/span><\/div>","aioseo_breadcrumb_json":[{"label":"Home","link":"https:\/\/www.immo-invest.ch\/fr\/"},{"label":"R\u00e9gions","link":"https:\/\/www.immo-invest.ch\/fr\/categories\/regions\/"},{"label":"Suisse","link":"https:\/\/www.immo-invest.ch\/fr\/categories\/regions\/suisse\/"},{"label":"Zentralschweiz","link":"https:\/\/www.immo-invest.ch\/fr\/categories\/regions\/suisse\/region-zentralschweiz\/"},{"label":"Schwyz","link":"https:\/\/www.immo-invest.ch\/fr\/categories\/regions\/suisse\/region-zentralschweiz\/schwyz-fr\/"},{"label":"Un avenir pour le site AVS de Schwyz","link":"https:\/\/www.immo-invest.ch\/fr\/zukunft-fuer-das-ahv-areal-in-schwyz\/"}],"featured_image_src":"https:\/\/www.immo-invest.ch\/wp-content\/uploads\/2024\/11\/2024-11-19-15_39_15-banoviag_Write_AHV_IV__AVS_AI_ee98f470-2fe7-47e4-b566-49ee73b74bcc.png-1350\u00d7675-336x168.png","_links":{"self":[{"href":"https:\/\/www.immo-invest.ch\/fr\/wp-json\/wp\/v2\/posts\/119699","targetHints":{"allow":["GET"]}}],"collection":[{"href":"https:\/\/www.immo-invest.ch\/fr\/wp-json\/wp\/v2\/posts"}],"about":[{"href":"https:\/\/www.immo-invest.ch\/fr\/wp-json\/wp\/v2\/types\/post"}],"author":[{"embeddable":true,"href":"https:\/\/www.immo-invest.ch\/fr\/wp-json\/wp\/v2\/users\/2"}],"replies":[{"embeddable":true,"href":"https:\/\/www.immo-invest.ch\/fr\/wp-json\/wp\/v2\/comments?post=119699"}],"version-history":[{"count":0,"href":"https:\/\/www.immo-invest.ch\/fr\/wp-json\/wp\/v2\/posts\/119699\/revisions"}],"wp:featuredmedia":[{"embeddable":true,"href":"https:\/\/www.immo-invest.ch\/fr\/wp-json\/wp\/v2\/media\/119637"}],"wp:attachment":[{"href":"https:\/\/www.immo-invest.ch\/fr\/wp-json\/wp\/v2\/media?parent=119699"}],"wp:term":[{"taxonomy":"category","embeddable":true,"href":"https:\/\/www.immo-invest.ch\/fr\/wp-json\/wp\/v2\/categories?post=119699"},{"taxonomy":"post_tag","embeddable":true,"href":"https:\/\/www.immo-invest.ch\/fr\/wp-json\/wp\/v2\/tags?post=119699"}],"curies":[{"name":"wp","href":"https:\/\/api.w.org\/{rel}","templated":true}]}}