{"id":119341,"date":"2024-11-11T15:15:30","date_gmt":"2024-11-11T14:15:30","guid":{"rendered":"https:\/\/www.immo-invest.ch\/das-kammgarnareal-im-sueden\/"},"modified":"2024-11-11T16:22:22","modified_gmt":"2024-11-11T15:22:22","slug":"das-kammgarnareal-im-sueden","status":"publish","type":"post","link":"https:\/\/www.immo-invest.ch\/fr\/das-kammgarnareal-im-sueden\/","title":{"rendered":"Le site de Kammgarn au sud"},"content":{"rendered":"<p class=\"wp-block-paragraph\">Dans le cadre d&rsquo;une vision globale pour la ville de Schaffhouse, le site de Kammgarn doit &ecirc;tre d&eacute;velopp&eacute; en cr&eacute;ant de nouveaux acc&egrave;s et en am&eacute;liorant sa connexion avec le tissu urbain. En plus des acc&egrave;s existants depuis la Baumgartenstrasse, la Rheinuferstrasse et la Rheinstrasse, un nouveau passage sera cr&eacute;&eacute; le long de la Klosterstrasse afin d&rsquo;am&eacute;liorer l&rsquo;accessibilit&eacute;. Cela int&egrave;gre encore plus le site dans l&rsquo;infrastructure urbaine et permet de nouvelles possibilit&eacute;s d&rsquo;utilisation.<\/p>\n\n\n\n\n\n<p class=\"wp-block-paragraph\">Le site de Kammgarn fera partie d&rsquo;un &laquo;&nbsp;collier de perles&nbsp;&raquo; de lieux de rencontre le long des rives du Rhin, qui jouera un r&ocirc;le important dans la poursuite de la revalorisation de cette zone. Le d&eacute;but des travaux en septembre marquera le d&eacute;but d&rsquo;une phase de construction d&rsquo;environ deux ans, gr&acirc;ce &agrave; laquelle Schaffhouse gagnera un <span class=\"glossaryLink\" aria-describedby=\"tt\" data-cmtooltip=\"&lt;div class=glossaryItemTitle&gt;Quartier&lt;\/div&gt;&lt;div class=glossaryItemBody&gt;Amtliches, historisches, soziales oder stadtplanerisches Stadtviertel&lt;\/div&gt;\" data-mobile-support=\"0\" data-gt-translate-attributes='[{\"attribute\":\"data-cmtooltip\", \"format\":\"html\"}]' tabindex=\"0\" role=\"link\">quartier<\/span> moderne et attrayant, qui am&eacute;liorera consid&eacute;rablement la qualit&eacute; de vie urbaine en tant que lieu de rencontre et centre culturel.<\/p>\n\n\n\n\n\n<p class=\"wp-block-paragraph\"><strong>Revalorisation des espaces et am&eacute;lioration de la qualit&eacute; de s&eacute;jour<\/strong><br>Dans le cadre du r&eacute;am&eacute;nagement pr&eacute;vu, les surfaces seront &eacute;galement revaloris&eacute;es. La cr&eacute;ation de vastes espaces verts, de si&egrave;ges et d&rsquo;un jeu d&rsquo;eau dans la cour int&eacute;rieure de l&rsquo;ancienne filature de laine peign&eacute;e permettra d&rsquo;am&eacute;liorer la qualit&eacute; de s&eacute;jour. Ces mesures visent &agrave; transformer la cour de la filature en un lieu attractif de rencontre et de d&eacute;tente, qui peut &ecirc;tre utilis&eacute; pour des manifestations et des s&eacute;jours quotidiens.<\/p>\n\n\n\n\n\n<p class=\"wp-block-paragraph\"><strong>Nouvelles utilisations et infrastructure moderne<\/strong><br>Un &eacute;l&eacute;ment central du r&eacute;am&eacute;nagement est la construction d&rsquo;un parking souterrain d&rsquo;un &eacute;tage avec environ 90 places de stationnement, qui sera construit sous le Kammgarnhof. La cour int&eacute;rieure sera ainsi lib&eacute;r&eacute;e des voitures et offrira plus d&rsquo;espace pour les &eacute;v&eacute;nements et les loisirs. Une pergola est pr&eacute;vue devant l&rsquo;aile ouest, tandis qu&rsquo;une grande terrasse sera am&eacute;nag&eacute;e devant l&rsquo;aile nord.<\/p>\n\n\n\n\n\n<p class=\"wp-block-paragraph\">L&rsquo;aile ouest historique du site de Kammgarn sera pr&eacute;par&eacute;e &agrave; de nouvelles utilisations dans le cadre de la r&eacute;novation. Au rez-de-chauss&eacute;e, le long d&rsquo;un nouveau passage menant &agrave; la cour int&eacute;rieure, seront install&eacute;es la biblioth&egrave;que et la ludoth&egrave;que. Les fa&ccedil;ades vitr&eacute;es donneront aux passants un aper&ccedil;u attrayant du monde des livres et des jeux.<\/p>\n\n\n\n\n\n<p class=\"wp-block-paragraph\">La moiti&eacute; du premier &eacute;tage sera utilis&eacute;e par la biblioth&egrave;que, tandis que le reste de l&rsquo;espace sera lou&eacute; en unit&eacute;s de petite ou moyenne taille. La Haute &eacute;cole p&eacute;dagogique de Schaffhouse s&rsquo;installe dans les &eacute;tages sup&eacute;rieurs, tandis que les surfaces restantes sont disponibles pour une utilisation flexible par d&rsquo;autres locataires.<\/p>\n\n\n\n\n\n<p class=\"wp-block-paragraph\">Ce r&eacute;am&eacute;nagement complet du site de Kammgarn renforce le lien avec la vieille ville et le Rhin et conf&egrave;re au site une nouvelle importance dans le tissu urbain. Les mesures pr&eacute;vues contribuent au d&eacute;veloppement urbain &agrave; long terme et cr&eacute;ent un <span class=\"glossaryLink\" aria-describedby=\"tt\" data-cmtooltip=\"&lt;div class=glossaryItemTitle&gt;Quartier&lt;\/div&gt;&lt;div class=glossaryItemBody&gt;Amtliches, historisches, soziales oder stadtplanerisches Stadtviertel&lt;\/div&gt;\" data-mobile-support=\"0\" data-gt-translate-attributes='[{\"attribute\":\"data-cmtooltip\", \"format\":\"html\"}]' tabindex=\"0\" role=\"link\">quartier<\/span> moderne et vivant qui am&eacute;liore de mani&egrave;re d&eacute;cisive la qualit&eacute; de vie &agrave; Schaffhouse.<\/p>\n\n","protected":false},"excerpt":{"rendered":"<p>Le site de Kammgarn \u00e0 Schaffhouse sera enti\u00e8rement r\u00e9nov\u00e9 d&rsquo;ici 2026. La r\u00e9novation de l&rsquo;aile ouest, la construction d&rsquo;un parking souterrain et le r\u00e9am\u00e9nagement de la cour de Kammgarn, cr\u00e9eront de l&rsquo;espace pour les \u00e9v\u00e9nements ainsi qu&rsquo;une meilleure connexion avec le Rhin.<\/p>\n","protected":false},"author":2,"featured_media":119315,"comment_status":"open","ping_status":"open","sticky":false,"template":"","format":"standard","meta":{"pmpro_default_level":"","inline_featured_image":false,"_monsterinsights_skip_tracking":false,"footnotes":""},"categories":[22699,743,22357,8452,22336],"tags":[43391,50445,848,872,3931,3155,29255,2002,50446,23616,19761],"class_list":["post-119341","post","type-post","status-publish","format-standard","has-post-thumbnail","hentry","category-durabilite","category-immonews-fr","category-industrie-du-batiment","category-regions","category-schaffhouse","tag-aufenthaltsqualitaet-fr","tag-begegnungsorte-fr","tag-immobilien-fr","tag-immoinvest-fr","tag-immonews-fr","tag-infrastruktur-fr","tag-neugestaltung-fr","tag-news-fr","tag-stadt-schaffhausen-fr","tag-vision-fr","tag-weiterentwicklung-fr","pmpro-has-access"],"acf":{"bild_mit_ki_erstellt_worden":[],"lead":"Le site de Kammgarn \u00e0 Schaffhouse sera enti\u00e8rement r\u00e9nov\u00e9 d'ici 2026. La r\u00e9novation de l'aile ouest, la construction d'un parking souterrain et le r\u00e9am\u00e9nagement de la cour de Kammgarn, cr\u00e9eront de l'espace pour les \u00e9v\u00e9nements ainsi qu'une meilleure connexion avec le Rhin.","autor":"Quelle: Karin Ibach, Bild: Atelier Brunecky","ort":"","bildunterschrift":"","bild_im_grid":false,"gallerie":"","newsim":""},"aioseo_notices":[],"aioseo_head":"\n\t\t<!-- All in One SEO 5.0.0.1 - aioseo.com -->\n\t<meta name=\"description\" content=\"Le site de Kammgarn \u00e0 Schaffhouse sera enti\u00e8rement r\u00e9nov\u00e9 d&#039;ici 2026. La r\u00e9novation de l&#039;aile ouest, la construction d&#039;un parking souterrain et le r\u00e9am\u00e9nagement de la cour de Kammgarn, cr\u00e9eront de l&#039;espace pour les \u00e9v\u00e9nements ainsi qu&#039;une meilleure connexion avec le Rhin.\" \/>\n\t<meta name=\"robots\" content=\"max-image-preview:large\" \/>\n\t<meta name=\"author\" content=\"immovestuser\"\/>\n\t<meta name=\"google-site-verification\" content=\"fHJKvgWpZCR2zVBHWfkQeFXC11qieUSff0HGNYfuyLA\" \/>\n\t<link rel=\"canonical\" href=\"https:\/\/www.immo-invest.ch\/fr\/das-kammgarnareal-im-sueden\/\" \/>\n\t<meta name=\"generator\" content=\"All in One SEO (AIOSEO) 5.0.0.1\" \/>\n\t\t<meta property=\"og:locale\" content=\"fr_FR\" \/>\n\t\t<meta property=\"og:site_name\" content=\"immo!nvest - Die Plattform f\u00fcr Standorte und Immobilien - Die\u00a0Plattform f\u00fcr Standorte und Immobilien\" \/>\n\t\t<meta property=\"og:type\" content=\"article\" \/>\n\t\t<meta property=\"og:title\" content=\"Le site de Kammgarn au sud - immo!nvest - Die Plattform f\u00fcr Standorte und Immobilien\" \/>\n\t\t<meta property=\"og:description\" content=\"Le site de Kammgarn \u00e0 Schaffhouse sera enti\u00e8rement r\u00e9nov\u00e9 d&#039;ici 2026. La r\u00e9novation de l&#039;aile ouest, la construction d&#039;un parking souterrain et le r\u00e9am\u00e9nagement de la cour de Kammgarn, cr\u00e9eront de l&#039;espace pour les \u00e9v\u00e9nements ainsi qu&#039;une meilleure connexion avec le Rhin.\" \/>\n\t\t<meta property=\"og:url\" content=\"https:\/\/www.immo-invest.ch\/fr\/das-kammgarnareal-im-sueden\/\" \/>\n\t\t<meta property=\"og:image\" content=\"https:\/\/www.immo-invest.ch\/wp-content\/uploads\/2024\/11\/Screenshot-2024-09-02-164423-Kopie.png\" \/>\n\t\t<meta property=\"og:image:secure_url\" content=\"https:\/\/www.immo-invest.ch\/wp-content\/uploads\/2024\/11\/Screenshot-2024-09-02-164423-Kopie.png\" \/>\n\t\t<meta property=\"og:image:width\" content=\"1275\" \/>\n\t\t<meta property=\"og:image:height\" content=\"716\" \/>\n\t\t<meta property=\"article:published_time\" content=\"2024-11-11T14:15:30+00:00\" \/>\n\t\t<meta property=\"article:modified_time\" content=\"2024-11-11T15:22:22+00:00\" \/>\n\t\t<meta property=\"article:publisher\" content=\"https:\/\/www.facebook.com\/people\/Immoinvest\/100077962920504\/\" \/>\n\t\t<meta name=\"twitter:card\" content=\"summary_large_image\" \/>\n\t\t<meta name=\"twitter:site\" content=\"@i\" \/>\n\t\t<meta name=\"twitter:title\" content=\"Le site de Kammgarn au sud - immo!nvest - Die Plattform f\u00fcr Standorte und Immobilien\" \/>\n\t\t<meta name=\"twitter:description\" content=\"Le site de Kammgarn \u00e0 Schaffhouse sera enti\u00e8rement r\u00e9nov\u00e9 d&#039;ici 2026. La r\u00e9novation de l&#039;aile ouest, la construction d&#039;un parking souterrain et le r\u00e9am\u00e9nagement de la cour de Kammgarn, cr\u00e9eront de l&#039;espace pour les \u00e9v\u00e9nements ainsi qu&#039;une meilleure connexion avec le Rhin.\" \/>\n\t\t<meta name=\"twitter:creator\" content=\"@i\" \/>\n\t\t<meta name=\"twitter:image\" content=\"https:\/\/www.immo-invest.ch\/wp-content\/uploads\/2024\/11\/Screenshot-2024-09-02-164423-Kopie.png\" \/>\n\t\t<script type=\"application\/ld+json\" class=\"aioseo-schema\">\n\t\t\t{\"@context\":\"https:\\\/\\\/schema.org\",\"@graph\":[{\"@type\":\"BlogPosting\",\"@id\":\"https:\\\/\\\/www.immo-invest.ch\\\/fr\\\/das-kammgarnareal-im-sueden\\\/#blogposting\",\"name\":\"Le site de Kammgarn au sud - immo!nvest - Die Plattform f\\u00fcr Standorte und Immobilien\",\"headline\":\"Le site de Kammgarn au sud\",\"author\":{\"@id\":\"https:\\\/\\\/www.immo-invest.ch\\\/fr\\\/author\\\/immovestuser\\\/#author\"},\"publisher\":{\"@id\":\"https:\\\/\\\/www.immo-invest.ch\\\/fr\\\/#organization\"},\"image\":{\"@type\":\"ImageObject\",\"url\":\"https:\\\/\\\/www.immo-invest.ch\\\/wp-content\\\/uploads\\\/2024\\\/11\\\/Screenshot-2024-09-02-164423-Kopie.png\",\"width\":1275,\"height\":716},\"datePublished\":\"2024-11-11T15:15:30+01:00\",\"dateModified\":\"2024-11-11T16:22:22+01:00\",\"inLanguage\":\"fr-FR\",\"mainEntityOfPage\":{\"@id\":\"https:\\\/\\\/www.immo-invest.ch\\\/fr\\\/das-kammgarnareal-im-sueden\\\/#webpage\"},\"isPartOf\":{\"@id\":\"https:\\\/\\\/www.immo-invest.ch\\\/fr\\\/das-kammgarnareal-im-sueden\\\/#webpage\"},\"articleSection\":\"Durabilit\\u00e9, immoNews, Industrie du b\\u00e2timent, R\\u00e9gions, Schaffhouse, Aufenthaltsqualit\\u00e4t, Begegnungsorte, immobilien, Immoinvest, immoNews, Infrastruktur, Neugestaltung, News, Stadt Schaffhausen, Vision, Weiterentwicklung, Facultatif\"},{\"@type\":\"BreadcrumbList\",\"@id\":\"https:\\\/\\\/www.immo-invest.ch\\\/fr\\\/das-kammgarnareal-im-sueden\\\/#breadcrumblist\",\"itemListElement\":[{\"@type\":\"ListItem\",\"@id\":\"https:\\\/\\\/www.immo-invest.ch\\\/fr\\\/#listItem\",\"position\":1,\"name\":\"Home\",\"item\":\"https:\\\/\\\/www.immo-invest.ch\\\/fr\\\/\",\"nextItem\":{\"@type\":\"ListItem\",\"@id\":\"https:\\\/\\\/www.immo-invest.ch\\\/fr\\\/categories\\\/regions\\\/#listItem\",\"name\":\"R\\u00e9gions\"}},{\"@type\":\"ListItem\",\"@id\":\"https:\\\/\\\/www.immo-invest.ch\\\/fr\\\/categories\\\/regions\\\/#listItem\",\"position\":2,\"name\":\"R\\u00e9gions\",\"item\":\"https:\\\/\\\/www.immo-invest.ch\\\/fr\\\/categories\\\/regions\\\/\",\"nextItem\":{\"@type\":\"ListItem\",\"@id\":\"https:\\\/\\\/www.immo-invest.ch\\\/fr\\\/categories\\\/regions\\\/suisse\\\/#listItem\",\"name\":\"Suisse\"},\"previousItem\":{\"@type\":\"ListItem\",\"@id\":\"https:\\\/\\\/www.immo-invest.ch\\\/fr\\\/#listItem\",\"name\":\"Home\"}},{\"@type\":\"ListItem\",\"@id\":\"https:\\\/\\\/www.immo-invest.ch\\\/fr\\\/categories\\\/regions\\\/suisse\\\/#listItem\",\"position\":3,\"name\":\"Suisse\",\"item\":\"https:\\\/\\\/www.immo-invest.ch\\\/fr\\\/categories\\\/regions\\\/suisse\\\/\",\"nextItem\":{\"@type\":\"ListItem\",\"@id\":\"https:\\\/\\\/www.immo-invest.ch\\\/fr\\\/categories\\\/regions\\\/suisse\\\/suisse-orientale\\\/#listItem\",\"name\":\"Suisse orientale\"},\"previousItem\":{\"@type\":\"ListItem\",\"@id\":\"https:\\\/\\\/www.immo-invest.ch\\\/fr\\\/categories\\\/regions\\\/#listItem\",\"name\":\"R\\u00e9gions\"}},{\"@type\":\"ListItem\",\"@id\":\"https:\\\/\\\/www.immo-invest.ch\\\/fr\\\/categories\\\/regions\\\/suisse\\\/suisse-orientale\\\/#listItem\",\"position\":4,\"name\":\"Suisse orientale\",\"item\":\"https:\\\/\\\/www.immo-invest.ch\\\/fr\\\/categories\\\/regions\\\/suisse\\\/suisse-orientale\\\/\",\"nextItem\":{\"@type\":\"ListItem\",\"@id\":\"https:\\\/\\\/www.immo-invest.ch\\\/fr\\\/categories\\\/regions\\\/suisse\\\/suisse-orientale\\\/schaffhouse\\\/#listItem\",\"name\":\"Schaffhouse\"},\"previousItem\":{\"@type\":\"ListItem\",\"@id\":\"https:\\\/\\\/www.immo-invest.ch\\\/fr\\\/categories\\\/regions\\\/suisse\\\/#listItem\",\"name\":\"Suisse\"}},{\"@type\":\"ListItem\",\"@id\":\"https:\\\/\\\/www.immo-invest.ch\\\/fr\\\/categories\\\/regions\\\/suisse\\\/suisse-orientale\\\/schaffhouse\\\/#listItem\",\"position\":5,\"name\":\"Schaffhouse\",\"item\":\"https:\\\/\\\/www.immo-invest.ch\\\/fr\\\/categories\\\/regions\\\/suisse\\\/suisse-orientale\\\/schaffhouse\\\/\",\"nextItem\":{\"@type\":\"ListItem\",\"@id\":\"https:\\\/\\\/www.immo-invest.ch\\\/fr\\\/das-kammgarnareal-im-sueden\\\/#listItem\",\"name\":\"Le site de Kammgarn au sud\"},\"previousItem\":{\"@type\":\"ListItem\",\"@id\":\"https:\\\/\\\/www.immo-invest.ch\\\/fr\\\/categories\\\/regions\\\/suisse\\\/suisse-orientale\\\/#listItem\",\"name\":\"Suisse orientale\"}},{\"@type\":\"ListItem\",\"@id\":\"https:\\\/\\\/www.immo-invest.ch\\\/fr\\\/das-kammgarnareal-im-sueden\\\/#listItem\",\"position\":6,\"name\":\"Le site de Kammgarn au sud\",\"previousItem\":{\"@type\":\"ListItem\",\"@id\":\"https:\\\/\\\/www.immo-invest.ch\\\/fr\\\/categories\\\/regions\\\/suisse\\\/suisse-orientale\\\/schaffhouse\\\/#listItem\",\"name\":\"Schaffhouse\"}}]},{\"@type\":\"Organization\",\"@id\":\"https:\\\/\\\/www.immo-invest.ch\\\/fr\\\/#organization\",\"name\":\"immo!nvest - Die Plattform f\\u00fcr Standorte und Immobilien\",\"description\":\"Die\\u00a0Plattform f\\u00fcr Standorte und Immobilien\",\"url\":\"https:\\\/\\\/www.immo-invest.ch\\\/fr\\\/\",\"email\":\"admin@immomedia.ag\",\"telephone\":\"+41444420002\",\"logo\":{\"@type\":\"ImageObject\",\"url\":\"https:\\\/\\\/www.immo-invest.ch\\\/wp-content\\\/uploads\\\/2024\\\/09\\\/immoinvest_sm-scaled.jpg\",\"@id\":\"https:\\\/\\\/www.immo-invest.ch\\\/fr\\\/das-kammgarnareal-im-sueden\\\/#organizationLogo\",\"width\":2560,\"height\":1340},\"image\":{\"@id\":\"https:\\\/\\\/www.immo-invest.ch\\\/fr\\\/das-kammgarnareal-im-sueden\\\/#organizationLogo\"},\"sameAs\":[\"https:\\\/\\\/www.facebook.com\\\/people\\\/Immoinvest\\\/100077962920504\\\/\",\"https:\\\/\\\/x.com\\\/i\\\/flow\\\/login?redirect_after_login=immoinvest_ch\",\"https:\\\/\\\/www.instagram.com\\\/immoinvest_ch\\\/\",\"https:\\\/\\\/www.linkedin.com\\\/company\\\/immoinvest-swiss\"]},{\"@type\":\"Person\",\"@id\":\"https:\\\/\\\/www.immo-invest.ch\\\/fr\\\/author\\\/immovestuser\\\/#author\",\"url\":\"https:\\\/\\\/www.immo-invest.ch\\\/fr\\\/author\\\/immovestuser\\\/\",\"name\":\"immovestuser\",\"image\":{\"@type\":\"ImageObject\",\"@id\":\"https:\\\/\\\/www.immo-invest.ch\\\/fr\\\/das-kammgarnareal-im-sueden\\\/#authorImage\",\"url\":\"https:\\\/\\\/secure.gravatar.com\\\/avatar\\\/8e01f4d99f2eeea7a362ebb93305e1172a70e9293ba250f897a65c39f54cdd1e?s=96&d=mm&r=g\",\"width\":96,\"height\":96,\"caption\":\"immovestuser\"}},{\"@type\":\"WebPage\",\"@id\":\"https:\\\/\\\/www.immo-invest.ch\\\/fr\\\/das-kammgarnareal-im-sueden\\\/#webpage\",\"url\":\"https:\\\/\\\/www.immo-invest.ch\\\/fr\\\/das-kammgarnareal-im-sueden\\\/\",\"name\":\"Le site de Kammgarn au sud - immo!nvest - Die Plattform f\\u00fcr Standorte und Immobilien\",\"description\":\"Le site de Kammgarn \\u00e0 Schaffhouse sera enti\\u00e8rement r\\u00e9nov\\u00e9 d'ici 2026. La r\\u00e9novation de l'aile ouest, la construction d'un parking souterrain et le r\\u00e9am\\u00e9nagement de la cour de Kammgarn, cr\\u00e9eront de l'espace pour les \\u00e9v\\u00e9nements ainsi qu'une meilleure connexion avec le Rhin.\",\"inLanguage\":\"fr-FR\",\"isPartOf\":{\"@id\":\"https:\\\/\\\/www.immo-invest.ch\\\/fr\\\/#website\"},\"breadcrumb\":{\"@id\":\"https:\\\/\\\/www.immo-invest.ch\\\/fr\\\/das-kammgarnareal-im-sueden\\\/#breadcrumblist\"},\"author\":{\"@id\":\"https:\\\/\\\/www.immo-invest.ch\\\/fr\\\/author\\\/immovestuser\\\/#author\"},\"creator\":{\"@id\":\"https:\\\/\\\/www.immo-invest.ch\\\/fr\\\/author\\\/immovestuser\\\/#author\"},\"image\":{\"@type\":\"ImageObject\",\"url\":\"https:\\\/\\\/www.immo-invest.ch\\\/wp-content\\\/uploads\\\/2024\\\/11\\\/Screenshot-2024-09-02-164423-Kopie.png\",\"@id\":\"https:\\\/\\\/www.immo-invest.ch\\\/fr\\\/das-kammgarnareal-im-sueden\\\/#mainImage\",\"width\":1275,\"height\":716},\"primaryImageOfPage\":{\"@id\":\"https:\\\/\\\/www.immo-invest.ch\\\/fr\\\/das-kammgarnareal-im-sueden\\\/#mainImage\"},\"datePublished\":\"2024-11-11T15:15:30+01:00\",\"dateModified\":\"2024-11-11T16:22:22+01:00\"},{\"@type\":\"WebSite\",\"@id\":\"https:\\\/\\\/www.immo-invest.ch\\\/fr\\\/#website\",\"url\":\"https:\\\/\\\/www.immo-invest.ch\\\/fr\\\/\",\"name\":\"immo!nvest - Die Plattform f\\u00fcr Standorte und Immobilien\",\"description\":\"Die\\u00a0Plattform f\\u00fcr Standorte und Immobilien\",\"inLanguage\":\"fr-FR\",\"publisher\":{\"@id\":\"https:\\\/\\\/www.immo-invest.ch\\\/fr\\\/#organization\"}}]}\n\t\t<\/script>\n\t\t<!-- All in One SEO -->\n\n","aioseo_head_json":{"title":"Le site de Kammgarn au sud - immo!nvest - Die Plattform f\u00fcr Standorte und Immobilien","description":"Le site de Kammgarn \u00e0 Schaffhouse sera enti\u00e8rement r\u00e9nov\u00e9 d'ici 2026. La r\u00e9novation de l'aile ouest, la construction d'un parking souterrain et le r\u00e9am\u00e9nagement de la cour de Kammgarn, cr\u00e9eront de l'espace pour les \u00e9v\u00e9nements ainsi qu'une meilleure connexion avec le Rhin.","canonical_url":"https:\/\/www.immo-invest.ch\/fr\/das-kammgarnareal-im-sueden\/","robots":"max-image-preview:large","keywords":"","webmasterTools":{"google-site-verification":"fHJKvgWpZCR2zVBHWfkQeFXC11qieUSff0HGNYfuyLA","miscellaneous":""},"schema":{"@context":"https:\/\/schema.org","@graph":[{"@type":"BlogPosting","@id":"https:\/\/www.immo-invest.ch\/fr\/das-kammgarnareal-im-sueden\/#blogposting","name":"Le site de Kammgarn au sud - immo!nvest - Die Plattform f\u00fcr Standorte und Immobilien","headline":"Le site de Kammgarn au sud","author":{"@id":"https:\/\/www.immo-invest.ch\/fr\/author\/immovestuser\/#author"},"publisher":{"@id":"https:\/\/www.immo-invest.ch\/fr\/#organization"},"image":{"@type":"ImageObject","url":"https:\/\/www.immo-invest.ch\/wp-content\/uploads\/2024\/11\/Screenshot-2024-09-02-164423-Kopie.png","width":1275,"height":716},"datePublished":"2024-11-11T15:15:30+01:00","dateModified":"2024-11-11T16:22:22+01:00","inLanguage":"fr-FR","mainEntityOfPage":{"@id":"https:\/\/www.immo-invest.ch\/fr\/das-kammgarnareal-im-sueden\/#webpage"},"isPartOf":{"@id":"https:\/\/www.immo-invest.ch\/fr\/das-kammgarnareal-im-sueden\/#webpage"},"articleSection":"Durabilit\u00e9, immoNews, Industrie du b\u00e2timent, R\u00e9gions, Schaffhouse, Aufenthaltsqualit\u00e4t, Begegnungsorte, immobilien, Immoinvest, immoNews, Infrastruktur, Neugestaltung, News, Stadt Schaffhausen, Vision, Weiterentwicklung, Facultatif"},{"@type":"BreadcrumbList","@id":"https:\/\/www.immo-invest.ch\/fr\/das-kammgarnareal-im-sueden\/#breadcrumblist","itemListElement":[{"@type":"ListItem","@id":"https:\/\/www.immo-invest.ch\/fr\/#listItem","position":1,"name":"Home","item":"https:\/\/www.immo-invest.ch\/fr\/","nextItem":{"@type":"ListItem","@id":"https:\/\/www.immo-invest.ch\/fr\/categories\/regions\/#listItem","name":"R\u00e9gions"}},{"@type":"ListItem","@id":"https:\/\/www.immo-invest.ch\/fr\/categories\/regions\/#listItem","position":2,"name":"R\u00e9gions","item":"https:\/\/www.immo-invest.ch\/fr\/categories\/regions\/","nextItem":{"@type":"ListItem","@id":"https:\/\/www.immo-invest.ch\/fr\/categories\/regions\/suisse\/#listItem","name":"Suisse"},"previousItem":{"@type":"ListItem","@id":"https:\/\/www.immo-invest.ch\/fr\/#listItem","name":"Home"}},{"@type":"ListItem","@id":"https:\/\/www.immo-invest.ch\/fr\/categories\/regions\/suisse\/#listItem","position":3,"name":"Suisse","item":"https:\/\/www.immo-invest.ch\/fr\/categories\/regions\/suisse\/","nextItem":{"@type":"ListItem","@id":"https:\/\/www.immo-invest.ch\/fr\/categories\/regions\/suisse\/suisse-orientale\/#listItem","name":"Suisse orientale"},"previousItem":{"@type":"ListItem","@id":"https:\/\/www.immo-invest.ch\/fr\/categories\/regions\/#listItem","name":"R\u00e9gions"}},{"@type":"ListItem","@id":"https:\/\/www.immo-invest.ch\/fr\/categories\/regions\/suisse\/suisse-orientale\/#listItem","position":4,"name":"Suisse orientale","item":"https:\/\/www.immo-invest.ch\/fr\/categories\/regions\/suisse\/suisse-orientale\/","nextItem":{"@type":"ListItem","@id":"https:\/\/www.immo-invest.ch\/fr\/categories\/regions\/suisse\/suisse-orientale\/schaffhouse\/#listItem","name":"Schaffhouse"},"previousItem":{"@type":"ListItem","@id":"https:\/\/www.immo-invest.ch\/fr\/categories\/regions\/suisse\/#listItem","name":"Suisse"}},{"@type":"ListItem","@id":"https:\/\/www.immo-invest.ch\/fr\/categories\/regions\/suisse\/suisse-orientale\/schaffhouse\/#listItem","position":5,"name":"Schaffhouse","item":"https:\/\/www.immo-invest.ch\/fr\/categories\/regions\/suisse\/suisse-orientale\/schaffhouse\/","nextItem":{"@type":"ListItem","@id":"https:\/\/www.immo-invest.ch\/fr\/das-kammgarnareal-im-sueden\/#listItem","name":"Le site de Kammgarn au sud"},"previousItem":{"@type":"ListItem","@id":"https:\/\/www.immo-invest.ch\/fr\/categories\/regions\/suisse\/suisse-orientale\/#listItem","name":"Suisse orientale"}},{"@type":"ListItem","@id":"https:\/\/www.immo-invest.ch\/fr\/das-kammgarnareal-im-sueden\/#listItem","position":6,"name":"Le site de Kammgarn au sud","previousItem":{"@type":"ListItem","@id":"https:\/\/www.immo-invest.ch\/fr\/categories\/regions\/suisse\/suisse-orientale\/schaffhouse\/#listItem","name":"Schaffhouse"}}]},{"@type":"Organization","@id":"https:\/\/www.immo-invest.ch\/fr\/#organization","name":"immo!nvest - Die Plattform f\u00fcr Standorte und Immobilien","description":"Die\u00a0Plattform f\u00fcr Standorte und Immobilien","url":"https:\/\/www.immo-invest.ch\/fr\/","email":"admin@immomedia.ag","telephone":"+41444420002","logo":{"@type":"ImageObject","url":"https:\/\/www.immo-invest.ch\/wp-content\/uploads\/2024\/09\/immoinvest_sm-scaled.jpg","@id":"https:\/\/www.immo-invest.ch\/fr\/das-kammgarnareal-im-sueden\/#organizationLogo","width":2560,"height":1340},"image":{"@id":"https:\/\/www.immo-invest.ch\/fr\/das-kammgarnareal-im-sueden\/#organizationLogo"},"sameAs":["https:\/\/www.facebook.com\/people\/Immoinvest\/100077962920504\/","https:\/\/x.com\/i\/flow\/login?redirect_after_login=immoinvest_ch","https:\/\/www.instagram.com\/immoinvest_ch\/","https:\/\/www.linkedin.com\/company\/immoinvest-swiss"]},{"@type":"Person","@id":"https:\/\/www.immo-invest.ch\/fr\/author\/immovestuser\/#author","url":"https:\/\/www.immo-invest.ch\/fr\/author\/immovestuser\/","name":"immovestuser","image":{"@type":"ImageObject","@id":"https:\/\/www.immo-invest.ch\/fr\/das-kammgarnareal-im-sueden\/#authorImage","url":"https:\/\/secure.gravatar.com\/avatar\/8e01f4d99f2eeea7a362ebb93305e1172a70e9293ba250f897a65c39f54cdd1e?s=96&d=mm&r=g","width":96,"height":96,"caption":"immovestuser"}},{"@type":"WebPage","@id":"https:\/\/www.immo-invest.ch\/fr\/das-kammgarnareal-im-sueden\/#webpage","url":"https:\/\/www.immo-invest.ch\/fr\/das-kammgarnareal-im-sueden\/","name":"Le site de Kammgarn au sud - immo!nvest - Die Plattform f\u00fcr Standorte und Immobilien","description":"Le site de Kammgarn \u00e0 Schaffhouse sera enti\u00e8rement r\u00e9nov\u00e9 d'ici 2026. La r\u00e9novation de l'aile ouest, la construction d'un parking souterrain et le r\u00e9am\u00e9nagement de la cour de Kammgarn, cr\u00e9eront de l'espace pour les \u00e9v\u00e9nements ainsi qu'une meilleure connexion avec le Rhin.","inLanguage":"fr-FR","isPartOf":{"@id":"https:\/\/www.immo-invest.ch\/fr\/#website"},"breadcrumb":{"@id":"https:\/\/www.immo-invest.ch\/fr\/das-kammgarnareal-im-sueden\/#breadcrumblist"},"author":{"@id":"https:\/\/www.immo-invest.ch\/fr\/author\/immovestuser\/#author"},"creator":{"@id":"https:\/\/www.immo-invest.ch\/fr\/author\/immovestuser\/#author"},"image":{"@type":"ImageObject","url":"https:\/\/www.immo-invest.ch\/wp-content\/uploads\/2024\/11\/Screenshot-2024-09-02-164423-Kopie.png","@id":"https:\/\/www.immo-invest.ch\/fr\/das-kammgarnareal-im-sueden\/#mainImage","width":1275,"height":716},"primaryImageOfPage":{"@id":"https:\/\/www.immo-invest.ch\/fr\/das-kammgarnareal-im-sueden\/#mainImage"},"datePublished":"2024-11-11T15:15:30+01:00","dateModified":"2024-11-11T16:22:22+01:00"},{"@type":"WebSite","@id":"https:\/\/www.immo-invest.ch\/fr\/#website","url":"https:\/\/www.immo-invest.ch\/fr\/","name":"immo!nvest - Die Plattform f\u00fcr Standorte und Immobilien","description":"Die\u00a0Plattform f\u00fcr Standorte und Immobilien","inLanguage":"fr-FR","publisher":{"@id":"https:\/\/www.immo-invest.ch\/fr\/#organization"}}]},"og:locale":"fr_FR","og:site_name":"immo!nvest - Die Plattform f\u00fcr Standorte und Immobilien - Die\u00a0Plattform f\u00fcr Standorte und Immobilien","og:type":"article","og:title":"Le site de Kammgarn au sud - immo!nvest - Die Plattform f\u00fcr Standorte und Immobilien","og:description":"Le site de Kammgarn \u00e0 Schaffhouse sera enti\u00e8rement r\u00e9nov\u00e9 d'ici 2026. La r\u00e9novation de l'aile ouest, la construction d'un parking souterrain et le r\u00e9am\u00e9nagement de la cour de Kammgarn, cr\u00e9eront de l'espace pour les \u00e9v\u00e9nements ainsi qu'une meilleure connexion avec le Rhin.","og:url":"https:\/\/www.immo-invest.ch\/fr\/das-kammgarnareal-im-sueden\/","og:image":"https:\/\/www.immo-invest.ch\/wp-content\/uploads\/2024\/11\/Screenshot-2024-09-02-164423-Kopie.png","og:image:secure_url":"https:\/\/www.immo-invest.ch\/wp-content\/uploads\/2024\/11\/Screenshot-2024-09-02-164423-Kopie.png","og:image:width":1275,"og:image:height":716,"article:published_time":"2024-11-11T14:15:30+00:00","article:modified_time":"2024-11-11T15:22:22+00:00","article:publisher":"https:\/\/www.facebook.com\/people\/Immoinvest\/100077962920504\/","twitter:card":"summary_large_image","twitter:site":"@i","twitter:title":"Le site de Kammgarn au sud - immo!nvest - Die Plattform f\u00fcr Standorte und Immobilien","twitter:description":"Le site de Kammgarn \u00e0 Schaffhouse sera enti\u00e8rement r\u00e9nov\u00e9 d'ici 2026. La r\u00e9novation de l'aile ouest, la construction d'un parking souterrain et le r\u00e9am\u00e9nagement de la cour de Kammgarn, cr\u00e9eront de l'espace pour les \u00e9v\u00e9nements ainsi qu'une meilleure connexion avec le Rhin.","twitter:creator":"@i","twitter:image":"https:\/\/www.immo-invest.ch\/wp-content\/uploads\/2024\/11\/Screenshot-2024-09-02-164423-Kopie.png"},"aioseo_meta_data":{"post_id":"119341","title":null,"description":null,"keywords":null,"keyphrases":{"focus":{"keyphrase":"","score":0,"analysis":{"keyphraseInTitle":{"score":0,"maxScore":9,"error":1}}},"additional":[]},"primary_term":null,"canonical_url":null,"og_title":null,"og_description":null,"og_object_type":"default","og_image_type":"default","og_image_url":null,"og_image_width":null,"og_image_height":null,"og_image_custom_url":null,"og_image_custom_fields":null,"og_video":"","og_custom_url":null,"og_article_section":null,"og_article_tags":null,"twitter_use_og":false,"twitter_card":"default","twitter_image_type":"default","twitter_image_url":null,"twitter_image_custom_url":null,"twitter_image_custom_fields":null,"twitter_title":null,"twitter_description":null,"schema":{"blockGraphs":[],"customGraphs":[],"default":{"data":{"Article":[],"Course":[],"Dataset":[],"FAQPage":[],"Movie":[],"Person":[],"Product":[],"ProductReview":[],"Car":[],"Recipe":[],"Service":[],"SoftwareApplication":[],"WebPage":[]},"graphName":"BlogPosting","isEnabled":true},"graphs":[]},"schema_type":"default","schema_type_options":null,"pillar_content":false,"robots_default":true,"robots_noindex":false,"robots_noarchive":false,"robots_nosnippet":false,"robots_nofollow":false,"robots_noimageindex":false,"robots_noodp":false,"robots_notranslate":false,"robots_max_snippet":"-1","robots_max_videopreview":"-1","robots_max_imagepreview":"large","priority":null,"frequency":"default","local_seo":null,"breadcrumb_settings":null,"limit_modified_date":false,"ai":null,"created":"2024-11-11 15:13:10","updated":"2025-10-24 12:51:13","seo_analyzer_scan_date":null,"focus_keyword":null,"additional_keywords":null,"truseo_locale":null},"aioseo_breadcrumb":"<div class=\"aioseo-breadcrumbs\"><span class=\"aioseo-breadcrumb\">\n\t\t\t<a href=\"https:\/\/www.immo-invest.ch\/fr\/\" title=\"Home\">Home<\/a>\n\t\t<\/span><span class=\"aioseo-breadcrumb-separator\">&raquo;<\/span><span class=\"aioseo-breadcrumb\">\n\t\t\t<a href=\"https:\/\/www.immo-invest.ch\/fr\/categories\/regions\/\" title=\"R\u00e9gions\">R\u00e9gions<\/a>\n\t\t<\/span><span class=\"aioseo-breadcrumb-separator\">&raquo;<\/span><span class=\"aioseo-breadcrumb\">\n\t\t\t<a href=\"https:\/\/www.immo-invest.ch\/fr\/categories\/regions\/suisse\/\" title=\"Suisse\">Suisse<\/a>\n\t\t<\/span><span class=\"aioseo-breadcrumb-separator\">&raquo;<\/span><span class=\"aioseo-breadcrumb\">\n\t\t\t<a href=\"https:\/\/www.immo-invest.ch\/fr\/categories\/regions\/suisse\/suisse-orientale\/\" title=\"Suisse orientale\">Suisse orientale<\/a>\n\t\t<\/span><span class=\"aioseo-breadcrumb-separator\">&raquo;<\/span><span class=\"aioseo-breadcrumb\">\n\t\t\t<a href=\"https:\/\/www.immo-invest.ch\/fr\/categories\/regions\/suisse\/suisse-orientale\/schaffhouse\/\" title=\"Schaffhouse\">Schaffhouse<\/a>\n\t\t<\/span><span class=\"aioseo-breadcrumb-separator\">&raquo;<\/span><span class=\"aioseo-breadcrumb\">\n\t\t\tLe site de Kammgarn au sud\n\t\t<\/span><\/div>","aioseo_breadcrumb_json":[{"label":"Home","link":"https:\/\/www.immo-invest.ch\/fr\/"},{"label":"R\u00e9gions","link":"https:\/\/www.immo-invest.ch\/fr\/categories\/regions\/"},{"label":"Suisse","link":"https:\/\/www.immo-invest.ch\/fr\/categories\/regions\/suisse\/"},{"label":"Suisse orientale","link":"https:\/\/www.immo-invest.ch\/fr\/categories\/regions\/suisse\/suisse-orientale\/"},{"label":"Schaffhouse","link":"https:\/\/www.immo-invest.ch\/fr\/categories\/regions\/suisse\/suisse-orientale\/schaffhouse\/"},{"label":"Le site de Kammgarn au sud","link":"https:\/\/www.immo-invest.ch\/fr\/das-kammgarnareal-im-sueden\/"}],"featured_image_src":"https:\/\/www.immo-invest.ch\/wp-content\/uploads\/2024\/11\/Screenshot-2024-09-02-164423-Kopie-336x168.png","_links":{"self":[{"href":"https:\/\/www.immo-invest.ch\/fr\/wp-json\/wp\/v2\/posts\/119341","targetHints":{"allow":["GET"]}}],"collection":[{"href":"https:\/\/www.immo-invest.ch\/fr\/wp-json\/wp\/v2\/posts"}],"about":[{"href":"https:\/\/www.immo-invest.ch\/fr\/wp-json\/wp\/v2\/types\/post"}],"author":[{"embeddable":true,"href":"https:\/\/www.immo-invest.ch\/fr\/wp-json\/wp\/v2\/users\/2"}],"replies":[{"embeddable":true,"href":"https:\/\/www.immo-invest.ch\/fr\/wp-json\/wp\/v2\/comments?post=119341"}],"version-history":[{"count":0,"href":"https:\/\/www.immo-invest.ch\/fr\/wp-json\/wp\/v2\/posts\/119341\/revisions"}],"wp:featuredmedia":[{"embeddable":true,"href":"https:\/\/www.immo-invest.ch\/fr\/wp-json\/wp\/v2\/media\/119315"}],"wp:attachment":[{"href":"https:\/\/www.immo-invest.ch\/fr\/wp-json\/wp\/v2\/media?parent=119341"}],"wp:term":[{"taxonomy":"category","embeddable":true,"href":"https:\/\/www.immo-invest.ch\/fr\/wp-json\/wp\/v2\/categories?post=119341"},{"taxonomy":"post_tag","embeddable":true,"href":"https:\/\/www.immo-invest.ch\/fr\/wp-json\/wp\/v2\/tags?post=119341"}],"curies":[{"name":"wp","href":"https:\/\/api.w.org\/{rel}","templated":true}]}}