{"id":118905,"date":"2024-11-06T10:06:46","date_gmt":"2024-11-06T09:06:46","guid":{"rendered":"https:\/\/www.immo-invest.ch\/fernwaerme-und-nachhaltigkeit-fuer-den-metro-shop\/"},"modified":"2024-11-06T10:25:11","modified_gmt":"2024-11-06T09:25:11","slug":"fernwaerme-und-nachhaltigkeit-fuer-den-metro-shop","status":"publish","type":"post","link":"https:\/\/www.immo-invest.ch\/fr\/fernwaerme-und-nachhaltigkeit-fuer-den-metro-shop\/","title":{"rendered":"Chauffage urbain et durabilit\u00e9 pour le magasin Metro"},"content":{"rendered":"<p class=\"bodytext\">Selon un <a href=\"https:\/\/www.baden.ch\/de\/politik-verwaltung\/medien\/aktuelle-meldungen.html\/901\/news\/16042\" target=\"_blank\" rel=\"noopener\">communiqu&eacute;<\/a>, le Metro Shop de <a href=\"https:\/\/www.baden.ch\/\" target=\"_blank\" rel=\"noopener\">Baden<\/a> a &eacute;t&eacute; raccord&eacute; au r&eacute;seau de chauffage et de refroidissement urbain. Avec ses besoins &eacute;nerg&eacute;tiques &eacute;lev&eacute;s, il est l&rsquo;un des plus gros consommateurs du r&eacute;seau &eacute;nerg&eacute;tique de Baden, avec une consommation annuelle d&rsquo;environ 300 000 kilowattheures. Le raccordement permet de r&eacute;duire les &eacute;missions de CO2 de 50 tonnes par an, selon le communiqu&eacute; de la ville.<\/p>\n<p class=\"bodytext\">La ville de Baden a pour objectif de r&eacute;duire ses &eacute;missions de gaz &agrave; effet de serre li&eacute;es &agrave; l&rsquo;&eacute;nergie &agrave; z&eacute;ro d&rsquo;ici 2050 au plus tard. Pour ce faire, elle pr&eacute;voit de passer syst&eacute;matiquement aux &eacute;nergies renouvelables. En collaboration avec la <a href=\"https:\/\/www.regionalwerke.ch\/privat-geschaeftskunden\" target=\"_blank\" rel=\"noopener\">soci&eacute;t&eacute; Regionalwerke AG Baden<\/a>, la ville poursuit le d&eacute;veloppement rapide du chauffage et du refroidissement urbains renouvelables, ajoute le communiqu&eacute;. Le d&eacute;veloppement se poursuit &agrave; un rythme soutenu. Cinq b&acirc;timents du patrimoine administratif, avec une consommation annuelle d&rsquo;environ 1 235 000 kilowattheures, et cinq b&acirc;timents du patrimoine financier, avec une consommation annuelle d&rsquo;environ 320 000 kilowattheures (kWh), sont d&eacute;j&agrave; raccord&eacute;s.<\/p>\n<p class=\"bodytext\">Dans le projet Metro Shop, les nombreuses interfaces ont constitu&eacute; le plus grand d&eacute;fi, selon Sandro Valsecchi, chef de projet des installations de chauffage chez Regionalwerke AG Baden. &laquo;&nbsp;La pose des conduites sur les deux &eacute;tages du parking de la gare a &eacute;t&eacute; particuli&egrave;rement difficile, et ce sans interruption de l&rsquo;exploitation&nbsp;&raquo;, explique Valsecchi.<\/p>\n<p class=\"bodytext\">Le raccordement du Metro Shop marque l&rsquo;ach&egrave;vement d&rsquo;un sous-projet d&eacute;cisif dans l&rsquo;extension du r&eacute;seau de chauffage et de refroidissement urbain, a-t-il ajout&eacute;. Le projet atteindra &agrave; l&rsquo;avenir d&rsquo;autres zones de la ville en collaboration avec Regionalwerke AG Baden.<\/p>\n","protected":false},"excerpt":{"rendered":"<p>Le Metro Shop de Baden a \u00e9t\u00e9 raccord\u00e9 au r\u00e9seau de chauffage et de refroidissement urbain, ce qui permet une r\u00e9duction annuelle de 50 tonnes de CO\u2082. La ville de Baden s&rsquo;engage ainsi en faveur des \u00e9nergies renouvelables et d&rsquo;un avenir durable. En collaboration avec Regionalwerke AG, le r\u00e9seau est continuellement \u00e9tendu.<\/p>\n","protected":false},"author":2,"featured_media":118900,"comment_status":"open","ping_status":"open","sticky":false,"template":"","format":"standard","meta":{"pmpro_default_level":"","inline_featured_image":false,"_monsterinsights_skip_tracking":false,"footnotes":""},"categories":[4897,22699,8747,743],"tags":[50343,40239,3784,872,3931,2002],"class_list":["post-118905","post","type-post","status-publish","format-standard","has-post-thumbnail","hentry","category-region-aarau","category-durabilite","category-energie","category-immonews-fr","tag-co-reduktion-fr","tag-erneuerbare-energien-fr","tag-fernwaerme-fr","tag-immoinvest-fr","tag-immonews-fr","tag-news-fr","pmpro-has-access"],"acf":{"bild_mit_ki_erstellt_worden":[],"lead":"Le Metro Shop de Baden a \u00e9t\u00e9 raccord\u00e9 au r\u00e9seau de chauffage et de refroidissement urbain, ce qui permet une r\u00e9duction annuelle de 50 tonnes de CO\u2082. La ville de Baden s'engage ainsi en faveur des \u00e9nergies renouvelables et d'un avenir durable. En collaboration avec Regionalwerke AG, le r\u00e9seau est continuellement \u00e9tendu.","autor":"ce\/gba","ort":"Baden AG","bildunterschrift":"","bild_im_grid":false,"gallerie":"","newsim":""},"aioseo_notices":[],"aioseo_head":"\n\t\t<!-- All in One SEO 5.0.0.1 - aioseo.com -->\n\t<meta name=\"description\" content=\"Le Metro Shop de Baden a \u00e9t\u00e9 raccord\u00e9 au r\u00e9seau de chauffage et de refroidissement urbain, ce qui permet une r\u00e9duction annuelle de 50 tonnes de CO\u2082. La ville de Baden s&#039;engage ainsi en faveur des \u00e9nergies renouvelables et d&#039;un avenir durable. En collaboration avec Regionalwerke AG, le r\u00e9seau est continuellement \u00e9tendu.\" \/>\n\t<meta name=\"robots\" content=\"max-image-preview:large\" \/>\n\t<meta name=\"author\" content=\"immovestuser\"\/>\n\t<meta name=\"google-site-verification\" content=\"fHJKvgWpZCR2zVBHWfkQeFXC11qieUSff0HGNYfuyLA\" \/>\n\t<link rel=\"canonical\" href=\"https:\/\/www.immo-invest.ch\/fr\/fernwaerme-und-nachhaltigkeit-fuer-den-metro-shop\/\" \/>\n\t<meta name=\"generator\" content=\"All in One SEO (AIOSEO) 5.0.0.1\" \/>\n\t\t<meta property=\"og:locale\" content=\"fr_FR\" \/>\n\t\t<meta property=\"og:site_name\" content=\"immo!nvest - Die Plattform f\u00fcr Standorte und Immobilien - Die\u00a0Plattform f\u00fcr Standorte und Immobilien\" \/>\n\t\t<meta property=\"og:type\" content=\"article\" \/>\n\t\t<meta property=\"og:title\" content=\"Chauffage urbain et durabilit\u00e9 pour le magasin Metro - immo!nvest - Die Plattform f\u00fcr Standorte und Immobilien\" \/>\n\t\t<meta property=\"og:description\" content=\"Le Metro Shop de Baden a \u00e9t\u00e9 raccord\u00e9 au r\u00e9seau de chauffage et de refroidissement urbain, ce qui permet une r\u00e9duction annuelle de 50 tonnes de CO\u2082. La ville de Baden s&#039;engage ainsi en faveur des \u00e9nergies renouvelables et d&#039;un avenir durable. En collaboration avec Regionalwerke AG, le r\u00e9seau est continuellement \u00e9tendu.\" \/>\n\t\t<meta property=\"og:url\" content=\"https:\/\/www.immo-invest.ch\/fr\/fernwaerme-und-nachhaltigkeit-fuer-den-metro-shop\/\" \/>\n\t\t<meta property=\"og:image\" content=\"https:\/\/www.immo-invest.ch\/wp-content\/uploads\/2024\/11\/Unbenannt-1.png\" \/>\n\t\t<meta property=\"og:image:secure_url\" content=\"https:\/\/www.immo-invest.ch\/wp-content\/uploads\/2024\/11\/Unbenannt-1.png\" \/>\n\t\t<meta property=\"og:image:width\" content=\"1792\" \/>\n\t\t<meta property=\"og:image:height\" content=\"1024\" \/>\n\t\t<meta property=\"article:published_time\" content=\"2024-11-06T09:06:46+00:00\" \/>\n\t\t<meta property=\"article:modified_time\" content=\"2024-11-06T09:25:11+00:00\" \/>\n\t\t<meta property=\"article:publisher\" content=\"https:\/\/www.facebook.com\/people\/Immoinvest\/100077962920504\/\" \/>\n\t\t<meta name=\"twitter:card\" content=\"summary_large_image\" \/>\n\t\t<meta name=\"twitter:site\" content=\"@i\" \/>\n\t\t<meta name=\"twitter:title\" content=\"Chauffage urbain et durabilit\u00e9 pour le magasin Metro - immo!nvest - Die Plattform f\u00fcr Standorte und Immobilien\" \/>\n\t\t<meta name=\"twitter:description\" content=\"Le Metro Shop de Baden a \u00e9t\u00e9 raccord\u00e9 au r\u00e9seau de chauffage et de refroidissement urbain, ce qui permet une r\u00e9duction annuelle de 50 tonnes de CO\u2082. La ville de Baden s&#039;engage ainsi en faveur des \u00e9nergies renouvelables et d&#039;un avenir durable. En collaboration avec Regionalwerke AG, le r\u00e9seau est continuellement \u00e9tendu.\" \/>\n\t\t<meta name=\"twitter:creator\" content=\"@i\" \/>\n\t\t<meta name=\"twitter:image\" content=\"https:\/\/www.immo-invest.ch\/wp-content\/uploads\/2024\/11\/Unbenannt-1.png\" \/>\n\t\t<script type=\"application\/ld+json\" class=\"aioseo-schema\">\n\t\t\t{\"@context\":\"https:\\\/\\\/schema.org\",\"@graph\":[{\"@type\":\"BlogPosting\",\"@id\":\"https:\\\/\\\/www.immo-invest.ch\\\/fr\\\/fernwaerme-und-nachhaltigkeit-fuer-den-metro-shop\\\/#blogposting\",\"name\":\"Chauffage urbain et durabilit\\u00e9 pour le magasin Metro - immo!nvest - Die Plattform f\\u00fcr Standorte und Immobilien\",\"headline\":\"Chauffage urbain et durabilit\\u00e9 pour le magasin Metro\",\"author\":{\"@id\":\"https:\\\/\\\/www.immo-invest.ch\\\/fr\\\/author\\\/immovestuser\\\/#author\"},\"publisher\":{\"@id\":\"https:\\\/\\\/www.immo-invest.ch\\\/fr\\\/#organization\"},\"image\":{\"@type\":\"ImageObject\",\"url\":\"https:\\\/\\\/www.immo-invest.ch\\\/wp-content\\\/uploads\\\/2024\\\/11\\\/Unbenannt-1.png\",\"width\":1792,\"height\":1024},\"datePublished\":\"2024-11-06T10:06:46+01:00\",\"dateModified\":\"2024-11-06T10:25:11+01:00\",\"inLanguage\":\"fr-FR\",\"mainEntityOfPage\":{\"@id\":\"https:\\\/\\\/www.immo-invest.ch\\\/fr\\\/fernwaerme-und-nachhaltigkeit-fuer-den-metro-shop\\\/#webpage\"},\"isPartOf\":{\"@id\":\"https:\\\/\\\/www.immo-invest.ch\\\/fr\\\/fernwaerme-und-nachhaltigkeit-fuer-den-metro-shop\\\/#webpage\"},\"articleSection\":\"Aargau, Durabilit\\u00e9, \\u00c9nergie, immoNews, CO\\u2082-Reduktion, Erneuerbare Energien, Fernw\\u00e4rme, Immoinvest, immoNews, News, Facultatif\"},{\"@type\":\"BreadcrumbList\",\"@id\":\"https:\\\/\\\/www.immo-invest.ch\\\/fr\\\/fernwaerme-und-nachhaltigkeit-fuer-den-metro-shop\\\/#breadcrumblist\",\"itemListElement\":[{\"@type\":\"ListItem\",\"@id\":\"https:\\\/\\\/www.immo-invest.ch\\\/fr\\\/#listItem\",\"position\":1,\"name\":\"Home\",\"item\":\"https:\\\/\\\/www.immo-invest.ch\\\/fr\\\/\",\"nextItem\":{\"@type\":\"ListItem\",\"@id\":\"https:\\\/\\\/www.immo-invest.ch\\\/fr\\\/categories\\\/regions\\\/#listItem\",\"name\":\"R\\u00e9gions\"}},{\"@type\":\"ListItem\",\"@id\":\"https:\\\/\\\/www.immo-invest.ch\\\/fr\\\/categories\\\/regions\\\/#listItem\",\"position\":2,\"name\":\"R\\u00e9gions\",\"item\":\"https:\\\/\\\/www.immo-invest.ch\\\/fr\\\/categories\\\/regions\\\/\",\"nextItem\":{\"@type\":\"ListItem\",\"@id\":\"https:\\\/\\\/www.immo-invest.ch\\\/fr\\\/categories\\\/regions\\\/suisse\\\/#listItem\",\"name\":\"Suisse\"},\"previousItem\":{\"@type\":\"ListItem\",\"@id\":\"https:\\\/\\\/www.immo-invest.ch\\\/fr\\\/#listItem\",\"name\":\"Home\"}},{\"@type\":\"ListItem\",\"@id\":\"https:\\\/\\\/www.immo-invest.ch\\\/fr\\\/categories\\\/regions\\\/suisse\\\/#listItem\",\"position\":3,\"name\":\"Suisse\",\"item\":\"https:\\\/\\\/www.immo-invest.ch\\\/fr\\\/categories\\\/regions\\\/suisse\\\/\",\"nextItem\":{\"@type\":\"ListItem\",\"@id\":\"https:\\\/\\\/www.immo-invest.ch\\\/fr\\\/categories\\\/regions\\\/suisse\\\/suisse-du-nord-ouest\\\/#listItem\",\"name\":\"Suisse du Nord-Ouest\"},\"previousItem\":{\"@type\":\"ListItem\",\"@id\":\"https:\\\/\\\/www.immo-invest.ch\\\/fr\\\/categories\\\/regions\\\/#listItem\",\"name\":\"R\\u00e9gions\"}},{\"@type\":\"ListItem\",\"@id\":\"https:\\\/\\\/www.immo-invest.ch\\\/fr\\\/categories\\\/regions\\\/suisse\\\/suisse-du-nord-ouest\\\/#listItem\",\"position\":4,\"name\":\"Suisse du Nord-Ouest\",\"item\":\"https:\\\/\\\/www.immo-invest.ch\\\/fr\\\/categories\\\/regions\\\/suisse\\\/suisse-du-nord-ouest\\\/\",\"nextItem\":{\"@type\":\"ListItem\",\"@id\":\"https:\\\/\\\/www.immo-invest.ch\\\/fr\\\/categories\\\/regions\\\/suisse\\\/suisse-du-nord-ouest\\\/region-aarau\\\/#listItem\",\"name\":\"Aargau\"},\"previousItem\":{\"@type\":\"ListItem\",\"@id\":\"https:\\\/\\\/www.immo-invest.ch\\\/fr\\\/categories\\\/regions\\\/suisse\\\/#listItem\",\"name\":\"Suisse\"}},{\"@type\":\"ListItem\",\"@id\":\"https:\\\/\\\/www.immo-invest.ch\\\/fr\\\/categories\\\/regions\\\/suisse\\\/suisse-du-nord-ouest\\\/region-aarau\\\/#listItem\",\"position\":5,\"name\":\"Aargau\",\"item\":\"https:\\\/\\\/www.immo-invest.ch\\\/fr\\\/categories\\\/regions\\\/suisse\\\/suisse-du-nord-ouest\\\/region-aarau\\\/\",\"nextItem\":{\"@type\":\"ListItem\",\"@id\":\"https:\\\/\\\/www.immo-invest.ch\\\/fr\\\/fernwaerme-und-nachhaltigkeit-fuer-den-metro-shop\\\/#listItem\",\"name\":\"Chauffage urbain et durabilit\\u00e9 pour le magasin Metro\"},\"previousItem\":{\"@type\":\"ListItem\",\"@id\":\"https:\\\/\\\/www.immo-invest.ch\\\/fr\\\/categories\\\/regions\\\/suisse\\\/suisse-du-nord-ouest\\\/#listItem\",\"name\":\"Suisse du Nord-Ouest\"}},{\"@type\":\"ListItem\",\"@id\":\"https:\\\/\\\/www.immo-invest.ch\\\/fr\\\/fernwaerme-und-nachhaltigkeit-fuer-den-metro-shop\\\/#listItem\",\"position\":6,\"name\":\"Chauffage urbain et durabilit\\u00e9 pour le magasin Metro\",\"previousItem\":{\"@type\":\"ListItem\",\"@id\":\"https:\\\/\\\/www.immo-invest.ch\\\/fr\\\/categories\\\/regions\\\/suisse\\\/suisse-du-nord-ouest\\\/region-aarau\\\/#listItem\",\"name\":\"Aargau\"}}]},{\"@type\":\"Organization\",\"@id\":\"https:\\\/\\\/www.immo-invest.ch\\\/fr\\\/#organization\",\"name\":\"immo!nvest - Die Plattform f\\u00fcr Standorte und Immobilien\",\"description\":\"Die\\u00a0Plattform f\\u00fcr Standorte und Immobilien\",\"url\":\"https:\\\/\\\/www.immo-invest.ch\\\/fr\\\/\",\"email\":\"admin@immomedia.ag\",\"telephone\":\"+41444420002\",\"logo\":{\"@type\":\"ImageObject\",\"url\":\"https:\\\/\\\/www.immo-invest.ch\\\/wp-content\\\/uploads\\\/2024\\\/09\\\/immoinvest_sm-scaled.jpg\",\"@id\":\"https:\\\/\\\/www.immo-invest.ch\\\/fr\\\/fernwaerme-und-nachhaltigkeit-fuer-den-metro-shop\\\/#organizationLogo\",\"width\":2560,\"height\":1340},\"image\":{\"@id\":\"https:\\\/\\\/www.immo-invest.ch\\\/fr\\\/fernwaerme-und-nachhaltigkeit-fuer-den-metro-shop\\\/#organizationLogo\"},\"sameAs\":[\"https:\\\/\\\/www.facebook.com\\\/people\\\/Immoinvest\\\/100077962920504\\\/\",\"https:\\\/\\\/x.com\\\/i\\\/flow\\\/login?redirect_after_login=immoinvest_ch\",\"https:\\\/\\\/www.instagram.com\\\/immoinvest_ch\\\/\",\"https:\\\/\\\/www.linkedin.com\\\/company\\\/immoinvest-swiss\"]},{\"@type\":\"Person\",\"@id\":\"https:\\\/\\\/www.immo-invest.ch\\\/fr\\\/author\\\/immovestuser\\\/#author\",\"url\":\"https:\\\/\\\/www.immo-invest.ch\\\/fr\\\/author\\\/immovestuser\\\/\",\"name\":\"immovestuser\",\"image\":{\"@type\":\"ImageObject\",\"@id\":\"https:\\\/\\\/www.immo-invest.ch\\\/fr\\\/fernwaerme-und-nachhaltigkeit-fuer-den-metro-shop\\\/#authorImage\",\"url\":\"https:\\\/\\\/secure.gravatar.com\\\/avatar\\\/8e01f4d99f2eeea7a362ebb93305e1172a70e9293ba250f897a65c39f54cdd1e?s=96&d=mm&r=g\",\"width\":96,\"height\":96,\"caption\":\"immovestuser\"}},{\"@type\":\"WebPage\",\"@id\":\"https:\\\/\\\/www.immo-invest.ch\\\/fr\\\/fernwaerme-und-nachhaltigkeit-fuer-den-metro-shop\\\/#webpage\",\"url\":\"https:\\\/\\\/www.immo-invest.ch\\\/fr\\\/fernwaerme-und-nachhaltigkeit-fuer-den-metro-shop\\\/\",\"name\":\"Chauffage urbain et durabilit\\u00e9 pour le magasin Metro - immo!nvest - Die Plattform f\\u00fcr Standorte und Immobilien\",\"description\":\"Le Metro Shop de Baden a \\u00e9t\\u00e9 raccord\\u00e9 au r\\u00e9seau de chauffage et de refroidissement urbain, ce qui permet une r\\u00e9duction annuelle de 50 tonnes de CO\\u2082. La ville de Baden s'engage ainsi en faveur des \\u00e9nergies renouvelables et d'un avenir durable. En collaboration avec Regionalwerke AG, le r\\u00e9seau est continuellement \\u00e9tendu.\",\"inLanguage\":\"fr-FR\",\"isPartOf\":{\"@id\":\"https:\\\/\\\/www.immo-invest.ch\\\/fr\\\/#website\"},\"breadcrumb\":{\"@id\":\"https:\\\/\\\/www.immo-invest.ch\\\/fr\\\/fernwaerme-und-nachhaltigkeit-fuer-den-metro-shop\\\/#breadcrumblist\"},\"author\":{\"@id\":\"https:\\\/\\\/www.immo-invest.ch\\\/fr\\\/author\\\/immovestuser\\\/#author\"},\"creator\":{\"@id\":\"https:\\\/\\\/www.immo-invest.ch\\\/fr\\\/author\\\/immovestuser\\\/#author\"},\"image\":{\"@type\":\"ImageObject\",\"url\":\"https:\\\/\\\/www.immo-invest.ch\\\/wp-content\\\/uploads\\\/2024\\\/11\\\/Unbenannt-1.png\",\"@id\":\"https:\\\/\\\/www.immo-invest.ch\\\/fr\\\/fernwaerme-und-nachhaltigkeit-fuer-den-metro-shop\\\/#mainImage\",\"width\":1792,\"height\":1024},\"primaryImageOfPage\":{\"@id\":\"https:\\\/\\\/www.immo-invest.ch\\\/fr\\\/fernwaerme-und-nachhaltigkeit-fuer-den-metro-shop\\\/#mainImage\"},\"datePublished\":\"2024-11-06T10:06:46+01:00\",\"dateModified\":\"2024-11-06T10:25:11+01:00\"},{\"@type\":\"WebSite\",\"@id\":\"https:\\\/\\\/www.immo-invest.ch\\\/fr\\\/#website\",\"url\":\"https:\\\/\\\/www.immo-invest.ch\\\/fr\\\/\",\"name\":\"immo!nvest - Die Plattform f\\u00fcr Standorte und Immobilien\",\"description\":\"Die\\u00a0Plattform f\\u00fcr Standorte und Immobilien\",\"inLanguage\":\"fr-FR\",\"publisher\":{\"@id\":\"https:\\\/\\\/www.immo-invest.ch\\\/fr\\\/#organization\"}}]}\n\t\t<\/script>\n\t\t<!-- All in One SEO -->\n\n","aioseo_head_json":{"title":"Chauffage urbain et durabilit\u00e9 pour le magasin Metro - immo!nvest - Die Plattform f\u00fcr Standorte und Immobilien","description":"Le Metro Shop de Baden a \u00e9t\u00e9 raccord\u00e9 au r\u00e9seau de chauffage et de refroidissement urbain, ce qui permet une r\u00e9duction annuelle de 50 tonnes de CO\u2082. La ville de Baden s'engage ainsi en faveur des \u00e9nergies renouvelables et d'un avenir durable. En collaboration avec Regionalwerke AG, le r\u00e9seau est continuellement \u00e9tendu.","canonical_url":"https:\/\/www.immo-invest.ch\/fr\/fernwaerme-und-nachhaltigkeit-fuer-den-metro-shop\/","robots":"max-image-preview:large","keywords":"","webmasterTools":{"google-site-verification":"fHJKvgWpZCR2zVBHWfkQeFXC11qieUSff0HGNYfuyLA","miscellaneous":""},"schema":{"@context":"https:\/\/schema.org","@graph":[{"@type":"BlogPosting","@id":"https:\/\/www.immo-invest.ch\/fr\/fernwaerme-und-nachhaltigkeit-fuer-den-metro-shop\/#blogposting","name":"Chauffage urbain et durabilit\u00e9 pour le magasin Metro - immo!nvest - Die Plattform f\u00fcr Standorte und Immobilien","headline":"Chauffage urbain et durabilit\u00e9 pour le magasin Metro","author":{"@id":"https:\/\/www.immo-invest.ch\/fr\/author\/immovestuser\/#author"},"publisher":{"@id":"https:\/\/www.immo-invest.ch\/fr\/#organization"},"image":{"@type":"ImageObject","url":"https:\/\/www.immo-invest.ch\/wp-content\/uploads\/2024\/11\/Unbenannt-1.png","width":1792,"height":1024},"datePublished":"2024-11-06T10:06:46+01:00","dateModified":"2024-11-06T10:25:11+01:00","inLanguage":"fr-FR","mainEntityOfPage":{"@id":"https:\/\/www.immo-invest.ch\/fr\/fernwaerme-und-nachhaltigkeit-fuer-den-metro-shop\/#webpage"},"isPartOf":{"@id":"https:\/\/www.immo-invest.ch\/fr\/fernwaerme-und-nachhaltigkeit-fuer-den-metro-shop\/#webpage"},"articleSection":"Aargau, Durabilit\u00e9, \u00c9nergie, immoNews, CO\u2082-Reduktion, Erneuerbare Energien, Fernw\u00e4rme, Immoinvest, immoNews, News, Facultatif"},{"@type":"BreadcrumbList","@id":"https:\/\/www.immo-invest.ch\/fr\/fernwaerme-und-nachhaltigkeit-fuer-den-metro-shop\/#breadcrumblist","itemListElement":[{"@type":"ListItem","@id":"https:\/\/www.immo-invest.ch\/fr\/#listItem","position":1,"name":"Home","item":"https:\/\/www.immo-invest.ch\/fr\/","nextItem":{"@type":"ListItem","@id":"https:\/\/www.immo-invest.ch\/fr\/categories\/regions\/#listItem","name":"R\u00e9gions"}},{"@type":"ListItem","@id":"https:\/\/www.immo-invest.ch\/fr\/categories\/regions\/#listItem","position":2,"name":"R\u00e9gions","item":"https:\/\/www.immo-invest.ch\/fr\/categories\/regions\/","nextItem":{"@type":"ListItem","@id":"https:\/\/www.immo-invest.ch\/fr\/categories\/regions\/suisse\/#listItem","name":"Suisse"},"previousItem":{"@type":"ListItem","@id":"https:\/\/www.immo-invest.ch\/fr\/#listItem","name":"Home"}},{"@type":"ListItem","@id":"https:\/\/www.immo-invest.ch\/fr\/categories\/regions\/suisse\/#listItem","position":3,"name":"Suisse","item":"https:\/\/www.immo-invest.ch\/fr\/categories\/regions\/suisse\/","nextItem":{"@type":"ListItem","@id":"https:\/\/www.immo-invest.ch\/fr\/categories\/regions\/suisse\/suisse-du-nord-ouest\/#listItem","name":"Suisse du Nord-Ouest"},"previousItem":{"@type":"ListItem","@id":"https:\/\/www.immo-invest.ch\/fr\/categories\/regions\/#listItem","name":"R\u00e9gions"}},{"@type":"ListItem","@id":"https:\/\/www.immo-invest.ch\/fr\/categories\/regions\/suisse\/suisse-du-nord-ouest\/#listItem","position":4,"name":"Suisse du Nord-Ouest","item":"https:\/\/www.immo-invest.ch\/fr\/categories\/regions\/suisse\/suisse-du-nord-ouest\/","nextItem":{"@type":"ListItem","@id":"https:\/\/www.immo-invest.ch\/fr\/categories\/regions\/suisse\/suisse-du-nord-ouest\/region-aarau\/#listItem","name":"Aargau"},"previousItem":{"@type":"ListItem","@id":"https:\/\/www.immo-invest.ch\/fr\/categories\/regions\/suisse\/#listItem","name":"Suisse"}},{"@type":"ListItem","@id":"https:\/\/www.immo-invest.ch\/fr\/categories\/regions\/suisse\/suisse-du-nord-ouest\/region-aarau\/#listItem","position":5,"name":"Aargau","item":"https:\/\/www.immo-invest.ch\/fr\/categories\/regions\/suisse\/suisse-du-nord-ouest\/region-aarau\/","nextItem":{"@type":"ListItem","@id":"https:\/\/www.immo-invest.ch\/fr\/fernwaerme-und-nachhaltigkeit-fuer-den-metro-shop\/#listItem","name":"Chauffage urbain et durabilit\u00e9 pour le magasin Metro"},"previousItem":{"@type":"ListItem","@id":"https:\/\/www.immo-invest.ch\/fr\/categories\/regions\/suisse\/suisse-du-nord-ouest\/#listItem","name":"Suisse du Nord-Ouest"}},{"@type":"ListItem","@id":"https:\/\/www.immo-invest.ch\/fr\/fernwaerme-und-nachhaltigkeit-fuer-den-metro-shop\/#listItem","position":6,"name":"Chauffage urbain et durabilit\u00e9 pour le magasin Metro","previousItem":{"@type":"ListItem","@id":"https:\/\/www.immo-invest.ch\/fr\/categories\/regions\/suisse\/suisse-du-nord-ouest\/region-aarau\/#listItem","name":"Aargau"}}]},{"@type":"Organization","@id":"https:\/\/www.immo-invest.ch\/fr\/#organization","name":"immo!nvest - Die Plattform f\u00fcr Standorte und Immobilien","description":"Die\u00a0Plattform f\u00fcr Standorte und Immobilien","url":"https:\/\/www.immo-invest.ch\/fr\/","email":"admin@immomedia.ag","telephone":"+41444420002","logo":{"@type":"ImageObject","url":"https:\/\/www.immo-invest.ch\/wp-content\/uploads\/2024\/09\/immoinvest_sm-scaled.jpg","@id":"https:\/\/www.immo-invest.ch\/fr\/fernwaerme-und-nachhaltigkeit-fuer-den-metro-shop\/#organizationLogo","width":2560,"height":1340},"image":{"@id":"https:\/\/www.immo-invest.ch\/fr\/fernwaerme-und-nachhaltigkeit-fuer-den-metro-shop\/#organizationLogo"},"sameAs":["https:\/\/www.facebook.com\/people\/Immoinvest\/100077962920504\/","https:\/\/x.com\/i\/flow\/login?redirect_after_login=immoinvest_ch","https:\/\/www.instagram.com\/immoinvest_ch\/","https:\/\/www.linkedin.com\/company\/immoinvest-swiss"]},{"@type":"Person","@id":"https:\/\/www.immo-invest.ch\/fr\/author\/immovestuser\/#author","url":"https:\/\/www.immo-invest.ch\/fr\/author\/immovestuser\/","name":"immovestuser","image":{"@type":"ImageObject","@id":"https:\/\/www.immo-invest.ch\/fr\/fernwaerme-und-nachhaltigkeit-fuer-den-metro-shop\/#authorImage","url":"https:\/\/secure.gravatar.com\/avatar\/8e01f4d99f2eeea7a362ebb93305e1172a70e9293ba250f897a65c39f54cdd1e?s=96&d=mm&r=g","width":96,"height":96,"caption":"immovestuser"}},{"@type":"WebPage","@id":"https:\/\/www.immo-invest.ch\/fr\/fernwaerme-und-nachhaltigkeit-fuer-den-metro-shop\/#webpage","url":"https:\/\/www.immo-invest.ch\/fr\/fernwaerme-und-nachhaltigkeit-fuer-den-metro-shop\/","name":"Chauffage urbain et durabilit\u00e9 pour le magasin Metro - immo!nvest - Die Plattform f\u00fcr Standorte und Immobilien","description":"Le Metro Shop de Baden a \u00e9t\u00e9 raccord\u00e9 au r\u00e9seau de chauffage et de refroidissement urbain, ce qui permet une r\u00e9duction annuelle de 50 tonnes de CO\u2082. La ville de Baden s'engage ainsi en faveur des \u00e9nergies renouvelables et d'un avenir durable. En collaboration avec Regionalwerke AG, le r\u00e9seau est continuellement \u00e9tendu.","inLanguage":"fr-FR","isPartOf":{"@id":"https:\/\/www.immo-invest.ch\/fr\/#website"},"breadcrumb":{"@id":"https:\/\/www.immo-invest.ch\/fr\/fernwaerme-und-nachhaltigkeit-fuer-den-metro-shop\/#breadcrumblist"},"author":{"@id":"https:\/\/www.immo-invest.ch\/fr\/author\/immovestuser\/#author"},"creator":{"@id":"https:\/\/www.immo-invest.ch\/fr\/author\/immovestuser\/#author"},"image":{"@type":"ImageObject","url":"https:\/\/www.immo-invest.ch\/wp-content\/uploads\/2024\/11\/Unbenannt-1.png","@id":"https:\/\/www.immo-invest.ch\/fr\/fernwaerme-und-nachhaltigkeit-fuer-den-metro-shop\/#mainImage","width":1792,"height":1024},"primaryImageOfPage":{"@id":"https:\/\/www.immo-invest.ch\/fr\/fernwaerme-und-nachhaltigkeit-fuer-den-metro-shop\/#mainImage"},"datePublished":"2024-11-06T10:06:46+01:00","dateModified":"2024-11-06T10:25:11+01:00"},{"@type":"WebSite","@id":"https:\/\/www.immo-invest.ch\/fr\/#website","url":"https:\/\/www.immo-invest.ch\/fr\/","name":"immo!nvest - Die Plattform f\u00fcr Standorte und Immobilien","description":"Die\u00a0Plattform f\u00fcr Standorte und Immobilien","inLanguage":"fr-FR","publisher":{"@id":"https:\/\/www.immo-invest.ch\/fr\/#organization"}}]},"og:locale":"fr_FR","og:site_name":"immo!nvest - Die Plattform f\u00fcr Standorte und Immobilien - Die\u00a0Plattform f\u00fcr Standorte und Immobilien","og:type":"article","og:title":"Chauffage urbain et durabilit\u00e9 pour le magasin Metro - immo!nvest - Die Plattform f\u00fcr Standorte und Immobilien","og:description":"Le Metro Shop de Baden a \u00e9t\u00e9 raccord\u00e9 au r\u00e9seau de chauffage et de refroidissement urbain, ce qui permet une r\u00e9duction annuelle de 50 tonnes de CO\u2082. La ville de Baden s'engage ainsi en faveur des \u00e9nergies renouvelables et d'un avenir durable. En collaboration avec Regionalwerke AG, le r\u00e9seau est continuellement \u00e9tendu.","og:url":"https:\/\/www.immo-invest.ch\/fr\/fernwaerme-und-nachhaltigkeit-fuer-den-metro-shop\/","og:image":"https:\/\/www.immo-invest.ch\/wp-content\/uploads\/2024\/11\/Unbenannt-1.png","og:image:secure_url":"https:\/\/www.immo-invest.ch\/wp-content\/uploads\/2024\/11\/Unbenannt-1.png","og:image:width":1792,"og:image:height":1024,"article:published_time":"2024-11-06T09:06:46+00:00","article:modified_time":"2024-11-06T09:25:11+00:00","article:publisher":"https:\/\/www.facebook.com\/people\/Immoinvest\/100077962920504\/","twitter:card":"summary_large_image","twitter:site":"@i","twitter:title":"Chauffage urbain et durabilit\u00e9 pour le magasin Metro - immo!nvest - Die Plattform f\u00fcr Standorte und Immobilien","twitter:description":"Le Metro Shop de Baden a \u00e9t\u00e9 raccord\u00e9 au r\u00e9seau de chauffage et de refroidissement urbain, ce qui permet une r\u00e9duction annuelle de 50 tonnes de CO\u2082. La ville de Baden s'engage ainsi en faveur des \u00e9nergies renouvelables et d'un avenir durable. En collaboration avec Regionalwerke AG, le r\u00e9seau est continuellement \u00e9tendu.","twitter:creator":"@i","twitter:image":"https:\/\/www.immo-invest.ch\/wp-content\/uploads\/2024\/11\/Unbenannt-1.png"},"aioseo_meta_data":{"post_id":"118905","title":null,"description":null,"keywords":null,"keyphrases":{"focus":{"keyphrase":"","score":0,"analysis":{"keyphraseInTitle":{"score":0,"maxScore":9,"error":1}}},"additional":[]},"primary_term":null,"canonical_url":null,"og_title":null,"og_description":null,"og_object_type":"default","og_image_type":"default","og_image_url":null,"og_image_width":null,"og_image_height":null,"og_image_custom_url":null,"og_image_custom_fields":null,"og_video":"","og_custom_url":null,"og_article_section":null,"og_article_tags":null,"twitter_use_og":false,"twitter_card":"default","twitter_image_type":"default","twitter_image_url":null,"twitter_image_custom_url":null,"twitter_image_custom_fields":null,"twitter_title":null,"twitter_description":null,"schema":{"blockGraphs":[],"customGraphs":[],"default":{"data":{"Article":[],"Course":[],"Dataset":[],"FAQPage":[],"Movie":[],"Person":[],"Product":[],"ProductReview":[],"Car":[],"Recipe":[],"Service":[],"SoftwareApplication":[],"WebPage":[]},"graphName":"BlogPosting","isEnabled":true},"graphs":[]},"schema_type":"default","schema_type_options":null,"pillar_content":false,"robots_default":true,"robots_noindex":false,"robots_noarchive":false,"robots_nosnippet":false,"robots_nofollow":false,"robots_noimageindex":false,"robots_noodp":false,"robots_notranslate":false,"robots_max_snippet":"-1","robots_max_videopreview":"-1","robots_max_imagepreview":"large","priority":null,"frequency":"default","local_seo":null,"breadcrumb_settings":null,"limit_modified_date":false,"ai":null,"created":"2024-11-06 09:21:46","updated":"2025-10-24 12:35:12","seo_analyzer_scan_date":null,"focus_keyword":null,"additional_keywords":null,"truseo_locale":null},"aioseo_breadcrumb":"<div class=\"aioseo-breadcrumbs\"><span class=\"aioseo-breadcrumb\">\n\t\t\t<a href=\"https:\/\/www.immo-invest.ch\/fr\/\" title=\"Home\">Home<\/a>\n\t\t<\/span><span class=\"aioseo-breadcrumb-separator\">&raquo;<\/span><span class=\"aioseo-breadcrumb\">\n\t\t\t<a href=\"https:\/\/www.immo-invest.ch\/fr\/categories\/regions\/\" title=\"R\u00e9gions\">R\u00e9gions<\/a>\n\t\t<\/span><span class=\"aioseo-breadcrumb-separator\">&raquo;<\/span><span class=\"aioseo-breadcrumb\">\n\t\t\t<a href=\"https:\/\/www.immo-invest.ch\/fr\/categories\/regions\/suisse\/\" title=\"Suisse\">Suisse<\/a>\n\t\t<\/span><span class=\"aioseo-breadcrumb-separator\">&raquo;<\/span><span class=\"aioseo-breadcrumb\">\n\t\t\t<a href=\"https:\/\/www.immo-invest.ch\/fr\/categories\/regions\/suisse\/suisse-du-nord-ouest\/\" title=\"Suisse du Nord-Ouest\">Suisse du Nord-Ouest<\/a>\n\t\t<\/span><span class=\"aioseo-breadcrumb-separator\">&raquo;<\/span><span class=\"aioseo-breadcrumb\">\n\t\t\t<a href=\"https:\/\/www.immo-invest.ch\/fr\/categories\/regions\/suisse\/suisse-du-nord-ouest\/region-aarau\/\" title=\"Aargau\">Aargau<\/a>\n\t\t<\/span><span class=\"aioseo-breadcrumb-separator\">&raquo;<\/span><span class=\"aioseo-breadcrumb\">\n\t\t\tChauffage urbain et durabilit\u00e9 pour le magasin Metro\n\t\t<\/span><\/div>","aioseo_breadcrumb_json":[{"label":"Home","link":"https:\/\/www.immo-invest.ch\/fr\/"},{"label":"R\u00e9gions","link":"https:\/\/www.immo-invest.ch\/fr\/categories\/regions\/"},{"label":"Suisse","link":"https:\/\/www.immo-invest.ch\/fr\/categories\/regions\/suisse\/"},{"label":"Suisse du Nord-Ouest","link":"https:\/\/www.immo-invest.ch\/fr\/categories\/regions\/suisse\/suisse-du-nord-ouest\/"},{"label":"Aargau","link":"https:\/\/www.immo-invest.ch\/fr\/categories\/regions\/suisse\/suisse-du-nord-ouest\/region-aarau\/"},{"label":"Chauffage urbain et durabilit\u00e9 pour le magasin Metro","link":"https:\/\/www.immo-invest.ch\/fr\/fernwaerme-und-nachhaltigkeit-fuer-den-metro-shop\/"}],"featured_image_src":"https:\/\/www.immo-invest.ch\/wp-content\/uploads\/2024\/11\/Unbenannt-1-336x168.png","_links":{"self":[{"href":"https:\/\/www.immo-invest.ch\/fr\/wp-json\/wp\/v2\/posts\/118905","targetHints":{"allow":["GET"]}}],"collection":[{"href":"https:\/\/www.immo-invest.ch\/fr\/wp-json\/wp\/v2\/posts"}],"about":[{"href":"https:\/\/www.immo-invest.ch\/fr\/wp-json\/wp\/v2\/types\/post"}],"author":[{"embeddable":true,"href":"https:\/\/www.immo-invest.ch\/fr\/wp-json\/wp\/v2\/users\/2"}],"replies":[{"embeddable":true,"href":"https:\/\/www.immo-invest.ch\/fr\/wp-json\/wp\/v2\/comments?post=118905"}],"version-history":[{"count":0,"href":"https:\/\/www.immo-invest.ch\/fr\/wp-json\/wp\/v2\/posts\/118905\/revisions"}],"wp:featuredmedia":[{"embeddable":true,"href":"https:\/\/www.immo-invest.ch\/fr\/wp-json\/wp\/v2\/media\/118900"}],"wp:attachment":[{"href":"https:\/\/www.immo-invest.ch\/fr\/wp-json\/wp\/v2\/media?parent=118905"}],"wp:term":[{"taxonomy":"category","embeddable":true,"href":"https:\/\/www.immo-invest.ch\/fr\/wp-json\/wp\/v2\/categories?post=118905"},{"taxonomy":"post_tag","embeddable":true,"href":"https:\/\/www.immo-invest.ch\/fr\/wp-json\/wp\/v2\/tags?post=118905"}],"curies":[{"name":"wp","href":"https:\/\/api.w.org\/{rel}","templated":true}]}}