{"id":118594,"date":"2024-10-29T17:36:17","date_gmt":"2024-10-29T16:36:17","guid":{"rendered":"https:\/\/www.immo-invest.ch\/das-luzerner-wesemlin-quartier-machts-vor-energiewende-gemeinsam-meistern\/"},"modified":"2024-10-29T17:47:57","modified_gmt":"2024-10-29T16:47:57","slug":"das-luzerner-wesemlin-quartier-machts-vor-energiewende-gemeinsam-meistern","status":"publish","type":"post","link":"https:\/\/www.immo-invest.ch\/fr\/das-luzerner-wesemlin-quartier-machts-vor-energiewende-gemeinsam-meistern\/","title":{"rendered":"Le quartier de Wesemlin \u00e0 Lucerne montre l&rsquo;exemple, ma\u00eetrisons ensemble le tournant \u00e9nerg\u00e9tique !"},"content":{"rendered":"<p class=\"wp-block-paragraph\">Malgr&eacute; les technologies existantes et les mesures d&rsquo;encouragement, le passage &agrave; des formes de chauffage climatiquement neutres reste un d&eacute;fi en Suisse. Ce sont surtout les co&ucirc;ts d&rsquo;investissement &eacute;lev&eacute;s et les incertitudes quant &agrave; la meilleure technologie qui freinent de nombreux propri&eacute;taires. C&rsquo;est l&agrave; qu&rsquo;intervient le <span class=\"glossaryLink\" aria-describedby=\"tt\" data-cmtooltip=\"&lt;div class=glossaryItemTitle&gt;Quartier&lt;\/div&gt;&lt;div class=glossaryItemBody&gt;Amtliches, historisches, soziales oder stadtplanerisches Stadtviertel&lt;\/div&gt;\" data-mobile-support=\"0\" data-gt-translate-attributes='[{\"attribute\":\"data-cmtooltip\", \"format\":\"html\"}]' tabindex=\"0\" role=\"link\">quartier<\/span> lucernois de Wesemlin : Dans le cadre d&rsquo;un projet de coop&eacute;ration avec la HSLU, il s&rsquo;agit de d&eacute;velopper des solutions de chauffage collectives et sur mesure, qui vont au-del&agrave; des actions individuelles et impliquent l&rsquo;ensemble du <span class=\"glossaryLink\" aria-describedby=\"tt\" data-cmtooltip=\"&lt;div class=glossaryItemTitle&gt;Quartier&lt;\/div&gt;&lt;div class=glossaryItemBody&gt;Amtliches, historisches, soziales oder stadtplanerisches Stadtviertel&lt;\/div&gt;\" data-mobile-support=\"0\" data-gt-translate-attributes='[{\"attribute\":\"data-cmtooltip\", \"format\":\"html\"}]' tabindex=\"0\" role=\"link\">quartier<\/span> dans la transition &eacute;nerg&eacute;tique.<\/p>\n\n\n\n\n\n<p class=\"wp-block-paragraph\"><strong>Le projet QUBE &ndash; Un mod&egrave;le pour le changement<br><\/strong>Le projet de recherche QUBE de la HSLU et d&rsquo;Innosuisse repose sur l&rsquo;hypoth&egrave;se que les solutions de chauffage collectives sont plus efficaces que les mesures isol&eacute;es. L&rsquo;&eacute;quipe transdisciplinaire a d&eacute;velopp&eacute; une m&eacute;thode d&rsquo;accompagnement de tels processus de changement, qui tient compte &agrave; la fois des facteurs techniques et sociaux. Dans le <span class=\"glossaryLink\" aria-describedby=\"tt\" data-cmtooltip=\"&lt;div class=glossaryItemTitle&gt;Quartier&lt;\/div&gt;&lt;div class=glossaryItemBody&gt;Amtliches, historisches, soziales oder stadtplanerisches Stadtviertel&lt;\/div&gt;\" data-mobile-support=\"0\" data-gt-translate-attributes='[{\"attribute\":\"data-cmtooltip\", \"format\":\"html\"}]' tabindex=\"0\" role=\"link\">quartier<\/span> de Wesemlin, le projet pilote a trouv&eacute; un environnement test parfait : les habitants, les autorit&eacute;s et les &eacute;quipes d&rsquo;experts ont travaill&eacute; ensemble pour &eacute;tablir des sources d&rsquo;&eacute;nergie neutres pour le climat. &laquo;&nbsp;Ce n&rsquo;est qu&rsquo;en impliquant tous les acteurs que nous pouvons trouver des solutions viables et adapt&eacute;es pour la transition &eacute;nerg&eacute;tique locale&nbsp;&raquo;, souligne le professeur Alexa Bodammer de la HSLU.<\/p>\n\n\n\n\n\n<p class=\"wp-block-paragraph\"><strong>Le savoir-faire communautaire comme force motrice<br><\/strong>Inhabituel au d&eacute;part, l&rsquo;&eacute;change ouvert dans le <span class=\"glossaryLink\" aria-describedby=\"tt\" data-cmtooltip=\"&lt;div class=glossaryItemTitle&gt;Quartier&lt;\/div&gt;&lt;div class=glossaryItemBody&gt;Amtliches, historisches, soziales oder stadtplanerisches Stadtviertel&lt;\/div&gt;\" data-mobile-support=\"0\" data-gt-translate-attributes='[{\"attribute\":\"data-cmtooltip\", \"format\":\"html\"}]' tabindex=\"0\" role=\"link\">quartier<\/span> de Wesemlin a permis des progr&egrave;s d&eacute;cisifs. Les habitants ont pu faire part de leurs propres id&eacute;es, exp&eacute;riences et pr&eacute;occupations, tandis que l&rsquo;&eacute;quipe de recherche assurait la mod&eacute;ration professionnelle et int&eacute;grait des analyses techniques. Les partenaires &eacute;conomiques et les autorit&eacute;s ont soutenu la planification, ont offert des donn&eacute;es et ont aid&eacute; &agrave; clarifier les possibilit&eacute;s de financement. &laquo;&nbsp;Les projets coop&eacute;ratifs cr&eacute;ent des possibilit&eacute;s de solutions qui ne seraient jamais atteintes par des solutions individuelles&nbsp;&raquo;, explique Stefan Mennel de l&rsquo;Institut pour la technique du b&acirc;timent et l&rsquo;&eacute;nergie <span class=\"glossaryLink\"  aria-describedby=\"tt\"  data-cmtooltip=\"&lt;div class=glossaryItemTitle&gt;IGE&lt;\/div&gt;&lt;div class=glossaryItemBody&gt;Eidgen&ouml;ssisches Institut f&uuml;r Geistiges Eigentum; patentiert Erfindungen und sch&uuml;tzt Marken und Designs&lt;\/div&gt;\"  data-mobile-support=\"0\"  data-gt-translate-attributes='[{\"attribute\":\"data-cmtooltip\", \"format\":\"html\"}]' tabindex='0' role='link'>IGE<\/span>.<\/p>\n\n\n\n\n\n<p class=\"wp-block-paragraph\"><strong>Tournant &eacute;nerg&eacute;tique : une t&acirc;che commune<br><\/strong>Le projet QUBE montre de mani&egrave;re impressionnante que les innovations techniques ne peuvent &agrave; elles seules mener &agrave; bien le tournant &eacute;nerg&eacute;tique. Un changement durable ne peut &ecirc;tre obtenu que si les habitants participent &agrave; la conception et si les solutions sont accept&eacute;es par la soci&eacute;t&eacute;. Des ateliers, des s&eacute;ances d&rsquo;information et des r&eacute;unions de r&eacute;seau ont permis de rassembler des comp&eacute;tences techniques et sociales afin de d&eacute;velopper une strat&eacute;gie &eacute;nerg&eacute;tique r&eacute;alisable et accept&eacute;e pour le <span class=\"glossaryLink\" aria-describedby=\"tt\" data-cmtooltip=\"&lt;div class=glossaryItemTitle&gt;Quartier&lt;\/div&gt;&lt;div class=glossaryItemBody&gt;Amtliches, historisches, soziales oder stadtplanerisches Stadtviertel&lt;\/div&gt;\" data-mobile-support=\"0\" data-gt-translate-attributes='[{\"attribute\":\"data-cmtooltip\", \"format\":\"html\"}]' tabindex=\"0\" role=\"link\">quartier<\/span> de Wesemlin. &laquo;&nbsp;Cette approche collaborative agit comme un multiplicateur de changement&nbsp;&raquo;, a d&eacute;clar&eacute; Bodammer.<\/p>\n\n\n\n\n\n<p class=\"wp-block-paragraph\"><strong>L&rsquo;acquisition de connaissances et la cr&eacute;ation de r&eacute;seaux comme leviers de r&eacute;ussite<br><\/strong>La collaboration avec les experts et les autorit&eacute;s a permis d&rsquo;acqu&eacute;rir de grandes connaissances au niveau individuel. Aujourd&rsquo;hui, les habitants du <span class=\"glossaryLink\" aria-describedby=\"tt\" data-cmtooltip=\"&lt;div class=glossaryItemTitle&gt;Quartier&lt;\/div&gt;&lt;div class=glossaryItemBody&gt;Amtliches, historisches, soziales oder stadtplanerisches Stadtviertel&lt;\/div&gt;\" data-mobile-support=\"0\" data-gt-translate-attributes='[{\"attribute\":\"data-cmtooltip\", \"format\":\"html\"}]' tabindex=\"0\" role=\"link\">quartier<\/span> sont bien arm&eacute;s pour discuter avec les prestataires techniques et les fournisseurs d&rsquo;&eacute;nergie. Pour Daniel Bolliger, habitant du <span class=\"glossaryLink\" aria-describedby=\"tt\" data-cmtooltip=\"&lt;div class=glossaryItemTitle&gt;Quartier&lt;\/div&gt;&lt;div class=glossaryItemBody&gt;Amtliches, historisches, soziales oder stadtplanerisches Stadtviertel&lt;\/div&gt;\" data-mobile-support=\"0\" data-gt-translate-attributes='[{\"attribute\":\"data-cmtooltip\", \"format\":\"html\"}]' tabindex=\"0\" role=\"link\">quartier<\/span> et chercheur &agrave; l&rsquo;iHomeLab de la HSLU, le projet montre la valeur de l&rsquo;engagement collectif : &laquo;&nbsp;QUBE a ouvert l&rsquo;acc&egrave;s &agrave; des acteurs et des fournisseurs d&rsquo;&eacute;nergie pertinents &ndash; une chance que des individus n&rsquo;auraient pas eue autrement&nbsp;&raquo;<\/p>\n\n\n\n\n\n<p class=\"wp-block-paragraph\"><strong>Un mod&egrave;le pour l&rsquo;avenir<br><\/strong>Les concepts d&eacute;velopp&eacute;s dans le cadre de QUBE pour la transition &eacute;nerg&eacute;tique des quartiers sont polyvalents. La m&eacute;thodologie d&rsquo;accompagnement et d&rsquo;animation de processus coop&eacute;ratifs offre un mod&egrave;le pour des projets similaires dans d&rsquo;autres quartiers et d&rsquo;autres villes. Selon Stefan Mennel, la collaboration interdisciplinaire est la cl&eacute; : &laquo;&nbsp;Seule une collaboration interdisciplinaire et coop&eacute;rative permet de s&rsquo;assurer que toutes les parties prenantes sont correctement comprises&nbsp;&raquo; Cela vaut aussi bien au sein de l&rsquo;&eacute;quipe de projet que dans le dialogue avec les habitants du <span class=\"glossaryLink\" aria-describedby=\"tt\" data-cmtooltip=\"&lt;div class=glossaryItemTitle&gt;Quartier&lt;\/div&gt;&lt;div class=glossaryItemBody&gt;Amtliches, historisches, soziales oder stadtplanerisches Stadtviertel&lt;\/div&gt;\" data-mobile-support=\"0\" data-gt-translate-attributes='[{\"attribute\":\"data-cmtooltip\", \"format\":\"html\"}]' tabindex=\"0\" role=\"link\">quartier<\/span>. Le projet QUBE a d&eacute;montr&eacute; qu&rsquo;une transition &eacute;nerg&eacute;tique durable et soutenue par la communaut&eacute; est possible &ndash; un mod&egrave;le pour l&rsquo;avenir.<\/p>\n\n","protected":false},"excerpt":{"rendered":"<p>Le quartier de Wesemlin \u00e0 Lucerne donne le ton en mati\u00e8re de transition \u00e9nerg\u00e9tique communautaire : Au lieu de recourir \u00e0 des solutions individuelles, le quartier mise sur une strat\u00e9gie \u00e9nerg\u00e9tique collective. Avec le soutien de la Haute \u00e9cole de Lucerne (HSLU), les habitants du quartier con\u00e7oivent ensemble leur futur approvisionnement \u00e9nerg\u00e9tique afin de remplacer les chauffages fossiles par des alternatives durables. <\/p>\n","protected":false},"author":2,"featured_media":118584,"comment_status":"open","ping_status":"open","sticky":false,"template":"","format":"standard","meta":{"pmpro_default_level":"","inline_featured_image":false,"_monsterinsights_skip_tracking":false,"footnotes":""},"categories":[22699,8747,743,9437],"tags":[],"class_list":["post-118594","post","type-post","status-publish","format-standard","has-post-thumbnail","hentry","category-durabilite","category-energie","category-immonews-fr","category-region-lucerne","pmpro-has-access"],"acf":{"bild_mit_ki_erstellt_worden":[],"lead":"Le quartier de Wesemlin \u00e0 Lucerne donne le ton en mati\u00e8re de transition \u00e9nerg\u00e9tique communautaire : Au lieu de recourir \u00e0 des solutions individuelles, le quartier mise sur une strat\u00e9gie \u00e9nerg\u00e9tique collective. Avec le soutien de la Haute \u00e9cole de Lucerne (HSLU), les habitants du quartier con\u00e7oivent ensemble leur futur approvisionnement \u00e9nerg\u00e9tique afin de remplacer les chauffages fossiles par des alternatives durables. ","autor":"Quelle: HSLU","ort":"","bildunterschrift":"","bild_im_grid":false,"gallerie":"","newsim":""},"aioseo_notices":[],"aioseo_head":"\n\t\t<!-- All in One SEO 5.0.1.1 - aioseo.com -->\n\t<meta name=\"description\" content=\"Le quartier de Wesemlin \u00e0 Lucerne donne le ton en mati\u00e8re de transition \u00e9nerg\u00e9tique communautaire : Au lieu de recourir \u00e0 des solutions individuelles, le quartier mise sur une strat\u00e9gie \u00e9nerg\u00e9tique collective. Avec le soutien de la Haute \u00e9cole de Lucerne (HSLU), les habitants du quartier con\u00e7oivent ensemble leur futur approvisionnement \u00e9nerg\u00e9tique afin de remplacer les chauffages fossiles par des alternatives durables.\" \/>\n\t<meta name=\"robots\" content=\"max-image-preview:large\" \/>\n\t<meta name=\"author\" content=\"immovestuser\"\/>\n\t<meta name=\"google-site-verification\" content=\"fHJKvgWpZCR2zVBHWfkQeFXC11qieUSff0HGNYfuyLA\" \/>\n\t<link rel=\"canonical\" href=\"https:\/\/www.immo-invest.ch\/fr\/das-luzerner-wesemlin-quartier-machts-vor-energiewende-gemeinsam-meistern\/\" \/>\n\t<meta name=\"generator\" content=\"All in One SEO (AIOSEO) 5.0.1.1\" \/>\n\t\t<meta property=\"og:locale\" content=\"fr_FR\" \/>\n\t\t<meta property=\"og:site_name\" content=\"immo!nvest - Die Plattform f\u00fcr Standorte und Immobilien - Die\u00a0Plattform f\u00fcr Standorte und Immobilien\" \/>\n\t\t<meta property=\"og:type\" content=\"article\" \/>\n\t\t<meta property=\"og:title\" content=\"Le quartier de Wesemlin \u00e0 Lucerne montre l\u2019exemple, ma\u00eetrisons ensemble le tournant \u00e9nerg\u00e9tique ! - immo!nvest - Die Plattform f\u00fcr Standorte und Immobilien\" \/>\n\t\t<meta property=\"og:description\" content=\"Le quartier de Wesemlin \u00e0 Lucerne donne le ton en mati\u00e8re de transition \u00e9nerg\u00e9tique communautaire : Au lieu de recourir \u00e0 des solutions individuelles, le quartier mise sur une strat\u00e9gie \u00e9nerg\u00e9tique collective. Avec le soutien de la Haute \u00e9cole de Lucerne (HSLU), les habitants du quartier con\u00e7oivent ensemble leur futur approvisionnement \u00e9nerg\u00e9tique afin de remplacer les chauffages fossiles par des alternatives durables.\" \/>\n\t\t<meta property=\"og:url\" content=\"https:\/\/www.immo-invest.ch\/fr\/das-luzerner-wesemlin-quartier-machts-vor-energiewende-gemeinsam-meistern\/\" \/>\n\t\t<meta property=\"og:image\" content=\"https:\/\/www.immo-invest.ch\/wp-content\/uploads\/2024\/10\/solar-panels-944002_1280.jpg\" \/>\n\t\t<meta property=\"og:image:secure_url\" content=\"https:\/\/www.immo-invest.ch\/wp-content\/uploads\/2024\/10\/solar-panels-944002_1280.jpg\" \/>\n\t\t<meta property=\"og:image:width\" content=\"1280\" \/>\n\t\t<meta property=\"og:image:height\" content=\"960\" \/>\n\t\t<meta property=\"article:published_time\" content=\"2024-10-29T16:36:17+00:00\" \/>\n\t\t<meta property=\"article:modified_time\" content=\"2024-10-29T16:47:57+00:00\" \/>\n\t\t<meta property=\"article:publisher\" content=\"https:\/\/www.facebook.com\/people\/Immoinvest\/100077962920504\/\" \/>\n\t\t<meta name=\"twitter:card\" content=\"summary_large_image\" \/>\n\t\t<meta name=\"twitter:site\" content=\"@i\" \/>\n\t\t<meta name=\"twitter:title\" content=\"Le quartier de Wesemlin \u00e0 Lucerne montre l\u2019exemple, ma\u00eetrisons ensemble le tournant \u00e9nerg\u00e9tique ! - immo!nvest - Die Plattform f\u00fcr Standorte und Immobilien\" \/>\n\t\t<meta name=\"twitter:description\" content=\"Le quartier de Wesemlin \u00e0 Lucerne donne le ton en mati\u00e8re de transition \u00e9nerg\u00e9tique communautaire : Au lieu de recourir \u00e0 des solutions individuelles, le quartier mise sur une strat\u00e9gie \u00e9nerg\u00e9tique collective. Avec le soutien de la Haute \u00e9cole de Lucerne (HSLU), les habitants du quartier con\u00e7oivent ensemble leur futur approvisionnement \u00e9nerg\u00e9tique afin de remplacer les chauffages fossiles par des alternatives durables.\" \/>\n\t\t<meta name=\"twitter:creator\" content=\"@i\" \/>\n\t\t<meta name=\"twitter:image\" content=\"https:\/\/www.immo-invest.ch\/wp-content\/uploads\/2024\/10\/solar-panels-944002_1280.jpg\" \/>\n\t\t<script type=\"application\/ld+json\" class=\"aioseo-schema\">\n\t\t\t{\"@context\":\"https:\\\/\\\/schema.org\",\"@graph\":[{\"@type\":\"BlogPosting\",\"@id\":\"https:\\\/\\\/www.immo-invest.ch\\\/fr\\\/das-luzerner-wesemlin-quartier-machts-vor-energiewende-gemeinsam-meistern\\\/#blogposting\",\"name\":\"Le quartier de Wesemlin \\u00e0 Lucerne montre l\\u2019exemple, ma\\u00eetrisons ensemble le tournant \\u00e9nerg\\u00e9tique ! - immo!nvest - Die Plattform f\\u00fcr Standorte und Immobilien\",\"headline\":\"Le quartier de Wesemlin \\u00e0 Lucerne montre l&rsquo;exemple, ma\\u00eetrisons ensemble le tournant \\u00e9nerg\\u00e9tique !\",\"author\":{\"@id\":\"https:\\\/\\\/www.immo-invest.ch\\\/fr\\\/author\\\/immovestuser\\\/#author\"},\"publisher\":{\"@id\":\"https:\\\/\\\/www.immo-invest.ch\\\/fr\\\/#organization\"},\"image\":{\"@type\":\"ImageObject\",\"url\":\"https:\\\/\\\/www.immo-invest.ch\\\/wp-content\\\/uploads\\\/2024\\\/10\\\/solar-panels-944002_1280.jpg\",\"width\":1280,\"height\":960},\"datePublished\":\"2024-10-29T17:36:17+01:00\",\"dateModified\":\"2024-10-29T17:47:57+01:00\",\"inLanguage\":\"fr-FR\",\"mainEntityOfPage\":{\"@id\":\"https:\\\/\\\/www.immo-invest.ch\\\/fr\\\/das-luzerner-wesemlin-quartier-machts-vor-energiewende-gemeinsam-meistern\\\/#webpage\"},\"isPartOf\":{\"@id\":\"https:\\\/\\\/www.immo-invest.ch\\\/fr\\\/das-luzerner-wesemlin-quartier-machts-vor-energiewende-gemeinsam-meistern\\\/#webpage\"},\"articleSection\":\"Durabilit\\u00e9, \\u00c9nergie, immoNews, Lucerne, Facultatif\"},{\"@type\":\"BreadcrumbList\",\"@id\":\"https:\\\/\\\/www.immo-invest.ch\\\/fr\\\/das-luzerner-wesemlin-quartier-machts-vor-energiewende-gemeinsam-meistern\\\/#breadcrumblist\",\"itemListElement\":[{\"@type\":\"ListItem\",\"@id\":\"https:\\\/\\\/www.immo-invest.ch\\\/fr\\\/#listItem\",\"position\":1,\"name\":\"Home\",\"item\":\"https:\\\/\\\/www.immo-invest.ch\\\/fr\\\/\",\"nextItem\":{\"@type\":\"ListItem\",\"@id\":\"https:\\\/\\\/www.immo-invest.ch\\\/fr\\\/categories\\\/regions\\\/#listItem\",\"name\":\"R\\u00e9gions\"}},{\"@type\":\"ListItem\",\"@id\":\"https:\\\/\\\/www.immo-invest.ch\\\/fr\\\/categories\\\/regions\\\/#listItem\",\"position\":2,\"name\":\"R\\u00e9gions\",\"item\":\"https:\\\/\\\/www.immo-invest.ch\\\/fr\\\/categories\\\/regions\\\/\",\"nextItem\":{\"@type\":\"ListItem\",\"@id\":\"https:\\\/\\\/www.immo-invest.ch\\\/fr\\\/categories\\\/regions\\\/suisse\\\/#listItem\",\"name\":\"Suisse\"},\"previousItem\":{\"@type\":\"ListItem\",\"@id\":\"https:\\\/\\\/www.immo-invest.ch\\\/fr\\\/#listItem\",\"name\":\"Home\"}},{\"@type\":\"ListItem\",\"@id\":\"https:\\\/\\\/www.immo-invest.ch\\\/fr\\\/categories\\\/regions\\\/suisse\\\/#listItem\",\"position\":3,\"name\":\"Suisse\",\"item\":\"https:\\\/\\\/www.immo-invest.ch\\\/fr\\\/categories\\\/regions\\\/suisse\\\/\",\"nextItem\":{\"@type\":\"ListItem\",\"@id\":\"https:\\\/\\\/www.immo-invest.ch\\\/fr\\\/categories\\\/regions\\\/suisse\\\/region-zentralschweiz\\\/#listItem\",\"name\":\"Zentralschweiz\"},\"previousItem\":{\"@type\":\"ListItem\",\"@id\":\"https:\\\/\\\/www.immo-invest.ch\\\/fr\\\/categories\\\/regions\\\/#listItem\",\"name\":\"R\\u00e9gions\"}},{\"@type\":\"ListItem\",\"@id\":\"https:\\\/\\\/www.immo-invest.ch\\\/fr\\\/categories\\\/regions\\\/suisse\\\/region-zentralschweiz\\\/#listItem\",\"position\":4,\"name\":\"Zentralschweiz\",\"item\":\"https:\\\/\\\/www.immo-invest.ch\\\/fr\\\/categories\\\/regions\\\/suisse\\\/region-zentralschweiz\\\/\",\"nextItem\":{\"@type\":\"ListItem\",\"@id\":\"https:\\\/\\\/www.immo-invest.ch\\\/fr\\\/categories\\\/regions\\\/suisse\\\/region-zentralschweiz\\\/region-lucerne\\\/#listItem\",\"name\":\"Lucerne\"},\"previousItem\":{\"@type\":\"ListItem\",\"@id\":\"https:\\\/\\\/www.immo-invest.ch\\\/fr\\\/categories\\\/regions\\\/suisse\\\/#listItem\",\"name\":\"Suisse\"}},{\"@type\":\"ListItem\",\"@id\":\"https:\\\/\\\/www.immo-invest.ch\\\/fr\\\/categories\\\/regions\\\/suisse\\\/region-zentralschweiz\\\/region-lucerne\\\/#listItem\",\"position\":5,\"name\":\"Lucerne\",\"item\":\"https:\\\/\\\/www.immo-invest.ch\\\/fr\\\/categories\\\/regions\\\/suisse\\\/region-zentralschweiz\\\/region-lucerne\\\/\",\"nextItem\":{\"@type\":\"ListItem\",\"@id\":\"https:\\\/\\\/www.immo-invest.ch\\\/fr\\\/das-luzerner-wesemlin-quartier-machts-vor-energiewende-gemeinsam-meistern\\\/#listItem\",\"name\":\"Le quartier de Wesemlin \\u00e0 Lucerne montre l&rsquo;exemple, ma\\u00eetrisons ensemble le tournant \\u00e9nerg\\u00e9tique !\"},\"previousItem\":{\"@type\":\"ListItem\",\"@id\":\"https:\\\/\\\/www.immo-invest.ch\\\/fr\\\/categories\\\/regions\\\/suisse\\\/region-zentralschweiz\\\/#listItem\",\"name\":\"Zentralschweiz\"}},{\"@type\":\"ListItem\",\"@id\":\"https:\\\/\\\/www.immo-invest.ch\\\/fr\\\/das-luzerner-wesemlin-quartier-machts-vor-energiewende-gemeinsam-meistern\\\/#listItem\",\"position\":6,\"name\":\"Le quartier de Wesemlin \\u00e0 Lucerne montre l&rsquo;exemple, ma\\u00eetrisons ensemble le tournant \\u00e9nerg\\u00e9tique !\",\"previousItem\":{\"@type\":\"ListItem\",\"@id\":\"https:\\\/\\\/www.immo-invest.ch\\\/fr\\\/categories\\\/regions\\\/suisse\\\/region-zentralschweiz\\\/region-lucerne\\\/#listItem\",\"name\":\"Lucerne\"}}]},{\"@type\":\"Organization\",\"@id\":\"https:\\\/\\\/www.immo-invest.ch\\\/fr\\\/#organization\",\"name\":\"immo!nvest - Die Plattform f\\u00fcr Standorte und Immobilien\",\"description\":\"Die\\u00a0Plattform f\\u00fcr Standorte und Immobilien\",\"url\":\"https:\\\/\\\/www.immo-invest.ch\\\/fr\\\/\",\"email\":\"admin@immomedia.ag\",\"telephone\":\"+41444420002\",\"logo\":{\"@type\":\"ImageObject\",\"url\":\"https:\\\/\\\/www.immo-invest.ch\\\/wp-content\\\/uploads\\\/2024\\\/09\\\/immoinvest_sm-scaled.jpg\",\"@id\":\"https:\\\/\\\/www.immo-invest.ch\\\/fr\\\/das-luzerner-wesemlin-quartier-machts-vor-energiewende-gemeinsam-meistern\\\/#organizationLogo\",\"width\":2560,\"height\":1340},\"image\":{\"@id\":\"https:\\\/\\\/www.immo-invest.ch\\\/fr\\\/das-luzerner-wesemlin-quartier-machts-vor-energiewende-gemeinsam-meistern\\\/#organizationLogo\"},\"sameAs\":[\"https:\\\/\\\/www.facebook.com\\\/people\\\/Immoinvest\\\/100077962920504\\\/\",\"https:\\\/\\\/x.com\\\/i\\\/flow\\\/login?redirect_after_login=immoinvest_ch\",\"https:\\\/\\\/www.instagram.com\\\/immoinvest_ch\\\/\",\"https:\\\/\\\/www.linkedin.com\\\/company\\\/immoinvest-swiss\"]},{\"@type\":\"Person\",\"@id\":\"https:\\\/\\\/www.immo-invest.ch\\\/fr\\\/author\\\/immovestuser\\\/#author\",\"url\":\"https:\\\/\\\/www.immo-invest.ch\\\/fr\\\/author\\\/immovestuser\\\/\",\"name\":\"immovestuser\",\"image\":{\"@type\":\"ImageObject\",\"@id\":\"https:\\\/\\\/www.immo-invest.ch\\\/fr\\\/das-luzerner-wesemlin-quartier-machts-vor-energiewende-gemeinsam-meistern\\\/#authorImage\",\"url\":\"https:\\\/\\\/secure.gravatar.com\\\/avatar\\\/8e01f4d99f2eeea7a362ebb93305e1172a70e9293ba250f897a65c39f54cdd1e?s=96&d=mm&r=g\",\"width\":96,\"height\":96,\"caption\":\"immovestuser\"}},{\"@type\":\"WebPage\",\"@id\":\"https:\\\/\\\/www.immo-invest.ch\\\/fr\\\/das-luzerner-wesemlin-quartier-machts-vor-energiewende-gemeinsam-meistern\\\/#webpage\",\"url\":\"https:\\\/\\\/www.immo-invest.ch\\\/fr\\\/das-luzerner-wesemlin-quartier-machts-vor-energiewende-gemeinsam-meistern\\\/\",\"name\":\"Le quartier de Wesemlin \\u00e0 Lucerne montre l\\u2019exemple, ma\\u00eetrisons ensemble le tournant \\u00e9nerg\\u00e9tique ! - immo!nvest - Die Plattform f\\u00fcr Standorte und Immobilien\",\"description\":\"Le quartier de Wesemlin \\u00e0 Lucerne donne le ton en mati\\u00e8re de transition \\u00e9nerg\\u00e9tique communautaire : Au lieu de recourir \\u00e0 des solutions individuelles, le quartier mise sur une strat\\u00e9gie \\u00e9nerg\\u00e9tique collective. Avec le soutien de la Haute \\u00e9cole de Lucerne (HSLU), les habitants du quartier con\\u00e7oivent ensemble leur futur approvisionnement \\u00e9nerg\\u00e9tique afin de remplacer les chauffages fossiles par des alternatives durables.\",\"inLanguage\":\"fr-FR\",\"isPartOf\":{\"@id\":\"https:\\\/\\\/www.immo-invest.ch\\\/fr\\\/#website\"},\"breadcrumb\":{\"@id\":\"https:\\\/\\\/www.immo-invest.ch\\\/fr\\\/das-luzerner-wesemlin-quartier-machts-vor-energiewende-gemeinsam-meistern\\\/#breadcrumblist\"},\"author\":{\"@id\":\"https:\\\/\\\/www.immo-invest.ch\\\/fr\\\/author\\\/immovestuser\\\/#author\"},\"creator\":{\"@id\":\"https:\\\/\\\/www.immo-invest.ch\\\/fr\\\/author\\\/immovestuser\\\/#author\"},\"image\":{\"@type\":\"ImageObject\",\"url\":\"https:\\\/\\\/www.immo-invest.ch\\\/wp-content\\\/uploads\\\/2024\\\/10\\\/solar-panels-944002_1280.jpg\",\"@id\":\"https:\\\/\\\/www.immo-invest.ch\\\/fr\\\/das-luzerner-wesemlin-quartier-machts-vor-energiewende-gemeinsam-meistern\\\/#mainImage\",\"width\":1280,\"height\":960},\"primaryImageOfPage\":{\"@id\":\"https:\\\/\\\/www.immo-invest.ch\\\/fr\\\/das-luzerner-wesemlin-quartier-machts-vor-energiewende-gemeinsam-meistern\\\/#mainImage\"},\"datePublished\":\"2024-10-29T17:36:17+01:00\",\"dateModified\":\"2024-10-29T17:47:57+01:00\"},{\"@type\":\"WebSite\",\"@id\":\"https:\\\/\\\/www.immo-invest.ch\\\/fr\\\/#website\",\"url\":\"https:\\\/\\\/www.immo-invest.ch\\\/fr\\\/\",\"name\":\"immo!nvest - Die Plattform f\\u00fcr Standorte und Immobilien\",\"description\":\"Die\\u00a0Plattform f\\u00fcr Standorte und Immobilien\",\"inLanguage\":\"fr-FR\",\"publisher\":{\"@id\":\"https:\\\/\\\/www.immo-invest.ch\\\/fr\\\/#organization\"}}]}\n\t\t<\/script>\n\t\t<!-- All in One SEO -->\n\n","aioseo_head_json":{"title":"Le quartier de Wesemlin \u00e0 Lucerne montre l\u2019exemple, ma\u00eetrisons ensemble le tournant \u00e9nerg\u00e9tique ! - immo!nvest - Die Plattform f\u00fcr Standorte und Immobilien","description":"Le quartier de Wesemlin \u00e0 Lucerne donne le ton en mati\u00e8re de transition \u00e9nerg\u00e9tique communautaire : Au lieu de recourir \u00e0 des solutions individuelles, le quartier mise sur une strat\u00e9gie \u00e9nerg\u00e9tique collective. Avec le soutien de la Haute \u00e9cole de Lucerne (HSLU), les habitants du quartier con\u00e7oivent ensemble leur futur approvisionnement \u00e9nerg\u00e9tique afin de remplacer les chauffages fossiles par des alternatives durables.","canonical_url":"https:\/\/www.immo-invest.ch\/fr\/das-luzerner-wesemlin-quartier-machts-vor-energiewende-gemeinsam-meistern\/","robots":"max-image-preview:large","keywords":"","webmasterTools":{"google-site-verification":"fHJKvgWpZCR2zVBHWfkQeFXC11qieUSff0HGNYfuyLA","miscellaneous":""},"schema":{"@context":"https:\/\/schema.org","@graph":[{"@type":"BlogPosting","@id":"https:\/\/www.immo-invest.ch\/fr\/das-luzerner-wesemlin-quartier-machts-vor-energiewende-gemeinsam-meistern\/#blogposting","name":"Le quartier de Wesemlin \u00e0 Lucerne montre l\u2019exemple, ma\u00eetrisons ensemble le tournant \u00e9nerg\u00e9tique ! - immo!nvest - Die Plattform f\u00fcr Standorte und Immobilien","headline":"Le quartier de Wesemlin \u00e0 Lucerne montre l&rsquo;exemple, ma\u00eetrisons ensemble le tournant \u00e9nerg\u00e9tique !","author":{"@id":"https:\/\/www.immo-invest.ch\/fr\/author\/immovestuser\/#author"},"publisher":{"@id":"https:\/\/www.immo-invest.ch\/fr\/#organization"},"image":{"@type":"ImageObject","url":"https:\/\/www.immo-invest.ch\/wp-content\/uploads\/2024\/10\/solar-panels-944002_1280.jpg","width":1280,"height":960},"datePublished":"2024-10-29T17:36:17+01:00","dateModified":"2024-10-29T17:47:57+01:00","inLanguage":"fr-FR","mainEntityOfPage":{"@id":"https:\/\/www.immo-invest.ch\/fr\/das-luzerner-wesemlin-quartier-machts-vor-energiewende-gemeinsam-meistern\/#webpage"},"isPartOf":{"@id":"https:\/\/www.immo-invest.ch\/fr\/das-luzerner-wesemlin-quartier-machts-vor-energiewende-gemeinsam-meistern\/#webpage"},"articleSection":"Durabilit\u00e9, \u00c9nergie, immoNews, Lucerne, Facultatif"},{"@type":"BreadcrumbList","@id":"https:\/\/www.immo-invest.ch\/fr\/das-luzerner-wesemlin-quartier-machts-vor-energiewende-gemeinsam-meistern\/#breadcrumblist","itemListElement":[{"@type":"ListItem","@id":"https:\/\/www.immo-invest.ch\/fr\/#listItem","position":1,"name":"Home","item":"https:\/\/www.immo-invest.ch\/fr\/","nextItem":{"@type":"ListItem","@id":"https:\/\/www.immo-invest.ch\/fr\/categories\/regions\/#listItem","name":"R\u00e9gions"}},{"@type":"ListItem","@id":"https:\/\/www.immo-invest.ch\/fr\/categories\/regions\/#listItem","position":2,"name":"R\u00e9gions","item":"https:\/\/www.immo-invest.ch\/fr\/categories\/regions\/","nextItem":{"@type":"ListItem","@id":"https:\/\/www.immo-invest.ch\/fr\/categories\/regions\/suisse\/#listItem","name":"Suisse"},"previousItem":{"@type":"ListItem","@id":"https:\/\/www.immo-invest.ch\/fr\/#listItem","name":"Home"}},{"@type":"ListItem","@id":"https:\/\/www.immo-invest.ch\/fr\/categories\/regions\/suisse\/#listItem","position":3,"name":"Suisse","item":"https:\/\/www.immo-invest.ch\/fr\/categories\/regions\/suisse\/","nextItem":{"@type":"ListItem","@id":"https:\/\/www.immo-invest.ch\/fr\/categories\/regions\/suisse\/region-zentralschweiz\/#listItem","name":"Zentralschweiz"},"previousItem":{"@type":"ListItem","@id":"https:\/\/www.immo-invest.ch\/fr\/categories\/regions\/#listItem","name":"R\u00e9gions"}},{"@type":"ListItem","@id":"https:\/\/www.immo-invest.ch\/fr\/categories\/regions\/suisse\/region-zentralschweiz\/#listItem","position":4,"name":"Zentralschweiz","item":"https:\/\/www.immo-invest.ch\/fr\/categories\/regions\/suisse\/region-zentralschweiz\/","nextItem":{"@type":"ListItem","@id":"https:\/\/www.immo-invest.ch\/fr\/categories\/regions\/suisse\/region-zentralschweiz\/region-lucerne\/#listItem","name":"Lucerne"},"previousItem":{"@type":"ListItem","@id":"https:\/\/www.immo-invest.ch\/fr\/categories\/regions\/suisse\/#listItem","name":"Suisse"}},{"@type":"ListItem","@id":"https:\/\/www.immo-invest.ch\/fr\/categories\/regions\/suisse\/region-zentralschweiz\/region-lucerne\/#listItem","position":5,"name":"Lucerne","item":"https:\/\/www.immo-invest.ch\/fr\/categories\/regions\/suisse\/region-zentralschweiz\/region-lucerne\/","nextItem":{"@type":"ListItem","@id":"https:\/\/www.immo-invest.ch\/fr\/das-luzerner-wesemlin-quartier-machts-vor-energiewende-gemeinsam-meistern\/#listItem","name":"Le quartier de Wesemlin \u00e0 Lucerne montre l&rsquo;exemple, ma\u00eetrisons ensemble le tournant \u00e9nerg\u00e9tique !"},"previousItem":{"@type":"ListItem","@id":"https:\/\/www.immo-invest.ch\/fr\/categories\/regions\/suisse\/region-zentralschweiz\/#listItem","name":"Zentralschweiz"}},{"@type":"ListItem","@id":"https:\/\/www.immo-invest.ch\/fr\/das-luzerner-wesemlin-quartier-machts-vor-energiewende-gemeinsam-meistern\/#listItem","position":6,"name":"Le quartier de Wesemlin \u00e0 Lucerne montre l&rsquo;exemple, ma\u00eetrisons ensemble le tournant \u00e9nerg\u00e9tique !","previousItem":{"@type":"ListItem","@id":"https:\/\/www.immo-invest.ch\/fr\/categories\/regions\/suisse\/region-zentralschweiz\/region-lucerne\/#listItem","name":"Lucerne"}}]},{"@type":"Organization","@id":"https:\/\/www.immo-invest.ch\/fr\/#organization","name":"immo!nvest - Die Plattform f\u00fcr Standorte und Immobilien","description":"Die\u00a0Plattform f\u00fcr Standorte und Immobilien","url":"https:\/\/www.immo-invest.ch\/fr\/","email":"admin@immomedia.ag","telephone":"+41444420002","logo":{"@type":"ImageObject","url":"https:\/\/www.immo-invest.ch\/wp-content\/uploads\/2024\/09\/immoinvest_sm-scaled.jpg","@id":"https:\/\/www.immo-invest.ch\/fr\/das-luzerner-wesemlin-quartier-machts-vor-energiewende-gemeinsam-meistern\/#organizationLogo","width":2560,"height":1340},"image":{"@id":"https:\/\/www.immo-invest.ch\/fr\/das-luzerner-wesemlin-quartier-machts-vor-energiewende-gemeinsam-meistern\/#organizationLogo"},"sameAs":["https:\/\/www.facebook.com\/people\/Immoinvest\/100077962920504\/","https:\/\/x.com\/i\/flow\/login?redirect_after_login=immoinvest_ch","https:\/\/www.instagram.com\/immoinvest_ch\/","https:\/\/www.linkedin.com\/company\/immoinvest-swiss"]},{"@type":"Person","@id":"https:\/\/www.immo-invest.ch\/fr\/author\/immovestuser\/#author","url":"https:\/\/www.immo-invest.ch\/fr\/author\/immovestuser\/","name":"immovestuser","image":{"@type":"ImageObject","@id":"https:\/\/www.immo-invest.ch\/fr\/das-luzerner-wesemlin-quartier-machts-vor-energiewende-gemeinsam-meistern\/#authorImage","url":"https:\/\/secure.gravatar.com\/avatar\/8e01f4d99f2eeea7a362ebb93305e1172a70e9293ba250f897a65c39f54cdd1e?s=96&d=mm&r=g","width":96,"height":96,"caption":"immovestuser"}},{"@type":"WebPage","@id":"https:\/\/www.immo-invest.ch\/fr\/das-luzerner-wesemlin-quartier-machts-vor-energiewende-gemeinsam-meistern\/#webpage","url":"https:\/\/www.immo-invest.ch\/fr\/das-luzerner-wesemlin-quartier-machts-vor-energiewende-gemeinsam-meistern\/","name":"Le quartier de Wesemlin \u00e0 Lucerne montre l\u2019exemple, ma\u00eetrisons ensemble le tournant \u00e9nerg\u00e9tique ! - immo!nvest - Die Plattform f\u00fcr Standorte und Immobilien","description":"Le quartier de Wesemlin \u00e0 Lucerne donne le ton en mati\u00e8re de transition \u00e9nerg\u00e9tique communautaire : Au lieu de recourir \u00e0 des solutions individuelles, le quartier mise sur une strat\u00e9gie \u00e9nerg\u00e9tique collective. Avec le soutien de la Haute \u00e9cole de Lucerne (HSLU), les habitants du quartier con\u00e7oivent ensemble leur futur approvisionnement \u00e9nerg\u00e9tique afin de remplacer les chauffages fossiles par des alternatives durables.","inLanguage":"fr-FR","isPartOf":{"@id":"https:\/\/www.immo-invest.ch\/fr\/#website"},"breadcrumb":{"@id":"https:\/\/www.immo-invest.ch\/fr\/das-luzerner-wesemlin-quartier-machts-vor-energiewende-gemeinsam-meistern\/#breadcrumblist"},"author":{"@id":"https:\/\/www.immo-invest.ch\/fr\/author\/immovestuser\/#author"},"creator":{"@id":"https:\/\/www.immo-invest.ch\/fr\/author\/immovestuser\/#author"},"image":{"@type":"ImageObject","url":"https:\/\/www.immo-invest.ch\/wp-content\/uploads\/2024\/10\/solar-panels-944002_1280.jpg","@id":"https:\/\/www.immo-invest.ch\/fr\/das-luzerner-wesemlin-quartier-machts-vor-energiewende-gemeinsam-meistern\/#mainImage","width":1280,"height":960},"primaryImageOfPage":{"@id":"https:\/\/www.immo-invest.ch\/fr\/das-luzerner-wesemlin-quartier-machts-vor-energiewende-gemeinsam-meistern\/#mainImage"},"datePublished":"2024-10-29T17:36:17+01:00","dateModified":"2024-10-29T17:47:57+01:00"},{"@type":"WebSite","@id":"https:\/\/www.immo-invest.ch\/fr\/#website","url":"https:\/\/www.immo-invest.ch\/fr\/","name":"immo!nvest - Die Plattform f\u00fcr Standorte und Immobilien","description":"Die\u00a0Plattform f\u00fcr Standorte und Immobilien","inLanguage":"fr-FR","publisher":{"@id":"https:\/\/www.immo-invest.ch\/fr\/#organization"}}]},"og:locale":"fr_FR","og:site_name":"immo!nvest - Die Plattform f\u00fcr Standorte und Immobilien - Die\u00a0Plattform f\u00fcr Standorte und Immobilien","og:type":"article","og:title":"Le quartier de Wesemlin \u00e0 Lucerne montre l\u2019exemple, ma\u00eetrisons ensemble le tournant \u00e9nerg\u00e9tique ! - immo!nvest - Die Plattform f\u00fcr Standorte und Immobilien","og:description":"Le quartier de Wesemlin \u00e0 Lucerne donne le ton en mati\u00e8re de transition \u00e9nerg\u00e9tique communautaire : Au lieu de recourir \u00e0 des solutions individuelles, le quartier mise sur une strat\u00e9gie \u00e9nerg\u00e9tique collective. Avec le soutien de la Haute \u00e9cole de Lucerne (HSLU), les habitants du quartier con\u00e7oivent ensemble leur futur approvisionnement \u00e9nerg\u00e9tique afin de remplacer les chauffages fossiles par des alternatives durables.","og:url":"https:\/\/www.immo-invest.ch\/fr\/das-luzerner-wesemlin-quartier-machts-vor-energiewende-gemeinsam-meistern\/","og:image":"https:\/\/www.immo-invest.ch\/wp-content\/uploads\/2024\/10\/solar-panels-944002_1280.jpg","og:image:secure_url":"https:\/\/www.immo-invest.ch\/wp-content\/uploads\/2024\/10\/solar-panels-944002_1280.jpg","og:image:width":1280,"og:image:height":960,"article:published_time":"2024-10-29T16:36:17+00:00","article:modified_time":"2024-10-29T16:47:57+00:00","article:publisher":"https:\/\/www.facebook.com\/people\/Immoinvest\/100077962920504\/","twitter:card":"summary_large_image","twitter:site":"@i","twitter:title":"Le quartier de Wesemlin \u00e0 Lucerne montre l\u2019exemple, ma\u00eetrisons ensemble le tournant \u00e9nerg\u00e9tique ! - immo!nvest - Die Plattform f\u00fcr Standorte und Immobilien","twitter:description":"Le quartier de Wesemlin \u00e0 Lucerne donne le ton en mati\u00e8re de transition \u00e9nerg\u00e9tique communautaire : Au lieu de recourir \u00e0 des solutions individuelles, le quartier mise sur une strat\u00e9gie \u00e9nerg\u00e9tique collective. Avec le soutien de la Haute \u00e9cole de Lucerne (HSLU), les habitants du quartier con\u00e7oivent ensemble leur futur approvisionnement \u00e9nerg\u00e9tique afin de remplacer les chauffages fossiles par des alternatives durables.","twitter:creator":"@i","twitter:image":"https:\/\/www.immo-invest.ch\/wp-content\/uploads\/2024\/10\/solar-panels-944002_1280.jpg"},"aioseo_meta_data":{"post_id":"118594","title":null,"description":null,"keywords":null,"keyphrases":{"focus":{"keyphrase":"","score":0,"analysis":{"keyphraseInTitle":{"score":0,"maxScore":9,"error":1}}},"additional":[]},"primary_term":null,"canonical_url":null,"og_title":null,"og_description":null,"og_object_type":"default","og_image_type":"default","og_image_url":null,"og_image_width":null,"og_image_height":null,"og_image_custom_url":null,"og_image_custom_fields":null,"og_video":"","og_custom_url":null,"og_article_section":null,"og_article_tags":null,"twitter_use_og":false,"twitter_card":"default","twitter_image_type":"default","twitter_image_url":null,"twitter_image_custom_url":null,"twitter_image_custom_fields":null,"twitter_title":null,"twitter_description":null,"schema":{"blockGraphs":[],"customGraphs":[],"default":{"data":{"Article":[],"Course":[],"Dataset":[],"FAQPage":[],"Movie":[],"Person":[],"Product":[],"ProductReview":[],"Car":[],"Recipe":[],"Service":[],"SoftwareApplication":[],"WebPage":[]},"graphName":"BlogPosting","isEnabled":true},"graphs":[]},"schema_type":"default","schema_type_options":null,"pillar_content":false,"robots_default":true,"robots_noindex":false,"robots_noarchive":false,"robots_nosnippet":false,"robots_nofollow":false,"robots_noimageindex":false,"robots_noodp":false,"robots_notranslate":false,"robots_max_snippet":"-1","robots_max_videopreview":"-1","robots_max_imagepreview":"large","priority":null,"frequency":"default","local_seo":null,"breadcrumb_settings":null,"limit_modified_date":false,"ai":null,"created":"2024-10-29 16:40:55","updated":"2025-10-24 12:23:13","seo_analyzer_scan_date":null,"focus_keyword":null,"additional_keywords":null,"truseo_locale":null},"aioseo_breadcrumb":"<div class=\"aioseo-breadcrumbs\"><span class=\"aioseo-breadcrumb\">\n\t\t\t<a href=\"https:\/\/www.immo-invest.ch\/fr\/\" title=\"Home\">Home<\/a>\n\t\t<\/span><span class=\"aioseo-breadcrumb-separator\">&raquo;<\/span><span class=\"aioseo-breadcrumb\">\n\t\t\t<a href=\"https:\/\/www.immo-invest.ch\/fr\/categories\/regions\/\" title=\"R\u00e9gions\">R\u00e9gions<\/a>\n\t\t<\/span><span class=\"aioseo-breadcrumb-separator\">&raquo;<\/span><span class=\"aioseo-breadcrumb\">\n\t\t\t<a href=\"https:\/\/www.immo-invest.ch\/fr\/categories\/regions\/suisse\/\" title=\"Suisse\">Suisse<\/a>\n\t\t<\/span><span class=\"aioseo-breadcrumb-separator\">&raquo;<\/span><span class=\"aioseo-breadcrumb\">\n\t\t\t<a href=\"https:\/\/www.immo-invest.ch\/fr\/categories\/regions\/suisse\/region-zentralschweiz\/\" title=\"Zentralschweiz\">Zentralschweiz<\/a>\n\t\t<\/span><span class=\"aioseo-breadcrumb-separator\">&raquo;<\/span><span class=\"aioseo-breadcrumb\">\n\t\t\t<a href=\"https:\/\/www.immo-invest.ch\/fr\/categories\/regions\/suisse\/region-zentralschweiz\/region-lucerne\/\" title=\"Lucerne\">Lucerne<\/a>\n\t\t<\/span><span class=\"aioseo-breadcrumb-separator\">&raquo;<\/span><span class=\"aioseo-breadcrumb\">\n\t\t\tLe quartier de Wesemlin \u00e0 Lucerne montre l\u2019exemple, ma\u00eetrisons ensemble le tournant \u00e9nerg\u00e9tique !\n\t\t<\/span><\/div>","aioseo_breadcrumb_json":[{"label":"Home","link":"https:\/\/www.immo-invest.ch\/fr\/"},{"label":"R\u00e9gions","link":"https:\/\/www.immo-invest.ch\/fr\/categories\/regions\/"},{"label":"Suisse","link":"https:\/\/www.immo-invest.ch\/fr\/categories\/regions\/suisse\/"},{"label":"Zentralschweiz","link":"https:\/\/www.immo-invest.ch\/fr\/categories\/regions\/suisse\/region-zentralschweiz\/"},{"label":"Lucerne","link":"https:\/\/www.immo-invest.ch\/fr\/categories\/regions\/suisse\/region-zentralschweiz\/region-lucerne\/"},{"label":"Le quartier de Wesemlin \u00e0 Lucerne montre l&rsquo;exemple, ma\u00eetrisons ensemble le tournant \u00e9nerg\u00e9tique !","link":"https:\/\/www.immo-invest.ch\/fr\/das-luzerner-wesemlin-quartier-machts-vor-energiewende-gemeinsam-meistern\/"}],"featured_image_src":"https:\/\/www.immo-invest.ch\/wp-content\/uploads\/2024\/10\/solar-panels-944002_1280-336x168.jpg","_links":{"self":[{"href":"https:\/\/www.immo-invest.ch\/fr\/wp-json\/wp\/v2\/posts\/118594","targetHints":{"allow":["GET"]}}],"collection":[{"href":"https:\/\/www.immo-invest.ch\/fr\/wp-json\/wp\/v2\/posts"}],"about":[{"href":"https:\/\/www.immo-invest.ch\/fr\/wp-json\/wp\/v2\/types\/post"}],"author":[{"embeddable":true,"href":"https:\/\/www.immo-invest.ch\/fr\/wp-json\/wp\/v2\/users\/2"}],"replies":[{"embeddable":true,"href":"https:\/\/www.immo-invest.ch\/fr\/wp-json\/wp\/v2\/comments?post=118594"}],"version-history":[{"count":0,"href":"https:\/\/www.immo-invest.ch\/fr\/wp-json\/wp\/v2\/posts\/118594\/revisions"}],"wp:featuredmedia":[{"embeddable":true,"href":"https:\/\/www.immo-invest.ch\/fr\/wp-json\/wp\/v2\/media\/118584"}],"wp:attachment":[{"href":"https:\/\/www.immo-invest.ch\/fr\/wp-json\/wp\/v2\/media?parent=118594"}],"wp:term":[{"taxonomy":"category","embeddable":true,"href":"https:\/\/www.immo-invest.ch\/fr\/wp-json\/wp\/v2\/categories?post=118594"},{"taxonomy":"post_tag","embeddable":true,"href":"https:\/\/www.immo-invest.ch\/fr\/wp-json\/wp\/v2\/tags?post=118594"}],"curies":[{"name":"wp","href":"https:\/\/api.w.org\/{rel}","templated":true}]}}