{"id":118297,"date":"2024-11-01T16:00:00","date_gmt":"2024-11-01T15:00:00","guid":{"rendered":"https:\/\/www.immo-invest.ch\/?p=118297"},"modified":"2024-10-28T13:31:18","modified_gmt":"2024-10-28T12:31:18","slug":"investitionen-in-kreislaufwirtschaft-und-dekarbonisierung-staerken-co2-strategie","status":"publish","type":"post","link":"https:\/\/www.immo-invest.ch\/fr\/investitionen-in-kreislaufwirtschaft-und-dekarbonisierung-staerken-co2-strategie\/","title":{"rendered":"Les investissements dans l&rsquo;\u00e9conomie circulaire et la d\u00e9carbonisation renforcent la strat\u00e9gie carbone"},"content":{"rendered":"<p class=\"bodytext\"><a href=\"https:\/\/www.holcim.com\/\" target=\"_blank\" rel=\"noopener\">Holcim<\/a> re&ccedil;oit une subvention du <a href=\"https:\/\/climate.ec.europa.eu\/eu-action\/eu-funding-climate-action\/innovation-fund_en\" target=\"_blank\" rel=\"noopener\">Fonds d&rsquo;<span class=\"glossaryLink\" aria-describedby=\"tt\" data-cmtooltip=\"&lt;div class=glossaryItemTitle&gt;Innovation&lt;\/div&gt;&lt;div class=glossaryItemBody&gt;Innovation in der heutigen Immobilienwelt bedeutet vor allem Digitalisierung von Prozessen. Zum Beispiel das Eliminieren von Tausenden von Excel-Bl&auml;ttern f&uuml;r Portfolio- und Asset-Manager oder das Erstellen einer Anwendung (App) f&uuml;r alle Formalit&auml;ten rund um die Beziehung zwischen Immobilieneigent&uuml;mern, - verwaltung und -mietern.&lt;\/div&gt;\" data-mobile-support=\"0\" data-gt-translate-attributes='[{\"attribute\":\"data-cmtooltip\", \"format\":\"html\"}]' tabindex=\"0\" role=\"link\">innovation<\/span> de l&rsquo;UE<\/a> pour un nouveau projet de grande envergure dans le domaine des technologies propres. Cela porte &agrave; sept le nombre de projets CCUS financ&eacute;s par l&rsquo;UE pour Holcim. Selon un <a href=\"https:\/\/www.holcim.com\/media\/media-releases\/eu-innovation-fund-cleantech-france\" target=\"_blank\" rel=\"noopener\">communiqu&eacute; de presse<\/a> du fabricant de mat&eacute;riaux de construction, ce nouveau projet de capture et de stockage de CO2 (CCUS) sur son site de Martres-Tolosane, dans le sud-ouest de la France, est une installation hautement &eacute;volutive bas&eacute;e sur des technologies matures et des partenariats &eacute;troits.<\/p>\n<p class=\"bodytext\">En 2017, Holcim avait d&eacute;j&agrave; <a href=\"https:\/\/www.holcim.com\/media\/media-releases\/martres-tolosane-investment\" target=\"_blank\" rel=\"noopener\">annonc&eacute;<\/a> un investissement de 100 millions d&rsquo;euros dans la durabilit&eacute; de cette cimenterie. Entre 2021 et 2023, Holcim a investi 200 millions d&rsquo;euros suppl&eacute;mentaires dans la d&eacute;carbonisation de ses sites industriels fran&ccedil;ais et a <a href=\"https:\/\/www.lafarge.fr\/holcim-porte-260-millions-euros-son-investissement-pour-accelerer-la-decarbonation-de-ses-activites-en-france\" target=\"_blank\" rel=\"noopener\">d&eacute;bloqu&eacute;<\/a> 60 millions suppl&eacute;mentaires en mai dernier pour la poursuivre.<\/p>\n<p class=\"bodytext\">Selon Holcim, ces investissements auront un effet de levier sur le d&eacute;veloppement de nouvelles fili&egrave;res et de nouveaux emplois dans le domaine de l&rsquo;&eacute;conomie circulaire d&rsquo;une part, et d&rsquo;autre part, &agrave; moyen terme, dans le domaine du captage, du stockage et de la valorisation du CO2. A cet effet, une nouvelle plateforme pilote, v&eacute;ritable banc d&rsquo;essai industriel d&rsquo;open <span class=\"glossaryLink\" aria-describedby=\"tt\" data-cmtooltip=\"&lt;div class=glossaryItemTitle&gt;Innovation&lt;\/div&gt;&lt;div class=glossaryItemBody&gt;Innovation in der heutigen Immobilienwelt bedeutet vor allem Digitalisierung von Prozessen. Zum Beispiel das Eliminieren von Tausenden von Excel-Bl&auml;ttern f&uuml;r Portfolio- und Asset-Manager oder das Erstellen einer Anwendung (App) f&uuml;r alle Formalit&auml;ten rund um die Beziehung zwischen Immobilieneigent&uuml;mern, - verwaltung und -mietern.&lt;\/div&gt;\" data-mobile-support=\"0\" data-gt-translate-attributes='[{\"attribute\":\"data-cmtooltip\", \"format\":\"html\"}]' tabindex=\"0\" role=\"link\">innovation<\/span>, sera install&eacute;e dans l&rsquo;usine de Martres-Tolosane. Elle sera d&eacute;di&eacute;e &agrave; l&rsquo;am&eacute;lioration des nouvelles technologies de captage du CO2.<\/p>\n<p class=\"bodytext\">&laquo;&nbsp;Holcim est en bonne voie pour faire du ciment et du b&eacute;ton net z&eacute;ro une r&eacute;alit&eacute; &agrave; grande &eacute;chelle au cours de cette d&eacute;cennie&nbsp;&raquo;, a d&eacute;clar&eacute; le PDG Miljan Gutovic, cit&eacute; dans le communiqu&eacute;. &laquo;&nbsp;Ce soutien du fonds europ&eacute;en pour l&rsquo;<span class=\"glossaryLink\" aria-describedby=\"tt\" data-cmtooltip=\"&lt;div class=glossaryItemTitle&gt;Innovation&lt;\/div&gt;&lt;div class=glossaryItemBody&gt;Innovation in der heutigen Immobilienwelt bedeutet vor allem Digitalisierung von Prozessen. Zum Beispiel das Eliminieren von Tausenden von Excel-Bl&auml;ttern f&uuml;r Portfolio- und Asset-Manager oder das Erstellen einer Anwendung (App) f&uuml;r alle Formalit&auml;ten rund um die Beziehung zwischen Immobilieneigent&uuml;mern, - verwaltung und -mietern.&lt;\/div&gt;\" data-mobile-support=\"0\" data-gt-translate-attributes='[{\"attribute\":\"data-cmtooltip\", \"format\":\"html\"}]' tabindex=\"0\" role=\"link\">innovation<\/span> t&eacute;moigne de la force de nos &eacute;quipes d&rsquo;ing&eacute;nieurs, de la maturit&eacute; de nos technologies et de partenariats avanc&eacute;s tout au long de la cha&icirc;ne de valeur&nbsp;&raquo;<\/p>\n","protected":false},"excerpt":{"rendered":"<p>Le projet de capture et de stockage de CO2 d&rsquo;Holcim sur son site fran\u00e7ais de Martres-Tolosane a \u00e9t\u00e9 s\u00e9lectionn\u00e9 pour b\u00e9n\u00e9ficier d&rsquo;une subvention du Fonds europ\u00e9en d&rsquo;innovation. Avec ce septi\u00e8me projet d&rsquo;envergure financ\u00e9 par l&rsquo;UE, le fabricant de mat\u00e9riaux de construction entend faire progresser le Green Deal.<\/p>\n","protected":false},"author":2,"featured_media":13765,"comment_status":"open","ping_status":"open","sticky":false,"template":"","format":"standard","meta":{"pmpro_default_level":"","inline_featured_image":false,"_monsterinsights_skip_tracking":false,"footnotes":""},"categories":[9430,22696,22353,743],"tags":[47599,34307,8854,11275,848,872,3931,4560,46855,1822,19419,2056,2002,874],"class_list":["post-118297","post","type-post","status-publish","format-standard","has-post-thumbnail","hentry","category-business-fr","category-entreprise","category-international-fr","category-immonews-fr","tag-co2-abscheidung-3-fr","tag-dekarbonisierung-fr","tag-foerderung-2-fr","tag-frankreich-fr","tag-immobilien-fr","tag-immoinvest-fr","tag-immonews-fr","tag-industrie-fr","tag-innovationsfonds-fr","tag-klimaschutz-fr","tag-kreislaufwirtschaft-fr","tag-nachhaltigkeit-fr","tag-news-fr","tag-schweiz-fr","pmpro-has-access"],"acf":{"bild_mit_ki_erstellt_worden":[],"lead":"Le projet de capture et de stockage de CO2 d'Holcim sur son site fran\u00e7ais de Martres-Tolosane a \u00e9t\u00e9 s\u00e9lectionn\u00e9 pour b\u00e9n\u00e9ficier d'une subvention du Fonds europ\u00e9en d'innovation. Avec ce septi\u00e8me projet d'envergure financ\u00e9 par l'UE, le fabricant de mat\u00e9riaux de construction entend faire progresser le Green Deal.","autor":"ce\/mm","ort":"Zug\/Martres-Tolosane","bildunterschrift":"","bild_im_grid":false,"gallerie":"","newsim":""},"aioseo_notices":[],"aioseo_head":"\n\t\t<!-- All in One SEO 5.0.1.1 - aioseo.com -->\n\t<meta name=\"description\" content=\"Le projet de capture et de stockage de CO2 d&#039;Holcim sur son site fran\u00e7ais de Martres-Tolosane a \u00e9t\u00e9 s\u00e9lectionn\u00e9 pour b\u00e9n\u00e9ficier d&#039;une subvention du Fonds europ\u00e9en d&#039;innovation. Avec ce septi\u00e8me projet d&#039;envergure financ\u00e9 par l&#039;UE, le fabricant de mat\u00e9riaux de construction entend faire progresser le Green Deal.\" \/>\n\t<meta name=\"robots\" content=\"max-image-preview:large\" \/>\n\t<meta name=\"author\" content=\"immovestuser\"\/>\n\t<meta name=\"google-site-verification\" content=\"fHJKvgWpZCR2zVBHWfkQeFXC11qieUSff0HGNYfuyLA\" \/>\n\t<link rel=\"canonical\" href=\"https:\/\/www.immo-invest.ch\/fr\/investitionen-in-kreislaufwirtschaft-und-dekarbonisierung-staerken-co2-strategie\/\" \/>\n\t<meta name=\"generator\" content=\"All in One SEO (AIOSEO) 5.0.1.1\" \/>\n\t\t<meta property=\"og:locale\" content=\"fr_FR\" \/>\n\t\t<meta property=\"og:site_name\" content=\"immo!nvest - Die Plattform f\u00fcr Standorte und Immobilien - Die\u00a0Plattform f\u00fcr Standorte und Immobilien\" \/>\n\t\t<meta property=\"og:type\" content=\"article\" \/>\n\t\t<meta property=\"og:title\" content=\"Les investissements dans l\u2019\u00e9conomie circulaire et la d\u00e9carbonisation renforcent la strat\u00e9gie carbone - immo!nvest - Die Plattform f\u00fcr Standorte und Immobilien\" \/>\n\t\t<meta property=\"og:description\" content=\"Le projet de capture et de stockage de CO2 d&#039;Holcim sur son site fran\u00e7ais de Martres-Tolosane a \u00e9t\u00e9 s\u00e9lectionn\u00e9 pour b\u00e9n\u00e9ficier d&#039;une subvention du Fonds europ\u00e9en d&#039;innovation. Avec ce septi\u00e8me projet d&#039;envergure financ\u00e9 par l&#039;UE, le fabricant de mat\u00e9riaux de construction entend faire progresser le Green Deal.\" \/>\n\t\t<meta property=\"og:url\" content=\"https:\/\/www.immo-invest.ch\/fr\/investitionen-in-kreislaufwirtschaft-und-dekarbonisierung-staerken-co2-strategie\/\" \/>\n\t\t<meta property=\"og:image\" content=\"https:\/\/www.immo-invest.ch\/wp-content\/uploads\/2021\/03\/finanzen-8.jpg\" \/>\n\t\t<meta property=\"og:image:secure_url\" content=\"https:\/\/www.immo-invest.ch\/wp-content\/uploads\/2021\/03\/finanzen-8.jpg\" \/>\n\t\t<meta property=\"og:image:width\" content=\"1200\" \/>\n\t\t<meta property=\"og:image:height\" content=\"628\" \/>\n\t\t<meta property=\"article:published_time\" content=\"2024-11-01T15:00:00+00:00\" \/>\n\t\t<meta property=\"article:modified_time\" content=\"2024-10-28T12:31:18+00:00\" \/>\n\t\t<meta property=\"article:publisher\" content=\"https:\/\/www.facebook.com\/people\/Immoinvest\/100077962920504\/\" \/>\n\t\t<meta name=\"twitter:card\" content=\"summary_large_image\" \/>\n\t\t<meta name=\"twitter:site\" content=\"@i\" \/>\n\t\t<meta name=\"twitter:title\" content=\"Les investissements dans l\u2019\u00e9conomie circulaire et la d\u00e9carbonisation renforcent la strat\u00e9gie carbone - immo!nvest - Die Plattform f\u00fcr Standorte und Immobilien\" \/>\n\t\t<meta name=\"twitter:description\" content=\"Le projet de capture et de stockage de CO2 d&#039;Holcim sur son site fran\u00e7ais de Martres-Tolosane a \u00e9t\u00e9 s\u00e9lectionn\u00e9 pour b\u00e9n\u00e9ficier d&#039;une subvention du Fonds europ\u00e9en d&#039;innovation. Avec ce septi\u00e8me projet d&#039;envergure financ\u00e9 par l&#039;UE, le fabricant de mat\u00e9riaux de construction entend faire progresser le Green Deal.\" \/>\n\t\t<meta name=\"twitter:creator\" content=\"@i\" \/>\n\t\t<meta name=\"twitter:image\" content=\"https:\/\/www.immo-invest.ch\/wp-content\/uploads\/2021\/03\/finanzen-8.jpg\" \/>\n\t\t<script type=\"application\/ld+json\" class=\"aioseo-schema\">\n\t\t\t{\"@context\":\"https:\\\/\\\/schema.org\",\"@graph\":[{\"@type\":\"BlogPosting\",\"@id\":\"https:\\\/\\\/www.immo-invest.ch\\\/fr\\\/investitionen-in-kreislaufwirtschaft-und-dekarbonisierung-staerken-co2-strategie\\\/#blogposting\",\"name\":\"Les investissements dans l\\u2019\\u00e9conomie circulaire et la d\\u00e9carbonisation renforcent la strat\\u00e9gie carbone - immo!nvest - Die Plattform f\\u00fcr Standorte und Immobilien\",\"headline\":\"Les investissements dans l&rsquo;\\u00e9conomie circulaire et la d\\u00e9carbonisation renforcent la strat\\u00e9gie carbone\",\"author\":{\"@id\":\"https:\\\/\\\/www.immo-invest.ch\\\/fr\\\/author\\\/immovestuser\\\/#author\"},\"publisher\":{\"@id\":\"https:\\\/\\\/www.immo-invest.ch\\\/fr\\\/#organization\"},\"image\":{\"@type\":\"ImageObject\",\"url\":\"https:\\\/\\\/www.immo-invest.ch\\\/wp-content\\\/uploads\\\/2021\\\/03\\\/finanzen-8.jpg\",\"width\":1200,\"height\":628},\"datePublished\":\"2024-11-01T16:00:00+01:00\",\"dateModified\":\"2024-10-28T13:31:18+01:00\",\"inLanguage\":\"fr-FR\",\"mainEntityOfPage\":{\"@id\":\"https:\\\/\\\/www.immo-invest.ch\\\/fr\\\/investitionen-in-kreislaufwirtschaft-und-dekarbonisierung-staerken-co2-strategie\\\/#webpage\"},\"isPartOf\":{\"@id\":\"https:\\\/\\\/www.immo-invest.ch\\\/fr\\\/investitionen-in-kreislaufwirtschaft-und-dekarbonisierung-staerken-co2-strategie\\\/#webpage\"},\"articleSection\":\"Business, Entreprise, Global, immoNews, CO2-Abscheidung, Dekarbonisierung, F\\u00f6rderung, Frankreich, immobilien, Immoinvest, immoNews, Industrie, Innovationsfonds, klimaschutz, Kreislaufwirtschaft, Nachhaltigkeit, News, Schweiz, Facultatif\"},{\"@type\":\"BreadcrumbList\",\"@id\":\"https:\\\/\\\/www.immo-invest.ch\\\/fr\\\/investitionen-in-kreislaufwirtschaft-und-dekarbonisierung-staerken-co2-strategie\\\/#breadcrumblist\",\"itemListElement\":[{\"@type\":\"ListItem\",\"@id\":\"https:\\\/\\\/www.immo-invest.ch\\\/fr\\\/#listItem\",\"position\":1,\"name\":\"Home\",\"item\":\"https:\\\/\\\/www.immo-invest.ch\\\/fr\\\/\",\"nextItem\":{\"@type\":\"ListItem\",\"@id\":\"https:\\\/\\\/www.immo-invest.ch\\\/fr\\\/categories\\\/regions\\\/#listItem\",\"name\":\"R\\u00e9gions\"}},{\"@type\":\"ListItem\",\"@id\":\"https:\\\/\\\/www.immo-invest.ch\\\/fr\\\/categories\\\/regions\\\/#listItem\",\"position\":2,\"name\":\"R\\u00e9gions\",\"item\":\"https:\\\/\\\/www.immo-invest.ch\\\/fr\\\/categories\\\/regions\\\/\",\"nextItem\":{\"@type\":\"ListItem\",\"@id\":\"https:\\\/\\\/www.immo-invest.ch\\\/fr\\\/categories\\\/regions\\\/international\\\/#listItem\",\"name\":\"International\"},\"previousItem\":{\"@type\":\"ListItem\",\"@id\":\"https:\\\/\\\/www.immo-invest.ch\\\/fr\\\/#listItem\",\"name\":\"Home\"}},{\"@type\":\"ListItem\",\"@id\":\"https:\\\/\\\/www.immo-invest.ch\\\/fr\\\/categories\\\/regions\\\/international\\\/#listItem\",\"position\":3,\"name\":\"International\",\"item\":\"https:\\\/\\\/www.immo-invest.ch\\\/fr\\\/categories\\\/regions\\\/international\\\/\",\"nextItem\":{\"@type\":\"ListItem\",\"@id\":\"https:\\\/\\\/www.immo-invest.ch\\\/fr\\\/categories\\\/regions\\\/international\\\/international-fr\\\/#listItem\",\"name\":\"Global\"},\"previousItem\":{\"@type\":\"ListItem\",\"@id\":\"https:\\\/\\\/www.immo-invest.ch\\\/fr\\\/categories\\\/regions\\\/#listItem\",\"name\":\"R\\u00e9gions\"}},{\"@type\":\"ListItem\",\"@id\":\"https:\\\/\\\/www.immo-invest.ch\\\/fr\\\/categories\\\/regions\\\/international\\\/international-fr\\\/#listItem\",\"position\":4,\"name\":\"Global\",\"item\":\"https:\\\/\\\/www.immo-invest.ch\\\/fr\\\/categories\\\/regions\\\/international\\\/international-fr\\\/\",\"nextItem\":{\"@type\":\"ListItem\",\"@id\":\"https:\\\/\\\/www.immo-invest.ch\\\/fr\\\/investitionen-in-kreislaufwirtschaft-und-dekarbonisierung-staerken-co2-strategie\\\/#listItem\",\"name\":\"Les investissements dans l&rsquo;\\u00e9conomie circulaire et la d\\u00e9carbonisation renforcent la strat\\u00e9gie carbone\"},\"previousItem\":{\"@type\":\"ListItem\",\"@id\":\"https:\\\/\\\/www.immo-invest.ch\\\/fr\\\/categories\\\/regions\\\/international\\\/#listItem\",\"name\":\"International\"}},{\"@type\":\"ListItem\",\"@id\":\"https:\\\/\\\/www.immo-invest.ch\\\/fr\\\/investitionen-in-kreislaufwirtschaft-und-dekarbonisierung-staerken-co2-strategie\\\/#listItem\",\"position\":5,\"name\":\"Les investissements dans l&rsquo;\\u00e9conomie circulaire et la d\\u00e9carbonisation renforcent la strat\\u00e9gie carbone\",\"previousItem\":{\"@type\":\"ListItem\",\"@id\":\"https:\\\/\\\/www.immo-invest.ch\\\/fr\\\/categories\\\/regions\\\/international\\\/international-fr\\\/#listItem\",\"name\":\"Global\"}}]},{\"@type\":\"Organization\",\"@id\":\"https:\\\/\\\/www.immo-invest.ch\\\/fr\\\/#organization\",\"name\":\"immo!nvest - Die Plattform f\\u00fcr Standorte und Immobilien\",\"description\":\"Die\\u00a0Plattform f\\u00fcr Standorte und Immobilien\",\"url\":\"https:\\\/\\\/www.immo-invest.ch\\\/fr\\\/\",\"email\":\"admin@immomedia.ag\",\"telephone\":\"+41444420002\",\"logo\":{\"@type\":\"ImageObject\",\"url\":\"https:\\\/\\\/www.immo-invest.ch\\\/wp-content\\\/uploads\\\/2024\\\/09\\\/immoinvest_sm-scaled.jpg\",\"@id\":\"https:\\\/\\\/www.immo-invest.ch\\\/fr\\\/investitionen-in-kreislaufwirtschaft-und-dekarbonisierung-staerken-co2-strategie\\\/#organizationLogo\",\"width\":2560,\"height\":1340},\"image\":{\"@id\":\"https:\\\/\\\/www.immo-invest.ch\\\/fr\\\/investitionen-in-kreislaufwirtschaft-und-dekarbonisierung-staerken-co2-strategie\\\/#organizationLogo\"},\"sameAs\":[\"https:\\\/\\\/www.facebook.com\\\/people\\\/Immoinvest\\\/100077962920504\\\/\",\"https:\\\/\\\/x.com\\\/i\\\/flow\\\/login?redirect_after_login=immoinvest_ch\",\"https:\\\/\\\/www.instagram.com\\\/immoinvest_ch\\\/\",\"https:\\\/\\\/www.linkedin.com\\\/company\\\/immoinvest-swiss\"]},{\"@type\":\"Person\",\"@id\":\"https:\\\/\\\/www.immo-invest.ch\\\/fr\\\/author\\\/immovestuser\\\/#author\",\"url\":\"https:\\\/\\\/www.immo-invest.ch\\\/fr\\\/author\\\/immovestuser\\\/\",\"name\":\"immovestuser\",\"image\":{\"@type\":\"ImageObject\",\"@id\":\"https:\\\/\\\/www.immo-invest.ch\\\/fr\\\/investitionen-in-kreislaufwirtschaft-und-dekarbonisierung-staerken-co2-strategie\\\/#authorImage\",\"url\":\"https:\\\/\\\/secure.gravatar.com\\\/avatar\\\/8e01f4d99f2eeea7a362ebb93305e1172a70e9293ba250f897a65c39f54cdd1e?s=96&d=mm&r=g\",\"width\":96,\"height\":96,\"caption\":\"immovestuser\"}},{\"@type\":\"WebPage\",\"@id\":\"https:\\\/\\\/www.immo-invest.ch\\\/fr\\\/investitionen-in-kreislaufwirtschaft-und-dekarbonisierung-staerken-co2-strategie\\\/#webpage\",\"url\":\"https:\\\/\\\/www.immo-invest.ch\\\/fr\\\/investitionen-in-kreislaufwirtschaft-und-dekarbonisierung-staerken-co2-strategie\\\/\",\"name\":\"Les investissements dans l\\u2019\\u00e9conomie circulaire et la d\\u00e9carbonisation renforcent la strat\\u00e9gie carbone - immo!nvest - Die Plattform f\\u00fcr Standorte und Immobilien\",\"description\":\"Le projet de capture et de stockage de CO2 d'Holcim sur son site fran\\u00e7ais de Martres-Tolosane a \\u00e9t\\u00e9 s\\u00e9lectionn\\u00e9 pour b\\u00e9n\\u00e9ficier d'une subvention du Fonds europ\\u00e9en d'innovation. Avec ce septi\\u00e8me projet d'envergure financ\\u00e9 par l'UE, le fabricant de mat\\u00e9riaux de construction entend faire progresser le Green Deal.\",\"inLanguage\":\"fr-FR\",\"isPartOf\":{\"@id\":\"https:\\\/\\\/www.immo-invest.ch\\\/fr\\\/#website\"},\"breadcrumb\":{\"@id\":\"https:\\\/\\\/www.immo-invest.ch\\\/fr\\\/investitionen-in-kreislaufwirtschaft-und-dekarbonisierung-staerken-co2-strategie\\\/#breadcrumblist\"},\"author\":{\"@id\":\"https:\\\/\\\/www.immo-invest.ch\\\/fr\\\/author\\\/immovestuser\\\/#author\"},\"creator\":{\"@id\":\"https:\\\/\\\/www.immo-invest.ch\\\/fr\\\/author\\\/immovestuser\\\/#author\"},\"image\":{\"@type\":\"ImageObject\",\"url\":\"https:\\\/\\\/www.immo-invest.ch\\\/wp-content\\\/uploads\\\/2021\\\/03\\\/finanzen-8.jpg\",\"@id\":\"https:\\\/\\\/www.immo-invest.ch\\\/fr\\\/investitionen-in-kreislaufwirtschaft-und-dekarbonisierung-staerken-co2-strategie\\\/#mainImage\",\"width\":1200,\"height\":628},\"primaryImageOfPage\":{\"@id\":\"https:\\\/\\\/www.immo-invest.ch\\\/fr\\\/investitionen-in-kreislaufwirtschaft-und-dekarbonisierung-staerken-co2-strategie\\\/#mainImage\"},\"datePublished\":\"2024-11-01T16:00:00+01:00\",\"dateModified\":\"2024-10-28T13:31:18+01:00\"},{\"@type\":\"WebSite\",\"@id\":\"https:\\\/\\\/www.immo-invest.ch\\\/fr\\\/#website\",\"url\":\"https:\\\/\\\/www.immo-invest.ch\\\/fr\\\/\",\"name\":\"immo!nvest - Die Plattform f\\u00fcr Standorte und Immobilien\",\"description\":\"Die\\u00a0Plattform f\\u00fcr Standorte und Immobilien\",\"inLanguage\":\"fr-FR\",\"publisher\":{\"@id\":\"https:\\\/\\\/www.immo-invest.ch\\\/fr\\\/#organization\"}}]}\n\t\t<\/script>\n\t\t<!-- All in One SEO -->\n\n","aioseo_head_json":{"title":"Les investissements dans l\u2019\u00e9conomie circulaire et la d\u00e9carbonisation renforcent la strat\u00e9gie carbone - immo!nvest - Die Plattform f\u00fcr Standorte und Immobilien","description":"Le projet de capture et de stockage de CO2 d'Holcim sur son site fran\u00e7ais de Martres-Tolosane a \u00e9t\u00e9 s\u00e9lectionn\u00e9 pour b\u00e9n\u00e9ficier d'une subvention du Fonds europ\u00e9en d'innovation. Avec ce septi\u00e8me projet d'envergure financ\u00e9 par l'UE, le fabricant de mat\u00e9riaux de construction entend faire progresser le Green Deal.","canonical_url":"https:\/\/www.immo-invest.ch\/fr\/investitionen-in-kreislaufwirtschaft-und-dekarbonisierung-staerken-co2-strategie\/","robots":"max-image-preview:large","keywords":"","webmasterTools":{"google-site-verification":"fHJKvgWpZCR2zVBHWfkQeFXC11qieUSff0HGNYfuyLA","miscellaneous":""},"schema":{"@context":"https:\/\/schema.org","@graph":[{"@type":"BlogPosting","@id":"https:\/\/www.immo-invest.ch\/fr\/investitionen-in-kreislaufwirtschaft-und-dekarbonisierung-staerken-co2-strategie\/#blogposting","name":"Les investissements dans l\u2019\u00e9conomie circulaire et la d\u00e9carbonisation renforcent la strat\u00e9gie carbone - immo!nvest - Die Plattform f\u00fcr Standorte und Immobilien","headline":"Les investissements dans l&rsquo;\u00e9conomie circulaire et la d\u00e9carbonisation renforcent la strat\u00e9gie carbone","author":{"@id":"https:\/\/www.immo-invest.ch\/fr\/author\/immovestuser\/#author"},"publisher":{"@id":"https:\/\/www.immo-invest.ch\/fr\/#organization"},"image":{"@type":"ImageObject","url":"https:\/\/www.immo-invest.ch\/wp-content\/uploads\/2021\/03\/finanzen-8.jpg","width":1200,"height":628},"datePublished":"2024-11-01T16:00:00+01:00","dateModified":"2024-10-28T13:31:18+01:00","inLanguage":"fr-FR","mainEntityOfPage":{"@id":"https:\/\/www.immo-invest.ch\/fr\/investitionen-in-kreislaufwirtschaft-und-dekarbonisierung-staerken-co2-strategie\/#webpage"},"isPartOf":{"@id":"https:\/\/www.immo-invest.ch\/fr\/investitionen-in-kreislaufwirtschaft-und-dekarbonisierung-staerken-co2-strategie\/#webpage"},"articleSection":"Business, Entreprise, Global, immoNews, CO2-Abscheidung, Dekarbonisierung, F\u00f6rderung, Frankreich, immobilien, Immoinvest, immoNews, Industrie, Innovationsfonds, klimaschutz, Kreislaufwirtschaft, Nachhaltigkeit, News, Schweiz, Facultatif"},{"@type":"BreadcrumbList","@id":"https:\/\/www.immo-invest.ch\/fr\/investitionen-in-kreislaufwirtschaft-und-dekarbonisierung-staerken-co2-strategie\/#breadcrumblist","itemListElement":[{"@type":"ListItem","@id":"https:\/\/www.immo-invest.ch\/fr\/#listItem","position":1,"name":"Home","item":"https:\/\/www.immo-invest.ch\/fr\/","nextItem":{"@type":"ListItem","@id":"https:\/\/www.immo-invest.ch\/fr\/categories\/regions\/#listItem","name":"R\u00e9gions"}},{"@type":"ListItem","@id":"https:\/\/www.immo-invest.ch\/fr\/categories\/regions\/#listItem","position":2,"name":"R\u00e9gions","item":"https:\/\/www.immo-invest.ch\/fr\/categories\/regions\/","nextItem":{"@type":"ListItem","@id":"https:\/\/www.immo-invest.ch\/fr\/categories\/regions\/international\/#listItem","name":"International"},"previousItem":{"@type":"ListItem","@id":"https:\/\/www.immo-invest.ch\/fr\/#listItem","name":"Home"}},{"@type":"ListItem","@id":"https:\/\/www.immo-invest.ch\/fr\/categories\/regions\/international\/#listItem","position":3,"name":"International","item":"https:\/\/www.immo-invest.ch\/fr\/categories\/regions\/international\/","nextItem":{"@type":"ListItem","@id":"https:\/\/www.immo-invest.ch\/fr\/categories\/regions\/international\/international-fr\/#listItem","name":"Global"},"previousItem":{"@type":"ListItem","@id":"https:\/\/www.immo-invest.ch\/fr\/categories\/regions\/#listItem","name":"R\u00e9gions"}},{"@type":"ListItem","@id":"https:\/\/www.immo-invest.ch\/fr\/categories\/regions\/international\/international-fr\/#listItem","position":4,"name":"Global","item":"https:\/\/www.immo-invest.ch\/fr\/categories\/regions\/international\/international-fr\/","nextItem":{"@type":"ListItem","@id":"https:\/\/www.immo-invest.ch\/fr\/investitionen-in-kreislaufwirtschaft-und-dekarbonisierung-staerken-co2-strategie\/#listItem","name":"Les investissements dans l&rsquo;\u00e9conomie circulaire et la d\u00e9carbonisation renforcent la strat\u00e9gie carbone"},"previousItem":{"@type":"ListItem","@id":"https:\/\/www.immo-invest.ch\/fr\/categories\/regions\/international\/#listItem","name":"International"}},{"@type":"ListItem","@id":"https:\/\/www.immo-invest.ch\/fr\/investitionen-in-kreislaufwirtschaft-und-dekarbonisierung-staerken-co2-strategie\/#listItem","position":5,"name":"Les investissements dans l&rsquo;\u00e9conomie circulaire et la d\u00e9carbonisation renforcent la strat\u00e9gie carbone","previousItem":{"@type":"ListItem","@id":"https:\/\/www.immo-invest.ch\/fr\/categories\/regions\/international\/international-fr\/#listItem","name":"Global"}}]},{"@type":"Organization","@id":"https:\/\/www.immo-invest.ch\/fr\/#organization","name":"immo!nvest - Die Plattform f\u00fcr Standorte und Immobilien","description":"Die\u00a0Plattform f\u00fcr Standorte und Immobilien","url":"https:\/\/www.immo-invest.ch\/fr\/","email":"admin@immomedia.ag","telephone":"+41444420002","logo":{"@type":"ImageObject","url":"https:\/\/www.immo-invest.ch\/wp-content\/uploads\/2024\/09\/immoinvest_sm-scaled.jpg","@id":"https:\/\/www.immo-invest.ch\/fr\/investitionen-in-kreislaufwirtschaft-und-dekarbonisierung-staerken-co2-strategie\/#organizationLogo","width":2560,"height":1340},"image":{"@id":"https:\/\/www.immo-invest.ch\/fr\/investitionen-in-kreislaufwirtschaft-und-dekarbonisierung-staerken-co2-strategie\/#organizationLogo"},"sameAs":["https:\/\/www.facebook.com\/people\/Immoinvest\/100077962920504\/","https:\/\/x.com\/i\/flow\/login?redirect_after_login=immoinvest_ch","https:\/\/www.instagram.com\/immoinvest_ch\/","https:\/\/www.linkedin.com\/company\/immoinvest-swiss"]},{"@type":"Person","@id":"https:\/\/www.immo-invest.ch\/fr\/author\/immovestuser\/#author","url":"https:\/\/www.immo-invest.ch\/fr\/author\/immovestuser\/","name":"immovestuser","image":{"@type":"ImageObject","@id":"https:\/\/www.immo-invest.ch\/fr\/investitionen-in-kreislaufwirtschaft-und-dekarbonisierung-staerken-co2-strategie\/#authorImage","url":"https:\/\/secure.gravatar.com\/avatar\/8e01f4d99f2eeea7a362ebb93305e1172a70e9293ba250f897a65c39f54cdd1e?s=96&d=mm&r=g","width":96,"height":96,"caption":"immovestuser"}},{"@type":"WebPage","@id":"https:\/\/www.immo-invest.ch\/fr\/investitionen-in-kreislaufwirtschaft-und-dekarbonisierung-staerken-co2-strategie\/#webpage","url":"https:\/\/www.immo-invest.ch\/fr\/investitionen-in-kreislaufwirtschaft-und-dekarbonisierung-staerken-co2-strategie\/","name":"Les investissements dans l\u2019\u00e9conomie circulaire et la d\u00e9carbonisation renforcent la strat\u00e9gie carbone - immo!nvest - Die Plattform f\u00fcr Standorte und Immobilien","description":"Le projet de capture et de stockage de CO2 d'Holcim sur son site fran\u00e7ais de Martres-Tolosane a \u00e9t\u00e9 s\u00e9lectionn\u00e9 pour b\u00e9n\u00e9ficier d'une subvention du Fonds europ\u00e9en d'innovation. Avec ce septi\u00e8me projet d'envergure financ\u00e9 par l'UE, le fabricant de mat\u00e9riaux de construction entend faire progresser le Green Deal.","inLanguage":"fr-FR","isPartOf":{"@id":"https:\/\/www.immo-invest.ch\/fr\/#website"},"breadcrumb":{"@id":"https:\/\/www.immo-invest.ch\/fr\/investitionen-in-kreislaufwirtschaft-und-dekarbonisierung-staerken-co2-strategie\/#breadcrumblist"},"author":{"@id":"https:\/\/www.immo-invest.ch\/fr\/author\/immovestuser\/#author"},"creator":{"@id":"https:\/\/www.immo-invest.ch\/fr\/author\/immovestuser\/#author"},"image":{"@type":"ImageObject","url":"https:\/\/www.immo-invest.ch\/wp-content\/uploads\/2021\/03\/finanzen-8.jpg","@id":"https:\/\/www.immo-invest.ch\/fr\/investitionen-in-kreislaufwirtschaft-und-dekarbonisierung-staerken-co2-strategie\/#mainImage","width":1200,"height":628},"primaryImageOfPage":{"@id":"https:\/\/www.immo-invest.ch\/fr\/investitionen-in-kreislaufwirtschaft-und-dekarbonisierung-staerken-co2-strategie\/#mainImage"},"datePublished":"2024-11-01T16:00:00+01:00","dateModified":"2024-10-28T13:31:18+01:00"},{"@type":"WebSite","@id":"https:\/\/www.immo-invest.ch\/fr\/#website","url":"https:\/\/www.immo-invest.ch\/fr\/","name":"immo!nvest - Die Plattform f\u00fcr Standorte und Immobilien","description":"Die\u00a0Plattform f\u00fcr Standorte und Immobilien","inLanguage":"fr-FR","publisher":{"@id":"https:\/\/www.immo-invest.ch\/fr\/#organization"}}]},"og:locale":"fr_FR","og:site_name":"immo!nvest - Die Plattform f\u00fcr Standorte und Immobilien - Die\u00a0Plattform f\u00fcr Standorte und Immobilien","og:type":"article","og:title":"Les investissements dans l\u2019\u00e9conomie circulaire et la d\u00e9carbonisation renforcent la strat\u00e9gie carbone - immo!nvest - Die Plattform f\u00fcr Standorte und Immobilien","og:description":"Le projet de capture et de stockage de CO2 d'Holcim sur son site fran\u00e7ais de Martres-Tolosane a \u00e9t\u00e9 s\u00e9lectionn\u00e9 pour b\u00e9n\u00e9ficier d'une subvention du Fonds europ\u00e9en d'innovation. Avec ce septi\u00e8me projet d'envergure financ\u00e9 par l'UE, le fabricant de mat\u00e9riaux de construction entend faire progresser le Green Deal.","og:url":"https:\/\/www.immo-invest.ch\/fr\/investitionen-in-kreislaufwirtschaft-und-dekarbonisierung-staerken-co2-strategie\/","og:image":"https:\/\/www.immo-invest.ch\/wp-content\/uploads\/2021\/03\/finanzen-8.jpg","og:image:secure_url":"https:\/\/www.immo-invest.ch\/wp-content\/uploads\/2021\/03\/finanzen-8.jpg","og:image:width":1200,"og:image:height":628,"article:published_time":"2024-11-01T15:00:00+00:00","article:modified_time":"2024-10-28T12:31:18+00:00","article:publisher":"https:\/\/www.facebook.com\/people\/Immoinvest\/100077962920504\/","twitter:card":"summary_large_image","twitter:site":"@i","twitter:title":"Les investissements dans l\u2019\u00e9conomie circulaire et la d\u00e9carbonisation renforcent la strat\u00e9gie carbone - immo!nvest - Die Plattform f\u00fcr Standorte und Immobilien","twitter:description":"Le projet de capture et de stockage de CO2 d'Holcim sur son site fran\u00e7ais de Martres-Tolosane a \u00e9t\u00e9 s\u00e9lectionn\u00e9 pour b\u00e9n\u00e9ficier d'une subvention du Fonds europ\u00e9en d'innovation. Avec ce septi\u00e8me projet d'envergure financ\u00e9 par l'UE, le fabricant de mat\u00e9riaux de construction entend faire progresser le Green Deal.","twitter:creator":"@i","twitter:image":"https:\/\/www.immo-invest.ch\/wp-content\/uploads\/2021\/03\/finanzen-8.jpg"},"aioseo_meta_data":{"post_id":"118297","title":null,"description":null,"keywords":null,"keyphrases":{"focus":{"keyphrase":"","score":0,"analysis":{"keyphraseInTitle":{"score":0,"maxScore":9,"error":1}}},"additional":[]},"primary_term":null,"canonical_url":null,"og_title":null,"og_description":null,"og_object_type":"default","og_image_type":"default","og_image_url":null,"og_image_width":null,"og_image_height":null,"og_image_custom_url":null,"og_image_custom_fields":null,"og_video":"","og_custom_url":null,"og_article_section":null,"og_article_tags":null,"twitter_use_og":false,"twitter_card":"default","twitter_image_type":"default","twitter_image_url":null,"twitter_image_custom_url":null,"twitter_image_custom_fields":null,"twitter_title":null,"twitter_description":null,"schema":{"blockGraphs":[],"customGraphs":[],"default":{"data":{"Article":[],"Course":[],"Dataset":[],"FAQPage":[],"Movie":[],"Person":[],"Product":[],"ProductReview":[],"Car":[],"Recipe":[],"Service":[],"SoftwareApplication":[],"WebPage":[]},"graphName":"BlogPosting","isEnabled":true},"graphs":[]},"schema_type":"default","schema_type_options":null,"pillar_content":false,"robots_default":true,"robots_noindex":false,"robots_noarchive":false,"robots_nosnippet":false,"robots_nofollow":false,"robots_noimageindex":false,"robots_noodp":false,"robots_notranslate":false,"robots_max_snippet":"-1","robots_max_videopreview":"-1","robots_max_imagepreview":"large","priority":null,"frequency":"default","local_seo":null,"breadcrumb_settings":null,"limit_modified_date":false,"ai":null,"created":"2024-10-28 12:31:18","updated":"2025-10-24 12:12:13","seo_analyzer_scan_date":null,"focus_keyword":null,"additional_keywords":null,"truseo_locale":null},"aioseo_breadcrumb":"<div class=\"aioseo-breadcrumbs\"><span class=\"aioseo-breadcrumb\">\n\t\t\t<a href=\"https:\/\/www.immo-invest.ch\/fr\/\" title=\"Home\">Home<\/a>\n\t\t<\/span><span class=\"aioseo-breadcrumb-separator\">&raquo;<\/span><span class=\"aioseo-breadcrumb\">\n\t\t\t<a href=\"https:\/\/www.immo-invest.ch\/fr\/categories\/regions\/\" title=\"R\u00e9gions\">R\u00e9gions<\/a>\n\t\t<\/span><span class=\"aioseo-breadcrumb-separator\">&raquo;<\/span><span class=\"aioseo-breadcrumb\">\n\t\t\t<a href=\"https:\/\/www.immo-invest.ch\/fr\/categories\/regions\/international\/\" title=\"International\">International<\/a>\n\t\t<\/span><span class=\"aioseo-breadcrumb-separator\">&raquo;<\/span><span class=\"aioseo-breadcrumb\">\n\t\t\t<a href=\"https:\/\/www.immo-invest.ch\/fr\/categories\/regions\/international\/international-fr\/\" title=\"Global\">Global<\/a>\n\t\t<\/span><span class=\"aioseo-breadcrumb-separator\">&raquo;<\/span><span class=\"aioseo-breadcrumb\">\n\t\t\tLes investissements dans l\u2019\u00e9conomie circulaire et la d\u00e9carbonisation renforcent la strat\u00e9gie carbone\n\t\t<\/span><\/div>","aioseo_breadcrumb_json":[{"label":"Home","link":"https:\/\/www.immo-invest.ch\/fr\/"},{"label":"R\u00e9gions","link":"https:\/\/www.immo-invest.ch\/fr\/categories\/regions\/"},{"label":"International","link":"https:\/\/www.immo-invest.ch\/fr\/categories\/regions\/international\/"},{"label":"Global","link":"https:\/\/www.immo-invest.ch\/fr\/categories\/regions\/international\/international-fr\/"},{"label":"Les investissements dans l&rsquo;\u00e9conomie circulaire et la d\u00e9carbonisation renforcent la strat\u00e9gie carbone","link":"https:\/\/www.immo-invest.ch\/fr\/investitionen-in-kreislaufwirtschaft-und-dekarbonisierung-staerken-co2-strategie\/"}],"featured_image_src":"https:\/\/www.immo-invest.ch\/wp-content\/uploads\/2021\/03\/finanzen-8-150x150.jpg","_links":{"self":[{"href":"https:\/\/www.immo-invest.ch\/fr\/wp-json\/wp\/v2\/posts\/118297","targetHints":{"allow":["GET"]}}],"collection":[{"href":"https:\/\/www.immo-invest.ch\/fr\/wp-json\/wp\/v2\/posts"}],"about":[{"href":"https:\/\/www.immo-invest.ch\/fr\/wp-json\/wp\/v2\/types\/post"}],"author":[{"embeddable":true,"href":"https:\/\/www.immo-invest.ch\/fr\/wp-json\/wp\/v2\/users\/2"}],"replies":[{"embeddable":true,"href":"https:\/\/www.immo-invest.ch\/fr\/wp-json\/wp\/v2\/comments?post=118297"}],"version-history":[{"count":0,"href":"https:\/\/www.immo-invest.ch\/fr\/wp-json\/wp\/v2\/posts\/118297\/revisions"}],"wp:featuredmedia":[{"embeddable":true,"href":"https:\/\/www.immo-invest.ch\/fr\/wp-json\/wp\/v2\/media\/13765"}],"wp:attachment":[{"href":"https:\/\/www.immo-invest.ch\/fr\/wp-json\/wp\/v2\/media?parent=118297"}],"wp:term":[{"taxonomy":"category","embeddable":true,"href":"https:\/\/www.immo-invest.ch\/fr\/wp-json\/wp\/v2\/categories?post=118297"},{"taxonomy":"post_tag","embeddable":true,"href":"https:\/\/www.immo-invest.ch\/fr\/wp-json\/wp\/v2\/tags?post=118297"}],"curies":[{"name":"wp","href":"https:\/\/api.w.org\/{rel}","templated":true}]}}