{"id":118289,"date":"2024-11-01T12:00:00","date_gmt":"2024-11-01T11:00:00","guid":{"rendered":"https:\/\/www.immo-invest.ch\/?p=118289"},"modified":"2024-10-28T13:32:01","modified_gmt":"2024-10-28T12:32:01","slug":"kanton-luzern-stimmt-ueber-ausbau-der-erneuerbaren-ab","status":"publish","type":"post","link":"https:\/\/www.immo-invest.ch\/fr\/kanton-luzern-stimmt-ueber-ausbau-der-erneuerbaren-ab\/","title":{"rendered":"Le canton de Lucerne vote pour le d\u00e9veloppement des \u00e9nergies renouvelables"},"content":{"rendered":"<p class=\"bodytext\">Le 24 novembre, les &eacute;lecteurs se prononceront sur un projet de modification de la loi sur l&rsquo;am&eacute;nagement du territoire et la construction (PBG). Le <a href=\"https:\/\/www.lu.ch\/\" target=\"_blank\" rel=\"noopener\">canton de Lucerne<\/a> explique dans un <a href=\"https:\/\/news.lu.ch\/html_mail.jsp?params=15ZCzC7DrTgmsDRHwZ4dVaG1AaABamC8viIXd\/iFCE5lg5p81PA0k3IkCTf2\/ULW+n\/qKGs3MKV5QcGEKy3OInIaB0ILbqrEMr6OCSL0tF9tDGSKw8vZbfwHUuQmmIq5\" target=\"_blank\" rel=\"noopener\">communiqu&eacute;<\/a> que la modification de la PBG vise &agrave; acc&eacute;l&eacute;rer le d&eacute;veloppement des &eacute;nergies renouvelables. Plusieurs mesures du rapport de planification sur la politique climatique et &eacute;nerg&eacute;tique, dont le Parlement a pris connaissance et qu&rsquo;il a approuv&eacute; en 2022, n&eacute;cessiteraient ces modifications de la PBG. Par exemple, lors de la construction de parkings, il faudrait &agrave; l&rsquo;avenir pr&eacute;voir directement des bornes de recharge pour les voitures &eacute;lectriques. Le groupe UDC a rejet&eacute; ces modifications car, selon lui, la production d&rsquo;&eacute;lectricit&eacute; renouvelable doit &ecirc;tre volontaire et &laquo;&nbsp;ne doit pas &ecirc;tre impos&eacute;e par des r&eacute;glementations&nbsp;&raquo;. En revanche, les groupes du centre, du PRD, du PS, des Verts et du PVL ont approuv&eacute; la proposition du Conseil d&rsquo;Etat. Le Grand Conseil a &eacute;galement approuv&eacute; les modifications de la PBG par 83 voix contre 27. Un r&eacute;f&eacute;rendum ayant &eacute;t&eacute; lanc&eacute; par un comit&eacute;, la votation populaire aura lieu le 24 novembre.<\/p>\n<p class=\"bodytext\">Le Conseil d&rsquo;Etat recommande aux &eacute;lecteurs d&rsquo;accepter les modifications. &laquo;&nbsp;Nous d&eacute;pensons encore trop d&rsquo;argent dans l&rsquo;importation d&rsquo;&eacute;nergies fossiles de l&rsquo;&eacute;tranger. En investissant dans nos &eacute;nergies renouvelables locales, nous nous lib&eacute;rons de notre d&eacute;pendance vis-&agrave;-vis de l&rsquo;&eacute;tranger et g&eacute;n&eacute;rons encore plus de valeur ajout&eacute;e sur place&nbsp;&raquo;, d&eacute;clare Fabian Peter, le conseiller d&rsquo;Etat responsable de la modification de la loi, cit&eacute; dans le communiqu&eacute;.<\/p>\n","protected":false},"excerpt":{"rendered":"<p>Le canton de Lucerne veut acc\u00e9l\u00e9rer le d\u00e9veloppement des \u00e9nergies renouvelables. Pour cela, la loi sur la planification et la construction doit \u00eatre modifi\u00e9e. Les \u00e9lecteurs seront appel\u00e9s \u00e0 se prononcer sur cette modification le 24 novembre prochain.<\/p>\n","protected":false},"author":2,"featured_media":111460,"comment_status":"open","ping_status":"open","sticky":false,"template":"","format":"standard","meta":{"pmpro_default_level":"","inline_featured_image":false,"_monsterinsights_skip_tracking":false,"footnotes":""},"categories":[22699,8747,743,8736],"tags":[],"class_list":["post-118289","post","type-post","status-publish","format-standard","has-post-thumbnail","hentry","category-durabilite","category-energie","category-immonews-fr","category-region-zug","pmpro-has-access"],"acf":{"bild_mit_ki_erstellt_worden":[],"lead":"Le canton de Lucerne veut acc\u00e9l\u00e9rer le d\u00e9veloppement des \u00e9nergies renouvelables. Pour cela, la loi sur la planification et la construction doit \u00eatre modifi\u00e9e. Les \u00e9lecteurs seront appel\u00e9s \u00e0 se prononcer sur cette modification le 24 novembre prochain.","autor":"ce\/ww","ort":"Luzern ","bildunterschrift":"","bild_im_grid":false,"gallerie":"","newsim":""},"aioseo_notices":[],"aioseo_head":"\n\t\t<!-- All in One SEO 5.0.0.1 - aioseo.com -->\n\t<meta name=\"description\" content=\"Le canton de Lucerne veut acc\u00e9l\u00e9rer le d\u00e9veloppement des \u00e9nergies renouvelables. Pour cela, la loi sur la planification et la construction doit \u00eatre modifi\u00e9e. Les \u00e9lecteurs seront appel\u00e9s \u00e0 se prononcer sur cette modification le 24 novembre prochain.\" \/>\n\t<meta name=\"robots\" content=\"max-image-preview:large\" \/>\n\t<meta name=\"author\" content=\"immovestuser\"\/>\n\t<meta name=\"google-site-verification\" content=\"fHJKvgWpZCR2zVBHWfkQeFXC11qieUSff0HGNYfuyLA\" \/>\n\t<link rel=\"canonical\" href=\"https:\/\/www.immo-invest.ch\/fr\/kanton-luzern-stimmt-ueber-ausbau-der-erneuerbaren-ab\/\" \/>\n\t<meta name=\"generator\" content=\"All in One SEO (AIOSEO) 5.0.0.1\" \/>\n\t\t<meta property=\"og:locale\" content=\"fr_FR\" \/>\n\t\t<meta property=\"og:site_name\" content=\"immo!nvest - Die Plattform f\u00fcr Standorte und Immobilien - Die\u00a0Plattform f\u00fcr Standorte und Immobilien\" \/>\n\t\t<meta property=\"og:type\" content=\"article\" \/>\n\t\t<meta property=\"og:title\" content=\"Le canton de Lucerne vote pour le d\u00e9veloppement des \u00e9nergies renouvelables - immo!nvest - Die Plattform f\u00fcr Standorte und Immobilien\" \/>\n\t\t<meta property=\"og:description\" content=\"Le canton de Lucerne veut acc\u00e9l\u00e9rer le d\u00e9veloppement des \u00e9nergies renouvelables. Pour cela, la loi sur la planification et la construction doit \u00eatre modifi\u00e9e. Les \u00e9lecteurs seront appel\u00e9s \u00e0 se prononcer sur cette modification le 24 novembre prochain.\" \/>\n\t\t<meta property=\"og:url\" content=\"https:\/\/www.immo-invest.ch\/fr\/kanton-luzern-stimmt-ueber-ausbau-der-erneuerbaren-ab\/\" \/>\n\t\t<meta property=\"og:image\" content=\"https:\/\/www.immo-invest.ch\/wp-content\/uploads\/2024\/08\/unsplash_luzern-scaled.jpg\" \/>\n\t\t<meta property=\"og:image:secure_url\" content=\"https:\/\/www.immo-invest.ch\/wp-content\/uploads\/2024\/08\/unsplash_luzern-scaled.jpg\" \/>\n\t\t<meta property=\"og:image:width\" content=\"2560\" \/>\n\t\t<meta property=\"og:image:height\" content=\"1707\" \/>\n\t\t<meta property=\"article:published_time\" content=\"2024-11-01T11:00:00+00:00\" \/>\n\t\t<meta property=\"article:modified_time\" content=\"2024-10-28T12:32:01+00:00\" \/>\n\t\t<meta property=\"article:publisher\" content=\"https:\/\/www.facebook.com\/people\/Immoinvest\/100077962920504\/\" \/>\n\t\t<meta name=\"twitter:card\" content=\"summary_large_image\" \/>\n\t\t<meta name=\"twitter:site\" content=\"@i\" \/>\n\t\t<meta name=\"twitter:title\" content=\"Le canton de Lucerne vote pour le d\u00e9veloppement des \u00e9nergies renouvelables - immo!nvest - Die Plattform f\u00fcr Standorte und Immobilien\" \/>\n\t\t<meta name=\"twitter:description\" content=\"Le canton de Lucerne veut acc\u00e9l\u00e9rer le d\u00e9veloppement des \u00e9nergies renouvelables. Pour cela, la loi sur la planification et la construction doit \u00eatre modifi\u00e9e. Les \u00e9lecteurs seront appel\u00e9s \u00e0 se prononcer sur cette modification le 24 novembre prochain.\" \/>\n\t\t<meta name=\"twitter:creator\" content=\"@i\" \/>\n\t\t<meta name=\"twitter:image\" content=\"https:\/\/www.immo-invest.ch\/wp-content\/uploads\/2024\/08\/unsplash_luzern-scaled.jpg\" \/>\n\t\t<script type=\"application\/ld+json\" class=\"aioseo-schema\">\n\t\t\t{\"@context\":\"https:\\\/\\\/schema.org\",\"@graph\":[{\"@type\":\"BlogPosting\",\"@id\":\"https:\\\/\\\/www.immo-invest.ch\\\/fr\\\/kanton-luzern-stimmt-ueber-ausbau-der-erneuerbaren-ab\\\/#blogposting\",\"name\":\"Le canton de Lucerne vote pour le d\\u00e9veloppement des \\u00e9nergies renouvelables - immo!nvest - Die Plattform f\\u00fcr Standorte und Immobilien\",\"headline\":\"Le canton de Lucerne vote pour le d\\u00e9veloppement des \\u00e9nergies renouvelables\",\"author\":{\"@id\":\"https:\\\/\\\/www.immo-invest.ch\\\/fr\\\/author\\\/immovestuser\\\/#author\"},\"publisher\":{\"@id\":\"https:\\\/\\\/www.immo-invest.ch\\\/fr\\\/#organization\"},\"image\":{\"@type\":\"ImageObject\",\"url\":\"https:\\\/\\\/www.immo-invest.ch\\\/wp-content\\\/uploads\\\/2024\\\/08\\\/unsplash_luzern-scaled.jpg\",\"width\":2560,\"height\":1707},\"datePublished\":\"2024-11-01T12:00:00+01:00\",\"dateModified\":\"2024-10-28T13:32:01+01:00\",\"inLanguage\":\"fr-FR\",\"mainEntityOfPage\":{\"@id\":\"https:\\\/\\\/www.immo-invest.ch\\\/fr\\\/kanton-luzern-stimmt-ueber-ausbau-der-erneuerbaren-ab\\\/#webpage\"},\"isPartOf\":{\"@id\":\"https:\\\/\\\/www.immo-invest.ch\\\/fr\\\/kanton-luzern-stimmt-ueber-ausbau-der-erneuerbaren-ab\\\/#webpage\"},\"articleSection\":\"Durabilit\\u00e9, \\u00c9nergie, immoNews, Zug, Facultatif\"},{\"@type\":\"BreadcrumbList\",\"@id\":\"https:\\\/\\\/www.immo-invest.ch\\\/fr\\\/kanton-luzern-stimmt-ueber-ausbau-der-erneuerbaren-ab\\\/#breadcrumblist\",\"itemListElement\":[{\"@type\":\"ListItem\",\"@id\":\"https:\\\/\\\/www.immo-invest.ch\\\/fr\\\/#listItem\",\"position\":1,\"name\":\"Home\",\"item\":\"https:\\\/\\\/www.immo-invest.ch\\\/fr\\\/\",\"nextItem\":{\"@type\":\"ListItem\",\"@id\":\"https:\\\/\\\/www.immo-invest.ch\\\/fr\\\/categories\\\/regions\\\/#listItem\",\"name\":\"R\\u00e9gions\"}},{\"@type\":\"ListItem\",\"@id\":\"https:\\\/\\\/www.immo-invest.ch\\\/fr\\\/categories\\\/regions\\\/#listItem\",\"position\":2,\"name\":\"R\\u00e9gions\",\"item\":\"https:\\\/\\\/www.immo-invest.ch\\\/fr\\\/categories\\\/regions\\\/\",\"nextItem\":{\"@type\":\"ListItem\",\"@id\":\"https:\\\/\\\/www.immo-invest.ch\\\/fr\\\/categories\\\/regions\\\/suisse\\\/#listItem\",\"name\":\"Suisse\"},\"previousItem\":{\"@type\":\"ListItem\",\"@id\":\"https:\\\/\\\/www.immo-invest.ch\\\/fr\\\/#listItem\",\"name\":\"Home\"}},{\"@type\":\"ListItem\",\"@id\":\"https:\\\/\\\/www.immo-invest.ch\\\/fr\\\/categories\\\/regions\\\/suisse\\\/#listItem\",\"position\":3,\"name\":\"Suisse\",\"item\":\"https:\\\/\\\/www.immo-invest.ch\\\/fr\\\/categories\\\/regions\\\/suisse\\\/\",\"nextItem\":{\"@type\":\"ListItem\",\"@id\":\"https:\\\/\\\/www.immo-invest.ch\\\/fr\\\/categories\\\/regions\\\/suisse\\\/region-zentralschweiz\\\/#listItem\",\"name\":\"Zentralschweiz\"},\"previousItem\":{\"@type\":\"ListItem\",\"@id\":\"https:\\\/\\\/www.immo-invest.ch\\\/fr\\\/categories\\\/regions\\\/#listItem\",\"name\":\"R\\u00e9gions\"}},{\"@type\":\"ListItem\",\"@id\":\"https:\\\/\\\/www.immo-invest.ch\\\/fr\\\/categories\\\/regions\\\/suisse\\\/region-zentralschweiz\\\/#listItem\",\"position\":4,\"name\":\"Zentralschweiz\",\"item\":\"https:\\\/\\\/www.immo-invest.ch\\\/fr\\\/categories\\\/regions\\\/suisse\\\/region-zentralschweiz\\\/\",\"nextItem\":{\"@type\":\"ListItem\",\"@id\":\"https:\\\/\\\/www.immo-invest.ch\\\/fr\\\/categories\\\/regions\\\/suisse\\\/region-zentralschweiz\\\/region-zug\\\/#listItem\",\"name\":\"Zug\"},\"previousItem\":{\"@type\":\"ListItem\",\"@id\":\"https:\\\/\\\/www.immo-invest.ch\\\/fr\\\/categories\\\/regions\\\/suisse\\\/#listItem\",\"name\":\"Suisse\"}},{\"@type\":\"ListItem\",\"@id\":\"https:\\\/\\\/www.immo-invest.ch\\\/fr\\\/categories\\\/regions\\\/suisse\\\/region-zentralschweiz\\\/region-zug\\\/#listItem\",\"position\":5,\"name\":\"Zug\",\"item\":\"https:\\\/\\\/www.immo-invest.ch\\\/fr\\\/categories\\\/regions\\\/suisse\\\/region-zentralschweiz\\\/region-zug\\\/\",\"nextItem\":{\"@type\":\"ListItem\",\"@id\":\"https:\\\/\\\/www.immo-invest.ch\\\/fr\\\/kanton-luzern-stimmt-ueber-ausbau-der-erneuerbaren-ab\\\/#listItem\",\"name\":\"Le canton de Lucerne vote pour le d\\u00e9veloppement des \\u00e9nergies renouvelables\"},\"previousItem\":{\"@type\":\"ListItem\",\"@id\":\"https:\\\/\\\/www.immo-invest.ch\\\/fr\\\/categories\\\/regions\\\/suisse\\\/region-zentralschweiz\\\/#listItem\",\"name\":\"Zentralschweiz\"}},{\"@type\":\"ListItem\",\"@id\":\"https:\\\/\\\/www.immo-invest.ch\\\/fr\\\/kanton-luzern-stimmt-ueber-ausbau-der-erneuerbaren-ab\\\/#listItem\",\"position\":6,\"name\":\"Le canton de Lucerne vote pour le d\\u00e9veloppement des \\u00e9nergies renouvelables\",\"previousItem\":{\"@type\":\"ListItem\",\"@id\":\"https:\\\/\\\/www.immo-invest.ch\\\/fr\\\/categories\\\/regions\\\/suisse\\\/region-zentralschweiz\\\/region-zug\\\/#listItem\",\"name\":\"Zug\"}}]},{\"@type\":\"Organization\",\"@id\":\"https:\\\/\\\/www.immo-invest.ch\\\/fr\\\/#organization\",\"name\":\"immo!nvest - Die Plattform f\\u00fcr Standorte und Immobilien\",\"description\":\"Die\\u00a0Plattform f\\u00fcr Standorte und Immobilien\",\"url\":\"https:\\\/\\\/www.immo-invest.ch\\\/fr\\\/\",\"email\":\"admin@immomedia.ag\",\"telephone\":\"+41444420002\",\"logo\":{\"@type\":\"ImageObject\",\"url\":\"https:\\\/\\\/www.immo-invest.ch\\\/wp-content\\\/uploads\\\/2024\\\/09\\\/immoinvest_sm-scaled.jpg\",\"@id\":\"https:\\\/\\\/www.immo-invest.ch\\\/fr\\\/kanton-luzern-stimmt-ueber-ausbau-der-erneuerbaren-ab\\\/#organizationLogo\",\"width\":2560,\"height\":1340},\"image\":{\"@id\":\"https:\\\/\\\/www.immo-invest.ch\\\/fr\\\/kanton-luzern-stimmt-ueber-ausbau-der-erneuerbaren-ab\\\/#organizationLogo\"},\"sameAs\":[\"https:\\\/\\\/www.facebook.com\\\/people\\\/Immoinvest\\\/100077962920504\\\/\",\"https:\\\/\\\/x.com\\\/i\\\/flow\\\/login?redirect_after_login=immoinvest_ch\",\"https:\\\/\\\/www.instagram.com\\\/immoinvest_ch\\\/\",\"https:\\\/\\\/www.linkedin.com\\\/company\\\/immoinvest-swiss\"]},{\"@type\":\"Person\",\"@id\":\"https:\\\/\\\/www.immo-invest.ch\\\/fr\\\/author\\\/immovestuser\\\/#author\",\"url\":\"https:\\\/\\\/www.immo-invest.ch\\\/fr\\\/author\\\/immovestuser\\\/\",\"name\":\"immovestuser\",\"image\":{\"@type\":\"ImageObject\",\"@id\":\"https:\\\/\\\/www.immo-invest.ch\\\/fr\\\/kanton-luzern-stimmt-ueber-ausbau-der-erneuerbaren-ab\\\/#authorImage\",\"url\":\"https:\\\/\\\/secure.gravatar.com\\\/avatar\\\/8e01f4d99f2eeea7a362ebb93305e1172a70e9293ba250f897a65c39f54cdd1e?s=96&d=mm&r=g\",\"width\":96,\"height\":96,\"caption\":\"immovestuser\"}},{\"@type\":\"WebPage\",\"@id\":\"https:\\\/\\\/www.immo-invest.ch\\\/fr\\\/kanton-luzern-stimmt-ueber-ausbau-der-erneuerbaren-ab\\\/#webpage\",\"url\":\"https:\\\/\\\/www.immo-invest.ch\\\/fr\\\/kanton-luzern-stimmt-ueber-ausbau-der-erneuerbaren-ab\\\/\",\"name\":\"Le canton de Lucerne vote pour le d\\u00e9veloppement des \\u00e9nergies renouvelables - immo!nvest - Die Plattform f\\u00fcr Standorte und Immobilien\",\"description\":\"Le canton de Lucerne veut acc\\u00e9l\\u00e9rer le d\\u00e9veloppement des \\u00e9nergies renouvelables. Pour cela, la loi sur la planification et la construction doit \\u00eatre modifi\\u00e9e. Les \\u00e9lecteurs seront appel\\u00e9s \\u00e0 se prononcer sur cette modification le 24 novembre prochain.\",\"inLanguage\":\"fr-FR\",\"isPartOf\":{\"@id\":\"https:\\\/\\\/www.immo-invest.ch\\\/fr\\\/#website\"},\"breadcrumb\":{\"@id\":\"https:\\\/\\\/www.immo-invest.ch\\\/fr\\\/kanton-luzern-stimmt-ueber-ausbau-der-erneuerbaren-ab\\\/#breadcrumblist\"},\"author\":{\"@id\":\"https:\\\/\\\/www.immo-invest.ch\\\/fr\\\/author\\\/immovestuser\\\/#author\"},\"creator\":{\"@id\":\"https:\\\/\\\/www.immo-invest.ch\\\/fr\\\/author\\\/immovestuser\\\/#author\"},\"image\":{\"@type\":\"ImageObject\",\"url\":\"https:\\\/\\\/www.immo-invest.ch\\\/wp-content\\\/uploads\\\/2024\\\/08\\\/unsplash_luzern-scaled.jpg\",\"@id\":\"https:\\\/\\\/www.immo-invest.ch\\\/fr\\\/kanton-luzern-stimmt-ueber-ausbau-der-erneuerbaren-ab\\\/#mainImage\",\"width\":2560,\"height\":1707},\"primaryImageOfPage\":{\"@id\":\"https:\\\/\\\/www.immo-invest.ch\\\/fr\\\/kanton-luzern-stimmt-ueber-ausbau-der-erneuerbaren-ab\\\/#mainImage\"},\"datePublished\":\"2024-11-01T12:00:00+01:00\",\"dateModified\":\"2024-10-28T13:32:01+01:00\"},{\"@type\":\"WebSite\",\"@id\":\"https:\\\/\\\/www.immo-invest.ch\\\/fr\\\/#website\",\"url\":\"https:\\\/\\\/www.immo-invest.ch\\\/fr\\\/\",\"name\":\"immo!nvest - Die Plattform f\\u00fcr Standorte und Immobilien\",\"description\":\"Die\\u00a0Plattform f\\u00fcr Standorte und Immobilien\",\"inLanguage\":\"fr-FR\",\"publisher\":{\"@id\":\"https:\\\/\\\/www.immo-invest.ch\\\/fr\\\/#organization\"}}]}\n\t\t<\/script>\n\t\t<!-- All in One SEO -->\n\n","aioseo_head_json":{"title":"Le canton de Lucerne vote pour le d\u00e9veloppement des \u00e9nergies renouvelables - immo!nvest - Die Plattform f\u00fcr Standorte und Immobilien","description":"Le canton de Lucerne veut acc\u00e9l\u00e9rer le d\u00e9veloppement des \u00e9nergies renouvelables. Pour cela, la loi sur la planification et la construction doit \u00eatre modifi\u00e9e. Les \u00e9lecteurs seront appel\u00e9s \u00e0 se prononcer sur cette modification le 24 novembre prochain.","canonical_url":"https:\/\/www.immo-invest.ch\/fr\/kanton-luzern-stimmt-ueber-ausbau-der-erneuerbaren-ab\/","robots":"max-image-preview:large","keywords":"","webmasterTools":{"google-site-verification":"fHJKvgWpZCR2zVBHWfkQeFXC11qieUSff0HGNYfuyLA","miscellaneous":""},"schema":{"@context":"https:\/\/schema.org","@graph":[{"@type":"BlogPosting","@id":"https:\/\/www.immo-invest.ch\/fr\/kanton-luzern-stimmt-ueber-ausbau-der-erneuerbaren-ab\/#blogposting","name":"Le canton de Lucerne vote pour le d\u00e9veloppement des \u00e9nergies renouvelables - immo!nvest - Die Plattform f\u00fcr Standorte und Immobilien","headline":"Le canton de Lucerne vote pour le d\u00e9veloppement des \u00e9nergies renouvelables","author":{"@id":"https:\/\/www.immo-invest.ch\/fr\/author\/immovestuser\/#author"},"publisher":{"@id":"https:\/\/www.immo-invest.ch\/fr\/#organization"},"image":{"@type":"ImageObject","url":"https:\/\/www.immo-invest.ch\/wp-content\/uploads\/2024\/08\/unsplash_luzern-scaled.jpg","width":2560,"height":1707},"datePublished":"2024-11-01T12:00:00+01:00","dateModified":"2024-10-28T13:32:01+01:00","inLanguage":"fr-FR","mainEntityOfPage":{"@id":"https:\/\/www.immo-invest.ch\/fr\/kanton-luzern-stimmt-ueber-ausbau-der-erneuerbaren-ab\/#webpage"},"isPartOf":{"@id":"https:\/\/www.immo-invest.ch\/fr\/kanton-luzern-stimmt-ueber-ausbau-der-erneuerbaren-ab\/#webpage"},"articleSection":"Durabilit\u00e9, \u00c9nergie, immoNews, Zug, Facultatif"},{"@type":"BreadcrumbList","@id":"https:\/\/www.immo-invest.ch\/fr\/kanton-luzern-stimmt-ueber-ausbau-der-erneuerbaren-ab\/#breadcrumblist","itemListElement":[{"@type":"ListItem","@id":"https:\/\/www.immo-invest.ch\/fr\/#listItem","position":1,"name":"Home","item":"https:\/\/www.immo-invest.ch\/fr\/","nextItem":{"@type":"ListItem","@id":"https:\/\/www.immo-invest.ch\/fr\/categories\/regions\/#listItem","name":"R\u00e9gions"}},{"@type":"ListItem","@id":"https:\/\/www.immo-invest.ch\/fr\/categories\/regions\/#listItem","position":2,"name":"R\u00e9gions","item":"https:\/\/www.immo-invest.ch\/fr\/categories\/regions\/","nextItem":{"@type":"ListItem","@id":"https:\/\/www.immo-invest.ch\/fr\/categories\/regions\/suisse\/#listItem","name":"Suisse"},"previousItem":{"@type":"ListItem","@id":"https:\/\/www.immo-invest.ch\/fr\/#listItem","name":"Home"}},{"@type":"ListItem","@id":"https:\/\/www.immo-invest.ch\/fr\/categories\/regions\/suisse\/#listItem","position":3,"name":"Suisse","item":"https:\/\/www.immo-invest.ch\/fr\/categories\/regions\/suisse\/","nextItem":{"@type":"ListItem","@id":"https:\/\/www.immo-invest.ch\/fr\/categories\/regions\/suisse\/region-zentralschweiz\/#listItem","name":"Zentralschweiz"},"previousItem":{"@type":"ListItem","@id":"https:\/\/www.immo-invest.ch\/fr\/categories\/regions\/#listItem","name":"R\u00e9gions"}},{"@type":"ListItem","@id":"https:\/\/www.immo-invest.ch\/fr\/categories\/regions\/suisse\/region-zentralschweiz\/#listItem","position":4,"name":"Zentralschweiz","item":"https:\/\/www.immo-invest.ch\/fr\/categories\/regions\/suisse\/region-zentralschweiz\/","nextItem":{"@type":"ListItem","@id":"https:\/\/www.immo-invest.ch\/fr\/categories\/regions\/suisse\/region-zentralschweiz\/region-zug\/#listItem","name":"Zug"},"previousItem":{"@type":"ListItem","@id":"https:\/\/www.immo-invest.ch\/fr\/categories\/regions\/suisse\/#listItem","name":"Suisse"}},{"@type":"ListItem","@id":"https:\/\/www.immo-invest.ch\/fr\/categories\/regions\/suisse\/region-zentralschweiz\/region-zug\/#listItem","position":5,"name":"Zug","item":"https:\/\/www.immo-invest.ch\/fr\/categories\/regions\/suisse\/region-zentralschweiz\/region-zug\/","nextItem":{"@type":"ListItem","@id":"https:\/\/www.immo-invest.ch\/fr\/kanton-luzern-stimmt-ueber-ausbau-der-erneuerbaren-ab\/#listItem","name":"Le canton de Lucerne vote pour le d\u00e9veloppement des \u00e9nergies renouvelables"},"previousItem":{"@type":"ListItem","@id":"https:\/\/www.immo-invest.ch\/fr\/categories\/regions\/suisse\/region-zentralschweiz\/#listItem","name":"Zentralschweiz"}},{"@type":"ListItem","@id":"https:\/\/www.immo-invest.ch\/fr\/kanton-luzern-stimmt-ueber-ausbau-der-erneuerbaren-ab\/#listItem","position":6,"name":"Le canton de Lucerne vote pour le d\u00e9veloppement des \u00e9nergies renouvelables","previousItem":{"@type":"ListItem","@id":"https:\/\/www.immo-invest.ch\/fr\/categories\/regions\/suisse\/region-zentralschweiz\/region-zug\/#listItem","name":"Zug"}}]},{"@type":"Organization","@id":"https:\/\/www.immo-invest.ch\/fr\/#organization","name":"immo!nvest - Die Plattform f\u00fcr Standorte und Immobilien","description":"Die\u00a0Plattform f\u00fcr Standorte und Immobilien","url":"https:\/\/www.immo-invest.ch\/fr\/","email":"admin@immomedia.ag","telephone":"+41444420002","logo":{"@type":"ImageObject","url":"https:\/\/www.immo-invest.ch\/wp-content\/uploads\/2024\/09\/immoinvest_sm-scaled.jpg","@id":"https:\/\/www.immo-invest.ch\/fr\/kanton-luzern-stimmt-ueber-ausbau-der-erneuerbaren-ab\/#organizationLogo","width":2560,"height":1340},"image":{"@id":"https:\/\/www.immo-invest.ch\/fr\/kanton-luzern-stimmt-ueber-ausbau-der-erneuerbaren-ab\/#organizationLogo"},"sameAs":["https:\/\/www.facebook.com\/people\/Immoinvest\/100077962920504\/","https:\/\/x.com\/i\/flow\/login?redirect_after_login=immoinvest_ch","https:\/\/www.instagram.com\/immoinvest_ch\/","https:\/\/www.linkedin.com\/company\/immoinvest-swiss"]},{"@type":"Person","@id":"https:\/\/www.immo-invest.ch\/fr\/author\/immovestuser\/#author","url":"https:\/\/www.immo-invest.ch\/fr\/author\/immovestuser\/","name":"immovestuser","image":{"@type":"ImageObject","@id":"https:\/\/www.immo-invest.ch\/fr\/kanton-luzern-stimmt-ueber-ausbau-der-erneuerbaren-ab\/#authorImage","url":"https:\/\/secure.gravatar.com\/avatar\/8e01f4d99f2eeea7a362ebb93305e1172a70e9293ba250f897a65c39f54cdd1e?s=96&d=mm&r=g","width":96,"height":96,"caption":"immovestuser"}},{"@type":"WebPage","@id":"https:\/\/www.immo-invest.ch\/fr\/kanton-luzern-stimmt-ueber-ausbau-der-erneuerbaren-ab\/#webpage","url":"https:\/\/www.immo-invest.ch\/fr\/kanton-luzern-stimmt-ueber-ausbau-der-erneuerbaren-ab\/","name":"Le canton de Lucerne vote pour le d\u00e9veloppement des \u00e9nergies renouvelables - immo!nvest - Die Plattform f\u00fcr Standorte und Immobilien","description":"Le canton de Lucerne veut acc\u00e9l\u00e9rer le d\u00e9veloppement des \u00e9nergies renouvelables. Pour cela, la loi sur la planification et la construction doit \u00eatre modifi\u00e9e. Les \u00e9lecteurs seront appel\u00e9s \u00e0 se prononcer sur cette modification le 24 novembre prochain.","inLanguage":"fr-FR","isPartOf":{"@id":"https:\/\/www.immo-invest.ch\/fr\/#website"},"breadcrumb":{"@id":"https:\/\/www.immo-invest.ch\/fr\/kanton-luzern-stimmt-ueber-ausbau-der-erneuerbaren-ab\/#breadcrumblist"},"author":{"@id":"https:\/\/www.immo-invest.ch\/fr\/author\/immovestuser\/#author"},"creator":{"@id":"https:\/\/www.immo-invest.ch\/fr\/author\/immovestuser\/#author"},"image":{"@type":"ImageObject","url":"https:\/\/www.immo-invest.ch\/wp-content\/uploads\/2024\/08\/unsplash_luzern-scaled.jpg","@id":"https:\/\/www.immo-invest.ch\/fr\/kanton-luzern-stimmt-ueber-ausbau-der-erneuerbaren-ab\/#mainImage","width":2560,"height":1707},"primaryImageOfPage":{"@id":"https:\/\/www.immo-invest.ch\/fr\/kanton-luzern-stimmt-ueber-ausbau-der-erneuerbaren-ab\/#mainImage"},"datePublished":"2024-11-01T12:00:00+01:00","dateModified":"2024-10-28T13:32:01+01:00"},{"@type":"WebSite","@id":"https:\/\/www.immo-invest.ch\/fr\/#website","url":"https:\/\/www.immo-invest.ch\/fr\/","name":"immo!nvest - Die Plattform f\u00fcr Standorte und Immobilien","description":"Die\u00a0Plattform f\u00fcr Standorte und Immobilien","inLanguage":"fr-FR","publisher":{"@id":"https:\/\/www.immo-invest.ch\/fr\/#organization"}}]},"og:locale":"fr_FR","og:site_name":"immo!nvest - Die Plattform f\u00fcr Standorte und Immobilien - Die\u00a0Plattform f\u00fcr Standorte und Immobilien","og:type":"article","og:title":"Le canton de Lucerne vote pour le d\u00e9veloppement des \u00e9nergies renouvelables - immo!nvest - Die Plattform f\u00fcr Standorte und Immobilien","og:description":"Le canton de Lucerne veut acc\u00e9l\u00e9rer le d\u00e9veloppement des \u00e9nergies renouvelables. Pour cela, la loi sur la planification et la construction doit \u00eatre modifi\u00e9e. Les \u00e9lecteurs seront appel\u00e9s \u00e0 se prononcer sur cette modification le 24 novembre prochain.","og:url":"https:\/\/www.immo-invest.ch\/fr\/kanton-luzern-stimmt-ueber-ausbau-der-erneuerbaren-ab\/","og:image":"https:\/\/www.immo-invest.ch\/wp-content\/uploads\/2024\/08\/unsplash_luzern-scaled.jpg","og:image:secure_url":"https:\/\/www.immo-invest.ch\/wp-content\/uploads\/2024\/08\/unsplash_luzern-scaled.jpg","og:image:width":2560,"og:image:height":1707,"article:published_time":"2024-11-01T11:00:00+00:00","article:modified_time":"2024-10-28T12:32:01+00:00","article:publisher":"https:\/\/www.facebook.com\/people\/Immoinvest\/100077962920504\/","twitter:card":"summary_large_image","twitter:site":"@i","twitter:title":"Le canton de Lucerne vote pour le d\u00e9veloppement des \u00e9nergies renouvelables - immo!nvest - Die Plattform f\u00fcr Standorte und Immobilien","twitter:description":"Le canton de Lucerne veut acc\u00e9l\u00e9rer le d\u00e9veloppement des \u00e9nergies renouvelables. Pour cela, la loi sur la planification et la construction doit \u00eatre modifi\u00e9e. Les \u00e9lecteurs seront appel\u00e9s \u00e0 se prononcer sur cette modification le 24 novembre prochain.","twitter:creator":"@i","twitter:image":"https:\/\/www.immo-invest.ch\/wp-content\/uploads\/2024\/08\/unsplash_luzern-scaled.jpg"},"aioseo_meta_data":{"post_id":"118289","title":null,"description":null,"keywords":null,"keyphrases":{"focus":{"keyphrase":"","score":0,"analysis":{"keyphraseInTitle":{"score":0,"maxScore":9,"error":1}}},"additional":[]},"primary_term":null,"canonical_url":null,"og_title":null,"og_description":null,"og_object_type":"default","og_image_type":"default","og_image_url":null,"og_image_width":null,"og_image_height":null,"og_image_custom_url":null,"og_image_custom_fields":null,"og_video":"","og_custom_url":null,"og_article_section":null,"og_article_tags":null,"twitter_use_og":false,"twitter_card":"default","twitter_image_type":"default","twitter_image_url":null,"twitter_image_custom_url":null,"twitter_image_custom_fields":null,"twitter_title":null,"twitter_description":null,"schema":{"blockGraphs":[],"customGraphs":[],"default":{"data":{"Article":[],"Course":[],"Dataset":[],"FAQPage":[],"Movie":[],"Person":[],"Product":[],"ProductReview":[],"Car":[],"Recipe":[],"Service":[],"SoftwareApplication":[],"WebPage":[]},"graphName":"BlogPosting","isEnabled":true},"graphs":[]},"schema_type":"default","schema_type_options":null,"pillar_content":false,"robots_default":true,"robots_noindex":false,"robots_noarchive":false,"robots_nosnippet":false,"robots_nofollow":false,"robots_noimageindex":false,"robots_noodp":false,"robots_notranslate":false,"robots_max_snippet":"-1","robots_max_videopreview":"-1","robots_max_imagepreview":"large","priority":null,"frequency":"default","local_seo":null,"breadcrumb_settings":null,"limit_modified_date":false,"ai":null,"created":"2024-10-28 12:31:04","updated":"2025-10-24 12:12:13","seo_analyzer_scan_date":null,"focus_keyword":null,"additional_keywords":null,"truseo_locale":null},"aioseo_breadcrumb":"<div class=\"aioseo-breadcrumbs\"><span class=\"aioseo-breadcrumb\">\n\t\t\t<a href=\"https:\/\/www.immo-invest.ch\/fr\/\" title=\"Home\">Home<\/a>\n\t\t<\/span><span class=\"aioseo-breadcrumb-separator\">&raquo;<\/span><span class=\"aioseo-breadcrumb\">\n\t\t\t<a href=\"https:\/\/www.immo-invest.ch\/fr\/categories\/regions\/\" title=\"R\u00e9gions\">R\u00e9gions<\/a>\n\t\t<\/span><span class=\"aioseo-breadcrumb-separator\">&raquo;<\/span><span class=\"aioseo-breadcrumb\">\n\t\t\t<a href=\"https:\/\/www.immo-invest.ch\/fr\/categories\/regions\/suisse\/\" title=\"Suisse\">Suisse<\/a>\n\t\t<\/span><span class=\"aioseo-breadcrumb-separator\">&raquo;<\/span><span class=\"aioseo-breadcrumb\">\n\t\t\t<a href=\"https:\/\/www.immo-invest.ch\/fr\/categories\/regions\/suisse\/region-zentralschweiz\/\" title=\"Zentralschweiz\">Zentralschweiz<\/a>\n\t\t<\/span><span class=\"aioseo-breadcrumb-separator\">&raquo;<\/span><span class=\"aioseo-breadcrumb\">\n\t\t\t<a href=\"https:\/\/www.immo-invest.ch\/fr\/categories\/regions\/suisse\/region-zentralschweiz\/region-zug\/\" title=\"Zug\">Zug<\/a>\n\t\t<\/span><span class=\"aioseo-breadcrumb-separator\">&raquo;<\/span><span class=\"aioseo-breadcrumb\">\n\t\t\tLe canton de Lucerne vote pour le d\u00e9veloppement des \u00e9nergies renouvelables\n\t\t<\/span><\/div>","aioseo_breadcrumb_json":[{"label":"Home","link":"https:\/\/www.immo-invest.ch\/fr\/"},{"label":"R\u00e9gions","link":"https:\/\/www.immo-invest.ch\/fr\/categories\/regions\/"},{"label":"Suisse","link":"https:\/\/www.immo-invest.ch\/fr\/categories\/regions\/suisse\/"},{"label":"Zentralschweiz","link":"https:\/\/www.immo-invest.ch\/fr\/categories\/regions\/suisse\/region-zentralschweiz\/"},{"label":"Zug","link":"https:\/\/www.immo-invest.ch\/fr\/categories\/regions\/suisse\/region-zentralschweiz\/region-zug\/"},{"label":"Le canton de Lucerne vote pour le d\u00e9veloppement des \u00e9nergies renouvelables","link":"https:\/\/www.immo-invest.ch\/fr\/kanton-luzern-stimmt-ueber-ausbau-der-erneuerbaren-ab\/"}],"featured_image_src":"https:\/\/www.immo-invest.ch\/wp-content\/uploads\/2024\/08\/unsplash_luzern-336x168.jpg","_links":{"self":[{"href":"https:\/\/www.immo-invest.ch\/fr\/wp-json\/wp\/v2\/posts\/118289","targetHints":{"allow":["GET"]}}],"collection":[{"href":"https:\/\/www.immo-invest.ch\/fr\/wp-json\/wp\/v2\/posts"}],"about":[{"href":"https:\/\/www.immo-invest.ch\/fr\/wp-json\/wp\/v2\/types\/post"}],"author":[{"embeddable":true,"href":"https:\/\/www.immo-invest.ch\/fr\/wp-json\/wp\/v2\/users\/2"}],"replies":[{"embeddable":true,"href":"https:\/\/www.immo-invest.ch\/fr\/wp-json\/wp\/v2\/comments?post=118289"}],"version-history":[{"count":0,"href":"https:\/\/www.immo-invest.ch\/fr\/wp-json\/wp\/v2\/posts\/118289\/revisions"}],"wp:featuredmedia":[{"embeddable":true,"href":"https:\/\/www.immo-invest.ch\/fr\/wp-json\/wp\/v2\/media\/111460"}],"wp:attachment":[{"href":"https:\/\/www.immo-invest.ch\/fr\/wp-json\/wp\/v2\/media?parent=118289"}],"wp:term":[{"taxonomy":"category","embeddable":true,"href":"https:\/\/www.immo-invest.ch\/fr\/wp-json\/wp\/v2\/categories?post=118289"},{"taxonomy":"post_tag","embeddable":true,"href":"https:\/\/www.immo-invest.ch\/fr\/wp-json\/wp\/v2\/tags?post=118289"}],"curies":[{"name":"wp","href":"https:\/\/api.w.org\/{rel}","templated":true}]}}