{"id":118258,"date":"2024-10-28T16:00:00","date_gmt":"2024-10-28T15:00:00","guid":{"rendered":"https:\/\/www.immo-invest.ch\/?p=118258"},"modified":"2024-10-28T11:59:12","modified_gmt":"2024-10-28T10:59:12","slug":"solarpark-projekt-fuenf-monate-frueher-als-geplant-fertiggestellt","status":"publish","type":"post","link":"https:\/\/www.immo-invest.ch\/fr\/solarpark-projekt-fuenf-monate-frueher-als-geplant-fertiggestellt\/","title":{"rendered":"Projet de parc solaire achev\u00e9 cinq mois plus t\u00f4t que pr\u00e9vu"},"content":{"rendered":"<p class=\"bodytext\"><a href=\"https:\/\/www.nexans.ch\/de\/\" target=\"_blank\" rel=\"noopener\">Nexans Suisse<\/a> a mis en service son nouveau parc solaire sur son site de Cortaillod avec cinq mois d&rsquo;avance sur le calendrier. Il se compose de dix installations individuelles, chacune install&eacute;e sur un toit diff&eacute;rent. Ces unit&eacute;s ind&eacute;pendantes ont ensuite &eacute;t&eacute; reli&eacute;es entre elles pour former un syst&egrave;me de niveau sup&eacute;rieur. Selon un <a href=\"https:\/\/www.nexans.ch\/de\/News\/news\/details\/2024\/10\/ISPV.html\" target=\"_blank\" rel=\"noopener\">communiqu&eacute;<\/a> du fabricant de c&acirc;bles, cette op&eacute;ration a n&eacute;cessit&eacute; des adaptations aux sp&eacute;cificit&eacute;s architecturales et structurelles.<\/p>\n<p class=\"bodytext\">Cette approche a permis d&rsquo;&eacute;viter toute perturbation de l&rsquo;activit&eacute; de production sur le site pendant les travaux d&rsquo;installation. &laquo;&nbsp;R&eacute;sultat : une mise en service r&eacute;ussie &agrave; 100%, avec pr&egrave;s de cinq mois d&rsquo;avance sur le planning&nbsp;&raquo;<\/p>\n<p class=\"bodytext\">Depuis l&rsquo;&eacute;t&eacute; 2023, plus de 4000 modules solaires d&rsquo;une capacit&eacute; de 430 watts chacun avaient &eacute;t&eacute; install&eacute;s par une &eacute;quipe de sp&eacute;cialistes du <a href=\"https:\/\/www.groupe-e.ch\/de\" target=\"_blank\" rel=\"noopener\">Groupe E Greenwatt<\/a> depuis le site de Boudry NE &laquo;&nbsp;dans des conditions techniques exigeantes&nbsp;&raquo;. Au total, le parc solaire dispose d&rsquo;une puissance de 1,7 m&eacute;gawatt. Avec une centrale de 700 kilowatts pr&eacute;c&eacute;demment install&eacute;e par Groupe E, Nexans atteint d&eacute;sormais un taux d&rsquo;autoconsommation estim&eacute; &agrave; plus de 90%.<\/p>\n<p class=\"bodytext\">&laquo;&nbsp;Ce partenariat strat&eacute;gique soutient notre objectif de continuer &agrave; r&eacute;duire notre empreinte environnementale et &agrave; d&eacute;velopper nos activit&eacute;s de mani&egrave;re durable, tout en renfor&ccedil;ant notre r&eacute;silience &eacute;nerg&eacute;tique&nbsp;&raquo;, a d&eacute;clar&eacute; Marco Spinelli, CEO de Nexans Suisse. &laquo;&nbsp;M&ecirc;me sans ces installations, Nexans ne consomme que de l&rsquo;&eacute;lectricit&eacute; issue &agrave; 100% de sources renouvelables, et ce depuis le d&eacute;but de l&rsquo;ann&eacute;e&nbsp;&raquo;<\/p>\n","protected":false},"excerpt":{"rendered":"<p>Nexans, avec l&rsquo;aide de Groupe E Greenwatt, a mis en service 4000 panneaux solaires d&rsquo;une puissance de 1,7 m\u00e9gawatt sur dix toits de son site de Cortaillod. Avec un syst\u00e8me d\u00e9j\u00e0 install\u00e9 en 2015, le fabricant de c\u00e2bles couvre d\u00e9sormais plus de 90% de ses propres besoins.<\/p>\n","protected":false},"author":2,"featured_media":67179,"comment_status":"open","ping_status":"open","sticky":false,"template":"","format":"standard","meta":{"pmpro_default_level":"","inline_featured_image":false,"_monsterinsights_skip_tracking":false,"footnotes":""},"categories":[22699,8747,743,44778],"tags":[50162,18765,43101,40239,848,872,3931,2056,2002,874,32593,5178],"class_list":["post-118258","post","type-post","status-publish","format-standard","has-post-thumbnail","hentry","category-durabilite","category-energie","category-immonews-fr","category-neuenburg-fr","tag-cortaillod-fr","tag-eigenverbrauch-fr","tag-energieautarkie-fr","tag-erneuerbare-energien-fr","tag-immobilien-fr","tag-immoinvest-fr","tag-immonews-fr","tag-nachhaltigkeit-fr","tag-news-fr","tag-schweiz-fr","tag-solarmodule-fr","tag-solarpark-fr","pmpro-has-access"],"acf":{"bild_mit_ki_erstellt_worden":[],"lead":"Nexans, avec l'aide de Groupe E Greenwatt, a mis en service 4000 panneaux solaires d'une puissance de 1,7 m\u00e9gawatt sur dix toits de son site de Cortaillod. Avec un syst\u00e8me d\u00e9j\u00e0 install\u00e9 en 2015, le fabricant de c\u00e2bles couvre d\u00e9sormais plus de 90% de ses propres besoins.","autor":"ce\/mm","ort":"Cortaillod NE\/Granges-Paccot FR","bildunterschrift":"","bild_im_grid":false,"gallerie":"","newsim":""},"aioseo_notices":[],"aioseo_head":"\n\t\t<!-- All in One SEO 5.0.0.1 - aioseo.com -->\n\t<meta name=\"description\" content=\"Nexans, avec l&#039;aide de Groupe E Greenwatt, a mis en service 4000 panneaux solaires d&#039;une puissance de 1,7 m\u00e9gawatt sur dix toits de son site de Cortaillod. Avec un syst\u00e8me d\u00e9j\u00e0 install\u00e9 en 2015, le fabricant de c\u00e2bles couvre d\u00e9sormais plus de 90% de ses propres besoins.\" \/>\n\t<meta name=\"robots\" content=\"max-image-preview:large\" \/>\n\t<meta name=\"author\" content=\"immovestuser\"\/>\n\t<meta name=\"google-site-verification\" content=\"fHJKvgWpZCR2zVBHWfkQeFXC11qieUSff0HGNYfuyLA\" \/>\n\t<link rel=\"canonical\" href=\"https:\/\/www.immo-invest.ch\/fr\/solarpark-projekt-fuenf-monate-frueher-als-geplant-fertiggestellt\/\" \/>\n\t<meta name=\"generator\" content=\"All in One SEO (AIOSEO) 5.0.0.1\" \/>\n\t\t<meta property=\"og:locale\" content=\"fr_FR\" \/>\n\t\t<meta property=\"og:site_name\" content=\"immo!nvest - Die Plattform f\u00fcr Standorte und Immobilien - Die\u00a0Plattform f\u00fcr Standorte und Immobilien\" \/>\n\t\t<meta property=\"og:type\" content=\"article\" \/>\n\t\t<meta property=\"og:title\" content=\"Projet de parc solaire achev\u00e9 cinq mois plus t\u00f4t que pr\u00e9vu - immo!nvest - Die Plattform f\u00fcr Standorte und Immobilien\" \/>\n\t\t<meta property=\"og:description\" content=\"Nexans, avec l&#039;aide de Groupe E Greenwatt, a mis en service 4000 panneaux solaires d&#039;une puissance de 1,7 m\u00e9gawatt sur dix toits de son site de Cortaillod. Avec un syst\u00e8me d\u00e9j\u00e0 install\u00e9 en 2015, le fabricant de c\u00e2bles couvre d\u00e9sormais plus de 90% de ses propres besoins.\" \/>\n\t\t<meta property=\"og:url\" content=\"https:\/\/www.immo-invest.ch\/fr\/solarpark-projekt-fuenf-monate-frueher-als-geplant-fertiggestellt\/\" \/>\n\t\t<meta property=\"og:image\" content=\"https:\/\/www.immo-invest.ch\/wp-content\/uploads\/2023\/11\/solar_15-scaled.jpg\" \/>\n\t\t<meta property=\"og:image:secure_url\" content=\"https:\/\/www.immo-invest.ch\/wp-content\/uploads\/2023\/11\/solar_15-scaled.jpg\" \/>\n\t\t<meta property=\"og:image:width\" content=\"2560\" \/>\n\t\t<meta property=\"og:image:height\" content=\"1920\" \/>\n\t\t<meta property=\"article:published_time\" content=\"2024-10-28T15:00:00+00:00\" \/>\n\t\t<meta property=\"article:modified_time\" content=\"2024-10-28T10:59:12+00:00\" \/>\n\t\t<meta property=\"article:publisher\" content=\"https:\/\/www.facebook.com\/people\/Immoinvest\/100077962920504\/\" \/>\n\t\t<meta name=\"twitter:card\" content=\"summary_large_image\" \/>\n\t\t<meta name=\"twitter:site\" content=\"@i\" \/>\n\t\t<meta name=\"twitter:title\" content=\"Projet de parc solaire achev\u00e9 cinq mois plus t\u00f4t que pr\u00e9vu - immo!nvest - Die Plattform f\u00fcr Standorte und Immobilien\" \/>\n\t\t<meta name=\"twitter:description\" content=\"Nexans, avec l&#039;aide de Groupe E Greenwatt, a mis en service 4000 panneaux solaires d&#039;une puissance de 1,7 m\u00e9gawatt sur dix toits de son site de Cortaillod. Avec un syst\u00e8me d\u00e9j\u00e0 install\u00e9 en 2015, le fabricant de c\u00e2bles couvre d\u00e9sormais plus de 90% de ses propres besoins.\" \/>\n\t\t<meta name=\"twitter:creator\" content=\"@i\" \/>\n\t\t<meta name=\"twitter:image\" content=\"https:\/\/www.immo-invest.ch\/wp-content\/uploads\/2023\/11\/solar_15-scaled.jpg\" \/>\n\t\t<script type=\"application\/ld+json\" class=\"aioseo-schema\">\n\t\t\t{\"@context\":\"https:\\\/\\\/schema.org\",\"@graph\":[{\"@type\":\"BlogPosting\",\"@id\":\"https:\\\/\\\/www.immo-invest.ch\\\/fr\\\/solarpark-projekt-fuenf-monate-frueher-als-geplant-fertiggestellt\\\/#blogposting\",\"name\":\"Projet de parc solaire achev\\u00e9 cinq mois plus t\\u00f4t que pr\\u00e9vu - immo!nvest - Die Plattform f\\u00fcr Standorte und Immobilien\",\"headline\":\"Projet de parc solaire achev\\u00e9 cinq mois plus t\\u00f4t que pr\\u00e9vu\",\"author\":{\"@id\":\"https:\\\/\\\/www.immo-invest.ch\\\/fr\\\/author\\\/immovestuser\\\/#author\"},\"publisher\":{\"@id\":\"https:\\\/\\\/www.immo-invest.ch\\\/fr\\\/#organization\"},\"image\":{\"@type\":\"ImageObject\",\"url\":\"https:\\\/\\\/www.immo-invest.ch\\\/wp-content\\\/uploads\\\/2023\\\/11\\\/solar_15-scaled.jpg\",\"width\":2560,\"height\":1920},\"datePublished\":\"2024-10-28T16:00:00+01:00\",\"dateModified\":\"2024-10-28T11:59:12+01:00\",\"inLanguage\":\"fr-FR\",\"mainEntityOfPage\":{\"@id\":\"https:\\\/\\\/www.immo-invest.ch\\\/fr\\\/solarpark-projekt-fuenf-monate-frueher-als-geplant-fertiggestellt\\\/#webpage\"},\"isPartOf\":{\"@id\":\"https:\\\/\\\/www.immo-invest.ch\\\/fr\\\/solarpark-projekt-fuenf-monate-frueher-als-geplant-fertiggestellt\\\/#webpage\"},\"articleSection\":\"Durabilit\\u00e9, \\u00c9nergie, immoNews, Neuenburg, Cortaillod, Eigenverbrauch, Energieautarkie, Erneuerbare Energien, immobilien, Immoinvest, immoNews, Nachhaltigkeit, News, Schweiz, Solarmodule, Solarpark, Facultatif\"},{\"@type\":\"BreadcrumbList\",\"@id\":\"https:\\\/\\\/www.immo-invest.ch\\\/fr\\\/solarpark-projekt-fuenf-monate-frueher-als-geplant-fertiggestellt\\\/#breadcrumblist\",\"itemListElement\":[{\"@type\":\"ListItem\",\"@id\":\"https:\\\/\\\/www.immo-invest.ch\\\/fr\\\/#listItem\",\"position\":1,\"name\":\"Home\",\"item\":\"https:\\\/\\\/www.immo-invest.ch\\\/fr\\\/\",\"nextItem\":{\"@type\":\"ListItem\",\"@id\":\"https:\\\/\\\/www.immo-invest.ch\\\/fr\\\/categories\\\/regions\\\/#listItem\",\"name\":\"R\\u00e9gions\"}},{\"@type\":\"ListItem\",\"@id\":\"https:\\\/\\\/www.immo-invest.ch\\\/fr\\\/categories\\\/regions\\\/#listItem\",\"position\":2,\"name\":\"R\\u00e9gions\",\"item\":\"https:\\\/\\\/www.immo-invest.ch\\\/fr\\\/categories\\\/regions\\\/\",\"nextItem\":{\"@type\":\"ListItem\",\"@id\":\"https:\\\/\\\/www.immo-invest.ch\\\/fr\\\/categories\\\/regions\\\/suisse\\\/#listItem\",\"name\":\"Suisse\"},\"previousItem\":{\"@type\":\"ListItem\",\"@id\":\"https:\\\/\\\/www.immo-invest.ch\\\/fr\\\/#listItem\",\"name\":\"Home\"}},{\"@type\":\"ListItem\",\"@id\":\"https:\\\/\\\/www.immo-invest.ch\\\/fr\\\/categories\\\/regions\\\/suisse\\\/#listItem\",\"position\":3,\"name\":\"Suisse\",\"item\":\"https:\\\/\\\/www.immo-invest.ch\\\/fr\\\/categories\\\/regions\\\/suisse\\\/\",\"nextItem\":{\"@type\":\"ListItem\",\"@id\":\"https:\\\/\\\/www.immo-invest.ch\\\/fr\\\/categories\\\/regions\\\/suisse\\\/espace-mittelland\\\/#listItem\",\"name\":\"Espace Mittelland\"},\"previousItem\":{\"@type\":\"ListItem\",\"@id\":\"https:\\\/\\\/www.immo-invest.ch\\\/fr\\\/categories\\\/regions\\\/#listItem\",\"name\":\"R\\u00e9gions\"}},{\"@type\":\"ListItem\",\"@id\":\"https:\\\/\\\/www.immo-invest.ch\\\/fr\\\/categories\\\/regions\\\/suisse\\\/espace-mittelland\\\/#listItem\",\"position\":4,\"name\":\"Espace Mittelland\",\"item\":\"https:\\\/\\\/www.immo-invest.ch\\\/fr\\\/categories\\\/regions\\\/suisse\\\/espace-mittelland\\\/\",\"nextItem\":{\"@type\":\"ListItem\",\"@id\":\"https:\\\/\\\/www.immo-invest.ch\\\/fr\\\/categories\\\/regions\\\/suisse\\\/espace-mittelland\\\/neuenburg-fr\\\/#listItem\",\"name\":\"Neuenburg\"},\"previousItem\":{\"@type\":\"ListItem\",\"@id\":\"https:\\\/\\\/www.immo-invest.ch\\\/fr\\\/categories\\\/regions\\\/suisse\\\/#listItem\",\"name\":\"Suisse\"}},{\"@type\":\"ListItem\",\"@id\":\"https:\\\/\\\/www.immo-invest.ch\\\/fr\\\/categories\\\/regions\\\/suisse\\\/espace-mittelland\\\/neuenburg-fr\\\/#listItem\",\"position\":5,\"name\":\"Neuenburg\",\"item\":\"https:\\\/\\\/www.immo-invest.ch\\\/fr\\\/categories\\\/regions\\\/suisse\\\/espace-mittelland\\\/neuenburg-fr\\\/\",\"nextItem\":{\"@type\":\"ListItem\",\"@id\":\"https:\\\/\\\/www.immo-invest.ch\\\/fr\\\/solarpark-projekt-fuenf-monate-frueher-als-geplant-fertiggestellt\\\/#listItem\",\"name\":\"Projet de parc solaire achev\\u00e9 cinq mois plus t\\u00f4t que pr\\u00e9vu\"},\"previousItem\":{\"@type\":\"ListItem\",\"@id\":\"https:\\\/\\\/www.immo-invest.ch\\\/fr\\\/categories\\\/regions\\\/suisse\\\/espace-mittelland\\\/#listItem\",\"name\":\"Espace Mittelland\"}},{\"@type\":\"ListItem\",\"@id\":\"https:\\\/\\\/www.immo-invest.ch\\\/fr\\\/solarpark-projekt-fuenf-monate-frueher-als-geplant-fertiggestellt\\\/#listItem\",\"position\":6,\"name\":\"Projet de parc solaire achev\\u00e9 cinq mois plus t\\u00f4t que pr\\u00e9vu\",\"previousItem\":{\"@type\":\"ListItem\",\"@id\":\"https:\\\/\\\/www.immo-invest.ch\\\/fr\\\/categories\\\/regions\\\/suisse\\\/espace-mittelland\\\/neuenburg-fr\\\/#listItem\",\"name\":\"Neuenburg\"}}]},{\"@type\":\"Organization\",\"@id\":\"https:\\\/\\\/www.immo-invest.ch\\\/fr\\\/#organization\",\"name\":\"immo!nvest - Die Plattform f\\u00fcr Standorte und Immobilien\",\"description\":\"Die\\u00a0Plattform f\\u00fcr Standorte und Immobilien\",\"url\":\"https:\\\/\\\/www.immo-invest.ch\\\/fr\\\/\",\"email\":\"admin@immomedia.ag\",\"telephone\":\"+41444420002\",\"logo\":{\"@type\":\"ImageObject\",\"url\":\"https:\\\/\\\/www.immo-invest.ch\\\/wp-content\\\/uploads\\\/2024\\\/09\\\/immoinvest_sm-scaled.jpg\",\"@id\":\"https:\\\/\\\/www.immo-invest.ch\\\/fr\\\/solarpark-projekt-fuenf-monate-frueher-als-geplant-fertiggestellt\\\/#organizationLogo\",\"width\":2560,\"height\":1340},\"image\":{\"@id\":\"https:\\\/\\\/www.immo-invest.ch\\\/fr\\\/solarpark-projekt-fuenf-monate-frueher-als-geplant-fertiggestellt\\\/#organizationLogo\"},\"sameAs\":[\"https:\\\/\\\/www.facebook.com\\\/people\\\/Immoinvest\\\/100077962920504\\\/\",\"https:\\\/\\\/x.com\\\/i\\\/flow\\\/login?redirect_after_login=immoinvest_ch\",\"https:\\\/\\\/www.instagram.com\\\/immoinvest_ch\\\/\",\"https:\\\/\\\/www.linkedin.com\\\/company\\\/immoinvest-swiss\"]},{\"@type\":\"Person\",\"@id\":\"https:\\\/\\\/www.immo-invest.ch\\\/fr\\\/author\\\/immovestuser\\\/#author\",\"url\":\"https:\\\/\\\/www.immo-invest.ch\\\/fr\\\/author\\\/immovestuser\\\/\",\"name\":\"immovestuser\",\"image\":{\"@type\":\"ImageObject\",\"@id\":\"https:\\\/\\\/www.immo-invest.ch\\\/fr\\\/solarpark-projekt-fuenf-monate-frueher-als-geplant-fertiggestellt\\\/#authorImage\",\"url\":\"https:\\\/\\\/secure.gravatar.com\\\/avatar\\\/8e01f4d99f2eeea7a362ebb93305e1172a70e9293ba250f897a65c39f54cdd1e?s=96&d=mm&r=g\",\"width\":96,\"height\":96,\"caption\":\"immovestuser\"}},{\"@type\":\"WebPage\",\"@id\":\"https:\\\/\\\/www.immo-invest.ch\\\/fr\\\/solarpark-projekt-fuenf-monate-frueher-als-geplant-fertiggestellt\\\/#webpage\",\"url\":\"https:\\\/\\\/www.immo-invest.ch\\\/fr\\\/solarpark-projekt-fuenf-monate-frueher-als-geplant-fertiggestellt\\\/\",\"name\":\"Projet de parc solaire achev\\u00e9 cinq mois plus t\\u00f4t que pr\\u00e9vu - immo!nvest - Die Plattform f\\u00fcr Standorte und Immobilien\",\"description\":\"Nexans, avec l'aide de Groupe E Greenwatt, a mis en service 4000 panneaux solaires d'une puissance de 1,7 m\\u00e9gawatt sur dix toits de son site de Cortaillod. Avec un syst\\u00e8me d\\u00e9j\\u00e0 install\\u00e9 en 2015, le fabricant de c\\u00e2bles couvre d\\u00e9sormais plus de 90% de ses propres besoins.\",\"inLanguage\":\"fr-FR\",\"isPartOf\":{\"@id\":\"https:\\\/\\\/www.immo-invest.ch\\\/fr\\\/#website\"},\"breadcrumb\":{\"@id\":\"https:\\\/\\\/www.immo-invest.ch\\\/fr\\\/solarpark-projekt-fuenf-monate-frueher-als-geplant-fertiggestellt\\\/#breadcrumblist\"},\"author\":{\"@id\":\"https:\\\/\\\/www.immo-invest.ch\\\/fr\\\/author\\\/immovestuser\\\/#author\"},\"creator\":{\"@id\":\"https:\\\/\\\/www.immo-invest.ch\\\/fr\\\/author\\\/immovestuser\\\/#author\"},\"image\":{\"@type\":\"ImageObject\",\"url\":\"https:\\\/\\\/www.immo-invest.ch\\\/wp-content\\\/uploads\\\/2023\\\/11\\\/solar_15-scaled.jpg\",\"@id\":\"https:\\\/\\\/www.immo-invest.ch\\\/fr\\\/solarpark-projekt-fuenf-monate-frueher-als-geplant-fertiggestellt\\\/#mainImage\",\"width\":2560,\"height\":1920},\"primaryImageOfPage\":{\"@id\":\"https:\\\/\\\/www.immo-invest.ch\\\/fr\\\/solarpark-projekt-fuenf-monate-frueher-als-geplant-fertiggestellt\\\/#mainImage\"},\"datePublished\":\"2024-10-28T16:00:00+01:00\",\"dateModified\":\"2024-10-28T11:59:12+01:00\"},{\"@type\":\"WebSite\",\"@id\":\"https:\\\/\\\/www.immo-invest.ch\\\/fr\\\/#website\",\"url\":\"https:\\\/\\\/www.immo-invest.ch\\\/fr\\\/\",\"name\":\"immo!nvest - Die Plattform f\\u00fcr Standorte und Immobilien\",\"description\":\"Die\\u00a0Plattform f\\u00fcr Standorte und Immobilien\",\"inLanguage\":\"fr-FR\",\"publisher\":{\"@id\":\"https:\\\/\\\/www.immo-invest.ch\\\/fr\\\/#organization\"}}]}\n\t\t<\/script>\n\t\t<!-- All in One SEO -->\n\n","aioseo_head_json":{"title":"Projet de parc solaire achev\u00e9 cinq mois plus t\u00f4t que pr\u00e9vu - immo!nvest - Die Plattform f\u00fcr Standorte und Immobilien","description":"Nexans, avec l'aide de Groupe E Greenwatt, a mis en service 4000 panneaux solaires d'une puissance de 1,7 m\u00e9gawatt sur dix toits de son site de Cortaillod. Avec un syst\u00e8me d\u00e9j\u00e0 install\u00e9 en 2015, le fabricant de c\u00e2bles couvre d\u00e9sormais plus de 90% de ses propres besoins.","canonical_url":"https:\/\/www.immo-invest.ch\/fr\/solarpark-projekt-fuenf-monate-frueher-als-geplant-fertiggestellt\/","robots":"max-image-preview:large","keywords":"","webmasterTools":{"google-site-verification":"fHJKvgWpZCR2zVBHWfkQeFXC11qieUSff0HGNYfuyLA","miscellaneous":""},"schema":{"@context":"https:\/\/schema.org","@graph":[{"@type":"BlogPosting","@id":"https:\/\/www.immo-invest.ch\/fr\/solarpark-projekt-fuenf-monate-frueher-als-geplant-fertiggestellt\/#blogposting","name":"Projet de parc solaire achev\u00e9 cinq mois plus t\u00f4t que pr\u00e9vu - immo!nvest - Die Plattform f\u00fcr Standorte und Immobilien","headline":"Projet de parc solaire achev\u00e9 cinq mois plus t\u00f4t que pr\u00e9vu","author":{"@id":"https:\/\/www.immo-invest.ch\/fr\/author\/immovestuser\/#author"},"publisher":{"@id":"https:\/\/www.immo-invest.ch\/fr\/#organization"},"image":{"@type":"ImageObject","url":"https:\/\/www.immo-invest.ch\/wp-content\/uploads\/2023\/11\/solar_15-scaled.jpg","width":2560,"height":1920},"datePublished":"2024-10-28T16:00:00+01:00","dateModified":"2024-10-28T11:59:12+01:00","inLanguage":"fr-FR","mainEntityOfPage":{"@id":"https:\/\/www.immo-invest.ch\/fr\/solarpark-projekt-fuenf-monate-frueher-als-geplant-fertiggestellt\/#webpage"},"isPartOf":{"@id":"https:\/\/www.immo-invest.ch\/fr\/solarpark-projekt-fuenf-monate-frueher-als-geplant-fertiggestellt\/#webpage"},"articleSection":"Durabilit\u00e9, \u00c9nergie, immoNews, Neuenburg, Cortaillod, Eigenverbrauch, Energieautarkie, Erneuerbare Energien, immobilien, Immoinvest, immoNews, Nachhaltigkeit, News, Schweiz, Solarmodule, Solarpark, Facultatif"},{"@type":"BreadcrumbList","@id":"https:\/\/www.immo-invest.ch\/fr\/solarpark-projekt-fuenf-monate-frueher-als-geplant-fertiggestellt\/#breadcrumblist","itemListElement":[{"@type":"ListItem","@id":"https:\/\/www.immo-invest.ch\/fr\/#listItem","position":1,"name":"Home","item":"https:\/\/www.immo-invest.ch\/fr\/","nextItem":{"@type":"ListItem","@id":"https:\/\/www.immo-invest.ch\/fr\/categories\/regions\/#listItem","name":"R\u00e9gions"}},{"@type":"ListItem","@id":"https:\/\/www.immo-invest.ch\/fr\/categories\/regions\/#listItem","position":2,"name":"R\u00e9gions","item":"https:\/\/www.immo-invest.ch\/fr\/categories\/regions\/","nextItem":{"@type":"ListItem","@id":"https:\/\/www.immo-invest.ch\/fr\/categories\/regions\/suisse\/#listItem","name":"Suisse"},"previousItem":{"@type":"ListItem","@id":"https:\/\/www.immo-invest.ch\/fr\/#listItem","name":"Home"}},{"@type":"ListItem","@id":"https:\/\/www.immo-invest.ch\/fr\/categories\/regions\/suisse\/#listItem","position":3,"name":"Suisse","item":"https:\/\/www.immo-invest.ch\/fr\/categories\/regions\/suisse\/","nextItem":{"@type":"ListItem","@id":"https:\/\/www.immo-invest.ch\/fr\/categories\/regions\/suisse\/espace-mittelland\/#listItem","name":"Espace Mittelland"},"previousItem":{"@type":"ListItem","@id":"https:\/\/www.immo-invest.ch\/fr\/categories\/regions\/#listItem","name":"R\u00e9gions"}},{"@type":"ListItem","@id":"https:\/\/www.immo-invest.ch\/fr\/categories\/regions\/suisse\/espace-mittelland\/#listItem","position":4,"name":"Espace Mittelland","item":"https:\/\/www.immo-invest.ch\/fr\/categories\/regions\/suisse\/espace-mittelland\/","nextItem":{"@type":"ListItem","@id":"https:\/\/www.immo-invest.ch\/fr\/categories\/regions\/suisse\/espace-mittelland\/neuenburg-fr\/#listItem","name":"Neuenburg"},"previousItem":{"@type":"ListItem","@id":"https:\/\/www.immo-invest.ch\/fr\/categories\/regions\/suisse\/#listItem","name":"Suisse"}},{"@type":"ListItem","@id":"https:\/\/www.immo-invest.ch\/fr\/categories\/regions\/suisse\/espace-mittelland\/neuenburg-fr\/#listItem","position":5,"name":"Neuenburg","item":"https:\/\/www.immo-invest.ch\/fr\/categories\/regions\/suisse\/espace-mittelland\/neuenburg-fr\/","nextItem":{"@type":"ListItem","@id":"https:\/\/www.immo-invest.ch\/fr\/solarpark-projekt-fuenf-monate-frueher-als-geplant-fertiggestellt\/#listItem","name":"Projet de parc solaire achev\u00e9 cinq mois plus t\u00f4t que pr\u00e9vu"},"previousItem":{"@type":"ListItem","@id":"https:\/\/www.immo-invest.ch\/fr\/categories\/regions\/suisse\/espace-mittelland\/#listItem","name":"Espace Mittelland"}},{"@type":"ListItem","@id":"https:\/\/www.immo-invest.ch\/fr\/solarpark-projekt-fuenf-monate-frueher-als-geplant-fertiggestellt\/#listItem","position":6,"name":"Projet de parc solaire achev\u00e9 cinq mois plus t\u00f4t que pr\u00e9vu","previousItem":{"@type":"ListItem","@id":"https:\/\/www.immo-invest.ch\/fr\/categories\/regions\/suisse\/espace-mittelland\/neuenburg-fr\/#listItem","name":"Neuenburg"}}]},{"@type":"Organization","@id":"https:\/\/www.immo-invest.ch\/fr\/#organization","name":"immo!nvest - Die Plattform f\u00fcr Standorte und Immobilien","description":"Die\u00a0Plattform f\u00fcr Standorte und Immobilien","url":"https:\/\/www.immo-invest.ch\/fr\/","email":"admin@immomedia.ag","telephone":"+41444420002","logo":{"@type":"ImageObject","url":"https:\/\/www.immo-invest.ch\/wp-content\/uploads\/2024\/09\/immoinvest_sm-scaled.jpg","@id":"https:\/\/www.immo-invest.ch\/fr\/solarpark-projekt-fuenf-monate-frueher-als-geplant-fertiggestellt\/#organizationLogo","width":2560,"height":1340},"image":{"@id":"https:\/\/www.immo-invest.ch\/fr\/solarpark-projekt-fuenf-monate-frueher-als-geplant-fertiggestellt\/#organizationLogo"},"sameAs":["https:\/\/www.facebook.com\/people\/Immoinvest\/100077962920504\/","https:\/\/x.com\/i\/flow\/login?redirect_after_login=immoinvest_ch","https:\/\/www.instagram.com\/immoinvest_ch\/","https:\/\/www.linkedin.com\/company\/immoinvest-swiss"]},{"@type":"Person","@id":"https:\/\/www.immo-invest.ch\/fr\/author\/immovestuser\/#author","url":"https:\/\/www.immo-invest.ch\/fr\/author\/immovestuser\/","name":"immovestuser","image":{"@type":"ImageObject","@id":"https:\/\/www.immo-invest.ch\/fr\/solarpark-projekt-fuenf-monate-frueher-als-geplant-fertiggestellt\/#authorImage","url":"https:\/\/secure.gravatar.com\/avatar\/8e01f4d99f2eeea7a362ebb93305e1172a70e9293ba250f897a65c39f54cdd1e?s=96&d=mm&r=g","width":96,"height":96,"caption":"immovestuser"}},{"@type":"WebPage","@id":"https:\/\/www.immo-invest.ch\/fr\/solarpark-projekt-fuenf-monate-frueher-als-geplant-fertiggestellt\/#webpage","url":"https:\/\/www.immo-invest.ch\/fr\/solarpark-projekt-fuenf-monate-frueher-als-geplant-fertiggestellt\/","name":"Projet de parc solaire achev\u00e9 cinq mois plus t\u00f4t que pr\u00e9vu - immo!nvest - Die Plattform f\u00fcr Standorte und Immobilien","description":"Nexans, avec l'aide de Groupe E Greenwatt, a mis en service 4000 panneaux solaires d'une puissance de 1,7 m\u00e9gawatt sur dix toits de son site de Cortaillod. Avec un syst\u00e8me d\u00e9j\u00e0 install\u00e9 en 2015, le fabricant de c\u00e2bles couvre d\u00e9sormais plus de 90% de ses propres besoins.","inLanguage":"fr-FR","isPartOf":{"@id":"https:\/\/www.immo-invest.ch\/fr\/#website"},"breadcrumb":{"@id":"https:\/\/www.immo-invest.ch\/fr\/solarpark-projekt-fuenf-monate-frueher-als-geplant-fertiggestellt\/#breadcrumblist"},"author":{"@id":"https:\/\/www.immo-invest.ch\/fr\/author\/immovestuser\/#author"},"creator":{"@id":"https:\/\/www.immo-invest.ch\/fr\/author\/immovestuser\/#author"},"image":{"@type":"ImageObject","url":"https:\/\/www.immo-invest.ch\/wp-content\/uploads\/2023\/11\/solar_15-scaled.jpg","@id":"https:\/\/www.immo-invest.ch\/fr\/solarpark-projekt-fuenf-monate-frueher-als-geplant-fertiggestellt\/#mainImage","width":2560,"height":1920},"primaryImageOfPage":{"@id":"https:\/\/www.immo-invest.ch\/fr\/solarpark-projekt-fuenf-monate-frueher-als-geplant-fertiggestellt\/#mainImage"},"datePublished":"2024-10-28T16:00:00+01:00","dateModified":"2024-10-28T11:59:12+01:00"},{"@type":"WebSite","@id":"https:\/\/www.immo-invest.ch\/fr\/#website","url":"https:\/\/www.immo-invest.ch\/fr\/","name":"immo!nvest - Die Plattform f\u00fcr Standorte und Immobilien","description":"Die\u00a0Plattform f\u00fcr Standorte und Immobilien","inLanguage":"fr-FR","publisher":{"@id":"https:\/\/www.immo-invest.ch\/fr\/#organization"}}]},"og:locale":"fr_FR","og:site_name":"immo!nvest - Die Plattform f\u00fcr Standorte und Immobilien - Die\u00a0Plattform f\u00fcr Standorte und Immobilien","og:type":"article","og:title":"Projet de parc solaire achev\u00e9 cinq mois plus t\u00f4t que pr\u00e9vu - immo!nvest - Die Plattform f\u00fcr Standorte und Immobilien","og:description":"Nexans, avec l'aide de Groupe E Greenwatt, a mis en service 4000 panneaux solaires d'une puissance de 1,7 m\u00e9gawatt sur dix toits de son site de Cortaillod. Avec un syst\u00e8me d\u00e9j\u00e0 install\u00e9 en 2015, le fabricant de c\u00e2bles couvre d\u00e9sormais plus de 90% de ses propres besoins.","og:url":"https:\/\/www.immo-invest.ch\/fr\/solarpark-projekt-fuenf-monate-frueher-als-geplant-fertiggestellt\/","og:image":"https:\/\/www.immo-invest.ch\/wp-content\/uploads\/2023\/11\/solar_15-scaled.jpg","og:image:secure_url":"https:\/\/www.immo-invest.ch\/wp-content\/uploads\/2023\/11\/solar_15-scaled.jpg","og:image:width":2560,"og:image:height":1920,"article:published_time":"2024-10-28T15:00:00+00:00","article:modified_time":"2024-10-28T10:59:12+00:00","article:publisher":"https:\/\/www.facebook.com\/people\/Immoinvest\/100077962920504\/","twitter:card":"summary_large_image","twitter:site":"@i","twitter:title":"Projet de parc solaire achev\u00e9 cinq mois plus t\u00f4t que pr\u00e9vu - immo!nvest - Die Plattform f\u00fcr Standorte und Immobilien","twitter:description":"Nexans, avec l'aide de Groupe E Greenwatt, a mis en service 4000 panneaux solaires d'une puissance de 1,7 m\u00e9gawatt sur dix toits de son site de Cortaillod. Avec un syst\u00e8me d\u00e9j\u00e0 install\u00e9 en 2015, le fabricant de c\u00e2bles couvre d\u00e9sormais plus de 90% de ses propres besoins.","twitter:creator":"@i","twitter:image":"https:\/\/www.immo-invest.ch\/wp-content\/uploads\/2023\/11\/solar_15-scaled.jpg"},"aioseo_meta_data":{"post_id":"118258","title":null,"description":null,"keywords":null,"keyphrases":{"focus":{"keyphrase":"","score":0,"analysis":{"keyphraseInTitle":{"score":0,"maxScore":9,"error":1}}},"additional":[]},"primary_term":null,"canonical_url":null,"og_title":null,"og_description":null,"og_object_type":"default","og_image_type":"default","og_image_url":null,"og_image_width":null,"og_image_height":null,"og_image_custom_url":null,"og_image_custom_fields":null,"og_video":"","og_custom_url":null,"og_article_section":null,"og_article_tags":null,"twitter_use_og":false,"twitter_card":"default","twitter_image_type":"default","twitter_image_url":null,"twitter_image_custom_url":null,"twitter_image_custom_fields":null,"twitter_title":null,"twitter_description":null,"schema":{"blockGraphs":[],"customGraphs":[],"default":{"data":{"Article":[],"Course":[],"Dataset":[],"FAQPage":[],"Movie":[],"Person":[],"Product":[],"ProductReview":[],"Car":[],"Recipe":[],"Service":[],"SoftwareApplication":[],"WebPage":[]},"graphName":"BlogPosting","isEnabled":true},"graphs":[]},"schema_type":"default","schema_type_options":null,"pillar_content":false,"robots_default":true,"robots_noindex":false,"robots_noarchive":false,"robots_nosnippet":false,"robots_nofollow":false,"robots_noimageindex":false,"robots_noodp":false,"robots_notranslate":false,"robots_max_snippet":"-1","robots_max_videopreview":"-1","robots_max_imagepreview":"large","priority":null,"frequency":"default","local_seo":null,"breadcrumb_settings":null,"limit_modified_date":false,"ai":null,"created":"2024-10-28 10:59:13","updated":"2025-10-24 12:11:15","seo_analyzer_scan_date":null,"focus_keyword":null,"additional_keywords":null,"truseo_locale":null},"aioseo_breadcrumb":"<div class=\"aioseo-breadcrumbs\"><span class=\"aioseo-breadcrumb\">\n\t\t\t<a href=\"https:\/\/www.immo-invest.ch\/fr\/\" title=\"Home\">Home<\/a>\n\t\t<\/span><span class=\"aioseo-breadcrumb-separator\">&raquo;<\/span><span class=\"aioseo-breadcrumb\">\n\t\t\t<a href=\"https:\/\/www.immo-invest.ch\/fr\/categories\/regions\/\" title=\"R\u00e9gions\">R\u00e9gions<\/a>\n\t\t<\/span><span class=\"aioseo-breadcrumb-separator\">&raquo;<\/span><span class=\"aioseo-breadcrumb\">\n\t\t\t<a href=\"https:\/\/www.immo-invest.ch\/fr\/categories\/regions\/suisse\/\" title=\"Suisse\">Suisse<\/a>\n\t\t<\/span><span class=\"aioseo-breadcrumb-separator\">&raquo;<\/span><span class=\"aioseo-breadcrumb\">\n\t\t\t<a href=\"https:\/\/www.immo-invest.ch\/fr\/categories\/regions\/suisse\/espace-mittelland\/\" title=\"Espace Mittelland\">Espace Mittelland<\/a>\n\t\t<\/span><span class=\"aioseo-breadcrumb-separator\">&raquo;<\/span><span class=\"aioseo-breadcrumb\">\n\t\t\t<a href=\"https:\/\/www.immo-invest.ch\/fr\/categories\/regions\/suisse\/espace-mittelland\/neuenburg-fr\/\" title=\"Neuenburg\">Neuenburg<\/a>\n\t\t<\/span><span class=\"aioseo-breadcrumb-separator\">&raquo;<\/span><span class=\"aioseo-breadcrumb\">\n\t\t\tProjet de parc solaire achev\u00e9 cinq mois plus t\u00f4t que pr\u00e9vu\n\t\t<\/span><\/div>","aioseo_breadcrumb_json":[{"label":"Home","link":"https:\/\/www.immo-invest.ch\/fr\/"},{"label":"R\u00e9gions","link":"https:\/\/www.immo-invest.ch\/fr\/categories\/regions\/"},{"label":"Suisse","link":"https:\/\/www.immo-invest.ch\/fr\/categories\/regions\/suisse\/"},{"label":"Espace Mittelland","link":"https:\/\/www.immo-invest.ch\/fr\/categories\/regions\/suisse\/espace-mittelland\/"},{"label":"Neuenburg","link":"https:\/\/www.immo-invest.ch\/fr\/categories\/regions\/suisse\/espace-mittelland\/neuenburg-fr\/"},{"label":"Projet de parc solaire achev\u00e9 cinq mois plus t\u00f4t que pr\u00e9vu","link":"https:\/\/www.immo-invest.ch\/fr\/solarpark-projekt-fuenf-monate-frueher-als-geplant-fertiggestellt\/"}],"featured_image_src":"https:\/\/www.immo-invest.ch\/wp-content\/uploads\/2023\/11\/solar_15-336x168.jpg","_links":{"self":[{"href":"https:\/\/www.immo-invest.ch\/fr\/wp-json\/wp\/v2\/posts\/118258","targetHints":{"allow":["GET"]}}],"collection":[{"href":"https:\/\/www.immo-invest.ch\/fr\/wp-json\/wp\/v2\/posts"}],"about":[{"href":"https:\/\/www.immo-invest.ch\/fr\/wp-json\/wp\/v2\/types\/post"}],"author":[{"embeddable":true,"href":"https:\/\/www.immo-invest.ch\/fr\/wp-json\/wp\/v2\/users\/2"}],"replies":[{"embeddable":true,"href":"https:\/\/www.immo-invest.ch\/fr\/wp-json\/wp\/v2\/comments?post=118258"}],"version-history":[{"count":0,"href":"https:\/\/www.immo-invest.ch\/fr\/wp-json\/wp\/v2\/posts\/118258\/revisions"}],"wp:featuredmedia":[{"embeddable":true,"href":"https:\/\/www.immo-invest.ch\/fr\/wp-json\/wp\/v2\/media\/67179"}],"wp:attachment":[{"href":"https:\/\/www.immo-invest.ch\/fr\/wp-json\/wp\/v2\/media?parent=118258"}],"wp:term":[{"taxonomy":"category","embeddable":true,"href":"https:\/\/www.immo-invest.ch\/fr\/wp-json\/wp\/v2\/categories?post=118258"},{"taxonomy":"post_tag","embeddable":true,"href":"https:\/\/www.immo-invest.ch\/fr\/wp-json\/wp\/v2\/tags?post=118258"}],"curies":[{"name":"wp","href":"https:\/\/api.w.org\/{rel}","templated":true}]}}