{"id":118113,"date":"2024-10-24T15:17:23","date_gmt":"2024-10-24T13:17:23","guid":{"rendered":"https:\/\/www.immo-invest.ch\/?p=118113"},"modified":"2024-10-24T10:26:46","modified_gmt":"2024-10-24T08:26:46","slug":"ost-absolventen-sagen-solarertrag-voraus","status":"publish","type":"post","link":"https:\/\/www.immo-invest.ch\/fr\/ost-absolventen-sagen-solarertrag-voraus\/","title":{"rendered":"Les dipl\u00f4m\u00e9s de l&rsquo;OST pr\u00e9disent le rendement solaire"},"content":{"rendered":"<p class=\"bodytext\">Deux dipl&ocirc;m&eacute;s du <a href=\"https:\/\/www.ost.ch\/de\/weiterbildung\/weiterbildungsangebot\/energie-und-umwelt\/neu\/cas-energie-digital\" target=\"_blank\" rel=\"noopener\">CAS Energie digital<\/a> de l&rsquo;<a href=\"https:\/\/www.ost.ch\/de\/\" target=\"_blank\" rel=\"noopener\">OST &ndash; Ostschweizer Fachhochschule<\/a> ont d&eacute;velopp&eacute; un nouvel outil qui permet de pr&eacute;dire avec pr&eacute;cision les rendements &eacute;nerg&eacute;tiques des installations photovolta&iuml;ques (PV). Selon un <a href=\"https:\/\/www.ost.ch\/de\/die-ost\/organisation\/medien\/wirtschaftlich-sonnige-aussichten-dank-prognosetool\" target=\"_blank\" rel=\"noopener\">communiqu&eacute;<\/a> de l&rsquo;OST, il permet en outre de g&eacute;rer les donn&eacute;es des installations de mani&egrave;re simple et intuitive et de les visualiser clairement. Cela permettrait aux entreprises comme aux particuliers d&rsquo;augmenter l&rsquo;efficacit&eacute; et la rentabilit&eacute; de leurs installations.<\/p>\n<p class=\"bodytext\">Il est &laquo;&nbsp;extr&ecirc;mement important&nbsp;&raquo;, notamment pour les fournisseurs d&rsquo;&eacute;nergie, de savoir quand telle installation produit telle quantit&eacute;, explique Lukas Loser, l&rsquo;un des deux responsables. En effet, cela a notamment une influence sur l&rsquo;utilisation des centrales et les horaires de production. Cette connaissance sert donc &agrave; la stabilit&eacute; du r&eacute;seau et constitue une base importante pour les activit&eacute;s commerciales. &laquo;&nbsp;Plus on peut pr&eacute;voir avec pr&eacute;cision le portefeuille d&rsquo;une installation photovolta&iuml;que, plus les processus mentionn&eacute;s peuvent &ecirc;tre ex&eacute;cut&eacute;s de mani&egrave;re optimale. Une bonne pr&eacute;vision aide donc aussi bien les producteurs d&rsquo;&eacute;lectricit&eacute; que les clients finaux d&rsquo;un point de vue financier&nbsp;&raquo;<\/p>\n<p class=\"bodytext\">Il en va de m&ecirc;me pour les particuliers, ajoute Dimitri Gysin. En collaboration avec Loser, il a d&eacute;velopp&eacute; cet outil dans le cadre d&rsquo;un travail de projet. &laquo;&nbsp;Gr&acirc;ce &agrave; des pr&eacute;visions pr&eacute;cises, il est possible de planifier l&rsquo;utilisation d&rsquo;appareils dont la consommation d&rsquo;&eacute;nergie est plus &eacute;lev&eacute;e ou de charger la voiture &eacute;lectrique quand il y a beaucoup d&rsquo;&eacute;nergie disponible&nbsp;&raquo;<\/p>\n<p class=\"bodytext\">Tous deux estiment que des am&eacute;liorations sont encore possibles en ce qui concerne la pr&eacute;cision et la diversit&eacute; des donn&eacute;es m&eacute;t&eacute;orologiques utilis&eacute;es. Il est bien possible, selon l&rsquo;OST, que l&rsquo;outil de pr&eacute;vision soit prochainement d&eacute;velopp&eacute; par d&rsquo;autres &eacute;tudiants dans le cadre d&rsquo;un travail de licence ou de master.<\/p>\n","protected":false},"excerpt":{"rendered":"<p>Deux dipl\u00f4m\u00e9s de l&rsquo;OST &#8211; Ostschweizer Fachhochschule ont mis au point un outil innovant qui fournit des pr\u00e9visions \u00e9nerg\u00e9tiques pr\u00e9cises pour les installations photovolta\u00efques et am\u00e9liore l&rsquo;efficacit\u00e9 des installations.<\/p>\n","protected":false},"author":2,"featured_media":118108,"comment_status":"open","ping_status":"open","sticky":false,"template":"","format":"standard","meta":{"pmpro_default_level":"","inline_featured_image":false,"_monsterinsights_skip_tracking":false,"footnotes":""},"categories":[8747,743,8735,9442],"tags":[2053,872,3931,2002,873,50123],"class_list":["post-118113","post","type-post","status-publish","format-standard","has-post-thumbnail","hentry","category-energie","category-immonews-fr","category-proptech-fr","category-region-saint-gall","tag-energieeffizienz-fr","tag-immoinvest-fr","tag-immonews-fr","tag-news-fr","tag-photovoltaik-fr","tag-prognosetool-fr","pmpro-has-access"],"acf":{"bild_mit_ki_erstellt_worden":[],"lead":"Deux dipl\u00f4m\u00e9s de l'OST - Ostschweizer Fachhochschule ont mis au point un outil innovant qui fournit des pr\u00e9visions \u00e9nerg\u00e9tiques pr\u00e9cises pour les installations photovolta\u00efques et am\u00e9liore l'efficacit\u00e9 des installations.","autor":"ce\/mm","ort":"Rapperswil-Jona SG","bildunterschrift":"","bild_im_grid":false,"gallerie":"","newsim":""},"aioseo_notices":[],"aioseo_head":"\n\t\t<!-- All in One SEO 5.0.0.1 - aioseo.com -->\n\t<meta name=\"description\" content=\"Deux dipl\u00f4m\u00e9s de l&#039;OST - Ostschweizer Fachhochschule ont mis au point un outil innovant qui fournit des pr\u00e9visions \u00e9nerg\u00e9tiques pr\u00e9cises pour les installations photovolta\u00efques et am\u00e9liore l&#039;efficacit\u00e9 des installations.\" \/>\n\t<meta name=\"robots\" content=\"max-image-preview:large\" \/>\n\t<meta name=\"author\" content=\"immovestuser\"\/>\n\t<meta name=\"google-site-verification\" content=\"fHJKvgWpZCR2zVBHWfkQeFXC11qieUSff0HGNYfuyLA\" \/>\n\t<link rel=\"canonical\" href=\"https:\/\/www.immo-invest.ch\/fr\/ost-absolventen-sagen-solarertrag-voraus\/\" \/>\n\t<meta name=\"generator\" content=\"All in One SEO (AIOSEO) 5.0.0.1\" \/>\n\t\t<meta property=\"og:locale\" content=\"fr_FR\" \/>\n\t\t<meta property=\"og:site_name\" content=\"immo!nvest - Die Plattform f\u00fcr Standorte und Immobilien - Die\u00a0Plattform f\u00fcr Standorte und Immobilien\" \/>\n\t\t<meta property=\"og:type\" content=\"article\" \/>\n\t\t<meta property=\"og:title\" content=\"Les dipl\u00f4m\u00e9s de l\u2019OST pr\u00e9disent le rendement solaire - immo!nvest - Die Plattform f\u00fcr Standorte und Immobilien\" \/>\n\t\t<meta property=\"og:description\" content=\"Deux dipl\u00f4m\u00e9s de l&#039;OST - Ostschweizer Fachhochschule ont mis au point un outil innovant qui fournit des pr\u00e9visions \u00e9nerg\u00e9tiques pr\u00e9cises pour les installations photovolta\u00efques et am\u00e9liore l&#039;efficacit\u00e9 des installations.\" \/>\n\t\t<meta property=\"og:url\" content=\"https:\/\/www.immo-invest.ch\/fr\/ost-absolventen-sagen-solarertrag-voraus\/\" \/>\n\t\t<meta property=\"og:image\" content=\"https:\/\/www.immo-invest.ch\/wp-content\/uploads\/2024\/10\/Unbenannt-37.png\" \/>\n\t\t<meta property=\"og:image:secure_url\" content=\"https:\/\/www.immo-invest.ch\/wp-content\/uploads\/2024\/10\/Unbenannt-37.png\" \/>\n\t\t<meta property=\"og:image:width\" content=\"1792\" \/>\n\t\t<meta property=\"og:image:height\" content=\"1024\" \/>\n\t\t<meta property=\"article:published_time\" content=\"2024-10-24T13:17:23+00:00\" \/>\n\t\t<meta property=\"article:modified_time\" content=\"2024-10-24T08:26:46+00:00\" \/>\n\t\t<meta property=\"article:publisher\" content=\"https:\/\/www.facebook.com\/people\/Immoinvest\/100077962920504\/\" \/>\n\t\t<meta name=\"twitter:card\" content=\"summary_large_image\" \/>\n\t\t<meta name=\"twitter:site\" content=\"@i\" \/>\n\t\t<meta name=\"twitter:title\" content=\"Les dipl\u00f4m\u00e9s de l\u2019OST pr\u00e9disent le rendement solaire - immo!nvest - Die Plattform f\u00fcr Standorte und Immobilien\" \/>\n\t\t<meta name=\"twitter:description\" content=\"Deux dipl\u00f4m\u00e9s de l&#039;OST - Ostschweizer Fachhochschule ont mis au point un outil innovant qui fournit des pr\u00e9visions \u00e9nerg\u00e9tiques pr\u00e9cises pour les installations photovolta\u00efques et am\u00e9liore l&#039;efficacit\u00e9 des installations.\" \/>\n\t\t<meta name=\"twitter:creator\" content=\"@i\" \/>\n\t\t<meta name=\"twitter:image\" content=\"https:\/\/www.immo-invest.ch\/wp-content\/uploads\/2024\/10\/Unbenannt-37.png\" \/>\n\t\t<script type=\"application\/ld+json\" class=\"aioseo-schema\">\n\t\t\t{\"@context\":\"https:\\\/\\\/schema.org\",\"@graph\":[{\"@type\":\"BlogPosting\",\"@id\":\"https:\\\/\\\/www.immo-invest.ch\\\/fr\\\/ost-absolventen-sagen-solarertrag-voraus\\\/#blogposting\",\"name\":\"Les dipl\\u00f4m\\u00e9s de l\\u2019OST pr\\u00e9disent le rendement solaire - immo!nvest - Die Plattform f\\u00fcr Standorte und Immobilien\",\"headline\":\"Les dipl\\u00f4m\\u00e9s de l&rsquo;OST pr\\u00e9disent le rendement solaire\",\"author\":{\"@id\":\"https:\\\/\\\/www.immo-invest.ch\\\/fr\\\/author\\\/immovestuser\\\/#author\"},\"publisher\":{\"@id\":\"https:\\\/\\\/www.immo-invest.ch\\\/fr\\\/#organization\"},\"image\":{\"@type\":\"ImageObject\",\"url\":\"https:\\\/\\\/www.immo-invest.ch\\\/wp-content\\\/uploads\\\/2024\\\/10\\\/Unbenannt-37.png\",\"width\":1792,\"height\":1024},\"datePublished\":\"2024-10-24T15:17:23+02:00\",\"dateModified\":\"2024-10-24T10:26:46+02:00\",\"inLanguage\":\"fr-FR\",\"mainEntityOfPage\":{\"@id\":\"https:\\\/\\\/www.immo-invest.ch\\\/fr\\\/ost-absolventen-sagen-solarertrag-voraus\\\/#webpage\"},\"isPartOf\":{\"@id\":\"https:\\\/\\\/www.immo-invest.ch\\\/fr\\\/ost-absolventen-sagen-solarertrag-voraus\\\/#webpage\"},\"articleSection\":\"\\u00c9nergie, immoNews, propTech, Saint-Gall, Energieeffizienz, Immoinvest, immoNews, News, Photovoltaik, Prognosetool, Facultatif\"},{\"@type\":\"BreadcrumbList\",\"@id\":\"https:\\\/\\\/www.immo-invest.ch\\\/fr\\\/ost-absolventen-sagen-solarertrag-voraus\\\/#breadcrumblist\",\"itemListElement\":[{\"@type\":\"ListItem\",\"@id\":\"https:\\\/\\\/www.immo-invest.ch\\\/fr\\\/#listItem\",\"position\":1,\"name\":\"Home\",\"item\":\"https:\\\/\\\/www.immo-invest.ch\\\/fr\\\/\",\"nextItem\":{\"@type\":\"ListItem\",\"@id\":\"https:\\\/\\\/www.immo-invest.ch\\\/fr\\\/categories\\\/regions\\\/#listItem\",\"name\":\"R\\u00e9gions\"}},{\"@type\":\"ListItem\",\"@id\":\"https:\\\/\\\/www.immo-invest.ch\\\/fr\\\/categories\\\/regions\\\/#listItem\",\"position\":2,\"name\":\"R\\u00e9gions\",\"item\":\"https:\\\/\\\/www.immo-invest.ch\\\/fr\\\/categories\\\/regions\\\/\",\"nextItem\":{\"@type\":\"ListItem\",\"@id\":\"https:\\\/\\\/www.immo-invest.ch\\\/fr\\\/categories\\\/regions\\\/suisse\\\/#listItem\",\"name\":\"Suisse\"},\"previousItem\":{\"@type\":\"ListItem\",\"@id\":\"https:\\\/\\\/www.immo-invest.ch\\\/fr\\\/#listItem\",\"name\":\"Home\"}},{\"@type\":\"ListItem\",\"@id\":\"https:\\\/\\\/www.immo-invest.ch\\\/fr\\\/categories\\\/regions\\\/suisse\\\/#listItem\",\"position\":3,\"name\":\"Suisse\",\"item\":\"https:\\\/\\\/www.immo-invest.ch\\\/fr\\\/categories\\\/regions\\\/suisse\\\/\",\"nextItem\":{\"@type\":\"ListItem\",\"@id\":\"https:\\\/\\\/www.immo-invest.ch\\\/fr\\\/categories\\\/regions\\\/suisse\\\/suisse-orientale\\\/#listItem\",\"name\":\"Suisse orientale\"},\"previousItem\":{\"@type\":\"ListItem\",\"@id\":\"https:\\\/\\\/www.immo-invest.ch\\\/fr\\\/categories\\\/regions\\\/#listItem\",\"name\":\"R\\u00e9gions\"}},{\"@type\":\"ListItem\",\"@id\":\"https:\\\/\\\/www.immo-invest.ch\\\/fr\\\/categories\\\/regions\\\/suisse\\\/suisse-orientale\\\/#listItem\",\"position\":4,\"name\":\"Suisse orientale\",\"item\":\"https:\\\/\\\/www.immo-invest.ch\\\/fr\\\/categories\\\/regions\\\/suisse\\\/suisse-orientale\\\/\",\"nextItem\":{\"@type\":\"ListItem\",\"@id\":\"https:\\\/\\\/www.immo-invest.ch\\\/fr\\\/categories\\\/regions\\\/suisse\\\/suisse-orientale\\\/region-saint-gall\\\/#listItem\",\"name\":\"Saint-Gall\"},\"previousItem\":{\"@type\":\"ListItem\",\"@id\":\"https:\\\/\\\/www.immo-invest.ch\\\/fr\\\/categories\\\/regions\\\/suisse\\\/#listItem\",\"name\":\"Suisse\"}},{\"@type\":\"ListItem\",\"@id\":\"https:\\\/\\\/www.immo-invest.ch\\\/fr\\\/categories\\\/regions\\\/suisse\\\/suisse-orientale\\\/region-saint-gall\\\/#listItem\",\"position\":5,\"name\":\"Saint-Gall\",\"item\":\"https:\\\/\\\/www.immo-invest.ch\\\/fr\\\/categories\\\/regions\\\/suisse\\\/suisse-orientale\\\/region-saint-gall\\\/\",\"nextItem\":{\"@type\":\"ListItem\",\"@id\":\"https:\\\/\\\/www.immo-invest.ch\\\/fr\\\/ost-absolventen-sagen-solarertrag-voraus\\\/#listItem\",\"name\":\"Les dipl\\u00f4m\\u00e9s de l&rsquo;OST pr\\u00e9disent le rendement solaire\"},\"previousItem\":{\"@type\":\"ListItem\",\"@id\":\"https:\\\/\\\/www.immo-invest.ch\\\/fr\\\/categories\\\/regions\\\/suisse\\\/suisse-orientale\\\/#listItem\",\"name\":\"Suisse orientale\"}},{\"@type\":\"ListItem\",\"@id\":\"https:\\\/\\\/www.immo-invest.ch\\\/fr\\\/ost-absolventen-sagen-solarertrag-voraus\\\/#listItem\",\"position\":6,\"name\":\"Les dipl\\u00f4m\\u00e9s de l&rsquo;OST pr\\u00e9disent le rendement solaire\",\"previousItem\":{\"@type\":\"ListItem\",\"@id\":\"https:\\\/\\\/www.immo-invest.ch\\\/fr\\\/categories\\\/regions\\\/suisse\\\/suisse-orientale\\\/region-saint-gall\\\/#listItem\",\"name\":\"Saint-Gall\"}}]},{\"@type\":\"Organization\",\"@id\":\"https:\\\/\\\/www.immo-invest.ch\\\/fr\\\/#organization\",\"name\":\"immo!nvest - Die Plattform f\\u00fcr Standorte und Immobilien\",\"description\":\"Die\\u00a0Plattform f\\u00fcr Standorte und Immobilien\",\"url\":\"https:\\\/\\\/www.immo-invest.ch\\\/fr\\\/\",\"email\":\"admin@immomedia.ag\",\"telephone\":\"+41444420002\",\"logo\":{\"@type\":\"ImageObject\",\"url\":\"https:\\\/\\\/www.immo-invest.ch\\\/wp-content\\\/uploads\\\/2024\\\/09\\\/immoinvest_sm-scaled.jpg\",\"@id\":\"https:\\\/\\\/www.immo-invest.ch\\\/fr\\\/ost-absolventen-sagen-solarertrag-voraus\\\/#organizationLogo\",\"width\":2560,\"height\":1340},\"image\":{\"@id\":\"https:\\\/\\\/www.immo-invest.ch\\\/fr\\\/ost-absolventen-sagen-solarertrag-voraus\\\/#organizationLogo\"},\"sameAs\":[\"https:\\\/\\\/www.facebook.com\\\/people\\\/Immoinvest\\\/100077962920504\\\/\",\"https:\\\/\\\/x.com\\\/i\\\/flow\\\/login?redirect_after_login=immoinvest_ch\",\"https:\\\/\\\/www.instagram.com\\\/immoinvest_ch\\\/\",\"https:\\\/\\\/www.linkedin.com\\\/company\\\/immoinvest-swiss\"]},{\"@type\":\"Person\",\"@id\":\"https:\\\/\\\/www.immo-invest.ch\\\/fr\\\/author\\\/immovestuser\\\/#author\",\"url\":\"https:\\\/\\\/www.immo-invest.ch\\\/fr\\\/author\\\/immovestuser\\\/\",\"name\":\"immovestuser\",\"image\":{\"@type\":\"ImageObject\",\"@id\":\"https:\\\/\\\/www.immo-invest.ch\\\/fr\\\/ost-absolventen-sagen-solarertrag-voraus\\\/#authorImage\",\"url\":\"https:\\\/\\\/secure.gravatar.com\\\/avatar\\\/8e01f4d99f2eeea7a362ebb93305e1172a70e9293ba250f897a65c39f54cdd1e?s=96&d=mm&r=g\",\"width\":96,\"height\":96,\"caption\":\"immovestuser\"}},{\"@type\":\"WebPage\",\"@id\":\"https:\\\/\\\/www.immo-invest.ch\\\/fr\\\/ost-absolventen-sagen-solarertrag-voraus\\\/#webpage\",\"url\":\"https:\\\/\\\/www.immo-invest.ch\\\/fr\\\/ost-absolventen-sagen-solarertrag-voraus\\\/\",\"name\":\"Les dipl\\u00f4m\\u00e9s de l\\u2019OST pr\\u00e9disent le rendement solaire - immo!nvest - Die Plattform f\\u00fcr Standorte und Immobilien\",\"description\":\"Deux dipl\\u00f4m\\u00e9s de l'OST - Ostschweizer Fachhochschule ont mis au point un outil innovant qui fournit des pr\\u00e9visions \\u00e9nerg\\u00e9tiques pr\\u00e9cises pour les installations photovolta\\u00efques et am\\u00e9liore l'efficacit\\u00e9 des installations.\",\"inLanguage\":\"fr-FR\",\"isPartOf\":{\"@id\":\"https:\\\/\\\/www.immo-invest.ch\\\/fr\\\/#website\"},\"breadcrumb\":{\"@id\":\"https:\\\/\\\/www.immo-invest.ch\\\/fr\\\/ost-absolventen-sagen-solarertrag-voraus\\\/#breadcrumblist\"},\"author\":{\"@id\":\"https:\\\/\\\/www.immo-invest.ch\\\/fr\\\/author\\\/immovestuser\\\/#author\"},\"creator\":{\"@id\":\"https:\\\/\\\/www.immo-invest.ch\\\/fr\\\/author\\\/immovestuser\\\/#author\"},\"image\":{\"@type\":\"ImageObject\",\"url\":\"https:\\\/\\\/www.immo-invest.ch\\\/wp-content\\\/uploads\\\/2024\\\/10\\\/Unbenannt-37.png\",\"@id\":\"https:\\\/\\\/www.immo-invest.ch\\\/fr\\\/ost-absolventen-sagen-solarertrag-voraus\\\/#mainImage\",\"width\":1792,\"height\":1024},\"primaryImageOfPage\":{\"@id\":\"https:\\\/\\\/www.immo-invest.ch\\\/fr\\\/ost-absolventen-sagen-solarertrag-voraus\\\/#mainImage\"},\"datePublished\":\"2024-10-24T15:17:23+02:00\",\"dateModified\":\"2024-10-24T10:26:46+02:00\"},{\"@type\":\"WebSite\",\"@id\":\"https:\\\/\\\/www.immo-invest.ch\\\/fr\\\/#website\",\"url\":\"https:\\\/\\\/www.immo-invest.ch\\\/fr\\\/\",\"name\":\"immo!nvest - Die Plattform f\\u00fcr Standorte und Immobilien\",\"description\":\"Die\\u00a0Plattform f\\u00fcr Standorte und Immobilien\",\"inLanguage\":\"fr-FR\",\"publisher\":{\"@id\":\"https:\\\/\\\/www.immo-invest.ch\\\/fr\\\/#organization\"}}]}\n\t\t<\/script>\n\t\t<!-- All in One SEO -->\n\n","aioseo_head_json":{"title":"Les dipl\u00f4m\u00e9s de l\u2019OST pr\u00e9disent le rendement solaire - immo!nvest - Die Plattform f\u00fcr Standorte und Immobilien","description":"Deux dipl\u00f4m\u00e9s de l'OST - Ostschweizer Fachhochschule ont mis au point un outil innovant qui fournit des pr\u00e9visions \u00e9nerg\u00e9tiques pr\u00e9cises pour les installations photovolta\u00efques et am\u00e9liore l'efficacit\u00e9 des installations.","canonical_url":"https:\/\/www.immo-invest.ch\/fr\/ost-absolventen-sagen-solarertrag-voraus\/","robots":"max-image-preview:large","keywords":"","webmasterTools":{"google-site-verification":"fHJKvgWpZCR2zVBHWfkQeFXC11qieUSff0HGNYfuyLA","miscellaneous":""},"schema":{"@context":"https:\/\/schema.org","@graph":[{"@type":"BlogPosting","@id":"https:\/\/www.immo-invest.ch\/fr\/ost-absolventen-sagen-solarertrag-voraus\/#blogposting","name":"Les dipl\u00f4m\u00e9s de l\u2019OST pr\u00e9disent le rendement solaire - immo!nvest - Die Plattform f\u00fcr Standorte und Immobilien","headline":"Les dipl\u00f4m\u00e9s de l&rsquo;OST pr\u00e9disent le rendement solaire","author":{"@id":"https:\/\/www.immo-invest.ch\/fr\/author\/immovestuser\/#author"},"publisher":{"@id":"https:\/\/www.immo-invest.ch\/fr\/#organization"},"image":{"@type":"ImageObject","url":"https:\/\/www.immo-invest.ch\/wp-content\/uploads\/2024\/10\/Unbenannt-37.png","width":1792,"height":1024},"datePublished":"2024-10-24T15:17:23+02:00","dateModified":"2024-10-24T10:26:46+02:00","inLanguage":"fr-FR","mainEntityOfPage":{"@id":"https:\/\/www.immo-invest.ch\/fr\/ost-absolventen-sagen-solarertrag-voraus\/#webpage"},"isPartOf":{"@id":"https:\/\/www.immo-invest.ch\/fr\/ost-absolventen-sagen-solarertrag-voraus\/#webpage"},"articleSection":"\u00c9nergie, immoNews, propTech, Saint-Gall, Energieeffizienz, Immoinvest, immoNews, News, Photovoltaik, Prognosetool, Facultatif"},{"@type":"BreadcrumbList","@id":"https:\/\/www.immo-invest.ch\/fr\/ost-absolventen-sagen-solarertrag-voraus\/#breadcrumblist","itemListElement":[{"@type":"ListItem","@id":"https:\/\/www.immo-invest.ch\/fr\/#listItem","position":1,"name":"Home","item":"https:\/\/www.immo-invest.ch\/fr\/","nextItem":{"@type":"ListItem","@id":"https:\/\/www.immo-invest.ch\/fr\/categories\/regions\/#listItem","name":"R\u00e9gions"}},{"@type":"ListItem","@id":"https:\/\/www.immo-invest.ch\/fr\/categories\/regions\/#listItem","position":2,"name":"R\u00e9gions","item":"https:\/\/www.immo-invest.ch\/fr\/categories\/regions\/","nextItem":{"@type":"ListItem","@id":"https:\/\/www.immo-invest.ch\/fr\/categories\/regions\/suisse\/#listItem","name":"Suisse"},"previousItem":{"@type":"ListItem","@id":"https:\/\/www.immo-invest.ch\/fr\/#listItem","name":"Home"}},{"@type":"ListItem","@id":"https:\/\/www.immo-invest.ch\/fr\/categories\/regions\/suisse\/#listItem","position":3,"name":"Suisse","item":"https:\/\/www.immo-invest.ch\/fr\/categories\/regions\/suisse\/","nextItem":{"@type":"ListItem","@id":"https:\/\/www.immo-invest.ch\/fr\/categories\/regions\/suisse\/suisse-orientale\/#listItem","name":"Suisse orientale"},"previousItem":{"@type":"ListItem","@id":"https:\/\/www.immo-invest.ch\/fr\/categories\/regions\/#listItem","name":"R\u00e9gions"}},{"@type":"ListItem","@id":"https:\/\/www.immo-invest.ch\/fr\/categories\/regions\/suisse\/suisse-orientale\/#listItem","position":4,"name":"Suisse orientale","item":"https:\/\/www.immo-invest.ch\/fr\/categories\/regions\/suisse\/suisse-orientale\/","nextItem":{"@type":"ListItem","@id":"https:\/\/www.immo-invest.ch\/fr\/categories\/regions\/suisse\/suisse-orientale\/region-saint-gall\/#listItem","name":"Saint-Gall"},"previousItem":{"@type":"ListItem","@id":"https:\/\/www.immo-invest.ch\/fr\/categories\/regions\/suisse\/#listItem","name":"Suisse"}},{"@type":"ListItem","@id":"https:\/\/www.immo-invest.ch\/fr\/categories\/regions\/suisse\/suisse-orientale\/region-saint-gall\/#listItem","position":5,"name":"Saint-Gall","item":"https:\/\/www.immo-invest.ch\/fr\/categories\/regions\/suisse\/suisse-orientale\/region-saint-gall\/","nextItem":{"@type":"ListItem","@id":"https:\/\/www.immo-invest.ch\/fr\/ost-absolventen-sagen-solarertrag-voraus\/#listItem","name":"Les dipl\u00f4m\u00e9s de l&rsquo;OST pr\u00e9disent le rendement solaire"},"previousItem":{"@type":"ListItem","@id":"https:\/\/www.immo-invest.ch\/fr\/categories\/regions\/suisse\/suisse-orientale\/#listItem","name":"Suisse orientale"}},{"@type":"ListItem","@id":"https:\/\/www.immo-invest.ch\/fr\/ost-absolventen-sagen-solarertrag-voraus\/#listItem","position":6,"name":"Les dipl\u00f4m\u00e9s de l&rsquo;OST pr\u00e9disent le rendement solaire","previousItem":{"@type":"ListItem","@id":"https:\/\/www.immo-invest.ch\/fr\/categories\/regions\/suisse\/suisse-orientale\/region-saint-gall\/#listItem","name":"Saint-Gall"}}]},{"@type":"Organization","@id":"https:\/\/www.immo-invest.ch\/fr\/#organization","name":"immo!nvest - Die Plattform f\u00fcr Standorte und Immobilien","description":"Die\u00a0Plattform f\u00fcr Standorte und Immobilien","url":"https:\/\/www.immo-invest.ch\/fr\/","email":"admin@immomedia.ag","telephone":"+41444420002","logo":{"@type":"ImageObject","url":"https:\/\/www.immo-invest.ch\/wp-content\/uploads\/2024\/09\/immoinvest_sm-scaled.jpg","@id":"https:\/\/www.immo-invest.ch\/fr\/ost-absolventen-sagen-solarertrag-voraus\/#organizationLogo","width":2560,"height":1340},"image":{"@id":"https:\/\/www.immo-invest.ch\/fr\/ost-absolventen-sagen-solarertrag-voraus\/#organizationLogo"},"sameAs":["https:\/\/www.facebook.com\/people\/Immoinvest\/100077962920504\/","https:\/\/x.com\/i\/flow\/login?redirect_after_login=immoinvest_ch","https:\/\/www.instagram.com\/immoinvest_ch\/","https:\/\/www.linkedin.com\/company\/immoinvest-swiss"]},{"@type":"Person","@id":"https:\/\/www.immo-invest.ch\/fr\/author\/immovestuser\/#author","url":"https:\/\/www.immo-invest.ch\/fr\/author\/immovestuser\/","name":"immovestuser","image":{"@type":"ImageObject","@id":"https:\/\/www.immo-invest.ch\/fr\/ost-absolventen-sagen-solarertrag-voraus\/#authorImage","url":"https:\/\/secure.gravatar.com\/avatar\/8e01f4d99f2eeea7a362ebb93305e1172a70e9293ba250f897a65c39f54cdd1e?s=96&d=mm&r=g","width":96,"height":96,"caption":"immovestuser"}},{"@type":"WebPage","@id":"https:\/\/www.immo-invest.ch\/fr\/ost-absolventen-sagen-solarertrag-voraus\/#webpage","url":"https:\/\/www.immo-invest.ch\/fr\/ost-absolventen-sagen-solarertrag-voraus\/","name":"Les dipl\u00f4m\u00e9s de l\u2019OST pr\u00e9disent le rendement solaire - immo!nvest - Die Plattform f\u00fcr Standorte und Immobilien","description":"Deux dipl\u00f4m\u00e9s de l'OST - Ostschweizer Fachhochschule ont mis au point un outil innovant qui fournit des pr\u00e9visions \u00e9nerg\u00e9tiques pr\u00e9cises pour les installations photovolta\u00efques et am\u00e9liore l'efficacit\u00e9 des installations.","inLanguage":"fr-FR","isPartOf":{"@id":"https:\/\/www.immo-invest.ch\/fr\/#website"},"breadcrumb":{"@id":"https:\/\/www.immo-invest.ch\/fr\/ost-absolventen-sagen-solarertrag-voraus\/#breadcrumblist"},"author":{"@id":"https:\/\/www.immo-invest.ch\/fr\/author\/immovestuser\/#author"},"creator":{"@id":"https:\/\/www.immo-invest.ch\/fr\/author\/immovestuser\/#author"},"image":{"@type":"ImageObject","url":"https:\/\/www.immo-invest.ch\/wp-content\/uploads\/2024\/10\/Unbenannt-37.png","@id":"https:\/\/www.immo-invest.ch\/fr\/ost-absolventen-sagen-solarertrag-voraus\/#mainImage","width":1792,"height":1024},"primaryImageOfPage":{"@id":"https:\/\/www.immo-invest.ch\/fr\/ost-absolventen-sagen-solarertrag-voraus\/#mainImage"},"datePublished":"2024-10-24T15:17:23+02:00","dateModified":"2024-10-24T10:26:46+02:00"},{"@type":"WebSite","@id":"https:\/\/www.immo-invest.ch\/fr\/#website","url":"https:\/\/www.immo-invest.ch\/fr\/","name":"immo!nvest - Die Plattform f\u00fcr Standorte und Immobilien","description":"Die\u00a0Plattform f\u00fcr Standorte und Immobilien","inLanguage":"fr-FR","publisher":{"@id":"https:\/\/www.immo-invest.ch\/fr\/#organization"}}]},"og:locale":"fr_FR","og:site_name":"immo!nvest - Die Plattform f\u00fcr Standorte und Immobilien - Die\u00a0Plattform f\u00fcr Standorte und Immobilien","og:type":"article","og:title":"Les dipl\u00f4m\u00e9s de l\u2019OST pr\u00e9disent le rendement solaire - immo!nvest - Die Plattform f\u00fcr Standorte und Immobilien","og:description":"Deux dipl\u00f4m\u00e9s de l'OST - Ostschweizer Fachhochschule ont mis au point un outil innovant qui fournit des pr\u00e9visions \u00e9nerg\u00e9tiques pr\u00e9cises pour les installations photovolta\u00efques et am\u00e9liore l'efficacit\u00e9 des installations.","og:url":"https:\/\/www.immo-invest.ch\/fr\/ost-absolventen-sagen-solarertrag-voraus\/","og:image":"https:\/\/www.immo-invest.ch\/wp-content\/uploads\/2024\/10\/Unbenannt-37.png","og:image:secure_url":"https:\/\/www.immo-invest.ch\/wp-content\/uploads\/2024\/10\/Unbenannt-37.png","og:image:width":1792,"og:image:height":1024,"article:published_time":"2024-10-24T13:17:23+00:00","article:modified_time":"2024-10-24T08:26:46+00:00","article:publisher":"https:\/\/www.facebook.com\/people\/Immoinvest\/100077962920504\/","twitter:card":"summary_large_image","twitter:site":"@i","twitter:title":"Les dipl\u00f4m\u00e9s de l\u2019OST pr\u00e9disent le rendement solaire - immo!nvest - Die Plattform f\u00fcr Standorte und Immobilien","twitter:description":"Deux dipl\u00f4m\u00e9s de l'OST - Ostschweizer Fachhochschule ont mis au point un outil innovant qui fournit des pr\u00e9visions \u00e9nerg\u00e9tiques pr\u00e9cises pour les installations photovolta\u00efques et am\u00e9liore l'efficacit\u00e9 des installations.","twitter:creator":"@i","twitter:image":"https:\/\/www.immo-invest.ch\/wp-content\/uploads\/2024\/10\/Unbenannt-37.png"},"aioseo_meta_data":{"post_id":"118113","title":null,"description":null,"keywords":null,"keyphrases":{"focus":{"keyphrase":"","score":0,"analysis":{"keyphraseInTitle":{"score":0,"maxScore":9,"error":1}}},"additional":[]},"primary_term":null,"canonical_url":null,"og_title":null,"og_description":null,"og_object_type":"default","og_image_type":"default","og_image_url":null,"og_image_width":null,"og_image_height":null,"og_image_custom_url":null,"og_image_custom_fields":null,"og_video":"","og_custom_url":null,"og_article_section":null,"og_article_tags":null,"twitter_use_og":false,"twitter_card":"default","twitter_image_type":"default","twitter_image_url":null,"twitter_image_custom_url":null,"twitter_image_custom_fields":null,"twitter_title":null,"twitter_description":null,"schema":{"blockGraphs":[],"customGraphs":[],"default":{"data":{"Article":[],"Course":[],"Dataset":[],"FAQPage":[],"Movie":[],"Person":[],"Product":[],"ProductReview":[],"Car":[],"Recipe":[],"Service":[],"SoftwareApplication":[],"WebPage":[]},"graphName":"BlogPosting","isEnabled":true},"graphs":[]},"schema_type":"default","schema_type_options":null,"pillar_content":false,"robots_default":true,"robots_noindex":false,"robots_noarchive":false,"robots_nosnippet":false,"robots_nofollow":false,"robots_noimageindex":false,"robots_noodp":false,"robots_notranslate":false,"robots_max_snippet":"-1","robots_max_videopreview":"-1","robots_max_imagepreview":"large","priority":null,"frequency":"default","local_seo":null,"breadcrumb_settings":null,"limit_modified_date":false,"ai":null,"created":"2024-10-24 08:25:51","updated":"2025-10-24 12:05:15","seo_analyzer_scan_date":null,"focus_keyword":null,"additional_keywords":null,"truseo_locale":null},"aioseo_breadcrumb":"<div class=\"aioseo-breadcrumbs\"><span class=\"aioseo-breadcrumb\">\n\t\t\t<a href=\"https:\/\/www.immo-invest.ch\/fr\/\" title=\"Home\">Home<\/a>\n\t\t<\/span><span class=\"aioseo-breadcrumb-separator\">&raquo;<\/span><span class=\"aioseo-breadcrumb\">\n\t\t\t<a href=\"https:\/\/www.immo-invest.ch\/fr\/categories\/regions\/\" title=\"R\u00e9gions\">R\u00e9gions<\/a>\n\t\t<\/span><span class=\"aioseo-breadcrumb-separator\">&raquo;<\/span><span class=\"aioseo-breadcrumb\">\n\t\t\t<a href=\"https:\/\/www.immo-invest.ch\/fr\/categories\/regions\/suisse\/\" title=\"Suisse\">Suisse<\/a>\n\t\t<\/span><span class=\"aioseo-breadcrumb-separator\">&raquo;<\/span><span class=\"aioseo-breadcrumb\">\n\t\t\t<a href=\"https:\/\/www.immo-invest.ch\/fr\/categories\/regions\/suisse\/suisse-orientale\/\" title=\"Suisse orientale\">Suisse orientale<\/a>\n\t\t<\/span><span class=\"aioseo-breadcrumb-separator\">&raquo;<\/span><span class=\"aioseo-breadcrumb\">\n\t\t\t<a href=\"https:\/\/www.immo-invest.ch\/fr\/categories\/regions\/suisse\/suisse-orientale\/region-saint-gall\/\" title=\"Saint-Gall\">Saint-Gall<\/a>\n\t\t<\/span><span class=\"aioseo-breadcrumb-separator\">&raquo;<\/span><span class=\"aioseo-breadcrumb\">\n\t\t\tLes dipl\u00f4m\u00e9s de l\u2019OST pr\u00e9disent le rendement solaire\n\t\t<\/span><\/div>","aioseo_breadcrumb_json":[{"label":"Home","link":"https:\/\/www.immo-invest.ch\/fr\/"},{"label":"R\u00e9gions","link":"https:\/\/www.immo-invest.ch\/fr\/categories\/regions\/"},{"label":"Suisse","link":"https:\/\/www.immo-invest.ch\/fr\/categories\/regions\/suisse\/"},{"label":"Suisse orientale","link":"https:\/\/www.immo-invest.ch\/fr\/categories\/regions\/suisse\/suisse-orientale\/"},{"label":"Saint-Gall","link":"https:\/\/www.immo-invest.ch\/fr\/categories\/regions\/suisse\/suisse-orientale\/region-saint-gall\/"},{"label":"Les dipl\u00f4m\u00e9s de l&rsquo;OST pr\u00e9disent le rendement solaire","link":"https:\/\/www.immo-invest.ch\/fr\/ost-absolventen-sagen-solarertrag-voraus\/"}],"featured_image_src":"https:\/\/www.immo-invest.ch\/wp-content\/uploads\/2024\/10\/Unbenannt-37-336x168.png","_links":{"self":[{"href":"https:\/\/www.immo-invest.ch\/fr\/wp-json\/wp\/v2\/posts\/118113","targetHints":{"allow":["GET"]}}],"collection":[{"href":"https:\/\/www.immo-invest.ch\/fr\/wp-json\/wp\/v2\/posts"}],"about":[{"href":"https:\/\/www.immo-invest.ch\/fr\/wp-json\/wp\/v2\/types\/post"}],"author":[{"embeddable":true,"href":"https:\/\/www.immo-invest.ch\/fr\/wp-json\/wp\/v2\/users\/2"}],"replies":[{"embeddable":true,"href":"https:\/\/www.immo-invest.ch\/fr\/wp-json\/wp\/v2\/comments?post=118113"}],"version-history":[{"count":0,"href":"https:\/\/www.immo-invest.ch\/fr\/wp-json\/wp\/v2\/posts\/118113\/revisions"}],"wp:featuredmedia":[{"embeddable":true,"href":"https:\/\/www.immo-invest.ch\/fr\/wp-json\/wp\/v2\/media\/118108"}],"wp:attachment":[{"href":"https:\/\/www.immo-invest.ch\/fr\/wp-json\/wp\/v2\/media?parent=118113"}],"wp:term":[{"taxonomy":"category","embeddable":true,"href":"https:\/\/www.immo-invest.ch\/fr\/wp-json\/wp\/v2\/categories?post=118113"},{"taxonomy":"post_tag","embeddable":true,"href":"https:\/\/www.immo-invest.ch\/fr\/wp-json\/wp\/v2\/tags?post=118113"}],"curies":[{"name":"wp","href":"https:\/\/api.w.org\/{rel}","templated":true}]}}