{"id":117873,"date":"2024-10-22T16:07:31","date_gmt":"2024-10-22T14:07:31","guid":{"rendered":"https:\/\/www.immo-invest.ch\/zug-verabschiedet-nachhaltige-energieziele\/"},"modified":"2024-10-22T16:18:49","modified_gmt":"2024-10-22T14:18:49","slug":"zug-verabschiedet-nachhaltige-energieziele","status":"publish","type":"post","link":"https:\/\/www.immo-invest.ch\/fr\/zug-verabschiedet-nachhaltige-energieziele\/","title":{"rendered":"Zoug adopte des objectifs \u00e9nerg\u00e9tiques durables"},"content":{"rendered":"<p class=\"wp-block-paragraph\">Les besoins &eacute;nerg&eacute;tiques du canton de Zoug s&rsquo;&eacute;l&egrave;vent &agrave; pr&egrave;s de 3000 gigawattheures par an, les b&acirc;timents et la mobilit&eacute; en constituant la plus grande partie. La nouvelle strat&eacute;gie &eacute;nerg&eacute;tique et climatique (EKS) du Conseil d&rsquo;Etat vise &agrave; r&eacute;duire la consommation d&rsquo;&eacute;nergie et &agrave; miser davantage sur les &eacute;nergies renouvelables. Parall&egrave;lement, le gouvernement souhaite renforcer la s&eacute;curit&eacute; de l&rsquo;approvisionnement dans le canton et r&eacute;duire les &eacute;missions de gaz &agrave; effet de serre &agrave; z&eacute;ro net d&rsquo;ici 2050. En fixant des objectifs interm&eacute;diaires clairs jusqu&rsquo;en 2030, le gouvernement concr&eacute;tise la voie &agrave; suivre pour atteindre ces objectifs ambitieux.<\/p>\n\n\n\n\n\n<p class=\"wp-block-paragraph\"><strong>Investissements dans l&rsquo;&eacute;lectricit&eacute; solaire et le stockage de l&rsquo;&eacute;nergie<br><\/strong>L&rsquo;augmentation de la production d&rsquo;&eacute;lectricit&eacute; solaire dans le canton est un &eacute;l&eacute;ment central de la strat&eacute;gie. Parall&egrave;lement, des investissements dans des technologies innovantes de stockage de l&rsquo;&eacute;nergie, comme l&rsquo;hydrog&egrave;ne, sont pr&eacute;vus. &laquo;&nbsp;En collaborant &eacute;troitement avec les entreprises et les scientifiques, nous voulons concevoir l&rsquo;infrastructure &eacute;nerg&eacute;tique du futur&nbsp;&raquo;, explique le directeur des travaux publics Florian Weber. Les b&acirc;timents du canton doivent &eacute;galement servir de plus en plus de producteurs d&rsquo;&eacute;nergie et devenir ainsi une plaque tournante de l&rsquo;&eacute;nergie.<\/p>\n\n\n\n\n\n<p class=\"wp-block-paragraph\"><strong>Durabilit&eacute; dans l&rsquo;agriculture et technologies &agrave; &eacute;missions n&eacute;gatives<br><\/strong>Dans le cadre du projet de durabilit&eacute; KERB, le canton mise sur des mesures dans l&rsquo;agriculture pour r&eacute;duire les &eacute;missions de CO2. Les for&ecirc;ts et les marais jouent un r&ocirc;le central dans la s&eacute;questration du CO2. Pour les &eacute;missions in&eacute;vitables, le canton mise sur les technologies &agrave; &eacute;mission n&eacute;gative, qui visent &agrave; &eacute;liminer durablement le CO2 de l&rsquo;atmosph&egrave;re. Une &eacute;tude doit d&eacute;terminer le potentiel de ces technologies dans le canton.<\/p>\n\n\n\n\n\n<p class=\"wp-block-paragraph\"><strong>Adaptation au changement climatique<br><\/strong>Outre la r&eacute;duction des &eacute;missions, le canton de Zoug se pr&eacute;pare &eacute;galement aux effets du changement climatique. Une strat&eacute;gie cantonale de gestion des risques naturels vise &agrave; minimiser les risques li&eacute;s au climat, tels que la chaleur et les parasites envahissants. Parall&egrave;lement, des investissements sont r&eacute;alis&eacute;s dans des rev&ecirc;tements routiers adapt&eacute;s au climat et dans la gestion durable des for&ecirc;ts afin de garantir &agrave; la fois la protection et les espaces de d&eacute;tente.<\/p>\n\n","protected":false},"excerpt":{"rendered":"<p>Avec sa nouvelle strat\u00e9gie \u00e9nerg\u00e9tique et climatique, le Conseil d&rsquo;Etat du canton de Zoug mise sur l&rsquo;innovation et la coop\u00e9ration. L&rsquo;objectif est de r\u00e9duire les besoins \u00e9nerg\u00e9tiques, de promouvoir les \u00e9nergies renouvelables et de r\u00e9duire les \u00e9missions de gaz \u00e0 effet de serre \u00e0 un niveau net de z\u00e9ro d&rsquo;ici 2050. Pour ce faire, tous les acteurs, de l&rsquo;\u00e9conomie \u00e0 la population, sont sollicit\u00e9s.<\/p>\n","protected":false},"author":2,"featured_media":117867,"comment_status":"open","ping_status":"open","sticky":false,"template":"","format":"standard","meta":{"pmpro_default_level":"","inline_featured_image":false,"_monsterinsights_skip_tracking":false,"footnotes":""},"categories":[22699,8747,8736],"tags":[45816,4785,45302,40239,848,872,3931,50088,9751,4857,2056,34662,2002,874,2363],"class_list":["post-117873","post","type-post","status-publish","format-standard","has-post-thumbnail","hentry","category-durabilite","category-energie","category-region-zug","tag-co2-reduktion-2-fr","tag-energiebedarf-fr","tag-energiespeicherung-fr","tag-erneuerbare-energien-fr","tag-immobilien-fr","tag-immoinvest-fr","tag-immonews-fr","tag-kanton-zug-fr","tag-klimastrategie-fr","tag-klimawandel-fr","tag-nachhaltigkeit-fr","tag-negativemissionen-fr","tag-news-fr","tag-schweiz-fr","tag-solarstrom-fr","pmpro-has-access"],"acf":{"bild_mit_ki_erstellt_worden":[],"lead":"Der Regierungsrat des Kantons Zug setzt mit seiner neuen Energie- und Klimastrategie auf Innovation und Kooperation. Ziel ist es, den Energiebedarf zu senken, erneuerbare Energien zu f\u00f6rdern und die Treibhausgasemissionen bis 2050 auf Netto-Null zu reduzieren. Daf\u00fcr sind alle Akteure, von der Wirtschaft bis zur Bev\u00f6lkerung, gefragt.","autor":"Quelle: Zug","ort":"","bildunterschrift":"","bild_im_grid":false,"gallerie":"","newsim":""},"aioseo_notices":[],"aioseo_head":"\n\t\t<!-- All in One SEO 5.0.0.1 - aioseo.com -->\n\t<meta name=\"description\" content=\"Avec sa nouvelle strat\u00e9gie \u00e9nerg\u00e9tique et climatique, le Conseil d&#039;Etat du canton de Zoug mise sur l&#039;innovation et la coop\u00e9ration. L&#039;objectif est de r\u00e9duire les besoins \u00e9nerg\u00e9tiques, de promouvoir les \u00e9nergies renouvelables et de r\u00e9duire les \u00e9missions de gaz \u00e0 effet de serre \u00e0 un niveau net de z\u00e9ro d&#039;ici 2050. Pour ce faire, tous les acteurs, de l&#039;\u00e9conomie \u00e0 la population, sont sollicit\u00e9s.\" \/>\n\t<meta name=\"robots\" content=\"max-image-preview:large\" \/>\n\t<meta name=\"author\" content=\"immovestuser\"\/>\n\t<meta name=\"google-site-verification\" content=\"fHJKvgWpZCR2zVBHWfkQeFXC11qieUSff0HGNYfuyLA\" \/>\n\t<link rel=\"canonical\" href=\"https:\/\/www.immo-invest.ch\/fr\/zug-verabschiedet-nachhaltige-energieziele\/\" \/>\n\t<meta name=\"generator\" content=\"All in One SEO (AIOSEO) 5.0.0.1\" \/>\n\t\t<meta property=\"og:locale\" content=\"fr_FR\" \/>\n\t\t<meta property=\"og:site_name\" content=\"immo!nvest - Die Plattform f\u00fcr Standorte und Immobilien - Die\u00a0Plattform f\u00fcr Standorte und Immobilien\" \/>\n\t\t<meta property=\"og:type\" content=\"article\" \/>\n\t\t<meta property=\"og:title\" content=\"Zoug adopte des objectifs \u00e9nerg\u00e9tiques durables - immo!nvest - Die Plattform f\u00fcr Standorte und Immobilien\" \/>\n\t\t<meta property=\"og:description\" content=\"Avec sa nouvelle strat\u00e9gie \u00e9nerg\u00e9tique et climatique, le Conseil d&#039;Etat du canton de Zoug mise sur l&#039;innovation et la coop\u00e9ration. L&#039;objectif est de r\u00e9duire les besoins \u00e9nerg\u00e9tiques, de promouvoir les \u00e9nergies renouvelables et de r\u00e9duire les \u00e9missions de gaz \u00e0 effet de serre \u00e0 un niveau net de z\u00e9ro d&#039;ici 2050. Pour ce faire, tous les acteurs, de l&#039;\u00e9conomie \u00e0 la population, sont sollicit\u00e9s.\" \/>\n\t\t<meta property=\"og:url\" content=\"https:\/\/www.immo-invest.ch\/fr\/zug-verabschiedet-nachhaltige-energieziele\/\" \/>\n\t\t<meta property=\"og:image\" content=\"https:\/\/www.immo-invest.ch\/wp-content\/uploads\/2024\/10\/Photovoltaik_Oberwil.jpg\" \/>\n\t\t<meta property=\"og:image:secure_url\" content=\"https:\/\/www.immo-invest.ch\/wp-content\/uploads\/2024\/10\/Photovoltaik_Oberwil.jpg\" \/>\n\t\t<meta property=\"og:image:width\" content=\"2362\" \/>\n\t\t<meta property=\"og:image:height\" content=\"1577\" \/>\n\t\t<meta property=\"article:published_time\" content=\"2024-10-22T14:07:31+00:00\" \/>\n\t\t<meta property=\"article:modified_time\" content=\"2024-10-22T14:18:49+00:00\" \/>\n\t\t<meta property=\"article:publisher\" content=\"https:\/\/www.facebook.com\/people\/Immoinvest\/100077962920504\/\" \/>\n\t\t<meta name=\"twitter:card\" content=\"summary_large_image\" \/>\n\t\t<meta name=\"twitter:site\" content=\"@i\" \/>\n\t\t<meta name=\"twitter:title\" content=\"Zoug adopte des objectifs \u00e9nerg\u00e9tiques durables - immo!nvest - Die Plattform f\u00fcr Standorte und Immobilien\" \/>\n\t\t<meta name=\"twitter:description\" content=\"Avec sa nouvelle strat\u00e9gie \u00e9nerg\u00e9tique et climatique, le Conseil d&#039;Etat du canton de Zoug mise sur l&#039;innovation et la coop\u00e9ration. L&#039;objectif est de r\u00e9duire les besoins \u00e9nerg\u00e9tiques, de promouvoir les \u00e9nergies renouvelables et de r\u00e9duire les \u00e9missions de gaz \u00e0 effet de serre \u00e0 un niveau net de z\u00e9ro d&#039;ici 2050. Pour ce faire, tous les acteurs, de l&#039;\u00e9conomie \u00e0 la population, sont sollicit\u00e9s.\" \/>\n\t\t<meta name=\"twitter:creator\" content=\"@i\" \/>\n\t\t<meta name=\"twitter:image\" content=\"https:\/\/www.immo-invest.ch\/wp-content\/uploads\/2024\/10\/Photovoltaik_Oberwil.jpg\" \/>\n\t\t<script type=\"application\/ld+json\" class=\"aioseo-schema\">\n\t\t\t{\"@context\":\"https:\\\/\\\/schema.org\",\"@graph\":[{\"@type\":\"BlogPosting\",\"@id\":\"https:\\\/\\\/www.immo-invest.ch\\\/fr\\\/zug-verabschiedet-nachhaltige-energieziele\\\/#blogposting\",\"name\":\"Zoug adopte des objectifs \\u00e9nerg\\u00e9tiques durables - immo!nvest - Die Plattform f\\u00fcr Standorte und Immobilien\",\"headline\":\"Zoug adopte des objectifs \\u00e9nerg\\u00e9tiques durables\",\"author\":{\"@id\":\"https:\\\/\\\/www.immo-invest.ch\\\/fr\\\/author\\\/immovestuser\\\/#author\"},\"publisher\":{\"@id\":\"https:\\\/\\\/www.immo-invest.ch\\\/fr\\\/#organization\"},\"image\":{\"@type\":\"ImageObject\",\"url\":\"https:\\\/\\\/www.immo-invest.ch\\\/wp-content\\\/uploads\\\/2024\\\/10\\\/Photovoltaik_Oberwil.jpg\",\"width\":2362,\"height\":1577},\"datePublished\":\"2024-10-22T16:07:31+02:00\",\"dateModified\":\"2024-10-22T16:18:49+02:00\",\"inLanguage\":\"fr-FR\",\"mainEntityOfPage\":{\"@id\":\"https:\\\/\\\/www.immo-invest.ch\\\/fr\\\/zug-verabschiedet-nachhaltige-energieziele\\\/#webpage\"},\"isPartOf\":{\"@id\":\"https:\\\/\\\/www.immo-invest.ch\\\/fr\\\/zug-verabschiedet-nachhaltige-energieziele\\\/#webpage\"},\"articleSection\":\"Durabilit\\u00e9, \\u00c9nergie, Zug, CO2-Reduktion, Energiebedarf, Energiespeicherung, Erneuerbare Energien, immobilien, Immoinvest, immoNews, Kanton Zug, Klimastrategie, Klimawandel, Nachhaltigkeit, Negativemissionen, News, Schweiz, Solarstrom, Facultatif\"},{\"@type\":\"BreadcrumbList\",\"@id\":\"https:\\\/\\\/www.immo-invest.ch\\\/fr\\\/zug-verabschiedet-nachhaltige-energieziele\\\/#breadcrumblist\",\"itemListElement\":[{\"@type\":\"ListItem\",\"@id\":\"https:\\\/\\\/www.immo-invest.ch\\\/fr\\\/#listItem\",\"position\":1,\"name\":\"Home\",\"item\":\"https:\\\/\\\/www.immo-invest.ch\\\/fr\\\/\",\"nextItem\":{\"@type\":\"ListItem\",\"@id\":\"https:\\\/\\\/www.immo-invest.ch\\\/fr\\\/categories\\\/regions\\\/#listItem\",\"name\":\"R\\u00e9gions\"}},{\"@type\":\"ListItem\",\"@id\":\"https:\\\/\\\/www.immo-invest.ch\\\/fr\\\/categories\\\/regions\\\/#listItem\",\"position\":2,\"name\":\"R\\u00e9gions\",\"item\":\"https:\\\/\\\/www.immo-invest.ch\\\/fr\\\/categories\\\/regions\\\/\",\"nextItem\":{\"@type\":\"ListItem\",\"@id\":\"https:\\\/\\\/www.immo-invest.ch\\\/fr\\\/categories\\\/regions\\\/suisse\\\/#listItem\",\"name\":\"Suisse\"},\"previousItem\":{\"@type\":\"ListItem\",\"@id\":\"https:\\\/\\\/www.immo-invest.ch\\\/fr\\\/#listItem\",\"name\":\"Home\"}},{\"@type\":\"ListItem\",\"@id\":\"https:\\\/\\\/www.immo-invest.ch\\\/fr\\\/categories\\\/regions\\\/suisse\\\/#listItem\",\"position\":3,\"name\":\"Suisse\",\"item\":\"https:\\\/\\\/www.immo-invest.ch\\\/fr\\\/categories\\\/regions\\\/suisse\\\/\",\"nextItem\":{\"@type\":\"ListItem\",\"@id\":\"https:\\\/\\\/www.immo-invest.ch\\\/fr\\\/categories\\\/regions\\\/suisse\\\/region-zentralschweiz\\\/#listItem\",\"name\":\"Zentralschweiz\"},\"previousItem\":{\"@type\":\"ListItem\",\"@id\":\"https:\\\/\\\/www.immo-invest.ch\\\/fr\\\/categories\\\/regions\\\/#listItem\",\"name\":\"R\\u00e9gions\"}},{\"@type\":\"ListItem\",\"@id\":\"https:\\\/\\\/www.immo-invest.ch\\\/fr\\\/categories\\\/regions\\\/suisse\\\/region-zentralschweiz\\\/#listItem\",\"position\":4,\"name\":\"Zentralschweiz\",\"item\":\"https:\\\/\\\/www.immo-invest.ch\\\/fr\\\/categories\\\/regions\\\/suisse\\\/region-zentralschweiz\\\/\",\"nextItem\":{\"@type\":\"ListItem\",\"@id\":\"https:\\\/\\\/www.immo-invest.ch\\\/fr\\\/categories\\\/regions\\\/suisse\\\/region-zentralschweiz\\\/region-zug\\\/#listItem\",\"name\":\"Zug\"},\"previousItem\":{\"@type\":\"ListItem\",\"@id\":\"https:\\\/\\\/www.immo-invest.ch\\\/fr\\\/categories\\\/regions\\\/suisse\\\/#listItem\",\"name\":\"Suisse\"}},{\"@type\":\"ListItem\",\"@id\":\"https:\\\/\\\/www.immo-invest.ch\\\/fr\\\/categories\\\/regions\\\/suisse\\\/region-zentralschweiz\\\/region-zug\\\/#listItem\",\"position\":5,\"name\":\"Zug\",\"item\":\"https:\\\/\\\/www.immo-invest.ch\\\/fr\\\/categories\\\/regions\\\/suisse\\\/region-zentralschweiz\\\/region-zug\\\/\",\"nextItem\":{\"@type\":\"ListItem\",\"@id\":\"https:\\\/\\\/www.immo-invest.ch\\\/fr\\\/zug-verabschiedet-nachhaltige-energieziele\\\/#listItem\",\"name\":\"Zoug adopte des objectifs \\u00e9nerg\\u00e9tiques durables\"},\"previousItem\":{\"@type\":\"ListItem\",\"@id\":\"https:\\\/\\\/www.immo-invest.ch\\\/fr\\\/categories\\\/regions\\\/suisse\\\/region-zentralschweiz\\\/#listItem\",\"name\":\"Zentralschweiz\"}},{\"@type\":\"ListItem\",\"@id\":\"https:\\\/\\\/www.immo-invest.ch\\\/fr\\\/zug-verabschiedet-nachhaltige-energieziele\\\/#listItem\",\"position\":6,\"name\":\"Zoug adopte des objectifs \\u00e9nerg\\u00e9tiques durables\",\"previousItem\":{\"@type\":\"ListItem\",\"@id\":\"https:\\\/\\\/www.immo-invest.ch\\\/fr\\\/categories\\\/regions\\\/suisse\\\/region-zentralschweiz\\\/region-zug\\\/#listItem\",\"name\":\"Zug\"}}]},{\"@type\":\"Organization\",\"@id\":\"https:\\\/\\\/www.immo-invest.ch\\\/fr\\\/#organization\",\"name\":\"immo!nvest - Die Plattform f\\u00fcr Standorte und Immobilien\",\"description\":\"Die\\u00a0Plattform f\\u00fcr Standorte und Immobilien\",\"url\":\"https:\\\/\\\/www.immo-invest.ch\\\/fr\\\/\",\"email\":\"admin@immomedia.ag\",\"telephone\":\"+41444420002\",\"logo\":{\"@type\":\"ImageObject\",\"url\":\"https:\\\/\\\/www.immo-invest.ch\\\/wp-content\\\/uploads\\\/2024\\\/09\\\/immoinvest_sm-scaled.jpg\",\"@id\":\"https:\\\/\\\/www.immo-invest.ch\\\/fr\\\/zug-verabschiedet-nachhaltige-energieziele\\\/#organizationLogo\",\"width\":2560,\"height\":1340},\"image\":{\"@id\":\"https:\\\/\\\/www.immo-invest.ch\\\/fr\\\/zug-verabschiedet-nachhaltige-energieziele\\\/#organizationLogo\"},\"sameAs\":[\"https:\\\/\\\/www.facebook.com\\\/people\\\/Immoinvest\\\/100077962920504\\\/\",\"https:\\\/\\\/x.com\\\/i\\\/flow\\\/login?redirect_after_login=immoinvest_ch\",\"https:\\\/\\\/www.instagram.com\\\/immoinvest_ch\\\/\",\"https:\\\/\\\/www.linkedin.com\\\/company\\\/immoinvest-swiss\"]},{\"@type\":\"Person\",\"@id\":\"https:\\\/\\\/www.immo-invest.ch\\\/fr\\\/author\\\/immovestuser\\\/#author\",\"url\":\"https:\\\/\\\/www.immo-invest.ch\\\/fr\\\/author\\\/immovestuser\\\/\",\"name\":\"immovestuser\",\"image\":{\"@type\":\"ImageObject\",\"@id\":\"https:\\\/\\\/www.immo-invest.ch\\\/fr\\\/zug-verabschiedet-nachhaltige-energieziele\\\/#authorImage\",\"url\":\"https:\\\/\\\/secure.gravatar.com\\\/avatar\\\/8e01f4d99f2eeea7a362ebb93305e1172a70e9293ba250f897a65c39f54cdd1e?s=96&d=mm&r=g\",\"width\":96,\"height\":96,\"caption\":\"immovestuser\"}},{\"@type\":\"WebPage\",\"@id\":\"https:\\\/\\\/www.immo-invest.ch\\\/fr\\\/zug-verabschiedet-nachhaltige-energieziele\\\/#webpage\",\"url\":\"https:\\\/\\\/www.immo-invest.ch\\\/fr\\\/zug-verabschiedet-nachhaltige-energieziele\\\/\",\"name\":\"Zoug adopte des objectifs \\u00e9nerg\\u00e9tiques durables - immo!nvest - Die Plattform f\\u00fcr Standorte und Immobilien\",\"description\":\"Avec sa nouvelle strat\\u00e9gie \\u00e9nerg\\u00e9tique et climatique, le Conseil d'Etat du canton de Zoug mise sur l'innovation et la coop\\u00e9ration. L'objectif est de r\\u00e9duire les besoins \\u00e9nerg\\u00e9tiques, de promouvoir les \\u00e9nergies renouvelables et de r\\u00e9duire les \\u00e9missions de gaz \\u00e0 effet de serre \\u00e0 un niveau net de z\\u00e9ro d'ici 2050. Pour ce faire, tous les acteurs, de l'\\u00e9conomie \\u00e0 la population, sont sollicit\\u00e9s.\",\"inLanguage\":\"fr-FR\",\"isPartOf\":{\"@id\":\"https:\\\/\\\/www.immo-invest.ch\\\/fr\\\/#website\"},\"breadcrumb\":{\"@id\":\"https:\\\/\\\/www.immo-invest.ch\\\/fr\\\/zug-verabschiedet-nachhaltige-energieziele\\\/#breadcrumblist\"},\"author\":{\"@id\":\"https:\\\/\\\/www.immo-invest.ch\\\/fr\\\/author\\\/immovestuser\\\/#author\"},\"creator\":{\"@id\":\"https:\\\/\\\/www.immo-invest.ch\\\/fr\\\/author\\\/immovestuser\\\/#author\"},\"image\":{\"@type\":\"ImageObject\",\"url\":\"https:\\\/\\\/www.immo-invest.ch\\\/wp-content\\\/uploads\\\/2024\\\/10\\\/Photovoltaik_Oberwil.jpg\",\"@id\":\"https:\\\/\\\/www.immo-invest.ch\\\/fr\\\/zug-verabschiedet-nachhaltige-energieziele\\\/#mainImage\",\"width\":2362,\"height\":1577},\"primaryImageOfPage\":{\"@id\":\"https:\\\/\\\/www.immo-invest.ch\\\/fr\\\/zug-verabschiedet-nachhaltige-energieziele\\\/#mainImage\"},\"datePublished\":\"2024-10-22T16:07:31+02:00\",\"dateModified\":\"2024-10-22T16:18:49+02:00\"},{\"@type\":\"WebSite\",\"@id\":\"https:\\\/\\\/www.immo-invest.ch\\\/fr\\\/#website\",\"url\":\"https:\\\/\\\/www.immo-invest.ch\\\/fr\\\/\",\"name\":\"immo!nvest - Die Plattform f\\u00fcr Standorte und Immobilien\",\"description\":\"Die\\u00a0Plattform f\\u00fcr Standorte und Immobilien\",\"inLanguage\":\"fr-FR\",\"publisher\":{\"@id\":\"https:\\\/\\\/www.immo-invest.ch\\\/fr\\\/#organization\"}}]}\n\t\t<\/script>\n\t\t<!-- All in One SEO -->\n\n","aioseo_head_json":{"title":"Zoug adopte des objectifs \u00e9nerg\u00e9tiques durables - immo!nvest - Die Plattform f\u00fcr Standorte und Immobilien","description":"Avec sa nouvelle strat\u00e9gie \u00e9nerg\u00e9tique et climatique, le Conseil d'Etat du canton de Zoug mise sur l'innovation et la coop\u00e9ration. L'objectif est de r\u00e9duire les besoins \u00e9nerg\u00e9tiques, de promouvoir les \u00e9nergies renouvelables et de r\u00e9duire les \u00e9missions de gaz \u00e0 effet de serre \u00e0 un niveau net de z\u00e9ro d'ici 2050. Pour ce faire, tous les acteurs, de l'\u00e9conomie \u00e0 la population, sont sollicit\u00e9s.","canonical_url":"https:\/\/www.immo-invest.ch\/fr\/zug-verabschiedet-nachhaltige-energieziele\/","robots":"max-image-preview:large","keywords":"","webmasterTools":{"google-site-verification":"fHJKvgWpZCR2zVBHWfkQeFXC11qieUSff0HGNYfuyLA","miscellaneous":""},"schema":{"@context":"https:\/\/schema.org","@graph":[{"@type":"BlogPosting","@id":"https:\/\/www.immo-invest.ch\/fr\/zug-verabschiedet-nachhaltige-energieziele\/#blogposting","name":"Zoug adopte des objectifs \u00e9nerg\u00e9tiques durables - immo!nvest - Die Plattform f\u00fcr Standorte und Immobilien","headline":"Zoug adopte des objectifs \u00e9nerg\u00e9tiques durables","author":{"@id":"https:\/\/www.immo-invest.ch\/fr\/author\/immovestuser\/#author"},"publisher":{"@id":"https:\/\/www.immo-invest.ch\/fr\/#organization"},"image":{"@type":"ImageObject","url":"https:\/\/www.immo-invest.ch\/wp-content\/uploads\/2024\/10\/Photovoltaik_Oberwil.jpg","width":2362,"height":1577},"datePublished":"2024-10-22T16:07:31+02:00","dateModified":"2024-10-22T16:18:49+02:00","inLanguage":"fr-FR","mainEntityOfPage":{"@id":"https:\/\/www.immo-invest.ch\/fr\/zug-verabschiedet-nachhaltige-energieziele\/#webpage"},"isPartOf":{"@id":"https:\/\/www.immo-invest.ch\/fr\/zug-verabschiedet-nachhaltige-energieziele\/#webpage"},"articleSection":"Durabilit\u00e9, \u00c9nergie, Zug, CO2-Reduktion, Energiebedarf, Energiespeicherung, Erneuerbare Energien, immobilien, Immoinvest, immoNews, Kanton Zug, Klimastrategie, Klimawandel, Nachhaltigkeit, Negativemissionen, News, Schweiz, Solarstrom, Facultatif"},{"@type":"BreadcrumbList","@id":"https:\/\/www.immo-invest.ch\/fr\/zug-verabschiedet-nachhaltige-energieziele\/#breadcrumblist","itemListElement":[{"@type":"ListItem","@id":"https:\/\/www.immo-invest.ch\/fr\/#listItem","position":1,"name":"Home","item":"https:\/\/www.immo-invest.ch\/fr\/","nextItem":{"@type":"ListItem","@id":"https:\/\/www.immo-invest.ch\/fr\/categories\/regions\/#listItem","name":"R\u00e9gions"}},{"@type":"ListItem","@id":"https:\/\/www.immo-invest.ch\/fr\/categories\/regions\/#listItem","position":2,"name":"R\u00e9gions","item":"https:\/\/www.immo-invest.ch\/fr\/categories\/regions\/","nextItem":{"@type":"ListItem","@id":"https:\/\/www.immo-invest.ch\/fr\/categories\/regions\/suisse\/#listItem","name":"Suisse"},"previousItem":{"@type":"ListItem","@id":"https:\/\/www.immo-invest.ch\/fr\/#listItem","name":"Home"}},{"@type":"ListItem","@id":"https:\/\/www.immo-invest.ch\/fr\/categories\/regions\/suisse\/#listItem","position":3,"name":"Suisse","item":"https:\/\/www.immo-invest.ch\/fr\/categories\/regions\/suisse\/","nextItem":{"@type":"ListItem","@id":"https:\/\/www.immo-invest.ch\/fr\/categories\/regions\/suisse\/region-zentralschweiz\/#listItem","name":"Zentralschweiz"},"previousItem":{"@type":"ListItem","@id":"https:\/\/www.immo-invest.ch\/fr\/categories\/regions\/#listItem","name":"R\u00e9gions"}},{"@type":"ListItem","@id":"https:\/\/www.immo-invest.ch\/fr\/categories\/regions\/suisse\/region-zentralschweiz\/#listItem","position":4,"name":"Zentralschweiz","item":"https:\/\/www.immo-invest.ch\/fr\/categories\/regions\/suisse\/region-zentralschweiz\/","nextItem":{"@type":"ListItem","@id":"https:\/\/www.immo-invest.ch\/fr\/categories\/regions\/suisse\/region-zentralschweiz\/region-zug\/#listItem","name":"Zug"},"previousItem":{"@type":"ListItem","@id":"https:\/\/www.immo-invest.ch\/fr\/categories\/regions\/suisse\/#listItem","name":"Suisse"}},{"@type":"ListItem","@id":"https:\/\/www.immo-invest.ch\/fr\/categories\/regions\/suisse\/region-zentralschweiz\/region-zug\/#listItem","position":5,"name":"Zug","item":"https:\/\/www.immo-invest.ch\/fr\/categories\/regions\/suisse\/region-zentralschweiz\/region-zug\/","nextItem":{"@type":"ListItem","@id":"https:\/\/www.immo-invest.ch\/fr\/zug-verabschiedet-nachhaltige-energieziele\/#listItem","name":"Zoug adopte des objectifs \u00e9nerg\u00e9tiques durables"},"previousItem":{"@type":"ListItem","@id":"https:\/\/www.immo-invest.ch\/fr\/categories\/regions\/suisse\/region-zentralschweiz\/#listItem","name":"Zentralschweiz"}},{"@type":"ListItem","@id":"https:\/\/www.immo-invest.ch\/fr\/zug-verabschiedet-nachhaltige-energieziele\/#listItem","position":6,"name":"Zoug adopte des objectifs \u00e9nerg\u00e9tiques durables","previousItem":{"@type":"ListItem","@id":"https:\/\/www.immo-invest.ch\/fr\/categories\/regions\/suisse\/region-zentralschweiz\/region-zug\/#listItem","name":"Zug"}}]},{"@type":"Organization","@id":"https:\/\/www.immo-invest.ch\/fr\/#organization","name":"immo!nvest - Die Plattform f\u00fcr Standorte und Immobilien","description":"Die\u00a0Plattform f\u00fcr Standorte und Immobilien","url":"https:\/\/www.immo-invest.ch\/fr\/","email":"admin@immomedia.ag","telephone":"+41444420002","logo":{"@type":"ImageObject","url":"https:\/\/www.immo-invest.ch\/wp-content\/uploads\/2024\/09\/immoinvest_sm-scaled.jpg","@id":"https:\/\/www.immo-invest.ch\/fr\/zug-verabschiedet-nachhaltige-energieziele\/#organizationLogo","width":2560,"height":1340},"image":{"@id":"https:\/\/www.immo-invest.ch\/fr\/zug-verabschiedet-nachhaltige-energieziele\/#organizationLogo"},"sameAs":["https:\/\/www.facebook.com\/people\/Immoinvest\/100077962920504\/","https:\/\/x.com\/i\/flow\/login?redirect_after_login=immoinvest_ch","https:\/\/www.instagram.com\/immoinvest_ch\/","https:\/\/www.linkedin.com\/company\/immoinvest-swiss"]},{"@type":"Person","@id":"https:\/\/www.immo-invest.ch\/fr\/author\/immovestuser\/#author","url":"https:\/\/www.immo-invest.ch\/fr\/author\/immovestuser\/","name":"immovestuser","image":{"@type":"ImageObject","@id":"https:\/\/www.immo-invest.ch\/fr\/zug-verabschiedet-nachhaltige-energieziele\/#authorImage","url":"https:\/\/secure.gravatar.com\/avatar\/8e01f4d99f2eeea7a362ebb93305e1172a70e9293ba250f897a65c39f54cdd1e?s=96&d=mm&r=g","width":96,"height":96,"caption":"immovestuser"}},{"@type":"WebPage","@id":"https:\/\/www.immo-invest.ch\/fr\/zug-verabschiedet-nachhaltige-energieziele\/#webpage","url":"https:\/\/www.immo-invest.ch\/fr\/zug-verabschiedet-nachhaltige-energieziele\/","name":"Zoug adopte des objectifs \u00e9nerg\u00e9tiques durables - immo!nvest - Die Plattform f\u00fcr Standorte und Immobilien","description":"Avec sa nouvelle strat\u00e9gie \u00e9nerg\u00e9tique et climatique, le Conseil d'Etat du canton de Zoug mise sur l'innovation et la coop\u00e9ration. L'objectif est de r\u00e9duire les besoins \u00e9nerg\u00e9tiques, de promouvoir les \u00e9nergies renouvelables et de r\u00e9duire les \u00e9missions de gaz \u00e0 effet de serre \u00e0 un niveau net de z\u00e9ro d'ici 2050. Pour ce faire, tous les acteurs, de l'\u00e9conomie \u00e0 la population, sont sollicit\u00e9s.","inLanguage":"fr-FR","isPartOf":{"@id":"https:\/\/www.immo-invest.ch\/fr\/#website"},"breadcrumb":{"@id":"https:\/\/www.immo-invest.ch\/fr\/zug-verabschiedet-nachhaltige-energieziele\/#breadcrumblist"},"author":{"@id":"https:\/\/www.immo-invest.ch\/fr\/author\/immovestuser\/#author"},"creator":{"@id":"https:\/\/www.immo-invest.ch\/fr\/author\/immovestuser\/#author"},"image":{"@type":"ImageObject","url":"https:\/\/www.immo-invest.ch\/wp-content\/uploads\/2024\/10\/Photovoltaik_Oberwil.jpg","@id":"https:\/\/www.immo-invest.ch\/fr\/zug-verabschiedet-nachhaltige-energieziele\/#mainImage","width":2362,"height":1577},"primaryImageOfPage":{"@id":"https:\/\/www.immo-invest.ch\/fr\/zug-verabschiedet-nachhaltige-energieziele\/#mainImage"},"datePublished":"2024-10-22T16:07:31+02:00","dateModified":"2024-10-22T16:18:49+02:00"},{"@type":"WebSite","@id":"https:\/\/www.immo-invest.ch\/fr\/#website","url":"https:\/\/www.immo-invest.ch\/fr\/","name":"immo!nvest - Die Plattform f\u00fcr Standorte und Immobilien","description":"Die\u00a0Plattform f\u00fcr Standorte und Immobilien","inLanguage":"fr-FR","publisher":{"@id":"https:\/\/www.immo-invest.ch\/fr\/#organization"}}]},"og:locale":"fr_FR","og:site_name":"immo!nvest - Die Plattform f\u00fcr Standorte und Immobilien - Die\u00a0Plattform f\u00fcr Standorte und Immobilien","og:type":"article","og:title":"Zoug adopte des objectifs \u00e9nerg\u00e9tiques durables - immo!nvest - Die Plattform f\u00fcr Standorte und Immobilien","og:description":"Avec sa nouvelle strat\u00e9gie \u00e9nerg\u00e9tique et climatique, le Conseil d'Etat du canton de Zoug mise sur l'innovation et la coop\u00e9ration. L'objectif est de r\u00e9duire les besoins \u00e9nerg\u00e9tiques, de promouvoir les \u00e9nergies renouvelables et de r\u00e9duire les \u00e9missions de gaz \u00e0 effet de serre \u00e0 un niveau net de z\u00e9ro d'ici 2050. Pour ce faire, tous les acteurs, de l'\u00e9conomie \u00e0 la population, sont sollicit\u00e9s.","og:url":"https:\/\/www.immo-invest.ch\/fr\/zug-verabschiedet-nachhaltige-energieziele\/","og:image":"https:\/\/www.immo-invest.ch\/wp-content\/uploads\/2024\/10\/Photovoltaik_Oberwil.jpg","og:image:secure_url":"https:\/\/www.immo-invest.ch\/wp-content\/uploads\/2024\/10\/Photovoltaik_Oberwil.jpg","og:image:width":2362,"og:image:height":1577,"article:published_time":"2024-10-22T14:07:31+00:00","article:modified_time":"2024-10-22T14:18:49+00:00","article:publisher":"https:\/\/www.facebook.com\/people\/Immoinvest\/100077962920504\/","twitter:card":"summary_large_image","twitter:site":"@i","twitter:title":"Zoug adopte des objectifs \u00e9nerg\u00e9tiques durables - immo!nvest - Die Plattform f\u00fcr Standorte und Immobilien","twitter:description":"Avec sa nouvelle strat\u00e9gie \u00e9nerg\u00e9tique et climatique, le Conseil d'Etat du canton de Zoug mise sur l'innovation et la coop\u00e9ration. L'objectif est de r\u00e9duire les besoins \u00e9nerg\u00e9tiques, de promouvoir les \u00e9nergies renouvelables et de r\u00e9duire les \u00e9missions de gaz \u00e0 effet de serre \u00e0 un niveau net de z\u00e9ro d'ici 2050. Pour ce faire, tous les acteurs, de l'\u00e9conomie \u00e0 la population, sont sollicit\u00e9s.","twitter:creator":"@i","twitter:image":"https:\/\/www.immo-invest.ch\/wp-content\/uploads\/2024\/10\/Photovoltaik_Oberwil.jpg"},"aioseo_meta_data":{"post_id":"117873","title":null,"description":null,"keywords":null,"keyphrases":null,"primary_term":null,"canonical_url":null,"og_title":null,"og_description":null,"og_object_type":"default","og_image_type":"default","og_image_url":null,"og_image_width":null,"og_image_height":null,"og_image_custom_url":null,"og_image_custom_fields":null,"og_video":null,"og_custom_url":null,"og_article_section":null,"og_article_tags":null,"twitter_use_og":false,"twitter_card":"default","twitter_image_type":"default","twitter_image_url":null,"twitter_image_custom_url":null,"twitter_image_custom_fields":null,"twitter_title":null,"twitter_description":null,"schema":{"blockGraphs":[],"customGraphs":[],"default":{"data":{"Article":[],"Course":[],"Dataset":[],"FAQPage":[],"Movie":[],"Person":[],"Product":[],"ProductReview":[],"Car":[],"Recipe":[],"Service":[],"SoftwareApplication":[],"WebPage":[]},"graphName":"","isEnabled":true},"graphs":[]},"schema_type":"default","schema_type_options":null,"pillar_content":false,"robots_default":true,"robots_noindex":false,"robots_noarchive":false,"robots_nosnippet":false,"robots_nofollow":false,"robots_noimageindex":false,"robots_noodp":false,"robots_notranslate":false,"robots_max_snippet":null,"robots_max_videopreview":null,"robots_max_imagepreview":"large","priority":null,"frequency":null,"local_seo":null,"breadcrumb_settings":null,"limit_modified_date":false,"ai":null,"created":"2024-10-22 14:19:45","updated":"2025-10-24 11:59:17","seo_analyzer_scan_date":null,"focus_keyword":null,"additional_keywords":null,"truseo_locale":null},"aioseo_breadcrumb":"<div class=\"aioseo-breadcrumbs\"><span class=\"aioseo-breadcrumb\">\n\t\t\t<a href=\"https:\/\/www.immo-invest.ch\/fr\/\" title=\"Home\">Home<\/a>\n\t\t<\/span><span class=\"aioseo-breadcrumb-separator\">&raquo;<\/span><span class=\"aioseo-breadcrumb\">\n\t\t\t<a href=\"https:\/\/www.immo-invest.ch\/fr\/categories\/regions\/\" title=\"R\u00e9gions\">R\u00e9gions<\/a>\n\t\t<\/span><span class=\"aioseo-breadcrumb-separator\">&raquo;<\/span><span class=\"aioseo-breadcrumb\">\n\t\t\t<a href=\"https:\/\/www.immo-invest.ch\/fr\/categories\/regions\/suisse\/\" title=\"Suisse\">Suisse<\/a>\n\t\t<\/span><span class=\"aioseo-breadcrumb-separator\">&raquo;<\/span><span class=\"aioseo-breadcrumb\">\n\t\t\t<a href=\"https:\/\/www.immo-invest.ch\/fr\/categories\/regions\/suisse\/region-zentralschweiz\/\" title=\"Zentralschweiz\">Zentralschweiz<\/a>\n\t\t<\/span><span class=\"aioseo-breadcrumb-separator\">&raquo;<\/span><span class=\"aioseo-breadcrumb\">\n\t\t\t<a href=\"https:\/\/www.immo-invest.ch\/fr\/categories\/regions\/suisse\/region-zentralschweiz\/region-zug\/\" title=\"Zug\">Zug<\/a>\n\t\t<\/span><span class=\"aioseo-breadcrumb-separator\">&raquo;<\/span><span class=\"aioseo-breadcrumb\">\n\t\t\tZoug adopte des objectifs \u00e9nerg\u00e9tiques durables\n\t\t<\/span><\/div>","aioseo_breadcrumb_json":[{"label":"Home","link":"https:\/\/www.immo-invest.ch\/fr\/"},{"label":"R\u00e9gions","link":"https:\/\/www.immo-invest.ch\/fr\/categories\/regions\/"},{"label":"Suisse","link":"https:\/\/www.immo-invest.ch\/fr\/categories\/regions\/suisse\/"},{"label":"Zentralschweiz","link":"https:\/\/www.immo-invest.ch\/fr\/categories\/regions\/suisse\/region-zentralschweiz\/"},{"label":"Zug","link":"https:\/\/www.immo-invest.ch\/fr\/categories\/regions\/suisse\/region-zentralschweiz\/region-zug\/"},{"label":"Zoug adopte des objectifs \u00e9nerg\u00e9tiques durables","link":"https:\/\/www.immo-invest.ch\/fr\/zug-verabschiedet-nachhaltige-energieziele\/"}],"featured_image_src":"https:\/\/www.immo-invest.ch\/wp-content\/uploads\/2024\/10\/Photovoltaik_Oberwil-336x168.jpg","_links":{"self":[{"href":"https:\/\/www.immo-invest.ch\/fr\/wp-json\/wp\/v2\/posts\/117873","targetHints":{"allow":["GET"]}}],"collection":[{"href":"https:\/\/www.immo-invest.ch\/fr\/wp-json\/wp\/v2\/posts"}],"about":[{"href":"https:\/\/www.immo-invest.ch\/fr\/wp-json\/wp\/v2\/types\/post"}],"author":[{"embeddable":true,"href":"https:\/\/www.immo-invest.ch\/fr\/wp-json\/wp\/v2\/users\/2"}],"replies":[{"embeddable":true,"href":"https:\/\/www.immo-invest.ch\/fr\/wp-json\/wp\/v2\/comments?post=117873"}],"version-history":[{"count":0,"href":"https:\/\/www.immo-invest.ch\/fr\/wp-json\/wp\/v2\/posts\/117873\/revisions"}],"wp:featuredmedia":[{"embeddable":true,"href":"https:\/\/www.immo-invest.ch\/fr\/wp-json\/wp\/v2\/media\/117867"}],"wp:attachment":[{"href":"https:\/\/www.immo-invest.ch\/fr\/wp-json\/wp\/v2\/media?parent=117873"}],"wp:term":[{"taxonomy":"category","embeddable":true,"href":"https:\/\/www.immo-invest.ch\/fr\/wp-json\/wp\/v2\/categories?post=117873"},{"taxonomy":"post_tag","embeddable":true,"href":"https:\/\/www.immo-invest.ch\/fr\/wp-json\/wp\/v2\/tags?post=117873"}],"curies":[{"name":"wp","href":"https:\/\/api.w.org\/{rel}","templated":true}]}}