{"id":117677,"date":"2024-10-21T15:00:00","date_gmt":"2024-10-21T13:00:00","guid":{"rendered":"https:\/\/www.immo-invest.ch\/?p=117677"},"modified":"2024-10-21T09:54:25","modified_gmt":"2024-10-21T07:54:25","slug":"mieten-und-preise-fuer-wohneigentum-im-kanton-glarus-bleiben-im-aufwaertstrend","status":"publish","type":"post","link":"https:\/\/www.immo-invest.ch\/fr\/mieten-und-preise-fuer-wohneigentum-im-kanton-glarus-bleiben-im-aufwaertstrend\/","title":{"rendered":"Les loyers et les prix des logements en propri\u00e9t\u00e9 dans le canton de Glaris restent orient\u00e9s \u00e0 la hausse"},"content":{"rendered":"<p class=\"bodytext\">&laquo;&nbsp;Le canton de Glaris reste une r&eacute;gion r&eacute;sidentielle appr&eacute;ci&eacute;e&nbsp;&raquo;, &eacute;crit la <a href=\"https:\/\/glkb.ch\/\" target=\"_blank\" rel=\"noopener\">Banque cantonale de Glaris<\/a> dans un <a href=\"https:\/\/glkb.ch\/newsdetails\/-\/article\/mm-07102024-immobilienmarktbericht-2024\" target=\"_blank\" rel=\"noopener\">communiqu&eacute;<\/a> sur le rapport 2024 du march&eacute; immobilier pour le canton de Glaris. Ce rapport a &eacute;t&eacute; &eacute;labor&eacute; par la banque cantonale en collaboration avec <a href=\"https:\/\/www.wuestpartner.com\/ch-de\/\" target=\"_blank\" rel=\"noopener\">W&uuml;est Partner AG<\/a> de Zurich. Le rapport montre les tendances actuelles et pr&eacute;voit comment les loyers et les prix des logements en propri&eacute;t&eacute; vont &eacute;voluer dans le canton.<\/p>\n<p class=\"bodytext\">Actuellement, le march&eacute; du logement dans le canton de Glaris se caract&eacute;rise par une demande stable et une offre limit&eacute;e. En cons&eacute;quence, les prix des logements en propri&eacute;t&eacute; ont continu&eacute; &agrave; augmenter. Concr&egrave;tement, au deuxi&egrave;me trimestre 2024, ils &eacute;taient sup&eacute;rieurs de 2,1% &agrave; ceux de l&rsquo;ann&eacute;e pr&eacute;c&eacute;dente. Dans le m&ecirc;me temps, les prix des maisons individuelles ont l&eacute;g&egrave;rement baiss&eacute; en comparaison annuelle. Selon les sp&eacute;cialistes de la banque cantonale et du prestataire de services immobiliers, les r&eacute;centes baisses des taux d&rsquo;int&eacute;r&ecirc;t vont toutefois continuer &agrave; stimuler la demande de logements en propri&eacute;t&eacute;. Ils s&rsquo;attendent donc &agrave; ce que la l&eacute;g&egrave;re tendance &agrave; la hausse se poursuive.<\/p>\n<p class=\"bodytext\">En ce qui concerne les loyers, les sp&eacute;cialistes ont observ&eacute; une hausse de 4,5 % l&rsquo;an dernier. Ils devraient toutefois &laquo;&nbsp;rester stables pour le moment&nbsp;&raquo; apr&egrave;s les derni&egrave;res hausses d&rsquo;avril, pr&eacute;cise le communiqu&eacute;. Le <a href=\"https:\/\/glkb.ch\/immobilienmarktbericht\" target=\"_blank\" rel=\"noopener\">rapport complet<\/a> peut &ecirc;tre consult&eacute; sur le site Internet de la banque cantonale.<\/p>\n","protected":false},"excerpt":{"rendered":"<p>Les prix des appartements en propri\u00e9t\u00e9 dans le canton de Glaris ont continu\u00e9 \u00e0 augmenter cette ann\u00e9e. Les loyers propos\u00e9s ont \u00e9galement augment\u00e9 en comparaison annuelle. C&rsquo;est ce que montre un rapport de la Banque cantonale de Glaris et de W\u00fcest Partner AG. Il pr\u00e9voit une poursuite de la tendance \u00e0 la hausse.<\/p>\n","protected":false},"author":2,"featured_media":64051,"comment_status":"open","ping_status":"open","sticky":false,"template":"","format":"standard","meta":{"pmpro_default_level":"","inline_featured_image":false,"_monsterinsights_skip_tracking":false,"footnotes":""},"categories":[9430,45951,743,22438],"tags":[],"class_list":["post-117677","post","type-post","status-publish","format-standard","has-post-thumbnail","hentry","category-business-fr","category-glarus-fr","category-immonews-fr","category-trends-fr","pmpro-has-access"],"acf":{"bild_mit_ki_erstellt_worden":[],"lead":"Les prix des appartements en propri\u00e9t\u00e9 dans le canton de Glaris ont continu\u00e9 \u00e0 augmenter cette ann\u00e9e. Les loyers propos\u00e9s ont \u00e9galement augment\u00e9 en comparaison annuelle. C'est ce que montre un rapport de la Banque cantonale de Glaris et de W\u00fcest Partner AG. Il pr\u00e9voit une poursuite de la tendance \u00e0 la hausse.","autor":"ce\/hs","ort":"Glarus\/Z\u00fcrich","bildunterschrift":"","bild_im_grid":false,"gallerie":"","newsim":""},"aioseo_notices":[],"aioseo_head":"\n\t\t<!-- All in One SEO 5.0.0.1 - aioseo.com -->\n\t<meta name=\"description\" content=\"Les prix des appartements en propri\u00e9t\u00e9 dans le canton de Glaris ont continu\u00e9 \u00e0 augmenter cette ann\u00e9e. Les loyers propos\u00e9s ont \u00e9galement augment\u00e9 en comparaison annuelle. C&#039;est ce que montre un rapport de la Banque cantonale de Glaris et de W\u00fcest Partner AG. Il pr\u00e9voit une poursuite de la tendance \u00e0 la hausse.\" \/>\n\t<meta name=\"robots\" content=\"max-image-preview:large\" \/>\n\t<meta name=\"author\" content=\"immovestuser\"\/>\n\t<meta name=\"google-site-verification\" content=\"fHJKvgWpZCR2zVBHWfkQeFXC11qieUSff0HGNYfuyLA\" \/>\n\t<link rel=\"canonical\" href=\"https:\/\/www.immo-invest.ch\/fr\/mieten-und-preise-fuer-wohneigentum-im-kanton-glarus-bleiben-im-aufwaertstrend\/\" \/>\n\t<meta name=\"generator\" content=\"All in One SEO (AIOSEO) 5.0.0.1\" \/>\n\t\t<meta property=\"og:locale\" content=\"fr_FR\" \/>\n\t\t<meta property=\"og:site_name\" content=\"immo!nvest - Die Plattform f\u00fcr Standorte und Immobilien - Die\u00a0Plattform f\u00fcr Standorte und Immobilien\" \/>\n\t\t<meta property=\"og:type\" content=\"article\" \/>\n\t\t<meta property=\"og:title\" content=\"Les loyers et les prix des logements en propri\u00e9t\u00e9 dans le canton de Glaris restent orient\u00e9s \u00e0 la hausse - immo!nvest - Die Plattform f\u00fcr Standorte und Immobilien\" \/>\n\t\t<meta property=\"og:description\" content=\"Les prix des appartements en propri\u00e9t\u00e9 dans le canton de Glaris ont continu\u00e9 \u00e0 augmenter cette ann\u00e9e. Les loyers propos\u00e9s ont \u00e9galement augment\u00e9 en comparaison annuelle. C&#039;est ce que montre un rapport de la Banque cantonale de Glaris et de W\u00fcest Partner AG. Il pr\u00e9voit une poursuite de la tendance \u00e0 la hausse.\" \/>\n\t\t<meta property=\"og:url\" content=\"https:\/\/www.immo-invest.ch\/fr\/mieten-und-preise-fuer-wohneigentum-im-kanton-glarus-bleiben-im-aufwaertstrend\/\" \/>\n\t\t<meta property=\"og:image\" content=\"https:\/\/www.immo-invest.ch\/wp-content\/uploads\/2023\/09\/Finanzen_13.jpg\" \/>\n\t\t<meta property=\"og:image:secure_url\" content=\"https:\/\/www.immo-invest.ch\/wp-content\/uploads\/2023\/09\/Finanzen_13.jpg\" \/>\n\t\t<meta property=\"og:image:width\" content=\"1200\" \/>\n\t\t<meta property=\"og:image:height\" content=\"720\" \/>\n\t\t<meta property=\"article:published_time\" content=\"2024-10-21T13:00:00+00:00\" \/>\n\t\t<meta property=\"article:modified_time\" content=\"2024-10-21T07:54:25+00:00\" \/>\n\t\t<meta property=\"article:publisher\" content=\"https:\/\/www.facebook.com\/people\/Immoinvest\/100077962920504\/\" \/>\n\t\t<meta name=\"twitter:card\" content=\"summary_large_image\" \/>\n\t\t<meta name=\"twitter:site\" content=\"@i\" \/>\n\t\t<meta name=\"twitter:title\" content=\"Les loyers et les prix des logements en propri\u00e9t\u00e9 dans le canton de Glaris restent orient\u00e9s \u00e0 la hausse - immo!nvest - Die Plattform f\u00fcr Standorte und Immobilien\" \/>\n\t\t<meta name=\"twitter:description\" content=\"Les prix des appartements en propri\u00e9t\u00e9 dans le canton de Glaris ont continu\u00e9 \u00e0 augmenter cette ann\u00e9e. Les loyers propos\u00e9s ont \u00e9galement augment\u00e9 en comparaison annuelle. C&#039;est ce que montre un rapport de la Banque cantonale de Glaris et de W\u00fcest Partner AG. Il pr\u00e9voit une poursuite de la tendance \u00e0 la hausse.\" \/>\n\t\t<meta name=\"twitter:creator\" content=\"@i\" \/>\n\t\t<meta name=\"twitter:image\" content=\"https:\/\/www.immo-invest.ch\/wp-content\/uploads\/2023\/09\/Finanzen_13.jpg\" \/>\n\t\t<script type=\"application\/ld+json\" class=\"aioseo-schema\">\n\t\t\t{\"@context\":\"https:\\\/\\\/schema.org\",\"@graph\":[{\"@type\":\"BlogPosting\",\"@id\":\"https:\\\/\\\/www.immo-invest.ch\\\/fr\\\/mieten-und-preise-fuer-wohneigentum-im-kanton-glarus-bleiben-im-aufwaertstrend\\\/#blogposting\",\"name\":\"Les loyers et les prix des logements en propri\\u00e9t\\u00e9 dans le canton de Glaris restent orient\\u00e9s \\u00e0 la hausse - immo!nvest - Die Plattform f\\u00fcr Standorte und Immobilien\",\"headline\":\"Les loyers et les prix des logements en propri\\u00e9t\\u00e9 dans le canton de Glaris restent orient\\u00e9s \\u00e0 la hausse\",\"author\":{\"@id\":\"https:\\\/\\\/www.immo-invest.ch\\\/fr\\\/author\\\/immovestuser\\\/#author\"},\"publisher\":{\"@id\":\"https:\\\/\\\/www.immo-invest.ch\\\/fr\\\/#organization\"},\"image\":{\"@type\":\"ImageObject\",\"url\":\"https:\\\/\\\/www.immo-invest.ch\\\/wp-content\\\/uploads\\\/2023\\\/09\\\/Finanzen_13.jpg\",\"width\":1200,\"height\":720},\"datePublished\":\"2024-10-21T15:00:00+02:00\",\"dateModified\":\"2024-10-21T09:54:25+02:00\",\"inLanguage\":\"fr-FR\",\"mainEntityOfPage\":{\"@id\":\"https:\\\/\\\/www.immo-invest.ch\\\/fr\\\/mieten-und-preise-fuer-wohneigentum-im-kanton-glarus-bleiben-im-aufwaertstrend\\\/#webpage\"},\"isPartOf\":{\"@id\":\"https:\\\/\\\/www.immo-invest.ch\\\/fr\\\/mieten-und-preise-fuer-wohneigentum-im-kanton-glarus-bleiben-im-aufwaertstrend\\\/#webpage\"},\"articleSection\":\"Business, Glarus, immoNews, Trends, Facultatif\"},{\"@type\":\"BreadcrumbList\",\"@id\":\"https:\\\/\\\/www.immo-invest.ch\\\/fr\\\/mieten-und-preise-fuer-wohneigentum-im-kanton-glarus-bleiben-im-aufwaertstrend\\\/#breadcrumblist\",\"itemListElement\":[{\"@type\":\"ListItem\",\"@id\":\"https:\\\/\\\/www.immo-invest.ch\\\/fr\\\/#listItem\",\"position\":1,\"name\":\"Home\",\"item\":\"https:\\\/\\\/www.immo-invest.ch\\\/fr\\\/\",\"nextItem\":{\"@type\":\"ListItem\",\"@id\":\"https:\\\/\\\/www.immo-invest.ch\\\/fr\\\/categories\\\/regions\\\/#listItem\",\"name\":\"R\\u00e9gions\"}},{\"@type\":\"ListItem\",\"@id\":\"https:\\\/\\\/www.immo-invest.ch\\\/fr\\\/categories\\\/regions\\\/#listItem\",\"position\":2,\"name\":\"R\\u00e9gions\",\"item\":\"https:\\\/\\\/www.immo-invest.ch\\\/fr\\\/categories\\\/regions\\\/\",\"nextItem\":{\"@type\":\"ListItem\",\"@id\":\"https:\\\/\\\/www.immo-invest.ch\\\/fr\\\/categories\\\/regions\\\/suisse\\\/#listItem\",\"name\":\"Suisse\"},\"previousItem\":{\"@type\":\"ListItem\",\"@id\":\"https:\\\/\\\/www.immo-invest.ch\\\/fr\\\/#listItem\",\"name\":\"Home\"}},{\"@type\":\"ListItem\",\"@id\":\"https:\\\/\\\/www.immo-invest.ch\\\/fr\\\/categories\\\/regions\\\/suisse\\\/#listItem\",\"position\":3,\"name\":\"Suisse\",\"item\":\"https:\\\/\\\/www.immo-invest.ch\\\/fr\\\/categories\\\/regions\\\/suisse\\\/\",\"nextItem\":{\"@type\":\"ListItem\",\"@id\":\"https:\\\/\\\/www.immo-invest.ch\\\/fr\\\/categories\\\/regions\\\/suisse\\\/suisse-orientale\\\/#listItem\",\"name\":\"Suisse orientale\"},\"previousItem\":{\"@type\":\"ListItem\",\"@id\":\"https:\\\/\\\/www.immo-invest.ch\\\/fr\\\/categories\\\/regions\\\/#listItem\",\"name\":\"R\\u00e9gions\"}},{\"@type\":\"ListItem\",\"@id\":\"https:\\\/\\\/www.immo-invest.ch\\\/fr\\\/categories\\\/regions\\\/suisse\\\/suisse-orientale\\\/#listItem\",\"position\":4,\"name\":\"Suisse orientale\",\"item\":\"https:\\\/\\\/www.immo-invest.ch\\\/fr\\\/categories\\\/regions\\\/suisse\\\/suisse-orientale\\\/\",\"nextItem\":{\"@type\":\"ListItem\",\"@id\":\"https:\\\/\\\/www.immo-invest.ch\\\/fr\\\/categories\\\/regions\\\/suisse\\\/suisse-orientale\\\/glarus-fr\\\/#listItem\",\"name\":\"Glarus\"},\"previousItem\":{\"@type\":\"ListItem\",\"@id\":\"https:\\\/\\\/www.immo-invest.ch\\\/fr\\\/categories\\\/regions\\\/suisse\\\/#listItem\",\"name\":\"Suisse\"}},{\"@type\":\"ListItem\",\"@id\":\"https:\\\/\\\/www.immo-invest.ch\\\/fr\\\/categories\\\/regions\\\/suisse\\\/suisse-orientale\\\/glarus-fr\\\/#listItem\",\"position\":5,\"name\":\"Glarus\",\"item\":\"https:\\\/\\\/www.immo-invest.ch\\\/fr\\\/categories\\\/regions\\\/suisse\\\/suisse-orientale\\\/glarus-fr\\\/\",\"nextItem\":{\"@type\":\"ListItem\",\"@id\":\"https:\\\/\\\/www.immo-invest.ch\\\/fr\\\/mieten-und-preise-fuer-wohneigentum-im-kanton-glarus-bleiben-im-aufwaertstrend\\\/#listItem\",\"name\":\"Les loyers et les prix des logements en propri\\u00e9t\\u00e9 dans le canton de Glaris restent orient\\u00e9s \\u00e0 la hausse\"},\"previousItem\":{\"@type\":\"ListItem\",\"@id\":\"https:\\\/\\\/www.immo-invest.ch\\\/fr\\\/categories\\\/regions\\\/suisse\\\/suisse-orientale\\\/#listItem\",\"name\":\"Suisse orientale\"}},{\"@type\":\"ListItem\",\"@id\":\"https:\\\/\\\/www.immo-invest.ch\\\/fr\\\/mieten-und-preise-fuer-wohneigentum-im-kanton-glarus-bleiben-im-aufwaertstrend\\\/#listItem\",\"position\":6,\"name\":\"Les loyers et les prix des logements en propri\\u00e9t\\u00e9 dans le canton de Glaris restent orient\\u00e9s \\u00e0 la hausse\",\"previousItem\":{\"@type\":\"ListItem\",\"@id\":\"https:\\\/\\\/www.immo-invest.ch\\\/fr\\\/categories\\\/regions\\\/suisse\\\/suisse-orientale\\\/glarus-fr\\\/#listItem\",\"name\":\"Glarus\"}}]},{\"@type\":\"Organization\",\"@id\":\"https:\\\/\\\/www.immo-invest.ch\\\/fr\\\/#organization\",\"name\":\"immo!nvest - Die Plattform f\\u00fcr Standorte und Immobilien\",\"description\":\"Die\\u00a0Plattform f\\u00fcr Standorte und Immobilien\",\"url\":\"https:\\\/\\\/www.immo-invest.ch\\\/fr\\\/\",\"email\":\"admin@immomedia.ag\",\"telephone\":\"+41444420002\",\"logo\":{\"@type\":\"ImageObject\",\"url\":\"https:\\\/\\\/www.immo-invest.ch\\\/wp-content\\\/uploads\\\/2024\\\/09\\\/immoinvest_sm-scaled.jpg\",\"@id\":\"https:\\\/\\\/www.immo-invest.ch\\\/fr\\\/mieten-und-preise-fuer-wohneigentum-im-kanton-glarus-bleiben-im-aufwaertstrend\\\/#organizationLogo\",\"width\":2560,\"height\":1340},\"image\":{\"@id\":\"https:\\\/\\\/www.immo-invest.ch\\\/fr\\\/mieten-und-preise-fuer-wohneigentum-im-kanton-glarus-bleiben-im-aufwaertstrend\\\/#organizationLogo\"},\"sameAs\":[\"https:\\\/\\\/www.facebook.com\\\/people\\\/Immoinvest\\\/100077962920504\\\/\",\"https:\\\/\\\/x.com\\\/i\\\/flow\\\/login?redirect_after_login=immoinvest_ch\",\"https:\\\/\\\/www.instagram.com\\\/immoinvest_ch\\\/\",\"https:\\\/\\\/www.linkedin.com\\\/company\\\/immoinvest-swiss\"]},{\"@type\":\"Person\",\"@id\":\"https:\\\/\\\/www.immo-invest.ch\\\/fr\\\/author\\\/immovestuser\\\/#author\",\"url\":\"https:\\\/\\\/www.immo-invest.ch\\\/fr\\\/author\\\/immovestuser\\\/\",\"name\":\"immovestuser\",\"image\":{\"@type\":\"ImageObject\",\"@id\":\"https:\\\/\\\/www.immo-invest.ch\\\/fr\\\/mieten-und-preise-fuer-wohneigentum-im-kanton-glarus-bleiben-im-aufwaertstrend\\\/#authorImage\",\"url\":\"https:\\\/\\\/secure.gravatar.com\\\/avatar\\\/8e01f4d99f2eeea7a362ebb93305e1172a70e9293ba250f897a65c39f54cdd1e?s=96&d=mm&r=g\",\"width\":96,\"height\":96,\"caption\":\"immovestuser\"}},{\"@type\":\"WebPage\",\"@id\":\"https:\\\/\\\/www.immo-invest.ch\\\/fr\\\/mieten-und-preise-fuer-wohneigentum-im-kanton-glarus-bleiben-im-aufwaertstrend\\\/#webpage\",\"url\":\"https:\\\/\\\/www.immo-invest.ch\\\/fr\\\/mieten-und-preise-fuer-wohneigentum-im-kanton-glarus-bleiben-im-aufwaertstrend\\\/\",\"name\":\"Les loyers et les prix des logements en propri\\u00e9t\\u00e9 dans le canton de Glaris restent orient\\u00e9s \\u00e0 la hausse - immo!nvest - Die Plattform f\\u00fcr Standorte und Immobilien\",\"description\":\"Les prix des appartements en propri\\u00e9t\\u00e9 dans le canton de Glaris ont continu\\u00e9 \\u00e0 augmenter cette ann\\u00e9e. Les loyers propos\\u00e9s ont \\u00e9galement augment\\u00e9 en comparaison annuelle. C'est ce que montre un rapport de la Banque cantonale de Glaris et de W\\u00fcest Partner AG. Il pr\\u00e9voit une poursuite de la tendance \\u00e0 la hausse.\",\"inLanguage\":\"fr-FR\",\"isPartOf\":{\"@id\":\"https:\\\/\\\/www.immo-invest.ch\\\/fr\\\/#website\"},\"breadcrumb\":{\"@id\":\"https:\\\/\\\/www.immo-invest.ch\\\/fr\\\/mieten-und-preise-fuer-wohneigentum-im-kanton-glarus-bleiben-im-aufwaertstrend\\\/#breadcrumblist\"},\"author\":{\"@id\":\"https:\\\/\\\/www.immo-invest.ch\\\/fr\\\/author\\\/immovestuser\\\/#author\"},\"creator\":{\"@id\":\"https:\\\/\\\/www.immo-invest.ch\\\/fr\\\/author\\\/immovestuser\\\/#author\"},\"image\":{\"@type\":\"ImageObject\",\"url\":\"https:\\\/\\\/www.immo-invest.ch\\\/wp-content\\\/uploads\\\/2023\\\/09\\\/Finanzen_13.jpg\",\"@id\":\"https:\\\/\\\/www.immo-invest.ch\\\/fr\\\/mieten-und-preise-fuer-wohneigentum-im-kanton-glarus-bleiben-im-aufwaertstrend\\\/#mainImage\",\"width\":1200,\"height\":720},\"primaryImageOfPage\":{\"@id\":\"https:\\\/\\\/www.immo-invest.ch\\\/fr\\\/mieten-und-preise-fuer-wohneigentum-im-kanton-glarus-bleiben-im-aufwaertstrend\\\/#mainImage\"},\"datePublished\":\"2024-10-21T15:00:00+02:00\",\"dateModified\":\"2024-10-21T09:54:25+02:00\"},{\"@type\":\"WebSite\",\"@id\":\"https:\\\/\\\/www.immo-invest.ch\\\/fr\\\/#website\",\"url\":\"https:\\\/\\\/www.immo-invest.ch\\\/fr\\\/\",\"name\":\"immo!nvest - Die Plattform f\\u00fcr Standorte und Immobilien\",\"description\":\"Die\\u00a0Plattform f\\u00fcr Standorte und Immobilien\",\"inLanguage\":\"fr-FR\",\"publisher\":{\"@id\":\"https:\\\/\\\/www.immo-invest.ch\\\/fr\\\/#organization\"}}]}\n\t\t<\/script>\n\t\t<!-- All in One SEO -->\n\n","aioseo_head_json":{"title":"Les loyers et les prix des logements en propri\u00e9t\u00e9 dans le canton de Glaris restent orient\u00e9s \u00e0 la hausse - immo!nvest - Die Plattform f\u00fcr Standorte und Immobilien","description":"Les prix des appartements en propri\u00e9t\u00e9 dans le canton de Glaris ont continu\u00e9 \u00e0 augmenter cette ann\u00e9e. Les loyers propos\u00e9s ont \u00e9galement augment\u00e9 en comparaison annuelle. C'est ce que montre un rapport de la Banque cantonale de Glaris et de W\u00fcest Partner AG. Il pr\u00e9voit une poursuite de la tendance \u00e0 la hausse.","canonical_url":"https:\/\/www.immo-invest.ch\/fr\/mieten-und-preise-fuer-wohneigentum-im-kanton-glarus-bleiben-im-aufwaertstrend\/","robots":"max-image-preview:large","keywords":"","webmasterTools":{"google-site-verification":"fHJKvgWpZCR2zVBHWfkQeFXC11qieUSff0HGNYfuyLA","miscellaneous":""},"schema":{"@context":"https:\/\/schema.org","@graph":[{"@type":"BlogPosting","@id":"https:\/\/www.immo-invest.ch\/fr\/mieten-und-preise-fuer-wohneigentum-im-kanton-glarus-bleiben-im-aufwaertstrend\/#blogposting","name":"Les loyers et les prix des logements en propri\u00e9t\u00e9 dans le canton de Glaris restent orient\u00e9s \u00e0 la hausse - immo!nvest - Die Plattform f\u00fcr Standorte und Immobilien","headline":"Les loyers et les prix des logements en propri\u00e9t\u00e9 dans le canton de Glaris restent orient\u00e9s \u00e0 la hausse","author":{"@id":"https:\/\/www.immo-invest.ch\/fr\/author\/immovestuser\/#author"},"publisher":{"@id":"https:\/\/www.immo-invest.ch\/fr\/#organization"},"image":{"@type":"ImageObject","url":"https:\/\/www.immo-invest.ch\/wp-content\/uploads\/2023\/09\/Finanzen_13.jpg","width":1200,"height":720},"datePublished":"2024-10-21T15:00:00+02:00","dateModified":"2024-10-21T09:54:25+02:00","inLanguage":"fr-FR","mainEntityOfPage":{"@id":"https:\/\/www.immo-invest.ch\/fr\/mieten-und-preise-fuer-wohneigentum-im-kanton-glarus-bleiben-im-aufwaertstrend\/#webpage"},"isPartOf":{"@id":"https:\/\/www.immo-invest.ch\/fr\/mieten-und-preise-fuer-wohneigentum-im-kanton-glarus-bleiben-im-aufwaertstrend\/#webpage"},"articleSection":"Business, Glarus, immoNews, Trends, Facultatif"},{"@type":"BreadcrumbList","@id":"https:\/\/www.immo-invest.ch\/fr\/mieten-und-preise-fuer-wohneigentum-im-kanton-glarus-bleiben-im-aufwaertstrend\/#breadcrumblist","itemListElement":[{"@type":"ListItem","@id":"https:\/\/www.immo-invest.ch\/fr\/#listItem","position":1,"name":"Home","item":"https:\/\/www.immo-invest.ch\/fr\/","nextItem":{"@type":"ListItem","@id":"https:\/\/www.immo-invest.ch\/fr\/categories\/regions\/#listItem","name":"R\u00e9gions"}},{"@type":"ListItem","@id":"https:\/\/www.immo-invest.ch\/fr\/categories\/regions\/#listItem","position":2,"name":"R\u00e9gions","item":"https:\/\/www.immo-invest.ch\/fr\/categories\/regions\/","nextItem":{"@type":"ListItem","@id":"https:\/\/www.immo-invest.ch\/fr\/categories\/regions\/suisse\/#listItem","name":"Suisse"},"previousItem":{"@type":"ListItem","@id":"https:\/\/www.immo-invest.ch\/fr\/#listItem","name":"Home"}},{"@type":"ListItem","@id":"https:\/\/www.immo-invest.ch\/fr\/categories\/regions\/suisse\/#listItem","position":3,"name":"Suisse","item":"https:\/\/www.immo-invest.ch\/fr\/categories\/regions\/suisse\/","nextItem":{"@type":"ListItem","@id":"https:\/\/www.immo-invest.ch\/fr\/categories\/regions\/suisse\/suisse-orientale\/#listItem","name":"Suisse orientale"},"previousItem":{"@type":"ListItem","@id":"https:\/\/www.immo-invest.ch\/fr\/categories\/regions\/#listItem","name":"R\u00e9gions"}},{"@type":"ListItem","@id":"https:\/\/www.immo-invest.ch\/fr\/categories\/regions\/suisse\/suisse-orientale\/#listItem","position":4,"name":"Suisse orientale","item":"https:\/\/www.immo-invest.ch\/fr\/categories\/regions\/suisse\/suisse-orientale\/","nextItem":{"@type":"ListItem","@id":"https:\/\/www.immo-invest.ch\/fr\/categories\/regions\/suisse\/suisse-orientale\/glarus-fr\/#listItem","name":"Glarus"},"previousItem":{"@type":"ListItem","@id":"https:\/\/www.immo-invest.ch\/fr\/categories\/regions\/suisse\/#listItem","name":"Suisse"}},{"@type":"ListItem","@id":"https:\/\/www.immo-invest.ch\/fr\/categories\/regions\/suisse\/suisse-orientale\/glarus-fr\/#listItem","position":5,"name":"Glarus","item":"https:\/\/www.immo-invest.ch\/fr\/categories\/regions\/suisse\/suisse-orientale\/glarus-fr\/","nextItem":{"@type":"ListItem","@id":"https:\/\/www.immo-invest.ch\/fr\/mieten-und-preise-fuer-wohneigentum-im-kanton-glarus-bleiben-im-aufwaertstrend\/#listItem","name":"Les loyers et les prix des logements en propri\u00e9t\u00e9 dans le canton de Glaris restent orient\u00e9s \u00e0 la hausse"},"previousItem":{"@type":"ListItem","@id":"https:\/\/www.immo-invest.ch\/fr\/categories\/regions\/suisse\/suisse-orientale\/#listItem","name":"Suisse orientale"}},{"@type":"ListItem","@id":"https:\/\/www.immo-invest.ch\/fr\/mieten-und-preise-fuer-wohneigentum-im-kanton-glarus-bleiben-im-aufwaertstrend\/#listItem","position":6,"name":"Les loyers et les prix des logements en propri\u00e9t\u00e9 dans le canton de Glaris restent orient\u00e9s \u00e0 la hausse","previousItem":{"@type":"ListItem","@id":"https:\/\/www.immo-invest.ch\/fr\/categories\/regions\/suisse\/suisse-orientale\/glarus-fr\/#listItem","name":"Glarus"}}]},{"@type":"Organization","@id":"https:\/\/www.immo-invest.ch\/fr\/#organization","name":"immo!nvest - Die Plattform f\u00fcr Standorte und Immobilien","description":"Die\u00a0Plattform f\u00fcr Standorte und Immobilien","url":"https:\/\/www.immo-invest.ch\/fr\/","email":"admin@immomedia.ag","telephone":"+41444420002","logo":{"@type":"ImageObject","url":"https:\/\/www.immo-invest.ch\/wp-content\/uploads\/2024\/09\/immoinvest_sm-scaled.jpg","@id":"https:\/\/www.immo-invest.ch\/fr\/mieten-und-preise-fuer-wohneigentum-im-kanton-glarus-bleiben-im-aufwaertstrend\/#organizationLogo","width":2560,"height":1340},"image":{"@id":"https:\/\/www.immo-invest.ch\/fr\/mieten-und-preise-fuer-wohneigentum-im-kanton-glarus-bleiben-im-aufwaertstrend\/#organizationLogo"},"sameAs":["https:\/\/www.facebook.com\/people\/Immoinvest\/100077962920504\/","https:\/\/x.com\/i\/flow\/login?redirect_after_login=immoinvest_ch","https:\/\/www.instagram.com\/immoinvest_ch\/","https:\/\/www.linkedin.com\/company\/immoinvest-swiss"]},{"@type":"Person","@id":"https:\/\/www.immo-invest.ch\/fr\/author\/immovestuser\/#author","url":"https:\/\/www.immo-invest.ch\/fr\/author\/immovestuser\/","name":"immovestuser","image":{"@type":"ImageObject","@id":"https:\/\/www.immo-invest.ch\/fr\/mieten-und-preise-fuer-wohneigentum-im-kanton-glarus-bleiben-im-aufwaertstrend\/#authorImage","url":"https:\/\/secure.gravatar.com\/avatar\/8e01f4d99f2eeea7a362ebb93305e1172a70e9293ba250f897a65c39f54cdd1e?s=96&d=mm&r=g","width":96,"height":96,"caption":"immovestuser"}},{"@type":"WebPage","@id":"https:\/\/www.immo-invest.ch\/fr\/mieten-und-preise-fuer-wohneigentum-im-kanton-glarus-bleiben-im-aufwaertstrend\/#webpage","url":"https:\/\/www.immo-invest.ch\/fr\/mieten-und-preise-fuer-wohneigentum-im-kanton-glarus-bleiben-im-aufwaertstrend\/","name":"Les loyers et les prix des logements en propri\u00e9t\u00e9 dans le canton de Glaris restent orient\u00e9s \u00e0 la hausse - immo!nvest - Die Plattform f\u00fcr Standorte und Immobilien","description":"Les prix des appartements en propri\u00e9t\u00e9 dans le canton de Glaris ont continu\u00e9 \u00e0 augmenter cette ann\u00e9e. Les loyers propos\u00e9s ont \u00e9galement augment\u00e9 en comparaison annuelle. C'est ce que montre un rapport de la Banque cantonale de Glaris et de W\u00fcest Partner AG. Il pr\u00e9voit une poursuite de la tendance \u00e0 la hausse.","inLanguage":"fr-FR","isPartOf":{"@id":"https:\/\/www.immo-invest.ch\/fr\/#website"},"breadcrumb":{"@id":"https:\/\/www.immo-invest.ch\/fr\/mieten-und-preise-fuer-wohneigentum-im-kanton-glarus-bleiben-im-aufwaertstrend\/#breadcrumblist"},"author":{"@id":"https:\/\/www.immo-invest.ch\/fr\/author\/immovestuser\/#author"},"creator":{"@id":"https:\/\/www.immo-invest.ch\/fr\/author\/immovestuser\/#author"},"image":{"@type":"ImageObject","url":"https:\/\/www.immo-invest.ch\/wp-content\/uploads\/2023\/09\/Finanzen_13.jpg","@id":"https:\/\/www.immo-invest.ch\/fr\/mieten-und-preise-fuer-wohneigentum-im-kanton-glarus-bleiben-im-aufwaertstrend\/#mainImage","width":1200,"height":720},"primaryImageOfPage":{"@id":"https:\/\/www.immo-invest.ch\/fr\/mieten-und-preise-fuer-wohneigentum-im-kanton-glarus-bleiben-im-aufwaertstrend\/#mainImage"},"datePublished":"2024-10-21T15:00:00+02:00","dateModified":"2024-10-21T09:54:25+02:00"},{"@type":"WebSite","@id":"https:\/\/www.immo-invest.ch\/fr\/#website","url":"https:\/\/www.immo-invest.ch\/fr\/","name":"immo!nvest - Die Plattform f\u00fcr Standorte und Immobilien","description":"Die\u00a0Plattform f\u00fcr Standorte und Immobilien","inLanguage":"fr-FR","publisher":{"@id":"https:\/\/www.immo-invest.ch\/fr\/#organization"}}]},"og:locale":"fr_FR","og:site_name":"immo!nvest - Die Plattform f\u00fcr Standorte und Immobilien - Die\u00a0Plattform f\u00fcr Standorte und Immobilien","og:type":"article","og:title":"Les loyers et les prix des logements en propri\u00e9t\u00e9 dans le canton de Glaris restent orient\u00e9s \u00e0 la hausse - immo!nvest - Die Plattform f\u00fcr Standorte und Immobilien","og:description":"Les prix des appartements en propri\u00e9t\u00e9 dans le canton de Glaris ont continu\u00e9 \u00e0 augmenter cette ann\u00e9e. Les loyers propos\u00e9s ont \u00e9galement augment\u00e9 en comparaison annuelle. C'est ce que montre un rapport de la Banque cantonale de Glaris et de W\u00fcest Partner AG. Il pr\u00e9voit une poursuite de la tendance \u00e0 la hausse.","og:url":"https:\/\/www.immo-invest.ch\/fr\/mieten-und-preise-fuer-wohneigentum-im-kanton-glarus-bleiben-im-aufwaertstrend\/","og:image":"https:\/\/www.immo-invest.ch\/wp-content\/uploads\/2023\/09\/Finanzen_13.jpg","og:image:secure_url":"https:\/\/www.immo-invest.ch\/wp-content\/uploads\/2023\/09\/Finanzen_13.jpg","og:image:width":1200,"og:image:height":720,"article:published_time":"2024-10-21T13:00:00+00:00","article:modified_time":"2024-10-21T07:54:25+00:00","article:publisher":"https:\/\/www.facebook.com\/people\/Immoinvest\/100077962920504\/","twitter:card":"summary_large_image","twitter:site":"@i","twitter:title":"Les loyers et les prix des logements en propri\u00e9t\u00e9 dans le canton de Glaris restent orient\u00e9s \u00e0 la hausse - immo!nvest - Die Plattform f\u00fcr Standorte und Immobilien","twitter:description":"Les prix des appartements en propri\u00e9t\u00e9 dans le canton de Glaris ont continu\u00e9 \u00e0 augmenter cette ann\u00e9e. Les loyers propos\u00e9s ont \u00e9galement augment\u00e9 en comparaison annuelle. C'est ce que montre un rapport de la Banque cantonale de Glaris et de W\u00fcest Partner AG. Il pr\u00e9voit une poursuite de la tendance \u00e0 la hausse.","twitter:creator":"@i","twitter:image":"https:\/\/www.immo-invest.ch\/wp-content\/uploads\/2023\/09\/Finanzen_13.jpg"},"aioseo_meta_data":{"post_id":"117677","title":null,"description":null,"keywords":null,"keyphrases":{"focus":{"keyphrase":"","score":0,"analysis":{"keyphraseInTitle":{"score":0,"maxScore":9,"error":1}}},"additional":[]},"primary_term":null,"canonical_url":null,"og_title":null,"og_description":null,"og_object_type":"default","og_image_type":"default","og_image_url":null,"og_image_width":null,"og_image_height":null,"og_image_custom_url":null,"og_image_custom_fields":null,"og_video":"","og_custom_url":null,"og_article_section":null,"og_article_tags":null,"twitter_use_og":false,"twitter_card":"default","twitter_image_type":"default","twitter_image_url":null,"twitter_image_custom_url":null,"twitter_image_custom_fields":null,"twitter_title":null,"twitter_description":null,"schema":{"blockGraphs":[],"customGraphs":[],"default":{"data":{"Article":[],"Course":[],"Dataset":[],"FAQPage":[],"Movie":[],"Person":[],"Product":[],"ProductReview":[],"Car":[],"Recipe":[],"Service":[],"SoftwareApplication":[],"WebPage":[]},"graphName":"BlogPosting","isEnabled":true},"graphs":[]},"schema_type":"default","schema_type_options":null,"pillar_content":false,"robots_default":true,"robots_noindex":false,"robots_noarchive":false,"robots_nosnippet":false,"robots_nofollow":false,"robots_noimageindex":false,"robots_noodp":false,"robots_notranslate":false,"robots_max_snippet":"-1","robots_max_videopreview":"-1","robots_max_imagepreview":"large","priority":null,"frequency":"default","local_seo":null,"breadcrumb_settings":null,"limit_modified_date":false,"ai":null,"created":"2024-10-21 07:53:34","updated":"2025-10-24 11:53:15","seo_analyzer_scan_date":null,"focus_keyword":null,"additional_keywords":null,"truseo_locale":null},"aioseo_breadcrumb":"<div class=\"aioseo-breadcrumbs\"><span class=\"aioseo-breadcrumb\">\n\t\t\t<a href=\"https:\/\/www.immo-invest.ch\/fr\/\" title=\"Home\">Home<\/a>\n\t\t<\/span><span class=\"aioseo-breadcrumb-separator\">&raquo;<\/span><span class=\"aioseo-breadcrumb\">\n\t\t\t<a href=\"https:\/\/www.immo-invest.ch\/fr\/categories\/regions\/\" title=\"R\u00e9gions\">R\u00e9gions<\/a>\n\t\t<\/span><span class=\"aioseo-breadcrumb-separator\">&raquo;<\/span><span class=\"aioseo-breadcrumb\">\n\t\t\t<a href=\"https:\/\/www.immo-invest.ch\/fr\/categories\/regions\/suisse\/\" title=\"Suisse\">Suisse<\/a>\n\t\t<\/span><span class=\"aioseo-breadcrumb-separator\">&raquo;<\/span><span class=\"aioseo-breadcrumb\">\n\t\t\t<a href=\"https:\/\/www.immo-invest.ch\/fr\/categories\/regions\/suisse\/suisse-orientale\/\" title=\"Suisse orientale\">Suisse orientale<\/a>\n\t\t<\/span><span class=\"aioseo-breadcrumb-separator\">&raquo;<\/span><span class=\"aioseo-breadcrumb\">\n\t\t\t<a href=\"https:\/\/www.immo-invest.ch\/fr\/categories\/regions\/suisse\/suisse-orientale\/glarus-fr\/\" title=\"Glarus\">Glarus<\/a>\n\t\t<\/span><span class=\"aioseo-breadcrumb-separator\">&raquo;<\/span><span class=\"aioseo-breadcrumb\">\n\t\t\tLes loyers et les prix des logements en propri\u00e9t\u00e9 dans le canton de Glaris restent orient\u00e9s \u00e0 la hausse\n\t\t<\/span><\/div>","aioseo_breadcrumb_json":[{"label":"Home","link":"https:\/\/www.immo-invest.ch\/fr\/"},{"label":"R\u00e9gions","link":"https:\/\/www.immo-invest.ch\/fr\/categories\/regions\/"},{"label":"Suisse","link":"https:\/\/www.immo-invest.ch\/fr\/categories\/regions\/suisse\/"},{"label":"Suisse orientale","link":"https:\/\/www.immo-invest.ch\/fr\/categories\/regions\/suisse\/suisse-orientale\/"},{"label":"Glarus","link":"https:\/\/www.immo-invest.ch\/fr\/categories\/regions\/suisse\/suisse-orientale\/glarus-fr\/"},{"label":"Les loyers et les prix des logements en propri\u00e9t\u00e9 dans le canton de Glaris restent orient\u00e9s \u00e0 la hausse","link":"https:\/\/www.immo-invest.ch\/fr\/mieten-und-preise-fuer-wohneigentum-im-kanton-glarus-bleiben-im-aufwaertstrend\/"}],"featured_image_src":"https:\/\/www.immo-invest.ch\/wp-content\/uploads\/2023\/09\/Finanzen_13-336x168.jpg","_links":{"self":[{"href":"https:\/\/www.immo-invest.ch\/fr\/wp-json\/wp\/v2\/posts\/117677","targetHints":{"allow":["GET"]}}],"collection":[{"href":"https:\/\/www.immo-invest.ch\/fr\/wp-json\/wp\/v2\/posts"}],"about":[{"href":"https:\/\/www.immo-invest.ch\/fr\/wp-json\/wp\/v2\/types\/post"}],"author":[{"embeddable":true,"href":"https:\/\/www.immo-invest.ch\/fr\/wp-json\/wp\/v2\/users\/2"}],"replies":[{"embeddable":true,"href":"https:\/\/www.immo-invest.ch\/fr\/wp-json\/wp\/v2\/comments?post=117677"}],"version-history":[{"count":0,"href":"https:\/\/www.immo-invest.ch\/fr\/wp-json\/wp\/v2\/posts\/117677\/revisions"}],"wp:featuredmedia":[{"embeddable":true,"href":"https:\/\/www.immo-invest.ch\/fr\/wp-json\/wp\/v2\/media\/64051"}],"wp:attachment":[{"href":"https:\/\/www.immo-invest.ch\/fr\/wp-json\/wp\/v2\/media?parent=117677"}],"wp:term":[{"taxonomy":"category","embeddable":true,"href":"https:\/\/www.immo-invest.ch\/fr\/wp-json\/wp\/v2\/categories?post=117677"},{"taxonomy":"post_tag","embeddable":true,"href":"https:\/\/www.immo-invest.ch\/fr\/wp-json\/wp\/v2\/tags?post=117677"}],"curies":[{"name":"wp","href":"https:\/\/api.w.org\/{rel}","templated":true}]}}