{"id":117518,"date":"2024-10-18T16:30:00","date_gmt":"2024-10-18T14:30:00","guid":{"rendered":"https:\/\/www.immo-invest.ch\/?p=117518"},"modified":"2024-10-18T11:18:47","modified_gmt":"2024-10-18T09:18:47","slug":"neuer-hoehenverstellbarer-tisch-bringt-mehr-flexibilitaet-in-den-schulalltag","status":"publish","type":"post","link":"https:\/\/www.immo-invest.ch\/fr\/neuer-hoehenverstellbarer-tisch-bringt-mehr-flexibilitaet-in-den-schulalltag\/","title":{"rendered":"Une nouvelle table r\u00e9glable en hauteur apporte plus de flexibilit\u00e9 dans le quotidien de l&rsquo;\u00e9cole"},"content":{"rendered":"<p class=\"bodytext\"><a href=\"https:\/\/www.lista-office.com\/de\/business-solutions\/\" target=\"_blank\" rel=\"noopener\">Lista Office LO<\/a>, dont le si&egrave;ge est &agrave; Degersheim, a &eacute;largi son syst&egrave;me <a href=\"https:\/\/www.lista-office.com\/de\/business-solutions\/produkte\/produktgruppen\/tische\/lo-education\/\" target=\"_blank\" rel=\"noopener\">LO Education<\/a> avec une variante de la <a href=\"https:\/\/www.lista-office.com\/de\/business-solutions\/produkte\/produktgruppen\/tische\/lo-education\/lo-solo-tisch\/\" target=\"_blank\" rel=\"noopener\">table LO Solo<\/a>. La table est mobile et r&eacute;glable en hauteur en continu et, selon un <a href=\"https:\/\/www.linkedin.com\/posts\/lista-office-lo_lo-education-die-familie-w%C3%A4chst-weiter-activity-7244571387200176128-Taok?utm_source=share&amp;utm_medium=member_desktop\" target=\"_blank\" rel=\"noopener\">communiqu&eacute;<\/a> du fabricant international de mobilier de bureau, elle est d&eacute;sormais propos&eacute;e avec une plage de r&eacute;glage plus basse. Ainsi, la table LO Solo peut &eacute;galement red&eacute;finir les formes d&rsquo;enseignement dans les &eacute;coles primaires, peut-on lire. LO Education est un syst&egrave;me de table modulable pour les postes de travail individuels ou collectifs.<\/p>\n<p class=\"bodytext\">Selon Lista Office LO, le syst&egrave;me d&rsquo;am&eacute;nagement r&eacute;pond aux exigences de la vie scolaire moderne, car il peut &ecirc;tre transform&eacute; de mani&egrave;re silencieuse, rapide et flexible. Cela est devenu n&eacute;cessaire car la forme d&rsquo;enseignement frontale a laiss&eacute; place &agrave; la pens&eacute;e autonome, &agrave; la cr&eacute;ativit&eacute; personnelle et &agrave; la communication entre les personnes. &laquo;&nbsp;Les nouvelles formes d&rsquo;enseignement diversifi&eacute;es ne sont possibles qu&rsquo;avec un &eacute;quipement flexible&nbsp;&raquo;, explique-t-on.<\/p>\n<p class=\"bodytext\">D&rsquo;autres &eacute;l&eacute;ments de LO Education sont des tables et des cloisons qui peuvent &ecirc;tre regroup&eacute;es en diff&eacute;rentes formes gr&acirc;ce &agrave; des roulettes. Une solution magn&eacute;tique permet de les relier entre eux sans outils et sans bruit. Selon l&rsquo;entreprise, les tables LO Solo sont &eacute;quip&eacute;es de supports pour les bo&icirc;tes de mat&eacute;riel.<\/p>\n","protected":false},"excerpt":{"rendered":"<p>Lista Office LO \u00e9largit son syst\u00e8me de tables LO Education en proposant la table mobile LO Solo avec une plage de r\u00e9glage plus basse. Elle peut ainsi \u00e9galement \u00eatre utilis\u00e9e dans le segment des \u00e9coles primaires.<\/p>\n","protected":false},"author":2,"featured_media":117558,"comment_status":"open","ping_status":"open","sticky":false,"template":"","format":"standard","meta":{"pmpro_default_level":"","inline_featured_image":false,"_monsterinsights_skip_tracking":false,"footnotes":""},"categories":[22696,743,9442,22438],"tags":[3061,23067,50044,50045,848,872,3931,2175,2002,44413,50046,874,50047],"class_list":["post-117518","post","type-post","status-publish","format-standard","has-post-thumbnail","hentry","category-entreprise","category-immonews-fr","category-region-saint-gall","category-trends-fr","tag-bildung-fr","tag-einrichtung-fr","tag-flexibles-tischsystem-fr","tag-hoehenverstellbar-fr","tag-immobilien-fr","tag-immoinvest-fr","tag-immonews-fr","tag-innovation-fr","tag-news-fr","tag-primarschule-fr","tag-schulmoebel-fr","tag-schweiz-fr","tag-unterrichtsformen-fr","pmpro-has-access"],"acf":{"bild_mit_ki_erstellt_worden":[],"lead":"Lista Office LO \u00e9largit son syst\u00e8me de tables LO Education en proposant la table mobile LO Solo avec une plage de r\u00e9glage plus basse. Elle peut ainsi \u00e9galement \u00eatre utilis\u00e9e dans le segment des \u00e9coles primaires.","autor":"ce\/yvh, Bild: lista-office.com","ort":"Degersheim SG","bildunterschrift":"","bild_im_grid":false,"gallerie":"","newsim":""},"aioseo_notices":[],"aioseo_head":"\n\t\t<!-- All in One SEO 5.0.0.1 - aioseo.com -->\n\t<meta name=\"description\" content=\"Lista Office LO \u00e9largit son syst\u00e8me de tables LO Education en proposant la table mobile LO Solo avec une plage de r\u00e9glage plus basse. Elle peut ainsi \u00e9galement \u00eatre utilis\u00e9e dans le segment des \u00e9coles primaires.\" \/>\n\t<meta name=\"robots\" content=\"max-image-preview:large\" \/>\n\t<meta name=\"author\" content=\"immovestuser\"\/>\n\t<meta name=\"google-site-verification\" content=\"fHJKvgWpZCR2zVBHWfkQeFXC11qieUSff0HGNYfuyLA\" \/>\n\t<link rel=\"canonical\" href=\"https:\/\/www.immo-invest.ch\/fr\/neuer-hoehenverstellbarer-tisch-bringt-mehr-flexibilitaet-in-den-schulalltag\/\" \/>\n\t<meta name=\"generator\" content=\"All in One SEO (AIOSEO) 5.0.0.1\" \/>\n\t\t<meta property=\"og:locale\" content=\"fr_FR\" \/>\n\t\t<meta property=\"og:site_name\" content=\"immo!nvest - Die Plattform f\u00fcr Standorte und Immobilien - Die\u00a0Plattform f\u00fcr Standorte und Immobilien\" \/>\n\t\t<meta property=\"og:type\" content=\"article\" \/>\n\t\t<meta property=\"og:title\" content=\"Une nouvelle table r\u00e9glable en hauteur apporte plus de flexibilit\u00e9 dans le quotidien de l\u2019\u00e9cole - immo!nvest - Die Plattform f\u00fcr Standorte und Immobilien\" \/>\n\t\t<meta property=\"og:description\" content=\"Lista Office LO \u00e9largit son syst\u00e8me de tables LO Education en proposant la table mobile LO Solo avec une plage de r\u00e9glage plus basse. Elle peut ainsi \u00e9galement \u00eatre utilis\u00e9e dans le segment des \u00e9coles primaires.\" \/>\n\t\t<meta property=\"og:url\" content=\"https:\/\/www.immo-invest.ch\/fr\/neuer-hoehenverstellbarer-tisch-bringt-mehr-flexibilitaet-in-den-schulalltag\/\" \/>\n\t\t<meta property=\"og:image\" content=\"https:\/\/www.immo-invest.ch\/wp-content\/uploads\/2024\/10\/lista_office_lo-lo_education-22_230.png\" \/>\n\t\t<meta property=\"og:image:secure_url\" content=\"https:\/\/www.immo-invest.ch\/wp-content\/uploads\/2024\/10\/lista_office_lo-lo_education-22_230.png\" \/>\n\t\t<meta property=\"og:image:width\" content=\"1197\" \/>\n\t\t<meta property=\"og:image:height\" content=\"788\" \/>\n\t\t<meta property=\"article:published_time\" content=\"2024-10-18T14:30:00+00:00\" \/>\n\t\t<meta property=\"article:modified_time\" content=\"2024-10-18T09:18:47+00:00\" \/>\n\t\t<meta property=\"article:publisher\" content=\"https:\/\/www.facebook.com\/people\/Immoinvest\/100077962920504\/\" \/>\n\t\t<meta name=\"twitter:card\" content=\"summary_large_image\" \/>\n\t\t<meta name=\"twitter:site\" content=\"@i\" \/>\n\t\t<meta name=\"twitter:title\" content=\"Une nouvelle table r\u00e9glable en hauteur apporte plus de flexibilit\u00e9 dans le quotidien de l\u2019\u00e9cole - immo!nvest - Die Plattform f\u00fcr Standorte und Immobilien\" \/>\n\t\t<meta name=\"twitter:description\" content=\"Lista Office LO \u00e9largit son syst\u00e8me de tables LO Education en proposant la table mobile LO Solo avec une plage de r\u00e9glage plus basse. Elle peut ainsi \u00e9galement \u00eatre utilis\u00e9e dans le segment des \u00e9coles primaires.\" \/>\n\t\t<meta name=\"twitter:creator\" content=\"@i\" \/>\n\t\t<meta name=\"twitter:image\" content=\"https:\/\/www.immo-invest.ch\/wp-content\/uploads\/2024\/10\/lista_office_lo-lo_education-22_230.png\" \/>\n\t\t<script type=\"application\/ld+json\" class=\"aioseo-schema\">\n\t\t\t{\"@context\":\"https:\\\/\\\/schema.org\",\"@graph\":[{\"@type\":\"BlogPosting\",\"@id\":\"https:\\\/\\\/www.immo-invest.ch\\\/fr\\\/neuer-hoehenverstellbarer-tisch-bringt-mehr-flexibilitaet-in-den-schulalltag\\\/#blogposting\",\"name\":\"Une nouvelle table r\\u00e9glable en hauteur apporte plus de flexibilit\\u00e9 dans le quotidien de l\\u2019\\u00e9cole - immo!nvest - Die Plattform f\\u00fcr Standorte und Immobilien\",\"headline\":\"Une nouvelle table r\\u00e9glable en hauteur apporte plus de flexibilit\\u00e9 dans le quotidien de l&rsquo;\\u00e9cole\",\"author\":{\"@id\":\"https:\\\/\\\/www.immo-invest.ch\\\/fr\\\/author\\\/immovestuser\\\/#author\"},\"publisher\":{\"@id\":\"https:\\\/\\\/www.immo-invest.ch\\\/fr\\\/#organization\"},\"image\":{\"@type\":\"ImageObject\",\"url\":\"https:\\\/\\\/www.immo-invest.ch\\\/wp-content\\\/uploads\\\/2024\\\/10\\\/lista_office_lo-lo_education-22_230.png\",\"width\":1197,\"height\":788},\"datePublished\":\"2024-10-18T16:30:00+02:00\",\"dateModified\":\"2024-10-18T11:18:47+02:00\",\"inLanguage\":\"fr-FR\",\"mainEntityOfPage\":{\"@id\":\"https:\\\/\\\/www.immo-invest.ch\\\/fr\\\/neuer-hoehenverstellbarer-tisch-bringt-mehr-flexibilitaet-in-den-schulalltag\\\/#webpage\"},\"isPartOf\":{\"@id\":\"https:\\\/\\\/www.immo-invest.ch\\\/fr\\\/neuer-hoehenverstellbarer-tisch-bringt-mehr-flexibilitaet-in-den-schulalltag\\\/#webpage\"},\"articleSection\":\"Entreprise, immoNews, Saint-Gall, Trends, Bildung, Einrichtung, flexibles Tischsystem, h\\u00f6henverstellbar, immobilien, Immoinvest, immoNews, Innovation, News, Primarschule, Schulm\\u00f6bel, Schweiz, Unterrichtsformen, Facultatif\"},{\"@type\":\"BreadcrumbList\",\"@id\":\"https:\\\/\\\/www.immo-invest.ch\\\/fr\\\/neuer-hoehenverstellbarer-tisch-bringt-mehr-flexibilitaet-in-den-schulalltag\\\/#breadcrumblist\",\"itemListElement\":[{\"@type\":\"ListItem\",\"@id\":\"https:\\\/\\\/www.immo-invest.ch\\\/fr\\\/#listItem\",\"position\":1,\"name\":\"Home\",\"item\":\"https:\\\/\\\/www.immo-invest.ch\\\/fr\\\/\",\"nextItem\":{\"@type\":\"ListItem\",\"@id\":\"https:\\\/\\\/www.immo-invest.ch\\\/fr\\\/categories\\\/regions\\\/#listItem\",\"name\":\"R\\u00e9gions\"}},{\"@type\":\"ListItem\",\"@id\":\"https:\\\/\\\/www.immo-invest.ch\\\/fr\\\/categories\\\/regions\\\/#listItem\",\"position\":2,\"name\":\"R\\u00e9gions\",\"item\":\"https:\\\/\\\/www.immo-invest.ch\\\/fr\\\/categories\\\/regions\\\/\",\"nextItem\":{\"@type\":\"ListItem\",\"@id\":\"https:\\\/\\\/www.immo-invest.ch\\\/fr\\\/categories\\\/regions\\\/suisse\\\/#listItem\",\"name\":\"Suisse\"},\"previousItem\":{\"@type\":\"ListItem\",\"@id\":\"https:\\\/\\\/www.immo-invest.ch\\\/fr\\\/#listItem\",\"name\":\"Home\"}},{\"@type\":\"ListItem\",\"@id\":\"https:\\\/\\\/www.immo-invest.ch\\\/fr\\\/categories\\\/regions\\\/suisse\\\/#listItem\",\"position\":3,\"name\":\"Suisse\",\"item\":\"https:\\\/\\\/www.immo-invest.ch\\\/fr\\\/categories\\\/regions\\\/suisse\\\/\",\"nextItem\":{\"@type\":\"ListItem\",\"@id\":\"https:\\\/\\\/www.immo-invest.ch\\\/fr\\\/categories\\\/regions\\\/suisse\\\/suisse-orientale\\\/#listItem\",\"name\":\"Suisse orientale\"},\"previousItem\":{\"@type\":\"ListItem\",\"@id\":\"https:\\\/\\\/www.immo-invest.ch\\\/fr\\\/categories\\\/regions\\\/#listItem\",\"name\":\"R\\u00e9gions\"}},{\"@type\":\"ListItem\",\"@id\":\"https:\\\/\\\/www.immo-invest.ch\\\/fr\\\/categories\\\/regions\\\/suisse\\\/suisse-orientale\\\/#listItem\",\"position\":4,\"name\":\"Suisse orientale\",\"item\":\"https:\\\/\\\/www.immo-invest.ch\\\/fr\\\/categories\\\/regions\\\/suisse\\\/suisse-orientale\\\/\",\"nextItem\":{\"@type\":\"ListItem\",\"@id\":\"https:\\\/\\\/www.immo-invest.ch\\\/fr\\\/categories\\\/regions\\\/suisse\\\/suisse-orientale\\\/region-saint-gall\\\/#listItem\",\"name\":\"Saint-Gall\"},\"previousItem\":{\"@type\":\"ListItem\",\"@id\":\"https:\\\/\\\/www.immo-invest.ch\\\/fr\\\/categories\\\/regions\\\/suisse\\\/#listItem\",\"name\":\"Suisse\"}},{\"@type\":\"ListItem\",\"@id\":\"https:\\\/\\\/www.immo-invest.ch\\\/fr\\\/categories\\\/regions\\\/suisse\\\/suisse-orientale\\\/region-saint-gall\\\/#listItem\",\"position\":5,\"name\":\"Saint-Gall\",\"item\":\"https:\\\/\\\/www.immo-invest.ch\\\/fr\\\/categories\\\/regions\\\/suisse\\\/suisse-orientale\\\/region-saint-gall\\\/\",\"nextItem\":{\"@type\":\"ListItem\",\"@id\":\"https:\\\/\\\/www.immo-invest.ch\\\/fr\\\/neuer-hoehenverstellbarer-tisch-bringt-mehr-flexibilitaet-in-den-schulalltag\\\/#listItem\",\"name\":\"Une nouvelle table r\\u00e9glable en hauteur apporte plus de flexibilit\\u00e9 dans le quotidien de l&rsquo;\\u00e9cole\"},\"previousItem\":{\"@type\":\"ListItem\",\"@id\":\"https:\\\/\\\/www.immo-invest.ch\\\/fr\\\/categories\\\/regions\\\/suisse\\\/suisse-orientale\\\/#listItem\",\"name\":\"Suisse orientale\"}},{\"@type\":\"ListItem\",\"@id\":\"https:\\\/\\\/www.immo-invest.ch\\\/fr\\\/neuer-hoehenverstellbarer-tisch-bringt-mehr-flexibilitaet-in-den-schulalltag\\\/#listItem\",\"position\":6,\"name\":\"Une nouvelle table r\\u00e9glable en hauteur apporte plus de flexibilit\\u00e9 dans le quotidien de l&rsquo;\\u00e9cole\",\"previousItem\":{\"@type\":\"ListItem\",\"@id\":\"https:\\\/\\\/www.immo-invest.ch\\\/fr\\\/categories\\\/regions\\\/suisse\\\/suisse-orientale\\\/region-saint-gall\\\/#listItem\",\"name\":\"Saint-Gall\"}}]},{\"@type\":\"Organization\",\"@id\":\"https:\\\/\\\/www.immo-invest.ch\\\/fr\\\/#organization\",\"name\":\"immo!nvest - Die Plattform f\\u00fcr Standorte und Immobilien\",\"description\":\"Die\\u00a0Plattform f\\u00fcr Standorte und Immobilien\",\"url\":\"https:\\\/\\\/www.immo-invest.ch\\\/fr\\\/\",\"email\":\"admin@immomedia.ag\",\"telephone\":\"+41444420002\",\"logo\":{\"@type\":\"ImageObject\",\"url\":\"https:\\\/\\\/www.immo-invest.ch\\\/wp-content\\\/uploads\\\/2024\\\/09\\\/immoinvest_sm-scaled.jpg\",\"@id\":\"https:\\\/\\\/www.immo-invest.ch\\\/fr\\\/neuer-hoehenverstellbarer-tisch-bringt-mehr-flexibilitaet-in-den-schulalltag\\\/#organizationLogo\",\"width\":2560,\"height\":1340},\"image\":{\"@id\":\"https:\\\/\\\/www.immo-invest.ch\\\/fr\\\/neuer-hoehenverstellbarer-tisch-bringt-mehr-flexibilitaet-in-den-schulalltag\\\/#organizationLogo\"},\"sameAs\":[\"https:\\\/\\\/www.facebook.com\\\/people\\\/Immoinvest\\\/100077962920504\\\/\",\"https:\\\/\\\/x.com\\\/i\\\/flow\\\/login?redirect_after_login=immoinvest_ch\",\"https:\\\/\\\/www.instagram.com\\\/immoinvest_ch\\\/\",\"https:\\\/\\\/www.linkedin.com\\\/company\\\/immoinvest-swiss\"]},{\"@type\":\"Person\",\"@id\":\"https:\\\/\\\/www.immo-invest.ch\\\/fr\\\/author\\\/immovestuser\\\/#author\",\"url\":\"https:\\\/\\\/www.immo-invest.ch\\\/fr\\\/author\\\/immovestuser\\\/\",\"name\":\"immovestuser\",\"image\":{\"@type\":\"ImageObject\",\"@id\":\"https:\\\/\\\/www.immo-invest.ch\\\/fr\\\/neuer-hoehenverstellbarer-tisch-bringt-mehr-flexibilitaet-in-den-schulalltag\\\/#authorImage\",\"url\":\"https:\\\/\\\/secure.gravatar.com\\\/avatar\\\/8e01f4d99f2eeea7a362ebb93305e1172a70e9293ba250f897a65c39f54cdd1e?s=96&d=mm&r=g\",\"width\":96,\"height\":96,\"caption\":\"immovestuser\"}},{\"@type\":\"WebPage\",\"@id\":\"https:\\\/\\\/www.immo-invest.ch\\\/fr\\\/neuer-hoehenverstellbarer-tisch-bringt-mehr-flexibilitaet-in-den-schulalltag\\\/#webpage\",\"url\":\"https:\\\/\\\/www.immo-invest.ch\\\/fr\\\/neuer-hoehenverstellbarer-tisch-bringt-mehr-flexibilitaet-in-den-schulalltag\\\/\",\"name\":\"Une nouvelle table r\\u00e9glable en hauteur apporte plus de flexibilit\\u00e9 dans le quotidien de l\\u2019\\u00e9cole - immo!nvest - Die Plattform f\\u00fcr Standorte und Immobilien\",\"description\":\"Lista Office LO \\u00e9largit son syst\\u00e8me de tables LO Education en proposant la table mobile LO Solo avec une plage de r\\u00e9glage plus basse. Elle peut ainsi \\u00e9galement \\u00eatre utilis\\u00e9e dans le segment des \\u00e9coles primaires.\",\"inLanguage\":\"fr-FR\",\"isPartOf\":{\"@id\":\"https:\\\/\\\/www.immo-invest.ch\\\/fr\\\/#website\"},\"breadcrumb\":{\"@id\":\"https:\\\/\\\/www.immo-invest.ch\\\/fr\\\/neuer-hoehenverstellbarer-tisch-bringt-mehr-flexibilitaet-in-den-schulalltag\\\/#breadcrumblist\"},\"author\":{\"@id\":\"https:\\\/\\\/www.immo-invest.ch\\\/fr\\\/author\\\/immovestuser\\\/#author\"},\"creator\":{\"@id\":\"https:\\\/\\\/www.immo-invest.ch\\\/fr\\\/author\\\/immovestuser\\\/#author\"},\"image\":{\"@type\":\"ImageObject\",\"url\":\"https:\\\/\\\/www.immo-invest.ch\\\/wp-content\\\/uploads\\\/2024\\\/10\\\/lista_office_lo-lo_education-22_230.png\",\"@id\":\"https:\\\/\\\/www.immo-invest.ch\\\/fr\\\/neuer-hoehenverstellbarer-tisch-bringt-mehr-flexibilitaet-in-den-schulalltag\\\/#mainImage\",\"width\":1197,\"height\":788},\"primaryImageOfPage\":{\"@id\":\"https:\\\/\\\/www.immo-invest.ch\\\/fr\\\/neuer-hoehenverstellbarer-tisch-bringt-mehr-flexibilitaet-in-den-schulalltag\\\/#mainImage\"},\"datePublished\":\"2024-10-18T16:30:00+02:00\",\"dateModified\":\"2024-10-18T11:18:47+02:00\"},{\"@type\":\"WebSite\",\"@id\":\"https:\\\/\\\/www.immo-invest.ch\\\/fr\\\/#website\",\"url\":\"https:\\\/\\\/www.immo-invest.ch\\\/fr\\\/\",\"name\":\"immo!nvest - Die Plattform f\\u00fcr Standorte und Immobilien\",\"description\":\"Die\\u00a0Plattform f\\u00fcr Standorte und Immobilien\",\"inLanguage\":\"fr-FR\",\"publisher\":{\"@id\":\"https:\\\/\\\/www.immo-invest.ch\\\/fr\\\/#organization\"}}]}\n\t\t<\/script>\n\t\t<!-- All in One SEO -->\n\n","aioseo_head_json":{"title":"Une nouvelle table r\u00e9glable en hauteur apporte plus de flexibilit\u00e9 dans le quotidien de l\u2019\u00e9cole - immo!nvest - Die Plattform f\u00fcr Standorte und Immobilien","description":"Lista Office LO \u00e9largit son syst\u00e8me de tables LO Education en proposant la table mobile LO Solo avec une plage de r\u00e9glage plus basse. Elle peut ainsi \u00e9galement \u00eatre utilis\u00e9e dans le segment des \u00e9coles primaires.","canonical_url":"https:\/\/www.immo-invest.ch\/fr\/neuer-hoehenverstellbarer-tisch-bringt-mehr-flexibilitaet-in-den-schulalltag\/","robots":"max-image-preview:large","keywords":"","webmasterTools":{"google-site-verification":"fHJKvgWpZCR2zVBHWfkQeFXC11qieUSff0HGNYfuyLA","miscellaneous":""},"schema":{"@context":"https:\/\/schema.org","@graph":[{"@type":"BlogPosting","@id":"https:\/\/www.immo-invest.ch\/fr\/neuer-hoehenverstellbarer-tisch-bringt-mehr-flexibilitaet-in-den-schulalltag\/#blogposting","name":"Une nouvelle table r\u00e9glable en hauteur apporte plus de flexibilit\u00e9 dans le quotidien de l\u2019\u00e9cole - immo!nvest - Die Plattform f\u00fcr Standorte und Immobilien","headline":"Une nouvelle table r\u00e9glable en hauteur apporte plus de flexibilit\u00e9 dans le quotidien de l&rsquo;\u00e9cole","author":{"@id":"https:\/\/www.immo-invest.ch\/fr\/author\/immovestuser\/#author"},"publisher":{"@id":"https:\/\/www.immo-invest.ch\/fr\/#organization"},"image":{"@type":"ImageObject","url":"https:\/\/www.immo-invest.ch\/wp-content\/uploads\/2024\/10\/lista_office_lo-lo_education-22_230.png","width":1197,"height":788},"datePublished":"2024-10-18T16:30:00+02:00","dateModified":"2024-10-18T11:18:47+02:00","inLanguage":"fr-FR","mainEntityOfPage":{"@id":"https:\/\/www.immo-invest.ch\/fr\/neuer-hoehenverstellbarer-tisch-bringt-mehr-flexibilitaet-in-den-schulalltag\/#webpage"},"isPartOf":{"@id":"https:\/\/www.immo-invest.ch\/fr\/neuer-hoehenverstellbarer-tisch-bringt-mehr-flexibilitaet-in-den-schulalltag\/#webpage"},"articleSection":"Entreprise, immoNews, Saint-Gall, Trends, Bildung, Einrichtung, flexibles Tischsystem, h\u00f6henverstellbar, immobilien, Immoinvest, immoNews, Innovation, News, Primarschule, Schulm\u00f6bel, Schweiz, Unterrichtsformen, Facultatif"},{"@type":"BreadcrumbList","@id":"https:\/\/www.immo-invest.ch\/fr\/neuer-hoehenverstellbarer-tisch-bringt-mehr-flexibilitaet-in-den-schulalltag\/#breadcrumblist","itemListElement":[{"@type":"ListItem","@id":"https:\/\/www.immo-invest.ch\/fr\/#listItem","position":1,"name":"Home","item":"https:\/\/www.immo-invest.ch\/fr\/","nextItem":{"@type":"ListItem","@id":"https:\/\/www.immo-invest.ch\/fr\/categories\/regions\/#listItem","name":"R\u00e9gions"}},{"@type":"ListItem","@id":"https:\/\/www.immo-invest.ch\/fr\/categories\/regions\/#listItem","position":2,"name":"R\u00e9gions","item":"https:\/\/www.immo-invest.ch\/fr\/categories\/regions\/","nextItem":{"@type":"ListItem","@id":"https:\/\/www.immo-invest.ch\/fr\/categories\/regions\/suisse\/#listItem","name":"Suisse"},"previousItem":{"@type":"ListItem","@id":"https:\/\/www.immo-invest.ch\/fr\/#listItem","name":"Home"}},{"@type":"ListItem","@id":"https:\/\/www.immo-invest.ch\/fr\/categories\/regions\/suisse\/#listItem","position":3,"name":"Suisse","item":"https:\/\/www.immo-invest.ch\/fr\/categories\/regions\/suisse\/","nextItem":{"@type":"ListItem","@id":"https:\/\/www.immo-invest.ch\/fr\/categories\/regions\/suisse\/suisse-orientale\/#listItem","name":"Suisse orientale"},"previousItem":{"@type":"ListItem","@id":"https:\/\/www.immo-invest.ch\/fr\/categories\/regions\/#listItem","name":"R\u00e9gions"}},{"@type":"ListItem","@id":"https:\/\/www.immo-invest.ch\/fr\/categories\/regions\/suisse\/suisse-orientale\/#listItem","position":4,"name":"Suisse orientale","item":"https:\/\/www.immo-invest.ch\/fr\/categories\/regions\/suisse\/suisse-orientale\/","nextItem":{"@type":"ListItem","@id":"https:\/\/www.immo-invest.ch\/fr\/categories\/regions\/suisse\/suisse-orientale\/region-saint-gall\/#listItem","name":"Saint-Gall"},"previousItem":{"@type":"ListItem","@id":"https:\/\/www.immo-invest.ch\/fr\/categories\/regions\/suisse\/#listItem","name":"Suisse"}},{"@type":"ListItem","@id":"https:\/\/www.immo-invest.ch\/fr\/categories\/regions\/suisse\/suisse-orientale\/region-saint-gall\/#listItem","position":5,"name":"Saint-Gall","item":"https:\/\/www.immo-invest.ch\/fr\/categories\/regions\/suisse\/suisse-orientale\/region-saint-gall\/","nextItem":{"@type":"ListItem","@id":"https:\/\/www.immo-invest.ch\/fr\/neuer-hoehenverstellbarer-tisch-bringt-mehr-flexibilitaet-in-den-schulalltag\/#listItem","name":"Une nouvelle table r\u00e9glable en hauteur apporte plus de flexibilit\u00e9 dans le quotidien de l&rsquo;\u00e9cole"},"previousItem":{"@type":"ListItem","@id":"https:\/\/www.immo-invest.ch\/fr\/categories\/regions\/suisse\/suisse-orientale\/#listItem","name":"Suisse orientale"}},{"@type":"ListItem","@id":"https:\/\/www.immo-invest.ch\/fr\/neuer-hoehenverstellbarer-tisch-bringt-mehr-flexibilitaet-in-den-schulalltag\/#listItem","position":6,"name":"Une nouvelle table r\u00e9glable en hauteur apporte plus de flexibilit\u00e9 dans le quotidien de l&rsquo;\u00e9cole","previousItem":{"@type":"ListItem","@id":"https:\/\/www.immo-invest.ch\/fr\/categories\/regions\/suisse\/suisse-orientale\/region-saint-gall\/#listItem","name":"Saint-Gall"}}]},{"@type":"Organization","@id":"https:\/\/www.immo-invest.ch\/fr\/#organization","name":"immo!nvest - Die Plattform f\u00fcr Standorte und Immobilien","description":"Die\u00a0Plattform f\u00fcr Standorte und Immobilien","url":"https:\/\/www.immo-invest.ch\/fr\/","email":"admin@immomedia.ag","telephone":"+41444420002","logo":{"@type":"ImageObject","url":"https:\/\/www.immo-invest.ch\/wp-content\/uploads\/2024\/09\/immoinvest_sm-scaled.jpg","@id":"https:\/\/www.immo-invest.ch\/fr\/neuer-hoehenverstellbarer-tisch-bringt-mehr-flexibilitaet-in-den-schulalltag\/#organizationLogo","width":2560,"height":1340},"image":{"@id":"https:\/\/www.immo-invest.ch\/fr\/neuer-hoehenverstellbarer-tisch-bringt-mehr-flexibilitaet-in-den-schulalltag\/#organizationLogo"},"sameAs":["https:\/\/www.facebook.com\/people\/Immoinvest\/100077962920504\/","https:\/\/x.com\/i\/flow\/login?redirect_after_login=immoinvest_ch","https:\/\/www.instagram.com\/immoinvest_ch\/","https:\/\/www.linkedin.com\/company\/immoinvest-swiss"]},{"@type":"Person","@id":"https:\/\/www.immo-invest.ch\/fr\/author\/immovestuser\/#author","url":"https:\/\/www.immo-invest.ch\/fr\/author\/immovestuser\/","name":"immovestuser","image":{"@type":"ImageObject","@id":"https:\/\/www.immo-invest.ch\/fr\/neuer-hoehenverstellbarer-tisch-bringt-mehr-flexibilitaet-in-den-schulalltag\/#authorImage","url":"https:\/\/secure.gravatar.com\/avatar\/8e01f4d99f2eeea7a362ebb93305e1172a70e9293ba250f897a65c39f54cdd1e?s=96&d=mm&r=g","width":96,"height":96,"caption":"immovestuser"}},{"@type":"WebPage","@id":"https:\/\/www.immo-invest.ch\/fr\/neuer-hoehenverstellbarer-tisch-bringt-mehr-flexibilitaet-in-den-schulalltag\/#webpage","url":"https:\/\/www.immo-invest.ch\/fr\/neuer-hoehenverstellbarer-tisch-bringt-mehr-flexibilitaet-in-den-schulalltag\/","name":"Une nouvelle table r\u00e9glable en hauteur apporte plus de flexibilit\u00e9 dans le quotidien de l\u2019\u00e9cole - immo!nvest - Die Plattform f\u00fcr Standorte und Immobilien","description":"Lista Office LO \u00e9largit son syst\u00e8me de tables LO Education en proposant la table mobile LO Solo avec une plage de r\u00e9glage plus basse. Elle peut ainsi \u00e9galement \u00eatre utilis\u00e9e dans le segment des \u00e9coles primaires.","inLanguage":"fr-FR","isPartOf":{"@id":"https:\/\/www.immo-invest.ch\/fr\/#website"},"breadcrumb":{"@id":"https:\/\/www.immo-invest.ch\/fr\/neuer-hoehenverstellbarer-tisch-bringt-mehr-flexibilitaet-in-den-schulalltag\/#breadcrumblist"},"author":{"@id":"https:\/\/www.immo-invest.ch\/fr\/author\/immovestuser\/#author"},"creator":{"@id":"https:\/\/www.immo-invest.ch\/fr\/author\/immovestuser\/#author"},"image":{"@type":"ImageObject","url":"https:\/\/www.immo-invest.ch\/wp-content\/uploads\/2024\/10\/lista_office_lo-lo_education-22_230.png","@id":"https:\/\/www.immo-invest.ch\/fr\/neuer-hoehenverstellbarer-tisch-bringt-mehr-flexibilitaet-in-den-schulalltag\/#mainImage","width":1197,"height":788},"primaryImageOfPage":{"@id":"https:\/\/www.immo-invest.ch\/fr\/neuer-hoehenverstellbarer-tisch-bringt-mehr-flexibilitaet-in-den-schulalltag\/#mainImage"},"datePublished":"2024-10-18T16:30:00+02:00","dateModified":"2024-10-18T11:18:47+02:00"},{"@type":"WebSite","@id":"https:\/\/www.immo-invest.ch\/fr\/#website","url":"https:\/\/www.immo-invest.ch\/fr\/","name":"immo!nvest - Die Plattform f\u00fcr Standorte und Immobilien","description":"Die\u00a0Plattform f\u00fcr Standorte und Immobilien","inLanguage":"fr-FR","publisher":{"@id":"https:\/\/www.immo-invest.ch\/fr\/#organization"}}]},"og:locale":"fr_FR","og:site_name":"immo!nvest - Die Plattform f\u00fcr Standorte und Immobilien - Die\u00a0Plattform f\u00fcr Standorte und Immobilien","og:type":"article","og:title":"Une nouvelle table r\u00e9glable en hauteur apporte plus de flexibilit\u00e9 dans le quotidien de l\u2019\u00e9cole - immo!nvest - Die Plattform f\u00fcr Standorte und Immobilien","og:description":"Lista Office LO \u00e9largit son syst\u00e8me de tables LO Education en proposant la table mobile LO Solo avec une plage de r\u00e9glage plus basse. Elle peut ainsi \u00e9galement \u00eatre utilis\u00e9e dans le segment des \u00e9coles primaires.","og:url":"https:\/\/www.immo-invest.ch\/fr\/neuer-hoehenverstellbarer-tisch-bringt-mehr-flexibilitaet-in-den-schulalltag\/","og:image":"https:\/\/www.immo-invest.ch\/wp-content\/uploads\/2024\/10\/lista_office_lo-lo_education-22_230.png","og:image:secure_url":"https:\/\/www.immo-invest.ch\/wp-content\/uploads\/2024\/10\/lista_office_lo-lo_education-22_230.png","og:image:width":1197,"og:image:height":788,"article:published_time":"2024-10-18T14:30:00+00:00","article:modified_time":"2024-10-18T09:18:47+00:00","article:publisher":"https:\/\/www.facebook.com\/people\/Immoinvest\/100077962920504\/","twitter:card":"summary_large_image","twitter:site":"@i","twitter:title":"Une nouvelle table r\u00e9glable en hauteur apporte plus de flexibilit\u00e9 dans le quotidien de l\u2019\u00e9cole - immo!nvest - Die Plattform f\u00fcr Standorte und Immobilien","twitter:description":"Lista Office LO \u00e9largit son syst\u00e8me de tables LO Education en proposant la table mobile LO Solo avec une plage de r\u00e9glage plus basse. Elle peut ainsi \u00e9galement \u00eatre utilis\u00e9e dans le segment des \u00e9coles primaires.","twitter:creator":"@i","twitter:image":"https:\/\/www.immo-invest.ch\/wp-content\/uploads\/2024\/10\/lista_office_lo-lo_education-22_230.png"},"aioseo_meta_data":{"post_id":"117518","title":null,"description":null,"keywords":null,"keyphrases":{"focus":{"keyphrase":"","score":0,"analysis":{"keyphraseInTitle":{"score":0,"maxScore":9,"error":1}}},"additional":[]},"primary_term":null,"canonical_url":null,"og_title":null,"og_description":null,"og_object_type":"default","og_image_type":"default","og_image_url":null,"og_image_width":null,"og_image_height":null,"og_image_custom_url":null,"og_image_custom_fields":null,"og_video":"","og_custom_url":null,"og_article_section":null,"og_article_tags":null,"twitter_use_og":false,"twitter_card":"default","twitter_image_type":"default","twitter_image_url":null,"twitter_image_custom_url":null,"twitter_image_custom_fields":null,"twitter_title":null,"twitter_description":null,"schema":{"blockGraphs":[],"customGraphs":[],"default":{"data":{"Article":[],"Course":[],"Dataset":[],"FAQPage":[],"Movie":[],"Person":[],"Product":[],"ProductReview":[],"Car":[],"Recipe":[],"Service":[],"SoftwareApplication":[],"WebPage":[]},"graphName":"BlogPosting","isEnabled":true},"graphs":[]},"schema_type":"default","schema_type_options":null,"pillar_content":false,"robots_default":true,"robots_noindex":false,"robots_noarchive":false,"robots_nosnippet":false,"robots_nofollow":false,"robots_noimageindex":false,"robots_noodp":false,"robots_notranslate":false,"robots_max_snippet":"-1","robots_max_videopreview":"-1","robots_max_imagepreview":"large","priority":null,"frequency":"default","local_seo":null,"breadcrumb_settings":null,"limit_modified_date":false,"ai":null,"created":"2024-10-18 09:10:51","updated":"2025-10-24 11:51:13","seo_analyzer_scan_date":null,"focus_keyword":null,"additional_keywords":null,"truseo_locale":null},"aioseo_breadcrumb":"<div class=\"aioseo-breadcrumbs\"><span class=\"aioseo-breadcrumb\">\n\t\t\t<a href=\"https:\/\/www.immo-invest.ch\/fr\/\" title=\"Home\">Home<\/a>\n\t\t<\/span><span class=\"aioseo-breadcrumb-separator\">&raquo;<\/span><span class=\"aioseo-breadcrumb\">\n\t\t\t<a href=\"https:\/\/www.immo-invest.ch\/fr\/categories\/regions\/\" title=\"R\u00e9gions\">R\u00e9gions<\/a>\n\t\t<\/span><span class=\"aioseo-breadcrumb-separator\">&raquo;<\/span><span class=\"aioseo-breadcrumb\">\n\t\t\t<a href=\"https:\/\/www.immo-invest.ch\/fr\/categories\/regions\/suisse\/\" title=\"Suisse\">Suisse<\/a>\n\t\t<\/span><span class=\"aioseo-breadcrumb-separator\">&raquo;<\/span><span class=\"aioseo-breadcrumb\">\n\t\t\t<a href=\"https:\/\/www.immo-invest.ch\/fr\/categories\/regions\/suisse\/suisse-orientale\/\" title=\"Suisse orientale\">Suisse orientale<\/a>\n\t\t<\/span><span class=\"aioseo-breadcrumb-separator\">&raquo;<\/span><span class=\"aioseo-breadcrumb\">\n\t\t\t<a href=\"https:\/\/www.immo-invest.ch\/fr\/categories\/regions\/suisse\/suisse-orientale\/region-saint-gall\/\" title=\"Saint-Gall\">Saint-Gall<\/a>\n\t\t<\/span><span class=\"aioseo-breadcrumb-separator\">&raquo;<\/span><span class=\"aioseo-breadcrumb\">\n\t\t\tUne nouvelle table r\u00e9glable en hauteur apporte plus de flexibilit\u00e9 dans le quotidien de l\u2019\u00e9cole\n\t\t<\/span><\/div>","aioseo_breadcrumb_json":[{"label":"Home","link":"https:\/\/www.immo-invest.ch\/fr\/"},{"label":"R\u00e9gions","link":"https:\/\/www.immo-invest.ch\/fr\/categories\/regions\/"},{"label":"Suisse","link":"https:\/\/www.immo-invest.ch\/fr\/categories\/regions\/suisse\/"},{"label":"Suisse orientale","link":"https:\/\/www.immo-invest.ch\/fr\/categories\/regions\/suisse\/suisse-orientale\/"},{"label":"Saint-Gall","link":"https:\/\/www.immo-invest.ch\/fr\/categories\/regions\/suisse\/suisse-orientale\/region-saint-gall\/"},{"label":"Une nouvelle table r\u00e9glable en hauteur apporte plus de flexibilit\u00e9 dans le quotidien de l&rsquo;\u00e9cole","link":"https:\/\/www.immo-invest.ch\/fr\/neuer-hoehenverstellbarer-tisch-bringt-mehr-flexibilitaet-in-den-schulalltag\/"}],"featured_image_src":"https:\/\/www.immo-invest.ch\/wp-content\/uploads\/2024\/10\/lista_office_lo-lo_education-22_230-336x168.png","_links":{"self":[{"href":"https:\/\/www.immo-invest.ch\/fr\/wp-json\/wp\/v2\/posts\/117518","targetHints":{"allow":["GET"]}}],"collection":[{"href":"https:\/\/www.immo-invest.ch\/fr\/wp-json\/wp\/v2\/posts"}],"about":[{"href":"https:\/\/www.immo-invest.ch\/fr\/wp-json\/wp\/v2\/types\/post"}],"author":[{"embeddable":true,"href":"https:\/\/www.immo-invest.ch\/fr\/wp-json\/wp\/v2\/users\/2"}],"replies":[{"embeddable":true,"href":"https:\/\/www.immo-invest.ch\/fr\/wp-json\/wp\/v2\/comments?post=117518"}],"version-history":[{"count":0,"href":"https:\/\/www.immo-invest.ch\/fr\/wp-json\/wp\/v2\/posts\/117518\/revisions"}],"wp:featuredmedia":[{"embeddable":true,"href":"https:\/\/www.immo-invest.ch\/fr\/wp-json\/wp\/v2\/media\/117558"}],"wp:attachment":[{"href":"https:\/\/www.immo-invest.ch\/fr\/wp-json\/wp\/v2\/media?parent=117518"}],"wp:term":[{"taxonomy":"category","embeddable":true,"href":"https:\/\/www.immo-invest.ch\/fr\/wp-json\/wp\/v2\/categories?post=117518"},{"taxonomy":"post_tag","embeddable":true,"href":"https:\/\/www.immo-invest.ch\/fr\/wp-json\/wp\/v2\/tags?post=117518"}],"curies":[{"name":"wp","href":"https:\/\/api.w.org\/{rel}","templated":true}]}}