{"id":117313,"date":"2024-10-17T08:23:41","date_gmt":"2024-10-17T06:23:41","guid":{"rendered":"https:\/\/www.immo-invest.ch\/fokus-auf-smarte-und-nachhaltige-gebaeude\/"},"modified":"2024-10-17T08:46:31","modified_gmt":"2024-10-17T06:46:31","slug":"fokus-auf-smarte-und-nachhaltige-gebaeude","status":"publish","type":"post","link":"https:\/\/www.immo-invest.ch\/fr\/fokus-auf-smarte-und-nachhaltige-gebaeude\/","title":{"rendered":"Focalisation sur les b\u00e2timents intelligents et durables"},"content":{"rendered":"<p class=\"bodytext\">Selon un <a href=\"https:\/\/press.siemens.com\/global\/de\/pressemitteilung\/siemens-ernennt-susanne-seitz-zur-ceo-des-geschaeftsbereichs-buildings-um-wachstum\" target=\"_blank\" rel=\"noopener\">communiqu&eacute;<\/a>, Susanne Seitz est la premi&egrave;re chef de la division Buildings de <a href=\"https:\/\/www.siemens.com\/global\/en\/company\/about\/businesses\/smart-infrastructure.html\" target=\"_blank\" rel=\"noopener\">Siemens Smart Infrastructure<\/a>. Jusqu&rsquo;&agrave; pr&eacute;sent, en tant que Head Sales and Marketing de Siemens Smart Infrastructure, elle &eacute;tait notamment responsable de la transformation num&eacute;rique des ventes et du marketing au niveau mondial. Auparavant, elle &eacute;tait membre du Group Executive Management de <a href=\"https:\/\/www.landisgyr.ch\/\" target=\"_blank\" rel=\"noopener\">Landis Gyr<\/a>. De nationalit&eacute; suisse, elle a &eacute;tudi&eacute; les techniques environnementales &agrave; l&rsquo;<a href=\"https:\/\/ethz.ch\/de.html\" target=\"_blank\" rel=\"noopener\">&Eacute;cole polytechnique f&eacute;d&eacute;rale de Zurich<\/a> et obtenu un Executive MBA &agrave; l&rsquo;<a href=\"https:\/\/www.unisg.ch\/\" target=\"_blank\" rel=\"noopener\">Universit&eacute; de Saint-Gall<\/a>.<\/p>\n<p class=\"bodytext\">Depuis le 1er octobre, la division Buildings regroupe toutes les activit&eacute;s de <a href=\"https:\/\/www.siemens.com\/\" target=\"_blank\" rel=\"noopener\">Siemens<\/a> li&eacute;es au b&acirc;timent. Il compte pr&egrave;s de 30 000 collaborateurs dans le monde et travaille avec un &eacute;cosyst&egrave;me de partenaires dans 60 pays. &laquo;&nbsp;Les b&acirc;timents sont &agrave; l&rsquo;origine de plus de 40% des &eacute;missions annuelles mondiales de CO2 dans le monde et nous avons la responsabilit&eacute; de promouvoir leur d&eacute;carbonisation&nbsp;&raquo;, d&eacute;clare Matthias Rebellius, membre du conseil d&rsquo;administration et CEO de Smart Infrastructure, cit&eacute; dans le communiqu&eacute;. &laquo;&nbsp;Des b&acirc;timents plus intelligents cr&eacute;ent de la valeur pour les propri&eacute;taires, les utilisateurs, les exploitants et l&rsquo;environnement dans son ensemble&nbsp;&raquo;<\/p>\n<p class=\"bodytext\">La nouvelle division devrait renforcer la position de leader de Siemens sur le march&eacute; du b&acirc;timent. &laquo;&nbsp;Gr&acirc;ce &agrave; une technologie innovante, nous pouvons acc&eacute;l&eacute;rer la transformation vers des b&acirc;timents plus intelligents, plus autonomes et plus ind&eacute;pendants, en tirant parti de l&rsquo;intelligence artificielle, de la convergence IT\/OT ainsi que des services num&eacute;riques&nbsp;&raquo;, a d&eacute;clar&eacute; Susanne Seitz, cit&eacute;e dans le communiqu&eacute;.<\/p>\n<p class=\"bodytext\">Siemens Smart Infrastructure est bas&eacute; &agrave; Zoug.<\/p>\n","protected":false},"excerpt":{"rendered":"<p>Susanne Seitz est la nouvelle directrice de la division Buildings de Siemens. Son objectif est de renforcer la position de leader de Siemens sur le march\u00e9 du b\u00e2timent et de promouvoir les b\u00e2timents intelligents et durables gr\u00e2ce \u00e0 la transformation num\u00e9rique.<\/p>\n","protected":false},"author":2,"featured_media":117308,"comment_status":"open","ping_status":"open","sticky":false,"template":"","format":"standard","meta":{"pmpro_default_level":"","inline_featured_image":false,"_monsterinsights_skip_tracking":false,"footnotes":""},"categories":[22696,4464,743,8736],"tags":[1647,30337,872,3931,2002,2982],"class_list":["post-117313","post","type-post","status-publish","format-standard","has-post-thumbnail","hentry","category-entreprise","category-gens","category-immonews-fr","category-region-zug","tag-digitalisierung-fr","tag-gebaeudetechnologie-fr","tag-immoinvest-fr","tag-immonews-fr","tag-news-fr","tag-siemens-fr","pmpro-has-access"],"acf":{"bild_mit_ki_erstellt_worden":[],"lead":"Susanne Seitz est la nouvelle directrice de la division Buildings de Siemens. Son objectif est de renforcer la position de leader de Siemens sur le march\u00e9 du b\u00e2timent et de promouvoir les b\u00e2timents intelligents et durables gr\u00e2ce \u00e0 la transformation num\u00e9rique.","autor":"ce\/stk","ort":"Zug","bildunterschrift":"","bild_im_grid":false,"gallerie":"","newsim":""},"aioseo_notices":[],"aioseo_head":"\n\t\t<!-- All in One SEO 5.0.0.1 - aioseo.com -->\n\t<meta name=\"description\" content=\"Susanne Seitz est la nouvelle directrice de la division Buildings de Siemens. Son objectif est de renforcer la position de leader de Siemens sur le march\u00e9 du b\u00e2timent et de promouvoir les b\u00e2timents intelligents et durables gr\u00e2ce \u00e0 la transformation num\u00e9rique.\" \/>\n\t<meta name=\"robots\" content=\"max-image-preview:large\" \/>\n\t<meta name=\"author\" content=\"immovestuser\"\/>\n\t<meta name=\"google-site-verification\" content=\"fHJKvgWpZCR2zVBHWfkQeFXC11qieUSff0HGNYfuyLA\" \/>\n\t<link rel=\"canonical\" href=\"https:\/\/www.immo-invest.ch\/fr\/fokus-auf-smarte-und-nachhaltige-gebaeude\/\" \/>\n\t<meta name=\"generator\" content=\"All in One SEO (AIOSEO) 5.0.0.1\" \/>\n\t\t<meta property=\"og:locale\" content=\"fr_FR\" \/>\n\t\t<meta property=\"og:site_name\" content=\"immo!nvest - Die Plattform f\u00fcr Standorte und Immobilien - Die\u00a0Plattform f\u00fcr Standorte und Immobilien\" \/>\n\t\t<meta property=\"og:type\" content=\"article\" \/>\n\t\t<meta property=\"og:title\" content=\"Focalisation sur les b\u00e2timents intelligents et durables - immo!nvest - Die Plattform f\u00fcr Standorte und Immobilien\" \/>\n\t\t<meta property=\"og:description\" content=\"Susanne Seitz est la nouvelle directrice de la division Buildings de Siemens. Son objectif est de renforcer la position de leader de Siemens sur le march\u00e9 du b\u00e2timent et de promouvoir les b\u00e2timents intelligents et durables gr\u00e2ce \u00e0 la transformation num\u00e9rique.\" \/>\n\t\t<meta property=\"og:url\" content=\"https:\/\/www.immo-invest.ch\/fr\/fokus-auf-smarte-und-nachhaltige-gebaeude\/\" \/>\n\t\t<meta property=\"og:image\" content=\"https:\/\/www.immo-invest.ch\/wp-content\/uploads\/2024\/10\/Unbenannt-27.png\" \/>\n\t\t<meta property=\"og:image:secure_url\" content=\"https:\/\/www.immo-invest.ch\/wp-content\/uploads\/2024\/10\/Unbenannt-27.png\" \/>\n\t\t<meta property=\"og:image:width\" content=\"1792\" \/>\n\t\t<meta property=\"og:image:height\" content=\"1024\" \/>\n\t\t<meta property=\"article:published_time\" content=\"2024-10-17T06:23:41+00:00\" \/>\n\t\t<meta property=\"article:modified_time\" content=\"2024-10-17T06:46:31+00:00\" \/>\n\t\t<meta property=\"article:publisher\" content=\"https:\/\/www.facebook.com\/people\/Immoinvest\/100077962920504\/\" \/>\n\t\t<meta name=\"twitter:card\" content=\"summary_large_image\" \/>\n\t\t<meta name=\"twitter:site\" content=\"@i\" \/>\n\t\t<meta name=\"twitter:title\" content=\"Focalisation sur les b\u00e2timents intelligents et durables - immo!nvest - Die Plattform f\u00fcr Standorte und Immobilien\" \/>\n\t\t<meta name=\"twitter:description\" content=\"Susanne Seitz est la nouvelle directrice de la division Buildings de Siemens. Son objectif est de renforcer la position de leader de Siemens sur le march\u00e9 du b\u00e2timent et de promouvoir les b\u00e2timents intelligents et durables gr\u00e2ce \u00e0 la transformation num\u00e9rique.\" \/>\n\t\t<meta name=\"twitter:creator\" content=\"@i\" \/>\n\t\t<meta name=\"twitter:image\" content=\"https:\/\/www.immo-invest.ch\/wp-content\/uploads\/2024\/10\/Unbenannt-27.png\" \/>\n\t\t<script type=\"application\/ld+json\" class=\"aioseo-schema\">\n\t\t\t{\"@context\":\"https:\\\/\\\/schema.org\",\"@graph\":[{\"@type\":\"BlogPosting\",\"@id\":\"https:\\\/\\\/www.immo-invest.ch\\\/fr\\\/fokus-auf-smarte-und-nachhaltige-gebaeude\\\/#blogposting\",\"name\":\"Focalisation sur les b\\u00e2timents intelligents et durables - immo!nvest - Die Plattform f\\u00fcr Standorte und Immobilien\",\"headline\":\"Focalisation sur les b\\u00e2timents intelligents et durables\",\"author\":{\"@id\":\"https:\\\/\\\/www.immo-invest.ch\\\/fr\\\/author\\\/immovestuser\\\/#author\"},\"publisher\":{\"@id\":\"https:\\\/\\\/www.immo-invest.ch\\\/fr\\\/#organization\"},\"image\":{\"@type\":\"ImageObject\",\"url\":\"https:\\\/\\\/www.immo-invest.ch\\\/wp-content\\\/uploads\\\/2024\\\/10\\\/Unbenannt-27.png\",\"width\":1792,\"height\":1024},\"datePublished\":\"2024-10-17T08:23:41+02:00\",\"dateModified\":\"2024-10-17T08:46:31+02:00\",\"inLanguage\":\"fr-FR\",\"mainEntityOfPage\":{\"@id\":\"https:\\\/\\\/www.immo-invest.ch\\\/fr\\\/fokus-auf-smarte-und-nachhaltige-gebaeude\\\/#webpage\"},\"isPartOf\":{\"@id\":\"https:\\\/\\\/www.immo-invest.ch\\\/fr\\\/fokus-auf-smarte-und-nachhaltige-gebaeude\\\/#webpage\"},\"articleSection\":\"Entreprise, Gens, immoNews, Zug, Digitalisierung, Geb\\u00e4udetechnologie, Immoinvest, immoNews, News, Siemens, Facultatif\"},{\"@type\":\"BreadcrumbList\",\"@id\":\"https:\\\/\\\/www.immo-invest.ch\\\/fr\\\/fokus-auf-smarte-und-nachhaltige-gebaeude\\\/#breadcrumblist\",\"itemListElement\":[{\"@type\":\"ListItem\",\"@id\":\"https:\\\/\\\/www.immo-invest.ch\\\/fr\\\/#listItem\",\"position\":1,\"name\":\"Home\",\"item\":\"https:\\\/\\\/www.immo-invest.ch\\\/fr\\\/\",\"nextItem\":{\"@type\":\"ListItem\",\"@id\":\"https:\\\/\\\/www.immo-invest.ch\\\/fr\\\/categories\\\/regions\\\/#listItem\",\"name\":\"R\\u00e9gions\"}},{\"@type\":\"ListItem\",\"@id\":\"https:\\\/\\\/www.immo-invest.ch\\\/fr\\\/categories\\\/regions\\\/#listItem\",\"position\":2,\"name\":\"R\\u00e9gions\",\"item\":\"https:\\\/\\\/www.immo-invest.ch\\\/fr\\\/categories\\\/regions\\\/\",\"nextItem\":{\"@type\":\"ListItem\",\"@id\":\"https:\\\/\\\/www.immo-invest.ch\\\/fr\\\/categories\\\/regions\\\/suisse\\\/#listItem\",\"name\":\"Suisse\"},\"previousItem\":{\"@type\":\"ListItem\",\"@id\":\"https:\\\/\\\/www.immo-invest.ch\\\/fr\\\/#listItem\",\"name\":\"Home\"}},{\"@type\":\"ListItem\",\"@id\":\"https:\\\/\\\/www.immo-invest.ch\\\/fr\\\/categories\\\/regions\\\/suisse\\\/#listItem\",\"position\":3,\"name\":\"Suisse\",\"item\":\"https:\\\/\\\/www.immo-invest.ch\\\/fr\\\/categories\\\/regions\\\/suisse\\\/\",\"nextItem\":{\"@type\":\"ListItem\",\"@id\":\"https:\\\/\\\/www.immo-invest.ch\\\/fr\\\/categories\\\/regions\\\/suisse\\\/region-zentralschweiz\\\/#listItem\",\"name\":\"Zentralschweiz\"},\"previousItem\":{\"@type\":\"ListItem\",\"@id\":\"https:\\\/\\\/www.immo-invest.ch\\\/fr\\\/categories\\\/regions\\\/#listItem\",\"name\":\"R\\u00e9gions\"}},{\"@type\":\"ListItem\",\"@id\":\"https:\\\/\\\/www.immo-invest.ch\\\/fr\\\/categories\\\/regions\\\/suisse\\\/region-zentralschweiz\\\/#listItem\",\"position\":4,\"name\":\"Zentralschweiz\",\"item\":\"https:\\\/\\\/www.immo-invest.ch\\\/fr\\\/categories\\\/regions\\\/suisse\\\/region-zentralschweiz\\\/\",\"nextItem\":{\"@type\":\"ListItem\",\"@id\":\"https:\\\/\\\/www.immo-invest.ch\\\/fr\\\/categories\\\/regions\\\/suisse\\\/region-zentralschweiz\\\/region-zug\\\/#listItem\",\"name\":\"Zug\"},\"previousItem\":{\"@type\":\"ListItem\",\"@id\":\"https:\\\/\\\/www.immo-invest.ch\\\/fr\\\/categories\\\/regions\\\/suisse\\\/#listItem\",\"name\":\"Suisse\"}},{\"@type\":\"ListItem\",\"@id\":\"https:\\\/\\\/www.immo-invest.ch\\\/fr\\\/categories\\\/regions\\\/suisse\\\/region-zentralschweiz\\\/region-zug\\\/#listItem\",\"position\":5,\"name\":\"Zug\",\"item\":\"https:\\\/\\\/www.immo-invest.ch\\\/fr\\\/categories\\\/regions\\\/suisse\\\/region-zentralschweiz\\\/region-zug\\\/\",\"nextItem\":{\"@type\":\"ListItem\",\"@id\":\"https:\\\/\\\/www.immo-invest.ch\\\/fr\\\/fokus-auf-smarte-und-nachhaltige-gebaeude\\\/#listItem\",\"name\":\"Focalisation sur les b\\u00e2timents intelligents et durables\"},\"previousItem\":{\"@type\":\"ListItem\",\"@id\":\"https:\\\/\\\/www.immo-invest.ch\\\/fr\\\/categories\\\/regions\\\/suisse\\\/region-zentralschweiz\\\/#listItem\",\"name\":\"Zentralschweiz\"}},{\"@type\":\"ListItem\",\"@id\":\"https:\\\/\\\/www.immo-invest.ch\\\/fr\\\/fokus-auf-smarte-und-nachhaltige-gebaeude\\\/#listItem\",\"position\":6,\"name\":\"Focalisation sur les b\\u00e2timents intelligents et durables\",\"previousItem\":{\"@type\":\"ListItem\",\"@id\":\"https:\\\/\\\/www.immo-invest.ch\\\/fr\\\/categories\\\/regions\\\/suisse\\\/region-zentralschweiz\\\/region-zug\\\/#listItem\",\"name\":\"Zug\"}}]},{\"@type\":\"Organization\",\"@id\":\"https:\\\/\\\/www.immo-invest.ch\\\/fr\\\/#organization\",\"name\":\"immo!nvest - Die Plattform f\\u00fcr Standorte und Immobilien\",\"description\":\"Die\\u00a0Plattform f\\u00fcr Standorte und Immobilien\",\"url\":\"https:\\\/\\\/www.immo-invest.ch\\\/fr\\\/\",\"email\":\"admin@immomedia.ag\",\"telephone\":\"+41444420002\",\"logo\":{\"@type\":\"ImageObject\",\"url\":\"https:\\\/\\\/www.immo-invest.ch\\\/wp-content\\\/uploads\\\/2024\\\/09\\\/immoinvest_sm-scaled.jpg\",\"@id\":\"https:\\\/\\\/www.immo-invest.ch\\\/fr\\\/fokus-auf-smarte-und-nachhaltige-gebaeude\\\/#organizationLogo\",\"width\":2560,\"height\":1340},\"image\":{\"@id\":\"https:\\\/\\\/www.immo-invest.ch\\\/fr\\\/fokus-auf-smarte-und-nachhaltige-gebaeude\\\/#organizationLogo\"},\"sameAs\":[\"https:\\\/\\\/www.facebook.com\\\/people\\\/Immoinvest\\\/100077962920504\\\/\",\"https:\\\/\\\/x.com\\\/i\\\/flow\\\/login?redirect_after_login=immoinvest_ch\",\"https:\\\/\\\/www.instagram.com\\\/immoinvest_ch\\\/\",\"https:\\\/\\\/www.linkedin.com\\\/company\\\/immoinvest-swiss\"]},{\"@type\":\"Person\",\"@id\":\"https:\\\/\\\/www.immo-invest.ch\\\/fr\\\/author\\\/immovestuser\\\/#author\",\"url\":\"https:\\\/\\\/www.immo-invest.ch\\\/fr\\\/author\\\/immovestuser\\\/\",\"name\":\"immovestuser\",\"image\":{\"@type\":\"ImageObject\",\"@id\":\"https:\\\/\\\/www.immo-invest.ch\\\/fr\\\/fokus-auf-smarte-und-nachhaltige-gebaeude\\\/#authorImage\",\"url\":\"https:\\\/\\\/secure.gravatar.com\\\/avatar\\\/8e01f4d99f2eeea7a362ebb93305e1172a70e9293ba250f897a65c39f54cdd1e?s=96&d=mm&r=g\",\"width\":96,\"height\":96,\"caption\":\"immovestuser\"}},{\"@type\":\"WebPage\",\"@id\":\"https:\\\/\\\/www.immo-invest.ch\\\/fr\\\/fokus-auf-smarte-und-nachhaltige-gebaeude\\\/#webpage\",\"url\":\"https:\\\/\\\/www.immo-invest.ch\\\/fr\\\/fokus-auf-smarte-und-nachhaltige-gebaeude\\\/\",\"name\":\"Focalisation sur les b\\u00e2timents intelligents et durables - immo!nvest - Die Plattform f\\u00fcr Standorte und Immobilien\",\"description\":\"Susanne Seitz est la nouvelle directrice de la division Buildings de Siemens. Son objectif est de renforcer la position de leader de Siemens sur le march\\u00e9 du b\\u00e2timent et de promouvoir les b\\u00e2timents intelligents et durables gr\\u00e2ce \\u00e0 la transformation num\\u00e9rique.\",\"inLanguage\":\"fr-FR\",\"isPartOf\":{\"@id\":\"https:\\\/\\\/www.immo-invest.ch\\\/fr\\\/#website\"},\"breadcrumb\":{\"@id\":\"https:\\\/\\\/www.immo-invest.ch\\\/fr\\\/fokus-auf-smarte-und-nachhaltige-gebaeude\\\/#breadcrumblist\"},\"author\":{\"@id\":\"https:\\\/\\\/www.immo-invest.ch\\\/fr\\\/author\\\/immovestuser\\\/#author\"},\"creator\":{\"@id\":\"https:\\\/\\\/www.immo-invest.ch\\\/fr\\\/author\\\/immovestuser\\\/#author\"},\"image\":{\"@type\":\"ImageObject\",\"url\":\"https:\\\/\\\/www.immo-invest.ch\\\/wp-content\\\/uploads\\\/2024\\\/10\\\/Unbenannt-27.png\",\"@id\":\"https:\\\/\\\/www.immo-invest.ch\\\/fr\\\/fokus-auf-smarte-und-nachhaltige-gebaeude\\\/#mainImage\",\"width\":1792,\"height\":1024},\"primaryImageOfPage\":{\"@id\":\"https:\\\/\\\/www.immo-invest.ch\\\/fr\\\/fokus-auf-smarte-und-nachhaltige-gebaeude\\\/#mainImage\"},\"datePublished\":\"2024-10-17T08:23:41+02:00\",\"dateModified\":\"2024-10-17T08:46:31+02:00\"},{\"@type\":\"WebSite\",\"@id\":\"https:\\\/\\\/www.immo-invest.ch\\\/fr\\\/#website\",\"url\":\"https:\\\/\\\/www.immo-invest.ch\\\/fr\\\/\",\"name\":\"immo!nvest - Die Plattform f\\u00fcr Standorte und Immobilien\",\"description\":\"Die\\u00a0Plattform f\\u00fcr Standorte und Immobilien\",\"inLanguage\":\"fr-FR\",\"publisher\":{\"@id\":\"https:\\\/\\\/www.immo-invest.ch\\\/fr\\\/#organization\"}}]}\n\t\t<\/script>\n\t\t<!-- All in One SEO -->\n\n","aioseo_head_json":{"title":"Focalisation sur les b\u00e2timents intelligents et durables - immo!nvest - Die Plattform f\u00fcr Standorte und Immobilien","description":"Susanne Seitz est la nouvelle directrice de la division Buildings de Siemens. Son objectif est de renforcer la position de leader de Siemens sur le march\u00e9 du b\u00e2timent et de promouvoir les b\u00e2timents intelligents et durables gr\u00e2ce \u00e0 la transformation num\u00e9rique.","canonical_url":"https:\/\/www.immo-invest.ch\/fr\/fokus-auf-smarte-und-nachhaltige-gebaeude\/","robots":"max-image-preview:large","keywords":"","webmasterTools":{"google-site-verification":"fHJKvgWpZCR2zVBHWfkQeFXC11qieUSff0HGNYfuyLA","miscellaneous":""},"schema":{"@context":"https:\/\/schema.org","@graph":[{"@type":"BlogPosting","@id":"https:\/\/www.immo-invest.ch\/fr\/fokus-auf-smarte-und-nachhaltige-gebaeude\/#blogposting","name":"Focalisation sur les b\u00e2timents intelligents et durables - immo!nvest - Die Plattform f\u00fcr Standorte und Immobilien","headline":"Focalisation sur les b\u00e2timents intelligents et durables","author":{"@id":"https:\/\/www.immo-invest.ch\/fr\/author\/immovestuser\/#author"},"publisher":{"@id":"https:\/\/www.immo-invest.ch\/fr\/#organization"},"image":{"@type":"ImageObject","url":"https:\/\/www.immo-invest.ch\/wp-content\/uploads\/2024\/10\/Unbenannt-27.png","width":1792,"height":1024},"datePublished":"2024-10-17T08:23:41+02:00","dateModified":"2024-10-17T08:46:31+02:00","inLanguage":"fr-FR","mainEntityOfPage":{"@id":"https:\/\/www.immo-invest.ch\/fr\/fokus-auf-smarte-und-nachhaltige-gebaeude\/#webpage"},"isPartOf":{"@id":"https:\/\/www.immo-invest.ch\/fr\/fokus-auf-smarte-und-nachhaltige-gebaeude\/#webpage"},"articleSection":"Entreprise, Gens, immoNews, Zug, Digitalisierung, Geb\u00e4udetechnologie, Immoinvest, immoNews, News, Siemens, Facultatif"},{"@type":"BreadcrumbList","@id":"https:\/\/www.immo-invest.ch\/fr\/fokus-auf-smarte-und-nachhaltige-gebaeude\/#breadcrumblist","itemListElement":[{"@type":"ListItem","@id":"https:\/\/www.immo-invest.ch\/fr\/#listItem","position":1,"name":"Home","item":"https:\/\/www.immo-invest.ch\/fr\/","nextItem":{"@type":"ListItem","@id":"https:\/\/www.immo-invest.ch\/fr\/categories\/regions\/#listItem","name":"R\u00e9gions"}},{"@type":"ListItem","@id":"https:\/\/www.immo-invest.ch\/fr\/categories\/regions\/#listItem","position":2,"name":"R\u00e9gions","item":"https:\/\/www.immo-invest.ch\/fr\/categories\/regions\/","nextItem":{"@type":"ListItem","@id":"https:\/\/www.immo-invest.ch\/fr\/categories\/regions\/suisse\/#listItem","name":"Suisse"},"previousItem":{"@type":"ListItem","@id":"https:\/\/www.immo-invest.ch\/fr\/#listItem","name":"Home"}},{"@type":"ListItem","@id":"https:\/\/www.immo-invest.ch\/fr\/categories\/regions\/suisse\/#listItem","position":3,"name":"Suisse","item":"https:\/\/www.immo-invest.ch\/fr\/categories\/regions\/suisse\/","nextItem":{"@type":"ListItem","@id":"https:\/\/www.immo-invest.ch\/fr\/categories\/regions\/suisse\/region-zentralschweiz\/#listItem","name":"Zentralschweiz"},"previousItem":{"@type":"ListItem","@id":"https:\/\/www.immo-invest.ch\/fr\/categories\/regions\/#listItem","name":"R\u00e9gions"}},{"@type":"ListItem","@id":"https:\/\/www.immo-invest.ch\/fr\/categories\/regions\/suisse\/region-zentralschweiz\/#listItem","position":4,"name":"Zentralschweiz","item":"https:\/\/www.immo-invest.ch\/fr\/categories\/regions\/suisse\/region-zentralschweiz\/","nextItem":{"@type":"ListItem","@id":"https:\/\/www.immo-invest.ch\/fr\/categories\/regions\/suisse\/region-zentralschweiz\/region-zug\/#listItem","name":"Zug"},"previousItem":{"@type":"ListItem","@id":"https:\/\/www.immo-invest.ch\/fr\/categories\/regions\/suisse\/#listItem","name":"Suisse"}},{"@type":"ListItem","@id":"https:\/\/www.immo-invest.ch\/fr\/categories\/regions\/suisse\/region-zentralschweiz\/region-zug\/#listItem","position":5,"name":"Zug","item":"https:\/\/www.immo-invest.ch\/fr\/categories\/regions\/suisse\/region-zentralschweiz\/region-zug\/","nextItem":{"@type":"ListItem","@id":"https:\/\/www.immo-invest.ch\/fr\/fokus-auf-smarte-und-nachhaltige-gebaeude\/#listItem","name":"Focalisation sur les b\u00e2timents intelligents et durables"},"previousItem":{"@type":"ListItem","@id":"https:\/\/www.immo-invest.ch\/fr\/categories\/regions\/suisse\/region-zentralschweiz\/#listItem","name":"Zentralschweiz"}},{"@type":"ListItem","@id":"https:\/\/www.immo-invest.ch\/fr\/fokus-auf-smarte-und-nachhaltige-gebaeude\/#listItem","position":6,"name":"Focalisation sur les b\u00e2timents intelligents et durables","previousItem":{"@type":"ListItem","@id":"https:\/\/www.immo-invest.ch\/fr\/categories\/regions\/suisse\/region-zentralschweiz\/region-zug\/#listItem","name":"Zug"}}]},{"@type":"Organization","@id":"https:\/\/www.immo-invest.ch\/fr\/#organization","name":"immo!nvest - Die Plattform f\u00fcr Standorte und Immobilien","description":"Die\u00a0Plattform f\u00fcr Standorte und Immobilien","url":"https:\/\/www.immo-invest.ch\/fr\/","email":"admin@immomedia.ag","telephone":"+41444420002","logo":{"@type":"ImageObject","url":"https:\/\/www.immo-invest.ch\/wp-content\/uploads\/2024\/09\/immoinvest_sm-scaled.jpg","@id":"https:\/\/www.immo-invest.ch\/fr\/fokus-auf-smarte-und-nachhaltige-gebaeude\/#organizationLogo","width":2560,"height":1340},"image":{"@id":"https:\/\/www.immo-invest.ch\/fr\/fokus-auf-smarte-und-nachhaltige-gebaeude\/#organizationLogo"},"sameAs":["https:\/\/www.facebook.com\/people\/Immoinvest\/100077962920504\/","https:\/\/x.com\/i\/flow\/login?redirect_after_login=immoinvest_ch","https:\/\/www.instagram.com\/immoinvest_ch\/","https:\/\/www.linkedin.com\/company\/immoinvest-swiss"]},{"@type":"Person","@id":"https:\/\/www.immo-invest.ch\/fr\/author\/immovestuser\/#author","url":"https:\/\/www.immo-invest.ch\/fr\/author\/immovestuser\/","name":"immovestuser","image":{"@type":"ImageObject","@id":"https:\/\/www.immo-invest.ch\/fr\/fokus-auf-smarte-und-nachhaltige-gebaeude\/#authorImage","url":"https:\/\/secure.gravatar.com\/avatar\/8e01f4d99f2eeea7a362ebb93305e1172a70e9293ba250f897a65c39f54cdd1e?s=96&d=mm&r=g","width":96,"height":96,"caption":"immovestuser"}},{"@type":"WebPage","@id":"https:\/\/www.immo-invest.ch\/fr\/fokus-auf-smarte-und-nachhaltige-gebaeude\/#webpage","url":"https:\/\/www.immo-invest.ch\/fr\/fokus-auf-smarte-und-nachhaltige-gebaeude\/","name":"Focalisation sur les b\u00e2timents intelligents et durables - immo!nvest - Die Plattform f\u00fcr Standorte und Immobilien","description":"Susanne Seitz est la nouvelle directrice de la division Buildings de Siemens. Son objectif est de renforcer la position de leader de Siemens sur le march\u00e9 du b\u00e2timent et de promouvoir les b\u00e2timents intelligents et durables gr\u00e2ce \u00e0 la transformation num\u00e9rique.","inLanguage":"fr-FR","isPartOf":{"@id":"https:\/\/www.immo-invest.ch\/fr\/#website"},"breadcrumb":{"@id":"https:\/\/www.immo-invest.ch\/fr\/fokus-auf-smarte-und-nachhaltige-gebaeude\/#breadcrumblist"},"author":{"@id":"https:\/\/www.immo-invest.ch\/fr\/author\/immovestuser\/#author"},"creator":{"@id":"https:\/\/www.immo-invest.ch\/fr\/author\/immovestuser\/#author"},"image":{"@type":"ImageObject","url":"https:\/\/www.immo-invest.ch\/wp-content\/uploads\/2024\/10\/Unbenannt-27.png","@id":"https:\/\/www.immo-invest.ch\/fr\/fokus-auf-smarte-und-nachhaltige-gebaeude\/#mainImage","width":1792,"height":1024},"primaryImageOfPage":{"@id":"https:\/\/www.immo-invest.ch\/fr\/fokus-auf-smarte-und-nachhaltige-gebaeude\/#mainImage"},"datePublished":"2024-10-17T08:23:41+02:00","dateModified":"2024-10-17T08:46:31+02:00"},{"@type":"WebSite","@id":"https:\/\/www.immo-invest.ch\/fr\/#website","url":"https:\/\/www.immo-invest.ch\/fr\/","name":"immo!nvest - Die Plattform f\u00fcr Standorte und Immobilien","description":"Die\u00a0Plattform f\u00fcr Standorte und Immobilien","inLanguage":"fr-FR","publisher":{"@id":"https:\/\/www.immo-invest.ch\/fr\/#organization"}}]},"og:locale":"fr_FR","og:site_name":"immo!nvest - Die Plattform f\u00fcr Standorte und Immobilien - Die\u00a0Plattform f\u00fcr Standorte und Immobilien","og:type":"article","og:title":"Focalisation sur les b\u00e2timents intelligents et durables - immo!nvest - Die Plattform f\u00fcr Standorte und Immobilien","og:description":"Susanne Seitz est la nouvelle directrice de la division Buildings de Siemens. Son objectif est de renforcer la position de leader de Siemens sur le march\u00e9 du b\u00e2timent et de promouvoir les b\u00e2timents intelligents et durables gr\u00e2ce \u00e0 la transformation num\u00e9rique.","og:url":"https:\/\/www.immo-invest.ch\/fr\/fokus-auf-smarte-und-nachhaltige-gebaeude\/","og:image":"https:\/\/www.immo-invest.ch\/wp-content\/uploads\/2024\/10\/Unbenannt-27.png","og:image:secure_url":"https:\/\/www.immo-invest.ch\/wp-content\/uploads\/2024\/10\/Unbenannt-27.png","og:image:width":1792,"og:image:height":1024,"article:published_time":"2024-10-17T06:23:41+00:00","article:modified_time":"2024-10-17T06:46:31+00:00","article:publisher":"https:\/\/www.facebook.com\/people\/Immoinvest\/100077962920504\/","twitter:card":"summary_large_image","twitter:site":"@i","twitter:title":"Focalisation sur les b\u00e2timents intelligents et durables - immo!nvest - Die Plattform f\u00fcr Standorte und Immobilien","twitter:description":"Susanne Seitz est la nouvelle directrice de la division Buildings de Siemens. Son objectif est de renforcer la position de leader de Siemens sur le march\u00e9 du b\u00e2timent et de promouvoir les b\u00e2timents intelligents et durables gr\u00e2ce \u00e0 la transformation num\u00e9rique.","twitter:creator":"@i","twitter:image":"https:\/\/www.immo-invest.ch\/wp-content\/uploads\/2024\/10\/Unbenannt-27.png"},"aioseo_meta_data":{"post_id":"117313","title":null,"description":null,"keywords":null,"keyphrases":{"focus":{"keyphrase":"","score":0,"analysis":{"keyphraseInTitle":{"score":0,"maxScore":9,"error":1}}},"additional":[]},"primary_term":null,"canonical_url":null,"og_title":null,"og_description":null,"og_object_type":"default","og_image_type":"default","og_image_url":null,"og_image_width":null,"og_image_height":null,"og_image_custom_url":null,"og_image_custom_fields":null,"og_video":"","og_custom_url":null,"og_article_section":null,"og_article_tags":null,"twitter_use_og":false,"twitter_card":"default","twitter_image_type":"default","twitter_image_url":null,"twitter_image_custom_url":null,"twitter_image_custom_fields":null,"twitter_title":null,"twitter_description":null,"schema":{"blockGraphs":[],"customGraphs":[],"default":{"data":{"Article":[],"Course":[],"Dataset":[],"FAQPage":[],"Movie":[],"Person":[],"Product":[],"ProductReview":[],"Car":[],"Recipe":[],"Service":[],"SoftwareApplication":[],"WebPage":[]},"graphName":"BlogPosting","isEnabled":true},"graphs":[]},"schema_type":"default","schema_type_options":null,"pillar_content":false,"robots_default":true,"robots_noindex":false,"robots_noarchive":false,"robots_nosnippet":false,"robots_nofollow":false,"robots_noimageindex":false,"robots_noodp":false,"robots_notranslate":false,"robots_max_snippet":"-1","robots_max_videopreview":"-1","robots_max_imagepreview":"large","priority":null,"frequency":"default","local_seo":null,"breadcrumb_settings":null,"limit_modified_date":false,"ai":null,"created":"2024-10-17 06:34:33","updated":"2025-10-24 11:45:16","seo_analyzer_scan_date":null,"focus_keyword":null,"additional_keywords":null,"truseo_locale":null},"aioseo_breadcrumb":"<div class=\"aioseo-breadcrumbs\"><span class=\"aioseo-breadcrumb\">\n\t\t\t<a href=\"https:\/\/www.immo-invest.ch\/fr\/\" title=\"Home\">Home<\/a>\n\t\t<\/span><span class=\"aioseo-breadcrumb-separator\">&raquo;<\/span><span class=\"aioseo-breadcrumb\">\n\t\t\t<a href=\"https:\/\/www.immo-invest.ch\/fr\/categories\/regions\/\" title=\"R\u00e9gions\">R\u00e9gions<\/a>\n\t\t<\/span><span class=\"aioseo-breadcrumb-separator\">&raquo;<\/span><span class=\"aioseo-breadcrumb\">\n\t\t\t<a href=\"https:\/\/www.immo-invest.ch\/fr\/categories\/regions\/suisse\/\" title=\"Suisse\">Suisse<\/a>\n\t\t<\/span><span class=\"aioseo-breadcrumb-separator\">&raquo;<\/span><span class=\"aioseo-breadcrumb\">\n\t\t\t<a href=\"https:\/\/www.immo-invest.ch\/fr\/categories\/regions\/suisse\/region-zentralschweiz\/\" title=\"Zentralschweiz\">Zentralschweiz<\/a>\n\t\t<\/span><span class=\"aioseo-breadcrumb-separator\">&raquo;<\/span><span class=\"aioseo-breadcrumb\">\n\t\t\t<a href=\"https:\/\/www.immo-invest.ch\/fr\/categories\/regions\/suisse\/region-zentralschweiz\/region-zug\/\" title=\"Zug\">Zug<\/a>\n\t\t<\/span><span class=\"aioseo-breadcrumb-separator\">&raquo;<\/span><span class=\"aioseo-breadcrumb\">\n\t\t\tFocalisation sur les b\u00e2timents intelligents et durables\n\t\t<\/span><\/div>","aioseo_breadcrumb_json":[{"label":"Home","link":"https:\/\/www.immo-invest.ch\/fr\/"},{"label":"R\u00e9gions","link":"https:\/\/www.immo-invest.ch\/fr\/categories\/regions\/"},{"label":"Suisse","link":"https:\/\/www.immo-invest.ch\/fr\/categories\/regions\/suisse\/"},{"label":"Zentralschweiz","link":"https:\/\/www.immo-invest.ch\/fr\/categories\/regions\/suisse\/region-zentralschweiz\/"},{"label":"Zug","link":"https:\/\/www.immo-invest.ch\/fr\/categories\/regions\/suisse\/region-zentralschweiz\/region-zug\/"},{"label":"Focalisation sur les b\u00e2timents intelligents et durables","link":"https:\/\/www.immo-invest.ch\/fr\/fokus-auf-smarte-und-nachhaltige-gebaeude\/"}],"featured_image_src":"https:\/\/www.immo-invest.ch\/wp-content\/uploads\/2024\/10\/Unbenannt-27-336x168.png","_links":{"self":[{"href":"https:\/\/www.immo-invest.ch\/fr\/wp-json\/wp\/v2\/posts\/117313","targetHints":{"allow":["GET"]}}],"collection":[{"href":"https:\/\/www.immo-invest.ch\/fr\/wp-json\/wp\/v2\/posts"}],"about":[{"href":"https:\/\/www.immo-invest.ch\/fr\/wp-json\/wp\/v2\/types\/post"}],"author":[{"embeddable":true,"href":"https:\/\/www.immo-invest.ch\/fr\/wp-json\/wp\/v2\/users\/2"}],"replies":[{"embeddable":true,"href":"https:\/\/www.immo-invest.ch\/fr\/wp-json\/wp\/v2\/comments?post=117313"}],"version-history":[{"count":0,"href":"https:\/\/www.immo-invest.ch\/fr\/wp-json\/wp\/v2\/posts\/117313\/revisions"}],"wp:featuredmedia":[{"embeddable":true,"href":"https:\/\/www.immo-invest.ch\/fr\/wp-json\/wp\/v2\/media\/117308"}],"wp:attachment":[{"href":"https:\/\/www.immo-invest.ch\/fr\/wp-json\/wp\/v2\/media?parent=117313"}],"wp:term":[{"taxonomy":"category","embeddable":true,"href":"https:\/\/www.immo-invest.ch\/fr\/wp-json\/wp\/v2\/categories?post=117313"},{"taxonomy":"post_tag","embeddable":true,"href":"https:\/\/www.immo-invest.ch\/fr\/wp-json\/wp\/v2\/tags?post=117313"}],"curies":[{"name":"wp","href":"https:\/\/api.w.org\/{rel}","templated":true}]}}