{"id":116575,"date":"2024-10-14T14:20:51","date_gmt":"2024-10-14T12:20:51","guid":{"rendered":"https:\/\/www.immo-invest.ch\/?p=116575"},"modified":"2024-10-14T10:43:18","modified_gmt":"2024-10-14T08:43:18","slug":"staerkung-der-praesenz-in-der-bauindustrie-durch-akquisition-in-slowenien","status":"publish","type":"post","link":"https:\/\/www.immo-invest.ch\/fr\/staerkung-der-praesenz-in-der-bauindustrie-durch-akquisition-in-slowenien\/","title":{"rendered":"Renforcement de la pr\u00e9sence dans le secteur de la construction gr\u00e2ce \u00e0 une acquisition en Slov\u00e9nie"},"content":{"rendered":"<p class=\"bodytext\"><a href=\"https:\/\/www.sfs.com\/ch\/de\/\" target=\"_blank\" rel=\"noopener\">SFS<\/a> a repris, avec effet au 1er octobre, le partenaire de distribution dans l&rsquo;industrie du b&acirc;timent <a href=\"https:\/\/www.epro-adria.si\/\" target=\"_blank\" rel=\"noopener\">EPRO D.O.O.<\/a> de Ljubljana, informe le fabricant mondial d&rsquo;outils, de composants de pr&eacute;cision, de sous-ensembles et de syst&egrave;mes de fixation de la r&eacute;gion de Saint-Gall-Lac de Constance dans un <a href=\"https:\/\/www.sfs.com\/ch\/de\/media-newsroom\/sfs-%C3%BCbernimmt-f%C3%BChrenden-slowenischen-vertriebspartner-in-der-bauindustrie.html\" target=\"_blank\" rel=\"noopener\">communiqu&eacute;<\/a>. Aucune information n&rsquo;est donn&eacute;e sur le prix d&rsquo;achat. EPRO distribue des &eacute;l&eacute;ments de fixation, des fixations, des syst&egrave;mes antichute et d&rsquo;autres produits pour les toits plats, les constructions industrielles l&eacute;g&egrave;res et les &eacute;l&eacute;ments de fa&ccedil;ade en Slov&eacute;nie, en Croatie et dans la r&eacute;gion adriatique &eacute;largie.<\/p>\n<p class=\"bodytext\">Cette acquisition vise &agrave; renforcer la pr&eacute;sence r&eacute;gionale et la position du Groupe SFS sur le march&eacute; dans la r&eacute;gion. EPRO poursuivra ses activit&eacute;s sous l&rsquo;&eacute;gide de SFS &laquo;&nbsp;sans changement avec tous ses collaborateurs&nbsp;&raquo;, pr&eacute;cise le communiqu&eacute;. Le groupe, dont le si&egrave;ge social est &agrave; Heerbrugg, dispose d&rsquo;environ 140 sites de vente et de production dans 35 pays d&rsquo;Am&eacute;rique du Nord, d&rsquo;Europe et d&rsquo;Asie.<\/p>\n","protected":false},"excerpt":{"rendered":"<p>Le Groupe SFS a rachet\u00e9 EPRO D.O.O. en Slov\u00e9nie. Ce partenaire de distribution dans l&rsquo;industrie du b\u00e2timent est sp\u00e9cialis\u00e9 dans les composants pour les toits plats, les constructions l\u00e9g\u00e8res et les fa\u00e7ades. Cette acquisition vise \u00e0 renforcer la pr\u00e9sence du groupe dans la r\u00e9gion pour les techniques de fixation.<\/p>\n","protected":false},"author":2,"featured_media":18035,"comment_status":"open","ping_status":"open","sticky":false,"template":"","format":"standard","meta":{"pmpro_default_level":"","inline_featured_image":false,"_monsterinsights_skip_tracking":false,"footnotes":""},"categories":[22696,22353,743,22357],"tags":[49914,49915,30718,43751,848,49916,49917,49918,30255,46678,49919,41428],"class_list":["post-116575","post","type-post","status-publish","format-standard","has-post-thumbnail","hentry","category-entreprise","category-international-fr","category-immonews-fr","category-industrie-du-batiment","tag-absturzsicherung-fr","tag-adriatischer-raum-fr","tag-bauindustrie-fr","tag-fassadenelemente-fr","tag-immobilien-fr","tag-kroatien-fr","tag-marktpraesenz-fr","tag-slowenien-fr","tag-uebernahme-2-fr","tag-verbindungselemente-fr","tag-vertrieb-fr","tag-vertriebspartner-fr","pmpro-has-access"],"acf":{"bild_mit_ki_erstellt_worden":[],"lead":"Le Groupe SFS a rachet\u00e9 EPRO D.O.O. en Slov\u00e9nie. Ce partenaire de distribution dans l'industrie du b\u00e2timent est sp\u00e9cialis\u00e9 dans les composants pour les toits plats, les constructions l\u00e9g\u00e8res et les fa\u00e7ades. Cette acquisition vise \u00e0 renforcer la pr\u00e9sence du groupe dans la r\u00e9gion pour les techniques de fixation.","autor":"ce\/hs","ort":"Heerbrugg SG\/Ljubljana","bildunterschrift":"","bild_im_grid":false,"gallerie":"","newsim":""},"aioseo_notices":[],"aioseo_head":"\n\t\t<!-- All in One SEO 5.0.1.1 - aioseo.com -->\n\t<meta name=\"description\" content=\"Le Groupe SFS a rachet\u00e9 EPRO D.O.O. en Slov\u00e9nie. Ce partenaire de distribution dans l&#039;industrie du b\u00e2timent est sp\u00e9cialis\u00e9 dans les composants pour les toits plats, les constructions l\u00e9g\u00e8res et les fa\u00e7ades. Cette acquisition vise \u00e0 renforcer la pr\u00e9sence du groupe dans la r\u00e9gion pour les techniques de fixation.\" \/>\n\t<meta name=\"robots\" content=\"max-image-preview:large\" \/>\n\t<meta name=\"author\" content=\"immovestuser\"\/>\n\t<meta name=\"google-site-verification\" content=\"fHJKvgWpZCR2zVBHWfkQeFXC11qieUSff0HGNYfuyLA\" \/>\n\t<link rel=\"canonical\" href=\"https:\/\/www.immo-invest.ch\/fr\/staerkung-der-praesenz-in-der-bauindustrie-durch-akquisition-in-slowenien\/\" \/>\n\t<meta name=\"generator\" content=\"All in One SEO (AIOSEO) 5.0.1.1\" \/>\n\t\t<meta property=\"og:locale\" content=\"fr_FR\" \/>\n\t\t<meta property=\"og:site_name\" content=\"immo!nvest - Die Plattform f\u00fcr Standorte und Immobilien - Die\u00a0Plattform f\u00fcr Standorte und Immobilien\" \/>\n\t\t<meta property=\"og:type\" content=\"article\" \/>\n\t\t<meta property=\"og:title\" content=\"Renforcement de la pr\u00e9sence dans le secteur de la construction gr\u00e2ce \u00e0 une acquisition en Slov\u00e9nie - immo!nvest - Die Plattform f\u00fcr Standorte und Immobilien\" \/>\n\t\t<meta property=\"og:description\" content=\"Le Groupe SFS a rachet\u00e9 EPRO D.O.O. en Slov\u00e9nie. Ce partenaire de distribution dans l&#039;industrie du b\u00e2timent est sp\u00e9cialis\u00e9 dans les composants pour les toits plats, les constructions l\u00e9g\u00e8res et les fa\u00e7ades. Cette acquisition vise \u00e0 renforcer la pr\u00e9sence du groupe dans la r\u00e9gion pour les techniques de fixation.\" \/>\n\t\t<meta property=\"og:url\" content=\"https:\/\/www.immo-invest.ch\/fr\/staerkung-der-praesenz-in-der-bauindustrie-durch-akquisition-in-slowenien\/\" \/>\n\t\t<meta property=\"og:image\" content=\"https:\/\/www.immo-invest.ch\/wp-content\/uploads\/2021\/05\/business-5.jpg\" \/>\n\t\t<meta property=\"og:image:secure_url\" content=\"https:\/\/www.immo-invest.ch\/wp-content\/uploads\/2021\/05\/business-5.jpg\" \/>\n\t\t<meta property=\"og:image:width\" content=\"1200\" \/>\n\t\t<meta property=\"og:image:height\" content=\"628\" \/>\n\t\t<meta property=\"article:published_time\" content=\"2024-10-14T12:20:51+00:00\" \/>\n\t\t<meta property=\"article:modified_time\" content=\"2024-10-14T08:43:18+00:00\" \/>\n\t\t<meta property=\"article:publisher\" content=\"https:\/\/www.facebook.com\/people\/Immoinvest\/100077962920504\/\" \/>\n\t\t<meta name=\"twitter:card\" content=\"summary_large_image\" \/>\n\t\t<meta name=\"twitter:site\" content=\"@i\" \/>\n\t\t<meta name=\"twitter:title\" content=\"Renforcement de la pr\u00e9sence dans le secteur de la construction gr\u00e2ce \u00e0 une acquisition en Slov\u00e9nie - immo!nvest - Die Plattform f\u00fcr Standorte und Immobilien\" \/>\n\t\t<meta name=\"twitter:description\" content=\"Le Groupe SFS a rachet\u00e9 EPRO D.O.O. en Slov\u00e9nie. Ce partenaire de distribution dans l&#039;industrie du b\u00e2timent est sp\u00e9cialis\u00e9 dans les composants pour les toits plats, les constructions l\u00e9g\u00e8res et les fa\u00e7ades. Cette acquisition vise \u00e0 renforcer la pr\u00e9sence du groupe dans la r\u00e9gion pour les techniques de fixation.\" \/>\n\t\t<meta name=\"twitter:creator\" content=\"@i\" \/>\n\t\t<meta name=\"twitter:image\" content=\"https:\/\/www.immo-invest.ch\/wp-content\/uploads\/2021\/05\/business-5.jpg\" \/>\n\t\t<script type=\"application\/ld+json\" class=\"aioseo-schema\">\n\t\t\t{\"@context\":\"https:\\\/\\\/schema.org\",\"@graph\":[{\"@type\":\"BlogPosting\",\"@id\":\"https:\\\/\\\/www.immo-invest.ch\\\/fr\\\/staerkung-der-praesenz-in-der-bauindustrie-durch-akquisition-in-slowenien\\\/#blogposting\",\"name\":\"Renforcement de la pr\\u00e9sence dans le secteur de la construction gr\\u00e2ce \\u00e0 une acquisition en Slov\\u00e9nie - immo!nvest - Die Plattform f\\u00fcr Standorte und Immobilien\",\"headline\":\"Renforcement de la pr\\u00e9sence dans le secteur de la construction gr\\u00e2ce \\u00e0 une acquisition en Slov\\u00e9nie\",\"author\":{\"@id\":\"https:\\\/\\\/www.immo-invest.ch\\\/fr\\\/author\\\/immovestuser\\\/#author\"},\"publisher\":{\"@id\":\"https:\\\/\\\/www.immo-invest.ch\\\/fr\\\/#organization\"},\"image\":{\"@type\":\"ImageObject\",\"url\":\"https:\\\/\\\/www.immo-invest.ch\\\/wp-content\\\/uploads\\\/2021\\\/05\\\/business-5.jpg\",\"width\":1200,\"height\":628},\"datePublished\":\"2024-10-14T14:20:51+02:00\",\"dateModified\":\"2024-10-14T10:43:18+02:00\",\"inLanguage\":\"fr-FR\",\"mainEntityOfPage\":{\"@id\":\"https:\\\/\\\/www.immo-invest.ch\\\/fr\\\/staerkung-der-praesenz-in-der-bauindustrie-durch-akquisition-in-slowenien\\\/#webpage\"},\"isPartOf\":{\"@id\":\"https:\\\/\\\/www.immo-invest.ch\\\/fr\\\/staerkung-der-praesenz-in-der-bauindustrie-durch-akquisition-in-slowenien\\\/#webpage\"},\"articleSection\":\"Entreprise, Global, immoNews, Industrie du b\\u00e2timent, Absturzsicherung, Adriatischer Raum, Bauindustrie, Fassadenelemente, immobilien, Kroatien, Marktpr\\u00e4senz, Slowenien, \\u00dcbernahme, Verbindungselemente, Vertrieb, Vertriebspartner, Facultatif\"},{\"@type\":\"BreadcrumbList\",\"@id\":\"https:\\\/\\\/www.immo-invest.ch\\\/fr\\\/staerkung-der-praesenz-in-der-bauindustrie-durch-akquisition-in-slowenien\\\/#breadcrumblist\",\"itemListElement\":[{\"@type\":\"ListItem\",\"@id\":\"https:\\\/\\\/www.immo-invest.ch\\\/fr\\\/#listItem\",\"position\":1,\"name\":\"Home\",\"item\":\"https:\\\/\\\/www.immo-invest.ch\\\/fr\\\/\",\"nextItem\":{\"@type\":\"ListItem\",\"@id\":\"https:\\\/\\\/www.immo-invest.ch\\\/fr\\\/categories\\\/regions\\\/#listItem\",\"name\":\"R\\u00e9gions\"}},{\"@type\":\"ListItem\",\"@id\":\"https:\\\/\\\/www.immo-invest.ch\\\/fr\\\/categories\\\/regions\\\/#listItem\",\"position\":2,\"name\":\"R\\u00e9gions\",\"item\":\"https:\\\/\\\/www.immo-invest.ch\\\/fr\\\/categories\\\/regions\\\/\",\"nextItem\":{\"@type\":\"ListItem\",\"@id\":\"https:\\\/\\\/www.immo-invest.ch\\\/fr\\\/categories\\\/regions\\\/international\\\/#listItem\",\"name\":\"International\"},\"previousItem\":{\"@type\":\"ListItem\",\"@id\":\"https:\\\/\\\/www.immo-invest.ch\\\/fr\\\/#listItem\",\"name\":\"Home\"}},{\"@type\":\"ListItem\",\"@id\":\"https:\\\/\\\/www.immo-invest.ch\\\/fr\\\/categories\\\/regions\\\/international\\\/#listItem\",\"position\":3,\"name\":\"International\",\"item\":\"https:\\\/\\\/www.immo-invest.ch\\\/fr\\\/categories\\\/regions\\\/international\\\/\",\"nextItem\":{\"@type\":\"ListItem\",\"@id\":\"https:\\\/\\\/www.immo-invest.ch\\\/fr\\\/categories\\\/regions\\\/international\\\/international-fr\\\/#listItem\",\"name\":\"Global\"},\"previousItem\":{\"@type\":\"ListItem\",\"@id\":\"https:\\\/\\\/www.immo-invest.ch\\\/fr\\\/categories\\\/regions\\\/#listItem\",\"name\":\"R\\u00e9gions\"}},{\"@type\":\"ListItem\",\"@id\":\"https:\\\/\\\/www.immo-invest.ch\\\/fr\\\/categories\\\/regions\\\/international\\\/international-fr\\\/#listItem\",\"position\":4,\"name\":\"Global\",\"item\":\"https:\\\/\\\/www.immo-invest.ch\\\/fr\\\/categories\\\/regions\\\/international\\\/international-fr\\\/\",\"nextItem\":{\"@type\":\"ListItem\",\"@id\":\"https:\\\/\\\/www.immo-invest.ch\\\/fr\\\/staerkung-der-praesenz-in-der-bauindustrie-durch-akquisition-in-slowenien\\\/#listItem\",\"name\":\"Renforcement de la pr\\u00e9sence dans le secteur de la construction gr\\u00e2ce \\u00e0 une acquisition en Slov\\u00e9nie\"},\"previousItem\":{\"@type\":\"ListItem\",\"@id\":\"https:\\\/\\\/www.immo-invest.ch\\\/fr\\\/categories\\\/regions\\\/international\\\/#listItem\",\"name\":\"International\"}},{\"@type\":\"ListItem\",\"@id\":\"https:\\\/\\\/www.immo-invest.ch\\\/fr\\\/staerkung-der-praesenz-in-der-bauindustrie-durch-akquisition-in-slowenien\\\/#listItem\",\"position\":5,\"name\":\"Renforcement de la pr\\u00e9sence dans le secteur de la construction gr\\u00e2ce \\u00e0 une acquisition en Slov\\u00e9nie\",\"previousItem\":{\"@type\":\"ListItem\",\"@id\":\"https:\\\/\\\/www.immo-invest.ch\\\/fr\\\/categories\\\/regions\\\/international\\\/international-fr\\\/#listItem\",\"name\":\"Global\"}}]},{\"@type\":\"Organization\",\"@id\":\"https:\\\/\\\/www.immo-invest.ch\\\/fr\\\/#organization\",\"name\":\"immo!nvest - Die Plattform f\\u00fcr Standorte und Immobilien\",\"description\":\"Die\\u00a0Plattform f\\u00fcr Standorte und Immobilien\",\"url\":\"https:\\\/\\\/www.immo-invest.ch\\\/fr\\\/\",\"email\":\"admin@immomedia.ag\",\"telephone\":\"+41444420002\",\"logo\":{\"@type\":\"ImageObject\",\"url\":\"https:\\\/\\\/www.immo-invest.ch\\\/wp-content\\\/uploads\\\/2024\\\/09\\\/immoinvest_sm-scaled.jpg\",\"@id\":\"https:\\\/\\\/www.immo-invest.ch\\\/fr\\\/staerkung-der-praesenz-in-der-bauindustrie-durch-akquisition-in-slowenien\\\/#organizationLogo\",\"width\":2560,\"height\":1340},\"image\":{\"@id\":\"https:\\\/\\\/www.immo-invest.ch\\\/fr\\\/staerkung-der-praesenz-in-der-bauindustrie-durch-akquisition-in-slowenien\\\/#organizationLogo\"},\"sameAs\":[\"https:\\\/\\\/www.facebook.com\\\/people\\\/Immoinvest\\\/100077962920504\\\/\",\"https:\\\/\\\/x.com\\\/i\\\/flow\\\/login?redirect_after_login=immoinvest_ch\",\"https:\\\/\\\/www.instagram.com\\\/immoinvest_ch\\\/\",\"https:\\\/\\\/www.linkedin.com\\\/company\\\/immoinvest-swiss\"]},{\"@type\":\"Person\",\"@id\":\"https:\\\/\\\/www.immo-invest.ch\\\/fr\\\/author\\\/immovestuser\\\/#author\",\"url\":\"https:\\\/\\\/www.immo-invest.ch\\\/fr\\\/author\\\/immovestuser\\\/\",\"name\":\"immovestuser\",\"image\":{\"@type\":\"ImageObject\",\"@id\":\"https:\\\/\\\/www.immo-invest.ch\\\/fr\\\/staerkung-der-praesenz-in-der-bauindustrie-durch-akquisition-in-slowenien\\\/#authorImage\",\"url\":\"https:\\\/\\\/secure.gravatar.com\\\/avatar\\\/8e01f4d99f2eeea7a362ebb93305e1172a70e9293ba250f897a65c39f54cdd1e?s=96&d=mm&r=g\",\"width\":96,\"height\":96,\"caption\":\"immovestuser\"}},{\"@type\":\"WebPage\",\"@id\":\"https:\\\/\\\/www.immo-invest.ch\\\/fr\\\/staerkung-der-praesenz-in-der-bauindustrie-durch-akquisition-in-slowenien\\\/#webpage\",\"url\":\"https:\\\/\\\/www.immo-invest.ch\\\/fr\\\/staerkung-der-praesenz-in-der-bauindustrie-durch-akquisition-in-slowenien\\\/\",\"name\":\"Renforcement de la pr\\u00e9sence dans le secteur de la construction gr\\u00e2ce \\u00e0 une acquisition en Slov\\u00e9nie - immo!nvest - Die Plattform f\\u00fcr Standorte und Immobilien\",\"description\":\"Le Groupe SFS a rachet\\u00e9 EPRO D.O.O. en Slov\\u00e9nie. Ce partenaire de distribution dans l'industrie du b\\u00e2timent est sp\\u00e9cialis\\u00e9 dans les composants pour les toits plats, les constructions l\\u00e9g\\u00e8res et les fa\\u00e7ades. Cette acquisition vise \\u00e0 renforcer la pr\\u00e9sence du groupe dans la r\\u00e9gion pour les techniques de fixation.\",\"inLanguage\":\"fr-FR\",\"isPartOf\":{\"@id\":\"https:\\\/\\\/www.immo-invest.ch\\\/fr\\\/#website\"},\"breadcrumb\":{\"@id\":\"https:\\\/\\\/www.immo-invest.ch\\\/fr\\\/staerkung-der-praesenz-in-der-bauindustrie-durch-akquisition-in-slowenien\\\/#breadcrumblist\"},\"author\":{\"@id\":\"https:\\\/\\\/www.immo-invest.ch\\\/fr\\\/author\\\/immovestuser\\\/#author\"},\"creator\":{\"@id\":\"https:\\\/\\\/www.immo-invest.ch\\\/fr\\\/author\\\/immovestuser\\\/#author\"},\"image\":{\"@type\":\"ImageObject\",\"url\":\"https:\\\/\\\/www.immo-invest.ch\\\/wp-content\\\/uploads\\\/2021\\\/05\\\/business-5.jpg\",\"@id\":\"https:\\\/\\\/www.immo-invest.ch\\\/fr\\\/staerkung-der-praesenz-in-der-bauindustrie-durch-akquisition-in-slowenien\\\/#mainImage\",\"width\":1200,\"height\":628},\"primaryImageOfPage\":{\"@id\":\"https:\\\/\\\/www.immo-invest.ch\\\/fr\\\/staerkung-der-praesenz-in-der-bauindustrie-durch-akquisition-in-slowenien\\\/#mainImage\"},\"datePublished\":\"2024-10-14T14:20:51+02:00\",\"dateModified\":\"2024-10-14T10:43:18+02:00\"},{\"@type\":\"WebSite\",\"@id\":\"https:\\\/\\\/www.immo-invest.ch\\\/fr\\\/#website\",\"url\":\"https:\\\/\\\/www.immo-invest.ch\\\/fr\\\/\",\"name\":\"immo!nvest - Die Plattform f\\u00fcr Standorte und Immobilien\",\"description\":\"Die\\u00a0Plattform f\\u00fcr Standorte und Immobilien\",\"inLanguage\":\"fr-FR\",\"publisher\":{\"@id\":\"https:\\\/\\\/www.immo-invest.ch\\\/fr\\\/#organization\"}}]}\n\t\t<\/script>\n\t\t<!-- All in One SEO -->\n\n","aioseo_head_json":{"title":"Renforcement de la pr\u00e9sence dans le secteur de la construction gr\u00e2ce \u00e0 une acquisition en Slov\u00e9nie - immo!nvest - Die Plattform f\u00fcr Standorte und Immobilien","description":"Le Groupe SFS a rachet\u00e9 EPRO D.O.O. en Slov\u00e9nie. Ce partenaire de distribution dans l'industrie du b\u00e2timent est sp\u00e9cialis\u00e9 dans les composants pour les toits plats, les constructions l\u00e9g\u00e8res et les fa\u00e7ades. Cette acquisition vise \u00e0 renforcer la pr\u00e9sence du groupe dans la r\u00e9gion pour les techniques de fixation.","canonical_url":"https:\/\/www.immo-invest.ch\/fr\/staerkung-der-praesenz-in-der-bauindustrie-durch-akquisition-in-slowenien\/","robots":"max-image-preview:large","keywords":"","webmasterTools":{"google-site-verification":"fHJKvgWpZCR2zVBHWfkQeFXC11qieUSff0HGNYfuyLA","miscellaneous":""},"schema":{"@context":"https:\/\/schema.org","@graph":[{"@type":"BlogPosting","@id":"https:\/\/www.immo-invest.ch\/fr\/staerkung-der-praesenz-in-der-bauindustrie-durch-akquisition-in-slowenien\/#blogposting","name":"Renforcement de la pr\u00e9sence dans le secteur de la construction gr\u00e2ce \u00e0 une acquisition en Slov\u00e9nie - immo!nvest - Die Plattform f\u00fcr Standorte und Immobilien","headline":"Renforcement de la pr\u00e9sence dans le secteur de la construction gr\u00e2ce \u00e0 une acquisition en Slov\u00e9nie","author":{"@id":"https:\/\/www.immo-invest.ch\/fr\/author\/immovestuser\/#author"},"publisher":{"@id":"https:\/\/www.immo-invest.ch\/fr\/#organization"},"image":{"@type":"ImageObject","url":"https:\/\/www.immo-invest.ch\/wp-content\/uploads\/2021\/05\/business-5.jpg","width":1200,"height":628},"datePublished":"2024-10-14T14:20:51+02:00","dateModified":"2024-10-14T10:43:18+02:00","inLanguage":"fr-FR","mainEntityOfPage":{"@id":"https:\/\/www.immo-invest.ch\/fr\/staerkung-der-praesenz-in-der-bauindustrie-durch-akquisition-in-slowenien\/#webpage"},"isPartOf":{"@id":"https:\/\/www.immo-invest.ch\/fr\/staerkung-der-praesenz-in-der-bauindustrie-durch-akquisition-in-slowenien\/#webpage"},"articleSection":"Entreprise, Global, immoNews, Industrie du b\u00e2timent, Absturzsicherung, Adriatischer Raum, Bauindustrie, Fassadenelemente, immobilien, Kroatien, Marktpr\u00e4senz, Slowenien, \u00dcbernahme, Verbindungselemente, Vertrieb, Vertriebspartner, Facultatif"},{"@type":"BreadcrumbList","@id":"https:\/\/www.immo-invest.ch\/fr\/staerkung-der-praesenz-in-der-bauindustrie-durch-akquisition-in-slowenien\/#breadcrumblist","itemListElement":[{"@type":"ListItem","@id":"https:\/\/www.immo-invest.ch\/fr\/#listItem","position":1,"name":"Home","item":"https:\/\/www.immo-invest.ch\/fr\/","nextItem":{"@type":"ListItem","@id":"https:\/\/www.immo-invest.ch\/fr\/categories\/regions\/#listItem","name":"R\u00e9gions"}},{"@type":"ListItem","@id":"https:\/\/www.immo-invest.ch\/fr\/categories\/regions\/#listItem","position":2,"name":"R\u00e9gions","item":"https:\/\/www.immo-invest.ch\/fr\/categories\/regions\/","nextItem":{"@type":"ListItem","@id":"https:\/\/www.immo-invest.ch\/fr\/categories\/regions\/international\/#listItem","name":"International"},"previousItem":{"@type":"ListItem","@id":"https:\/\/www.immo-invest.ch\/fr\/#listItem","name":"Home"}},{"@type":"ListItem","@id":"https:\/\/www.immo-invest.ch\/fr\/categories\/regions\/international\/#listItem","position":3,"name":"International","item":"https:\/\/www.immo-invest.ch\/fr\/categories\/regions\/international\/","nextItem":{"@type":"ListItem","@id":"https:\/\/www.immo-invest.ch\/fr\/categories\/regions\/international\/international-fr\/#listItem","name":"Global"},"previousItem":{"@type":"ListItem","@id":"https:\/\/www.immo-invest.ch\/fr\/categories\/regions\/#listItem","name":"R\u00e9gions"}},{"@type":"ListItem","@id":"https:\/\/www.immo-invest.ch\/fr\/categories\/regions\/international\/international-fr\/#listItem","position":4,"name":"Global","item":"https:\/\/www.immo-invest.ch\/fr\/categories\/regions\/international\/international-fr\/","nextItem":{"@type":"ListItem","@id":"https:\/\/www.immo-invest.ch\/fr\/staerkung-der-praesenz-in-der-bauindustrie-durch-akquisition-in-slowenien\/#listItem","name":"Renforcement de la pr\u00e9sence dans le secteur de la construction gr\u00e2ce \u00e0 une acquisition en Slov\u00e9nie"},"previousItem":{"@type":"ListItem","@id":"https:\/\/www.immo-invest.ch\/fr\/categories\/regions\/international\/#listItem","name":"International"}},{"@type":"ListItem","@id":"https:\/\/www.immo-invest.ch\/fr\/staerkung-der-praesenz-in-der-bauindustrie-durch-akquisition-in-slowenien\/#listItem","position":5,"name":"Renforcement de la pr\u00e9sence dans le secteur de la construction gr\u00e2ce \u00e0 une acquisition en Slov\u00e9nie","previousItem":{"@type":"ListItem","@id":"https:\/\/www.immo-invest.ch\/fr\/categories\/regions\/international\/international-fr\/#listItem","name":"Global"}}]},{"@type":"Organization","@id":"https:\/\/www.immo-invest.ch\/fr\/#organization","name":"immo!nvest - Die Plattform f\u00fcr Standorte und Immobilien","description":"Die\u00a0Plattform f\u00fcr Standorte und Immobilien","url":"https:\/\/www.immo-invest.ch\/fr\/","email":"admin@immomedia.ag","telephone":"+41444420002","logo":{"@type":"ImageObject","url":"https:\/\/www.immo-invest.ch\/wp-content\/uploads\/2024\/09\/immoinvest_sm-scaled.jpg","@id":"https:\/\/www.immo-invest.ch\/fr\/staerkung-der-praesenz-in-der-bauindustrie-durch-akquisition-in-slowenien\/#organizationLogo","width":2560,"height":1340},"image":{"@id":"https:\/\/www.immo-invest.ch\/fr\/staerkung-der-praesenz-in-der-bauindustrie-durch-akquisition-in-slowenien\/#organizationLogo"},"sameAs":["https:\/\/www.facebook.com\/people\/Immoinvest\/100077962920504\/","https:\/\/x.com\/i\/flow\/login?redirect_after_login=immoinvest_ch","https:\/\/www.instagram.com\/immoinvest_ch\/","https:\/\/www.linkedin.com\/company\/immoinvest-swiss"]},{"@type":"Person","@id":"https:\/\/www.immo-invest.ch\/fr\/author\/immovestuser\/#author","url":"https:\/\/www.immo-invest.ch\/fr\/author\/immovestuser\/","name":"immovestuser","image":{"@type":"ImageObject","@id":"https:\/\/www.immo-invest.ch\/fr\/staerkung-der-praesenz-in-der-bauindustrie-durch-akquisition-in-slowenien\/#authorImage","url":"https:\/\/secure.gravatar.com\/avatar\/8e01f4d99f2eeea7a362ebb93305e1172a70e9293ba250f897a65c39f54cdd1e?s=96&d=mm&r=g","width":96,"height":96,"caption":"immovestuser"}},{"@type":"WebPage","@id":"https:\/\/www.immo-invest.ch\/fr\/staerkung-der-praesenz-in-der-bauindustrie-durch-akquisition-in-slowenien\/#webpage","url":"https:\/\/www.immo-invest.ch\/fr\/staerkung-der-praesenz-in-der-bauindustrie-durch-akquisition-in-slowenien\/","name":"Renforcement de la pr\u00e9sence dans le secteur de la construction gr\u00e2ce \u00e0 une acquisition en Slov\u00e9nie - immo!nvest - Die Plattform f\u00fcr Standorte und Immobilien","description":"Le Groupe SFS a rachet\u00e9 EPRO D.O.O. en Slov\u00e9nie. Ce partenaire de distribution dans l'industrie du b\u00e2timent est sp\u00e9cialis\u00e9 dans les composants pour les toits plats, les constructions l\u00e9g\u00e8res et les fa\u00e7ades. Cette acquisition vise \u00e0 renforcer la pr\u00e9sence du groupe dans la r\u00e9gion pour les techniques de fixation.","inLanguage":"fr-FR","isPartOf":{"@id":"https:\/\/www.immo-invest.ch\/fr\/#website"},"breadcrumb":{"@id":"https:\/\/www.immo-invest.ch\/fr\/staerkung-der-praesenz-in-der-bauindustrie-durch-akquisition-in-slowenien\/#breadcrumblist"},"author":{"@id":"https:\/\/www.immo-invest.ch\/fr\/author\/immovestuser\/#author"},"creator":{"@id":"https:\/\/www.immo-invest.ch\/fr\/author\/immovestuser\/#author"},"image":{"@type":"ImageObject","url":"https:\/\/www.immo-invest.ch\/wp-content\/uploads\/2021\/05\/business-5.jpg","@id":"https:\/\/www.immo-invest.ch\/fr\/staerkung-der-praesenz-in-der-bauindustrie-durch-akquisition-in-slowenien\/#mainImage","width":1200,"height":628},"primaryImageOfPage":{"@id":"https:\/\/www.immo-invest.ch\/fr\/staerkung-der-praesenz-in-der-bauindustrie-durch-akquisition-in-slowenien\/#mainImage"},"datePublished":"2024-10-14T14:20:51+02:00","dateModified":"2024-10-14T10:43:18+02:00"},{"@type":"WebSite","@id":"https:\/\/www.immo-invest.ch\/fr\/#website","url":"https:\/\/www.immo-invest.ch\/fr\/","name":"immo!nvest - Die Plattform f\u00fcr Standorte und Immobilien","description":"Die\u00a0Plattform f\u00fcr Standorte und Immobilien","inLanguage":"fr-FR","publisher":{"@id":"https:\/\/www.immo-invest.ch\/fr\/#organization"}}]},"og:locale":"fr_FR","og:site_name":"immo!nvest - Die Plattform f\u00fcr Standorte und Immobilien - Die\u00a0Plattform f\u00fcr Standorte und Immobilien","og:type":"article","og:title":"Renforcement de la pr\u00e9sence dans le secteur de la construction gr\u00e2ce \u00e0 une acquisition en Slov\u00e9nie - immo!nvest - Die Plattform f\u00fcr Standorte und Immobilien","og:description":"Le Groupe SFS a rachet\u00e9 EPRO D.O.O. en Slov\u00e9nie. Ce partenaire de distribution dans l'industrie du b\u00e2timent est sp\u00e9cialis\u00e9 dans les composants pour les toits plats, les constructions l\u00e9g\u00e8res et les fa\u00e7ades. Cette acquisition vise \u00e0 renforcer la pr\u00e9sence du groupe dans la r\u00e9gion pour les techniques de fixation.","og:url":"https:\/\/www.immo-invest.ch\/fr\/staerkung-der-praesenz-in-der-bauindustrie-durch-akquisition-in-slowenien\/","og:image":"https:\/\/www.immo-invest.ch\/wp-content\/uploads\/2021\/05\/business-5.jpg","og:image:secure_url":"https:\/\/www.immo-invest.ch\/wp-content\/uploads\/2021\/05\/business-5.jpg","og:image:width":1200,"og:image:height":628,"article:published_time":"2024-10-14T12:20:51+00:00","article:modified_time":"2024-10-14T08:43:18+00:00","article:publisher":"https:\/\/www.facebook.com\/people\/Immoinvest\/100077962920504\/","twitter:card":"summary_large_image","twitter:site":"@i","twitter:title":"Renforcement de la pr\u00e9sence dans le secteur de la construction gr\u00e2ce \u00e0 une acquisition en Slov\u00e9nie - immo!nvest - Die Plattform f\u00fcr Standorte und Immobilien","twitter:description":"Le Groupe SFS a rachet\u00e9 EPRO D.O.O. en Slov\u00e9nie. Ce partenaire de distribution dans l'industrie du b\u00e2timent est sp\u00e9cialis\u00e9 dans les composants pour les toits plats, les constructions l\u00e9g\u00e8res et les fa\u00e7ades. Cette acquisition vise \u00e0 renforcer la pr\u00e9sence du groupe dans la r\u00e9gion pour les techniques de fixation.","twitter:creator":"@i","twitter:image":"https:\/\/www.immo-invest.ch\/wp-content\/uploads\/2021\/05\/business-5.jpg"},"aioseo_meta_data":{"post_id":"116575","title":null,"description":null,"keywords":null,"keyphrases":{"focus":{"keyphrase":"","score":0,"analysis":{"keyphraseInTitle":{"score":0,"maxScore":9,"error":1}}},"additional":[]},"primary_term":null,"canonical_url":null,"og_title":null,"og_description":null,"og_object_type":"default","og_image_type":"default","og_image_url":null,"og_image_width":null,"og_image_height":null,"og_image_custom_url":null,"og_image_custom_fields":null,"og_video":"","og_custom_url":null,"og_article_section":null,"og_article_tags":null,"twitter_use_og":false,"twitter_card":"default","twitter_image_type":"default","twitter_image_url":null,"twitter_image_custom_url":null,"twitter_image_custom_fields":null,"twitter_title":null,"twitter_description":null,"schema":{"blockGraphs":[],"customGraphs":[],"default":{"data":{"Article":[],"Course":[],"Dataset":[],"FAQPage":[],"Movie":[],"Person":[],"Product":[],"ProductReview":[],"Car":[],"Recipe":[],"Service":[],"SoftwareApplication":[],"WebPage":[]},"graphName":"BlogPosting","isEnabled":true},"graphs":[]},"schema_type":"default","schema_type_options":null,"pillar_content":false,"robots_default":true,"robots_noindex":false,"robots_noarchive":false,"robots_nosnippet":false,"robots_nofollow":false,"robots_noimageindex":false,"robots_noodp":false,"robots_notranslate":false,"robots_max_snippet":"-1","robots_max_videopreview":"-1","robots_max_imagepreview":"large","priority":null,"frequency":"default","local_seo":null,"breadcrumb_settings":null,"limit_modified_date":false,"ai":null,"created":"2024-10-14 08:39:15","updated":"2025-10-24 11:25:14","seo_analyzer_scan_date":null,"focus_keyword":null,"additional_keywords":null,"truseo_locale":null},"aioseo_breadcrumb":"<div class=\"aioseo-breadcrumbs\"><span class=\"aioseo-breadcrumb\">\n\t\t\t<a href=\"https:\/\/www.immo-invest.ch\/fr\/\" title=\"Home\">Home<\/a>\n\t\t<\/span><span class=\"aioseo-breadcrumb-separator\">&raquo;<\/span><span class=\"aioseo-breadcrumb\">\n\t\t\t<a href=\"https:\/\/www.immo-invest.ch\/fr\/categories\/regions\/\" title=\"R\u00e9gions\">R\u00e9gions<\/a>\n\t\t<\/span><span class=\"aioseo-breadcrumb-separator\">&raquo;<\/span><span class=\"aioseo-breadcrumb\">\n\t\t\t<a href=\"https:\/\/www.immo-invest.ch\/fr\/categories\/regions\/international\/\" title=\"International\">International<\/a>\n\t\t<\/span><span class=\"aioseo-breadcrumb-separator\">&raquo;<\/span><span class=\"aioseo-breadcrumb\">\n\t\t\t<a href=\"https:\/\/www.immo-invest.ch\/fr\/categories\/regions\/international\/international-fr\/\" title=\"Global\">Global<\/a>\n\t\t<\/span><span class=\"aioseo-breadcrumb-separator\">&raquo;<\/span><span class=\"aioseo-breadcrumb\">\n\t\t\tRenforcement de la pr\u00e9sence dans le secteur de la construction gr\u00e2ce \u00e0 une acquisition en Slov\u00e9nie\n\t\t<\/span><\/div>","aioseo_breadcrumb_json":[{"label":"Home","link":"https:\/\/www.immo-invest.ch\/fr\/"},{"label":"R\u00e9gions","link":"https:\/\/www.immo-invest.ch\/fr\/categories\/regions\/"},{"label":"International","link":"https:\/\/www.immo-invest.ch\/fr\/categories\/regions\/international\/"},{"label":"Global","link":"https:\/\/www.immo-invest.ch\/fr\/categories\/regions\/international\/international-fr\/"},{"label":"Renforcement de la pr\u00e9sence dans le secteur de la construction gr\u00e2ce \u00e0 une acquisition en Slov\u00e9nie","link":"https:\/\/www.immo-invest.ch\/fr\/staerkung-der-praesenz-in-der-bauindustrie-durch-akquisition-in-slowenien\/"}],"featured_image_src":"https:\/\/www.immo-invest.ch\/wp-content\/uploads\/2021\/05\/business-5-150x150.jpg","_links":{"self":[{"href":"https:\/\/www.immo-invest.ch\/fr\/wp-json\/wp\/v2\/posts\/116575","targetHints":{"allow":["GET"]}}],"collection":[{"href":"https:\/\/www.immo-invest.ch\/fr\/wp-json\/wp\/v2\/posts"}],"about":[{"href":"https:\/\/www.immo-invest.ch\/fr\/wp-json\/wp\/v2\/types\/post"}],"author":[{"embeddable":true,"href":"https:\/\/www.immo-invest.ch\/fr\/wp-json\/wp\/v2\/users\/2"}],"replies":[{"embeddable":true,"href":"https:\/\/www.immo-invest.ch\/fr\/wp-json\/wp\/v2\/comments?post=116575"}],"version-history":[{"count":0,"href":"https:\/\/www.immo-invest.ch\/fr\/wp-json\/wp\/v2\/posts\/116575\/revisions"}],"wp:featuredmedia":[{"embeddable":true,"href":"https:\/\/www.immo-invest.ch\/fr\/wp-json\/wp\/v2\/media\/18035"}],"wp:attachment":[{"href":"https:\/\/www.immo-invest.ch\/fr\/wp-json\/wp\/v2\/media?parent=116575"}],"wp:term":[{"taxonomy":"category","embeddable":true,"href":"https:\/\/www.immo-invest.ch\/fr\/wp-json\/wp\/v2\/categories?post=116575"},{"taxonomy":"post_tag","embeddable":true,"href":"https:\/\/www.immo-invest.ch\/fr\/wp-json\/wp\/v2\/tags?post=116575"}],"curies":[{"name":"wp","href":"https:\/\/api.w.org\/{rel}","templated":true}]}}