{"id":116565,"date":"2024-10-14T10:25:05","date_gmt":"2024-10-14T08:25:05","guid":{"rendered":"https:\/\/www.immo-invest.ch\/modernisierte-lounge-am-flughafen-st-gallen-altenrhein-eroeffnet\/"},"modified":"2024-10-14T10:49:37","modified_gmt":"2024-10-14T08:49:37","slug":"modernisierte-lounge-am-flughafen-st-gallen-altenrhein-eroeffnet","status":"publish","type":"post","link":"https:\/\/www.immo-invest.ch\/fr\/modernisierte-lounge-am-flughafen-st-gallen-altenrhein-eroeffnet\/","title":{"rendered":"Ouverture d&rsquo;un salon modernis\u00e9 \u00e0 l&rsquo;a\u00e9roport de Saint-Gall-Altenrhein"},"content":{"rendered":"<p class=\"bodytext\">Selon un <a href=\"https:\/\/peoples.ch\/peoples-airgroup\/people-s-news\" target=\"_blank\" rel=\"noopener\">communiqu&eacute;<\/a> de la soci&eacute;t&eacute; d&rsquo;exploitation <a href=\"https:\/\/peoples.ch\/peoples-airgroup\" target=\"_blank\" rel=\"noopener\">People&rsquo;s Air Group<\/a>, le salon People&rsquo;s pour les passagers et les &eacute;quipages de l&rsquo;a&eacute;roport de St-Gall-Altenrhein a &eacute;t&eacute; enti&egrave;rement r&eacute;nov&eacute;. L&rsquo;objectif &eacute;tait de donner &agrave; l&rsquo;espace un aspect plus frais et plus moderne et d&rsquo;augmenter substantiellement le niveau de qualit&eacute;, ajoute le communiqu&eacute;. Un nouveau concept de design a &eacute;t&eacute; d&eacute;velopp&eacute; en collaboration avec le bureau d&rsquo;architecture int&eacute;rieure <a href=\"https:\/\/juergenkraemer.at\/\" target=\"_blank\" rel=\"noopener\">J&uuml;rgen Kr&auml;mer<\/a> de Lustenau, dans le Vorarlberg autrichien. Les travaux ont &eacute;t&eacute; achev&eacute;s en trois semaines.<\/p>\n<p class=\"bodytext\">Selon le communiqu&eacute;, l&rsquo;ensemble de l&rsquo;&eacute;quipement a &eacute;t&eacute; repens&eacute;, du choix des couleurs &agrave; la technique en passant par l&rsquo;am&eacute;nagement et l&rsquo;ameublement. Ainsi, des fauteuils et des canap&eacute;s ont &eacute;t&eacute; install&eacute;s. En outre, un espace de travail a &eacute;t&eacute; am&eacute;nag&eacute; avec une table haute, des tabourets de bar et suffisamment de prises de courant. Il doit permettre aux clients et aux invit&eacute;s de travailler de mani&egrave;re productive pendant leur s&eacute;jour &agrave; l&rsquo;a&eacute;roport de St-Gall-Altenrhein.<\/p>\n<p class=\"bodytext\">L&rsquo;acc&egrave;s au People&rsquo;s Lounge est inclus dans les tarifs People&rsquo;s et Full Flex ou peut &ecirc;tre achet&eacute; directement lors de l&rsquo;enregistrement. Un grand choix de boissons chaudes et froides est mis gratuitement &agrave; disposition, compl&eacute;t&eacute; par diff&eacute;rents snacks, selon le communiqu&eacute;.<\/p>\n<p class=\"bodytext\">Gallen-Altenrhein propose une liaison directe avec Vienne ainsi que des vols vers plus d&rsquo;une douzaine de destinations de vacances dans le bassin m&eacute;diterran&eacute;en.<\/p>\n","protected":false},"excerpt":{"rendered":"<p>Le groupe People&rsquo;s Air a modernis\u00e9 le salon des passagers et des \u00e9quipages de l&rsquo;a\u00e9roport de Saint-Gall-Altenrhein. En plus des fauteuils et des canap\u00e9s, il y a un plan de travail avec suffisamment de prises \u00e9lectriques pour le travail sur ordinateur. <\/p>\n","protected":false},"author":2,"featured_media":116559,"comment_status":"open","ping_status":"open","sticky":false,"template":"","format":"standard","meta":{"pmpro_default_level":"","inline_featured_image":false,"_monsterinsights_skip_tracking":false,"footnotes":""},"categories":[22696,743,22703,9442],"tags":[15791,1192,49898,49899,848,48465,30231,49900,11956,49901,49902,49551],"class_list":["post-116565","post","type-post","status-publish","format-standard","has-post-thumbnail","hentry","category-entreprise","category-immonews-fr","category-mobilite","category-region-saint-gall","tag-design-fr","tag-flughafen-fr","tag-flugziele-fr","tag-getraenke-fr","tag-immobilien-fr","tag-innenarchitektur-fr","tag-komfort-fr","tag-lounge-fr","tag-modernisierung-fr","tag-passagiere-fr","tag-reisen-fr","tag-verpflegung-fr","pmpro-has-access"],"acf":{"bild_mit_ki_erstellt_worden":[],"lead":"Le groupe People's Air a modernis\u00e9 le salon des passagers et des \u00e9quipages de l'a\u00e9roport de Saint-Gall-Altenrhein. En plus des fauteuils et des canap\u00e9s, il y a un plan de travail avec suffisamment de prises \u00e9lectriques pour le travail sur ordinateur. ","autor":"ce\/gba, Bildquelle Frederick Sams \/ https:\/\/abouttravel.ch\/reisebranche\/neuer-glanz-in-altenrhein\/","ort":"Altenrhein SG","bildunterschrift":"","bild_im_grid":false,"gallerie":"","newsim":""},"aioseo_notices":[],"aioseo_head":"\n\t\t<!-- All in One SEO 5.0.0.1 - aioseo.com -->\n\t<meta name=\"description\" content=\"Le groupe People&#039;s Air a modernis\u00e9 le salon des passagers et des \u00e9quipages de l&#039;a\u00e9roport de Saint-Gall-Altenrhein. En plus des fauteuils et des canap\u00e9s, il y a un plan de travail avec suffisamment de prises \u00e9lectriques pour le travail sur ordinateur.\" \/>\n\t<meta name=\"robots\" content=\"max-image-preview:large\" \/>\n\t<meta name=\"author\" content=\"immovestuser\"\/>\n\t<meta name=\"google-site-verification\" content=\"fHJKvgWpZCR2zVBHWfkQeFXC11qieUSff0HGNYfuyLA\" \/>\n\t<link rel=\"canonical\" href=\"https:\/\/www.immo-invest.ch\/fr\/modernisierte-lounge-am-flughafen-st-gallen-altenrhein-eroeffnet\/\" \/>\n\t<meta name=\"generator\" content=\"All in One SEO (AIOSEO) 5.0.0.1\" \/>\n\t\t<meta property=\"og:locale\" content=\"fr_FR\" \/>\n\t\t<meta property=\"og:site_name\" content=\"immo!nvest - Die Plattform f\u00fcr Standorte und Immobilien - Die\u00a0Plattform f\u00fcr Standorte und Immobilien\" \/>\n\t\t<meta property=\"og:type\" content=\"article\" \/>\n\t\t<meta property=\"og:title\" content=\"Ouverture d\u2019un salon modernis\u00e9 \u00e0 l\u2019a\u00e9roport de Saint-Gall-Altenrhein - immo!nvest - Die Plattform f\u00fcr Standorte und Immobilien\" \/>\n\t\t<meta property=\"og:description\" content=\"Le groupe People&#039;s Air a modernis\u00e9 le salon des passagers et des \u00e9quipages de l&#039;a\u00e9roport de Saint-Gall-Altenrhein. En plus des fauteuils et des canap\u00e9s, il y a un plan de travail avec suffisamment de prises \u00e9lectriques pour le travail sur ordinateur.\" \/>\n\t\t<meta property=\"og:url\" content=\"https:\/\/www.immo-invest.ch\/fr\/modernisierte-lounge-am-flughafen-st-gallen-altenrhein-eroeffnet\/\" \/>\n\t\t<meta property=\"og:image\" content=\"https:\/\/www.immo-invest.ch\/wp-content\/uploads\/2024\/10\/Frederick-Sams-scaled-e1726473170537-1392x770-1.jpg\" \/>\n\t\t<meta property=\"og:image:secure_url\" content=\"https:\/\/www.immo-invest.ch\/wp-content\/uploads\/2024\/10\/Frederick-Sams-scaled-e1726473170537-1392x770-1.jpg\" \/>\n\t\t<meta property=\"og:image:width\" content=\"1392\" \/>\n\t\t<meta property=\"og:image:height\" content=\"770\" \/>\n\t\t<meta property=\"article:published_time\" content=\"2024-10-14T08:25:05+00:00\" \/>\n\t\t<meta property=\"article:modified_time\" content=\"2024-10-14T08:49:37+00:00\" \/>\n\t\t<meta property=\"article:publisher\" content=\"https:\/\/www.facebook.com\/people\/Immoinvest\/100077962920504\/\" \/>\n\t\t<meta name=\"twitter:card\" content=\"summary_large_image\" \/>\n\t\t<meta name=\"twitter:site\" content=\"@i\" \/>\n\t\t<meta name=\"twitter:title\" content=\"Ouverture d\u2019un salon modernis\u00e9 \u00e0 l\u2019a\u00e9roport de Saint-Gall-Altenrhein - immo!nvest - Die Plattform f\u00fcr Standorte und Immobilien\" \/>\n\t\t<meta name=\"twitter:description\" content=\"Le groupe People&#039;s Air a modernis\u00e9 le salon des passagers et des \u00e9quipages de l&#039;a\u00e9roport de Saint-Gall-Altenrhein. En plus des fauteuils et des canap\u00e9s, il y a un plan de travail avec suffisamment de prises \u00e9lectriques pour le travail sur ordinateur.\" \/>\n\t\t<meta name=\"twitter:creator\" content=\"@i\" \/>\n\t\t<meta name=\"twitter:image\" content=\"https:\/\/www.immo-invest.ch\/wp-content\/uploads\/2024\/10\/Frederick-Sams-scaled-e1726473170537-1392x770-1.jpg\" \/>\n\t\t<script type=\"application\/ld+json\" class=\"aioseo-schema\">\n\t\t\t{\"@context\":\"https:\\\/\\\/schema.org\",\"@graph\":[{\"@type\":\"BlogPosting\",\"@id\":\"https:\\\/\\\/www.immo-invest.ch\\\/fr\\\/modernisierte-lounge-am-flughafen-st-gallen-altenrhein-eroeffnet\\\/#blogposting\",\"name\":\"Ouverture d\\u2019un salon modernis\\u00e9 \\u00e0 l\\u2019a\\u00e9roport de Saint-Gall-Altenrhein - immo!nvest - Die Plattform f\\u00fcr Standorte und Immobilien\",\"headline\":\"Ouverture d&rsquo;un salon modernis\\u00e9 \\u00e0 l&rsquo;a\\u00e9roport de Saint-Gall-Altenrhein\",\"author\":{\"@id\":\"https:\\\/\\\/www.immo-invest.ch\\\/fr\\\/author\\\/immovestuser\\\/#author\"},\"publisher\":{\"@id\":\"https:\\\/\\\/www.immo-invest.ch\\\/fr\\\/#organization\"},\"image\":{\"@type\":\"ImageObject\",\"url\":\"https:\\\/\\\/www.immo-invest.ch\\\/wp-content\\\/uploads\\\/2024\\\/10\\\/Frederick-Sams-scaled-e1726473170537-1392x770-1.jpg\",\"width\":1392,\"height\":770,\"caption\":\"Frederick Sams \\\/ https:\\\/\\\/abouttravel.ch\\\/reisebranche\\\/neuer-glanz-in-altenrhein\\\/\"},\"datePublished\":\"2024-10-14T10:25:05+02:00\",\"dateModified\":\"2024-10-14T10:49:37+02:00\",\"inLanguage\":\"fr-FR\",\"mainEntityOfPage\":{\"@id\":\"https:\\\/\\\/www.immo-invest.ch\\\/fr\\\/modernisierte-lounge-am-flughafen-st-gallen-altenrhein-eroeffnet\\\/#webpage\"},\"isPartOf\":{\"@id\":\"https:\\\/\\\/www.immo-invest.ch\\\/fr\\\/modernisierte-lounge-am-flughafen-st-gallen-altenrhein-eroeffnet\\\/#webpage\"},\"articleSection\":\"Entreprise, immoNews, Mobilit\\u00e9, Saint-Gall, Design, Flughafen, Flugziele, Getr\\u00e4nke, immobilien, Innenarchitektur, Komfort, Lounge, Modernisierung, Passagiere, Reisen, Verpflegung, Facultatif\"},{\"@type\":\"BreadcrumbList\",\"@id\":\"https:\\\/\\\/www.immo-invest.ch\\\/fr\\\/modernisierte-lounge-am-flughafen-st-gallen-altenrhein-eroeffnet\\\/#breadcrumblist\",\"itemListElement\":[{\"@type\":\"ListItem\",\"@id\":\"https:\\\/\\\/www.immo-invest.ch\\\/fr\\\/#listItem\",\"position\":1,\"name\":\"Home\",\"item\":\"https:\\\/\\\/www.immo-invest.ch\\\/fr\\\/\",\"nextItem\":{\"@type\":\"ListItem\",\"@id\":\"https:\\\/\\\/www.immo-invest.ch\\\/fr\\\/categories\\\/regions\\\/#listItem\",\"name\":\"R\\u00e9gions\"}},{\"@type\":\"ListItem\",\"@id\":\"https:\\\/\\\/www.immo-invest.ch\\\/fr\\\/categories\\\/regions\\\/#listItem\",\"position\":2,\"name\":\"R\\u00e9gions\",\"item\":\"https:\\\/\\\/www.immo-invest.ch\\\/fr\\\/categories\\\/regions\\\/\",\"nextItem\":{\"@type\":\"ListItem\",\"@id\":\"https:\\\/\\\/www.immo-invest.ch\\\/fr\\\/categories\\\/regions\\\/suisse\\\/#listItem\",\"name\":\"Suisse\"},\"previousItem\":{\"@type\":\"ListItem\",\"@id\":\"https:\\\/\\\/www.immo-invest.ch\\\/fr\\\/#listItem\",\"name\":\"Home\"}},{\"@type\":\"ListItem\",\"@id\":\"https:\\\/\\\/www.immo-invest.ch\\\/fr\\\/categories\\\/regions\\\/suisse\\\/#listItem\",\"position\":3,\"name\":\"Suisse\",\"item\":\"https:\\\/\\\/www.immo-invest.ch\\\/fr\\\/categories\\\/regions\\\/suisse\\\/\",\"nextItem\":{\"@type\":\"ListItem\",\"@id\":\"https:\\\/\\\/www.immo-invest.ch\\\/fr\\\/categories\\\/regions\\\/suisse\\\/suisse-orientale\\\/#listItem\",\"name\":\"Suisse orientale\"},\"previousItem\":{\"@type\":\"ListItem\",\"@id\":\"https:\\\/\\\/www.immo-invest.ch\\\/fr\\\/categories\\\/regions\\\/#listItem\",\"name\":\"R\\u00e9gions\"}},{\"@type\":\"ListItem\",\"@id\":\"https:\\\/\\\/www.immo-invest.ch\\\/fr\\\/categories\\\/regions\\\/suisse\\\/suisse-orientale\\\/#listItem\",\"position\":4,\"name\":\"Suisse orientale\",\"item\":\"https:\\\/\\\/www.immo-invest.ch\\\/fr\\\/categories\\\/regions\\\/suisse\\\/suisse-orientale\\\/\",\"nextItem\":{\"@type\":\"ListItem\",\"@id\":\"https:\\\/\\\/www.immo-invest.ch\\\/fr\\\/categories\\\/regions\\\/suisse\\\/suisse-orientale\\\/region-saint-gall\\\/#listItem\",\"name\":\"Saint-Gall\"},\"previousItem\":{\"@type\":\"ListItem\",\"@id\":\"https:\\\/\\\/www.immo-invest.ch\\\/fr\\\/categories\\\/regions\\\/suisse\\\/#listItem\",\"name\":\"Suisse\"}},{\"@type\":\"ListItem\",\"@id\":\"https:\\\/\\\/www.immo-invest.ch\\\/fr\\\/categories\\\/regions\\\/suisse\\\/suisse-orientale\\\/region-saint-gall\\\/#listItem\",\"position\":5,\"name\":\"Saint-Gall\",\"item\":\"https:\\\/\\\/www.immo-invest.ch\\\/fr\\\/categories\\\/regions\\\/suisse\\\/suisse-orientale\\\/region-saint-gall\\\/\",\"nextItem\":{\"@type\":\"ListItem\",\"@id\":\"https:\\\/\\\/www.immo-invest.ch\\\/fr\\\/modernisierte-lounge-am-flughafen-st-gallen-altenrhein-eroeffnet\\\/#listItem\",\"name\":\"Ouverture d&rsquo;un salon modernis\\u00e9 \\u00e0 l&rsquo;a\\u00e9roport de Saint-Gall-Altenrhein\"},\"previousItem\":{\"@type\":\"ListItem\",\"@id\":\"https:\\\/\\\/www.immo-invest.ch\\\/fr\\\/categories\\\/regions\\\/suisse\\\/suisse-orientale\\\/#listItem\",\"name\":\"Suisse orientale\"}},{\"@type\":\"ListItem\",\"@id\":\"https:\\\/\\\/www.immo-invest.ch\\\/fr\\\/modernisierte-lounge-am-flughafen-st-gallen-altenrhein-eroeffnet\\\/#listItem\",\"position\":6,\"name\":\"Ouverture d&rsquo;un salon modernis\\u00e9 \\u00e0 l&rsquo;a\\u00e9roport de Saint-Gall-Altenrhein\",\"previousItem\":{\"@type\":\"ListItem\",\"@id\":\"https:\\\/\\\/www.immo-invest.ch\\\/fr\\\/categories\\\/regions\\\/suisse\\\/suisse-orientale\\\/region-saint-gall\\\/#listItem\",\"name\":\"Saint-Gall\"}}]},{\"@type\":\"Organization\",\"@id\":\"https:\\\/\\\/www.immo-invest.ch\\\/fr\\\/#organization\",\"name\":\"immo!nvest - Die Plattform f\\u00fcr Standorte und Immobilien\",\"description\":\"Die\\u00a0Plattform f\\u00fcr Standorte und Immobilien\",\"url\":\"https:\\\/\\\/www.immo-invest.ch\\\/fr\\\/\",\"email\":\"admin@immomedia.ag\",\"telephone\":\"+41444420002\",\"logo\":{\"@type\":\"ImageObject\",\"url\":\"https:\\\/\\\/www.immo-invest.ch\\\/wp-content\\\/uploads\\\/2024\\\/09\\\/immoinvest_sm-scaled.jpg\",\"@id\":\"https:\\\/\\\/www.immo-invest.ch\\\/fr\\\/modernisierte-lounge-am-flughafen-st-gallen-altenrhein-eroeffnet\\\/#organizationLogo\",\"width\":2560,\"height\":1340},\"image\":{\"@id\":\"https:\\\/\\\/www.immo-invest.ch\\\/fr\\\/modernisierte-lounge-am-flughafen-st-gallen-altenrhein-eroeffnet\\\/#organizationLogo\"},\"sameAs\":[\"https:\\\/\\\/www.facebook.com\\\/people\\\/Immoinvest\\\/100077962920504\\\/\",\"https:\\\/\\\/x.com\\\/i\\\/flow\\\/login?redirect_after_login=immoinvest_ch\",\"https:\\\/\\\/www.instagram.com\\\/immoinvest_ch\\\/\",\"https:\\\/\\\/www.linkedin.com\\\/company\\\/immoinvest-swiss\"]},{\"@type\":\"Person\",\"@id\":\"https:\\\/\\\/www.immo-invest.ch\\\/fr\\\/author\\\/immovestuser\\\/#author\",\"url\":\"https:\\\/\\\/www.immo-invest.ch\\\/fr\\\/author\\\/immovestuser\\\/\",\"name\":\"immovestuser\",\"image\":{\"@type\":\"ImageObject\",\"@id\":\"https:\\\/\\\/www.immo-invest.ch\\\/fr\\\/modernisierte-lounge-am-flughafen-st-gallen-altenrhein-eroeffnet\\\/#authorImage\",\"url\":\"https:\\\/\\\/secure.gravatar.com\\\/avatar\\\/8e01f4d99f2eeea7a362ebb93305e1172a70e9293ba250f897a65c39f54cdd1e?s=96&d=mm&r=g\",\"width\":96,\"height\":96,\"caption\":\"immovestuser\"}},{\"@type\":\"WebPage\",\"@id\":\"https:\\\/\\\/www.immo-invest.ch\\\/fr\\\/modernisierte-lounge-am-flughafen-st-gallen-altenrhein-eroeffnet\\\/#webpage\",\"url\":\"https:\\\/\\\/www.immo-invest.ch\\\/fr\\\/modernisierte-lounge-am-flughafen-st-gallen-altenrhein-eroeffnet\\\/\",\"name\":\"Ouverture d\\u2019un salon modernis\\u00e9 \\u00e0 l\\u2019a\\u00e9roport de Saint-Gall-Altenrhein - immo!nvest - Die Plattform f\\u00fcr Standorte und Immobilien\",\"description\":\"Le groupe People's Air a modernis\\u00e9 le salon des passagers et des \\u00e9quipages de l'a\\u00e9roport de Saint-Gall-Altenrhein. En plus des fauteuils et des canap\\u00e9s, il y a un plan de travail avec suffisamment de prises \\u00e9lectriques pour le travail sur ordinateur.\",\"inLanguage\":\"fr-FR\",\"isPartOf\":{\"@id\":\"https:\\\/\\\/www.immo-invest.ch\\\/fr\\\/#website\"},\"breadcrumb\":{\"@id\":\"https:\\\/\\\/www.immo-invest.ch\\\/fr\\\/modernisierte-lounge-am-flughafen-st-gallen-altenrhein-eroeffnet\\\/#breadcrumblist\"},\"author\":{\"@id\":\"https:\\\/\\\/www.immo-invest.ch\\\/fr\\\/author\\\/immovestuser\\\/#author\"},\"creator\":{\"@id\":\"https:\\\/\\\/www.immo-invest.ch\\\/fr\\\/author\\\/immovestuser\\\/#author\"},\"image\":{\"@type\":\"ImageObject\",\"url\":\"https:\\\/\\\/www.immo-invest.ch\\\/wp-content\\\/uploads\\\/2024\\\/10\\\/Frederick-Sams-scaled-e1726473170537-1392x770-1.jpg\",\"@id\":\"https:\\\/\\\/www.immo-invest.ch\\\/fr\\\/modernisierte-lounge-am-flughafen-st-gallen-altenrhein-eroeffnet\\\/#mainImage\",\"width\":1392,\"height\":770,\"caption\":\"Frederick Sams \\\/ https:\\\/\\\/abouttravel.ch\\\/reisebranche\\\/neuer-glanz-in-altenrhein\\\/\"},\"primaryImageOfPage\":{\"@id\":\"https:\\\/\\\/www.immo-invest.ch\\\/fr\\\/modernisierte-lounge-am-flughafen-st-gallen-altenrhein-eroeffnet\\\/#mainImage\"},\"datePublished\":\"2024-10-14T10:25:05+02:00\",\"dateModified\":\"2024-10-14T10:49:37+02:00\"},{\"@type\":\"WebSite\",\"@id\":\"https:\\\/\\\/www.immo-invest.ch\\\/fr\\\/#website\",\"url\":\"https:\\\/\\\/www.immo-invest.ch\\\/fr\\\/\",\"name\":\"immo!nvest - Die Plattform f\\u00fcr Standorte und Immobilien\",\"description\":\"Die\\u00a0Plattform f\\u00fcr Standorte und Immobilien\",\"inLanguage\":\"fr-FR\",\"publisher\":{\"@id\":\"https:\\\/\\\/www.immo-invest.ch\\\/fr\\\/#organization\"}}]}\n\t\t<\/script>\n\t\t<!-- All in One SEO -->\n\n","aioseo_head_json":{"title":"Ouverture d\u2019un salon modernis\u00e9 \u00e0 l\u2019a\u00e9roport de Saint-Gall-Altenrhein - immo!nvest - Die Plattform f\u00fcr Standorte und Immobilien","description":"Le groupe People's Air a modernis\u00e9 le salon des passagers et des \u00e9quipages de l'a\u00e9roport de Saint-Gall-Altenrhein. En plus des fauteuils et des canap\u00e9s, il y a un plan de travail avec suffisamment de prises \u00e9lectriques pour le travail sur ordinateur.","canonical_url":"https:\/\/www.immo-invest.ch\/fr\/modernisierte-lounge-am-flughafen-st-gallen-altenrhein-eroeffnet\/","robots":"max-image-preview:large","keywords":"","webmasterTools":{"google-site-verification":"fHJKvgWpZCR2zVBHWfkQeFXC11qieUSff0HGNYfuyLA","miscellaneous":""},"schema":{"@context":"https:\/\/schema.org","@graph":[{"@type":"BlogPosting","@id":"https:\/\/www.immo-invest.ch\/fr\/modernisierte-lounge-am-flughafen-st-gallen-altenrhein-eroeffnet\/#blogposting","name":"Ouverture d\u2019un salon modernis\u00e9 \u00e0 l\u2019a\u00e9roport de Saint-Gall-Altenrhein - immo!nvest - Die Plattform f\u00fcr Standorte und Immobilien","headline":"Ouverture d&rsquo;un salon modernis\u00e9 \u00e0 l&rsquo;a\u00e9roport de Saint-Gall-Altenrhein","author":{"@id":"https:\/\/www.immo-invest.ch\/fr\/author\/immovestuser\/#author"},"publisher":{"@id":"https:\/\/www.immo-invest.ch\/fr\/#organization"},"image":{"@type":"ImageObject","url":"https:\/\/www.immo-invest.ch\/wp-content\/uploads\/2024\/10\/Frederick-Sams-scaled-e1726473170537-1392x770-1.jpg","width":1392,"height":770,"caption":"Frederick Sams \/ https:\/\/abouttravel.ch\/reisebranche\/neuer-glanz-in-altenrhein\/"},"datePublished":"2024-10-14T10:25:05+02:00","dateModified":"2024-10-14T10:49:37+02:00","inLanguage":"fr-FR","mainEntityOfPage":{"@id":"https:\/\/www.immo-invest.ch\/fr\/modernisierte-lounge-am-flughafen-st-gallen-altenrhein-eroeffnet\/#webpage"},"isPartOf":{"@id":"https:\/\/www.immo-invest.ch\/fr\/modernisierte-lounge-am-flughafen-st-gallen-altenrhein-eroeffnet\/#webpage"},"articleSection":"Entreprise, immoNews, Mobilit\u00e9, Saint-Gall, Design, Flughafen, Flugziele, Getr\u00e4nke, immobilien, Innenarchitektur, Komfort, Lounge, Modernisierung, Passagiere, Reisen, Verpflegung, Facultatif"},{"@type":"BreadcrumbList","@id":"https:\/\/www.immo-invest.ch\/fr\/modernisierte-lounge-am-flughafen-st-gallen-altenrhein-eroeffnet\/#breadcrumblist","itemListElement":[{"@type":"ListItem","@id":"https:\/\/www.immo-invest.ch\/fr\/#listItem","position":1,"name":"Home","item":"https:\/\/www.immo-invest.ch\/fr\/","nextItem":{"@type":"ListItem","@id":"https:\/\/www.immo-invest.ch\/fr\/categories\/regions\/#listItem","name":"R\u00e9gions"}},{"@type":"ListItem","@id":"https:\/\/www.immo-invest.ch\/fr\/categories\/regions\/#listItem","position":2,"name":"R\u00e9gions","item":"https:\/\/www.immo-invest.ch\/fr\/categories\/regions\/","nextItem":{"@type":"ListItem","@id":"https:\/\/www.immo-invest.ch\/fr\/categories\/regions\/suisse\/#listItem","name":"Suisse"},"previousItem":{"@type":"ListItem","@id":"https:\/\/www.immo-invest.ch\/fr\/#listItem","name":"Home"}},{"@type":"ListItem","@id":"https:\/\/www.immo-invest.ch\/fr\/categories\/regions\/suisse\/#listItem","position":3,"name":"Suisse","item":"https:\/\/www.immo-invest.ch\/fr\/categories\/regions\/suisse\/","nextItem":{"@type":"ListItem","@id":"https:\/\/www.immo-invest.ch\/fr\/categories\/regions\/suisse\/suisse-orientale\/#listItem","name":"Suisse orientale"},"previousItem":{"@type":"ListItem","@id":"https:\/\/www.immo-invest.ch\/fr\/categories\/regions\/#listItem","name":"R\u00e9gions"}},{"@type":"ListItem","@id":"https:\/\/www.immo-invest.ch\/fr\/categories\/regions\/suisse\/suisse-orientale\/#listItem","position":4,"name":"Suisse orientale","item":"https:\/\/www.immo-invest.ch\/fr\/categories\/regions\/suisse\/suisse-orientale\/","nextItem":{"@type":"ListItem","@id":"https:\/\/www.immo-invest.ch\/fr\/categories\/regions\/suisse\/suisse-orientale\/region-saint-gall\/#listItem","name":"Saint-Gall"},"previousItem":{"@type":"ListItem","@id":"https:\/\/www.immo-invest.ch\/fr\/categories\/regions\/suisse\/#listItem","name":"Suisse"}},{"@type":"ListItem","@id":"https:\/\/www.immo-invest.ch\/fr\/categories\/regions\/suisse\/suisse-orientale\/region-saint-gall\/#listItem","position":5,"name":"Saint-Gall","item":"https:\/\/www.immo-invest.ch\/fr\/categories\/regions\/suisse\/suisse-orientale\/region-saint-gall\/","nextItem":{"@type":"ListItem","@id":"https:\/\/www.immo-invest.ch\/fr\/modernisierte-lounge-am-flughafen-st-gallen-altenrhein-eroeffnet\/#listItem","name":"Ouverture d&rsquo;un salon modernis\u00e9 \u00e0 l&rsquo;a\u00e9roport de Saint-Gall-Altenrhein"},"previousItem":{"@type":"ListItem","@id":"https:\/\/www.immo-invest.ch\/fr\/categories\/regions\/suisse\/suisse-orientale\/#listItem","name":"Suisse orientale"}},{"@type":"ListItem","@id":"https:\/\/www.immo-invest.ch\/fr\/modernisierte-lounge-am-flughafen-st-gallen-altenrhein-eroeffnet\/#listItem","position":6,"name":"Ouverture d&rsquo;un salon modernis\u00e9 \u00e0 l&rsquo;a\u00e9roport de Saint-Gall-Altenrhein","previousItem":{"@type":"ListItem","@id":"https:\/\/www.immo-invest.ch\/fr\/categories\/regions\/suisse\/suisse-orientale\/region-saint-gall\/#listItem","name":"Saint-Gall"}}]},{"@type":"Organization","@id":"https:\/\/www.immo-invest.ch\/fr\/#organization","name":"immo!nvest - Die Plattform f\u00fcr Standorte und Immobilien","description":"Die\u00a0Plattform f\u00fcr Standorte und Immobilien","url":"https:\/\/www.immo-invest.ch\/fr\/","email":"admin@immomedia.ag","telephone":"+41444420002","logo":{"@type":"ImageObject","url":"https:\/\/www.immo-invest.ch\/wp-content\/uploads\/2024\/09\/immoinvest_sm-scaled.jpg","@id":"https:\/\/www.immo-invest.ch\/fr\/modernisierte-lounge-am-flughafen-st-gallen-altenrhein-eroeffnet\/#organizationLogo","width":2560,"height":1340},"image":{"@id":"https:\/\/www.immo-invest.ch\/fr\/modernisierte-lounge-am-flughafen-st-gallen-altenrhein-eroeffnet\/#organizationLogo"},"sameAs":["https:\/\/www.facebook.com\/people\/Immoinvest\/100077962920504\/","https:\/\/x.com\/i\/flow\/login?redirect_after_login=immoinvest_ch","https:\/\/www.instagram.com\/immoinvest_ch\/","https:\/\/www.linkedin.com\/company\/immoinvest-swiss"]},{"@type":"Person","@id":"https:\/\/www.immo-invest.ch\/fr\/author\/immovestuser\/#author","url":"https:\/\/www.immo-invest.ch\/fr\/author\/immovestuser\/","name":"immovestuser","image":{"@type":"ImageObject","@id":"https:\/\/www.immo-invest.ch\/fr\/modernisierte-lounge-am-flughafen-st-gallen-altenrhein-eroeffnet\/#authorImage","url":"https:\/\/secure.gravatar.com\/avatar\/8e01f4d99f2eeea7a362ebb93305e1172a70e9293ba250f897a65c39f54cdd1e?s=96&d=mm&r=g","width":96,"height":96,"caption":"immovestuser"}},{"@type":"WebPage","@id":"https:\/\/www.immo-invest.ch\/fr\/modernisierte-lounge-am-flughafen-st-gallen-altenrhein-eroeffnet\/#webpage","url":"https:\/\/www.immo-invest.ch\/fr\/modernisierte-lounge-am-flughafen-st-gallen-altenrhein-eroeffnet\/","name":"Ouverture d\u2019un salon modernis\u00e9 \u00e0 l\u2019a\u00e9roport de Saint-Gall-Altenrhein - immo!nvest - Die Plattform f\u00fcr Standorte und Immobilien","description":"Le groupe People's Air a modernis\u00e9 le salon des passagers et des \u00e9quipages de l'a\u00e9roport de Saint-Gall-Altenrhein. En plus des fauteuils et des canap\u00e9s, il y a un plan de travail avec suffisamment de prises \u00e9lectriques pour le travail sur ordinateur.","inLanguage":"fr-FR","isPartOf":{"@id":"https:\/\/www.immo-invest.ch\/fr\/#website"},"breadcrumb":{"@id":"https:\/\/www.immo-invest.ch\/fr\/modernisierte-lounge-am-flughafen-st-gallen-altenrhein-eroeffnet\/#breadcrumblist"},"author":{"@id":"https:\/\/www.immo-invest.ch\/fr\/author\/immovestuser\/#author"},"creator":{"@id":"https:\/\/www.immo-invest.ch\/fr\/author\/immovestuser\/#author"},"image":{"@type":"ImageObject","url":"https:\/\/www.immo-invest.ch\/wp-content\/uploads\/2024\/10\/Frederick-Sams-scaled-e1726473170537-1392x770-1.jpg","@id":"https:\/\/www.immo-invest.ch\/fr\/modernisierte-lounge-am-flughafen-st-gallen-altenrhein-eroeffnet\/#mainImage","width":1392,"height":770,"caption":"Frederick Sams \/ https:\/\/abouttravel.ch\/reisebranche\/neuer-glanz-in-altenrhein\/"},"primaryImageOfPage":{"@id":"https:\/\/www.immo-invest.ch\/fr\/modernisierte-lounge-am-flughafen-st-gallen-altenrhein-eroeffnet\/#mainImage"},"datePublished":"2024-10-14T10:25:05+02:00","dateModified":"2024-10-14T10:49:37+02:00"},{"@type":"WebSite","@id":"https:\/\/www.immo-invest.ch\/fr\/#website","url":"https:\/\/www.immo-invest.ch\/fr\/","name":"immo!nvest - Die Plattform f\u00fcr Standorte und Immobilien","description":"Die\u00a0Plattform f\u00fcr Standorte und Immobilien","inLanguage":"fr-FR","publisher":{"@id":"https:\/\/www.immo-invest.ch\/fr\/#organization"}}]},"og:locale":"fr_FR","og:site_name":"immo!nvest - Die Plattform f\u00fcr Standorte und Immobilien - Die\u00a0Plattform f\u00fcr Standorte und Immobilien","og:type":"article","og:title":"Ouverture d\u2019un salon modernis\u00e9 \u00e0 l\u2019a\u00e9roport de Saint-Gall-Altenrhein - immo!nvest - Die Plattform f\u00fcr Standorte und Immobilien","og:description":"Le groupe People's Air a modernis\u00e9 le salon des passagers et des \u00e9quipages de l'a\u00e9roport de Saint-Gall-Altenrhein. En plus des fauteuils et des canap\u00e9s, il y a un plan de travail avec suffisamment de prises \u00e9lectriques pour le travail sur ordinateur.","og:url":"https:\/\/www.immo-invest.ch\/fr\/modernisierte-lounge-am-flughafen-st-gallen-altenrhein-eroeffnet\/","og:image":"https:\/\/www.immo-invest.ch\/wp-content\/uploads\/2024\/10\/Frederick-Sams-scaled-e1726473170537-1392x770-1.jpg","og:image:secure_url":"https:\/\/www.immo-invest.ch\/wp-content\/uploads\/2024\/10\/Frederick-Sams-scaled-e1726473170537-1392x770-1.jpg","og:image:width":1392,"og:image:height":770,"article:published_time":"2024-10-14T08:25:05+00:00","article:modified_time":"2024-10-14T08:49:37+00:00","article:publisher":"https:\/\/www.facebook.com\/people\/Immoinvest\/100077962920504\/","twitter:card":"summary_large_image","twitter:site":"@i","twitter:title":"Ouverture d\u2019un salon modernis\u00e9 \u00e0 l\u2019a\u00e9roport de Saint-Gall-Altenrhein - immo!nvest - Die Plattform f\u00fcr Standorte und Immobilien","twitter:description":"Le groupe People's Air a modernis\u00e9 le salon des passagers et des \u00e9quipages de l'a\u00e9roport de Saint-Gall-Altenrhein. En plus des fauteuils et des canap\u00e9s, il y a un plan de travail avec suffisamment de prises \u00e9lectriques pour le travail sur ordinateur.","twitter:creator":"@i","twitter:image":"https:\/\/www.immo-invest.ch\/wp-content\/uploads\/2024\/10\/Frederick-Sams-scaled-e1726473170537-1392x770-1.jpg"},"aioseo_meta_data":{"post_id":"116565","title":null,"description":null,"keywords":null,"keyphrases":{"focus":{"keyphrase":"","score":0,"analysis":{"keyphraseInTitle":{"score":0,"maxScore":9,"error":1}}},"additional":[]},"primary_term":null,"canonical_url":null,"og_title":null,"og_description":null,"og_object_type":"default","og_image_type":"default","og_image_url":null,"og_image_width":null,"og_image_height":null,"og_image_custom_url":null,"og_image_custom_fields":null,"og_video":"","og_custom_url":null,"og_article_section":null,"og_article_tags":null,"twitter_use_og":false,"twitter_card":"default","twitter_image_type":"default","twitter_image_url":null,"twitter_image_custom_url":null,"twitter_image_custom_fields":null,"twitter_title":null,"twitter_description":null,"schema":{"blockGraphs":[],"customGraphs":[],"default":{"data":{"Article":[],"Course":[],"Dataset":[],"FAQPage":[],"Movie":[],"Person":[],"Product":[],"ProductReview":[],"Car":[],"Recipe":[],"Service":[],"SoftwareApplication":[],"WebPage":[]},"graphName":"BlogPosting","isEnabled":true},"graphs":[]},"schema_type":"default","schema_type_options":null,"pillar_content":false,"robots_default":true,"robots_noindex":false,"robots_noarchive":false,"robots_nosnippet":false,"robots_nofollow":false,"robots_noimageindex":false,"robots_noodp":false,"robots_notranslate":false,"robots_max_snippet":"-1","robots_max_videopreview":"-1","robots_max_imagepreview":"large","priority":null,"frequency":"default","local_seo":null,"breadcrumb_settings":null,"limit_modified_date":false,"ai":null,"created":"2024-10-14 08:25:41","updated":"2025-10-24 11:24:14","seo_analyzer_scan_date":null,"focus_keyword":null,"additional_keywords":null,"truseo_locale":null},"aioseo_breadcrumb":"<div class=\"aioseo-breadcrumbs\"><span class=\"aioseo-breadcrumb\">\n\t\t\t<a href=\"https:\/\/www.immo-invest.ch\/fr\/\" title=\"Home\">Home<\/a>\n\t\t<\/span><span class=\"aioseo-breadcrumb-separator\">&raquo;<\/span><span class=\"aioseo-breadcrumb\">\n\t\t\t<a href=\"https:\/\/www.immo-invest.ch\/fr\/categories\/regions\/\" title=\"R\u00e9gions\">R\u00e9gions<\/a>\n\t\t<\/span><span class=\"aioseo-breadcrumb-separator\">&raquo;<\/span><span class=\"aioseo-breadcrumb\">\n\t\t\t<a href=\"https:\/\/www.immo-invest.ch\/fr\/categories\/regions\/suisse\/\" title=\"Suisse\">Suisse<\/a>\n\t\t<\/span><span class=\"aioseo-breadcrumb-separator\">&raquo;<\/span><span class=\"aioseo-breadcrumb\">\n\t\t\t<a href=\"https:\/\/www.immo-invest.ch\/fr\/categories\/regions\/suisse\/suisse-orientale\/\" title=\"Suisse orientale\">Suisse orientale<\/a>\n\t\t<\/span><span class=\"aioseo-breadcrumb-separator\">&raquo;<\/span><span class=\"aioseo-breadcrumb\">\n\t\t\t<a href=\"https:\/\/www.immo-invest.ch\/fr\/categories\/regions\/suisse\/suisse-orientale\/region-saint-gall\/\" title=\"Saint-Gall\">Saint-Gall<\/a>\n\t\t<\/span><span class=\"aioseo-breadcrumb-separator\">&raquo;<\/span><span class=\"aioseo-breadcrumb\">\n\t\t\tOuverture d\u2019un salon modernis\u00e9 \u00e0 l\u2019a\u00e9roport de Saint-Gall-Altenrhein\n\t\t<\/span><\/div>","aioseo_breadcrumb_json":[{"label":"Home","link":"https:\/\/www.immo-invest.ch\/fr\/"},{"label":"R\u00e9gions","link":"https:\/\/www.immo-invest.ch\/fr\/categories\/regions\/"},{"label":"Suisse","link":"https:\/\/www.immo-invest.ch\/fr\/categories\/regions\/suisse\/"},{"label":"Suisse orientale","link":"https:\/\/www.immo-invest.ch\/fr\/categories\/regions\/suisse\/suisse-orientale\/"},{"label":"Saint-Gall","link":"https:\/\/www.immo-invest.ch\/fr\/categories\/regions\/suisse\/suisse-orientale\/region-saint-gall\/"},{"label":"Ouverture d&rsquo;un salon modernis\u00e9 \u00e0 l&rsquo;a\u00e9roport de Saint-Gall-Altenrhein","link":"https:\/\/www.immo-invest.ch\/fr\/modernisierte-lounge-am-flughafen-st-gallen-altenrhein-eroeffnet\/"}],"featured_image_src":"https:\/\/www.immo-invest.ch\/wp-content\/uploads\/2024\/10\/Frederick-Sams-scaled-e1726473170537-1392x770-1-336x168.jpg","_links":{"self":[{"href":"https:\/\/www.immo-invest.ch\/fr\/wp-json\/wp\/v2\/posts\/116565","targetHints":{"allow":["GET"]}}],"collection":[{"href":"https:\/\/www.immo-invest.ch\/fr\/wp-json\/wp\/v2\/posts"}],"about":[{"href":"https:\/\/www.immo-invest.ch\/fr\/wp-json\/wp\/v2\/types\/post"}],"author":[{"embeddable":true,"href":"https:\/\/www.immo-invest.ch\/fr\/wp-json\/wp\/v2\/users\/2"}],"replies":[{"embeddable":true,"href":"https:\/\/www.immo-invest.ch\/fr\/wp-json\/wp\/v2\/comments?post=116565"}],"version-history":[{"count":0,"href":"https:\/\/www.immo-invest.ch\/fr\/wp-json\/wp\/v2\/posts\/116565\/revisions"}],"wp:featuredmedia":[{"embeddable":true,"href":"https:\/\/www.immo-invest.ch\/fr\/wp-json\/wp\/v2\/media\/116559"}],"wp:attachment":[{"href":"https:\/\/www.immo-invest.ch\/fr\/wp-json\/wp\/v2\/media?parent=116565"}],"wp:term":[{"taxonomy":"category","embeddable":true,"href":"https:\/\/www.immo-invest.ch\/fr\/wp-json\/wp\/v2\/categories?post=116565"},{"taxonomy":"post_tag","embeddable":true,"href":"https:\/\/www.immo-invest.ch\/fr\/wp-json\/wp\/v2\/tags?post=116565"}],"curies":[{"name":"wp","href":"https:\/\/api.w.org\/{rel}","templated":true}]}}