{"id":116044,"date":"2024-10-08T11:18:48","date_gmt":"2024-10-08T09:18:48","guid":{"rendered":"https:\/\/www.immo-invest.ch\/?p=116044"},"modified":"2024-10-08T11:26:08","modified_gmt":"2024-10-08T09:26:08","slug":"wohnungen-in-locle-vorgestellt-fuer-aeltere-menschen","status":"publish","type":"post","link":"https:\/\/www.immo-invest.ch\/fr\/wohnungen-in-locle-vorgestellt-fuer-aeltere-menschen\/","title":{"rendered":"Appartements \u00e0 Locle pr\u00e9sent\u00e9s pour les personnes \u00e2g\u00e9es"},"content":{"rendered":"<p class=\"wp-block-paragraph\">Les appartements r&eacute;nov&eacute;s au c&oelig;ur du Locle ont &eacute;t&eacute; con&ccedil;us pour les personnes &acirc;g&eacute;es et les personnes &agrave; mobilit&eacute; r&eacute;duite. Les treize unit&eacute;s de logement, labellis&eacute;es AE, offrent des loyers abordables qui r&eacute;pondent aux exigences des prestations compl&eacute;mentaires AVS et AI. En outre, des services de surveillance sont mis &agrave; la disposition des r&eacute;sidents, ce qui permet une vie assist&eacute;e.<\/p>\n\n\n\n\n\n<p class=\"wp-block-paragraph\"><strong>Situation centrale et offre de services compl&egrave;te<br><\/strong>L&rsquo;immeuble est id&eacute;alement situ&eacute; au centre du Locle, &agrave; proximit&eacute; imm&eacute;diate des pharmacies, des magasins, des restaurants et des transports publics. En plus des appartements, les r&eacute;sidents disposent d&rsquo;une salle commune qui leur permet d&rsquo;&eacute;changer.<\/p>\n\n\n\n\n\n<p class=\"wp-block-paragraph\"><strong>Distinction solennelle et grand int&eacute;r&ecirc;t<br><\/strong>Lors de la partie officielle de l&rsquo;&eacute;v&eacute;nement, le b&acirc;timent a &eacute;t&eacute; solennellement r&eacute;compens&eacute; par le label AE. Des repr&eacute;sentants du canton de Neuch&acirc;tel, de la ville du Locle ainsi que l&rsquo;architecte du projet, Sareg SA, &eacute;taient pr&eacute;sents pour pr&eacute;senter le projet et son importance pour la r&eacute;gion. De nombreux visiteurs ont profit&eacute; de l&rsquo;occasion pour visiter les appartements et s&rsquo;informer sur l&rsquo;offre.<\/p>\n\n\n\n\n\n<p class=\"wp-block-paragraph\"><strong>Pr&eacute;sentation r&eacute;ussie d&rsquo;un important projet de logement<br><\/strong>Le projet du Locle est une &eacute;tape importante dans la mise en &oelig;uvre de la strat&eacute;gie cantonale visant &agrave; cr&eacute;er d&rsquo;ici 2030 un total de 1800 logements prot&eacute;g&eacute;s pour les personnes &acirc;g&eacute;es et les personnes &agrave; mobilit&eacute; r&eacute;duite. La journ&eacute;e portes ouvertes a offert un aper&ccedil;u r&eacute;ussi de l&rsquo;avenir du logement assist&eacute; dans le canton de Neuch&acirc;tel.<\/p>\n\n","protected":false},"excerpt":{"rendered":"<p>Le 3 octobre 2024, l&rsquo;avenue Technicum 11 au Locle a accueilli la journ\u00e9e portes ouvertes pr\u00e9sentant des logements sp\u00e9cialement adapt\u00e9s aux personnes \u00e2g\u00e9es et aux personnes \u00e0 mobilit\u00e9 r\u00e9duite. Les appartements r\u00e9pondent aux crit\u00e8res du label AE et offrent un logement abordable avec des services de surveillance.<\/p>\n","protected":false},"author":2,"featured_media":116039,"comment_status":"open","ping_status":"open","sticky":false,"template":"","format":"standard","meta":{"pmpro_default_level":"","inline_featured_image":false,"_monsterinsights_skip_tracking":false,"footnotes":""},"categories":[44778,739,8452],"tags":[47770,49835,872,3931,2002,1173],"class_list":["post-116044","post","type-post","status-publish","format-standard","has-post-thumbnail","hentry","category-neuenburg-fr","category-projects","category-regions","tag-barrierefreiheit-fr","tag-betreutes-wohnen-fr","tag-immoinvest-fr","tag-immonews-fr","tag-news-fr","tag-wohnungen-fr","pmpro-has-access"],"acf":{"bild_mit_ki_erstellt_worden":[],"lead":"Le 3 octobre 2024, l'avenue Technicum 11 au Locle a accueilli la journ\u00e9e portes ouvertes pr\u00e9sentant des logements sp\u00e9cialement adapt\u00e9s aux personnes \u00e2g\u00e9es et aux personnes \u00e0 mobilit\u00e9 r\u00e9duite. Les appartements r\u00e9pondent aux crit\u00e8res du label AE et offrent un logement abordable avec des services de surveillance.","autor":"Quelle Kanton Neuenburg","ort":"","bildunterschrift":"","bild_im_grid":false,"gallerie":"","newsim":""},"aioseo_notices":[],"aioseo_head":"\n\t\t<!-- All in One SEO 5.0.0.1 - aioseo.com -->\n\t<meta name=\"description\" content=\"Le 3 octobre 2024, l&#039;avenue Technicum 11 au Locle a accueilli la journ\u00e9e portes ouvertes pr\u00e9sentant des logements sp\u00e9cialement adapt\u00e9s aux personnes \u00e2g\u00e9es et aux personnes \u00e0 mobilit\u00e9 r\u00e9duite. Les appartements r\u00e9pondent aux crit\u00e8res du label AE et offrent un logement abordable avec des services de surveillance.\" \/>\n\t<meta name=\"robots\" content=\"max-image-preview:large\" \/>\n\t<meta name=\"author\" content=\"immovestuser\"\/>\n\t<meta name=\"google-site-verification\" content=\"fHJKvgWpZCR2zVBHWfkQeFXC11qieUSff0HGNYfuyLA\" \/>\n\t<link rel=\"canonical\" href=\"https:\/\/www.immo-invest.ch\/fr\/wohnungen-in-locle-vorgestellt-fuer-aeltere-menschen\/\" \/>\n\t<meta name=\"generator\" content=\"All in One SEO (AIOSEO) 5.0.0.1\" \/>\n\t\t<meta property=\"og:locale\" content=\"fr_FR\" \/>\n\t\t<meta property=\"og:site_name\" content=\"immo!nvest - Die Plattform f\u00fcr Standorte und Immobilien - Die\u00a0Plattform f\u00fcr Standorte und Immobilien\" \/>\n\t\t<meta property=\"og:type\" content=\"article\" \/>\n\t\t<meta property=\"og:title\" content=\"Appartements \u00e0 Locle pr\u00e9sent\u00e9s pour les personnes \u00e2g\u00e9es - immo!nvest - Die Plattform f\u00fcr Standorte und Immobilien\" \/>\n\t\t<meta property=\"og:description\" content=\"Le 3 octobre 2024, l&#039;avenue Technicum 11 au Locle a accueilli la journ\u00e9e portes ouvertes pr\u00e9sentant des logements sp\u00e9cialement adapt\u00e9s aux personnes \u00e2g\u00e9es et aux personnes \u00e0 mobilit\u00e9 r\u00e9duite. Les appartements r\u00e9pondent aux crit\u00e8res du label AE et offrent un logement abordable avec des services de surveillance.\" \/>\n\t\t<meta property=\"og:url\" content=\"https:\/\/www.immo-invest.ch\/fr\/wohnungen-in-locle-vorgestellt-fuer-aeltere-menschen\/\" \/>\n\t\t<meta property=\"og:image\" content=\"https:\/\/www.immo-invest.ch\/wp-content\/uploads\/2024\/10\/38_c2696528f40e35db1668a6a489614bfa88a898d4-scaled.jpg\" \/>\n\t\t<meta property=\"og:image:secure_url\" content=\"https:\/\/www.immo-invest.ch\/wp-content\/uploads\/2024\/10\/38_c2696528f40e35db1668a6a489614bfa88a898d4-scaled.jpg\" \/>\n\t\t<meta property=\"og:image:width\" content=\"2560\" \/>\n\t\t<meta property=\"og:image:height\" content=\"1920\" \/>\n\t\t<meta property=\"article:published_time\" content=\"2024-10-08T09:18:48+00:00\" \/>\n\t\t<meta property=\"article:modified_time\" content=\"2024-10-08T09:26:08+00:00\" \/>\n\t\t<meta property=\"article:publisher\" content=\"https:\/\/www.facebook.com\/people\/Immoinvest\/100077962920504\/\" \/>\n\t\t<meta name=\"twitter:card\" content=\"summary_large_image\" \/>\n\t\t<meta name=\"twitter:site\" content=\"@i\" \/>\n\t\t<meta name=\"twitter:title\" content=\"Appartements \u00e0 Locle pr\u00e9sent\u00e9s pour les personnes \u00e2g\u00e9es - immo!nvest - Die Plattform f\u00fcr Standorte und Immobilien\" \/>\n\t\t<meta name=\"twitter:description\" content=\"Le 3 octobre 2024, l&#039;avenue Technicum 11 au Locle a accueilli la journ\u00e9e portes ouvertes pr\u00e9sentant des logements sp\u00e9cialement adapt\u00e9s aux personnes \u00e2g\u00e9es et aux personnes \u00e0 mobilit\u00e9 r\u00e9duite. Les appartements r\u00e9pondent aux crit\u00e8res du label AE et offrent un logement abordable avec des services de surveillance.\" \/>\n\t\t<meta name=\"twitter:creator\" content=\"@i\" \/>\n\t\t<meta name=\"twitter:image\" content=\"https:\/\/www.immo-invest.ch\/wp-content\/uploads\/2024\/10\/38_c2696528f40e35db1668a6a489614bfa88a898d4-scaled.jpg\" \/>\n\t\t<script type=\"application\/ld+json\" class=\"aioseo-schema\">\n\t\t\t{\"@context\":\"https:\\\/\\\/schema.org\",\"@graph\":[{\"@type\":\"BlogPosting\",\"@id\":\"https:\\\/\\\/www.immo-invest.ch\\\/fr\\\/wohnungen-in-locle-vorgestellt-fuer-aeltere-menschen\\\/#blogposting\",\"name\":\"Appartements \\u00e0 Locle pr\\u00e9sent\\u00e9s pour les personnes \\u00e2g\\u00e9es - immo!nvest - Die Plattform f\\u00fcr Standorte und Immobilien\",\"headline\":\"Appartements \\u00e0 Locle pr\\u00e9sent\\u00e9s pour les personnes \\u00e2g\\u00e9es\",\"author\":{\"@id\":\"https:\\\/\\\/www.immo-invest.ch\\\/fr\\\/author\\\/immovestuser\\\/#author\"},\"publisher\":{\"@id\":\"https:\\\/\\\/www.immo-invest.ch\\\/fr\\\/#organization\"},\"image\":{\"@type\":\"ImageObject\",\"url\":\"https:\\\/\\\/www.immo-invest.ch\\\/wp-content\\\/uploads\\\/2024\\\/10\\\/38_c2696528f40e35db1668a6a489614bfa88a898d4-scaled.jpg\",\"width\":2560,\"height\":1920},\"datePublished\":\"2024-10-08T11:18:48+02:00\",\"dateModified\":\"2024-10-08T11:26:08+02:00\",\"inLanguage\":\"fr-FR\",\"mainEntityOfPage\":{\"@id\":\"https:\\\/\\\/www.immo-invest.ch\\\/fr\\\/wohnungen-in-locle-vorgestellt-fuer-aeltere-menschen\\\/#webpage\"},\"isPartOf\":{\"@id\":\"https:\\\/\\\/www.immo-invest.ch\\\/fr\\\/wohnungen-in-locle-vorgestellt-fuer-aeltere-menschen\\\/#webpage\"},\"articleSection\":\"Neuenburg, Projects, R\\u00e9gions, Barrierefreiheit, Betreutes Wohnen, Immoinvest, immoNews, News, Wohnungen, Facultatif\"},{\"@type\":\"BreadcrumbList\",\"@id\":\"https:\\\/\\\/www.immo-invest.ch\\\/fr\\\/wohnungen-in-locle-vorgestellt-fuer-aeltere-menschen\\\/#breadcrumblist\",\"itemListElement\":[{\"@type\":\"ListItem\",\"@id\":\"https:\\\/\\\/www.immo-invest.ch\\\/fr\\\/#listItem\",\"position\":1,\"name\":\"Home\",\"item\":\"https:\\\/\\\/www.immo-invest.ch\\\/fr\\\/\",\"nextItem\":{\"@type\":\"ListItem\",\"@id\":\"https:\\\/\\\/www.immo-invest.ch\\\/fr\\\/categories\\\/regions\\\/#listItem\",\"name\":\"R\\u00e9gions\"}},{\"@type\":\"ListItem\",\"@id\":\"https:\\\/\\\/www.immo-invest.ch\\\/fr\\\/categories\\\/regions\\\/#listItem\",\"position\":2,\"name\":\"R\\u00e9gions\",\"item\":\"https:\\\/\\\/www.immo-invest.ch\\\/fr\\\/categories\\\/regions\\\/\",\"nextItem\":{\"@type\":\"ListItem\",\"@id\":\"https:\\\/\\\/www.immo-invest.ch\\\/fr\\\/categories\\\/regions\\\/suisse\\\/#listItem\",\"name\":\"Suisse\"},\"previousItem\":{\"@type\":\"ListItem\",\"@id\":\"https:\\\/\\\/www.immo-invest.ch\\\/fr\\\/#listItem\",\"name\":\"Home\"}},{\"@type\":\"ListItem\",\"@id\":\"https:\\\/\\\/www.immo-invest.ch\\\/fr\\\/categories\\\/regions\\\/suisse\\\/#listItem\",\"position\":3,\"name\":\"Suisse\",\"item\":\"https:\\\/\\\/www.immo-invest.ch\\\/fr\\\/categories\\\/regions\\\/suisse\\\/\",\"nextItem\":{\"@type\":\"ListItem\",\"@id\":\"https:\\\/\\\/www.immo-invest.ch\\\/fr\\\/categories\\\/regions\\\/suisse\\\/espace-mittelland\\\/#listItem\",\"name\":\"Espace Mittelland\"},\"previousItem\":{\"@type\":\"ListItem\",\"@id\":\"https:\\\/\\\/www.immo-invest.ch\\\/fr\\\/categories\\\/regions\\\/#listItem\",\"name\":\"R\\u00e9gions\"}},{\"@type\":\"ListItem\",\"@id\":\"https:\\\/\\\/www.immo-invest.ch\\\/fr\\\/categories\\\/regions\\\/suisse\\\/espace-mittelland\\\/#listItem\",\"position\":4,\"name\":\"Espace Mittelland\",\"item\":\"https:\\\/\\\/www.immo-invest.ch\\\/fr\\\/categories\\\/regions\\\/suisse\\\/espace-mittelland\\\/\",\"nextItem\":{\"@type\":\"ListItem\",\"@id\":\"https:\\\/\\\/www.immo-invest.ch\\\/fr\\\/categories\\\/regions\\\/suisse\\\/espace-mittelland\\\/neuenburg-fr\\\/#listItem\",\"name\":\"Neuenburg\"},\"previousItem\":{\"@type\":\"ListItem\",\"@id\":\"https:\\\/\\\/www.immo-invest.ch\\\/fr\\\/categories\\\/regions\\\/suisse\\\/#listItem\",\"name\":\"Suisse\"}},{\"@type\":\"ListItem\",\"@id\":\"https:\\\/\\\/www.immo-invest.ch\\\/fr\\\/categories\\\/regions\\\/suisse\\\/espace-mittelland\\\/neuenburg-fr\\\/#listItem\",\"position\":5,\"name\":\"Neuenburg\",\"item\":\"https:\\\/\\\/www.immo-invest.ch\\\/fr\\\/categories\\\/regions\\\/suisse\\\/espace-mittelland\\\/neuenburg-fr\\\/\",\"nextItem\":{\"@type\":\"ListItem\",\"@id\":\"https:\\\/\\\/www.immo-invest.ch\\\/fr\\\/wohnungen-in-locle-vorgestellt-fuer-aeltere-menschen\\\/#listItem\",\"name\":\"Appartements \\u00e0 Locle pr\\u00e9sent\\u00e9s pour les personnes \\u00e2g\\u00e9es\"},\"previousItem\":{\"@type\":\"ListItem\",\"@id\":\"https:\\\/\\\/www.immo-invest.ch\\\/fr\\\/categories\\\/regions\\\/suisse\\\/espace-mittelland\\\/#listItem\",\"name\":\"Espace Mittelland\"}},{\"@type\":\"ListItem\",\"@id\":\"https:\\\/\\\/www.immo-invest.ch\\\/fr\\\/wohnungen-in-locle-vorgestellt-fuer-aeltere-menschen\\\/#listItem\",\"position\":6,\"name\":\"Appartements \\u00e0 Locle pr\\u00e9sent\\u00e9s pour les personnes \\u00e2g\\u00e9es\",\"previousItem\":{\"@type\":\"ListItem\",\"@id\":\"https:\\\/\\\/www.immo-invest.ch\\\/fr\\\/categories\\\/regions\\\/suisse\\\/espace-mittelland\\\/neuenburg-fr\\\/#listItem\",\"name\":\"Neuenburg\"}}]},{\"@type\":\"Organization\",\"@id\":\"https:\\\/\\\/www.immo-invest.ch\\\/fr\\\/#organization\",\"name\":\"immo!nvest - Die Plattform f\\u00fcr Standorte und Immobilien\",\"description\":\"Die\\u00a0Plattform f\\u00fcr Standorte und Immobilien\",\"url\":\"https:\\\/\\\/www.immo-invest.ch\\\/fr\\\/\",\"email\":\"admin@immomedia.ag\",\"telephone\":\"+41444420002\",\"logo\":{\"@type\":\"ImageObject\",\"url\":\"https:\\\/\\\/www.immo-invest.ch\\\/wp-content\\\/uploads\\\/2024\\\/09\\\/immoinvest_sm-scaled.jpg\",\"@id\":\"https:\\\/\\\/www.immo-invest.ch\\\/fr\\\/wohnungen-in-locle-vorgestellt-fuer-aeltere-menschen\\\/#organizationLogo\",\"width\":2560,\"height\":1340},\"image\":{\"@id\":\"https:\\\/\\\/www.immo-invest.ch\\\/fr\\\/wohnungen-in-locle-vorgestellt-fuer-aeltere-menschen\\\/#organizationLogo\"},\"sameAs\":[\"https:\\\/\\\/www.facebook.com\\\/people\\\/Immoinvest\\\/100077962920504\\\/\",\"https:\\\/\\\/x.com\\\/i\\\/flow\\\/login?redirect_after_login=immoinvest_ch\",\"https:\\\/\\\/www.instagram.com\\\/immoinvest_ch\\\/\",\"https:\\\/\\\/www.linkedin.com\\\/company\\\/immoinvest-swiss\"]},{\"@type\":\"Person\",\"@id\":\"https:\\\/\\\/www.immo-invest.ch\\\/fr\\\/author\\\/immovestuser\\\/#author\",\"url\":\"https:\\\/\\\/www.immo-invest.ch\\\/fr\\\/author\\\/immovestuser\\\/\",\"name\":\"immovestuser\",\"image\":{\"@type\":\"ImageObject\",\"@id\":\"https:\\\/\\\/www.immo-invest.ch\\\/fr\\\/wohnungen-in-locle-vorgestellt-fuer-aeltere-menschen\\\/#authorImage\",\"url\":\"https:\\\/\\\/secure.gravatar.com\\\/avatar\\\/8e01f4d99f2eeea7a362ebb93305e1172a70e9293ba250f897a65c39f54cdd1e?s=96&d=mm&r=g\",\"width\":96,\"height\":96,\"caption\":\"immovestuser\"}},{\"@type\":\"WebPage\",\"@id\":\"https:\\\/\\\/www.immo-invest.ch\\\/fr\\\/wohnungen-in-locle-vorgestellt-fuer-aeltere-menschen\\\/#webpage\",\"url\":\"https:\\\/\\\/www.immo-invest.ch\\\/fr\\\/wohnungen-in-locle-vorgestellt-fuer-aeltere-menschen\\\/\",\"name\":\"Appartements \\u00e0 Locle pr\\u00e9sent\\u00e9s pour les personnes \\u00e2g\\u00e9es - immo!nvest - Die Plattform f\\u00fcr Standorte und Immobilien\",\"description\":\"Le 3 octobre 2024, l'avenue Technicum 11 au Locle a accueilli la journ\\u00e9e portes ouvertes pr\\u00e9sentant des logements sp\\u00e9cialement adapt\\u00e9s aux personnes \\u00e2g\\u00e9es et aux personnes \\u00e0 mobilit\\u00e9 r\\u00e9duite. Les appartements r\\u00e9pondent aux crit\\u00e8res du label AE et offrent un logement abordable avec des services de surveillance.\",\"inLanguage\":\"fr-FR\",\"isPartOf\":{\"@id\":\"https:\\\/\\\/www.immo-invest.ch\\\/fr\\\/#website\"},\"breadcrumb\":{\"@id\":\"https:\\\/\\\/www.immo-invest.ch\\\/fr\\\/wohnungen-in-locle-vorgestellt-fuer-aeltere-menschen\\\/#breadcrumblist\"},\"author\":{\"@id\":\"https:\\\/\\\/www.immo-invest.ch\\\/fr\\\/author\\\/immovestuser\\\/#author\"},\"creator\":{\"@id\":\"https:\\\/\\\/www.immo-invest.ch\\\/fr\\\/author\\\/immovestuser\\\/#author\"},\"image\":{\"@type\":\"ImageObject\",\"url\":\"https:\\\/\\\/www.immo-invest.ch\\\/wp-content\\\/uploads\\\/2024\\\/10\\\/38_c2696528f40e35db1668a6a489614bfa88a898d4-scaled.jpg\",\"@id\":\"https:\\\/\\\/www.immo-invest.ch\\\/fr\\\/wohnungen-in-locle-vorgestellt-fuer-aeltere-menschen\\\/#mainImage\",\"width\":2560,\"height\":1920},\"primaryImageOfPage\":{\"@id\":\"https:\\\/\\\/www.immo-invest.ch\\\/fr\\\/wohnungen-in-locle-vorgestellt-fuer-aeltere-menschen\\\/#mainImage\"},\"datePublished\":\"2024-10-08T11:18:48+02:00\",\"dateModified\":\"2024-10-08T11:26:08+02:00\"},{\"@type\":\"WebSite\",\"@id\":\"https:\\\/\\\/www.immo-invest.ch\\\/fr\\\/#website\",\"url\":\"https:\\\/\\\/www.immo-invest.ch\\\/fr\\\/\",\"name\":\"immo!nvest - Die Plattform f\\u00fcr Standorte und Immobilien\",\"description\":\"Die\\u00a0Plattform f\\u00fcr Standorte und Immobilien\",\"inLanguage\":\"fr-FR\",\"publisher\":{\"@id\":\"https:\\\/\\\/www.immo-invest.ch\\\/fr\\\/#organization\"}}]}\n\t\t<\/script>\n\t\t<!-- All in One SEO -->\n\n","aioseo_head_json":{"title":"Appartements \u00e0 Locle pr\u00e9sent\u00e9s pour les personnes \u00e2g\u00e9es - immo!nvest - Die Plattform f\u00fcr Standorte und Immobilien","description":"Le 3 octobre 2024, l'avenue Technicum 11 au Locle a accueilli la journ\u00e9e portes ouvertes pr\u00e9sentant des logements sp\u00e9cialement adapt\u00e9s aux personnes \u00e2g\u00e9es et aux personnes \u00e0 mobilit\u00e9 r\u00e9duite. Les appartements r\u00e9pondent aux crit\u00e8res du label AE et offrent un logement abordable avec des services de surveillance.","canonical_url":"https:\/\/www.immo-invest.ch\/fr\/wohnungen-in-locle-vorgestellt-fuer-aeltere-menschen\/","robots":"max-image-preview:large","keywords":"","webmasterTools":{"google-site-verification":"fHJKvgWpZCR2zVBHWfkQeFXC11qieUSff0HGNYfuyLA","miscellaneous":""},"schema":{"@context":"https:\/\/schema.org","@graph":[{"@type":"BlogPosting","@id":"https:\/\/www.immo-invest.ch\/fr\/wohnungen-in-locle-vorgestellt-fuer-aeltere-menschen\/#blogposting","name":"Appartements \u00e0 Locle pr\u00e9sent\u00e9s pour les personnes \u00e2g\u00e9es - immo!nvest - Die Plattform f\u00fcr Standorte und Immobilien","headline":"Appartements \u00e0 Locle pr\u00e9sent\u00e9s pour les personnes \u00e2g\u00e9es","author":{"@id":"https:\/\/www.immo-invest.ch\/fr\/author\/immovestuser\/#author"},"publisher":{"@id":"https:\/\/www.immo-invest.ch\/fr\/#organization"},"image":{"@type":"ImageObject","url":"https:\/\/www.immo-invest.ch\/wp-content\/uploads\/2024\/10\/38_c2696528f40e35db1668a6a489614bfa88a898d4-scaled.jpg","width":2560,"height":1920},"datePublished":"2024-10-08T11:18:48+02:00","dateModified":"2024-10-08T11:26:08+02:00","inLanguage":"fr-FR","mainEntityOfPage":{"@id":"https:\/\/www.immo-invest.ch\/fr\/wohnungen-in-locle-vorgestellt-fuer-aeltere-menschen\/#webpage"},"isPartOf":{"@id":"https:\/\/www.immo-invest.ch\/fr\/wohnungen-in-locle-vorgestellt-fuer-aeltere-menschen\/#webpage"},"articleSection":"Neuenburg, Projects, R\u00e9gions, Barrierefreiheit, Betreutes Wohnen, Immoinvest, immoNews, News, Wohnungen, Facultatif"},{"@type":"BreadcrumbList","@id":"https:\/\/www.immo-invest.ch\/fr\/wohnungen-in-locle-vorgestellt-fuer-aeltere-menschen\/#breadcrumblist","itemListElement":[{"@type":"ListItem","@id":"https:\/\/www.immo-invest.ch\/fr\/#listItem","position":1,"name":"Home","item":"https:\/\/www.immo-invest.ch\/fr\/","nextItem":{"@type":"ListItem","@id":"https:\/\/www.immo-invest.ch\/fr\/categories\/regions\/#listItem","name":"R\u00e9gions"}},{"@type":"ListItem","@id":"https:\/\/www.immo-invest.ch\/fr\/categories\/regions\/#listItem","position":2,"name":"R\u00e9gions","item":"https:\/\/www.immo-invest.ch\/fr\/categories\/regions\/","nextItem":{"@type":"ListItem","@id":"https:\/\/www.immo-invest.ch\/fr\/categories\/regions\/suisse\/#listItem","name":"Suisse"},"previousItem":{"@type":"ListItem","@id":"https:\/\/www.immo-invest.ch\/fr\/#listItem","name":"Home"}},{"@type":"ListItem","@id":"https:\/\/www.immo-invest.ch\/fr\/categories\/regions\/suisse\/#listItem","position":3,"name":"Suisse","item":"https:\/\/www.immo-invest.ch\/fr\/categories\/regions\/suisse\/","nextItem":{"@type":"ListItem","@id":"https:\/\/www.immo-invest.ch\/fr\/categories\/regions\/suisse\/espace-mittelland\/#listItem","name":"Espace Mittelland"},"previousItem":{"@type":"ListItem","@id":"https:\/\/www.immo-invest.ch\/fr\/categories\/regions\/#listItem","name":"R\u00e9gions"}},{"@type":"ListItem","@id":"https:\/\/www.immo-invest.ch\/fr\/categories\/regions\/suisse\/espace-mittelland\/#listItem","position":4,"name":"Espace Mittelland","item":"https:\/\/www.immo-invest.ch\/fr\/categories\/regions\/suisse\/espace-mittelland\/","nextItem":{"@type":"ListItem","@id":"https:\/\/www.immo-invest.ch\/fr\/categories\/regions\/suisse\/espace-mittelland\/neuenburg-fr\/#listItem","name":"Neuenburg"},"previousItem":{"@type":"ListItem","@id":"https:\/\/www.immo-invest.ch\/fr\/categories\/regions\/suisse\/#listItem","name":"Suisse"}},{"@type":"ListItem","@id":"https:\/\/www.immo-invest.ch\/fr\/categories\/regions\/suisse\/espace-mittelland\/neuenburg-fr\/#listItem","position":5,"name":"Neuenburg","item":"https:\/\/www.immo-invest.ch\/fr\/categories\/regions\/suisse\/espace-mittelland\/neuenburg-fr\/","nextItem":{"@type":"ListItem","@id":"https:\/\/www.immo-invest.ch\/fr\/wohnungen-in-locle-vorgestellt-fuer-aeltere-menschen\/#listItem","name":"Appartements \u00e0 Locle pr\u00e9sent\u00e9s pour les personnes \u00e2g\u00e9es"},"previousItem":{"@type":"ListItem","@id":"https:\/\/www.immo-invest.ch\/fr\/categories\/regions\/suisse\/espace-mittelland\/#listItem","name":"Espace Mittelland"}},{"@type":"ListItem","@id":"https:\/\/www.immo-invest.ch\/fr\/wohnungen-in-locle-vorgestellt-fuer-aeltere-menschen\/#listItem","position":6,"name":"Appartements \u00e0 Locle pr\u00e9sent\u00e9s pour les personnes \u00e2g\u00e9es","previousItem":{"@type":"ListItem","@id":"https:\/\/www.immo-invest.ch\/fr\/categories\/regions\/suisse\/espace-mittelland\/neuenburg-fr\/#listItem","name":"Neuenburg"}}]},{"@type":"Organization","@id":"https:\/\/www.immo-invest.ch\/fr\/#organization","name":"immo!nvest - Die Plattform f\u00fcr Standorte und Immobilien","description":"Die\u00a0Plattform f\u00fcr Standorte und Immobilien","url":"https:\/\/www.immo-invest.ch\/fr\/","email":"admin@immomedia.ag","telephone":"+41444420002","logo":{"@type":"ImageObject","url":"https:\/\/www.immo-invest.ch\/wp-content\/uploads\/2024\/09\/immoinvest_sm-scaled.jpg","@id":"https:\/\/www.immo-invest.ch\/fr\/wohnungen-in-locle-vorgestellt-fuer-aeltere-menschen\/#organizationLogo","width":2560,"height":1340},"image":{"@id":"https:\/\/www.immo-invest.ch\/fr\/wohnungen-in-locle-vorgestellt-fuer-aeltere-menschen\/#organizationLogo"},"sameAs":["https:\/\/www.facebook.com\/people\/Immoinvest\/100077962920504\/","https:\/\/x.com\/i\/flow\/login?redirect_after_login=immoinvest_ch","https:\/\/www.instagram.com\/immoinvest_ch\/","https:\/\/www.linkedin.com\/company\/immoinvest-swiss"]},{"@type":"Person","@id":"https:\/\/www.immo-invest.ch\/fr\/author\/immovestuser\/#author","url":"https:\/\/www.immo-invest.ch\/fr\/author\/immovestuser\/","name":"immovestuser","image":{"@type":"ImageObject","@id":"https:\/\/www.immo-invest.ch\/fr\/wohnungen-in-locle-vorgestellt-fuer-aeltere-menschen\/#authorImage","url":"https:\/\/secure.gravatar.com\/avatar\/8e01f4d99f2eeea7a362ebb93305e1172a70e9293ba250f897a65c39f54cdd1e?s=96&d=mm&r=g","width":96,"height":96,"caption":"immovestuser"}},{"@type":"WebPage","@id":"https:\/\/www.immo-invest.ch\/fr\/wohnungen-in-locle-vorgestellt-fuer-aeltere-menschen\/#webpage","url":"https:\/\/www.immo-invest.ch\/fr\/wohnungen-in-locle-vorgestellt-fuer-aeltere-menschen\/","name":"Appartements \u00e0 Locle pr\u00e9sent\u00e9s pour les personnes \u00e2g\u00e9es - immo!nvest - Die Plattform f\u00fcr Standorte und Immobilien","description":"Le 3 octobre 2024, l'avenue Technicum 11 au Locle a accueilli la journ\u00e9e portes ouvertes pr\u00e9sentant des logements sp\u00e9cialement adapt\u00e9s aux personnes \u00e2g\u00e9es et aux personnes \u00e0 mobilit\u00e9 r\u00e9duite. Les appartements r\u00e9pondent aux crit\u00e8res du label AE et offrent un logement abordable avec des services de surveillance.","inLanguage":"fr-FR","isPartOf":{"@id":"https:\/\/www.immo-invest.ch\/fr\/#website"},"breadcrumb":{"@id":"https:\/\/www.immo-invest.ch\/fr\/wohnungen-in-locle-vorgestellt-fuer-aeltere-menschen\/#breadcrumblist"},"author":{"@id":"https:\/\/www.immo-invest.ch\/fr\/author\/immovestuser\/#author"},"creator":{"@id":"https:\/\/www.immo-invest.ch\/fr\/author\/immovestuser\/#author"},"image":{"@type":"ImageObject","url":"https:\/\/www.immo-invest.ch\/wp-content\/uploads\/2024\/10\/38_c2696528f40e35db1668a6a489614bfa88a898d4-scaled.jpg","@id":"https:\/\/www.immo-invest.ch\/fr\/wohnungen-in-locle-vorgestellt-fuer-aeltere-menschen\/#mainImage","width":2560,"height":1920},"primaryImageOfPage":{"@id":"https:\/\/www.immo-invest.ch\/fr\/wohnungen-in-locle-vorgestellt-fuer-aeltere-menschen\/#mainImage"},"datePublished":"2024-10-08T11:18:48+02:00","dateModified":"2024-10-08T11:26:08+02:00"},{"@type":"WebSite","@id":"https:\/\/www.immo-invest.ch\/fr\/#website","url":"https:\/\/www.immo-invest.ch\/fr\/","name":"immo!nvest - Die Plattform f\u00fcr Standorte und Immobilien","description":"Die\u00a0Plattform f\u00fcr Standorte und Immobilien","inLanguage":"fr-FR","publisher":{"@id":"https:\/\/www.immo-invest.ch\/fr\/#organization"}}]},"og:locale":"fr_FR","og:site_name":"immo!nvest - Die Plattform f\u00fcr Standorte und Immobilien - Die\u00a0Plattform f\u00fcr Standorte und Immobilien","og:type":"article","og:title":"Appartements \u00e0 Locle pr\u00e9sent\u00e9s pour les personnes \u00e2g\u00e9es - immo!nvest - Die Plattform f\u00fcr Standorte und Immobilien","og:description":"Le 3 octobre 2024, l'avenue Technicum 11 au Locle a accueilli la journ\u00e9e portes ouvertes pr\u00e9sentant des logements sp\u00e9cialement adapt\u00e9s aux personnes \u00e2g\u00e9es et aux personnes \u00e0 mobilit\u00e9 r\u00e9duite. Les appartements r\u00e9pondent aux crit\u00e8res du label AE et offrent un logement abordable avec des services de surveillance.","og:url":"https:\/\/www.immo-invest.ch\/fr\/wohnungen-in-locle-vorgestellt-fuer-aeltere-menschen\/","og:image":"https:\/\/www.immo-invest.ch\/wp-content\/uploads\/2024\/10\/38_c2696528f40e35db1668a6a489614bfa88a898d4-scaled.jpg","og:image:secure_url":"https:\/\/www.immo-invest.ch\/wp-content\/uploads\/2024\/10\/38_c2696528f40e35db1668a6a489614bfa88a898d4-scaled.jpg","og:image:width":2560,"og:image:height":1920,"article:published_time":"2024-10-08T09:18:48+00:00","article:modified_time":"2024-10-08T09:26:08+00:00","article:publisher":"https:\/\/www.facebook.com\/people\/Immoinvest\/100077962920504\/","twitter:card":"summary_large_image","twitter:site":"@i","twitter:title":"Appartements \u00e0 Locle pr\u00e9sent\u00e9s pour les personnes \u00e2g\u00e9es - immo!nvest - Die Plattform f\u00fcr Standorte und Immobilien","twitter:description":"Le 3 octobre 2024, l'avenue Technicum 11 au Locle a accueilli la journ\u00e9e portes ouvertes pr\u00e9sentant des logements sp\u00e9cialement adapt\u00e9s aux personnes \u00e2g\u00e9es et aux personnes \u00e0 mobilit\u00e9 r\u00e9duite. Les appartements r\u00e9pondent aux crit\u00e8res du label AE et offrent un logement abordable avec des services de surveillance.","twitter:creator":"@i","twitter:image":"https:\/\/www.immo-invest.ch\/wp-content\/uploads\/2024\/10\/38_c2696528f40e35db1668a6a489614bfa88a898d4-scaled.jpg"},"aioseo_meta_data":{"post_id":"116044","title":null,"description":null,"keywords":null,"keyphrases":{"focus":{"keyphrase":"","score":0,"analysis":{"keyphraseInTitle":{"score":0,"maxScore":9,"error":1}}},"additional":[]},"primary_term":null,"canonical_url":null,"og_title":null,"og_description":null,"og_object_type":"default","og_image_type":"default","og_image_url":null,"og_image_width":null,"og_image_height":null,"og_image_custom_url":null,"og_image_custom_fields":null,"og_video":"","og_custom_url":null,"og_article_section":null,"og_article_tags":null,"twitter_use_og":false,"twitter_card":"default","twitter_image_type":"default","twitter_image_url":null,"twitter_image_custom_url":null,"twitter_image_custom_fields":null,"twitter_title":null,"twitter_description":null,"schema":{"blockGraphs":[],"customGraphs":[],"default":{"data":{"Article":[],"Course":[],"Dataset":[],"FAQPage":[],"Movie":[],"Person":[],"Product":[],"ProductReview":[],"Car":[],"Recipe":[],"Service":[],"SoftwareApplication":[],"WebPage":[]},"graphName":"BlogPosting","isEnabled":true},"graphs":[]},"schema_type":"default","schema_type_options":null,"pillar_content":false,"robots_default":true,"robots_noindex":false,"robots_noarchive":false,"robots_nosnippet":false,"robots_nofollow":false,"robots_noimageindex":false,"robots_noodp":false,"robots_notranslate":false,"robots_max_snippet":"-1","robots_max_videopreview":"-1","robots_max_imagepreview":"large","priority":null,"frequency":"default","local_seo":null,"breadcrumb_settings":null,"limit_modified_date":false,"ai":null,"created":"2024-10-07 13:31:25","updated":"2025-10-24 11:13:14","seo_analyzer_scan_date":null,"focus_keyword":null,"additional_keywords":null,"truseo_locale":null},"aioseo_breadcrumb":"<div class=\"aioseo-breadcrumbs\"><span class=\"aioseo-breadcrumb\">\n\t\t\t<a href=\"https:\/\/www.immo-invest.ch\/fr\/\" title=\"Home\">Home<\/a>\n\t\t<\/span><span class=\"aioseo-breadcrumb-separator\">&raquo;<\/span><span class=\"aioseo-breadcrumb\">\n\t\t\t<a href=\"https:\/\/www.immo-invest.ch\/fr\/categories\/regions\/\" title=\"R\u00e9gions\">R\u00e9gions<\/a>\n\t\t<\/span><span class=\"aioseo-breadcrumb-separator\">&raquo;<\/span><span class=\"aioseo-breadcrumb\">\n\t\t\t<a href=\"https:\/\/www.immo-invest.ch\/fr\/categories\/regions\/suisse\/\" title=\"Suisse\">Suisse<\/a>\n\t\t<\/span><span class=\"aioseo-breadcrumb-separator\">&raquo;<\/span><span class=\"aioseo-breadcrumb\">\n\t\t\t<a href=\"https:\/\/www.immo-invest.ch\/fr\/categories\/regions\/suisse\/espace-mittelland\/\" title=\"Espace Mittelland\">Espace Mittelland<\/a>\n\t\t<\/span><span class=\"aioseo-breadcrumb-separator\">&raquo;<\/span><span class=\"aioseo-breadcrumb\">\n\t\t\t<a href=\"https:\/\/www.immo-invest.ch\/fr\/categories\/regions\/suisse\/espace-mittelland\/neuenburg-fr\/\" title=\"Neuenburg\">Neuenburg<\/a>\n\t\t<\/span><span class=\"aioseo-breadcrumb-separator\">&raquo;<\/span><span class=\"aioseo-breadcrumb\">\n\t\t\tAppartements \u00e0 Locle pr\u00e9sent\u00e9s pour les personnes \u00e2g\u00e9es\n\t\t<\/span><\/div>","aioseo_breadcrumb_json":[{"label":"Home","link":"https:\/\/www.immo-invest.ch\/fr\/"},{"label":"R\u00e9gions","link":"https:\/\/www.immo-invest.ch\/fr\/categories\/regions\/"},{"label":"Suisse","link":"https:\/\/www.immo-invest.ch\/fr\/categories\/regions\/suisse\/"},{"label":"Espace Mittelland","link":"https:\/\/www.immo-invest.ch\/fr\/categories\/regions\/suisse\/espace-mittelland\/"},{"label":"Neuenburg","link":"https:\/\/www.immo-invest.ch\/fr\/categories\/regions\/suisse\/espace-mittelland\/neuenburg-fr\/"},{"label":"Appartements \u00e0 Locle pr\u00e9sent\u00e9s pour les personnes \u00e2g\u00e9es","link":"https:\/\/www.immo-invest.ch\/fr\/wohnungen-in-locle-vorgestellt-fuer-aeltere-menschen\/"}],"featured_image_src":"https:\/\/www.immo-invest.ch\/wp-content\/uploads\/2024\/10\/38_c2696528f40e35db1668a6a489614bfa88a898d4-336x168.jpg","_links":{"self":[{"href":"https:\/\/www.immo-invest.ch\/fr\/wp-json\/wp\/v2\/posts\/116044","targetHints":{"allow":["GET"]}}],"collection":[{"href":"https:\/\/www.immo-invest.ch\/fr\/wp-json\/wp\/v2\/posts"}],"about":[{"href":"https:\/\/www.immo-invest.ch\/fr\/wp-json\/wp\/v2\/types\/post"}],"author":[{"embeddable":true,"href":"https:\/\/www.immo-invest.ch\/fr\/wp-json\/wp\/v2\/users\/2"}],"replies":[{"embeddable":true,"href":"https:\/\/www.immo-invest.ch\/fr\/wp-json\/wp\/v2\/comments?post=116044"}],"version-history":[{"count":0,"href":"https:\/\/www.immo-invest.ch\/fr\/wp-json\/wp\/v2\/posts\/116044\/revisions"}],"wp:featuredmedia":[{"embeddable":true,"href":"https:\/\/www.immo-invest.ch\/fr\/wp-json\/wp\/v2\/media\/116039"}],"wp:attachment":[{"href":"https:\/\/www.immo-invest.ch\/fr\/wp-json\/wp\/v2\/media?parent=116044"}],"wp:term":[{"taxonomy":"category","embeddable":true,"href":"https:\/\/www.immo-invest.ch\/fr\/wp-json\/wp\/v2\/categories?post=116044"},{"taxonomy":"post_tag","embeddable":true,"href":"https:\/\/www.immo-invest.ch\/fr\/wp-json\/wp\/v2\/tags?post=116044"}],"curies":[{"name":"wp","href":"https:\/\/api.w.org\/{rel}","templated":true}]}}