{"id":114941,"date":"2024-09-27T09:10:44","date_gmt":"2024-09-27T07:10:44","guid":{"rendered":"https:\/\/www.immo-invest.ch\/transformation-im-fokus-expo-real-2024\/"},"modified":"2024-09-27T10:38:37","modified_gmt":"2024-09-27T08:38:37","slug":"transformation-im-fokus-expo-real-2024","status":"publish","type":"post","link":"https:\/\/www.immo-invest.ch\/fr\/transformation-im-fokus-expo-real-2024\/","title":{"rendered":"La transformation en point de mire EXPO REAL 2024"},"content":{"rendered":"<p class=\"wp-block-paragraph\">Cette ann&eacute;e encore, EXPO REAL a r&eacute;alis&eacute; un sondage d&rsquo;opinion aupr&egrave;s de ses participants. Parmi les 516 exposants et visiteurs interrog&eacute;s, 91% consid&egrave;rent la num&eacute;risation comme un sujet tr&egrave;s important ou important, suivi par la politique des taux d&rsquo;int&eacute;r&ecirc;t et les solutions &eacute;nerg&eacute;tiques pour les quartiers. Stefan Rummel, directeur de <span class=\"glossaryLink\"  aria-describedby=\"tt\"  data-cmtooltip=\"&lt;div class=glossaryItemTitle&gt;Messe&lt;\/div&gt;&lt;div class=glossaryItemBody&gt;Messen sind als Plattform f&uuml;r die Akquisition und die Pflege von Kunden &auml;ussert wirkungsvoll. Auch in der weltweit vernetzten Online-Welt sind Treffen von Angesicht zu Angesicht durch nichts zu ersetzen. Einmal ist keinmal, deshalb ist es wichtig, regelm&auml;ssig an Messen teilzunehmen, um die Kontaktqualit&auml;t stetig zu steigern und bis zum Abschluss voranzutreiben&lt;\/div&gt;\"  data-mobile-support=\"0\"  data-gt-translate-attributes='[{\"attribute\":\"data-cmtooltip\", \"format\":\"html\"}]' tabindex='0' role='link'>Messe<\/span> M&uuml;nchen, souligne : &laquo;&nbsp;EXPO REAL 2024 se consacre aux th&egrave;mes importants de l&rsquo;avenir non seulement dans le programme de conf&eacute;rences, mais aussi dans le nouvel espace d&rsquo;exposition &lsquo;Transform &amp; Beyond'&nbsp;&raquo;<\/p>\n\n\n\n<p class=\"wp-block-paragraph\"><strong>Changement des types d&rsquo;utilisation et int&eacute;r&ecirc;ts des investisseurs<br><\/strong>L&rsquo;enqu&ecirc;te montre &eacute;galement que les nouveaux types d&rsquo;utilisation gagnent en importance. Pour 70% des personnes interrog&eacute;es, le secteur r&eacute;sidentiel arrive en t&ecirc;te, suivi par l&rsquo;immobilier de soins et les centres de donn&eacute;es, qui ont fortement gagn&eacute; en pertinence. L&rsquo;int&eacute;r&ecirc;t des investisseurs tourn&eacute;s vers l&rsquo;avenir, tels que les fonds de pension et les family offices, reste &eacute;galement &eacute;lev&eacute;.<\/p>\n\n\n\n<p class=\"wp-block-paragraph\"><strong>Le logement abordable en point de mire<br><\/strong>La cr&eacute;ation de logements abordables est un autre th&egrave;me central. pour 95 % des personnes interrog&eacute;es, la construction dans l&rsquo;existant est un facteur d&eacute;terminant, suivi de pr&egrave;s par le co&ucirc;t du foncier et la construction en s&eacute;rie. Ces th&egrave;mes seront &eacute;galement au c&oelig;ur de l&rsquo;EXPO REAL de cette ann&eacute;e, avec une exposition sp&eacute;ciale et des exemples pratiques.<\/p>\n\n\n\n<p class=\"wp-block-paragraph\"><strong>L&rsquo;Europe reste attractive<br><\/strong>Au niveau mondial, l&rsquo;Europe reste un march&eacute; central pour les investissements immobiliers avec 81% des votes. L&rsquo;Europe occidentale et la r&eacute;gion D-A-CH sont consid&eacute;r&eacute;es comme des march&eacute;s d&rsquo;avenir particuli&egrave;rement importants. Les &Eacute;tats-Unis et la r&eacute;gion Asie-Pacifique continuent &eacute;galement d&rsquo;offrir un potentiel.<\/p>\n\n\n\n<p class=\"wp-block-paragraph\">L&rsquo;enqu&ecirc;te sur EXPO REAL 2024 met en &eacute;vidence le fait que la transformation du parc immobilier et la num&eacute;risation sont des facteurs essentiels pour l&rsquo;avenir du secteur. Avec des discussions vari&eacute;es et de nouveaux formats d&rsquo;exposition, EXPO REAL, qui se tiendra du 7 au 9 octobre, r&eacute;pondra aux d&eacute;fis urgents et offrira un espace d&rsquo;&eacute;change et de solutions.<\/p>\n\n","protected":false},"excerpt":{"rendered":"<p>Une enqu\u00eate r\u00e9alis\u00e9e dans le cadre d&rsquo;EXPO REAL 2024 montre que la num\u00e9risation et la transformation font partie des principaux d\u00e9fis du secteur immobilier. En se concentrant davantage sur des th\u00e8mes porteurs, le secteur fait face \u00e0 la nouvelle donne.<\/p>\n","protected":false},"author":2,"featured_media":114899,"comment_status":"open","ping_status":"open","sticky":false,"template":"","format":"standard","meta":{"pmpro_default_level":"","inline_featured_image":false,"_monsterinsights_skip_tracking":false,"footnotes":""},"categories":[9430,22353,743,22357],"tags":[1661,49802,19187],"class_list":["post-114941","post","type-post","status-publish","format-standard","has-post-thumbnail","hentry","category-business-fr","category-international-fr","category-immonews-fr","category-industrie-du-batiment","tag-europa-fr","tag-exporeal-fr","tag-wohnraum-fr","pmpro-has-access"],"acf":{"bild_mit_ki_erstellt_worden":[],"lead":"Une enqu\u00eate r\u00e9alis\u00e9e dans le cadre d'EXPO REAL 2024 montre que la num\u00e9risation et la transformation font partie des principaux d\u00e9fis du secteur immobilier. En se concentrant davantage sur des th\u00e8mes porteurs, le secteur fait face \u00e0 la nouvelle donne.","autor":"Quelle: Expo Real","ort":"","bildunterschrift":"","bild_im_grid":false,"gallerie":"","newsim":""},"aioseo_notices":[],"aioseo_head":"\n\t\t<!-- All in One SEO 5.0.1.1 - aioseo.com -->\n\t<meta name=\"description\" content=\"Une enqu\u00eate r\u00e9alis\u00e9e dans le cadre d&#039;EXPO REAL 2024 montre que la num\u00e9risation et la transformation font partie des principaux d\u00e9fis du secteur immobilier. En se concentrant davantage sur des th\u00e8mes porteurs, le secteur fait face \u00e0 la nouvelle donne.\" \/>\n\t<meta name=\"robots\" content=\"max-image-preview:large\" \/>\n\t<meta name=\"author\" content=\"immovestuser\"\/>\n\t<meta name=\"google-site-verification\" content=\"fHJKvgWpZCR2zVBHWfkQeFXC11qieUSff0HGNYfuyLA\" \/>\n\t<link rel=\"canonical\" href=\"https:\/\/www.immo-invest.ch\/fr\/transformation-im-fokus-expo-real-2024\/\" \/>\n\t<meta name=\"generator\" content=\"All in One SEO (AIOSEO) 5.0.1.1\" \/>\n\t\t<meta property=\"og:locale\" content=\"fr_FR\" \/>\n\t\t<meta property=\"og:site_name\" content=\"immo!nvest - Die Plattform f\u00fcr Standorte und Immobilien - Die\u00a0Plattform f\u00fcr Standorte und Immobilien\" \/>\n\t\t<meta property=\"og:type\" content=\"article\" \/>\n\t\t<meta property=\"og:title\" content=\"La transformation en point de mire EXPO REAL 2024 - immo!nvest - Die Plattform f\u00fcr Standorte und Immobilien\" \/>\n\t\t<meta property=\"og:description\" content=\"Une enqu\u00eate r\u00e9alis\u00e9e dans le cadre d&#039;EXPO REAL 2024 montre que la num\u00e9risation et la transformation font partie des principaux d\u00e9fis du secteur immobilier. En se concentrant davantage sur des th\u00e8mes porteurs, le secteur fait face \u00e0 la nouvelle donne.\" \/>\n\t\t<meta property=\"og:url\" content=\"https:\/\/www.immo-invest.ch\/fr\/transformation-im-fokus-expo-real-2024\/\" \/>\n\t\t<meta property=\"og:image\" content=\"https:\/\/www.immo-invest.ch\/wp-content\/uploads\/2024\/09\/d2n1n6byqxibyi.cloudfront.net_image_933560888063_image_kqrjiojgvd3af1c2jcta61j119_-C2050x13652C0-S1336x890-FWEBP.png\" \/>\n\t\t<meta property=\"og:image:secure_url\" content=\"https:\/\/www.immo-invest.ch\/wp-content\/uploads\/2024\/09\/d2n1n6byqxibyi.cloudfront.net_image_933560888063_image_kqrjiojgvd3af1c2jcta61j119_-C2050x13652C0-S1336x890-FWEBP.png\" \/>\n\t\t<meta property=\"og:image:width\" content=\"2660\" \/>\n\t\t<meta property=\"og:image:height\" content=\"1768\" \/>\n\t\t<meta property=\"article:published_time\" content=\"2024-09-27T07:10:44+00:00\" \/>\n\t\t<meta property=\"article:modified_time\" content=\"2024-09-27T08:38:37+00:00\" \/>\n\t\t<meta property=\"article:publisher\" content=\"https:\/\/www.facebook.com\/people\/Immoinvest\/100077962920504\/\" \/>\n\t\t<meta name=\"twitter:card\" content=\"summary_large_image\" \/>\n\t\t<meta name=\"twitter:site\" content=\"@i\" \/>\n\t\t<meta name=\"twitter:title\" content=\"La transformation en point de mire EXPO REAL 2024 - immo!nvest - Die Plattform f\u00fcr Standorte und Immobilien\" \/>\n\t\t<meta name=\"twitter:description\" content=\"Une enqu\u00eate r\u00e9alis\u00e9e dans le cadre d&#039;EXPO REAL 2024 montre que la num\u00e9risation et la transformation font partie des principaux d\u00e9fis du secteur immobilier. En se concentrant davantage sur des th\u00e8mes porteurs, le secteur fait face \u00e0 la nouvelle donne.\" \/>\n\t\t<meta name=\"twitter:creator\" content=\"@i\" \/>\n\t\t<meta name=\"twitter:image\" content=\"https:\/\/www.immo-invest.ch\/wp-content\/uploads\/2024\/09\/d2n1n6byqxibyi.cloudfront.net_image_933560888063_image_kqrjiojgvd3af1c2jcta61j119_-C2050x13652C0-S1336x890-FWEBP.png\" \/>\n\t\t<script type=\"application\/ld+json\" class=\"aioseo-schema\">\n\t\t\t{\"@context\":\"https:\\\/\\\/schema.org\",\"@graph\":[{\"@type\":\"BlogPosting\",\"@id\":\"https:\\\/\\\/www.immo-invest.ch\\\/fr\\\/transformation-im-fokus-expo-real-2024\\\/#blogposting\",\"name\":\"La transformation en point de mire EXPO REAL 2024 - immo!nvest - Die Plattform f\\u00fcr Standorte und Immobilien\",\"headline\":\"La transformation en point de mire EXPO REAL 2024\",\"author\":{\"@id\":\"https:\\\/\\\/www.immo-invest.ch\\\/fr\\\/author\\\/immovestuser\\\/#author\"},\"publisher\":{\"@id\":\"https:\\\/\\\/www.immo-invest.ch\\\/fr\\\/#organization\"},\"image\":{\"@type\":\"ImageObject\",\"url\":\"https:\\\/\\\/www.immo-invest.ch\\\/wp-content\\\/uploads\\\/2024\\\/09\\\/d2n1n6byqxibyi.cloudfront.net_image_933560888063_image_kqrjiojgvd3af1c2jcta61j119_-C2050x13652C0-S1336x890-FWEBP.png\",\"width\":2660,\"height\":1768,\"caption\":\"https:\\\/\\\/exporeal.net\\\/de\\\/messe\\\/presse\\\/pressemitteilungen\\\/detail\\\/digitalisierung-und-transformation.html\"},\"datePublished\":\"2024-09-27T09:10:44+02:00\",\"dateModified\":\"2024-09-27T10:38:37+02:00\",\"inLanguage\":\"fr-FR\",\"mainEntityOfPage\":{\"@id\":\"https:\\\/\\\/www.immo-invest.ch\\\/fr\\\/transformation-im-fokus-expo-real-2024\\\/#webpage\"},\"isPartOf\":{\"@id\":\"https:\\\/\\\/www.immo-invest.ch\\\/fr\\\/transformation-im-fokus-expo-real-2024\\\/#webpage\"},\"articleSection\":\"Business, Global, immoNews, Industrie du b\\u00e2timent, Europa, ExpoReal, Wohnraum, Facultatif\"},{\"@type\":\"BreadcrumbList\",\"@id\":\"https:\\\/\\\/www.immo-invest.ch\\\/fr\\\/transformation-im-fokus-expo-real-2024\\\/#breadcrumblist\",\"itemListElement\":[{\"@type\":\"ListItem\",\"@id\":\"https:\\\/\\\/www.immo-invest.ch\\\/fr\\\/#listItem\",\"position\":1,\"name\":\"Home\",\"item\":\"https:\\\/\\\/www.immo-invest.ch\\\/fr\\\/\",\"nextItem\":{\"@type\":\"ListItem\",\"@id\":\"https:\\\/\\\/www.immo-invest.ch\\\/fr\\\/categories\\\/regions\\\/#listItem\",\"name\":\"R\\u00e9gions\"}},{\"@type\":\"ListItem\",\"@id\":\"https:\\\/\\\/www.immo-invest.ch\\\/fr\\\/categories\\\/regions\\\/#listItem\",\"position\":2,\"name\":\"R\\u00e9gions\",\"item\":\"https:\\\/\\\/www.immo-invest.ch\\\/fr\\\/categories\\\/regions\\\/\",\"nextItem\":{\"@type\":\"ListItem\",\"@id\":\"https:\\\/\\\/www.immo-invest.ch\\\/fr\\\/categories\\\/regions\\\/international\\\/#listItem\",\"name\":\"International\"},\"previousItem\":{\"@type\":\"ListItem\",\"@id\":\"https:\\\/\\\/www.immo-invest.ch\\\/fr\\\/#listItem\",\"name\":\"Home\"}},{\"@type\":\"ListItem\",\"@id\":\"https:\\\/\\\/www.immo-invest.ch\\\/fr\\\/categories\\\/regions\\\/international\\\/#listItem\",\"position\":3,\"name\":\"International\",\"item\":\"https:\\\/\\\/www.immo-invest.ch\\\/fr\\\/categories\\\/regions\\\/international\\\/\",\"nextItem\":{\"@type\":\"ListItem\",\"@id\":\"https:\\\/\\\/www.immo-invest.ch\\\/fr\\\/categories\\\/regions\\\/international\\\/international-fr\\\/#listItem\",\"name\":\"Global\"},\"previousItem\":{\"@type\":\"ListItem\",\"@id\":\"https:\\\/\\\/www.immo-invest.ch\\\/fr\\\/categories\\\/regions\\\/#listItem\",\"name\":\"R\\u00e9gions\"}},{\"@type\":\"ListItem\",\"@id\":\"https:\\\/\\\/www.immo-invest.ch\\\/fr\\\/categories\\\/regions\\\/international\\\/international-fr\\\/#listItem\",\"position\":4,\"name\":\"Global\",\"item\":\"https:\\\/\\\/www.immo-invest.ch\\\/fr\\\/categories\\\/regions\\\/international\\\/international-fr\\\/\",\"nextItem\":{\"@type\":\"ListItem\",\"@id\":\"https:\\\/\\\/www.immo-invest.ch\\\/fr\\\/transformation-im-fokus-expo-real-2024\\\/#listItem\",\"name\":\"La transformation en point de mire EXPO REAL 2024\"},\"previousItem\":{\"@type\":\"ListItem\",\"@id\":\"https:\\\/\\\/www.immo-invest.ch\\\/fr\\\/categories\\\/regions\\\/international\\\/#listItem\",\"name\":\"International\"}},{\"@type\":\"ListItem\",\"@id\":\"https:\\\/\\\/www.immo-invest.ch\\\/fr\\\/transformation-im-fokus-expo-real-2024\\\/#listItem\",\"position\":5,\"name\":\"La transformation en point de mire EXPO REAL 2024\",\"previousItem\":{\"@type\":\"ListItem\",\"@id\":\"https:\\\/\\\/www.immo-invest.ch\\\/fr\\\/categories\\\/regions\\\/international\\\/international-fr\\\/#listItem\",\"name\":\"Global\"}}]},{\"@type\":\"Organization\",\"@id\":\"https:\\\/\\\/www.immo-invest.ch\\\/fr\\\/#organization\",\"name\":\"immo!nvest - Die Plattform f\\u00fcr Standorte und Immobilien\",\"description\":\"Die\\u00a0Plattform f\\u00fcr Standorte und Immobilien\",\"url\":\"https:\\\/\\\/www.immo-invest.ch\\\/fr\\\/\",\"email\":\"admin@immomedia.ag\",\"telephone\":\"+41444420002\",\"logo\":{\"@type\":\"ImageObject\",\"url\":\"https:\\\/\\\/www.immo-invest.ch\\\/wp-content\\\/uploads\\\/2024\\\/09\\\/immoinvest_sm-scaled.jpg\",\"@id\":\"https:\\\/\\\/www.immo-invest.ch\\\/fr\\\/transformation-im-fokus-expo-real-2024\\\/#organizationLogo\",\"width\":2560,\"height\":1340},\"image\":{\"@id\":\"https:\\\/\\\/www.immo-invest.ch\\\/fr\\\/transformation-im-fokus-expo-real-2024\\\/#organizationLogo\"},\"sameAs\":[\"https:\\\/\\\/www.facebook.com\\\/people\\\/Immoinvest\\\/100077962920504\\\/\",\"https:\\\/\\\/x.com\\\/i\\\/flow\\\/login?redirect_after_login=immoinvest_ch\",\"https:\\\/\\\/www.instagram.com\\\/immoinvest_ch\\\/\",\"https:\\\/\\\/www.linkedin.com\\\/company\\\/immoinvest-swiss\"]},{\"@type\":\"Person\",\"@id\":\"https:\\\/\\\/www.immo-invest.ch\\\/fr\\\/author\\\/immovestuser\\\/#author\",\"url\":\"https:\\\/\\\/www.immo-invest.ch\\\/fr\\\/author\\\/immovestuser\\\/\",\"name\":\"immovestuser\",\"image\":{\"@type\":\"ImageObject\",\"@id\":\"https:\\\/\\\/www.immo-invest.ch\\\/fr\\\/transformation-im-fokus-expo-real-2024\\\/#authorImage\",\"url\":\"https:\\\/\\\/secure.gravatar.com\\\/avatar\\\/8e01f4d99f2eeea7a362ebb93305e1172a70e9293ba250f897a65c39f54cdd1e?s=96&d=mm&r=g\",\"width\":96,\"height\":96,\"caption\":\"immovestuser\"}},{\"@type\":\"WebPage\",\"@id\":\"https:\\\/\\\/www.immo-invest.ch\\\/fr\\\/transformation-im-fokus-expo-real-2024\\\/#webpage\",\"url\":\"https:\\\/\\\/www.immo-invest.ch\\\/fr\\\/transformation-im-fokus-expo-real-2024\\\/\",\"name\":\"La transformation en point de mire EXPO REAL 2024 - immo!nvest - Die Plattform f\\u00fcr Standorte und Immobilien\",\"description\":\"Une enqu\\u00eate r\\u00e9alis\\u00e9e dans le cadre d'EXPO REAL 2024 montre que la num\\u00e9risation et la transformation font partie des principaux d\\u00e9fis du secteur immobilier. En se concentrant davantage sur des th\\u00e8mes porteurs, le secteur fait face \\u00e0 la nouvelle donne.\",\"inLanguage\":\"fr-FR\",\"isPartOf\":{\"@id\":\"https:\\\/\\\/www.immo-invest.ch\\\/fr\\\/#website\"},\"breadcrumb\":{\"@id\":\"https:\\\/\\\/www.immo-invest.ch\\\/fr\\\/transformation-im-fokus-expo-real-2024\\\/#breadcrumblist\"},\"author\":{\"@id\":\"https:\\\/\\\/www.immo-invest.ch\\\/fr\\\/author\\\/immovestuser\\\/#author\"},\"creator\":{\"@id\":\"https:\\\/\\\/www.immo-invest.ch\\\/fr\\\/author\\\/immovestuser\\\/#author\"},\"image\":{\"@type\":\"ImageObject\",\"url\":\"https:\\\/\\\/www.immo-invest.ch\\\/wp-content\\\/uploads\\\/2024\\\/09\\\/d2n1n6byqxibyi.cloudfront.net_image_933560888063_image_kqrjiojgvd3af1c2jcta61j119_-C2050x13652C0-S1336x890-FWEBP.png\",\"@id\":\"https:\\\/\\\/www.immo-invest.ch\\\/fr\\\/transformation-im-fokus-expo-real-2024\\\/#mainImage\",\"width\":2660,\"height\":1768,\"caption\":\"https:\\\/\\\/exporeal.net\\\/de\\\/messe\\\/presse\\\/pressemitteilungen\\\/detail\\\/digitalisierung-und-transformation.html\"},\"primaryImageOfPage\":{\"@id\":\"https:\\\/\\\/www.immo-invest.ch\\\/fr\\\/transformation-im-fokus-expo-real-2024\\\/#mainImage\"},\"datePublished\":\"2024-09-27T09:10:44+02:00\",\"dateModified\":\"2024-09-27T10:38:37+02:00\"},{\"@type\":\"WebSite\",\"@id\":\"https:\\\/\\\/www.immo-invest.ch\\\/fr\\\/#website\",\"url\":\"https:\\\/\\\/www.immo-invest.ch\\\/fr\\\/\",\"name\":\"immo!nvest - Die Plattform f\\u00fcr Standorte und Immobilien\",\"description\":\"Die\\u00a0Plattform f\\u00fcr Standorte und Immobilien\",\"inLanguage\":\"fr-FR\",\"publisher\":{\"@id\":\"https:\\\/\\\/www.immo-invest.ch\\\/fr\\\/#organization\"}}]}\n\t\t<\/script>\n\t\t<!-- All in One SEO -->\n\n","aioseo_head_json":{"title":"La transformation en point de mire EXPO REAL 2024 - immo!nvest - Die Plattform f\u00fcr Standorte und Immobilien","description":"Une enqu\u00eate r\u00e9alis\u00e9e dans le cadre d'EXPO REAL 2024 montre que la num\u00e9risation et la transformation font partie des principaux d\u00e9fis du secteur immobilier. En se concentrant davantage sur des th\u00e8mes porteurs, le secteur fait face \u00e0 la nouvelle donne.","canonical_url":"https:\/\/www.immo-invest.ch\/fr\/transformation-im-fokus-expo-real-2024\/","robots":"max-image-preview:large","keywords":"","webmasterTools":{"google-site-verification":"fHJKvgWpZCR2zVBHWfkQeFXC11qieUSff0HGNYfuyLA","miscellaneous":""},"schema":{"@context":"https:\/\/schema.org","@graph":[{"@type":"BlogPosting","@id":"https:\/\/www.immo-invest.ch\/fr\/transformation-im-fokus-expo-real-2024\/#blogposting","name":"La transformation en point de mire EXPO REAL 2024 - immo!nvest - Die Plattform f\u00fcr Standorte und Immobilien","headline":"La transformation en point de mire EXPO REAL 2024","author":{"@id":"https:\/\/www.immo-invest.ch\/fr\/author\/immovestuser\/#author"},"publisher":{"@id":"https:\/\/www.immo-invest.ch\/fr\/#organization"},"image":{"@type":"ImageObject","url":"https:\/\/www.immo-invest.ch\/wp-content\/uploads\/2024\/09\/d2n1n6byqxibyi.cloudfront.net_image_933560888063_image_kqrjiojgvd3af1c2jcta61j119_-C2050x13652C0-S1336x890-FWEBP.png","width":2660,"height":1768,"caption":"https:\/\/exporeal.net\/de\/messe\/presse\/pressemitteilungen\/detail\/digitalisierung-und-transformation.html"},"datePublished":"2024-09-27T09:10:44+02:00","dateModified":"2024-09-27T10:38:37+02:00","inLanguage":"fr-FR","mainEntityOfPage":{"@id":"https:\/\/www.immo-invest.ch\/fr\/transformation-im-fokus-expo-real-2024\/#webpage"},"isPartOf":{"@id":"https:\/\/www.immo-invest.ch\/fr\/transformation-im-fokus-expo-real-2024\/#webpage"},"articleSection":"Business, Global, immoNews, Industrie du b\u00e2timent, Europa, ExpoReal, Wohnraum, Facultatif"},{"@type":"BreadcrumbList","@id":"https:\/\/www.immo-invest.ch\/fr\/transformation-im-fokus-expo-real-2024\/#breadcrumblist","itemListElement":[{"@type":"ListItem","@id":"https:\/\/www.immo-invest.ch\/fr\/#listItem","position":1,"name":"Home","item":"https:\/\/www.immo-invest.ch\/fr\/","nextItem":{"@type":"ListItem","@id":"https:\/\/www.immo-invest.ch\/fr\/categories\/regions\/#listItem","name":"R\u00e9gions"}},{"@type":"ListItem","@id":"https:\/\/www.immo-invest.ch\/fr\/categories\/regions\/#listItem","position":2,"name":"R\u00e9gions","item":"https:\/\/www.immo-invest.ch\/fr\/categories\/regions\/","nextItem":{"@type":"ListItem","@id":"https:\/\/www.immo-invest.ch\/fr\/categories\/regions\/international\/#listItem","name":"International"},"previousItem":{"@type":"ListItem","@id":"https:\/\/www.immo-invest.ch\/fr\/#listItem","name":"Home"}},{"@type":"ListItem","@id":"https:\/\/www.immo-invest.ch\/fr\/categories\/regions\/international\/#listItem","position":3,"name":"International","item":"https:\/\/www.immo-invest.ch\/fr\/categories\/regions\/international\/","nextItem":{"@type":"ListItem","@id":"https:\/\/www.immo-invest.ch\/fr\/categories\/regions\/international\/international-fr\/#listItem","name":"Global"},"previousItem":{"@type":"ListItem","@id":"https:\/\/www.immo-invest.ch\/fr\/categories\/regions\/#listItem","name":"R\u00e9gions"}},{"@type":"ListItem","@id":"https:\/\/www.immo-invest.ch\/fr\/categories\/regions\/international\/international-fr\/#listItem","position":4,"name":"Global","item":"https:\/\/www.immo-invest.ch\/fr\/categories\/regions\/international\/international-fr\/","nextItem":{"@type":"ListItem","@id":"https:\/\/www.immo-invest.ch\/fr\/transformation-im-fokus-expo-real-2024\/#listItem","name":"La transformation en point de mire EXPO REAL 2024"},"previousItem":{"@type":"ListItem","@id":"https:\/\/www.immo-invest.ch\/fr\/categories\/regions\/international\/#listItem","name":"International"}},{"@type":"ListItem","@id":"https:\/\/www.immo-invest.ch\/fr\/transformation-im-fokus-expo-real-2024\/#listItem","position":5,"name":"La transformation en point de mire EXPO REAL 2024","previousItem":{"@type":"ListItem","@id":"https:\/\/www.immo-invest.ch\/fr\/categories\/regions\/international\/international-fr\/#listItem","name":"Global"}}]},{"@type":"Organization","@id":"https:\/\/www.immo-invest.ch\/fr\/#organization","name":"immo!nvest - Die Plattform f\u00fcr Standorte und Immobilien","description":"Die\u00a0Plattform f\u00fcr Standorte und Immobilien","url":"https:\/\/www.immo-invest.ch\/fr\/","email":"admin@immomedia.ag","telephone":"+41444420002","logo":{"@type":"ImageObject","url":"https:\/\/www.immo-invest.ch\/wp-content\/uploads\/2024\/09\/immoinvest_sm-scaled.jpg","@id":"https:\/\/www.immo-invest.ch\/fr\/transformation-im-fokus-expo-real-2024\/#organizationLogo","width":2560,"height":1340},"image":{"@id":"https:\/\/www.immo-invest.ch\/fr\/transformation-im-fokus-expo-real-2024\/#organizationLogo"},"sameAs":["https:\/\/www.facebook.com\/people\/Immoinvest\/100077962920504\/","https:\/\/x.com\/i\/flow\/login?redirect_after_login=immoinvest_ch","https:\/\/www.instagram.com\/immoinvest_ch\/","https:\/\/www.linkedin.com\/company\/immoinvest-swiss"]},{"@type":"Person","@id":"https:\/\/www.immo-invest.ch\/fr\/author\/immovestuser\/#author","url":"https:\/\/www.immo-invest.ch\/fr\/author\/immovestuser\/","name":"immovestuser","image":{"@type":"ImageObject","@id":"https:\/\/www.immo-invest.ch\/fr\/transformation-im-fokus-expo-real-2024\/#authorImage","url":"https:\/\/secure.gravatar.com\/avatar\/8e01f4d99f2eeea7a362ebb93305e1172a70e9293ba250f897a65c39f54cdd1e?s=96&d=mm&r=g","width":96,"height":96,"caption":"immovestuser"}},{"@type":"WebPage","@id":"https:\/\/www.immo-invest.ch\/fr\/transformation-im-fokus-expo-real-2024\/#webpage","url":"https:\/\/www.immo-invest.ch\/fr\/transformation-im-fokus-expo-real-2024\/","name":"La transformation en point de mire EXPO REAL 2024 - immo!nvest - Die Plattform f\u00fcr Standorte und Immobilien","description":"Une enqu\u00eate r\u00e9alis\u00e9e dans le cadre d'EXPO REAL 2024 montre que la num\u00e9risation et la transformation font partie des principaux d\u00e9fis du secteur immobilier. En se concentrant davantage sur des th\u00e8mes porteurs, le secteur fait face \u00e0 la nouvelle donne.","inLanguage":"fr-FR","isPartOf":{"@id":"https:\/\/www.immo-invest.ch\/fr\/#website"},"breadcrumb":{"@id":"https:\/\/www.immo-invest.ch\/fr\/transformation-im-fokus-expo-real-2024\/#breadcrumblist"},"author":{"@id":"https:\/\/www.immo-invest.ch\/fr\/author\/immovestuser\/#author"},"creator":{"@id":"https:\/\/www.immo-invest.ch\/fr\/author\/immovestuser\/#author"},"image":{"@type":"ImageObject","url":"https:\/\/www.immo-invest.ch\/wp-content\/uploads\/2024\/09\/d2n1n6byqxibyi.cloudfront.net_image_933560888063_image_kqrjiojgvd3af1c2jcta61j119_-C2050x13652C0-S1336x890-FWEBP.png","@id":"https:\/\/www.immo-invest.ch\/fr\/transformation-im-fokus-expo-real-2024\/#mainImage","width":2660,"height":1768,"caption":"https:\/\/exporeal.net\/de\/messe\/presse\/pressemitteilungen\/detail\/digitalisierung-und-transformation.html"},"primaryImageOfPage":{"@id":"https:\/\/www.immo-invest.ch\/fr\/transformation-im-fokus-expo-real-2024\/#mainImage"},"datePublished":"2024-09-27T09:10:44+02:00","dateModified":"2024-09-27T10:38:37+02:00"},{"@type":"WebSite","@id":"https:\/\/www.immo-invest.ch\/fr\/#website","url":"https:\/\/www.immo-invest.ch\/fr\/","name":"immo!nvest - Die Plattform f\u00fcr Standorte und Immobilien","description":"Die\u00a0Plattform f\u00fcr Standorte und Immobilien","inLanguage":"fr-FR","publisher":{"@id":"https:\/\/www.immo-invest.ch\/fr\/#organization"}}]},"og:locale":"fr_FR","og:site_name":"immo!nvest - Die Plattform f\u00fcr Standorte und Immobilien - Die\u00a0Plattform f\u00fcr Standorte und Immobilien","og:type":"article","og:title":"La transformation en point de mire EXPO REAL 2024 - immo!nvest - Die Plattform f\u00fcr Standorte und Immobilien","og:description":"Une enqu\u00eate r\u00e9alis\u00e9e dans le cadre d'EXPO REAL 2024 montre que la num\u00e9risation et la transformation font partie des principaux d\u00e9fis du secteur immobilier. En se concentrant davantage sur des th\u00e8mes porteurs, le secteur fait face \u00e0 la nouvelle donne.","og:url":"https:\/\/www.immo-invest.ch\/fr\/transformation-im-fokus-expo-real-2024\/","og:image":"https:\/\/www.immo-invest.ch\/wp-content\/uploads\/2024\/09\/d2n1n6byqxibyi.cloudfront.net_image_933560888063_image_kqrjiojgvd3af1c2jcta61j119_-C2050x13652C0-S1336x890-FWEBP.png","og:image:secure_url":"https:\/\/www.immo-invest.ch\/wp-content\/uploads\/2024\/09\/d2n1n6byqxibyi.cloudfront.net_image_933560888063_image_kqrjiojgvd3af1c2jcta61j119_-C2050x13652C0-S1336x890-FWEBP.png","og:image:width":2660,"og:image:height":1768,"article:published_time":"2024-09-27T07:10:44+00:00","article:modified_time":"2024-09-27T08:38:37+00:00","article:publisher":"https:\/\/www.facebook.com\/people\/Immoinvest\/100077962920504\/","twitter:card":"summary_large_image","twitter:site":"@i","twitter:title":"La transformation en point de mire EXPO REAL 2024 - immo!nvest - Die Plattform f\u00fcr Standorte und Immobilien","twitter:description":"Une enqu\u00eate r\u00e9alis\u00e9e dans le cadre d'EXPO REAL 2024 montre que la num\u00e9risation et la transformation font partie des principaux d\u00e9fis du secteur immobilier. En se concentrant davantage sur des th\u00e8mes porteurs, le secteur fait face \u00e0 la nouvelle donne.","twitter:creator":"@i","twitter:image":"https:\/\/www.immo-invest.ch\/wp-content\/uploads\/2024\/09\/d2n1n6byqxibyi.cloudfront.net_image_933560888063_image_kqrjiojgvd3af1c2jcta61j119_-C2050x13652C0-S1336x890-FWEBP.png"},"aioseo_meta_data":{"post_id":"114941","title":null,"description":null,"keywords":null,"keyphrases":{"focus":{"keyphrase":"","score":0,"analysis":{"keyphraseInTitle":{"score":0,"maxScore":9,"error":1}}},"additional":[]},"primary_term":null,"canonical_url":null,"og_title":null,"og_description":null,"og_object_type":"default","og_image_type":"default","og_image_url":null,"og_image_width":null,"og_image_height":null,"og_image_custom_url":null,"og_image_custom_fields":null,"og_video":"","og_custom_url":null,"og_article_section":null,"og_article_tags":null,"twitter_use_og":false,"twitter_card":"default","twitter_image_type":"default","twitter_image_url":null,"twitter_image_custom_url":null,"twitter_image_custom_fields":null,"twitter_title":null,"twitter_description":null,"schema":{"blockGraphs":[],"customGraphs":[],"default":{"data":{"Article":[],"Course":[],"Dataset":[],"FAQPage":[],"Movie":[],"Person":[],"Product":[],"ProductReview":[],"Car":[],"Recipe":[],"Service":[],"SoftwareApplication":[],"WebPage":[]},"graphName":"BlogPosting","isEnabled":true},"graphs":[]},"schema_type":"default","schema_type_options":null,"pillar_content":false,"robots_default":true,"robots_noindex":false,"robots_noarchive":false,"robots_nosnippet":false,"robots_nofollow":false,"robots_noimageindex":false,"robots_noodp":false,"robots_notranslate":false,"robots_max_snippet":"-1","robots_max_videopreview":"-1","robots_max_imagepreview":"large","priority":null,"frequency":"default","local_seo":null,"breadcrumb_settings":null,"limit_modified_date":false,"ai":null,"created":"2024-09-27 08:28:10","updated":"2025-10-24 10:14:14","seo_analyzer_scan_date":null,"focus_keyword":null,"additional_keywords":null,"truseo_locale":null},"aioseo_breadcrumb":"<div class=\"aioseo-breadcrumbs\"><span class=\"aioseo-breadcrumb\">\n\t\t\t<a href=\"https:\/\/www.immo-invest.ch\/fr\/\" title=\"Home\">Home<\/a>\n\t\t<\/span><span class=\"aioseo-breadcrumb-separator\">&raquo;<\/span><span class=\"aioseo-breadcrumb\">\n\t\t\t<a href=\"https:\/\/www.immo-invest.ch\/fr\/categories\/regions\/\" title=\"R\u00e9gions\">R\u00e9gions<\/a>\n\t\t<\/span><span class=\"aioseo-breadcrumb-separator\">&raquo;<\/span><span class=\"aioseo-breadcrumb\">\n\t\t\t<a href=\"https:\/\/www.immo-invest.ch\/fr\/categories\/regions\/international\/\" title=\"International\">International<\/a>\n\t\t<\/span><span class=\"aioseo-breadcrumb-separator\">&raquo;<\/span><span class=\"aioseo-breadcrumb\">\n\t\t\t<a href=\"https:\/\/www.immo-invest.ch\/fr\/categories\/regions\/international\/international-fr\/\" title=\"Global\">Global<\/a>\n\t\t<\/span><span class=\"aioseo-breadcrumb-separator\">&raquo;<\/span><span class=\"aioseo-breadcrumb\">\n\t\t\tLa transformation en point de mire EXPO REAL 2024\n\t\t<\/span><\/div>","aioseo_breadcrumb_json":[{"label":"Home","link":"https:\/\/www.immo-invest.ch\/fr\/"},{"label":"R\u00e9gions","link":"https:\/\/www.immo-invest.ch\/fr\/categories\/regions\/"},{"label":"International","link":"https:\/\/www.immo-invest.ch\/fr\/categories\/regions\/international\/"},{"label":"Global","link":"https:\/\/www.immo-invest.ch\/fr\/categories\/regions\/international\/international-fr\/"},{"label":"La transformation en point de mire EXPO REAL 2024","link":"https:\/\/www.immo-invest.ch\/fr\/transformation-im-fokus-expo-real-2024\/"}],"featured_image_src":"https:\/\/www.immo-invest.ch\/wp-content\/uploads\/2024\/09\/d2n1n6byqxibyi.cloudfront.net_image_933560888063_image_kqrjiojgvd3af1c2jcta61j119_-C2050x13652C0-S1336x890-FWEBP-336x168.png","_links":{"self":[{"href":"https:\/\/www.immo-invest.ch\/fr\/wp-json\/wp\/v2\/posts\/114941","targetHints":{"allow":["GET"]}}],"collection":[{"href":"https:\/\/www.immo-invest.ch\/fr\/wp-json\/wp\/v2\/posts"}],"about":[{"href":"https:\/\/www.immo-invest.ch\/fr\/wp-json\/wp\/v2\/types\/post"}],"author":[{"embeddable":true,"href":"https:\/\/www.immo-invest.ch\/fr\/wp-json\/wp\/v2\/users\/2"}],"replies":[{"embeddable":true,"href":"https:\/\/www.immo-invest.ch\/fr\/wp-json\/wp\/v2\/comments?post=114941"}],"version-history":[{"count":0,"href":"https:\/\/www.immo-invest.ch\/fr\/wp-json\/wp\/v2\/posts\/114941\/revisions"}],"wp:featuredmedia":[{"embeddable":true,"href":"https:\/\/www.immo-invest.ch\/fr\/wp-json\/wp\/v2\/media\/114899"}],"wp:attachment":[{"href":"https:\/\/www.immo-invest.ch\/fr\/wp-json\/wp\/v2\/media?parent=114941"}],"wp:term":[{"taxonomy":"category","embeddable":true,"href":"https:\/\/www.immo-invest.ch\/fr\/wp-json\/wp\/v2\/categories?post=114941"},{"taxonomy":"post_tag","embeddable":true,"href":"https:\/\/www.immo-invest.ch\/fr\/wp-json\/wp\/v2\/tags?post=114941"}],"curies":[{"name":"wp","href":"https:\/\/api.w.org\/{rel}","templated":true}]}}