{"id":114455,"date":"2024-10-11T09:18:32","date_gmt":"2024-10-11T07:18:32","guid":{"rendered":"https:\/\/www.immo-invest.ch\/?p=114455"},"modified":"2024-09-23T13:17:05","modified_gmt":"2024-09-23T11:17:05","slug":"energiestadt-staerkt-klimapolitik-mit-neuen-zertifizierungsstandards","status":"publish","type":"post","link":"https:\/\/www.immo-invest.ch\/fr\/energiestadt-staerkt-klimapolitik-mit-neuen-zertifizierungsstandards\/","title":{"rendered":"Les Cit\u00e9s de l&rsquo;\u00e9nergie renforcent la politique climatique avec de nouvelles normes de certification"},"content":{"rendered":"<p class=\"bodytext\">L&rsquo;association Cit&eacute; de l&rsquo;&eacute;nergie veut &agrave; l&rsquo;avenir soutenir ses 644 communes et villes membres sur la voie de la neutralit&eacute; climatique. En 30 ans d&rsquo;engagement, beaucoup de choses consid&eacute;r&eacute;es au d&eacute;part comme progressistes ont pu &ecirc;tre &eacute;tablies comme standards, &eacute;crit <a href=\"https:\/\/www.energiestadt.ch\/\" target=\"_blank\" rel=\"noopener\">Cit&eacute; de l&rsquo;&eacute;nergie<\/a> dans un <a href=\"https:\/\/www.energiestadt.ch\/de\/app\/core\/action\/service\/table\/asset\/id\/652\/service\/app_energiestadt_action_base_service_protectedfilesystemproxy\/inputtype\/file\/lang\/de\/derivative\/original\/lm\/1726737537\/\" target=\"_blank\" rel=\"noopener\">communiqu&eacute;<\/a> correspondant. Afin de continuer &agrave; agir en tant que pr&eacute;curseur, la certification et le soutien des membres doivent &ecirc;tre orient&eacute;s de mani&egrave;re cons&eacute;quente vers l&rsquo;objectif z&eacute;ro net.<\/p>\n<p class=\"bodytext\">Le label Cit&eacute; de l&rsquo;&eacute;nergie distingue les villes et les communes qui m&egrave;nent une politique &eacute;nerg&eacute;tique et climatique durable. A l&rsquo;avenir, le processus de certification accordera une importance particuli&egrave;re aux strat&eacute;gies et aux mesures visant le z&eacute;ro net. Le communiqu&eacute; cite comme exemples l&rsquo;abandon du gaz naturel pour le chauffage et la promotion de la mobilit&eacute; &eacute;lectrique. Pour obtenir la plus haute distinction en tant que Cit&eacute; d&rsquo;or, il faudra &agrave; l&rsquo;avenir prouver que les strat&eacute;gies et les mesures sont poursuivies de mani&egrave;re cons&eacute;quente et qu&rsquo;elles sont compatibles avec l&rsquo;objectif z&eacute;ro net. Parall&egrave;lement, Cit&eacute; de l&rsquo;&eacute;nergie veut simplifier le processus de certification pour les petites communes.<\/p>\n<p class=\"bodytext\">&laquo;&nbsp;Avec ces nouveaux instruments, Cit&eacute; de l&rsquo;&eacute;nergie renforce son r&ocirc;le de centre de comp&eacute;tences leader en mati&egrave;re de politique &eacute;nerg&eacute;tique et climatique locale en Suisse&nbsp;&raquo;, d&eacute;clare Maren Kornmann, co-directrice de Cit&eacute; de l&rsquo;&eacute;nergie, cit&eacute;e dans le communiqu&eacute;. &laquo;&nbsp;Ainsi, Cit&eacute; de l&rsquo;&eacute;nergie est la seule organisation &agrave; proposer un ensemble complet pour la planification, la mise en &oelig;uvre et le suivi de mesures nettes z&eacute;ro au niveau local&nbsp;&raquo;<\/p>\n","protected":false},"excerpt":{"rendered":"<p>A l&rsquo;avenir, l&rsquo;association Cit\u00e9 de l&rsquo;\u00e9nergie veut surtout aider ses 644 communes membres \u00e0 atteindre le z\u00e9ro net. La certification sera modifi\u00e9e en cons\u00e9quence. Les villes Gold devront d\u00e9sormais d\u00e9montrer la compatibilit\u00e9 de leurs strat\u00e9gies et mesures avec la r\u00e9alisation des objectifs.<\/p>\n","protected":false},"author":2,"featured_media":6729,"comment_status":"open","ping_status":"open","sticky":false,"template":"","format":"standard","meta":{"pmpro_default_level":"","inline_featured_image":false,"_monsterinsights_skip_tracking":false,"footnotes":""},"categories":[8747,743,22303,22438],"tags":[4455,3275,10218,9393,44704,3277,1822,29002,2056,30425,37492,24352],"class_list":["post-114455","post","type-post","status-publish","format-standard","has-post-thumbnail","hentry","category-energie","category-immonews-fr","category-suisse","category-trends-fr","tag-elektromobilitaet-fr","tag-energiepolitik-fr","tag-erdgas-fr","tag-gemeinden-fr","tag-klimaneutralitaet-fr","tag-klimapolitik-fr","tag-klimaschutz-fr","tag-massnahmen-fr","tag-nachhaltigkeit-fr","tag-netto-null-fr","tag-strategien-fr","tag-zertifizierung-fr","pmpro-has-access"],"acf":{"bild_mit_ki_erstellt_worden":[],"lead":"A l'avenir, l'association Cit\u00e9 de l'\u00e9nergie veut surtout aider ses 644 communes membres \u00e0 atteindre le z\u00e9ro net. La certification sera modifi\u00e9e en cons\u00e9quence. Les villes Gold devront d\u00e9sormais d\u00e9montrer la compatibilit\u00e9 de leurs strat\u00e9gies et mesures avec la r\u00e9alisation des objectifs.","autor":"ce\/hs","ort":"Liestal","bildunterschrift":"","bild_im_grid":false,"gallerie":"","newsim":""},"aioseo_notices":[],"aioseo_head":"\n\t\t<!-- All in One SEO 5.0.1.1 - aioseo.com -->\n\t<meta name=\"description\" content=\"A l&#039;avenir, l&#039;association Cit\u00e9 de l&#039;\u00e9nergie veut surtout aider ses 644 communes membres \u00e0 atteindre le z\u00e9ro net. La certification sera modifi\u00e9e en cons\u00e9quence. Les villes Gold devront d\u00e9sormais d\u00e9montrer la compatibilit\u00e9 de leurs strat\u00e9gies et mesures avec la r\u00e9alisation des objectifs.\" \/>\n\t<meta name=\"robots\" content=\"max-image-preview:large\" \/>\n\t<meta name=\"author\" content=\"immovestuser\"\/>\n\t<meta name=\"google-site-verification\" content=\"fHJKvgWpZCR2zVBHWfkQeFXC11qieUSff0HGNYfuyLA\" \/>\n\t<link rel=\"canonical\" href=\"https:\/\/www.immo-invest.ch\/fr\/energiestadt-staerkt-klimapolitik-mit-neuen-zertifizierungsstandards\/\" \/>\n\t<meta name=\"generator\" content=\"All in One SEO (AIOSEO) 5.0.1.1\" \/>\n\t\t<meta property=\"og:locale\" content=\"fr_FR\" \/>\n\t\t<meta property=\"og:site_name\" content=\"immo!nvest - Die Plattform f\u00fcr Standorte und Immobilien - Die\u00a0Plattform f\u00fcr Standorte und Immobilien\" \/>\n\t\t<meta property=\"og:type\" content=\"article\" \/>\n\t\t<meta property=\"og:title\" content=\"Les Cit\u00e9s de l\u2019\u00e9nergie renforcent la politique climatique avec de nouvelles normes de certification - immo!nvest - Die Plattform f\u00fcr Standorte und Immobilien\" \/>\n\t\t<meta property=\"og:description\" content=\"A l&#039;avenir, l&#039;association Cit\u00e9 de l&#039;\u00e9nergie veut surtout aider ses 644 communes membres \u00e0 atteindre le z\u00e9ro net. La certification sera modifi\u00e9e en cons\u00e9quence. Les villes Gold devront d\u00e9sormais d\u00e9montrer la compatibilit\u00e9 de leurs strat\u00e9gies et mesures avec la r\u00e9alisation des objectifs.\" \/>\n\t\t<meta property=\"og:url\" content=\"https:\/\/www.immo-invest.ch\/fr\/energiestadt-staerkt-klimapolitik-mit-neuen-zertifizierungsstandards\/\" \/>\n\t\t<meta property=\"og:image\" content=\"https:\/\/www.immo-invest.ch\/wp-content\/uploads\/2020\/03\/business_1-1.png\" \/>\n\t\t<meta property=\"og:image:secure_url\" content=\"https:\/\/www.immo-invest.ch\/wp-content\/uploads\/2020\/03\/business_1-1.png\" \/>\n\t\t<meta property=\"og:image:width\" content=\"1200\" \/>\n\t\t<meta property=\"og:image:height\" content=\"628\" \/>\n\t\t<meta property=\"article:published_time\" content=\"2024-10-11T07:18:32+00:00\" \/>\n\t\t<meta property=\"article:modified_time\" content=\"2024-09-23T11:17:05+00:00\" \/>\n\t\t<meta property=\"article:publisher\" content=\"https:\/\/www.facebook.com\/people\/Immoinvest\/100077962920504\/\" \/>\n\t\t<meta name=\"twitter:card\" content=\"summary_large_image\" \/>\n\t\t<meta name=\"twitter:site\" content=\"@i\" \/>\n\t\t<meta name=\"twitter:title\" content=\"Les Cit\u00e9s de l\u2019\u00e9nergie renforcent la politique climatique avec de nouvelles normes de certification - immo!nvest - Die Plattform f\u00fcr Standorte und Immobilien\" \/>\n\t\t<meta name=\"twitter:description\" content=\"A l&#039;avenir, l&#039;association Cit\u00e9 de l&#039;\u00e9nergie veut surtout aider ses 644 communes membres \u00e0 atteindre le z\u00e9ro net. La certification sera modifi\u00e9e en cons\u00e9quence. Les villes Gold devront d\u00e9sormais d\u00e9montrer la compatibilit\u00e9 de leurs strat\u00e9gies et mesures avec la r\u00e9alisation des objectifs.\" \/>\n\t\t<meta name=\"twitter:creator\" content=\"@i\" \/>\n\t\t<meta name=\"twitter:image\" content=\"https:\/\/www.immo-invest.ch\/wp-content\/uploads\/2020\/03\/business_1-1.png\" \/>\n\t\t<script type=\"application\/ld+json\" class=\"aioseo-schema\">\n\t\t\t{\"@context\":\"https:\\\/\\\/schema.org\",\"@graph\":[{\"@type\":\"BlogPosting\",\"@id\":\"https:\\\/\\\/www.immo-invest.ch\\\/fr\\\/energiestadt-staerkt-klimapolitik-mit-neuen-zertifizierungsstandards\\\/#blogposting\",\"name\":\"Les Cit\\u00e9s de l\\u2019\\u00e9nergie renforcent la politique climatique avec de nouvelles normes de certification - immo!nvest - Die Plattform f\\u00fcr Standorte und Immobilien\",\"headline\":\"Les Cit\\u00e9s de l&rsquo;\\u00e9nergie renforcent la politique climatique avec de nouvelles normes de certification\",\"author\":{\"@id\":\"https:\\\/\\\/www.immo-invest.ch\\\/fr\\\/author\\\/immovestuser\\\/#author\"},\"publisher\":{\"@id\":\"https:\\\/\\\/www.immo-invest.ch\\\/fr\\\/#organization\"},\"image\":{\"@type\":\"ImageObject\",\"url\":\"https:\\\/\\\/www.immo-invest.ch\\\/wp-content\\\/uploads\\\/2020\\\/03\\\/business_1-1.png\",\"width\":1200,\"height\":628},\"datePublished\":\"2024-10-11T09:18:32+02:00\",\"dateModified\":\"2024-09-23T13:17:05+02:00\",\"inLanguage\":\"fr-FR\",\"mainEntityOfPage\":{\"@id\":\"https:\\\/\\\/www.immo-invest.ch\\\/fr\\\/energiestadt-staerkt-klimapolitik-mit-neuen-zertifizierungsstandards\\\/#webpage\"},\"isPartOf\":{\"@id\":\"https:\\\/\\\/www.immo-invest.ch\\\/fr\\\/energiestadt-staerkt-klimapolitik-mit-neuen-zertifizierungsstandards\\\/#webpage\"},\"articleSection\":\"\\u00c9nergie, immoNews, Suisse, Trends, Elektromobilit\\u00e4t, Energiepolitik, Erdgas, Gemeinden, Klimaneutralit\\u00e4t, klimapolitik, klimaschutz, Massnahmen, Nachhaltigkeit, Netto-Null, Strategien, Zertifizierung, Facultatif\"},{\"@type\":\"BreadcrumbList\",\"@id\":\"https:\\\/\\\/www.immo-invest.ch\\\/fr\\\/energiestadt-staerkt-klimapolitik-mit-neuen-zertifizierungsstandards\\\/#breadcrumblist\",\"itemListElement\":[{\"@type\":\"ListItem\",\"@id\":\"https:\\\/\\\/www.immo-invest.ch\\\/fr\\\/#listItem\",\"position\":1,\"name\":\"Home\",\"item\":\"https:\\\/\\\/www.immo-invest.ch\\\/fr\\\/\",\"nextItem\":{\"@type\":\"ListItem\",\"@id\":\"https:\\\/\\\/www.immo-invest.ch\\\/fr\\\/categories\\\/regions\\\/#listItem\",\"name\":\"R\\u00e9gions\"}},{\"@type\":\"ListItem\",\"@id\":\"https:\\\/\\\/www.immo-invest.ch\\\/fr\\\/categories\\\/regions\\\/#listItem\",\"position\":2,\"name\":\"R\\u00e9gions\",\"item\":\"https:\\\/\\\/www.immo-invest.ch\\\/fr\\\/categories\\\/regions\\\/\",\"nextItem\":{\"@type\":\"ListItem\",\"@id\":\"https:\\\/\\\/www.immo-invest.ch\\\/fr\\\/categories\\\/regions\\\/suisse\\\/#listItem\",\"name\":\"Suisse\"},\"previousItem\":{\"@type\":\"ListItem\",\"@id\":\"https:\\\/\\\/www.immo-invest.ch\\\/fr\\\/#listItem\",\"name\":\"Home\"}},{\"@type\":\"ListItem\",\"@id\":\"https:\\\/\\\/www.immo-invest.ch\\\/fr\\\/categories\\\/regions\\\/suisse\\\/#listItem\",\"position\":3,\"name\":\"Suisse\",\"item\":\"https:\\\/\\\/www.immo-invest.ch\\\/fr\\\/categories\\\/regions\\\/suisse\\\/\",\"nextItem\":{\"@type\":\"ListItem\",\"@id\":\"https:\\\/\\\/www.immo-invest.ch\\\/fr\\\/energiestadt-staerkt-klimapolitik-mit-neuen-zertifizierungsstandards\\\/#listItem\",\"name\":\"Les Cit\\u00e9s de l&rsquo;\\u00e9nergie renforcent la politique climatique avec de nouvelles normes de certification\"},\"previousItem\":{\"@type\":\"ListItem\",\"@id\":\"https:\\\/\\\/www.immo-invest.ch\\\/fr\\\/categories\\\/regions\\\/#listItem\",\"name\":\"R\\u00e9gions\"}},{\"@type\":\"ListItem\",\"@id\":\"https:\\\/\\\/www.immo-invest.ch\\\/fr\\\/energiestadt-staerkt-klimapolitik-mit-neuen-zertifizierungsstandards\\\/#listItem\",\"position\":4,\"name\":\"Les Cit\\u00e9s de l&rsquo;\\u00e9nergie renforcent la politique climatique avec de nouvelles normes de certification\",\"previousItem\":{\"@type\":\"ListItem\",\"@id\":\"https:\\\/\\\/www.immo-invest.ch\\\/fr\\\/categories\\\/regions\\\/suisse\\\/#listItem\",\"name\":\"Suisse\"}}]},{\"@type\":\"Organization\",\"@id\":\"https:\\\/\\\/www.immo-invest.ch\\\/fr\\\/#organization\",\"name\":\"immo!nvest - Die Plattform f\\u00fcr Standorte und Immobilien\",\"description\":\"Die\\u00a0Plattform f\\u00fcr Standorte und Immobilien\",\"url\":\"https:\\\/\\\/www.immo-invest.ch\\\/fr\\\/\",\"email\":\"admin@immomedia.ag\",\"telephone\":\"+41444420002\",\"logo\":{\"@type\":\"ImageObject\",\"url\":\"https:\\\/\\\/www.immo-invest.ch\\\/wp-content\\\/uploads\\\/2024\\\/09\\\/immoinvest_sm-scaled.jpg\",\"@id\":\"https:\\\/\\\/www.immo-invest.ch\\\/fr\\\/energiestadt-staerkt-klimapolitik-mit-neuen-zertifizierungsstandards\\\/#organizationLogo\",\"width\":2560,\"height\":1340},\"image\":{\"@id\":\"https:\\\/\\\/www.immo-invest.ch\\\/fr\\\/energiestadt-staerkt-klimapolitik-mit-neuen-zertifizierungsstandards\\\/#organizationLogo\"},\"sameAs\":[\"https:\\\/\\\/www.facebook.com\\\/people\\\/Immoinvest\\\/100077962920504\\\/\",\"https:\\\/\\\/x.com\\\/i\\\/flow\\\/login?redirect_after_login=immoinvest_ch\",\"https:\\\/\\\/www.instagram.com\\\/immoinvest_ch\\\/\",\"https:\\\/\\\/www.linkedin.com\\\/company\\\/immoinvest-swiss\"]},{\"@type\":\"Person\",\"@id\":\"https:\\\/\\\/www.immo-invest.ch\\\/fr\\\/author\\\/immovestuser\\\/#author\",\"url\":\"https:\\\/\\\/www.immo-invest.ch\\\/fr\\\/author\\\/immovestuser\\\/\",\"name\":\"immovestuser\",\"image\":{\"@type\":\"ImageObject\",\"@id\":\"https:\\\/\\\/www.immo-invest.ch\\\/fr\\\/energiestadt-staerkt-klimapolitik-mit-neuen-zertifizierungsstandards\\\/#authorImage\",\"url\":\"https:\\\/\\\/secure.gravatar.com\\\/avatar\\\/8e01f4d99f2eeea7a362ebb93305e1172a70e9293ba250f897a65c39f54cdd1e?s=96&d=mm&r=g\",\"width\":96,\"height\":96,\"caption\":\"immovestuser\"}},{\"@type\":\"WebPage\",\"@id\":\"https:\\\/\\\/www.immo-invest.ch\\\/fr\\\/energiestadt-staerkt-klimapolitik-mit-neuen-zertifizierungsstandards\\\/#webpage\",\"url\":\"https:\\\/\\\/www.immo-invest.ch\\\/fr\\\/energiestadt-staerkt-klimapolitik-mit-neuen-zertifizierungsstandards\\\/\",\"name\":\"Les Cit\\u00e9s de l\\u2019\\u00e9nergie renforcent la politique climatique avec de nouvelles normes de certification - immo!nvest - Die Plattform f\\u00fcr Standorte und Immobilien\",\"description\":\"A l'avenir, l'association Cit\\u00e9 de l'\\u00e9nergie veut surtout aider ses 644 communes membres \\u00e0 atteindre le z\\u00e9ro net. La certification sera modifi\\u00e9e en cons\\u00e9quence. Les villes Gold devront d\\u00e9sormais d\\u00e9montrer la compatibilit\\u00e9 de leurs strat\\u00e9gies et mesures avec la r\\u00e9alisation des objectifs.\",\"inLanguage\":\"fr-FR\",\"isPartOf\":{\"@id\":\"https:\\\/\\\/www.immo-invest.ch\\\/fr\\\/#website\"},\"breadcrumb\":{\"@id\":\"https:\\\/\\\/www.immo-invest.ch\\\/fr\\\/energiestadt-staerkt-klimapolitik-mit-neuen-zertifizierungsstandards\\\/#breadcrumblist\"},\"author\":{\"@id\":\"https:\\\/\\\/www.immo-invest.ch\\\/fr\\\/author\\\/immovestuser\\\/#author\"},\"creator\":{\"@id\":\"https:\\\/\\\/www.immo-invest.ch\\\/fr\\\/author\\\/immovestuser\\\/#author\"},\"image\":{\"@type\":\"ImageObject\",\"url\":\"https:\\\/\\\/www.immo-invest.ch\\\/wp-content\\\/uploads\\\/2020\\\/03\\\/business_1-1.png\",\"@id\":\"https:\\\/\\\/www.immo-invest.ch\\\/fr\\\/energiestadt-staerkt-klimapolitik-mit-neuen-zertifizierungsstandards\\\/#mainImage\",\"width\":1200,\"height\":628},\"primaryImageOfPage\":{\"@id\":\"https:\\\/\\\/www.immo-invest.ch\\\/fr\\\/energiestadt-staerkt-klimapolitik-mit-neuen-zertifizierungsstandards\\\/#mainImage\"},\"datePublished\":\"2024-10-11T09:18:32+02:00\",\"dateModified\":\"2024-09-23T13:17:05+02:00\"},{\"@type\":\"WebSite\",\"@id\":\"https:\\\/\\\/www.immo-invest.ch\\\/fr\\\/#website\",\"url\":\"https:\\\/\\\/www.immo-invest.ch\\\/fr\\\/\",\"name\":\"immo!nvest - Die Plattform f\\u00fcr Standorte und Immobilien\",\"description\":\"Die\\u00a0Plattform f\\u00fcr Standorte und Immobilien\",\"inLanguage\":\"fr-FR\",\"publisher\":{\"@id\":\"https:\\\/\\\/www.immo-invest.ch\\\/fr\\\/#organization\"}}]}\n\t\t<\/script>\n\t\t<!-- All in One SEO -->\n\n","aioseo_head_json":{"title":"Les Cit\u00e9s de l\u2019\u00e9nergie renforcent la politique climatique avec de nouvelles normes de certification - immo!nvest - Die Plattform f\u00fcr Standorte und Immobilien","description":"A l'avenir, l'association Cit\u00e9 de l'\u00e9nergie veut surtout aider ses 644 communes membres \u00e0 atteindre le z\u00e9ro net. La certification sera modifi\u00e9e en cons\u00e9quence. Les villes Gold devront d\u00e9sormais d\u00e9montrer la compatibilit\u00e9 de leurs strat\u00e9gies et mesures avec la r\u00e9alisation des objectifs.","canonical_url":"https:\/\/www.immo-invest.ch\/fr\/energiestadt-staerkt-klimapolitik-mit-neuen-zertifizierungsstandards\/","robots":"max-image-preview:large","keywords":"","webmasterTools":{"google-site-verification":"fHJKvgWpZCR2zVBHWfkQeFXC11qieUSff0HGNYfuyLA","miscellaneous":""},"schema":{"@context":"https:\/\/schema.org","@graph":[{"@type":"BlogPosting","@id":"https:\/\/www.immo-invest.ch\/fr\/energiestadt-staerkt-klimapolitik-mit-neuen-zertifizierungsstandards\/#blogposting","name":"Les Cit\u00e9s de l\u2019\u00e9nergie renforcent la politique climatique avec de nouvelles normes de certification - immo!nvest - Die Plattform f\u00fcr Standorte und Immobilien","headline":"Les Cit\u00e9s de l&rsquo;\u00e9nergie renforcent la politique climatique avec de nouvelles normes de certification","author":{"@id":"https:\/\/www.immo-invest.ch\/fr\/author\/immovestuser\/#author"},"publisher":{"@id":"https:\/\/www.immo-invest.ch\/fr\/#organization"},"image":{"@type":"ImageObject","url":"https:\/\/www.immo-invest.ch\/wp-content\/uploads\/2020\/03\/business_1-1.png","width":1200,"height":628},"datePublished":"2024-10-11T09:18:32+02:00","dateModified":"2024-09-23T13:17:05+02:00","inLanguage":"fr-FR","mainEntityOfPage":{"@id":"https:\/\/www.immo-invest.ch\/fr\/energiestadt-staerkt-klimapolitik-mit-neuen-zertifizierungsstandards\/#webpage"},"isPartOf":{"@id":"https:\/\/www.immo-invest.ch\/fr\/energiestadt-staerkt-klimapolitik-mit-neuen-zertifizierungsstandards\/#webpage"},"articleSection":"\u00c9nergie, immoNews, Suisse, Trends, Elektromobilit\u00e4t, Energiepolitik, Erdgas, Gemeinden, Klimaneutralit\u00e4t, klimapolitik, klimaschutz, Massnahmen, Nachhaltigkeit, Netto-Null, Strategien, Zertifizierung, Facultatif"},{"@type":"BreadcrumbList","@id":"https:\/\/www.immo-invest.ch\/fr\/energiestadt-staerkt-klimapolitik-mit-neuen-zertifizierungsstandards\/#breadcrumblist","itemListElement":[{"@type":"ListItem","@id":"https:\/\/www.immo-invest.ch\/fr\/#listItem","position":1,"name":"Home","item":"https:\/\/www.immo-invest.ch\/fr\/","nextItem":{"@type":"ListItem","@id":"https:\/\/www.immo-invest.ch\/fr\/categories\/regions\/#listItem","name":"R\u00e9gions"}},{"@type":"ListItem","@id":"https:\/\/www.immo-invest.ch\/fr\/categories\/regions\/#listItem","position":2,"name":"R\u00e9gions","item":"https:\/\/www.immo-invest.ch\/fr\/categories\/regions\/","nextItem":{"@type":"ListItem","@id":"https:\/\/www.immo-invest.ch\/fr\/categories\/regions\/suisse\/#listItem","name":"Suisse"},"previousItem":{"@type":"ListItem","@id":"https:\/\/www.immo-invest.ch\/fr\/#listItem","name":"Home"}},{"@type":"ListItem","@id":"https:\/\/www.immo-invest.ch\/fr\/categories\/regions\/suisse\/#listItem","position":3,"name":"Suisse","item":"https:\/\/www.immo-invest.ch\/fr\/categories\/regions\/suisse\/","nextItem":{"@type":"ListItem","@id":"https:\/\/www.immo-invest.ch\/fr\/energiestadt-staerkt-klimapolitik-mit-neuen-zertifizierungsstandards\/#listItem","name":"Les Cit\u00e9s de l&rsquo;\u00e9nergie renforcent la politique climatique avec de nouvelles normes de certification"},"previousItem":{"@type":"ListItem","@id":"https:\/\/www.immo-invest.ch\/fr\/categories\/regions\/#listItem","name":"R\u00e9gions"}},{"@type":"ListItem","@id":"https:\/\/www.immo-invest.ch\/fr\/energiestadt-staerkt-klimapolitik-mit-neuen-zertifizierungsstandards\/#listItem","position":4,"name":"Les Cit\u00e9s de l&rsquo;\u00e9nergie renforcent la politique climatique avec de nouvelles normes de certification","previousItem":{"@type":"ListItem","@id":"https:\/\/www.immo-invest.ch\/fr\/categories\/regions\/suisse\/#listItem","name":"Suisse"}}]},{"@type":"Organization","@id":"https:\/\/www.immo-invest.ch\/fr\/#organization","name":"immo!nvest - Die Plattform f\u00fcr Standorte und Immobilien","description":"Die\u00a0Plattform f\u00fcr Standorte und Immobilien","url":"https:\/\/www.immo-invest.ch\/fr\/","email":"admin@immomedia.ag","telephone":"+41444420002","logo":{"@type":"ImageObject","url":"https:\/\/www.immo-invest.ch\/wp-content\/uploads\/2024\/09\/immoinvest_sm-scaled.jpg","@id":"https:\/\/www.immo-invest.ch\/fr\/energiestadt-staerkt-klimapolitik-mit-neuen-zertifizierungsstandards\/#organizationLogo","width":2560,"height":1340},"image":{"@id":"https:\/\/www.immo-invest.ch\/fr\/energiestadt-staerkt-klimapolitik-mit-neuen-zertifizierungsstandards\/#organizationLogo"},"sameAs":["https:\/\/www.facebook.com\/people\/Immoinvest\/100077962920504\/","https:\/\/x.com\/i\/flow\/login?redirect_after_login=immoinvest_ch","https:\/\/www.instagram.com\/immoinvest_ch\/","https:\/\/www.linkedin.com\/company\/immoinvest-swiss"]},{"@type":"Person","@id":"https:\/\/www.immo-invest.ch\/fr\/author\/immovestuser\/#author","url":"https:\/\/www.immo-invest.ch\/fr\/author\/immovestuser\/","name":"immovestuser","image":{"@type":"ImageObject","@id":"https:\/\/www.immo-invest.ch\/fr\/energiestadt-staerkt-klimapolitik-mit-neuen-zertifizierungsstandards\/#authorImage","url":"https:\/\/secure.gravatar.com\/avatar\/8e01f4d99f2eeea7a362ebb93305e1172a70e9293ba250f897a65c39f54cdd1e?s=96&d=mm&r=g","width":96,"height":96,"caption":"immovestuser"}},{"@type":"WebPage","@id":"https:\/\/www.immo-invest.ch\/fr\/energiestadt-staerkt-klimapolitik-mit-neuen-zertifizierungsstandards\/#webpage","url":"https:\/\/www.immo-invest.ch\/fr\/energiestadt-staerkt-klimapolitik-mit-neuen-zertifizierungsstandards\/","name":"Les Cit\u00e9s de l\u2019\u00e9nergie renforcent la politique climatique avec de nouvelles normes de certification - immo!nvest - Die Plattform f\u00fcr Standorte und Immobilien","description":"A l'avenir, l'association Cit\u00e9 de l'\u00e9nergie veut surtout aider ses 644 communes membres \u00e0 atteindre le z\u00e9ro net. La certification sera modifi\u00e9e en cons\u00e9quence. Les villes Gold devront d\u00e9sormais d\u00e9montrer la compatibilit\u00e9 de leurs strat\u00e9gies et mesures avec la r\u00e9alisation des objectifs.","inLanguage":"fr-FR","isPartOf":{"@id":"https:\/\/www.immo-invest.ch\/fr\/#website"},"breadcrumb":{"@id":"https:\/\/www.immo-invest.ch\/fr\/energiestadt-staerkt-klimapolitik-mit-neuen-zertifizierungsstandards\/#breadcrumblist"},"author":{"@id":"https:\/\/www.immo-invest.ch\/fr\/author\/immovestuser\/#author"},"creator":{"@id":"https:\/\/www.immo-invest.ch\/fr\/author\/immovestuser\/#author"},"image":{"@type":"ImageObject","url":"https:\/\/www.immo-invest.ch\/wp-content\/uploads\/2020\/03\/business_1-1.png","@id":"https:\/\/www.immo-invest.ch\/fr\/energiestadt-staerkt-klimapolitik-mit-neuen-zertifizierungsstandards\/#mainImage","width":1200,"height":628},"primaryImageOfPage":{"@id":"https:\/\/www.immo-invest.ch\/fr\/energiestadt-staerkt-klimapolitik-mit-neuen-zertifizierungsstandards\/#mainImage"},"datePublished":"2024-10-11T09:18:32+02:00","dateModified":"2024-09-23T13:17:05+02:00"},{"@type":"WebSite","@id":"https:\/\/www.immo-invest.ch\/fr\/#website","url":"https:\/\/www.immo-invest.ch\/fr\/","name":"immo!nvest - Die Plattform f\u00fcr Standorte und Immobilien","description":"Die\u00a0Plattform f\u00fcr Standorte und Immobilien","inLanguage":"fr-FR","publisher":{"@id":"https:\/\/www.immo-invest.ch\/fr\/#organization"}}]},"og:locale":"fr_FR","og:site_name":"immo!nvest - Die Plattform f\u00fcr Standorte und Immobilien - Die\u00a0Plattform f\u00fcr Standorte und Immobilien","og:type":"article","og:title":"Les Cit\u00e9s de l\u2019\u00e9nergie renforcent la politique climatique avec de nouvelles normes de certification - immo!nvest - Die Plattform f\u00fcr Standorte und Immobilien","og:description":"A l'avenir, l'association Cit\u00e9 de l'\u00e9nergie veut surtout aider ses 644 communes membres \u00e0 atteindre le z\u00e9ro net. La certification sera modifi\u00e9e en cons\u00e9quence. Les villes Gold devront d\u00e9sormais d\u00e9montrer la compatibilit\u00e9 de leurs strat\u00e9gies et mesures avec la r\u00e9alisation des objectifs.","og:url":"https:\/\/www.immo-invest.ch\/fr\/energiestadt-staerkt-klimapolitik-mit-neuen-zertifizierungsstandards\/","og:image":"https:\/\/www.immo-invest.ch\/wp-content\/uploads\/2020\/03\/business_1-1.png","og:image:secure_url":"https:\/\/www.immo-invest.ch\/wp-content\/uploads\/2020\/03\/business_1-1.png","og:image:width":1200,"og:image:height":628,"article:published_time":"2024-10-11T07:18:32+00:00","article:modified_time":"2024-09-23T11:17:05+00:00","article:publisher":"https:\/\/www.facebook.com\/people\/Immoinvest\/100077962920504\/","twitter:card":"summary_large_image","twitter:site":"@i","twitter:title":"Les Cit\u00e9s de l\u2019\u00e9nergie renforcent la politique climatique avec de nouvelles normes de certification - immo!nvest - Die Plattform f\u00fcr Standorte und Immobilien","twitter:description":"A l'avenir, l'association Cit\u00e9 de l'\u00e9nergie veut surtout aider ses 644 communes membres \u00e0 atteindre le z\u00e9ro net. La certification sera modifi\u00e9e en cons\u00e9quence. Les villes Gold devront d\u00e9sormais d\u00e9montrer la compatibilit\u00e9 de leurs strat\u00e9gies et mesures avec la r\u00e9alisation des objectifs.","twitter:creator":"@i","twitter:image":"https:\/\/www.immo-invest.ch\/wp-content\/uploads\/2020\/03\/business_1-1.png"},"aioseo_meta_data":{"post_id":"114455","title":null,"description":null,"keywords":null,"keyphrases":{"focus":{"keyphrase":"","score":0,"analysis":{"keyphraseInTitle":{"score":0,"maxScore":9,"error":1}}},"additional":[]},"primary_term":null,"canonical_url":null,"og_title":null,"og_description":null,"og_object_type":"default","og_image_type":"default","og_image_url":null,"og_image_width":null,"og_image_height":null,"og_image_custom_url":null,"og_image_custom_fields":null,"og_video":"","og_custom_url":null,"og_article_section":null,"og_article_tags":null,"twitter_use_og":false,"twitter_card":"default","twitter_image_type":"default","twitter_image_url":null,"twitter_image_custom_url":null,"twitter_image_custom_fields":null,"twitter_title":null,"twitter_description":null,"schema":{"blockGraphs":[],"customGraphs":[],"default":{"data":{"Article":[],"Course":[],"Dataset":[],"FAQPage":[],"Movie":[],"Person":[],"Product":[],"ProductReview":[],"Car":[],"Recipe":[],"Service":[],"SoftwareApplication":[],"WebPage":[]},"graphName":"BlogPosting","isEnabled":true},"graphs":[]},"schema_type":"default","schema_type_options":null,"pillar_content":false,"robots_default":true,"robots_noindex":false,"robots_noarchive":false,"robots_nosnippet":false,"robots_nofollow":false,"robots_noimageindex":false,"robots_noodp":false,"robots_notranslate":false,"robots_max_snippet":"-1","robots_max_videopreview":"-1","robots_max_imagepreview":"large","priority":null,"frequency":"default","local_seo":null,"breadcrumb_settings":null,"limit_modified_date":false,"ai":null,"created":"2024-09-23 11:17:06","updated":"2025-10-24 09:49:13","seo_analyzer_scan_date":null,"focus_keyword":null,"additional_keywords":null,"truseo_locale":null},"aioseo_breadcrumb":"<div class=\"aioseo-breadcrumbs\"><span class=\"aioseo-breadcrumb\">\n\t\t\t<a href=\"https:\/\/www.immo-invest.ch\/fr\/\" title=\"Home\">Home<\/a>\n\t\t<\/span><span class=\"aioseo-breadcrumb-separator\">&raquo;<\/span><span class=\"aioseo-breadcrumb\">\n\t\t\t<a href=\"https:\/\/www.immo-invest.ch\/fr\/categories\/regions\/\" title=\"R\u00e9gions\">R\u00e9gions<\/a>\n\t\t<\/span><span class=\"aioseo-breadcrumb-separator\">&raquo;<\/span><span class=\"aioseo-breadcrumb\">\n\t\t\t<a href=\"https:\/\/www.immo-invest.ch\/fr\/categories\/regions\/suisse\/\" title=\"Suisse\">Suisse<\/a>\n\t\t<\/span><span class=\"aioseo-breadcrumb-separator\">&raquo;<\/span><span class=\"aioseo-breadcrumb\">\n\t\t\tLes Cit\u00e9s de l\u2019\u00e9nergie renforcent la politique climatique avec de nouvelles normes de certification\n\t\t<\/span><\/div>","aioseo_breadcrumb_json":[{"label":"Home","link":"https:\/\/www.immo-invest.ch\/fr\/"},{"label":"R\u00e9gions","link":"https:\/\/www.immo-invest.ch\/fr\/categories\/regions\/"},{"label":"Suisse","link":"https:\/\/www.immo-invest.ch\/fr\/categories\/regions\/suisse\/"},{"label":"Les Cit\u00e9s de l&rsquo;\u00e9nergie renforcent la politique climatique avec de nouvelles normes de certification","link":"https:\/\/www.immo-invest.ch\/fr\/energiestadt-staerkt-klimapolitik-mit-neuen-zertifizierungsstandards\/"}],"featured_image_src":"https:\/\/www.immo-invest.ch\/wp-content\/uploads\/2020\/03\/business_1-1-150x150.png","_links":{"self":[{"href":"https:\/\/www.immo-invest.ch\/fr\/wp-json\/wp\/v2\/posts\/114455","targetHints":{"allow":["GET"]}}],"collection":[{"href":"https:\/\/www.immo-invest.ch\/fr\/wp-json\/wp\/v2\/posts"}],"about":[{"href":"https:\/\/www.immo-invest.ch\/fr\/wp-json\/wp\/v2\/types\/post"}],"author":[{"embeddable":true,"href":"https:\/\/www.immo-invest.ch\/fr\/wp-json\/wp\/v2\/users\/2"}],"replies":[{"embeddable":true,"href":"https:\/\/www.immo-invest.ch\/fr\/wp-json\/wp\/v2\/comments?post=114455"}],"version-history":[{"count":0,"href":"https:\/\/www.immo-invest.ch\/fr\/wp-json\/wp\/v2\/posts\/114455\/revisions"}],"wp:featuredmedia":[{"embeddable":true,"href":"https:\/\/www.immo-invest.ch\/fr\/wp-json\/wp\/v2\/media\/6729"}],"wp:attachment":[{"href":"https:\/\/www.immo-invest.ch\/fr\/wp-json\/wp\/v2\/media?parent=114455"}],"wp:term":[{"taxonomy":"category","embeddable":true,"href":"https:\/\/www.immo-invest.ch\/fr\/wp-json\/wp\/v2\/categories?post=114455"},{"taxonomy":"post_tag","embeddable":true,"href":"https:\/\/www.immo-invest.ch\/fr\/wp-json\/wp\/v2\/tags?post=114455"}],"curies":[{"name":"wp","href":"https:\/\/api.w.org\/{rel}","templated":true}]}}