{"id":114449,"date":"2024-10-04T09:17:22","date_gmt":"2024-10-04T07:17:22","guid":{"rendered":"https:\/\/www.immo-invest.ch\/?p=114449"},"modified":"2024-09-23T13:17:14","modified_gmt":"2024-09-23T11:17:14","slug":"erweiterung-der-grosssiedlung-webermuehle-in-neuenhof-geplant","status":"publish","type":"post","link":"https:\/\/www.immo-invest.ch\/fr\/erweiterung-der-grosssiedlung-webermuehle-in-neuenhof-geplant\/","title":{"rendered":"Extension pr\u00e9vue du grand lotissement Weberm\u00fchle \u00e0 Neuenhof"},"content":{"rendered":"<p class=\"bodytext\">Altura RE AG est propri&eacute;taire de six parcelles d&rsquo;une surface totale de 15 234 m&egrave;tres carr&eacute;s sur le site de Weberm&uuml;hle\/Damsau &agrave; Neuenhof, informe la soci&eacute;t&eacute; immobili&egrave;re de Nidwald dans un communiqu&eacute;. Pour ses parcelles et celles d&rsquo;autres propri&eacute;taires dans la zone r&eacute;sidentielle de Weberm&uuml;hle, il s&rsquo;agit d&rsquo;&eacute;laborer les conditions-cadres pour l&rsquo;extension et le d&eacute;veloppement futur du grand lotissement de Weberm&uuml;hle. Pour ce faire, Altura RE et la <a href=\"https:\/\/www.neuenhof.ch\/\" target=\"_blank\" rel=\"noopener\">commune de Neuenhof<\/a> entament une proc&eacute;dure de planification coop&eacute;rative.<\/p>\n<p class=\"bodytext\">&laquo;&nbsp;Pour ce faire, il est notamment important pour nous de pouvoir &eacute;tablir une passerelle bien pens&eacute;e vers le <span class=\"glossaryLink\" aria-describedby=\"tt\" data-cmtooltip=\"&lt;div class=glossaryItemTitle&gt;Quartier&lt;\/div&gt;&lt;div class=glossaryItemBody&gt;Amtliches, historisches, soziales oder stadtplanerisches Stadtviertel&lt;\/div&gt;\" data-mobile-support=\"0\" data-gt-translate-attributes='[{\"attribute\":\"data-cmtooltip\", \"format\":\"html\"}]' tabindex=\"0\" role=\"link\">quartier<\/span> de Klosterr&uuml;ti&nbsp;&raquo;, d&eacute;clare Rudolf Peschel, pr&eacute;sident du conseil d&rsquo;administration d&rsquo;Altura RE AG, cit&eacute; dans le communiqu&eacute;. &laquo;&nbsp;Les rapports et expertises dont nous disposons &agrave; ce jour nous montrent clairement que le site Weberm&uuml;hle-Ermitage est pr&eacute;destin&eacute; &agrave; la cr&eacute;ation de logements attrayants et modernes gr&acirc;ce &agrave; sa bonne desserte et &agrave; sa situation dans la verdure, directement au bord de la Limmat&nbsp;&raquo;<\/p>\n<p class=\"bodytext\">La proc&eacute;dure de planification coop&eacute;rative doit &ecirc;tre con&ccedil;ue et accompagn&eacute;e par le bureau d&rsquo;&eacute;tudes lucernois <a href=\"https:\/\/planteam.ch\/\" target=\"_blank\" rel=\"noopener\">plan:team<\/a> dans le cadre d&rsquo;une proc&eacute;dure d&rsquo;atelier. Elle devrait s&rsquo;achever au d&eacute;but de l&rsquo;ann&eacute;e 2026. Ensuite, le plan d&rsquo;am&eacute;nagement sera &eacute;labor&eacute;, la commune faisant alors office d&rsquo;autorit&eacute; d&rsquo;approbation.<\/p>\n<p class=\"bodytext\">La date de d&eacute;but des travaux d&eacute;pend fortement de l&rsquo;efficacit&eacute; de la planification dans les phases pr&eacute;c&eacute;dentes, explique Altura RE. &laquo;&nbsp;Nous sommes actuellement tr&egrave;s d&eacute;pendants de la collaboration avec la commune de Neuenhof et de ses capacit&eacute;s en termes de personnel&nbsp;&raquo;, d&eacute;clare Peschel.<\/p>\n","protected":false},"excerpt":{"rendered":"<p>La soci\u00e9t\u00e9 Altura RE AG souhaite s&rsquo;associer \u00e0 la commune de Neuendorf et \u00e0 d&rsquo;autres propri\u00e9taires de parcelles du site de Weberm\u00fchle pour d\u00e9velopper la zone r\u00e9sidentielle de Weberm\u00fchle. Il s&rsquo;agit d&rsquo;\u00e9tablir une passerelle vers le quartier de Klosterr\u00fcti.<\/p>\n","protected":false},"author":2,"featured_media":79869,"comment_status":"open","ping_status":"open","sticky":false,"template":"","format":"standard","meta":{"pmpro_default_level":"","inline_featured_image":false,"_monsterinsights_skip_tracking":false,"footnotes":""},"categories":[4897,743,22357,9824],"tags":[],"class_list":["post-114449","post","type-post","status-publish","format-standard","has-post-thumbnail","hentry","category-region-aarau","category-immonews-fr","category-industrie-du-batiment","category-nouvelle-construction","pmpro-has-access"],"acf":{"bild_mit_ki_erstellt_worden":[],"lead":"La soci\u00e9t\u00e9 Altura RE AG souhaite s'associer \u00e0 la commune de Neuendorf et \u00e0 d'autres propri\u00e9taires de parcelles du site de Weberm\u00fchle pour d\u00e9velopper la zone r\u00e9sidentielle de Weberm\u00fchle. Il s'agit d'\u00e9tablir une passerelle vers le quartier de Klosterr\u00fcti.","autor":"ce\/hs","ort":"Hergiswil NW\/Neuendorf AG","bildunterschrift":"","bild_im_grid":false,"gallerie":"","newsim":""},"aioseo_notices":[],"aioseo_head":"\n\t\t<!-- All in One SEO 5.0.0.1 - aioseo.com -->\n\t<meta name=\"description\" content=\"La soci\u00e9t\u00e9 Altura RE AG souhaite s&#039;associer \u00e0 la commune de Neuendorf et \u00e0 d&#039;autres propri\u00e9taires de parcelles du site de Weberm\u00fchle pour d\u00e9velopper la zone r\u00e9sidentielle de Weberm\u00fchle. Il s&#039;agit d&#039;\u00e9tablir une passerelle vers le quartier de Klosterr\u00fcti.\" \/>\n\t<meta name=\"robots\" content=\"max-image-preview:large\" \/>\n\t<meta name=\"author\" content=\"immovestuser\"\/>\n\t<meta name=\"google-site-verification\" content=\"fHJKvgWpZCR2zVBHWfkQeFXC11qieUSff0HGNYfuyLA\" \/>\n\t<link rel=\"canonical\" href=\"https:\/\/www.immo-invest.ch\/fr\/erweiterung-der-grosssiedlung-webermuehle-in-neuenhof-geplant\/\" \/>\n\t<meta name=\"generator\" content=\"All in One SEO (AIOSEO) 5.0.0.1\" \/>\n\t\t<meta property=\"og:locale\" content=\"fr_FR\" \/>\n\t\t<meta property=\"og:site_name\" content=\"immo!nvest - Die Plattform f\u00fcr Standorte und Immobilien - Die\u00a0Plattform f\u00fcr Standorte und Immobilien\" \/>\n\t\t<meta property=\"og:type\" content=\"article\" \/>\n\t\t<meta property=\"og:title\" content=\"Extension pr\u00e9vue du grand lotissement Weberm\u00fchle \u00e0 Neuenhof - immo!nvest - Die Plattform f\u00fcr Standorte und Immobilien\" \/>\n\t\t<meta property=\"og:description\" content=\"La soci\u00e9t\u00e9 Altura RE AG souhaite s&#039;associer \u00e0 la commune de Neuendorf et \u00e0 d&#039;autres propri\u00e9taires de parcelles du site de Weberm\u00fchle pour d\u00e9velopper la zone r\u00e9sidentielle de Weberm\u00fchle. Il s&#039;agit d&#039;\u00e9tablir une passerelle vers le quartier de Klosterr\u00fcti.\" \/>\n\t\t<meta property=\"og:url\" content=\"https:\/\/www.immo-invest.ch\/fr\/erweiterung-der-grosssiedlung-webermuehle-in-neuenhof-geplant\/\" \/>\n\t\t<meta property=\"og:image\" content=\"https:\/\/www.immo-invest.ch\/wp-content\/uploads\/2024\/03\/bauen_3.png\" \/>\n\t\t<meta property=\"og:image:secure_url\" content=\"https:\/\/www.immo-invest.ch\/wp-content\/uploads\/2024\/03\/bauen_3.png\" \/>\n\t\t<meta property=\"og:image:width\" content=\"1191\" \/>\n\t\t<meta property=\"og:image:height\" content=\"674\" \/>\n\t\t<meta property=\"article:published_time\" content=\"2024-10-04T07:17:22+00:00\" \/>\n\t\t<meta property=\"article:modified_time\" content=\"2024-09-23T11:17:14+00:00\" \/>\n\t\t<meta property=\"article:publisher\" content=\"https:\/\/www.facebook.com\/people\/Immoinvest\/100077962920504\/\" \/>\n\t\t<meta name=\"twitter:card\" content=\"summary_large_image\" \/>\n\t\t<meta name=\"twitter:site\" content=\"@i\" \/>\n\t\t<meta name=\"twitter:title\" content=\"Extension pr\u00e9vue du grand lotissement Weberm\u00fchle \u00e0 Neuenhof - immo!nvest - Die Plattform f\u00fcr Standorte und Immobilien\" \/>\n\t\t<meta name=\"twitter:description\" content=\"La soci\u00e9t\u00e9 Altura RE AG souhaite s&#039;associer \u00e0 la commune de Neuendorf et \u00e0 d&#039;autres propri\u00e9taires de parcelles du site de Weberm\u00fchle pour d\u00e9velopper la zone r\u00e9sidentielle de Weberm\u00fchle. Il s&#039;agit d&#039;\u00e9tablir une passerelle vers le quartier de Klosterr\u00fcti.\" \/>\n\t\t<meta name=\"twitter:creator\" content=\"@i\" \/>\n\t\t<meta name=\"twitter:image\" content=\"https:\/\/www.immo-invest.ch\/wp-content\/uploads\/2024\/03\/bauen_3.png\" \/>\n\t\t<script type=\"application\/ld+json\" class=\"aioseo-schema\">\n\t\t\t{\"@context\":\"https:\\\/\\\/schema.org\",\"@graph\":[{\"@type\":\"BlogPosting\",\"@id\":\"https:\\\/\\\/www.immo-invest.ch\\\/fr\\\/erweiterung-der-grosssiedlung-webermuehle-in-neuenhof-geplant\\\/#blogposting\",\"name\":\"Extension pr\\u00e9vue du grand lotissement Weberm\\u00fchle \\u00e0 Neuenhof - immo!nvest - Die Plattform f\\u00fcr Standorte und Immobilien\",\"headline\":\"Extension pr\\u00e9vue du grand lotissement Weberm\\u00fchle \\u00e0 Neuenhof\",\"author\":{\"@id\":\"https:\\\/\\\/www.immo-invest.ch\\\/fr\\\/author\\\/immovestuser\\\/#author\"},\"publisher\":{\"@id\":\"https:\\\/\\\/www.immo-invest.ch\\\/fr\\\/#organization\"},\"image\":{\"@type\":\"ImageObject\",\"url\":\"https:\\\/\\\/www.immo-invest.ch\\\/wp-content\\\/uploads\\\/2024\\\/03\\\/bauen_3.png\",\"width\":1191,\"height\":674},\"datePublished\":\"2024-10-04T09:17:22+02:00\",\"dateModified\":\"2024-09-23T13:17:14+02:00\",\"inLanguage\":\"fr-FR\",\"mainEntityOfPage\":{\"@id\":\"https:\\\/\\\/www.immo-invest.ch\\\/fr\\\/erweiterung-der-grosssiedlung-webermuehle-in-neuenhof-geplant\\\/#webpage\"},\"isPartOf\":{\"@id\":\"https:\\\/\\\/www.immo-invest.ch\\\/fr\\\/erweiterung-der-grosssiedlung-webermuehle-in-neuenhof-geplant\\\/#webpage\"},\"articleSection\":\"Aargau, immoNews, Industrie du b\\u00e2timent, Nouvelle construction, Facultatif\"},{\"@type\":\"BreadcrumbList\",\"@id\":\"https:\\\/\\\/www.immo-invest.ch\\\/fr\\\/erweiterung-der-grosssiedlung-webermuehle-in-neuenhof-geplant\\\/#breadcrumblist\",\"itemListElement\":[{\"@type\":\"ListItem\",\"@id\":\"https:\\\/\\\/www.immo-invest.ch\\\/fr\\\/#listItem\",\"position\":1,\"name\":\"Home\",\"item\":\"https:\\\/\\\/www.immo-invest.ch\\\/fr\\\/\",\"nextItem\":{\"@type\":\"ListItem\",\"@id\":\"https:\\\/\\\/www.immo-invest.ch\\\/fr\\\/categories\\\/regions\\\/#listItem\",\"name\":\"R\\u00e9gions\"}},{\"@type\":\"ListItem\",\"@id\":\"https:\\\/\\\/www.immo-invest.ch\\\/fr\\\/categories\\\/regions\\\/#listItem\",\"position\":2,\"name\":\"R\\u00e9gions\",\"item\":\"https:\\\/\\\/www.immo-invest.ch\\\/fr\\\/categories\\\/regions\\\/\",\"nextItem\":{\"@type\":\"ListItem\",\"@id\":\"https:\\\/\\\/www.immo-invest.ch\\\/fr\\\/categories\\\/regions\\\/suisse\\\/#listItem\",\"name\":\"Suisse\"},\"previousItem\":{\"@type\":\"ListItem\",\"@id\":\"https:\\\/\\\/www.immo-invest.ch\\\/fr\\\/#listItem\",\"name\":\"Home\"}},{\"@type\":\"ListItem\",\"@id\":\"https:\\\/\\\/www.immo-invest.ch\\\/fr\\\/categories\\\/regions\\\/suisse\\\/#listItem\",\"position\":3,\"name\":\"Suisse\",\"item\":\"https:\\\/\\\/www.immo-invest.ch\\\/fr\\\/categories\\\/regions\\\/suisse\\\/\",\"nextItem\":{\"@type\":\"ListItem\",\"@id\":\"https:\\\/\\\/www.immo-invest.ch\\\/fr\\\/categories\\\/regions\\\/suisse\\\/suisse-du-nord-ouest\\\/#listItem\",\"name\":\"Suisse du Nord-Ouest\"},\"previousItem\":{\"@type\":\"ListItem\",\"@id\":\"https:\\\/\\\/www.immo-invest.ch\\\/fr\\\/categories\\\/regions\\\/#listItem\",\"name\":\"R\\u00e9gions\"}},{\"@type\":\"ListItem\",\"@id\":\"https:\\\/\\\/www.immo-invest.ch\\\/fr\\\/categories\\\/regions\\\/suisse\\\/suisse-du-nord-ouest\\\/#listItem\",\"position\":4,\"name\":\"Suisse du Nord-Ouest\",\"item\":\"https:\\\/\\\/www.immo-invest.ch\\\/fr\\\/categories\\\/regions\\\/suisse\\\/suisse-du-nord-ouest\\\/\",\"nextItem\":{\"@type\":\"ListItem\",\"@id\":\"https:\\\/\\\/www.immo-invest.ch\\\/fr\\\/categories\\\/regions\\\/suisse\\\/suisse-du-nord-ouest\\\/region-aarau\\\/#listItem\",\"name\":\"Aargau\"},\"previousItem\":{\"@type\":\"ListItem\",\"@id\":\"https:\\\/\\\/www.immo-invest.ch\\\/fr\\\/categories\\\/regions\\\/suisse\\\/#listItem\",\"name\":\"Suisse\"}},{\"@type\":\"ListItem\",\"@id\":\"https:\\\/\\\/www.immo-invest.ch\\\/fr\\\/categories\\\/regions\\\/suisse\\\/suisse-du-nord-ouest\\\/region-aarau\\\/#listItem\",\"position\":5,\"name\":\"Aargau\",\"item\":\"https:\\\/\\\/www.immo-invest.ch\\\/fr\\\/categories\\\/regions\\\/suisse\\\/suisse-du-nord-ouest\\\/region-aarau\\\/\",\"nextItem\":{\"@type\":\"ListItem\",\"@id\":\"https:\\\/\\\/www.immo-invest.ch\\\/fr\\\/erweiterung-der-grosssiedlung-webermuehle-in-neuenhof-geplant\\\/#listItem\",\"name\":\"Extension pr\\u00e9vue du grand lotissement Weberm\\u00fchle \\u00e0 Neuenhof\"},\"previousItem\":{\"@type\":\"ListItem\",\"@id\":\"https:\\\/\\\/www.immo-invest.ch\\\/fr\\\/categories\\\/regions\\\/suisse\\\/suisse-du-nord-ouest\\\/#listItem\",\"name\":\"Suisse du Nord-Ouest\"}},{\"@type\":\"ListItem\",\"@id\":\"https:\\\/\\\/www.immo-invest.ch\\\/fr\\\/erweiterung-der-grosssiedlung-webermuehle-in-neuenhof-geplant\\\/#listItem\",\"position\":6,\"name\":\"Extension pr\\u00e9vue du grand lotissement Weberm\\u00fchle \\u00e0 Neuenhof\",\"previousItem\":{\"@type\":\"ListItem\",\"@id\":\"https:\\\/\\\/www.immo-invest.ch\\\/fr\\\/categories\\\/regions\\\/suisse\\\/suisse-du-nord-ouest\\\/region-aarau\\\/#listItem\",\"name\":\"Aargau\"}}]},{\"@type\":\"Organization\",\"@id\":\"https:\\\/\\\/www.immo-invest.ch\\\/fr\\\/#organization\",\"name\":\"immo!nvest - Die Plattform f\\u00fcr Standorte und Immobilien\",\"description\":\"Die\\u00a0Plattform f\\u00fcr Standorte und Immobilien\",\"url\":\"https:\\\/\\\/www.immo-invest.ch\\\/fr\\\/\",\"email\":\"admin@immomedia.ag\",\"telephone\":\"+41444420002\",\"logo\":{\"@type\":\"ImageObject\",\"url\":\"https:\\\/\\\/www.immo-invest.ch\\\/wp-content\\\/uploads\\\/2024\\\/09\\\/immoinvest_sm-scaled.jpg\",\"@id\":\"https:\\\/\\\/www.immo-invest.ch\\\/fr\\\/erweiterung-der-grosssiedlung-webermuehle-in-neuenhof-geplant\\\/#organizationLogo\",\"width\":2560,\"height\":1340},\"image\":{\"@id\":\"https:\\\/\\\/www.immo-invest.ch\\\/fr\\\/erweiterung-der-grosssiedlung-webermuehle-in-neuenhof-geplant\\\/#organizationLogo\"},\"sameAs\":[\"https:\\\/\\\/www.facebook.com\\\/people\\\/Immoinvest\\\/100077962920504\\\/\",\"https:\\\/\\\/x.com\\\/i\\\/flow\\\/login?redirect_after_login=immoinvest_ch\",\"https:\\\/\\\/www.instagram.com\\\/immoinvest_ch\\\/\",\"https:\\\/\\\/www.linkedin.com\\\/company\\\/immoinvest-swiss\"]},{\"@type\":\"Person\",\"@id\":\"https:\\\/\\\/www.immo-invest.ch\\\/fr\\\/author\\\/immovestuser\\\/#author\",\"url\":\"https:\\\/\\\/www.immo-invest.ch\\\/fr\\\/author\\\/immovestuser\\\/\",\"name\":\"immovestuser\",\"image\":{\"@type\":\"ImageObject\",\"@id\":\"https:\\\/\\\/www.immo-invest.ch\\\/fr\\\/erweiterung-der-grosssiedlung-webermuehle-in-neuenhof-geplant\\\/#authorImage\",\"url\":\"https:\\\/\\\/secure.gravatar.com\\\/avatar\\\/8e01f4d99f2eeea7a362ebb93305e1172a70e9293ba250f897a65c39f54cdd1e?s=96&d=mm&r=g\",\"width\":96,\"height\":96,\"caption\":\"immovestuser\"}},{\"@type\":\"WebPage\",\"@id\":\"https:\\\/\\\/www.immo-invest.ch\\\/fr\\\/erweiterung-der-grosssiedlung-webermuehle-in-neuenhof-geplant\\\/#webpage\",\"url\":\"https:\\\/\\\/www.immo-invest.ch\\\/fr\\\/erweiterung-der-grosssiedlung-webermuehle-in-neuenhof-geplant\\\/\",\"name\":\"Extension pr\\u00e9vue du grand lotissement Weberm\\u00fchle \\u00e0 Neuenhof - immo!nvest - Die Plattform f\\u00fcr Standorte und Immobilien\",\"description\":\"La soci\\u00e9t\\u00e9 Altura RE AG souhaite s'associer \\u00e0 la commune de Neuendorf et \\u00e0 d'autres propri\\u00e9taires de parcelles du site de Weberm\\u00fchle pour d\\u00e9velopper la zone r\\u00e9sidentielle de Weberm\\u00fchle. Il s'agit d'\\u00e9tablir une passerelle vers le quartier de Klosterr\\u00fcti.\",\"inLanguage\":\"fr-FR\",\"isPartOf\":{\"@id\":\"https:\\\/\\\/www.immo-invest.ch\\\/fr\\\/#website\"},\"breadcrumb\":{\"@id\":\"https:\\\/\\\/www.immo-invest.ch\\\/fr\\\/erweiterung-der-grosssiedlung-webermuehle-in-neuenhof-geplant\\\/#breadcrumblist\"},\"author\":{\"@id\":\"https:\\\/\\\/www.immo-invest.ch\\\/fr\\\/author\\\/immovestuser\\\/#author\"},\"creator\":{\"@id\":\"https:\\\/\\\/www.immo-invest.ch\\\/fr\\\/author\\\/immovestuser\\\/#author\"},\"image\":{\"@type\":\"ImageObject\",\"url\":\"https:\\\/\\\/www.immo-invest.ch\\\/wp-content\\\/uploads\\\/2024\\\/03\\\/bauen_3.png\",\"@id\":\"https:\\\/\\\/www.immo-invest.ch\\\/fr\\\/erweiterung-der-grosssiedlung-webermuehle-in-neuenhof-geplant\\\/#mainImage\",\"width\":1191,\"height\":674},\"primaryImageOfPage\":{\"@id\":\"https:\\\/\\\/www.immo-invest.ch\\\/fr\\\/erweiterung-der-grosssiedlung-webermuehle-in-neuenhof-geplant\\\/#mainImage\"},\"datePublished\":\"2024-10-04T09:17:22+02:00\",\"dateModified\":\"2024-09-23T13:17:14+02:00\"},{\"@type\":\"WebSite\",\"@id\":\"https:\\\/\\\/www.immo-invest.ch\\\/fr\\\/#website\",\"url\":\"https:\\\/\\\/www.immo-invest.ch\\\/fr\\\/\",\"name\":\"immo!nvest - Die Plattform f\\u00fcr Standorte und Immobilien\",\"description\":\"Die\\u00a0Plattform f\\u00fcr Standorte und Immobilien\",\"inLanguage\":\"fr-FR\",\"publisher\":{\"@id\":\"https:\\\/\\\/www.immo-invest.ch\\\/fr\\\/#organization\"}}]}\n\t\t<\/script>\n\t\t<!-- All in One SEO -->\n\n","aioseo_head_json":{"title":"Extension pr\u00e9vue du grand lotissement Weberm\u00fchle \u00e0 Neuenhof - immo!nvest - Die Plattform f\u00fcr Standorte und Immobilien","description":"La soci\u00e9t\u00e9 Altura RE AG souhaite s'associer \u00e0 la commune de Neuendorf et \u00e0 d'autres propri\u00e9taires de parcelles du site de Weberm\u00fchle pour d\u00e9velopper la zone r\u00e9sidentielle de Weberm\u00fchle. Il s'agit d'\u00e9tablir une passerelle vers le quartier de Klosterr\u00fcti.","canonical_url":"https:\/\/www.immo-invest.ch\/fr\/erweiterung-der-grosssiedlung-webermuehle-in-neuenhof-geplant\/","robots":"max-image-preview:large","keywords":"","webmasterTools":{"google-site-verification":"fHJKvgWpZCR2zVBHWfkQeFXC11qieUSff0HGNYfuyLA","miscellaneous":""},"schema":{"@context":"https:\/\/schema.org","@graph":[{"@type":"BlogPosting","@id":"https:\/\/www.immo-invest.ch\/fr\/erweiterung-der-grosssiedlung-webermuehle-in-neuenhof-geplant\/#blogposting","name":"Extension pr\u00e9vue du grand lotissement Weberm\u00fchle \u00e0 Neuenhof - immo!nvest - Die Plattform f\u00fcr Standorte und Immobilien","headline":"Extension pr\u00e9vue du grand lotissement Weberm\u00fchle \u00e0 Neuenhof","author":{"@id":"https:\/\/www.immo-invest.ch\/fr\/author\/immovestuser\/#author"},"publisher":{"@id":"https:\/\/www.immo-invest.ch\/fr\/#organization"},"image":{"@type":"ImageObject","url":"https:\/\/www.immo-invest.ch\/wp-content\/uploads\/2024\/03\/bauen_3.png","width":1191,"height":674},"datePublished":"2024-10-04T09:17:22+02:00","dateModified":"2024-09-23T13:17:14+02:00","inLanguage":"fr-FR","mainEntityOfPage":{"@id":"https:\/\/www.immo-invest.ch\/fr\/erweiterung-der-grosssiedlung-webermuehle-in-neuenhof-geplant\/#webpage"},"isPartOf":{"@id":"https:\/\/www.immo-invest.ch\/fr\/erweiterung-der-grosssiedlung-webermuehle-in-neuenhof-geplant\/#webpage"},"articleSection":"Aargau, immoNews, Industrie du b\u00e2timent, Nouvelle construction, Facultatif"},{"@type":"BreadcrumbList","@id":"https:\/\/www.immo-invest.ch\/fr\/erweiterung-der-grosssiedlung-webermuehle-in-neuenhof-geplant\/#breadcrumblist","itemListElement":[{"@type":"ListItem","@id":"https:\/\/www.immo-invest.ch\/fr\/#listItem","position":1,"name":"Home","item":"https:\/\/www.immo-invest.ch\/fr\/","nextItem":{"@type":"ListItem","@id":"https:\/\/www.immo-invest.ch\/fr\/categories\/regions\/#listItem","name":"R\u00e9gions"}},{"@type":"ListItem","@id":"https:\/\/www.immo-invest.ch\/fr\/categories\/regions\/#listItem","position":2,"name":"R\u00e9gions","item":"https:\/\/www.immo-invest.ch\/fr\/categories\/regions\/","nextItem":{"@type":"ListItem","@id":"https:\/\/www.immo-invest.ch\/fr\/categories\/regions\/suisse\/#listItem","name":"Suisse"},"previousItem":{"@type":"ListItem","@id":"https:\/\/www.immo-invest.ch\/fr\/#listItem","name":"Home"}},{"@type":"ListItem","@id":"https:\/\/www.immo-invest.ch\/fr\/categories\/regions\/suisse\/#listItem","position":3,"name":"Suisse","item":"https:\/\/www.immo-invest.ch\/fr\/categories\/regions\/suisse\/","nextItem":{"@type":"ListItem","@id":"https:\/\/www.immo-invest.ch\/fr\/categories\/regions\/suisse\/suisse-du-nord-ouest\/#listItem","name":"Suisse du Nord-Ouest"},"previousItem":{"@type":"ListItem","@id":"https:\/\/www.immo-invest.ch\/fr\/categories\/regions\/#listItem","name":"R\u00e9gions"}},{"@type":"ListItem","@id":"https:\/\/www.immo-invest.ch\/fr\/categories\/regions\/suisse\/suisse-du-nord-ouest\/#listItem","position":4,"name":"Suisse du Nord-Ouest","item":"https:\/\/www.immo-invest.ch\/fr\/categories\/regions\/suisse\/suisse-du-nord-ouest\/","nextItem":{"@type":"ListItem","@id":"https:\/\/www.immo-invest.ch\/fr\/categories\/regions\/suisse\/suisse-du-nord-ouest\/region-aarau\/#listItem","name":"Aargau"},"previousItem":{"@type":"ListItem","@id":"https:\/\/www.immo-invest.ch\/fr\/categories\/regions\/suisse\/#listItem","name":"Suisse"}},{"@type":"ListItem","@id":"https:\/\/www.immo-invest.ch\/fr\/categories\/regions\/suisse\/suisse-du-nord-ouest\/region-aarau\/#listItem","position":5,"name":"Aargau","item":"https:\/\/www.immo-invest.ch\/fr\/categories\/regions\/suisse\/suisse-du-nord-ouest\/region-aarau\/","nextItem":{"@type":"ListItem","@id":"https:\/\/www.immo-invest.ch\/fr\/erweiterung-der-grosssiedlung-webermuehle-in-neuenhof-geplant\/#listItem","name":"Extension pr\u00e9vue du grand lotissement Weberm\u00fchle \u00e0 Neuenhof"},"previousItem":{"@type":"ListItem","@id":"https:\/\/www.immo-invest.ch\/fr\/categories\/regions\/suisse\/suisse-du-nord-ouest\/#listItem","name":"Suisse du Nord-Ouest"}},{"@type":"ListItem","@id":"https:\/\/www.immo-invest.ch\/fr\/erweiterung-der-grosssiedlung-webermuehle-in-neuenhof-geplant\/#listItem","position":6,"name":"Extension pr\u00e9vue du grand lotissement Weberm\u00fchle \u00e0 Neuenhof","previousItem":{"@type":"ListItem","@id":"https:\/\/www.immo-invest.ch\/fr\/categories\/regions\/suisse\/suisse-du-nord-ouest\/region-aarau\/#listItem","name":"Aargau"}}]},{"@type":"Organization","@id":"https:\/\/www.immo-invest.ch\/fr\/#organization","name":"immo!nvest - Die Plattform f\u00fcr Standorte und Immobilien","description":"Die\u00a0Plattform f\u00fcr Standorte und Immobilien","url":"https:\/\/www.immo-invest.ch\/fr\/","email":"admin@immomedia.ag","telephone":"+41444420002","logo":{"@type":"ImageObject","url":"https:\/\/www.immo-invest.ch\/wp-content\/uploads\/2024\/09\/immoinvest_sm-scaled.jpg","@id":"https:\/\/www.immo-invest.ch\/fr\/erweiterung-der-grosssiedlung-webermuehle-in-neuenhof-geplant\/#organizationLogo","width":2560,"height":1340},"image":{"@id":"https:\/\/www.immo-invest.ch\/fr\/erweiterung-der-grosssiedlung-webermuehle-in-neuenhof-geplant\/#organizationLogo"},"sameAs":["https:\/\/www.facebook.com\/people\/Immoinvest\/100077962920504\/","https:\/\/x.com\/i\/flow\/login?redirect_after_login=immoinvest_ch","https:\/\/www.instagram.com\/immoinvest_ch\/","https:\/\/www.linkedin.com\/company\/immoinvest-swiss"]},{"@type":"Person","@id":"https:\/\/www.immo-invest.ch\/fr\/author\/immovestuser\/#author","url":"https:\/\/www.immo-invest.ch\/fr\/author\/immovestuser\/","name":"immovestuser","image":{"@type":"ImageObject","@id":"https:\/\/www.immo-invest.ch\/fr\/erweiterung-der-grosssiedlung-webermuehle-in-neuenhof-geplant\/#authorImage","url":"https:\/\/secure.gravatar.com\/avatar\/8e01f4d99f2eeea7a362ebb93305e1172a70e9293ba250f897a65c39f54cdd1e?s=96&d=mm&r=g","width":96,"height":96,"caption":"immovestuser"}},{"@type":"WebPage","@id":"https:\/\/www.immo-invest.ch\/fr\/erweiterung-der-grosssiedlung-webermuehle-in-neuenhof-geplant\/#webpage","url":"https:\/\/www.immo-invest.ch\/fr\/erweiterung-der-grosssiedlung-webermuehle-in-neuenhof-geplant\/","name":"Extension pr\u00e9vue du grand lotissement Weberm\u00fchle \u00e0 Neuenhof - immo!nvest - Die Plattform f\u00fcr Standorte und Immobilien","description":"La soci\u00e9t\u00e9 Altura RE AG souhaite s'associer \u00e0 la commune de Neuendorf et \u00e0 d'autres propri\u00e9taires de parcelles du site de Weberm\u00fchle pour d\u00e9velopper la zone r\u00e9sidentielle de Weberm\u00fchle. Il s'agit d'\u00e9tablir une passerelle vers le quartier de Klosterr\u00fcti.","inLanguage":"fr-FR","isPartOf":{"@id":"https:\/\/www.immo-invest.ch\/fr\/#website"},"breadcrumb":{"@id":"https:\/\/www.immo-invest.ch\/fr\/erweiterung-der-grosssiedlung-webermuehle-in-neuenhof-geplant\/#breadcrumblist"},"author":{"@id":"https:\/\/www.immo-invest.ch\/fr\/author\/immovestuser\/#author"},"creator":{"@id":"https:\/\/www.immo-invest.ch\/fr\/author\/immovestuser\/#author"},"image":{"@type":"ImageObject","url":"https:\/\/www.immo-invest.ch\/wp-content\/uploads\/2024\/03\/bauen_3.png","@id":"https:\/\/www.immo-invest.ch\/fr\/erweiterung-der-grosssiedlung-webermuehle-in-neuenhof-geplant\/#mainImage","width":1191,"height":674},"primaryImageOfPage":{"@id":"https:\/\/www.immo-invest.ch\/fr\/erweiterung-der-grosssiedlung-webermuehle-in-neuenhof-geplant\/#mainImage"},"datePublished":"2024-10-04T09:17:22+02:00","dateModified":"2024-09-23T13:17:14+02:00"},{"@type":"WebSite","@id":"https:\/\/www.immo-invest.ch\/fr\/#website","url":"https:\/\/www.immo-invest.ch\/fr\/","name":"immo!nvest - Die Plattform f\u00fcr Standorte und Immobilien","description":"Die\u00a0Plattform f\u00fcr Standorte und Immobilien","inLanguage":"fr-FR","publisher":{"@id":"https:\/\/www.immo-invest.ch\/fr\/#organization"}}]},"og:locale":"fr_FR","og:site_name":"immo!nvest - Die Plattform f\u00fcr Standorte und Immobilien - Die\u00a0Plattform f\u00fcr Standorte und Immobilien","og:type":"article","og:title":"Extension pr\u00e9vue du grand lotissement Weberm\u00fchle \u00e0 Neuenhof - immo!nvest - Die Plattform f\u00fcr Standorte und Immobilien","og:description":"La soci\u00e9t\u00e9 Altura RE AG souhaite s'associer \u00e0 la commune de Neuendorf et \u00e0 d'autres propri\u00e9taires de parcelles du site de Weberm\u00fchle pour d\u00e9velopper la zone r\u00e9sidentielle de Weberm\u00fchle. Il s'agit d'\u00e9tablir une passerelle vers le quartier de Klosterr\u00fcti.","og:url":"https:\/\/www.immo-invest.ch\/fr\/erweiterung-der-grosssiedlung-webermuehle-in-neuenhof-geplant\/","og:image":"https:\/\/www.immo-invest.ch\/wp-content\/uploads\/2024\/03\/bauen_3.png","og:image:secure_url":"https:\/\/www.immo-invest.ch\/wp-content\/uploads\/2024\/03\/bauen_3.png","og:image:width":1191,"og:image:height":674,"article:published_time":"2024-10-04T07:17:22+00:00","article:modified_time":"2024-09-23T11:17:14+00:00","article:publisher":"https:\/\/www.facebook.com\/people\/Immoinvest\/100077962920504\/","twitter:card":"summary_large_image","twitter:site":"@i","twitter:title":"Extension pr\u00e9vue du grand lotissement Weberm\u00fchle \u00e0 Neuenhof - immo!nvest - Die Plattform f\u00fcr Standorte und Immobilien","twitter:description":"La soci\u00e9t\u00e9 Altura RE AG souhaite s'associer \u00e0 la commune de Neuendorf et \u00e0 d'autres propri\u00e9taires de parcelles du site de Weberm\u00fchle pour d\u00e9velopper la zone r\u00e9sidentielle de Weberm\u00fchle. Il s'agit d'\u00e9tablir une passerelle vers le quartier de Klosterr\u00fcti.","twitter:creator":"@i","twitter:image":"https:\/\/www.immo-invest.ch\/wp-content\/uploads\/2024\/03\/bauen_3.png"},"aioseo_meta_data":{"post_id":"114449","title":null,"description":null,"keywords":null,"keyphrases":{"focus":{"keyphrase":"","score":0,"analysis":{"keyphraseInTitle":{"score":0,"maxScore":9,"error":1}}},"additional":[]},"primary_term":null,"canonical_url":null,"og_title":null,"og_description":null,"og_object_type":"default","og_image_type":"default","og_image_url":null,"og_image_width":null,"og_image_height":null,"og_image_custom_url":null,"og_image_custom_fields":null,"og_video":"","og_custom_url":null,"og_article_section":null,"og_article_tags":null,"twitter_use_og":false,"twitter_card":"default","twitter_image_type":"default","twitter_image_url":null,"twitter_image_custom_url":null,"twitter_image_custom_fields":null,"twitter_title":null,"twitter_description":null,"schema":{"blockGraphs":[],"customGraphs":[],"default":{"data":{"Article":[],"Course":[],"Dataset":[],"FAQPage":[],"Movie":[],"Person":[],"Product":[],"ProductReview":[],"Car":[],"Recipe":[],"Service":[],"SoftwareApplication":[],"WebPage":[]},"graphName":"BlogPosting","isEnabled":true},"graphs":[]},"schema_type":"default","schema_type_options":null,"pillar_content":false,"robots_default":true,"robots_noindex":false,"robots_noarchive":false,"robots_nosnippet":false,"robots_nofollow":false,"robots_noimageindex":false,"robots_noodp":false,"robots_notranslate":false,"robots_max_snippet":"-1","robots_max_videopreview":"-1","robots_max_imagepreview":"large","priority":null,"frequency":"default","local_seo":null,"breadcrumb_settings":null,"limit_modified_date":false,"ai":null,"created":"2024-09-23 11:17:15","updated":"2025-10-24 09:49:13","seo_analyzer_scan_date":null,"focus_keyword":null,"additional_keywords":null,"truseo_locale":null},"aioseo_breadcrumb":"<div class=\"aioseo-breadcrumbs\"><span class=\"aioseo-breadcrumb\">\n\t\t\t<a href=\"https:\/\/www.immo-invest.ch\/fr\/\" title=\"Home\">Home<\/a>\n\t\t<\/span><span class=\"aioseo-breadcrumb-separator\">&raquo;<\/span><span class=\"aioseo-breadcrumb\">\n\t\t\t<a href=\"https:\/\/www.immo-invest.ch\/fr\/categories\/regions\/\" title=\"R\u00e9gions\">R\u00e9gions<\/a>\n\t\t<\/span><span class=\"aioseo-breadcrumb-separator\">&raquo;<\/span><span class=\"aioseo-breadcrumb\">\n\t\t\t<a href=\"https:\/\/www.immo-invest.ch\/fr\/categories\/regions\/suisse\/\" title=\"Suisse\">Suisse<\/a>\n\t\t<\/span><span class=\"aioseo-breadcrumb-separator\">&raquo;<\/span><span class=\"aioseo-breadcrumb\">\n\t\t\t<a href=\"https:\/\/www.immo-invest.ch\/fr\/categories\/regions\/suisse\/suisse-du-nord-ouest\/\" title=\"Suisse du Nord-Ouest\">Suisse du Nord-Ouest<\/a>\n\t\t<\/span><span class=\"aioseo-breadcrumb-separator\">&raquo;<\/span><span class=\"aioseo-breadcrumb\">\n\t\t\t<a href=\"https:\/\/www.immo-invest.ch\/fr\/categories\/regions\/suisse\/suisse-du-nord-ouest\/region-aarau\/\" title=\"Aargau\">Aargau<\/a>\n\t\t<\/span><span class=\"aioseo-breadcrumb-separator\">&raquo;<\/span><span class=\"aioseo-breadcrumb\">\n\t\t\tExtension pr\u00e9vue du grand lotissement Weberm\u00fchle \u00e0 Neuenhof\n\t\t<\/span><\/div>","aioseo_breadcrumb_json":[{"label":"Home","link":"https:\/\/www.immo-invest.ch\/fr\/"},{"label":"R\u00e9gions","link":"https:\/\/www.immo-invest.ch\/fr\/categories\/regions\/"},{"label":"Suisse","link":"https:\/\/www.immo-invest.ch\/fr\/categories\/regions\/suisse\/"},{"label":"Suisse du Nord-Ouest","link":"https:\/\/www.immo-invest.ch\/fr\/categories\/regions\/suisse\/suisse-du-nord-ouest\/"},{"label":"Aargau","link":"https:\/\/www.immo-invest.ch\/fr\/categories\/regions\/suisse\/suisse-du-nord-ouest\/region-aarau\/"},{"label":"Extension pr\u00e9vue du grand lotissement Weberm\u00fchle \u00e0 Neuenhof","link":"https:\/\/www.immo-invest.ch\/fr\/erweiterung-der-grosssiedlung-webermuehle-in-neuenhof-geplant\/"}],"featured_image_src":"https:\/\/www.immo-invest.ch\/wp-content\/uploads\/2024\/03\/bauen_3-336x168.png","_links":{"self":[{"href":"https:\/\/www.immo-invest.ch\/fr\/wp-json\/wp\/v2\/posts\/114449","targetHints":{"allow":["GET"]}}],"collection":[{"href":"https:\/\/www.immo-invest.ch\/fr\/wp-json\/wp\/v2\/posts"}],"about":[{"href":"https:\/\/www.immo-invest.ch\/fr\/wp-json\/wp\/v2\/types\/post"}],"author":[{"embeddable":true,"href":"https:\/\/www.immo-invest.ch\/fr\/wp-json\/wp\/v2\/users\/2"}],"replies":[{"embeddable":true,"href":"https:\/\/www.immo-invest.ch\/fr\/wp-json\/wp\/v2\/comments?post=114449"}],"version-history":[{"count":0,"href":"https:\/\/www.immo-invest.ch\/fr\/wp-json\/wp\/v2\/posts\/114449\/revisions"}],"wp:featuredmedia":[{"embeddable":true,"href":"https:\/\/www.immo-invest.ch\/fr\/wp-json\/wp\/v2\/media\/79869"}],"wp:attachment":[{"href":"https:\/\/www.immo-invest.ch\/fr\/wp-json\/wp\/v2\/media?parent=114449"}],"wp:term":[{"taxonomy":"category","embeddable":true,"href":"https:\/\/www.immo-invest.ch\/fr\/wp-json\/wp\/v2\/categories?post=114449"},{"taxonomy":"post_tag","embeddable":true,"href":"https:\/\/www.immo-invest.ch\/fr\/wp-json\/wp\/v2\/tags?post=114449"}],"curies":[{"name":"wp","href":"https:\/\/api.w.org\/{rel}","templated":true}]}}